{"id":419414,"date":"2023-06-21T11:52:09","date_gmt":"2023-06-21T14:52:09","guid":{"rendered":"https:\/\/www.suno.com.br\/noticias\/?p=419414"},"modified":"2023-06-21T11:52:15","modified_gmt":"2023-06-21T14:52:15","slug":"arcabouco-fiscal-cae-emendas-texto-senado","status":"publish","type":"post","link":"https:\/\/www.suno.com.br\/noticias\/arcabouco-fiscal-cae-emendas-texto-senado\/","title":{"rendered":"Arcabou\u00e7o Fiscal: CAE rejeita emendas, finaliza vota\u00e7\u00e3o e texto vai ao do Senado"},"content":{"rendered":"<p>A <a href=\"https:\/\/legis.senado.leg.br\/comissoes\/comissao?codcol=38\" target=\"_blank\" rel=\"noreferrer noopener\">Comiss\u00e3o de Assuntos Econ\u00f4micos (CAE)<\/a> do Senado rejeitou as emendas destacadas e finalizou sua vota\u00e7\u00e3o do <strong>arcabou\u00e7o fiscal<\/strong> no fim da manh\u00e3 desta quarta-feira (21).<\/p>\t<div class=\"wrapper-featured-image\">\n\t\t<figure class=\"spotlightImg\">\n\n\t\t\t<picture>\n\t\t\t\t<source media=\"(max-width: 768px)\" srcset=\"https:\/\/files.sunoresearch.com.br\/n\/uploads\/2022\/11\/senado-institucional-pec-transicao-foto-jefferson-rudy-agencia-senado-400x200.jpg\">\n\t\t\t\t<img loading=\"lazy\" decoding=\"async\" class=\"newsContent__article__imgCapa lazyloadDisabled \" src=\"https:\/\/files.sunoresearch.com.br\/n\/uploads\/2022\/11\/senado-institucional-pec-transicao-foto-jefferson-rudy-agencia-senado-800x450.jpg\" width=\"800\" height=\"450\" alt=\"Arcabou\u00e7o Fiscal: CAE rejeita emendas, finaliza vota\u00e7\u00e3o e texto vai ao do Senado\" fetchpriority=high \/>\n\t\t\t<\/picture>\n\n\t\t\t<figcaption class=\"wp-caption-text wp-caption-text--show\">Senado. Foto: Jefferson Rudy\/Ag\u00eancia Senado<\/figcaption>\n\t\t<\/figure>\n\t<\/div>\n\n\n\n\n\n\t<p>\n\t\t<a href=\"\" target=\"_blank\" data-element=\"shortcode-suno-banner\" title=\"Banner SUNO, clique e saiba mais\">\n\t\t\t<picture>\n\t\t\t\t<source media=\"(max-width: 500px)\" srcset=\"\">\n\t\t\t\t<img class=\"newsContent__article__imgCapa newsContent__article__imgCapa--banner\"\n\t\t\t\t\tsrc=\"\"\n\t\t\t\t\tdata-promo-id=\"240038\"\t\t\t\t\t\t\t\t\t\t\t\t\t\t\talt=\"\"\n\t\t\t\t>\n\t\t\t<\/picture>\n\t\t<\/a>\n\t<\/p>\n\n\n\n\n\n\n\n<p>A proposta acerca do Arcabou\u00e7o Fiscal ainda precisa passar pelo plen\u00e1rio da Casa e, se aprovada com altera\u00e7\u00f5es, volta para a C\u00e2mara.<\/p>\n\n\n\n<p>A expectativa \u00e9 que a vota\u00e7\u00e3o no plen\u00e1rio do <a href=\"https:\/\/www.suno.com.br\/noticias\/arcabouco-governo-pede-aprovacao-senadores-rapido-possivel-tebet\/\" target=\"_blank\" rel=\"noreferrer noopener\">Senado<\/a> ocorra ainda nesta quarta, conforme disse na ter\u00e7a-feira o presidente da Casa, <a href=\"https:\/\/www.suno.com.br\/noticias\/senado-pacheco-arcabouco-fiscal-votacao\/\" target=\"_blank\" rel=\"noreferrer noopener\">Rodrigo Pacheco (PSD-MG)<\/a>.<\/p>\n\n\n\n<p>Os senadores rejeitaram as duas emendas destacadas ao texto. Uma excluiria os gastos com piso da enfermagem do rol de despesas que est\u00e3o submetidas ao limite de gastos. <\/p>\n\n\n\n<p>A segunda estabelecia gatilhos de conten\u00e7\u00e3o de despesas que ser\u00e3o disparados quando a rela\u00e7\u00e3o d\u00edvida\/PIB ultrapassar 70%, o que teria efeitos j\u00e1 em 2024.<\/p>\n\n\n\n<p>Relator do projeto, o senador <a href=\"https:\/\/www.suno.com.br\/noticias\/cpi-covid-19-elege-omaraziz-presidente\/\" target=\"_blank\" rel=\"noreferrer noopener\">Omar Aziz (PSD-AM)<\/a> complementou seu voto nesta quarta, 21, para incluir uma emenda que torna mais natural a inclus\u00e3o de privatiza\u00e7\u00f5es e venda de ativos em programas de <a class=\"suno-keyword\" data-force=\"no\" data-priority=\"1\" href=\"https:\/\/www.suno.com.br\/artigos\/ajuste-fiscal\/\" target=\"_blank\" rel=\"noopener\">ajuste fiscal<\/a>. A medida, por\u00e9m, n\u00e3o traz nenhuma obriga\u00e7\u00e3o, apenas abre a possibilidade.<\/p>\n\n\n\n<p>Aziz j\u00e1 havia acatado outras emendas para retirar do limite de gastos o Fundo de Manuten\u00e7\u00e3o e Desenvolvimento da Educa\u00e7\u00e3o B\u00e1sica e de Valoriza\u00e7\u00e3o dos Profissionais da Educa\u00e7\u00e3o (Fundeb), o Fundo Constitucional do Distrito Federal (FCDF) e despesas com ci\u00eancia, tecnologia e inova\u00e7\u00e3o.<\/p>\n\n\n\n<p>Como o FCDF entrou na lista das exclus\u00f5es, Aziz acatou emendas para manter a sistem\u00e1tica de atualiza\u00e7\u00e3o do fundo como \u00e9 atualmente. <\/p>\n\n\n\n<p>Ele ainda acatou a sugest\u00e3o para a cria\u00e7\u00e3o de um Comit\u00ea de Moderniza\u00e7\u00e3o Fiscal, com a participa\u00e7\u00e3o dos minist\u00e9rios da Fazenda e Planejamento, <a href=\"https:\/\/www.suno.com.br\/noticias\/oi-oibr3-pedido-anatel-tcu\/\" target=\"_blank\" rel=\"noreferrer noopener\">Tribunal de Contas da Uni\u00e3o (TCU)<\/a> e representantes da C\u00e2mara e Senado.<\/p>\n\n\n\t<p>\n\t\t<a href=\"https:\/\/lp.suno.com.br\/ebook-gratuito-investindo-no-exterior\/\" target=\"_blank\" data-element=\"shortcode-suno-banner\" title=\"Banner SUNO, clique e saiba mais\">\n\t\t\t<picture>\n\t\t\t\t<source media=\"(max-width: 500px)\" srcset=\"https:\/\/files.sunoresearch.com.br\/n\/uploads\/2023\/03\/400x300-Investindo-no-exterior.png\">\n\t\t\t\t<img class=\"newsContent__article__imgCapa newsContent__article__imgCapa--banner\"\n\t\t\t\t\tsrc=\"https:\/\/files.sunoresearch.com.br\/n\/uploads\/2023\/03\/1420x240-Investindo-no-exterior.png\"\n\t\t\t\t\tdata-promo-id=\"383161\"\t\t\t\t\t\t\t\t\t\twidth='1420' height='240'\t\t\t\t\talt=\"https:\/\/files.sunoresearch.com.br\/n\/uploads\/2023\/03\/1420x240-Investindo-no-exterior.png\"\n\t\t\t\t>\n\t\t\t<\/picture>\n\t\t<\/a>\n\t<\/p>\n\n\n\n\n\n<p>Aziz desistiu de mudar o per\u00edodo de apura\u00e7\u00e3o da infla\u00e7\u00e3o. O texto enviado pela Fazenda considerava o per\u00edodo de janeiro a dezembro, usando o valor oficial da infla\u00e7\u00e3o de janeiro a junho de 2023 mais a proje\u00e7\u00e3o da infla\u00e7\u00e3o de julho at\u00e9 dezembro. <\/p>\n\n\n\n<p>Como h\u00e1 tend\u00eancia de acelera\u00e7\u00e3o neste ano, isso poderia aumentar o n\u00edvel de despesas em 2024.<\/p>\n\n\n\n<h2 class=\"wp-block-heading\">Arcabou\u00e7o Fiscal foi aprovado pela C\u00e2mara ainda em maio<\/h2>\n\n\n\n<p>Na C\u00e2mara, os deputados fixaram essa janela de julho a junho, retomando a atual regra e que, neste ciclo, seria menos favor\u00e1vel ao Poder Executivo. <\/p>\n\n\n\n<p>No Senado, foi cogitada a possibilidade de mudan\u00e7a do per\u00edodo para dezembro a novembro, porque permitiria a atualiza\u00e7\u00e3o com valores oficiais no teto da lei or\u00e7ament\u00e1ria, mas o presidente da C\u00e2mara, Arthur Lira (PP-AL), sinalizou que a Casa rejeitaria essa mudan\u00e7a.<\/p>\n\n\n\n<p>O <strong>arcabou\u00e7o fiscal<\/strong> foi enviado pela Fazenda ao Congresso em abril, e aprovado pela C\u00e2mara em maio. A proposta substitui o atual <a class=\"suno-keyword\" data-force=\"no\" data-priority=\"1\" href=\"https:\/\/www.suno.com.br\/artigos\/teto-de-gastos\/\" target=\"_blank\" rel=\"noopener\">teto de gastos<\/a>, com regras mais flex\u00edveis para as despesas do governo. Pelo projeto, os gastos s\u00f3 poder\u00e3o crescer em at\u00e9 70% do aumento da receita, dentro do intervalo de 0,6% a 2,5% acima da infla\u00e7\u00e3o. Ou seja, as despesas sempre crescer\u00e3o menos que as receitas, para evitar um descontrole das contas p\u00fablicas.<\/p>\n\n\n\n<p>Com Estad\u00e3o Conte\u00fado<\/p>\n\n\n\t<p>\n\t\t<a href=\"https:\/\/lp.suno.com.br\/suno-one\/?utm_campaign=_SNC6964518A_\" target=\"_blank\" data-element=\"shortcode-suno-banner\" title=\"Banner SUNO, clique e saiba mais\">\n\t\t\t<picture>\n\t\t\t\t<source media=\"(max-width: 500px)\" srcset=\"https:\/\/files.sunoresearch.com.br\/n\/uploads\/2025\/09\/400x300-Suno-One-png.webp\">\n\t\t\t\t<img class=\"newsContent__article__imgCapa newsContent__article__imgCapa--banner\"\n\t\t\t\t\tsrc=\"https:\/\/files.sunoresearch.com.br\/n\/uploads\/2025\/09\/1420x240-Suno-One-png.webp\"\n\t\t\t\t\tdata-promo-id=\"383121\"\t\t\t\t\t\t\t\t\t\twidth='1420' height='240'\t\t\t\t\talt=\"https:\/\/files.sunoresearch.com.br\/n\/uploads\/2025\/09\/1420x240-Suno-One-png.webp\"\n\t\t\t\t>\n\t\t\t<\/picture>\n\t\t<\/a>\n\t<\/p>\n\n\n","protected":false},"excerpt":{"rendered":"<p>A Comiss\u00e3o de Assuntos Econ\u00f4micos (CAE) do Senado rejeitou as emendas destacadas e finalizou sua vota\u00e7\u00e3o do arcabou\u00e7o fiscal no fim da manh\u00e3 desta quarta-feira (21). Senado. Foto: Jefferson Rudy\/Ag\u00eancia Senado A proposta acerca do Arcabou\u00e7o Fiscal ainda precisa passar pelo plen\u00e1rio da Casa e, se aprovada com altera\u00e7\u00f5es, volta para a C\u00e2mara. A expectativa [&hellip;]<\/p>\n","protected":false},"author":73,"featured_media":325483,"comment_status":"closed","ping_status":"closed","sticky":false,"template":"","format":"standard","meta":[],"categories":[61],"tags":[106444,1068],"suno_strategy":[],"class_list":["post-419414","post","type-post","status-publish","format-standard","has-post-thumbnail","hentry","category-politica","tag-agencias","tag-senado-federal"],"yoast_head":"<!-- This site is optimized with the Yoast SEO plugin v24.4 - https:\/\/yoast.com\/wordpress\/plugins\/seo\/ -->\n<title>Arcabou\u00e7o Fiscal: CAE rejeita emendas e texto vai ao do Senado<\/title>\n<meta name=\"description\" content=\"O arcabou\u00e7o fiscal foi enviado ao Congresso em abril, e aprovado pela C\u00e2mara em maio, sendo uma proposta que substitui o teto de gastos\" \/>\n<meta name=\"robots\" content=\"index, follow, max-snippet:-1, max-image-preview:large, max-video-preview:-1\" \/>\n<link rel=\"canonical\" href=\"https:\/\/www.suno.com.br\/noticias\/arcabouco-fiscal-cae-emendas-texto-senado\/\" \/>\n<meta property=\"og:locale\" content=\"pt_BR\" \/>\n<meta property=\"og:type\" content=\"article\" \/>\n<meta property=\"og:title\" content=\"Arcabou\u00e7o Fiscal: CAE rejeita emendas e texto vai ao do Senado\" \/>\n<meta property=\"og:description\" content=\"O arcabou\u00e7o fiscal foi enviado ao Congresso em abril, e aprovado pela C\u00e2mara em maio, sendo uma proposta que substitui o teto de gastos\" \/>\n<meta property=\"og:url\" content=\"https:\/\/www.suno.com.br\/noticias\/arcabouco-fiscal-cae-emendas-texto-senado\/\" \/>\n<meta property=\"og:site_name\" content=\"Suno Not\u00edcias\" \/>\n<meta property=\"article:publisher\" content=\"https:\/\/facebook.com\/sunoresearch\" \/>\n<meta property=\"og:image\" content=\"https:\/\/files.sunoresearch.com.br\/n\/uploads\/2022\/11\/senado-institucional-pec-transicao-foto-jefferson-rudy-agencia-senado.jpg\" \/>\n\t<meta property=\"og:image:width\" content=\"1200\" \/>\n\t<meta property=\"og:image:height\" content=\"675\" \/>\n\t<meta property=\"og:image:type\" content=\"image\/jpeg\" \/>\n<meta name=\"author\" content=\"Eduardo Vargas\" \/>\n<meta name=\"twitter:card\" content=\"summary_large_image\" \/>\n<meta name=\"twitter:creator\" content=\"@sunoresearch\" \/>\n<meta name=\"twitter:site\" content=\"@sunoresearch\" \/>\n<meta name=\"twitter:label1\" content=\"Escrito por\" \/>\n\t<meta name=\"twitter:data1\" content=\"Eduardo Vargas\" \/>\n\t<meta name=\"twitter:label2\" content=\"Est. tempo de leitura\" \/>\n\t<meta name=\"twitter:data2\" content=\"3 minutos\" \/>\n<script type=\"application\/ld+json\" class=\"yoast-schema-graph\">{\"@context\":\"https:\/\/schema.org\",\"@graph\":[{\"@type\":\"NewsArticle\",\"@id\":\"https:\/\/www.suno.com.br\/noticias\/arcabouco-fiscal-cae-emendas-texto-senado\/#article\",\"isPartOf\":{\"@id\":\"https:\/\/www.suno.com.br\/noticias\/arcabouco-fiscal-cae-emendas-texto-senado\/\"},\"author\":{\"name\":\"Eduardo Vargas\",\"@id\":\"https:\/\/www.suno.com.br\/noticias\/#\/schema\/person\/7f4d362bf3518e76090143ae77bb49a5\"},\"headline\":\"Arcabou\u00e7o Fiscal: CAE rejeita emendas, finaliza vota\u00e7\u00e3o e texto vai ao do Senado\",\"datePublished\":\"2023-06-21T14:52:09+00:00\",\"dateModified\":\"2023-06-21T14:52:15+00:00\",\"mainEntityOfPage\":{\"@id\":\"https:\/\/www.suno.com.br\/noticias\/arcabouco-fiscal-cae-emendas-texto-senado\/\"},\"wordCount\":565,\"publisher\":{\"@id\":\"https:\/\/www.suno.com.br\/noticias\/#organization\"},\"image\":{\"@id\":\"https:\/\/www.suno.com.br\/noticias\/arcabouco-fiscal-cae-emendas-texto-senado\/#primaryimage\"},\"thumbnailUrl\":\"https:\/\/files.sunoresearch.com.br\/n\/uploads\/2022\/11\/senado-institucional-pec-transicao-foto-jefferson-rudy-agencia-senado.jpg\",\"keywords\":[\"Ag\u00eancias\",\"Senado Federal\"],\"articleSection\":[\"Pol\u00edtica\"],\"inLanguage\":\"pt-BR\"},{\"@type\":\"WebPage\",\"@id\":\"https:\/\/www.suno.com.br\/noticias\/arcabouco-fiscal-cae-emendas-texto-senado\/\",\"url\":\"https:\/\/www.suno.com.br\/noticias\/arcabouco-fiscal-cae-emendas-texto-senado\/\",\"name\":\"Arcabou\u00e7o Fiscal: CAE rejeita emendas e texto vai ao do Senado\",\"isPartOf\":{\"@id\":\"https:\/\/www.suno.com.br\/noticias\/#website\"},\"primaryImageOfPage\":{\"@id\":\"https:\/\/www.suno.com.br\/noticias\/arcabouco-fiscal-cae-emendas-texto-senado\/#primaryimage\"},\"image\":{\"@id\":\"https:\/\/www.suno.com.br\/noticias\/arcabouco-fiscal-cae-emendas-texto-senado\/#primaryimage\"},\"thumbnailUrl\":\"https:\/\/files.sunoresearch.com.br\/n\/uploads\/2022\/11\/senado-institucional-pec-transicao-foto-jefferson-rudy-agencia-senado.jpg\",\"datePublished\":\"2023-06-21T14:52:09+00:00\",\"dateModified\":\"2023-06-21T14:52:15+00:00\",\"description\":\"O arcabou\u00e7o fiscal foi enviado ao Congresso em abril, e aprovado pela C\u00e2mara em maio, sendo uma proposta que substitui o teto de gastos\",\"breadcrumb\":{\"@id\":\"https:\/\/www.suno.com.br\/noticias\/arcabouco-fiscal-cae-emendas-texto-senado\/#breadcrumb\"},\"inLanguage\":\"pt-BR\",\"potentialAction\":[{\"@type\":\"ReadAction\",\"target\":[\"https:\/\/www.suno.com.br\/noticias\/arcabouco-fiscal-cae-emendas-texto-senado\/\"]}]},{\"@type\":\"ImageObject\",\"inLanguage\":\"pt-BR\",\"@id\":\"https:\/\/www.suno.com.br\/noticias\/arcabouco-fiscal-cae-emendas-texto-senado\/#primaryimage\",\"url\":\"https:\/\/files.sunoresearch.com.br\/n\/uploads\/2022\/11\/senado-institucional-pec-transicao-foto-jefferson-rudy-agencia-senado.jpg\",\"contentUrl\":\"https:\/\/files.sunoresearch.com.br\/n\/uploads\/2022\/11\/senado-institucional-pec-transicao-foto-jefferson-rudy-agencia-senado.jpg\",\"width\":1200,\"height\":675,\"caption\":\"Senado. Foto: Jefferson Rudy\/Ag\u00eancia Senado\"},{\"@type\":\"BreadcrumbList\",\"@id\":\"https:\/\/www.suno.com.br\/noticias\/arcabouco-fiscal-cae-emendas-texto-senado\/#breadcrumb\",\"itemListElement\":[{\"@type\":\"ListItem\",\"position\":1,\"name\":\"Not\u00edcias\",\"item\":\"https:\/\/www.suno.com.br\/noticias\/\"},{\"@type\":\"ListItem\",\"position\":2,\"name\":\"Pol\u00edtica\",\"item\":\"https:\/\/www.suno.com.br\/noticias\/politica\/\"},{\"@type\":\"ListItem\",\"position\":3,\"name\":\"Arcabou\u00e7o Fiscal: CAE rejeita emendas, finaliza vota\u00e7\u00e3o e texto vai ao do Senado\"}]},{\"@type\":\"WebSite\",\"@id\":\"https:\/\/www.suno.com.br\/noticias\/#website\",\"url\":\"https:\/\/www.suno.com.br\/noticias\/\",\"name\":\"Suno Not\u00edcias\",\"description\":\"Seu portal de informa\u00e7\u00e3o sobre o mundo dos investimentos\",\"publisher\":{\"@id\":\"https:\/\/www.suno.com.br\/noticias\/#organization\"},\"potentialAction\":[{\"@type\":\"SearchAction\",\"target\":{\"@type\":\"EntryPoint\",\"urlTemplate\":\"https:\/\/www.suno.com.br\/noticias\/?s={search_term_string}\"},\"query-input\":{\"@type\":\"PropertyValueSpecification\",\"valueRequired\":true,\"valueName\":\"search_term_string\"}}],\"inLanguage\":\"pt-BR\"},{\"@type\":\"Organization\",\"@id\":\"https:\/\/www.suno.com.br\/noticias\/#organization\",\"name\":\"Suno Not\u00edcias\",\"url\":\"https:\/\/www.suno.com.br\/noticias\/\",\"logo\":{\"@type\":\"ImageObject\",\"inLanguage\":\"pt-BR\",\"@id\":\"https:\/\/www.suno.com.br\/noticias\/#\/schema\/logo\/image\/\",\"url\":\"https:\/\/files.sunoresearch.com.br\/n\/uploads\/2021\/09\/suno-logo.png\",\"contentUrl\":\"https:\/\/files.sunoresearch.com.br\/n\/uploads\/2021\/09\/suno-logo.png\",\"width\":180,\"height\":180,\"caption\":\"Suno Not\u00edcias\"},\"image\":{\"@id\":\"https:\/\/www.suno.com.br\/noticias\/#\/schema\/logo\/image\/\"},\"sameAs\":[\"https:\/\/facebook.com\/sunoresearch\",\"https:\/\/x.com\/sunoresearch\",\"https:\/\/www.instagram.com\/suno\",\"https:\/\/www.linkedin.com\/company\/suno-research\/\",\"https:\/\/www.youtube.com\/c\/sunoresearch\"]},{\"@type\":\"Person\",\"@id\":\"https:\/\/www.suno.com.br\/noticias\/#\/schema\/person\/7f4d362bf3518e76090143ae77bb49a5\",\"name\":\"Eduardo Vargas\",\"image\":{\"@type\":\"ImageObject\",\"inLanguage\":\"pt-BR\",\"@id\":\"https:\/\/www.suno.com.br\/noticias\/#\/schema\/person\/image\/\",\"url\":\"https:\/\/secure.gravatar.com\/avatar\/dac340933427a22924c9f99d1eb2e3f2?s=96&r=g\",\"contentUrl\":\"https:\/\/secure.gravatar.com\/avatar\/dac340933427a22924c9f99d1eb2e3f2?s=96&r=g\",\"caption\":\"Eduardo Vargas\"},\"description\":\"Jornalista formado pela UFSC, cobre macroeconomia, neg\u00f3cios e startups para o Suno Not\u00edcias, escrevendo principalmente not\u00edcias sobre o mercado financeiro e a bolsa de valores. No YouTube e no Instagram, \u00e9 respons\u00e1vel pela produ\u00e7\u00e3o de Reels e Shorts do Suno Not\u00edcias. Anteriormente, trabalhou cobrindo economia e cotidiano no ND+ e para o ND, maior jornal impresso de Santa Catarina. Cursou um semestre letivo de Estudos de M\u00eddia na Universidad de Buenos Aires.\",\"url\":\"https:\/\/www.suno.com.br\/noticias\/author\/eduardo-vargas\/\"}]}<\/script>\n<!-- \/ Yoast SEO plugin. -->","yoast_head_json":{"title":"Arcabou\u00e7o Fiscal: CAE rejeita emendas e texto vai ao do Senado","description":"O arcabou\u00e7o fiscal foi enviado ao Congresso em abril, e aprovado pela C\u00e2mara em maio, sendo uma proposta que substitui o teto de gastos","robots":{"index":"index","follow":"follow","max-snippet":"max-snippet:-1","max-image-preview":"max-image-preview:large","max-video-preview":"max-video-preview:-1"},"canonical":"https:\/\/www.suno.com.br\/noticias\/arcabouco-fiscal-cae-emendas-texto-senado\/","og_locale":"pt_BR","og_type":"article","og_title":"Arcabou\u00e7o Fiscal: CAE rejeita emendas e texto vai ao do Senado","og_description":"O arcabou\u00e7o fiscal foi enviado ao Congresso em abril, e aprovado pela C\u00e2mara em maio, sendo uma proposta que substitui o teto de gastos","og_url":"https:\/\/www.suno.com.br\/noticias\/arcabouco-fiscal-cae-emendas-texto-senado\/","og_site_name":"Suno Not\u00edcias","article_publisher":"https:\/\/facebook.com\/sunoresearch","og_image":[{"width":1200,"height":675,"url":"https:\/\/files.sunoresearch.com.br\/n\/uploads\/2022\/11\/senado-institucional-pec-transicao-foto-jefferson-rudy-agencia-senado.jpg","type":"image\/jpeg"}],"author":"Eduardo Vargas","twitter_card":"summary_large_image","twitter_creator":"@sunoresearch","twitter_site":"@sunoresearch","twitter_misc":{"Escrito por":"Eduardo Vargas","Est. tempo de leitura":"3 minutos"},"schema":{"@context":"https:\/\/schema.org","@graph":[{"@type":"NewsArticle","@id":"https:\/\/www.suno.com.br\/noticias\/arcabouco-fiscal-cae-emendas-texto-senado\/#article","isPartOf":{"@id":"https:\/\/www.suno.com.br\/noticias\/arcabouco-fiscal-cae-emendas-texto-senado\/"},"author":{"name":"Eduardo Vargas","@id":"https:\/\/www.suno.com.br\/noticias\/#\/schema\/person\/7f4d362bf3518e76090143ae77bb49a5"},"headline":"Arcabou\u00e7o Fiscal: CAE rejeita emendas, finaliza vota\u00e7\u00e3o e texto vai ao do Senado","datePublished":"2023-06-21T14:52:09+00:00","dateModified":"2023-06-21T14:52:15+00:00","mainEntityOfPage":{"@id":"https:\/\/www.suno.com.br\/noticias\/arcabouco-fiscal-cae-emendas-texto-senado\/"},"wordCount":565,"publisher":{"@id":"https:\/\/www.suno.com.br\/noticias\/#organization"},"image":{"@id":"https:\/\/www.suno.com.br\/noticias\/arcabouco-fiscal-cae-emendas-texto-senado\/#primaryimage"},"thumbnailUrl":"https:\/\/files.sunoresearch.com.br\/n\/uploads\/2022\/11\/senado-institucional-pec-transicao-foto-jefferson-rudy-agencia-senado.jpg","keywords":["Ag\u00eancias","Senado Federal"],"articleSection":["Pol\u00edtica"],"inLanguage":"pt-BR"},{"@type":"WebPage","@id":"https:\/\/www.suno.com.br\/noticias\/arcabouco-fiscal-cae-emendas-texto-senado\/","url":"https:\/\/www.suno.com.br\/noticias\/arcabouco-fiscal-cae-emendas-texto-senado\/","name":"Arcabou\u00e7o Fiscal: CAE rejeita emendas e texto vai ao do Senado","isPartOf":{"@id":"https:\/\/www.suno.com.br\/noticias\/#website"},"primaryImageOfPage":{"@id":"https:\/\/www.suno.com.br\/noticias\/arcabouco-fiscal-cae-emendas-texto-senado\/#primaryimage"},"image":{"@id":"https:\/\/www.suno.com.br\/noticias\/arcabouco-fiscal-cae-emendas-texto-senado\/#primaryimage"},"thumbnailUrl":"https:\/\/files.sunoresearch.com.br\/n\/uploads\/2022\/11\/senado-institucional-pec-transicao-foto-jefferson-rudy-agencia-senado.jpg","datePublished":"2023-06-21T14:52:09+00:00","dateModified":"2023-06-21T14:52:15+00:00","description":"O arcabou\u00e7o fiscal foi enviado ao Congresso em abril, e aprovado pela C\u00e2mara em maio, sendo uma proposta que substitui o teto de gastos","breadcrumb":{"@id":"https:\/\/www.suno.com.br\/noticias\/arcabouco-fiscal-cae-emendas-texto-senado\/#breadcrumb"},"inLanguage":"pt-BR","potentialAction":[{"@type":"ReadAction","target":["https:\/\/www.suno.com.br\/noticias\/arcabouco-fiscal-cae-emendas-texto-senado\/"]}]},{"@type":"ImageObject","inLanguage":"pt-BR","@id":"https:\/\/www.suno.com.br\/noticias\/arcabouco-fiscal-cae-emendas-texto-senado\/#primaryimage","url":"https:\/\/files.sunoresearch.com.br\/n\/uploads\/2022\/11\/senado-institucional-pec-transicao-foto-jefferson-rudy-agencia-senado.jpg","contentUrl":"https:\/\/files.sunoresearch.com.br\/n\/uploads\/2022\/11\/senado-institucional-pec-transicao-foto-jefferson-rudy-agencia-senado.jpg","width":1200,"height":675,"caption":"Senado. Foto: Jefferson Rudy\/Ag\u00eancia Senado"},{"@type":"BreadcrumbList","@id":"https:\/\/www.suno.com.br\/noticias\/arcabouco-fiscal-cae-emendas-texto-senado\/#breadcrumb","itemListElement":[{"@type":"ListItem","position":1,"name":"Not\u00edcias","item":"https:\/\/www.suno.com.br\/noticias\/"},{"@type":"ListItem","position":2,"name":"Pol\u00edtica","item":"https:\/\/www.suno.com.br\/noticias\/politica\/"},{"@type":"ListItem","position":3,"name":"Arcabou\u00e7o Fiscal: CAE rejeita emendas, finaliza vota\u00e7\u00e3o e texto vai ao do Senado"}]},{"@type":"WebSite","@id":"https:\/\/www.suno.com.br\/noticias\/#website","url":"https:\/\/www.suno.com.br\/noticias\/","name":"Suno Not\u00edcias","description":"Seu portal de informa\u00e7\u00e3o sobre o mundo dos investimentos","publisher":{"@id":"https:\/\/www.suno.com.br\/noticias\/#organization"},"potentialAction":[{"@type":"SearchAction","target":{"@type":"EntryPoint","urlTemplate":"https:\/\/www.suno.com.br\/noticias\/?s={search_term_string}"},"query-input":{"@type":"PropertyValueSpecification","valueRequired":true,"valueName":"search_term_string"}}],"inLanguage":"pt-BR"},{"@type":"Organization","@id":"https:\/\/www.suno.com.br\/noticias\/#organization","name":"Suno Not\u00edcias","url":"https:\/\/www.suno.com.br\/noticias\/","logo":{"@type":"ImageObject","inLanguage":"pt-BR","@id":"https:\/\/www.suno.com.br\/noticias\/#\/schema\/logo\/image\/","url":"https:\/\/files.sunoresearch.com.br\/n\/uploads\/2021\/09\/suno-logo.png","contentUrl":"https:\/\/files.sunoresearch.com.br\/n\/uploads\/2021\/09\/suno-logo.png","width":180,"height":180,"caption":"Suno Not\u00edcias"},"image":{"@id":"https:\/\/www.suno.com.br\/noticias\/#\/schema\/logo\/image\/"},"sameAs":["https:\/\/facebook.com\/sunoresearch","https:\/\/x.com\/sunoresearch","https:\/\/www.instagram.com\/suno","https:\/\/www.linkedin.com\/company\/suno-research\/","https:\/\/www.youtube.com\/c\/sunoresearch"]},{"@type":"Person","@id":"https:\/\/www.suno.com.br\/noticias\/#\/schema\/person\/7f4d362bf3518e76090143ae77bb49a5","name":"Eduardo Vargas","image":{"@type":"ImageObject","inLanguage":"pt-BR","@id":"https:\/\/www.suno.com.br\/noticias\/#\/schema\/person\/image\/","url":"https:\/\/secure.gravatar.com\/avatar\/dac340933427a22924c9f99d1eb2e3f2?s=96&r=g","contentUrl":"https:\/\/secure.gravatar.com\/avatar\/dac340933427a22924c9f99d1eb2e3f2?s=96&r=g","caption":"Eduardo Vargas"},"description":"Jornalista formado pela UFSC, cobre macroeconomia, neg\u00f3cios e startups para o Suno Not\u00edcias, escrevendo principalmente not\u00edcias sobre o mercado financeiro e a bolsa de valores. No YouTube e no Instagram, \u00e9 respons\u00e1vel pela produ\u00e7\u00e3o de Reels e Shorts do Suno Not\u00edcias. Anteriormente, trabalhou cobrindo economia e cotidiano no ND+ e para o ND, maior jornal impresso de Santa Catarina. Cursou um semestre letivo de Estudos de M\u00eddia na Universidad de Buenos Aires.","url":"https:\/\/www.suno.com.br\/noticias\/author\/eduardo-vargas\/"}]}},"default_loop_html":"<div class=\"cardsPage__listCard__boxs\"><div class=\"cardsPage__listCard__boxs__img\"><a href=\"https:\/\/www.suno.com.br\/noticias\/arcabouco-fiscal-cae-emendas-texto-senado\/\"><img class=\"mask\" src=\"https:\/\/www.suno.com.br\/noticias\/wp-content\/themes\/suno\/resources\/images\/spotlight\/spotlight1img\/bg-mask.png\" alt=\"Image Mask\"\/><img src=\"https:\/\/files.sunoresearch.com.br\/n\/uploads\/2022\/11\/senado-institucional-pec-transicao-foto-jefferson-rudy-agencia-senado-400x200.jpg\" alt=\"Arcabou\u00e7o Fiscal: CAE rejeita emendas, finaliza vota\u00e7\u00e3o e texto vai ao do Senado\"\/><\/a><span class=\"spotlightCategory\"><a href=\"https:\/\/www.suno.com.br\/noticias\/politica\/\">Pol\u00edtica<\/a><\/span><\/div><div class=\"cardsPage__listCard__boxs__content\"><a href=\"https:\/\/www.suno.com.br\/noticias\/arcabouco-fiscal-cae-emendas-texto-senado\/\"><h2 class=\"content__title\">Arcabou\u00e7o Fiscal: CAE rejeita emendas, finaliza vota\u00e7\u00e3o e texto vai ao do Senado<\/h2><\/a><div class=\"newsContent__article__meta\"><div class=\"newsContent__article__meta__authorBox\"><a href=\"https:\/\/www.suno.com.br\/noticias\/author\/eduardo-vargas\/\" class=\"authorBox__avatar noMobi\"><img src=\"https:\/\/secure.gravatar.com\/avatar\/dac340933427a22924c9f99d1eb2e3f2?s=96&#038;r=g\" alt=\"Eduardo Vargas\"><\/a><div class=\"authorBox__name\"><span>por\n\t\t\t<a href=\"https:\/\/www.suno.com.br\/noticias\/author\/eduardo-vargas\/\"><span itemprop=\"author\">Eduardo Vargas<\/span><\/a><\/span><time datetime=\"2023-06-21T11:52:09-03:00\" itemprop=\"datePublished\">21\/06\/2023 11:52<\/time><\/div><\/div><\/div><\/div><\/div>","single_layout":"posts","amp_enabled":true,"_links":{"self":[{"href":"https:\/\/www.suno.com.br\/noticias\/wp-json\/wp\/v2\/posts\/419414"}],"collection":[{"href":"https:\/\/www.suno.com.br\/noticias\/wp-json\/wp\/v2\/posts"}],"about":[{"href":"https:\/\/www.suno.com.br\/noticias\/wp-json\/wp\/v2\/types\/post"}],"author":[{"embeddable":true,"href":"https:\/\/www.suno.com.br\/noticias\/wp-json\/wp\/v2\/users\/73"}],"replies":[{"embeddable":true,"href":"https:\/\/www.suno.com.br\/noticias\/wp-json\/wp\/v2\/comments?post=419414"}],"version-history":[{"count":3,"href":"https:\/\/www.suno.com.br\/noticias\/wp-json\/wp\/v2\/posts\/419414\/revisions"}],"predecessor-version":[{"id":419442,"href":"https:\/\/www.suno.com.br\/noticias\/wp-json\/wp\/v2\/posts\/419414\/revisions\/419442"}],"wp:featuredmedia":[{"embeddable":true,"href":"https:\/\/www.suno.com.br\/noticias\/wp-json\/wp\/v2\/media\/325483"}],"wp:attachment":[{"href":"https:\/\/www.suno.com.br\/noticias\/wp-json\/wp\/v2\/media?parent=419414"}],"wp:term":[{"taxonomy":"category","embeddable":true,"href":"https:\/\/www.suno.com.br\/noticias\/wp-json\/wp\/v2\/categories?post=419414"},{"taxonomy":"post_tag","embeddable":true,"href":"https:\/\/www.suno.com.br\/noticias\/wp-json\/wp\/v2\/tags?post=419414"},{"taxonomy":"suno_strategy","embeddable":true,"href":"https:\/\/www.suno.com.br\/noticias\/wp-json\/wp\/v2\/suno_strategy?post=419414"}],"curies":[{"name":"wp","href":"https:\/\/api.w.org\/{rel}","templated":true}]}}