{"id":419238,"date":"2023-06-21T11:47:22","date_gmt":"2023-06-21T14:47:22","guid":{"rendered":"https:\/\/www.suno.com.br\/noticias\/?p=419238"},"modified":"2023-06-21T11:47:30","modified_gmt":"2023-06-21T14:47:30","slug":"oi-oibr3-pedido-anatel-tcu","status":"publish","type":"post","link":"https:\/\/www.suno.com.br\/noticias\/oi-oibr3-pedido-anatel-tcu\/","title":{"rendered":"Oi (OIBR3): TCU vai interceder a pedido da Anatel no contrato de telefonia fixa da operadora"},"content":{"rendered":"<p>A Ag\u00eancia Nacional de Telecomunica\u00e7\u00f5es (Anatel) encaminhou ao Tribunal de Contas da Uni\u00e3o (TCU) um pedido para tentar resolver o n\u00f3 bilion\u00e1rio da concess\u00e3o de telefonia fixa da <strong>Oi (OIBR3) <\/strong>por meio de um acordo com a operadora. A medida foi aprovada pelos membros do conselho diretor na noite de segunda-feira (19).<\/p>\t<div class=\"wrapper-featured-image\">\n\t\t<figure class=\"spotlightImg\">\n\n\t\t\t<picture>\n\t\t\t\t<source media=\"(max-width: 768px)\" srcset=\"https:\/\/files.sunoresearch.com.br\/n\/uploads\/2023\/02\/oi-oibr3-dividas-intervencao-anatel-foto-divulgacao-400x200.jpg\">\n\t\t\t\t<img loading=\"lazy\" decoding=\"async\" class=\"newsContent__article__imgCapa lazyloadDisabled \" src=\"https:\/\/files.sunoresearch.com.br\/n\/uploads\/2023\/02\/oi-oibr3-dividas-intervencao-anatel-foto-divulgacao-800x450.jpg\" width=\"800\" height=\"450\" alt=\"Oi (OIBR3): TCU vai interceder a pedido da Anatel no contrato de telefonia fixa da operadora\" fetchpriority=high \/>\n\t\t\t<\/picture>\n\n\t\t\t<figcaption class=\"wp-caption-text wp-caption-text--show\">Oi (OIBR3). Foto: Divulga\u00e7\u00e3o.<\/figcaption>\n\t\t<\/figure>\n\t<\/div>\n\n\n\n\n\n\t<p>\n\t\t<a href=\"https:\/\/lp.suno.com.br\/planilha-da-vida-financeira\/\" target=\"_blank\" data-element=\"shortcode-suno-banner\" title=\"Banner SUNO, clique e saiba mais\">\n\t\t\t<picture>\n\t\t\t\t<source media=\"(max-width: 500px)\" srcset=\"https:\/\/files.sunoresearch.com.br\/n\/uploads\/2023\/04\/400x300-Planilha-vida-financeira-true.png\">\n\t\t\t\t<img class=\"newsContent__article__imgCapa newsContent__article__imgCapa--banner\"\n\t\t\t\t\tsrc=\"https:\/\/files.sunoresearch.com.br\/n\/uploads\/2023\/04\/1420x240-Planilha-vida-financeira-true.png\"\n\t\t\t\t\tdata-promo-id=\"106682\"\t\t\t\t\t\t\t\t\t\twidth='1420' height='240'\t\t\t\t\talt=\"https:\/\/files.sunoresearch.com.br\/n\/uploads\/2023\/04\/1420x240-Planilha-vida-financeira-true.png\"\n\t\t\t\t>\n\t\t\t<\/picture>\n\t\t<\/a>\n\t<\/p>\n\n\n\n\n\n<p>A resolu\u00e7\u00e3o de conflitos entre empresas e o poder p\u00fablico por meio de acordo \u00e9 uma nova abordagem possibilitada com a cria\u00e7\u00e3o da Secretaria de Controle Externo de Solu\u00e7\u00e3o Consensual e Preven\u00e7\u00e3o de Conflitos do <strong>TCU<\/strong>. A iniciativa, liderada pelo ministro Bruno Dantas, foi criada em janeiro desse ano. O primeiro acordo com apoio da Secret\u00e1ria foi homologado neste m\u00eas e envolveu usinas hidrel\u00e9tricas, a ag\u00eancia reguladora do setor e o Minist\u00e9rio de Minas e Energia.<\/p>\n\n\n\n<p>O caso da Oi \u00e9 o maior e mais complexo desse tipo de lit\u00edgio, mas essa pode ser a salva\u00e7\u00e3o para a telef\u00f4nica, que entrou em<strong> <a class=\"suno-keyword\" data-force=\"no\" data-priority=\"2\" href=\"https:\/\/www.suno.com.br\/artigos\/recuperacao-judicial\/\" target=\"_blank\" rel=\"noopener\">recupera\u00e7\u00e3o judicial<\/a><\/strong> pela segunda vez em mar\u00e7o, com d\u00edvidas de R$ 44,3 bilh\u00f5es. <\/p>\n\n\n\n<p>Para conseguir se restabelecer, a <a class=\"suno-keyword\" data-force=\"yes\" data-priority=\"2\" href=\"https:\/\/www.suno.com.br\/acoes\/OIBR3\/\" target=\"_blank\" rel=\"noopener\">Oi (<strong>OIBR3<\/strong>)<\/a> precisar\u00e1 lidar com o alto custo da concess\u00e3o de telefonia fixa, um servi\u00e7o obsoleto, mas que continuar\u00e1 exigindo investimentos na manuten\u00e7\u00e3o das redes at\u00e9 o final de 2025, quando o contrato de concess\u00e3o expira. Segundo a <strong>Anatel<\/strong>, a Oi gastou cerca de R$ 8 bilh\u00f5es em 2022 com a manuten\u00e7\u00e3o de orelh\u00f5es, centrais telef\u00f4nicas, redes pr\u00f3prias e de terceiros e call center, entre outros. Enquanto isso, a receita da \u00e1rea ficou abaixo de R$ 2 bilh\u00f5es.<\/p>\n\n\n\n<h2 class=\"wp-block-heading\">O conflito entre OI (OIBR3) e Anatel<\/h2>\n\n\n\n<p>No ano passado, a <strong>Oi <\/strong>(OIBR3) iniciou um processo de arbitragem contra a <strong>Anatel<\/strong>, exigindo uma compensa\u00e7\u00e3o pelos preju\u00edzos econ\u00f4micos causados pela concess\u00e3o. A operadora estima que tem a receber R$ 53 bilh\u00f5es, mas nesse montante est\u00e3o inclu\u00eddas reclama\u00e7\u00f5es antigas, que podem ser anuladas devido \u00e0 prescri\u00e7\u00e3o do prazo (os valores e prazos s\u00e3o incertos).<\/p>\n\n\n\n<p>Al\u00e9m disso, a Oi poderia migrar do regime de concess\u00e3o para o de autoriza\u00e7\u00e3o, o que a livraria dos pesados investimentos exigidos pelo contrato. No entanto, para isso, teria que pagar uma compensa\u00e7\u00e3o de pelo menos R$ 12 bilh\u00f5es ao governo federal. O valor est\u00e1 sendo revisado pela Anatel, mas uma vez definido, n\u00e3o poder\u00e1 ser contestado.<\/p>\n\n\n\n<p>&#8220;Havendo cr\u00e9dito e d\u00e9bito de ambas as partes, entendemos que \u00e9 conveniente buscar uma solu\u00e7\u00e3o de consenso aproveitando a nova estrutura no TCU&#8221;, afirmou ao Estad\u00e3o\/Broadcast o conselheiro da Anatel Artur Coimbra, porta-voz da ag\u00eancia sobre o tema. &#8220;Como j\u00e1 tiveram os primeiros acordos em outros setores, estamos otimistas, tamb\u00e9m vamos conseguir.&#8221;<\/p>\n\n\n\n<p>Com essa resolu\u00e7\u00e3o, a Anatel n\u00e3o precisar\u00e1 se preocupar com o fim da concess\u00e3o de telefonia fixa e com a busca de outras operadoras para o fornecimento do servi\u00e7o.<\/p>\n\n\n\n<p>Os <strong>conselheiros da Anatel<\/strong> acreditam ser poss\u00edvel chegar a um acordo ainda este ano. Uma vez que o pedido de concilia\u00e7\u00e3o seja aprovado pelo TCU, ser\u00e1 formada uma comiss\u00e3o composta por representantes do Tribunal (como mediador), al\u00e9m da Anatel, Oi, Minist\u00e9rio das Comunica\u00e7\u00f5es e Advocacia-Geral da Uni\u00e3o. A comiss\u00e3o ter\u00e1 90 dias para negociar um acordo, e o TCU ter\u00e1 30 dias para emitir um parecer.<\/p>\n\n\n\n<p>Se tudo correr bem, a Anatel seguir\u00e1 o mesmo processo com a Telef\u00f4nica (dona da Vivo), Claro (controladora da Embratel), Algar e Sercomtel, que tamb\u00e9m est\u00e3o buscando repara\u00e7\u00f5es por meio de arbitragem. &#8220;A partir do aprendizado do caso Oi, vamos dar andamento aos outros quatro casos mais rapidamente. V\u00e3o poder correr em paralelo&#8221;, afirmou Coimbra.<\/p>\n\n\n\t<p>\n\t\t<a href=\"https:\/\/lp.suno.com.br\/ebook-como-analisar-uma-acao\/\" target=\"_blank\" data-element=\"shortcode-suno-banner\" title=\"Banner SUNO, clique e saiba mais\">\n\t\t\t<picture>\n\t\t\t\t<source media=\"(max-width: 500px)\" srcset=\"https:\/\/files.sunoresearch.com.br\/n\/uploads\/2023\/03\/Ebook-Acoes-Mobile.jpg\">\n\t\t\t\t<img class=\"newsContent__article__imgCapa newsContent__article__imgCapa--banner\"\n\t\t\t\t\tsrc=\"https:\/\/files.sunoresearch.com.br\/n\/uploads\/2023\/03\/Ebook-Acoes-Desktop.jpg\"\n\t\t\t\t\tdata-promo-id=\"378302\"\t\t\t\t\t\t\t\t\t\twidth='1420' height='286'\t\t\t\t\talt=\"https:\/\/files.sunoresearch.com.br\/n\/uploads\/2023\/03\/Ebook-Acoes-Desktop.jpg\"\n\t\t\t\t>\n\t\t\t<\/picture>\n\t\t<\/a>\n\t<\/p>\n\n\n\n\n\n<h2 class=\"wp-block-heading\">Disputa de provedores de rede \u00f3ptica<\/h2>\n\n\n\n<p>Ap\u00f3s a divulga\u00e7\u00e3o da <a class=\"suno-keyword\" data-force=\"yes\" data-priority=\"2\" href=\"https:\/\/www.suno.com.br\/acoes\/OIBR3\/\" target=\"_blank\" rel=\"noopener\">Oi (OIBR3)<\/a> do seu novo <strong>plano de <a class=\"suno-keyword\" data-force=\"no\" data-priority=\"2\" href=\"https:\/\/www.suno.com.br\/artigos\/recuperacao-judicial\/\" target=\"_blank\" rel=\"noopener\">recupera\u00e7\u00e3o judicial<\/a><\/strong> que realizar\u00e1 mais uma rodada de venda de ativos, provedores regionais de internet manifestaram interesse em participar de uma futura aquisi\u00e7\u00e3o. Segundo as empresas, a participa\u00e7\u00e3o seria essencial para evitar uma concentra\u00e7\u00e3o do mercado de banda larga.<\/p>\n\n\n\n<p>O <strong>plano de recupera\u00e7\u00e3o judicial da Oi<\/strong> prev\u00ea a venda de dois grandes ativos:<\/p>\n\n\n\n<ul class=\"wp-block-list\">\n<li>A participa\u00e7\u00e3o de 34% da empresa na V.tal, uma empresa de redes neutras de fibra \u00f3ptica;<\/li>\n\n\n\n<li>A cria\u00e7\u00e3o de uma nova empresa, temporariamente chamada de ClientCo, que abrigar\u00e1 os 4 milh\u00f5es de clientes de banda larga da Oi Fibra.<\/li>\n<\/ul>\n\n\n\n<p>Carlos Eduardo Sedeh, presidente da <strong>Mega Telecom<\/strong>, afirmou que os provedores regionais ganharam for\u00e7a nos \u00faltimos anos e que j\u00e1 existem v\u00e1rias empresas com cerca de 1 milh\u00e3o de clientes ou mais.<\/p>\n\n\n\n<p>De acordo com Sedeh, isso capacita a empresa a come\u00e7ar a discutir uma eventual divis\u00e3o da Oi (OIBR3). <\/p>\n\n\n\n<p>&#8220;Queremos que isso (venda dos ativos da <strong>Oi (OIBR3)<\/strong> seja feito de forma clara e transparente. Que a gente possa participar desse processo em p\u00e9 de igualdade com as operadoras tradicionais.&#8221;<\/p>\n\n\n\n<p><em>Com informa\u00e7\u00f5es de Estad\u00e3o Conte\u00fado.<\/em><\/p>\n\n\n\t<p>\n\t\t<a href=\"https:\/\/lp.suno.com.br\/suno-one\/?utm_campaign=_SNC6964518A_\" target=\"_blank\" data-element=\"shortcode-suno-banner\" title=\"Banner SUNO, clique e saiba mais\">\n\t\t\t<picture>\n\t\t\t\t<source media=\"(max-width: 500px)\" srcset=\"https:\/\/files.sunoresearch.com.br\/n\/uploads\/2025\/09\/400x300-Suno-One-png.webp\">\n\t\t\t\t<img class=\"newsContent__article__imgCapa newsContent__article__imgCapa--banner\"\n\t\t\t\t\tsrc=\"https:\/\/files.sunoresearch.com.br\/n\/uploads\/2025\/09\/1420x240-Suno-One-png.webp\"\n\t\t\t\t\tdata-promo-id=\"383121\"\t\t\t\t\t\t\t\t\t\twidth='1420' height='240'\t\t\t\t\talt=\"https:\/\/files.sunoresearch.com.br\/n\/uploads\/2025\/09\/1420x240-Suno-One-png.webp\"\n\t\t\t\t>\n\t\t\t<\/picture>\n\t\t<\/a>\n\t<\/p>\n\n\n","protected":false},"excerpt":{"rendered":"<p>A Ag\u00eancia Nacional de Telecomunica\u00e7\u00f5es (Anatel) encaminhou ao Tribunal de Contas da Uni\u00e3o (TCU) um pedido para tentar resolver o n\u00f3 bilion\u00e1rio da concess\u00e3o de telefonia fixa da Oi (OIBR3) por meio de um acordo com a operadora. A medida foi aprovada pelos membros do conselho diretor na noite de segunda-feira (19). Oi (OIBR3). Foto: [&hellip;]<\/p>\n","protected":false},"author":283,"featured_media":357961,"comment_status":"closed","ping_status":"closed","sticky":false,"template":"","format":"standard","meta":[],"categories":[64],"tags":[584,314],"suno_strategy":[],"class_list":["post-419238","post","type-post","status-publish","format-standard","has-post-thumbnail","hentry","category-negocios","tag-oi-oibr3-oibr4","tag-recuperacao-judicial"],"yoast_head":"<!-- This site is optimized with the Yoast SEO plugin v24.4 - https:\/\/yoast.com\/wordpress\/plugins\/seo\/ -->\n<title>Oi (OIBR3): Anatel pede interfer\u00eancia do TCU no contrato de telefonia fixa<\/title>\n<meta name=\"description\" content=\"A Anatel encaminhou ao Tribunal de Contas da Uni\u00e3o (TCU) um pedido para tentar resolver a concess\u00e3o de telefonia fixa da Oi (OIBR3).\" \/>\n<meta name=\"robots\" content=\"index, follow, max-snippet:-1, max-image-preview:large, max-video-preview:-1\" \/>\n<link rel=\"canonical\" href=\"https:\/\/www.suno.com.br\/noticias\/oi-oibr3-pedido-anatel-tcu\/\" \/>\n<meta property=\"og:locale\" content=\"pt_BR\" \/>\n<meta property=\"og:type\" content=\"article\" \/>\n<meta property=\"og:title\" content=\"Oi (OIBR3): Anatel pede interfer\u00eancia do TCU no contrato de telefonia fixa\" \/>\n<meta property=\"og:description\" content=\"A Anatel encaminhou ao Tribunal de Contas da Uni\u00e3o (TCU) um pedido para tentar resolver a concess\u00e3o de telefonia fixa da Oi (OIBR3).\" \/>\n<meta property=\"og:url\" content=\"https:\/\/www.suno.com.br\/noticias\/oi-oibr3-pedido-anatel-tcu\/\" \/>\n<meta property=\"og:site_name\" content=\"Suno Not\u00edcias\" \/>\n<meta property=\"article:publisher\" content=\"https:\/\/facebook.com\/sunoresearch\" \/>\n<meta property=\"og:image\" content=\"https:\/\/files.sunoresearch.com.br\/n\/uploads\/2023\/02\/oi-oibr3-dividas-intervencao-anatel-foto-divulgacao.jpg\" \/>\n\t<meta property=\"og:image:width\" content=\"1200\" \/>\n\t<meta property=\"og:image:height\" content=\"675\" \/>\n\t<meta property=\"og:image:type\" content=\"image\/jpeg\" \/>\n<meta name=\"author\" content=\"Camila Paim\" \/>\n<meta name=\"twitter:card\" content=\"summary_large_image\" \/>\n<meta name=\"twitter:creator\" content=\"@sunoresearch\" \/>\n<meta name=\"twitter:site\" content=\"@sunoresearch\" \/>\n<meta name=\"twitter:label1\" content=\"Escrito por\" \/>\n\t<meta name=\"twitter:data1\" content=\"Camila Paim\" \/>\n\t<meta name=\"twitter:label2\" content=\"Est. tempo de leitura\" \/>\n\t<meta name=\"twitter:data2\" content=\"5 minutos\" \/>\n<script type=\"application\/ld+json\" class=\"yoast-schema-graph\">{\"@context\":\"https:\/\/schema.org\",\"@graph\":[{\"@type\":\"NewsArticle\",\"@id\":\"https:\/\/www.suno.com.br\/noticias\/oi-oibr3-pedido-anatel-tcu\/#article\",\"isPartOf\":{\"@id\":\"https:\/\/www.suno.com.br\/noticias\/oi-oibr3-pedido-anatel-tcu\/\"},\"author\":{\"name\":\"Camila Paim\",\"@id\":\"https:\/\/www.suno.com.br\/noticias\/#\/schema\/person\/f341d3ae5d1cc685176c9a5327cdfdbb\"},\"headline\":\"Oi (OIBR3): TCU vai interceder a pedido da Anatel no contrato de telefonia fixa da operadora\",\"datePublished\":\"2023-06-21T14:47:22+00:00\",\"dateModified\":\"2023-06-21T14:47:30+00:00\",\"mainEntityOfPage\":{\"@id\":\"https:\/\/www.suno.com.br\/noticias\/oi-oibr3-pedido-anatel-tcu\/\"},\"wordCount\":865,\"publisher\":{\"@id\":\"https:\/\/www.suno.com.br\/noticias\/#organization\"},\"image\":{\"@id\":\"https:\/\/www.suno.com.br\/noticias\/oi-oibr3-pedido-anatel-tcu\/#primaryimage\"},\"thumbnailUrl\":\"https:\/\/files.sunoresearch.com.br\/n\/uploads\/2023\/02\/oi-oibr3-dividas-intervencao-anatel-foto-divulgacao.jpg\",\"keywords\":[\"Oi (OIBR3\/OIBR4)\",\"recupera\u00e7\u00e3o judicial\"],\"articleSection\":[\"Neg\u00f3cios\"],\"inLanguage\":\"pt-BR\"},{\"@type\":\"WebPage\",\"@id\":\"https:\/\/www.suno.com.br\/noticias\/oi-oibr3-pedido-anatel-tcu\/\",\"url\":\"https:\/\/www.suno.com.br\/noticias\/oi-oibr3-pedido-anatel-tcu\/\",\"name\":\"Oi (OIBR3): Anatel pede interfer\u00eancia do TCU no contrato de telefonia fixa\",\"isPartOf\":{\"@id\":\"https:\/\/www.suno.com.br\/noticias\/#website\"},\"primaryImageOfPage\":{\"@id\":\"https:\/\/www.suno.com.br\/noticias\/oi-oibr3-pedido-anatel-tcu\/#primaryimage\"},\"image\":{\"@id\":\"https:\/\/www.suno.com.br\/noticias\/oi-oibr3-pedido-anatel-tcu\/#primaryimage\"},\"thumbnailUrl\":\"https:\/\/files.sunoresearch.com.br\/n\/uploads\/2023\/02\/oi-oibr3-dividas-intervencao-anatel-foto-divulgacao.jpg\",\"datePublished\":\"2023-06-21T14:47:22+00:00\",\"dateModified\":\"2023-06-21T14:47:30+00:00\",\"description\":\"A Anatel encaminhou ao Tribunal de Contas da Uni\u00e3o (TCU) um pedido para tentar resolver a concess\u00e3o de telefonia fixa da Oi (OIBR3).\",\"breadcrumb\":{\"@id\":\"https:\/\/www.suno.com.br\/noticias\/oi-oibr3-pedido-anatel-tcu\/#breadcrumb\"},\"inLanguage\":\"pt-BR\",\"potentialAction\":[{\"@type\":\"ReadAction\",\"target\":[\"https:\/\/www.suno.com.br\/noticias\/oi-oibr3-pedido-anatel-tcu\/\"]}]},{\"@type\":\"ImageObject\",\"inLanguage\":\"pt-BR\",\"@id\":\"https:\/\/www.suno.com.br\/noticias\/oi-oibr3-pedido-anatel-tcu\/#primaryimage\",\"url\":\"https:\/\/files.sunoresearch.com.br\/n\/uploads\/2023\/02\/oi-oibr3-dividas-intervencao-anatel-foto-divulgacao.jpg\",\"contentUrl\":\"https:\/\/files.sunoresearch.com.br\/n\/uploads\/2023\/02\/oi-oibr3-dividas-intervencao-anatel-foto-divulgacao.jpg\",\"width\":1200,\"height\":675,\"caption\":\"Oi (OIBR3). Foto: Divulga\u00e7\u00e3o.\"},{\"@type\":\"BreadcrumbList\",\"@id\":\"https:\/\/www.suno.com.br\/noticias\/oi-oibr3-pedido-anatel-tcu\/#breadcrumb\",\"itemListElement\":[{\"@type\":\"ListItem\",\"position\":1,\"name\":\"Not\u00edcias\",\"item\":\"https:\/\/www.suno.com.br\/noticias\/\"},{\"@type\":\"ListItem\",\"position\":2,\"name\":\"Neg\u00f3cios\",\"item\":\"https:\/\/www.suno.com.br\/noticias\/negocios\/\"},{\"@type\":\"ListItem\",\"position\":3,\"name\":\"Oi (OIBR3): TCU vai interceder a pedido da Anatel no contrato de telefonia fixa da operadora\"}]},{\"@type\":\"WebSite\",\"@id\":\"https:\/\/www.suno.com.br\/noticias\/#website\",\"url\":\"https:\/\/www.suno.com.br\/noticias\/\",\"name\":\"Suno Not\u00edcias\",\"description\":\"Seu portal de informa\u00e7\u00e3o sobre o mundo dos investimentos\",\"publisher\":{\"@id\":\"https:\/\/www.suno.com.br\/noticias\/#organization\"},\"potentialAction\":[{\"@type\":\"SearchAction\",\"target\":{\"@type\":\"EntryPoint\",\"urlTemplate\":\"https:\/\/www.suno.com.br\/noticias\/?s={search_term_string}\"},\"query-input\":{\"@type\":\"PropertyValueSpecification\",\"valueRequired\":true,\"valueName\":\"search_term_string\"}}],\"inLanguage\":\"pt-BR\"},{\"@type\":\"Organization\",\"@id\":\"https:\/\/www.suno.com.br\/noticias\/#organization\",\"name\":\"Suno Not\u00edcias\",\"url\":\"https:\/\/www.suno.com.br\/noticias\/\",\"logo\":{\"@type\":\"ImageObject\",\"inLanguage\":\"pt-BR\",\"@id\":\"https:\/\/www.suno.com.br\/noticias\/#\/schema\/logo\/image\/\",\"url\":\"https:\/\/files.sunoresearch.com.br\/n\/uploads\/2021\/09\/suno-logo.png\",\"contentUrl\":\"https:\/\/files.sunoresearch.com.br\/n\/uploads\/2021\/09\/suno-logo.png\",\"width\":180,\"height\":180,\"caption\":\"Suno Not\u00edcias\"},\"image\":{\"@id\":\"https:\/\/www.suno.com.br\/noticias\/#\/schema\/logo\/image\/\"},\"sameAs\":[\"https:\/\/facebook.com\/sunoresearch\",\"https:\/\/x.com\/sunoresearch\",\"https:\/\/www.instagram.com\/suno\",\"https:\/\/www.linkedin.com\/company\/suno-research\/\",\"https:\/\/www.youtube.com\/c\/sunoresearch\"]},{\"@type\":\"Person\",\"@id\":\"https:\/\/www.suno.com.br\/noticias\/#\/schema\/person\/f341d3ae5d1cc685176c9a5327cdfdbb\",\"name\":\"Camila Paim\",\"image\":{\"@type\":\"ImageObject\",\"inLanguage\":\"pt-BR\",\"@id\":\"https:\/\/www.suno.com.br\/noticias\/#\/schema\/person\/image\/\",\"url\":\"https:\/\/secure.gravatar.com\/avatar\/f33728e65febb1aa7ecf6792956f9b20?s=96&r=g\",\"contentUrl\":\"https:\/\/secure.gravatar.com\/avatar\/f33728e65febb1aa7ecf6792956f9b20?s=96&r=g\",\"caption\":\"Camila Paim\"},\"description\":\"Jornalista formada pela USP, tem experi\u00eancia em reda\u00e7\u00f5es, SEO, Branded Content e Webdesign. Com passagem pelo Jornal da USP, Empiricus e C6 Bank, hoje \u00e9 rep\u00f3rter no Suno Not\u00edcias cobrindo macroeconomia, finan\u00e7as pessoais e startups.\",\"url\":\"https:\/\/www.suno.com.br\/noticias\/author\/camila-figueiredosuno-com-br\/\"}]}<\/script>\n<!-- \/ Yoast SEO plugin. -->","yoast_head_json":{"title":"Oi (OIBR3): Anatel pede interfer\u00eancia do TCU no contrato de telefonia fixa","description":"A Anatel encaminhou ao Tribunal de Contas da Uni\u00e3o (TCU) um pedido para tentar resolver a concess\u00e3o de telefonia fixa da Oi (OIBR3).","robots":{"index":"index","follow":"follow","max-snippet":"max-snippet:-1","max-image-preview":"max-image-preview:large","max-video-preview":"max-video-preview:-1"},"canonical":"https:\/\/www.suno.com.br\/noticias\/oi-oibr3-pedido-anatel-tcu\/","og_locale":"pt_BR","og_type":"article","og_title":"Oi (OIBR3): Anatel pede interfer\u00eancia do TCU no contrato de telefonia fixa","og_description":"A Anatel encaminhou ao Tribunal de Contas da Uni\u00e3o (TCU) um pedido para tentar resolver a concess\u00e3o de telefonia fixa da Oi (OIBR3).","og_url":"https:\/\/www.suno.com.br\/noticias\/oi-oibr3-pedido-anatel-tcu\/","og_site_name":"Suno Not\u00edcias","article_publisher":"https:\/\/facebook.com\/sunoresearch","og_image":[{"width":1200,"height":675,"url":"https:\/\/files.sunoresearch.com.br\/n\/uploads\/2023\/02\/oi-oibr3-dividas-intervencao-anatel-foto-divulgacao.jpg","type":"image\/jpeg"}],"author":"Camila Paim","twitter_card":"summary_large_image","twitter_creator":"@sunoresearch","twitter_site":"@sunoresearch","twitter_misc":{"Escrito por":"Camila Paim","Est. tempo de leitura":"5 minutos"},"schema":{"@context":"https:\/\/schema.org","@graph":[{"@type":"NewsArticle","@id":"https:\/\/www.suno.com.br\/noticias\/oi-oibr3-pedido-anatel-tcu\/#article","isPartOf":{"@id":"https:\/\/www.suno.com.br\/noticias\/oi-oibr3-pedido-anatel-tcu\/"},"author":{"name":"Camila Paim","@id":"https:\/\/www.suno.com.br\/noticias\/#\/schema\/person\/f341d3ae5d1cc685176c9a5327cdfdbb"},"headline":"Oi (OIBR3): TCU vai interceder a pedido da Anatel no contrato de telefonia fixa da operadora","datePublished":"2023-06-21T14:47:22+00:00","dateModified":"2023-06-21T14:47:30+00:00","mainEntityOfPage":{"@id":"https:\/\/www.suno.com.br\/noticias\/oi-oibr3-pedido-anatel-tcu\/"},"wordCount":865,"publisher":{"@id":"https:\/\/www.suno.com.br\/noticias\/#organization"},"image":{"@id":"https:\/\/www.suno.com.br\/noticias\/oi-oibr3-pedido-anatel-tcu\/#primaryimage"},"thumbnailUrl":"https:\/\/files.sunoresearch.com.br\/n\/uploads\/2023\/02\/oi-oibr3-dividas-intervencao-anatel-foto-divulgacao.jpg","keywords":["Oi (OIBR3\/OIBR4)","recupera\u00e7\u00e3o judicial"],"articleSection":["Neg\u00f3cios"],"inLanguage":"pt-BR"},{"@type":"WebPage","@id":"https:\/\/www.suno.com.br\/noticias\/oi-oibr3-pedido-anatel-tcu\/","url":"https:\/\/www.suno.com.br\/noticias\/oi-oibr3-pedido-anatel-tcu\/","name":"Oi (OIBR3): Anatel pede interfer\u00eancia do TCU no contrato de telefonia fixa","isPartOf":{"@id":"https:\/\/www.suno.com.br\/noticias\/#website"},"primaryImageOfPage":{"@id":"https:\/\/www.suno.com.br\/noticias\/oi-oibr3-pedido-anatel-tcu\/#primaryimage"},"image":{"@id":"https:\/\/www.suno.com.br\/noticias\/oi-oibr3-pedido-anatel-tcu\/#primaryimage"},"thumbnailUrl":"https:\/\/files.sunoresearch.com.br\/n\/uploads\/2023\/02\/oi-oibr3-dividas-intervencao-anatel-foto-divulgacao.jpg","datePublished":"2023-06-21T14:47:22+00:00","dateModified":"2023-06-21T14:47:30+00:00","description":"A Anatel encaminhou ao Tribunal de Contas da Uni\u00e3o (TCU) um pedido para tentar resolver a concess\u00e3o de telefonia fixa da Oi (OIBR3).","breadcrumb":{"@id":"https:\/\/www.suno.com.br\/noticias\/oi-oibr3-pedido-anatel-tcu\/#breadcrumb"},"inLanguage":"pt-BR","potentialAction":[{"@type":"ReadAction","target":["https:\/\/www.suno.com.br\/noticias\/oi-oibr3-pedido-anatel-tcu\/"]}]},{"@type":"ImageObject","inLanguage":"pt-BR","@id":"https:\/\/www.suno.com.br\/noticias\/oi-oibr3-pedido-anatel-tcu\/#primaryimage","url":"https:\/\/files.sunoresearch.com.br\/n\/uploads\/2023\/02\/oi-oibr3-dividas-intervencao-anatel-foto-divulgacao.jpg","contentUrl":"https:\/\/files.sunoresearch.com.br\/n\/uploads\/2023\/02\/oi-oibr3-dividas-intervencao-anatel-foto-divulgacao.jpg","width":1200,"height":675,"caption":"Oi (OIBR3). Foto: Divulga\u00e7\u00e3o."},{"@type":"BreadcrumbList","@id":"https:\/\/www.suno.com.br\/noticias\/oi-oibr3-pedido-anatel-tcu\/#breadcrumb","itemListElement":[{"@type":"ListItem","position":1,"name":"Not\u00edcias","item":"https:\/\/www.suno.com.br\/noticias\/"},{"@type":"ListItem","position":2,"name":"Neg\u00f3cios","item":"https:\/\/www.suno.com.br\/noticias\/negocios\/"},{"@type":"ListItem","position":3,"name":"Oi (OIBR3): TCU vai interceder a pedido da Anatel no contrato de telefonia fixa da operadora"}]},{"@type":"WebSite","@id":"https:\/\/www.suno.com.br\/noticias\/#website","url":"https:\/\/www.suno.com.br\/noticias\/","name":"Suno Not\u00edcias","description":"Seu portal de informa\u00e7\u00e3o sobre o mundo dos investimentos","publisher":{"@id":"https:\/\/www.suno.com.br\/noticias\/#organization"},"potentialAction":[{"@type":"SearchAction","target":{"@type":"EntryPoint","urlTemplate":"https:\/\/www.suno.com.br\/noticias\/?s={search_term_string}"},"query-input":{"@type":"PropertyValueSpecification","valueRequired":true,"valueName":"search_term_string"}}],"inLanguage":"pt-BR"},{"@type":"Organization","@id":"https:\/\/www.suno.com.br\/noticias\/#organization","name":"Suno Not\u00edcias","url":"https:\/\/www.suno.com.br\/noticias\/","logo":{"@type":"ImageObject","inLanguage":"pt-BR","@id":"https:\/\/www.suno.com.br\/noticias\/#\/schema\/logo\/image\/","url":"https:\/\/files.sunoresearch.com.br\/n\/uploads\/2021\/09\/suno-logo.png","contentUrl":"https:\/\/files.sunoresearch.com.br\/n\/uploads\/2021\/09\/suno-logo.png","width":180,"height":180,"caption":"Suno Not\u00edcias"},"image":{"@id":"https:\/\/www.suno.com.br\/noticias\/#\/schema\/logo\/image\/"},"sameAs":["https:\/\/facebook.com\/sunoresearch","https:\/\/x.com\/sunoresearch","https:\/\/www.instagram.com\/suno","https:\/\/www.linkedin.com\/company\/suno-research\/","https:\/\/www.youtube.com\/c\/sunoresearch"]},{"@type":"Person","@id":"https:\/\/www.suno.com.br\/noticias\/#\/schema\/person\/f341d3ae5d1cc685176c9a5327cdfdbb","name":"Camila Paim","image":{"@type":"ImageObject","inLanguage":"pt-BR","@id":"https:\/\/www.suno.com.br\/noticias\/#\/schema\/person\/image\/","url":"https:\/\/secure.gravatar.com\/avatar\/f33728e65febb1aa7ecf6792956f9b20?s=96&r=g","contentUrl":"https:\/\/secure.gravatar.com\/avatar\/f33728e65febb1aa7ecf6792956f9b20?s=96&r=g","caption":"Camila Paim"},"description":"Jornalista formada pela USP, tem experi\u00eancia em reda\u00e7\u00f5es, SEO, Branded Content e Webdesign. Com passagem pelo Jornal da USP, Empiricus e C6 Bank, hoje \u00e9 rep\u00f3rter no Suno Not\u00edcias cobrindo macroeconomia, finan\u00e7as pessoais e startups.","url":"https:\/\/www.suno.com.br\/noticias\/author\/camila-figueiredosuno-com-br\/"}]}},"default_loop_html":"<div class=\"cardsPage__listCard__boxs\"><div class=\"cardsPage__listCard__boxs__img\"><a href=\"https:\/\/www.suno.com.br\/noticias\/oi-oibr3-pedido-anatel-tcu\/\"><img class=\"mask\" src=\"https:\/\/www.suno.com.br\/noticias\/wp-content\/themes\/suno\/resources\/images\/spotlight\/spotlight1img\/bg-mask.png\" alt=\"Image Mask\"\/><img src=\"https:\/\/files.sunoresearch.com.br\/n\/uploads\/2023\/02\/oi-oibr3-dividas-intervencao-anatel-foto-divulgacao-400x200.jpg\" alt=\"Oi (OIBR3): TCU vai interceder a pedido da Anatel no contrato de telefonia fixa da operadora\"\/><\/a><span class=\"spotlightCategory\"><a href=\"https:\/\/www.suno.com.br\/noticias\/negocios\/\">Neg\u00f3cios<\/a><\/span><\/div><div class=\"cardsPage__listCard__boxs__content\"><a href=\"https:\/\/www.suno.com.br\/noticias\/oi-oibr3-pedido-anatel-tcu\/\"><h2 class=\"content__title\">Oi (OIBR3): TCU vai interceder a pedido da Anatel no contrato de telefonia fixa da operadora<\/h2><\/a><div class=\"newsContent__article__meta\"><div class=\"newsContent__article__meta__authorBox\"><a href=\"https:\/\/www.suno.com.br\/noticias\/author\/camila-figueiredosuno-com-br\/\" class=\"authorBox__avatar noMobi\"><img src=\"https:\/\/files.sunoresearch.com.br\/n\/uploads\/2024\/05\/camila-paim-square-150x150.jpg\" alt=\"Camila Paim\"><\/a><div class=\"authorBox__name\"><span>por\n\t\t\t<a href=\"https:\/\/www.suno.com.br\/noticias\/author\/camila-figueiredosuno-com-br\/\"><span itemprop=\"author\">Camila Paim<\/span><\/a><\/span><time datetime=\"2023-06-21T11:47:22-03:00\" itemprop=\"datePublished\">21\/06\/2023 11:47<\/time><\/div><\/div><\/div><\/div><\/div>","single_layout":"posts","amp_enabled":true,"_links":{"self":[{"href":"https:\/\/www.suno.com.br\/noticias\/wp-json\/wp\/v2\/posts\/419238"}],"collection":[{"href":"https:\/\/www.suno.com.br\/noticias\/wp-json\/wp\/v2\/posts"}],"about":[{"href":"https:\/\/www.suno.com.br\/noticias\/wp-json\/wp\/v2\/types\/post"}],"author":[{"embeddable":true,"href":"https:\/\/www.suno.com.br\/noticias\/wp-json\/wp\/v2\/users\/283"}],"replies":[{"embeddable":true,"href":"https:\/\/www.suno.com.br\/noticias\/wp-json\/wp\/v2\/comments?post=419238"}],"version-history":[{"count":3,"href":"https:\/\/www.suno.com.br\/noticias\/wp-json\/wp\/v2\/posts\/419238\/revisions"}],"predecessor-version":[{"id":419436,"href":"https:\/\/www.suno.com.br\/noticias\/wp-json\/wp\/v2\/posts\/419238\/revisions\/419436"}],"wp:featuredmedia":[{"embeddable":true,"href":"https:\/\/www.suno.com.br\/noticias\/wp-json\/wp\/v2\/media\/357961"}],"wp:attachment":[{"href":"https:\/\/www.suno.com.br\/noticias\/wp-json\/wp\/v2\/media?parent=419238"}],"wp:term":[{"taxonomy":"category","embeddable":true,"href":"https:\/\/www.suno.com.br\/noticias\/wp-json\/wp\/v2\/categories?post=419238"},{"taxonomy":"post_tag","embeddable":true,"href":"https:\/\/www.suno.com.br\/noticias\/wp-json\/wp\/v2\/tags?post=419238"},{"taxonomy":"suno_strategy","embeddable":true,"href":"https:\/\/www.suno.com.br\/noticias\/wp-json\/wp\/v2\/suno_strategy?post=419238"}],"curies":[{"name":"wp","href":"https:\/\/api.w.org\/{rel}","templated":true}]}}