{"id":419204,"date":"2023-06-20T21:45:33","date_gmt":"2023-06-21T00:45:33","guid":{"rendered":"https:\/\/www.suno.com.br\/noticias\/?p=419204"},"modified":"2023-06-20T21:45:47","modified_gmt":"2023-06-21T00:45:47","slug":"radar-petrobras-petr4-cemig-cmig4-embraer-embr3","status":"publish","type":"post","link":"https:\/\/www.suno.com.br\/noticias\/radar-petrobras-petr4-cemig-cmig4-embraer-embr3\/","title":{"rendered":"Radar: ministro abre o jogo sobre dividendos da Petrobras (PETR4), Cemig (CMIG4) aprova JCP milion\u00e1rio e Embraer (EMBR3) lidera quedas no Ibovespa"},"content":{"rendered":"<p>O ministro da Casa Civil, Rui Costa, afirmou que a orienta\u00e7\u00e3o do governo para a<a href=\"https:\/\/www.suno.com.br\/acoes\/petr4\/?utm_source=telegram.sunoresearch\" target=\"_blank\" rel=\"noreferrer noopener\"><strong>&nbsp;Petrobras<\/strong>&nbsp;(PETR4)<\/a>&nbsp;mudou de forma a evitar a distribui\u00e7\u00e3o de recursos \u201ccomo se fosse o Papai Noel\u201d. A ordem agora, disse o ministro, \u00e9 reinvestir.<\/p>\t<div class=\"wrapper-featured-image\">\n\t\t<figure class=\"spotlightImg\">\n\n\t\t\t<picture>\n\t\t\t\t<source media=\"(max-width: 768px)\" srcset=\"https:\/\/files.sunoresearch.com.br\/n\/uploads\/2023\/05\/petrobras-petr4-brsr6-agenda-dividendos-maio-2023-400x200.jpg\">\n\t\t\t\t<img loading=\"lazy\" decoding=\"async\" class=\"newsContent__article__imgCapa lazyloadDisabled \" src=\"https:\/\/files.sunoresearch.com.br\/n\/uploads\/2023\/05\/petrobras-petr4-brsr6-agenda-dividendos-maio-2023-800x450.jpg\" width=\"800\" height=\"450\" alt=\"Radar: ministro abre o jogo sobre dividendos da Petrobras (PETR4), Cemig (CMIG4) aprova JCP milion\u00e1rio e Embraer (EMBR3) lidera quedas no Ibovespa\" fetchpriority=high \/>\n\t\t\t<\/picture>\n\n\t\t\t<figcaption class=\"wp-caption-text wp-caption-text--show\">Petrobras (PETR4). Foto: Ag\u00eancia Brasil<\/figcaption>\n\t\t<\/figure>\n\t<\/div>\n\n\n\n\n\n\t<p>\n\t\t<a href=\"https:\/\/lp.suno.com.br\/planilha-da-vida-financeira\/\" target=\"_blank\" data-element=\"shortcode-suno-banner\" title=\"Banner SUNO, clique e saiba mais\">\n\t\t\t<picture>\n\t\t\t\t<source media=\"(max-width: 500px)\" srcset=\"https:\/\/files.sunoresearch.com.br\/n\/uploads\/2023\/04\/400x300-Planilha-vida-financeira-true.png\">\n\t\t\t\t<img class=\"newsContent__article__imgCapa newsContent__article__imgCapa--banner\"\n\t\t\t\t\tsrc=\"https:\/\/files.sunoresearch.com.br\/n\/uploads\/2023\/04\/1420x240-Planilha-vida-financeira-true.png\"\n\t\t\t\t\tdata-promo-id=\"106682\"\t\t\t\t\t\t\t\t\t\twidth='1420' height='240'\t\t\t\t\talt=\"https:\/\/files.sunoresearch.com.br\/n\/uploads\/2023\/04\/1420x240-Planilha-vida-financeira-true.png\"\n\t\t\t\t>\n\t\t\t<\/picture>\n\t\t<\/a>\n\t<\/p>\n\n\n\n\n\n\n\n<p>\u201cNenhuma&nbsp;<a href=\"https:\/\/www.suno.com.br\/artigos\/iniciativa-privada\/?utm_source=telegram.sunoresearch\" target=\"_blank\" rel=\"noreferrer noopener\">empresa privada<\/a>&nbsp;do mundo, de setor nenhum, distribui um montante desse de&nbsp;<strong>dividendos<\/strong>. As empresas, em geral, boa parte do resultado \u00e9 reinvestido para que a empresa continue refer\u00eancia no setor que atua\u201d, declarou em almo\u00e7o organizado pela Frente Parlamentar do Empreendedorismo (FPE). \u201cForma de distribui\u00e7\u00e3o de dividendos \u00e9 um desservi\u00e7o \u00e0 Petrobras, \u00e0 na\u00e7\u00e3o.\u201d<\/p>\n\n\n\n<p>E disse o ministro: \u201cA orienta\u00e7\u00e3o mudou. A Petrobras vai investir para gerar empregos, se fortalecer e continuar sendo&nbsp;<strong>empresa de energia<\/strong>.\u201d<\/p>\n\n\n\n<p>Al\u00e9m de Petrobras, confira outros destaques desta ter\u00e7a-feira:<\/p>\n\n\n\n<h2 class=\"wp-block-heading\">Cemig (CMIG4) anuncia novo pagamento de JCP milion\u00e1rio; Veja o valor<\/h2>\n\n\n\n<ul class=\"wp-block-list\">\n<li>A diretoria executiva da&nbsp;<strong>Cemig<\/strong>&nbsp;(<a href=\"https:\/\/www.suno.com.br\/acoes\/cmig4\/?utm_source=telegram.sunoresearch\" target=\"_blank\" rel=\"noreferrer noopener\">CMIG4<\/a>) deliberou pela declara\u00e7\u00e3o de&nbsp;<a href=\"https:\/\/www.suno.com.br\/artigos\/entenda-o-jcp\/?utm_source=telegram.sunoresearch\" target=\"_blank\" rel=\"noreferrer noopener\">juros sobre capital pr\u00f3prio<\/a>&nbsp;(JCP) no valor bruto total de R$ 426,698 milh\u00f5es, conforme comunicado pela empresa nesta ter\u00e7a-feira (20).<\/li>\n<\/ul>\n\n\n\n<ul class=\"wp-block-list\">\n<li>A partir desse montante, os&nbsp;<strong>proventos de Cemig<\/strong>&nbsp;ter\u00e3o o valor bruto de R$ 0,19390740496 por a\u00e7\u00e3o, que ser\u00e1 compensado com o dividendo m\u00ednimo obrigat\u00f3rio do exerc\u00edcio de 2023.<\/li>\n<\/ul>\n\n\n\n<ul class=\"wp-block-list\">\n<li>Sobre o valor bruto dos&nbsp;<strong>JCP da Cemig<\/strong>, haver\u00e1 a reten\u00e7\u00e3o de 15% de imposto de renda na fonte, com ressalva aos acionistas dispensados dessa tributa\u00e7\u00e3o, conforme os termos da legisla\u00e7\u00e3o em vigor.<\/li>\n<\/ul>\n\n\n\n<ul class=\"wp-block-list\">\n<li>O pagamento de juros sobre capital pr\u00f3prio da empresa ser\u00e1 realizado em duas parcelas. A primeira delas ser\u00e1 distribu\u00edda aos investidores aptos a receber no dia 30 de junho de 2024, enquanto a segunda vai ser paga no dia 30 de dezembro do pr\u00f3ximo ano.<\/li>\n<\/ul>\n\n\n\n<ul class=\"wp-block-list\">\n<li>Os investidores que ter\u00e3o direito a receber os proventos da Cemig s\u00e3o aqueles que estiverem posicionados nas a\u00e7\u00f5es da companhia at\u00e9 o final da sess\u00e3o de 23 de junho de 2023.<\/li>\n<\/ul>\n\n\n\n<ul class=\"wp-block-list\">\n<li>Sendo assim, a partir da sess\u00e3o seguinte, no dia 26, as a\u00e7\u00f5es v\u00e3o ser negociadas sem direito ao recebimento dos&nbsp;<strong>juros sobre capital pr\u00f3prio da Cemig<\/strong>.<\/li>\n<\/ul>\n\n\n\n<ul class=\"wp-block-list\">\n<li>No caso dos acionistas com a\u00e7\u00f5es que n\u00e3o estejam custodiadas na Companhia Brasileira de Liquida\u00e7\u00e3o e Cust\u00f3dia (CBLC) e cujos dados cadastrais estejam desatualizados, a empresa recomenda que esses acionistas compare\u00e7am a uma ag\u00eancia do&nbsp;<a href=\"https:\/\/www.suno.com.br\/acoes\/ITUB4\/?utm_source=telegram.sunoresearch\" target=\"_blank\" rel=\"noreferrer noopener\">Ita\u00fa Unibanco (ITUB4)<\/a>.<\/li>\n<\/ul>\n\n\n\n<ul class=\"wp-block-list\">\n<li>O Ita\u00fa \u00e9 a institui\u00e7\u00e3o financeira que administra o Sistema de&nbsp;<a href=\"https:\/\/www.suno.com.br\/artigos\/acoes-nominativas\/?utm_source=telegram.sunoresearch\" target=\"_blank\" rel=\"noreferrer noopener\">A\u00e7\u00f5es Nominativas<\/a>&nbsp;Registradas da Cemig. Assim, os investidores com as caracter\u00edsticas citadas, dever\u00e3o comparecer \u00e0 ag\u00eancia com seus documentos pessoais para que a atualiza\u00e7\u00e3o seja realizada.<\/li>\n<\/ul>\n\n\n\n<h2 class=\"wp-block-heading\"><a><\/a>JCP da Cemig<\/h2>\n\n\n\n<ul class=\"wp-block-list\">\n<li>Valor bruto: R$ 426.698.000,00<\/li>\n\n\n\n<li>Valor l\u00edquido por a\u00e7\u00e3o: R$ 0,19390740496<\/li>\n\n\n\n<li>Data de corte: 23 de junho de 2023<\/li>\n\n\n\n<li>Data do pagamento: 30 de junho de 2024 e 30 de dezembro de 2024<\/li>\n<\/ul>\n\n\n\n<h2 class=\"wp-block-heading\">Embraer (EMBR3): an\u00fancios n\u00e3o animam analistas e a\u00e7\u00f5es lideram quedas no Ibovespa; veja por qu\u00ea<\/h2>\n\n\n\n<ul class=\"wp-block-list\">\n<li>Em relat\u00f3rio divulgado nesta ter\u00e7a-feira (20), analistas do&nbsp;<a href=\"https:\/\/www.suno.com.br\/acoes\/bpac11\/?utm_source=telegram.sunoresearch\">BTG Pactual (BPAC11)<\/a>&nbsp;avaliaram os an\u00fancios feitos pela&nbsp;<a href=\"https:\/\/www.suno.com.br\/acoes\/embr3\/?utm_source=telegram.sunoresearch\"><strong>Embraer<\/strong>&nbsp;(EMBR3)<\/a>&nbsp;durante o Paris Airshow, um dos maiores eventos da ind\u00fastria de avia\u00e7\u00e3o.<\/li>\n<\/ul>\n\n\n\n<ul class=\"wp-block-list\">\n<li>As novidades anunciadas pela<strong>&nbsp;fabricante de avi\u00f5es<\/strong>&nbsp;focaram no segmento de mobilidade a\u00e9rea, com a Eve, subsidi\u00e1ria da companhia, compartilhando as principais atualiza\u00e7\u00f5es dos fornecedores. Al\u00e9m disso, na \u00faltima sexta-feira (16), a Embraer mencionou entregas importantes na divis\u00e3o de Defesa, como a da 6\u00aa aeronave C-390 para a For\u00e7a A\u00e9rea Brasileira (FAB).<\/li>\n<\/ul>\n\n\n\n<ul class=\"wp-block-list\">\n<li>\u201cNenhum an\u00fancio foi feito sobre a avia\u00e7\u00e3o comercial at\u00e9 agora, mas esperamos ouvir mais ao longo da semana\u201d, disseram os analistas Lucas Marquiori e Fernanda Recchia.<\/li>\n<\/ul>\n\n\n\n<ul class=\"wp-block-list\">\n<li>Ao mesmo tempo, a IndiGo, maior companhia a\u00e9rea da \u00cdndia em termos de participa\u00e7\u00e3o de mercado, fez um pedido de 500 aeronaves da fam\u00edlia A320 \u00e0&nbsp;<strong>rival da Embraer<\/strong>, a&nbsp;<strong>Airbus<\/strong>, estabelecendo um recorde para o maior contrato de compra individual na hist\u00f3ria da avia\u00e7\u00e3o comercial.<\/li>\n<\/ul>\n\n\n\n<ul class=\"wp-block-list\">\n<li>Este \u00faltimo acordo eleva o n\u00famero total de aeronaves Airbus encomendadas pela IndiGo para 1.330, solidificando sua posi\u00e7\u00e3o como o maior cliente mundial da fam\u00edlia A320.<\/li>\n<\/ul>\n\n\n\n<ul class=\"wp-block-list\">\n<li>\u201cVale ressaltar que o ERJ da Embraer participa ativamente de campanhas comerciais no pa\u00eds. Enquanto aguardamos novos grandes an\u00fancios na avia\u00e7\u00e3o comercial, vemos o Paris Airshow como um evento positivo para o ERJ\u201d, acrescentaram os analistas.<\/li>\n<\/ul>\n\n\n\n<ul class=\"wp-block-list\">\n<li>O BTG Pactual tem recomenda\u00e7\u00e3o de compra para as a\u00e7\u00f5es da Embraer, com pre\u00e7o-alvo em R$ 19.<\/li>\n<\/ul>\n\n\n\t<p>\n\t\t<a href=\"https:\/\/lp.suno.com.br\/ebook-como-analisar-uma-acao\/\" target=\"_blank\" data-element=\"shortcode-suno-banner\" title=\"Banner SUNO, clique e saiba mais\">\n\t\t\t<picture>\n\t\t\t\t<source media=\"(max-width: 500px)\" srcset=\"https:\/\/files.sunoresearch.com.br\/n\/uploads\/2023\/03\/Ebook-Acoes-Mobile.jpg\">\n\t\t\t\t<img class=\"newsContent__article__imgCapa newsContent__article__imgCapa--banner\"\n\t\t\t\t\tsrc=\"https:\/\/files.sunoresearch.com.br\/n\/uploads\/2023\/03\/Ebook-Acoes-Desktop.jpg\"\n\t\t\t\t\tdata-promo-id=\"378302\"\t\t\t\t\t\t\t\t\t\twidth='1420' height='286'\t\t\t\t\talt=\"https:\/\/files.sunoresearch.com.br\/n\/uploads\/2023\/03\/Ebook-Acoes-Desktop.jpg\"\n\t\t\t\t>\n\t\t\t<\/picture>\n\t\t<\/a>\n\t<\/p>\n\n\n\n\n\n<h2 class=\"wp-block-heading\">Weg (WEGE3) aprova pagamento milion\u00e1rio de JCP; confira o valor por a\u00e7\u00e3o<\/h2>\n\n\n\n<ul class=\"wp-block-list\">\n<li>O&nbsp;<a href=\"https:\/\/www.suno.com.br\/artigos\/conselho-administracao\/?utm_source=telegram.sunoresearch\" target=\"_blank\" rel=\"noreferrer noopener\">conselho de administra\u00e7\u00e3o<\/a>&nbsp;da&nbsp;<strong>Weg<\/strong>&nbsp;(WEGE3) aprovou a declara\u00e7\u00e3o de&nbsp;<a href=\"https:\/\/www.suno.com.br\/artigos\/entenda-o-jcp\/?utm_source=telegram.sunoresearch\" target=\"_blank\" rel=\"noreferrer noopener\">juros sobre capital pr\u00f3prio<\/a>&nbsp;(JCP) no valor total de R$ 244,61 milh\u00f5es, conforme comunicado pela empresa nesta ter\u00e7a-feira (20).<\/li>\n<\/ul>\n\n\n\n<ul class=\"wp-block-list\">\n<li>Os&nbsp;<strong>JCP da Weg<\/strong>&nbsp;correspondem a R$ 0,058294118 por a\u00e7\u00e3o. J\u00e1 deduzido o imposto de renda na fonte de 15%, os proventos ter\u00e3o o valor l\u00edquido de R$ 0,04955 por a\u00e7\u00e3o.<\/li>\n<\/ul>\n\n\n\n<ul class=\"wp-block-list\">\n<li>O pagamento dos juros sobre&nbsp;<a href=\"https:\/\/www.suno.com.br\/artigos\/capital-proprio\/?utm_source=telegram.sunoresearch\" target=\"_blank\" rel=\"noreferrer noopener\">capital pr\u00f3prio<\/a>&nbsp;da Weg vai ser realizado em 16 de agosto de 2023.<\/li>\n<\/ul>\n\n\n\n<ul class=\"wp-block-list\">\n<li>Os&nbsp;<strong>proventos da Weg<\/strong>&nbsp;ser\u00e3o pagos aos titulares de&nbsp;<a href=\"https:\/\/www.suno.com.br\/artigos\/acoes-escriturais\/?utm_source=telegram.sunoresearch\" target=\"_blank\" rel=\"noreferrer noopener\">a\u00e7\u00f5es escriturais<\/a>&nbsp;em 23 de junho de 2023. Por essa raz\u00e3o, a partir do dia 26 de junho de 2023 em diante, as a\u00e7\u00f5es da companhia ser\u00e3o negociadas como \u201cex-juros sobre capital pr\u00f3prio\u201d, ou seja, sem direito a receber os JCP.<\/li>\n<\/ul>\n\n\n\n<ul class=\"wp-block-list\">\n<li>O valor pago como JCP ser\u00e1 imputado aos&nbsp;<a href=\"https:\/\/www.suno.com.br\/guias\/dividendos\/?utm_source=telegram.sunoresearch\" target=\"_blank\" rel=\"noreferrer noopener\">dividendos<\/a>&nbsp;obrigat\u00f3rios da Weg, conforme previsto em seu&nbsp;<a href=\"https:\/\/www.suno.com.br\/artigos\/estatuto-social\/?utm_source=telegram.sunoresearch\" target=\"_blank\" rel=\"noreferrer noopener\">estatuto social<\/a>.<\/li>\n<\/ul>\n\n\n\n<ul class=\"wp-block-list\">\n<li>Conforme j\u00e1 destacado, os&nbsp;<strong>juros sobre capital pr\u00f3prio da WEG<\/strong>&nbsp;est\u00e3o sujeitos a tributa\u00e7\u00e3o de IR, exceto no caso dos acionistas que comprovarem at\u00e9 23 de junho sua condi\u00e7\u00e3o de serem imunes ou isentos da reten\u00e7\u00e3o por disposi\u00e7\u00e3o legal.<\/li>\n<\/ul>\n\n\n\n<ul class=\"wp-block-list\">\n<li>Essa comprova\u00e7\u00e3o ser\u00e1 feita pelos investidores juntamente ao Banco&nbsp;<a href=\"https:\/\/www.suno.com.br\/acoes\/BBDC4\/?utm_source=telegram.sunoresearch\" target=\"_blank\" rel=\"noreferrer noopener\">Bradesco (BBDC4)<\/a>, que \u00e9 a institui\u00e7\u00e3o financeira escrituraria dos pap\u00e9is da empresa.<\/li>\n<\/ul>\n\n\n\n<h2 class=\"wp-block-heading\">S\u00e3o Martinho (SMTO3) anuncia pagamento milion\u00e1rio de JCP; veja a data e o valor por a\u00e7\u00e3o<\/h2>\n\n\n\n<ul class=\"wp-block-list\">\n<li>O&nbsp;<a href=\"https:\/\/www.suno.com.br\/artigos\/conselho-administracao\/?utm_source=telegram.sunoresearch\" target=\"_blank\" rel=\"noreferrer noopener\">conselho de administra\u00e7\u00e3o<\/a>&nbsp;do Grupo<strong>&nbsp;<\/strong><a href=\"https:\/\/www.suno.com.br\/acoes\/smto3\/?utm_source=telegram.sunoresearch\"><strong>S\u00e3o Martinho&nbsp;<\/strong>(SMTO3)<\/a>&nbsp;deliberou pagar&nbsp;<a href=\"https:\/\/www.suno.com.br\/artigos\/entenda-o-jcp\/?utm_source=telegram.sunoresearch\" target=\"_blank\" rel=\"noreferrer noopener\">juros sobre capital pr\u00f3prio<\/a>&nbsp;(JCP), conforme decis\u00e3o tomada em reuni\u00e3o realizada na segunda-feira (19).<\/li>\n<\/ul>\n\n\n\n<ul class=\"wp-block-list\">\n<li>O valor total dos<strong>&nbsp;juros sobre capital pr\u00f3prio da S\u00e3o Martinho&nbsp;<\/strong>ser\u00e1 de R$ 155 milh\u00f5es, equivalentes a R$ 0,447491795 por a\u00e7\u00e3o, com reten\u00e7\u00e3o de&nbsp;<a href=\"https:\/\/www.suno.com.br\/guias\/imposto-de-renda-guia\/?utm_source=telegram.sunoresearch\" target=\"_blank\" rel=\"noreferrer noopener\">Imposto de Renda<\/a>&nbsp;na Fonte.<\/li>\n<\/ul>\n\n\n\n<ul class=\"wp-block-list\">\n<li>O pagamento ser\u00e1 realizado no pr\u00f3ximo dia 4 de julho.<\/li>\n<\/ul>\n\n\n\n<ul class=\"wp-block-list\">\n<li>Os investidores que v\u00e3o receber esses&nbsp;<strong>proventos da S\u00e3o Martinho<\/strong>&nbsp;s\u00e3o os acionistas comprados nos pap\u00e9is de S\u00e3o Martinho at\u00e9 o final do preg\u00e3o de 22 de junho de 2023.<\/li>\n<\/ul>\n\n\n\n<ul class=\"wp-block-list\">\n<li>A partir do dia 23 de junho, as a\u00e7\u00f5es de S\u00e3o Martinho ser\u00e3o negociadas como \u201cex-direito\u201d, ou seja, sem direito a receber os proventos.<\/li>\n<\/ul>\n\n\n\n<h2 class=\"wp-block-heading\">JCP de S\u00e3o Martinho<\/h2>\n\n\n\n<ul class=\"wp-block-list\">\n<li>Valor bruto por a\u00e7\u00e3o: R$ 0,447491795<\/li>\n\n\n\n<li>Data de corte: 22 de junho de 2023<\/li>\n\n\n\n<li>Data do pagamento: 4 de julho de 2023<\/li>\n<\/ul>\n\n\n\n<h2 class=\"wp-block-heading\">D\u00f3lar vai cair ainda mais? Em nova revis\u00e3o, Citi v\u00ea moeda a R$ 4,95 no fim deste ano<\/h2>\n\n\n\n<ul class=\"wp-block-list\">\n<li>Em nova revis\u00e3o, o Citi passou a projetar&nbsp;<strong><a href=\"https:\/\/www.suno.com.br\/artigos\/dolar\/?utm_source=telegram.sunoresearch\" target=\"_blank\" rel=\"noreferrer noopener\">d\u00f3lar&nbsp;<\/a><\/strong>de R$ 4,95 no fim de 2023, cortando as proje\u00e7\u00f5es anteriores de R$ 5,10.<\/li>\n<\/ul>\n\n\n\n<ul class=\"wp-block-list\">\n<li>Segundo o banco, o real tende a se beneficiar com o cen\u00e1rio global atual, que conta com baixa volatilidade e fraqueza do d\u00f3lar.<\/li>\n<\/ul>\n\n\n\n<ul class=\"wp-block-list\">\n<li>Isso, al\u00e9m da melhora da classifica\u00e7\u00e3o de risco pela S&amp;P Global e pelos&nbsp;<a href=\"https:\/\/www.suno.com.br\/artigos\/indicadores-economicos\/?utm_source=telegram.sunoresearch\" target=\"_blank\" rel=\"noreferrer noopener\">indicadores econ\u00f4micos<\/a>&nbsp;mais favor\u00e1veis, como o PIB acima do esperado e a infla\u00e7\u00e3o abaixo das proje\u00e7\u00f5es.<\/li>\n<\/ul>\n\n\n\n<ul class=\"wp-block-list\">\n<li>Contudo, no&nbsp;<a href=\"https:\/\/www.suno.com.br\/artigos\/curto-prazo\/?utm_source=telegram.sunoresearch\" target=\"_blank\" rel=\"noreferrer noopener\">curto prazo<\/a>&nbsp;a expectativa \u00e9 de que o d\u00f3lar fique em um patamar de R$ 4,90 por conta de \u201cincertezas em rela\u00e7\u00e3o \u00e0&nbsp;<a href=\"https:\/\/www.suno.com.br\/artigos\/politica-monetaria\/?utm_source=telegram.sunoresearch\" target=\"_blank\" rel=\"noreferrer noopener\">pol\u00edtica monet\u00e1ria<\/a>&nbsp;dos EUA, que podem se tornar um \u2018vento contr\u00e1rio&#8217;\u201d. A proje\u00e7\u00e3o anterior era de R$ 5.<\/li>\n<\/ul>\n\n\n\n<ul class=\"wp-block-list\">\n<li>O d\u00f3lar \u00e0 vista encerrou a sess\u00e3o desta ter\u00e7a-feira, 20, em leve alta no mercado dom\u00e9stico de c\u00e2mbio, em meio a ajustes e movimentos de realiza\u00e7\u00e3o de lucros estimulados pela onda de fortalecimento da moeda americana no exterior. Um corte abaixo do esperado dos juros pelo Banco do Povo da China (PBoC) lan\u00e7ou d\u00favidas sobre o ritmo de crescimento da segunda maior economia global e deprimiu os pre\u00e7os de commodities met\u00e1licas e do petr\u00f3leo. Em cl\u00e1ssico movimento de busca por prote\u00e7\u00e3o, investidores reduziram exposi\u00e7\u00e3o em a\u00e7\u00f5es e moedas emergentes para se abrigar nos Treasuries, cujas taxas recuaram.<\/li>\n<\/ul>\n\n\n\n<ul class=\"wp-block-list\">\n<li>Em alta desde a abertura, o d\u00f3lar chegou a superar o teto de R$ 4,80 no fim da manh\u00e3, ao correr at\u00e9 a m\u00e1xima de R$ 4,8087, mas perdeu parte do f\u00f4lego ao longo da tarde. No fim do dia, a moeda era cotada a R$ 4,7961, em alta de 0,43%. O real apresentou desempenho superior a de seus pares latino-americanos, \u00e0 exce\u00e7\u00e3o do peso colombiano, e da maioria das divisas de exportadores de commodities. Em junho, o d\u00f3lar apresenta desvaloriza\u00e7\u00e3o de 5,46%. Houve melhora da liquidez no retorno dos neg\u00f3cios em Nova York ap\u00f3s o feriado de ontem nos Estados Unidos. Term\u00f4metro do apetite por neg\u00f3cios, o contrato de d\u00f3lar para julho teve giro superior a US$ 11 bilh\u00f5es.<\/li>\n<\/ul>\n\n\n\n<ul class=\"wp-block-list\">\n<li>\u201cTivemos um movimento de realiza\u00e7\u00e3o hoje no c\u00e2mbio, mas a sensa\u00e7\u00e3o \u00e9 que o d\u00f3lar pode cair ainda mais. Existe um fluxo muito estrangeiro muito forte para o Brasil pelos juros altos e para a bolsa\u201d, afirma o economista-chefe da Valor Investimentos, Piter Carvalho, acrescentando que o novo arcabou\u00e7o fiscal e a redu\u00e7\u00e3o das expectativas de infla\u00e7\u00e3o melhoraram a percep\u00e7\u00e3o de investidores em rela\u00e7\u00e3o ao Brasil.<\/li>\n<\/ul>\n\n\n\n<h2 class=\"wp-block-heading\">Petrobras (PETR4) estuda estrat\u00e9gia sobre a Braskem (BRKM5)<\/h2>\n\n\n\n<ul class=\"wp-block-list\">\n<li>A&nbsp;<a href=\"https:\/\/www.suno.com.br\/acoes\/petr4?utm_source=telegram.sunoresearch\" target=\"_blank\" rel=\"noreferrer noopener\">Petrobras (PETR4)<\/a>&nbsp;disse em nota ao&nbsp;<em>Broadcast<\/em>&nbsp;(sistema de not\u00edcias em tempo real do Grupo Estado) nesta ter\u00e7a-feira, que ainda est\u00e1 desenvolvendo an\u00e1lises para defini\u00e7\u00e3o da melhor alternativa de execu\u00e7\u00e3o de sua estrat\u00e9gia no setor petroqu\u00edmico no \u00e2mbito do seu Planejamento Estrat\u00e9gico, e que n\u00e3o h\u00e1 \u201cqualquer decis\u00e3o da Diretoria Executiva ou do&nbsp;<a href=\"https:\/\/www.suno.com.br\/artigos\/conselho-administracao\/?utm_source=telegram.sunoresearch\" target=\"_blank\" rel=\"noreferrer noopener\">Conselho de Administra\u00e7\u00e3o<\/a>&nbsp;em rela\u00e7\u00e3o ao processo de desinvestimento ou de aumento de participa\u00e7\u00e3o na&nbsp;<a href=\"https:\/\/www.suno.com.br\/acoes\/BRKM5\/?utm_source=telegram.sunoresearch\" target=\"_blank\" rel=\"noreferrer noopener\">Braskem (BRKM5)<\/a>.\u201d<\/li>\n<\/ul>\n\n\n\n<ul class=\"wp-block-list\">\n<li>A estatal fez o esclarecimento devido a mat\u00e9rias que v\u00eam sendo publicadas na m\u00eddia sobre o interesse da empresa em permanecer na Braskem ap\u00f3s a&nbsp;<strong>venda da participa\u00e7\u00e3o da Novonor<\/strong>&nbsp;(ex-Odebrecht).<\/li>\n<\/ul>\n\n\n\n<ul class=\"wp-block-list\">\n<li>Na segunda-feira, 19, o&nbsp;<em>Broadcast<\/em>&nbsp;publicou mat\u00e9ria atribu\u00edda a fontes de mercado sobre as inten\u00e7\u00f5es da Petrobras sobre venda da&nbsp;<strong>fatia na Braskem<\/strong>, que j\u00e1 teria avaliado que n\u00e3o pretende aumentar sua&nbsp;<strong>participa\u00e7\u00e3o na petroqu\u00edmica,<\/strong>&nbsp;como estava sendo especulado, mas que deve ficar no capital da empresa, em acordo com o futuro controlador. \u201cNesse sentido, a companhia esclarece que decis\u00f5es sobre investimentos e desinvestimentos s\u00e3o pautadas em an\u00e1lises criteriosas e estudos t\u00e9cnicos, em observ\u00e2ncia \u00e0s pr\u00e1ticas de governan\u00e7a e os procedimentos internos aplic\u00e1veis\u201d, afirmou.<\/li>\n<\/ul>\n\n\n\n<ul class=\"wp-block-list\">\n<li>A Novonor recebeu duas propostas at\u00e9 o momento para a venda da sua participa\u00e7\u00e3o de 50,1% no&nbsp;<a href=\"https:\/\/www.suno.com.br\/noticias\/braskem-brkm5-proposta-compra-unipar-unip6\/?utm_source=telegram.sunoresearch\">capital ordin\u00e1rio da Braskem<\/a>. A Petrobras \u00e9 a segunda maior acionistas e considerada cocontroladora da empresa, com 47% das a\u00e7\u00f5es votantes, e por isso tem uma participa\u00e7\u00e3o fundamental na efetiva\u00e7\u00e3o da venda, segundo fontes.<\/li>\n<\/ul>\n\n\n\n<ul class=\"wp-block-list\">\n<li>A primeira proposta feita este ano veio de um cons\u00f3rcio formado pelo fundo norte-americano Apollo e a petroleira de Abu Dhabi Adnoc. A segunda foi apresentada pela&nbsp;<a href=\"https:\/\/www.suno.com.br\/acoes\/UNIP6\/?utm_source=telegram.sunoresearch\" target=\"_blank\" rel=\"noreferrer noopener\">Unipar (UNIP6)<\/a>.<\/li>\n<\/ul>\n\n\n\n<ul class=\"wp-block-list\">\n<li>O&nbsp;<em>Broadcast<\/em>&nbsp;apurou que uma terceira oferta seria feita pela J&amp;F, holding dos irm\u00e3os Batista, dona da JBS (JBS3), que estaria em conversas com bancos para articular a oferta.<\/li>\n<\/ul>\n\n\n\n<p>Da Petrobras \u00e0 Embraer, essas foram as empresas que se destacaram hoje. Para ler todas as mat\u00e9rias&nbsp;<strong><a href=\"https:\/\/www.suno.com.br\/noticias\/todos\/?utm_content=XYOE2ItQuUY.20201113&amp;utm_campaign=Track%2B&amp;utm_medium=video&amp;utm_source=telegram.sunoresearch\" target=\"_blank\" rel=\"noreferrer noopener\">clique aqui<\/a><\/strong>.<a href=\"https:\/\/lp.suno.com.br\/minicurso-investindo-fiis\/?utm_content=XYOE2ItQuUY.20201113&amp;utm_campaign=Track%2B&amp;utm_medium=video&amp;utm_source=telegram.sunoresearch\" target=\"_blank\" rel=\"noreferrer noopener\"><\/a><a href=\"https:\/\/lp.suno.com.br\/ebook-investindo-em-dividendos\/?utm_content=XYOE2ItQuUY.20201113&amp;utm_campaign=Track%2B&amp;utm_medium=video&amp;utm_source=telegram.sunoresearch\" target=\"_blank\" rel=\"noreferrer noopener\"><\/a><a href=\"https:\/\/lp.suno.com.br\/ebook-como-analisar-uma-acao\/?utm_content=XYOE2ItQuUY.20201113&amp;utm_campaign=Track%2B&amp;utm_medium=video&amp;utm_source=telegram.sunoresearch\" target=\"_blank\" rel=\"noreferrer noopener\"><\/a><a href=\"https:\/\/lp.suno.com.br\/planilha-da-vida-financeira\/?utm_content=XYOE2ItQuUY.20201113&amp;utm_campaign=Track%2B&amp;utm_medium=video&amp;utm_source=telegram.sunoresearch\" target=\"_blank\" rel=\"noreferrer noopener\"><\/a><a href=\"https:\/\/lp.suno.com.br\/plataforma-de-controle-de-investimentos\/?utm_content=XYOE2ItQuUY.20201113&amp;utm_campaign=Track%2B&amp;utm_medium=video&amp;utm_source=telegram.sunoresearch\" target=\"_blank\" rel=\"noreferrer noopener\"><\/a><a href=\"https:\/\/lp.suno.com.br\/ebook-como-analisar-uma-acao\/?utm_content=XYOE2ItQuUY.20201113&amp;utm_campaign=Track%2B&amp;utm_medium=video&amp;utm_source=telegram.sunoresearch\" target=\"_blank\" rel=\"noreferrer noopener\"><\/a><a href=\"https:\/\/lp.suno.com.br\/suno-one\/?utm_content=XYOE2ItQuUY.20201113&amp;utm_campaign=Track%2B&amp;utm_medium=video&amp;utm_source=telegram.sunoresearch\" target=\"_blank\" rel=\"noreferrer noopener\"><\/a><a href=\"https:\/\/lp.suno.com.br\/suno-one\/?utm_content=XYOE2ItQuUY.20201113&amp;utm_campaign=Track%2B&amp;utm_medium=video&amp;utm_source=telegram.sunoresearch\" target=\"_blank\" rel=\"noreferrer noopener\"><\/a><a href=\"https:\/\/lp.suno.com.br\/suno-one\/?utm_content=XYOE2ItQuUY.20201113&amp;utm_campaign=Track%2B&amp;utm_medium=video&amp;utm_source=telegram.sunoresearch\" target=\"_blank\" rel=\"noreferrer noopener\"><\/a><a href=\"https:\/\/lp.suno.com.br\/ebook-como-analisar-uma-acao\/?utm_source=telegram.sunoresearch\" target=\"_blank\" rel=\"noreferrer noopener\"><\/a><a href=\"https:\/\/lp.suno.com.br\/suno-one\/?utm_source=telegram.sunoresearch\" target=\"_blank\" rel=\"noreferrer noopener\"><\/a><a href=\"https:\/\/lp.suno.com.br\/suno-one\/?utm_source=telegram.sunoresearch\" target=\"_blank\" rel=\"noreferrer noopener\"><\/a><a href=\"https:\/\/lp.suno.com.br\/suno-one\/?utm_source=telegram.sunoresearch\" target=\"_blank\" rel=\"noreferrer noopener\"><\/a><a href=\"https:\/\/lp.suno.com.br\/suno-one\/?utm_source=telegram.sunoresearch\" target=\"_blank\" rel=\"noreferrer noopener\"><\/a><a href=\"https:\/\/lp.suno.com.br\/suno-one\/?utm_source=telegram.sunoresearch\" target=\"_blank\" rel=\"noreferrer noopener\"><\/a><a href=\"https:\/\/lp.suno.com.br\/suno-one\/?utm_source=telegram.sunoresearch\" target=\"_blank\" rel=\"noreferrer noopener\"><\/a><a href=\"https:\/\/lp.suno.com.br\/pv\/suno-invest-2023\/?utm_source=telegram.sunoresearch\" target=\"_blank\" rel=\"noreferrer noopener\"><\/a><a href=\"https:\/\/lp.suno.com.br\/suno-one\/?utm_source=telegram.sunoresearch\" target=\"_blank\" rel=\"noreferrer noopener\"><\/a><a href=\"https:\/\/lp.suno.com.br\/pv\/suno-invest-2023\/?utm_source=telegram.sunoresearch\" target=\"_blank\" rel=\"noreferrer noopener\"><\/a><a href=\"https:\/\/lp.suno.com.br\/pv\/suno-invest-2023\/?utm_source=telegram.sunoresearch\" target=\"_blank\" rel=\"noreferrer noopener\"><\/a><a href=\"https:\/\/lp.suno.com.br\/pv\/comunidade-viva-de-dividendos-2-turma\/?utm_source=telegram.sunoresearch\" target=\"_blank\" rel=\"noreferrer noopener\"><\/a><a href=\"https:\/\/lp.suno.com.br\/pv\/sr-fiis\/oferta-relampago-40off\/?utm_source=telegram.sunoresearch\" target=\"_blank\" rel=\"noreferrer noopener\"><\/a><\/p>\n\n\n\t<p>\n\t\t<a href=\"https:\/\/lp.suno.com.br\/suno-one\/?utm_campaign=_SNC6964518A_\" target=\"_blank\" data-element=\"shortcode-suno-banner\" title=\"Banner SUNO, clique e saiba mais\">\n\t\t\t<picture>\n\t\t\t\t<source media=\"(max-width: 500px)\" srcset=\"https:\/\/files.sunoresearch.com.br\/n\/uploads\/2025\/09\/400x300-Suno-One-png.webp\">\n\t\t\t\t<img class=\"newsContent__article__imgCapa newsContent__article__imgCapa--banner\"\n\t\t\t\t\tsrc=\"https:\/\/files.sunoresearch.com.br\/n\/uploads\/2025\/09\/1420x240-Suno-One-png.webp\"\n\t\t\t\t\tdata-promo-id=\"383121\"\t\t\t\t\t\t\t\t\t\twidth='1420' height='240'\t\t\t\t\talt=\"https:\/\/files.sunoresearch.com.br\/n\/uploads\/2025\/09\/1420x240-Suno-One-png.webp\"\n\t\t\t\t>\n\t\t\t<\/picture>\n\t\t<\/a>\n\t<\/p>\n\n\n","protected":false},"excerpt":{"rendered":"<p>O ministro da Casa Civil, Rui Costa, afirmou que a orienta\u00e7\u00e3o do governo para a&nbsp;Petrobras&nbsp;(PETR4)&nbsp;mudou de forma a evitar a distribui\u00e7\u00e3o de recursos \u201ccomo se fosse o Papai Noel\u201d. A ordem agora, disse o ministro, \u00e9 reinvestir. Petrobras (PETR4). Foto: Ag\u00eancia Brasil \u201cNenhuma&nbsp;empresa privada&nbsp;do mundo, de setor nenhum, distribui um montante desse de&nbsp;dividendos. As empresas, [&hellip;]<\/p>\n","protected":false},"author":227,"featured_media":406706,"comment_status":"closed","ping_status":"closed","sticky":false,"template":"","format":"standard","meta":[],"categories":[64],"tags":[395,420,460,595,628,681],"suno_strategy":[],"class_list":["post-419204","post","type-post","status-publish","format-standard","has-post-thumbnail","hentry","category-negocios","tag-braskem-brkm3-brkm5-brkm6","tag-cemig-cmig3-cmig4","tag-embraer-embr3","tag-petrobras-petr4","tag-sao-martinho-smto3","tag-weg-wege3"],"yoast_head":"<!-- This site is optimized with the Yoast SEO plugin v24.4 - https:\/\/yoast.com\/wordpress\/plugins\/seo\/ -->\n<title>Radar: ministro abre o jogo sobre dividendos da Petrobras (PETR4), Cemig (CMIG4) aprova JCP milion\u00e1rio e Embraer (EMBR3) lidera quedas no Ibovespa<\/title>\n<meta name=\"description\" content=\"Rui Costa fala sobre dividendos da Petrobras, Cemig aprova JCP milion\u00e1rio e a\u00e7\u00f5es de Embraer (EMBR3) lideram quedas no Ibovespa\" \/>\n<meta name=\"robots\" content=\"index, follow, max-snippet:-1, max-image-preview:large, max-video-preview:-1\" \/>\n<link rel=\"canonical\" href=\"https:\/\/www.suno.com.br\/noticias\/radar-petrobras-petr4-cemig-cmig4-embraer-embr3\/\" \/>\n<meta property=\"og:locale\" content=\"pt_BR\" \/>\n<meta property=\"og:type\" content=\"article\" \/>\n<meta property=\"og:title\" content=\"Radar: ministro abre o jogo sobre dividendos da Petrobras (PETR4), Cemig (CMIG4) aprova JCP milion\u00e1rio e Embraer (EMBR3) lidera quedas no Ibovespa\" \/>\n<meta property=\"og:description\" content=\"Rui Costa fala sobre dividendos da Petrobras, Cemig aprova JCP milion\u00e1rio e a\u00e7\u00f5es de Embraer (EMBR3) lideram quedas no Ibovespa\" \/>\n<meta property=\"og:url\" content=\"https:\/\/www.suno.com.br\/noticias\/radar-petrobras-petr4-cemig-cmig4-embraer-embr3\/\" \/>\n<meta property=\"og:site_name\" content=\"Suno Not\u00edcias\" \/>\n<meta property=\"article:publisher\" content=\"https:\/\/facebook.com\/sunoresearch\" \/>\n<meta property=\"og:image\" content=\"https:\/\/files.sunoresearch.com.br\/n\/uploads\/2023\/05\/petrobras-petr4-brsr6-agenda-dividendos-maio-2023.jpg\" \/>\n\t<meta property=\"og:image:width\" content=\"1200\" \/>\n\t<meta property=\"og:image:height\" content=\"800\" \/>\n\t<meta property=\"og:image:type\" content=\"image\/jpeg\" \/>\n<meta name=\"author\" content=\"Vanessa Loiola\" \/>\n<meta name=\"twitter:card\" content=\"summary_large_image\" \/>\n<meta name=\"twitter:creator\" content=\"@sunoresearch\" \/>\n<meta name=\"twitter:site\" content=\"@sunoresearch\" \/>\n<meta name=\"twitter:label1\" content=\"Escrito por\" \/>\n\t<meta name=\"twitter:data1\" content=\"Vanessa Loiola\" \/>\n\t<meta name=\"twitter:label2\" content=\"Est. tempo de leitura\" \/>\n\t<meta name=\"twitter:data2\" content=\"11 minutos\" \/>\n<script type=\"application\/ld+json\" class=\"yoast-schema-graph\">{\"@context\":\"https:\/\/schema.org\",\"@graph\":[{\"@type\":\"NewsArticle\",\"@id\":\"https:\/\/www.suno.com.br\/noticias\/radar-petrobras-petr4-cemig-cmig4-embraer-embr3\/#article\",\"isPartOf\":{\"@id\":\"https:\/\/www.suno.com.br\/noticias\/radar-petrobras-petr4-cemig-cmig4-embraer-embr3\/\"},\"author\":{\"name\":\"Vanessa Loiola\",\"@id\":\"https:\/\/www.suno.com.br\/noticias\/#\/schema\/person\/450c455ecff319bab1f1a0e643451479\"},\"headline\":\"Radar: ministro abre o jogo sobre dividendos da Petrobras (PETR4), Cemig (CMIG4) aprova JCP milion\u00e1rio e Embraer (EMBR3) lidera quedas no Ibovespa\",\"datePublished\":\"2023-06-21T00:45:33+00:00\",\"dateModified\":\"2023-06-21T00:45:47+00:00\",\"mainEntityOfPage\":{\"@id\":\"https:\/\/www.suno.com.br\/noticias\/radar-petrobras-petr4-cemig-cmig4-embraer-embr3\/\"},\"wordCount\":2081,\"publisher\":{\"@id\":\"https:\/\/www.suno.com.br\/noticias\/#organization\"},\"image\":{\"@id\":\"https:\/\/www.suno.com.br\/noticias\/radar-petrobras-petr4-cemig-cmig4-embraer-embr3\/#primaryimage\"},\"thumbnailUrl\":\"https:\/\/files.sunoresearch.com.br\/n\/uploads\/2023\/05\/petrobras-petr4-brsr6-agenda-dividendos-maio-2023.jpg\",\"keywords\":[\"Braskem (BRKM3\/BRKM5\/BRKM6)\",\"Cemig (CMIG3\/CMIG4)\",\"Embraer (EMBR3)\",\"Petrobras (PETR4)\",\"S\u00e3o Martinho (SMTO3)\",\"Weg (WEGE3)\"],\"articleSection\":[\"Neg\u00f3cios\"],\"inLanguage\":\"pt-BR\"},{\"@type\":\"WebPage\",\"@id\":\"https:\/\/www.suno.com.br\/noticias\/radar-petrobras-petr4-cemig-cmig4-embraer-embr3\/\",\"url\":\"https:\/\/www.suno.com.br\/noticias\/radar-petrobras-petr4-cemig-cmig4-embraer-embr3\/\",\"name\":\"Radar: ministro abre o jogo sobre dividendos da Petrobras (PETR4), Cemig (CMIG4) aprova JCP milion\u00e1rio e Embraer (EMBR3) lidera quedas no Ibovespa\",\"isPartOf\":{\"@id\":\"https:\/\/www.suno.com.br\/noticias\/#website\"},\"primaryImageOfPage\":{\"@id\":\"https:\/\/www.suno.com.br\/noticias\/radar-petrobras-petr4-cemig-cmig4-embraer-embr3\/#primaryimage\"},\"image\":{\"@id\":\"https:\/\/www.suno.com.br\/noticias\/radar-petrobras-petr4-cemig-cmig4-embraer-embr3\/#primaryimage\"},\"thumbnailUrl\":\"https:\/\/files.sunoresearch.com.br\/n\/uploads\/2023\/05\/petrobras-petr4-brsr6-agenda-dividendos-maio-2023.jpg\",\"datePublished\":\"2023-06-21T00:45:33+00:00\",\"dateModified\":\"2023-06-21T00:45:47+00:00\",\"description\":\"Rui Costa fala sobre dividendos da Petrobras, Cemig aprova JCP milion\u00e1rio e a\u00e7\u00f5es de Embraer (EMBR3) lideram quedas no Ibovespa\",\"breadcrumb\":{\"@id\":\"https:\/\/www.suno.com.br\/noticias\/radar-petrobras-petr4-cemig-cmig4-embraer-embr3\/#breadcrumb\"},\"inLanguage\":\"pt-BR\",\"potentialAction\":[{\"@type\":\"ReadAction\",\"target\":[\"https:\/\/www.suno.com.br\/noticias\/radar-petrobras-petr4-cemig-cmig4-embraer-embr3\/\"]}]},{\"@type\":\"ImageObject\",\"inLanguage\":\"pt-BR\",\"@id\":\"https:\/\/www.suno.com.br\/noticias\/radar-petrobras-petr4-cemig-cmig4-embraer-embr3\/#primaryimage\",\"url\":\"https:\/\/files.sunoresearch.com.br\/n\/uploads\/2023\/05\/petrobras-petr4-brsr6-agenda-dividendos-maio-2023.jpg\",\"contentUrl\":\"https:\/\/files.sunoresearch.com.br\/n\/uploads\/2023\/05\/petrobras-petr4-brsr6-agenda-dividendos-maio-2023.jpg\",\"width\":1200,\"height\":800,\"caption\":\"Petrobras (PETR4). Foto: Ag\u00eancia Brasil\"},{\"@type\":\"BreadcrumbList\",\"@id\":\"https:\/\/www.suno.com.br\/noticias\/radar-petrobras-petr4-cemig-cmig4-embraer-embr3\/#breadcrumb\",\"itemListElement\":[{\"@type\":\"ListItem\",\"position\":1,\"name\":\"Not\u00edcias\",\"item\":\"https:\/\/www.suno.com.br\/noticias\/\"},{\"@type\":\"ListItem\",\"position\":2,\"name\":\"Neg\u00f3cios\",\"item\":\"https:\/\/www.suno.com.br\/noticias\/negocios\/\"},{\"@type\":\"ListItem\",\"position\":3,\"name\":\"Radar: ministro abre o jogo sobre dividendos da Petrobras (PETR4), Cemig (CMIG4) aprova JCP milion\u00e1rio e Embraer (EMBR3) lidera quedas no Ibovespa\"}]},{\"@type\":\"WebSite\",\"@id\":\"https:\/\/www.suno.com.br\/noticias\/#website\",\"url\":\"https:\/\/www.suno.com.br\/noticias\/\",\"name\":\"Suno Not\u00edcias\",\"description\":\"Seu portal de informa\u00e7\u00e3o sobre o mundo dos investimentos\",\"publisher\":{\"@id\":\"https:\/\/www.suno.com.br\/noticias\/#organization\"},\"potentialAction\":[{\"@type\":\"SearchAction\",\"target\":{\"@type\":\"EntryPoint\",\"urlTemplate\":\"https:\/\/www.suno.com.br\/noticias\/?s={search_term_string}\"},\"query-input\":{\"@type\":\"PropertyValueSpecification\",\"valueRequired\":true,\"valueName\":\"search_term_string\"}}],\"inLanguage\":\"pt-BR\"},{\"@type\":\"Organization\",\"@id\":\"https:\/\/www.suno.com.br\/noticias\/#organization\",\"name\":\"Suno Not\u00edcias\",\"url\":\"https:\/\/www.suno.com.br\/noticias\/\",\"logo\":{\"@type\":\"ImageObject\",\"inLanguage\":\"pt-BR\",\"@id\":\"https:\/\/www.suno.com.br\/noticias\/#\/schema\/logo\/image\/\",\"url\":\"https:\/\/files.sunoresearch.com.br\/n\/uploads\/2021\/09\/suno-logo.png\",\"contentUrl\":\"https:\/\/files.sunoresearch.com.br\/n\/uploads\/2021\/09\/suno-logo.png\",\"width\":180,\"height\":180,\"caption\":\"Suno Not\u00edcias\"},\"image\":{\"@id\":\"https:\/\/www.suno.com.br\/noticias\/#\/schema\/logo\/image\/\"},\"sameAs\":[\"https:\/\/facebook.com\/sunoresearch\",\"https:\/\/x.com\/sunoresearch\",\"https:\/\/www.instagram.com\/suno\",\"https:\/\/www.linkedin.com\/company\/suno-research\/\",\"https:\/\/www.youtube.com\/c\/sunoresearch\"]},{\"@type\":\"Person\",\"@id\":\"https:\/\/www.suno.com.br\/noticias\/#\/schema\/person\/450c455ecff319bab1f1a0e643451479\",\"name\":\"Vanessa Loiola\",\"image\":{\"@type\":\"ImageObject\",\"inLanguage\":\"pt-BR\",\"@id\":\"https:\/\/www.suno.com.br\/noticias\/#\/schema\/person\/image\/\",\"url\":\"https:\/\/secure.gravatar.com\/avatar\/8b41117f9780831919eb38da349c3f20?s=96&r=g\",\"contentUrl\":\"https:\/\/secure.gravatar.com\/avatar\/8b41117f9780831919eb38da349c3f20?s=96&r=g\",\"caption\":\"Vanessa Loiola\"},\"description\":\"Jornalista formada pela PUC-SP, com experi\u00eancia na cobertura das editorias de economia, finan\u00e7as, bolsa de valores, pol\u00edtica, energia solar e entretenimento. Com passagem pela BM&amp;C News e RedeTV!\",\"url\":\"https:\/\/www.suno.com.br\/noticias\/author\/vanessal-loiolagmail-com\/\"}]}<\/script>\n<!-- \/ Yoast SEO plugin. -->","yoast_head_json":{"title":"Radar: ministro abre o jogo sobre dividendos da Petrobras (PETR4), Cemig (CMIG4) aprova JCP milion\u00e1rio e Embraer (EMBR3) lidera quedas no Ibovespa","description":"Rui Costa fala sobre dividendos da Petrobras, Cemig aprova JCP milion\u00e1rio e a\u00e7\u00f5es de Embraer (EMBR3) lideram quedas no Ibovespa","robots":{"index":"index","follow":"follow","max-snippet":"max-snippet:-1","max-image-preview":"max-image-preview:large","max-video-preview":"max-video-preview:-1"},"canonical":"https:\/\/www.suno.com.br\/noticias\/radar-petrobras-petr4-cemig-cmig4-embraer-embr3\/","og_locale":"pt_BR","og_type":"article","og_title":"Radar: ministro abre o jogo sobre dividendos da Petrobras (PETR4), Cemig (CMIG4) aprova JCP milion\u00e1rio e Embraer (EMBR3) lidera quedas no Ibovespa","og_description":"Rui Costa fala sobre dividendos da Petrobras, Cemig aprova JCP milion\u00e1rio e a\u00e7\u00f5es de Embraer (EMBR3) lideram quedas no Ibovespa","og_url":"https:\/\/www.suno.com.br\/noticias\/radar-petrobras-petr4-cemig-cmig4-embraer-embr3\/","og_site_name":"Suno Not\u00edcias","article_publisher":"https:\/\/facebook.com\/sunoresearch","og_image":[{"width":1200,"height":800,"url":"https:\/\/files.sunoresearch.com.br\/n\/uploads\/2023\/05\/petrobras-petr4-brsr6-agenda-dividendos-maio-2023.jpg","type":"image\/jpeg"}],"author":"Vanessa Loiola","twitter_card":"summary_large_image","twitter_creator":"@sunoresearch","twitter_site":"@sunoresearch","twitter_misc":{"Escrito por":"Vanessa Loiola","Est. tempo de leitura":"11 minutos"},"schema":{"@context":"https:\/\/schema.org","@graph":[{"@type":"NewsArticle","@id":"https:\/\/www.suno.com.br\/noticias\/radar-petrobras-petr4-cemig-cmig4-embraer-embr3\/#article","isPartOf":{"@id":"https:\/\/www.suno.com.br\/noticias\/radar-petrobras-petr4-cemig-cmig4-embraer-embr3\/"},"author":{"name":"Vanessa Loiola","@id":"https:\/\/www.suno.com.br\/noticias\/#\/schema\/person\/450c455ecff319bab1f1a0e643451479"},"headline":"Radar: ministro abre o jogo sobre dividendos da Petrobras (PETR4), Cemig (CMIG4) aprova JCP milion\u00e1rio e Embraer (EMBR3) lidera quedas no Ibovespa","datePublished":"2023-06-21T00:45:33+00:00","dateModified":"2023-06-21T00:45:47+00:00","mainEntityOfPage":{"@id":"https:\/\/www.suno.com.br\/noticias\/radar-petrobras-petr4-cemig-cmig4-embraer-embr3\/"},"wordCount":2081,"publisher":{"@id":"https:\/\/www.suno.com.br\/noticias\/#organization"},"image":{"@id":"https:\/\/www.suno.com.br\/noticias\/radar-petrobras-petr4-cemig-cmig4-embraer-embr3\/#primaryimage"},"thumbnailUrl":"https:\/\/files.sunoresearch.com.br\/n\/uploads\/2023\/05\/petrobras-petr4-brsr6-agenda-dividendos-maio-2023.jpg","keywords":["Braskem (BRKM3\/BRKM5\/BRKM6)","Cemig (CMIG3\/CMIG4)","Embraer (EMBR3)","Petrobras (PETR4)","S\u00e3o Martinho (SMTO3)","Weg (WEGE3)"],"articleSection":["Neg\u00f3cios"],"inLanguage":"pt-BR"},{"@type":"WebPage","@id":"https:\/\/www.suno.com.br\/noticias\/radar-petrobras-petr4-cemig-cmig4-embraer-embr3\/","url":"https:\/\/www.suno.com.br\/noticias\/radar-petrobras-petr4-cemig-cmig4-embraer-embr3\/","name":"Radar: ministro abre o jogo sobre dividendos da Petrobras (PETR4), Cemig (CMIG4) aprova JCP milion\u00e1rio e Embraer (EMBR3) lidera quedas no Ibovespa","isPartOf":{"@id":"https:\/\/www.suno.com.br\/noticias\/#website"},"primaryImageOfPage":{"@id":"https:\/\/www.suno.com.br\/noticias\/radar-petrobras-petr4-cemig-cmig4-embraer-embr3\/#primaryimage"},"image":{"@id":"https:\/\/www.suno.com.br\/noticias\/radar-petrobras-petr4-cemig-cmig4-embraer-embr3\/#primaryimage"},"thumbnailUrl":"https:\/\/files.sunoresearch.com.br\/n\/uploads\/2023\/05\/petrobras-petr4-brsr6-agenda-dividendos-maio-2023.jpg","datePublished":"2023-06-21T00:45:33+00:00","dateModified":"2023-06-21T00:45:47+00:00","description":"Rui Costa fala sobre dividendos da Petrobras, Cemig aprova JCP milion\u00e1rio e a\u00e7\u00f5es de Embraer (EMBR3) lideram quedas no Ibovespa","breadcrumb":{"@id":"https:\/\/www.suno.com.br\/noticias\/radar-petrobras-petr4-cemig-cmig4-embraer-embr3\/#breadcrumb"},"inLanguage":"pt-BR","potentialAction":[{"@type":"ReadAction","target":["https:\/\/www.suno.com.br\/noticias\/radar-petrobras-petr4-cemig-cmig4-embraer-embr3\/"]}]},{"@type":"ImageObject","inLanguage":"pt-BR","@id":"https:\/\/www.suno.com.br\/noticias\/radar-petrobras-petr4-cemig-cmig4-embraer-embr3\/#primaryimage","url":"https:\/\/files.sunoresearch.com.br\/n\/uploads\/2023\/05\/petrobras-petr4-brsr6-agenda-dividendos-maio-2023.jpg","contentUrl":"https:\/\/files.sunoresearch.com.br\/n\/uploads\/2023\/05\/petrobras-petr4-brsr6-agenda-dividendos-maio-2023.jpg","width":1200,"height":800,"caption":"Petrobras (PETR4). Foto: Ag\u00eancia Brasil"},{"@type":"BreadcrumbList","@id":"https:\/\/www.suno.com.br\/noticias\/radar-petrobras-petr4-cemig-cmig4-embraer-embr3\/#breadcrumb","itemListElement":[{"@type":"ListItem","position":1,"name":"Not\u00edcias","item":"https:\/\/www.suno.com.br\/noticias\/"},{"@type":"ListItem","position":2,"name":"Neg\u00f3cios","item":"https:\/\/www.suno.com.br\/noticias\/negocios\/"},{"@type":"ListItem","position":3,"name":"Radar: ministro abre o jogo sobre dividendos da Petrobras (PETR4), Cemig (CMIG4) aprova JCP milion\u00e1rio e Embraer (EMBR3) lidera quedas no Ibovespa"}]},{"@type":"WebSite","@id":"https:\/\/www.suno.com.br\/noticias\/#website","url":"https:\/\/www.suno.com.br\/noticias\/","name":"Suno Not\u00edcias","description":"Seu portal de informa\u00e7\u00e3o sobre o mundo dos investimentos","publisher":{"@id":"https:\/\/www.suno.com.br\/noticias\/#organization"},"potentialAction":[{"@type":"SearchAction","target":{"@type":"EntryPoint","urlTemplate":"https:\/\/www.suno.com.br\/noticias\/?s={search_term_string}"},"query-input":{"@type":"PropertyValueSpecification","valueRequired":true,"valueName":"search_term_string"}}],"inLanguage":"pt-BR"},{"@type":"Organization","@id":"https:\/\/www.suno.com.br\/noticias\/#organization","name":"Suno Not\u00edcias","url":"https:\/\/www.suno.com.br\/noticias\/","logo":{"@type":"ImageObject","inLanguage":"pt-BR","@id":"https:\/\/www.suno.com.br\/noticias\/#\/schema\/logo\/image\/","url":"https:\/\/files.sunoresearch.com.br\/n\/uploads\/2021\/09\/suno-logo.png","contentUrl":"https:\/\/files.sunoresearch.com.br\/n\/uploads\/2021\/09\/suno-logo.png","width":180,"height":180,"caption":"Suno Not\u00edcias"},"image":{"@id":"https:\/\/www.suno.com.br\/noticias\/#\/schema\/logo\/image\/"},"sameAs":["https:\/\/facebook.com\/sunoresearch","https:\/\/x.com\/sunoresearch","https:\/\/www.instagram.com\/suno","https:\/\/www.linkedin.com\/company\/suno-research\/","https:\/\/www.youtube.com\/c\/sunoresearch"]},{"@type":"Person","@id":"https:\/\/www.suno.com.br\/noticias\/#\/schema\/person\/450c455ecff319bab1f1a0e643451479","name":"Vanessa Loiola","image":{"@type":"ImageObject","inLanguage":"pt-BR","@id":"https:\/\/www.suno.com.br\/noticias\/#\/schema\/person\/image\/","url":"https:\/\/secure.gravatar.com\/avatar\/8b41117f9780831919eb38da349c3f20?s=96&r=g","contentUrl":"https:\/\/secure.gravatar.com\/avatar\/8b41117f9780831919eb38da349c3f20?s=96&r=g","caption":"Vanessa Loiola"},"description":"Jornalista formada pela PUC-SP, com experi\u00eancia na cobertura das editorias de economia, finan\u00e7as, bolsa de valores, pol\u00edtica, energia solar e entretenimento. Com passagem pela BM&amp;C News e RedeTV!","url":"https:\/\/www.suno.com.br\/noticias\/author\/vanessal-loiolagmail-com\/"}]}},"default_loop_html":"<div class=\"cardsPage__listCard__boxs\"><div class=\"cardsPage__listCard__boxs__img\"><a href=\"https:\/\/www.suno.com.br\/noticias\/radar-petrobras-petr4-cemig-cmig4-embraer-embr3\/\"><img class=\"mask\" src=\"https:\/\/www.suno.com.br\/noticias\/wp-content\/themes\/suno\/resources\/images\/spotlight\/spotlight1img\/bg-mask.png\" alt=\"Image Mask\"\/><img src=\"https:\/\/files.sunoresearch.com.br\/n\/uploads\/2023\/05\/petrobras-petr4-brsr6-agenda-dividendos-maio-2023-400x200.jpg\" alt=\"Radar: ministro abre o jogo sobre dividendos da Petrobras (PETR4), Cemig (CMIG4) aprova JCP milion\u00e1rio e Embraer (EMBR3) lidera quedas no Ibovespa\"\/><\/a><span class=\"spotlightCategory\"><a href=\"https:\/\/www.suno.com.br\/noticias\/negocios\/\">Neg\u00f3cios<\/a><\/span><\/div><div class=\"cardsPage__listCard__boxs__content\"><a href=\"https:\/\/www.suno.com.br\/noticias\/radar-petrobras-petr4-cemig-cmig4-embraer-embr3\/\"><h2 class=\"content__title\">Radar: ministro abre o jogo sobre dividendos da Petrobras (PETR4), Cemig (CMIG4) aprova JCP milion\u00e1rio e Embraer (EMBR3) lidera quedas no Ibovespa<\/h2><\/a><div class=\"newsContent__article__meta\"><div class=\"newsContent__article__meta__authorBox\"><a href=\"https:\/\/www.suno.com.br\/noticias\/author\/vanessal-loiolagmail-com\/\" class=\"authorBox__avatar noMobi\"><img src=\"https:\/\/secure.gravatar.com\/avatar\/8b41117f9780831919eb38da349c3f20?s=96&#038;r=g\" alt=\"Vanessa Loiola\"><\/a><div class=\"authorBox__name\"><span>por\n\t\t\t<a href=\"https:\/\/www.suno.com.br\/noticias\/author\/vanessal-loiolagmail-com\/\"><span itemprop=\"author\">Vanessa Loiola<\/span><\/a><\/span><time datetime=\"2023-06-20T21:45:33-03:00\" itemprop=\"datePublished\">20\/06\/2023 21:45<\/time><\/div><\/div><\/div><\/div><\/div>","single_layout":"posts","amp_enabled":true,"_links":{"self":[{"href":"https:\/\/www.suno.com.br\/noticias\/wp-json\/wp\/v2\/posts\/419204"}],"collection":[{"href":"https:\/\/www.suno.com.br\/noticias\/wp-json\/wp\/v2\/posts"}],"about":[{"href":"https:\/\/www.suno.com.br\/noticias\/wp-json\/wp\/v2\/types\/post"}],"author":[{"embeddable":true,"href":"https:\/\/www.suno.com.br\/noticias\/wp-json\/wp\/v2\/users\/227"}],"replies":[{"embeddable":true,"href":"https:\/\/www.suno.com.br\/noticias\/wp-json\/wp\/v2\/comments?post=419204"}],"version-history":[{"count":2,"href":"https:\/\/www.suno.com.br\/noticias\/wp-json\/wp\/v2\/posts\/419204\/revisions"}],"predecessor-version":[{"id":419228,"href":"https:\/\/www.suno.com.br\/noticias\/wp-json\/wp\/v2\/posts\/419204\/revisions\/419228"}],"wp:featuredmedia":[{"embeddable":true,"href":"https:\/\/www.suno.com.br\/noticias\/wp-json\/wp\/v2\/media\/406706"}],"wp:attachment":[{"href":"https:\/\/www.suno.com.br\/noticias\/wp-json\/wp\/v2\/media?parent=419204"}],"wp:term":[{"taxonomy":"category","embeddable":true,"href":"https:\/\/www.suno.com.br\/noticias\/wp-json\/wp\/v2\/categories?post=419204"},{"taxonomy":"post_tag","embeddable":true,"href":"https:\/\/www.suno.com.br\/noticias\/wp-json\/wp\/v2\/tags?post=419204"},{"taxonomy":"suno_strategy","embeddable":true,"href":"https:\/\/www.suno.com.br\/noticias\/wp-json\/wp\/v2\/suno_strategy?post=419204"}],"curies":[{"name":"wp","href":"https:\/\/api.w.org\/{rel}","templated":true}]}}