{"id":41904,"date":"2019-10-22T12:21:52","date_gmt":"2019-10-22T14:21:52","guid":{"rendered":"https:\/\/www.suno.com.br\/noticias\/?p=41904"},"modified":"2019-10-23T12:02:00","modified_gmt":"2019-10-23T14:02:00","slug":"braskem-alaska-reduz-diminui-participacao-societaria","status":"publish","type":"post","link":"https:\/\/www.suno.com.br\/noticias\/braskem-alaska-reduz-diminui-participacao-societaria\/","title":{"rendered":"Alaska reduz sua participa\u00e7\u00e3o societ\u00e1ria na Braskem"},"content":{"rendered":"<p>A <strong><a href=\"https:\/\/www.suno.com.br\/artigos\/alaska-black\/\">Alaska Asset Management<\/a><\/strong> reduziu sua participa\u00e7\u00e3o acion\u00e1ria na Braskem (BRKM5; BRKM3). A diminui\u00e7\u00e3o foi para 4,86% das <strong><a href=\"https:\/\/www.suno.com.br\/artigos\/tipos-de-acoes\/\">a\u00e7\u00f5es preferenciais (PN)<\/a><\/strong> de <a href=\"https:\/\/www.suno.com.br\/artigos\/a-importancia-da-diversificacao-entre-classes-de-ativos\/\">classe A<\/a> da companhia. A informa\u00e7\u00e3o foi divulgada pelo <a href=\"https:\/\/www.suno.com.br\/artigos\/fato-relevante\/\">fato relevante<\/a> nesta ter\u00e7a-feira (22).<\/p>\t<div class=\"wrapper-featured-image\">\n\t\t<figure class=\"spotlightImg\">\n\n\t\t\t<picture>\n\t\t\t\t<source media=\"(max-width: 768px)\" srcset=\"https:\/\/files.sunoresearch.com.br\/n\/uploads\/2019\/06\/18974d55-braskemm-400x200.webp\">\n\t\t\t\t<img loading=\"lazy\" decoding=\"async\" class=\"newsContent__article__imgCapa lazyloadDisabled newsContent__article__imgCapa--noCaption\" src=\"https:\/\/files.sunoresearch.com.br\/n\/uploads\/2019\/06\/18974d55-braskemm-800x450.webp\" width=\"800\" height=\"450\" alt=\"Alaska reduz sua participa\u00e7\u00e3o societ\u00e1ria na Braskem\" fetchpriority=high \/>\n\t\t\t<\/picture>\n\n\t\t\t<figcaption class=\"wp-caption-text wp-caption-text--hide\">Braskem realizou sua teleconfer\u00eancia nesta quinta-feira<\/figcaption>\n\t\t<\/figure>\n\t<\/div>\n\n\n\n<p>&#8220;A Alaska Investimentos informou, ainda, que a redu\u00e7\u00e3o da participa\u00e7\u00e3o societ\u00e1ria teve por objetivo a mera realiza\u00e7\u00e3o de opera\u00e7\u00f5es financeiras, n\u00e3o objetivando altera\u00e7\u00e3o do controle acion\u00e1rio ou da estrutura administrativa da companhia&#8221;, informou a <strong>Braskem<\/strong>.<\/p>\n<p>Ao todo, a Alaska, dos gestores <a href=\"https:\/\/www.suno.com.br\/tudo-sobre\/henrique-bredda\/\">Henrique Bredda<\/a> e<a href=\"https:\/\/www.suno.com.br\/tudo-sobre\/henrique-bredda\/\"> Luiz Alvez Paes de Barro<\/a>, possui 16.787.800 a\u00e7\u00f5es preferenciais classe A.<\/p>\n<p><em>As a\u00e7\u00f5es PN classe A s\u00e3o representadas pelo n\u00famero cinco ap\u00f3s a sigla da empresa, representa um recebimento m\u00ednimo de dividendo.<\/em><\/p>\n<h2>Alaska aumenta participa\u00e7\u00e3o acion\u00e1ria na petroqu\u00edmica<\/h2>\n<p>No dia 26 de setembro, a Alaska comprou novas a\u00e7\u00f5es preferenciais da Braskem, atrav\u00e9s de seus fundos de investimentos.\u00a0Antes, a companhia tinha 17.284.300 pap\u00e9is da petroqu\u00edmica, o que equivalia a 5% do total da empresa.<\/p>\n<p><a href=\"\/\/www.suno.com.br\/noticias\/odebrecht-e-bancos-credores-reforcam-procura-por-acordo-sobre-braskem\/\">Confira Tamb\u00e9m: Odebrecht e bancos credores refor\u00e7am procura por acordo sobre Braskem<\/a><\/p>\n<p>De acordo com a Braskem, a gestora de recursos det\u00e9m 3 milh\u00f5es de instrumentos financeiros derivativos referenciados em a\u00e7\u00f5es PN classe A.<\/p>\n<p>Quando aumento a sua participa\u00e7\u00e3o acion\u00e1ria da empresa, informou \u00e0 petroqu\u00edmica que tinha como intuito primordial a realiza\u00e7\u00e3o de opera\u00e7\u00f5es financeiras, mas sem mudar a composi\u00e7\u00e3o do controle da empresa.<\/p>\n<h2>Braskem estuda emitir at\u00e9 US$ 3 bilh\u00f5es em d\u00edvida<\/h2>\n<p>A Braskem, segundo fontes do jornal &#8220;Valor Econ\u00f4mico&#8221;, pretende levantar entre US$ 2,5 bilh\u00f5es e US$ 3 bilh\u00f5es por meio de d\u00edvidas de cr\u00e9dito privado. As deb\u00eantures da companhia seriam direcionadas ao mercado nacional e internacional.<\/p>\n<p>Nas \u00faltimas semanas, a companhia se reuniu com gestores de fundos de cr\u00e9dito brasileiros. Nos encontros, esclareceu o cen\u00e1rio atual do neg\u00f3cio da companhia e sondou se existe uma demanda para uma emiss\u00e3o dos pap\u00e9is.<\/p>\n\n<p>Aqui no Brasil, a discuss\u00e3o em termos de remunera\u00e7\u00e3o ficou em torno do <strong><a href=\"https:\/\/www.suno.com.br\/artigos\/cdi\/\">CDI<\/a> <\/strong>mais 1,1% ao ano. No exterior, a <strong>Braskem<\/strong> n\u00e3o poderia realizar a emiss\u00e3o de d\u00edvida, entretanto, na \u00faltima quinta-feira (17), a petroqu\u00edmica foi regularizada junto ao <a href=\"https:\/\/www.suno.com.br\/artigos\/sec\/\">U.S. Securities and Exchange Commission (SEC)<\/a>, \u00f3rg\u00e3o regulador do mercado estadunidense.<\/p>\n","protected":false},"excerpt":{"rendered":"<p>A Alaska Asset Management reduziu sua participa\u00e7\u00e3o acion\u00e1ria na Braskem (BRKM5; BRKM3). A diminui\u00e7\u00e3o foi para 4,86% das a\u00e7\u00f5es preferenciais (PN) de classe A da companhia. A informa\u00e7\u00e3o foi divulgada pelo fato relevante nesta ter\u00e7a-feira (22). Braskem realizou sua teleconfer\u00eancia nesta quinta-feira &#8220;A Alaska Investimentos informou, ainda, que a redu\u00e7\u00e3o da participa\u00e7\u00e3o societ\u00e1ria teve por [&hellip;]<\/p>\n","protected":false},"author":15,"featured_media":29280,"comment_status":"closed","ping_status":"closed","sticky":false,"template":"","format":"standard","meta":[],"categories":[64],"tags":[395],"suno_strategy":[],"class_list":["post-41904","post","type-post","status-publish","format-standard","has-post-thumbnail","hentry","category-negocios","tag-braskem-brkm3-brkm5-brkm6"],"yoast_head":"<!-- This site is optimized with the Yoast SEO plugin v24.4 - https:\/\/yoast.com\/wordpress\/plugins\/seo\/ -->\n<title>Alaska reduz sua participa\u00e7\u00e3o societ\u00e1ria na Braskem<\/title>\n<meta name=\"description\" content=\"A Alaska reduziu sua participa\u00e7\u00e3o acion\u00e1ria na Braskem e foi para 4,86% das a\u00e7\u00f5es PN de classe A da companhia. Clique aqui e saiba mais\" \/>\n<meta name=\"robots\" content=\"index, follow, max-snippet:-1, max-image-preview:large, max-video-preview:-1\" \/>\n<link rel=\"canonical\" href=\"https:\/\/www.suno.com.br\/noticias\/braskem-alaska-reduz-diminui-participacao-societaria\/\" \/>\n<meta property=\"og:locale\" content=\"pt_BR\" \/>\n<meta property=\"og:type\" content=\"article\" \/>\n<meta property=\"og:title\" content=\"Alaska reduz sua participa\u00e7\u00e3o societ\u00e1ria na Braskem\" \/>\n<meta property=\"og:description\" content=\"A Alaska reduziu sua participa\u00e7\u00e3o acion\u00e1ria na Braskem e foi para 4,86% das a\u00e7\u00f5es PN de classe A da companhia. Clique aqui e saiba mais\" \/>\n<meta property=\"og:url\" content=\"https:\/\/www.suno.com.br\/noticias\/braskem-alaska-reduz-diminui-participacao-societaria\/\" \/>\n<meta property=\"og:site_name\" content=\"Suno Not\u00edcias\" \/>\n<meta property=\"article:publisher\" content=\"https:\/\/facebook.com\/sunoresearch\" \/>\n<meta property=\"og:image\" content=\"https:\/\/files.sunoresearch.com.br\/n\/uploads\/2019\/06\/18974d55-braskemm.jpg\" \/>\n\t<meta property=\"og:image:width\" content=\"1125\" \/>\n\t<meta property=\"og:image:height\" content=\"750\" \/>\n\t<meta property=\"og:image:type\" content=\"image\/jpeg\" \/>\n<meta name=\"author\" content=\"Poliana Santos\" \/>\n<meta name=\"twitter:card\" content=\"summary_large_image\" \/>\n<meta name=\"twitter:creator\" content=\"@sunoresearch\" \/>\n<meta name=\"twitter:site\" content=\"@sunoresearch\" \/>\n<meta name=\"twitter:label1\" content=\"Escrito por\" \/>\n\t<meta name=\"twitter:data1\" content=\"Poliana Santos\" \/>\n\t<meta name=\"twitter:label2\" content=\"Est. tempo de leitura\" \/>\n\t<meta name=\"twitter:data2\" content=\"2 minutos\" \/>\n<script type=\"application\/ld+json\" class=\"yoast-schema-graph\">{\"@context\":\"https:\/\/schema.org\",\"@graph\":[{\"@type\":\"NewsArticle\",\"@id\":\"https:\/\/www.suno.com.br\/noticias\/braskem-alaska-reduz-diminui-participacao-societaria\/#article\",\"isPartOf\":{\"@id\":\"https:\/\/www.suno.com.br\/noticias\/braskem-alaska-reduz-diminui-participacao-societaria\/\"},\"author\":{\"name\":\"Poliana Santos\",\"@id\":\"https:\/\/www.suno.com.br\/noticias\/#\/schema\/person\/02ec1f752758247878a2bf4abee1aeda\"},\"headline\":\"Alaska reduz sua participa\u00e7\u00e3o societ\u00e1ria na Braskem\",\"datePublished\":\"2019-10-22T14:21:52+00:00\",\"dateModified\":\"2019-10-23T14:02:00+00:00\",\"mainEntityOfPage\":{\"@id\":\"https:\/\/www.suno.com.br\/noticias\/braskem-alaska-reduz-diminui-participacao-societaria\/\"},\"wordCount\":408,\"publisher\":{\"@id\":\"https:\/\/www.suno.com.br\/noticias\/#organization\"},\"image\":{\"@id\":\"https:\/\/www.suno.com.br\/noticias\/braskem-alaska-reduz-diminui-participacao-societaria\/#primaryimage\"},\"thumbnailUrl\":\"https:\/\/files.sunoresearch.com.br\/n\/uploads\/2019\/06\/18974d55-braskemm-jpg.webp\",\"keywords\":[\"Braskem (BRKM3\/BRKM5\/BRKM6)\"],\"articleSection\":[\"Neg\u00f3cios\"],\"inLanguage\":\"pt-BR\"},{\"@type\":\"WebPage\",\"@id\":\"https:\/\/www.suno.com.br\/noticias\/braskem-alaska-reduz-diminui-participacao-societaria\/\",\"url\":\"https:\/\/www.suno.com.br\/noticias\/braskem-alaska-reduz-diminui-participacao-societaria\/\",\"name\":\"Alaska reduz sua participa\u00e7\u00e3o societ\u00e1ria na Braskem\",\"isPartOf\":{\"@id\":\"https:\/\/www.suno.com.br\/noticias\/#website\"},\"primaryImageOfPage\":{\"@id\":\"https:\/\/www.suno.com.br\/noticias\/braskem-alaska-reduz-diminui-participacao-societaria\/#primaryimage\"},\"image\":{\"@id\":\"https:\/\/www.suno.com.br\/noticias\/braskem-alaska-reduz-diminui-participacao-societaria\/#primaryimage\"},\"thumbnailUrl\":\"https:\/\/files.sunoresearch.com.br\/n\/uploads\/2019\/06\/18974d55-braskemm-jpg.webp\",\"datePublished\":\"2019-10-22T14:21:52+00:00\",\"dateModified\":\"2019-10-23T14:02:00+00:00\",\"description\":\"A Alaska reduziu sua participa\u00e7\u00e3o acion\u00e1ria na Braskem e foi para 4,86% das a\u00e7\u00f5es PN de classe A da companhia. Clique aqui e saiba mais\",\"breadcrumb\":{\"@id\":\"https:\/\/www.suno.com.br\/noticias\/braskem-alaska-reduz-diminui-participacao-societaria\/#breadcrumb\"},\"inLanguage\":\"pt-BR\",\"potentialAction\":[{\"@type\":\"ReadAction\",\"target\":[\"https:\/\/www.suno.com.br\/noticias\/braskem-alaska-reduz-diminui-participacao-societaria\/\"]}]},{\"@type\":\"ImageObject\",\"inLanguage\":\"pt-BR\",\"@id\":\"https:\/\/www.suno.com.br\/noticias\/braskem-alaska-reduz-diminui-participacao-societaria\/#primaryimage\",\"url\":\"https:\/\/files.sunoresearch.com.br\/n\/uploads\/2019\/06\/18974d55-braskemm-jpg.webp\",\"contentUrl\":\"https:\/\/files.sunoresearch.com.br\/n\/uploads\/2019\/06\/18974d55-braskemm-jpg.webp\",\"width\":1125,\"height\":750,\"caption\":\"Braskem realizou sua teleconfer\u00eancia nesta quinta-feira\"},{\"@type\":\"BreadcrumbList\",\"@id\":\"https:\/\/www.suno.com.br\/noticias\/braskem-alaska-reduz-diminui-participacao-societaria\/#breadcrumb\",\"itemListElement\":[{\"@type\":\"ListItem\",\"position\":1,\"name\":\"Not\u00edcias\",\"item\":\"https:\/\/www.suno.com.br\/noticias\/\"},{\"@type\":\"ListItem\",\"position\":2,\"name\":\"Neg\u00f3cios\",\"item\":\"https:\/\/www.suno.com.br\/noticias\/negocios\/\"},{\"@type\":\"ListItem\",\"position\":3,\"name\":\"Alaska reduz sua participa\u00e7\u00e3o societ\u00e1ria na Braskem\"}]},{\"@type\":\"WebSite\",\"@id\":\"https:\/\/www.suno.com.br\/noticias\/#website\",\"url\":\"https:\/\/www.suno.com.br\/noticias\/\",\"name\":\"Suno Not\u00edcias\",\"description\":\"Seu portal de informa\u00e7\u00e3o sobre o mundo dos investimentos\",\"publisher\":{\"@id\":\"https:\/\/www.suno.com.br\/noticias\/#organization\"},\"potentialAction\":[{\"@type\":\"SearchAction\",\"target\":{\"@type\":\"EntryPoint\",\"urlTemplate\":\"https:\/\/www.suno.com.br\/noticias\/?s={search_term_string}\"},\"query-input\":{\"@type\":\"PropertyValueSpecification\",\"valueRequired\":true,\"valueName\":\"search_term_string\"}}],\"inLanguage\":\"pt-BR\"},{\"@type\":\"Organization\",\"@id\":\"https:\/\/www.suno.com.br\/noticias\/#organization\",\"name\":\"Suno Not\u00edcias\",\"url\":\"https:\/\/www.suno.com.br\/noticias\/\",\"logo\":{\"@type\":\"ImageObject\",\"inLanguage\":\"pt-BR\",\"@id\":\"https:\/\/www.suno.com.br\/noticias\/#\/schema\/logo\/image\/\",\"url\":\"https:\/\/files.sunoresearch.com.br\/n\/uploads\/2021\/09\/suno-logo.png\",\"contentUrl\":\"https:\/\/files.sunoresearch.com.br\/n\/uploads\/2021\/09\/suno-logo.png\",\"width\":180,\"height\":180,\"caption\":\"Suno Not\u00edcias\"},\"image\":{\"@id\":\"https:\/\/www.suno.com.br\/noticias\/#\/schema\/logo\/image\/\"},\"sameAs\":[\"https:\/\/facebook.com\/sunoresearch\",\"https:\/\/x.com\/sunoresearch\",\"https:\/\/www.instagram.com\/suno\",\"https:\/\/www.linkedin.com\/company\/suno-research\/\",\"https:\/\/www.youtube.com\/c\/sunoresearch\"]},{\"@type\":\"Person\",\"@id\":\"https:\/\/www.suno.com.br\/noticias\/#\/schema\/person\/02ec1f752758247878a2bf4abee1aeda\",\"name\":\"Poliana Santos\",\"image\":{\"@type\":\"ImageObject\",\"inLanguage\":\"pt-BR\",\"@id\":\"https:\/\/www.suno.com.br\/noticias\/#\/schema\/person\/image\/\",\"url\":\"https:\/\/secure.gravatar.com\/avatar\/0645bd32f23d87b2130f2b2dff1d3f8d?s=96&r=g\",\"contentUrl\":\"https:\/\/secure.gravatar.com\/avatar\/0645bd32f23d87b2130f2b2dff1d3f8d?s=96&r=g\",\"caption\":\"Poliana Santos\"},\"description\":\"Rep\u00f3rter no Suno Not\u00edcias, com cobertura em mercado financeiro, economia, finan\u00e7as pessoais, renda fixa e varejo. Jornalista formada pela Faculdade C\u00e1sper L\u00edbero e possui passagem na R\u00e1dio Gazeta AM com a produ\u00e7\u00e3o de conte\u00fado sobre economia, pol\u00edtica, sa\u00fade, moda e m\u00fasica. Possui certificado de conclus\u00e3o do curso de An\u00e1lise de Balan\u00e7os pela Funda\u00e7\u00e3o Bradesco, Agenda Brasil pela FAAP, Educa\u00e7\u00e3o Pol\u00edtica por Alexandre Garcia e do Tesouro Direto e Mercado de A\u00e7\u00f5es pela B3.\",\"url\":\"https:\/\/www.suno.com.br\/noticias\/author\/poliana-santos\/\"}]}<\/script>\n<!-- \/ Yoast SEO plugin. -->","yoast_head_json":{"title":"Alaska reduz sua participa\u00e7\u00e3o societ\u00e1ria na Braskem","description":"A Alaska reduziu sua participa\u00e7\u00e3o acion\u00e1ria na Braskem e foi para 4,86% das a\u00e7\u00f5es PN de classe A da companhia. Clique aqui e saiba mais","robots":{"index":"index","follow":"follow","max-snippet":"max-snippet:-1","max-image-preview":"max-image-preview:large","max-video-preview":"max-video-preview:-1"},"canonical":"https:\/\/www.suno.com.br\/noticias\/braskem-alaska-reduz-diminui-participacao-societaria\/","og_locale":"pt_BR","og_type":"article","og_title":"Alaska reduz sua participa\u00e7\u00e3o societ\u00e1ria na Braskem","og_description":"A Alaska reduziu sua participa\u00e7\u00e3o acion\u00e1ria na Braskem e foi para 4,86% das a\u00e7\u00f5es PN de classe A da companhia. Clique aqui e saiba mais","og_url":"https:\/\/www.suno.com.br\/noticias\/braskem-alaska-reduz-diminui-participacao-societaria\/","og_site_name":"Suno Not\u00edcias","article_publisher":"https:\/\/facebook.com\/sunoresearch","og_image":[{"width":1125,"height":750,"url":"https:\/\/files.sunoresearch.com.br\/n\/uploads\/2019\/06\/18974d55-braskemm.jpg","type":"image\/jpeg"}],"author":"Poliana Santos","twitter_card":"summary_large_image","twitter_creator":"@sunoresearch","twitter_site":"@sunoresearch","twitter_misc":{"Escrito por":"Poliana Santos","Est. tempo de leitura":"2 minutos"},"schema":{"@context":"https:\/\/schema.org","@graph":[{"@type":"NewsArticle","@id":"https:\/\/www.suno.com.br\/noticias\/braskem-alaska-reduz-diminui-participacao-societaria\/#article","isPartOf":{"@id":"https:\/\/www.suno.com.br\/noticias\/braskem-alaska-reduz-diminui-participacao-societaria\/"},"author":{"name":"Poliana Santos","@id":"https:\/\/www.suno.com.br\/noticias\/#\/schema\/person\/02ec1f752758247878a2bf4abee1aeda"},"headline":"Alaska reduz sua participa\u00e7\u00e3o societ\u00e1ria na Braskem","datePublished":"2019-10-22T14:21:52+00:00","dateModified":"2019-10-23T14:02:00+00:00","mainEntityOfPage":{"@id":"https:\/\/www.suno.com.br\/noticias\/braskem-alaska-reduz-diminui-participacao-societaria\/"},"wordCount":408,"publisher":{"@id":"https:\/\/www.suno.com.br\/noticias\/#organization"},"image":{"@id":"https:\/\/www.suno.com.br\/noticias\/braskem-alaska-reduz-diminui-participacao-societaria\/#primaryimage"},"thumbnailUrl":"https:\/\/files.sunoresearch.com.br\/n\/uploads\/2019\/06\/18974d55-braskemm-jpg.webp","keywords":["Braskem (BRKM3\/BRKM5\/BRKM6)"],"articleSection":["Neg\u00f3cios"],"inLanguage":"pt-BR"},{"@type":"WebPage","@id":"https:\/\/www.suno.com.br\/noticias\/braskem-alaska-reduz-diminui-participacao-societaria\/","url":"https:\/\/www.suno.com.br\/noticias\/braskem-alaska-reduz-diminui-participacao-societaria\/","name":"Alaska reduz sua participa\u00e7\u00e3o societ\u00e1ria na Braskem","isPartOf":{"@id":"https:\/\/www.suno.com.br\/noticias\/#website"},"primaryImageOfPage":{"@id":"https:\/\/www.suno.com.br\/noticias\/braskem-alaska-reduz-diminui-participacao-societaria\/#primaryimage"},"image":{"@id":"https:\/\/www.suno.com.br\/noticias\/braskem-alaska-reduz-diminui-participacao-societaria\/#primaryimage"},"thumbnailUrl":"https:\/\/files.sunoresearch.com.br\/n\/uploads\/2019\/06\/18974d55-braskemm-jpg.webp","datePublished":"2019-10-22T14:21:52+00:00","dateModified":"2019-10-23T14:02:00+00:00","description":"A Alaska reduziu sua participa\u00e7\u00e3o acion\u00e1ria na Braskem e foi para 4,86% das a\u00e7\u00f5es PN de classe A da companhia. Clique aqui e saiba mais","breadcrumb":{"@id":"https:\/\/www.suno.com.br\/noticias\/braskem-alaska-reduz-diminui-participacao-societaria\/#breadcrumb"},"inLanguage":"pt-BR","potentialAction":[{"@type":"ReadAction","target":["https:\/\/www.suno.com.br\/noticias\/braskem-alaska-reduz-diminui-participacao-societaria\/"]}]},{"@type":"ImageObject","inLanguage":"pt-BR","@id":"https:\/\/www.suno.com.br\/noticias\/braskem-alaska-reduz-diminui-participacao-societaria\/#primaryimage","url":"https:\/\/files.sunoresearch.com.br\/n\/uploads\/2019\/06\/18974d55-braskemm-jpg.webp","contentUrl":"https:\/\/files.sunoresearch.com.br\/n\/uploads\/2019\/06\/18974d55-braskemm-jpg.webp","width":1125,"height":750,"caption":"Braskem realizou sua teleconfer\u00eancia nesta quinta-feira"},{"@type":"BreadcrumbList","@id":"https:\/\/www.suno.com.br\/noticias\/braskem-alaska-reduz-diminui-participacao-societaria\/#breadcrumb","itemListElement":[{"@type":"ListItem","position":1,"name":"Not\u00edcias","item":"https:\/\/www.suno.com.br\/noticias\/"},{"@type":"ListItem","position":2,"name":"Neg\u00f3cios","item":"https:\/\/www.suno.com.br\/noticias\/negocios\/"},{"@type":"ListItem","position":3,"name":"Alaska reduz sua participa\u00e7\u00e3o societ\u00e1ria na Braskem"}]},{"@type":"WebSite","@id":"https:\/\/www.suno.com.br\/noticias\/#website","url":"https:\/\/www.suno.com.br\/noticias\/","name":"Suno Not\u00edcias","description":"Seu portal de informa\u00e7\u00e3o sobre o mundo dos investimentos","publisher":{"@id":"https:\/\/www.suno.com.br\/noticias\/#organization"},"potentialAction":[{"@type":"SearchAction","target":{"@type":"EntryPoint","urlTemplate":"https:\/\/www.suno.com.br\/noticias\/?s={search_term_string}"},"query-input":{"@type":"PropertyValueSpecification","valueRequired":true,"valueName":"search_term_string"}}],"inLanguage":"pt-BR"},{"@type":"Organization","@id":"https:\/\/www.suno.com.br\/noticias\/#organization","name":"Suno Not\u00edcias","url":"https:\/\/www.suno.com.br\/noticias\/","logo":{"@type":"ImageObject","inLanguage":"pt-BR","@id":"https:\/\/www.suno.com.br\/noticias\/#\/schema\/logo\/image\/","url":"https:\/\/files.sunoresearch.com.br\/n\/uploads\/2021\/09\/suno-logo.png","contentUrl":"https:\/\/files.sunoresearch.com.br\/n\/uploads\/2021\/09\/suno-logo.png","width":180,"height":180,"caption":"Suno Not\u00edcias"},"image":{"@id":"https:\/\/www.suno.com.br\/noticias\/#\/schema\/logo\/image\/"},"sameAs":["https:\/\/facebook.com\/sunoresearch","https:\/\/x.com\/sunoresearch","https:\/\/www.instagram.com\/suno","https:\/\/www.linkedin.com\/company\/suno-research\/","https:\/\/www.youtube.com\/c\/sunoresearch"]},{"@type":"Person","@id":"https:\/\/www.suno.com.br\/noticias\/#\/schema\/person\/02ec1f752758247878a2bf4abee1aeda","name":"Poliana Santos","image":{"@type":"ImageObject","inLanguage":"pt-BR","@id":"https:\/\/www.suno.com.br\/noticias\/#\/schema\/person\/image\/","url":"https:\/\/secure.gravatar.com\/avatar\/0645bd32f23d87b2130f2b2dff1d3f8d?s=96&r=g","contentUrl":"https:\/\/secure.gravatar.com\/avatar\/0645bd32f23d87b2130f2b2dff1d3f8d?s=96&r=g","caption":"Poliana Santos"},"description":"Rep\u00f3rter no Suno Not\u00edcias, com cobertura em mercado financeiro, economia, finan\u00e7as pessoais, renda fixa e varejo. Jornalista formada pela Faculdade C\u00e1sper L\u00edbero e possui passagem na R\u00e1dio Gazeta AM com a produ\u00e7\u00e3o de conte\u00fado sobre economia, pol\u00edtica, sa\u00fade, moda e m\u00fasica. Possui certificado de conclus\u00e3o do curso de An\u00e1lise de Balan\u00e7os pela Funda\u00e7\u00e3o Bradesco, Agenda Brasil pela FAAP, Educa\u00e7\u00e3o Pol\u00edtica por Alexandre Garcia e do Tesouro Direto e Mercado de A\u00e7\u00f5es pela B3.","url":"https:\/\/www.suno.com.br\/noticias\/author\/poliana-santos\/"}]}},"default_loop_html":"<div class=\"cardsPage__listCard__boxs\"><div class=\"cardsPage__listCard__boxs__img\"><a href=\"https:\/\/www.suno.com.br\/noticias\/braskem-alaska-reduz-diminui-participacao-societaria\/\"><img class=\"mask\" src=\"https:\/\/www.suno.com.br\/noticias\/wp-content\/themes\/suno\/resources\/images\/spotlight\/spotlight1img\/bg-mask.png\" alt=\"Image Mask\"\/><img src=\"https:\/\/files.sunoresearch.com.br\/n\/uploads\/2019\/06\/18974d55-braskemm-400x200.webp\" alt=\"Alaska reduz sua participa\u00e7\u00e3o societ\u00e1ria na Braskem\"\/><\/a><span class=\"spotlightCategory\"><a href=\"https:\/\/www.suno.com.br\/noticias\/negocios\/\">Neg\u00f3cios<\/a><\/span><\/div><div class=\"cardsPage__listCard__boxs__content\"><a href=\"https:\/\/www.suno.com.br\/noticias\/braskem-alaska-reduz-diminui-participacao-societaria\/\"><h2 class=\"content__title\">Alaska reduz sua participa\u00e7\u00e3o societ\u00e1ria na Braskem<\/h2><\/a><div class=\"newsContent__article__meta\"><div class=\"newsContent__article__meta__authorBox\"><a href=\"https:\/\/www.suno.com.br\/noticias\/author\/poliana-santos\/\" class=\"authorBox__avatar noMobi\"><img src=\"https:\/\/files.sunoresearch.com.br\/n\/uploads\/2020\/08\/7ef34026-whatsapp-image-2020-08-03-at-12.37.57-150x150.webp\" alt=\"Poliana Santos\"><\/a><div class=\"authorBox__name\"><span>por\n\t\t\t<a href=\"https:\/\/www.suno.com.br\/noticias\/author\/poliana-santos\/\"><span itemprop=\"author\">Poliana Santos<\/span><\/a><\/span><time datetime=\"2019-10-22T12:21:52-03:00\" itemprop=\"datePublished\">22\/10\/2019 12:21<\/time><\/div><\/div><\/div><\/div><\/div>","single_layout":"posts","amp_enabled":true,"_links":{"self":[{"href":"https:\/\/www.suno.com.br\/noticias\/wp-json\/wp\/v2\/posts\/41904"}],"collection":[{"href":"https:\/\/www.suno.com.br\/noticias\/wp-json\/wp\/v2\/posts"}],"about":[{"href":"https:\/\/www.suno.com.br\/noticias\/wp-json\/wp\/v2\/types\/post"}],"author":[{"embeddable":true,"href":"https:\/\/www.suno.com.br\/noticias\/wp-json\/wp\/v2\/users\/15"}],"replies":[{"embeddable":true,"href":"https:\/\/www.suno.com.br\/noticias\/wp-json\/wp\/v2\/comments?post=41904"}],"version-history":[{"count":0,"href":"https:\/\/www.suno.com.br\/noticias\/wp-json\/wp\/v2\/posts\/41904\/revisions"}],"wp:featuredmedia":[{"embeddable":true,"href":"https:\/\/www.suno.com.br\/noticias\/wp-json\/wp\/v2\/media\/29280"}],"wp:attachment":[{"href":"https:\/\/www.suno.com.br\/noticias\/wp-json\/wp\/v2\/media?parent=41904"}],"wp:term":[{"taxonomy":"category","embeddable":true,"href":"https:\/\/www.suno.com.br\/noticias\/wp-json\/wp\/v2\/categories?post=41904"},{"taxonomy":"post_tag","embeddable":true,"href":"https:\/\/www.suno.com.br\/noticias\/wp-json\/wp\/v2\/tags?post=41904"},{"taxonomy":"suno_strategy","embeddable":true,"href":"https:\/\/www.suno.com.br\/noticias\/wp-json\/wp\/v2\/suno_strategy?post=41904"}],"curies":[{"name":"wp","href":"https:\/\/api.w.org\/{rel}","templated":true}]}}