{"id":418963,"date":"2023-06-20T16:55:20","date_gmt":"2023-06-20T19:55:20","guid":{"rendered":"https:\/\/www.suno.com.br\/noticias\/?p=418963"},"modified":"2023-06-20T16:55:28","modified_gmt":"2023-06-20T19:55:28","slug":"embraer-embr3-weg-wege3-qual-acao-investir-veja-opinioes","status":"publish","type":"post","link":"https:\/\/www.suno.com.br\/noticias\/embraer-embr3-weg-wege3-qual-acao-investir-veja-opinioes\/","title":{"rendered":"Embraer (EMBR3) ou Weg (WEGE3): qual a\u00e7\u00e3o investir? Veja opini\u00e3o de especialistas"},"content":{"rendered":"<p>Criada em 1969 com o objetivo de construir uma ind\u00fastria aeroespacial no Brasil, a <a href=\"https:\/\/www.suno.com.br\/acoes\/embr3\/\"><strong>Embraer<\/strong> (EMBR3)<\/a> ou Empresa Brasileira de Aeron\u00e1utica, privatizada em 1994, tem como base o atendimento de quatro segmentos principais: o de avia\u00e7\u00e3o comercial, avia\u00e7\u00e3o executiva, defesa e seguran\u00e7a, al\u00e9m de servi\u00e7os \u2013 este \u00faltimo, que presta suporte aos outros tr\u00eas.<\/p>\t<div class=\"wrapper-featured-image\">\n\t\t<figure class=\"spotlightImg\">\n\n\t\t\t<picture>\n\t\t\t\t<source media=\"(max-width: 768px)\" srcset=\"https:\/\/files.sunoresearch.com.br\/n\/uploads\/2023\/05\/NetJets-P500-1-1200x822-0767bf3b-1e8c-49b9-b46d-2f8848122330-400x200.jpg\">\n\t\t\t\t<img loading=\"lazy\" decoding=\"async\" class=\"newsContent__article__imgCapa lazyloadDisabled \" src=\"https:\/\/files.sunoresearch.com.br\/n\/uploads\/2023\/05\/NetJets-P500-1-1200x822-0767bf3b-1e8c-49b9-b46d-2f8848122330-800x450.jpg\" width=\"800\" height=\"450\" alt=\"Embraer (EMBR3) ou Weg (WEGE3): qual a\u00e7\u00e3o investir? Veja opini\u00e3o de especialistas\" fetchpriority=high \/>\n\t\t\t<\/picture>\n\n\t\t\t<figcaption class=\"wp-caption-text wp-caption-text--show\">Embraer (EMBR3). Foto: Divulga\u00e7\u00e3o<\/figcaption>\n\t\t<\/figure>\n\t<\/div>\n\n\n\n\n\n\t<p>\n\t\t<a href=\"\" target=\"_blank\" data-element=\"shortcode-suno-banner\" title=\"Banner SUNO, clique e saiba mais\">\n\t\t\t<picture>\n\t\t\t\t<source media=\"(max-width: 500px)\" srcset=\"\">\n\t\t\t\t<img class=\"newsContent__article__imgCapa newsContent__article__imgCapa--banner\"\n\t\t\t\t\tsrc=\"\"\n\t\t\t\t\tdata-promo-id=\"288009\"\t\t\t\t\t\t\t\t\t\t\t\t\t\t\talt=\"\"\n\t\t\t\t>\n\t\t\t<\/picture>\n\t\t<\/a>\n\t<\/p>\n\n\n\n\n\n\n\n<p>O <strong>segmento de avia\u00e7\u00e3o comercial<\/strong>, inclusive, \u00e9 uma das categorias mais cobi\u00e7adas pela f<strong>abricante de avi\u00f5es<\/strong>, que prev\u00ea uma demanda de 11 mil jatos jato e turbo\u00e9lices com at\u00e9 150 assentos, avaliados em US$ 650 bilh\u00f5es (R$ 3,1 tri, na cota\u00e7\u00e3o atual) nos pr\u00f3ximos 20 anos.<\/p>\n\n\n\t<div data-element=\"shortcode-read-more\" class=\"knowMore\">\n\t\t\t\t<span class=\"knowMore__title\">Leia mais<\/span>\n\t\t\t\t<a class=\"knowMore__link\" href=\"https:\/\/www.suno.com.br\/noticias\/embraer-embr3-demanda-11-mil-aeronaves-20-anos\/\">\n\t\t\tEmbraer (EMBR3) assina contratos com a American Airlines\u00a0(AALL34) e a Binter para venda de aeronaves\t\t<\/a>\n\t<\/div>\n\n\n\n\n<p>A <strong>divis\u00e3o da Embraer<\/strong> entregou 90 aeronaves em 2019 \u2013 per\u00edodo pr\u00e9-pandemia \u2013 e projeta conceder entre 65 a 70 unidades em 2023. \u201cA proje\u00e7\u00e3o informal para 2025 \u00e9 de entregar acima de 75 aeronaves, ainda em ritmo de recupera\u00e7\u00e3o, mas mostrando crescimento\u201d, disse Diego Bottai, partner na Norte Asset Management, durante o evento Super Cl\u00e1ssicos da Bolsa, promovido pela <strong>XP<\/strong> <a href=\"https:\/\/conteudos.xpi.com.br\/super-classicos-da-bolsa-de-valores-2023\/\">(confira a programa\u00e7\u00e3o completa).<\/a><\/p>\n\n\n\n<p>No caso da avia\u00e7\u00e3o executiva, cujo principal mercado s\u00e3o os Estados Unidos, a Norte tamb\u00e9m enxerga um segmento com grande potencial de crescimento. Em 2019, o n\u00famero de entregas chegou a quase 110; em 2023, a perspectiva \u00e9 de fornecer entre 120 e 130 avi\u00f5es e para o ano que vem, entre 135 e 140 aeronaves.<\/p>\n\n\n\n<p>J\u00e1 o setor de defesa e seguran\u00e7a da Embraer tem como carro-chefe o modelo KC390, tendo o Brasil como seu principal cliente, com 19 pedidos. Al\u00e9m de ser encomendado pela For\u00e7a A\u00e9rea Brasileira (FAB), a aeronave possui pedidos firmes de Portugal, Hungria e Holanda \u2013 ambos membros da Organiza\u00e7\u00e3o do Tratado do Atl\u00e2ntico Norte (OTAN).<\/p>\n\n\n\n<h2 class=\"wp-block-heading\">Eve: por que n\u00e3o \u00e9 precificada pelo mercado?<\/h2>\n\n\n\n<p>Fabricante do eVTOL, que desenvolve aeronaves el\u00e9tricas de decolagem e pouso vertical para futura circula\u00e7\u00e3o nas cidades, a Eve Air Mobility \u00e9 uma subsidi\u00e1ria da Embraer criada em 2020 e, desde maio do ano passado, \u00e9 listada na Bolsa de Nova York.<\/p>\n\n\n\n<p>Na segunda-feira (19), a Eve anunciou seus tr\u00eas primeiros fornecedores para uma aeronave el\u00e9trica de decolagem e pouso vertical (eVTOL). Os fornecedores s\u00e3o a BAE System, a DUC H\u00e9lice Propellers e a Nidec Aerospace LLC.<\/p>\n\n\n\t<div data-element=\"shortcode-read-more\" class=\"knowMore\">\n\t\t\t\t<span class=\"knowMore__title\">Leia mais<\/span>\n\t\t\t\t<a class=\"knowMore__link\" href=\"https:\/\/www.suno.com.br\/noticias\/eve-air-mobility-subsidiaria-embraer-embr3-fornecedores\/\">\n\t\t\tEmbraer (EMBR3): Eve Air Mobility anuncia tr\u00eas primeiros fornecedores de sua aeronave el\u00e9trica\t\t<\/a>\n\t<\/div>\n\n\n\n\n<p>Atualmente, o valor de mercado da Eve est\u00e1 na casa dos US$ 2,7 bilh\u00f5es. J\u00e1 a Embraer, dona de 90% da subsidi\u00e1ria, possui valor de mercado de US$ 3,1 bilh\u00f5es. Sendo assim, se \u00e9 t\u00e3o valiosa, por que n\u00e3o \u00e9 observada pelo mercado?<\/p>\n\n\n\n<p>\u201cSe for pensar na Eve, eu tenho a seguran\u00e7a de que a Embraer vai fazer um bom produto, tem uma experi\u00eancia grande em fazer aeronaves. O que eu n\u00e3o tenho seguran\u00e7a \u00e9 se realmente esse mercado existe, qual seu tamanho, se a infraestrutura vai ser vi\u00e1vel. O carro voador vai substituir o helic\u00f3ptero? Tem todo esse apelo ESG, mas tenho d\u00favida se esse mercado vai existir no m\u00e9dio prazo\u201d, questionou Diego Bottai, da Norte Asset Management.<\/p>\n\n\n\n<p>A <strong>subsidi\u00e1ria da Embraer<\/strong> planeja iniciar a montagem do primeiro prot\u00f3tipo do eVTOL durante a segunda metade de 2023, seguido pela campanha de testes em 2024. As primeiras entregas e a entrada em servi\u00e7o da aeronave est\u00e3o programadas para 2026.<\/p>\n\n\n\n<div class=\"pluginQuotation\">\n  <p class=\"ticker\">\n    Cota\u00e7\u00e3o <span>EMBR3<\/span>\n  <\/p>\n  <div class=\"info\">\n    <div class=\"leftSide\">\n      Gr\u00e1fico gerado em: 20\/06\/2023    <\/div>\n\t\t\t\t\t<div class=\"rightSide\">\n\t\t\t\t\t<span class=\"period\">\n\t\t\t\t\t\t5 Dias\t\t\t\t\t<\/span>\n\t\t\t<\/div>\n\t\t  <\/div>\n\n  <div id=\"chart-bc8f16c79389b565b60cca5ad5756f42\" data-block-hash=\"bc8f16c79389b565b60cca5ad5756f42\"  class=\"chart\" style=\"width:100%;height:400px;\"><\/div>\n\n  <div class=\"pluginQuotation__footer\">\n    <div class=\"dataChart\">\n\n      <div class=\"dataChart__div1 variation\">\n        <div class=\"value-negative\">\n          -4,75 (-0,96%)        <\/div>\n        <div class=\"text\">\n          Varia\u00e7\u00e3o do per\u00edodo\n        <\/div>\n      <\/div>\n\n      <div class=\"dataChart__div2 minMax\">\n        <div class=\"value\">\n          R$\u00a019,24        <\/div>\n        <div class=\"text\">\n          M\u00ednima\n        <\/div>\n      <\/div>\n\n      <div class=\"dataChart__div3 minMax\">\n        <div class=\"value\">\n          R$\u00a020,82        <\/div>\n        <div class=\"text\">\n          M\u00e1xima\n        <\/div>\n      <\/div>\n\n\t\t\t<div class=\"dataChart__div4 rightSide\">\n\t\t\t\t<div class=\"analiticaSource\">\n\t\t\t\t\t<span>\n\t\t\t\t\t\tFonte:\n\t\t\t\t\t<\/span>\n\t\t\t\t\t<img decoding=\"async\" class=\"analiticaLogo\" src=\"https:\/\/www.suno.com.br\/noticias\/wp-content\/plugins\/suno-block-ticker-quotation\/src\/suno-analitica-logo.png\" alt=\"Logo Suno Anal\u00edtica\" \/>\n\t\t\t\t<\/div>\n\n\t\t\t\t<a href=\"https:\/\/www.suno.com.br\/analitica\/acoes\/EMBR3\" target=\"_blank\">\n\t\t\t\t\t<span>\n\t\t\t\t\t\tVer mais cota\u00e7\u00f5es\n\t\t\t\t\t<\/span>\n\t\t\t\t\t<svg xmlns=\"http:\/\/www.w3.org\/2000\/svg\" width=\"9\" height=\"8\" viewBox=\"0 0 9 8\" fill=\"none\">\n\t\t\t\t\t\t<path d=\"M4.20996 0L3.50496 0.705L6.29496 3.5H0.209961V4.5H6.29496L3.50496 7.295L4.20996 8L8.20996 4L4.20996 0Z\" fill=\"#D42126\" \/>\n\t\t\t\t\t<\/svg>\n\t\t\t\t<\/a>\n    <\/div>\n\n    <\/div>\n  <\/div>\n<\/div>\n\n\n<script type=\"text\/javascript\">\n  let chart_bc8f16c79389b565b60cca5ad5756f42 = document.getElementById('chart-bc8f16c79389b565b60cca5ad5756f42');\n  let data_json_bc8f16c79389b565b60cca5ad5756f42 = \"[{\\\"date\\\":\\\"14\\\\\\\/06\\\\\\\/23 12:00\\\",\\\"value\\\":20.2},{\\\"date\\\":\\\"14\\\\\\\/06\\\\\\\/23 12:10\\\",\\\"value\\\":20.2},{\\\"date\\\":\\\"14\\\\\\\/06\\\\\\\/23 12:20\\\",\\\"value\\\":20.21},{\\\"date\\\":\\\"14\\\\\\\/06\\\\\\\/23 12:30\\\",\\\"value\\\":20.25},{\\\"date\\\":\\\"14\\\\\\\/06\\\\\\\/23 12:40\\\",\\\"value\\\":20.25},{\\\"date\\\":\\\"14\\\\\\\/06\\\\\\\/23 12:50\\\",\\\"value\\\":20.4},{\\\"date\\\":\\\"15\\\\\\\/06\\\\\\\/23 16:10\\\",\\\"value\\\":20.55},{\\\"date\\\":\\\"15\\\\\\\/06\\\\\\\/23 16:20\\\",\\\"value\\\":20.54},{\\\"date\\\":\\\"15\\\\\\\/06\\\\\\\/23 16:30\\\",\\\"value\\\":20.58},{\\\"date\\\":\\\"15\\\\\\\/06\\\\\\\/23 16:40\\\",\\\"value\\\":20.59},{\\\"date\\\":\\\"16\\\\\\\/06\\\\\\\/23 10:10\\\",\\\"value\\\":20.35},{\\\"date\\\":\\\"19\\\\\\\/06\\\\\\\/23 10:10\\\",\\\"value\\\":20.66},{\\\"date\\\":\\\"19\\\\\\\/06\\\\\\\/23 10:20\\\",\\\"value\\\":20.67},{\\\"date\\\":\\\"19\\\\\\\/06\\\\\\\/23 10:30\\\",\\\"value\\\":20.68},{\\\"date\\\":\\\"19\\\\\\\/06\\\\\\\/23 10:40\\\",\\\"value\\\":20.75},{\\\"date\\\":\\\"19\\\\\\\/06\\\\\\\/23 10:50\\\",\\\"value\\\":20.82},{\\\"date\\\":\\\"19\\\\\\\/06\\\\\\\/23 11:00\\\",\\\"value\\\":20.69},{\\\"date\\\":\\\"19\\\\\\\/06\\\\\\\/23 11:10\\\",\\\"value\\\":20.56},{\\\"date\\\":\\\"19\\\\\\\/06\\\\\\\/23 11:20\\\",\\\"value\\\":20.49},{\\\"date\\\":\\\"19\\\\\\\/06\\\\\\\/23 11:30\\\",\\\"value\\\":20.56},{\\\"date\\\":\\\"19\\\\\\\/06\\\\\\\/23 11:40\\\",\\\"value\\\":20.57},{\\\"date\\\":\\\"19\\\\\\\/06\\\\\\\/23 11:50\\\",\\\"value\\\":20.57},{\\\"date\\\":\\\"19\\\\\\\/06\\\\\\\/23 12:00\\\",\\\"value\\\":20.61},{\\\"date\\\":\\\"19\\\\\\\/06\\\\\\\/23 12:10\\\",\\\"value\\\":20.59},{\\\"date\\\":\\\"19\\\\\\\/06\\\\\\\/23 12:20\\\",\\\"value\\\":20.59},{\\\"date\\\":\\\"19\\\\\\\/06\\\\\\\/23 12:30\\\",\\\"value\\\":20.55},{\\\"date\\\":\\\"19\\\\\\\/06\\\\\\\/23 12:40\\\",\\\"value\\\":20.58},{\\\"date\\\":\\\"19\\\\\\\/06\\\\\\\/23 12:50\\\",\\\"value\\\":20.56},{\\\"date\\\":\\\"19\\\\\\\/06\\\\\\\/23 13:00\\\",\\\"value\\\":20.47},{\\\"date\\\":\\\"19\\\\\\\/06\\\\\\\/23 14:40\\\",\\\"value\\\":20.11},{\\\"date\\\":\\\"19\\\\\\\/06\\\\\\\/23 14:50\\\",\\\"value\\\":20.1},{\\\"date\\\":\\\"19\\\\\\\/06\\\\\\\/23 15:00\\\",\\\"value\\\":20.11},{\\\"date\\\":\\\"19\\\\\\\/06\\\\\\\/23 15:10\\\",\\\"value\\\":20.13},{\\\"date\\\":\\\"19\\\\\\\/06\\\\\\\/23 15:20\\\",\\\"value\\\":20.13},{\\\"date\\\":\\\"19\\\\\\\/06\\\\\\\/23 15:30\\\",\\\"value\\\":20.12},{\\\"date\\\":\\\"19\\\\\\\/06\\\\\\\/23 15:40\\\",\\\"value\\\":20.2},{\\\"date\\\":\\\"19\\\\\\\/06\\\\\\\/23 15:50\\\",\\\"value\\\":20.21},{\\\"date\\\":\\\"19\\\\\\\/06\\\\\\\/23 16:00\\\",\\\"value\\\":20.22},{\\\"date\\\":\\\"19\\\\\\\/06\\\\\\\/23 16:10\\\",\\\"value\\\":20.29},{\\\"date\\\":\\\"19\\\\\\\/06\\\\\\\/23 16:20\\\",\\\"value\\\":20.27},{\\\"date\\\":\\\"19\\\\\\\/06\\\\\\\/23 16:30\\\",\\\"value\\\":20.23},{\\\"date\\\":\\\"19\\\\\\\/06\\\\\\\/23 16:40\\\",\\\"value\\\":20.23},{\\\"date\\\":\\\"19\\\\\\\/06\\\\\\\/23 16:50\\\",\\\"value\\\":20.22},{\\\"date\\\":\\\"19\\\\\\\/06\\\\\\\/23 17:30\\\",\\\"value\\\":20.19},{\\\"date\\\":\\\"19\\\\\\\/06\\\\\\\/23 17:50\\\",\\\"value\\\":20.18},{\\\"date\\\":\\\"20\\\\\\\/06\\\\\\\/23 10:10\\\",\\\"value\\\":20.12},{\\\"date\\\":\\\"20\\\\\\\/06\\\\\\\/23 10:20\\\",\\\"value\\\":20.14},{\\\"date\\\":\\\"20\\\\\\\/06\\\\\\\/23 10:30\\\",\\\"value\\\":20.06},{\\\"date\\\":\\\"20\\\\\\\/06\\\\\\\/23 11:30\\\",\\\"value\\\":19.54},{\\\"date\\\":\\\"20\\\\\\\/06\\\\\\\/23 11:40\\\",\\\"value\\\":19.56},{\\\"date\\\":\\\"20\\\\\\\/06\\\\\\\/23 11:50\\\",\\\"value\\\":19.6},{\\\"date\\\":\\\"20\\\\\\\/06\\\\\\\/23 12:00\\\",\\\"value\\\":19.57},{\\\"date\\\":\\\"20\\\\\\\/06\\\\\\\/23 12:10\\\",\\\"value\\\":19.58},{\\\"date\\\":\\\"20\\\\\\\/06\\\\\\\/23 12:20\\\",\\\"value\\\":19.59},{\\\"date\\\":\\\"20\\\\\\\/06\\\\\\\/23 12:30\\\",\\\"value\\\":19.24}]\";\n  let isPositive_bc8f16c79389b565b60cca5ad5756f42 = \"\";\n\n  let color_bc8f16c79389b565b60cca5ad5756f42 = isPositive_bc8f16c79389b565b60cca5ad5756f42 ? '#3AB53A' : '#D92C2D';\n\n  let data_bc8f16c79389b565b60cca5ad5756f42 = JSON.parse(data_json_bc8f16c79389b565b60cca5ad5756f42);\n\n  const result_bc8f16c79389b565b60cca5ad5756f42 = {\n    date: [],\n    value: [],\n  };\n\n  data_bc8f16c79389b565b60cca5ad5756f42.forEach((item) => {\n    result_bc8f16c79389b565b60cca5ad5756f42.date.push(item.date);\n    result_bc8f16c79389b565b60cca5ad5756f42.value.push(Number(item.value));\n  });\n\n  let option_bc8f16c79389b565b60cca5ad5756f42 = {\n    \/\/ variavel de cor global\n    color: [color_bc8f16c79389b565b60cca5ad5756f42],\n    title: {\n      text: '',\n    },\n    tooltip: {\n      trigger: 'axis',\n      axisPointer: {\n        type: 'cross',\n        label: {\n          \/\/ cor dos valores em X e Y\n          backgroundColor: color_bc8f16c79389b565b60cca5ad5756f42,\n          formatter: (value) => {\n            if (typeof value.value === 'number') {\n              return Number(value.value).toLocaleString('pt-br', {\n                style: 'currency',\n                currency: 'BRL'\n              });\n            }\n            return value.value;\n          },\n        },\n      },\n      valueFormatter: (value) => Number(value).toLocaleString('pt-br', {\n        style: 'currency',\n        currency: 'BRL'\n      }),\n    },\n    legend: {\n      \/\/ data: ['Valor de Fechamento'],\n      show: false,\n    },\n    toolbox: {\n      feature: {\n        saveAsImage: {\n          show: false,\n        },\n      },\n    },\n    grid: {\n      left: '0px',\n      right: '0px',\n      bottom: '0px',\n      containLabel: true,\n    },\n    xAxis: [{\n      type: 'category',\n      data: result_bc8f16c79389b565b60cca5ad5756f42.date,\n      boundaryGap: true,\n    }],\n    yAxis: [{\n      type: 'value',\n      min: Math.min(...result_bc8f16c79389b565b60cca5ad5756f42.value),\n      max: Math.max(...result_bc8f16c79389b565b60cca5ad5756f42.value),\n      axisLabel: {\n        formatter: (value) => value.toLocaleString('pt-br', {\n          style: 'currency',\n          currency: 'BRL'\n        }),\n      },\n    }],\n    series: [{\n      name: 'Valor de Fechamento',\n      type: 'line',\n      stack: 'Total',\n      \/\/ cor do grafico\n      areaStyle: {},\n      emphasis: {\n        focus: 'series',\n      },\n      data: result_bc8f16c79389b565b60cca5ad5756f42.value,\n      \/\/ cor da linha\n      lineStyle: {\n        color: color_bc8f16c79389b565b60cca5ad5756f42,\n      },\n    }, ],\n  };\n\n\twindow.chart_bc8f16c79389b565b60cca5ad5756f42 = {\n\t\tel: chart_bc8f16c79389b565b60cca5ad5756f42,\n\t\toption: option_bc8f16c79389b565b60cca5ad5756f42\t};\n\n\n<\/script>\n\n\n\t<p>\n\t\t<a href=\"https:\/\/lp.suno.com.br\/plataforma-de-controle-de-investimentos\/\" target=\"_blank\" data-element=\"shortcode-suno-banner\" title=\"Banner SUNO, clique e saiba mais\">\n\t\t\t<picture>\n\t\t\t\t<source media=\"(max-width: 500px)\" srcset=\"https:\/\/files.sunoresearch.com.br\/n\/uploads\/2023\/03\/400x300-Controle-de-Investimentos.png\">\n\t\t\t\t<img class=\"newsContent__article__imgCapa newsContent__article__imgCapa--banner\"\n\t\t\t\t\tsrc=\"https:\/\/files.sunoresearch.com.br\/n\/uploads\/2023\/03\/1420x240-Controle-de-Investimentos.png\"\n\t\t\t\t\tdata-promo-id=\"383162\"\t\t\t\t\t\t\t\t\t\twidth='1420' height='240'\t\t\t\t\talt=\"https:\/\/files.sunoresearch.com.br\/n\/uploads\/2023\/03\/1420x240-Controle-de-Investimentos.png\"\n\t\t\t\t>\n\t\t\t<\/picture>\n\t\t<\/a>\n\t<\/p>\n\n\n\n\n\n<h2 class=\"wp-block-heading\">Falando em ESG\u2026<\/h2>\n\n\n\n<p>Fundada em 1961 em Jaragu\u00e1 do Sul (SC), a <a href=\"https:\/\/www.suno.com.br\/acoes\/wege3\/\"><strong>WEG<\/strong> (WEGE3)<\/a> \u00e9 considerada uma das maiores produtoras de motores el\u00e9tricos de baixa tens\u00e3o do mundo. As <strong>a\u00e7\u00f5es da Weg<\/strong> tem recomenda\u00e7\u00e3o de compra pela XP pela exposi\u00e7\u00e3o em mercados de alto crescimento, n\u00edvel de retorno sobre capital investido considerado muito acima dos pares, al\u00e9m do patamar muito atrativo na perspectiva de gera\u00e7\u00e3o de valor da companhia.<\/p>\n\n\n\n<p>\u201cA Weg tem uma governan\u00e7a maravilhosa. Historicamente promete pouco, mas entrega bastante, faz parte do pacote da quest\u00e3o da governan\u00e7a em si. Normalmente, se a empresa tem o G bom, o E e o S ser\u00e3o bons tamb\u00e9m\u201d, apontou Carolina Ujikawa, portfolio manager na Bradesco Asset Management.<\/p>\n\n\n\n<p>Segundo ela, a empresa est\u00e1 muito bem posicionada tanto no Brasil quanto globalmente em rela\u00e7\u00e3o a quest\u00f5es como transi\u00e7\u00e3o energ\u00e9tica, por exemplo. Al\u00e9m disso, sua exposi\u00e7\u00e3o a motores de baixa tens\u00e3o, segmento deixado de lado por v\u00e1rias empresas internacionais, fez com que a WEG atra\u00edsse em mercados nos Estados Unidos e na Europa.&nbsp;<\/p>\n\n\n\n<p>\u201cA WEG tem a base para conseguir desenvolver os produtos, al\u00e9m de v\u00e1rias possibilidades de crescimento que independem do PIB do Brasil ou global, mas s\u00e3o tend\u00eancias globais que est\u00e3o acontecendo e que ela consegue se adaptar. A pandemia teve uma venda solar muito forte que acabou beneficiando a companhia, criando uma base dif\u00edcil de ser baixada\u201d, complementou.&nbsp;<\/p>\n\n\n\n<figure class=\"wp-block-image size-large\"><img loading=\"lazy\" decoding=\"async\" width=\"1024\" height=\"514\" src=\"https:\/\/files.sunoresearch.com.br\/n\/uploads\/2023\/06\/weg-grafico-1024x514.jpg\" alt=\"\" class=\"wp-image-419050\" srcset=\"https:\/\/files.sunoresearch.com.br\/n\/uploads\/2023\/06\/weg-grafico-1024x514.jpg 1024w, https:\/\/files.sunoresearch.com.br\/n\/uploads\/2023\/06\/weg-grafico-300x151.jpg 300w, https:\/\/files.sunoresearch.com.br\/n\/uploads\/2023\/06\/weg-grafico-768x386.jpg 768w, https:\/\/files.sunoresearch.com.br\/n\/uploads\/2023\/06\/weg-grafico-400x200.jpg 400w, https:\/\/files.sunoresearch.com.br\/n\/uploads\/2023\/06\/weg-grafico-600x300.jpg 600w, https:\/\/files.sunoresearch.com.br\/n\/uploads\/2023\/06\/weg-grafico-150x75.jpg 150w, https:\/\/files.sunoresearch.com.br\/n\/uploads\/2023\/06\/weg-grafico.jpg 1113w\" sizes=\"(max-width: 1024px) 100vw, 1024px\" \/><\/figure>\n\n\n\n<h2 class=\"wp-block-heading\">Weg: lucro saltou 38%, para R$ 1,3 bilh\u00e3o, no 1T23<\/h2>\n\n\n\n<p>A Weg apresentou <a href=\"https:\/\/www.suno.com.br\/artigos\/lucro-liquido\/\">lucro l\u00edquido<\/a> de R$ 1,306 bilh\u00e3o no primeiro trimestre de 2023 (1T23), <a href=\"https:\/\/www.rad.cvm.gov.br\/ENET\/frmExibirArquivoIPEExterno.aspx?NumeroProtocoloEntrega=1089948\">conforme balan\u00e7o divulgado no fim do m\u00eas de abril.<\/a> Com isso, o lucro da Weg apresenta alta de 38% ante igual etapa do ano anterior e 9,5% ante o trimestre imediatamente anterior.<\/p>\n\n\n\n<p>O EBITDA da WEG no 1T23 foi de R$ 1,689 bilh\u00e3o, sendo 37% superior ao 1T22 e 8,3% superior ao 4T22, enquanto a <a href=\"https:\/\/www.suno.com.br\/artigos\/margem-ebitda\/\">margem EBITDA<\/a> de 21,9% foi 3,8 pontos percentuais maior do que no 1T22 e 2,4 pontos percentuais maior do que o trimestre imediatamente anterior.<\/p>\n\n\n\n<p>A <a href=\"https:\/\/www.suno.com.br\/artigos\/receita-liquida-operacional\/\">Receita Operacional L\u00edquida<\/a> da companhia no trimestre foi de R$ 7,69 bilh\u00f5es no 1T23, 12,7% superior ao 1T22 e 3,6% inferior ao 4T22. O <a href=\"https:\/\/www.suno.com.br\/artigos\/retorno-capital-investido\/\">Retorno Sobre o Capital Investido<\/a> (ROIC) atingiu 31,4% no 1T23, crescimento de 1,7 ponto percentual em rela\u00e7\u00e3o ao 1T22 e crescimento de 2,0 pontos percentuais em rela\u00e7\u00e3o ao 4T22.<\/p>\n\n\n\n<h2 class=\"wp-block-heading\">Embraer teve preju\u00edzo de R$ 467 milh\u00f5es no primeiro trimestre<\/h2>\n\n\n\n<p>A <strong>Embraer<\/strong> reportou preju\u00edzo l\u00edquido ajustado de R$ 466,9 milh\u00f5es no primeiro trimestre de 2023 (1T23), ante perdas de R$ 412,3 milh\u00f5es no mesmo per\u00edodo do ano passado. Assim, foi registrada um crescimento de 13,2% no preju\u00edzo da Embraer no comparativo anual.<\/p>\n\n\n\n<p>A empresa teve <a href=\"https:\/\/www.suno.com.br\/artigos\/o-que-receita-liquida\/\">receita l\u00edquida<\/a> de R$ 3,726 bilh\u00f5es no per\u00edodo de janeiro a mar\u00e7o de 2023, expandindo ante os R$ 3,076 bilh\u00f5es do primeiro trimestre do ano passado. Esse crescimento, de 21%, veio em linha com o projetado pela companhia, de acordo com coment\u00e1rio divulgado no release de resultados.<\/p>\n\n\n\n<p>O resultado foi decorrente do melhor mix de entregas na avia\u00e7\u00e3o comercial, forte crescimento na defesa e servi\u00e7os, afirma. As proje\u00e7\u00f5es do consenso Bloomberg eram de R$ 376 milh\u00f5es de Ebitda e de R$ 4,23 bilh\u00f5es de receita.<\/p>\n\n\n\n<p>O Ebitda (lucro antes de juros, impostos, <a href=\"https:\/\/www.suno.com.br\/artigos\/depreciacao-amortizacao\/\">deprecia\u00e7\u00e3o e amortiza\u00e7\u00e3o<\/a>) da <strong>Embraer<\/strong> ficou negativo em R$ 52,9 milh\u00f5es no primeiro trimestre, representando alta ante a perda de R$ 1,1 milh\u00e3o de janeiro a mar\u00e7o do ano passado. Com isso, a <a href=\"https:\/\/www.suno.com.br\/artigos\/margem-ebitda\/\">margem Ebitda<\/a> ficou negativa em 1,4% no per\u00edodo, ante resultado est\u00e1vel (0,0%) um ano antes.<\/p>\n\n\n\t<p>\n\t\t<a href=\"https:\/\/lp.suno.com.br\/suno-one\/?utm_campaign=_SNC6964518A_\" target=\"_blank\" data-element=\"shortcode-suno-banner\" title=\"Banner SUNO, clique e saiba mais\">\n\t\t\t<picture>\n\t\t\t\t<source media=\"(max-width: 500px)\" srcset=\"https:\/\/files.sunoresearch.com.br\/n\/uploads\/2025\/09\/400x300-Suno-One-png.webp\">\n\t\t\t\t<img class=\"newsContent__article__imgCapa newsContent__article__imgCapa--banner\"\n\t\t\t\t\tsrc=\"https:\/\/files.sunoresearch.com.br\/n\/uploads\/2025\/09\/1420x240-Suno-One-png.webp\"\n\t\t\t\t\tdata-promo-id=\"383121\"\t\t\t\t\t\t\t\t\t\twidth='1420' height='240'\t\t\t\t\talt=\"https:\/\/files.sunoresearch.com.br\/n\/uploads\/2025\/09\/1420x240-Suno-One-png.webp\"\n\t\t\t\t>\n\t\t\t<\/picture>\n\t\t<\/a>\n\t<\/p>\n\n\n","protected":false},"excerpt":{"rendered":"<p>Criada em 1969 com o objetivo de construir uma ind\u00fastria aeroespacial no Brasil, a Embraer (EMBR3) ou Empresa Brasileira de Aeron\u00e1utica, privatizada em 1994, tem como base o atendimento de quatro segmentos principais: o de avia\u00e7\u00e3o comercial, avia\u00e7\u00e3o executiva, defesa e seguran\u00e7a, al\u00e9m de servi\u00e7os \u2013 este \u00faltimo, que presta suporte aos outros tr\u00eas. Embraer [&hellip;]<\/p>\n","protected":false},"author":295,"featured_media":404258,"comment_status":"closed","ping_status":"closed","sticky":false,"template":"","format":"standard","meta":[],"categories":[64],"tags":[286,460,681],"suno_strategy":[],"class_list":["post-418963","post","type-post","status-publish","format-standard","has-post-thumbnail","hentry","category-negocios","tag-acoes","tag-embraer-embr3","tag-weg-wege3"],"yoast_head":"<!-- This site is optimized with the Yoast SEO plugin v24.4 - https:\/\/yoast.com\/wordpress\/plugins\/seo\/ -->\n<title>Embraer (EMBR3) ou Weg (WEGE3): qual a\u00e7\u00e3o investir? Veja opin\u00f5es<\/title>\n<meta name=\"description\" content=\"Embraer ou Weg? Qual a melhor a\u00e7\u00e3o para investir? Especialistas debatem a quest\u00e3o durante o evento Super Cl\u00e1ssicos da Bolsa, da XP. Confira!\" \/>\n<meta name=\"robots\" content=\"index, follow, max-snippet:-1, max-image-preview:large, max-video-preview:-1\" \/>\n<link rel=\"canonical\" href=\"https:\/\/www.suno.com.br\/noticias\/embraer-embr3-weg-wege3-qual-acao-investir-veja-opinioes\/\" \/>\n<meta property=\"og:locale\" content=\"pt_BR\" \/>\n<meta property=\"og:type\" content=\"article\" \/>\n<meta property=\"og:title\" content=\"Embraer (EMBR3) ou Weg (WEGE3): qual a\u00e7\u00e3o investir? Veja opin\u00f5es\" \/>\n<meta property=\"og:description\" content=\"Embraer ou Weg? Qual a melhor a\u00e7\u00e3o para investir? Especialistas debatem a quest\u00e3o durante o evento Super Cl\u00e1ssicos da Bolsa, da XP. Confira!\" \/>\n<meta property=\"og:url\" content=\"https:\/\/www.suno.com.br\/noticias\/embraer-embr3-weg-wege3-qual-acao-investir-veja-opinioes\/\" \/>\n<meta property=\"og:site_name\" content=\"Suno Not\u00edcias\" \/>\n<meta property=\"article:publisher\" content=\"https:\/\/facebook.com\/sunoresearch\" \/>\n<meta property=\"og:image\" content=\"https:\/\/files.sunoresearch.com.br\/n\/uploads\/2023\/05\/NetJets-P500-1-1200x822-0767bf3b-1e8c-49b9-b46d-2f8848122330.jpg\" \/>\n\t<meta property=\"og:image:width\" content=\"1200\" \/>\n\t<meta property=\"og:image:height\" content=\"822\" \/>\n\t<meta property=\"og:image:type\" content=\"image\/jpeg\" \/>\n<meta name=\"author\" content=\"Giovanni Porf\u00edrio Jacomino\" \/>\n<meta name=\"twitter:card\" content=\"summary_large_image\" \/>\n<meta name=\"twitter:creator\" content=\"@sunoresearch\" \/>\n<meta name=\"twitter:site\" content=\"@sunoresearch\" \/>\n<meta name=\"twitter:label1\" content=\"Escrito por\" \/>\n\t<meta name=\"twitter:data1\" content=\"Giovanni Porf\u00edrio Jacomino\" \/>\n\t<meta name=\"twitter:label2\" content=\"Est. tempo de leitura\" \/>\n\t<meta name=\"twitter:data2\" content=\"7 minutos\" \/>\n<script type=\"application\/ld+json\" class=\"yoast-schema-graph\">{\"@context\":\"https:\/\/schema.org\",\"@graph\":[{\"@type\":\"NewsArticle\",\"@id\":\"https:\/\/www.suno.com.br\/noticias\/embraer-embr3-weg-wege3-qual-acao-investir-veja-opinioes\/#article\",\"isPartOf\":{\"@id\":\"https:\/\/www.suno.com.br\/noticias\/embraer-embr3-weg-wege3-qual-acao-investir-veja-opinioes\/\"},\"author\":{\"name\":\"Giovanni Porf\u00edrio Jacomino\",\"@id\":\"https:\/\/www.suno.com.br\/noticias\/#\/schema\/person\/217058341e4dbe1f68f3b898b09ca015\"},\"headline\":\"Embraer (EMBR3) ou Weg (WEGE3): qual a\u00e7\u00e3o investir? Veja opini\u00e3o de especialistas\",\"datePublished\":\"2023-06-20T19:55:20+00:00\",\"dateModified\":\"2023-06-20T19:55:28+00:00\",\"mainEntityOfPage\":{\"@id\":\"https:\/\/www.suno.com.br\/noticias\/embraer-embr3-weg-wege3-qual-acao-investir-veja-opinioes\/\"},\"wordCount\":1169,\"publisher\":{\"@id\":\"https:\/\/www.suno.com.br\/noticias\/#organization\"},\"image\":{\"@id\":\"https:\/\/www.suno.com.br\/noticias\/embraer-embr3-weg-wege3-qual-acao-investir-veja-opinioes\/#primaryimage\"},\"thumbnailUrl\":\"https:\/\/files.sunoresearch.com.br\/n\/uploads\/2023\/05\/NetJets-P500-1-1200x822-0767bf3b-1e8c-49b9-b46d-2f8848122330.jpg\",\"keywords\":[\"A\u00e7\u00f5es\",\"Embraer (EMBR3)\",\"Weg (WEGE3)\"],\"articleSection\":[\"Neg\u00f3cios\"],\"inLanguage\":\"pt-BR\"},{\"@type\":\"WebPage\",\"@id\":\"https:\/\/www.suno.com.br\/noticias\/embraer-embr3-weg-wege3-qual-acao-investir-veja-opinioes\/\",\"url\":\"https:\/\/www.suno.com.br\/noticias\/embraer-embr3-weg-wege3-qual-acao-investir-veja-opinioes\/\",\"name\":\"Embraer (EMBR3) ou Weg (WEGE3): qual a\u00e7\u00e3o investir? Veja opin\u00f5es\",\"isPartOf\":{\"@id\":\"https:\/\/www.suno.com.br\/noticias\/#website\"},\"primaryImageOfPage\":{\"@id\":\"https:\/\/www.suno.com.br\/noticias\/embraer-embr3-weg-wege3-qual-acao-investir-veja-opinioes\/#primaryimage\"},\"image\":{\"@id\":\"https:\/\/www.suno.com.br\/noticias\/embraer-embr3-weg-wege3-qual-acao-investir-veja-opinioes\/#primaryimage\"},\"thumbnailUrl\":\"https:\/\/files.sunoresearch.com.br\/n\/uploads\/2023\/05\/NetJets-P500-1-1200x822-0767bf3b-1e8c-49b9-b46d-2f8848122330.jpg\",\"datePublished\":\"2023-06-20T19:55:20+00:00\",\"dateModified\":\"2023-06-20T19:55:28+00:00\",\"description\":\"Embraer ou Weg? Qual a melhor a\u00e7\u00e3o para investir? Especialistas debatem a quest\u00e3o durante o evento Super Cl\u00e1ssicos da Bolsa, da XP. Confira!\",\"breadcrumb\":{\"@id\":\"https:\/\/www.suno.com.br\/noticias\/embraer-embr3-weg-wege3-qual-acao-investir-veja-opinioes\/#breadcrumb\"},\"inLanguage\":\"pt-BR\",\"potentialAction\":[{\"@type\":\"ReadAction\",\"target\":[\"https:\/\/www.suno.com.br\/noticias\/embraer-embr3-weg-wege3-qual-acao-investir-veja-opinioes\/\"]}]},{\"@type\":\"ImageObject\",\"inLanguage\":\"pt-BR\",\"@id\":\"https:\/\/www.suno.com.br\/noticias\/embraer-embr3-weg-wege3-qual-acao-investir-veja-opinioes\/#primaryimage\",\"url\":\"https:\/\/files.sunoresearch.com.br\/n\/uploads\/2023\/05\/NetJets-P500-1-1200x822-0767bf3b-1e8c-49b9-b46d-2f8848122330.jpg\",\"contentUrl\":\"https:\/\/files.sunoresearch.com.br\/n\/uploads\/2023\/05\/NetJets-P500-1-1200x822-0767bf3b-1e8c-49b9-b46d-2f8848122330.jpg\",\"width\":1200,\"height\":822,\"caption\":\"Embraer (EMBR3). Foto: Divulga\u00e7\u00e3o\"},{\"@type\":\"BreadcrumbList\",\"@id\":\"https:\/\/www.suno.com.br\/noticias\/embraer-embr3-weg-wege3-qual-acao-investir-veja-opinioes\/#breadcrumb\",\"itemListElement\":[{\"@type\":\"ListItem\",\"position\":1,\"name\":\"Not\u00edcias\",\"item\":\"https:\/\/www.suno.com.br\/noticias\/\"},{\"@type\":\"ListItem\",\"position\":2,\"name\":\"Neg\u00f3cios\",\"item\":\"https:\/\/www.suno.com.br\/noticias\/negocios\/\"},{\"@type\":\"ListItem\",\"position\":3,\"name\":\"Embraer (EMBR3) ou Weg (WEGE3): qual a\u00e7\u00e3o investir? Veja opini\u00e3o de especialistas\"}]},{\"@type\":\"WebSite\",\"@id\":\"https:\/\/www.suno.com.br\/noticias\/#website\",\"url\":\"https:\/\/www.suno.com.br\/noticias\/\",\"name\":\"Suno Not\u00edcias\",\"description\":\"Seu portal de informa\u00e7\u00e3o sobre o mundo dos investimentos\",\"publisher\":{\"@id\":\"https:\/\/www.suno.com.br\/noticias\/#organization\"},\"potentialAction\":[{\"@type\":\"SearchAction\",\"target\":{\"@type\":\"EntryPoint\",\"urlTemplate\":\"https:\/\/www.suno.com.br\/noticias\/?s={search_term_string}\"},\"query-input\":{\"@type\":\"PropertyValueSpecification\",\"valueRequired\":true,\"valueName\":\"search_term_string\"}}],\"inLanguage\":\"pt-BR\"},{\"@type\":\"Organization\",\"@id\":\"https:\/\/www.suno.com.br\/noticias\/#organization\",\"name\":\"Suno Not\u00edcias\",\"url\":\"https:\/\/www.suno.com.br\/noticias\/\",\"logo\":{\"@type\":\"ImageObject\",\"inLanguage\":\"pt-BR\",\"@id\":\"https:\/\/www.suno.com.br\/noticias\/#\/schema\/logo\/image\/\",\"url\":\"https:\/\/files.sunoresearch.com.br\/n\/uploads\/2021\/09\/suno-logo.png\",\"contentUrl\":\"https:\/\/files.sunoresearch.com.br\/n\/uploads\/2021\/09\/suno-logo.png\",\"width\":180,\"height\":180,\"caption\":\"Suno Not\u00edcias\"},\"image\":{\"@id\":\"https:\/\/www.suno.com.br\/noticias\/#\/schema\/logo\/image\/\"},\"sameAs\":[\"https:\/\/facebook.com\/sunoresearch\",\"https:\/\/x.com\/sunoresearch\",\"https:\/\/www.instagram.com\/suno\",\"https:\/\/www.linkedin.com\/company\/suno-research\/\",\"https:\/\/www.youtube.com\/c\/sunoresearch\"]},{\"@type\":\"Person\",\"@id\":\"https:\/\/www.suno.com.br\/noticias\/#\/schema\/person\/217058341e4dbe1f68f3b898b09ca015\",\"name\":\"Giovanni Porf\u00edrio Jacomino\",\"image\":{\"@type\":\"ImageObject\",\"inLanguage\":\"pt-BR\",\"@id\":\"https:\/\/www.suno.com.br\/noticias\/#\/schema\/person\/image\/\",\"url\":\"https:\/\/secure.gravatar.com\/avatar\/bc678fc5559a55f79ada398443281309?s=96&r=g\",\"contentUrl\":\"https:\/\/secure.gravatar.com\/avatar\/bc678fc5559a55f79ada398443281309?s=96&r=g\",\"caption\":\"Giovanni Porf\u00edrio Jacomino\"},\"description\":\"Giovanni Porf\u00edrio Jacomino \u00e9 jornalista formado pela Universidade Estadual de Londrina (UEL) e p\u00f3s-graduado em Produ\u00e7\u00e3o e Pr\u00e1ticas Jornal\u00edsticas na Contemporaneidade na Faculdade C\u00e1sper L\u00edbero (FCL). Foi editor web no Startupi e no Finsiders, atuando ainda como editor no TC Mover, portal de not\u00edcias da TradersClub, fazendo a cobertura de assuntos relacionados ao mercado financeiro interno e externo. Atualmente, \u00e9 Rep\u00f3rter do Suno Not\u00edcias.\",\"url\":\"https:\/\/www.suno.com.br\/noticias\/author\/giovanniporfirio01gmail-com\/\"}]}<\/script>\n<!-- \/ Yoast SEO plugin. -->","yoast_head_json":{"title":"Embraer (EMBR3) ou Weg (WEGE3): qual a\u00e7\u00e3o investir? Veja opin\u00f5es","description":"Embraer ou Weg? Qual a melhor a\u00e7\u00e3o para investir? Especialistas debatem a quest\u00e3o durante o evento Super Cl\u00e1ssicos da Bolsa, da XP. Confira!","robots":{"index":"index","follow":"follow","max-snippet":"max-snippet:-1","max-image-preview":"max-image-preview:large","max-video-preview":"max-video-preview:-1"},"canonical":"https:\/\/www.suno.com.br\/noticias\/embraer-embr3-weg-wege3-qual-acao-investir-veja-opinioes\/","og_locale":"pt_BR","og_type":"article","og_title":"Embraer (EMBR3) ou Weg (WEGE3): qual a\u00e7\u00e3o investir? Veja opin\u00f5es","og_description":"Embraer ou Weg? Qual a melhor a\u00e7\u00e3o para investir? Especialistas debatem a quest\u00e3o durante o evento Super Cl\u00e1ssicos da Bolsa, da XP. Confira!","og_url":"https:\/\/www.suno.com.br\/noticias\/embraer-embr3-weg-wege3-qual-acao-investir-veja-opinioes\/","og_site_name":"Suno Not\u00edcias","article_publisher":"https:\/\/facebook.com\/sunoresearch","og_image":[{"width":1200,"height":822,"url":"https:\/\/files.sunoresearch.com.br\/n\/uploads\/2023\/05\/NetJets-P500-1-1200x822-0767bf3b-1e8c-49b9-b46d-2f8848122330.jpg","type":"image\/jpeg"}],"author":"Giovanni Porf\u00edrio Jacomino","twitter_card":"summary_large_image","twitter_creator":"@sunoresearch","twitter_site":"@sunoresearch","twitter_misc":{"Escrito por":"Giovanni Porf\u00edrio Jacomino","Est. tempo de leitura":"7 minutos"},"schema":{"@context":"https:\/\/schema.org","@graph":[{"@type":"NewsArticle","@id":"https:\/\/www.suno.com.br\/noticias\/embraer-embr3-weg-wege3-qual-acao-investir-veja-opinioes\/#article","isPartOf":{"@id":"https:\/\/www.suno.com.br\/noticias\/embraer-embr3-weg-wege3-qual-acao-investir-veja-opinioes\/"},"author":{"name":"Giovanni Porf\u00edrio Jacomino","@id":"https:\/\/www.suno.com.br\/noticias\/#\/schema\/person\/217058341e4dbe1f68f3b898b09ca015"},"headline":"Embraer (EMBR3) ou Weg (WEGE3): qual a\u00e7\u00e3o investir? Veja opini\u00e3o de especialistas","datePublished":"2023-06-20T19:55:20+00:00","dateModified":"2023-06-20T19:55:28+00:00","mainEntityOfPage":{"@id":"https:\/\/www.suno.com.br\/noticias\/embraer-embr3-weg-wege3-qual-acao-investir-veja-opinioes\/"},"wordCount":1169,"publisher":{"@id":"https:\/\/www.suno.com.br\/noticias\/#organization"},"image":{"@id":"https:\/\/www.suno.com.br\/noticias\/embraer-embr3-weg-wege3-qual-acao-investir-veja-opinioes\/#primaryimage"},"thumbnailUrl":"https:\/\/files.sunoresearch.com.br\/n\/uploads\/2023\/05\/NetJets-P500-1-1200x822-0767bf3b-1e8c-49b9-b46d-2f8848122330.jpg","keywords":["A\u00e7\u00f5es","Embraer (EMBR3)","Weg (WEGE3)"],"articleSection":["Neg\u00f3cios"],"inLanguage":"pt-BR"},{"@type":"WebPage","@id":"https:\/\/www.suno.com.br\/noticias\/embraer-embr3-weg-wege3-qual-acao-investir-veja-opinioes\/","url":"https:\/\/www.suno.com.br\/noticias\/embraer-embr3-weg-wege3-qual-acao-investir-veja-opinioes\/","name":"Embraer (EMBR3) ou Weg (WEGE3): qual a\u00e7\u00e3o investir? Veja opin\u00f5es","isPartOf":{"@id":"https:\/\/www.suno.com.br\/noticias\/#website"},"primaryImageOfPage":{"@id":"https:\/\/www.suno.com.br\/noticias\/embraer-embr3-weg-wege3-qual-acao-investir-veja-opinioes\/#primaryimage"},"image":{"@id":"https:\/\/www.suno.com.br\/noticias\/embraer-embr3-weg-wege3-qual-acao-investir-veja-opinioes\/#primaryimage"},"thumbnailUrl":"https:\/\/files.sunoresearch.com.br\/n\/uploads\/2023\/05\/NetJets-P500-1-1200x822-0767bf3b-1e8c-49b9-b46d-2f8848122330.jpg","datePublished":"2023-06-20T19:55:20+00:00","dateModified":"2023-06-20T19:55:28+00:00","description":"Embraer ou Weg? Qual a melhor a\u00e7\u00e3o para investir? Especialistas debatem a quest\u00e3o durante o evento Super Cl\u00e1ssicos da Bolsa, da XP. Confira!","breadcrumb":{"@id":"https:\/\/www.suno.com.br\/noticias\/embraer-embr3-weg-wege3-qual-acao-investir-veja-opinioes\/#breadcrumb"},"inLanguage":"pt-BR","potentialAction":[{"@type":"ReadAction","target":["https:\/\/www.suno.com.br\/noticias\/embraer-embr3-weg-wege3-qual-acao-investir-veja-opinioes\/"]}]},{"@type":"ImageObject","inLanguage":"pt-BR","@id":"https:\/\/www.suno.com.br\/noticias\/embraer-embr3-weg-wege3-qual-acao-investir-veja-opinioes\/#primaryimage","url":"https:\/\/files.sunoresearch.com.br\/n\/uploads\/2023\/05\/NetJets-P500-1-1200x822-0767bf3b-1e8c-49b9-b46d-2f8848122330.jpg","contentUrl":"https:\/\/files.sunoresearch.com.br\/n\/uploads\/2023\/05\/NetJets-P500-1-1200x822-0767bf3b-1e8c-49b9-b46d-2f8848122330.jpg","width":1200,"height":822,"caption":"Embraer (EMBR3). Foto: Divulga\u00e7\u00e3o"},{"@type":"BreadcrumbList","@id":"https:\/\/www.suno.com.br\/noticias\/embraer-embr3-weg-wege3-qual-acao-investir-veja-opinioes\/#breadcrumb","itemListElement":[{"@type":"ListItem","position":1,"name":"Not\u00edcias","item":"https:\/\/www.suno.com.br\/noticias\/"},{"@type":"ListItem","position":2,"name":"Neg\u00f3cios","item":"https:\/\/www.suno.com.br\/noticias\/negocios\/"},{"@type":"ListItem","position":3,"name":"Embraer (EMBR3) ou Weg (WEGE3): qual a\u00e7\u00e3o investir? Veja opini\u00e3o de especialistas"}]},{"@type":"WebSite","@id":"https:\/\/www.suno.com.br\/noticias\/#website","url":"https:\/\/www.suno.com.br\/noticias\/","name":"Suno Not\u00edcias","description":"Seu portal de informa\u00e7\u00e3o sobre o mundo dos investimentos","publisher":{"@id":"https:\/\/www.suno.com.br\/noticias\/#organization"},"potentialAction":[{"@type":"SearchAction","target":{"@type":"EntryPoint","urlTemplate":"https:\/\/www.suno.com.br\/noticias\/?s={search_term_string}"},"query-input":{"@type":"PropertyValueSpecification","valueRequired":true,"valueName":"search_term_string"}}],"inLanguage":"pt-BR"},{"@type":"Organization","@id":"https:\/\/www.suno.com.br\/noticias\/#organization","name":"Suno Not\u00edcias","url":"https:\/\/www.suno.com.br\/noticias\/","logo":{"@type":"ImageObject","inLanguage":"pt-BR","@id":"https:\/\/www.suno.com.br\/noticias\/#\/schema\/logo\/image\/","url":"https:\/\/files.sunoresearch.com.br\/n\/uploads\/2021\/09\/suno-logo.png","contentUrl":"https:\/\/files.sunoresearch.com.br\/n\/uploads\/2021\/09\/suno-logo.png","width":180,"height":180,"caption":"Suno Not\u00edcias"},"image":{"@id":"https:\/\/www.suno.com.br\/noticias\/#\/schema\/logo\/image\/"},"sameAs":["https:\/\/facebook.com\/sunoresearch","https:\/\/x.com\/sunoresearch","https:\/\/www.instagram.com\/suno","https:\/\/www.linkedin.com\/company\/suno-research\/","https:\/\/www.youtube.com\/c\/sunoresearch"]},{"@type":"Person","@id":"https:\/\/www.suno.com.br\/noticias\/#\/schema\/person\/217058341e4dbe1f68f3b898b09ca015","name":"Giovanni Porf\u00edrio Jacomino","image":{"@type":"ImageObject","inLanguage":"pt-BR","@id":"https:\/\/www.suno.com.br\/noticias\/#\/schema\/person\/image\/","url":"https:\/\/secure.gravatar.com\/avatar\/bc678fc5559a55f79ada398443281309?s=96&r=g","contentUrl":"https:\/\/secure.gravatar.com\/avatar\/bc678fc5559a55f79ada398443281309?s=96&r=g","caption":"Giovanni Porf\u00edrio Jacomino"},"description":"Giovanni Porf\u00edrio Jacomino \u00e9 jornalista formado pela Universidade Estadual de Londrina (UEL) e p\u00f3s-graduado em Produ\u00e7\u00e3o e Pr\u00e1ticas Jornal\u00edsticas na Contemporaneidade na Faculdade C\u00e1sper L\u00edbero (FCL). Foi editor web no Startupi e no Finsiders, atuando ainda como editor no TC Mover, portal de not\u00edcias da TradersClub, fazendo a cobertura de assuntos relacionados ao mercado financeiro interno e externo. Atualmente, \u00e9 Rep\u00f3rter do Suno Not\u00edcias.","url":"https:\/\/www.suno.com.br\/noticias\/author\/giovanniporfirio01gmail-com\/"}]}},"default_loop_html":"<div class=\"cardsPage__listCard__boxs\"><div class=\"cardsPage__listCard__boxs__img\"><a href=\"https:\/\/www.suno.com.br\/noticias\/embraer-embr3-weg-wege3-qual-acao-investir-veja-opinioes\/\"><img class=\"mask\" src=\"https:\/\/www.suno.com.br\/noticias\/wp-content\/themes\/suno\/resources\/images\/spotlight\/spotlight1img\/bg-mask.png\" alt=\"Image Mask\"\/><img src=\"https:\/\/files.sunoresearch.com.br\/n\/uploads\/2023\/05\/NetJets-P500-1-1200x822-0767bf3b-1e8c-49b9-b46d-2f8848122330-400x200.jpg\" alt=\"Embraer (EMBR3) ou Weg (WEGE3): qual a\u00e7\u00e3o investir? Veja opini\u00e3o de especialistas\"\/><\/a><span class=\"spotlightCategory\"><a href=\"https:\/\/www.suno.com.br\/noticias\/negocios\/\">Neg\u00f3cios<\/a><\/span><\/div><div class=\"cardsPage__listCard__boxs__content\"><a href=\"https:\/\/www.suno.com.br\/noticias\/embraer-embr3-weg-wege3-qual-acao-investir-veja-opinioes\/\"><h2 class=\"content__title\">Embraer (EMBR3) ou Weg (WEGE3): qual a\u00e7\u00e3o investir? Veja opini\u00e3o de especialistas<\/h2><\/a><div class=\"newsContent__article__meta\"><div class=\"newsContent__article__meta__authorBox\"><a href=\"https:\/\/www.suno.com.br\/noticias\/author\/giovanniporfirio01gmail-com\/\" class=\"authorBox__avatar noMobi\"><img src=\"https:\/\/files.sunoresearch.com.br\/n\/uploads\/2023\/07\/WhatsApp-Image-2023-07-10-at-14.08.39-150x150.jpeg\" alt=\"Giovanni Porf\u00edrio Jacomino\"><\/a><div class=\"authorBox__name\"><span>por\n\t\t\t<a href=\"https:\/\/www.suno.com.br\/noticias\/author\/giovanniporfirio01gmail-com\/\"><span itemprop=\"author\">Giovanni Porf\u00edrio Jacomino<\/span><\/a><\/span><time datetime=\"2023-06-20T16:55:20-03:00\" itemprop=\"datePublished\">20\/06\/2023 16:55<\/time><\/div><\/div><\/div><\/div><\/div>","single_layout":"posts","amp_enabled":true,"_links":{"self":[{"href":"https:\/\/www.suno.com.br\/noticias\/wp-json\/wp\/v2\/posts\/418963"}],"collection":[{"href":"https:\/\/www.suno.com.br\/noticias\/wp-json\/wp\/v2\/posts"}],"about":[{"href":"https:\/\/www.suno.com.br\/noticias\/wp-json\/wp\/v2\/types\/post"}],"author":[{"embeddable":true,"href":"https:\/\/www.suno.com.br\/noticias\/wp-json\/wp\/v2\/users\/295"}],"replies":[{"embeddable":true,"href":"https:\/\/www.suno.com.br\/noticias\/wp-json\/wp\/v2\/comments?post=418963"}],"version-history":[{"count":2,"href":"https:\/\/www.suno.com.br\/noticias\/wp-json\/wp\/v2\/posts\/418963\/revisions"}],"predecessor-version":[{"id":419052,"href":"https:\/\/www.suno.com.br\/noticias\/wp-json\/wp\/v2\/posts\/418963\/revisions\/419052"}],"wp:featuredmedia":[{"embeddable":true,"href":"https:\/\/www.suno.com.br\/noticias\/wp-json\/wp\/v2\/media\/404258"}],"wp:attachment":[{"href":"https:\/\/www.suno.com.br\/noticias\/wp-json\/wp\/v2\/media?parent=418963"}],"wp:term":[{"taxonomy":"category","embeddable":true,"href":"https:\/\/www.suno.com.br\/noticias\/wp-json\/wp\/v2\/categories?post=418963"},{"taxonomy":"post_tag","embeddable":true,"href":"https:\/\/www.suno.com.br\/noticias\/wp-json\/wp\/v2\/tags?post=418963"},{"taxonomy":"suno_strategy","embeddable":true,"href":"https:\/\/www.suno.com.br\/noticias\/wp-json\/wp\/v2\/suno_strategy?post=418963"}],"curies":[{"name":"wp","href":"https:\/\/api.w.org\/{rel}","templated":true}]}}