{"id":418879,"date":"2023-06-20T12:59:06","date_gmt":"2023-06-20T15:59:06","guid":{"rendered":"https:\/\/www.suno.com.br\/noticias\/?p=418879"},"modified":"2023-06-20T14:33:26","modified_gmt":"2023-06-20T17:33:26","slug":"embraer-embr3-demanda-11-mil-aeronaves-20-anos","status":"publish","type":"post","link":"https:\/\/www.suno.com.br\/noticias\/embraer-embr3-demanda-11-mil-aeronaves-20-anos\/","title":{"rendered":"Embraer (EMBR3) assina contratos com a American Airlines\u00a0(AALL34) e a Binter para venda de aeronaves"},"content":{"rendered":"<p>A <a href=\"https:\/\/www.suno.com.br\/acoes\/embr3\/\"><strong>Embraer <\/strong>(EMBR3)<\/a> anunciou nesta ter\u00e7a (20) que a <a href=\"https:\/\/www.suno.com.br\/bdrs\/aall34\/\"><strong>American Airlines<\/strong>\u00a0(AALL34)<\/a> assinou um contrato para compra de sete novos jatos <strong>Embraer E175<\/strong>, que ser\u00e3o operados pela subsidi\u00e1ria Envoy Air. O neg\u00f3cio est\u00e1 avaliado em US$ 403,4 milh\u00f5es, com entregas no quarto trimestre de 2023.\u00a0<\/p>\t<div class=\"wrapper-featured-image\">\n\t\t<figure class=\"spotlightImg\">\n\n\t\t\t<picture>\n\t\t\t\t<source media=\"(max-width: 768px)\" srcset=\"https:\/\/files.sunoresearch.com.br\/n\/uploads\/2021\/03\/8031a286-embraer1-400x200.webp\">\n\t\t\t\t<img loading=\"lazy\" decoding=\"async\" class=\"newsContent__article__imgCapa lazyloadDisabled \" src=\"https:\/\/files.sunoresearch.com.br\/n\/uploads\/2021\/03\/8031a286-embraer1-800x450.webp\" width=\"800\" height=\"450\" alt=\"Embraer (EMBR3) assina contratos com a American Airlines\u00a0(AALL34) e a Binter para venda de aeronaves\" fetchpriority=high \/>\n\t\t\t<\/picture>\n\n\t\t\t<figcaption class=\"wp-caption-text wp-caption-text--show\">Embraer (EMBR3)  - Foto: Divulga\u00e7\u00e3o<\/figcaption>\n\t\t<\/figure>\n\t<\/div>\n\n\n\n\n\n\t<p>\n\t\t<a href=\"https:\/\/lp.suno.com.br\/planilha-da-vida-financeira\/\" target=\"_blank\" data-element=\"shortcode-suno-banner\" title=\"Banner SUNO, clique e saiba mais\">\n\t\t\t<picture>\n\t\t\t\t<source media=\"(max-width: 500px)\" srcset=\"https:\/\/files.sunoresearch.com.br\/n\/uploads\/2023\/04\/400x300-Planilha-vida-financeira-true.png\">\n\t\t\t\t<img class=\"newsContent__article__imgCapa newsContent__article__imgCapa--banner\"\n\t\t\t\t\tsrc=\"https:\/\/files.sunoresearch.com.br\/n\/uploads\/2023\/04\/1420x240-Planilha-vida-financeira-true.png\"\n\t\t\t\t\tdata-promo-id=\"106682\"\t\t\t\t\t\t\t\t\t\twidth='1420' height='240'\t\t\t\t\talt=\"https:\/\/files.sunoresearch.com.br\/n\/uploads\/2023\/04\/1420x240-Planilha-vida-financeira-true.png\"\n\t\t\t\t>\n\t\t\t<\/picture>\n\t\t<\/a>\n\t<\/p>\n\n\n\n\n\n<p>Com a aquisi\u00e7\u00e3o, a frota de E-Jets da fabricante de avi\u00f5es na Envoy Air crescer\u00e1 para 141 aeronaves ao fim de 2024. \u201cO E175 \u00e9 a espinha dorsal da rede regional dos Estados Unidos, com mais de 620 aeronaves vendidas, e tendo 86% de participa\u00e7\u00e3o de mercado desde 2013\u201d, disse Meijer, em comunicado.<\/p>\n\n\n\n<h2 class=\"wp-block-heading\">Outras aquisi\u00e7\u00f5es<\/h2>\n\n\n\n<p>A Binter, companhia a\u00e9rea das Ilhas Can\u00e1rias, fez um pedido firme de<strong> seis avi\u00f5es Embraer<\/strong> E195-E2, conforme comunicado divulgado nesta ter\u00e7a-feira. O neg\u00f3cio est\u00e1 avaliado em US$ 504,7 milh\u00f5es, com entregas a partir do segundo semestre de 2024. Ap\u00f3s a conclus\u00e3o das entregas, a Binter ter\u00e1 uma frota de 16 jatos E2.&nbsp;<\/p>\n\n\n\n<p>\u201cO E2 tem sido um diferencial para a Binter. Os nossos clientes est\u00e3o muito satisfeitos com a aeronave, especialmente com o sil\u00eancio durante o voo. O desempenho em economia de combust\u00edvel e em manuten\u00e7\u00e3o tamb\u00e9m tem sido melhor do que o esperado. O E2 tem comprovado ser a aeronave perfeita para liderar o nosso ciclo de crescimento&#8221;, afirma Rodolfo N\u00fa\u00f1ez, presidente da Binter, em nota.<\/p>\n\n\n\n<p>Tamb\u00e9m hoje, a <strong>Embraer<\/strong> revelou em comunicado que a Avolon, empresa de leasing de aeronaves, assinou um <strong>acordo de venda<\/strong> e arrendamento com a Porter Airlines para 10 novas aeronaves Embraer E195-E2, com pre\u00e7o de lista de US$ 841,2 milh\u00f5es.&nbsp;<\/p>\n\n\n\n<p>As novas aeronaves ir\u00e3o apoiar a expans\u00e3o da Porter para rotas dom\u00e9sticas no Canad\u00e1 e, no futuro, para a Am\u00e9rica do Norte. Essa \u00e9 a primeira aquisi\u00e7\u00e3o de aeronaves da fam\u00edlia E2 pela Avolon, apoiando a meta da companhia de 75% de aeronaves de nova gera\u00e7\u00e3o at\u00e9 2025.<\/p>\n\n\n\n<p>A Embraer tamb\u00e9m divulgou nesta ter\u00e7a-feira que a Azorra, do setor de leasing, como sendo o cliente n\u00e3o revelado de um pedido de 15 aeronaves E195-E2, anunciado em janeiro deste ano. O pedido, avaliado em US$ 1,2 bilh\u00e3o, conforme pre\u00e7o de lista, foi acionado \u00e0 carteira de pedidos no quarto trimestre de 2022.&nbsp;<\/p>\n\n\n\n<p>\u201cCom base em nosso sucesso com o E2, estamos orgulhosos em expandir nosso firme compromisso com a Embraer de 20 para 35 aeronaves\u201d, afirmou Ron Baur, presidente da Azorra, em comunicado.<\/p>\n\n\n\n<h2 class=\"wp-block-heading\">Republic Airways entra em projeto da Embraer<\/h2>\n\n\n\n<p>A Republic Airways, uma das maiores companhias a\u00e9reas regionais dos Estados Unidos, uniu-se ao grupo consultivo do projeto \u201cEnergia\u201d, da <strong>Embraer<\/strong>.<\/p>\n\n\n\n<p>O grupo \u00e9 formado por um time de companhias a\u00e9reas, empresas de leasing de aeronaves, fornecedores e outros especialistas em avia\u00e7\u00e3o que assessoram a iniciativa para desenvolver aeronaves sustent\u00e1veis para o futuro.&nbsp;<\/p>\n\n\n\n<p>As empresas v\u00e3o colaborar para determinar requisitos como infraestrutura, assist\u00eancia em solo, desempenho da aeronave e espa\u00e7o para carga. Al\u00e9m disso, o grupo do projeto da Embraer ajudar\u00e1 a acelerar o tempo de chegada no mercado e, por fim, auxiliar\u00e1 na decis\u00e3o de qual aeronave do projeto chegar\u00e1 primeiro.&nbsp;<\/p>\n\n\n\n<h2 class=\"wp-block-heading\">Demanda global<\/h2>\n\n\n\n<p>A Embraer atualizou hoje suas perspectivas do mercado global para a avia\u00e7\u00e3o comercial nos pr\u00f3ximos 20 anos. Entre elas, est\u00e1 a demanda de 11 mil jatos jato e turbo\u00e9lices com at\u00e9 150 assentos, avaliados em US$ 650 bilh\u00f5es (R$ 3,1 tri, na cota\u00e7\u00e3o atual)<\/p>\n\n\n\n\n\n<p>Segundo Arjan Meijer, presidente e CEO da Embraer Avia\u00e7\u00e3o Comercial, essa categoria de avi\u00f5es tem o potencial de manter a conectividade da malha a\u00e9rea, e observa que o trabalho remoto e a uma ind\u00fastria mais sustent\u00e1vel v\u00e3o afetar a forma como as pessoas viajam e a procura por novas <strong>aeronaves da Embraer<\/strong>.<\/p>\n\n\n\n<p>A <strong>fabricante de avi\u00f5es<\/strong> espera que o tr\u00e1fego mundial de passageiros, medido em receita de passageiro\/quil\u00f4metro (RPK, na sigla em ingl\u00eas), retorne aos n\u00edveis de 2019 at\u00e9 o ano que vem, como resultado de uma recupera\u00e7\u00e3o prolongada da pandemia, da geopol\u00edtica e de mudan\u00e7as na din\u00e2mica do setor.\u00a0&#8220;Os RPKs globais crescer\u00e3o 3,2% ao ano at\u00e9 2042\u201d, disse a companhia em comunicado.<\/p>\n\n\n\n<p>A Embraer listou, ainda, as principais tend\u00eancias que est\u00e3o moldando a demanda futura por viagens e aeronaves, como a fragmenta\u00e7\u00e3o da economia global, os impactos da sustentabilidade no mercado, assim como a necessidade de flexibilidade da frota para lidar com uma demanda incerta.<\/p>\n\n\n\t<p>\n\t\t<a href=\"https:\/\/lp.suno.com.br\/ebook-como-analisar-uma-acao\/\" target=\"_blank\" data-element=\"shortcode-suno-banner\" title=\"Banner SUNO, clique e saiba mais\">\n\t\t\t<picture>\n\t\t\t\t<source media=\"(max-width: 500px)\" srcset=\"https:\/\/files.sunoresearch.com.br\/n\/uploads\/2023\/03\/Ebook-Acoes-Mobile.jpg\">\n\t\t\t\t<img class=\"newsContent__article__imgCapa newsContent__article__imgCapa--banner\"\n\t\t\t\t\tsrc=\"https:\/\/files.sunoresearch.com.br\/n\/uploads\/2023\/03\/Ebook-Acoes-Desktop.jpg\"\n\t\t\t\t\tdata-promo-id=\"378302\"\t\t\t\t\t\t\t\t\t\twidth='1420' height='286'\t\t\t\t\talt=\"https:\/\/files.sunoresearch.com.br\/n\/uploads\/2023\/03\/Ebook-Acoes-Desktop.jpg\"\n\t\t\t\t>\n\t\t\t<\/picture>\n\t\t<\/a>\n\t<\/p>\n\n\n\n\n\n<h2 class=\"wp-block-heading\">Cota\u00e7\u00e3o da Embraer<\/h2>\n\n\n\n<p>Perto das 13h, as a\u00e7\u00f5es ordin\u00e1rias de <strong>Embraer <\/strong>ca\u00edam 3,27%, a R$ 19,54.<\/p>\n\n\n\n<div class=\"pluginQuotation\">\n  <p class=\"ticker\">\n    Cota\u00e7\u00e3o <span>EMBR3<\/span>\n  <\/p>\n  <div class=\"info\">\n    <div class=\"leftSide\">\n      Gr\u00e1fico gerado em: 20\/06\/2023    <\/div>\n\t\t\t\t\t<div class=\"rightSide\">\n\t\t\t\t\t<span class=\"period\">\n\t\t\t\t\t\t5 Dias\t\t\t\t\t<\/span>\n\t\t\t<\/div>\n\t\t  <\/div>\n\n  <div id=\"chart-bc8f16c79389b565b60cca5ad5756f42\" data-block-hash=\"bc8f16c79389b565b60cca5ad5756f42\"  class=\"chart\" style=\"width:100%;height:400px;\"><\/div>\n\n  <div class=\"pluginQuotation__footer\">\n    <div class=\"dataChart\">\n\n      <div class=\"dataChart__div1 variation\">\n        <div class=\"value-negative\">\n          -4,36 (-0,88%)        <\/div>\n        <div class=\"text\">\n          Varia\u00e7\u00e3o do per\u00edodo\n        <\/div>\n      <\/div>\n\n      <div class=\"dataChart__div2 minMax\">\n        <div class=\"value\">\n          R$\u00a019,32        <\/div>\n        <div class=\"text\">\n          M\u00ednima\n        <\/div>\n      <\/div>\n\n      <div class=\"dataChart__div3 minMax\">\n        <div class=\"value\">\n          R$\u00a020,82        <\/div>\n        <div class=\"text\">\n          M\u00e1xima\n        <\/div>\n      <\/div>\n\n\t\t\t<div class=\"dataChart__div4 rightSide\">\n\t\t\t\t<div class=\"analiticaSource\">\n\t\t\t\t\t<span>\n\t\t\t\t\t\tFonte:\n\t\t\t\t\t<\/span>\n\t\t\t\t\t<img decoding=\"async\" class=\"analiticaLogo\" src=\"https:\/\/www.suno.com.br\/noticias\/wp-content\/plugins\/suno-block-ticker-quotation\/src\/suno-analitica-logo.png\" alt=\"Logo Suno Anal\u00edtica\" \/>\n\t\t\t\t<\/div>\n\n\t\t\t\t<a href=\"https:\/\/www.suno.com.br\/analitica\/acoes\/EMBR3\" target=\"_blank\">\n\t\t\t\t\t<span>\n\t\t\t\t\t\tVer mais cota\u00e7\u00f5es\n\t\t\t\t\t<\/span>\n\t\t\t\t\t<svg xmlns=\"http:\/\/www.w3.org\/2000\/svg\" width=\"9\" height=\"8\" viewBox=\"0 0 9 8\" fill=\"none\">\n\t\t\t\t\t\t<path d=\"M4.20996 0L3.50496 0.705L6.29496 3.5H0.209961V4.5H6.29496L3.50496 7.295L4.20996 8L8.20996 4L4.20996 0Z\" fill=\"#D42126\" \/>\n\t\t\t\t\t<\/svg>\n\t\t\t\t<\/a>\n    <\/div>\n\n    <\/div>\n  <\/div>\n<\/div>\n\n\n<script type=\"text\/javascript\">\n  let chart_bc8f16c79389b565b60cca5ad5756f42 = document.getElementById('chart-bc8f16c79389b565b60cca5ad5756f42');\n  let data_json_bc8f16c79389b565b60cca5ad5756f42 = \"[{\\\"date\\\":\\\"14\\\\\\\/06\\\\\\\/23 12:00\\\",\\\"value\\\":20.2},{\\\"date\\\":\\\"14\\\\\\\/06\\\\\\\/23 12:10\\\",\\\"value\\\":20.2},{\\\"date\\\":\\\"14\\\\\\\/06\\\\\\\/23 12:20\\\",\\\"value\\\":20.21},{\\\"date\\\":\\\"14\\\\\\\/06\\\\\\\/23 12:30\\\",\\\"value\\\":20.25},{\\\"date\\\":\\\"14\\\\\\\/06\\\\\\\/23 12:40\\\",\\\"value\\\":20.25},{\\\"date\\\":\\\"14\\\\\\\/06\\\\\\\/23 12:50\\\",\\\"value\\\":20.4},{\\\"date\\\":\\\"15\\\\\\\/06\\\\\\\/23 16:10\\\",\\\"value\\\":20.55},{\\\"date\\\":\\\"15\\\\\\\/06\\\\\\\/23 16:20\\\",\\\"value\\\":20.54},{\\\"date\\\":\\\"15\\\\\\\/06\\\\\\\/23 16:30\\\",\\\"value\\\":20.58},{\\\"date\\\":\\\"15\\\\\\\/06\\\\\\\/23 16:40\\\",\\\"value\\\":20.59},{\\\"date\\\":\\\"16\\\\\\\/06\\\\\\\/23 10:10\\\",\\\"value\\\":20.35},{\\\"date\\\":\\\"19\\\\\\\/06\\\\\\\/23 10:10\\\",\\\"value\\\":20.66},{\\\"date\\\":\\\"19\\\\\\\/06\\\\\\\/23 10:20\\\",\\\"value\\\":20.67},{\\\"date\\\":\\\"19\\\\\\\/06\\\\\\\/23 10:30\\\",\\\"value\\\":20.68},{\\\"date\\\":\\\"19\\\\\\\/06\\\\\\\/23 10:40\\\",\\\"value\\\":20.75},{\\\"date\\\":\\\"19\\\\\\\/06\\\\\\\/23 10:50\\\",\\\"value\\\":20.82},{\\\"date\\\":\\\"19\\\\\\\/06\\\\\\\/23 11:00\\\",\\\"value\\\":20.69},{\\\"date\\\":\\\"19\\\\\\\/06\\\\\\\/23 11:10\\\",\\\"value\\\":20.56},{\\\"date\\\":\\\"19\\\\\\\/06\\\\\\\/23 11:20\\\",\\\"value\\\":20.49},{\\\"date\\\":\\\"19\\\\\\\/06\\\\\\\/23 11:30\\\",\\\"value\\\":20.56},{\\\"date\\\":\\\"19\\\\\\\/06\\\\\\\/23 11:40\\\",\\\"value\\\":20.57},{\\\"date\\\":\\\"19\\\\\\\/06\\\\\\\/23 11:50\\\",\\\"value\\\":20.57},{\\\"date\\\":\\\"19\\\\\\\/06\\\\\\\/23 12:00\\\",\\\"value\\\":20.61},{\\\"date\\\":\\\"19\\\\\\\/06\\\\\\\/23 12:10\\\",\\\"value\\\":20.59},{\\\"date\\\":\\\"19\\\\\\\/06\\\\\\\/23 12:20\\\",\\\"value\\\":20.59},{\\\"date\\\":\\\"19\\\\\\\/06\\\\\\\/23 12:30\\\",\\\"value\\\":20.55},{\\\"date\\\":\\\"19\\\\\\\/06\\\\\\\/23 12:40\\\",\\\"value\\\":20.58},{\\\"date\\\":\\\"19\\\\\\\/06\\\\\\\/23 12:50\\\",\\\"value\\\":20.56},{\\\"date\\\":\\\"19\\\\\\\/06\\\\\\\/23 13:00\\\",\\\"value\\\":20.47},{\\\"date\\\":\\\"19\\\\\\\/06\\\\\\\/23 14:40\\\",\\\"value\\\":20.11},{\\\"date\\\":\\\"19\\\\\\\/06\\\\\\\/23 14:50\\\",\\\"value\\\":20.1},{\\\"date\\\":\\\"19\\\\\\\/06\\\\\\\/23 15:00\\\",\\\"value\\\":20.11},{\\\"date\\\":\\\"19\\\\\\\/06\\\\\\\/23 15:10\\\",\\\"value\\\":20.13},{\\\"date\\\":\\\"19\\\\\\\/06\\\\\\\/23 15:20\\\",\\\"value\\\":20.13},{\\\"date\\\":\\\"19\\\\\\\/06\\\\\\\/23 15:30\\\",\\\"value\\\":20.12},{\\\"date\\\":\\\"19\\\\\\\/06\\\\\\\/23 15:40\\\",\\\"value\\\":20.2},{\\\"date\\\":\\\"19\\\\\\\/06\\\\\\\/23 15:50\\\",\\\"value\\\":20.21},{\\\"date\\\":\\\"19\\\\\\\/06\\\\\\\/23 16:00\\\",\\\"value\\\":20.22},{\\\"date\\\":\\\"19\\\\\\\/06\\\\\\\/23 16:10\\\",\\\"value\\\":20.29},{\\\"date\\\":\\\"19\\\\\\\/06\\\\\\\/23 16:20\\\",\\\"value\\\":20.27},{\\\"date\\\":\\\"19\\\\\\\/06\\\\\\\/23 16:30\\\",\\\"value\\\":20.23},{\\\"date\\\":\\\"19\\\\\\\/06\\\\\\\/23 16:40\\\",\\\"value\\\":20.23},{\\\"date\\\":\\\"19\\\\\\\/06\\\\\\\/23 16:50\\\",\\\"value\\\":20.22},{\\\"date\\\":\\\"19\\\\\\\/06\\\\\\\/23 17:30\\\",\\\"value\\\":20.19},{\\\"date\\\":\\\"19\\\\\\\/06\\\\\\\/23 17:50\\\",\\\"value\\\":20.18},{\\\"date\\\":\\\"20\\\\\\\/06\\\\\\\/23 10:10\\\",\\\"value\\\":20.12},{\\\"date\\\":\\\"20\\\\\\\/06\\\\\\\/23 10:20\\\",\\\"value\\\":20.14},{\\\"date\\\":\\\"20\\\\\\\/06\\\\\\\/23 10:30\\\",\\\"value\\\":20.06},{\\\"date\\\":\\\"20\\\\\\\/06\\\\\\\/23 11:30\\\",\\\"value\\\":19.54},{\\\"date\\\":\\\"20\\\\\\\/06\\\\\\\/23 11:40\\\",\\\"value\\\":19.56},{\\\"date\\\":\\\"20\\\\\\\/06\\\\\\\/23 11:50\\\",\\\"value\\\":19.6},{\\\"date\\\":\\\"20\\\\\\\/06\\\\\\\/23 12:00\\\",\\\"value\\\":19.57},{\\\"date\\\":\\\"20\\\\\\\/06\\\\\\\/23 12:10\\\",\\\"value\\\":19.58},{\\\"date\\\":\\\"20\\\\\\\/06\\\\\\\/23 12:20\\\",\\\"value\\\":19.59},{\\\"date\\\":\\\"20\\\\\\\/06\\\\\\\/23 12:30\\\",\\\"value\\\":19.32}]\";\n  let isPositive_bc8f16c79389b565b60cca5ad5756f42 = \"\";\n\n  let color_bc8f16c79389b565b60cca5ad5756f42 = isPositive_bc8f16c79389b565b60cca5ad5756f42 ? '#3AB53A' : '#D92C2D';\n\n  let data_bc8f16c79389b565b60cca5ad5756f42 = JSON.parse(data_json_bc8f16c79389b565b60cca5ad5756f42);\n\n  const result_bc8f16c79389b565b60cca5ad5756f42 = {\n    date: [],\n    value: [],\n  };\n\n  data_bc8f16c79389b565b60cca5ad5756f42.forEach((item) => {\n    result_bc8f16c79389b565b60cca5ad5756f42.date.push(item.date);\n    result_bc8f16c79389b565b60cca5ad5756f42.value.push(Number(item.value));\n  });\n\n  let option_bc8f16c79389b565b60cca5ad5756f42 = {\n    \/\/ variavel de cor global\n    color: [color_bc8f16c79389b565b60cca5ad5756f42],\n    title: {\n      text: '',\n    },\n    tooltip: {\n      trigger: 'axis',\n      axisPointer: {\n        type: 'cross',\n        label: {\n          \/\/ cor dos valores em X e Y\n          backgroundColor: color_bc8f16c79389b565b60cca5ad5756f42,\n          formatter: (value) => {\n            if (typeof value.value === 'number') {\n              return Number(value.value).toLocaleString('pt-br', {\n                style: 'currency',\n                currency: 'BRL'\n              });\n            }\n            return value.value;\n          },\n        },\n      },\n      valueFormatter: (value) => Number(value).toLocaleString('pt-br', {\n        style: 'currency',\n        currency: 'BRL'\n      }),\n    },\n    legend: {\n      \/\/ data: ['Valor de Fechamento'],\n      show: false,\n    },\n    toolbox: {\n      feature: {\n        saveAsImage: {\n          show: false,\n        },\n      },\n    },\n    grid: {\n      left: '0px',\n      right: '0px',\n      bottom: '0px',\n      containLabel: true,\n    },\n    xAxis: [{\n      type: 'category',\n      data: result_bc8f16c79389b565b60cca5ad5756f42.date,\n      boundaryGap: true,\n    }],\n    yAxis: [{\n      type: 'value',\n      min: Math.min(...result_bc8f16c79389b565b60cca5ad5756f42.value),\n      max: Math.max(...result_bc8f16c79389b565b60cca5ad5756f42.value),\n      axisLabel: {\n        formatter: (value) => value.toLocaleString('pt-br', {\n          style: 'currency',\n          currency: 'BRL'\n        }),\n      },\n    }],\n    series: [{\n      name: 'Valor de Fechamento',\n      type: 'line',\n      stack: 'Total',\n      \/\/ cor do grafico\n      areaStyle: {},\n      emphasis: {\n        focus: 'series',\n      },\n      data: result_bc8f16c79389b565b60cca5ad5756f42.value,\n      \/\/ cor da linha\n      lineStyle: {\n        color: color_bc8f16c79389b565b60cca5ad5756f42,\n      },\n    }, ],\n  };\n\n\twindow.chart_bc8f16c79389b565b60cca5ad5756f42 = {\n\t\tel: chart_bc8f16c79389b565b60cca5ad5756f42,\n\t\toption: option_bc8f16c79389b565b60cca5ad5756f42\t};\n\n\n<\/script>\n\n\n\n<p> <\/p>\n\n\n\t<p>\n\t\t<a href=\"https:\/\/lp.suno.com.br\/ebook-como-analisar-uma-acao\/\" target=\"_blank\" data-element=\"shortcode-suno-banner\" title=\"Banner SUNO, clique e saiba mais\">\n\t\t\t<picture>\n\t\t\t\t<source media=\"(max-width: 500px)\" srcset=\"https:\/\/files.sunoresearch.com.br\/n\/uploads\/2023\/03\/Ebook-Acoes-Mobile.jpg\">\n\t\t\t\t<img class=\"newsContent__article__imgCapa newsContent__article__imgCapa--banner\"\n\t\t\t\t\tsrc=\"https:\/\/files.sunoresearch.com.br\/n\/uploads\/2023\/03\/Ebook-Acoes-Desktop.jpg\"\n\t\t\t\t\tdata-promo-id=\"378302\"\t\t\t\t\t\t\t\t\t\twidth='1420' height='286'\t\t\t\t\talt=\"https:\/\/files.sunoresearch.com.br\/n\/uploads\/2023\/03\/Ebook-Acoes-Desktop.jpg\"\n\t\t\t\t>\n\t\t\t<\/picture>\n\t\t<\/a>\n\t<\/p>\n\n\n","protected":false},"excerpt":{"rendered":"<p>A Embraer (EMBR3) anunciou nesta ter\u00e7a (20) que a American Airlines\u00a0(AALL34) assinou um contrato para compra de sete novos jatos Embraer E175, que ser\u00e3o operados pela subsidi\u00e1ria Envoy Air. O neg\u00f3cio est\u00e1 avaliado em US$ 403,4 milh\u00f5es, com entregas no quarto trimestre de 2023.\u00a0 Embraer (EMBR3) &#8211; Foto: Divulga\u00e7\u00e3o Com a aquisi\u00e7\u00e3o, a frota de [&hellip;]<\/p>\n","protected":false},"author":295,"featured_media":130238,"comment_status":"closed","ping_status":"closed","sticky":false,"template":"","format":"standard","meta":[],"categories":[64],"tags":[286,2065,460],"suno_strategy":[],"class_list":["post-418879","post","type-post","status-publish","format-standard","has-post-thumbnail","hentry","category-negocios","tag-acoes","tag-american-airlines-aall34","tag-embraer-embr3"],"yoast_head":"<!-- This site is optimized with the Yoast SEO plugin v24.4 - https:\/\/yoast.com\/wordpress\/plugins\/seo\/ -->\n<title>Embraer (EMBR3) assina contratos com a American Airlines\u00a0(AALL34()<\/title>\n<meta name=\"description\" content=\"A Embraer tamb\u00e9m divulgou hoje suas perspectivas de mercado para a avia\u00e7\u00e3o comercial nos pr\u00f3ximos 20 anos. Confira quais s\u00e3o elas!\" \/>\n<meta name=\"robots\" content=\"index, follow, max-snippet:-1, max-image-preview:large, max-video-preview:-1\" \/>\n<link rel=\"canonical\" href=\"https:\/\/www.suno.com.br\/noticias\/embraer-embr3-demanda-11-mil-aeronaves-20-anos\/\" \/>\n<meta property=\"og:locale\" content=\"pt_BR\" \/>\n<meta property=\"og:type\" content=\"article\" \/>\n<meta property=\"og:title\" content=\"Embraer (EMBR3) assina contratos com a American Airlines\u00a0(AALL34()\" \/>\n<meta property=\"og:description\" content=\"A Embraer tamb\u00e9m divulgou hoje suas perspectivas de mercado para a avia\u00e7\u00e3o comercial nos pr\u00f3ximos 20 anos. Confira quais s\u00e3o elas!\" \/>\n<meta property=\"og:url\" content=\"https:\/\/www.suno.com.br\/noticias\/embraer-embr3-demanda-11-mil-aeronaves-20-anos\/\" \/>\n<meta property=\"og:site_name\" content=\"Suno Not\u00edcias\" \/>\n<meta property=\"article:publisher\" content=\"https:\/\/facebook.com\/sunoresearch\" \/>\n<meta property=\"og:image\" content=\"https:\/\/files.sunoresearch.com.br\/n\/uploads\/2021\/03\/8031a286-embraer1.jpg\" \/>\n\t<meta property=\"og:image:width\" content=\"1200\" \/>\n\t<meta property=\"og:image:height\" content=\"800\" \/>\n\t<meta property=\"og:image:type\" content=\"image\/jpeg\" \/>\n<meta name=\"author\" content=\"Giovanni Porf\u00edrio Jacomino\" \/>\n<meta name=\"twitter:card\" content=\"summary_large_image\" \/>\n<meta name=\"twitter:creator\" content=\"@sunoresearch\" \/>\n<meta name=\"twitter:site\" content=\"@sunoresearch\" \/>\n<meta name=\"twitter:label1\" content=\"Escrito por\" \/>\n\t<meta name=\"twitter:data1\" content=\"Giovanni Porf\u00edrio Jacomino\" \/>\n\t<meta name=\"twitter:label2\" content=\"Est. tempo de leitura\" \/>\n\t<meta name=\"twitter:data2\" content=\"4 minutos\" \/>\n<script type=\"application\/ld+json\" class=\"yoast-schema-graph\">{\"@context\":\"https:\/\/schema.org\",\"@graph\":[{\"@type\":\"NewsArticle\",\"@id\":\"https:\/\/www.suno.com.br\/noticias\/embraer-embr3-demanda-11-mil-aeronaves-20-anos\/#article\",\"isPartOf\":{\"@id\":\"https:\/\/www.suno.com.br\/noticias\/embraer-embr3-demanda-11-mil-aeronaves-20-anos\/\"},\"author\":{\"name\":\"Giovanni Porf\u00edrio Jacomino\",\"@id\":\"https:\/\/www.suno.com.br\/noticias\/#\/schema\/person\/217058341e4dbe1f68f3b898b09ca015\"},\"headline\":\"Embraer (EMBR3) assina contratos com a American Airlines\u00a0(AALL34) e a Binter para venda de aeronaves\",\"datePublished\":\"2023-06-20T15:59:06+00:00\",\"dateModified\":\"2023-06-20T17:33:26+00:00\",\"mainEntityOfPage\":{\"@id\":\"https:\/\/www.suno.com.br\/noticias\/embraer-embr3-demanda-11-mil-aeronaves-20-anos\/\"},\"wordCount\":792,\"publisher\":{\"@id\":\"https:\/\/www.suno.com.br\/noticias\/#organization\"},\"image\":{\"@id\":\"https:\/\/www.suno.com.br\/noticias\/embraer-embr3-demanda-11-mil-aeronaves-20-anos\/#primaryimage\"},\"thumbnailUrl\":\"https:\/\/files.sunoresearch.com.br\/n\/uploads\/2021\/03\/8031a286-embraer1-jpg.webp\",\"keywords\":[\"A\u00e7\u00f5es\",\"American Airlines (AALL34)\",\"Embraer (EMBR3)\"],\"articleSection\":[\"Neg\u00f3cios\"],\"inLanguage\":\"pt-BR\"},{\"@type\":\"WebPage\",\"@id\":\"https:\/\/www.suno.com.br\/noticias\/embraer-embr3-demanda-11-mil-aeronaves-20-anos\/\",\"url\":\"https:\/\/www.suno.com.br\/noticias\/embraer-embr3-demanda-11-mil-aeronaves-20-anos\/\",\"name\":\"Embraer (EMBR3) assina contratos com a American Airlines\u00a0(AALL34()\",\"isPartOf\":{\"@id\":\"https:\/\/www.suno.com.br\/noticias\/#website\"},\"primaryImageOfPage\":{\"@id\":\"https:\/\/www.suno.com.br\/noticias\/embraer-embr3-demanda-11-mil-aeronaves-20-anos\/#primaryimage\"},\"image\":{\"@id\":\"https:\/\/www.suno.com.br\/noticias\/embraer-embr3-demanda-11-mil-aeronaves-20-anos\/#primaryimage\"},\"thumbnailUrl\":\"https:\/\/files.sunoresearch.com.br\/n\/uploads\/2021\/03\/8031a286-embraer1-jpg.webp\",\"datePublished\":\"2023-06-20T15:59:06+00:00\",\"dateModified\":\"2023-06-20T17:33:26+00:00\",\"description\":\"A Embraer tamb\u00e9m divulgou hoje suas perspectivas de mercado para a avia\u00e7\u00e3o comercial nos pr\u00f3ximos 20 anos. Confira quais s\u00e3o elas!\",\"breadcrumb\":{\"@id\":\"https:\/\/www.suno.com.br\/noticias\/embraer-embr3-demanda-11-mil-aeronaves-20-anos\/#breadcrumb\"},\"inLanguage\":\"pt-BR\",\"potentialAction\":[{\"@type\":\"ReadAction\",\"target\":[\"https:\/\/www.suno.com.br\/noticias\/embraer-embr3-demanda-11-mil-aeronaves-20-anos\/\"]}]},{\"@type\":\"ImageObject\",\"inLanguage\":\"pt-BR\",\"@id\":\"https:\/\/www.suno.com.br\/noticias\/embraer-embr3-demanda-11-mil-aeronaves-20-anos\/#primaryimage\",\"url\":\"https:\/\/files.sunoresearch.com.br\/n\/uploads\/2021\/03\/8031a286-embraer1-jpg.webp\",\"contentUrl\":\"https:\/\/files.sunoresearch.com.br\/n\/uploads\/2021\/03\/8031a286-embraer1-jpg.webp\",\"width\":1200,\"height\":800,\"caption\":\"Embraer (EMBR3) - Foto: Divulga\u00e7\u00e3o\"},{\"@type\":\"BreadcrumbList\",\"@id\":\"https:\/\/www.suno.com.br\/noticias\/embraer-embr3-demanda-11-mil-aeronaves-20-anos\/#breadcrumb\",\"itemListElement\":[{\"@type\":\"ListItem\",\"position\":1,\"name\":\"Not\u00edcias\",\"item\":\"https:\/\/www.suno.com.br\/noticias\/\"},{\"@type\":\"ListItem\",\"position\":2,\"name\":\"Neg\u00f3cios\",\"item\":\"https:\/\/www.suno.com.br\/noticias\/negocios\/\"},{\"@type\":\"ListItem\",\"position\":3,\"name\":\"Embraer (EMBR3) assina contratos com a American Airlines\u00a0(AALL34) e a Binter para venda de aeronaves\"}]},{\"@type\":\"WebSite\",\"@id\":\"https:\/\/www.suno.com.br\/noticias\/#website\",\"url\":\"https:\/\/www.suno.com.br\/noticias\/\",\"name\":\"Suno Not\u00edcias\",\"description\":\"Seu portal de informa\u00e7\u00e3o sobre o mundo dos investimentos\",\"publisher\":{\"@id\":\"https:\/\/www.suno.com.br\/noticias\/#organization\"},\"potentialAction\":[{\"@type\":\"SearchAction\",\"target\":{\"@type\":\"EntryPoint\",\"urlTemplate\":\"https:\/\/www.suno.com.br\/noticias\/?s={search_term_string}\"},\"query-input\":{\"@type\":\"PropertyValueSpecification\",\"valueRequired\":true,\"valueName\":\"search_term_string\"}}],\"inLanguage\":\"pt-BR\"},{\"@type\":\"Organization\",\"@id\":\"https:\/\/www.suno.com.br\/noticias\/#organization\",\"name\":\"Suno Not\u00edcias\",\"url\":\"https:\/\/www.suno.com.br\/noticias\/\",\"logo\":{\"@type\":\"ImageObject\",\"inLanguage\":\"pt-BR\",\"@id\":\"https:\/\/www.suno.com.br\/noticias\/#\/schema\/logo\/image\/\",\"url\":\"https:\/\/files.sunoresearch.com.br\/n\/uploads\/2021\/09\/suno-logo.png\",\"contentUrl\":\"https:\/\/files.sunoresearch.com.br\/n\/uploads\/2021\/09\/suno-logo.png\",\"width\":180,\"height\":180,\"caption\":\"Suno Not\u00edcias\"},\"image\":{\"@id\":\"https:\/\/www.suno.com.br\/noticias\/#\/schema\/logo\/image\/\"},\"sameAs\":[\"https:\/\/facebook.com\/sunoresearch\",\"https:\/\/x.com\/sunoresearch\",\"https:\/\/www.instagram.com\/suno\",\"https:\/\/www.linkedin.com\/company\/suno-research\/\",\"https:\/\/www.youtube.com\/c\/sunoresearch\"]},{\"@type\":\"Person\",\"@id\":\"https:\/\/www.suno.com.br\/noticias\/#\/schema\/person\/217058341e4dbe1f68f3b898b09ca015\",\"name\":\"Giovanni Porf\u00edrio Jacomino\",\"image\":{\"@type\":\"ImageObject\",\"inLanguage\":\"pt-BR\",\"@id\":\"https:\/\/www.suno.com.br\/noticias\/#\/schema\/person\/image\/\",\"url\":\"https:\/\/secure.gravatar.com\/avatar\/bc678fc5559a55f79ada398443281309?s=96&r=g\",\"contentUrl\":\"https:\/\/secure.gravatar.com\/avatar\/bc678fc5559a55f79ada398443281309?s=96&r=g\",\"caption\":\"Giovanni Porf\u00edrio Jacomino\"},\"description\":\"Giovanni Porf\u00edrio Jacomino \u00e9 jornalista formado pela Universidade Estadual de Londrina (UEL) e p\u00f3s-graduado em Produ\u00e7\u00e3o e Pr\u00e1ticas Jornal\u00edsticas na Contemporaneidade na Faculdade C\u00e1sper L\u00edbero (FCL). Foi editor web no Startupi e no Finsiders, atuando ainda como editor no TC Mover, portal de not\u00edcias da TradersClub, fazendo a cobertura de assuntos relacionados ao mercado financeiro interno e externo. Atualmente, \u00e9 Rep\u00f3rter do Suno Not\u00edcias.\",\"url\":\"https:\/\/www.suno.com.br\/noticias\/author\/giovanniporfirio01gmail-com\/\"}]}<\/script>\n<!-- \/ Yoast SEO plugin. -->","yoast_head_json":{"title":"Embraer (EMBR3) assina contratos com a American Airlines\u00a0(AALL34()","description":"A Embraer tamb\u00e9m divulgou hoje suas perspectivas de mercado para a avia\u00e7\u00e3o comercial nos pr\u00f3ximos 20 anos. Confira quais s\u00e3o elas!","robots":{"index":"index","follow":"follow","max-snippet":"max-snippet:-1","max-image-preview":"max-image-preview:large","max-video-preview":"max-video-preview:-1"},"canonical":"https:\/\/www.suno.com.br\/noticias\/embraer-embr3-demanda-11-mil-aeronaves-20-anos\/","og_locale":"pt_BR","og_type":"article","og_title":"Embraer (EMBR3) assina contratos com a American Airlines\u00a0(AALL34()","og_description":"A Embraer tamb\u00e9m divulgou hoje suas perspectivas de mercado para a avia\u00e7\u00e3o comercial nos pr\u00f3ximos 20 anos. Confira quais s\u00e3o elas!","og_url":"https:\/\/www.suno.com.br\/noticias\/embraer-embr3-demanda-11-mil-aeronaves-20-anos\/","og_site_name":"Suno Not\u00edcias","article_publisher":"https:\/\/facebook.com\/sunoresearch","og_image":[{"width":1200,"height":800,"url":"https:\/\/files.sunoresearch.com.br\/n\/uploads\/2021\/03\/8031a286-embraer1.jpg","type":"image\/jpeg"}],"author":"Giovanni Porf\u00edrio Jacomino","twitter_card":"summary_large_image","twitter_creator":"@sunoresearch","twitter_site":"@sunoresearch","twitter_misc":{"Escrito por":"Giovanni Porf\u00edrio Jacomino","Est. tempo de leitura":"4 minutos"},"schema":{"@context":"https:\/\/schema.org","@graph":[{"@type":"NewsArticle","@id":"https:\/\/www.suno.com.br\/noticias\/embraer-embr3-demanda-11-mil-aeronaves-20-anos\/#article","isPartOf":{"@id":"https:\/\/www.suno.com.br\/noticias\/embraer-embr3-demanda-11-mil-aeronaves-20-anos\/"},"author":{"name":"Giovanni Porf\u00edrio Jacomino","@id":"https:\/\/www.suno.com.br\/noticias\/#\/schema\/person\/217058341e4dbe1f68f3b898b09ca015"},"headline":"Embraer (EMBR3) assina contratos com a American Airlines\u00a0(AALL34) e a Binter para venda de aeronaves","datePublished":"2023-06-20T15:59:06+00:00","dateModified":"2023-06-20T17:33:26+00:00","mainEntityOfPage":{"@id":"https:\/\/www.suno.com.br\/noticias\/embraer-embr3-demanda-11-mil-aeronaves-20-anos\/"},"wordCount":792,"publisher":{"@id":"https:\/\/www.suno.com.br\/noticias\/#organization"},"image":{"@id":"https:\/\/www.suno.com.br\/noticias\/embraer-embr3-demanda-11-mil-aeronaves-20-anos\/#primaryimage"},"thumbnailUrl":"https:\/\/files.sunoresearch.com.br\/n\/uploads\/2021\/03\/8031a286-embraer1-jpg.webp","keywords":["A\u00e7\u00f5es","American Airlines (AALL34)","Embraer (EMBR3)"],"articleSection":["Neg\u00f3cios"],"inLanguage":"pt-BR"},{"@type":"WebPage","@id":"https:\/\/www.suno.com.br\/noticias\/embraer-embr3-demanda-11-mil-aeronaves-20-anos\/","url":"https:\/\/www.suno.com.br\/noticias\/embraer-embr3-demanda-11-mil-aeronaves-20-anos\/","name":"Embraer (EMBR3) assina contratos com a American Airlines\u00a0(AALL34()","isPartOf":{"@id":"https:\/\/www.suno.com.br\/noticias\/#website"},"primaryImageOfPage":{"@id":"https:\/\/www.suno.com.br\/noticias\/embraer-embr3-demanda-11-mil-aeronaves-20-anos\/#primaryimage"},"image":{"@id":"https:\/\/www.suno.com.br\/noticias\/embraer-embr3-demanda-11-mil-aeronaves-20-anos\/#primaryimage"},"thumbnailUrl":"https:\/\/files.sunoresearch.com.br\/n\/uploads\/2021\/03\/8031a286-embraer1-jpg.webp","datePublished":"2023-06-20T15:59:06+00:00","dateModified":"2023-06-20T17:33:26+00:00","description":"A Embraer tamb\u00e9m divulgou hoje suas perspectivas de mercado para a avia\u00e7\u00e3o comercial nos pr\u00f3ximos 20 anos. Confira quais s\u00e3o elas!","breadcrumb":{"@id":"https:\/\/www.suno.com.br\/noticias\/embraer-embr3-demanda-11-mil-aeronaves-20-anos\/#breadcrumb"},"inLanguage":"pt-BR","potentialAction":[{"@type":"ReadAction","target":["https:\/\/www.suno.com.br\/noticias\/embraer-embr3-demanda-11-mil-aeronaves-20-anos\/"]}]},{"@type":"ImageObject","inLanguage":"pt-BR","@id":"https:\/\/www.suno.com.br\/noticias\/embraer-embr3-demanda-11-mil-aeronaves-20-anos\/#primaryimage","url":"https:\/\/files.sunoresearch.com.br\/n\/uploads\/2021\/03\/8031a286-embraer1-jpg.webp","contentUrl":"https:\/\/files.sunoresearch.com.br\/n\/uploads\/2021\/03\/8031a286-embraer1-jpg.webp","width":1200,"height":800,"caption":"Embraer (EMBR3) - Foto: Divulga\u00e7\u00e3o"},{"@type":"BreadcrumbList","@id":"https:\/\/www.suno.com.br\/noticias\/embraer-embr3-demanda-11-mil-aeronaves-20-anos\/#breadcrumb","itemListElement":[{"@type":"ListItem","position":1,"name":"Not\u00edcias","item":"https:\/\/www.suno.com.br\/noticias\/"},{"@type":"ListItem","position":2,"name":"Neg\u00f3cios","item":"https:\/\/www.suno.com.br\/noticias\/negocios\/"},{"@type":"ListItem","position":3,"name":"Embraer (EMBR3) assina contratos com a American Airlines\u00a0(AALL34) e a Binter para venda de aeronaves"}]},{"@type":"WebSite","@id":"https:\/\/www.suno.com.br\/noticias\/#website","url":"https:\/\/www.suno.com.br\/noticias\/","name":"Suno Not\u00edcias","description":"Seu portal de informa\u00e7\u00e3o sobre o mundo dos investimentos","publisher":{"@id":"https:\/\/www.suno.com.br\/noticias\/#organization"},"potentialAction":[{"@type":"SearchAction","target":{"@type":"EntryPoint","urlTemplate":"https:\/\/www.suno.com.br\/noticias\/?s={search_term_string}"},"query-input":{"@type":"PropertyValueSpecification","valueRequired":true,"valueName":"search_term_string"}}],"inLanguage":"pt-BR"},{"@type":"Organization","@id":"https:\/\/www.suno.com.br\/noticias\/#organization","name":"Suno Not\u00edcias","url":"https:\/\/www.suno.com.br\/noticias\/","logo":{"@type":"ImageObject","inLanguage":"pt-BR","@id":"https:\/\/www.suno.com.br\/noticias\/#\/schema\/logo\/image\/","url":"https:\/\/files.sunoresearch.com.br\/n\/uploads\/2021\/09\/suno-logo.png","contentUrl":"https:\/\/files.sunoresearch.com.br\/n\/uploads\/2021\/09\/suno-logo.png","width":180,"height":180,"caption":"Suno Not\u00edcias"},"image":{"@id":"https:\/\/www.suno.com.br\/noticias\/#\/schema\/logo\/image\/"},"sameAs":["https:\/\/facebook.com\/sunoresearch","https:\/\/x.com\/sunoresearch","https:\/\/www.instagram.com\/suno","https:\/\/www.linkedin.com\/company\/suno-research\/","https:\/\/www.youtube.com\/c\/sunoresearch"]},{"@type":"Person","@id":"https:\/\/www.suno.com.br\/noticias\/#\/schema\/person\/217058341e4dbe1f68f3b898b09ca015","name":"Giovanni Porf\u00edrio Jacomino","image":{"@type":"ImageObject","inLanguage":"pt-BR","@id":"https:\/\/www.suno.com.br\/noticias\/#\/schema\/person\/image\/","url":"https:\/\/secure.gravatar.com\/avatar\/bc678fc5559a55f79ada398443281309?s=96&r=g","contentUrl":"https:\/\/secure.gravatar.com\/avatar\/bc678fc5559a55f79ada398443281309?s=96&r=g","caption":"Giovanni Porf\u00edrio Jacomino"},"description":"Giovanni Porf\u00edrio Jacomino \u00e9 jornalista formado pela Universidade Estadual de Londrina (UEL) e p\u00f3s-graduado em Produ\u00e7\u00e3o e Pr\u00e1ticas Jornal\u00edsticas na Contemporaneidade na Faculdade C\u00e1sper L\u00edbero (FCL). Foi editor web no Startupi e no Finsiders, atuando ainda como editor no TC Mover, portal de not\u00edcias da TradersClub, fazendo a cobertura de assuntos relacionados ao mercado financeiro interno e externo. Atualmente, \u00e9 Rep\u00f3rter do Suno Not\u00edcias.","url":"https:\/\/www.suno.com.br\/noticias\/author\/giovanniporfirio01gmail-com\/"}]}},"default_loop_html":"<div class=\"cardsPage__listCard__boxs\"><div class=\"cardsPage__listCard__boxs__img\"><a href=\"https:\/\/www.suno.com.br\/noticias\/embraer-embr3-demanda-11-mil-aeronaves-20-anos\/\"><img class=\"mask\" src=\"https:\/\/www.suno.com.br\/noticias\/wp-content\/themes\/suno\/resources\/images\/spotlight\/spotlight1img\/bg-mask.png\" alt=\"Image Mask\"\/><img src=\"https:\/\/files.sunoresearch.com.br\/n\/uploads\/2021\/03\/8031a286-embraer1-400x200.webp\" alt=\"Embraer (EMBR3) assina contratos com a American Airlines\u00a0(AALL34) e a Binter para venda de aeronaves\"\/><\/a><span class=\"spotlightCategory\"><a href=\"https:\/\/www.suno.com.br\/noticias\/negocios\/\">Neg\u00f3cios<\/a><\/span><\/div><div class=\"cardsPage__listCard__boxs__content\"><a href=\"https:\/\/www.suno.com.br\/noticias\/embraer-embr3-demanda-11-mil-aeronaves-20-anos\/\"><h2 class=\"content__title\">Embraer (EMBR3) assina contratos com a American Airlines\u00a0(AALL34) e a Binter para venda de aeronaves<\/h2><\/a><div class=\"newsContent__article__meta\"><div class=\"newsContent__article__meta__authorBox\"><a href=\"https:\/\/www.suno.com.br\/noticias\/author\/giovanniporfirio01gmail-com\/\" class=\"authorBox__avatar noMobi\"><img src=\"https:\/\/files.sunoresearch.com.br\/n\/uploads\/2023\/07\/WhatsApp-Image-2023-07-10-at-14.08.39-150x150.jpeg\" alt=\"Giovanni Porf\u00edrio Jacomino\"><\/a><div class=\"authorBox__name\"><span>por\n\t\t\t<a href=\"https:\/\/www.suno.com.br\/noticias\/author\/giovanniporfirio01gmail-com\/\"><span itemprop=\"author\">Giovanni Porf\u00edrio Jacomino<\/span><\/a><\/span><time datetime=\"2023-06-20T12:59:06-03:00\" itemprop=\"datePublished\">20\/06\/2023 12:59<\/time><\/div><\/div><\/div><\/div><\/div>","single_layout":"posts","amp_enabled":true,"_links":{"self":[{"href":"https:\/\/www.suno.com.br\/noticias\/wp-json\/wp\/v2\/posts\/418879"}],"collection":[{"href":"https:\/\/www.suno.com.br\/noticias\/wp-json\/wp\/v2\/posts"}],"about":[{"href":"https:\/\/www.suno.com.br\/noticias\/wp-json\/wp\/v2\/types\/post"}],"author":[{"embeddable":true,"href":"https:\/\/www.suno.com.br\/noticias\/wp-json\/wp\/v2\/users\/295"}],"replies":[{"embeddable":true,"href":"https:\/\/www.suno.com.br\/noticias\/wp-json\/wp\/v2\/comments?post=418879"}],"version-history":[{"count":3,"href":"https:\/\/www.suno.com.br\/noticias\/wp-json\/wp\/v2\/posts\/418879\/revisions"}],"predecessor-version":[{"id":418952,"href":"https:\/\/www.suno.com.br\/noticias\/wp-json\/wp\/v2\/posts\/418879\/revisions\/418952"}],"wp:featuredmedia":[{"embeddable":true,"href":"https:\/\/www.suno.com.br\/noticias\/wp-json\/wp\/v2\/media\/130238"}],"wp:attachment":[{"href":"https:\/\/www.suno.com.br\/noticias\/wp-json\/wp\/v2\/media?parent=418879"}],"wp:term":[{"taxonomy":"category","embeddable":true,"href":"https:\/\/www.suno.com.br\/noticias\/wp-json\/wp\/v2\/categories?post=418879"},{"taxonomy":"post_tag","embeddable":true,"href":"https:\/\/www.suno.com.br\/noticias\/wp-json\/wp\/v2\/tags?post=418879"},{"taxonomy":"suno_strategy","embeddable":true,"href":"https:\/\/www.suno.com.br\/noticias\/wp-json\/wp\/v2\/suno_strategy?post=418879"}],"curies":[{"name":"wp","href":"https:\/\/api.w.org\/{rel}","templated":true}]}}