{"id":41854,"date":"2019-10-22T09:32:04","date_gmt":"2019-10-22T11:32:04","guid":{"rendered":"https:\/\/www.suno.com.br\/noticias\/?p=41854"},"modified":"2019-10-22T17:56:05","modified_gmt":"2019-10-22T19:56:05","slug":"cielo-expande-operacoes-lojas-fisicas","status":"publish","type":"post","link":"https:\/\/www.suno.com.br\/noticias\/cielo-expande-operacoes-lojas-fisicas\/","title":{"rendered":"Cielo expande opera\u00e7\u00f5es em lojas f\u00edsicas"},"content":{"rendered":"<p>A Cielo (<strong>CIEL3<\/strong>) est\u00e1 colocando em pr\u00e1tica sua estrat\u00e9gia para adquirir mercado e diversificar as opera\u00e7\u00f5es. A companhia est\u00e1 montando uma rede de lojas f\u00edsicas pelo Brasil para atender clientes do varejo, entre eles microempreendedores e pequenos empres\u00e1rios.<\/p>\t<div class=\"wrapper-featured-image\">\n\t\t<figure class=\"spotlightImg\">\n\n\t\t\t<picture>\n\t\t\t\t<source media=\"(max-width: 768px)\" srcset=\"https:\/\/files.sunoresearch.com.br\/n\/uploads\/2019\/09\/60fb7999-cielo-400x200.webp\">\n\t\t\t\t<img loading=\"lazy\" decoding=\"async\" class=\"newsContent__article__imgCapa lazyloadDisabled newsContent__article__imgCapa--noCaption\" src=\"https:\/\/files.sunoresearch.com.br\/n\/uploads\/2019\/09\/60fb7999-cielo-800x450.webp\" width=\"800\" height=\"450\" alt=\"Cielo expande opera\u00e7\u00f5es em lojas f\u00edsicas\" fetchpriority=high \/>\n\t\t\t<\/picture>\n\n\t\t\t<figcaption class=\"wp-caption-text wp-caption-text--hide\">Cielo (CIEL3). - Foto: Divulga\u00e7\u00e3o<\/figcaption>\n\t\t<\/figure>\n\t<\/div>\n\n\n\n<p>A credenciadora de cart\u00f5es do Bradesco e do Banco do Brasil est\u00e1 apostando em movimentos que atinjam esse p\u00fablico de duas formas: de porta em porta com profissionais empreendedores ou por meio de pontos f\u00edsicos, onde a <strong>Cielo<\/strong> projeta enfrentar a concorr\u00eancia.<\/p>\n<p>Em 2015, quando a primeira unidade foi aberta pela Cielo, o objetivo era o aluguel de equipamentos para clientes de porte m\u00e9dio ou grande, que por sua vez costumam procurar servi\u00e7os via ag\u00eancia banc\u00e1ria ou consultores. Desde ent\u00e3o, forma abertas apenas quatro unidades:<\/p>\n<ul>\n<li>Uma na Bahia<\/li>\n<li>Uma no Rio de Janeiro<\/li>\n<li>Duas em S\u00e3o Paulo<\/li>\n<\/ul>\n<p>Entretanto, desde 2018, quando a companhia passou a vender &#8220;maquininhas&#8221; a clientes de menor porte, uma rede de lojas f\u00edsicas passou a ser vi\u00e1vel.<\/p>\n<p>A meta da <strong>Cielo<\/strong> \u00e9 atingir 11 unidades at\u00e9 o fim do ano que vem. A loja do Shopping Ibirapuera, em S\u00e3o Paulo, uma das quatro lojas iniciais, foi reaberta na \u00faltima segunda-feira (21) ap\u00f3s reformada, assim como as demais est\u00e3o sendo remodeladas. Dentre as outras sete unidades ser\u00e3o abertas, a primeira delas ser\u00e1 na regi\u00e3o de Santo Amaro, zona sul paulista.<\/p>\n<p><a href=\"https:\/\/www.suno.com.br\/noticias\/ca-cea-demanda-superada-tres-vezes-oferta-ipo\/\">Confira: C&amp;A tem demanda superada em tr\u00eas vezes a oferta, diz jornal<\/a><\/p>\n<p>M\u00e1rio Casasanta, vice-presidente da Cielo, disse ao jornal &#8220;Valor Econ\u00f4mico&#8221; que \u201co foco s\u00e3o empreendedores, aut\u00f4nomos e pessoas f\u00edsicas, essas \u00faltimas respons\u00e1veis por 75% das m\u00e1quinas vendidas\u201d.<\/p>\n<p>Em cada loja da companhia, que ter\u00e1 em m\u00e9dia 7 colaboradores, ser\u00e1 poss\u00edvel que o cliente fa\u00e7a a compra da maquininha e a leve no mesmo momento. \u00c9 um diferencial em compara\u00e7\u00e3o a outros canais, j\u00e1 que seria necess\u00e1rio esperar alguns dias para receb\u00ea-la em casa ap\u00f3s a compra.<\/p>\n<p>Todavia, as aten\u00e7\u00e3o ficar\u00e3o no p\u00f3s-venda, com o intuito de sanar d\u00favidas sobre acerto de valores, aquisi\u00e7\u00e3o de novos servi\u00e7os e mudan\u00e7a de pacotes.<\/p>\n<h2>Cielo acompanha tend\u00eancia do segmento<\/h2>\n<p>Esse modelo de atendimento presencial \u00e9 estrat\u00e9gico por parte da Stone, concorrente da Cielo. S\u00e3o criados escrit\u00f3rios regionais, atendendo a bairros espec\u00edficos, que j\u00e1 somam 300, levando em considera\u00e7\u00e3o o primeiro semestre deste ano.<\/p>\n\t<p>\n\t\t<a href=\"https:\/\/lp.suno.com.br\/ebook-investindo-em-fiis\/\" target=\"_blank\" data-element=\"shortcode-suno-banner\" title=\"Banner SUNO, clique e saiba mais\">\n\t\t\t<picture>\n\t\t\t\t<source media=\"(max-width: 500px)\" srcset=\"https:\/\/files.sunoresearch.com.br\/n\/uploads\/2023\/07\/Ebook-Fundos-Imobiliarios-Mobile.jpg\">\n\t\t\t\t<img class=\"newsContent__article__imgCapa newsContent__article__imgCapa--banner\"\n\t\t\t\t\tsrc=\"https:\/\/files.sunoresearch.com.br\/n\/uploads\/2023\/07\/Ebook-Fundos-Imobiliarios-Desktop.jpg\"\n\t\t\t\t\tdata-promo-id=\"378301\"\t\t\t\t\t\t\t\t\t\twidth='1420' height='286'\t\t\t\t\talt=\"https:\/\/files.sunoresearch.com.br\/n\/uploads\/2023\/07\/Ebook-Fundos-Imobiliarios-Desktop.jpg\"\n\t\t\t\t>\n\t\t\t<\/picture>\n\t\t<\/a>\n\t<\/p>\n\n\n<p>A metodologia estrat\u00e9gica das credenciadoras em investir na opera\u00e7\u00e3o presencial pode parecer contr\u00e1ria \u00e0s tend\u00eancias do mercado financeiro que est\u00e3o se tornando cada vez mais digitais. No entanto, devido \u00e0 forte guerra nos pre\u00e7os, as empresas do setor t\u00eam procurado se diferenciar no atendimento, dessa forma, o realizando presencialmente.<\/p>\n<p>Fabr\u00edcio Winter, l\u00edder de projetos da consultoria Boanerges &amp; Cia, especialista no segmento de pagamentos, afirmou que as credenciadoras devem possuir estrat\u00e9gias distintas para cada espectro de clientela.<\/p>\n<p>Os microempreendedores, majoritariamente, s\u00e3o atendidos por canais massificados, como a internet. Os pequenos empres\u00e1rios s\u00e3o alcan\u00e7ados por profissionais que batem \u00e0 porta deles. J\u00e1 as m\u00e9dias empresas s\u00e3o atendidas por ag\u00eancias banc\u00e1rias, enquanto grandes empresas possuem consultores especializados.<\/p>\n<p><a href=\"https:\/\/www.suno.com.br\/noticias\/wework-softbank-assumira-controle-empresa\/\">Saiba mais: WeWork: SoftBank assumir\u00e1 o controle da empresa, afirma jornal<\/a><\/p>\n<p>\u201cEsse modelo de lojas f\u00edsicas, no entanto, funciona entre os pequenos e os m\u00e9dios empreendedores, porque h\u00e1 um oceano grande deles que ainda est\u00e1 entrando no mundo dos cart\u00f5es\u201d, disse o executivo.<\/p>\n<p>A Cielo, particularmente, visa a abertura de lojas f\u00edsicas tamb\u00e9m porque representa um movimento de redu\u00e7\u00e3o da depend\u00eancia das ag\u00eancias dos parceiros, sobretudo os acionistas <strong>Bradesco<\/strong>, <strong>Bando do Brasil<\/strong> e a da <strong>Caixa Econ\u00f4mica Federal<\/strong>. Essas institui\u00e7\u00f5es banc\u00e1rias est\u00e3o em um processo massivo de expans\u00e3o das opera\u00e7\u00f5es digitais, em detrimento do atendimento presencial.<\/p>\n<p>\u201cHoje, o grande desafio que temos &#8211; considerando que h\u00e1 portf\u00f3lio completo, condi\u00e7\u00e3o de negocia\u00e7\u00e3o e ampla aceita\u00e7\u00e3o de bandeiras &#8211; \u00e9 estender a for\u00e7a de vendas para al\u00e9m dos bancos\u201d, disse o vice-presidente da <strong>Cielo<\/strong>.<\/p>\n","protected":false},"excerpt":{"rendered":"<p>A Cielo (CIEL3) est\u00e1 colocando em pr\u00e1tica sua estrat\u00e9gia para adquirir mercado e diversificar as opera\u00e7\u00f5es. A companhia est\u00e1 montando uma rede de lojas f\u00edsicas pelo Brasil para atender clientes do varejo, entre eles microempreendedores e pequenos empres\u00e1rios. Cielo (CIEL3). &#8211; Foto: Divulga\u00e7\u00e3o A credenciadora de cart\u00f5es do Bradesco e do Banco do Brasil est\u00e1 [&hellip;]<\/p>\n","protected":false},"author":24,"featured_media":38318,"comment_status":"closed","ping_status":"closed","sticky":false,"template":"","format":"standard","meta":[],"categories":[64],"tags":[423],"suno_strategy":[],"class_list":["post-41854","post","type-post","status-publish","format-standard","has-post-thumbnail","hentry","category-negocios","tag-cielo-ciel3"],"yoast_head":"<!-- This site is optimized with the Yoast SEO plugin v24.4 - https:\/\/yoast.com\/wordpress\/plugins\/seo\/ -->\n<title>Cielo expande opera\u00e7\u00f5es em lojas f\u00edsicas - Suno Not\u00edcias<\/title>\n<meta name=\"description\" content=\"A Cielo est\u00e1 colocando em pr\u00e1tica sua estrat\u00e9gica para adquirir mercado e diversificar as opera\u00e7\u00f5es. Clique aqui e saiba mais.\" \/>\n<meta name=\"robots\" content=\"index, follow, max-snippet:-1, max-image-preview:large, max-video-preview:-1\" \/>\n<link rel=\"canonical\" href=\"https:\/\/www.suno.com.br\/noticias\/cielo-expande-operacoes-lojas-fisicas\/\" \/>\n<meta property=\"og:locale\" content=\"pt_BR\" \/>\n<meta property=\"og:type\" content=\"article\" \/>\n<meta property=\"og:title\" content=\"Cielo expande opera\u00e7\u00f5es em lojas f\u00edsicas - Suno Not\u00edcias\" \/>\n<meta property=\"og:description\" content=\"A Cielo est\u00e1 colocando em pr\u00e1tica sua estrat\u00e9gica para adquirir mercado e diversificar as opera\u00e7\u00f5es. Clique aqui e saiba mais.\" \/>\n<meta property=\"og:url\" content=\"https:\/\/www.suno.com.br\/noticias\/cielo-expande-operacoes-lojas-fisicas\/\" \/>\n<meta property=\"og:site_name\" content=\"Suno Not\u00edcias\" \/>\n<meta property=\"article:publisher\" content=\"https:\/\/facebook.com\/sunoresearch\" \/>\n<meta property=\"og:image\" content=\"https:\/\/files.sunoresearch.com.br\/n\/uploads\/2019\/09\/60fb7999-cielo.jpg\" \/>\n\t<meta property=\"og:image:width\" content=\"1920\" \/>\n\t<meta property=\"og:image:height\" content=\"1280\" \/>\n\t<meta property=\"og:image:type\" content=\"image\/jpeg\" \/>\n<meta name=\"author\" content=\"Jader Lazarini\" \/>\n<meta name=\"twitter:card\" content=\"summary_large_image\" \/>\n<meta name=\"twitter:creator\" content=\"@sunoresearch\" \/>\n<meta name=\"twitter:site\" content=\"@sunoresearch\" \/>\n<meta name=\"twitter:label1\" content=\"Escrito por\" \/>\n\t<meta name=\"twitter:data1\" content=\"Jader Lazarini\" \/>\n\t<meta name=\"twitter:label2\" content=\"Est. tempo de leitura\" \/>\n\t<meta name=\"twitter:data2\" content=\"4 minutos\" \/>\n<script type=\"application\/ld+json\" class=\"yoast-schema-graph\">{\"@context\":\"https:\/\/schema.org\",\"@graph\":[{\"@type\":\"NewsArticle\",\"@id\":\"https:\/\/www.suno.com.br\/noticias\/cielo-expande-operacoes-lojas-fisicas\/#article\",\"isPartOf\":{\"@id\":\"https:\/\/www.suno.com.br\/noticias\/cielo-expande-operacoes-lojas-fisicas\/\"},\"author\":{\"name\":\"Jader Lazarini\",\"@id\":\"https:\/\/www.suno.com.br\/noticias\/#\/schema\/person\/918d79de1f0281f01599b93f9ea6e23f\"},\"headline\":\"Cielo expande opera\u00e7\u00f5es em lojas f\u00edsicas\",\"datePublished\":\"2019-10-22T11:32:04+00:00\",\"dateModified\":\"2019-10-22T19:56:05+00:00\",\"mainEntityOfPage\":{\"@id\":\"https:\/\/www.suno.com.br\/noticias\/cielo-expande-operacoes-lojas-fisicas\/\"},\"wordCount\":709,\"publisher\":{\"@id\":\"https:\/\/www.suno.com.br\/noticias\/#organization\"},\"image\":{\"@id\":\"https:\/\/www.suno.com.br\/noticias\/cielo-expande-operacoes-lojas-fisicas\/#primaryimage\"},\"thumbnailUrl\":\"https:\/\/files.sunoresearch.com.br\/n\/uploads\/2019\/09\/60fb7999-cielo-jpg.webp\",\"keywords\":[\"Cielo (CIEL3)\"],\"articleSection\":[\"Neg\u00f3cios\"],\"inLanguage\":\"pt-BR\"},{\"@type\":\"WebPage\",\"@id\":\"https:\/\/www.suno.com.br\/noticias\/cielo-expande-operacoes-lojas-fisicas\/\",\"url\":\"https:\/\/www.suno.com.br\/noticias\/cielo-expande-operacoes-lojas-fisicas\/\",\"name\":\"Cielo expande opera\u00e7\u00f5es em lojas f\u00edsicas - Suno Not\u00edcias\",\"isPartOf\":{\"@id\":\"https:\/\/www.suno.com.br\/noticias\/#website\"},\"primaryImageOfPage\":{\"@id\":\"https:\/\/www.suno.com.br\/noticias\/cielo-expande-operacoes-lojas-fisicas\/#primaryimage\"},\"image\":{\"@id\":\"https:\/\/www.suno.com.br\/noticias\/cielo-expande-operacoes-lojas-fisicas\/#primaryimage\"},\"thumbnailUrl\":\"https:\/\/files.sunoresearch.com.br\/n\/uploads\/2019\/09\/60fb7999-cielo-jpg.webp\",\"datePublished\":\"2019-10-22T11:32:04+00:00\",\"dateModified\":\"2019-10-22T19:56:05+00:00\",\"description\":\"A Cielo est\u00e1 colocando em pr\u00e1tica sua estrat\u00e9gica para adquirir mercado e diversificar as opera\u00e7\u00f5es. Clique aqui e saiba mais.\",\"breadcrumb\":{\"@id\":\"https:\/\/www.suno.com.br\/noticias\/cielo-expande-operacoes-lojas-fisicas\/#breadcrumb\"},\"inLanguage\":\"pt-BR\",\"potentialAction\":[{\"@type\":\"ReadAction\",\"target\":[\"https:\/\/www.suno.com.br\/noticias\/cielo-expande-operacoes-lojas-fisicas\/\"]}]},{\"@type\":\"ImageObject\",\"inLanguage\":\"pt-BR\",\"@id\":\"https:\/\/www.suno.com.br\/noticias\/cielo-expande-operacoes-lojas-fisicas\/#primaryimage\",\"url\":\"https:\/\/files.sunoresearch.com.br\/n\/uploads\/2019\/09\/60fb7999-cielo-jpg.webp\",\"contentUrl\":\"https:\/\/files.sunoresearch.com.br\/n\/uploads\/2019\/09\/60fb7999-cielo-jpg.webp\",\"width\":1920,\"height\":1280,\"caption\":\"Cielo (CIEL3). - Foto: Divulga\u00e7\u00e3o\"},{\"@type\":\"BreadcrumbList\",\"@id\":\"https:\/\/www.suno.com.br\/noticias\/cielo-expande-operacoes-lojas-fisicas\/#breadcrumb\",\"itemListElement\":[{\"@type\":\"ListItem\",\"position\":1,\"name\":\"Not\u00edcias\",\"item\":\"https:\/\/www.suno.com.br\/noticias\/\"},{\"@type\":\"ListItem\",\"position\":2,\"name\":\"Neg\u00f3cios\",\"item\":\"https:\/\/www.suno.com.br\/noticias\/negocios\/\"},{\"@type\":\"ListItem\",\"position\":3,\"name\":\"Cielo expande opera\u00e7\u00f5es em lojas f\u00edsicas\"}]},{\"@type\":\"WebSite\",\"@id\":\"https:\/\/www.suno.com.br\/noticias\/#website\",\"url\":\"https:\/\/www.suno.com.br\/noticias\/\",\"name\":\"Suno Not\u00edcias\",\"description\":\"Seu portal de informa\u00e7\u00e3o sobre o mundo dos investimentos\",\"publisher\":{\"@id\":\"https:\/\/www.suno.com.br\/noticias\/#organization\"},\"potentialAction\":[{\"@type\":\"SearchAction\",\"target\":{\"@type\":\"EntryPoint\",\"urlTemplate\":\"https:\/\/www.suno.com.br\/noticias\/?s={search_term_string}\"},\"query-input\":{\"@type\":\"PropertyValueSpecification\",\"valueRequired\":true,\"valueName\":\"search_term_string\"}}],\"inLanguage\":\"pt-BR\"},{\"@type\":\"Organization\",\"@id\":\"https:\/\/www.suno.com.br\/noticias\/#organization\",\"name\":\"Suno Not\u00edcias\",\"url\":\"https:\/\/www.suno.com.br\/noticias\/\",\"logo\":{\"@type\":\"ImageObject\",\"inLanguage\":\"pt-BR\",\"@id\":\"https:\/\/www.suno.com.br\/noticias\/#\/schema\/logo\/image\/\",\"url\":\"https:\/\/files.sunoresearch.com.br\/n\/uploads\/2021\/09\/suno-logo.png\",\"contentUrl\":\"https:\/\/files.sunoresearch.com.br\/n\/uploads\/2021\/09\/suno-logo.png\",\"width\":180,\"height\":180,\"caption\":\"Suno Not\u00edcias\"},\"image\":{\"@id\":\"https:\/\/www.suno.com.br\/noticias\/#\/schema\/logo\/image\/\"},\"sameAs\":[\"https:\/\/facebook.com\/sunoresearch\",\"https:\/\/x.com\/sunoresearch\",\"https:\/\/www.instagram.com\/suno\",\"https:\/\/www.linkedin.com\/company\/suno-research\/\",\"https:\/\/www.youtube.com\/c\/sunoresearch\"]},{\"@type\":\"Person\",\"@id\":\"https:\/\/www.suno.com.br\/noticias\/#\/schema\/person\/918d79de1f0281f01599b93f9ea6e23f\",\"name\":\"Jader Lazarini\",\"image\":{\"@type\":\"ImageObject\",\"inLanguage\":\"pt-BR\",\"@id\":\"https:\/\/www.suno.com.br\/noticias\/#\/schema\/person\/image\/\",\"url\":\"https:\/\/secure.gravatar.com\/avatar\/3c1ad8caa51589841baeb923fcddea97?s=96&r=g\",\"contentUrl\":\"https:\/\/secure.gravatar.com\/avatar\/3c1ad8caa51589841baeb923fcddea97?s=96&r=g\",\"caption\":\"Jader Lazarini\"},\"description\":\"Jader Lazarini escreve sobre investimentos, finan\u00e7as, economia e neg\u00f3cios. \u00c9 bacharel em Rela\u00e7\u00f5es Internacionais e analista CNPI (2619).\",\"url\":\"https:\/\/www.suno.com.br\/noticias\/author\/jader-lazarini\/\"}]}<\/script>\n<!-- \/ Yoast SEO plugin. -->","yoast_head_json":{"title":"Cielo expande opera\u00e7\u00f5es em lojas f\u00edsicas - Suno Not\u00edcias","description":"A Cielo est\u00e1 colocando em pr\u00e1tica sua estrat\u00e9gica para adquirir mercado e diversificar as opera\u00e7\u00f5es. Clique aqui e saiba mais.","robots":{"index":"index","follow":"follow","max-snippet":"max-snippet:-1","max-image-preview":"max-image-preview:large","max-video-preview":"max-video-preview:-1"},"canonical":"https:\/\/www.suno.com.br\/noticias\/cielo-expande-operacoes-lojas-fisicas\/","og_locale":"pt_BR","og_type":"article","og_title":"Cielo expande opera\u00e7\u00f5es em lojas f\u00edsicas - Suno Not\u00edcias","og_description":"A Cielo est\u00e1 colocando em pr\u00e1tica sua estrat\u00e9gica para adquirir mercado e diversificar as opera\u00e7\u00f5es. Clique aqui e saiba mais.","og_url":"https:\/\/www.suno.com.br\/noticias\/cielo-expande-operacoes-lojas-fisicas\/","og_site_name":"Suno Not\u00edcias","article_publisher":"https:\/\/facebook.com\/sunoresearch","og_image":[{"width":1920,"height":1280,"url":"https:\/\/files.sunoresearch.com.br\/n\/uploads\/2019\/09\/60fb7999-cielo.jpg","type":"image\/jpeg"}],"author":"Jader Lazarini","twitter_card":"summary_large_image","twitter_creator":"@sunoresearch","twitter_site":"@sunoresearch","twitter_misc":{"Escrito por":"Jader Lazarini","Est. tempo de leitura":"4 minutos"},"schema":{"@context":"https:\/\/schema.org","@graph":[{"@type":"NewsArticle","@id":"https:\/\/www.suno.com.br\/noticias\/cielo-expande-operacoes-lojas-fisicas\/#article","isPartOf":{"@id":"https:\/\/www.suno.com.br\/noticias\/cielo-expande-operacoes-lojas-fisicas\/"},"author":{"name":"Jader Lazarini","@id":"https:\/\/www.suno.com.br\/noticias\/#\/schema\/person\/918d79de1f0281f01599b93f9ea6e23f"},"headline":"Cielo expande opera\u00e7\u00f5es em lojas f\u00edsicas","datePublished":"2019-10-22T11:32:04+00:00","dateModified":"2019-10-22T19:56:05+00:00","mainEntityOfPage":{"@id":"https:\/\/www.suno.com.br\/noticias\/cielo-expande-operacoes-lojas-fisicas\/"},"wordCount":709,"publisher":{"@id":"https:\/\/www.suno.com.br\/noticias\/#organization"},"image":{"@id":"https:\/\/www.suno.com.br\/noticias\/cielo-expande-operacoes-lojas-fisicas\/#primaryimage"},"thumbnailUrl":"https:\/\/files.sunoresearch.com.br\/n\/uploads\/2019\/09\/60fb7999-cielo-jpg.webp","keywords":["Cielo (CIEL3)"],"articleSection":["Neg\u00f3cios"],"inLanguage":"pt-BR"},{"@type":"WebPage","@id":"https:\/\/www.suno.com.br\/noticias\/cielo-expande-operacoes-lojas-fisicas\/","url":"https:\/\/www.suno.com.br\/noticias\/cielo-expande-operacoes-lojas-fisicas\/","name":"Cielo expande opera\u00e7\u00f5es em lojas f\u00edsicas - Suno Not\u00edcias","isPartOf":{"@id":"https:\/\/www.suno.com.br\/noticias\/#website"},"primaryImageOfPage":{"@id":"https:\/\/www.suno.com.br\/noticias\/cielo-expande-operacoes-lojas-fisicas\/#primaryimage"},"image":{"@id":"https:\/\/www.suno.com.br\/noticias\/cielo-expande-operacoes-lojas-fisicas\/#primaryimage"},"thumbnailUrl":"https:\/\/files.sunoresearch.com.br\/n\/uploads\/2019\/09\/60fb7999-cielo-jpg.webp","datePublished":"2019-10-22T11:32:04+00:00","dateModified":"2019-10-22T19:56:05+00:00","description":"A Cielo est\u00e1 colocando em pr\u00e1tica sua estrat\u00e9gica para adquirir mercado e diversificar as opera\u00e7\u00f5es. Clique aqui e saiba mais.","breadcrumb":{"@id":"https:\/\/www.suno.com.br\/noticias\/cielo-expande-operacoes-lojas-fisicas\/#breadcrumb"},"inLanguage":"pt-BR","potentialAction":[{"@type":"ReadAction","target":["https:\/\/www.suno.com.br\/noticias\/cielo-expande-operacoes-lojas-fisicas\/"]}]},{"@type":"ImageObject","inLanguage":"pt-BR","@id":"https:\/\/www.suno.com.br\/noticias\/cielo-expande-operacoes-lojas-fisicas\/#primaryimage","url":"https:\/\/files.sunoresearch.com.br\/n\/uploads\/2019\/09\/60fb7999-cielo-jpg.webp","contentUrl":"https:\/\/files.sunoresearch.com.br\/n\/uploads\/2019\/09\/60fb7999-cielo-jpg.webp","width":1920,"height":1280,"caption":"Cielo (CIEL3). - Foto: Divulga\u00e7\u00e3o"},{"@type":"BreadcrumbList","@id":"https:\/\/www.suno.com.br\/noticias\/cielo-expande-operacoes-lojas-fisicas\/#breadcrumb","itemListElement":[{"@type":"ListItem","position":1,"name":"Not\u00edcias","item":"https:\/\/www.suno.com.br\/noticias\/"},{"@type":"ListItem","position":2,"name":"Neg\u00f3cios","item":"https:\/\/www.suno.com.br\/noticias\/negocios\/"},{"@type":"ListItem","position":3,"name":"Cielo expande opera\u00e7\u00f5es em lojas f\u00edsicas"}]},{"@type":"WebSite","@id":"https:\/\/www.suno.com.br\/noticias\/#website","url":"https:\/\/www.suno.com.br\/noticias\/","name":"Suno Not\u00edcias","description":"Seu portal de informa\u00e7\u00e3o sobre o mundo dos investimentos","publisher":{"@id":"https:\/\/www.suno.com.br\/noticias\/#organization"},"potentialAction":[{"@type":"SearchAction","target":{"@type":"EntryPoint","urlTemplate":"https:\/\/www.suno.com.br\/noticias\/?s={search_term_string}"},"query-input":{"@type":"PropertyValueSpecification","valueRequired":true,"valueName":"search_term_string"}}],"inLanguage":"pt-BR"},{"@type":"Organization","@id":"https:\/\/www.suno.com.br\/noticias\/#organization","name":"Suno Not\u00edcias","url":"https:\/\/www.suno.com.br\/noticias\/","logo":{"@type":"ImageObject","inLanguage":"pt-BR","@id":"https:\/\/www.suno.com.br\/noticias\/#\/schema\/logo\/image\/","url":"https:\/\/files.sunoresearch.com.br\/n\/uploads\/2021\/09\/suno-logo.png","contentUrl":"https:\/\/files.sunoresearch.com.br\/n\/uploads\/2021\/09\/suno-logo.png","width":180,"height":180,"caption":"Suno Not\u00edcias"},"image":{"@id":"https:\/\/www.suno.com.br\/noticias\/#\/schema\/logo\/image\/"},"sameAs":["https:\/\/facebook.com\/sunoresearch","https:\/\/x.com\/sunoresearch","https:\/\/www.instagram.com\/suno","https:\/\/www.linkedin.com\/company\/suno-research\/","https:\/\/www.youtube.com\/c\/sunoresearch"]},{"@type":"Person","@id":"https:\/\/www.suno.com.br\/noticias\/#\/schema\/person\/918d79de1f0281f01599b93f9ea6e23f","name":"Jader Lazarini","image":{"@type":"ImageObject","inLanguage":"pt-BR","@id":"https:\/\/www.suno.com.br\/noticias\/#\/schema\/person\/image\/","url":"https:\/\/secure.gravatar.com\/avatar\/3c1ad8caa51589841baeb923fcddea97?s=96&r=g","contentUrl":"https:\/\/secure.gravatar.com\/avatar\/3c1ad8caa51589841baeb923fcddea97?s=96&r=g","caption":"Jader Lazarini"},"description":"Jader Lazarini escreve sobre investimentos, finan\u00e7as, economia e neg\u00f3cios. \u00c9 bacharel em Rela\u00e7\u00f5es Internacionais e analista CNPI (2619).","url":"https:\/\/www.suno.com.br\/noticias\/author\/jader-lazarini\/"}]}},"default_loop_html":"<div class=\"cardsPage__listCard__boxs\"><div class=\"cardsPage__listCard__boxs__img\"><a href=\"https:\/\/www.suno.com.br\/noticias\/cielo-expande-operacoes-lojas-fisicas\/\"><img class=\"mask\" src=\"https:\/\/www.suno.com.br\/noticias\/wp-content\/themes\/suno\/resources\/images\/spotlight\/spotlight1img\/bg-mask.png\" alt=\"Image Mask\"\/><img src=\"https:\/\/files.sunoresearch.com.br\/n\/uploads\/2019\/09\/60fb7999-cielo-400x200.webp\" alt=\"Cielo expande opera\u00e7\u00f5es em lojas f\u00edsicas\"\/><\/a><span class=\"spotlightCategory\"><a href=\"https:\/\/www.suno.com.br\/noticias\/negocios\/\">Neg\u00f3cios<\/a><\/span><\/div><div class=\"cardsPage__listCard__boxs__content\"><a href=\"https:\/\/www.suno.com.br\/noticias\/cielo-expande-operacoes-lojas-fisicas\/\"><h2 class=\"content__title\">Cielo expande opera\u00e7\u00f5es em lojas f\u00edsicas<\/h2><\/a><div class=\"newsContent__article__meta\"><div class=\"newsContent__article__meta__authorBox\"><a href=\"https:\/\/www.suno.com.br\/noticias\/author\/jader-lazarini\/\" class=\"authorBox__avatar noMobi\"><img src=\"https:\/\/files.sunoresearch.com.br\/n\/uploads\/2021\/01\/178e6598-foto-perfil-2-150x150.jpg\" alt=\"Jader Lazarini\"><\/a><div class=\"authorBox__name\"><span>por\n\t\t\t<a href=\"https:\/\/www.suno.com.br\/noticias\/author\/jader-lazarini\/\"><span itemprop=\"author\">Jader Lazarini<\/span><\/a><\/span><time datetime=\"2019-10-22T09:32:04-03:00\" itemprop=\"datePublished\">22\/10\/2019 09:32<\/time><\/div><\/div><\/div><\/div><\/div>","single_layout":"posts","amp_enabled":true,"_links":{"self":[{"href":"https:\/\/www.suno.com.br\/noticias\/wp-json\/wp\/v2\/posts\/41854"}],"collection":[{"href":"https:\/\/www.suno.com.br\/noticias\/wp-json\/wp\/v2\/posts"}],"about":[{"href":"https:\/\/www.suno.com.br\/noticias\/wp-json\/wp\/v2\/types\/post"}],"author":[{"embeddable":true,"href":"https:\/\/www.suno.com.br\/noticias\/wp-json\/wp\/v2\/users\/24"}],"replies":[{"embeddable":true,"href":"https:\/\/www.suno.com.br\/noticias\/wp-json\/wp\/v2\/comments?post=41854"}],"version-history":[{"count":0,"href":"https:\/\/www.suno.com.br\/noticias\/wp-json\/wp\/v2\/posts\/41854\/revisions"}],"wp:featuredmedia":[{"embeddable":true,"href":"https:\/\/www.suno.com.br\/noticias\/wp-json\/wp\/v2\/media\/38318"}],"wp:attachment":[{"href":"https:\/\/www.suno.com.br\/noticias\/wp-json\/wp\/v2\/media?parent=41854"}],"wp:term":[{"taxonomy":"category","embeddable":true,"href":"https:\/\/www.suno.com.br\/noticias\/wp-json\/wp\/v2\/categories?post=41854"},{"taxonomy":"post_tag","embeddable":true,"href":"https:\/\/www.suno.com.br\/noticias\/wp-json\/wp\/v2\/tags?post=41854"},{"taxonomy":"suno_strategy","embeddable":true,"href":"https:\/\/www.suno.com.br\/noticias\/wp-json\/wp\/v2\/suno_strategy?post=41854"}],"curies":[{"name":"wp","href":"https:\/\/api.w.org\/{rel}","templated":true}]}}