{"id":41852,"date":"2019-10-21T22:05:49","date_gmt":"2019-10-22T00:05:49","guid":{"rendered":"https:\/\/www.suno.com.br\/noticias\/?p=41852"},"modified":"2019-10-21T22:05:49","modified_gmt":"2019-10-22T00:05:49","slug":"carrefour-brasil-alta-vendas-brutas-3t19","status":"publish","type":"post","link":"https:\/\/www.suno.com.br\/noticias\/carrefour-brasil-alta-vendas-brutas-3t19\/","title":{"rendered":"Carrefour Brasil registra alta de cerca de 9% nas vendas brutas no 3T19"},"content":{"rendered":"<p>O <a href=\"https:\/\/www.suno.com.br\/noticias\/carrefour-ceo-grupo-pao-de-acucar\/\">Carrefour (CRFB3)<\/a> comunicou, nesta segunda-feira (21), que obteve alta de cerca de 9% nas vendas brutas do terceiro trimestre de 2019 em compara\u00e7\u00e3o ao mesmo per\u00edodo de 2018. O desempenho, de R$ 14,44 bilh\u00f5es foi motivado pela divis\u00e3o de atacarejo e pela alta no faturamento dos supermercados do grupo.<\/p>\t<div class=\"wrapper-featured-image\">\n\t\t<figure class=\"spotlightImg\">\n\n\t\t\t<picture>\n\t\t\t\t<source media=\"(max-width: 768px)\" srcset=\"https:\/\/files.sunoresearch.com.br\/n\/uploads\/2019\/08\/f020c177-carrefour-loja-conceito-novarejo-diebold-400x200.webp\">\n\t\t\t\t<img loading=\"lazy\" decoding=\"async\" class=\"newsContent__article__imgCapa lazyloadDisabled newsContent__article__imgCapa--noCaption\" src=\"https:\/\/files.sunoresearch.com.br\/n\/uploads\/2019\/08\/f020c177-carrefour-loja-conceito-novarejo-diebold-jpg.webp\" width=\"800\" height=\"450\" alt=\"Carrefour Brasil registra alta de cerca de 9% nas vendas brutas no 3T19\" fetchpriority=high \/>\n\t\t\t<\/picture>\n\n\t\t\t<figcaption class=\"wp-caption-text wp-caption-text--hide\">Banco Carrefour recebe aval do BC para operar como banco m\u00faltiplo<\/figcaption>\n\t\t<\/figure>\n\t<\/div>\n\n\n\n<p>O grupo <strong>Carrefour,<\/strong> que gerencia a bandeira <strong>Atacad\u00e3o <\/strong>(al\u00e9m de sua pr\u00f3pria)\u00a0cresceu 3,8% nas vendas de mesmas lojas durante o per\u00edodo de julho ao fim de setembro, expandindo 8,8% no indicador dos supermercados.<\/p>\n<p><a href=\"https:\/\/www.suno.com.br\/noticias\/gpa-registra-alta-de-95-nas-vendas-totais-do-3o-trimestre\/\">Confira tamb\u00e9m: GPA registra alta de 9,5% nas vendas totais do 3\u00ba trimestre<\/a><\/p>\n<p>A rede de supermercados afirmou ainda que as vendas online tiveram crescimento de 44,2% para R$ 449 milh\u00f5es no terceiro trimestre.<\/p>\n<h2>Carrefour comprou a fintech Ewally<\/h2>\n<p>O grupo finalizou, no come\u00e7o de outubro, a <strong>compra<\/strong> de 49% de participa\u00e7\u00e3o na <strong>fintech Ewally Tecnologia<\/strong>\u00a0<strong>e Servi\u00e7os.<\/strong><\/p>\n<p><a href=\"https:\/\/www.suno.com.br\/noticias\/grupo-carrefour-brasil-finaliza-compra-ewally\/\">Saiba mais: Grupo Carrefour Brasil finaliza compra de 49% da Ewally<\/a><\/p>\n<p>De acordo com comunicado divulgado pelo <strong>Carrefour,<\/strong> foi feita a assinatura dos instrumentos finais, por interm\u00e9dio da Carrefour Com\u00e9rcio e Ind\u00fastria, sua subsidi\u00e1ria, com op\u00e7\u00e3o de compra do controle at\u00e9 2022.<\/p>\n<p>\u201cCom essa transa\u00e7\u00e3o o <strong>Grupo Carrefour Brasil<\/strong> refor\u00e7a ainda mais seu ecossistema e reafirma seu compromisso com sua estrat\u00e9gia de transforma\u00e7\u00e3o digital&#8221;, afirmou a empresa.<\/p>\n<h2>Acordo j\u00e1 havia sido anunciado pelo grupo<\/h2>\n<p>A companhia havia comunicado anteriormente que chegou a um acordo para aquisi\u00e7\u00e3o de 49% da fintech <strong>Ewally,<\/strong> com op\u00e7\u00e3o de compra do controle em 2022. A informa\u00e7\u00e3o foi noticiada pela ag\u00eancia Reuters.<\/p>\n<p>Em comunicado, o grupo\u00a0declarou que: \u201cPlenamente alinhada com a estrat\u00e9gia de digitaliza\u00e7\u00e3o da companhia, esse movimento d\u00e1 in\u00edcio \u00e0 atua\u00e7\u00e3o no segmento de conta digital\u201d.<\/p>\n<p><a href=\"https:\/\/www.suno.com.br\/noticias\/carrefour-brasil-chega-acordo-ewally\/\">Saiba mais: Carrefour Brasil chega a acordo por 49% de Ewally<\/a><\/p>\n<p>Al\u00e9m disso, o <strong>Carrefour<\/strong> salientou que o acordo acelerar\u00e1 o processo de <strong>transforma\u00e7\u00e3o digital<\/strong> e <strong>inova\u00e7\u00e3o,<\/strong> ampliando seu <strong>ecossistema de pagamentos<\/strong> e <strong>distribui\u00e7\u00e3o de produtos<\/strong> e <strong>servi\u00e7os digitais<\/strong> no Pa\u00eds. Detalhes da transa\u00e7\u00e3o n\u00e3o foram informados.<\/p>\n","protected":false},"excerpt":{"rendered":"<p>O Carrefour (CRFB3) comunicou, nesta segunda-feira (21), que obteve alta de cerca de 9% nas vendas brutas do terceiro trimestre de 2019 em compara\u00e7\u00e3o ao mesmo per\u00edodo de 2018. O desempenho, de R$ 14,44 bilh\u00f5es foi motivado pela divis\u00e3o de atacarejo e pela alta no faturamento dos supermercados do grupo. Banco Carrefour recebe aval do [&hellip;]<\/p>\n","protected":false},"author":23,"featured_media":33053,"comment_status":"closed","ping_status":"closed","sticky":false,"template":"","format":"standard","meta":[],"categories":[64],"tags":[405],"suno_strategy":[],"class_list":["post-41852","post","type-post","status-publish","format-standard","has-post-thumbnail","hentry","category-negocios","tag-carrefour-crfb3"],"yoast_head":"<!-- This site is optimized with the Yoast SEO plugin v24.4 - https:\/\/yoast.com\/wordpress\/plugins\/seo\/ -->\n<title>Carrefour Brasil registra alta de cerca de 9% nas vendas brutas no 3T19<\/title>\n<meta name=\"description\" content=\"O Carrefour comunicou que obteve alta de cerca de 9% nas vendas brutas do terceiro trimestre de 2019. Clique aqui para saber mais.\" \/>\n<meta name=\"robots\" content=\"index, follow, max-snippet:-1, max-image-preview:large, max-video-preview:-1\" \/>\n<link rel=\"canonical\" href=\"https:\/\/www.suno.com.br\/noticias\/carrefour-brasil-alta-vendas-brutas-3t19\/\" \/>\n<meta property=\"og:locale\" content=\"pt_BR\" \/>\n<meta property=\"og:type\" content=\"article\" \/>\n<meta property=\"og:title\" content=\"Carrefour Brasil registra alta de cerca de 9% nas vendas brutas no 3T19\" \/>\n<meta property=\"og:description\" content=\"O Carrefour comunicou que obteve alta de cerca de 9% nas vendas brutas do terceiro trimestre de 2019. Clique aqui para saber mais.\" \/>\n<meta property=\"og:url\" content=\"https:\/\/www.suno.com.br\/noticias\/carrefour-brasil-alta-vendas-brutas-3t19\/\" \/>\n<meta property=\"og:site_name\" content=\"Suno Not\u00edcias\" \/>\n<meta property=\"article:publisher\" content=\"https:\/\/facebook.com\/sunoresearch\" \/>\n<meta property=\"og:image\" content=\"https:\/\/files.sunoresearch.com.br\/n\/uploads\/2019\/08\/f020c177-carrefour-loja-conceito-novarejo-diebold.jpg\" \/>\n\t<meta property=\"og:image:width\" content=\"615\" \/>\n\t<meta property=\"og:image:height\" content=\"422\" \/>\n\t<meta property=\"og:image:type\" content=\"image\/jpeg\" \/>\n<meta name=\"author\" content=\"Rafael Lara\" \/>\n<meta name=\"twitter:card\" content=\"summary_large_image\" \/>\n<meta name=\"twitter:creator\" content=\"@sunoresearch\" \/>\n<meta name=\"twitter:site\" content=\"@sunoresearch\" \/>\n<meta name=\"twitter:label1\" content=\"Escrito por\" \/>\n\t<meta name=\"twitter:data1\" content=\"Rafael Lara\" \/>\n\t<meta name=\"twitter:label2\" content=\"Est. tempo de leitura\" \/>\n\t<meta name=\"twitter:data2\" content=\"2 minutos\" \/>\n<script type=\"application\/ld+json\" class=\"yoast-schema-graph\">{\"@context\":\"https:\/\/schema.org\",\"@graph\":[{\"@type\":\"NewsArticle\",\"@id\":\"https:\/\/www.suno.com.br\/noticias\/carrefour-brasil-alta-vendas-brutas-3t19\/#article\",\"isPartOf\":{\"@id\":\"https:\/\/www.suno.com.br\/noticias\/carrefour-brasil-alta-vendas-brutas-3t19\/\"},\"author\":{\"name\":\"Rafael Lara\",\"@id\":\"https:\/\/www.suno.com.br\/noticias\/#\/schema\/person\/098743caeed97b37f51315c9576c4078\"},\"headline\":\"Carrefour Brasil registra alta de cerca de 9% nas vendas brutas no 3T19\",\"datePublished\":\"2019-10-22T00:05:49+00:00\",\"mainEntityOfPage\":{\"@id\":\"https:\/\/www.suno.com.br\/noticias\/carrefour-brasil-alta-vendas-brutas-3t19\/\"},\"wordCount\":355,\"publisher\":{\"@id\":\"https:\/\/www.suno.com.br\/noticias\/#organization\"},\"image\":{\"@id\":\"https:\/\/www.suno.com.br\/noticias\/carrefour-brasil-alta-vendas-brutas-3t19\/#primaryimage\"},\"thumbnailUrl\":\"https:\/\/files.sunoresearch.com.br\/n\/uploads\/2019\/08\/f020c177-carrefour-loja-conceito-novarejo-diebold-jpg.webp\",\"keywords\":[\"Carrefour (CRFB3)\"],\"articleSection\":[\"Neg\u00f3cios\"],\"inLanguage\":\"pt-BR\"},{\"@type\":\"WebPage\",\"@id\":\"https:\/\/www.suno.com.br\/noticias\/carrefour-brasil-alta-vendas-brutas-3t19\/\",\"url\":\"https:\/\/www.suno.com.br\/noticias\/carrefour-brasil-alta-vendas-brutas-3t19\/\",\"name\":\"Carrefour Brasil registra alta de cerca de 9% nas vendas brutas no 3T19\",\"isPartOf\":{\"@id\":\"https:\/\/www.suno.com.br\/noticias\/#website\"},\"primaryImageOfPage\":{\"@id\":\"https:\/\/www.suno.com.br\/noticias\/carrefour-brasil-alta-vendas-brutas-3t19\/#primaryimage\"},\"image\":{\"@id\":\"https:\/\/www.suno.com.br\/noticias\/carrefour-brasil-alta-vendas-brutas-3t19\/#primaryimage\"},\"thumbnailUrl\":\"https:\/\/files.sunoresearch.com.br\/n\/uploads\/2019\/08\/f020c177-carrefour-loja-conceito-novarejo-diebold-jpg.webp\",\"datePublished\":\"2019-10-22T00:05:49+00:00\",\"description\":\"O Carrefour comunicou que obteve alta de cerca de 9% nas vendas brutas do terceiro trimestre de 2019. Clique aqui para saber mais.\",\"breadcrumb\":{\"@id\":\"https:\/\/www.suno.com.br\/noticias\/carrefour-brasil-alta-vendas-brutas-3t19\/#breadcrumb\"},\"inLanguage\":\"pt-BR\",\"potentialAction\":[{\"@type\":\"ReadAction\",\"target\":[\"https:\/\/www.suno.com.br\/noticias\/carrefour-brasil-alta-vendas-brutas-3t19\/\"]}]},{\"@type\":\"ImageObject\",\"inLanguage\":\"pt-BR\",\"@id\":\"https:\/\/www.suno.com.br\/noticias\/carrefour-brasil-alta-vendas-brutas-3t19\/#primaryimage\",\"url\":\"https:\/\/files.sunoresearch.com.br\/n\/uploads\/2019\/08\/f020c177-carrefour-loja-conceito-novarejo-diebold-jpg.webp\",\"contentUrl\":\"https:\/\/files.sunoresearch.com.br\/n\/uploads\/2019\/08\/f020c177-carrefour-loja-conceito-novarejo-diebold-jpg.webp\",\"width\":615,\"height\":422,\"caption\":\"Banco Carrefour recebe aval do BC para operar como banco m\u00faltiplo\"},{\"@type\":\"BreadcrumbList\",\"@id\":\"https:\/\/www.suno.com.br\/noticias\/carrefour-brasil-alta-vendas-brutas-3t19\/#breadcrumb\",\"itemListElement\":[{\"@type\":\"ListItem\",\"position\":1,\"name\":\"Not\u00edcias\",\"item\":\"https:\/\/www.suno.com.br\/noticias\/\"},{\"@type\":\"ListItem\",\"position\":2,\"name\":\"Neg\u00f3cios\",\"item\":\"https:\/\/www.suno.com.br\/noticias\/negocios\/\"},{\"@type\":\"ListItem\",\"position\":3,\"name\":\"Carrefour Brasil registra alta de cerca de 9% nas vendas brutas no 3T19\"}]},{\"@type\":\"WebSite\",\"@id\":\"https:\/\/www.suno.com.br\/noticias\/#website\",\"url\":\"https:\/\/www.suno.com.br\/noticias\/\",\"name\":\"Suno Not\u00edcias\",\"description\":\"Seu portal de informa\u00e7\u00e3o sobre o mundo dos investimentos\",\"publisher\":{\"@id\":\"https:\/\/www.suno.com.br\/noticias\/#organization\"},\"potentialAction\":[{\"@type\":\"SearchAction\",\"target\":{\"@type\":\"EntryPoint\",\"urlTemplate\":\"https:\/\/www.suno.com.br\/noticias\/?s={search_term_string}\"},\"query-input\":{\"@type\":\"PropertyValueSpecification\",\"valueRequired\":true,\"valueName\":\"search_term_string\"}}],\"inLanguage\":\"pt-BR\"},{\"@type\":\"Organization\",\"@id\":\"https:\/\/www.suno.com.br\/noticias\/#organization\",\"name\":\"Suno Not\u00edcias\",\"url\":\"https:\/\/www.suno.com.br\/noticias\/\",\"logo\":{\"@type\":\"ImageObject\",\"inLanguage\":\"pt-BR\",\"@id\":\"https:\/\/www.suno.com.br\/noticias\/#\/schema\/logo\/image\/\",\"url\":\"https:\/\/files.sunoresearch.com.br\/n\/uploads\/2021\/09\/suno-logo.png\",\"contentUrl\":\"https:\/\/files.sunoresearch.com.br\/n\/uploads\/2021\/09\/suno-logo.png\",\"width\":180,\"height\":180,\"caption\":\"Suno Not\u00edcias\"},\"image\":{\"@id\":\"https:\/\/www.suno.com.br\/noticias\/#\/schema\/logo\/image\/\"},\"sameAs\":[\"https:\/\/facebook.com\/sunoresearch\",\"https:\/\/x.com\/sunoresearch\",\"https:\/\/www.instagram.com\/suno\",\"https:\/\/www.linkedin.com\/company\/suno-research\/\",\"https:\/\/www.youtube.com\/c\/sunoresearch\"]},{\"@type\":\"Person\",\"@id\":\"https:\/\/www.suno.com.br\/noticias\/#\/schema\/person\/098743caeed97b37f51315c9576c4078\",\"name\":\"Rafael Lara\",\"image\":{\"@type\":\"ImageObject\",\"inLanguage\":\"pt-BR\",\"@id\":\"https:\/\/www.suno.com.br\/noticias\/#\/schema\/person\/image\/\",\"url\":\"https:\/\/secure.gravatar.com\/avatar\/dfc254ab9bb2ea1895d98b9e9dae4bdd?s=96&r=g\",\"contentUrl\":\"https:\/\/secure.gravatar.com\/avatar\/dfc254ab9bb2ea1895d98b9e9dae4bdd?s=96&r=g\",\"caption\":\"Rafael Lara\"},\"description\":\"Rafael Lara cursa jornalismo na Faculdade C\u00e1sper L\u00edbero. Escreve sobre pol\u00edtica, economia e neg\u00f3cios para o portal Suno Not\u00edcias. Antes, colaborou na TV Gazeta na produ\u00e7\u00e3o do programa Edi\u00e7\u00e3o Extra.\",\"url\":\"https:\/\/www.suno.com.br\/noticias\/author\/rafael\/\"}]}<\/script>\n<!-- \/ Yoast SEO plugin. -->","yoast_head_json":{"title":"Carrefour Brasil registra alta de cerca de 9% nas vendas brutas no 3T19","description":"O Carrefour comunicou que obteve alta de cerca de 9% nas vendas brutas do terceiro trimestre de 2019. Clique aqui para saber mais.","robots":{"index":"index","follow":"follow","max-snippet":"max-snippet:-1","max-image-preview":"max-image-preview:large","max-video-preview":"max-video-preview:-1"},"canonical":"https:\/\/www.suno.com.br\/noticias\/carrefour-brasil-alta-vendas-brutas-3t19\/","og_locale":"pt_BR","og_type":"article","og_title":"Carrefour Brasil registra alta de cerca de 9% nas vendas brutas no 3T19","og_description":"O Carrefour comunicou que obteve alta de cerca de 9% nas vendas brutas do terceiro trimestre de 2019. Clique aqui para saber mais.","og_url":"https:\/\/www.suno.com.br\/noticias\/carrefour-brasil-alta-vendas-brutas-3t19\/","og_site_name":"Suno Not\u00edcias","article_publisher":"https:\/\/facebook.com\/sunoresearch","og_image":[{"width":615,"height":422,"url":"https:\/\/files.sunoresearch.com.br\/n\/uploads\/2019\/08\/f020c177-carrefour-loja-conceito-novarejo-diebold.jpg","type":"image\/jpeg"}],"author":"Rafael Lara","twitter_card":"summary_large_image","twitter_creator":"@sunoresearch","twitter_site":"@sunoresearch","twitter_misc":{"Escrito por":"Rafael Lara","Est. tempo de leitura":"2 minutos"},"schema":{"@context":"https:\/\/schema.org","@graph":[{"@type":"NewsArticle","@id":"https:\/\/www.suno.com.br\/noticias\/carrefour-brasil-alta-vendas-brutas-3t19\/#article","isPartOf":{"@id":"https:\/\/www.suno.com.br\/noticias\/carrefour-brasil-alta-vendas-brutas-3t19\/"},"author":{"name":"Rafael Lara","@id":"https:\/\/www.suno.com.br\/noticias\/#\/schema\/person\/098743caeed97b37f51315c9576c4078"},"headline":"Carrefour Brasil registra alta de cerca de 9% nas vendas brutas no 3T19","datePublished":"2019-10-22T00:05:49+00:00","mainEntityOfPage":{"@id":"https:\/\/www.suno.com.br\/noticias\/carrefour-brasil-alta-vendas-brutas-3t19\/"},"wordCount":355,"publisher":{"@id":"https:\/\/www.suno.com.br\/noticias\/#organization"},"image":{"@id":"https:\/\/www.suno.com.br\/noticias\/carrefour-brasil-alta-vendas-brutas-3t19\/#primaryimage"},"thumbnailUrl":"https:\/\/files.sunoresearch.com.br\/n\/uploads\/2019\/08\/f020c177-carrefour-loja-conceito-novarejo-diebold-jpg.webp","keywords":["Carrefour (CRFB3)"],"articleSection":["Neg\u00f3cios"],"inLanguage":"pt-BR"},{"@type":"WebPage","@id":"https:\/\/www.suno.com.br\/noticias\/carrefour-brasil-alta-vendas-brutas-3t19\/","url":"https:\/\/www.suno.com.br\/noticias\/carrefour-brasil-alta-vendas-brutas-3t19\/","name":"Carrefour Brasil registra alta de cerca de 9% nas vendas brutas no 3T19","isPartOf":{"@id":"https:\/\/www.suno.com.br\/noticias\/#website"},"primaryImageOfPage":{"@id":"https:\/\/www.suno.com.br\/noticias\/carrefour-brasil-alta-vendas-brutas-3t19\/#primaryimage"},"image":{"@id":"https:\/\/www.suno.com.br\/noticias\/carrefour-brasil-alta-vendas-brutas-3t19\/#primaryimage"},"thumbnailUrl":"https:\/\/files.sunoresearch.com.br\/n\/uploads\/2019\/08\/f020c177-carrefour-loja-conceito-novarejo-diebold-jpg.webp","datePublished":"2019-10-22T00:05:49+00:00","description":"O Carrefour comunicou que obteve alta de cerca de 9% nas vendas brutas do terceiro trimestre de 2019. Clique aqui para saber mais.","breadcrumb":{"@id":"https:\/\/www.suno.com.br\/noticias\/carrefour-brasil-alta-vendas-brutas-3t19\/#breadcrumb"},"inLanguage":"pt-BR","potentialAction":[{"@type":"ReadAction","target":["https:\/\/www.suno.com.br\/noticias\/carrefour-brasil-alta-vendas-brutas-3t19\/"]}]},{"@type":"ImageObject","inLanguage":"pt-BR","@id":"https:\/\/www.suno.com.br\/noticias\/carrefour-brasil-alta-vendas-brutas-3t19\/#primaryimage","url":"https:\/\/files.sunoresearch.com.br\/n\/uploads\/2019\/08\/f020c177-carrefour-loja-conceito-novarejo-diebold-jpg.webp","contentUrl":"https:\/\/files.sunoresearch.com.br\/n\/uploads\/2019\/08\/f020c177-carrefour-loja-conceito-novarejo-diebold-jpg.webp","width":615,"height":422,"caption":"Banco Carrefour recebe aval do BC para operar como banco m\u00faltiplo"},{"@type":"BreadcrumbList","@id":"https:\/\/www.suno.com.br\/noticias\/carrefour-brasil-alta-vendas-brutas-3t19\/#breadcrumb","itemListElement":[{"@type":"ListItem","position":1,"name":"Not\u00edcias","item":"https:\/\/www.suno.com.br\/noticias\/"},{"@type":"ListItem","position":2,"name":"Neg\u00f3cios","item":"https:\/\/www.suno.com.br\/noticias\/negocios\/"},{"@type":"ListItem","position":3,"name":"Carrefour Brasil registra alta de cerca de 9% nas vendas brutas no 3T19"}]},{"@type":"WebSite","@id":"https:\/\/www.suno.com.br\/noticias\/#website","url":"https:\/\/www.suno.com.br\/noticias\/","name":"Suno Not\u00edcias","description":"Seu portal de informa\u00e7\u00e3o sobre o mundo dos investimentos","publisher":{"@id":"https:\/\/www.suno.com.br\/noticias\/#organization"},"potentialAction":[{"@type":"SearchAction","target":{"@type":"EntryPoint","urlTemplate":"https:\/\/www.suno.com.br\/noticias\/?s={search_term_string}"},"query-input":{"@type":"PropertyValueSpecification","valueRequired":true,"valueName":"search_term_string"}}],"inLanguage":"pt-BR"},{"@type":"Organization","@id":"https:\/\/www.suno.com.br\/noticias\/#organization","name":"Suno Not\u00edcias","url":"https:\/\/www.suno.com.br\/noticias\/","logo":{"@type":"ImageObject","inLanguage":"pt-BR","@id":"https:\/\/www.suno.com.br\/noticias\/#\/schema\/logo\/image\/","url":"https:\/\/files.sunoresearch.com.br\/n\/uploads\/2021\/09\/suno-logo.png","contentUrl":"https:\/\/files.sunoresearch.com.br\/n\/uploads\/2021\/09\/suno-logo.png","width":180,"height":180,"caption":"Suno Not\u00edcias"},"image":{"@id":"https:\/\/www.suno.com.br\/noticias\/#\/schema\/logo\/image\/"},"sameAs":["https:\/\/facebook.com\/sunoresearch","https:\/\/x.com\/sunoresearch","https:\/\/www.instagram.com\/suno","https:\/\/www.linkedin.com\/company\/suno-research\/","https:\/\/www.youtube.com\/c\/sunoresearch"]},{"@type":"Person","@id":"https:\/\/www.suno.com.br\/noticias\/#\/schema\/person\/098743caeed97b37f51315c9576c4078","name":"Rafael Lara","image":{"@type":"ImageObject","inLanguage":"pt-BR","@id":"https:\/\/www.suno.com.br\/noticias\/#\/schema\/person\/image\/","url":"https:\/\/secure.gravatar.com\/avatar\/dfc254ab9bb2ea1895d98b9e9dae4bdd?s=96&r=g","contentUrl":"https:\/\/secure.gravatar.com\/avatar\/dfc254ab9bb2ea1895d98b9e9dae4bdd?s=96&r=g","caption":"Rafael Lara"},"description":"Rafael Lara cursa jornalismo na Faculdade C\u00e1sper L\u00edbero. Escreve sobre pol\u00edtica, economia e neg\u00f3cios para o portal Suno Not\u00edcias. Antes, colaborou na TV Gazeta na produ\u00e7\u00e3o do programa Edi\u00e7\u00e3o Extra.","url":"https:\/\/www.suno.com.br\/noticias\/author\/rafael\/"}]}},"default_loop_html":"<div class=\"cardsPage__listCard__boxs\"><div class=\"cardsPage__listCard__boxs__img\"><a href=\"https:\/\/www.suno.com.br\/noticias\/carrefour-brasil-alta-vendas-brutas-3t19\/\"><img class=\"mask\" src=\"https:\/\/www.suno.com.br\/noticias\/wp-content\/themes\/suno\/resources\/images\/spotlight\/spotlight1img\/bg-mask.png\" alt=\"Image Mask\"\/><img src=\"https:\/\/files.sunoresearch.com.br\/n\/uploads\/2019\/08\/f020c177-carrefour-loja-conceito-novarejo-diebold-400x200.webp\" alt=\"Carrefour Brasil registra alta de cerca de 9% nas vendas brutas no 3T19\"\/><\/a><span class=\"spotlightCategory\"><a href=\"https:\/\/www.suno.com.br\/noticias\/negocios\/\">Neg\u00f3cios<\/a><\/span><\/div><div class=\"cardsPage__listCard__boxs__content\"><a href=\"https:\/\/www.suno.com.br\/noticias\/carrefour-brasil-alta-vendas-brutas-3t19\/\"><h2 class=\"content__title\">Carrefour Brasil registra alta de cerca de 9% nas vendas brutas no 3T19<\/h2><\/a><div class=\"newsContent__article__meta\"><div class=\"newsContent__article__meta__authorBox\"><a href=\"https:\/\/www.suno.com.br\/noticias\/author\/rafael\/\" class=\"authorBox__avatar noMobi\"><img src=\"https:\/\/secure.gravatar.com\/avatar\/dfc254ab9bb2ea1895d98b9e9dae4bdd?s=96&#038;r=g\" alt=\"Rafael Lara\"><\/a><div class=\"authorBox__name\"><span>por\n\t\t\t<a href=\"https:\/\/www.suno.com.br\/noticias\/author\/rafael\/\"><span itemprop=\"author\">Rafael Lara<\/span><\/a><\/span><time datetime=\"2019-10-21T22:05:49-03:00\" itemprop=\"datePublished\">21\/10\/2019 22:05<\/time><\/div><\/div><\/div><\/div><\/div>","single_layout":"posts","amp_enabled":true,"_links":{"self":[{"href":"https:\/\/www.suno.com.br\/noticias\/wp-json\/wp\/v2\/posts\/41852"}],"collection":[{"href":"https:\/\/www.suno.com.br\/noticias\/wp-json\/wp\/v2\/posts"}],"about":[{"href":"https:\/\/www.suno.com.br\/noticias\/wp-json\/wp\/v2\/types\/post"}],"author":[{"embeddable":true,"href":"https:\/\/www.suno.com.br\/noticias\/wp-json\/wp\/v2\/users\/23"}],"replies":[{"embeddable":true,"href":"https:\/\/www.suno.com.br\/noticias\/wp-json\/wp\/v2\/comments?post=41852"}],"version-history":[{"count":0,"href":"https:\/\/www.suno.com.br\/noticias\/wp-json\/wp\/v2\/posts\/41852\/revisions"}],"wp:featuredmedia":[{"embeddable":true,"href":"https:\/\/www.suno.com.br\/noticias\/wp-json\/wp\/v2\/media\/33053"}],"wp:attachment":[{"href":"https:\/\/www.suno.com.br\/noticias\/wp-json\/wp\/v2\/media?parent=41852"}],"wp:term":[{"taxonomy":"category","embeddable":true,"href":"https:\/\/www.suno.com.br\/noticias\/wp-json\/wp\/v2\/categories?post=41852"},{"taxonomy":"post_tag","embeddable":true,"href":"https:\/\/www.suno.com.br\/noticias\/wp-json\/wp\/v2\/tags?post=41852"},{"taxonomy":"suno_strategy","embeddable":true,"href":"https:\/\/www.suno.com.br\/noticias\/wp-json\/wp\/v2\/suno_strategy?post=41852"}],"curies":[{"name":"wp","href":"https:\/\/api.w.org\/{rel}","templated":true}]}}