{"id":41845,"date":"2019-10-21T21:28:15","date_gmt":"2019-10-21T23:28:15","guid":{"rendered":"https:\/\/www.suno.com.br\/noticias\/?p=41845"},"modified":"2019-10-21T21:34:22","modified_gmt":"2019-10-21T23:34:22","slug":"wework-softbank-assumira-controle-empresa","status":"publish","type":"post","link":"https:\/\/www.suno.com.br\/noticias\/wework-softbank-assumira-controle-empresa\/","title":{"rendered":"WeWork: SoftBank assumir\u00e1 o controle da empresa, afirma jornal"},"content":{"rendered":"<p>O grupo japon\u00eas <strong>SoftBank<\/strong> assumir\u00e1, a partir de ter\u00e7a-feira (22), o controle da WeWork. A informa\u00e7\u00e3o foi noticiada pela emissora norte-americana &#8220;<strong>CNBC<\/strong>&#8220;.<\/p>\t<div class=\"wrapper-featured-image\">\n\t\t<figure class=\"spotlightImg\">\n\n\t\t\t<picture>\n\t\t\t\t<source media=\"(max-width: 768px)\" srcset=\"https:\/\/files.sunoresearch.com.br\/n\/uploads\/2019\/09\/b882b348-we-400x200.webp\">\n\t\t\t\t<img loading=\"lazy\" decoding=\"async\" class=\"newsContent__article__imgCapa lazyloadDisabled newsContent__article__imgCapa--noCaption\" src=\"https:\/\/files.sunoresearch.com.br\/n\/uploads\/2019\/09\/b882b348-we-800x450.webp\" width=\"800\" height=\"450\" alt=\"WeWork: SoftBank assumir\u00e1 o controle da empresa, afirma jornal\" fetchpriority=high \/>\n\t\t\t<\/picture>\n\n\t\t\t<figcaption class=\"wp-caption-text wp-caption-text--hide\">Wework - Foto: Divulga\u00e7\u00e3o<\/figcaption>\n\t\t<\/figure>\n\t<\/div>\n\n\n\n<p>De acordo com fontes da emissora, a empresa gerida por <strong>Masayoshi Son<\/strong> injetar\u00e1 entre US$ 4 bilh\u00f5es e US$ 5 bilh\u00f5es para ficar com, aproximadamente, 70% das a\u00e7\u00f5es da <strong>WeWork.<\/strong><\/p>\n<p>Ainda segundo fontes da &#8220;<strong>CNBC<\/strong>&#8220;<strong>,<\/strong> o investimento ser\u00e1 anunciado na ter\u00e7a. A inje\u00e7\u00e3o de capital do <strong>SoftBank<\/strong> no <strong>WeWork<\/strong> \u00e9 uma t\u00e1tica da asi\u00e1tica para salvar um de seus investimentos mais agressivos nos \u00faltimos tempos, com US$ 10,65 bilh\u00f5es.<\/p>\n<p>Parcela dos novos recursos ser\u00e3o injetados em contratos de garantias que estavam sendo expirados. Ainda segundo a &#8220;<strong>CNBC<\/strong>&#8220;<strong>,<\/strong> um dos novos executivos na <strong>WeWork<\/strong> ser\u00e1 o boliviano Marcelo Claure. O diretor de opera\u00e7\u00f5es do <strong>SoftBank<\/strong> \u00e9 um dos chefes do fundo latino que o grupo investir US$ 5 bilh\u00f5es na Am\u00e9rica Latina.<\/p>\n<h2>Novo financiamento do SoftBank para assumir a WeWork<\/h2>\n<p>Na semana passada, foi infomado que o <strong>SoftBank<\/strong> estaria providenciando um novo financiamento que pode levar ao controle da <strong>WeWork<\/strong>. Dessa forma, em troca de aliviar o caixa da empresa, o fundador da <strong>startup<\/strong>, Adam Neumann, seria afastado definitivamente, segundo fontes ligadas ao assunto.<\/p>\n\t<p>\n\t\t<a href=\"https:\/\/lp.suno.com.br\/ao\/sessao-estrategica-consultoria-c\/?utm_source=suno-noticias&#038;utm_medium=banner&#038;utm_campaing=dividendos-taxacao-pl\" target=\"_blank\" data-element=\"shortcode-suno-banner\" title=\"Banner SUNO, clique e saiba mais\">\n\t\t\t<picture>\n\t\t\t\t<source media=\"(max-width: 500px)\" srcset=\"https:\/\/files.sunoresearch.com.br\/n\/uploads\/2025\/09\/300x400.webp\">\n\t\t\t\t<img class=\"newsContent__article__imgCapa newsContent__article__imgCapa--banner\"\n\t\t\t\t\tsrc=\"https:\/\/files.sunoresearch.com.br\/n\/uploads\/2025\/09\/SN-DT-1420x240-1.webp\"\n\t\t\t\t\tdata-promo-id=\"628283\"\t\t\t\t\t\t\t\t\t\twidth='1420' height='240'\t\t\t\t\talt=\"https:\/\/files.sunoresearch.com.br\/n\/uploads\/2025\/09\/SN-DT-1420x240-1.webp\"\n\t\t\t\t>\n\t\t\t<\/picture>\n\t\t<\/a>\n\t<\/p>\n\n\n<p>Caso as companhias entrem em acordo, parte do poder de voto de Neumann passaria definitivamente para o <strong>Softbank<\/strong>. O fundo de investimentos japon\u00eas teria um papel maior nas decis\u00f5es operacionais da <strong>WeWork<\/strong>.<\/p>\n<p>A <strong>WeWork<\/strong> est\u00e1 buscando outra forma de conseguir um financiamento, ap\u00f3s a sua controladora, We Co., cancelar sua <a href=\"https:\/\/www.suno.com.br\/artigos\/ipo\/\">oferta p\u00fablica inicial de a\u00e7\u00f5es (IPO)<\/a>. O Softbank poderia ser a sa\u00edda neste caso.<\/p>\n<p><a href=\"https:\/\/www.suno.com.br\/noticias\/softbank-estuda-assumir-controle-da-wework-novo-financiamento\/\">Softbank estuda assumir o controle da WeWork por meio de novo financiamento<\/a><\/p>\n<p>Entretanto, o conselho da empresa tamb\u00e9m est\u00e1 em negocia\u00e7\u00f5es com o banco norte-americano <strong>J.P. Morgan<\/strong> para refinanciar suas d\u00edvidas. O objetivo \u00e9 levantar mais alguns bilh\u00f5es de d\u00f3lares, de acordo com o jornal estadunidense &#8220;The Wall Street Journal&#8221;.<\/p>\n<p>&#8220;A <strong>WeWork<\/strong> contratou uma importante institui\u00e7\u00e3o financeira de <strong>Wall<\/strong> <strong>Street<\/strong> para providenciar um financiamento&#8221;, disse um <strong>porta-voz<\/strong> da <strong>startup.<\/strong> &#8220;Aproximadamente 60 fontes de financiamento assinaram acordos de confidencialidade e est\u00e3o se reunindo com a administra\u00e7\u00e3o da empresa e seus banqueiros durante a semana passada e a pr\u00f3xima semana&#8221;.<\/p>\n","protected":false},"excerpt":{"rendered":"<p>O grupo japon\u00eas SoftBank assumir\u00e1, a partir de ter\u00e7a-feira (22), o controle da WeWork. A informa\u00e7\u00e3o foi noticiada pela emissora norte-americana &#8220;CNBC&#8220;. Wework &#8211; Foto: Divulga\u00e7\u00e3o De acordo com fontes da emissora, a empresa gerida por Masayoshi Son injetar\u00e1 entre US$ 4 bilh\u00f5es e US$ 5 bilh\u00f5es para ficar com, aproximadamente, 70% das a\u00e7\u00f5es da [&hellip;]<\/p>\n","protected":false},"author":23,"featured_media":37500,"comment_status":"closed","ping_status":"closed","sticky":false,"template":"","format":"standard","meta":[],"categories":[64],"tags":[951,949],"suno_strategy":[],"class_list":["post-41845","post","type-post","status-publish","format-standard","has-post-thumbnail","hentry","category-negocios","tag-softbank","tag-wework"],"yoast_head":"<!-- This site is optimized with the Yoast SEO plugin v24.4 - https:\/\/yoast.com\/wordpress\/plugins\/seo\/ -->\n<title>WeWork: SoftBank assumir\u00e1 o controle da empresa, afirma jornal<\/title>\n<meta name=\"description\" content=\"O grupo japon\u00eas SoftBank assumir\u00e1 o controle da WeWork. A informa\u00e7\u00e3o foi noticiada pela emissora norte-americana CNBC. Clique para mais.\" \/>\n<meta name=\"robots\" content=\"index, follow, max-snippet:-1, max-image-preview:large, max-video-preview:-1\" \/>\n<link rel=\"canonical\" href=\"https:\/\/www.suno.com.br\/noticias\/wework-softbank-assumira-controle-empresa\/\" \/>\n<meta property=\"og:locale\" content=\"pt_BR\" \/>\n<meta property=\"og:type\" content=\"article\" \/>\n<meta property=\"og:title\" content=\"WeWork: SoftBank assumir\u00e1 o controle da empresa, afirma jornal\" \/>\n<meta property=\"og:description\" content=\"O grupo japon\u00eas SoftBank assumir\u00e1 o controle da WeWork. A informa\u00e7\u00e3o foi noticiada pela emissora norte-americana CNBC. Clique para mais.\" \/>\n<meta property=\"og:url\" content=\"https:\/\/www.suno.com.br\/noticias\/wework-softbank-assumira-controle-empresa\/\" \/>\n<meta property=\"og:site_name\" content=\"Suno Not\u00edcias\" \/>\n<meta property=\"article:publisher\" content=\"https:\/\/facebook.com\/sunoresearch\" \/>\n<meta property=\"og:image\" content=\"https:\/\/files.sunoresearch.com.br\/n\/uploads\/2019\/09\/b882b348-we.jpg\" \/>\n\t<meta property=\"og:image:width\" content=\"1536\" \/>\n\t<meta property=\"og:image:height\" content=\"1024\" \/>\n\t<meta property=\"og:image:type\" content=\"image\/jpeg\" \/>\n<meta name=\"author\" content=\"Rafael Lara\" \/>\n<meta name=\"twitter:card\" content=\"summary_large_image\" \/>\n<meta name=\"twitter:creator\" content=\"@sunoresearch\" \/>\n<meta name=\"twitter:site\" content=\"@sunoresearch\" \/>\n<meta name=\"twitter:label1\" content=\"Escrito por\" \/>\n\t<meta name=\"twitter:data1\" content=\"Rafael Lara\" \/>\n\t<meta name=\"twitter:label2\" content=\"Est. tempo de leitura\" \/>\n\t<meta name=\"twitter:data2\" content=\"2 minutos\" \/>\n<script type=\"application\/ld+json\" class=\"yoast-schema-graph\">{\"@context\":\"https:\/\/schema.org\",\"@graph\":[{\"@type\":\"NewsArticle\",\"@id\":\"https:\/\/www.suno.com.br\/noticias\/wework-softbank-assumira-controle-empresa\/#article\",\"isPartOf\":{\"@id\":\"https:\/\/www.suno.com.br\/noticias\/wework-softbank-assumira-controle-empresa\/\"},\"author\":{\"name\":\"Rafael Lara\",\"@id\":\"https:\/\/www.suno.com.br\/noticias\/#\/schema\/person\/098743caeed97b37f51315c9576c4078\"},\"headline\":\"WeWork: SoftBank assumir\u00e1 o controle da empresa, afirma jornal\",\"datePublished\":\"2019-10-21T23:28:15+00:00\",\"dateModified\":\"2019-10-21T23:34:22+00:00\",\"mainEntityOfPage\":{\"@id\":\"https:\/\/www.suno.com.br\/noticias\/wework-softbank-assumira-controle-empresa\/\"},\"wordCount\":392,\"publisher\":{\"@id\":\"https:\/\/www.suno.com.br\/noticias\/#organization\"},\"image\":{\"@id\":\"https:\/\/www.suno.com.br\/noticias\/wework-softbank-assumira-controle-empresa\/#primaryimage\"},\"thumbnailUrl\":\"https:\/\/files.sunoresearch.com.br\/n\/uploads\/2019\/09\/b882b348-we-jpg.webp\",\"keywords\":[\"SoftBank\",\"WeWork\"],\"articleSection\":[\"Neg\u00f3cios\"],\"inLanguage\":\"pt-BR\"},{\"@type\":\"WebPage\",\"@id\":\"https:\/\/www.suno.com.br\/noticias\/wework-softbank-assumira-controle-empresa\/\",\"url\":\"https:\/\/www.suno.com.br\/noticias\/wework-softbank-assumira-controle-empresa\/\",\"name\":\"WeWork: SoftBank assumir\u00e1 o controle da empresa, afirma jornal\",\"isPartOf\":{\"@id\":\"https:\/\/www.suno.com.br\/noticias\/#website\"},\"primaryImageOfPage\":{\"@id\":\"https:\/\/www.suno.com.br\/noticias\/wework-softbank-assumira-controle-empresa\/#primaryimage\"},\"image\":{\"@id\":\"https:\/\/www.suno.com.br\/noticias\/wework-softbank-assumira-controle-empresa\/#primaryimage\"},\"thumbnailUrl\":\"https:\/\/files.sunoresearch.com.br\/n\/uploads\/2019\/09\/b882b348-we-jpg.webp\",\"datePublished\":\"2019-10-21T23:28:15+00:00\",\"dateModified\":\"2019-10-21T23:34:22+00:00\",\"description\":\"O grupo japon\u00eas SoftBank assumir\u00e1 o controle da WeWork. A informa\u00e7\u00e3o foi noticiada pela emissora norte-americana CNBC. Clique para mais.\",\"breadcrumb\":{\"@id\":\"https:\/\/www.suno.com.br\/noticias\/wework-softbank-assumira-controle-empresa\/#breadcrumb\"},\"inLanguage\":\"pt-BR\",\"potentialAction\":[{\"@type\":\"ReadAction\",\"target\":[\"https:\/\/www.suno.com.br\/noticias\/wework-softbank-assumira-controle-empresa\/\"]}]},{\"@type\":\"ImageObject\",\"inLanguage\":\"pt-BR\",\"@id\":\"https:\/\/www.suno.com.br\/noticias\/wework-softbank-assumira-controle-empresa\/#primaryimage\",\"url\":\"https:\/\/files.sunoresearch.com.br\/n\/uploads\/2019\/09\/b882b348-we-jpg.webp\",\"contentUrl\":\"https:\/\/files.sunoresearch.com.br\/n\/uploads\/2019\/09\/b882b348-we-jpg.webp\",\"width\":1536,\"height\":1024,\"caption\":\"Wework - Foto: Divulga\u00e7\u00e3o\"},{\"@type\":\"BreadcrumbList\",\"@id\":\"https:\/\/www.suno.com.br\/noticias\/wework-softbank-assumira-controle-empresa\/#breadcrumb\",\"itemListElement\":[{\"@type\":\"ListItem\",\"position\":1,\"name\":\"Not\u00edcias\",\"item\":\"https:\/\/www.suno.com.br\/noticias\/\"},{\"@type\":\"ListItem\",\"position\":2,\"name\":\"Neg\u00f3cios\",\"item\":\"https:\/\/www.suno.com.br\/noticias\/negocios\/\"},{\"@type\":\"ListItem\",\"position\":3,\"name\":\"WeWork: SoftBank assumir\u00e1 o controle da empresa, afirma jornal\"}]},{\"@type\":\"WebSite\",\"@id\":\"https:\/\/www.suno.com.br\/noticias\/#website\",\"url\":\"https:\/\/www.suno.com.br\/noticias\/\",\"name\":\"Suno Not\u00edcias\",\"description\":\"Seu portal de informa\u00e7\u00e3o sobre o mundo dos investimentos\",\"publisher\":{\"@id\":\"https:\/\/www.suno.com.br\/noticias\/#organization\"},\"potentialAction\":[{\"@type\":\"SearchAction\",\"target\":{\"@type\":\"EntryPoint\",\"urlTemplate\":\"https:\/\/www.suno.com.br\/noticias\/?s={search_term_string}\"},\"query-input\":{\"@type\":\"PropertyValueSpecification\",\"valueRequired\":true,\"valueName\":\"search_term_string\"}}],\"inLanguage\":\"pt-BR\"},{\"@type\":\"Organization\",\"@id\":\"https:\/\/www.suno.com.br\/noticias\/#organization\",\"name\":\"Suno Not\u00edcias\",\"url\":\"https:\/\/www.suno.com.br\/noticias\/\",\"logo\":{\"@type\":\"ImageObject\",\"inLanguage\":\"pt-BR\",\"@id\":\"https:\/\/www.suno.com.br\/noticias\/#\/schema\/logo\/image\/\",\"url\":\"https:\/\/files.sunoresearch.com.br\/n\/uploads\/2021\/09\/suno-logo.png\",\"contentUrl\":\"https:\/\/files.sunoresearch.com.br\/n\/uploads\/2021\/09\/suno-logo.png\",\"width\":180,\"height\":180,\"caption\":\"Suno Not\u00edcias\"},\"image\":{\"@id\":\"https:\/\/www.suno.com.br\/noticias\/#\/schema\/logo\/image\/\"},\"sameAs\":[\"https:\/\/facebook.com\/sunoresearch\",\"https:\/\/x.com\/sunoresearch\",\"https:\/\/www.instagram.com\/suno\",\"https:\/\/www.linkedin.com\/company\/suno-research\/\",\"https:\/\/www.youtube.com\/c\/sunoresearch\"]},{\"@type\":\"Person\",\"@id\":\"https:\/\/www.suno.com.br\/noticias\/#\/schema\/person\/098743caeed97b37f51315c9576c4078\",\"name\":\"Rafael Lara\",\"image\":{\"@type\":\"ImageObject\",\"inLanguage\":\"pt-BR\",\"@id\":\"https:\/\/www.suno.com.br\/noticias\/#\/schema\/person\/image\/\",\"url\":\"https:\/\/secure.gravatar.com\/avatar\/dfc254ab9bb2ea1895d98b9e9dae4bdd?s=96&r=g\",\"contentUrl\":\"https:\/\/secure.gravatar.com\/avatar\/dfc254ab9bb2ea1895d98b9e9dae4bdd?s=96&r=g\",\"caption\":\"Rafael Lara\"},\"description\":\"Rafael Lara cursa jornalismo na Faculdade C\u00e1sper L\u00edbero. Escreve sobre pol\u00edtica, economia e neg\u00f3cios para o portal Suno Not\u00edcias. Antes, colaborou na TV Gazeta na produ\u00e7\u00e3o do programa Edi\u00e7\u00e3o Extra.\",\"url\":\"https:\/\/www.suno.com.br\/noticias\/author\/rafael\/\"}]}<\/script>\n<!-- \/ Yoast SEO plugin. -->","yoast_head_json":{"title":"WeWork: SoftBank assumir\u00e1 o controle da empresa, afirma jornal","description":"O grupo japon\u00eas SoftBank assumir\u00e1 o controle da WeWork. A informa\u00e7\u00e3o foi noticiada pela emissora norte-americana CNBC. Clique para mais.","robots":{"index":"index","follow":"follow","max-snippet":"max-snippet:-1","max-image-preview":"max-image-preview:large","max-video-preview":"max-video-preview:-1"},"canonical":"https:\/\/www.suno.com.br\/noticias\/wework-softbank-assumira-controle-empresa\/","og_locale":"pt_BR","og_type":"article","og_title":"WeWork: SoftBank assumir\u00e1 o controle da empresa, afirma jornal","og_description":"O grupo japon\u00eas SoftBank assumir\u00e1 o controle da WeWork. A informa\u00e7\u00e3o foi noticiada pela emissora norte-americana CNBC. Clique para mais.","og_url":"https:\/\/www.suno.com.br\/noticias\/wework-softbank-assumira-controle-empresa\/","og_site_name":"Suno Not\u00edcias","article_publisher":"https:\/\/facebook.com\/sunoresearch","og_image":[{"width":1536,"height":1024,"url":"https:\/\/files.sunoresearch.com.br\/n\/uploads\/2019\/09\/b882b348-we.jpg","type":"image\/jpeg"}],"author":"Rafael Lara","twitter_card":"summary_large_image","twitter_creator":"@sunoresearch","twitter_site":"@sunoresearch","twitter_misc":{"Escrito por":"Rafael Lara","Est. tempo de leitura":"2 minutos"},"schema":{"@context":"https:\/\/schema.org","@graph":[{"@type":"NewsArticle","@id":"https:\/\/www.suno.com.br\/noticias\/wework-softbank-assumira-controle-empresa\/#article","isPartOf":{"@id":"https:\/\/www.suno.com.br\/noticias\/wework-softbank-assumira-controle-empresa\/"},"author":{"name":"Rafael Lara","@id":"https:\/\/www.suno.com.br\/noticias\/#\/schema\/person\/098743caeed97b37f51315c9576c4078"},"headline":"WeWork: SoftBank assumir\u00e1 o controle da empresa, afirma jornal","datePublished":"2019-10-21T23:28:15+00:00","dateModified":"2019-10-21T23:34:22+00:00","mainEntityOfPage":{"@id":"https:\/\/www.suno.com.br\/noticias\/wework-softbank-assumira-controle-empresa\/"},"wordCount":392,"publisher":{"@id":"https:\/\/www.suno.com.br\/noticias\/#organization"},"image":{"@id":"https:\/\/www.suno.com.br\/noticias\/wework-softbank-assumira-controle-empresa\/#primaryimage"},"thumbnailUrl":"https:\/\/files.sunoresearch.com.br\/n\/uploads\/2019\/09\/b882b348-we-jpg.webp","keywords":["SoftBank","WeWork"],"articleSection":["Neg\u00f3cios"],"inLanguage":"pt-BR"},{"@type":"WebPage","@id":"https:\/\/www.suno.com.br\/noticias\/wework-softbank-assumira-controle-empresa\/","url":"https:\/\/www.suno.com.br\/noticias\/wework-softbank-assumira-controle-empresa\/","name":"WeWork: SoftBank assumir\u00e1 o controle da empresa, afirma jornal","isPartOf":{"@id":"https:\/\/www.suno.com.br\/noticias\/#website"},"primaryImageOfPage":{"@id":"https:\/\/www.suno.com.br\/noticias\/wework-softbank-assumira-controle-empresa\/#primaryimage"},"image":{"@id":"https:\/\/www.suno.com.br\/noticias\/wework-softbank-assumira-controle-empresa\/#primaryimage"},"thumbnailUrl":"https:\/\/files.sunoresearch.com.br\/n\/uploads\/2019\/09\/b882b348-we-jpg.webp","datePublished":"2019-10-21T23:28:15+00:00","dateModified":"2019-10-21T23:34:22+00:00","description":"O grupo japon\u00eas SoftBank assumir\u00e1 o controle da WeWork. A informa\u00e7\u00e3o foi noticiada pela emissora norte-americana CNBC. Clique para mais.","breadcrumb":{"@id":"https:\/\/www.suno.com.br\/noticias\/wework-softbank-assumira-controle-empresa\/#breadcrumb"},"inLanguage":"pt-BR","potentialAction":[{"@type":"ReadAction","target":["https:\/\/www.suno.com.br\/noticias\/wework-softbank-assumira-controle-empresa\/"]}]},{"@type":"ImageObject","inLanguage":"pt-BR","@id":"https:\/\/www.suno.com.br\/noticias\/wework-softbank-assumira-controle-empresa\/#primaryimage","url":"https:\/\/files.sunoresearch.com.br\/n\/uploads\/2019\/09\/b882b348-we-jpg.webp","contentUrl":"https:\/\/files.sunoresearch.com.br\/n\/uploads\/2019\/09\/b882b348-we-jpg.webp","width":1536,"height":1024,"caption":"Wework - Foto: Divulga\u00e7\u00e3o"},{"@type":"BreadcrumbList","@id":"https:\/\/www.suno.com.br\/noticias\/wework-softbank-assumira-controle-empresa\/#breadcrumb","itemListElement":[{"@type":"ListItem","position":1,"name":"Not\u00edcias","item":"https:\/\/www.suno.com.br\/noticias\/"},{"@type":"ListItem","position":2,"name":"Neg\u00f3cios","item":"https:\/\/www.suno.com.br\/noticias\/negocios\/"},{"@type":"ListItem","position":3,"name":"WeWork: SoftBank assumir\u00e1 o controle da empresa, afirma jornal"}]},{"@type":"WebSite","@id":"https:\/\/www.suno.com.br\/noticias\/#website","url":"https:\/\/www.suno.com.br\/noticias\/","name":"Suno Not\u00edcias","description":"Seu portal de informa\u00e7\u00e3o sobre o mundo dos investimentos","publisher":{"@id":"https:\/\/www.suno.com.br\/noticias\/#organization"},"potentialAction":[{"@type":"SearchAction","target":{"@type":"EntryPoint","urlTemplate":"https:\/\/www.suno.com.br\/noticias\/?s={search_term_string}"},"query-input":{"@type":"PropertyValueSpecification","valueRequired":true,"valueName":"search_term_string"}}],"inLanguage":"pt-BR"},{"@type":"Organization","@id":"https:\/\/www.suno.com.br\/noticias\/#organization","name":"Suno Not\u00edcias","url":"https:\/\/www.suno.com.br\/noticias\/","logo":{"@type":"ImageObject","inLanguage":"pt-BR","@id":"https:\/\/www.suno.com.br\/noticias\/#\/schema\/logo\/image\/","url":"https:\/\/files.sunoresearch.com.br\/n\/uploads\/2021\/09\/suno-logo.png","contentUrl":"https:\/\/files.sunoresearch.com.br\/n\/uploads\/2021\/09\/suno-logo.png","width":180,"height":180,"caption":"Suno Not\u00edcias"},"image":{"@id":"https:\/\/www.suno.com.br\/noticias\/#\/schema\/logo\/image\/"},"sameAs":["https:\/\/facebook.com\/sunoresearch","https:\/\/x.com\/sunoresearch","https:\/\/www.instagram.com\/suno","https:\/\/www.linkedin.com\/company\/suno-research\/","https:\/\/www.youtube.com\/c\/sunoresearch"]},{"@type":"Person","@id":"https:\/\/www.suno.com.br\/noticias\/#\/schema\/person\/098743caeed97b37f51315c9576c4078","name":"Rafael Lara","image":{"@type":"ImageObject","inLanguage":"pt-BR","@id":"https:\/\/www.suno.com.br\/noticias\/#\/schema\/person\/image\/","url":"https:\/\/secure.gravatar.com\/avatar\/dfc254ab9bb2ea1895d98b9e9dae4bdd?s=96&r=g","contentUrl":"https:\/\/secure.gravatar.com\/avatar\/dfc254ab9bb2ea1895d98b9e9dae4bdd?s=96&r=g","caption":"Rafael Lara"},"description":"Rafael Lara cursa jornalismo na Faculdade C\u00e1sper L\u00edbero. Escreve sobre pol\u00edtica, economia e neg\u00f3cios para o portal Suno Not\u00edcias. Antes, colaborou na TV Gazeta na produ\u00e7\u00e3o do programa Edi\u00e7\u00e3o Extra.","url":"https:\/\/www.suno.com.br\/noticias\/author\/rafael\/"}]}},"default_loop_html":"<div class=\"cardsPage__listCard__boxs\"><div class=\"cardsPage__listCard__boxs__img\"><a href=\"https:\/\/www.suno.com.br\/noticias\/wework-softbank-assumira-controle-empresa\/\"><img class=\"mask\" src=\"https:\/\/www.suno.com.br\/noticias\/wp-content\/themes\/suno\/resources\/images\/spotlight\/spotlight1img\/bg-mask.png\" alt=\"Image Mask\"\/><img src=\"https:\/\/files.sunoresearch.com.br\/n\/uploads\/2019\/09\/b882b348-we-400x200.webp\" alt=\"WeWork: SoftBank assumir\u00e1 o controle da empresa, afirma jornal\"\/><\/a><span class=\"spotlightCategory\"><a href=\"https:\/\/www.suno.com.br\/noticias\/negocios\/\">Neg\u00f3cios<\/a><\/span><\/div><div class=\"cardsPage__listCard__boxs__content\"><a href=\"https:\/\/www.suno.com.br\/noticias\/wework-softbank-assumira-controle-empresa\/\"><h2 class=\"content__title\">WeWork: SoftBank assumir\u00e1 o controle da empresa, afirma jornal<\/h2><\/a><div class=\"newsContent__article__meta\"><div class=\"newsContent__article__meta__authorBox\"><a href=\"https:\/\/www.suno.com.br\/noticias\/author\/rafael\/\" class=\"authorBox__avatar noMobi\"><img src=\"https:\/\/secure.gravatar.com\/avatar\/dfc254ab9bb2ea1895d98b9e9dae4bdd?s=96&#038;r=g\" alt=\"Rafael Lara\"><\/a><div class=\"authorBox__name\"><span>por\n\t\t\t<a href=\"https:\/\/www.suno.com.br\/noticias\/author\/rafael\/\"><span itemprop=\"author\">Rafael Lara<\/span><\/a><\/span><time datetime=\"2019-10-21T21:28:15-03:00\" itemprop=\"datePublished\">21\/10\/2019 21:28<\/time><\/div><\/div><\/div><\/div><\/div>","single_layout":"posts","amp_enabled":true,"_links":{"self":[{"href":"https:\/\/www.suno.com.br\/noticias\/wp-json\/wp\/v2\/posts\/41845"}],"collection":[{"href":"https:\/\/www.suno.com.br\/noticias\/wp-json\/wp\/v2\/posts"}],"about":[{"href":"https:\/\/www.suno.com.br\/noticias\/wp-json\/wp\/v2\/types\/post"}],"author":[{"embeddable":true,"href":"https:\/\/www.suno.com.br\/noticias\/wp-json\/wp\/v2\/users\/23"}],"replies":[{"embeddable":true,"href":"https:\/\/www.suno.com.br\/noticias\/wp-json\/wp\/v2\/comments?post=41845"}],"version-history":[{"count":0,"href":"https:\/\/www.suno.com.br\/noticias\/wp-json\/wp\/v2\/posts\/41845\/revisions"}],"wp:featuredmedia":[{"embeddable":true,"href":"https:\/\/www.suno.com.br\/noticias\/wp-json\/wp\/v2\/media\/37500"}],"wp:attachment":[{"href":"https:\/\/www.suno.com.br\/noticias\/wp-json\/wp\/v2\/media?parent=41845"}],"wp:term":[{"taxonomy":"category","embeddable":true,"href":"https:\/\/www.suno.com.br\/noticias\/wp-json\/wp\/v2\/categories?post=41845"},{"taxonomy":"post_tag","embeddable":true,"href":"https:\/\/www.suno.com.br\/noticias\/wp-json\/wp\/v2\/tags?post=41845"},{"taxonomy":"suno_strategy","embeddable":true,"href":"https:\/\/www.suno.com.br\/noticias\/wp-json\/wp\/v2\/suno_strategy?post=41845"}],"curies":[{"name":"wp","href":"https:\/\/api.w.org\/{rel}","templated":true}]}}