{"id":41828,"date":"2019-10-21T20:32:04","date_gmt":"2019-10-21T22:32:04","guid":{"rendered":"https:\/\/www.suno.com.br\/noticias\/?p=41828"},"modified":"2021-02-17T23:03:56","modified_gmt":"2021-02-18T02:03:56","slug":"balanca-comercial-deficit-us-218-mi-outubro","status":"publish","type":"post","link":"https:\/\/www.suno.com.br\/noticias\/balanca-comercial-deficit-us-218-mi-outubro\/","title":{"rendered":"Balan\u00e7a comercial registra d\u00e9ficit de US$ 218 mi na 3\u00aa semana de outubro"},"content":{"rendered":"<p>A <strong>Secretaria de Com\u00e9rcio Exterior<\/strong> (<strong>Secex<\/strong>) do Minist\u00e9rio da Economia informou, nesta segunda-feira (21), que a <a href=\"https:\/\/www.suno.com.br\/artigos\/balanca-comercial\/\">balan\u00e7a comercial brasileira<\/a> registrou d\u00e9ficit de US$ 218 milh\u00f5es (cerca de R$ 900 milh\u00f5es) na terceira semana de outubro.<\/p>\t<div class=\"wrapper-featured-image\">\n\t\t<figure class=\"spotlightImg\">\n\n\t\t\t<picture>\n\t\t\t\t<source media=\"(max-width: 768px)\" srcset=\"https:\/\/files.sunoresearch.com.br\/n\/uploads\/2018\/12\/91287c7d-super\u00e1vit-400x200.webp\">\n\t\t\t\t<img loading=\"lazy\" decoding=\"async\" class=\"newsContent__article__imgCapa lazyloadDisabled newsContent__article__imgCapa--noCaption\" src=\"https:\/\/files.sunoresearch.com.br\/n\/uploads\/2018\/12\/91287c7d-super\u00e1vit-800x450.webp\" width=\"800\" height=\"450\" alt=\"Balan\u00e7a comercial registra d\u00e9ficit de US$ 218 mi na 3\u00aa semana de outubro\" fetchpriority=high \/>\n\t\t\t<\/picture>\n\n\t\t\t<figcaption class=\"wp-caption-text wp-caption-text--hide\">Balan\u00e7a comercial tem super\u00e1vit de US$ 1,2 bi em outubro<\/figcaption>\n\t\t<\/figure>\n\t<\/div>\n\n\n\n<p>O resultado negativo ocorre quando o valor das <strong>importa\u00e7\u00f5es<\/strong> \u00e9 superior ao das <strong>exporta\u00e7\u00f5es<\/strong>. Dessa forma, o d\u00e9ficit da <strong>balan\u00e7a comercial<\/strong> \u00e9 resultado de US$ 3,798 bilh\u00f5es em vendas externa e US$ 4,015 bilh\u00f5es em produtos importados.<\/p>\n<p>Desde o in\u00edcio de outubro at\u00e9 o \u00faltimo domingo (20), a balan\u00e7a acumula um super\u00e1vit de US$ 507 milh\u00f5es.<\/p>\n<p>Em outubro, o valor m\u00e9dio de exporta\u00e7\u00f5es por dia caiu 8,9% na terceira semana, em compara\u00e7\u00e3o ao montante registrado at\u00e9 a segunda semana. A baixa foi motivada pelos resultados negativos de tr\u00eas categorias de exporta\u00e7\u00e3o. Sendo elas:<\/p>\n<ul>\n<li><strong>Semimanufaturados:<\/strong> queda de 24,3%, de US$ 110,7 milh\u00f5es para US$ 83,8 milh\u00f5es;<\/li>\n<li><strong>Manufaturados:<\/strong> baixa de 15,1%, de US$ 282,1 milh\u00f5es para US$ 239,4 milh\u00f5es;<\/li>\n<li><strong>B\u00e1sicos:<\/strong> queda de 1,1%, de US$ 441,3 milh\u00f5es para US$ 436,3 milh\u00f5es.<\/li>\n<\/ul>\n<p>As importa\u00e7\u00f5es registraram alta de 6,6% na terceira semana, somando US$ 803,1 milh\u00f5es ante US$ 753,5 milh\u00f5es da segunda semana. O resultado \u00e9 explicado pelo crescimento dos gastos com equipamentos mec\u00e2nicos, eletroeletr\u00f4nicos, pl\u00e1sticos e obras, farmac\u00eauticos e cobre.<\/p>\n<h2>Acumulado do ano<\/h2>\n<p>Desde o in\u00edcio deste ano, a <strong>balan\u00e7a comercial<\/strong> registrou um super\u00e1vit de US$ 34,125 bilh\u00f5es. Em compara\u00e7\u00e3o ao mesmo per\u00edodo de 2018, houve baixa de 26,2%, ante os US$ 46,269 bilh\u00f5es registrados nos 10 primeiros meses do ano passado.<\/p>\n\t<p>\n\t\t<a href=\"https:\/\/lp.statusinvest.com.br\/ao\/assessoria-status-invest\/\" target=\"_blank\" data-element=\"shortcode-suno-banner\" title=\"Banner SUNO, clique e saiba mais\">\n\t\t\t<picture>\n\t\t\t\t<source media=\"(max-width: 500px)\" srcset=\"https:\/\/files.sunoresearch.com.br\/n\/uploads\/2024\/03\/400x300-Mobile.png\">\n\t\t\t\t<img class=\"newsContent__article__imgCapa newsContent__article__imgCapa--banner\"\n\t\t\t\t\tsrc=\"https:\/\/files.sunoresearch.com.br\/n\/uploads\/2024\/03\/1420x240-Desktop.png\"\n\t\t\t\t\tdata-promo-id=\"537248\"\t\t\t\t\t\t\t\t\t\twidth='1400' height='240'\t\t\t\t\talt=\"https:\/\/files.sunoresearch.com.br\/n\/uploads\/2024\/03\/1420x240-Desktop.png\"\n\t\t\t\t>\n\t\t\t<\/picture>\n\t\t<\/a>\n\t<\/p>\n\n\n<p>As exporta\u00e7\u00f5es somaram US$ 178,510 bilh\u00f5es, com m\u00e9dia di\u00e1ria de US$ 879 milh\u00f5es. O montante indica queda de 7,5% na compara\u00e7\u00e3o anual.<\/p>\n<p>As importa\u00e7\u00f5es contabilizaram US$ 144,385, com m\u00e9dia di\u00e1ria de US$ 711 milh\u00f5es. Em rela\u00e7\u00e3o ao mesmo per\u00edodo do ano passado, o valor aponta baixa de 1,4%.<\/p>\n<h2>Balan\u00e7a comercial na segunda semana de outubro<\/h2>\n<p>Na segunda semana de outubro, a balan\u00e7a registrou um super\u00e1vit de US$ 444 milh\u00f5es na segunda semana de outubro. O valor \u00e9 resultado de US$ 4,244 bilh\u00f5es em exporta\u00e7\u00f5es e US$ 3,799 bilh\u00f5es em importa\u00e7\u00f5es.<\/p>\n<p><a href=\"https:\/\/www.suno.com.br\/noticias\/balanca-comercial-superavit-semana-outubro\/\">Saiba mais: Balan\u00e7a comercial tem super\u00e1vit de US$ 444 mi na 2\u00aa semana de outubro<\/a><\/p>\n<p>Na segunda semana, a m\u00e9dia de exporta\u00e7\u00f5es atingiu o valor de US$ 848,7 milh\u00f5es, n\u00famero 2,6% superior \u00e0 m\u00e9dia da primeira semana que foi de US$ 827 milh\u00f5es, por conta da eleva\u00e7\u00e3o nas exporta\u00e7\u00f5es de manufaturados, que registraram um aumento de 20,4%.<\/p>\n<p>Em rela\u00e7\u00e3o \u00e0s importa\u00e7\u00f5es, o super\u00e1vit da <strong>balan\u00e7a comercial<\/strong> foi motivado por um crescimento de 1,9% em compara\u00e7\u00e3o \u00e0 segunda semana de outubro do ano passado.<\/p>\n","protected":false},"excerpt":{"rendered":"<p>A Secretaria de Com\u00e9rcio Exterior (Secex) do Minist\u00e9rio da Economia informou, nesta segunda-feira (21), que a balan\u00e7a comercial brasileira registrou d\u00e9ficit de US$ 218 milh\u00f5es (cerca de R$ 900 milh\u00f5es) na terceira semana de outubro. Balan\u00e7a comercial tem super\u00e1vit de US$ 1,2 bi em outubro O resultado negativo ocorre quando o valor das importa\u00e7\u00f5es \u00e9 [&hellip;]<\/p>\n","protected":false},"author":18,"featured_media":8331,"comment_status":"closed","ping_status":"closed","sticky":false,"template":"","format":"standard","meta":[],"categories":[62],"tags":[914,706],"suno_strategy":[],"class_list":["post-41828","post","type-post","status-publish","format-standard","has-post-thumbnail","hentry","category-economia","tag-balanca-comercial","tag-importacoes"],"yoast_head":"<!-- This site is optimized with the Yoast SEO plugin v24.4 - https:\/\/yoast.com\/wordpress\/plugins\/seo\/ -->\n<title>Balan\u00e7a comercial registra d\u00e9ficit de US$ 218 mi na 3\u00aa semana de outubro<\/title>\n<meta name=\"description\" content=\"O Minist\u00e9rio da Economia informou que a balan\u00e7a comercial teve d\u00e9ficit de US$ 218 milh\u00f5es na 3\u00ba semana de outubro. Clique para saber mais.\" \/>\n<meta name=\"robots\" content=\"index, follow, max-snippet:-1, max-image-preview:large, max-video-preview:-1\" \/>\n<link rel=\"canonical\" href=\"https:\/\/www.suno.com.br\/noticias\/balanca-comercial-deficit-us-218-mi-outubro\/\" \/>\n<meta property=\"og:locale\" content=\"pt_BR\" \/>\n<meta property=\"og:type\" content=\"article\" \/>\n<meta property=\"og:title\" content=\"Balan\u00e7a comercial registra d\u00e9ficit de US$ 218 mi na 3\u00aa semana de outubro\" \/>\n<meta property=\"og:description\" content=\"O Minist\u00e9rio da Economia informou que a balan\u00e7a comercial teve d\u00e9ficit de US$ 218 milh\u00f5es na 3\u00ba semana de outubro. Clique para saber mais.\" \/>\n<meta property=\"og:url\" content=\"https:\/\/www.suno.com.br\/noticias\/balanca-comercial-deficit-us-218-mi-outubro\/\" \/>\n<meta property=\"og:site_name\" content=\"Suno Not\u00edcias\" \/>\n<meta property=\"article:publisher\" content=\"https:\/\/facebook.com\/sunoresearch\" \/>\n<meta property=\"og:image\" content=\"https:\/\/files.sunoresearch.com.br\/n\/uploads\/2018\/12\/91287c7d-super\u00e1vit.jpg\" \/>\n\t<meta property=\"og:image:width\" content=\"2126\" \/>\n\t<meta property=\"og:image:height\" content=\"1417\" \/>\n\t<meta property=\"og:image:type\" content=\"image\/jpeg\" \/>\n<meta name=\"author\" content=\"Giovanna Oliveira\" \/>\n<meta name=\"twitter:card\" content=\"summary_large_image\" \/>\n<meta name=\"twitter:creator\" content=\"@sunoresearch\" \/>\n<meta name=\"twitter:site\" content=\"@sunoresearch\" \/>\n<meta name=\"twitter:label1\" content=\"Escrito por\" \/>\n\t<meta name=\"twitter:data1\" content=\"Giovanna Oliveira\" \/>\n\t<meta name=\"twitter:label2\" content=\"Est. tempo de leitura\" \/>\n\t<meta name=\"twitter:data2\" content=\"2 minutos\" \/>\n<script type=\"application\/ld+json\" class=\"yoast-schema-graph\">{\"@context\":\"https:\/\/schema.org\",\"@graph\":[{\"@type\":\"NewsArticle\",\"@id\":\"https:\/\/www.suno.com.br\/noticias\/balanca-comercial-deficit-us-218-mi-outubro\/#article\",\"isPartOf\":{\"@id\":\"https:\/\/www.suno.com.br\/noticias\/balanca-comercial-deficit-us-218-mi-outubro\/\"},\"author\":{\"name\":\"Giovanna Oliveira\",\"@id\":\"https:\/\/www.suno.com.br\/noticias\/#\/schema\/person\/4e19e3d2575736e5283d58eb3199d120\"},\"headline\":\"Balan\u00e7a comercial registra d\u00e9ficit de US$ 218 mi na 3\u00aa semana de outubro\",\"datePublished\":\"2019-10-21T22:32:04+00:00\",\"dateModified\":\"2021-02-18T02:03:56+00:00\",\"mainEntityOfPage\":{\"@id\":\"https:\/\/www.suno.com.br\/noticias\/balanca-comercial-deficit-us-218-mi-outubro\/\"},\"wordCount\":465,\"publisher\":{\"@id\":\"https:\/\/www.suno.com.br\/noticias\/#organization\"},\"image\":{\"@id\":\"https:\/\/www.suno.com.br\/noticias\/balanca-comercial-deficit-us-218-mi-outubro\/#primaryimage\"},\"thumbnailUrl\":\"https:\/\/files.sunoresearch.com.br\/n\/uploads\/2018\/12\/91287c7d-super\u00e1vit-jpg.webp\",\"keywords\":[\"balan\u00e7a comercial\",\"importa\u00e7\u00f5es\"],\"articleSection\":[\"Economia\"],\"inLanguage\":\"pt-BR\"},{\"@type\":\"WebPage\",\"@id\":\"https:\/\/www.suno.com.br\/noticias\/balanca-comercial-deficit-us-218-mi-outubro\/\",\"url\":\"https:\/\/www.suno.com.br\/noticias\/balanca-comercial-deficit-us-218-mi-outubro\/\",\"name\":\"Balan\u00e7a comercial registra d\u00e9ficit de US$ 218 mi na 3\u00aa semana de outubro\",\"isPartOf\":{\"@id\":\"https:\/\/www.suno.com.br\/noticias\/#website\"},\"primaryImageOfPage\":{\"@id\":\"https:\/\/www.suno.com.br\/noticias\/balanca-comercial-deficit-us-218-mi-outubro\/#primaryimage\"},\"image\":{\"@id\":\"https:\/\/www.suno.com.br\/noticias\/balanca-comercial-deficit-us-218-mi-outubro\/#primaryimage\"},\"thumbnailUrl\":\"https:\/\/files.sunoresearch.com.br\/n\/uploads\/2018\/12\/91287c7d-super\u00e1vit-jpg.webp\",\"datePublished\":\"2019-10-21T22:32:04+00:00\",\"dateModified\":\"2021-02-18T02:03:56+00:00\",\"description\":\"O Minist\u00e9rio da Economia informou que a balan\u00e7a comercial teve d\u00e9ficit de US$ 218 milh\u00f5es na 3\u00ba semana de outubro. Clique para saber mais.\",\"breadcrumb\":{\"@id\":\"https:\/\/www.suno.com.br\/noticias\/balanca-comercial-deficit-us-218-mi-outubro\/#breadcrumb\"},\"inLanguage\":\"pt-BR\",\"potentialAction\":[{\"@type\":\"ReadAction\",\"target\":[\"https:\/\/www.suno.com.br\/noticias\/balanca-comercial-deficit-us-218-mi-outubro\/\"]}]},{\"@type\":\"ImageObject\",\"inLanguage\":\"pt-BR\",\"@id\":\"https:\/\/www.suno.com.br\/noticias\/balanca-comercial-deficit-us-218-mi-outubro\/#primaryimage\",\"url\":\"https:\/\/files.sunoresearch.com.br\/n\/uploads\/2018\/12\/91287c7d-super\u00e1vit-jpg.webp\",\"contentUrl\":\"https:\/\/files.sunoresearch.com.br\/n\/uploads\/2018\/12\/91287c7d-super\u00e1vit-jpg.webp\",\"width\":2126,\"height\":1417,\"caption\":\"Balan\u00e7a comercial tem super\u00e1vit de US$ 1,2 bi em outubro\"},{\"@type\":\"BreadcrumbList\",\"@id\":\"https:\/\/www.suno.com.br\/noticias\/balanca-comercial-deficit-us-218-mi-outubro\/#breadcrumb\",\"itemListElement\":[{\"@type\":\"ListItem\",\"position\":1,\"name\":\"Not\u00edcias\",\"item\":\"https:\/\/www.suno.com.br\/noticias\/\"},{\"@type\":\"ListItem\",\"position\":2,\"name\":\"Economia\",\"item\":\"https:\/\/www.suno.com.br\/noticias\/economia\/\"},{\"@type\":\"ListItem\",\"position\":3,\"name\":\"Balan\u00e7a comercial registra d\u00e9ficit de US$ 218 mi na 3\u00aa semana de outubro\"}]},{\"@type\":\"WebSite\",\"@id\":\"https:\/\/www.suno.com.br\/noticias\/#website\",\"url\":\"https:\/\/www.suno.com.br\/noticias\/\",\"name\":\"Suno Not\u00edcias\",\"description\":\"Seu portal de informa\u00e7\u00e3o sobre o mundo dos investimentos\",\"publisher\":{\"@id\":\"https:\/\/www.suno.com.br\/noticias\/#organization\"},\"potentialAction\":[{\"@type\":\"SearchAction\",\"target\":{\"@type\":\"EntryPoint\",\"urlTemplate\":\"https:\/\/www.suno.com.br\/noticias\/?s={search_term_string}\"},\"query-input\":{\"@type\":\"PropertyValueSpecification\",\"valueRequired\":true,\"valueName\":\"search_term_string\"}}],\"inLanguage\":\"pt-BR\"},{\"@type\":\"Organization\",\"@id\":\"https:\/\/www.suno.com.br\/noticias\/#organization\",\"name\":\"Suno Not\u00edcias\",\"url\":\"https:\/\/www.suno.com.br\/noticias\/\",\"logo\":{\"@type\":\"ImageObject\",\"inLanguage\":\"pt-BR\",\"@id\":\"https:\/\/www.suno.com.br\/noticias\/#\/schema\/logo\/image\/\",\"url\":\"https:\/\/files.sunoresearch.com.br\/n\/uploads\/2021\/09\/suno-logo.png\",\"contentUrl\":\"https:\/\/files.sunoresearch.com.br\/n\/uploads\/2021\/09\/suno-logo.png\",\"width\":180,\"height\":180,\"caption\":\"Suno Not\u00edcias\"},\"image\":{\"@id\":\"https:\/\/www.suno.com.br\/noticias\/#\/schema\/logo\/image\/\"},\"sameAs\":[\"https:\/\/facebook.com\/sunoresearch\",\"https:\/\/x.com\/sunoresearch\",\"https:\/\/www.instagram.com\/suno\",\"https:\/\/www.linkedin.com\/company\/suno-research\/\",\"https:\/\/www.youtube.com\/c\/sunoresearch\"]},{\"@type\":\"Person\",\"@id\":\"https:\/\/www.suno.com.br\/noticias\/#\/schema\/person\/4e19e3d2575736e5283d58eb3199d120\",\"name\":\"Giovanna Oliveira\",\"image\":{\"@type\":\"ImageObject\",\"inLanguage\":\"pt-BR\",\"@id\":\"https:\/\/www.suno.com.br\/noticias\/#\/schema\/person\/image\/\",\"url\":\"https:\/\/secure.gravatar.com\/avatar\/9a37b3ae208962ac568992d0ffdbc2eb?s=96&r=g\",\"contentUrl\":\"https:\/\/secure.gravatar.com\/avatar\/9a37b3ae208962ac568992d0ffdbc2eb?s=96&r=g\",\"caption\":\"Giovanna Oliveira\"},\"description\":\"Giovanna Oliveira escreve sobre economia e pol\u00edtica. Foi rep\u00f3rter do portal de jornalismo da ESPM-SP e produziu conte\u00fado para a Corinthians TV. \u00c9 estudante da ESPM.\",\"url\":\"https:\/\/www.suno.com.br\/noticias\/author\/giovanna\/\"}]}<\/script>\n<!-- \/ Yoast SEO plugin. -->","yoast_head_json":{"title":"Balan\u00e7a comercial registra d\u00e9ficit de US$ 218 mi na 3\u00aa semana de outubro","description":"O Minist\u00e9rio da Economia informou que a balan\u00e7a comercial teve d\u00e9ficit de US$ 218 milh\u00f5es na 3\u00ba semana de outubro. Clique para saber mais.","robots":{"index":"index","follow":"follow","max-snippet":"max-snippet:-1","max-image-preview":"max-image-preview:large","max-video-preview":"max-video-preview:-1"},"canonical":"https:\/\/www.suno.com.br\/noticias\/balanca-comercial-deficit-us-218-mi-outubro\/","og_locale":"pt_BR","og_type":"article","og_title":"Balan\u00e7a comercial registra d\u00e9ficit de US$ 218 mi na 3\u00aa semana de outubro","og_description":"O Minist\u00e9rio da Economia informou que a balan\u00e7a comercial teve d\u00e9ficit de US$ 218 milh\u00f5es na 3\u00ba semana de outubro. Clique para saber mais.","og_url":"https:\/\/www.suno.com.br\/noticias\/balanca-comercial-deficit-us-218-mi-outubro\/","og_site_name":"Suno Not\u00edcias","article_publisher":"https:\/\/facebook.com\/sunoresearch","og_image":[{"width":2126,"height":1417,"url":"https:\/\/files.sunoresearch.com.br\/n\/uploads\/2018\/12\/91287c7d-super\u00e1vit.jpg","type":"image\/jpeg"}],"author":"Giovanna Oliveira","twitter_card":"summary_large_image","twitter_creator":"@sunoresearch","twitter_site":"@sunoresearch","twitter_misc":{"Escrito por":"Giovanna Oliveira","Est. tempo de leitura":"2 minutos"},"schema":{"@context":"https:\/\/schema.org","@graph":[{"@type":"NewsArticle","@id":"https:\/\/www.suno.com.br\/noticias\/balanca-comercial-deficit-us-218-mi-outubro\/#article","isPartOf":{"@id":"https:\/\/www.suno.com.br\/noticias\/balanca-comercial-deficit-us-218-mi-outubro\/"},"author":{"name":"Giovanna Oliveira","@id":"https:\/\/www.suno.com.br\/noticias\/#\/schema\/person\/4e19e3d2575736e5283d58eb3199d120"},"headline":"Balan\u00e7a comercial registra d\u00e9ficit de US$ 218 mi na 3\u00aa semana de outubro","datePublished":"2019-10-21T22:32:04+00:00","dateModified":"2021-02-18T02:03:56+00:00","mainEntityOfPage":{"@id":"https:\/\/www.suno.com.br\/noticias\/balanca-comercial-deficit-us-218-mi-outubro\/"},"wordCount":465,"publisher":{"@id":"https:\/\/www.suno.com.br\/noticias\/#organization"},"image":{"@id":"https:\/\/www.suno.com.br\/noticias\/balanca-comercial-deficit-us-218-mi-outubro\/#primaryimage"},"thumbnailUrl":"https:\/\/files.sunoresearch.com.br\/n\/uploads\/2018\/12\/91287c7d-super\u00e1vit-jpg.webp","keywords":["balan\u00e7a comercial","importa\u00e7\u00f5es"],"articleSection":["Economia"],"inLanguage":"pt-BR"},{"@type":"WebPage","@id":"https:\/\/www.suno.com.br\/noticias\/balanca-comercial-deficit-us-218-mi-outubro\/","url":"https:\/\/www.suno.com.br\/noticias\/balanca-comercial-deficit-us-218-mi-outubro\/","name":"Balan\u00e7a comercial registra d\u00e9ficit de US$ 218 mi na 3\u00aa semana de outubro","isPartOf":{"@id":"https:\/\/www.suno.com.br\/noticias\/#website"},"primaryImageOfPage":{"@id":"https:\/\/www.suno.com.br\/noticias\/balanca-comercial-deficit-us-218-mi-outubro\/#primaryimage"},"image":{"@id":"https:\/\/www.suno.com.br\/noticias\/balanca-comercial-deficit-us-218-mi-outubro\/#primaryimage"},"thumbnailUrl":"https:\/\/files.sunoresearch.com.br\/n\/uploads\/2018\/12\/91287c7d-super\u00e1vit-jpg.webp","datePublished":"2019-10-21T22:32:04+00:00","dateModified":"2021-02-18T02:03:56+00:00","description":"O Minist\u00e9rio da Economia informou que a balan\u00e7a comercial teve d\u00e9ficit de US$ 218 milh\u00f5es na 3\u00ba semana de outubro. Clique para saber mais.","breadcrumb":{"@id":"https:\/\/www.suno.com.br\/noticias\/balanca-comercial-deficit-us-218-mi-outubro\/#breadcrumb"},"inLanguage":"pt-BR","potentialAction":[{"@type":"ReadAction","target":["https:\/\/www.suno.com.br\/noticias\/balanca-comercial-deficit-us-218-mi-outubro\/"]}]},{"@type":"ImageObject","inLanguage":"pt-BR","@id":"https:\/\/www.suno.com.br\/noticias\/balanca-comercial-deficit-us-218-mi-outubro\/#primaryimage","url":"https:\/\/files.sunoresearch.com.br\/n\/uploads\/2018\/12\/91287c7d-super\u00e1vit-jpg.webp","contentUrl":"https:\/\/files.sunoresearch.com.br\/n\/uploads\/2018\/12\/91287c7d-super\u00e1vit-jpg.webp","width":2126,"height":1417,"caption":"Balan\u00e7a comercial tem super\u00e1vit de US$ 1,2 bi em outubro"},{"@type":"BreadcrumbList","@id":"https:\/\/www.suno.com.br\/noticias\/balanca-comercial-deficit-us-218-mi-outubro\/#breadcrumb","itemListElement":[{"@type":"ListItem","position":1,"name":"Not\u00edcias","item":"https:\/\/www.suno.com.br\/noticias\/"},{"@type":"ListItem","position":2,"name":"Economia","item":"https:\/\/www.suno.com.br\/noticias\/economia\/"},{"@type":"ListItem","position":3,"name":"Balan\u00e7a comercial registra d\u00e9ficit de US$ 218 mi na 3\u00aa semana de outubro"}]},{"@type":"WebSite","@id":"https:\/\/www.suno.com.br\/noticias\/#website","url":"https:\/\/www.suno.com.br\/noticias\/","name":"Suno Not\u00edcias","description":"Seu portal de informa\u00e7\u00e3o sobre o mundo dos investimentos","publisher":{"@id":"https:\/\/www.suno.com.br\/noticias\/#organization"},"potentialAction":[{"@type":"SearchAction","target":{"@type":"EntryPoint","urlTemplate":"https:\/\/www.suno.com.br\/noticias\/?s={search_term_string}"},"query-input":{"@type":"PropertyValueSpecification","valueRequired":true,"valueName":"search_term_string"}}],"inLanguage":"pt-BR"},{"@type":"Organization","@id":"https:\/\/www.suno.com.br\/noticias\/#organization","name":"Suno Not\u00edcias","url":"https:\/\/www.suno.com.br\/noticias\/","logo":{"@type":"ImageObject","inLanguage":"pt-BR","@id":"https:\/\/www.suno.com.br\/noticias\/#\/schema\/logo\/image\/","url":"https:\/\/files.sunoresearch.com.br\/n\/uploads\/2021\/09\/suno-logo.png","contentUrl":"https:\/\/files.sunoresearch.com.br\/n\/uploads\/2021\/09\/suno-logo.png","width":180,"height":180,"caption":"Suno Not\u00edcias"},"image":{"@id":"https:\/\/www.suno.com.br\/noticias\/#\/schema\/logo\/image\/"},"sameAs":["https:\/\/facebook.com\/sunoresearch","https:\/\/x.com\/sunoresearch","https:\/\/www.instagram.com\/suno","https:\/\/www.linkedin.com\/company\/suno-research\/","https:\/\/www.youtube.com\/c\/sunoresearch"]},{"@type":"Person","@id":"https:\/\/www.suno.com.br\/noticias\/#\/schema\/person\/4e19e3d2575736e5283d58eb3199d120","name":"Giovanna Oliveira","image":{"@type":"ImageObject","inLanguage":"pt-BR","@id":"https:\/\/www.suno.com.br\/noticias\/#\/schema\/person\/image\/","url":"https:\/\/secure.gravatar.com\/avatar\/9a37b3ae208962ac568992d0ffdbc2eb?s=96&r=g","contentUrl":"https:\/\/secure.gravatar.com\/avatar\/9a37b3ae208962ac568992d0ffdbc2eb?s=96&r=g","caption":"Giovanna Oliveira"},"description":"Giovanna Oliveira escreve sobre economia e pol\u00edtica. Foi rep\u00f3rter do portal de jornalismo da ESPM-SP e produziu conte\u00fado para a Corinthians TV. \u00c9 estudante da ESPM.","url":"https:\/\/www.suno.com.br\/noticias\/author\/giovanna\/"}]}},"default_loop_html":"<div class=\"cardsPage__listCard__boxs\"><div class=\"cardsPage__listCard__boxs__img\"><a href=\"https:\/\/www.suno.com.br\/noticias\/balanca-comercial-deficit-us-218-mi-outubro\/\"><img class=\"mask\" src=\"https:\/\/www.suno.com.br\/noticias\/wp-content\/themes\/suno\/resources\/images\/spotlight\/spotlight1img\/bg-mask.png\" alt=\"Image Mask\"\/><img src=\"https:\/\/files.sunoresearch.com.br\/n\/uploads\/2018\/12\/91287c7d-super\u00e1vit-400x200.webp\" alt=\"Balan\u00e7a comercial registra d\u00e9ficit de US$ 218 mi na 3\u00aa semana de outubro\"\/><\/a><span class=\"spotlightCategory\"><a href=\"https:\/\/www.suno.com.br\/noticias\/economia\/\">Economia<\/a><\/span><\/div><div class=\"cardsPage__listCard__boxs__content\"><a href=\"https:\/\/www.suno.com.br\/noticias\/balanca-comercial-deficit-us-218-mi-outubro\/\"><h2 class=\"content__title\">Balan\u00e7a comercial registra d\u00e9ficit de US$ 218 mi na 3\u00aa semana de outubro<\/h2><\/a><div class=\"newsContent__article__meta\"><div class=\"newsContent__article__meta__authorBox\"><a href=\"https:\/\/www.suno.com.br\/noticias\/author\/giovanna\/\" class=\"authorBox__avatar noMobi\"><img src=\"https:\/\/files.sunoresearch.com.br\/n\/uploads\/2019\/06\/952a89ca-screenshot_20190608-171507-150x150.webp\" alt=\"Giovanna Oliveira\"><\/a><div class=\"authorBox__name\"><span>por\n\t\t\t<a href=\"https:\/\/www.suno.com.br\/noticias\/author\/giovanna\/\"><span itemprop=\"author\">Giovanna Oliveira<\/span><\/a><\/span><time datetime=\"2019-10-21T20:32:04-03:00\" itemprop=\"datePublished\">21\/10\/2019 20:32<\/time><\/div><\/div><\/div><\/div><\/div>","single_layout":"posts","amp_enabled":true,"_links":{"self":[{"href":"https:\/\/www.suno.com.br\/noticias\/wp-json\/wp\/v2\/posts\/41828"}],"collection":[{"href":"https:\/\/www.suno.com.br\/noticias\/wp-json\/wp\/v2\/posts"}],"about":[{"href":"https:\/\/www.suno.com.br\/noticias\/wp-json\/wp\/v2\/types\/post"}],"author":[{"embeddable":true,"href":"https:\/\/www.suno.com.br\/noticias\/wp-json\/wp\/v2\/users\/18"}],"replies":[{"embeddable":true,"href":"https:\/\/www.suno.com.br\/noticias\/wp-json\/wp\/v2\/comments?post=41828"}],"version-history":[{"count":0,"href":"https:\/\/www.suno.com.br\/noticias\/wp-json\/wp\/v2\/posts\/41828\/revisions"}],"wp:featuredmedia":[{"embeddable":true,"href":"https:\/\/www.suno.com.br\/noticias\/wp-json\/wp\/v2\/media\/8331"}],"wp:attachment":[{"href":"https:\/\/www.suno.com.br\/noticias\/wp-json\/wp\/v2\/media?parent=41828"}],"wp:term":[{"taxonomy":"category","embeddable":true,"href":"https:\/\/www.suno.com.br\/noticias\/wp-json\/wp\/v2\/categories?post=41828"},{"taxonomy":"post_tag","embeddable":true,"href":"https:\/\/www.suno.com.br\/noticias\/wp-json\/wp\/v2\/tags?post=41828"},{"taxonomy":"suno_strategy","embeddable":true,"href":"https:\/\/www.suno.com.br\/noticias\/wp-json\/wp\/v2\/suno_strategy?post=41828"}],"curies":[{"name":"wp","href":"https:\/\/api.w.org\/{rel}","templated":true}]}}