{"id":41824,"date":"2019-10-21T17:27:40","date_gmt":"2019-10-21T19:27:40","guid":{"rendered":"https:\/\/www.suno.com.br\/noticias\/?p=41824"},"modified":"2019-10-21T21:38:33","modified_gmt":"2019-10-21T23:38:33","slug":"fgts-caixa-saques-nao-correntistas-2019","status":"publish","type":"post","link":"https:\/\/www.suno.com.br\/noticias\/fgts-caixa-saques-nao-correntistas-2019\/","title":{"rendered":"FGTS: Caixa antecipa todos os saques de n\u00e3o correntistas para 2019"},"content":{"rendered":"<p>A <a href=\"http:\/\/www.caixa.gov.br\/beneficios-trabalhador\/fgts\/Paginas\/default.aspx\"><strong>Caixa Econ\u00f4mica Federal<\/strong> <\/a>informou, nesta segunda-feira (21), que antecipou o calend\u00e1rio de saques de at\u00e9 R$ 500 do <a href=\"https:\/\/www.suno.com.br\/artigos\/fgts\/\">Fundo de Garantia do Tempo de Servi\u00e7o (FGTS)<\/a> para os n\u00e3o correntistas do banco.<\/p>\t<div class=\"wrapper-featured-image\">\n\t\t<figure class=\"spotlightImg\">\n\n\t\t\t<picture>\n\t\t\t\t<source media=\"(max-width: 768px)\" srcset=\"https:\/\/files.sunoresearch.com.br\/n\/uploads\/2019\/06\/01e12ce0-caixa-400x200.webp\">\n\t\t\t\t<img loading=\"lazy\" decoding=\"async\" class=\"newsContent__article__imgCapa lazyloadDisabled newsContent__article__imgCapa--noCaption\" src=\"https:\/\/files.sunoresearch.com.br\/n\/uploads\/2019\/06\/01e12ce0-caixa-800x450.webp\" width=\"800\" height=\"450\" alt=\"FGTS: Caixa antecipa todos os saques de n\u00e3o correntistas para 2019\" fetchpriority=high \/>\n\t\t\t<\/picture>\n\n\t\t\t<figcaption class=\"wp-caption-text wp-caption-text--hide\">Coronavoucher: 721 mil benefici\u00e1rios come\u00e7ar\u00e3o a receber amanh\u00e3<\/figcaption>\n\t\t<\/figure>\n\t<\/div>\n\n\n\n<p>Com isso, todos os trabalhadores poder\u00e3o sacar os recursos ainda em 2019. Anteriormente, o calend\u00e1rio do <strong>FGTS<\/strong> previa que as pessoas nascidas de julho a dezembro s\u00f3 realizariam os saques em 2020.<\/p>\n<p>Na \u00faltima sexta-feira (18), foi liberado o saque de at\u00e9 R$ 500 para os n\u00e3o correntistas da <strong>Caixa<\/strong> nascidos em janeiro.<\/p>\n<p>No geral, os trabalhadores que n\u00e3o t\u00eam conta no banco totalizam 62,5 milh\u00f5es de pessoas. Os saques, ao todo, poder\u00e3o chegar a R$ 25 bilh\u00f5es.<\/p>\n<p>Lembrando que, o <strong>saque imediato<\/strong> de no m\u00e1ximo R$ 500 n\u00e3o tem rela\u00e7\u00e3o com o <strong>saque-anivers\u00e1rio,<\/strong> que s\u00f3 ser\u00e1 pago em abril de 2020.<\/p>\n<p>Confira o novo calend\u00e1rio para o saque dos n\u00e3o correntistas da <strong>Caixa:<\/strong><\/p>\n<ul>\n<li>nascidos em <strong>janeiro:<\/strong> a partir de 18\/10\/2019;<\/li>\n<li>nascidos em <strong>fevereiro<\/strong> e <strong>mar\u00e7o:<\/strong> a partir de 25\/10\/2019;<\/li>\n<li>nascidos em <strong>abril<\/strong> e <strong>maio:<\/strong> a partir de 08\/11\/2019;<\/li>\n<li>nascidos em <strong>junho<\/strong> e <strong>julho:<\/strong> a partir de 22\/11\/2019;<\/li>\n<li>nascidos em <strong>agosto:<\/strong> a partir de 29\/11\/2019;<\/li>\n<li>nascidos em <strong>setembro<\/strong> e <strong>outubro:<\/strong> a partir de 6\/12\/2019;<\/li>\n<li>nascidos em <strong>novembro<\/strong> e <strong>dezembro:<\/strong> a partir de 18\/12\/2019.<\/li>\n<\/ul>\n<h2>Novos hor\u00e1rios das ag\u00eancias para o saque do FGTS<\/h2>\n<p>Na \u00faltima sexta (18), a Caixa liberou os saques de at\u00e9 R$ 500 do <strong>FGTS<\/strong> para n\u00e3o correntistas do banco.<\/p>\n<p><a href=\"https:\/\/www.suno.com.br\/noticias\/saques-fgts-para-nao-correntistas-comecam-hoje\/\">Saiba mais:\u00a0Saques do FGTS para n\u00e3o correntistas da Caixa come\u00e7am nesta sexta\u00a0<\/a><\/p>\n<p>O banco ampliou o hor\u00e1rio de 2.302 ag\u00eancias na \u00faltima sexta (18), nesta segunda e na pr\u00f3xima ter\u00e7a (22). Al\u00e9m disso, as ag\u00eancias abriram no pr\u00f3ximo s\u00e1bado (19), para concluir os pagamentos, ajudar com as d\u00favidas pertinentes, promover acertos de cadastro, al\u00e9m de emitir a senha do <strong>Cart\u00e3o Cidad\u00e3o.<\/strong><\/p>\n<p>Confira o cronograma da <strong>Caixa<\/strong> para os dias:<\/p>\n<ul>\n<li>As ag\u00eancias que abrem \u00e0s 8h estender\u00e3o o hor\u00e1rio de funcionamento em duas horas;<\/li>\n<li>As ag\u00eancias que abrem \u00e0s 9h abrir\u00e3o \u00e0s 8h, al\u00e9m de estenderem o hor\u00e1rio de funcionamento em uma hora;<\/li>\n<li>As ag\u00eancias que abrem \u00e0s 10h abrir\u00e3o \u00e0s 8h;<\/li>\n<li>As ag\u00eancias que abrem \u00e0s 11h abrir\u00e3o \u00e0s 9h;<\/li>\n<li>No s\u00e1bado, as ag\u00eancias funcionaram das 9h \u00e0s 15h.<\/li>\n<\/ul>\n<p>A libera\u00e7\u00e3o inclui contas vinculadas do <strong>FGTS<\/strong> que ainda est\u00e3o recebendo dep\u00f3sitos do empregador vigente e tamb\u00e9m dos antigos empregos, as contas inativas.<\/p>\n","protected":false},"excerpt":{"rendered":"<p>A Caixa Econ\u00f4mica Federal informou, nesta segunda-feira (21), que antecipou o calend\u00e1rio de saques de at\u00e9 R$ 500 do Fundo de Garantia do Tempo de Servi\u00e7o (FGTS) para os n\u00e3o correntistas do banco. Coronavoucher: 721 mil benefici\u00e1rios come\u00e7ar\u00e3o a receber amanh\u00e3 Com isso, todos os trabalhadores poder\u00e3o sacar os recursos ainda em 2019. Anteriormente, o [&hellip;]<\/p>\n","protected":false},"author":23,"featured_media":28842,"comment_status":"closed","ping_status":"closed","sticky":false,"template":"","format":"standard","meta":[],"categories":[62],"tags":[1199,910],"suno_strategy":[],"class_list":["post-41824","post","type-post","status-publish","format-standard","has-post-thumbnail","hentry","category-economia","tag-caixa-economica-federal-cef","tag-fgts"],"yoast_head":"<!-- This site is optimized with the Yoast SEO plugin v24.4 - https:\/\/yoast.com\/wordpress\/plugins\/seo\/ -->\n<title>FGTS: Caixa antecipa todos os saques de n\u00e3o correntistas para 2019<\/title>\n<meta name=\"description\" content=\"A Caixa informou que antecipou o calend\u00e1rio de saques de at\u00e9 R$ 500 do FGTS para os n\u00e3o correntistas do banco. Clique para mais.\" \/>\n<meta name=\"robots\" content=\"index, follow, max-snippet:-1, max-image-preview:large, max-video-preview:-1\" \/>\n<link rel=\"canonical\" href=\"https:\/\/www.suno.com.br\/noticias\/fgts-caixa-saques-nao-correntistas-2019\/\" \/>\n<meta property=\"og:locale\" content=\"pt_BR\" \/>\n<meta property=\"og:type\" content=\"article\" \/>\n<meta property=\"og:title\" content=\"FGTS: Caixa antecipa todos os saques de n\u00e3o correntistas para 2019\" \/>\n<meta property=\"og:description\" content=\"A Caixa informou que antecipou o calend\u00e1rio de saques de at\u00e9 R$ 500 do FGTS para os n\u00e3o correntistas do banco. Clique para mais.\" \/>\n<meta property=\"og:url\" content=\"https:\/\/www.suno.com.br\/noticias\/fgts-caixa-saques-nao-correntistas-2019\/\" \/>\n<meta property=\"og:site_name\" content=\"Suno Not\u00edcias\" \/>\n<meta property=\"article:publisher\" content=\"https:\/\/facebook.com\/sunoresearch\" \/>\n<meta property=\"og:image\" content=\"https:\/\/files.sunoresearch.com.br\/n\/uploads\/2019\/06\/01e12ce0-caixa.jpeg\" \/>\n\t<meta property=\"og:image:width\" content=\"1000\" \/>\n\t<meta property=\"og:image:height\" content=\"585\" \/>\n\t<meta property=\"og:image:type\" content=\"image\/jpeg\" \/>\n<meta name=\"author\" content=\"Rafael Lara\" \/>\n<meta name=\"twitter:card\" content=\"summary_large_image\" \/>\n<meta name=\"twitter:creator\" content=\"@sunoresearch\" \/>\n<meta name=\"twitter:site\" content=\"@sunoresearch\" \/>\n<meta name=\"twitter:label1\" content=\"Escrito por\" \/>\n\t<meta name=\"twitter:data1\" content=\"Rafael Lara\" \/>\n\t<meta name=\"twitter:label2\" content=\"Est. tempo de leitura\" \/>\n\t<meta name=\"twitter:data2\" content=\"2 minutos\" \/>\n<script type=\"application\/ld+json\" class=\"yoast-schema-graph\">{\"@context\":\"https:\/\/schema.org\",\"@graph\":[{\"@type\":\"NewsArticle\",\"@id\":\"https:\/\/www.suno.com.br\/noticias\/fgts-caixa-saques-nao-correntistas-2019\/#article\",\"isPartOf\":{\"@id\":\"https:\/\/www.suno.com.br\/noticias\/fgts-caixa-saques-nao-correntistas-2019\/\"},\"author\":{\"name\":\"Rafael Lara\",\"@id\":\"https:\/\/www.suno.com.br\/noticias\/#\/schema\/person\/098743caeed97b37f51315c9576c4078\"},\"headline\":\"FGTS: Caixa antecipa todos os saques de n\u00e3o correntistas para 2019\",\"datePublished\":\"2019-10-21T19:27:40+00:00\",\"dateModified\":\"2019-10-21T23:38:33+00:00\",\"mainEntityOfPage\":{\"@id\":\"https:\/\/www.suno.com.br\/noticias\/fgts-caixa-saques-nao-correntistas-2019\/\"},\"wordCount\":431,\"publisher\":{\"@id\":\"https:\/\/www.suno.com.br\/noticias\/#organization\"},\"image\":{\"@id\":\"https:\/\/www.suno.com.br\/noticias\/fgts-caixa-saques-nao-correntistas-2019\/#primaryimage\"},\"thumbnailUrl\":\"https:\/\/files.sunoresearch.com.br\/n\/uploads\/2019\/06\/01e12ce0-caixa-jpeg.webp\",\"keywords\":[\"Caixa Econ\u00f4mica Federal (CEF)\",\"FGTS\"],\"articleSection\":[\"Economia\"],\"inLanguage\":\"pt-BR\"},{\"@type\":\"WebPage\",\"@id\":\"https:\/\/www.suno.com.br\/noticias\/fgts-caixa-saques-nao-correntistas-2019\/\",\"url\":\"https:\/\/www.suno.com.br\/noticias\/fgts-caixa-saques-nao-correntistas-2019\/\",\"name\":\"FGTS: Caixa antecipa todos os saques de n\u00e3o correntistas para 2019\",\"isPartOf\":{\"@id\":\"https:\/\/www.suno.com.br\/noticias\/#website\"},\"primaryImageOfPage\":{\"@id\":\"https:\/\/www.suno.com.br\/noticias\/fgts-caixa-saques-nao-correntistas-2019\/#primaryimage\"},\"image\":{\"@id\":\"https:\/\/www.suno.com.br\/noticias\/fgts-caixa-saques-nao-correntistas-2019\/#primaryimage\"},\"thumbnailUrl\":\"https:\/\/files.sunoresearch.com.br\/n\/uploads\/2019\/06\/01e12ce0-caixa-jpeg.webp\",\"datePublished\":\"2019-10-21T19:27:40+00:00\",\"dateModified\":\"2019-10-21T23:38:33+00:00\",\"description\":\"A Caixa informou que antecipou o calend\u00e1rio de saques de at\u00e9 R$ 500 do FGTS para os n\u00e3o correntistas do banco. Clique para mais.\",\"breadcrumb\":{\"@id\":\"https:\/\/www.suno.com.br\/noticias\/fgts-caixa-saques-nao-correntistas-2019\/#breadcrumb\"},\"inLanguage\":\"pt-BR\",\"potentialAction\":[{\"@type\":\"ReadAction\",\"target\":[\"https:\/\/www.suno.com.br\/noticias\/fgts-caixa-saques-nao-correntistas-2019\/\"]}]},{\"@type\":\"ImageObject\",\"inLanguage\":\"pt-BR\",\"@id\":\"https:\/\/www.suno.com.br\/noticias\/fgts-caixa-saques-nao-correntistas-2019\/#primaryimage\",\"url\":\"https:\/\/files.sunoresearch.com.br\/n\/uploads\/2019\/06\/01e12ce0-caixa-jpeg.webp\",\"contentUrl\":\"https:\/\/files.sunoresearch.com.br\/n\/uploads\/2019\/06\/01e12ce0-caixa-jpeg.webp\",\"width\":1000,\"height\":585,\"caption\":\"Coronavoucher: 721 mil benefici\u00e1rios come\u00e7ar\u00e3o a receber amanh\u00e3\"},{\"@type\":\"BreadcrumbList\",\"@id\":\"https:\/\/www.suno.com.br\/noticias\/fgts-caixa-saques-nao-correntistas-2019\/#breadcrumb\",\"itemListElement\":[{\"@type\":\"ListItem\",\"position\":1,\"name\":\"Not\u00edcias\",\"item\":\"https:\/\/www.suno.com.br\/noticias\/\"},{\"@type\":\"ListItem\",\"position\":2,\"name\":\"Economia\",\"item\":\"https:\/\/www.suno.com.br\/noticias\/economia\/\"},{\"@type\":\"ListItem\",\"position\":3,\"name\":\"FGTS: Caixa antecipa todos os saques de n\u00e3o correntistas para 2019\"}]},{\"@type\":\"WebSite\",\"@id\":\"https:\/\/www.suno.com.br\/noticias\/#website\",\"url\":\"https:\/\/www.suno.com.br\/noticias\/\",\"name\":\"Suno Not\u00edcias\",\"description\":\"Seu portal de informa\u00e7\u00e3o sobre o mundo dos investimentos\",\"publisher\":{\"@id\":\"https:\/\/www.suno.com.br\/noticias\/#organization\"},\"potentialAction\":[{\"@type\":\"SearchAction\",\"target\":{\"@type\":\"EntryPoint\",\"urlTemplate\":\"https:\/\/www.suno.com.br\/noticias\/?s={search_term_string}\"},\"query-input\":{\"@type\":\"PropertyValueSpecification\",\"valueRequired\":true,\"valueName\":\"search_term_string\"}}],\"inLanguage\":\"pt-BR\"},{\"@type\":\"Organization\",\"@id\":\"https:\/\/www.suno.com.br\/noticias\/#organization\",\"name\":\"Suno Not\u00edcias\",\"url\":\"https:\/\/www.suno.com.br\/noticias\/\",\"logo\":{\"@type\":\"ImageObject\",\"inLanguage\":\"pt-BR\",\"@id\":\"https:\/\/www.suno.com.br\/noticias\/#\/schema\/logo\/image\/\",\"url\":\"https:\/\/files.sunoresearch.com.br\/n\/uploads\/2021\/09\/suno-logo.png\",\"contentUrl\":\"https:\/\/files.sunoresearch.com.br\/n\/uploads\/2021\/09\/suno-logo.png\",\"width\":180,\"height\":180,\"caption\":\"Suno Not\u00edcias\"},\"image\":{\"@id\":\"https:\/\/www.suno.com.br\/noticias\/#\/schema\/logo\/image\/\"},\"sameAs\":[\"https:\/\/facebook.com\/sunoresearch\",\"https:\/\/x.com\/sunoresearch\",\"https:\/\/www.instagram.com\/suno\",\"https:\/\/www.linkedin.com\/company\/suno-research\/\",\"https:\/\/www.youtube.com\/c\/sunoresearch\"]},{\"@type\":\"Person\",\"@id\":\"https:\/\/www.suno.com.br\/noticias\/#\/schema\/person\/098743caeed97b37f51315c9576c4078\",\"name\":\"Rafael Lara\",\"image\":{\"@type\":\"ImageObject\",\"inLanguage\":\"pt-BR\",\"@id\":\"https:\/\/www.suno.com.br\/noticias\/#\/schema\/person\/image\/\",\"url\":\"https:\/\/secure.gravatar.com\/avatar\/dfc254ab9bb2ea1895d98b9e9dae4bdd?s=96&r=g\",\"contentUrl\":\"https:\/\/secure.gravatar.com\/avatar\/dfc254ab9bb2ea1895d98b9e9dae4bdd?s=96&r=g\",\"caption\":\"Rafael Lara\"},\"description\":\"Rafael Lara cursa jornalismo na Faculdade C\u00e1sper L\u00edbero. Escreve sobre pol\u00edtica, economia e neg\u00f3cios para o portal Suno Not\u00edcias. Antes, colaborou na TV Gazeta na produ\u00e7\u00e3o do programa Edi\u00e7\u00e3o Extra.\",\"url\":\"https:\/\/www.suno.com.br\/noticias\/author\/rafael\/\"}]}<\/script>\n<!-- \/ Yoast SEO plugin. -->","yoast_head_json":{"title":"FGTS: Caixa antecipa todos os saques de n\u00e3o correntistas para 2019","description":"A Caixa informou que antecipou o calend\u00e1rio de saques de at\u00e9 R$ 500 do FGTS para os n\u00e3o correntistas do banco. Clique para mais.","robots":{"index":"index","follow":"follow","max-snippet":"max-snippet:-1","max-image-preview":"max-image-preview:large","max-video-preview":"max-video-preview:-1"},"canonical":"https:\/\/www.suno.com.br\/noticias\/fgts-caixa-saques-nao-correntistas-2019\/","og_locale":"pt_BR","og_type":"article","og_title":"FGTS: Caixa antecipa todos os saques de n\u00e3o correntistas para 2019","og_description":"A Caixa informou que antecipou o calend\u00e1rio de saques de at\u00e9 R$ 500 do FGTS para os n\u00e3o correntistas do banco. Clique para mais.","og_url":"https:\/\/www.suno.com.br\/noticias\/fgts-caixa-saques-nao-correntistas-2019\/","og_site_name":"Suno Not\u00edcias","article_publisher":"https:\/\/facebook.com\/sunoresearch","og_image":[{"width":1000,"height":585,"url":"https:\/\/files.sunoresearch.com.br\/n\/uploads\/2019\/06\/01e12ce0-caixa.jpeg","type":"image\/jpeg"}],"author":"Rafael Lara","twitter_card":"summary_large_image","twitter_creator":"@sunoresearch","twitter_site":"@sunoresearch","twitter_misc":{"Escrito por":"Rafael Lara","Est. tempo de leitura":"2 minutos"},"schema":{"@context":"https:\/\/schema.org","@graph":[{"@type":"NewsArticle","@id":"https:\/\/www.suno.com.br\/noticias\/fgts-caixa-saques-nao-correntistas-2019\/#article","isPartOf":{"@id":"https:\/\/www.suno.com.br\/noticias\/fgts-caixa-saques-nao-correntistas-2019\/"},"author":{"name":"Rafael Lara","@id":"https:\/\/www.suno.com.br\/noticias\/#\/schema\/person\/098743caeed97b37f51315c9576c4078"},"headline":"FGTS: Caixa antecipa todos os saques de n\u00e3o correntistas para 2019","datePublished":"2019-10-21T19:27:40+00:00","dateModified":"2019-10-21T23:38:33+00:00","mainEntityOfPage":{"@id":"https:\/\/www.suno.com.br\/noticias\/fgts-caixa-saques-nao-correntistas-2019\/"},"wordCount":431,"publisher":{"@id":"https:\/\/www.suno.com.br\/noticias\/#organization"},"image":{"@id":"https:\/\/www.suno.com.br\/noticias\/fgts-caixa-saques-nao-correntistas-2019\/#primaryimage"},"thumbnailUrl":"https:\/\/files.sunoresearch.com.br\/n\/uploads\/2019\/06\/01e12ce0-caixa-jpeg.webp","keywords":["Caixa Econ\u00f4mica Federal (CEF)","FGTS"],"articleSection":["Economia"],"inLanguage":"pt-BR"},{"@type":"WebPage","@id":"https:\/\/www.suno.com.br\/noticias\/fgts-caixa-saques-nao-correntistas-2019\/","url":"https:\/\/www.suno.com.br\/noticias\/fgts-caixa-saques-nao-correntistas-2019\/","name":"FGTS: Caixa antecipa todos os saques de n\u00e3o correntistas para 2019","isPartOf":{"@id":"https:\/\/www.suno.com.br\/noticias\/#website"},"primaryImageOfPage":{"@id":"https:\/\/www.suno.com.br\/noticias\/fgts-caixa-saques-nao-correntistas-2019\/#primaryimage"},"image":{"@id":"https:\/\/www.suno.com.br\/noticias\/fgts-caixa-saques-nao-correntistas-2019\/#primaryimage"},"thumbnailUrl":"https:\/\/files.sunoresearch.com.br\/n\/uploads\/2019\/06\/01e12ce0-caixa-jpeg.webp","datePublished":"2019-10-21T19:27:40+00:00","dateModified":"2019-10-21T23:38:33+00:00","description":"A Caixa informou que antecipou o calend\u00e1rio de saques de at\u00e9 R$ 500 do FGTS para os n\u00e3o correntistas do banco. Clique para mais.","breadcrumb":{"@id":"https:\/\/www.suno.com.br\/noticias\/fgts-caixa-saques-nao-correntistas-2019\/#breadcrumb"},"inLanguage":"pt-BR","potentialAction":[{"@type":"ReadAction","target":["https:\/\/www.suno.com.br\/noticias\/fgts-caixa-saques-nao-correntistas-2019\/"]}]},{"@type":"ImageObject","inLanguage":"pt-BR","@id":"https:\/\/www.suno.com.br\/noticias\/fgts-caixa-saques-nao-correntistas-2019\/#primaryimage","url":"https:\/\/files.sunoresearch.com.br\/n\/uploads\/2019\/06\/01e12ce0-caixa-jpeg.webp","contentUrl":"https:\/\/files.sunoresearch.com.br\/n\/uploads\/2019\/06\/01e12ce0-caixa-jpeg.webp","width":1000,"height":585,"caption":"Coronavoucher: 721 mil benefici\u00e1rios come\u00e7ar\u00e3o a receber amanh\u00e3"},{"@type":"BreadcrumbList","@id":"https:\/\/www.suno.com.br\/noticias\/fgts-caixa-saques-nao-correntistas-2019\/#breadcrumb","itemListElement":[{"@type":"ListItem","position":1,"name":"Not\u00edcias","item":"https:\/\/www.suno.com.br\/noticias\/"},{"@type":"ListItem","position":2,"name":"Economia","item":"https:\/\/www.suno.com.br\/noticias\/economia\/"},{"@type":"ListItem","position":3,"name":"FGTS: Caixa antecipa todos os saques de n\u00e3o correntistas para 2019"}]},{"@type":"WebSite","@id":"https:\/\/www.suno.com.br\/noticias\/#website","url":"https:\/\/www.suno.com.br\/noticias\/","name":"Suno Not\u00edcias","description":"Seu portal de informa\u00e7\u00e3o sobre o mundo dos investimentos","publisher":{"@id":"https:\/\/www.suno.com.br\/noticias\/#organization"},"potentialAction":[{"@type":"SearchAction","target":{"@type":"EntryPoint","urlTemplate":"https:\/\/www.suno.com.br\/noticias\/?s={search_term_string}"},"query-input":{"@type":"PropertyValueSpecification","valueRequired":true,"valueName":"search_term_string"}}],"inLanguage":"pt-BR"},{"@type":"Organization","@id":"https:\/\/www.suno.com.br\/noticias\/#organization","name":"Suno Not\u00edcias","url":"https:\/\/www.suno.com.br\/noticias\/","logo":{"@type":"ImageObject","inLanguage":"pt-BR","@id":"https:\/\/www.suno.com.br\/noticias\/#\/schema\/logo\/image\/","url":"https:\/\/files.sunoresearch.com.br\/n\/uploads\/2021\/09\/suno-logo.png","contentUrl":"https:\/\/files.sunoresearch.com.br\/n\/uploads\/2021\/09\/suno-logo.png","width":180,"height":180,"caption":"Suno Not\u00edcias"},"image":{"@id":"https:\/\/www.suno.com.br\/noticias\/#\/schema\/logo\/image\/"},"sameAs":["https:\/\/facebook.com\/sunoresearch","https:\/\/x.com\/sunoresearch","https:\/\/www.instagram.com\/suno","https:\/\/www.linkedin.com\/company\/suno-research\/","https:\/\/www.youtube.com\/c\/sunoresearch"]},{"@type":"Person","@id":"https:\/\/www.suno.com.br\/noticias\/#\/schema\/person\/098743caeed97b37f51315c9576c4078","name":"Rafael Lara","image":{"@type":"ImageObject","inLanguage":"pt-BR","@id":"https:\/\/www.suno.com.br\/noticias\/#\/schema\/person\/image\/","url":"https:\/\/secure.gravatar.com\/avatar\/dfc254ab9bb2ea1895d98b9e9dae4bdd?s=96&r=g","contentUrl":"https:\/\/secure.gravatar.com\/avatar\/dfc254ab9bb2ea1895d98b9e9dae4bdd?s=96&r=g","caption":"Rafael Lara"},"description":"Rafael Lara cursa jornalismo na Faculdade C\u00e1sper L\u00edbero. Escreve sobre pol\u00edtica, economia e neg\u00f3cios para o portal Suno Not\u00edcias. Antes, colaborou na TV Gazeta na produ\u00e7\u00e3o do programa Edi\u00e7\u00e3o Extra.","url":"https:\/\/www.suno.com.br\/noticias\/author\/rafael\/"}]}},"default_loop_html":"<div class=\"cardsPage__listCard__boxs\"><div class=\"cardsPage__listCard__boxs__img\"><a href=\"https:\/\/www.suno.com.br\/noticias\/fgts-caixa-saques-nao-correntistas-2019\/\"><img class=\"mask\" src=\"https:\/\/www.suno.com.br\/noticias\/wp-content\/themes\/suno\/resources\/images\/spotlight\/spotlight1img\/bg-mask.png\" alt=\"Image Mask\"\/><img src=\"https:\/\/files.sunoresearch.com.br\/n\/uploads\/2019\/06\/01e12ce0-caixa-400x200.webp\" alt=\"FGTS: Caixa antecipa todos os saques de n\u00e3o correntistas para 2019\"\/><\/a><span class=\"spotlightCategory\"><a href=\"https:\/\/www.suno.com.br\/noticias\/economia\/\">Economia<\/a><\/span><\/div><div class=\"cardsPage__listCard__boxs__content\"><a href=\"https:\/\/www.suno.com.br\/noticias\/fgts-caixa-saques-nao-correntistas-2019\/\"><h2 class=\"content__title\">FGTS: Caixa antecipa todos os saques de n\u00e3o correntistas para 2019<\/h2><\/a><div class=\"newsContent__article__meta\"><div class=\"newsContent__article__meta__authorBox\"><a href=\"https:\/\/www.suno.com.br\/noticias\/author\/rafael\/\" class=\"authorBox__avatar noMobi\"><img src=\"https:\/\/secure.gravatar.com\/avatar\/dfc254ab9bb2ea1895d98b9e9dae4bdd?s=96&#038;r=g\" alt=\"Rafael Lara\"><\/a><div class=\"authorBox__name\"><span>por\n\t\t\t<a href=\"https:\/\/www.suno.com.br\/noticias\/author\/rafael\/\"><span itemprop=\"author\">Rafael Lara<\/span><\/a><\/span><time datetime=\"2019-10-21T17:27:40-03:00\" itemprop=\"datePublished\">21\/10\/2019 17:27<\/time><\/div><\/div><\/div><\/div><\/div>","single_layout":"posts","amp_enabled":true,"_links":{"self":[{"href":"https:\/\/www.suno.com.br\/noticias\/wp-json\/wp\/v2\/posts\/41824"}],"collection":[{"href":"https:\/\/www.suno.com.br\/noticias\/wp-json\/wp\/v2\/posts"}],"about":[{"href":"https:\/\/www.suno.com.br\/noticias\/wp-json\/wp\/v2\/types\/post"}],"author":[{"embeddable":true,"href":"https:\/\/www.suno.com.br\/noticias\/wp-json\/wp\/v2\/users\/23"}],"replies":[{"embeddable":true,"href":"https:\/\/www.suno.com.br\/noticias\/wp-json\/wp\/v2\/comments?post=41824"}],"version-history":[{"count":0,"href":"https:\/\/www.suno.com.br\/noticias\/wp-json\/wp\/v2\/posts\/41824\/revisions"}],"wp:featuredmedia":[{"embeddable":true,"href":"https:\/\/www.suno.com.br\/noticias\/wp-json\/wp\/v2\/media\/28842"}],"wp:attachment":[{"href":"https:\/\/www.suno.com.br\/noticias\/wp-json\/wp\/v2\/media?parent=41824"}],"wp:term":[{"taxonomy":"category","embeddable":true,"href":"https:\/\/www.suno.com.br\/noticias\/wp-json\/wp\/v2\/categories?post=41824"},{"taxonomy":"post_tag","embeddable":true,"href":"https:\/\/www.suno.com.br\/noticias\/wp-json\/wp\/v2\/tags?post=41824"},{"taxonomy":"suno_strategy","embeddable":true,"href":"https:\/\/www.suno.com.br\/noticias\/wp-json\/wp\/v2\/suno_strategy?post=41824"}],"curies":[{"name":"wp","href":"https:\/\/api.w.org\/{rel}","templated":true}]}}