{"id":41816,"date":"2019-10-21T16:03:14","date_gmt":"2019-10-21T18:03:14","guid":{"rendered":"https:\/\/www.suno.com.br\/noticias\/?p=41816"},"modified":"2019-10-21T16:03:14","modified_gmt":"2019-10-21T18:03:14","slug":"concluir-votacao-previdencia-nesta-terca-marinho","status":"publish","type":"post","link":"https:\/\/www.suno.com.br\/noticias\/concluir-votacao-previdencia-nesta-terca-marinho\/","title":{"rendered":"Expectativa \u00e9 de concluir vota\u00e7\u00e3o da Previd\u00eancia na ter\u00e7a, diz Marinho"},"content":{"rendered":"<p>Durante uma entrevista \u00e0 &#8220;R\u00e1dio Ga\u00facha&#8221;, nesta segunda-feira (21), o secret\u00e1rio especial de Previd\u00eancia e Trabalho do <strong>Minist\u00e9rio da Economia<\/strong>, <strong>Rog\u00e9rio Marinho<\/strong>, disse que a expectativa \u00e9 de que a vota\u00e7\u00e3o da reforma da Previd\u00eancia seja conclu\u00edda na ter\u00e7a-feira (22).<\/p>\t<div class=\"wrapper-featured-image\">\n\t\t<figure class=\"spotlightImg\">\n\n\t\t\t<picture>\n\t\t\t\t<source media=\"(max-width: 768px)\" srcset=\"https:\/\/files.sunoresearch.com.br\/n\/uploads\/2019\/10\/6d5866f8-marinho-previdencia-400x200.webp\">\n\t\t\t\t<img loading=\"lazy\" decoding=\"async\" class=\"newsContent__article__imgCapa lazyloadDisabled newsContent__article__imgCapa--noCaption\" src=\"https:\/\/files.sunoresearch.com.br\/n\/uploads\/2019\/10\/6d5866f8-marinho-previdencia-800x450.webp\" width=\"800\" height=\"450\" alt=\"Expectativa \u00e9 de concluir vota\u00e7\u00e3o da Previd\u00eancia na ter\u00e7a, diz Marinho\" fetchpriority=high \/>\n\t\t\t<\/picture>\n\n\t\t\t<figcaption class=\"wp-caption-text wp-caption-text--hide\">O secret\u00e1rio especial de Previd\u00eancia e Trabalho do Minist\u00e9rio da Economia, Rog\u00e9rio Marinho.<\/figcaption>\n\t\t<\/figure>\n\t<\/div>\n\n\n\n<p>De acordo com Marinho, a estimativa \u00e9 de que pela manh\u00e3 ocorra uma discuss\u00e3o e vota\u00e7\u00e3o da reforma da <strong>Previd\u00eancia<\/strong> na Comiss\u00e3o de Constitui\u00e7\u00e3o e Justi\u00e7a (CCJ) e \u00e0 tarde aconte\u00e7a a conclus\u00e3o no Plen\u00e1rio.<\/p>\n<p>Segundo Marinho, tamb\u00e9m h\u00e1 a esperan\u00e7a de que o texto da reforma n\u00e3o seja mais alterado. O secret\u00e1rio especial da Previd\u00eancia tamb\u00e9m informou que o governo vem tendo conversas com senadores, a fim de esclarecer o impacto fiscal do projeto e mostrar que ainda \u00e9 significativo.<\/p>\n\t<p>\n\t\t<a href=\"https:\/\/lp.suno.com.br\/asset\/suno-fundo-de-fundos-snff11\/\" target=\"_blank\" data-element=\"shortcode-suno-banner\" title=\"Banner SUNO, clique e saiba mais\">\n\t\t\t<picture>\n\t\t\t\t<source media=\"(max-width: 500px)\" srcset=\"https:\/\/files.sunoresearch.com.br\/n\/uploads\/2024\/01\/400x300-Mobile-Artigos-3-SNFF-AO.png\">\n\t\t\t\t<img class=\"newsContent__article__imgCapa newsContent__article__imgCapa--banner\"\n\t\t\t\t\tsrc=\"https:\/\/files.sunoresearch.com.br\/n\/uploads\/2024\/01\/1420x240-Banner-Artigos-1-_-Banner-Materias-1-SNFF-AO.png\"\n\t\t\t\t\tdata-promo-id=\"364418\"\t\t\t\t\t\t\t\t\t\twidth='1420' height='240'\t\t\t\t\talt=\"https:\/\/files.sunoresearch.com.br\/n\/uploads\/2024\/01\/1420x240-Banner-Artigos-1-_-Banner-Materias-1-SNFF-AO.png\"\n\t\t\t\t>\n\t\t\t<\/picture>\n\t\t<\/a>\n\t<\/p>\n\n\n<p>Marinho salientou que a economia em dez anos ainda est\u00e1 por volta dos R$ 800 bilh\u00f5es, por\u00e9m um c\u00e1lculo mais preciso s\u00f3 poder\u00e1 ser feito ap\u00f3s o final do processo. \u201c\u00c9 poss\u00edvel alguma altera\u00e7\u00e3o sim, esperamos que isso n\u00e3o aconte\u00e7a. Mas pode ser que ocorra. Afinal, trata-se de vota\u00e7\u00e3o no plen\u00e1rio do Senado, e o Senado pode surpreender nesse aspecto. Eu espero que isso n\u00e3o ocorra.\u201d<\/p>\n<p>O secret\u00e1rio afirmou que o <strong>Congresso<\/strong> disse que n\u00e3o era hora para a discuss\u00e3o da capitaliza\u00e7\u00e3o, j\u00e1 que o governo enxerga o sistema de aposentadoria como algo que n\u00e3o ir\u00e1 se sustentar ao longo prazo no modelo de reparti\u00e7\u00e3o.<\/p>\n<h2>Emprego<\/h2>\n<p>Marinho afirmou tamb\u00e9m que, em novembro, o governo deve anunciar novas medidas de est\u00edmulo ao emprego. De acordo com o secret\u00e1rio, a ideia \u00e9 ajudar jovens que est\u00e3o a procura do primeiro emprego e cidad\u00e3o acima de 55 anos, que possuem dificuldade de voltar ao mercado de trabalho. Al\u00e9m disso, o est\u00edmulo ao empreendedorismo tamb\u00e9m ser\u00e1 explorado.<\/p>\n<p><a href=\"https:\/\/www.suno.com.br\/noticias\/boletim-focus-reduz-selic-21102019\/\">Veja tamb\u00e9m: Boletim Focus reduz previs\u00e3o da Taxa Selic para 4,50%<\/a><\/p>\n<p>Segundo o Secret\u00e1rio especial de <strong>Previd\u00eancia<\/strong> e Trabalho, o mercado de trabalho brasileiro est\u00e1 passando por transforma\u00e7\u00f5es, com a mecaniza\u00e7\u00e3o, a rob\u00f3tica e os aplicativos de internet, que est\u00e3o diminuindo a capacidade de cria\u00e7\u00e3o de vagas de certos setores, como: varejo, agropecu\u00e1ria e ind\u00fastria.<\/p>\n","protected":false},"excerpt":{"rendered":"<p>Durante uma entrevista \u00e0 &#8220;R\u00e1dio Ga\u00facha&#8221;, nesta segunda-feira (21), o secret\u00e1rio especial de Previd\u00eancia e Trabalho do Minist\u00e9rio da Economia, Rog\u00e9rio Marinho, disse que a expectativa \u00e9 de que a vota\u00e7\u00e3o da reforma da Previd\u00eancia seja conclu\u00edda na ter\u00e7a-feira (22). O secret\u00e1rio especial de Previd\u00eancia e Trabalho do Minist\u00e9rio da Economia, Rog\u00e9rio Marinho. De acordo [&hellip;]<\/p>\n","protected":false},"author":19,"featured_media":41819,"comment_status":"closed","ping_status":"closed","sticky":false,"template":"","format":"standard","meta":[],"categories":[62],"tags":[940,1464],"suno_strategy":[],"class_list":["post-41816","post","type-post","status-publish","format-standard","has-post-thumbnail","hentry","category-economia","tag-reforma-da-previdencia","tag-rogerio-marinho"],"yoast_head":"<!-- This site is optimized with the Yoast SEO plugin v24.4 - https:\/\/yoast.com\/wordpress\/plugins\/seo\/ -->\n<title>Expectativa \u00e9 de concluir vota\u00e7\u00e3o da Previd\u00eancia nesta ter\u00e7a, diz Marinho<\/title>\n<meta name=\"description\" content=\"O secret\u00e1rio especial de Previd\u00eancia e Trabalho, Rog\u00e9rio Marinho, disse que a reforma da Previd\u00eancia deve ser concluida na ter\u00e7a. Saiba mais.\" \/>\n<meta name=\"robots\" content=\"index, follow, max-snippet:-1, max-image-preview:large, max-video-preview:-1\" \/>\n<link rel=\"canonical\" href=\"https:\/\/www.suno.com.br\/noticias\/concluir-votacao-previdencia-nesta-terca-marinho\/\" \/>\n<meta property=\"og:locale\" content=\"pt_BR\" \/>\n<meta property=\"og:type\" content=\"article\" \/>\n<meta property=\"og:title\" content=\"Expectativa \u00e9 de concluir vota\u00e7\u00e3o da Previd\u00eancia nesta ter\u00e7a, diz Marinho\" \/>\n<meta property=\"og:description\" content=\"O secret\u00e1rio especial de Previd\u00eancia e Trabalho, Rog\u00e9rio Marinho, disse que a reforma da Previd\u00eancia deve ser concluida na ter\u00e7a. Saiba mais.\" \/>\n<meta property=\"og:url\" content=\"https:\/\/www.suno.com.br\/noticias\/concluir-votacao-previdencia-nesta-terca-marinho\/\" \/>\n<meta property=\"og:site_name\" content=\"Suno Not\u00edcias\" \/>\n<meta property=\"article:publisher\" content=\"https:\/\/facebook.com\/sunoresearch\" \/>\n<meta property=\"og:image\" content=\"https:\/\/files.sunoresearch.com.br\/n\/uploads\/2019\/10\/6d5866f8-marinho-previdencia.jpg\" \/>\n\t<meta property=\"og:image:width\" content=\"1140\" \/>\n\t<meta property=\"og:image:height\" content=\"760\" \/>\n\t<meta property=\"og:image:type\" content=\"image\/jpeg\" \/>\n<meta name=\"author\" content=\"Juliano Passaro\" \/>\n<meta name=\"twitter:card\" content=\"summary_large_image\" \/>\n<meta name=\"twitter:creator\" content=\"@sunoresearch\" \/>\n<meta name=\"twitter:site\" content=\"@sunoresearch\" \/>\n<meta name=\"twitter:label1\" content=\"Escrito por\" \/>\n\t<meta name=\"twitter:data1\" content=\"Juliano Passaro\" \/>\n\t<meta name=\"twitter:label2\" content=\"Est. tempo de leitura\" \/>\n\t<meta name=\"twitter:data2\" content=\"2 minutos\" \/>\n<script type=\"application\/ld+json\" class=\"yoast-schema-graph\">{\"@context\":\"https:\/\/schema.org\",\"@graph\":[{\"@type\":\"NewsArticle\",\"@id\":\"https:\/\/www.suno.com.br\/noticias\/concluir-votacao-previdencia-nesta-terca-marinho\/#article\",\"isPartOf\":{\"@id\":\"https:\/\/www.suno.com.br\/noticias\/concluir-votacao-previdencia-nesta-terca-marinho\/\"},\"author\":{\"name\":\"Juliano Passaro\",\"@id\":\"https:\/\/www.suno.com.br\/noticias\/#\/schema\/person\/1db762f78ffd8919a648a63e425953e3\"},\"headline\":\"Expectativa \u00e9 de concluir vota\u00e7\u00e3o da Previd\u00eancia na ter\u00e7a, diz Marinho\",\"datePublished\":\"2019-10-21T18:03:14+00:00\",\"mainEntityOfPage\":{\"@id\":\"https:\/\/www.suno.com.br\/noticias\/concluir-votacao-previdencia-nesta-terca-marinho\/\"},\"wordCount\":406,\"publisher\":{\"@id\":\"https:\/\/www.suno.com.br\/noticias\/#organization\"},\"image\":{\"@id\":\"https:\/\/www.suno.com.br\/noticias\/concluir-votacao-previdencia-nesta-terca-marinho\/#primaryimage\"},\"thumbnailUrl\":\"https:\/\/files.sunoresearch.com.br\/n\/uploads\/2019\/10\/6d5866f8-marinho-previdencia-jpg.webp\",\"keywords\":[\"Reforma da Previd\u00eancia\",\"Rog\u00e9rio Marinho\"],\"articleSection\":[\"Economia\"],\"inLanguage\":\"pt-BR\"},{\"@type\":\"WebPage\",\"@id\":\"https:\/\/www.suno.com.br\/noticias\/concluir-votacao-previdencia-nesta-terca-marinho\/\",\"url\":\"https:\/\/www.suno.com.br\/noticias\/concluir-votacao-previdencia-nesta-terca-marinho\/\",\"name\":\"Expectativa \u00e9 de concluir vota\u00e7\u00e3o da Previd\u00eancia nesta ter\u00e7a, diz Marinho\",\"isPartOf\":{\"@id\":\"https:\/\/www.suno.com.br\/noticias\/#website\"},\"primaryImageOfPage\":{\"@id\":\"https:\/\/www.suno.com.br\/noticias\/concluir-votacao-previdencia-nesta-terca-marinho\/#primaryimage\"},\"image\":{\"@id\":\"https:\/\/www.suno.com.br\/noticias\/concluir-votacao-previdencia-nesta-terca-marinho\/#primaryimage\"},\"thumbnailUrl\":\"https:\/\/files.sunoresearch.com.br\/n\/uploads\/2019\/10\/6d5866f8-marinho-previdencia-jpg.webp\",\"datePublished\":\"2019-10-21T18:03:14+00:00\",\"description\":\"O secret\u00e1rio especial de Previd\u00eancia e Trabalho, Rog\u00e9rio Marinho, disse que a reforma da Previd\u00eancia deve ser concluida na ter\u00e7a. Saiba mais.\",\"breadcrumb\":{\"@id\":\"https:\/\/www.suno.com.br\/noticias\/concluir-votacao-previdencia-nesta-terca-marinho\/#breadcrumb\"},\"inLanguage\":\"pt-BR\",\"potentialAction\":[{\"@type\":\"ReadAction\",\"target\":[\"https:\/\/www.suno.com.br\/noticias\/concluir-votacao-previdencia-nesta-terca-marinho\/\"]}]},{\"@type\":\"ImageObject\",\"inLanguage\":\"pt-BR\",\"@id\":\"https:\/\/www.suno.com.br\/noticias\/concluir-votacao-previdencia-nesta-terca-marinho\/#primaryimage\",\"url\":\"https:\/\/files.sunoresearch.com.br\/n\/uploads\/2019\/10\/6d5866f8-marinho-previdencia-jpg.webp\",\"contentUrl\":\"https:\/\/files.sunoresearch.com.br\/n\/uploads\/2019\/10\/6d5866f8-marinho-previdencia-jpg.webp\",\"width\":1140,\"height\":760,\"caption\":\"O secret\u00e1rio especial de Previd\u00eancia e Trabalho do Minist\u00e9rio da Economia, Rog\u00e9rio Marinho.\"},{\"@type\":\"BreadcrumbList\",\"@id\":\"https:\/\/www.suno.com.br\/noticias\/concluir-votacao-previdencia-nesta-terca-marinho\/#breadcrumb\",\"itemListElement\":[{\"@type\":\"ListItem\",\"position\":1,\"name\":\"Not\u00edcias\",\"item\":\"https:\/\/www.suno.com.br\/noticias\/\"},{\"@type\":\"ListItem\",\"position\":2,\"name\":\"Economia\",\"item\":\"https:\/\/www.suno.com.br\/noticias\/economia\/\"},{\"@type\":\"ListItem\",\"position\":3,\"name\":\"Expectativa \u00e9 de concluir vota\u00e7\u00e3o da Previd\u00eancia na ter\u00e7a, diz Marinho\"}]},{\"@type\":\"WebSite\",\"@id\":\"https:\/\/www.suno.com.br\/noticias\/#website\",\"url\":\"https:\/\/www.suno.com.br\/noticias\/\",\"name\":\"Suno Not\u00edcias\",\"description\":\"Seu portal de informa\u00e7\u00e3o sobre o mundo dos investimentos\",\"publisher\":{\"@id\":\"https:\/\/www.suno.com.br\/noticias\/#organization\"},\"potentialAction\":[{\"@type\":\"SearchAction\",\"target\":{\"@type\":\"EntryPoint\",\"urlTemplate\":\"https:\/\/www.suno.com.br\/noticias\/?s={search_term_string}\"},\"query-input\":{\"@type\":\"PropertyValueSpecification\",\"valueRequired\":true,\"valueName\":\"search_term_string\"}}],\"inLanguage\":\"pt-BR\"},{\"@type\":\"Organization\",\"@id\":\"https:\/\/www.suno.com.br\/noticias\/#organization\",\"name\":\"Suno Not\u00edcias\",\"url\":\"https:\/\/www.suno.com.br\/noticias\/\",\"logo\":{\"@type\":\"ImageObject\",\"inLanguage\":\"pt-BR\",\"@id\":\"https:\/\/www.suno.com.br\/noticias\/#\/schema\/logo\/image\/\",\"url\":\"https:\/\/files.sunoresearch.com.br\/n\/uploads\/2021\/09\/suno-logo.png\",\"contentUrl\":\"https:\/\/files.sunoresearch.com.br\/n\/uploads\/2021\/09\/suno-logo.png\",\"width\":180,\"height\":180,\"caption\":\"Suno Not\u00edcias\"},\"image\":{\"@id\":\"https:\/\/www.suno.com.br\/noticias\/#\/schema\/logo\/image\/\"},\"sameAs\":[\"https:\/\/facebook.com\/sunoresearch\",\"https:\/\/x.com\/sunoresearch\",\"https:\/\/www.instagram.com\/suno\",\"https:\/\/www.linkedin.com\/company\/suno-research\/\",\"https:\/\/www.youtube.com\/c\/sunoresearch\"]},{\"@type\":\"Person\",\"@id\":\"https:\/\/www.suno.com.br\/noticias\/#\/schema\/person\/1db762f78ffd8919a648a63e425953e3\",\"name\":\"Juliano Passaro\",\"image\":{\"@type\":\"ImageObject\",\"inLanguage\":\"pt-BR\",\"@id\":\"https:\/\/www.suno.com.br\/noticias\/#\/schema\/person\/image\/\",\"url\":\"https:\/\/secure.gravatar.com\/avatar\/743d4df28eebf6dcc46b4ad03c319e92?s=96&r=g\",\"contentUrl\":\"https:\/\/secure.gravatar.com\/avatar\/743d4df28eebf6dcc46b4ad03c319e92?s=96&r=g\",\"caption\":\"Juliano Passaro\"},\"description\":\"Juliano Passaro escreve sobre pol\u00edtica, economia e neg\u00f3cios para o portal da Suno Research. Antes da Suno, trabalhou no Portal da Band. \u00c9 formado em jornalismo pela Universidade Presbiteriana Mackenzie.\",\"url\":\"https:\/\/www.suno.com.br\/noticias\/author\/juliano\/\"}]}<\/script>\n<!-- \/ Yoast SEO plugin. -->","yoast_head_json":{"title":"Expectativa \u00e9 de concluir vota\u00e7\u00e3o da Previd\u00eancia nesta ter\u00e7a, diz Marinho","description":"O secret\u00e1rio especial de Previd\u00eancia e Trabalho, Rog\u00e9rio Marinho, disse que a reforma da Previd\u00eancia deve ser concluida na ter\u00e7a. Saiba mais.","robots":{"index":"index","follow":"follow","max-snippet":"max-snippet:-1","max-image-preview":"max-image-preview:large","max-video-preview":"max-video-preview:-1"},"canonical":"https:\/\/www.suno.com.br\/noticias\/concluir-votacao-previdencia-nesta-terca-marinho\/","og_locale":"pt_BR","og_type":"article","og_title":"Expectativa \u00e9 de concluir vota\u00e7\u00e3o da Previd\u00eancia nesta ter\u00e7a, diz Marinho","og_description":"O secret\u00e1rio especial de Previd\u00eancia e Trabalho, Rog\u00e9rio Marinho, disse que a reforma da Previd\u00eancia deve ser concluida na ter\u00e7a. Saiba mais.","og_url":"https:\/\/www.suno.com.br\/noticias\/concluir-votacao-previdencia-nesta-terca-marinho\/","og_site_name":"Suno Not\u00edcias","article_publisher":"https:\/\/facebook.com\/sunoresearch","og_image":[{"width":1140,"height":760,"url":"https:\/\/files.sunoresearch.com.br\/n\/uploads\/2019\/10\/6d5866f8-marinho-previdencia.jpg","type":"image\/jpeg"}],"author":"Juliano Passaro","twitter_card":"summary_large_image","twitter_creator":"@sunoresearch","twitter_site":"@sunoresearch","twitter_misc":{"Escrito por":"Juliano Passaro","Est. tempo de leitura":"2 minutos"},"schema":{"@context":"https:\/\/schema.org","@graph":[{"@type":"NewsArticle","@id":"https:\/\/www.suno.com.br\/noticias\/concluir-votacao-previdencia-nesta-terca-marinho\/#article","isPartOf":{"@id":"https:\/\/www.suno.com.br\/noticias\/concluir-votacao-previdencia-nesta-terca-marinho\/"},"author":{"name":"Juliano Passaro","@id":"https:\/\/www.suno.com.br\/noticias\/#\/schema\/person\/1db762f78ffd8919a648a63e425953e3"},"headline":"Expectativa \u00e9 de concluir vota\u00e7\u00e3o da Previd\u00eancia na ter\u00e7a, diz Marinho","datePublished":"2019-10-21T18:03:14+00:00","mainEntityOfPage":{"@id":"https:\/\/www.suno.com.br\/noticias\/concluir-votacao-previdencia-nesta-terca-marinho\/"},"wordCount":406,"publisher":{"@id":"https:\/\/www.suno.com.br\/noticias\/#organization"},"image":{"@id":"https:\/\/www.suno.com.br\/noticias\/concluir-votacao-previdencia-nesta-terca-marinho\/#primaryimage"},"thumbnailUrl":"https:\/\/files.sunoresearch.com.br\/n\/uploads\/2019\/10\/6d5866f8-marinho-previdencia-jpg.webp","keywords":["Reforma da Previd\u00eancia","Rog\u00e9rio Marinho"],"articleSection":["Economia"],"inLanguage":"pt-BR"},{"@type":"WebPage","@id":"https:\/\/www.suno.com.br\/noticias\/concluir-votacao-previdencia-nesta-terca-marinho\/","url":"https:\/\/www.suno.com.br\/noticias\/concluir-votacao-previdencia-nesta-terca-marinho\/","name":"Expectativa \u00e9 de concluir vota\u00e7\u00e3o da Previd\u00eancia nesta ter\u00e7a, diz Marinho","isPartOf":{"@id":"https:\/\/www.suno.com.br\/noticias\/#website"},"primaryImageOfPage":{"@id":"https:\/\/www.suno.com.br\/noticias\/concluir-votacao-previdencia-nesta-terca-marinho\/#primaryimage"},"image":{"@id":"https:\/\/www.suno.com.br\/noticias\/concluir-votacao-previdencia-nesta-terca-marinho\/#primaryimage"},"thumbnailUrl":"https:\/\/files.sunoresearch.com.br\/n\/uploads\/2019\/10\/6d5866f8-marinho-previdencia-jpg.webp","datePublished":"2019-10-21T18:03:14+00:00","description":"O secret\u00e1rio especial de Previd\u00eancia e Trabalho, Rog\u00e9rio Marinho, disse que a reforma da Previd\u00eancia deve ser concluida na ter\u00e7a. Saiba mais.","breadcrumb":{"@id":"https:\/\/www.suno.com.br\/noticias\/concluir-votacao-previdencia-nesta-terca-marinho\/#breadcrumb"},"inLanguage":"pt-BR","potentialAction":[{"@type":"ReadAction","target":["https:\/\/www.suno.com.br\/noticias\/concluir-votacao-previdencia-nesta-terca-marinho\/"]}]},{"@type":"ImageObject","inLanguage":"pt-BR","@id":"https:\/\/www.suno.com.br\/noticias\/concluir-votacao-previdencia-nesta-terca-marinho\/#primaryimage","url":"https:\/\/files.sunoresearch.com.br\/n\/uploads\/2019\/10\/6d5866f8-marinho-previdencia-jpg.webp","contentUrl":"https:\/\/files.sunoresearch.com.br\/n\/uploads\/2019\/10\/6d5866f8-marinho-previdencia-jpg.webp","width":1140,"height":760,"caption":"O secret\u00e1rio especial de Previd\u00eancia e Trabalho do Minist\u00e9rio da Economia, Rog\u00e9rio Marinho."},{"@type":"BreadcrumbList","@id":"https:\/\/www.suno.com.br\/noticias\/concluir-votacao-previdencia-nesta-terca-marinho\/#breadcrumb","itemListElement":[{"@type":"ListItem","position":1,"name":"Not\u00edcias","item":"https:\/\/www.suno.com.br\/noticias\/"},{"@type":"ListItem","position":2,"name":"Economia","item":"https:\/\/www.suno.com.br\/noticias\/economia\/"},{"@type":"ListItem","position":3,"name":"Expectativa \u00e9 de concluir vota\u00e7\u00e3o da Previd\u00eancia na ter\u00e7a, diz Marinho"}]},{"@type":"WebSite","@id":"https:\/\/www.suno.com.br\/noticias\/#website","url":"https:\/\/www.suno.com.br\/noticias\/","name":"Suno Not\u00edcias","description":"Seu portal de informa\u00e7\u00e3o sobre o mundo dos investimentos","publisher":{"@id":"https:\/\/www.suno.com.br\/noticias\/#organization"},"potentialAction":[{"@type":"SearchAction","target":{"@type":"EntryPoint","urlTemplate":"https:\/\/www.suno.com.br\/noticias\/?s={search_term_string}"},"query-input":{"@type":"PropertyValueSpecification","valueRequired":true,"valueName":"search_term_string"}}],"inLanguage":"pt-BR"},{"@type":"Organization","@id":"https:\/\/www.suno.com.br\/noticias\/#organization","name":"Suno Not\u00edcias","url":"https:\/\/www.suno.com.br\/noticias\/","logo":{"@type":"ImageObject","inLanguage":"pt-BR","@id":"https:\/\/www.suno.com.br\/noticias\/#\/schema\/logo\/image\/","url":"https:\/\/files.sunoresearch.com.br\/n\/uploads\/2021\/09\/suno-logo.png","contentUrl":"https:\/\/files.sunoresearch.com.br\/n\/uploads\/2021\/09\/suno-logo.png","width":180,"height":180,"caption":"Suno Not\u00edcias"},"image":{"@id":"https:\/\/www.suno.com.br\/noticias\/#\/schema\/logo\/image\/"},"sameAs":["https:\/\/facebook.com\/sunoresearch","https:\/\/x.com\/sunoresearch","https:\/\/www.instagram.com\/suno","https:\/\/www.linkedin.com\/company\/suno-research\/","https:\/\/www.youtube.com\/c\/sunoresearch"]},{"@type":"Person","@id":"https:\/\/www.suno.com.br\/noticias\/#\/schema\/person\/1db762f78ffd8919a648a63e425953e3","name":"Juliano Passaro","image":{"@type":"ImageObject","inLanguage":"pt-BR","@id":"https:\/\/www.suno.com.br\/noticias\/#\/schema\/person\/image\/","url":"https:\/\/secure.gravatar.com\/avatar\/743d4df28eebf6dcc46b4ad03c319e92?s=96&r=g","contentUrl":"https:\/\/secure.gravatar.com\/avatar\/743d4df28eebf6dcc46b4ad03c319e92?s=96&r=g","caption":"Juliano Passaro"},"description":"Juliano Passaro escreve sobre pol\u00edtica, economia e neg\u00f3cios para o portal da Suno Research. Antes da Suno, trabalhou no Portal da Band. \u00c9 formado em jornalismo pela Universidade Presbiteriana Mackenzie.","url":"https:\/\/www.suno.com.br\/noticias\/author\/juliano\/"}]}},"default_loop_html":"<div class=\"cardsPage__listCard__boxs\"><div class=\"cardsPage__listCard__boxs__img\"><a href=\"https:\/\/www.suno.com.br\/noticias\/concluir-votacao-previdencia-nesta-terca-marinho\/\"><img class=\"mask\" src=\"https:\/\/www.suno.com.br\/noticias\/wp-content\/themes\/suno\/resources\/images\/spotlight\/spotlight1img\/bg-mask.png\" alt=\"Image Mask\"\/><img src=\"https:\/\/files.sunoresearch.com.br\/n\/uploads\/2019\/10\/6d5866f8-marinho-previdencia-400x200.webp\" alt=\"Expectativa \u00e9 de concluir vota\u00e7\u00e3o da Previd\u00eancia na ter\u00e7a, diz Marinho\"\/><\/a><span class=\"spotlightCategory\"><a href=\"https:\/\/www.suno.com.br\/noticias\/economia\/\">Economia<\/a><\/span><\/div><div class=\"cardsPage__listCard__boxs__content\"><a href=\"https:\/\/www.suno.com.br\/noticias\/concluir-votacao-previdencia-nesta-terca-marinho\/\"><h2 class=\"content__title\">Expectativa \u00e9 de concluir vota\u00e7\u00e3o da Previd\u00eancia na ter\u00e7a, diz Marinho<\/h2><\/a><div class=\"newsContent__article__meta\"><div class=\"newsContent__article__meta__authorBox\"><a href=\"https:\/\/www.suno.com.br\/noticias\/author\/juliano\/\" class=\"authorBox__avatar noMobi\"><img src=\"https:\/\/files.sunoresearch.com.br\/n\/uploads\/2019\/06\/7cc3efea-whatsapp-image-2019-07-18-at-21.59.33-e1563499821209-150x150.webp\" alt=\"Juliano Passaro\"><\/a><div class=\"authorBox__name\"><span>por\n\t\t\t<a href=\"https:\/\/www.suno.com.br\/noticias\/author\/juliano\/\"><span itemprop=\"author\">Juliano Passaro<\/span><\/a><\/span><time datetime=\"2019-10-21T16:03:14-03:00\" itemprop=\"datePublished\">21\/10\/2019 16:03<\/time><\/div><\/div><\/div><\/div><\/div>","single_layout":"posts","amp_enabled":true,"_links":{"self":[{"href":"https:\/\/www.suno.com.br\/noticias\/wp-json\/wp\/v2\/posts\/41816"}],"collection":[{"href":"https:\/\/www.suno.com.br\/noticias\/wp-json\/wp\/v2\/posts"}],"about":[{"href":"https:\/\/www.suno.com.br\/noticias\/wp-json\/wp\/v2\/types\/post"}],"author":[{"embeddable":true,"href":"https:\/\/www.suno.com.br\/noticias\/wp-json\/wp\/v2\/users\/19"}],"replies":[{"embeddable":true,"href":"https:\/\/www.suno.com.br\/noticias\/wp-json\/wp\/v2\/comments?post=41816"}],"version-history":[{"count":0,"href":"https:\/\/www.suno.com.br\/noticias\/wp-json\/wp\/v2\/posts\/41816\/revisions"}],"wp:featuredmedia":[{"embeddable":true,"href":"https:\/\/www.suno.com.br\/noticias\/wp-json\/wp\/v2\/media\/41819"}],"wp:attachment":[{"href":"https:\/\/www.suno.com.br\/noticias\/wp-json\/wp\/v2\/media?parent=41816"}],"wp:term":[{"taxonomy":"category","embeddable":true,"href":"https:\/\/www.suno.com.br\/noticias\/wp-json\/wp\/v2\/categories?post=41816"},{"taxonomy":"post_tag","embeddable":true,"href":"https:\/\/www.suno.com.br\/noticias\/wp-json\/wp\/v2\/tags?post=41816"},{"taxonomy":"suno_strategy","embeddable":true,"href":"https:\/\/www.suno.com.br\/noticias\/wp-json\/wp\/v2\/suno_strategy?post=41816"}],"curies":[{"name":"wp","href":"https:\/\/api.w.org\/{rel}","templated":true}]}}