{"id":418131,"date":"2023-06-19T08:03:22","date_gmt":"2023-06-19T11:03:22","guid":{"rendered":"https:\/\/www.suno.com.br\/noticias\/?p=418131"},"modified":"2023-06-19T08:03:29","modified_gmt":"2023-06-19T11:03:29","slug":"eve-air-mobility-subsidiaria-embraer-embr3-fornecedores","status":"publish","type":"post","link":"https:\/\/www.suno.com.br\/noticias\/eve-air-mobility-subsidiaria-embraer-embr3-fornecedores\/","title":{"rendered":"Embraer (EMBR3): Eve Air Mobility anuncia tr\u00eas primeiros fornecedores de sua aeronave el\u00e9trica"},"content":{"rendered":"<p>A Eve Air Mobility, subsidi\u00e1ria da <a class=\"suno-keyword\" data-force=\"yes\" data-priority=\"2\" href=\"https:\/\/www.suno.com.br\/acoes\/EMBR3\/\" target=\"_blank\" rel=\"noopener\"><strong>Embraer <\/strong>(EMBR3)<\/a> focada em mobilidade a\u00e9rea, anunciou seus tr\u00eas primeiros fornecedores para uma aeronave el\u00e9trica de decolagem e pouso vertical (eVTOL). Os fornecedores s\u00e3o a BAE System, a DUC H\u00e9lice Propellers e a Nidec Aerospace LLC.<\/p>\t<div class=\"wrapper-featured-image\">\n\t\t<figure class=\"spotlightImg\">\n\n\t\t\t<picture>\n\t\t\t\t<source media=\"(max-width: 768px)\" srcset=\"https:\/\/files.sunoresearch.com.br\/n\/uploads\/2023\/06\/embraer-eve-400x200.jpg\">\n\t\t\t\t<img loading=\"lazy\" decoding=\"async\" class=\"newsContent__article__imgCapa lazyloadDisabled \" src=\"https:\/\/files.sunoresearch.com.br\/n\/uploads\/2023\/06\/embraer-eve-800x450.jpg\" width=\"800\" height=\"450\" alt=\"Embraer (EMBR3): Eve Air Mobility anuncia tr\u00eas primeiros fornecedores de sua aeronave el\u00e9trica\" fetchpriority=high \/>\n\t\t\t<\/picture>\n\n\t\t\t<figcaption class=\"wp-caption-text wp-caption-text--show\">eVTOL da Eve Air Mobility, subsidi\u00e1ria da Embraer - Foto: Divulga\u00e7\u00e3o<\/figcaption>\n\t\t<\/figure>\n\t<\/div>\n\n\n\n\n\n\t<p>\n\t\t<a href=\"https:\/\/lp.suno.com.br\/planilha-da-vida-financeira\/\" target=\"_blank\" data-element=\"shortcode-suno-banner\" title=\"Banner SUNO, clique e saiba mais\">\n\t\t\t<picture>\n\t\t\t\t<source media=\"(max-width: 500px)\" srcset=\"https:\/\/files.sunoresearch.com.br\/n\/uploads\/2023\/04\/400x300-Planilha-vida-financeira-true.png\">\n\t\t\t\t<img class=\"newsContent__article__imgCapa newsContent__article__imgCapa--banner\"\n\t\t\t\t\tsrc=\"https:\/\/files.sunoresearch.com.br\/n\/uploads\/2023\/04\/1420x240-Planilha-vida-financeira-true.png\"\n\t\t\t\t\tdata-promo-id=\"106682\"\t\t\t\t\t\t\t\t\t\twidth='1420' height='240'\t\t\t\t\talt=\"https:\/\/files.sunoresearch.com.br\/n\/uploads\/2023\/04\/1420x240-Planilha-vida-financeira-true.png\"\n\t\t\t\t>\n\t\t\t<\/picture>\n\t\t<\/a>\n\t<\/p>\n\n\n\n\n\n\n\n<p>A BAE System fornecer\u00e1 o sistema de armazenamento de energia para a <strong>subsidi\u00e1ria da Embraer<\/strong>. A empresa tem mais de 25 anos de experi\u00eancia no fornecimento de energia el\u00e9trica e propuls\u00e3o para \u00f4nibus e outros ve\u00edculos pesados.<\/p>\n\n\n\n<p>A DUC H\u00e9lice Propellers ser\u00e1 respons\u00e1vel pela fabrica\u00e7\u00e3o dos rotores para os oito motores de sustenta\u00e7\u00e3o e a h\u00e9lice de cruzeiro. <\/p>\n\n\n\n<p>A empresa, com sede na Fran\u00e7a, faz an\u00e1lises, projetos, desenvolvimento, fabrica\u00e7\u00e3o e manuten\u00e7\u00e3o de h\u00e9lices, rotores, ventiladores e outros acess\u00f3rios aeron\u00e1uticos compostos de carbono.<\/p>\n\n\n\n<p>J\u00e1 a Nidec Aerospace LLC \u00e9 uma <a class=\"suno-keyword\" data-force=\"no\" data-priority=\"2\" href=\"https:\/\/www.suno.com.br\/artigos\/joint-venture\/\" target=\"_blank\" rel=\"noopener\">joint venture<\/a> entre a japonesa Nidec Corporation e a Embraer, que foi lan\u00e7ada ontem. <\/p>\n\n\n\n<p>A empresa desenvolver\u00e1 o sistema de propuls\u00e3o el\u00e9trica do <strong>eVTOL <\/strong>da Eve. A Nidec Corporation \u00e9 l\u00edder mundial na fabrica\u00e7\u00e3o de motores diversos.<\/p>\n\n\n\n<p>A <strong>Eve <\/strong>espera nomear em breve fornecedores adicionais de componentes, incluindo sistemas de controle de voo, avi\u00f4nica, estrutura a\u00e9rea e sistemas de gerenciamento de energia. <\/p>\n\n\n\n<p>A subsidi\u00e1ria da <strong>Embraer<\/strong> planeja iniciar a montagem do primeiro prot\u00f3tipo do eVTOL durante a segunda metade de 2023, seguido pela campanha de testes em 2024. As primeiras entregas e a entrada em servi\u00e7o da aeronave est\u00e3o programadas para 2026.<\/p>\n\n\n\n<h2 class=\"wp-block-heading\">Cota\u00e7\u00e3o das a\u00e7\u00f5es da Embraer<\/h2>\n\n\n\n<div class=\"pluginQuotation\">\n  <p class=\"ticker\">\n    Cota\u00e7\u00e3o <span>EMBR3<\/span>\n  <\/p>\n  <div class=\"info\">\n    <div class=\"leftSide\">\n      Gr\u00e1fico gerado em: 19\/06\/2023    <\/div>\n\t\t\t\t\t<div class=\"rightSide\">\n\t\t\t\t\t<span class=\"period\">\n\t\t\t\t\t\t1 Ano\t\t\t\t\t<\/span>\n\t\t\t<\/div>\n\t\t  <\/div>\n\n  <div id=\"chart-06b42b2106db20e255f3c84d391cc2b2\" data-block-hash=\"06b42b2106db20e255f3c84d391cc2b2\"  class=\"chart\" style=\"width:100%;height:400px;\"><\/div>\n\n  <div class=\"pluginQuotation__footer\">\n    <div class=\"dataChart\">\n\n      <div class=\"dataChart__div1 variation\">\n        <div class=\"value-positive\">\n          77,83 (+8,81%)        <\/div>\n        <div class=\"text\">\n          Varia\u00e7\u00e3o do per\u00edodo\n        <\/div>\n      <\/div>\n\n      <div class=\"dataChart__div2 minMax\">\n        <div class=\"value\">\n          R$\u00a010,87        <\/div>\n        <div class=\"text\">\n          M\u00ednima\n        <\/div>\n      <\/div>\n\n      <div class=\"dataChart__div3 minMax\">\n        <div class=\"value\">\n          R$\u00a021,05        <\/div>\n        <div class=\"text\">\n          M\u00e1xima\n        <\/div>\n      <\/div>\n\n\t\t\t<div class=\"dataChart__div4 rightSide\">\n\t\t\t\t<div class=\"analiticaSource\">\n\t\t\t\t\t<span>\n\t\t\t\t\t\tFonte:\n\t\t\t\t\t<\/span>\n\t\t\t\t\t<img decoding=\"async\" class=\"analiticaLogo\" src=\"https:\/\/www.suno.com.br\/noticias\/wp-content\/plugins\/suno-block-ticker-quotation\/src\/suno-analitica-logo.png\" alt=\"Logo Suno Anal\u00edtica\" \/>\n\t\t\t\t<\/div>\n\n\t\t\t\t<a href=\"https:\/\/www.suno.com.br\/analitica\/acoes\/EMBR3\" target=\"_blank\">\n\t\t\t\t\t<span>\n\t\t\t\t\t\tVer mais cota\u00e7\u00f5es\n\t\t\t\t\t<\/span>\n\t\t\t\t\t<svg xmlns=\"http:\/\/www.w3.org\/2000\/svg\" width=\"9\" height=\"8\" viewBox=\"0 0 9 8\" fill=\"none\">\n\t\t\t\t\t\t<path d=\"M4.20996 0L3.50496 0.705L6.29496 3.5H0.209961V4.5H6.29496L3.50496 7.295L4.20996 8L8.20996 4L4.20996 0Z\" fill=\"#D42126\" \/>\n\t\t\t\t\t<\/svg>\n\t\t\t\t<\/a>\n    <\/div>\n\n    <\/div>\n  <\/div>\n<\/div>\n\n\n<script type=\"text\/javascript\">\n  let chart_06b42b2106db20e255f3c84d391cc2b2 = document.getElementById('chart-06b42b2106db20e255f3c84d391cc2b2');\n  let data_json_06b42b2106db20e255f3c84d391cc2b2 = \"[{\\\"date\\\":\\\"20\\\\\\\/06\\\\\\\/22 \\\",\\\"value\\\":11.32},{\\\"date\\\":\\\"21\\\\\\\/06\\\\\\\/22 \\\",\\\"value\\\":11.67},{\\\"date\\\":\\\"22\\\\\\\/06\\\\\\\/22 \\\",\\\"value\\\":11.85},{\\\"date\\\":\\\"23\\\\\\\/06\\\\\\\/22 \\\",\\\"value\\\":12.16},{\\\"date\\\":\\\"24\\\\\\\/06\\\\\\\/22 \\\",\\\"value\\\":12.5},{\\\"date\\\":\\\"27\\\\\\\/06\\\\\\\/22 \\\",\\\"value\\\":12.25},{\\\"date\\\":\\\"28\\\\\\\/06\\\\\\\/22 \\\",\\\"value\\\":12.09},{\\\"date\\\":\\\"29\\\\\\\/06\\\\\\\/22 \\\",\\\"value\\\":11.81},{\\\"date\\\":\\\"30\\\\\\\/06\\\\\\\/22 \\\",\\\"value\\\":11.44},{\\\"date\\\":\\\"01\\\\\\\/07\\\\\\\/22 \\\",\\\"value\\\":11.84},{\\\"date\\\":\\\"04\\\\\\\/07\\\\\\\/22 \\\",\\\"value\\\":11.67},{\\\"date\\\":\\\"05\\\\\\\/07\\\\\\\/22 \\\",\\\"value\\\":11.55},{\\\"date\\\":\\\"06\\\\\\\/07\\\\\\\/22 \\\",\\\"value\\\":11.49},{\\\"date\\\":\\\"07\\\\\\\/07\\\\\\\/22 \\\",\\\"value\\\":11.68},{\\\"date\\\":\\\"08\\\\\\\/07\\\\\\\/22 \\\",\\\"value\\\":11.47},{\\\"date\\\":\\\"11\\\\\\\/07\\\\\\\/22 \\\",\\\"value\\\":10.87},{\\\"date\\\":\\\"12\\\\\\\/07\\\\\\\/22 \\\",\\\"value\\\":11.25},{\\\"date\\\":\\\"13\\\\\\\/07\\\\\\\/22 \\\",\\\"value\\\":11.19},{\\\"date\\\":\\\"14\\\\\\\/07\\\\\\\/22 \\\",\\\"value\\\":11.2},{\\\"date\\\":\\\"15\\\\\\\/07\\\\\\\/22 \\\",\\\"value\\\":11.16},{\\\"date\\\":\\\"18\\\\\\\/07\\\\\\\/22 \\\",\\\"value\\\":11.3},{\\\"date\\\":\\\"19\\\\\\\/07\\\\\\\/22 \\\",\\\"value\\\":12.17},{\\\"date\\\":\\\"20\\\\\\\/07\\\\\\\/22 \\\",\\\"value\\\":12.15},{\\\"date\\\":\\\"21\\\\\\\/07\\\\\\\/22 \\\",\\\"value\\\":11.98},{\\\"date\\\":\\\"22\\\\\\\/07\\\\\\\/22 \\\",\\\"value\\\":11.87},{\\\"date\\\":\\\"25\\\\\\\/07\\\\\\\/22 \\\",\\\"value\\\":11.79},{\\\"date\\\":\\\"26\\\\\\\/07\\\\\\\/22 \\\",\\\"value\\\":11.6},{\\\"date\\\":\\\"27\\\\\\\/07\\\\\\\/22 \\\",\\\"value\\\":11.93},{\\\"date\\\":\\\"28\\\\\\\/07\\\\\\\/22 \\\",\\\"value\\\":11.8},{\\\"date\\\":\\\"29\\\\\\\/07\\\\\\\/22 \\\",\\\"value\\\":11.75},{\\\"date\\\":\\\"01\\\\\\\/08\\\\\\\/22 \\\",\\\"value\\\":12.03},{\\\"date\\\":\\\"02\\\\\\\/08\\\\\\\/22 \\\",\\\"value\\\":12.12},{\\\"date\\\":\\\"03\\\\\\\/08\\\\\\\/22 \\\",\\\"value\\\":12.59},{\\\"date\\\":\\\"04\\\\\\\/08\\\\\\\/22 \\\",\\\"value\\\":13.28},{\\\"date\\\":\\\"05\\\\\\\/08\\\\\\\/22 \\\",\\\"value\\\":13.36},{\\\"date\\\":\\\"08\\\\\\\/08\\\\\\\/22 \\\",\\\"value\\\":13.73},{\\\"date\\\":\\\"09\\\\\\\/08\\\\\\\/22 \\\",\\\"value\\\":13.68},{\\\"date\\\":\\\"10\\\\\\\/08\\\\\\\/22 \\\",\\\"value\\\":14.19},{\\\"date\\\":\\\"11\\\\\\\/08\\\\\\\/22 \\\",\\\"value\\\":14.3},{\\\"date\\\":\\\"12\\\\\\\/08\\\\\\\/22 \\\",\\\"value\\\":14.69},{\\\"date\\\":\\\"15\\\\\\\/08\\\\\\\/22 \\\",\\\"value\\\":14.95},{\\\"date\\\":\\\"16\\\\\\\/08\\\\\\\/22 \\\",\\\"value\\\":15.18},{\\\"date\\\":\\\"17\\\\\\\/08\\\\\\\/22 \\\",\\\"value\\\":15.1},{\\\"date\\\":\\\"18\\\\\\\/08\\\\\\\/22 \\\",\\\"value\\\":15.28},{\\\"date\\\":\\\"19\\\\\\\/08\\\\\\\/22 \\\",\\\"value\\\":14.58},{\\\"date\\\":\\\"22\\\\\\\/08\\\\\\\/22 \\\",\\\"value\\\":13.9},{\\\"date\\\":\\\"23\\\\\\\/08\\\\\\\/22 \\\",\\\"value\\\":14.01},{\\\"date\\\":\\\"24\\\\\\\/08\\\\\\\/22 \\\",\\\"value\\\":14.33},{\\\"date\\\":\\\"25\\\\\\\/08\\\\\\\/22 \\\",\\\"value\\\":14.73},{\\\"date\\\":\\\"26\\\\\\\/08\\\\\\\/22 \\\",\\\"value\\\":14.52},{\\\"date\\\":\\\"29\\\\\\\/08\\\\\\\/22 \\\",\\\"value\\\":14.38},{\\\"date\\\":\\\"30\\\\\\\/08\\\\\\\/22 \\\",\\\"value\\\":14.27},{\\\"date\\\":\\\"31\\\\\\\/08\\\\\\\/22 \\\",\\\"value\\\":13.82},{\\\"date\\\":\\\"01\\\\\\\/09\\\\\\\/22 \\\",\\\"value\\\":13.49},{\\\"date\\\":\\\"02\\\\\\\/09\\\\\\\/22 \\\",\\\"value\\\":13.35},{\\\"date\\\":\\\"05\\\\\\\/09\\\\\\\/22 \\\",\\\"value\\\":13.14},{\\\"date\\\":\\\"06\\\\\\\/09\\\\\\\/22 \\\",\\\"value\\\":13.05},{\\\"date\\\":\\\"08\\\\\\\/09\\\\\\\/22 \\\",\\\"value\\\":13.5},{\\\"date\\\":\\\"09\\\\\\\/09\\\\\\\/22 \\\",\\\"value\\\":13.62},{\\\"date\\\":\\\"12\\\\\\\/09\\\\\\\/22 \\\",\\\"value\\\":13.61},{\\\"date\\\":\\\"13\\\\\\\/09\\\\\\\/22 \\\",\\\"value\\\":13.13},{\\\"date\\\":\\\"14\\\\\\\/09\\\\\\\/22 \\\",\\\"value\\\":13.14},{\\\"date\\\":\\\"15\\\\\\\/09\\\\\\\/22 \\\",\\\"value\\\":13.61},{\\\"date\\\":\\\"16\\\\\\\/09\\\\\\\/22 \\\",\\\"value\\\":13.25},{\\\"date\\\":\\\"19\\\\\\\/09\\\\\\\/22 \\\",\\\"value\\\":13.48},{\\\"date\\\":\\\"20\\\\\\\/09\\\\\\\/22 \\\",\\\"value\\\":13.99},{\\\"date\\\":\\\"21\\\\\\\/09\\\\\\\/22 \\\",\\\"value\\\":13.68},{\\\"date\\\":\\\"22\\\\\\\/09\\\\\\\/22 \\\",\\\"value\\\":13.68},{\\\"date\\\":\\\"23\\\\\\\/09\\\\\\\/22 \\\",\\\"value\\\":12.66},{\\\"date\\\":\\\"26\\\\\\\/09\\\\\\\/22 \\\",\\\"value\\\":12.47},{\\\"date\\\":\\\"27\\\\\\\/09\\\\\\\/22 \\\",\\\"value\\\":12.59},{\\\"date\\\":\\\"28\\\\\\\/09\\\\\\\/22 \\\",\\\"value\\\":12.84},{\\\"date\\\":\\\"29\\\\\\\/09\\\\\\\/22 \\\",\\\"value\\\":11.95},{\\\"date\\\":\\\"30\\\\\\\/09\\\\\\\/22 \\\",\\\"value\\\":11.65},{\\\"date\\\":\\\"03\\\\\\\/10\\\\\\\/22 \\\",\\\"value\\\":12.15},{\\\"date\\\":\\\"04\\\\\\\/10\\\\\\\/22 \\\",\\\"value\\\":12.64},{\\\"date\\\":\\\"05\\\\\\\/10\\\\\\\/22 \\\",\\\"value\\\":12.61},{\\\"date\\\":\\\"06\\\\\\\/10\\\\\\\/22 \\\",\\\"value\\\":12.86},{\\\"date\\\":\\\"07\\\\\\\/10\\\\\\\/22 \\\",\\\"value\\\":12.36},{\\\"date\\\":\\\"10\\\\\\\/10\\\\\\\/22 \\\",\\\"value\\\":12.54},{\\\"date\\\":\\\"11\\\\\\\/10\\\\\\\/22 \\\",\\\"value\\\":12.18},{\\\"date\\\":\\\"13\\\\\\\/10\\\\\\\/22 \\\",\\\"value\\\":11.59},{\\\"date\\\":\\\"14\\\\\\\/10\\\\\\\/22 \\\",\\\"value\\\":11.4},{\\\"date\\\":\\\"17\\\\\\\/10\\\\\\\/22 \\\",\\\"value\\\":12.15},{\\\"date\\\":\\\"18\\\\\\\/10\\\\\\\/22 \\\",\\\"value\\\":12.53},{\\\"date\\\":\\\"19\\\\\\\/10\\\\\\\/22 \\\",\\\"value\\\":12.35},{\\\"date\\\":\\\"20\\\\\\\/10\\\\\\\/22 \\\",\\\"value\\\":12.35},{\\\"date\\\":\\\"21\\\\\\\/10\\\\\\\/22 \\\",\\\"value\\\":12.53},{\\\"date\\\":\\\"24\\\\\\\/10\\\\\\\/22 \\\",\\\"value\\\":12.62},{\\\"date\\\":\\\"25\\\\\\\/10\\\\\\\/22 \\\",\\\"value\\\":13.15},{\\\"date\\\":\\\"26\\\\\\\/10\\\\\\\/22 \\\",\\\"value\\\":12.77},{\\\"date\\\":\\\"27\\\\\\\/10\\\\\\\/22 \\\",\\\"value\\\":12.9},{\\\"date\\\":\\\"28\\\\\\\/10\\\\\\\/22 \\\",\\\"value\\\":13.13},{\\\"date\\\":\\\"31\\\\\\\/10\\\\\\\/22 \\\",\\\"value\\\":13.75},{\\\"date\\\":\\\"01\\\\\\\/11\\\\\\\/22 \\\",\\\"value\\\":13.72},{\\\"date\\\":\\\"03\\\\\\\/11\\\\\\\/22 \\\",\\\"value\\\":13.59},{\\\"date\\\":\\\"04\\\\\\\/11\\\\\\\/22 \\\",\\\"value\\\":13.54},{\\\"date\\\":\\\"07\\\\\\\/11\\\\\\\/22 \\\",\\\"value\\\":13.33},{\\\"date\\\":\\\"08\\\\\\\/11\\\\\\\/22 \\\",\\\"value\\\":13.35},{\\\"date\\\":\\\"09\\\\\\\/11\\\\\\\/22 \\\",\\\"value\\\":13.35},{\\\"date\\\":\\\"10\\\\\\\/11\\\\\\\/22 \\\",\\\"value\\\":13.45},{\\\"date\\\":\\\"11\\\\\\\/11\\\\\\\/22 \\\",\\\"value\\\":13.93},{\\\"date\\\":\\\"14\\\\\\\/11\\\\\\\/22 \\\",\\\"value\\\":13.08},{\\\"date\\\":\\\"16\\\\\\\/11\\\\\\\/22 \\\",\\\"value\\\":14.38},{\\\"date\\\":\\\"17\\\\\\\/11\\\\\\\/22 \\\",\\\"value\\\":13.89},{\\\"date\\\":\\\"18\\\\\\\/11\\\\\\\/22 \\\",\\\"value\\\":14.2},{\\\"date\\\":\\\"21\\\\\\\/11\\\\\\\/22 \\\",\\\"value\\\":14.36},{\\\"date\\\":\\\"22\\\\\\\/11\\\\\\\/22 \\\",\\\"value\\\":14.29},{\\\"date\\\":\\\"23\\\\\\\/11\\\\\\\/22 \\\",\\\"value\\\":14.18},{\\\"date\\\":\\\"24\\\\\\\/11\\\\\\\/22 \\\",\\\"value\\\":14.5},{\\\"date\\\":\\\"25\\\\\\\/11\\\\\\\/22 \\\",\\\"value\\\":14.31},{\\\"date\\\":\\\"28\\\\\\\/11\\\\\\\/22 \\\",\\\"value\\\":14.02},{\\\"date\\\":\\\"29\\\\\\\/11\\\\\\\/22 \\\",\\\"value\\\":13.51},{\\\"date\\\":\\\"30\\\\\\\/11\\\\\\\/22 \\\",\\\"value\\\":13.55},{\\\"date\\\":\\\"01\\\\\\\/12\\\\\\\/22 \\\",\\\"value\\\":13.86},{\\\"date\\\":\\\"02\\\\\\\/12\\\\\\\/22 \\\",\\\"value\\\":13.98},{\\\"date\\\":\\\"05\\\\\\\/12\\\\\\\/22 \\\",\\\"value\\\":13.54},{\\\"date\\\":\\\"06\\\\\\\/12\\\\\\\/22 \\\",\\\"value\\\":13.63},{\\\"date\\\":\\\"07\\\\\\\/12\\\\\\\/22 \\\",\\\"value\\\":13.54},{\\\"date\\\":\\\"08\\\\\\\/12\\\\\\\/22 \\\",\\\"value\\\":13.25},{\\\"date\\\":\\\"09\\\\\\\/12\\\\\\\/22 \\\",\\\"value\\\":13.11},{\\\"date\\\":\\\"12\\\\\\\/12\\\\\\\/22 \\\",\\\"value\\\":13.34},{\\\"date\\\":\\\"13\\\\\\\/12\\\\\\\/22 \\\",\\\"value\\\":13.38},{\\\"date\\\":\\\"14\\\\\\\/12\\\\\\\/22 \\\",\\\"value\\\":13.89},{\\\"date\\\":\\\"15\\\\\\\/12\\\\\\\/22 \\\",\\\"value\\\":13.52},{\\\"date\\\":\\\"16\\\\\\\/12\\\\\\\/22 \\\",\\\"value\\\":13.55},{\\\"date\\\":\\\"19\\\\\\\/12\\\\\\\/22 \\\",\\\"value\\\":13.58},{\\\"date\\\":\\\"20\\\\\\\/12\\\\\\\/22 \\\",\\\"value\\\":13.99},{\\\"date\\\":\\\"21\\\\\\\/12\\\\\\\/22 \\\",\\\"value\\\":14.06},{\\\"date\\\":\\\"22\\\\\\\/12\\\\\\\/22 \\\",\\\"value\\\":14.03},{\\\"date\\\":\\\"23\\\\\\\/12\\\\\\\/22 \\\",\\\"value\\\":14.11},{\\\"date\\\":\\\"26\\\\\\\/12\\\\\\\/22 \\\",\\\"value\\\":14.02},{\\\"date\\\":\\\"27\\\\\\\/12\\\\\\\/22 \\\",\\\"value\\\":13.96},{\\\"date\\\":\\\"28\\\\\\\/12\\\\\\\/22 \\\",\\\"value\\\":14.2},{\\\"date\\\":\\\"29\\\\\\\/12\\\\\\\/22 \\\",\\\"value\\\":14.31},{\\\"date\\\":\\\"02\\\\\\\/01\\\\\\\/23 \\\",\\\"value\\\":14.3},{\\\"date\\\":\\\"03\\\\\\\/01\\\\\\\/23 \\\",\\\"value\\\":14.57},{\\\"date\\\":\\\"04\\\\\\\/01\\\\\\\/23 \\\",\\\"value\\\":14.97},{\\\"date\\\":\\\"05\\\\\\\/01\\\\\\\/23 \\\",\\\"value\\\":14.8},{\\\"date\\\":\\\"06\\\\\\\/01\\\\\\\/23 \\\",\\\"value\\\":14.55},{\\\"date\\\":\\\"09\\\\\\\/01\\\\\\\/23 \\\",\\\"value\\\":14.81},{\\\"date\\\":\\\"10\\\\\\\/01\\\\\\\/23 \\\",\\\"value\\\":15.09},{\\\"date\\\":\\\"11\\\\\\\/01\\\\\\\/23 \\\",\\\"value\\\":15.59},{\\\"date\\\":\\\"12\\\\\\\/01\\\\\\\/23 \\\",\\\"value\\\":15.71},{\\\"date\\\":\\\"13\\\\\\\/01\\\\\\\/23 \\\",\\\"value\\\":15.75},{\\\"date\\\":\\\"16\\\\\\\/01\\\\\\\/23 \\\",\\\"value\\\":16.37},{\\\"date\\\":\\\"17\\\\\\\/01\\\\\\\/23 \\\",\\\"value\\\":16.36},{\\\"date\\\":\\\"18\\\\\\\/01\\\\\\\/23 \\\",\\\"value\\\":16.3},{\\\"date\\\":\\\"19\\\\\\\/01\\\\\\\/23 \\\",\\\"value\\\":16.37},{\\\"date\\\":\\\"20\\\\\\\/01\\\\\\\/23 \\\",\\\"value\\\":16.18},{\\\"date\\\":\\\"23\\\\\\\/01\\\\\\\/23 \\\",\\\"value\\\":16.32},{\\\"date\\\":\\\"24\\\\\\\/01\\\\\\\/23 \\\",\\\"value\\\":16.79},{\\\"date\\\":\\\"25\\\\\\\/01\\\\\\\/23 \\\",\\\"value\\\":16.79},{\\\"date\\\":\\\"26\\\\\\\/01\\\\\\\/23 \\\",\\\"value\\\":16.68},{\\\"date\\\":\\\"27\\\\\\\/01\\\\\\\/23 \\\",\\\"value\\\":16.36},{\\\"date\\\":\\\"30\\\\\\\/01\\\\\\\/23 \\\",\\\"value\\\":16.34},{\\\"date\\\":\\\"31\\\\\\\/01\\\\\\\/23 \\\",\\\"value\\\":16.35},{\\\"date\\\":\\\"01\\\\\\\/02\\\\\\\/23 \\\",\\\"value\\\":16.32},{\\\"date\\\":\\\"02\\\\\\\/02\\\\\\\/23 \\\",\\\"value\\\":16.52},{\\\"date\\\":\\\"03\\\\\\\/02\\\\\\\/23 \\\",\\\"value\\\":16.47},{\\\"date\\\":\\\"06\\\\\\\/02\\\\\\\/23 \\\",\\\"value\\\":16.46},{\\\"date\\\":\\\"07\\\\\\\/02\\\\\\\/23 \\\",\\\"value\\\":16.97},{\\\"date\\\":\\\"08\\\\\\\/02\\\\\\\/23 \\\",\\\"value\\\":16.64},{\\\"date\\\":\\\"09\\\\\\\/02\\\\\\\/23 \\\",\\\"value\\\":16.25},{\\\"date\\\":\\\"10\\\\\\\/02\\\\\\\/23 \\\",\\\"value\\\":16.12},{\\\"date\\\":\\\"13\\\\\\\/02\\\\\\\/23 \\\",\\\"value\\\":16},{\\\"date\\\":\\\"14\\\\\\\/02\\\\\\\/23 \\\",\\\"value\\\":16.24},{\\\"date\\\":\\\"15\\\\\\\/02\\\\\\\/23 \\\",\\\"value\\\":16.42},{\\\"date\\\":\\\"16\\\\\\\/02\\\\\\\/23 \\\",\\\"value\\\":16.24},{\\\"date\\\":\\\"17\\\\\\\/02\\\\\\\/23 \\\",\\\"value\\\":16.39},{\\\"date\\\":\\\"22\\\\\\\/02\\\\\\\/23 \\\",\\\"value\\\":16.1},{\\\"date\\\":\\\"23\\\\\\\/02\\\\\\\/23 \\\",\\\"value\\\":16.07},{\\\"date\\\":\\\"24\\\\\\\/02\\\\\\\/23 \\\",\\\"value\\\":16.08},{\\\"date\\\":\\\"27\\\\\\\/02\\\\\\\/23 \\\",\\\"value\\\":16.08},{\\\"date\\\":\\\"28\\\\\\\/02\\\\\\\/23 \\\",\\\"value\\\":16.59},{\\\"date\\\":\\\"01\\\\\\\/03\\\\\\\/23 \\\",\\\"value\\\":16.89},{\\\"date\\\":\\\"02\\\\\\\/03\\\\\\\/23 \\\",\\\"value\\\":17.38},{\\\"date\\\":\\\"03\\\\\\\/03\\\\\\\/23 \\\",\\\"value\\\":17.95},{\\\"date\\\":\\\"06\\\\\\\/03\\\\\\\/23 \\\",\\\"value\\\":18},{\\\"date\\\":\\\"07\\\\\\\/03\\\\\\\/23 \\\",\\\"value\\\":18.23},{\\\"date\\\":\\\"08\\\\\\\/03\\\\\\\/23 \\\",\\\"value\\\":18.15},{\\\"date\\\":\\\"09\\\\\\\/03\\\\\\\/23 \\\",\\\"value\\\":17.98},{\\\"date\\\":\\\"10\\\\\\\/03\\\\\\\/23 \\\",\\\"value\\\":19},{\\\"date\\\":\\\"13\\\\\\\/03\\\\\\\/23 \\\",\\\"value\\\":18.8},{\\\"date\\\":\\\"14\\\\\\\/03\\\\\\\/23 \\\",\\\"value\\\":19.53},{\\\"date\\\":\\\"15\\\\\\\/03\\\\\\\/23 \\\",\\\"value\\\":19.51},{\\\"date\\\":\\\"16\\\\\\\/03\\\\\\\/23 \\\",\\\"value\\\":19.99},{\\\"date\\\":\\\"17\\\\\\\/03\\\\\\\/23 \\\",\\\"value\\\":20.17},{\\\"date\\\":\\\"20\\\\\\\/03\\\\\\\/23 \\\",\\\"value\\\":19.95},{\\\"date\\\":\\\"21\\\\\\\/03\\\\\\\/23 \\\",\\\"value\\\":20.28},{\\\"date\\\":\\\"22\\\\\\\/03\\\\\\\/23 \\\",\\\"value\\\":20.18},{\\\"date\\\":\\\"23\\\\\\\/03\\\\\\\/23 \\\",\\\"value\\\":20.54},{\\\"date\\\":\\\"24\\\\\\\/03\\\\\\\/23 \\\",\\\"value\\\":20.5},{\\\"date\\\":\\\"27\\\\\\\/03\\\\\\\/23 \\\",\\\"value\\\":20.45},{\\\"date\\\":\\\"28\\\\\\\/03\\\\\\\/23 \\\",\\\"value\\\":20.59},{\\\"date\\\":\\\"29\\\\\\\/03\\\\\\\/23 \\\",\\\"value\\\":21.05},{\\\"date\\\":\\\"30\\\\\\\/03\\\\\\\/23 \\\",\\\"value\\\":20.98},{\\\"date\\\":\\\"31\\\\\\\/03\\\\\\\/23 \\\",\\\"value\\\":20.79},{\\\"date\\\":\\\"03\\\\\\\/04\\\\\\\/23 \\\",\\\"value\\\":20.66},{\\\"date\\\":\\\"04\\\\\\\/04\\\\\\\/23 \\\",\\\"value\\\":20.81},{\\\"date\\\":\\\"05\\\\\\\/04\\\\\\\/23 \\\",\\\"value\\\":19.72},{\\\"date\\\":\\\"06\\\\\\\/04\\\\\\\/23 \\\",\\\"value\\\":19.65},{\\\"date\\\":\\\"10\\\\\\\/04\\\\\\\/23 \\\",\\\"value\\\":19.88},{\\\"date\\\":\\\"11\\\\\\\/04\\\\\\\/23 \\\",\\\"value\\\":20.5},{\\\"date\\\":\\\"12\\\\\\\/04\\\\\\\/23 \\\",\\\"value\\\":20.21},{\\\"date\\\":\\\"13\\\\\\\/04\\\\\\\/23 \\\",\\\"value\\\":20.27},{\\\"date\\\":\\\"14\\\\\\\/04\\\\\\\/23 \\\",\\\"value\\\":20.47},{\\\"date\\\":\\\"17\\\\\\\/04\\\\\\\/23 \\\",\\\"value\\\":20.43},{\\\"date\\\":\\\"18\\\\\\\/04\\\\\\\/23 \\\",\\\"value\\\":20.59},{\\\"date\\\":\\\"19\\\\\\\/04\\\\\\\/23 \\\",\\\"value\\\":20.76},{\\\"date\\\":\\\"20\\\\\\\/04\\\\\\\/23 \\\",\\\"value\\\":20.25},{\\\"date\\\":\\\"24\\\\\\\/04\\\\\\\/23 \\\",\\\"value\\\":20.19},{\\\"date\\\":\\\"25\\\\\\\/04\\\\\\\/23 \\\",\\\"value\\\":19.82},{\\\"date\\\":\\\"26\\\\\\\/04\\\\\\\/23 \\\",\\\"value\\\":19.66},{\\\"date\\\":\\\"27\\\\\\\/04\\\\\\\/23 \\\",\\\"value\\\":19.19},{\\\"date\\\":\\\"28\\\\\\\/04\\\\\\\/23 \\\",\\\"value\\\":19.42},{\\\"date\\\":\\\"02\\\\\\\/05\\\\\\\/23 \\\",\\\"value\\\":19.22},{\\\"date\\\":\\\"03\\\\\\\/05\\\\\\\/23 \\\",\\\"value\\\":18.74},{\\\"date\\\":\\\"04\\\\\\\/05\\\\\\\/23 \\\",\\\"value\\\":16.92},{\\\"date\\\":\\\"05\\\\\\\/05\\\\\\\/23 \\\",\\\"value\\\":16.5},{\\\"date\\\":\\\"08\\\\\\\/05\\\\\\\/23 \\\",\\\"value\\\":16.4},{\\\"date\\\":\\\"09\\\\\\\/05\\\\\\\/23 \\\",\\\"value\\\":16.45},{\\\"date\\\":\\\"10\\\\\\\/05\\\\\\\/23 \\\",\\\"value\\\":16.81},{\\\"date\\\":\\\"11\\\\\\\/05\\\\\\\/23 \\\",\\\"value\\\":17.08},{\\\"date\\\":\\\"12\\\\\\\/05\\\\\\\/23 \\\",\\\"value\\\":17.55},{\\\"date\\\":\\\"15\\\\\\\/05\\\\\\\/23 \\\",\\\"value\\\":17.65},{\\\"date\\\":\\\"16\\\\\\\/05\\\\\\\/23 \\\",\\\"value\\\":17.85},{\\\"date\\\":\\\"17\\\\\\\/05\\\\\\\/23 \\\",\\\"value\\\":18.1},{\\\"date\\\":\\\"18\\\\\\\/05\\\\\\\/23 \\\",\\\"value\\\":18.08},{\\\"date\\\":\\\"19\\\\\\\/05\\\\\\\/23 \\\",\\\"value\\\":18.02},{\\\"date\\\":\\\"22\\\\\\\/05\\\\\\\/23 \\\",\\\"value\\\":18.03},{\\\"date\\\":\\\"23\\\\\\\/05\\\\\\\/23 \\\",\\\"value\\\":17.76},{\\\"date\\\":\\\"24\\\\\\\/05\\\\\\\/23 \\\",\\\"value\\\":17.39},{\\\"date\\\":\\\"25\\\\\\\/05\\\\\\\/23 \\\",\\\"value\\\":18.08},{\\\"date\\\":\\\"26\\\\\\\/05\\\\\\\/23 \\\",\\\"value\\\":18.48},{\\\"date\\\":\\\"29\\\\\\\/05\\\\\\\/23 \\\",\\\"value\\\":18.81},{\\\"date\\\":\\\"30\\\\\\\/05\\\\\\\/23 \\\",\\\"value\\\":18.88},{\\\"date\\\":\\\"31\\\\\\\/05\\\\\\\/23 \\\",\\\"value\\\":19.02},{\\\"date\\\":\\\"01\\\\\\\/06\\\\\\\/23 \\\",\\\"value\\\":19.46},{\\\"date\\\":\\\"02\\\\\\\/06\\\\\\\/23 \\\",\\\"value\\\":19.49},{\\\"date\\\":\\\"05\\\\\\\/06\\\\\\\/23 \\\",\\\"value\\\":19.45},{\\\"date\\\":\\\"06\\\\\\\/06\\\\\\\/23 \\\",\\\"value\\\":19.55},{\\\"date\\\":\\\"07\\\\\\\/06\\\\\\\/23 \\\",\\\"value\\\":19.24},{\\\"date\\\":\\\"09\\\\\\\/06\\\\\\\/23 \\\",\\\"value\\\":19.51},{\\\"date\\\":\\\"12\\\\\\\/06\\\\\\\/23 \\\",\\\"value\\\":19.67},{\\\"date\\\":\\\"13\\\\\\\/06\\\\\\\/23 \\\",\\\"value\\\":20.08},{\\\"date\\\":\\\"14\\\\\\\/06\\\\\\\/23 \\\",\\\"value\\\":20.4},{\\\"date\\\":\\\"15\\\\\\\/06\\\\\\\/23 \\\",\\\"value\\\":20.55},{\\\"date\\\":\\\"16\\\\\\\/06\\\\\\\/23 \\\",\\\"value\\\":20.13}]\";\n  let isPositive_06b42b2106db20e255f3c84d391cc2b2 = true;\n\n  let color_06b42b2106db20e255f3c84d391cc2b2 = isPositive_06b42b2106db20e255f3c84d391cc2b2 ? '#3AB53A' : '#D92C2D';\n\n  let data_06b42b2106db20e255f3c84d391cc2b2 = JSON.parse(data_json_06b42b2106db20e255f3c84d391cc2b2);\n\n  const result_06b42b2106db20e255f3c84d391cc2b2 = {\n    date: [],\n    value: [],\n  };\n\n  data_06b42b2106db20e255f3c84d391cc2b2.forEach((item) => {\n    result_06b42b2106db20e255f3c84d391cc2b2.date.push(item.date);\n    result_06b42b2106db20e255f3c84d391cc2b2.value.push(Number(item.value));\n  });\n\n  let option_06b42b2106db20e255f3c84d391cc2b2 = {\n    \/\/ variavel de cor global\n    color: [color_06b42b2106db20e255f3c84d391cc2b2],\n    title: {\n      text: '',\n    },\n    tooltip: {\n      trigger: 'axis',\n      axisPointer: {\n        type: 'cross',\n        label: {\n          \/\/ cor dos valores em X e Y\n          backgroundColor: color_06b42b2106db20e255f3c84d391cc2b2,\n          formatter: (value) => {\n            if (typeof value.value === 'number') {\n              return Number(value.value).toLocaleString('pt-br', {\n                style: 'currency',\n                currency: 'BRL'\n              });\n            }\n            return value.value;\n          },\n        },\n      },\n      valueFormatter: (value) => Number(value).toLocaleString('pt-br', {\n        style: 'currency',\n        currency: 'BRL'\n      }),\n    },\n    legend: {\n      \/\/ data: ['Valor de Fechamento'],\n      show: false,\n    },\n    toolbox: {\n      feature: {\n        saveAsImage: {\n          show: false,\n        },\n      },\n    },\n    grid: {\n      left: '0px',\n      right: '0px',\n      bottom: '0px',\n      containLabel: true,\n    },\n    xAxis: [{\n      type: 'category',\n      data: result_06b42b2106db20e255f3c84d391cc2b2.date,\n      boundaryGap: true,\n    }],\n    yAxis: [{\n      type: 'value',\n      min: Math.min(...result_06b42b2106db20e255f3c84d391cc2b2.value),\n      max: Math.max(...result_06b42b2106db20e255f3c84d391cc2b2.value),\n      axisLabel: {\n        formatter: (value) => value.toLocaleString('pt-br', {\n          style: 'currency',\n          currency: 'BRL'\n        }),\n      },\n    }],\n    series: [{\n      name: 'Valor de Fechamento',\n      type: 'line',\n      stack: 'Total',\n      \/\/ cor do grafico\n      areaStyle: {},\n      emphasis: {\n        focus: 'series',\n      },\n      data: result_06b42b2106db20e255f3c84d391cc2b2.value,\n      \/\/ cor da linha\n      lineStyle: {\n        color: color_06b42b2106db20e255f3c84d391cc2b2,\n      },\n    }, ],\n  };\n\n\twindow.chart_06b42b2106db20e255f3c84d391cc2b2 = {\n\t\tel: chart_06b42b2106db20e255f3c84d391cc2b2,\n\t\toption: option_06b42b2106db20e255f3c84d391cc2b2\t};\n\n\n<\/script>\n\n\n\n<p>Com Estad\u00e3o Conte\u00fado<\/p>\n\n\n\t<p>\n\t\t<a href=\"https:\/\/lp.suno.com.br\/ebook-como-analisar-uma-acao\/\" target=\"_blank\" data-element=\"shortcode-suno-banner\" title=\"Banner SUNO, clique e saiba mais\">\n\t\t\t<picture>\n\t\t\t\t<source media=\"(max-width: 500px)\" srcset=\"https:\/\/files.sunoresearch.com.br\/n\/uploads\/2023\/03\/Ebook-Acoes-Mobile.jpg\">\n\t\t\t\t<img class=\"newsContent__article__imgCapa newsContent__article__imgCapa--banner\"\n\t\t\t\t\tsrc=\"https:\/\/files.sunoresearch.com.br\/n\/uploads\/2023\/03\/Ebook-Acoes-Desktop.jpg\"\n\t\t\t\t\tdata-promo-id=\"378302\"\t\t\t\t\t\t\t\t\t\twidth='1420' height='286'\t\t\t\t\talt=\"https:\/\/files.sunoresearch.com.br\/n\/uploads\/2023\/03\/Ebook-Acoes-Desktop.jpg\"\n\t\t\t\t>\n\t\t\t<\/picture>\n\t\t<\/a>\n\t<\/p>\n\n\n","protected":false},"excerpt":{"rendered":"<p>A Eve Air Mobility, subsidi\u00e1ria da Embraer (EMBR3) focada em mobilidade a\u00e9rea, anunciou seus tr\u00eas primeiros fornecedores para uma aeronave el\u00e9trica de decolagem e pouso vertical (eVTOL). Os fornecedores s\u00e3o a BAE System, a DUC H\u00e9lice Propellers e a Nidec Aerospace LLC. eVTOL da Eve Air Mobility, subsidi\u00e1ria da Embraer &#8211; Foto: Divulga\u00e7\u00e3o A BAE [&hellip;]<\/p>\n","protected":false},"author":43,"featured_media":418215,"comment_status":"closed","ping_status":"closed","sticky":false,"template":"","format":"standard","meta":[],"categories":[64],"tags":[106444,460],"suno_strategy":[],"class_list":["post-418131","post","type-post","status-publish","format-standard","has-post-thumbnail","hentry","category-negocios","tag-agencias","tag-embraer-embr3"],"yoast_head":"<!-- This site is optimized with the Yoast SEO plugin v24.4 - https:\/\/yoast.com\/wordpress\/plugins\/seo\/ -->\n<title>Embraer (EMBR3): Eve anuncia tr\u00eas primeiros fornecedores para &#039;carro voador&#039;<\/title>\n<meta name=\"description\" content=\"A subsidi\u00e1ria da Embraer planeja iniciar a montagem do primeiro prot\u00f3tipo do eVTOL durante a segunda metade de 2023\" \/>\n<meta name=\"robots\" content=\"index, follow, max-snippet:-1, max-image-preview:large, max-video-preview:-1\" \/>\n<link rel=\"canonical\" href=\"https:\/\/www.suno.com.br\/noticias\/eve-air-mobility-subsidiaria-embraer-embr3-fornecedores\/\" \/>\n<meta property=\"og:locale\" content=\"pt_BR\" \/>\n<meta property=\"og:type\" content=\"article\" \/>\n<meta property=\"og:title\" content=\"Embraer (EMBR3): Eve anuncia tr\u00eas primeiros fornecedores para &#039;carro voador&#039;\" \/>\n<meta property=\"og:description\" content=\"A subsidi\u00e1ria da Embraer planeja iniciar a montagem do primeiro prot\u00f3tipo do eVTOL durante a segunda metade de 2023\" \/>\n<meta property=\"og:url\" content=\"https:\/\/www.suno.com.br\/noticias\/eve-air-mobility-subsidiaria-embraer-embr3-fornecedores\/\" \/>\n<meta property=\"og:site_name\" content=\"Suno Not\u00edcias\" \/>\n<meta property=\"article:publisher\" content=\"https:\/\/facebook.com\/sunoresearch\" \/>\n<meta property=\"article:author\" content=\"https:\/\/www.facebook.com\/sunonoticias\/\" \/>\n<meta property=\"og:image\" content=\"https:\/\/files.sunoresearch.com.br\/n\/uploads\/2023\/06\/embraer-eve.jpg\" \/>\n\t<meta property=\"og:image:width\" content=\"1400\" \/>\n\t<meta property=\"og:image:height\" content=\"935\" \/>\n\t<meta property=\"og:image:type\" content=\"image\/jpeg\" \/>\n<meta name=\"author\" content=\"Reda\u00e7\u00e3o Suno Not\u00edcias\" \/>\n<meta name=\"twitter:card\" content=\"summary_large_image\" \/>\n<meta name=\"twitter:creator\" content=\"@https:\/\/twitter.com\/sunoresearch\" \/>\n<meta name=\"twitter:site\" content=\"@sunoresearch\" \/>\n<meta name=\"twitter:label1\" content=\"Escrito por\" \/>\n\t<meta name=\"twitter:data1\" content=\"Reda\u00e7\u00e3o Suno Not\u00edcias\" \/>\n\t<meta name=\"twitter:label2\" content=\"Est. tempo de leitura\" \/>\n\t<meta name=\"twitter:data2\" content=\"2 minutos\" \/>\n<script type=\"application\/ld+json\" class=\"yoast-schema-graph\">{\"@context\":\"https:\/\/schema.org\",\"@graph\":[{\"@type\":\"NewsArticle\",\"@id\":\"https:\/\/www.suno.com.br\/noticias\/eve-air-mobility-subsidiaria-embraer-embr3-fornecedores\/#article\",\"isPartOf\":{\"@id\":\"https:\/\/www.suno.com.br\/noticias\/eve-air-mobility-subsidiaria-embraer-embr3-fornecedores\/\"},\"author\":{\"name\":\"Reda\u00e7\u00e3o Suno Not\u00edcias\",\"@id\":\"https:\/\/www.suno.com.br\/noticias\/#\/schema\/person\/c1b1bd3727fa852bd045e9dbff3673ea\"},\"headline\":\"Embraer (EMBR3): Eve Air Mobility anuncia tr\u00eas primeiros fornecedores de sua aeronave el\u00e9trica\",\"datePublished\":\"2023-06-19T11:03:22+00:00\",\"dateModified\":\"2023-06-19T11:03:29+00:00\",\"mainEntityOfPage\":{\"@id\":\"https:\/\/www.suno.com.br\/noticias\/eve-air-mobility-subsidiaria-embraer-embr3-fornecedores\/\"},\"wordCount\":294,\"publisher\":{\"@id\":\"https:\/\/www.suno.com.br\/noticias\/#organization\"},\"image\":{\"@id\":\"https:\/\/www.suno.com.br\/noticias\/eve-air-mobility-subsidiaria-embraer-embr3-fornecedores\/#primaryimage\"},\"thumbnailUrl\":\"https:\/\/files.sunoresearch.com.br\/n\/uploads\/2023\/06\/embraer-eve.jpg\",\"keywords\":[\"Ag\u00eancias\",\"Embraer (EMBR3)\"],\"articleSection\":[\"Neg\u00f3cios\"],\"inLanguage\":\"pt-BR\"},{\"@type\":\"WebPage\",\"@id\":\"https:\/\/www.suno.com.br\/noticias\/eve-air-mobility-subsidiaria-embraer-embr3-fornecedores\/\",\"url\":\"https:\/\/www.suno.com.br\/noticias\/eve-air-mobility-subsidiaria-embraer-embr3-fornecedores\/\",\"name\":\"Embraer (EMBR3): Eve anuncia tr\u00eas primeiros fornecedores para 'carro voador'\",\"isPartOf\":{\"@id\":\"https:\/\/www.suno.com.br\/noticias\/#website\"},\"primaryImageOfPage\":{\"@id\":\"https:\/\/www.suno.com.br\/noticias\/eve-air-mobility-subsidiaria-embraer-embr3-fornecedores\/#primaryimage\"},\"image\":{\"@id\":\"https:\/\/www.suno.com.br\/noticias\/eve-air-mobility-subsidiaria-embraer-embr3-fornecedores\/#primaryimage\"},\"thumbnailUrl\":\"https:\/\/files.sunoresearch.com.br\/n\/uploads\/2023\/06\/embraer-eve.jpg\",\"datePublished\":\"2023-06-19T11:03:22+00:00\",\"dateModified\":\"2023-06-19T11:03:29+00:00\",\"description\":\"A subsidi\u00e1ria da Embraer planeja iniciar a montagem do primeiro prot\u00f3tipo do eVTOL durante a segunda metade de 2023\",\"breadcrumb\":{\"@id\":\"https:\/\/www.suno.com.br\/noticias\/eve-air-mobility-subsidiaria-embraer-embr3-fornecedores\/#breadcrumb\"},\"inLanguage\":\"pt-BR\",\"potentialAction\":[{\"@type\":\"ReadAction\",\"target\":[\"https:\/\/www.suno.com.br\/noticias\/eve-air-mobility-subsidiaria-embraer-embr3-fornecedores\/\"]}]},{\"@type\":\"ImageObject\",\"inLanguage\":\"pt-BR\",\"@id\":\"https:\/\/www.suno.com.br\/noticias\/eve-air-mobility-subsidiaria-embraer-embr3-fornecedores\/#primaryimage\",\"url\":\"https:\/\/files.sunoresearch.com.br\/n\/uploads\/2023\/06\/embraer-eve.jpg\",\"contentUrl\":\"https:\/\/files.sunoresearch.com.br\/n\/uploads\/2023\/06\/embraer-eve.jpg\",\"width\":1400,\"height\":935,\"caption\":\"eVTOL da Eve Air Mobility, subsidi\u00e1ria da Embraer - Foto: Divulga\u00e7\u00e3o\"},{\"@type\":\"BreadcrumbList\",\"@id\":\"https:\/\/www.suno.com.br\/noticias\/eve-air-mobility-subsidiaria-embraer-embr3-fornecedores\/#breadcrumb\",\"itemListElement\":[{\"@type\":\"ListItem\",\"position\":1,\"name\":\"Not\u00edcias\",\"item\":\"https:\/\/www.suno.com.br\/noticias\/\"},{\"@type\":\"ListItem\",\"position\":2,\"name\":\"Neg\u00f3cios\",\"item\":\"https:\/\/www.suno.com.br\/noticias\/negocios\/\"},{\"@type\":\"ListItem\",\"position\":3,\"name\":\"Embraer (EMBR3): Eve Air Mobility anuncia tr\u00eas primeiros fornecedores de sua aeronave el\u00e9trica\"}]},{\"@type\":\"WebSite\",\"@id\":\"https:\/\/www.suno.com.br\/noticias\/#website\",\"url\":\"https:\/\/www.suno.com.br\/noticias\/\",\"name\":\"Suno Not\u00edcias\",\"description\":\"Seu portal de informa\u00e7\u00e3o sobre o mundo dos investimentos\",\"publisher\":{\"@id\":\"https:\/\/www.suno.com.br\/noticias\/#organization\"},\"potentialAction\":[{\"@type\":\"SearchAction\",\"target\":{\"@type\":\"EntryPoint\",\"urlTemplate\":\"https:\/\/www.suno.com.br\/noticias\/?s={search_term_string}\"},\"query-input\":{\"@type\":\"PropertyValueSpecification\",\"valueRequired\":true,\"valueName\":\"search_term_string\"}}],\"inLanguage\":\"pt-BR\"},{\"@type\":\"Organization\",\"@id\":\"https:\/\/www.suno.com.br\/noticias\/#organization\",\"name\":\"Suno Not\u00edcias\",\"url\":\"https:\/\/www.suno.com.br\/noticias\/\",\"logo\":{\"@type\":\"ImageObject\",\"inLanguage\":\"pt-BR\",\"@id\":\"https:\/\/www.suno.com.br\/noticias\/#\/schema\/logo\/image\/\",\"url\":\"https:\/\/files.sunoresearch.com.br\/n\/uploads\/2021\/09\/suno-logo.png\",\"contentUrl\":\"https:\/\/files.sunoresearch.com.br\/n\/uploads\/2021\/09\/suno-logo.png\",\"width\":180,\"height\":180,\"caption\":\"Suno Not\u00edcias\"},\"image\":{\"@id\":\"https:\/\/www.suno.com.br\/noticias\/#\/schema\/logo\/image\/\"},\"sameAs\":[\"https:\/\/facebook.com\/sunoresearch\",\"https:\/\/x.com\/sunoresearch\",\"https:\/\/www.instagram.com\/suno\",\"https:\/\/www.linkedin.com\/company\/suno-research\/\",\"https:\/\/www.youtube.com\/c\/sunoresearch\"]},{\"@type\":\"Person\",\"@id\":\"https:\/\/www.suno.com.br\/noticias\/#\/schema\/person\/c1b1bd3727fa852bd045e9dbff3673ea\",\"name\":\"Reda\u00e7\u00e3o Suno Not\u00edcias\",\"image\":{\"@type\":\"ImageObject\",\"inLanguage\":\"pt-BR\",\"@id\":\"https:\/\/www.suno.com.br\/noticias\/#\/schema\/person\/image\/\",\"url\":\"https:\/\/secure.gravatar.com\/avatar\/b8104b9b5a71985d5238ee59fbe418af?s=96&r=g\",\"contentUrl\":\"https:\/\/secure.gravatar.com\/avatar\/b8104b9b5a71985d5238ee59fbe418af?s=96&r=g\",\"caption\":\"Reda\u00e7\u00e3o Suno Not\u00edcias\"},\"description\":\"O Suno Not\u00edcias \u00e9 um portal de informa\u00e7\u00f5es sobre Mercado Financeiro, Pol\u00edtica, Neg\u00f3cios, Economia e Finan\u00e7as Pessoais.\",\"sameAs\":[\"https:\/\/www.suno.com.br\/noticias\",\"https:\/\/www.facebook.com\/sunonoticias\/\",\"https:\/\/www.instagram.com\/sunonoticias\/\",\"https:\/\/x.com\/https:\/\/twitter.com\/sunoresearch\",\"https:\/\/www.youtube.com\/sunonoticias\"],\"url\":\"https:\/\/www.suno.com.br\/noticias\/author\/redacao-suno\/\"}]}<\/script>\n<!-- \/ Yoast SEO plugin. -->","yoast_head_json":{"title":"Embraer (EMBR3): Eve anuncia tr\u00eas primeiros fornecedores para 'carro voador'","description":"A subsidi\u00e1ria da Embraer planeja iniciar a montagem do primeiro prot\u00f3tipo do eVTOL durante a segunda metade de 2023","robots":{"index":"index","follow":"follow","max-snippet":"max-snippet:-1","max-image-preview":"max-image-preview:large","max-video-preview":"max-video-preview:-1"},"canonical":"https:\/\/www.suno.com.br\/noticias\/eve-air-mobility-subsidiaria-embraer-embr3-fornecedores\/","og_locale":"pt_BR","og_type":"article","og_title":"Embraer (EMBR3): Eve anuncia tr\u00eas primeiros fornecedores para 'carro voador'","og_description":"A subsidi\u00e1ria da Embraer planeja iniciar a montagem do primeiro prot\u00f3tipo do eVTOL durante a segunda metade de 2023","og_url":"https:\/\/www.suno.com.br\/noticias\/eve-air-mobility-subsidiaria-embraer-embr3-fornecedores\/","og_site_name":"Suno Not\u00edcias","article_publisher":"https:\/\/facebook.com\/sunoresearch","article_author":"https:\/\/www.facebook.com\/sunonoticias\/","og_image":[{"width":1400,"height":935,"url":"https:\/\/files.sunoresearch.com.br\/n\/uploads\/2023\/06\/embraer-eve.jpg","type":"image\/jpeg"}],"author":"Reda\u00e7\u00e3o Suno Not\u00edcias","twitter_card":"summary_large_image","twitter_creator":"@https:\/\/twitter.com\/sunoresearch","twitter_site":"@sunoresearch","twitter_misc":{"Escrito por":"Reda\u00e7\u00e3o Suno Not\u00edcias","Est. tempo de leitura":"2 minutos"},"schema":{"@context":"https:\/\/schema.org","@graph":[{"@type":"NewsArticle","@id":"https:\/\/www.suno.com.br\/noticias\/eve-air-mobility-subsidiaria-embraer-embr3-fornecedores\/#article","isPartOf":{"@id":"https:\/\/www.suno.com.br\/noticias\/eve-air-mobility-subsidiaria-embraer-embr3-fornecedores\/"},"author":{"name":"Reda\u00e7\u00e3o Suno Not\u00edcias","@id":"https:\/\/www.suno.com.br\/noticias\/#\/schema\/person\/c1b1bd3727fa852bd045e9dbff3673ea"},"headline":"Embraer (EMBR3): Eve Air Mobility anuncia tr\u00eas primeiros fornecedores de sua aeronave el\u00e9trica","datePublished":"2023-06-19T11:03:22+00:00","dateModified":"2023-06-19T11:03:29+00:00","mainEntityOfPage":{"@id":"https:\/\/www.suno.com.br\/noticias\/eve-air-mobility-subsidiaria-embraer-embr3-fornecedores\/"},"wordCount":294,"publisher":{"@id":"https:\/\/www.suno.com.br\/noticias\/#organization"},"image":{"@id":"https:\/\/www.suno.com.br\/noticias\/eve-air-mobility-subsidiaria-embraer-embr3-fornecedores\/#primaryimage"},"thumbnailUrl":"https:\/\/files.sunoresearch.com.br\/n\/uploads\/2023\/06\/embraer-eve.jpg","keywords":["Ag\u00eancias","Embraer (EMBR3)"],"articleSection":["Neg\u00f3cios"],"inLanguage":"pt-BR"},{"@type":"WebPage","@id":"https:\/\/www.suno.com.br\/noticias\/eve-air-mobility-subsidiaria-embraer-embr3-fornecedores\/","url":"https:\/\/www.suno.com.br\/noticias\/eve-air-mobility-subsidiaria-embraer-embr3-fornecedores\/","name":"Embraer (EMBR3): Eve anuncia tr\u00eas primeiros fornecedores para 'carro voador'","isPartOf":{"@id":"https:\/\/www.suno.com.br\/noticias\/#website"},"primaryImageOfPage":{"@id":"https:\/\/www.suno.com.br\/noticias\/eve-air-mobility-subsidiaria-embraer-embr3-fornecedores\/#primaryimage"},"image":{"@id":"https:\/\/www.suno.com.br\/noticias\/eve-air-mobility-subsidiaria-embraer-embr3-fornecedores\/#primaryimage"},"thumbnailUrl":"https:\/\/files.sunoresearch.com.br\/n\/uploads\/2023\/06\/embraer-eve.jpg","datePublished":"2023-06-19T11:03:22+00:00","dateModified":"2023-06-19T11:03:29+00:00","description":"A subsidi\u00e1ria da Embraer planeja iniciar a montagem do primeiro prot\u00f3tipo do eVTOL durante a segunda metade de 2023","breadcrumb":{"@id":"https:\/\/www.suno.com.br\/noticias\/eve-air-mobility-subsidiaria-embraer-embr3-fornecedores\/#breadcrumb"},"inLanguage":"pt-BR","potentialAction":[{"@type":"ReadAction","target":["https:\/\/www.suno.com.br\/noticias\/eve-air-mobility-subsidiaria-embraer-embr3-fornecedores\/"]}]},{"@type":"ImageObject","inLanguage":"pt-BR","@id":"https:\/\/www.suno.com.br\/noticias\/eve-air-mobility-subsidiaria-embraer-embr3-fornecedores\/#primaryimage","url":"https:\/\/files.sunoresearch.com.br\/n\/uploads\/2023\/06\/embraer-eve.jpg","contentUrl":"https:\/\/files.sunoresearch.com.br\/n\/uploads\/2023\/06\/embraer-eve.jpg","width":1400,"height":935,"caption":"eVTOL da Eve Air Mobility, subsidi\u00e1ria da Embraer - Foto: Divulga\u00e7\u00e3o"},{"@type":"BreadcrumbList","@id":"https:\/\/www.suno.com.br\/noticias\/eve-air-mobility-subsidiaria-embraer-embr3-fornecedores\/#breadcrumb","itemListElement":[{"@type":"ListItem","position":1,"name":"Not\u00edcias","item":"https:\/\/www.suno.com.br\/noticias\/"},{"@type":"ListItem","position":2,"name":"Neg\u00f3cios","item":"https:\/\/www.suno.com.br\/noticias\/negocios\/"},{"@type":"ListItem","position":3,"name":"Embraer (EMBR3): Eve Air Mobility anuncia tr\u00eas primeiros fornecedores de sua aeronave el\u00e9trica"}]},{"@type":"WebSite","@id":"https:\/\/www.suno.com.br\/noticias\/#website","url":"https:\/\/www.suno.com.br\/noticias\/","name":"Suno Not\u00edcias","description":"Seu portal de informa\u00e7\u00e3o sobre o mundo dos investimentos","publisher":{"@id":"https:\/\/www.suno.com.br\/noticias\/#organization"},"potentialAction":[{"@type":"SearchAction","target":{"@type":"EntryPoint","urlTemplate":"https:\/\/www.suno.com.br\/noticias\/?s={search_term_string}"},"query-input":{"@type":"PropertyValueSpecification","valueRequired":true,"valueName":"search_term_string"}}],"inLanguage":"pt-BR"},{"@type":"Organization","@id":"https:\/\/www.suno.com.br\/noticias\/#organization","name":"Suno Not\u00edcias","url":"https:\/\/www.suno.com.br\/noticias\/","logo":{"@type":"ImageObject","inLanguage":"pt-BR","@id":"https:\/\/www.suno.com.br\/noticias\/#\/schema\/logo\/image\/","url":"https:\/\/files.sunoresearch.com.br\/n\/uploads\/2021\/09\/suno-logo.png","contentUrl":"https:\/\/files.sunoresearch.com.br\/n\/uploads\/2021\/09\/suno-logo.png","width":180,"height":180,"caption":"Suno Not\u00edcias"},"image":{"@id":"https:\/\/www.suno.com.br\/noticias\/#\/schema\/logo\/image\/"},"sameAs":["https:\/\/facebook.com\/sunoresearch","https:\/\/x.com\/sunoresearch","https:\/\/www.instagram.com\/suno","https:\/\/www.linkedin.com\/company\/suno-research\/","https:\/\/www.youtube.com\/c\/sunoresearch"]},{"@type":"Person","@id":"https:\/\/www.suno.com.br\/noticias\/#\/schema\/person\/c1b1bd3727fa852bd045e9dbff3673ea","name":"Reda\u00e7\u00e3o Suno Not\u00edcias","image":{"@type":"ImageObject","inLanguage":"pt-BR","@id":"https:\/\/www.suno.com.br\/noticias\/#\/schema\/person\/image\/","url":"https:\/\/secure.gravatar.com\/avatar\/b8104b9b5a71985d5238ee59fbe418af?s=96&r=g","contentUrl":"https:\/\/secure.gravatar.com\/avatar\/b8104b9b5a71985d5238ee59fbe418af?s=96&r=g","caption":"Reda\u00e7\u00e3o Suno Not\u00edcias"},"description":"O Suno Not\u00edcias \u00e9 um portal de informa\u00e7\u00f5es sobre Mercado Financeiro, Pol\u00edtica, Neg\u00f3cios, Economia e Finan\u00e7as Pessoais.","sameAs":["https:\/\/www.suno.com.br\/noticias","https:\/\/www.facebook.com\/sunonoticias\/","https:\/\/www.instagram.com\/sunonoticias\/","https:\/\/x.com\/https:\/\/twitter.com\/sunoresearch","https:\/\/www.youtube.com\/sunonoticias"],"url":"https:\/\/www.suno.com.br\/noticias\/author\/redacao-suno\/"}]}},"default_loop_html":"<div class=\"cardsPage__listCard__boxs\"><div class=\"cardsPage__listCard__boxs__img\"><a href=\"https:\/\/www.suno.com.br\/noticias\/eve-air-mobility-subsidiaria-embraer-embr3-fornecedores\/\"><img class=\"mask\" src=\"https:\/\/www.suno.com.br\/noticias\/wp-content\/themes\/suno\/resources\/images\/spotlight\/spotlight1img\/bg-mask.png\" alt=\"Image Mask\"\/><img src=\"https:\/\/files.sunoresearch.com.br\/n\/uploads\/2023\/06\/embraer-eve-400x200.jpg\" alt=\"Embraer (EMBR3): Eve Air Mobility anuncia tr\u00eas primeiros fornecedores de sua aeronave el\u00e9trica\"\/><\/a><span class=\"spotlightCategory\"><a href=\"https:\/\/www.suno.com.br\/noticias\/negocios\/\">Neg\u00f3cios<\/a><\/span><\/div><div class=\"cardsPage__listCard__boxs__content\"><a href=\"https:\/\/www.suno.com.br\/noticias\/eve-air-mobility-subsidiaria-embraer-embr3-fornecedores\/\"><h2 class=\"content__title\">Embraer (EMBR3): Eve Air Mobility anuncia tr\u00eas primeiros fornecedores de sua aeronave el\u00e9trica<\/h2><\/a><div class=\"newsContent__article__meta\"><div class=\"newsContent__article__meta__authorBox\"><a href=\"https:\/\/www.suno.com.br\/noticias\/author\/redacao-suno\/\" class=\"authorBox__avatar noMobi\"><img src=\"https:\/\/files.sunoresearch.com.br\/n\/uploads\/2020\/08\/0ace682d-redacao-1-150x150.webp\" alt=\"Reda\u00e7\u00e3o Suno Not\u00edcias\"><\/a><div class=\"authorBox__name\"><span>por\n\t\t\t<a href=\"https:\/\/www.suno.com.br\/noticias\/author\/redacao-suno\/\"><span itemprop=\"author\">Reda\u00e7\u00e3o Suno Not\u00edcias<\/span><\/a><\/span><time datetime=\"2023-06-19T08:03:22-03:00\" itemprop=\"datePublished\">19\/06\/2023 08:03<\/time><\/div><\/div><\/div><\/div><\/div>","single_layout":"posts","amp_enabled":true,"_links":{"self":[{"href":"https:\/\/www.suno.com.br\/noticias\/wp-json\/wp\/v2\/posts\/418131"}],"collection":[{"href":"https:\/\/www.suno.com.br\/noticias\/wp-json\/wp\/v2\/posts"}],"about":[{"href":"https:\/\/www.suno.com.br\/noticias\/wp-json\/wp\/v2\/types\/post"}],"author":[{"embeddable":true,"href":"https:\/\/www.suno.com.br\/noticias\/wp-json\/wp\/v2\/users\/43"}],"replies":[{"embeddable":true,"href":"https:\/\/www.suno.com.br\/noticias\/wp-json\/wp\/v2\/comments?post=418131"}],"version-history":[{"count":3,"href":"https:\/\/www.suno.com.br\/noticias\/wp-json\/wp\/v2\/posts\/418131\/revisions"}],"predecessor-version":[{"id":418221,"href":"https:\/\/www.suno.com.br\/noticias\/wp-json\/wp\/v2\/posts\/418131\/revisions\/418221"}],"wp:featuredmedia":[{"embeddable":true,"href":"https:\/\/www.suno.com.br\/noticias\/wp-json\/wp\/v2\/media\/418215"}],"wp:attachment":[{"href":"https:\/\/www.suno.com.br\/noticias\/wp-json\/wp\/v2\/media?parent=418131"}],"wp:term":[{"taxonomy":"category","embeddable":true,"href":"https:\/\/www.suno.com.br\/noticias\/wp-json\/wp\/v2\/categories?post=418131"},{"taxonomy":"post_tag","embeddable":true,"href":"https:\/\/www.suno.com.br\/noticias\/wp-json\/wp\/v2\/tags?post=418131"},{"taxonomy":"suno_strategy","embeddable":true,"href":"https:\/\/www.suno.com.br\/noticias\/wp-json\/wp\/v2\/suno_strategy?post=418131"}],"curies":[{"name":"wp","href":"https:\/\/api.w.org\/{rel}","templated":true}]}}