{"id":41810,"date":"2019-10-21T15:11:12","date_gmt":"2019-10-21T17:11:12","guid":{"rendered":"https:\/\/www.suno.com.br\/noticias\/?p=41810"},"modified":"2019-10-21T15:11:49","modified_gmt":"2019-10-21T17:11:49","slug":"eduardo-bolsonaro-e-confirmado-como-novo-lider-do-psl-na-camara","status":"publish","type":"post","link":"https:\/\/www.suno.com.br\/noticias\/eduardo-bolsonaro-e-confirmado-como-novo-lider-do-psl-na-camara\/","title":{"rendered":"Eduardo Bolsonaro \u00e9 confirmado como novo l\u00edder do PSL na C\u00e2mara"},"content":{"rendered":"<p>O deputado Eduardo Bolsonaro foi confirmado como novo l\u00edder do PSL na <strong>C\u00e2mara<\/strong> <strong>dos<\/strong> <strong>Deputados<\/strong>. Eduardo contou com o apoio de 28 deputados. A lista oficial apresentada pelo deputado Vitor Hugo (PSL-GO) tinha 29 assinaturas, mas uma n\u00e3o foi confirmada pela Secretaria-Geral da Mesa (SGM).<\/p>\t<div class=\"wrapper-featured-image\">\n\t\t<figure class=\"spotlightImg\">\n\n\t\t\t<picture>\n\t\t\t\t<source media=\"(max-width: 768px)\" srcset=\"https:\/\/files.sunoresearch.com.br\/n\/uploads\/2019\/10\/fcb87867-eduardo-bolsonaro-400x200.webp\">\n\t\t\t\t<img loading=\"lazy\" decoding=\"async\" class=\"newsContent__article__imgCapa lazyloadDisabled newsContent__article__imgCapa--noCaption\" src=\"https:\/\/files.sunoresearch.com.br\/n\/uploads\/2019\/10\/fcb87867-eduardo-bolsonaro-jpg.webp\" width=\"800\" height=\"450\" alt=\"Eduardo Bolsonaro \u00e9 confirmado como novo l\u00edder do PSL na C\u00e2mara\" fetchpriority=high \/>\n\t\t\t<\/picture>\n\n\t\t\t<figcaption class=\"wp-caption-text wp-caption-text--hide\">Eduardo Bolsonaro <\/figcaption>\n\t\t<\/figure>\n\t<\/div>\n\n\n\n<p>Entre essas 29 assinaturas que colocaram <strong>Bolsonaro<\/strong> na lideran\u00e7a, tr\u00eas deputados haviam apoiado o deputado Delegado Waldir (PSL-GO) anteriormente. S\u00e3o eles:<\/p>\n<ul>\n<li>Coronel Chris\u00f3stomo<\/li>\n<li>Daniel Silveira<\/li>\n<li>L\u00e9o Motta<\/li>\n<\/ul>\n<p>O <strong>Delegado Waldir<\/strong>, entretanto, j\u00e1 divulgou um v\u00eddeo em que reconhece Eduardo Bolsonaro como l\u00edder. &#8220;Aceitamos democraticamente a nova lista&#8221;, disse.<\/p>\n<p>Waldir agradeceu o apoio que recebeu dos parlamentares do seu partido e afirmou que n\u00e3o \u00e9 subordinado de governadores e nem de presidentes, aproveitando para supostamente provocar <strong>Jair<\/strong> <strong>Bolsonaro<\/strong>.&#8221;Vou continuar defendendo todas as prerrogativas do Parlamento. N\u00f3s n\u00e3o rasgamos a Constitui\u00e7\u00e3o. E a constitui\u00e7\u00e3o prev\u00ea que o executivo n\u00e3o deve interferir no Parlamento&#8221;, concluiu o Delegado Waldir.<\/p>\n<p>Al\u00e9m disso, Waldir tamb\u00e9m afirmou que o PSL n\u00e3o ir\u00e1 suspender os cinco parlamentares que foram afastados na \u00faltima semana. Os nomes s\u00e3o:<\/p>\n<ul>\n<li>Carla Zambelli<\/li>\n<li>Al\u00ea Silva<\/li>\n<li>Filipe Barros<\/li>\n<li>Carlos Jordy<\/li>\n<li>Bibo Nunes<\/li>\n<\/ul>\n<p>Os conflitos entre as lideran\u00e7as na C\u00e2mara tiveram in\u00edcio na \u00faltima quarta-feira (16) quando aliados do presidente Jair Bolsonaro apresentaram duas listas, na C\u00e2mara dos Deputados, com 26 e 24 assinaturas para destituir Waldir e, em seguida, indicar Eduardo ao cardo de l\u00edder do partido na Casa.<\/p>\n<p><a href=\"https:\/\/www.suno.com.br\/noticias\/agenda-cheia-governo-adia-reforma-tributaria\/\">Veja tamb\u00e9m: Com agenda cheia, governo adia a reforma tribut\u00e1ria no Congresso<\/a><\/p>\n<p>Na quinta-feira (17), o deputado Daniel Silveira (RJ) vazou um \u00e1udio em que Waldir ofendia Bolsonaro, xingando-o de vagabundo e dizendo que iria implodir o presidente. &#8220;Eu vou implodir o presidente. Ai eu mostro a grava\u00e7\u00e3o dele. N\u00e3o tem conversa. Eu implodo ele.&#8221;<\/p>\n<p>Vale lembrar que antes de deixar o cargo, Waldir disse, em entrevista, que o senador <strong>Fl\u00e1vio<\/strong> <strong>Bolsonaro<\/strong> (RJ) deveria ser alvo de buscas.<\/p>\n<h2>Crise no PSL<\/h2>\n<p>A crise no PSL teve in\u00edcio, publicamente, h\u00e1 aproximadamente duas semanas quando o presidente Jair Bolsonaro afirmou que o presidente nacional de seu partido, Luciano Bivar, estava &#8220;queimado pra caramba&#8221;.<\/p>\n<p>Na \u00faltima ter\u00e7a-feira (8), o presidente <strong>Bolsonaro<\/strong> havia atacado o partido pelo qual foi eleito no ano passado, e indicou que iria mudar de sigla. A dificuldade da fam\u00edlia Bolsonaro em controlar a legenda e seus diret\u00f3rios regionais seria um dos motivos da insatisfa\u00e7\u00e3o, de acordo com <a href=\"https:\/\/www.youtube.com\/watch?v=qfbqC2xLYU8\">informa\u00e7\u00f5es<\/a> do jornal &#8220;O Estado de S. Paulo&#8221;.<\/p>\n","protected":false},"excerpt":{"rendered":"<p>O deputado Eduardo Bolsonaro foi confirmado como novo l\u00edder do PSL na C\u00e2mara dos Deputados. Eduardo contou com o apoio de 28 deputados. A lista oficial apresentada pelo deputado Vitor Hugo (PSL-GO) tinha 29 assinaturas, mas uma n\u00e3o foi confirmada pela Secretaria-Geral da Mesa (SGM). Eduardo Bolsonaro Entre essas 29 assinaturas que colocaram Bolsonaro na [&hellip;]<\/p>\n","protected":false},"author":19,"featured_media":41813,"comment_status":"closed","ping_status":"closed","sticky":false,"template":"","format":"standard","meta":[],"categories":[61],"tags":[719],"suno_strategy":[],"class_list":["post-41810","post","type-post","status-publish","format-standard","has-post-thumbnail","hentry","category-politica","tag-jair-bolsonaro"],"yoast_head":"<!-- This site is optimized with the Yoast SEO plugin v24.4 - https:\/\/yoast.com\/wordpress\/plugins\/seo\/ -->\n<title>Eduardo Bolsonaro \u00e9 confirmado como novo l\u00edder do PSL na c\u00e2mara<\/title>\n<meta name=\"description\" content=\"O deputado Eduardo Bolsonaro (PSL) foi confirmado como novo l\u00edder do partido na C\u00e2mara dos Deputados. Clique aqui para saber mais.\" \/>\n<meta name=\"robots\" content=\"index, follow, max-snippet:-1, max-image-preview:large, max-video-preview:-1\" \/>\n<link rel=\"canonical\" href=\"https:\/\/www.suno.com.br\/noticias\/eduardo-bolsonaro-e-confirmado-como-novo-lider-do-psl-na-camara\/\" \/>\n<meta property=\"og:locale\" content=\"pt_BR\" \/>\n<meta property=\"og:type\" content=\"article\" \/>\n<meta property=\"og:title\" content=\"Eduardo Bolsonaro \u00e9 confirmado como novo l\u00edder do PSL na c\u00e2mara\" \/>\n<meta property=\"og:description\" content=\"O deputado Eduardo Bolsonaro (PSL) foi confirmado como novo l\u00edder do partido na C\u00e2mara dos Deputados. Clique aqui para saber mais.\" \/>\n<meta property=\"og:url\" content=\"https:\/\/www.suno.com.br\/noticias\/eduardo-bolsonaro-e-confirmado-como-novo-lider-do-psl-na-camara\/\" \/>\n<meta property=\"og:site_name\" content=\"Suno Not\u00edcias\" \/>\n<meta property=\"article:publisher\" content=\"https:\/\/facebook.com\/sunoresearch\" \/>\n<meta property=\"og:image\" content=\"https:\/\/files.sunoresearch.com.br\/n\/uploads\/2019\/10\/fcb87867-eduardo-bolsonaro.jpg\" \/>\n\t<meta property=\"og:image:width\" content=\"640\" \/>\n\t<meta property=\"og:image:height\" content=\"480\" \/>\n\t<meta property=\"og:image:type\" content=\"image\/jpeg\" \/>\n<meta name=\"author\" content=\"Juliano Passaro\" \/>\n<meta name=\"twitter:card\" content=\"summary_large_image\" \/>\n<meta name=\"twitter:creator\" content=\"@sunoresearch\" \/>\n<meta name=\"twitter:site\" content=\"@sunoresearch\" \/>\n<meta name=\"twitter:label1\" content=\"Escrito por\" \/>\n\t<meta name=\"twitter:data1\" content=\"Juliano Passaro\" \/>\n\t<meta name=\"twitter:label2\" content=\"Est. tempo de leitura\" \/>\n\t<meta name=\"twitter:data2\" content=\"2 minutos\" \/>\n<script type=\"application\/ld+json\" class=\"yoast-schema-graph\">{\"@context\":\"https:\/\/schema.org\",\"@graph\":[{\"@type\":\"NewsArticle\",\"@id\":\"https:\/\/www.suno.com.br\/noticias\/eduardo-bolsonaro-e-confirmado-como-novo-lider-do-psl-na-camara\/#article\",\"isPartOf\":{\"@id\":\"https:\/\/www.suno.com.br\/noticias\/eduardo-bolsonaro-e-confirmado-como-novo-lider-do-psl-na-camara\/\"},\"author\":{\"name\":\"Juliano Passaro\",\"@id\":\"https:\/\/www.suno.com.br\/noticias\/#\/schema\/person\/1db762f78ffd8919a648a63e425953e3\"},\"headline\":\"Eduardo Bolsonaro \u00e9 confirmado como novo l\u00edder do PSL na C\u00e2mara\",\"datePublished\":\"2019-10-21T17:11:12+00:00\",\"dateModified\":\"2019-10-21T17:11:49+00:00\",\"mainEntityOfPage\":{\"@id\":\"https:\/\/www.suno.com.br\/noticias\/eduardo-bolsonaro-e-confirmado-como-novo-lider-do-psl-na-camara\/\"},\"wordCount\":438,\"publisher\":{\"@id\":\"https:\/\/www.suno.com.br\/noticias\/#organization\"},\"image\":{\"@id\":\"https:\/\/www.suno.com.br\/noticias\/eduardo-bolsonaro-e-confirmado-como-novo-lider-do-psl-na-camara\/#primaryimage\"},\"thumbnailUrl\":\"https:\/\/files.sunoresearch.com.br\/n\/uploads\/2019\/10\/fcb87867-eduardo-bolsonaro-jpg.webp\",\"keywords\":[\"Jair Bolsonaro\"],\"articleSection\":[\"Pol\u00edtica\"],\"inLanguage\":\"pt-BR\"},{\"@type\":\"WebPage\",\"@id\":\"https:\/\/www.suno.com.br\/noticias\/eduardo-bolsonaro-e-confirmado-como-novo-lider-do-psl-na-camara\/\",\"url\":\"https:\/\/www.suno.com.br\/noticias\/eduardo-bolsonaro-e-confirmado-como-novo-lider-do-psl-na-camara\/\",\"name\":\"Eduardo Bolsonaro \u00e9 confirmado como novo l\u00edder do PSL na c\u00e2mara\",\"isPartOf\":{\"@id\":\"https:\/\/www.suno.com.br\/noticias\/#website\"},\"primaryImageOfPage\":{\"@id\":\"https:\/\/www.suno.com.br\/noticias\/eduardo-bolsonaro-e-confirmado-como-novo-lider-do-psl-na-camara\/#primaryimage\"},\"image\":{\"@id\":\"https:\/\/www.suno.com.br\/noticias\/eduardo-bolsonaro-e-confirmado-como-novo-lider-do-psl-na-camara\/#primaryimage\"},\"thumbnailUrl\":\"https:\/\/files.sunoresearch.com.br\/n\/uploads\/2019\/10\/fcb87867-eduardo-bolsonaro-jpg.webp\",\"datePublished\":\"2019-10-21T17:11:12+00:00\",\"dateModified\":\"2019-10-21T17:11:49+00:00\",\"description\":\"O deputado Eduardo Bolsonaro (PSL) foi confirmado como novo l\u00edder do partido na C\u00e2mara dos Deputados. Clique aqui para saber mais.\",\"breadcrumb\":{\"@id\":\"https:\/\/www.suno.com.br\/noticias\/eduardo-bolsonaro-e-confirmado-como-novo-lider-do-psl-na-camara\/#breadcrumb\"},\"inLanguage\":\"pt-BR\",\"potentialAction\":[{\"@type\":\"ReadAction\",\"target\":[\"https:\/\/www.suno.com.br\/noticias\/eduardo-bolsonaro-e-confirmado-como-novo-lider-do-psl-na-camara\/\"]}]},{\"@type\":\"ImageObject\",\"inLanguage\":\"pt-BR\",\"@id\":\"https:\/\/www.suno.com.br\/noticias\/eduardo-bolsonaro-e-confirmado-como-novo-lider-do-psl-na-camara\/#primaryimage\",\"url\":\"https:\/\/files.sunoresearch.com.br\/n\/uploads\/2019\/10\/fcb87867-eduardo-bolsonaro-jpg.webp\",\"contentUrl\":\"https:\/\/files.sunoresearch.com.br\/n\/uploads\/2019\/10\/fcb87867-eduardo-bolsonaro-jpg.webp\",\"width\":640,\"height\":480,\"caption\":\"Eduardo Bolsonaro\"},{\"@type\":\"BreadcrumbList\",\"@id\":\"https:\/\/www.suno.com.br\/noticias\/eduardo-bolsonaro-e-confirmado-como-novo-lider-do-psl-na-camara\/#breadcrumb\",\"itemListElement\":[{\"@type\":\"ListItem\",\"position\":1,\"name\":\"Not\u00edcias\",\"item\":\"https:\/\/www.suno.com.br\/noticias\/\"},{\"@type\":\"ListItem\",\"position\":2,\"name\":\"Pol\u00edtica\",\"item\":\"https:\/\/www.suno.com.br\/noticias\/politica\/\"},{\"@type\":\"ListItem\",\"position\":3,\"name\":\"Eduardo Bolsonaro \u00e9 confirmado como novo l\u00edder do PSL na C\u00e2mara\"}]},{\"@type\":\"WebSite\",\"@id\":\"https:\/\/www.suno.com.br\/noticias\/#website\",\"url\":\"https:\/\/www.suno.com.br\/noticias\/\",\"name\":\"Suno Not\u00edcias\",\"description\":\"Seu portal de informa\u00e7\u00e3o sobre o mundo dos investimentos\",\"publisher\":{\"@id\":\"https:\/\/www.suno.com.br\/noticias\/#organization\"},\"potentialAction\":[{\"@type\":\"SearchAction\",\"target\":{\"@type\":\"EntryPoint\",\"urlTemplate\":\"https:\/\/www.suno.com.br\/noticias\/?s={search_term_string}\"},\"query-input\":{\"@type\":\"PropertyValueSpecification\",\"valueRequired\":true,\"valueName\":\"search_term_string\"}}],\"inLanguage\":\"pt-BR\"},{\"@type\":\"Organization\",\"@id\":\"https:\/\/www.suno.com.br\/noticias\/#organization\",\"name\":\"Suno Not\u00edcias\",\"url\":\"https:\/\/www.suno.com.br\/noticias\/\",\"logo\":{\"@type\":\"ImageObject\",\"inLanguage\":\"pt-BR\",\"@id\":\"https:\/\/www.suno.com.br\/noticias\/#\/schema\/logo\/image\/\",\"url\":\"https:\/\/files.sunoresearch.com.br\/n\/uploads\/2021\/09\/suno-logo.png\",\"contentUrl\":\"https:\/\/files.sunoresearch.com.br\/n\/uploads\/2021\/09\/suno-logo.png\",\"width\":180,\"height\":180,\"caption\":\"Suno Not\u00edcias\"},\"image\":{\"@id\":\"https:\/\/www.suno.com.br\/noticias\/#\/schema\/logo\/image\/\"},\"sameAs\":[\"https:\/\/facebook.com\/sunoresearch\",\"https:\/\/x.com\/sunoresearch\",\"https:\/\/www.instagram.com\/suno\",\"https:\/\/www.linkedin.com\/company\/suno-research\/\",\"https:\/\/www.youtube.com\/c\/sunoresearch\"]},{\"@type\":\"Person\",\"@id\":\"https:\/\/www.suno.com.br\/noticias\/#\/schema\/person\/1db762f78ffd8919a648a63e425953e3\",\"name\":\"Juliano Passaro\",\"image\":{\"@type\":\"ImageObject\",\"inLanguage\":\"pt-BR\",\"@id\":\"https:\/\/www.suno.com.br\/noticias\/#\/schema\/person\/image\/\",\"url\":\"https:\/\/secure.gravatar.com\/avatar\/743d4df28eebf6dcc46b4ad03c319e92?s=96&r=g\",\"contentUrl\":\"https:\/\/secure.gravatar.com\/avatar\/743d4df28eebf6dcc46b4ad03c319e92?s=96&r=g\",\"caption\":\"Juliano Passaro\"},\"description\":\"Juliano Passaro escreve sobre pol\u00edtica, economia e neg\u00f3cios para o portal da Suno Research. Antes da Suno, trabalhou no Portal da Band. \u00c9 formado em jornalismo pela Universidade Presbiteriana Mackenzie.\",\"url\":\"https:\/\/www.suno.com.br\/noticias\/author\/juliano\/\"}]}<\/script>\n<!-- \/ Yoast SEO plugin. -->","yoast_head_json":{"title":"Eduardo Bolsonaro \u00e9 confirmado como novo l\u00edder do PSL na c\u00e2mara","description":"O deputado Eduardo Bolsonaro (PSL) foi confirmado como novo l\u00edder do partido na C\u00e2mara dos Deputados. Clique aqui para saber mais.","robots":{"index":"index","follow":"follow","max-snippet":"max-snippet:-1","max-image-preview":"max-image-preview:large","max-video-preview":"max-video-preview:-1"},"canonical":"https:\/\/www.suno.com.br\/noticias\/eduardo-bolsonaro-e-confirmado-como-novo-lider-do-psl-na-camara\/","og_locale":"pt_BR","og_type":"article","og_title":"Eduardo Bolsonaro \u00e9 confirmado como novo l\u00edder do PSL na c\u00e2mara","og_description":"O deputado Eduardo Bolsonaro (PSL) foi confirmado como novo l\u00edder do partido na C\u00e2mara dos Deputados. Clique aqui para saber mais.","og_url":"https:\/\/www.suno.com.br\/noticias\/eduardo-bolsonaro-e-confirmado-como-novo-lider-do-psl-na-camara\/","og_site_name":"Suno Not\u00edcias","article_publisher":"https:\/\/facebook.com\/sunoresearch","og_image":[{"width":640,"height":480,"url":"https:\/\/files.sunoresearch.com.br\/n\/uploads\/2019\/10\/fcb87867-eduardo-bolsonaro.jpg","type":"image\/jpeg"}],"author":"Juliano Passaro","twitter_card":"summary_large_image","twitter_creator":"@sunoresearch","twitter_site":"@sunoresearch","twitter_misc":{"Escrito por":"Juliano Passaro","Est. tempo de leitura":"2 minutos"},"schema":{"@context":"https:\/\/schema.org","@graph":[{"@type":"NewsArticle","@id":"https:\/\/www.suno.com.br\/noticias\/eduardo-bolsonaro-e-confirmado-como-novo-lider-do-psl-na-camara\/#article","isPartOf":{"@id":"https:\/\/www.suno.com.br\/noticias\/eduardo-bolsonaro-e-confirmado-como-novo-lider-do-psl-na-camara\/"},"author":{"name":"Juliano Passaro","@id":"https:\/\/www.suno.com.br\/noticias\/#\/schema\/person\/1db762f78ffd8919a648a63e425953e3"},"headline":"Eduardo Bolsonaro \u00e9 confirmado como novo l\u00edder do PSL na C\u00e2mara","datePublished":"2019-10-21T17:11:12+00:00","dateModified":"2019-10-21T17:11:49+00:00","mainEntityOfPage":{"@id":"https:\/\/www.suno.com.br\/noticias\/eduardo-bolsonaro-e-confirmado-como-novo-lider-do-psl-na-camara\/"},"wordCount":438,"publisher":{"@id":"https:\/\/www.suno.com.br\/noticias\/#organization"},"image":{"@id":"https:\/\/www.suno.com.br\/noticias\/eduardo-bolsonaro-e-confirmado-como-novo-lider-do-psl-na-camara\/#primaryimage"},"thumbnailUrl":"https:\/\/files.sunoresearch.com.br\/n\/uploads\/2019\/10\/fcb87867-eduardo-bolsonaro-jpg.webp","keywords":["Jair Bolsonaro"],"articleSection":["Pol\u00edtica"],"inLanguage":"pt-BR"},{"@type":"WebPage","@id":"https:\/\/www.suno.com.br\/noticias\/eduardo-bolsonaro-e-confirmado-como-novo-lider-do-psl-na-camara\/","url":"https:\/\/www.suno.com.br\/noticias\/eduardo-bolsonaro-e-confirmado-como-novo-lider-do-psl-na-camara\/","name":"Eduardo Bolsonaro \u00e9 confirmado como novo l\u00edder do PSL na c\u00e2mara","isPartOf":{"@id":"https:\/\/www.suno.com.br\/noticias\/#website"},"primaryImageOfPage":{"@id":"https:\/\/www.suno.com.br\/noticias\/eduardo-bolsonaro-e-confirmado-como-novo-lider-do-psl-na-camara\/#primaryimage"},"image":{"@id":"https:\/\/www.suno.com.br\/noticias\/eduardo-bolsonaro-e-confirmado-como-novo-lider-do-psl-na-camara\/#primaryimage"},"thumbnailUrl":"https:\/\/files.sunoresearch.com.br\/n\/uploads\/2019\/10\/fcb87867-eduardo-bolsonaro-jpg.webp","datePublished":"2019-10-21T17:11:12+00:00","dateModified":"2019-10-21T17:11:49+00:00","description":"O deputado Eduardo Bolsonaro (PSL) foi confirmado como novo l\u00edder do partido na C\u00e2mara dos Deputados. Clique aqui para saber mais.","breadcrumb":{"@id":"https:\/\/www.suno.com.br\/noticias\/eduardo-bolsonaro-e-confirmado-como-novo-lider-do-psl-na-camara\/#breadcrumb"},"inLanguage":"pt-BR","potentialAction":[{"@type":"ReadAction","target":["https:\/\/www.suno.com.br\/noticias\/eduardo-bolsonaro-e-confirmado-como-novo-lider-do-psl-na-camara\/"]}]},{"@type":"ImageObject","inLanguage":"pt-BR","@id":"https:\/\/www.suno.com.br\/noticias\/eduardo-bolsonaro-e-confirmado-como-novo-lider-do-psl-na-camara\/#primaryimage","url":"https:\/\/files.sunoresearch.com.br\/n\/uploads\/2019\/10\/fcb87867-eduardo-bolsonaro-jpg.webp","contentUrl":"https:\/\/files.sunoresearch.com.br\/n\/uploads\/2019\/10\/fcb87867-eduardo-bolsonaro-jpg.webp","width":640,"height":480,"caption":"Eduardo Bolsonaro"},{"@type":"BreadcrumbList","@id":"https:\/\/www.suno.com.br\/noticias\/eduardo-bolsonaro-e-confirmado-como-novo-lider-do-psl-na-camara\/#breadcrumb","itemListElement":[{"@type":"ListItem","position":1,"name":"Not\u00edcias","item":"https:\/\/www.suno.com.br\/noticias\/"},{"@type":"ListItem","position":2,"name":"Pol\u00edtica","item":"https:\/\/www.suno.com.br\/noticias\/politica\/"},{"@type":"ListItem","position":3,"name":"Eduardo Bolsonaro \u00e9 confirmado como novo l\u00edder do PSL na C\u00e2mara"}]},{"@type":"WebSite","@id":"https:\/\/www.suno.com.br\/noticias\/#website","url":"https:\/\/www.suno.com.br\/noticias\/","name":"Suno Not\u00edcias","description":"Seu portal de informa\u00e7\u00e3o sobre o mundo dos investimentos","publisher":{"@id":"https:\/\/www.suno.com.br\/noticias\/#organization"},"potentialAction":[{"@type":"SearchAction","target":{"@type":"EntryPoint","urlTemplate":"https:\/\/www.suno.com.br\/noticias\/?s={search_term_string}"},"query-input":{"@type":"PropertyValueSpecification","valueRequired":true,"valueName":"search_term_string"}}],"inLanguage":"pt-BR"},{"@type":"Organization","@id":"https:\/\/www.suno.com.br\/noticias\/#organization","name":"Suno Not\u00edcias","url":"https:\/\/www.suno.com.br\/noticias\/","logo":{"@type":"ImageObject","inLanguage":"pt-BR","@id":"https:\/\/www.suno.com.br\/noticias\/#\/schema\/logo\/image\/","url":"https:\/\/files.sunoresearch.com.br\/n\/uploads\/2021\/09\/suno-logo.png","contentUrl":"https:\/\/files.sunoresearch.com.br\/n\/uploads\/2021\/09\/suno-logo.png","width":180,"height":180,"caption":"Suno Not\u00edcias"},"image":{"@id":"https:\/\/www.suno.com.br\/noticias\/#\/schema\/logo\/image\/"},"sameAs":["https:\/\/facebook.com\/sunoresearch","https:\/\/x.com\/sunoresearch","https:\/\/www.instagram.com\/suno","https:\/\/www.linkedin.com\/company\/suno-research\/","https:\/\/www.youtube.com\/c\/sunoresearch"]},{"@type":"Person","@id":"https:\/\/www.suno.com.br\/noticias\/#\/schema\/person\/1db762f78ffd8919a648a63e425953e3","name":"Juliano Passaro","image":{"@type":"ImageObject","inLanguage":"pt-BR","@id":"https:\/\/www.suno.com.br\/noticias\/#\/schema\/person\/image\/","url":"https:\/\/secure.gravatar.com\/avatar\/743d4df28eebf6dcc46b4ad03c319e92?s=96&r=g","contentUrl":"https:\/\/secure.gravatar.com\/avatar\/743d4df28eebf6dcc46b4ad03c319e92?s=96&r=g","caption":"Juliano Passaro"},"description":"Juliano Passaro escreve sobre pol\u00edtica, economia e neg\u00f3cios para o portal da Suno Research. Antes da Suno, trabalhou no Portal da Band. \u00c9 formado em jornalismo pela Universidade Presbiteriana Mackenzie.","url":"https:\/\/www.suno.com.br\/noticias\/author\/juliano\/"}]}},"default_loop_html":"<div class=\"cardsPage__listCard__boxs\"><div class=\"cardsPage__listCard__boxs__img\"><a href=\"https:\/\/www.suno.com.br\/noticias\/eduardo-bolsonaro-e-confirmado-como-novo-lider-do-psl-na-camara\/\"><img class=\"mask\" src=\"https:\/\/www.suno.com.br\/noticias\/wp-content\/themes\/suno\/resources\/images\/spotlight\/spotlight1img\/bg-mask.png\" alt=\"Image Mask\"\/><img src=\"https:\/\/files.sunoresearch.com.br\/n\/uploads\/2019\/10\/fcb87867-eduardo-bolsonaro-400x200.webp\" alt=\"Eduardo Bolsonaro \u00e9 confirmado como novo l\u00edder do PSL na C\u00e2mara\"\/><\/a><span class=\"spotlightCategory\"><a href=\"https:\/\/www.suno.com.br\/noticias\/politica\/\">Pol\u00edtica<\/a><\/span><\/div><div class=\"cardsPage__listCard__boxs__content\"><a href=\"https:\/\/www.suno.com.br\/noticias\/eduardo-bolsonaro-e-confirmado-como-novo-lider-do-psl-na-camara\/\"><h2 class=\"content__title\">Eduardo Bolsonaro \u00e9 confirmado como novo l\u00edder do PSL na C\u00e2mara<\/h2><\/a><div class=\"newsContent__article__meta\"><div class=\"newsContent__article__meta__authorBox\"><a href=\"https:\/\/www.suno.com.br\/noticias\/author\/juliano\/\" class=\"authorBox__avatar noMobi\"><img src=\"https:\/\/files.sunoresearch.com.br\/n\/uploads\/2019\/06\/7cc3efea-whatsapp-image-2019-07-18-at-21.59.33-e1563499821209-150x150.webp\" alt=\"Juliano Passaro\"><\/a><div class=\"authorBox__name\"><span>por\n\t\t\t<a href=\"https:\/\/www.suno.com.br\/noticias\/author\/juliano\/\"><span itemprop=\"author\">Juliano Passaro<\/span><\/a><\/span><time datetime=\"2019-10-21T15:11:12-03:00\" itemprop=\"datePublished\">21\/10\/2019 15:11<\/time><\/div><\/div><\/div><\/div><\/div>","single_layout":"posts","amp_enabled":true,"_links":{"self":[{"href":"https:\/\/www.suno.com.br\/noticias\/wp-json\/wp\/v2\/posts\/41810"}],"collection":[{"href":"https:\/\/www.suno.com.br\/noticias\/wp-json\/wp\/v2\/posts"}],"about":[{"href":"https:\/\/www.suno.com.br\/noticias\/wp-json\/wp\/v2\/types\/post"}],"author":[{"embeddable":true,"href":"https:\/\/www.suno.com.br\/noticias\/wp-json\/wp\/v2\/users\/19"}],"replies":[{"embeddable":true,"href":"https:\/\/www.suno.com.br\/noticias\/wp-json\/wp\/v2\/comments?post=41810"}],"version-history":[{"count":0,"href":"https:\/\/www.suno.com.br\/noticias\/wp-json\/wp\/v2\/posts\/41810\/revisions"}],"wp:featuredmedia":[{"embeddable":true,"href":"https:\/\/www.suno.com.br\/noticias\/wp-json\/wp\/v2\/media\/41813"}],"wp:attachment":[{"href":"https:\/\/www.suno.com.br\/noticias\/wp-json\/wp\/v2\/media?parent=41810"}],"wp:term":[{"taxonomy":"category","embeddable":true,"href":"https:\/\/www.suno.com.br\/noticias\/wp-json\/wp\/v2\/categories?post=41810"},{"taxonomy":"post_tag","embeddable":true,"href":"https:\/\/www.suno.com.br\/noticias\/wp-json\/wp\/v2\/tags?post=41810"},{"taxonomy":"suno_strategy","embeddable":true,"href":"https:\/\/www.suno.com.br\/noticias\/wp-json\/wp\/v2\/suno_strategy?post=41810"}],"curies":[{"name":"wp","href":"https:\/\/api.w.org\/{rel}","templated":true}]}}