{"id":417730,"date":"2023-06-18T11:13:52","date_gmt":"2023-06-18T14:13:52","guid":{"rendered":"https:\/\/www.suno.com.br\/noticias\/?p=417730"},"modified":"2023-06-18T11:13:57","modified_gmt":"2023-06-18T14:13:57","slug":"ministra-gestao-vagas-concursos-publicos-2023","status":"publish","type":"post","link":"https:\/\/www.suno.com.br\/noticias\/ministra-gestao-vagas-concursos-publicos-2023\/","title":{"rendered":"Ministra anuncia 4,4 mil vagas para 20 \u00f3rg\u00e3os em concursos p\u00fablicos de 2023"},"content":{"rendered":"<p>A ministra da Gest\u00e3o e da Inova\u00e7\u00e3o em Servi\u00e7os P\u00fablicos, <a href=\"https:\/\/www.suno.com.br\/noticias\/arcabouco-fiscal-ministra-negociacao-servidores\/\" target=\"_blank\" rel=\"noreferrer noopener\">Esther Dweck<\/a>, anunciou ainda na sexta (16) a realiza\u00e7\u00e3o de <strong>concursos p\u00fablicos<\/strong> neste ano de 2023.<\/p>\t<div class=\"wrapper-featured-image\">\n\t\t<figure class=\"spotlightImg\">\n\n\t\t\t<picture>\n\t\t\t\t<source media=\"(max-width: 768px)\" srcset=\"https:\/\/files.sunoresearch.com.br\/n\/uploads\/2023\/06\/ministra-gestao-esther-Dweck-400x200.jpg\">\n\t\t\t\t<img loading=\"lazy\" decoding=\"async\" class=\"newsContent__article__imgCapa lazyloadDisabled \" src=\"https:\/\/files.sunoresearch.com.br\/n\/uploads\/2023\/06\/ministra-gestao-esther-Dweck-800x450.jpg\" width=\"800\" height=\"450\" alt=\"Ministra anuncia 4,4 mil vagas para 20 \u00f3rg\u00e3os em concursos p\u00fablicos de 2023\" fetchpriority=high \/>\n\t\t\t<\/picture>\n\n\t\t\t<figcaption class=\"wp-caption-text wp-caption-text--show\">A ministra da Gest\u00e3o, Esther Dweck - Foto: Fabio Rodrigues-Pozzebom\/ Ag\u00eancia Brasil<\/figcaption>\n\t\t<\/figure>\n\t<\/div>\n\n\n\n\n\n\t<p>\n\t\t<a href=\"https:\/\/lp.suno.com.br\/planilha-da-vida-financeira\/\" target=\"_blank\" data-element=\"shortcode-suno-banner\" title=\"Banner SUNO, clique e saiba mais\">\n\t\t\t<picture>\n\t\t\t\t<source media=\"(max-width: 500px)\" srcset=\"https:\/\/files.sunoresearch.com.br\/n\/uploads\/2023\/04\/400x300-Planilha-vida-financeira-true.png\">\n\t\t\t\t<img class=\"newsContent__article__imgCapa newsContent__article__imgCapa--banner\"\n\t\t\t\t\tsrc=\"https:\/\/files.sunoresearch.com.br\/n\/uploads\/2023\/04\/1420x240-Planilha-vida-financeira-true.png\"\n\t\t\t\t\tdata-promo-id=\"383123\"\t\t\t\t\t\t\t\t\t\twidth='1420' height='240'\t\t\t\t\talt=\"https:\/\/files.sunoresearch.com.br\/n\/uploads\/2023\/04\/1420x240-Planilha-vida-financeira-true.png\"\n\t\t\t\t>\n\t\t\t<\/picture>\n\t\t<\/a>\n\t<\/p>\n\n\n\n\n\n\n\n<p>Segundo a chefe da pasta, ser\u00e3o 4.436 <strong>vagas <\/strong>distribu\u00eddas em 20 \u00f3rg\u00e3os de 14 <a href=\"https:\/\/www.suno.com.br\/noticias\/sabesp-sbsp3-privatizacao-acoes-ana-ministerios\/\" target=\"_blank\" rel=\"noreferrer noopener\">minist\u00e9rios<\/a>. O impacto or\u00e7ament\u00e1rio anualizado desses concursos p\u00fablicos \u00e9 de R$ 735 milh\u00f5es.<\/p>\n\n\n\n<p>&#8220;Esse impacto deve ser sentido a partir do pr\u00f3ximo ano, j\u00e1 que os concursos devem ser realizados apenas no fim de 2023&#8221;, afirmou a <strong>ministra<\/strong>.<\/p>\n\n\n\n<p>Entre os crit\u00e9rios para a escolha dos \u00f3rg\u00e3os contemplados est\u00e1 o tempo sem <strong>concursos<\/strong>, o <strong>n\u00famero de vagas <\/strong>j\u00e1 em aberto, a expectativa por novas aposentadorias nos pr\u00f3ximos anos e a perda em rela\u00e7\u00e3o \u00e0 for\u00e7a de trabalho m\u00e1xima que j\u00e1 houve naquela estrutura.<\/p>\n\n\n\n<p>A Pasta tamb\u00e9m avaliou se os \u00f3rg\u00e3os ganharam novas atribui\u00e7\u00f5es nos \u00faltimos anos e se h\u00e1 grande impacto de preenchimento de vagas no atendimento ao p\u00fablico.<\/p>\n\n\n\n<p>&#8220;Existia uma lista de concursos aprovada pelo governo anterior, mas entendemos que dever\u00edamos fazer uma revis\u00e3o de \u00e1reas priorit\u00e1rias. Quer\u00edamos ter feito esse an\u00fancio ainda em abril, nos 100 dias de governo, mas ainda n\u00e3o havia um consenso sobre todas as vagas&#8221;, explicou Dweck, que precisou se ausentar da coletiva para atender a uma liga\u00e7\u00e3o do presidente da Rep\u00fablica, <a href=\"https:\/\/www.suno.com.br\/noticias\/diminuir-inflacao-lula-vesperas-copom\/\" target=\"_blank\" rel=\"noreferrer noopener\">Lula (PT)<\/a>.<\/p>\n\n\n\n<h2 class=\"wp-block-heading\">Concursos p\u00fablicos nas \u00e1reas ambiental e social<\/h2>\n\n\n\n<p>O presidente Lula ligou para a ministra para cobrar contrata\u00e7\u00f5es para as \u00e1reas social e ambiental do governo. Esther Dweck explicou que j\u00e1 h\u00e1 concursos em aberto para a \u00e1rea ambiental, mas prometeu anunciar certames tamb\u00e9m para a \u00e1rea social j\u00e1 na pr\u00f3xima semana.<\/p>\n\n\n\n<p>&#8220;O presidente Lula me perguntou: por qu\u00ea voc\u00ea n\u00e3o deixou para anunciar tudo junto? Acho que ele est\u00e1 preocupado com cobran\u00e7as dessa \u00e1reas. Mas vamos trabalhar para anunciar na semana que vem&#8221;, garantiu a ministra.<\/p>\n\n\n\t<p>\n\t\t<a href=\"https:\/\/lp.suno.com.br\/ebook-10-livros\/\" target=\"_blank\" data-element=\"shortcode-suno-banner\" title=\"Banner SUNO, clique e saiba mais\">\n\t\t\t<picture>\n\t\t\t\t<source media=\"(max-width: 500px)\" srcset=\"https:\/\/files.sunoresearch.com.br\/n\/uploads\/2023\/03\/400x300-10-livros.png\">\n\t\t\t\t<img class=\"newsContent__article__imgCapa newsContent__article__imgCapa--banner\"\n\t\t\t\t\tsrc=\"https:\/\/files.sunoresearch.com.br\/n\/uploads\/2023\/03\/1420x240-10-livros.png\"\n\t\t\t\t\tdata-promo-id=\"383159\"\t\t\t\t\t\t\t\t\t\twidth='1420' height='240'\t\t\t\t\talt=\"https:\/\/files.sunoresearch.com.br\/n\/uploads\/2023\/03\/1420x240-10-livros.png\"\n\t\t\t\t>\n\t\t\t<\/picture>\n\t\t<\/a>\n\t<\/p>\n\n\n\n\n\n<h2 class=\"wp-block-heading\">Divis\u00e3o de vagas<\/h2>\n\n\n\n<p>Das 4.436 vagas anunciadas nesta sexta, s\u00e3o 440 em carreiras no Minist\u00e9rio da Agricultura, 30 para o Minist\u00e9rio de Minas e Energia, 50 (e outros 50 no cadastro reserva) para o Itamaraty, 220 para o Minist\u00e9rio da Educa\u00e7\u00e3o, 220 para o Minist\u00e9rio da Sa\u00fade e 300 para a Fiocruz.<\/p>\n\n\n\n<p>A lista inclui ainda 80 vagas para o Inmet, 742 para o Incra, 50 para o Inep, 50 para a Capes, 50 para o CNPq, 100 para o FNDE, 160 para o ICMBio, 120 para o INPI, 100 para o Inmetro, 100 para o DNIT, 24 para a ANM e 50 para Censipam.<\/p>\n\n\n\n<p>Haver\u00e1 concursos para a contrata\u00e7\u00e3o tamb\u00e9m de 300 analistas de infraestrutura, 300 analistas de tecnologia da informa\u00e7\u00e3o e 900 auditores fiscais do trabalho.<\/p>\n\n\n\n<p>Segundo a ministra, todos os concursos respeitar\u00e3o as leis de cotas que j\u00e1 existem. Al\u00e9m das \u00e1reas sociais, ela confirmou que o IBGE tamb\u00e9m deve ser contemplado nas pr\u00f3ximas libera\u00e7\u00f5es de concursos.<\/p>\n\n\n\n<p>&#8220;A <a class=\"suno-keyword\" target=\"_blank\" data-force=\"no\" data-priority=\"3\" href=\"https:\/\/www.suno.com.br\/artigos\/receita-federal\/\" rel=\"noopener\">Receita Federal<\/a> tem um pleito que pode ser atendido no pr\u00f3ximo ano. O Banco Central tamb\u00e9m est\u00e1 em an\u00e1lise. Foram pedidas 70 mil vagas no ano que vem e n\u00e3o vamos conseguir atender a todos os \u00f3rg\u00e3os&#8221;, completou a ministra.<\/p>\n\n\n\n<p>Com Estad\u00e3o Conte\u00fado<\/p>\n\n\n\t<p>\n\t\t<a href=\"https:\/\/lp.suno.com.br\/suno-one\/?utm_campaign=_SNC6964518A_\" target=\"_blank\" data-element=\"shortcode-suno-banner\" title=\"Banner SUNO, clique e saiba mais\">\n\t\t\t<picture>\n\t\t\t\t<source media=\"(max-width: 500px)\" srcset=\"https:\/\/files.sunoresearch.com.br\/n\/uploads\/2025\/09\/400x300-Suno-One-png.webp\">\n\t\t\t\t<img class=\"newsContent__article__imgCapa newsContent__article__imgCapa--banner\"\n\t\t\t\t\tsrc=\"https:\/\/files.sunoresearch.com.br\/n\/uploads\/2025\/09\/1420x240-Suno-One-png.webp\"\n\t\t\t\t\tdata-promo-id=\"383121\"\t\t\t\t\t\t\t\t\t\twidth='1420' height='240'\t\t\t\t\talt=\"https:\/\/files.sunoresearch.com.br\/n\/uploads\/2025\/09\/1420x240-Suno-One-png.webp\"\n\t\t\t\t>\n\t\t\t<\/picture>\n\t\t<\/a>\n\t<\/p>\n\n\n","protected":false},"excerpt":{"rendered":"<p>A ministra da Gest\u00e3o e da Inova\u00e7\u00e3o em Servi\u00e7os P\u00fablicos, Esther Dweck, anunciou ainda na sexta (16) a realiza\u00e7\u00e3o de concursos p\u00fablicos neste ano de 2023. A ministra da Gest\u00e3o, Esther Dweck &#8211; Foto: Fabio Rodrigues-Pozzebom\/ Ag\u00eancia Brasil Segundo a chefe da pasta, ser\u00e3o 4.436 vagas distribu\u00eddas em 20 \u00f3rg\u00e3os de 14 minist\u00e9rios. O impacto [&hellip;]<\/p>\n","protected":false},"author":73,"featured_media":418114,"comment_status":"closed","ping_status":"closed","sticky":false,"template":"","format":"standard","meta":[],"categories":[65],"tags":[106444,106776],"suno_strategy":[],"class_list":["post-417730","post","type-post","status-publish","format-standard","has-post-thumbnail","hentry","category-financas-pessoais","tag-agencias","tag-vagas"],"yoast_head":"<!-- This site is optimized with the Yoast SEO plugin v24.4 - https:\/\/yoast.com\/wordpress\/plugins\/seo\/ -->\n<title>Ministra anuncia 4,4 mil vagas em concursos p\u00fablicos de 2023; veja<\/title>\n<meta name=\"description\" content=\"O impacto or\u00e7ament\u00e1rio anualizado desses concursos p\u00fablicos \u00e9 de R$ 735 milh\u00f5es, segundo a ministra da Gest\u00e3o, Esther Dweck\" \/>\n<meta name=\"robots\" content=\"index, follow, max-snippet:-1, max-image-preview:large, max-video-preview:-1\" \/>\n<link rel=\"canonical\" href=\"https:\/\/www.suno.com.br\/noticias\/ministra-gestao-vagas-concursos-publicos-2023\/\" \/>\n<meta property=\"og:locale\" content=\"pt_BR\" \/>\n<meta property=\"og:type\" content=\"article\" \/>\n<meta property=\"og:title\" content=\"Ministra anuncia 4,4 mil vagas em concursos p\u00fablicos de 2023; veja\" \/>\n<meta property=\"og:description\" content=\"O impacto or\u00e7ament\u00e1rio anualizado desses concursos p\u00fablicos \u00e9 de R$ 735 milh\u00f5es, segundo a ministra da Gest\u00e3o, Esther Dweck\" \/>\n<meta property=\"og:url\" content=\"https:\/\/www.suno.com.br\/noticias\/ministra-gestao-vagas-concursos-publicos-2023\/\" \/>\n<meta property=\"og:site_name\" content=\"Suno Not\u00edcias\" \/>\n<meta property=\"article:publisher\" content=\"https:\/\/facebook.com\/sunoresearch\" \/>\n<meta property=\"og:image\" content=\"https:\/\/files.sunoresearch.com.br\/n\/uploads\/2023\/06\/ministra-gestao-esther-Dweck-scaled.jpg\" \/>\n\t<meta property=\"og:image:width\" content=\"2560\" \/>\n\t<meta property=\"og:image:height\" content=\"1707\" \/>\n\t<meta property=\"og:image:type\" content=\"image\/jpeg\" \/>\n<meta name=\"author\" content=\"Eduardo Vargas\" \/>\n<meta name=\"twitter:card\" content=\"summary_large_image\" \/>\n<meta name=\"twitter:creator\" content=\"@sunoresearch\" \/>\n<meta name=\"twitter:site\" content=\"@sunoresearch\" \/>\n<meta name=\"twitter:label1\" content=\"Escrito por\" \/>\n\t<meta name=\"twitter:data1\" content=\"Eduardo Vargas\" \/>\n\t<meta name=\"twitter:label2\" content=\"Est. tempo de leitura\" \/>\n\t<meta name=\"twitter:data2\" content=\"3 minutos\" \/>\n<script type=\"application\/ld+json\" class=\"yoast-schema-graph\">{\"@context\":\"https:\/\/schema.org\",\"@graph\":[{\"@type\":\"NewsArticle\",\"@id\":\"https:\/\/www.suno.com.br\/noticias\/ministra-gestao-vagas-concursos-publicos-2023\/#article\",\"isPartOf\":{\"@id\":\"https:\/\/www.suno.com.br\/noticias\/ministra-gestao-vagas-concursos-publicos-2023\/\"},\"author\":{\"name\":\"Eduardo Vargas\",\"@id\":\"https:\/\/www.suno.com.br\/noticias\/#\/schema\/person\/7f4d362bf3518e76090143ae77bb49a5\"},\"headline\":\"Ministra anuncia 4,4 mil vagas para 20 \u00f3rg\u00e3os em concursos p\u00fablicos de 2023\",\"datePublished\":\"2023-06-18T14:13:52+00:00\",\"dateModified\":\"2023-06-18T14:13:57+00:00\",\"mainEntityOfPage\":{\"@id\":\"https:\/\/www.suno.com.br\/noticias\/ministra-gestao-vagas-concursos-publicos-2023\/\"},\"wordCount\":549,\"publisher\":{\"@id\":\"https:\/\/www.suno.com.br\/noticias\/#organization\"},\"image\":{\"@id\":\"https:\/\/www.suno.com.br\/noticias\/ministra-gestao-vagas-concursos-publicos-2023\/#primaryimage\"},\"thumbnailUrl\":\"https:\/\/files.sunoresearch.com.br\/n\/uploads\/2023\/06\/ministra-gestao-esther-Dweck-scaled.jpg\",\"keywords\":[\"Ag\u00eancias\",\"vagas\"],\"articleSection\":[\"Finan\u00e7as Pessoais\"],\"inLanguage\":\"pt-BR\"},{\"@type\":\"WebPage\",\"@id\":\"https:\/\/www.suno.com.br\/noticias\/ministra-gestao-vagas-concursos-publicos-2023\/\",\"url\":\"https:\/\/www.suno.com.br\/noticias\/ministra-gestao-vagas-concursos-publicos-2023\/\",\"name\":\"Ministra anuncia 4,4 mil vagas em concursos p\u00fablicos de 2023; veja\",\"isPartOf\":{\"@id\":\"https:\/\/www.suno.com.br\/noticias\/#website\"},\"primaryImageOfPage\":{\"@id\":\"https:\/\/www.suno.com.br\/noticias\/ministra-gestao-vagas-concursos-publicos-2023\/#primaryimage\"},\"image\":{\"@id\":\"https:\/\/www.suno.com.br\/noticias\/ministra-gestao-vagas-concursos-publicos-2023\/#primaryimage\"},\"thumbnailUrl\":\"https:\/\/files.sunoresearch.com.br\/n\/uploads\/2023\/06\/ministra-gestao-esther-Dweck-scaled.jpg\",\"datePublished\":\"2023-06-18T14:13:52+00:00\",\"dateModified\":\"2023-06-18T14:13:57+00:00\",\"description\":\"O impacto or\u00e7ament\u00e1rio anualizado desses concursos p\u00fablicos \u00e9 de R$ 735 milh\u00f5es, segundo a ministra da Gest\u00e3o, Esther Dweck\",\"breadcrumb\":{\"@id\":\"https:\/\/www.suno.com.br\/noticias\/ministra-gestao-vagas-concursos-publicos-2023\/#breadcrumb\"},\"inLanguage\":\"pt-BR\",\"potentialAction\":[{\"@type\":\"ReadAction\",\"target\":[\"https:\/\/www.suno.com.br\/noticias\/ministra-gestao-vagas-concursos-publicos-2023\/\"]}]},{\"@type\":\"ImageObject\",\"inLanguage\":\"pt-BR\",\"@id\":\"https:\/\/www.suno.com.br\/noticias\/ministra-gestao-vagas-concursos-publicos-2023\/#primaryimage\",\"url\":\"https:\/\/files.sunoresearch.com.br\/n\/uploads\/2023\/06\/ministra-gestao-esther-Dweck-scaled.jpg\",\"contentUrl\":\"https:\/\/files.sunoresearch.com.br\/n\/uploads\/2023\/06\/ministra-gestao-esther-Dweck-scaled.jpg\",\"width\":2560,\"height\":1707,\"caption\":\"A ministra da Gest\u00e3o, Esther Dweck - Foto: Fabio Rodrigues-Pozzebom\/ Ag\u00eancia Brasil\"},{\"@type\":\"BreadcrumbList\",\"@id\":\"https:\/\/www.suno.com.br\/noticias\/ministra-gestao-vagas-concursos-publicos-2023\/#breadcrumb\",\"itemListElement\":[{\"@type\":\"ListItem\",\"position\":1,\"name\":\"Not\u00edcias\",\"item\":\"https:\/\/www.suno.com.br\/noticias\/\"},{\"@type\":\"ListItem\",\"position\":2,\"name\":\"Finan\u00e7as Pessoais\",\"item\":\"https:\/\/www.suno.com.br\/noticias\/financas-pessoais\/\"},{\"@type\":\"ListItem\",\"position\":3,\"name\":\"Ministra anuncia 4,4 mil vagas para 20 \u00f3rg\u00e3os em concursos p\u00fablicos de 2023\"}]},{\"@type\":\"WebSite\",\"@id\":\"https:\/\/www.suno.com.br\/noticias\/#website\",\"url\":\"https:\/\/www.suno.com.br\/noticias\/\",\"name\":\"Suno Not\u00edcias\",\"description\":\"Seu portal de informa\u00e7\u00e3o sobre o mundo dos investimentos\",\"publisher\":{\"@id\":\"https:\/\/www.suno.com.br\/noticias\/#organization\"},\"potentialAction\":[{\"@type\":\"SearchAction\",\"target\":{\"@type\":\"EntryPoint\",\"urlTemplate\":\"https:\/\/www.suno.com.br\/noticias\/?s={search_term_string}\"},\"query-input\":{\"@type\":\"PropertyValueSpecification\",\"valueRequired\":true,\"valueName\":\"search_term_string\"}}],\"inLanguage\":\"pt-BR\"},{\"@type\":\"Organization\",\"@id\":\"https:\/\/www.suno.com.br\/noticias\/#organization\",\"name\":\"Suno Not\u00edcias\",\"url\":\"https:\/\/www.suno.com.br\/noticias\/\",\"logo\":{\"@type\":\"ImageObject\",\"inLanguage\":\"pt-BR\",\"@id\":\"https:\/\/www.suno.com.br\/noticias\/#\/schema\/logo\/image\/\",\"url\":\"https:\/\/files.sunoresearch.com.br\/n\/uploads\/2021\/09\/suno-logo.png\",\"contentUrl\":\"https:\/\/files.sunoresearch.com.br\/n\/uploads\/2021\/09\/suno-logo.png\",\"width\":180,\"height\":180,\"caption\":\"Suno Not\u00edcias\"},\"image\":{\"@id\":\"https:\/\/www.suno.com.br\/noticias\/#\/schema\/logo\/image\/\"},\"sameAs\":[\"https:\/\/facebook.com\/sunoresearch\",\"https:\/\/x.com\/sunoresearch\",\"https:\/\/www.instagram.com\/suno\",\"https:\/\/www.linkedin.com\/company\/suno-research\/\",\"https:\/\/www.youtube.com\/c\/sunoresearch\"]},{\"@type\":\"Person\",\"@id\":\"https:\/\/www.suno.com.br\/noticias\/#\/schema\/person\/7f4d362bf3518e76090143ae77bb49a5\",\"name\":\"Eduardo Vargas\",\"image\":{\"@type\":\"ImageObject\",\"inLanguage\":\"pt-BR\",\"@id\":\"https:\/\/www.suno.com.br\/noticias\/#\/schema\/person\/image\/\",\"url\":\"https:\/\/secure.gravatar.com\/avatar\/dac340933427a22924c9f99d1eb2e3f2?s=96&r=g\",\"contentUrl\":\"https:\/\/secure.gravatar.com\/avatar\/dac340933427a22924c9f99d1eb2e3f2?s=96&r=g\",\"caption\":\"Eduardo Vargas\"},\"description\":\"Jornalista formado pela UFSC, cobre macroeconomia, neg\u00f3cios e startups para o Suno Not\u00edcias, escrevendo principalmente not\u00edcias sobre o mercado financeiro e a bolsa de valores. No YouTube e no Instagram, \u00e9 respons\u00e1vel pela produ\u00e7\u00e3o de Reels e Shorts do Suno Not\u00edcias. Anteriormente, trabalhou cobrindo economia e cotidiano no ND+ e para o ND, maior jornal impresso de Santa Catarina. Cursou um semestre letivo de Estudos de M\u00eddia na Universidad de Buenos Aires.\",\"url\":\"https:\/\/www.suno.com.br\/noticias\/author\/eduardo-vargas\/\"}]}<\/script>\n<!-- \/ Yoast SEO plugin. -->","yoast_head_json":{"title":"Ministra anuncia 4,4 mil vagas em concursos p\u00fablicos de 2023; veja","description":"O impacto or\u00e7ament\u00e1rio anualizado desses concursos p\u00fablicos \u00e9 de R$ 735 milh\u00f5es, segundo a ministra da Gest\u00e3o, Esther Dweck","robots":{"index":"index","follow":"follow","max-snippet":"max-snippet:-1","max-image-preview":"max-image-preview:large","max-video-preview":"max-video-preview:-1"},"canonical":"https:\/\/www.suno.com.br\/noticias\/ministra-gestao-vagas-concursos-publicos-2023\/","og_locale":"pt_BR","og_type":"article","og_title":"Ministra anuncia 4,4 mil vagas em concursos p\u00fablicos de 2023; veja","og_description":"O impacto or\u00e7ament\u00e1rio anualizado desses concursos p\u00fablicos \u00e9 de R$ 735 milh\u00f5es, segundo a ministra da Gest\u00e3o, Esther Dweck","og_url":"https:\/\/www.suno.com.br\/noticias\/ministra-gestao-vagas-concursos-publicos-2023\/","og_site_name":"Suno Not\u00edcias","article_publisher":"https:\/\/facebook.com\/sunoresearch","og_image":[{"width":2560,"height":1707,"url":"https:\/\/files.sunoresearch.com.br\/n\/uploads\/2023\/06\/ministra-gestao-esther-Dweck-scaled.jpg","type":"image\/jpeg"}],"author":"Eduardo Vargas","twitter_card":"summary_large_image","twitter_creator":"@sunoresearch","twitter_site":"@sunoresearch","twitter_misc":{"Escrito por":"Eduardo Vargas","Est. tempo de leitura":"3 minutos"},"schema":{"@context":"https:\/\/schema.org","@graph":[{"@type":"NewsArticle","@id":"https:\/\/www.suno.com.br\/noticias\/ministra-gestao-vagas-concursos-publicos-2023\/#article","isPartOf":{"@id":"https:\/\/www.suno.com.br\/noticias\/ministra-gestao-vagas-concursos-publicos-2023\/"},"author":{"name":"Eduardo Vargas","@id":"https:\/\/www.suno.com.br\/noticias\/#\/schema\/person\/7f4d362bf3518e76090143ae77bb49a5"},"headline":"Ministra anuncia 4,4 mil vagas para 20 \u00f3rg\u00e3os em concursos p\u00fablicos de 2023","datePublished":"2023-06-18T14:13:52+00:00","dateModified":"2023-06-18T14:13:57+00:00","mainEntityOfPage":{"@id":"https:\/\/www.suno.com.br\/noticias\/ministra-gestao-vagas-concursos-publicos-2023\/"},"wordCount":549,"publisher":{"@id":"https:\/\/www.suno.com.br\/noticias\/#organization"},"image":{"@id":"https:\/\/www.suno.com.br\/noticias\/ministra-gestao-vagas-concursos-publicos-2023\/#primaryimage"},"thumbnailUrl":"https:\/\/files.sunoresearch.com.br\/n\/uploads\/2023\/06\/ministra-gestao-esther-Dweck-scaled.jpg","keywords":["Ag\u00eancias","vagas"],"articleSection":["Finan\u00e7as Pessoais"],"inLanguage":"pt-BR"},{"@type":"WebPage","@id":"https:\/\/www.suno.com.br\/noticias\/ministra-gestao-vagas-concursos-publicos-2023\/","url":"https:\/\/www.suno.com.br\/noticias\/ministra-gestao-vagas-concursos-publicos-2023\/","name":"Ministra anuncia 4,4 mil vagas em concursos p\u00fablicos de 2023; veja","isPartOf":{"@id":"https:\/\/www.suno.com.br\/noticias\/#website"},"primaryImageOfPage":{"@id":"https:\/\/www.suno.com.br\/noticias\/ministra-gestao-vagas-concursos-publicos-2023\/#primaryimage"},"image":{"@id":"https:\/\/www.suno.com.br\/noticias\/ministra-gestao-vagas-concursos-publicos-2023\/#primaryimage"},"thumbnailUrl":"https:\/\/files.sunoresearch.com.br\/n\/uploads\/2023\/06\/ministra-gestao-esther-Dweck-scaled.jpg","datePublished":"2023-06-18T14:13:52+00:00","dateModified":"2023-06-18T14:13:57+00:00","description":"O impacto or\u00e7ament\u00e1rio anualizado desses concursos p\u00fablicos \u00e9 de R$ 735 milh\u00f5es, segundo a ministra da Gest\u00e3o, Esther Dweck","breadcrumb":{"@id":"https:\/\/www.suno.com.br\/noticias\/ministra-gestao-vagas-concursos-publicos-2023\/#breadcrumb"},"inLanguage":"pt-BR","potentialAction":[{"@type":"ReadAction","target":["https:\/\/www.suno.com.br\/noticias\/ministra-gestao-vagas-concursos-publicos-2023\/"]}]},{"@type":"ImageObject","inLanguage":"pt-BR","@id":"https:\/\/www.suno.com.br\/noticias\/ministra-gestao-vagas-concursos-publicos-2023\/#primaryimage","url":"https:\/\/files.sunoresearch.com.br\/n\/uploads\/2023\/06\/ministra-gestao-esther-Dweck-scaled.jpg","contentUrl":"https:\/\/files.sunoresearch.com.br\/n\/uploads\/2023\/06\/ministra-gestao-esther-Dweck-scaled.jpg","width":2560,"height":1707,"caption":"A ministra da Gest\u00e3o, Esther Dweck - Foto: Fabio Rodrigues-Pozzebom\/ Ag\u00eancia Brasil"},{"@type":"BreadcrumbList","@id":"https:\/\/www.suno.com.br\/noticias\/ministra-gestao-vagas-concursos-publicos-2023\/#breadcrumb","itemListElement":[{"@type":"ListItem","position":1,"name":"Not\u00edcias","item":"https:\/\/www.suno.com.br\/noticias\/"},{"@type":"ListItem","position":2,"name":"Finan\u00e7as Pessoais","item":"https:\/\/www.suno.com.br\/noticias\/financas-pessoais\/"},{"@type":"ListItem","position":3,"name":"Ministra anuncia 4,4 mil vagas para 20 \u00f3rg\u00e3os em concursos p\u00fablicos de 2023"}]},{"@type":"WebSite","@id":"https:\/\/www.suno.com.br\/noticias\/#website","url":"https:\/\/www.suno.com.br\/noticias\/","name":"Suno Not\u00edcias","description":"Seu portal de informa\u00e7\u00e3o sobre o mundo dos investimentos","publisher":{"@id":"https:\/\/www.suno.com.br\/noticias\/#organization"},"potentialAction":[{"@type":"SearchAction","target":{"@type":"EntryPoint","urlTemplate":"https:\/\/www.suno.com.br\/noticias\/?s={search_term_string}"},"query-input":{"@type":"PropertyValueSpecification","valueRequired":true,"valueName":"search_term_string"}}],"inLanguage":"pt-BR"},{"@type":"Organization","@id":"https:\/\/www.suno.com.br\/noticias\/#organization","name":"Suno Not\u00edcias","url":"https:\/\/www.suno.com.br\/noticias\/","logo":{"@type":"ImageObject","inLanguage":"pt-BR","@id":"https:\/\/www.suno.com.br\/noticias\/#\/schema\/logo\/image\/","url":"https:\/\/files.sunoresearch.com.br\/n\/uploads\/2021\/09\/suno-logo.png","contentUrl":"https:\/\/files.sunoresearch.com.br\/n\/uploads\/2021\/09\/suno-logo.png","width":180,"height":180,"caption":"Suno Not\u00edcias"},"image":{"@id":"https:\/\/www.suno.com.br\/noticias\/#\/schema\/logo\/image\/"},"sameAs":["https:\/\/facebook.com\/sunoresearch","https:\/\/x.com\/sunoresearch","https:\/\/www.instagram.com\/suno","https:\/\/www.linkedin.com\/company\/suno-research\/","https:\/\/www.youtube.com\/c\/sunoresearch"]},{"@type":"Person","@id":"https:\/\/www.suno.com.br\/noticias\/#\/schema\/person\/7f4d362bf3518e76090143ae77bb49a5","name":"Eduardo Vargas","image":{"@type":"ImageObject","inLanguage":"pt-BR","@id":"https:\/\/www.suno.com.br\/noticias\/#\/schema\/person\/image\/","url":"https:\/\/secure.gravatar.com\/avatar\/dac340933427a22924c9f99d1eb2e3f2?s=96&r=g","contentUrl":"https:\/\/secure.gravatar.com\/avatar\/dac340933427a22924c9f99d1eb2e3f2?s=96&r=g","caption":"Eduardo Vargas"},"description":"Jornalista formado pela UFSC, cobre macroeconomia, neg\u00f3cios e startups para o Suno Not\u00edcias, escrevendo principalmente not\u00edcias sobre o mercado financeiro e a bolsa de valores. No YouTube e no Instagram, \u00e9 respons\u00e1vel pela produ\u00e7\u00e3o de Reels e Shorts do Suno Not\u00edcias. Anteriormente, trabalhou cobrindo economia e cotidiano no ND+ e para o ND, maior jornal impresso de Santa Catarina. Cursou um semestre letivo de Estudos de M\u00eddia na Universidad de Buenos Aires.","url":"https:\/\/www.suno.com.br\/noticias\/author\/eduardo-vargas\/"}]}},"default_loop_html":"<div class=\"cardsPage__listCard__boxs\"><div class=\"cardsPage__listCard__boxs__img\"><a href=\"https:\/\/www.suno.com.br\/noticias\/ministra-gestao-vagas-concursos-publicos-2023\/\"><img class=\"mask\" src=\"https:\/\/www.suno.com.br\/noticias\/wp-content\/themes\/suno\/resources\/images\/spotlight\/spotlight1img\/bg-mask.png\" alt=\"Image Mask\"\/><img src=\"https:\/\/files.sunoresearch.com.br\/n\/uploads\/2023\/06\/ministra-gestao-esther-Dweck-400x200.jpg\" alt=\"Ministra anuncia 4,4 mil vagas para 20 \u00f3rg\u00e3os em concursos p\u00fablicos de 2023\"\/><\/a><span class=\"spotlightCategory\"><a href=\"https:\/\/www.suno.com.br\/noticias\/financas-pessoais\/\">Finan\u00e7as Pessoais<\/a><\/span><\/div><div class=\"cardsPage__listCard__boxs__content\"><a href=\"https:\/\/www.suno.com.br\/noticias\/ministra-gestao-vagas-concursos-publicos-2023\/\"><h2 class=\"content__title\">Ministra anuncia 4,4 mil vagas para 20 \u00f3rg\u00e3os em concursos p\u00fablicos de 2023<\/h2><\/a><div class=\"newsContent__article__meta\"><div class=\"newsContent__article__meta__authorBox\"><a href=\"https:\/\/www.suno.com.br\/noticias\/author\/eduardo-vargas\/\" class=\"authorBox__avatar noMobi\"><img src=\"https:\/\/secure.gravatar.com\/avatar\/dac340933427a22924c9f99d1eb2e3f2?s=96&#038;r=g\" alt=\"Eduardo Vargas\"><\/a><div class=\"authorBox__name\"><span>por\n\t\t\t<a href=\"https:\/\/www.suno.com.br\/noticias\/author\/eduardo-vargas\/\"><span itemprop=\"author\">Eduardo Vargas<\/span><\/a><\/span><time datetime=\"2023-06-18T11:13:52-03:00\" itemprop=\"datePublished\">18\/06\/2023 11:13<\/time><\/div><\/div><\/div><\/div><\/div>","single_layout":"posts","amp_enabled":true,"_links":{"self":[{"href":"https:\/\/www.suno.com.br\/noticias\/wp-json\/wp\/v2\/posts\/417730"}],"collection":[{"href":"https:\/\/www.suno.com.br\/noticias\/wp-json\/wp\/v2\/posts"}],"about":[{"href":"https:\/\/www.suno.com.br\/noticias\/wp-json\/wp\/v2\/types\/post"}],"author":[{"embeddable":true,"href":"https:\/\/www.suno.com.br\/noticias\/wp-json\/wp\/v2\/users\/73"}],"replies":[{"embeddable":true,"href":"https:\/\/www.suno.com.br\/noticias\/wp-json\/wp\/v2\/comments?post=417730"}],"version-history":[{"count":3,"href":"https:\/\/www.suno.com.br\/noticias\/wp-json\/wp\/v2\/posts\/417730\/revisions"}],"predecessor-version":[{"id":418118,"href":"https:\/\/www.suno.com.br\/noticias\/wp-json\/wp\/v2\/posts\/417730\/revisions\/418118"}],"wp:featuredmedia":[{"embeddable":true,"href":"https:\/\/www.suno.com.br\/noticias\/wp-json\/wp\/v2\/media\/418114"}],"wp:attachment":[{"href":"https:\/\/www.suno.com.br\/noticias\/wp-json\/wp\/v2\/media?parent=417730"}],"wp:term":[{"taxonomy":"category","embeddable":true,"href":"https:\/\/www.suno.com.br\/noticias\/wp-json\/wp\/v2\/categories?post=417730"},{"taxonomy":"post_tag","embeddable":true,"href":"https:\/\/www.suno.com.br\/noticias\/wp-json\/wp\/v2\/tags?post=417730"},{"taxonomy":"suno_strategy","embeddable":true,"href":"https:\/\/www.suno.com.br\/noticias\/wp-json\/wp\/v2\/suno_strategy?post=417730"}],"curies":[{"name":"wp","href":"https:\/\/api.w.org\/{rel}","templated":true}]}}