{"id":417725,"date":"2023-06-16T16:28:18","date_gmt":"2023-06-16T19:28:18","guid":{"rendered":"https:\/\/www.suno.com.br\/noticias\/?p=417725"},"modified":"2023-06-16T17:09:48","modified_gmt":"2023-06-16T20:09:48","slug":"banco-do-brasil-bbas3-temor-selic-acoes-bba","status":"publish","type":"post","link":"https:\/\/www.suno.com.br\/noticias\/banco-do-brasil-bbas3-temor-selic-acoes-bba\/","title":{"rendered":"A\u00e7\u00f5es do Banco do Brasil (BBAS3) sofreram com &#8216;temor injustific\u00e1vel&#8217; e est\u00e3o atrativas, diz BBA"},"content":{"rendered":"<p>Em novo parecer sobre os pap\u00e9is do <a class=\"suno-keyword\" data-force=\"yes\" data-priority=\"2\" href=\"https:\/\/www.suno.com.br\/acoes\/BBAS3\/\" target=\"_blank\" rel=\"noopener\"><strong>Banco do Brasil<\/strong> (BBAS3)<\/a>, os especialistas do Ita\u00fa BBA reafirmaram seu otimismo com os pap\u00e9is.<\/p>\t<div class=\"wrapper-featured-image\">\n\t\t<figure class=\"spotlightImg\">\n\n\t\t\t<picture>\n\t\t\t\t<source media=\"(max-width: 768px)\" srcset=\"https:\/\/files.sunoresearch.com.br\/n\/uploads\/2022\/12\/bancodobrasil-bb-bbas3-edifico-sede-foto-marcelo-camargo-agencia-brasil-400x200.jpg\">\n\t\t\t\t<img loading=\"lazy\" decoding=\"async\" class=\"newsContent__article__imgCapa lazyloadDisabled \" src=\"https:\/\/files.sunoresearch.com.br\/n\/uploads\/2022\/12\/bancodobrasil-bb-bbas3-edifico-sede-foto-marcelo-camargo-agencia-brasil-800x450.jpg\" width=\"800\" height=\"450\" alt=\"A\u00e7\u00f5es do Banco do Brasil (BBAS3) sofreram com &#8216;temor injustific\u00e1vel&#8217; e est\u00e3o atrativas, diz BBA\" fetchpriority=high \/>\n\t\t\t<\/picture>\n\n\t\t\t<figcaption class=\"wp-caption-text wp-caption-text--show\"> Banco do Brasil (BBAS3) - Foto: Marcelo Camargo\/Ag\u00eancia Brasil<\/figcaption>\n\t\t<\/figure>\n\t<\/div>\n\n\n\n\n\n\t<p>\n\t\t<a href=\"\" target=\"_blank\" data-element=\"shortcode-suno-banner\" title=\"Banner SUNO, clique e saiba mais\">\n\t\t\t<picture>\n\t\t\t\t<source media=\"(max-width: 500px)\" srcset=\"\">\n\t\t\t\t<img class=\"newsContent__article__imgCapa newsContent__article__imgCapa--banner\"\n\t\t\t\t\tsrc=\"\"\n\t\t\t\t\tdata-promo-id=\"250678\"\t\t\t\t\t\t\t\t\t\t\t\t\t\t\talt=\"\"\n\t\t\t\t>\n\t\t\t<\/picture>\n\t\t<\/a>\n\t<\/p>\n\n\n\n\n\n\n\n<p>A recomenda\u00e7\u00e3o de compra foi mantida, com pre\u00e7o-alvo de R$ 56 para as <strong>a\u00e7\u00f5es do Banco do Brasil<\/strong>, ao passo que os ativos s\u00e3o negociados na casa dos R$ 49.<\/p>\n\n\n\n<p>Para o banco, os temores sobre os efeitos da Selic s\u00e3o menores do que os rumores apontam, com impacto pouco substancial no resultado de <a class=\"suno-keyword\" target=\"_blank\" data-force=\"no\" data-priority=\"1\" href=\"https:\/\/www.suno.com.br\/artigos\/intermediacao-financeira\/\" rel=\"noopener\">intermedia\u00e7\u00e3o financeira<\/a> (NII).<\/p>\n\n\n\n<p>&#8220;Estamos elevando nossas <strong>estimativas para o Banco do Brasil<\/strong>, agora projetando crescimento de dois d\u00edgitos percentuais no lucro e crescimento do ROE para cerca de 20% em 2023 e 2024&#8243;, diz a casa.<\/p>\n\n\n\n<p>Segundo os analistas do BBA, os <strong>pap\u00e9is<\/strong> <strong><a href=\"https:\/\/statusinvest.com.br\/acoes\/bbas3\" target=\"_blank\" rel=\"noreferrer noopener\">BBAS3<\/a><\/strong> s\u00e3o negociados a um <strong>patamar atrativo<\/strong>, abaixo do book value, especialmente por causa desse temor sobre os efeitos da redu\u00e7\u00e3o da Selic &#8211; j\u00e1 aguardados pelo mercado. <\/p>\n\n\n\n<p>&#8220;Trimestre ap\u00f3s trimestre, esse medo est\u00e1 sendo provado errado. Nosso novo <a class=\"suno-keyword\" target=\"_blank\" data-force=\"no\" data-priority=\"1\" href=\"https:\/\/www.suno.com.br\/artigos\/valor-justo\/\" rel=\"noopener\">valor justo<\/a> YE23 de R$ 56\/a\u00e7\u00e3o exige 0,9x de pre\u00e7o sobre <a class=\"suno-keyword\" target=\"_blank\" data-force=\"no\" data-priority=\"1\" href=\"https:\/\/www.suno.com.br\/artigos\/valor-patrimonial\/\" rel=\"noopener\">valor patrimonial<\/a> em 2023, contra um patamar atual de 0,7x, provavelmente com espa\u00e7o para uma folga ainda maior na medida em que essa tese se prova verdadeira. O n\u00edvel de ROE sustentado de 20% exige um m\u00faltiplo acima de 1x, especialmente porque sua diferen\u00e7a ante uma rentabilidade &#8216;risk free&#8217; crescer\u00e1 com taxa Selic mais baixa&#8221;, explicam os analistas.<\/p>\n\n\n\t<p>\n\t\t<a href=\"https:\/\/lp.suno.com.br\/suno-one\/?utm_campaign=_SNC6964518A_\" target=\"_blank\" data-element=\"shortcode-suno-banner\" title=\"Banner SUNO, clique e saiba mais\">\n\t\t\t<picture>\n\t\t\t\t<source media=\"(max-width: 500px)\" srcset=\"https:\/\/files.sunoresearch.com.br\/n\/uploads\/2025\/09\/400x300-Suno-One-png.webp\">\n\t\t\t\t<img class=\"newsContent__article__imgCapa newsContent__article__imgCapa--banner\"\n\t\t\t\t\tsrc=\"https:\/\/files.sunoresearch.com.br\/n\/uploads\/2025\/09\/1420x240-Suno-One-png.webp\"\n\t\t\t\t\tdata-promo-id=\"383121\"\t\t\t\t\t\t\t\t\t\twidth='1420' height='240'\t\t\t\t\talt=\"https:\/\/files.sunoresearch.com.br\/n\/uploads\/2025\/09\/1420x240-Suno-One-png.webp\"\n\t\t\t\t>\n\t\t\t<\/picture>\n\t\t<\/a>\n\t<\/p>\n\n\n\n\n\n<h2 class=\"wp-block-heading\">N\u00fameros projetados para o Banco do Brasil<\/h2>\n\n\n\n<p>Em linhas gerais, a casa espera <a class=\"suno-keyword\" target=\"_blank\" data-force=\"no\" data-priority=\"1\" href=\"https:\/\/www.suno.com.br\/artigos\/lucro-liquido\/\" rel=\"noopener\">lucro l\u00edquido<\/a> ajustado de R$ 35,3 bilh\u00f5es do Banco do Brasil no acumulado deste ano de 2023.<\/p>\n\n\n\n<p>Para os <strong>dividendos do Banco do Brasil<\/strong>, a estimativa \u00e9 de 8,8%, mostrando um avan\u00e7o ante os 7,4% registrados no acumulado de 2022.<\/p>\n\n\n\n<h2 class=\"wp-block-heading\">Rali de BBAS3<\/h2>\n\n\n\n<p>A cota\u00e7\u00e3o das a\u00e7\u00f5es do Banco do Brasil mostrou alta de 14% no acumulado do \u00faltimo m\u00eas, somando um ganho de mais de 48% desde o in\u00edcio de 2023. Os pap\u00e9is s\u00e3o negociados a R$ 49,39 pr\u00f3ximos do fechamento de preg\u00e3o desta sexta-feira (16).<\/p>\n\n\n\t<p>\n\t\t<a href=\"https:\/\/lp.suno.com.br\/plataforma-de-controle-de-investimentos\/\" target=\"_blank\" data-element=\"shortcode-suno-banner\" title=\"Banner SUNO, clique e saiba mais\">\n\t\t\t<picture>\n\t\t\t\t<source media=\"(max-width: 500px)\" srcset=\"https:\/\/files.sunoresearch.com.br\/n\/uploads\/2023\/03\/400x300-Controle-de-Investimentos.png\">\n\t\t\t\t<img class=\"newsContent__article__imgCapa newsContent__article__imgCapa--banner\"\n\t\t\t\t\tsrc=\"https:\/\/files.sunoresearch.com.br\/n\/uploads\/2023\/03\/1420x240-Controle-de-Investimentos.png\"\n\t\t\t\t\tdata-promo-id=\"383162\"\t\t\t\t\t\t\t\t\t\twidth='1420' height='240'\t\t\t\t\talt=\"https:\/\/files.sunoresearch.com.br\/n\/uploads\/2023\/03\/1420x240-Controle-de-Investimentos.png\"\n\t\t\t\t>\n\t\t\t<\/picture>\n\t\t<\/a>\n\t<\/p>\n\n\n","protected":false},"excerpt":{"rendered":"<p>Em novo parecer sobre os pap\u00e9is do Banco do Brasil (BBAS3), os especialistas do Ita\u00fa BBA reafirmaram seu otimismo com os pap\u00e9is. Banco do Brasil (BBAS3) &#8211; Foto: Marcelo Camargo\/Ag\u00eancia Brasil A recomenda\u00e7\u00e3o de compra foi mantida, com pre\u00e7o-alvo de R$ 56 para as a\u00e7\u00f5es do Banco do Brasil, ao passo que os ativos s\u00e3o [&hellip;]<\/p>\n","protected":false},"author":73,"featured_media":334027,"comment_status":"closed","ping_status":"closed","sticky":false,"template":"","format":"standard","meta":[],"categories":[64],"tags":[732,295,105816],"suno_strategy":[],"class_list":["post-417725","post","type-post","status-publish","format-standard","has-post-thumbnail","hentry","category-negocios","tag-banco-do-brasil-bbas3","tag-dividendos","tag-especialistas"],"yoast_head":"<!-- This site is optimized with the Yoast SEO plugin v24.4 - https:\/\/yoast.com\/wordpress\/plugins\/seo\/ -->\n<title>A\u00e7\u00f5es do Banco do Brasil (BBAS3) sofreram com &#039;temor injustific\u00e1vel&#039;<\/title>\n<meta name=\"description\" content=\"Segundo analistas do Ita\u00fa BBA, percep\u00e7\u00e3o do mercado de que as a\u00e7\u00f5es do Banco do Brasil podem ser prejudicadas com a Selic \u00e9 equivocada.\" \/>\n<meta name=\"robots\" content=\"index, follow, max-snippet:-1, max-image-preview:large, max-video-preview:-1\" \/>\n<link rel=\"canonical\" href=\"https:\/\/www.suno.com.br\/noticias\/banco-do-brasil-bbas3-temor-selic-acoes-bba\/\" \/>\n<meta property=\"og:locale\" content=\"pt_BR\" \/>\n<meta property=\"og:type\" content=\"article\" \/>\n<meta property=\"og:title\" content=\"A\u00e7\u00f5es do Banco do Brasil (BBAS3) sofreram com &#039;temor injustific\u00e1vel&#039;\" \/>\n<meta property=\"og:description\" content=\"Segundo analistas do Ita\u00fa BBA, percep\u00e7\u00e3o do mercado de que as a\u00e7\u00f5es do Banco do Brasil podem ser prejudicadas com a Selic \u00e9 equivocada.\" \/>\n<meta property=\"og:url\" content=\"https:\/\/www.suno.com.br\/noticias\/banco-do-brasil-bbas3-temor-selic-acoes-bba\/\" \/>\n<meta property=\"og:site_name\" content=\"Suno Not\u00edcias\" \/>\n<meta property=\"article:publisher\" content=\"https:\/\/facebook.com\/sunoresearch\" \/>\n<meta property=\"og:image\" content=\"https:\/\/files.sunoresearch.com.br\/n\/uploads\/2022\/12\/bancodobrasil-bb-bbas3-edifico-sede-foto-marcelo-camargo-agencia-brasil.jpg\" \/>\n\t<meta property=\"og:image:width\" content=\"1200\" \/>\n\t<meta property=\"og:image:height\" content=\"675\" \/>\n\t<meta property=\"og:image:type\" content=\"image\/jpeg\" \/>\n<meta name=\"author\" content=\"Eduardo Vargas\" \/>\n<meta name=\"twitter:card\" content=\"summary_large_image\" \/>\n<meta name=\"twitter:creator\" content=\"@sunoresearch\" \/>\n<meta name=\"twitter:site\" content=\"@sunoresearch\" \/>\n<meta name=\"twitter:label1\" content=\"Escrito por\" \/>\n\t<meta name=\"twitter:data1\" content=\"Eduardo Vargas\" \/>\n\t<meta name=\"twitter:label2\" content=\"Est. tempo de leitura\" \/>\n\t<meta name=\"twitter:data2\" content=\"2 minutos\" \/>\n<script type=\"application\/ld+json\" class=\"yoast-schema-graph\">{\"@context\":\"https:\/\/schema.org\",\"@graph\":[{\"@type\":\"NewsArticle\",\"@id\":\"https:\/\/www.suno.com.br\/noticias\/banco-do-brasil-bbas3-temor-selic-acoes-bba\/#article\",\"isPartOf\":{\"@id\":\"https:\/\/www.suno.com.br\/noticias\/banco-do-brasil-bbas3-temor-selic-acoes-bba\/\"},\"author\":{\"name\":\"Eduardo Vargas\",\"@id\":\"https:\/\/www.suno.com.br\/noticias\/#\/schema\/person\/7f4d362bf3518e76090143ae77bb49a5\"},\"headline\":\"A\u00e7\u00f5es do Banco do Brasil (BBAS3) sofreram com &#8216;temor injustific\u00e1vel&#8217; e est\u00e3o atrativas, diz BBA\",\"datePublished\":\"2023-06-16T19:28:18+00:00\",\"dateModified\":\"2023-06-16T20:09:48+00:00\",\"mainEntityOfPage\":{\"@id\":\"https:\/\/www.suno.com.br\/noticias\/banco-do-brasil-bbas3-temor-selic-acoes-bba\/\"},\"wordCount\":367,\"publisher\":{\"@id\":\"https:\/\/www.suno.com.br\/noticias\/#organization\"},\"image\":{\"@id\":\"https:\/\/www.suno.com.br\/noticias\/banco-do-brasil-bbas3-temor-selic-acoes-bba\/#primaryimage\"},\"thumbnailUrl\":\"https:\/\/files.sunoresearch.com.br\/n\/uploads\/2022\/12\/bancodobrasil-bb-bbas3-edifico-sede-foto-marcelo-camargo-agencia-brasil.jpg\",\"keywords\":[\"Banco do Brasil (BBAS3)\",\"dividendos\",\"Especialistas\"],\"articleSection\":[\"Neg\u00f3cios\"],\"inLanguage\":\"pt-BR\"},{\"@type\":\"WebPage\",\"@id\":\"https:\/\/www.suno.com.br\/noticias\/banco-do-brasil-bbas3-temor-selic-acoes-bba\/\",\"url\":\"https:\/\/www.suno.com.br\/noticias\/banco-do-brasil-bbas3-temor-selic-acoes-bba\/\",\"name\":\"A\u00e7\u00f5es do Banco do Brasil (BBAS3) sofreram com 'temor injustific\u00e1vel'\",\"isPartOf\":{\"@id\":\"https:\/\/www.suno.com.br\/noticias\/#website\"},\"primaryImageOfPage\":{\"@id\":\"https:\/\/www.suno.com.br\/noticias\/banco-do-brasil-bbas3-temor-selic-acoes-bba\/#primaryimage\"},\"image\":{\"@id\":\"https:\/\/www.suno.com.br\/noticias\/banco-do-brasil-bbas3-temor-selic-acoes-bba\/#primaryimage\"},\"thumbnailUrl\":\"https:\/\/files.sunoresearch.com.br\/n\/uploads\/2022\/12\/bancodobrasil-bb-bbas3-edifico-sede-foto-marcelo-camargo-agencia-brasil.jpg\",\"datePublished\":\"2023-06-16T19:28:18+00:00\",\"dateModified\":\"2023-06-16T20:09:48+00:00\",\"description\":\"Segundo analistas do Ita\u00fa BBA, percep\u00e7\u00e3o do mercado de que as a\u00e7\u00f5es do Banco do Brasil podem ser prejudicadas com a Selic \u00e9 equivocada.\",\"breadcrumb\":{\"@id\":\"https:\/\/www.suno.com.br\/noticias\/banco-do-brasil-bbas3-temor-selic-acoes-bba\/#breadcrumb\"},\"inLanguage\":\"pt-BR\",\"potentialAction\":[{\"@type\":\"ReadAction\",\"target\":[\"https:\/\/www.suno.com.br\/noticias\/banco-do-brasil-bbas3-temor-selic-acoes-bba\/\"]}]},{\"@type\":\"ImageObject\",\"inLanguage\":\"pt-BR\",\"@id\":\"https:\/\/www.suno.com.br\/noticias\/banco-do-brasil-bbas3-temor-selic-acoes-bba\/#primaryimage\",\"url\":\"https:\/\/files.sunoresearch.com.br\/n\/uploads\/2022\/12\/bancodobrasil-bb-bbas3-edifico-sede-foto-marcelo-camargo-agencia-brasil.jpg\",\"contentUrl\":\"https:\/\/files.sunoresearch.com.br\/n\/uploads\/2022\/12\/bancodobrasil-bb-bbas3-edifico-sede-foto-marcelo-camargo-agencia-brasil.jpg\",\"width\":1200,\"height\":675,\"caption\":\"Banco do Brasil (BBAS3) - Foto: Marcelo Camargo\/Ag\u00eancia Brasil\"},{\"@type\":\"BreadcrumbList\",\"@id\":\"https:\/\/www.suno.com.br\/noticias\/banco-do-brasil-bbas3-temor-selic-acoes-bba\/#breadcrumb\",\"itemListElement\":[{\"@type\":\"ListItem\",\"position\":1,\"name\":\"Not\u00edcias\",\"item\":\"https:\/\/www.suno.com.br\/noticias\/\"},{\"@type\":\"ListItem\",\"position\":2,\"name\":\"Neg\u00f3cios\",\"item\":\"https:\/\/www.suno.com.br\/noticias\/negocios\/\"},{\"@type\":\"ListItem\",\"position\":3,\"name\":\"A\u00e7\u00f5es do Banco do Brasil (BBAS3) sofreram com &#8216;temor injustific\u00e1vel&#8217; e est\u00e3o atrativas, diz BBA\"}]},{\"@type\":\"WebSite\",\"@id\":\"https:\/\/www.suno.com.br\/noticias\/#website\",\"url\":\"https:\/\/www.suno.com.br\/noticias\/\",\"name\":\"Suno Not\u00edcias\",\"description\":\"Seu portal de informa\u00e7\u00e3o sobre o mundo dos investimentos\",\"publisher\":{\"@id\":\"https:\/\/www.suno.com.br\/noticias\/#organization\"},\"potentialAction\":[{\"@type\":\"SearchAction\",\"target\":{\"@type\":\"EntryPoint\",\"urlTemplate\":\"https:\/\/www.suno.com.br\/noticias\/?s={search_term_string}\"},\"query-input\":{\"@type\":\"PropertyValueSpecification\",\"valueRequired\":true,\"valueName\":\"search_term_string\"}}],\"inLanguage\":\"pt-BR\"},{\"@type\":\"Organization\",\"@id\":\"https:\/\/www.suno.com.br\/noticias\/#organization\",\"name\":\"Suno Not\u00edcias\",\"url\":\"https:\/\/www.suno.com.br\/noticias\/\",\"logo\":{\"@type\":\"ImageObject\",\"inLanguage\":\"pt-BR\",\"@id\":\"https:\/\/www.suno.com.br\/noticias\/#\/schema\/logo\/image\/\",\"url\":\"https:\/\/files.sunoresearch.com.br\/n\/uploads\/2021\/09\/suno-logo.png\",\"contentUrl\":\"https:\/\/files.sunoresearch.com.br\/n\/uploads\/2021\/09\/suno-logo.png\",\"width\":180,\"height\":180,\"caption\":\"Suno Not\u00edcias\"},\"image\":{\"@id\":\"https:\/\/www.suno.com.br\/noticias\/#\/schema\/logo\/image\/\"},\"sameAs\":[\"https:\/\/facebook.com\/sunoresearch\",\"https:\/\/x.com\/sunoresearch\",\"https:\/\/www.instagram.com\/suno\",\"https:\/\/www.linkedin.com\/company\/suno-research\/\",\"https:\/\/www.youtube.com\/c\/sunoresearch\"]},{\"@type\":\"Person\",\"@id\":\"https:\/\/www.suno.com.br\/noticias\/#\/schema\/person\/7f4d362bf3518e76090143ae77bb49a5\",\"name\":\"Eduardo Vargas\",\"image\":{\"@type\":\"ImageObject\",\"inLanguage\":\"pt-BR\",\"@id\":\"https:\/\/www.suno.com.br\/noticias\/#\/schema\/person\/image\/\",\"url\":\"https:\/\/secure.gravatar.com\/avatar\/dac340933427a22924c9f99d1eb2e3f2?s=96&r=g\",\"contentUrl\":\"https:\/\/secure.gravatar.com\/avatar\/dac340933427a22924c9f99d1eb2e3f2?s=96&r=g\",\"caption\":\"Eduardo Vargas\"},\"description\":\"Jornalista formado pela UFSC, cobre macroeconomia, neg\u00f3cios e startups para o Suno Not\u00edcias, escrevendo principalmente not\u00edcias sobre o mercado financeiro e a bolsa de valores. No YouTube e no Instagram, \u00e9 respons\u00e1vel pela produ\u00e7\u00e3o de Reels e Shorts do Suno Not\u00edcias. Anteriormente, trabalhou cobrindo economia e cotidiano no ND+ e para o ND, maior jornal impresso de Santa Catarina. Cursou um semestre letivo de Estudos de M\u00eddia na Universidad de Buenos Aires.\",\"url\":\"https:\/\/www.suno.com.br\/noticias\/author\/eduardo-vargas\/\"}]}<\/script>\n<!-- \/ Yoast SEO plugin. -->","yoast_head_json":{"title":"A\u00e7\u00f5es do Banco do Brasil (BBAS3) sofreram com 'temor injustific\u00e1vel'","description":"Segundo analistas do Ita\u00fa BBA, percep\u00e7\u00e3o do mercado de que as a\u00e7\u00f5es do Banco do Brasil podem ser prejudicadas com a Selic \u00e9 equivocada.","robots":{"index":"index","follow":"follow","max-snippet":"max-snippet:-1","max-image-preview":"max-image-preview:large","max-video-preview":"max-video-preview:-1"},"canonical":"https:\/\/www.suno.com.br\/noticias\/banco-do-brasil-bbas3-temor-selic-acoes-bba\/","og_locale":"pt_BR","og_type":"article","og_title":"A\u00e7\u00f5es do Banco do Brasil (BBAS3) sofreram com 'temor injustific\u00e1vel'","og_description":"Segundo analistas do Ita\u00fa BBA, percep\u00e7\u00e3o do mercado de que as a\u00e7\u00f5es do Banco do Brasil podem ser prejudicadas com a Selic \u00e9 equivocada.","og_url":"https:\/\/www.suno.com.br\/noticias\/banco-do-brasil-bbas3-temor-selic-acoes-bba\/","og_site_name":"Suno Not\u00edcias","article_publisher":"https:\/\/facebook.com\/sunoresearch","og_image":[{"width":1200,"height":675,"url":"https:\/\/files.sunoresearch.com.br\/n\/uploads\/2022\/12\/bancodobrasil-bb-bbas3-edifico-sede-foto-marcelo-camargo-agencia-brasil.jpg","type":"image\/jpeg"}],"author":"Eduardo Vargas","twitter_card":"summary_large_image","twitter_creator":"@sunoresearch","twitter_site":"@sunoresearch","twitter_misc":{"Escrito por":"Eduardo Vargas","Est. tempo de leitura":"2 minutos"},"schema":{"@context":"https:\/\/schema.org","@graph":[{"@type":"NewsArticle","@id":"https:\/\/www.suno.com.br\/noticias\/banco-do-brasil-bbas3-temor-selic-acoes-bba\/#article","isPartOf":{"@id":"https:\/\/www.suno.com.br\/noticias\/banco-do-brasil-bbas3-temor-selic-acoes-bba\/"},"author":{"name":"Eduardo Vargas","@id":"https:\/\/www.suno.com.br\/noticias\/#\/schema\/person\/7f4d362bf3518e76090143ae77bb49a5"},"headline":"A\u00e7\u00f5es do Banco do Brasil (BBAS3) sofreram com &#8216;temor injustific\u00e1vel&#8217; e est\u00e3o atrativas, diz BBA","datePublished":"2023-06-16T19:28:18+00:00","dateModified":"2023-06-16T20:09:48+00:00","mainEntityOfPage":{"@id":"https:\/\/www.suno.com.br\/noticias\/banco-do-brasil-bbas3-temor-selic-acoes-bba\/"},"wordCount":367,"publisher":{"@id":"https:\/\/www.suno.com.br\/noticias\/#organization"},"image":{"@id":"https:\/\/www.suno.com.br\/noticias\/banco-do-brasil-bbas3-temor-selic-acoes-bba\/#primaryimage"},"thumbnailUrl":"https:\/\/files.sunoresearch.com.br\/n\/uploads\/2022\/12\/bancodobrasil-bb-bbas3-edifico-sede-foto-marcelo-camargo-agencia-brasil.jpg","keywords":["Banco do Brasil (BBAS3)","dividendos","Especialistas"],"articleSection":["Neg\u00f3cios"],"inLanguage":"pt-BR"},{"@type":"WebPage","@id":"https:\/\/www.suno.com.br\/noticias\/banco-do-brasil-bbas3-temor-selic-acoes-bba\/","url":"https:\/\/www.suno.com.br\/noticias\/banco-do-brasil-bbas3-temor-selic-acoes-bba\/","name":"A\u00e7\u00f5es do Banco do Brasil (BBAS3) sofreram com 'temor injustific\u00e1vel'","isPartOf":{"@id":"https:\/\/www.suno.com.br\/noticias\/#website"},"primaryImageOfPage":{"@id":"https:\/\/www.suno.com.br\/noticias\/banco-do-brasil-bbas3-temor-selic-acoes-bba\/#primaryimage"},"image":{"@id":"https:\/\/www.suno.com.br\/noticias\/banco-do-brasil-bbas3-temor-selic-acoes-bba\/#primaryimage"},"thumbnailUrl":"https:\/\/files.sunoresearch.com.br\/n\/uploads\/2022\/12\/bancodobrasil-bb-bbas3-edifico-sede-foto-marcelo-camargo-agencia-brasil.jpg","datePublished":"2023-06-16T19:28:18+00:00","dateModified":"2023-06-16T20:09:48+00:00","description":"Segundo analistas do Ita\u00fa BBA, percep\u00e7\u00e3o do mercado de que as a\u00e7\u00f5es do Banco do Brasil podem ser prejudicadas com a Selic \u00e9 equivocada.","breadcrumb":{"@id":"https:\/\/www.suno.com.br\/noticias\/banco-do-brasil-bbas3-temor-selic-acoes-bba\/#breadcrumb"},"inLanguage":"pt-BR","potentialAction":[{"@type":"ReadAction","target":["https:\/\/www.suno.com.br\/noticias\/banco-do-brasil-bbas3-temor-selic-acoes-bba\/"]}]},{"@type":"ImageObject","inLanguage":"pt-BR","@id":"https:\/\/www.suno.com.br\/noticias\/banco-do-brasil-bbas3-temor-selic-acoes-bba\/#primaryimage","url":"https:\/\/files.sunoresearch.com.br\/n\/uploads\/2022\/12\/bancodobrasil-bb-bbas3-edifico-sede-foto-marcelo-camargo-agencia-brasil.jpg","contentUrl":"https:\/\/files.sunoresearch.com.br\/n\/uploads\/2022\/12\/bancodobrasil-bb-bbas3-edifico-sede-foto-marcelo-camargo-agencia-brasil.jpg","width":1200,"height":675,"caption":"Banco do Brasil (BBAS3) - Foto: Marcelo Camargo\/Ag\u00eancia Brasil"},{"@type":"BreadcrumbList","@id":"https:\/\/www.suno.com.br\/noticias\/banco-do-brasil-bbas3-temor-selic-acoes-bba\/#breadcrumb","itemListElement":[{"@type":"ListItem","position":1,"name":"Not\u00edcias","item":"https:\/\/www.suno.com.br\/noticias\/"},{"@type":"ListItem","position":2,"name":"Neg\u00f3cios","item":"https:\/\/www.suno.com.br\/noticias\/negocios\/"},{"@type":"ListItem","position":3,"name":"A\u00e7\u00f5es do Banco do Brasil (BBAS3) sofreram com &#8216;temor injustific\u00e1vel&#8217; e est\u00e3o atrativas, diz BBA"}]},{"@type":"WebSite","@id":"https:\/\/www.suno.com.br\/noticias\/#website","url":"https:\/\/www.suno.com.br\/noticias\/","name":"Suno Not\u00edcias","description":"Seu portal de informa\u00e7\u00e3o sobre o mundo dos investimentos","publisher":{"@id":"https:\/\/www.suno.com.br\/noticias\/#organization"},"potentialAction":[{"@type":"SearchAction","target":{"@type":"EntryPoint","urlTemplate":"https:\/\/www.suno.com.br\/noticias\/?s={search_term_string}"},"query-input":{"@type":"PropertyValueSpecification","valueRequired":true,"valueName":"search_term_string"}}],"inLanguage":"pt-BR"},{"@type":"Organization","@id":"https:\/\/www.suno.com.br\/noticias\/#organization","name":"Suno Not\u00edcias","url":"https:\/\/www.suno.com.br\/noticias\/","logo":{"@type":"ImageObject","inLanguage":"pt-BR","@id":"https:\/\/www.suno.com.br\/noticias\/#\/schema\/logo\/image\/","url":"https:\/\/files.sunoresearch.com.br\/n\/uploads\/2021\/09\/suno-logo.png","contentUrl":"https:\/\/files.sunoresearch.com.br\/n\/uploads\/2021\/09\/suno-logo.png","width":180,"height":180,"caption":"Suno Not\u00edcias"},"image":{"@id":"https:\/\/www.suno.com.br\/noticias\/#\/schema\/logo\/image\/"},"sameAs":["https:\/\/facebook.com\/sunoresearch","https:\/\/x.com\/sunoresearch","https:\/\/www.instagram.com\/suno","https:\/\/www.linkedin.com\/company\/suno-research\/","https:\/\/www.youtube.com\/c\/sunoresearch"]},{"@type":"Person","@id":"https:\/\/www.suno.com.br\/noticias\/#\/schema\/person\/7f4d362bf3518e76090143ae77bb49a5","name":"Eduardo Vargas","image":{"@type":"ImageObject","inLanguage":"pt-BR","@id":"https:\/\/www.suno.com.br\/noticias\/#\/schema\/person\/image\/","url":"https:\/\/secure.gravatar.com\/avatar\/dac340933427a22924c9f99d1eb2e3f2?s=96&r=g","contentUrl":"https:\/\/secure.gravatar.com\/avatar\/dac340933427a22924c9f99d1eb2e3f2?s=96&r=g","caption":"Eduardo Vargas"},"description":"Jornalista formado pela UFSC, cobre macroeconomia, neg\u00f3cios e startups para o Suno Not\u00edcias, escrevendo principalmente not\u00edcias sobre o mercado financeiro e a bolsa de valores. No YouTube e no Instagram, \u00e9 respons\u00e1vel pela produ\u00e7\u00e3o de Reels e Shorts do Suno Not\u00edcias. Anteriormente, trabalhou cobrindo economia e cotidiano no ND+ e para o ND, maior jornal impresso de Santa Catarina. Cursou um semestre letivo de Estudos de M\u00eddia na Universidad de Buenos Aires.","url":"https:\/\/www.suno.com.br\/noticias\/author\/eduardo-vargas\/"}]}},"default_loop_html":"<div class=\"cardsPage__listCard__boxs\"><div class=\"cardsPage__listCard__boxs__img\"><a href=\"https:\/\/www.suno.com.br\/noticias\/banco-do-brasil-bbas3-temor-selic-acoes-bba\/\"><img class=\"mask\" src=\"https:\/\/www.suno.com.br\/noticias\/wp-content\/themes\/suno\/resources\/images\/spotlight\/spotlight1img\/bg-mask.png\" alt=\"Image Mask\"\/><img src=\"https:\/\/files.sunoresearch.com.br\/n\/uploads\/2022\/12\/bancodobrasil-bb-bbas3-edifico-sede-foto-marcelo-camargo-agencia-brasil-400x200.jpg\" alt=\"A\u00e7\u00f5es do Banco do Brasil (BBAS3) sofreram com &#8216;temor injustific\u00e1vel&#8217; e est\u00e3o atrativas, diz BBA\"\/><\/a><span class=\"spotlightCategory\"><a href=\"https:\/\/www.suno.com.br\/noticias\/negocios\/\">Neg\u00f3cios<\/a><\/span><\/div><div class=\"cardsPage__listCard__boxs__content\"><a href=\"https:\/\/www.suno.com.br\/noticias\/banco-do-brasil-bbas3-temor-selic-acoes-bba\/\"><h2 class=\"content__title\">A\u00e7\u00f5es do Banco do Brasil (BBAS3) sofreram com &#8216;temor injustific\u00e1vel&#8217; e est\u00e3o atrativas, diz BBA<\/h2><\/a><div class=\"newsContent__article__meta\"><div class=\"newsContent__article__meta__authorBox\"><a href=\"https:\/\/www.suno.com.br\/noticias\/author\/eduardo-vargas\/\" class=\"authorBox__avatar noMobi\"><img src=\"https:\/\/secure.gravatar.com\/avatar\/dac340933427a22924c9f99d1eb2e3f2?s=96&#038;r=g\" alt=\"Eduardo Vargas\"><\/a><div class=\"authorBox__name\"><span>por\n\t\t\t<a href=\"https:\/\/www.suno.com.br\/noticias\/author\/eduardo-vargas\/\"><span itemprop=\"author\">Eduardo Vargas<\/span><\/a><\/span><time datetime=\"2023-06-16T16:28:18-03:00\" itemprop=\"datePublished\">16\/06\/2023 16:28<\/time><\/div><\/div><\/div><\/div><\/div>","single_layout":"posts","amp_enabled":true,"_links":{"self":[{"href":"https:\/\/www.suno.com.br\/noticias\/wp-json\/wp\/v2\/posts\/417725"}],"collection":[{"href":"https:\/\/www.suno.com.br\/noticias\/wp-json\/wp\/v2\/posts"}],"about":[{"href":"https:\/\/www.suno.com.br\/noticias\/wp-json\/wp\/v2\/types\/post"}],"author":[{"embeddable":true,"href":"https:\/\/www.suno.com.br\/noticias\/wp-json\/wp\/v2\/users\/73"}],"replies":[{"embeddable":true,"href":"https:\/\/www.suno.com.br\/noticias\/wp-json\/wp\/v2\/comments?post=417725"}],"version-history":[{"count":2,"href":"https:\/\/www.suno.com.br\/noticias\/wp-json\/wp\/v2\/posts\/417725\/revisions"}],"predecessor-version":[{"id":417776,"href":"https:\/\/www.suno.com.br\/noticias\/wp-json\/wp\/v2\/posts\/417725\/revisions\/417776"}],"wp:featuredmedia":[{"embeddable":true,"href":"https:\/\/www.suno.com.br\/noticias\/wp-json\/wp\/v2\/media\/334027"}],"wp:attachment":[{"href":"https:\/\/www.suno.com.br\/noticias\/wp-json\/wp\/v2\/media?parent=417725"}],"wp:term":[{"taxonomy":"category","embeddable":true,"href":"https:\/\/www.suno.com.br\/noticias\/wp-json\/wp\/v2\/categories?post=417725"},{"taxonomy":"post_tag","embeddable":true,"href":"https:\/\/www.suno.com.br\/noticias\/wp-json\/wp\/v2\/tags?post=417725"},{"taxonomy":"suno_strategy","embeddable":true,"href":"https:\/\/www.suno.com.br\/noticias\/wp-json\/wp\/v2\/suno_strategy?post=417725"}],"curies":[{"name":"wp","href":"https:\/\/api.w.org\/{rel}","templated":true}]}}