{"id":417693,"date":"2023-06-16T17:28:04","date_gmt":"2023-06-16T20:28:04","guid":{"rendered":"https:\/\/www.suno.com.br\/noticias\/?p=417693"},"modified":"2023-06-16T17:28:12","modified_gmt":"2023-06-16T20:28:12","slug":"copom-deve-iniciar-corte-selic-reuniao-agosto-btg","status":"publish","type":"post","link":"https:\/\/www.suno.com.br\/noticias\/copom-deve-iniciar-corte-selic-reuniao-agosto-btg\/","title":{"rendered":"Selic: Copom deve iniciar corte da taxa de juros em agosto, indica pesquisa do BTG com especialistas"},"content":{"rendered":"<p>Pesquisa realizada pelo <a href=\"https:\/\/www.suno.com.br\/acoes\/bpac11\/\">BTG Pactual (BPAC11)<\/a> com participantes do mercado financeiro revelou que 61% dos entrevistados acredita que o ciclo de cortes da taxa <strong>Selic<\/strong> deve come\u00e7ar na reuni\u00e3o do Comit\u00ea de Pol\u00edtica Monet\u00e1ria (Copom) do m\u00eas de agosto. <\/p>\t<div class=\"wrapper-featured-image\">\n\t\t<figure class=\"spotlightImg\">\n\n\t\t\t<picture>\n\t\t\t\t<source media=\"(max-width: 768px)\" srcset=\"https:\/\/files.sunoresearch.com.br\/n\/uploads\/2023\/05\/selic-inflacao-400x200.jpg\">\n\t\t\t\t<img loading=\"lazy\" decoding=\"async\" class=\"newsContent__article__imgCapa lazyloadDisabled \" src=\"https:\/\/files.sunoresearch.com.br\/n\/uploads\/2023\/05\/selic-inflacao-800x450.jpg\" width=\"800\" height=\"450\" alt=\"Selic: Copom deve iniciar corte da taxa de juros em agosto, indica pesquisa do BTG com especialistas\" fetchpriority=high \/>\n\t\t\t<\/picture>\n\n\t\t\t<figcaption class=\"wp-caption-text wp-caption-text--show\">Multiplan (MULT3) anuncia novo pagamento de R$ 131 milh\u00f5es em JCP. Foto: iStock<\/figcaption>\n\t\t<\/figure>\n\t<\/div>\n\n\n\n\n\n\n<p>Ao todo, 115 respondentes &#8211; entre gestores de carteiras, traders, economistas e estrategistas de institui\u00e7\u00f5es financeiras &#8211; participaram do<strong> levantamento sobre a Selic<\/strong>, aplicado entre os dias 13 e 15 de junho.<\/p>\n\n\n\t<p>\n\t\t<a href=\"\" target=\"_blank\" data-element=\"shortcode-suno-banner\" title=\"Banner SUNO, clique e saiba mais\">\n\t\t\t<picture>\n\t\t\t\t<source media=\"(max-width: 500px)\" srcset=\"\">\n\t\t\t\t<img class=\"newsContent__article__imgCapa newsContent__article__imgCapa--banner\"\n\t\t\t\t\tsrc=\"\"\n\t\t\t\t\tdata-promo-id=\"240038\"\t\t\t\t\t\t\t\t\t\t\t\t\t\t\talt=\"\"\n\t\t\t\t>\n\t\t\t<\/picture>\n\t\t<\/a>\n\t<\/p>\n\n\n\n\n\n<p>O objetivo da pesquisa, de acordo com o BTG, foi avaliar a opini\u00e3o dos especialistas sobre temas que influenciam o cen\u00e1rio econ\u00f4mico e, em particular, a pol\u00edtica monet\u00e1ria, assim como a comunica\u00e7\u00e3o recente do <strong>Copom.<\/strong><\/p>\n\n\n\n<p>Sobre o pr\u00f3ximo Copom, 79% dos entrevistados julgaram que o comit\u00ea deve afrouxar o tom da \u00faltima comunica\u00e7\u00e3o, indicando um <strong>ciclo de cortes<\/strong> ainda em 2023. Al\u00e9m disso, 67% acreditam que a equipe remover\u00e1 a express\u00e3o em que antev\u00ea a possibilidade de \u201cretomar o ciclo de ajuste\u201d da <strong>taxa b\u00e1sica de juros<\/strong>. J\u00e1 em rela\u00e7\u00e3o ao in\u00edcio do ciclo, 61% acreditam que ele come\u00e7ar\u00e1 na reuni\u00e3o de agosto. <\/p>\n\n\n\n<p>J\u00e1 em rela\u00e7\u00e3o \u00e0 expectativa para o patamar dos juros no fim do ano, 71% dos pesquisados acreditam que a taxa Selic encerrar\u00e1 2023 entre 12,0 e 12,75%. Para o ano que vem, o consenso est\u00e1 mais disperso, mas com ligeira vantagem daqueles que enxergam a Selic abaixo de 10% (52%) contra 10,0 e 10,75% (40%), com um percentual pequeno de participantes vendo a Selic acima de 11% (quase 8%).<\/p>\n\n\n\n<h2 class=\"wp-block-heading\">Meta de infla\u00e7\u00e3o<\/h2>\n\n\n\n<p>De acordo com a <strong>pesquisa do BTG<\/strong>, quase metade dos respondentes julga que a manuten\u00e7\u00e3o da meta de infla\u00e7\u00e3o pelo Conselho Monet\u00e1rio Nacional (CMN) em 3% \u00e9 \u201cmuito prov\u00e1vel\u201d, enquanto outros 45% acreditam ser \u201cprov\u00e1vel\u201d.<\/p>\n\n\n\n<p>Caso o CMN opte por manter a meta de infla\u00e7\u00e3o em 3%, quase 71% dos pesquisados antev\u00ea um recuo da proje\u00e7\u00e3o do \u00cdndice Nacional de Pre\u00e7os ao Consumidor Amplo <strong>(IPCA)<\/strong> em 2024, com ligeira vantagem percentual para o grupo que espera um recuo de 15 a 30 pontos-base na margem. <\/p>\n\n\n\n<p>Por sua vez, aproximadamente um quarto dos participantes n\u00e3o v\u00ea recuo da proje\u00e7\u00e3o do IPCA. O quadro \u00e9 bastante similar para a <strong>proje\u00e7\u00e3o do IPCA<\/strong> em 2025. <\/p>\n\n\n\n<p>Uma eventual amplia\u00e7\u00e3o da banda de toler\u00e2ncia afetaria esse cen\u00e1rio, ainda que um pouco mais da metade dos participantes (53,5%) acredite que a manuten\u00e7\u00e3o da meta de infla\u00e7\u00e3o ainda seria o sinal mais relevante do CMN.<\/p>\n\n\n\n<p>Por fim, a maior parte dos entrevistados acredita que o Copom n\u00e3o alterar\u00e1 sua estimativa da taxa de juros neutra na reuni\u00e3o de junho. No entanto, quase um quarto da amostra total acha que o Copom n\u00e3o far\u00e1 essa altera\u00e7\u00e3o, mas deveria faz\u00ea-lo. O intervalo da taxa neutra estimado pelo mercado est\u00e1, majoritariamente, entre 4,0 e 5,0%.<\/p>\n\n\n\t<p>\n\t\t<a href=\"https:\/\/lp.suno.com.br\/ebook-gratuito-investindo-no-exterior\/\" target=\"_blank\" data-element=\"shortcode-suno-banner\" title=\"Banner SUNO, clique e saiba mais\">\n\t\t\t<picture>\n\t\t\t\t<source media=\"(max-width: 500px)\" srcset=\"https:\/\/files.sunoresearch.com.br\/n\/uploads\/2023\/03\/400x300-Investindo-no-exterior.png\">\n\t\t\t\t<img class=\"newsContent__article__imgCapa newsContent__article__imgCapa--banner\"\n\t\t\t\t\tsrc=\"https:\/\/files.sunoresearch.com.br\/n\/uploads\/2023\/03\/1420x240-Investindo-no-exterior.png\"\n\t\t\t\t\tdata-promo-id=\"383161\"\t\t\t\t\t\t\t\t\t\twidth='1420' height='240'\t\t\t\t\talt=\"https:\/\/files.sunoresearch.com.br\/n\/uploads\/2023\/03\/1420x240-Investindo-no-exterior.png\"\n\t\t\t\t>\n\t\t\t<\/picture>\n\t\t<\/a>\n\t<\/p>\n\n\n\n\n\n<h2 class=\"wp-block-heading\">Selic: BTG refor\u00e7a possibilidade de corte dos juros em agosto; entenda os motivos<\/h2>\n\n\n\n<p>O resultado do PIB no primeiro trimestre de 2023 superou as expectativas, diz o BTG Pactual, que atualizou a proje\u00e7\u00e3o do seu crescimento de 1,2% para 1,9%. O banco tamb\u00e9m enfatizou que o ciclo de corte da&nbsp;<strong>Selic<\/strong>&nbsp;pode come\u00e7ar na&nbsp;<a href=\"https:\/\/www.suno.com.br\/artigos\/copom\/\" target=\"_blank\" rel=\"noreferrer noopener\">reuni\u00e3o do Copom<\/a>&nbsp;em agosto. O pr\u00f3ximo encontro do comit\u00ea do Banco Central acontece na pr\u00f3xima semana, nos dias 20 e 21. Al\u00e9m disso, o banco sinalizou uma potencial valoriza\u00e7\u00e3o do real.<\/p>\n\n\n\n<p>Apesar do bom desempenho, Mansueto Almeida, economista-chefe do BTG, faz alertas sobre a composi\u00e7\u00e3o do PIB ao argumentar sobre a conjuntura da economia para embasar o corte de&nbsp;<strong>juros da Selic<\/strong>. \u201cEsper\u00e1vamos um crescimento de 1,1% no 1\u00ba Tri deste ano, mas o crescimento foi de 1,9%, puxado por um significativo crescimento de 21,6% do agroneg\u00f3cio\u201d, diz ele. Um ponto importante \u00e9 que a composi\u00e7\u00e3o do crescimento n\u00e3o foi favor\u00e1vel, pois o investimento contraiu e o consumo ficou praticamente est\u00e1vel. Contudo, no contexto atual de&nbsp;<a target=\"_blank\" href=\"https:\/\/www.suno.com.br\/artigos\/politica-monetaria\/\" rel=\"noreferrer noopener\">pol\u00edtica monet\u00e1ria<\/a>&nbsp;restritiva, esse resultado fraco da demanda \u00e9 uma not\u00edcia positiva.\u201d<\/p>\n\n\n\n<p>Ele prossegue: \u201cEsse forte crescimento no in\u00edcio do ano, mesmo que tempor\u00e1rio, nos levou a rever a proje\u00e7\u00e3o de crescimento do PIB de 2023 para 1,9%, sem altera\u00e7\u00e3o do crescimento do pr\u00f3ximo ano, que fica em 0,7%, em decorr\u00eancia do efeito das taxas de juros ainda muito elevadas. Para que o crescimento de 2024 seja mais robusto, ser\u00e1 necess\u00e1rio um c<strong>orte das taxas de juros<\/strong>&nbsp;pelo Banco Central em uma magnitude maior do que a indicada pelos economistas na pesquisa Focus do&nbsp;<strong>Banco Central<\/strong>\u201d, complementa Mansueto em relat\u00f3rio.<\/p>\n\n\n\n<h2 class=\"wp-block-heading\">Cortes de juros podem ocorrer em agosto, dizem analistas<\/h2>\n\n\n\n<p>Com a infla\u00e7\u00e3o a&nbsp;<a target=\"_blank\" href=\"https:\/\/www.suno.com.br\/artigos\/curto-prazo\/\" rel=\"noreferrer noopener\">curto prazo<\/a>&nbsp;mostrando melhoras \u2013 as previs\u00f5es do BTG para o IPCA de 2023 e 2024 foram revisadas e reduzidas para 5,0% e 4,0%, respectivamente -, o Banco Central pode antecipar os&nbsp;<strong>cortes da Selic,<\/strong>&nbsp;em 13,75% ao ano desde agosto de 2022, para o in\u00edcio do segundo semestre.<\/p>\n\n\n\n<p>Para junho, o BTG avalia que a Selic dever\u00e1 se manter est\u00e1vel, mas com um poss\u00edvel reconhecimento da&nbsp;<strong>melhoria do cen\u00e1rio econ\u00f4mico<\/strong>&nbsp;por parte do BC. \u201cO Copom manteve a&nbsp;<strong>taxa Selic<\/strong>&nbsp;inalterada em 13,75% aa na sua reuni\u00e3o de maio. Como esper\u00e1vamos, a comunica\u00e7\u00e3o tamb\u00e9m n\u00e3o abria espa\u00e7o para cortes de juros em breve. Todavia, cabe registar que o cen\u00e1rio tem evolu\u00eddo favoravelmente. A suaviza\u00e7\u00e3o dos problemas nas cadeias globais de valor, em meio a um recuo do&nbsp;<a target=\"_blank\" href=\"https:\/\/www.suno.com.br\/artigos\/o-que-commodities\/\" rel=\"noreferrer noopener\">pre\u00e7o das commodities<\/a>, inclusive o petr\u00f3leo, trouxe ventos externos mais aceitos para os pre\u00e7os consumidores. A desinfla\u00e7\u00e3o n\u00e3o atacada tem sido significativa e h\u00e1 sinais de melhoria dos \u00edndices de pre\u00e7os ao consumidor.\u201d<\/p>\n\n\n\n<h2 class=\"wp-block-heading\">Avan\u00e7o da agenda tribut\u00e1ria tem potencial de apreciar o c\u00e2mbio<\/h2>\n\n\n\n<p>O BTG tamb\u00e9m revisou sua proje\u00e7\u00e3o de c\u00e2mbio de R$ 5,30\/US$ para R$ 5,10\/US$ at\u00e9 o fim de 2023. \u201cEm fun\u00e7\u00e3o, principalmente, da descompress\u00e3o do&nbsp;<a target=\"_blank\" href=\"https:\/\/www.suno.com.br\/artigos\/premio-de-risco\/\" rel=\"noreferrer noopener\">pr\u00eamio de risco<\/a>&nbsp;dom\u00e9stico, revisamos nossa proje\u00e7\u00e3o de taxa de c\u00e2mbio para R$5,10\/US$ (de R$5,30\/US$) no fim de 2023\u2033, analisa.<\/p>\n\n\n\n<p>\u201cContudo, nosso cen\u00e1rio fiscal n\u00e3o incorpora o aumento de&nbsp;<a target=\"_blank\" href=\"https:\/\/www.suno.com.br\/artigos\/carga-tributaria\/\" rel=\"noreferrer noopener\">carga tribut\u00e1ria<\/a>&nbsp;intencionada pelo governo para entregar a trajet\u00f3ria de resultado prim\u00e1rio estabelecida na apresenta\u00e7\u00e3o do novo arcabou\u00e7o fiscal. Em um cen\u00e1rio alternativo, em que o governo consegue aumentar a carga tribut\u00e1ria de modo que sinaliza o cumprimento das metas de prim\u00e1rio para os pr\u00f3ximos anos, estimamos que a taxa de c\u00e2mbio fecharia 2023 em R$4,80\/US$.\u201d<\/p>\n\n\n\n<p>A aprova\u00e7\u00e3o pelo Congresso de uma reforma tribut\u00e1ria do consumo, segundo o banco, teria potencial de reduzir o&nbsp;<a target=\"_blank\" href=\"https:\/\/www.suno.com.br\/artigos\/embi\/\" rel=\"noreferrer noopener\">risco Pa\u00eds<\/a>&nbsp;de forma significativa, favorecendo o cen\u00e1rio para a&nbsp;<strong>diminui\u00e7\u00e3o da Selic<\/strong>. \u201cPara o curto prazo, outro fator com potencial de apreciar o c\u00e2mbio seria a implementa\u00e7\u00e3o de um pacote robusto de est\u00edmulo pelo governo chin\u00eas\u201d, afirmam analistas.<\/p>\n\n\n\n<p>Outro destaque para o c\u00e2mbio \u00e9 o super\u00e1vit que vem batendo recordes. No acumulado no ano at\u00e9 maio, o super\u00e1vit totalizou US$ 35,3 bilh\u00f5es, 38% superior ao do mesmo per\u00edodo de 2022.<\/p>\n\n\n\n<p>\u201cPor ora, mantemos a hip\u00f3tese de o in\u00edcio de ciclo de corte da taxa&nbsp;<strong>Selic<\/strong>, a depender da intera\u00e7\u00e3o dessas vari\u00e1veis, ser antecipado para agosto\u201d, acrescenta o banco.<\/p>\n\n\n\t<p>\n\t\t<a href=\"https:\/\/lp.suno.com.br\/suno-one\/?utm_campaign=_SNC6964518A_\" target=\"_blank\" data-element=\"shortcode-suno-banner\" title=\"Banner SUNO, clique e saiba mais\">\n\t\t\t<picture>\n\t\t\t\t<source media=\"(max-width: 500px)\" srcset=\"https:\/\/files.sunoresearch.com.br\/n\/uploads\/2025\/09\/400x300-Suno-One-png.webp\">\n\t\t\t\t<img class=\"newsContent__article__imgCapa newsContent__article__imgCapa--banner\"\n\t\t\t\t\tsrc=\"https:\/\/files.sunoresearch.com.br\/n\/uploads\/2025\/09\/1420x240-Suno-One-png.webp\"\n\t\t\t\t\tdata-promo-id=\"383121\"\t\t\t\t\t\t\t\t\t\twidth='1420' height='240'\t\t\t\t\talt=\"https:\/\/files.sunoresearch.com.br\/n\/uploads\/2025\/09\/1420x240-Suno-One-png.webp\"\n\t\t\t\t>\n\t\t\t<\/picture>\n\t\t<\/a>\n\t<\/p>\n\n\n","protected":false},"excerpt":{"rendered":"<p>Pesquisa realizada pelo BTG Pactual (BPAC11) com participantes do mercado financeiro revelou que 61% dos entrevistados acredita que o ciclo de cortes da taxa Selic deve come\u00e7ar na reuni\u00e3o do Comit\u00ea de Pol\u00edtica Monet\u00e1ria (Copom) do m\u00eas de agosto. Multiplan (MULT3) anuncia novo pagamento de R$ 131 milh\u00f5es em JCP. Foto: iStock Ao todo, 115 [&hellip;]<\/p>\n","protected":false},"author":295,"featured_media":408700,"comment_status":"closed","ping_status":"closed","sticky":false,"template":"","format":"standard","meta":[],"categories":[62],"tags":[1842,1104,807,1752,290],"suno_strategy":[],"class_list":["post-417693","post","type-post","status-publish","format-standard","has-post-thumbnail","hentry","category-economia","tag-banco-central-bc","tag-copom","tag-produto-interno-bruto-pib","tag-taxa-de-juros","tag-taxa-selic"],"yoast_head":"<!-- This site is optimized with the Yoast SEO plugin v24.4 - https:\/\/yoast.com\/wordpress\/plugins\/seo\/ -->\n<title>Selic: Copom deve iniciar corte da taxa de juros em agosto, diz BTG<\/title>\n<meta name=\"description\" content=\"Uma pesquisa do BTG revelou que 61% dos participantes acreditam que o ciclo de cortes da Selic deve come\u00e7ar na reuni\u00e3o do Copom de agosto.\" \/>\n<meta name=\"robots\" content=\"index, follow, max-snippet:-1, max-image-preview:large, max-video-preview:-1\" \/>\n<link rel=\"canonical\" href=\"https:\/\/www.suno.com.br\/noticias\/copom-deve-iniciar-corte-selic-reuniao-agosto-btg\/\" \/>\n<meta property=\"og:locale\" content=\"pt_BR\" \/>\n<meta property=\"og:type\" content=\"article\" \/>\n<meta property=\"og:title\" content=\"Selic: Copom deve iniciar corte da taxa de juros em agosto, diz BTG\" \/>\n<meta property=\"og:description\" content=\"Uma pesquisa do BTG revelou que 61% dos participantes acreditam que o ciclo de cortes da Selic deve come\u00e7ar na reuni\u00e3o do Copom de agosto.\" \/>\n<meta property=\"og:url\" content=\"https:\/\/www.suno.com.br\/noticias\/copom-deve-iniciar-corte-selic-reuniao-agosto-btg\/\" \/>\n<meta property=\"og:site_name\" content=\"Suno Not\u00edcias\" \/>\n<meta property=\"article:publisher\" content=\"https:\/\/facebook.com\/sunoresearch\" \/>\n<meta property=\"og:image\" content=\"https:\/\/files.sunoresearch.com.br\/n\/uploads\/2023\/05\/selic-inflacao.jpg\" \/>\n\t<meta property=\"og:image:width\" content=\"1200\" \/>\n\t<meta property=\"og:image:height\" content=\"800\" \/>\n\t<meta property=\"og:image:type\" content=\"image\/jpeg\" \/>\n<meta name=\"author\" content=\"Giovanni Porf\u00edrio Jacomino\" \/>\n<meta name=\"twitter:card\" content=\"summary_large_image\" \/>\n<meta name=\"twitter:creator\" content=\"@sunoresearch\" \/>\n<meta name=\"twitter:site\" content=\"@sunoresearch\" \/>\n<meta name=\"twitter:label1\" content=\"Escrito por\" \/>\n\t<meta name=\"twitter:data1\" content=\"Giovanni Porf\u00edrio Jacomino\" \/>\n\t<meta name=\"twitter:label2\" content=\"Est. tempo de leitura\" \/>\n\t<meta name=\"twitter:data2\" content=\"7 minutos\" \/>\n<script type=\"application\/ld+json\" class=\"yoast-schema-graph\">{\"@context\":\"https:\/\/schema.org\",\"@graph\":[{\"@type\":\"NewsArticle\",\"@id\":\"https:\/\/www.suno.com.br\/noticias\/copom-deve-iniciar-corte-selic-reuniao-agosto-btg\/#article\",\"isPartOf\":{\"@id\":\"https:\/\/www.suno.com.br\/noticias\/copom-deve-iniciar-corte-selic-reuniao-agosto-btg\/\"},\"author\":{\"name\":\"Giovanni Porf\u00edrio Jacomino\",\"@id\":\"https:\/\/www.suno.com.br\/noticias\/#\/schema\/person\/217058341e4dbe1f68f3b898b09ca015\"},\"headline\":\"Selic: Copom deve iniciar corte da taxa de juros em agosto, indica pesquisa do BTG com especialistas\",\"datePublished\":\"2023-06-16T20:28:04+00:00\",\"dateModified\":\"2023-06-16T20:28:12+00:00\",\"mainEntityOfPage\":{\"@id\":\"https:\/\/www.suno.com.br\/noticias\/copom-deve-iniciar-corte-selic-reuniao-agosto-btg\/\"},\"wordCount\":1261,\"publisher\":{\"@id\":\"https:\/\/www.suno.com.br\/noticias\/#organization\"},\"image\":{\"@id\":\"https:\/\/www.suno.com.br\/noticias\/copom-deve-iniciar-corte-selic-reuniao-agosto-btg\/#primaryimage\"},\"thumbnailUrl\":\"https:\/\/files.sunoresearch.com.br\/n\/uploads\/2023\/05\/selic-inflacao.jpg\",\"keywords\":[\"Banco Central (BC)\",\"Copom\",\"Produto Interno Bruto (PIB)\",\"taxa de juros\",\"Taxa Selic\"],\"articleSection\":[\"Economia\"],\"inLanguage\":\"pt-BR\"},{\"@type\":\"WebPage\",\"@id\":\"https:\/\/www.suno.com.br\/noticias\/copom-deve-iniciar-corte-selic-reuniao-agosto-btg\/\",\"url\":\"https:\/\/www.suno.com.br\/noticias\/copom-deve-iniciar-corte-selic-reuniao-agosto-btg\/\",\"name\":\"Selic: Copom deve iniciar corte da taxa de juros em agosto, diz BTG\",\"isPartOf\":{\"@id\":\"https:\/\/www.suno.com.br\/noticias\/#website\"},\"primaryImageOfPage\":{\"@id\":\"https:\/\/www.suno.com.br\/noticias\/copom-deve-iniciar-corte-selic-reuniao-agosto-btg\/#primaryimage\"},\"image\":{\"@id\":\"https:\/\/www.suno.com.br\/noticias\/copom-deve-iniciar-corte-selic-reuniao-agosto-btg\/#primaryimage\"},\"thumbnailUrl\":\"https:\/\/files.sunoresearch.com.br\/n\/uploads\/2023\/05\/selic-inflacao.jpg\",\"datePublished\":\"2023-06-16T20:28:04+00:00\",\"dateModified\":\"2023-06-16T20:28:12+00:00\",\"description\":\"Uma pesquisa do BTG revelou que 61% dos participantes acreditam que o ciclo de cortes da Selic deve come\u00e7ar na reuni\u00e3o do Copom de agosto.\",\"breadcrumb\":{\"@id\":\"https:\/\/www.suno.com.br\/noticias\/copom-deve-iniciar-corte-selic-reuniao-agosto-btg\/#breadcrumb\"},\"inLanguage\":\"pt-BR\",\"potentialAction\":[{\"@type\":\"ReadAction\",\"target\":[\"https:\/\/www.suno.com.br\/noticias\/copom-deve-iniciar-corte-selic-reuniao-agosto-btg\/\"]}]},{\"@type\":\"ImageObject\",\"inLanguage\":\"pt-BR\",\"@id\":\"https:\/\/www.suno.com.br\/noticias\/copom-deve-iniciar-corte-selic-reuniao-agosto-btg\/#primaryimage\",\"url\":\"https:\/\/files.sunoresearch.com.br\/n\/uploads\/2023\/05\/selic-inflacao.jpg\",\"contentUrl\":\"https:\/\/files.sunoresearch.com.br\/n\/uploads\/2023\/05\/selic-inflacao.jpg\",\"width\":1200,\"height\":800,\"caption\":\"Multiplan (MULT3) anuncia novo pagamento de R$ 131 milh\u00f5es em JCP. Foto: iStock\"},{\"@type\":\"BreadcrumbList\",\"@id\":\"https:\/\/www.suno.com.br\/noticias\/copom-deve-iniciar-corte-selic-reuniao-agosto-btg\/#breadcrumb\",\"itemListElement\":[{\"@type\":\"ListItem\",\"position\":1,\"name\":\"Not\u00edcias\",\"item\":\"https:\/\/www.suno.com.br\/noticias\/\"},{\"@type\":\"ListItem\",\"position\":2,\"name\":\"Economia\",\"item\":\"https:\/\/www.suno.com.br\/noticias\/economia\/\"},{\"@type\":\"ListItem\",\"position\":3,\"name\":\"Selic: Copom deve iniciar corte da taxa de juros em agosto, indica pesquisa do BTG com especialistas\"}]},{\"@type\":\"WebSite\",\"@id\":\"https:\/\/www.suno.com.br\/noticias\/#website\",\"url\":\"https:\/\/www.suno.com.br\/noticias\/\",\"name\":\"Suno Not\u00edcias\",\"description\":\"Seu portal de informa\u00e7\u00e3o sobre o mundo dos investimentos\",\"publisher\":{\"@id\":\"https:\/\/www.suno.com.br\/noticias\/#organization\"},\"potentialAction\":[{\"@type\":\"SearchAction\",\"target\":{\"@type\":\"EntryPoint\",\"urlTemplate\":\"https:\/\/www.suno.com.br\/noticias\/?s={search_term_string}\"},\"query-input\":{\"@type\":\"PropertyValueSpecification\",\"valueRequired\":true,\"valueName\":\"search_term_string\"}}],\"inLanguage\":\"pt-BR\"},{\"@type\":\"Organization\",\"@id\":\"https:\/\/www.suno.com.br\/noticias\/#organization\",\"name\":\"Suno Not\u00edcias\",\"url\":\"https:\/\/www.suno.com.br\/noticias\/\",\"logo\":{\"@type\":\"ImageObject\",\"inLanguage\":\"pt-BR\",\"@id\":\"https:\/\/www.suno.com.br\/noticias\/#\/schema\/logo\/image\/\",\"url\":\"https:\/\/files.sunoresearch.com.br\/n\/uploads\/2021\/09\/suno-logo.png\",\"contentUrl\":\"https:\/\/files.sunoresearch.com.br\/n\/uploads\/2021\/09\/suno-logo.png\",\"width\":180,\"height\":180,\"caption\":\"Suno Not\u00edcias\"},\"image\":{\"@id\":\"https:\/\/www.suno.com.br\/noticias\/#\/schema\/logo\/image\/\"},\"sameAs\":[\"https:\/\/facebook.com\/sunoresearch\",\"https:\/\/x.com\/sunoresearch\",\"https:\/\/www.instagram.com\/suno\",\"https:\/\/www.linkedin.com\/company\/suno-research\/\",\"https:\/\/www.youtube.com\/c\/sunoresearch\"]},{\"@type\":\"Person\",\"@id\":\"https:\/\/www.suno.com.br\/noticias\/#\/schema\/person\/217058341e4dbe1f68f3b898b09ca015\",\"name\":\"Giovanni Porf\u00edrio Jacomino\",\"image\":{\"@type\":\"ImageObject\",\"inLanguage\":\"pt-BR\",\"@id\":\"https:\/\/www.suno.com.br\/noticias\/#\/schema\/person\/image\/\",\"url\":\"https:\/\/secure.gravatar.com\/avatar\/bc678fc5559a55f79ada398443281309?s=96&r=g\",\"contentUrl\":\"https:\/\/secure.gravatar.com\/avatar\/bc678fc5559a55f79ada398443281309?s=96&r=g\",\"caption\":\"Giovanni Porf\u00edrio Jacomino\"},\"description\":\"Giovanni Porf\u00edrio Jacomino \u00e9 jornalista formado pela Universidade Estadual de Londrina (UEL) e p\u00f3s-graduado em Produ\u00e7\u00e3o e Pr\u00e1ticas Jornal\u00edsticas na Contemporaneidade na Faculdade C\u00e1sper L\u00edbero (FCL). Foi editor web no Startupi e no Finsiders, atuando ainda como editor no TC Mover, portal de not\u00edcias da TradersClub, fazendo a cobertura de assuntos relacionados ao mercado financeiro interno e externo. Atualmente, \u00e9 Rep\u00f3rter do Suno Not\u00edcias.\",\"url\":\"https:\/\/www.suno.com.br\/noticias\/author\/giovanniporfirio01gmail-com\/\"}]}<\/script>\n<!-- \/ Yoast SEO plugin. -->","yoast_head_json":{"title":"Selic: Copom deve iniciar corte da taxa de juros em agosto, diz BTG","description":"Uma pesquisa do BTG revelou que 61% dos participantes acreditam que o ciclo de cortes da Selic deve come\u00e7ar na reuni\u00e3o do Copom de agosto.","robots":{"index":"index","follow":"follow","max-snippet":"max-snippet:-1","max-image-preview":"max-image-preview:large","max-video-preview":"max-video-preview:-1"},"canonical":"https:\/\/www.suno.com.br\/noticias\/copom-deve-iniciar-corte-selic-reuniao-agosto-btg\/","og_locale":"pt_BR","og_type":"article","og_title":"Selic: Copom deve iniciar corte da taxa de juros em agosto, diz BTG","og_description":"Uma pesquisa do BTG revelou que 61% dos participantes acreditam que o ciclo de cortes da Selic deve come\u00e7ar na reuni\u00e3o do Copom de agosto.","og_url":"https:\/\/www.suno.com.br\/noticias\/copom-deve-iniciar-corte-selic-reuniao-agosto-btg\/","og_site_name":"Suno Not\u00edcias","article_publisher":"https:\/\/facebook.com\/sunoresearch","og_image":[{"width":1200,"height":800,"url":"https:\/\/files.sunoresearch.com.br\/n\/uploads\/2023\/05\/selic-inflacao.jpg","type":"image\/jpeg"}],"author":"Giovanni Porf\u00edrio Jacomino","twitter_card":"summary_large_image","twitter_creator":"@sunoresearch","twitter_site":"@sunoresearch","twitter_misc":{"Escrito por":"Giovanni Porf\u00edrio Jacomino","Est. tempo de leitura":"7 minutos"},"schema":{"@context":"https:\/\/schema.org","@graph":[{"@type":"NewsArticle","@id":"https:\/\/www.suno.com.br\/noticias\/copom-deve-iniciar-corte-selic-reuniao-agosto-btg\/#article","isPartOf":{"@id":"https:\/\/www.suno.com.br\/noticias\/copom-deve-iniciar-corte-selic-reuniao-agosto-btg\/"},"author":{"name":"Giovanni Porf\u00edrio Jacomino","@id":"https:\/\/www.suno.com.br\/noticias\/#\/schema\/person\/217058341e4dbe1f68f3b898b09ca015"},"headline":"Selic: Copom deve iniciar corte da taxa de juros em agosto, indica pesquisa do BTG com especialistas","datePublished":"2023-06-16T20:28:04+00:00","dateModified":"2023-06-16T20:28:12+00:00","mainEntityOfPage":{"@id":"https:\/\/www.suno.com.br\/noticias\/copom-deve-iniciar-corte-selic-reuniao-agosto-btg\/"},"wordCount":1261,"publisher":{"@id":"https:\/\/www.suno.com.br\/noticias\/#organization"},"image":{"@id":"https:\/\/www.suno.com.br\/noticias\/copom-deve-iniciar-corte-selic-reuniao-agosto-btg\/#primaryimage"},"thumbnailUrl":"https:\/\/files.sunoresearch.com.br\/n\/uploads\/2023\/05\/selic-inflacao.jpg","keywords":["Banco Central (BC)","Copom","Produto Interno Bruto (PIB)","taxa de juros","Taxa Selic"],"articleSection":["Economia"],"inLanguage":"pt-BR"},{"@type":"WebPage","@id":"https:\/\/www.suno.com.br\/noticias\/copom-deve-iniciar-corte-selic-reuniao-agosto-btg\/","url":"https:\/\/www.suno.com.br\/noticias\/copom-deve-iniciar-corte-selic-reuniao-agosto-btg\/","name":"Selic: Copom deve iniciar corte da taxa de juros em agosto, diz BTG","isPartOf":{"@id":"https:\/\/www.suno.com.br\/noticias\/#website"},"primaryImageOfPage":{"@id":"https:\/\/www.suno.com.br\/noticias\/copom-deve-iniciar-corte-selic-reuniao-agosto-btg\/#primaryimage"},"image":{"@id":"https:\/\/www.suno.com.br\/noticias\/copom-deve-iniciar-corte-selic-reuniao-agosto-btg\/#primaryimage"},"thumbnailUrl":"https:\/\/files.sunoresearch.com.br\/n\/uploads\/2023\/05\/selic-inflacao.jpg","datePublished":"2023-06-16T20:28:04+00:00","dateModified":"2023-06-16T20:28:12+00:00","description":"Uma pesquisa do BTG revelou que 61% dos participantes acreditam que o ciclo de cortes da Selic deve come\u00e7ar na reuni\u00e3o do Copom de agosto.","breadcrumb":{"@id":"https:\/\/www.suno.com.br\/noticias\/copom-deve-iniciar-corte-selic-reuniao-agosto-btg\/#breadcrumb"},"inLanguage":"pt-BR","potentialAction":[{"@type":"ReadAction","target":["https:\/\/www.suno.com.br\/noticias\/copom-deve-iniciar-corte-selic-reuniao-agosto-btg\/"]}]},{"@type":"ImageObject","inLanguage":"pt-BR","@id":"https:\/\/www.suno.com.br\/noticias\/copom-deve-iniciar-corte-selic-reuniao-agosto-btg\/#primaryimage","url":"https:\/\/files.sunoresearch.com.br\/n\/uploads\/2023\/05\/selic-inflacao.jpg","contentUrl":"https:\/\/files.sunoresearch.com.br\/n\/uploads\/2023\/05\/selic-inflacao.jpg","width":1200,"height":800,"caption":"Multiplan (MULT3) anuncia novo pagamento de R$ 131 milh\u00f5es em JCP. Foto: iStock"},{"@type":"BreadcrumbList","@id":"https:\/\/www.suno.com.br\/noticias\/copom-deve-iniciar-corte-selic-reuniao-agosto-btg\/#breadcrumb","itemListElement":[{"@type":"ListItem","position":1,"name":"Not\u00edcias","item":"https:\/\/www.suno.com.br\/noticias\/"},{"@type":"ListItem","position":2,"name":"Economia","item":"https:\/\/www.suno.com.br\/noticias\/economia\/"},{"@type":"ListItem","position":3,"name":"Selic: Copom deve iniciar corte da taxa de juros em agosto, indica pesquisa do BTG com especialistas"}]},{"@type":"WebSite","@id":"https:\/\/www.suno.com.br\/noticias\/#website","url":"https:\/\/www.suno.com.br\/noticias\/","name":"Suno Not\u00edcias","description":"Seu portal de informa\u00e7\u00e3o sobre o mundo dos investimentos","publisher":{"@id":"https:\/\/www.suno.com.br\/noticias\/#organization"},"potentialAction":[{"@type":"SearchAction","target":{"@type":"EntryPoint","urlTemplate":"https:\/\/www.suno.com.br\/noticias\/?s={search_term_string}"},"query-input":{"@type":"PropertyValueSpecification","valueRequired":true,"valueName":"search_term_string"}}],"inLanguage":"pt-BR"},{"@type":"Organization","@id":"https:\/\/www.suno.com.br\/noticias\/#organization","name":"Suno Not\u00edcias","url":"https:\/\/www.suno.com.br\/noticias\/","logo":{"@type":"ImageObject","inLanguage":"pt-BR","@id":"https:\/\/www.suno.com.br\/noticias\/#\/schema\/logo\/image\/","url":"https:\/\/files.sunoresearch.com.br\/n\/uploads\/2021\/09\/suno-logo.png","contentUrl":"https:\/\/files.sunoresearch.com.br\/n\/uploads\/2021\/09\/suno-logo.png","width":180,"height":180,"caption":"Suno Not\u00edcias"},"image":{"@id":"https:\/\/www.suno.com.br\/noticias\/#\/schema\/logo\/image\/"},"sameAs":["https:\/\/facebook.com\/sunoresearch","https:\/\/x.com\/sunoresearch","https:\/\/www.instagram.com\/suno","https:\/\/www.linkedin.com\/company\/suno-research\/","https:\/\/www.youtube.com\/c\/sunoresearch"]},{"@type":"Person","@id":"https:\/\/www.suno.com.br\/noticias\/#\/schema\/person\/217058341e4dbe1f68f3b898b09ca015","name":"Giovanni Porf\u00edrio Jacomino","image":{"@type":"ImageObject","inLanguage":"pt-BR","@id":"https:\/\/www.suno.com.br\/noticias\/#\/schema\/person\/image\/","url":"https:\/\/secure.gravatar.com\/avatar\/bc678fc5559a55f79ada398443281309?s=96&r=g","contentUrl":"https:\/\/secure.gravatar.com\/avatar\/bc678fc5559a55f79ada398443281309?s=96&r=g","caption":"Giovanni Porf\u00edrio Jacomino"},"description":"Giovanni Porf\u00edrio Jacomino \u00e9 jornalista formado pela Universidade Estadual de Londrina (UEL) e p\u00f3s-graduado em Produ\u00e7\u00e3o e Pr\u00e1ticas Jornal\u00edsticas na Contemporaneidade na Faculdade C\u00e1sper L\u00edbero (FCL). Foi editor web no Startupi e no Finsiders, atuando ainda como editor no TC Mover, portal de not\u00edcias da TradersClub, fazendo a cobertura de assuntos relacionados ao mercado financeiro interno e externo. Atualmente, \u00e9 Rep\u00f3rter do Suno Not\u00edcias.","url":"https:\/\/www.suno.com.br\/noticias\/author\/giovanniporfirio01gmail-com\/"}]}},"default_loop_html":"<div class=\"cardsPage__listCard__boxs\"><div class=\"cardsPage__listCard__boxs__img\"><a href=\"https:\/\/www.suno.com.br\/noticias\/copom-deve-iniciar-corte-selic-reuniao-agosto-btg\/\"><img class=\"mask\" src=\"https:\/\/www.suno.com.br\/noticias\/wp-content\/themes\/suno\/resources\/images\/spotlight\/spotlight1img\/bg-mask.png\" alt=\"Image Mask\"\/><img src=\"https:\/\/files.sunoresearch.com.br\/n\/uploads\/2023\/05\/selic-inflacao-400x200.jpg\" alt=\"Selic: Copom deve iniciar corte da taxa de juros em agosto, indica pesquisa do BTG com especialistas\"\/><\/a><span class=\"spotlightCategory\"><a href=\"https:\/\/www.suno.com.br\/noticias\/economia\/\">Economia<\/a><\/span><\/div><div class=\"cardsPage__listCard__boxs__content\"><a href=\"https:\/\/www.suno.com.br\/noticias\/copom-deve-iniciar-corte-selic-reuniao-agosto-btg\/\"><h2 class=\"content__title\">Selic: Copom deve iniciar corte da taxa de juros em agosto, indica pesquisa do BTG com especialistas<\/h2><\/a><div class=\"newsContent__article__meta\"><div class=\"newsContent__article__meta__authorBox\"><a href=\"https:\/\/www.suno.com.br\/noticias\/author\/giovanniporfirio01gmail-com\/\" class=\"authorBox__avatar noMobi\"><img src=\"https:\/\/files.sunoresearch.com.br\/n\/uploads\/2023\/07\/WhatsApp-Image-2023-07-10-at-14.08.39-150x150.jpeg\" alt=\"Giovanni Porf\u00edrio Jacomino\"><\/a><div class=\"authorBox__name\"><span>por\n\t\t\t<a href=\"https:\/\/www.suno.com.br\/noticias\/author\/giovanniporfirio01gmail-com\/\"><span itemprop=\"author\">Giovanni Porf\u00edrio Jacomino<\/span><\/a><\/span><time datetime=\"2023-06-16T17:28:04-03:00\" itemprop=\"datePublished\">16\/06\/2023 17:28<\/time><\/div><\/div><\/div><\/div><\/div>","single_layout":"posts","amp_enabled":true,"_links":{"self":[{"href":"https:\/\/www.suno.com.br\/noticias\/wp-json\/wp\/v2\/posts\/417693"}],"collection":[{"href":"https:\/\/www.suno.com.br\/noticias\/wp-json\/wp\/v2\/posts"}],"about":[{"href":"https:\/\/www.suno.com.br\/noticias\/wp-json\/wp\/v2\/types\/post"}],"author":[{"embeddable":true,"href":"https:\/\/www.suno.com.br\/noticias\/wp-json\/wp\/v2\/users\/295"}],"replies":[{"embeddable":true,"href":"https:\/\/www.suno.com.br\/noticias\/wp-json\/wp\/v2\/comments?post=417693"}],"version-history":[{"count":2,"href":"https:\/\/www.suno.com.br\/noticias\/wp-json\/wp\/v2\/posts\/417693\/revisions"}],"predecessor-version":[{"id":417792,"href":"https:\/\/www.suno.com.br\/noticias\/wp-json\/wp\/v2\/posts\/417693\/revisions\/417792"}],"wp:featuredmedia":[{"embeddable":true,"href":"https:\/\/www.suno.com.br\/noticias\/wp-json\/wp\/v2\/media\/408700"}],"wp:attachment":[{"href":"https:\/\/www.suno.com.br\/noticias\/wp-json\/wp\/v2\/media?parent=417693"}],"wp:term":[{"taxonomy":"category","embeddable":true,"href":"https:\/\/www.suno.com.br\/noticias\/wp-json\/wp\/v2\/categories?post=417693"},{"taxonomy":"post_tag","embeddable":true,"href":"https:\/\/www.suno.com.br\/noticias\/wp-json\/wp\/v2\/tags?post=417693"},{"taxonomy":"suno_strategy","embeddable":true,"href":"https:\/\/www.suno.com.br\/noticias\/wp-json\/wp\/v2\/suno_strategy?post=417693"}],"curies":[{"name":"wp","href":"https:\/\/api.w.org\/{rel}","templated":true}]}}