{"id":41769,"date":"2019-10-21T11:40:51","date_gmt":"2019-10-21T13:40:51","guid":{"rendered":"https:\/\/www.suno.com.br\/noticias\/?p=41769"},"modified":"2019-10-21T11:41:56","modified_gmt":"2019-10-21T13:41:56","slug":"ibovespa-alta-externo-selic-acordo-comercial-brexit","status":"publish","type":"post","link":"https:\/\/www.suno.com.br\/noticias\/ibovespa-alta-externo-selic-acordo-comercial-brexit\/","title":{"rendered":"Ibovespa est\u00e1vel com cen\u00e1rio externo e previs\u00e3o de redu\u00e7\u00e3o da taxa Selic"},"content":{"rendered":"<p>O Ibovespa inicia a semana com perdas e ganhos com o poss\u00edvel <strong>acordo comercial<\/strong>, adiamento do <strong>Brexit<\/strong>, previs\u00e3o de redu\u00e7\u00e3o da<a href=\"https:\/\/www.suno.com.br\/artigos\/taxa-selic\/\"> taxa <strong>Selic<\/strong><\/a> e<strong><a href=\"https:\/\/www.suno.com.br\/artigos\/petr4-vale-pena-comprar-acoes-da-petrobras\/\"> Petrobras<\/a> <\/strong>no radar.<\/p>\t<div class=\"wrapper-featured-image\">\n\t\t<figure class=\"spotlightImg\">\n\n\t\t\t<picture>\n\t\t\t\t<source media=\"(max-width: 768px)\" srcset=\"https:\/\/files.sunoresearch.com.br\/n\/uploads\/2019\/08\/191b2a55-bolsa-400x200.webp\">\n\t\t\t\t<img loading=\"lazy\" decoding=\"async\" class=\"newsContent__article__imgCapa lazyloadDisabled newsContent__article__imgCapa--noCaption\" src=\"https:\/\/files.sunoresearch.com.br\/n\/uploads\/2019\/08\/191b2a55-bolsa-800x450.webp\" width=\"800\" height=\"450\" alt=\"Ibovespa est\u00e1vel com cen\u00e1rio externo e previs\u00e3o de redu\u00e7\u00e3o da taxa Selic\" fetchpriority=high \/>\n\t\t\t<\/picture>\n\n\t\t\t<figcaption class=\"wp-caption-text wp-caption-text--hide\">ibovespa<\/figcaption>\n\t\t<\/figure>\n\t<\/div>\n\n\n\n<p>Por volta das 10h30, desta segunda-feira (21), o<strong><a href=\"https:\/\/www.suno.com.br\/artigos\/ibovespa\/\"> Ibovespa<\/a><\/strong> variava positivamente 0,01% alcan\u00e7ando 104.743,4 pontos. O mercado est\u00e1 reagindo a fala do presidente norte-americano, <a href=\"https:\/\/www.suno.com.br\/tudo-sobre\/donald-trump\/\">Donald Trump<\/a>, sobre esperar assinar um acordo com a China entre os dias 16 e 17 de novembro.<\/p>\n<p>No entanto, reage tamb\u00e9m ao adiamento do Brexit e o pedido de nova vota\u00e7\u00e3o do acordo de sa\u00edda do Reino Unido da Uni\u00e3o Europeia. Al\u00e9m disso, segue no radar dos investidores a previs\u00e3o da redu\u00e7\u00e3o da taxa b\u00e1sica de juros e a Petrobras que est\u00e1 negociando poss\u00edvel cons\u00f3rcio para leil\u00e3o do pr\u00e9-sal.<\/p>\n<h2>Disputa comercial<\/h2>\n<p>Os mercados internacionais permanecem monitorando o desdobramento das negocia\u00e7\u00f5es entre Estados Unidos e China. De acordo com as novas informa\u00e7\u00f5es, a assinatura das maiores economias globais para a conclus\u00e3o de uma primeira fase acordada est\u00e1 pr\u00f3xima.<\/p>\n<p><a href=\"https:\/\/www.suno.com.br\/noticias\/agenda-da-sema-follow-on-reforma-da-previdencia-18102019\/\">Confira Tamb\u00e9m: Agenda da Semana: follow-on do BB, reforma da Previd\u00eancia e balan\u00e7os<\/a><\/p>\n<p>O vice-primeiro-ministro do pa\u00eds asi\u00e1tico, Liu He, afirmou que Pequim est\u00e1 trabalhando com os norte-americanos para solucionar as preocupa\u00e7\u00f5es comerciais de ambas as partes, segundo a CNBC. O ministro disse que interromper a guerra comercial, que se arrasta h\u00e1 mais de um ano, seria bom para ambos os pa\u00edses, assim como para a economia mundial.<\/p>\n<p>J\u00e1 Donald Trump, presidente estadunidense, tem relatado que aguarda assinar um acordo comercial entre EUA e China durante as reuni\u00f5es da Coopera\u00e7\u00e3o Econ\u00f4mica \u00c1sia-Pac\u00edfico (Apec), no Chile, durante os dias 16 e 17 de novembro.<\/p>\n<h2>Adiamento do Brexit<\/h2>\n<p>No \u00faltimo s\u00e1bado (19), os deputados brit\u00e2nicos aprovaram uma emenda que adiou a vota\u00e7\u00e3o sobre o acordo negociado entre o Reino Unido e a <a href=\"https:\/\/www.suno.com.br\/artigos\/uniao-europeia\/\">Uni\u00e3o Europeia<\/a> sobre como ficar\u00e3o as rela\u00e7\u00f5es entre os dois ap\u00f3s a separa\u00e7\u00e3o.<\/p>\n\t<p>\n\t\t<a href=\"https:\/\/lp.suno.com.br\/ebook-investindo-em-dividendos\/\" target=\"_blank\" data-element=\"shortcode-suno-banner\" title=\"Banner SUNO, clique e saiba mais\">\n\t\t\t<picture>\n\t\t\t\t<source media=\"(max-width: 500px)\" srcset=\"https:\/\/files.sunoresearch.com.br\/n\/uploads\/2023\/03\/400x300-Dividendos.png\">\n\t\t\t\t<img class=\"newsContent__article__imgCapa newsContent__article__imgCapa--banner\"\n\t\t\t\t\tsrc=\"https:\/\/files.sunoresearch.com.br\/n\/uploads\/2023\/03\/1420x240-Dividendos.png\"\n\t\t\t\t\tdata-promo-id=\"383163\"\t\t\t\t\t\t\t\t\t\twidth='1420' height='240'\t\t\t\t\talt=\"https:\/\/files.sunoresearch.com.br\/n\/uploads\/2023\/03\/1420x240-Dividendos.png\"\n\t\t\t\t>\n\t\t\t<\/picture>\n\t\t<\/a>\n\t<\/p>\n\n\n<p>De certa forma, a decis\u00e3o implica que o ministro brit\u00e2nico solicite um novo adiamento do prazo para deixar o bloco. Atualmente, a sa\u00edda est\u00e1 marcada para o dia 31 de outubro. Nesta segunda, o primeiro-ministro brit\u00e2nico, Boris Johnson, tentar\u00e1 colocar em pauta o acordo para ser realizado o Brexit at\u00e9 o fim do m\u00eas.<\/p>\n<h2>Boletim Focus reduz previs\u00e3o da taxa Selic<\/h2>\n<p>Os economistas que participaram da elabora\u00e7\u00e3o do <a href=\"https:\/\/www.suno.com.br\/artigos\/relatorio-focus\/\">Boletim Focus<\/a> diminu\u00edram a previs\u00e3o de meta da taxa b\u00e1sica de juros (Selic) para 4,50% ao fim de 2019. H\u00e1 quatro semanas, a previs\u00e3o era de 5,0%.<\/p>\n<p><a href=\"\/\/www.suno.com.br\/noticias\/boletim-focus-reduz-selic-21102019\/\">Saiba Mais: Boletim Focus reduz previs\u00e3o da Taxa Selic para 4,50%<\/a><\/p>\n<p>Al\u00e9m disso, os especialistas entrevistados pelo <a href=\"https:\/\/www.suno.com.br\/artigos\/bacen\/\">Banco Central (BC)<\/a>, no Boletim Focus, reduziram, pela 11\u00aa semana consecutiva, a previs\u00e3o para a infla\u00e7\u00e3o neste ano. A expectativa para o <a href=\"https:\/\/www.suno.com.br\/artigos\/ipca\/\">\u00cdndice de Pre\u00e7os ao Consumidor Amplo (IPCA) <\/a>passou de 3,28% para 3,26%.<\/p>\n<h2>Petrobras<\/h2>\n<p>A Petrobras est\u00e1 negociando, com parceiros, a possibilidade de um cons\u00f3rcio para fazer ofertas por blocos em leil\u00e3o do pr\u00e9-sal. A afirma\u00e7\u00e3o foi feita pelo presidente da estatal, Roberto Castello Branco.<\/p>\n<p><a href=\"\/\/www.suno.com.br\/noticias\/agenda-do-dia-oi-yduqs-br-properties-bndes-gpa-petrobras\/\">Confira Tamb\u00e9m: Agenda do Dia: Oi; Yduqs; BR Properties; BNDES; GPA; Petrobras<\/a><\/p>\n<p>Castello Branco assegurou que o leil\u00e3o que acontecer\u00e1 no pr\u00f3ximo m\u00eas, de blocos do pr\u00e9-sal, \u00e9 essencial para os planos de avan\u00e7o da Petrobras.<\/p>\n<h2>\u00daltima cota\u00e7\u00e3o do Ibovespa<\/h2>\n<p>Na \u00faltima sess\u00e3o, sexta-feira (18), o <strong>Ibovespa<\/strong> encerrou o preg\u00e3o em alta de 0,86%, alcan\u00e7ando 104.728,89.<\/p>\n","protected":false},"excerpt":{"rendered":"<p>O Ibovespa inicia a semana com perdas e ganhos com o poss\u00edvel acordo comercial, adiamento do Brexit, previs\u00e3o de redu\u00e7\u00e3o da taxa Selic e Petrobras no radar. ibovespa Por volta das 10h30, desta segunda-feira (21), o Ibovespa variava positivamente 0,01% alcan\u00e7ando 104.743,4 pontos. O mercado est\u00e1 reagindo a fala do presidente norte-americano, Donald Trump, sobre [&hellip;]<\/p>\n","protected":false},"author":15,"featured_media":34642,"comment_status":"closed","ping_status":"closed","sticky":false,"template":"","format":"standard","meta":[],"categories":[60],"tags":[],"suno_strategy":[],"class_list":["post-41769","post","type-post","status-publish","format-standard","has-post-thumbnail","hentry","category-mercado"],"yoast_head":"<!-- This site is optimized with the Yoast SEO plugin v24.4 - https:\/\/yoast.com\/wordpress\/plugins\/seo\/ -->\n<title>Ibovespa est\u00e1vel com cen\u00e1rio externo e previs\u00e3o de redu\u00e7\u00e3o da taxa Selic<\/title>\n<meta name=\"description\" content=\"Por volta das 10h30, desta segunda-feira (21), o Ibovespa variava 0,27% alcan\u00e7ando 105.008,70 pontos. Clique aqui e saiba mais\" \/>\n<meta name=\"robots\" content=\"index, follow, max-snippet:-1, max-image-preview:large, max-video-preview:-1\" \/>\n<link rel=\"canonical\" href=\"https:\/\/www.suno.com.br\/noticias\/ibovespa-alta-externo-selic-acordo-comercial-brexit\/\" \/>\n<meta property=\"og:locale\" content=\"pt_BR\" \/>\n<meta property=\"og:type\" content=\"article\" \/>\n<meta property=\"og:title\" content=\"Ibovespa est\u00e1vel com cen\u00e1rio externo e previs\u00e3o de redu\u00e7\u00e3o da taxa Selic\" \/>\n<meta property=\"og:description\" content=\"Por volta das 10h30, desta segunda-feira (21), o Ibovespa variava 0,27% alcan\u00e7ando 105.008,70 pontos. Clique aqui e saiba mais\" \/>\n<meta property=\"og:url\" content=\"https:\/\/www.suno.com.br\/noticias\/ibovespa-alta-externo-selic-acordo-comercial-brexit\/\" \/>\n<meta property=\"og:site_name\" content=\"Suno Not\u00edcias\" \/>\n<meta property=\"article:publisher\" content=\"https:\/\/facebook.com\/sunoresearch\" \/>\n<meta property=\"og:image\" content=\"https:\/\/files.sunoresearch.com.br\/n\/uploads\/2019\/08\/191b2a55-bolsa.jpg\" \/>\n\t<meta property=\"og:image:width\" content=\"2300\" \/>\n\t<meta property=\"og:image:height\" content=\"1563\" \/>\n\t<meta property=\"og:image:type\" content=\"image\/jpeg\" \/>\n<meta name=\"author\" content=\"Poliana Santos\" \/>\n<meta name=\"twitter:card\" content=\"summary_large_image\" \/>\n<meta name=\"twitter:creator\" content=\"@sunoresearch\" \/>\n<meta name=\"twitter:site\" content=\"@sunoresearch\" \/>\n<meta name=\"twitter:label1\" content=\"Escrito por\" \/>\n\t<meta name=\"twitter:data1\" content=\"Poliana Santos\" \/>\n\t<meta name=\"twitter:label2\" content=\"Est. tempo de leitura\" \/>\n\t<meta name=\"twitter:data2\" content=\"3 minutos\" \/>\n<script type=\"application\/ld+json\" class=\"yoast-schema-graph\">{\"@context\":\"https:\/\/schema.org\",\"@graph\":[{\"@type\":\"NewsArticle\",\"@id\":\"https:\/\/www.suno.com.br\/noticias\/ibovespa-alta-externo-selic-acordo-comercial-brexit\/#article\",\"isPartOf\":{\"@id\":\"https:\/\/www.suno.com.br\/noticias\/ibovespa-alta-externo-selic-acordo-comercial-brexit\/\"},\"author\":{\"name\":\"Poliana Santos\",\"@id\":\"https:\/\/www.suno.com.br\/noticias\/#\/schema\/person\/02ec1f752758247878a2bf4abee1aeda\"},\"headline\":\"Ibovespa est\u00e1vel com cen\u00e1rio externo e previs\u00e3o de redu\u00e7\u00e3o da taxa Selic\",\"datePublished\":\"2019-10-21T13:40:51+00:00\",\"dateModified\":\"2019-10-21T13:41:56+00:00\",\"mainEntityOfPage\":{\"@id\":\"https:\/\/www.suno.com.br\/noticias\/ibovespa-alta-externo-selic-acordo-comercial-brexit\/\"},\"wordCount\":606,\"publisher\":{\"@id\":\"https:\/\/www.suno.com.br\/noticias\/#organization\"},\"image\":{\"@id\":\"https:\/\/www.suno.com.br\/noticias\/ibovespa-alta-externo-selic-acordo-comercial-brexit\/#primaryimage\"},\"thumbnailUrl\":\"https:\/\/files.sunoresearch.com.br\/n\/uploads\/2019\/08\/191b2a55-bolsa.jpg\",\"articleSection\":[\"Mercado\"],\"inLanguage\":\"pt-BR\"},{\"@type\":\"WebPage\",\"@id\":\"https:\/\/www.suno.com.br\/noticias\/ibovespa-alta-externo-selic-acordo-comercial-brexit\/\",\"url\":\"https:\/\/www.suno.com.br\/noticias\/ibovespa-alta-externo-selic-acordo-comercial-brexit\/\",\"name\":\"Ibovespa est\u00e1vel com cen\u00e1rio externo e previs\u00e3o de redu\u00e7\u00e3o da taxa Selic\",\"isPartOf\":{\"@id\":\"https:\/\/www.suno.com.br\/noticias\/#website\"},\"primaryImageOfPage\":{\"@id\":\"https:\/\/www.suno.com.br\/noticias\/ibovespa-alta-externo-selic-acordo-comercial-brexit\/#primaryimage\"},\"image\":{\"@id\":\"https:\/\/www.suno.com.br\/noticias\/ibovespa-alta-externo-selic-acordo-comercial-brexit\/#primaryimage\"},\"thumbnailUrl\":\"https:\/\/files.sunoresearch.com.br\/n\/uploads\/2019\/08\/191b2a55-bolsa.jpg\",\"datePublished\":\"2019-10-21T13:40:51+00:00\",\"dateModified\":\"2019-10-21T13:41:56+00:00\",\"description\":\"Por volta das 10h30, desta segunda-feira (21), o Ibovespa variava 0,27% alcan\u00e7ando 105.008,70 pontos. Clique aqui e saiba mais\",\"breadcrumb\":{\"@id\":\"https:\/\/www.suno.com.br\/noticias\/ibovespa-alta-externo-selic-acordo-comercial-brexit\/#breadcrumb\"},\"inLanguage\":\"pt-BR\",\"potentialAction\":[{\"@type\":\"ReadAction\",\"target\":[\"https:\/\/www.suno.com.br\/noticias\/ibovespa-alta-externo-selic-acordo-comercial-brexit\/\"]}]},{\"@type\":\"ImageObject\",\"inLanguage\":\"pt-BR\",\"@id\":\"https:\/\/www.suno.com.br\/noticias\/ibovespa-alta-externo-selic-acordo-comercial-brexit\/#primaryimage\",\"url\":\"https:\/\/files.sunoresearch.com.br\/n\/uploads\/2019\/08\/191b2a55-bolsa.jpg\",\"contentUrl\":\"https:\/\/files.sunoresearch.com.br\/n\/uploads\/2019\/08\/191b2a55-bolsa.jpg\",\"width\":2300,\"height\":1563,\"caption\":\"ibovespa\"},{\"@type\":\"BreadcrumbList\",\"@id\":\"https:\/\/www.suno.com.br\/noticias\/ibovespa-alta-externo-selic-acordo-comercial-brexit\/#breadcrumb\",\"itemListElement\":[{\"@type\":\"ListItem\",\"position\":1,\"name\":\"Not\u00edcias\",\"item\":\"https:\/\/www.suno.com.br\/noticias\/\"},{\"@type\":\"ListItem\",\"position\":2,\"name\":\"Mercado\",\"item\":\"https:\/\/www.suno.com.br\/noticias\/mercado\/\"},{\"@type\":\"ListItem\",\"position\":3,\"name\":\"Ibovespa est\u00e1vel com cen\u00e1rio externo e previs\u00e3o de redu\u00e7\u00e3o da taxa Selic\"}]},{\"@type\":\"WebSite\",\"@id\":\"https:\/\/www.suno.com.br\/noticias\/#website\",\"url\":\"https:\/\/www.suno.com.br\/noticias\/\",\"name\":\"Suno Not\u00edcias\",\"description\":\"Seu portal de informa\u00e7\u00e3o sobre o mundo dos investimentos\",\"publisher\":{\"@id\":\"https:\/\/www.suno.com.br\/noticias\/#organization\"},\"potentialAction\":[{\"@type\":\"SearchAction\",\"target\":{\"@type\":\"EntryPoint\",\"urlTemplate\":\"https:\/\/www.suno.com.br\/noticias\/?s={search_term_string}\"},\"query-input\":{\"@type\":\"PropertyValueSpecification\",\"valueRequired\":true,\"valueName\":\"search_term_string\"}}],\"inLanguage\":\"pt-BR\"},{\"@type\":\"Organization\",\"@id\":\"https:\/\/www.suno.com.br\/noticias\/#organization\",\"name\":\"Suno Not\u00edcias\",\"url\":\"https:\/\/www.suno.com.br\/noticias\/\",\"logo\":{\"@type\":\"ImageObject\",\"inLanguage\":\"pt-BR\",\"@id\":\"https:\/\/www.suno.com.br\/noticias\/#\/schema\/logo\/image\/\",\"url\":\"https:\/\/files.sunoresearch.com.br\/n\/uploads\/2021\/09\/suno-logo.png\",\"contentUrl\":\"https:\/\/files.sunoresearch.com.br\/n\/uploads\/2021\/09\/suno-logo.png\",\"width\":180,\"height\":180,\"caption\":\"Suno Not\u00edcias\"},\"image\":{\"@id\":\"https:\/\/www.suno.com.br\/noticias\/#\/schema\/logo\/image\/\"},\"sameAs\":[\"https:\/\/facebook.com\/sunoresearch\",\"https:\/\/x.com\/sunoresearch\",\"https:\/\/www.instagram.com\/suno\",\"https:\/\/www.linkedin.com\/company\/suno-research\/\",\"https:\/\/www.youtube.com\/c\/sunoresearch\"]},{\"@type\":\"Person\",\"@id\":\"https:\/\/www.suno.com.br\/noticias\/#\/schema\/person\/02ec1f752758247878a2bf4abee1aeda\",\"name\":\"Poliana Santos\",\"image\":{\"@type\":\"ImageObject\",\"inLanguage\":\"pt-BR\",\"@id\":\"https:\/\/www.suno.com.br\/noticias\/#\/schema\/person\/image\/\",\"url\":\"https:\/\/secure.gravatar.com\/avatar\/0645bd32f23d87b2130f2b2dff1d3f8d?s=96&r=g\",\"contentUrl\":\"https:\/\/secure.gravatar.com\/avatar\/0645bd32f23d87b2130f2b2dff1d3f8d?s=96&r=g\",\"caption\":\"Poliana Santos\"},\"description\":\"Rep\u00f3rter no Suno Not\u00edcias, com cobertura em mercado financeiro, economia, finan\u00e7as pessoais, renda fixa e varejo. Jornalista formada pela Faculdade C\u00e1sper L\u00edbero e possui passagem na R\u00e1dio Gazeta AM com a produ\u00e7\u00e3o de conte\u00fado sobre economia, pol\u00edtica, sa\u00fade, moda e m\u00fasica. Possui certificado de conclus\u00e3o do curso de An\u00e1lise de Balan\u00e7os pela Funda\u00e7\u00e3o Bradesco, Agenda Brasil pela FAAP, Educa\u00e7\u00e3o Pol\u00edtica por Alexandre Garcia e do Tesouro Direto e Mercado de A\u00e7\u00f5es pela B3.\",\"url\":\"https:\/\/www.suno.com.br\/noticias\/author\/poliana-santos\/\"}]}<\/script>\n<!-- \/ Yoast SEO plugin. -->","yoast_head_json":{"title":"Ibovespa est\u00e1vel com cen\u00e1rio externo e previs\u00e3o de redu\u00e7\u00e3o da taxa Selic","description":"Por volta das 10h30, desta segunda-feira (21), o Ibovespa variava 0,27% alcan\u00e7ando 105.008,70 pontos. Clique aqui e saiba mais","robots":{"index":"index","follow":"follow","max-snippet":"max-snippet:-1","max-image-preview":"max-image-preview:large","max-video-preview":"max-video-preview:-1"},"canonical":"https:\/\/www.suno.com.br\/noticias\/ibovespa-alta-externo-selic-acordo-comercial-brexit\/","og_locale":"pt_BR","og_type":"article","og_title":"Ibovespa est\u00e1vel com cen\u00e1rio externo e previs\u00e3o de redu\u00e7\u00e3o da taxa Selic","og_description":"Por volta das 10h30, desta segunda-feira (21), o Ibovespa variava 0,27% alcan\u00e7ando 105.008,70 pontos. Clique aqui e saiba mais","og_url":"https:\/\/www.suno.com.br\/noticias\/ibovespa-alta-externo-selic-acordo-comercial-brexit\/","og_site_name":"Suno Not\u00edcias","article_publisher":"https:\/\/facebook.com\/sunoresearch","og_image":[{"width":2300,"height":1563,"url":"https:\/\/files.sunoresearch.com.br\/n\/uploads\/2019\/08\/191b2a55-bolsa.jpg","type":"image\/jpeg"}],"author":"Poliana Santos","twitter_card":"summary_large_image","twitter_creator":"@sunoresearch","twitter_site":"@sunoresearch","twitter_misc":{"Escrito por":"Poliana Santos","Est. tempo de leitura":"3 minutos"},"schema":{"@context":"https:\/\/schema.org","@graph":[{"@type":"NewsArticle","@id":"https:\/\/www.suno.com.br\/noticias\/ibovespa-alta-externo-selic-acordo-comercial-brexit\/#article","isPartOf":{"@id":"https:\/\/www.suno.com.br\/noticias\/ibovespa-alta-externo-selic-acordo-comercial-brexit\/"},"author":{"name":"Poliana Santos","@id":"https:\/\/www.suno.com.br\/noticias\/#\/schema\/person\/02ec1f752758247878a2bf4abee1aeda"},"headline":"Ibovespa est\u00e1vel com cen\u00e1rio externo e previs\u00e3o de redu\u00e7\u00e3o da taxa Selic","datePublished":"2019-10-21T13:40:51+00:00","dateModified":"2019-10-21T13:41:56+00:00","mainEntityOfPage":{"@id":"https:\/\/www.suno.com.br\/noticias\/ibovespa-alta-externo-selic-acordo-comercial-brexit\/"},"wordCount":606,"publisher":{"@id":"https:\/\/www.suno.com.br\/noticias\/#organization"},"image":{"@id":"https:\/\/www.suno.com.br\/noticias\/ibovespa-alta-externo-selic-acordo-comercial-brexit\/#primaryimage"},"thumbnailUrl":"https:\/\/files.sunoresearch.com.br\/n\/uploads\/2019\/08\/191b2a55-bolsa.jpg","articleSection":["Mercado"],"inLanguage":"pt-BR"},{"@type":"WebPage","@id":"https:\/\/www.suno.com.br\/noticias\/ibovespa-alta-externo-selic-acordo-comercial-brexit\/","url":"https:\/\/www.suno.com.br\/noticias\/ibovespa-alta-externo-selic-acordo-comercial-brexit\/","name":"Ibovespa est\u00e1vel com cen\u00e1rio externo e previs\u00e3o de redu\u00e7\u00e3o da taxa Selic","isPartOf":{"@id":"https:\/\/www.suno.com.br\/noticias\/#website"},"primaryImageOfPage":{"@id":"https:\/\/www.suno.com.br\/noticias\/ibovespa-alta-externo-selic-acordo-comercial-brexit\/#primaryimage"},"image":{"@id":"https:\/\/www.suno.com.br\/noticias\/ibovespa-alta-externo-selic-acordo-comercial-brexit\/#primaryimage"},"thumbnailUrl":"https:\/\/files.sunoresearch.com.br\/n\/uploads\/2019\/08\/191b2a55-bolsa.jpg","datePublished":"2019-10-21T13:40:51+00:00","dateModified":"2019-10-21T13:41:56+00:00","description":"Por volta das 10h30, desta segunda-feira (21), o Ibovespa variava 0,27% alcan\u00e7ando 105.008,70 pontos. Clique aqui e saiba mais","breadcrumb":{"@id":"https:\/\/www.suno.com.br\/noticias\/ibovespa-alta-externo-selic-acordo-comercial-brexit\/#breadcrumb"},"inLanguage":"pt-BR","potentialAction":[{"@type":"ReadAction","target":["https:\/\/www.suno.com.br\/noticias\/ibovespa-alta-externo-selic-acordo-comercial-brexit\/"]}]},{"@type":"ImageObject","inLanguage":"pt-BR","@id":"https:\/\/www.suno.com.br\/noticias\/ibovespa-alta-externo-selic-acordo-comercial-brexit\/#primaryimage","url":"https:\/\/files.sunoresearch.com.br\/n\/uploads\/2019\/08\/191b2a55-bolsa.jpg","contentUrl":"https:\/\/files.sunoresearch.com.br\/n\/uploads\/2019\/08\/191b2a55-bolsa.jpg","width":2300,"height":1563,"caption":"ibovespa"},{"@type":"BreadcrumbList","@id":"https:\/\/www.suno.com.br\/noticias\/ibovespa-alta-externo-selic-acordo-comercial-brexit\/#breadcrumb","itemListElement":[{"@type":"ListItem","position":1,"name":"Not\u00edcias","item":"https:\/\/www.suno.com.br\/noticias\/"},{"@type":"ListItem","position":2,"name":"Mercado","item":"https:\/\/www.suno.com.br\/noticias\/mercado\/"},{"@type":"ListItem","position":3,"name":"Ibovespa est\u00e1vel com cen\u00e1rio externo e previs\u00e3o de redu\u00e7\u00e3o da taxa Selic"}]},{"@type":"WebSite","@id":"https:\/\/www.suno.com.br\/noticias\/#website","url":"https:\/\/www.suno.com.br\/noticias\/","name":"Suno Not\u00edcias","description":"Seu portal de informa\u00e7\u00e3o sobre o mundo dos investimentos","publisher":{"@id":"https:\/\/www.suno.com.br\/noticias\/#organization"},"potentialAction":[{"@type":"SearchAction","target":{"@type":"EntryPoint","urlTemplate":"https:\/\/www.suno.com.br\/noticias\/?s={search_term_string}"},"query-input":{"@type":"PropertyValueSpecification","valueRequired":true,"valueName":"search_term_string"}}],"inLanguage":"pt-BR"},{"@type":"Organization","@id":"https:\/\/www.suno.com.br\/noticias\/#organization","name":"Suno Not\u00edcias","url":"https:\/\/www.suno.com.br\/noticias\/","logo":{"@type":"ImageObject","inLanguage":"pt-BR","@id":"https:\/\/www.suno.com.br\/noticias\/#\/schema\/logo\/image\/","url":"https:\/\/files.sunoresearch.com.br\/n\/uploads\/2021\/09\/suno-logo.png","contentUrl":"https:\/\/files.sunoresearch.com.br\/n\/uploads\/2021\/09\/suno-logo.png","width":180,"height":180,"caption":"Suno Not\u00edcias"},"image":{"@id":"https:\/\/www.suno.com.br\/noticias\/#\/schema\/logo\/image\/"},"sameAs":["https:\/\/facebook.com\/sunoresearch","https:\/\/x.com\/sunoresearch","https:\/\/www.instagram.com\/suno","https:\/\/www.linkedin.com\/company\/suno-research\/","https:\/\/www.youtube.com\/c\/sunoresearch"]},{"@type":"Person","@id":"https:\/\/www.suno.com.br\/noticias\/#\/schema\/person\/02ec1f752758247878a2bf4abee1aeda","name":"Poliana Santos","image":{"@type":"ImageObject","inLanguage":"pt-BR","@id":"https:\/\/www.suno.com.br\/noticias\/#\/schema\/person\/image\/","url":"https:\/\/secure.gravatar.com\/avatar\/0645bd32f23d87b2130f2b2dff1d3f8d?s=96&r=g","contentUrl":"https:\/\/secure.gravatar.com\/avatar\/0645bd32f23d87b2130f2b2dff1d3f8d?s=96&r=g","caption":"Poliana Santos"},"description":"Rep\u00f3rter no Suno Not\u00edcias, com cobertura em mercado financeiro, economia, finan\u00e7as pessoais, renda fixa e varejo. Jornalista formada pela Faculdade C\u00e1sper L\u00edbero e possui passagem na R\u00e1dio Gazeta AM com a produ\u00e7\u00e3o de conte\u00fado sobre economia, pol\u00edtica, sa\u00fade, moda e m\u00fasica. Possui certificado de conclus\u00e3o do curso de An\u00e1lise de Balan\u00e7os pela Funda\u00e7\u00e3o Bradesco, Agenda Brasil pela FAAP, Educa\u00e7\u00e3o Pol\u00edtica por Alexandre Garcia e do Tesouro Direto e Mercado de A\u00e7\u00f5es pela B3.","url":"https:\/\/www.suno.com.br\/noticias\/author\/poliana-santos\/"}]}},"default_loop_html":"<div class=\"cardsPage__listCard__boxs\"><div class=\"cardsPage__listCard__boxs__img\"><a href=\"https:\/\/www.suno.com.br\/noticias\/ibovespa-alta-externo-selic-acordo-comercial-brexit\/\"><img class=\"mask\" src=\"https:\/\/www.suno.com.br\/noticias\/wp-content\/themes\/suno\/resources\/images\/spotlight\/spotlight1img\/bg-mask.png\" alt=\"Image Mask\"\/><img src=\"https:\/\/files.sunoresearch.com.br\/n\/uploads\/2019\/08\/191b2a55-bolsa-400x200.webp\" alt=\"Ibovespa est\u00e1vel com cen\u00e1rio externo e previs\u00e3o de redu\u00e7\u00e3o da taxa Selic\"\/><\/a><span class=\"spotlightCategory\"><a href=\"https:\/\/www.suno.com.br\/noticias\/mercado\/\">Mercado<\/a><\/span><\/div><div class=\"cardsPage__listCard__boxs__content\"><a href=\"https:\/\/www.suno.com.br\/noticias\/ibovespa-alta-externo-selic-acordo-comercial-brexit\/\"><h2 class=\"content__title\">Ibovespa est\u00e1vel com cen\u00e1rio externo e previs\u00e3o de redu\u00e7\u00e3o da taxa Selic<\/h2><\/a><div class=\"newsContent__article__meta\"><div class=\"newsContent__article__meta__authorBox\"><a href=\"https:\/\/www.suno.com.br\/noticias\/author\/poliana-santos\/\" class=\"authorBox__avatar noMobi\"><img src=\"https:\/\/files.sunoresearch.com.br\/n\/uploads\/2020\/08\/7ef34026-whatsapp-image-2020-08-03-at-12.37.57-150x150.webp\" alt=\"Poliana Santos\"><\/a><div class=\"authorBox__name\"><span>por\n\t\t\t<a href=\"https:\/\/www.suno.com.br\/noticias\/author\/poliana-santos\/\"><span itemprop=\"author\">Poliana Santos<\/span><\/a><\/span><time datetime=\"2019-10-21T11:40:51-03:00\" itemprop=\"datePublished\">21\/10\/2019 11:40<\/time><\/div><\/div><\/div><\/div><\/div>","single_layout":"posts","amp_enabled":true,"_links":{"self":[{"href":"https:\/\/www.suno.com.br\/noticias\/wp-json\/wp\/v2\/posts\/41769"}],"collection":[{"href":"https:\/\/www.suno.com.br\/noticias\/wp-json\/wp\/v2\/posts"}],"about":[{"href":"https:\/\/www.suno.com.br\/noticias\/wp-json\/wp\/v2\/types\/post"}],"author":[{"embeddable":true,"href":"https:\/\/www.suno.com.br\/noticias\/wp-json\/wp\/v2\/users\/15"}],"replies":[{"embeddable":true,"href":"https:\/\/www.suno.com.br\/noticias\/wp-json\/wp\/v2\/comments?post=41769"}],"version-history":[{"count":0,"href":"https:\/\/www.suno.com.br\/noticias\/wp-json\/wp\/v2\/posts\/41769\/revisions"}],"wp:featuredmedia":[{"embeddable":true,"href":"https:\/\/www.suno.com.br\/noticias\/wp-json\/wp\/v2\/media\/34642"}],"wp:attachment":[{"href":"https:\/\/www.suno.com.br\/noticias\/wp-json\/wp\/v2\/media?parent=41769"}],"wp:term":[{"taxonomy":"category","embeddable":true,"href":"https:\/\/www.suno.com.br\/noticias\/wp-json\/wp\/v2\/categories?post=41769"},{"taxonomy":"post_tag","embeddable":true,"href":"https:\/\/www.suno.com.br\/noticias\/wp-json\/wp\/v2\/tags?post=41769"},{"taxonomy":"suno_strategy","embeddable":true,"href":"https:\/\/www.suno.com.br\/noticias\/wp-json\/wp\/v2\/suno_strategy?post=41769"}],"curies":[{"name":"wp","href":"https:\/\/api.w.org\/{rel}","templated":true}]}}