{"id":41762,"date":"2019-10-21T11:42:35","date_gmt":"2019-10-21T13:42:35","guid":{"rendered":"https:\/\/www.suno.com.br\/noticias\/?p=41762"},"modified":"2019-10-21T11:55:37","modified_gmt":"2019-10-21T13:55:37","slug":"auditoria-contratada-eletrobras-revelou-superfaturamento","status":"publish","type":"post","link":"https:\/\/www.suno.com.br\/noticias\/auditoria-contratada-eletrobras-revelou-superfaturamento\/","title":{"rendered":"Auditoria contratada pela Eletrobras revelou superfaturamento, afirma jornal"},"content":{"rendered":"<p>Uma auditoria externa, contratada pela Eletrobras (<strong>ELET3<\/strong>; <strong>ELET6<\/strong>), custando mais de R$ 400 milh\u00f5es aos cofres da estatal, constatou, em outubro de 2016, superfaturamentos em obras nas usinas de Belo Monte e Angra 3.<\/p>\t<div class=\"wrapper-featured-image\">\n\t\t<figure class=\"spotlightImg\">\n\n\t\t\t<picture>\n\t\t\t\t<source media=\"(max-width: 768px)\" srcset=\"https:\/\/files.sunoresearch.com.br\/n\/uploads\/2019\/09\/f165860f-eletrobras-400x200.webp\">\n\t\t\t\t<img loading=\"lazy\" decoding=\"async\" class=\"newsContent__article__imgCapa lazyloadDisabled newsContent__article__imgCapa--noCaption\" src=\"https:\/\/files.sunoresearch.com.br\/n\/uploads\/2019\/09\/f165860f-eletrobras-800x450.webp\" width=\"800\" height=\"450\" alt=\"Auditoria contratada pela Eletrobras revelou superfaturamento, afirma jornal\" fetchpriority=high \/>\n\t\t\t<\/picture>\n\n\t\t\t<figcaption class=\"wp-caption-text wp-caption-text--hide\">Eletrobras (ELET3). Foto: Getty Images.<\/figcaption>\n\t\t<\/figure>\n\t<\/div>\n\n\n\n<p>Segundo o jornal &#8220;O Globo&#8221;, foi arquitetado um esquema de destrui\u00e7\u00e3o de aprovas por executivos, al\u00e9m de outros ind\u00edcios de m\u00e1 gest\u00e3o da <strong>Eletrobras<\/strong>.<\/p>\n<p>As informa\u00e7\u00f5es foram publicadas no \u00faltimo domingo (20) ap\u00f3s &#8220;O Globo&#8221; ter acesso aos documentos das investiga\u00e7\u00f5es da empresa norte-americana Hogan Lovells, entregues \u00e0 Eletrobras em 2016.<\/p>\n<p><a href=\"https:\/\/www.suno.com.br\/noticias\/knight-therapeutics-adquire-controle-do-grupo-biotoscana\/\">Confira: Knight Therapeutics adquire controle do Grupo Biotoscana<\/a><\/p>\n<p>Entretanto, a investiga\u00e7\u00e3o, que teve in\u00edcio em 2015 e foi finalizada em 2018, n\u00e3o conseguiu identificar esquemas de pagamento de propina e forma\u00e7\u00e3o de cartel em obras que s\u00f3 foram revelados posteriormente por investiga\u00e7\u00f5es lideradas pela <strong>Opera\u00e7\u00e3o Lava-Jato<\/strong>.<\/p>\n<h2>Eletrobras manteve relat\u00f3rios sob sigilo<\/h2>\n<p>Nos relat\u00f3rios, os auditores afirmaram que as perdas da companhia apenas em Belo Monte foi de, aproximadamente, R$ 165 milh\u00f5es. A Eletrobras possui 15% das a\u00e7\u00f5es da Norte Energia, cons\u00f3rcio que controla a usina.<\/p>\n\t<p>\n\t\t<a href=\"https:\/\/lp.suno.com.br\/planilha-da-vida-financeira\/\" target=\"_blank\" data-element=\"shortcode-suno-banner\" title=\"Banner SUNO, clique e saiba mais\">\n\t\t\t<picture>\n\t\t\t\t<source media=\"(max-width: 500px)\" srcset=\"https:\/\/files.sunoresearch.com.br\/n\/uploads\/2023\/04\/400x300-Planilha-vida-financeira-true.png\">\n\t\t\t\t<img class=\"newsContent__article__imgCapa newsContent__article__imgCapa--banner\"\n\t\t\t\t\tsrc=\"https:\/\/files.sunoresearch.com.br\/n\/uploads\/2023\/04\/1420x240-Planilha-vida-financeira-true.png\"\n\t\t\t\t\tdata-promo-id=\"106682\"\t\t\t\t\t\t\t\t\t\twidth='1420' height='240'\t\t\t\t\talt=\"https:\/\/files.sunoresearch.com.br\/n\/uploads\/2023\/04\/1420x240-Planilha-vida-financeira-true.png\"\n\t\t\t\t>\n\t\t\t<\/picture>\n\t\t<\/a>\n\t<\/p>\n\n\n<p>Segundo a reportagem, apesar de a investiga\u00e7\u00e3o ter custado mais de R$ 400 milh\u00f5es, a companhia brasileira procurou manter os resultados sob sigilo. Segundo &#8220;O Globo&#8221;, os documentos somente foram liberados ap\u00f3s uma decis\u00e3o do Tribunal de Contas da Uni\u00e3o (TCU).<\/p>\n<p>Nesta segunda-feira (21), por meio de um comunicado, a <strong>Eletrobras<\/strong> afirmou que os documentos ainda s\u00e3o confidenciais, &#8220;com acesso restrito a um n\u00famero extremamente reduzido de destinat\u00e1rios&#8221;.<\/p>\n<p><a href=\"https:\/\/www.suno.com.br\/noticias\/boletim-focus-reduz-selic-21102019\/\">Veja tamb\u00e9m: Boletim Focus reduz previs\u00e3o da Taxa Selic para 4,50%<\/a><\/p>\n<p>A estatal afirmou que o sigilo ainda \u00e9 discutido no \u00e2mbito do Tribunal de Contas. A companhia el\u00e9trica afirmou que contribuiu e continua a colaborar, &#8220;de forma proativa e constante&#8221;, na Opera\u00e7\u00e3o Lava-Jato, provendo todo e qualquer tipo de informa\u00e7\u00e3o necess\u00e1ria para a continuidade das investiga\u00e7\u00f5es.<\/p>\n<p>A <strong>Eletrobras<\/strong> tamb\u00e9m ressaltou que adotou as medidas necess\u00e1rias, afastando ex-executivos envolvidos em esquemas de corrup\u00e7\u00e3o, suspendendo contratos irregulares e tomando diversas medidas de conformidade, seguindo os resultados das investiga\u00e7\u00f5es.<\/p>\n","protected":false},"excerpt":{"rendered":"<p>Uma auditoria externa, contratada pela Eletrobras (ELET3; ELET6), custando mais de R$ 400 milh\u00f5es aos cofres da estatal, constatou, em outubro de 2016, superfaturamentos em obras nas usinas de Belo Monte e Angra 3. Eletrobras (ELET3). Foto: Getty Images. Segundo o jornal &#8220;O Globo&#8221;, foi arquitetado um esquema de destrui\u00e7\u00e3o de aprovas por executivos, al\u00e9m [&hellip;]<\/p>\n","protected":false},"author":24,"featured_media":37836,"comment_status":"closed","ping_status":"closed","sticky":false,"template":"","format":"standard","meta":[],"categories":[64],"tags":[455,1914],"suno_strategy":[],"class_list":["post-41762","post","type-post","status-publish","format-standard","has-post-thumbnail","hentry","category-negocios","tag-eletrobras-elet3-elet5-elet6","tag-operacao-lava-jato"],"yoast_head":"<!-- This site is optimized with the Yoast SEO plugin v24.4 - https:\/\/yoast.com\/wordpress\/plugins\/seo\/ -->\n<title>Eletrobras: auditoria contratada revelou superfaturamento, diz jornal<\/title>\n<meta name=\"description\" content=\"Uma auditoria externa, contratada pela Eletrobras, constatou, em outubro de 2016, superfaturamentos em obras. Clique e saiba mais.\" \/>\n<meta name=\"robots\" content=\"index, follow, max-snippet:-1, max-image-preview:large, max-video-preview:-1\" \/>\n<link rel=\"canonical\" href=\"https:\/\/www.suno.com.br\/noticias\/auditoria-contratada-eletrobras-revelou-superfaturamento\/\" \/>\n<meta property=\"og:locale\" content=\"pt_BR\" \/>\n<meta property=\"og:type\" content=\"article\" \/>\n<meta property=\"og:title\" content=\"Eletrobras: auditoria contratada revelou superfaturamento, diz jornal\" \/>\n<meta property=\"og:description\" content=\"Uma auditoria externa, contratada pela Eletrobras, constatou, em outubro de 2016, superfaturamentos em obras. Clique e saiba mais.\" \/>\n<meta property=\"og:url\" content=\"https:\/\/www.suno.com.br\/noticias\/auditoria-contratada-eletrobras-revelou-superfaturamento\/\" \/>\n<meta property=\"og:site_name\" content=\"Suno Not\u00edcias\" \/>\n<meta property=\"article:publisher\" content=\"https:\/\/facebook.com\/sunoresearch\" \/>\n<meta property=\"og:image\" content=\"https:\/\/files.sunoresearch.com.br\/n\/uploads\/2019\/09\/f165860f-eletrobras.jpg\" \/>\n\t<meta property=\"og:image:width\" content=\"3000\" \/>\n\t<meta property=\"og:image:height\" content=\"2000\" \/>\n\t<meta property=\"og:image:type\" content=\"image\/jpeg\" \/>\n<meta name=\"author\" content=\"Jader Lazarini\" \/>\n<meta name=\"twitter:card\" content=\"summary_large_image\" \/>\n<meta name=\"twitter:creator\" content=\"@sunoresearch\" \/>\n<meta name=\"twitter:site\" content=\"@sunoresearch\" \/>\n<meta name=\"twitter:label1\" content=\"Escrito por\" \/>\n\t<meta name=\"twitter:data1\" content=\"Jader Lazarini\" \/>\n\t<meta name=\"twitter:label2\" content=\"Est. tempo de leitura\" \/>\n\t<meta name=\"twitter:data2\" content=\"2 minutos\" \/>\n<script type=\"application\/ld+json\" class=\"yoast-schema-graph\">{\"@context\":\"https:\/\/schema.org\",\"@graph\":[{\"@type\":\"NewsArticle\",\"@id\":\"https:\/\/www.suno.com.br\/noticias\/auditoria-contratada-eletrobras-revelou-superfaturamento\/#article\",\"isPartOf\":{\"@id\":\"https:\/\/www.suno.com.br\/noticias\/auditoria-contratada-eletrobras-revelou-superfaturamento\/\"},\"author\":{\"name\":\"Jader Lazarini\",\"@id\":\"https:\/\/www.suno.com.br\/noticias\/#\/schema\/person\/918d79de1f0281f01599b93f9ea6e23f\"},\"headline\":\"Auditoria contratada pela Eletrobras revelou superfaturamento, afirma jornal\",\"datePublished\":\"2019-10-21T13:42:35+00:00\",\"dateModified\":\"2019-10-21T13:55:37+00:00\",\"mainEntityOfPage\":{\"@id\":\"https:\/\/www.suno.com.br\/noticias\/auditoria-contratada-eletrobras-revelou-superfaturamento\/\"},\"wordCount\":362,\"publisher\":{\"@id\":\"https:\/\/www.suno.com.br\/noticias\/#organization\"},\"image\":{\"@id\":\"https:\/\/www.suno.com.br\/noticias\/auditoria-contratada-eletrobras-revelou-superfaturamento\/#primaryimage\"},\"thumbnailUrl\":\"https:\/\/files.sunoresearch.com.br\/n\/uploads\/2019\/09\/f165860f-eletrobras-scaled.webp\",\"keywords\":[\"Eletrobras (ELET3\/ELET5\/ELET6)\",\"Opera\u00e7\u00e3o Lava Jato\"],\"articleSection\":[\"Neg\u00f3cios\"],\"inLanguage\":\"pt-BR\"},{\"@type\":\"WebPage\",\"@id\":\"https:\/\/www.suno.com.br\/noticias\/auditoria-contratada-eletrobras-revelou-superfaturamento\/\",\"url\":\"https:\/\/www.suno.com.br\/noticias\/auditoria-contratada-eletrobras-revelou-superfaturamento\/\",\"name\":\"Eletrobras: auditoria contratada revelou superfaturamento, diz jornal\",\"isPartOf\":{\"@id\":\"https:\/\/www.suno.com.br\/noticias\/#website\"},\"primaryImageOfPage\":{\"@id\":\"https:\/\/www.suno.com.br\/noticias\/auditoria-contratada-eletrobras-revelou-superfaturamento\/#primaryimage\"},\"image\":{\"@id\":\"https:\/\/www.suno.com.br\/noticias\/auditoria-contratada-eletrobras-revelou-superfaturamento\/#primaryimage\"},\"thumbnailUrl\":\"https:\/\/files.sunoresearch.com.br\/n\/uploads\/2019\/09\/f165860f-eletrobras-scaled.webp\",\"datePublished\":\"2019-10-21T13:42:35+00:00\",\"dateModified\":\"2019-10-21T13:55:37+00:00\",\"description\":\"Uma auditoria externa, contratada pela Eletrobras, constatou, em outubro de 2016, superfaturamentos em obras. Clique e saiba mais.\",\"breadcrumb\":{\"@id\":\"https:\/\/www.suno.com.br\/noticias\/auditoria-contratada-eletrobras-revelou-superfaturamento\/#breadcrumb\"},\"inLanguage\":\"pt-BR\",\"potentialAction\":[{\"@type\":\"ReadAction\",\"target\":[\"https:\/\/www.suno.com.br\/noticias\/auditoria-contratada-eletrobras-revelou-superfaturamento\/\"]}]},{\"@type\":\"ImageObject\",\"inLanguage\":\"pt-BR\",\"@id\":\"https:\/\/www.suno.com.br\/noticias\/auditoria-contratada-eletrobras-revelou-superfaturamento\/#primaryimage\",\"url\":\"https:\/\/files.sunoresearch.com.br\/n\/uploads\/2019\/09\/f165860f-eletrobras-scaled.webp\",\"contentUrl\":\"https:\/\/files.sunoresearch.com.br\/n\/uploads\/2019\/09\/f165860f-eletrobras-scaled.webp\",\"width\":2560,\"height\":1707,\"caption\":\"Eletrobras (ELET3). Foto: Getty Images.\"},{\"@type\":\"BreadcrumbList\",\"@id\":\"https:\/\/www.suno.com.br\/noticias\/auditoria-contratada-eletrobras-revelou-superfaturamento\/#breadcrumb\",\"itemListElement\":[{\"@type\":\"ListItem\",\"position\":1,\"name\":\"Not\u00edcias\",\"item\":\"https:\/\/www.suno.com.br\/noticias\/\"},{\"@type\":\"ListItem\",\"position\":2,\"name\":\"Neg\u00f3cios\",\"item\":\"https:\/\/www.suno.com.br\/noticias\/negocios\/\"},{\"@type\":\"ListItem\",\"position\":3,\"name\":\"Auditoria contratada pela Eletrobras revelou superfaturamento, afirma jornal\"}]},{\"@type\":\"WebSite\",\"@id\":\"https:\/\/www.suno.com.br\/noticias\/#website\",\"url\":\"https:\/\/www.suno.com.br\/noticias\/\",\"name\":\"Suno Not\u00edcias\",\"description\":\"Seu portal de informa\u00e7\u00e3o sobre o mundo dos investimentos\",\"publisher\":{\"@id\":\"https:\/\/www.suno.com.br\/noticias\/#organization\"},\"potentialAction\":[{\"@type\":\"SearchAction\",\"target\":{\"@type\":\"EntryPoint\",\"urlTemplate\":\"https:\/\/www.suno.com.br\/noticias\/?s={search_term_string}\"},\"query-input\":{\"@type\":\"PropertyValueSpecification\",\"valueRequired\":true,\"valueName\":\"search_term_string\"}}],\"inLanguage\":\"pt-BR\"},{\"@type\":\"Organization\",\"@id\":\"https:\/\/www.suno.com.br\/noticias\/#organization\",\"name\":\"Suno Not\u00edcias\",\"url\":\"https:\/\/www.suno.com.br\/noticias\/\",\"logo\":{\"@type\":\"ImageObject\",\"inLanguage\":\"pt-BR\",\"@id\":\"https:\/\/www.suno.com.br\/noticias\/#\/schema\/logo\/image\/\",\"url\":\"https:\/\/files.sunoresearch.com.br\/n\/uploads\/2021\/09\/suno-logo.png\",\"contentUrl\":\"https:\/\/files.sunoresearch.com.br\/n\/uploads\/2021\/09\/suno-logo.png\",\"width\":180,\"height\":180,\"caption\":\"Suno Not\u00edcias\"},\"image\":{\"@id\":\"https:\/\/www.suno.com.br\/noticias\/#\/schema\/logo\/image\/\"},\"sameAs\":[\"https:\/\/facebook.com\/sunoresearch\",\"https:\/\/x.com\/sunoresearch\",\"https:\/\/www.instagram.com\/suno\",\"https:\/\/www.linkedin.com\/company\/suno-research\/\",\"https:\/\/www.youtube.com\/c\/sunoresearch\"]},{\"@type\":\"Person\",\"@id\":\"https:\/\/www.suno.com.br\/noticias\/#\/schema\/person\/918d79de1f0281f01599b93f9ea6e23f\",\"name\":\"Jader Lazarini\",\"image\":{\"@type\":\"ImageObject\",\"inLanguage\":\"pt-BR\",\"@id\":\"https:\/\/www.suno.com.br\/noticias\/#\/schema\/person\/image\/\",\"url\":\"https:\/\/secure.gravatar.com\/avatar\/3c1ad8caa51589841baeb923fcddea97?s=96&r=g\",\"contentUrl\":\"https:\/\/secure.gravatar.com\/avatar\/3c1ad8caa51589841baeb923fcddea97?s=96&r=g\",\"caption\":\"Jader Lazarini\"},\"description\":\"Jader Lazarini escreve sobre investimentos, finan\u00e7as, economia e neg\u00f3cios. \u00c9 bacharel em Rela\u00e7\u00f5es Internacionais e analista CNPI (2619).\",\"url\":\"https:\/\/www.suno.com.br\/noticias\/author\/jader-lazarini\/\"}]}<\/script>\n<!-- \/ Yoast SEO plugin. -->","yoast_head_json":{"title":"Eletrobras: auditoria contratada revelou superfaturamento, diz jornal","description":"Uma auditoria externa, contratada pela Eletrobras, constatou, em outubro de 2016, superfaturamentos em obras. Clique e saiba mais.","robots":{"index":"index","follow":"follow","max-snippet":"max-snippet:-1","max-image-preview":"max-image-preview:large","max-video-preview":"max-video-preview:-1"},"canonical":"https:\/\/www.suno.com.br\/noticias\/auditoria-contratada-eletrobras-revelou-superfaturamento\/","og_locale":"pt_BR","og_type":"article","og_title":"Eletrobras: auditoria contratada revelou superfaturamento, diz jornal","og_description":"Uma auditoria externa, contratada pela Eletrobras, constatou, em outubro de 2016, superfaturamentos em obras. Clique e saiba mais.","og_url":"https:\/\/www.suno.com.br\/noticias\/auditoria-contratada-eletrobras-revelou-superfaturamento\/","og_site_name":"Suno Not\u00edcias","article_publisher":"https:\/\/facebook.com\/sunoresearch","og_image":[{"width":3000,"height":2000,"url":"https:\/\/files.sunoresearch.com.br\/n\/uploads\/2019\/09\/f165860f-eletrobras.jpg","type":"image\/jpeg"}],"author":"Jader Lazarini","twitter_card":"summary_large_image","twitter_creator":"@sunoresearch","twitter_site":"@sunoresearch","twitter_misc":{"Escrito por":"Jader Lazarini","Est. tempo de leitura":"2 minutos"},"schema":{"@context":"https:\/\/schema.org","@graph":[{"@type":"NewsArticle","@id":"https:\/\/www.suno.com.br\/noticias\/auditoria-contratada-eletrobras-revelou-superfaturamento\/#article","isPartOf":{"@id":"https:\/\/www.suno.com.br\/noticias\/auditoria-contratada-eletrobras-revelou-superfaturamento\/"},"author":{"name":"Jader Lazarini","@id":"https:\/\/www.suno.com.br\/noticias\/#\/schema\/person\/918d79de1f0281f01599b93f9ea6e23f"},"headline":"Auditoria contratada pela Eletrobras revelou superfaturamento, afirma jornal","datePublished":"2019-10-21T13:42:35+00:00","dateModified":"2019-10-21T13:55:37+00:00","mainEntityOfPage":{"@id":"https:\/\/www.suno.com.br\/noticias\/auditoria-contratada-eletrobras-revelou-superfaturamento\/"},"wordCount":362,"publisher":{"@id":"https:\/\/www.suno.com.br\/noticias\/#organization"},"image":{"@id":"https:\/\/www.suno.com.br\/noticias\/auditoria-contratada-eletrobras-revelou-superfaturamento\/#primaryimage"},"thumbnailUrl":"https:\/\/files.sunoresearch.com.br\/n\/uploads\/2019\/09\/f165860f-eletrobras-scaled.webp","keywords":["Eletrobras (ELET3\/ELET5\/ELET6)","Opera\u00e7\u00e3o Lava Jato"],"articleSection":["Neg\u00f3cios"],"inLanguage":"pt-BR"},{"@type":"WebPage","@id":"https:\/\/www.suno.com.br\/noticias\/auditoria-contratada-eletrobras-revelou-superfaturamento\/","url":"https:\/\/www.suno.com.br\/noticias\/auditoria-contratada-eletrobras-revelou-superfaturamento\/","name":"Eletrobras: auditoria contratada revelou superfaturamento, diz jornal","isPartOf":{"@id":"https:\/\/www.suno.com.br\/noticias\/#website"},"primaryImageOfPage":{"@id":"https:\/\/www.suno.com.br\/noticias\/auditoria-contratada-eletrobras-revelou-superfaturamento\/#primaryimage"},"image":{"@id":"https:\/\/www.suno.com.br\/noticias\/auditoria-contratada-eletrobras-revelou-superfaturamento\/#primaryimage"},"thumbnailUrl":"https:\/\/files.sunoresearch.com.br\/n\/uploads\/2019\/09\/f165860f-eletrobras-scaled.webp","datePublished":"2019-10-21T13:42:35+00:00","dateModified":"2019-10-21T13:55:37+00:00","description":"Uma auditoria externa, contratada pela Eletrobras, constatou, em outubro de 2016, superfaturamentos em obras. Clique e saiba mais.","breadcrumb":{"@id":"https:\/\/www.suno.com.br\/noticias\/auditoria-contratada-eletrobras-revelou-superfaturamento\/#breadcrumb"},"inLanguage":"pt-BR","potentialAction":[{"@type":"ReadAction","target":["https:\/\/www.suno.com.br\/noticias\/auditoria-contratada-eletrobras-revelou-superfaturamento\/"]}]},{"@type":"ImageObject","inLanguage":"pt-BR","@id":"https:\/\/www.suno.com.br\/noticias\/auditoria-contratada-eletrobras-revelou-superfaturamento\/#primaryimage","url":"https:\/\/files.sunoresearch.com.br\/n\/uploads\/2019\/09\/f165860f-eletrobras-scaled.webp","contentUrl":"https:\/\/files.sunoresearch.com.br\/n\/uploads\/2019\/09\/f165860f-eletrobras-scaled.webp","width":2560,"height":1707,"caption":"Eletrobras (ELET3). Foto: Getty Images."},{"@type":"BreadcrumbList","@id":"https:\/\/www.suno.com.br\/noticias\/auditoria-contratada-eletrobras-revelou-superfaturamento\/#breadcrumb","itemListElement":[{"@type":"ListItem","position":1,"name":"Not\u00edcias","item":"https:\/\/www.suno.com.br\/noticias\/"},{"@type":"ListItem","position":2,"name":"Neg\u00f3cios","item":"https:\/\/www.suno.com.br\/noticias\/negocios\/"},{"@type":"ListItem","position":3,"name":"Auditoria contratada pela Eletrobras revelou superfaturamento, afirma jornal"}]},{"@type":"WebSite","@id":"https:\/\/www.suno.com.br\/noticias\/#website","url":"https:\/\/www.suno.com.br\/noticias\/","name":"Suno Not\u00edcias","description":"Seu portal de informa\u00e7\u00e3o sobre o mundo dos investimentos","publisher":{"@id":"https:\/\/www.suno.com.br\/noticias\/#organization"},"potentialAction":[{"@type":"SearchAction","target":{"@type":"EntryPoint","urlTemplate":"https:\/\/www.suno.com.br\/noticias\/?s={search_term_string}"},"query-input":{"@type":"PropertyValueSpecification","valueRequired":true,"valueName":"search_term_string"}}],"inLanguage":"pt-BR"},{"@type":"Organization","@id":"https:\/\/www.suno.com.br\/noticias\/#organization","name":"Suno Not\u00edcias","url":"https:\/\/www.suno.com.br\/noticias\/","logo":{"@type":"ImageObject","inLanguage":"pt-BR","@id":"https:\/\/www.suno.com.br\/noticias\/#\/schema\/logo\/image\/","url":"https:\/\/files.sunoresearch.com.br\/n\/uploads\/2021\/09\/suno-logo.png","contentUrl":"https:\/\/files.sunoresearch.com.br\/n\/uploads\/2021\/09\/suno-logo.png","width":180,"height":180,"caption":"Suno Not\u00edcias"},"image":{"@id":"https:\/\/www.suno.com.br\/noticias\/#\/schema\/logo\/image\/"},"sameAs":["https:\/\/facebook.com\/sunoresearch","https:\/\/x.com\/sunoresearch","https:\/\/www.instagram.com\/suno","https:\/\/www.linkedin.com\/company\/suno-research\/","https:\/\/www.youtube.com\/c\/sunoresearch"]},{"@type":"Person","@id":"https:\/\/www.suno.com.br\/noticias\/#\/schema\/person\/918d79de1f0281f01599b93f9ea6e23f","name":"Jader Lazarini","image":{"@type":"ImageObject","inLanguage":"pt-BR","@id":"https:\/\/www.suno.com.br\/noticias\/#\/schema\/person\/image\/","url":"https:\/\/secure.gravatar.com\/avatar\/3c1ad8caa51589841baeb923fcddea97?s=96&r=g","contentUrl":"https:\/\/secure.gravatar.com\/avatar\/3c1ad8caa51589841baeb923fcddea97?s=96&r=g","caption":"Jader Lazarini"},"description":"Jader Lazarini escreve sobre investimentos, finan\u00e7as, economia e neg\u00f3cios. \u00c9 bacharel em Rela\u00e7\u00f5es Internacionais e analista CNPI (2619).","url":"https:\/\/www.suno.com.br\/noticias\/author\/jader-lazarini\/"}]}},"default_loop_html":"<div class=\"cardsPage__listCard__boxs\"><div class=\"cardsPage__listCard__boxs__img\"><a href=\"https:\/\/www.suno.com.br\/noticias\/auditoria-contratada-eletrobras-revelou-superfaturamento\/\"><img class=\"mask\" src=\"https:\/\/www.suno.com.br\/noticias\/wp-content\/themes\/suno\/resources\/images\/spotlight\/spotlight1img\/bg-mask.png\" alt=\"Image Mask\"\/><img src=\"https:\/\/files.sunoresearch.com.br\/n\/uploads\/2019\/09\/f165860f-eletrobras-400x200.webp\" alt=\"Auditoria contratada pela Eletrobras revelou superfaturamento, afirma jornal\"\/><\/a><span class=\"spotlightCategory\"><a href=\"https:\/\/www.suno.com.br\/noticias\/negocios\/\">Neg\u00f3cios<\/a><\/span><\/div><div class=\"cardsPage__listCard__boxs__content\"><a href=\"https:\/\/www.suno.com.br\/noticias\/auditoria-contratada-eletrobras-revelou-superfaturamento\/\"><h2 class=\"content__title\">Auditoria contratada pela Eletrobras revelou superfaturamento, afirma jornal<\/h2><\/a><div class=\"newsContent__article__meta\"><div class=\"newsContent__article__meta__authorBox\"><a href=\"https:\/\/www.suno.com.br\/noticias\/author\/jader-lazarini\/\" class=\"authorBox__avatar noMobi\"><img src=\"https:\/\/files.sunoresearch.com.br\/n\/uploads\/2021\/01\/178e6598-foto-perfil-2-150x150.jpg\" alt=\"Jader Lazarini\"><\/a><div class=\"authorBox__name\"><span>por\n\t\t\t<a href=\"https:\/\/www.suno.com.br\/noticias\/author\/jader-lazarini\/\"><span itemprop=\"author\">Jader Lazarini<\/span><\/a><\/span><time datetime=\"2019-10-21T11:42:35-03:00\" itemprop=\"datePublished\">21\/10\/2019 11:42<\/time><\/div><\/div><\/div><\/div><\/div>","single_layout":"posts","amp_enabled":true,"_links":{"self":[{"href":"https:\/\/www.suno.com.br\/noticias\/wp-json\/wp\/v2\/posts\/41762"}],"collection":[{"href":"https:\/\/www.suno.com.br\/noticias\/wp-json\/wp\/v2\/posts"}],"about":[{"href":"https:\/\/www.suno.com.br\/noticias\/wp-json\/wp\/v2\/types\/post"}],"author":[{"embeddable":true,"href":"https:\/\/www.suno.com.br\/noticias\/wp-json\/wp\/v2\/users\/24"}],"replies":[{"embeddable":true,"href":"https:\/\/www.suno.com.br\/noticias\/wp-json\/wp\/v2\/comments?post=41762"}],"version-history":[{"count":0,"href":"https:\/\/www.suno.com.br\/noticias\/wp-json\/wp\/v2\/posts\/41762\/revisions"}],"wp:featuredmedia":[{"embeddable":true,"href":"https:\/\/www.suno.com.br\/noticias\/wp-json\/wp\/v2\/media\/37836"}],"wp:attachment":[{"href":"https:\/\/www.suno.com.br\/noticias\/wp-json\/wp\/v2\/media?parent=41762"}],"wp:term":[{"taxonomy":"category","embeddable":true,"href":"https:\/\/www.suno.com.br\/noticias\/wp-json\/wp\/v2\/categories?post=41762"},{"taxonomy":"post_tag","embeddable":true,"href":"https:\/\/www.suno.com.br\/noticias\/wp-json\/wp\/v2\/tags?post=41762"},{"taxonomy":"suno_strategy","embeddable":true,"href":"https:\/\/www.suno.com.br\/noticias\/wp-json\/wp\/v2\/suno_strategy?post=41762"}],"curies":[{"name":"wp","href":"https:\/\/api.w.org\/{rel}","templated":true}]}}