{"id":417163,"date":"2023-06-15T22:32:47","date_gmt":"2023-06-16T01:32:47","guid":{"rendered":"https:\/\/www.suno.com.br\/noticias\/?p=417163"},"modified":"2023-06-15T22:32:53","modified_gmt":"2023-06-16T01:32:53","slug":"arcabouco-governo-pede-aprovacao-senadores-rapido-possivel-tebet","status":"publish","type":"post","link":"https:\/\/www.suno.com.br\/noticias\/arcabouco-governo-pede-aprovacao-senadores-rapido-possivel-tebet\/","title":{"rendered":"Arcabou\u00e7o: governo pediu aprova\u00e7\u00e3o aos senadores o mais r\u00e1pido poss\u00edvel, diz Tebet"},"content":{"rendered":"<p>A ministra do Planejamento, Simone Tebet, disse nesta quinta-feira (15) que o governo pediu aos senadores que o Congresso aprove o novo <strong>arcabou\u00e7o<\/strong> fiscal o mais r\u00e1pido poss\u00edvel. Ela falou a jornalistas depois de reuni\u00e3o com l\u00edderes de bancada do Senado para discutir o projeto.<\/p>\t<div class=\"wrapper-featured-image\">\n\t\t<figure class=\"spotlightImg\">\n\n\t\t\t<picture>\n\t\t\t\t<source media=\"(max-width: 768px)\" srcset=\"https:\/\/files.sunoresearch.com.br\/n\/uploads\/2023\/05\/arcabouco-fiscal-400x200.jpg\">\n\t\t\t\t<img loading=\"lazy\" decoding=\"async\" class=\"newsContent__article__imgCapa lazyloadDisabled \" src=\"https:\/\/files.sunoresearch.com.br\/n\/uploads\/2023\/05\/arcabouco-fiscal-800x450.jpg\" width=\"800\" height=\"450\" alt=\"Arcabou\u00e7o: governo pediu aprova\u00e7\u00e3o aos senadores o mais r\u00e1pido poss\u00edvel, diz Tebet\" fetchpriority=high \/>\n\t\t\t<\/picture>\n\n\t\t\t<figcaption class=\"wp-caption-text wp-caption-text--show\">Arcabou\u00e7o fiscal: vota\u00e7\u00e3o na C\u00e2mara dos Deputados. Foto: Paulo Albuquerque\/Ag\u00eancia C\u00e2mara<\/figcaption>\n\t\t<\/figure>\n\t<\/div>\n\n\n\n\n\n\t<p>\n\t\t<a href=\"\" target=\"_blank\" data-element=\"shortcode-suno-banner\" title=\"Banner SUNO, clique e saiba mais\">\n\t\t\t<picture>\n\t\t\t\t<source media=\"(max-width: 500px)\" srcset=\"\">\n\t\t\t\t<img class=\"newsContent__article__imgCapa newsContent__article__imgCapa--banner\"\n\t\t\t\t\tsrc=\"\"\n\t\t\t\t\tdata-promo-id=\"240038\"\t\t\t\t\t\t\t\t\t\t\t\t\t\t\talt=\"\"\n\t\t\t\t>\n\t\t\t<\/picture>\n\t\t<\/a>\n\t<\/p>\n\n\n\n\n\n<p>Segundo Tebet, a <strong>aprova\u00e7\u00e3o do arcabou\u00e7o<\/strong> \u00e9 necess\u00e1ria para que a Lei de Diretrizes Or\u00e7ament\u00e1rias (LDO) avance.<\/p>\n\n\n\n<p>A <strong>ministra do Planejamento<\/strong> mencionou a possibilidade de o dispositivo precisar ser debatido tamb\u00e9m no segundo semestre e disse que a proposta de LDO poder\u00e1 ser adequada ao arcabou\u00e7o<strong> <\/strong>por uma mensagem modificativa do Planalto.<\/p>\n\n\n\n<p>Os senadores discutem alterar tr\u00eas pontos do <strong>projeto do arcabou\u00e7o<\/strong>. O principal deles \u00e9 a forma de reajuste do limite de despesas do governo aprovado pela C\u00e2mara.<\/p>\n\n\n\n<p>A proposta original usaria o valor oficial da infla\u00e7\u00e3o de janeiro a junho de 2023 mais a proje\u00e7\u00e3o da infla\u00e7\u00e3o de julho at\u00e9 dezembro. Como h\u00e1 tend\u00eancia de acelera\u00e7\u00e3o neste ano, isso poderia aumentar o n\u00edvel de despesas em 2024. Na C\u00e2mara, os deputados fixaram essa janela de julho a junho, retomando uma regra anterior e que, neste ciclo, seria menos favor\u00e1vel ao Executivo.<\/p>\n\n\n\n<p>&#8220;O Minist\u00e9rio do Planejamento esclareceu para a classe pol\u00edtica que, temporariamente, a ficar o IPCA da forma como veio da C\u00e2mara, n\u00f3s precisaremos mandar na <strong>proposta de Or\u00e7amento<\/strong> uma compress\u00e3o de espa\u00e7o fiscal com despesas de R$ 32 bilh\u00f5es a R$ 40 bilh\u00f5es a depender dos c\u00e1lculos que forem feitos&#8221;, disse ela.<\/p>\n\n\n\n<p>Tebet declarou que h\u00e1 uma alternativa, a de computar a infla\u00e7\u00e3o de dezembro a novembro.<\/p>\n\n\n\t<p>\n\t\t<a href=\"https:\/\/lp.suno.com.br\/ebook-gratuito-investindo-no-exterior\/\" target=\"_blank\" data-element=\"shortcode-suno-banner\" title=\"Banner SUNO, clique e saiba mais\">\n\t\t\t<picture>\n\t\t\t\t<source media=\"(max-width: 500px)\" srcset=\"https:\/\/files.sunoresearch.com.br\/n\/uploads\/2023\/03\/400x300-Investindo-no-exterior.png\">\n\t\t\t\t<img class=\"newsContent__article__imgCapa newsContent__article__imgCapa--banner\"\n\t\t\t\t\tsrc=\"https:\/\/files.sunoresearch.com.br\/n\/uploads\/2023\/03\/1420x240-Investindo-no-exterior.png\"\n\t\t\t\t\tdata-promo-id=\"383161\"\t\t\t\t\t\t\t\t\t\twidth='1420' height='240'\t\t\t\t\talt=\"https:\/\/files.sunoresearch.com.br\/n\/uploads\/2023\/03\/1420x240-Investindo-no-exterior.png\"\n\t\t\t\t>\n\t\t\t<\/picture>\n\t\t<\/a>\n\t<\/p>\n\n\n\n\n\n<h2 class=\"wp-block-heading\">Arcabou\u00e7o: ministra que deputados deram &#8220;v\u00e1lvula de escape&#8221; ao governo<\/h2>\n\n\n\n<p>A ministra tamb\u00e9m afirmou que os deputados deram uma &#8220;v\u00e1lvula de escape&#8221; para o governo com uma possibilidade de revis\u00e3o de receitas a partir de maio para balizar o <strong>limite de gastos<\/strong>.<\/p>\n\n\n\n<p>Outros dois pontos pass\u00edveis de mudan\u00e7a no <strong>projeto do arcabou\u00e7o<\/strong> pelos senadores s\u00e3o o dispositivo que limita o crescimento do Fundo Constitucional do Distrito Federal e se o Fundeb fica dentro ou fora da <strong>regra de controle de gastos<\/strong>.<\/p>\n\n\n\n<p>De acordo com <strong>Simone Tebet<\/strong>, todas essas ser\u00e3o decis\u00f5es pol\u00edticas do Congresso. Se os senadores alterarem a proposta, ser\u00e1 necess\u00e1ria nova an\u00e1lise pela C\u00e2mara, o que atrasaria a entrada em vigor das novas regras.<\/p>\n\n\n\n<p>Estavam na reuni\u00e3o no Senado o presidente da Casa, Rodrigo Pacheco (PSD-MG) e l\u00edderes de bancada. Pelo lado do governo, al\u00e9m de Simone Tebet, tamb\u00e9m participou o ministro da Fazenda, Fernando Haddad. Alexandre Padilha, ministro das Rela\u00e7\u00f5es Institucionais, esteve no local, mas saiu com a reuni\u00e3o ainda come\u00e7ando.<\/p>\n\n\n\n<p>O relator do <strong>arcabou\u00e7o<\/strong>, Omar Aziz, tem falado em votar o projeto na Comiss\u00e3o de Assuntos Econ\u00f4micos e at\u00e9 no plen\u00e1rio do Senado na semana que vem. Pacheco j\u00e1 disse que pretende concluir a an\u00e1lise do projeto na Casa ainda em junho.<\/p>\n\n\n\n<p><em>Com Estad\u00e3o Conte\u00fado<\/em><\/p>\n\n\n\t<p>\n\t\t<a href=\"https:\/\/lp.suno.com.br\/suno-one\/?utm_campaign=_SNC6964518A_\" target=\"_blank\" data-element=\"shortcode-suno-banner\" title=\"Banner SUNO, clique e saiba mais\">\n\t\t\t<picture>\n\t\t\t\t<source media=\"(max-width: 500px)\" srcset=\"https:\/\/files.sunoresearch.com.br\/n\/uploads\/2025\/09\/400x300-Suno-One-png.webp\">\n\t\t\t\t<img class=\"newsContent__article__imgCapa newsContent__article__imgCapa--banner\"\n\t\t\t\t\tsrc=\"https:\/\/files.sunoresearch.com.br\/n\/uploads\/2025\/09\/1420x240-Suno-One-png.webp\"\n\t\t\t\t\tdata-promo-id=\"383121\"\t\t\t\t\t\t\t\t\t\twidth='1420' height='240'\t\t\t\t\talt=\"https:\/\/files.sunoresearch.com.br\/n\/uploads\/2025\/09\/1420x240-Suno-One-png.webp\"\n\t\t\t\t>\n\t\t\t<\/picture>\n\t\t<\/a>\n\t<\/p>\n\n\n\n\n\n<p><\/p>\n","protected":false},"excerpt":{"rendered":"<p>A ministra do Planejamento, Simone Tebet, disse nesta quinta-feira (15) que o governo pediu aos senadores que o Congresso aprove o novo arcabou\u00e7o fiscal o mais r\u00e1pido poss\u00edvel. Ela falou a jornalistas depois de reuni\u00e3o com l\u00edderes de bancada do Senado para discutir o projeto. Arcabou\u00e7o fiscal: vota\u00e7\u00e3o na C\u00e2mara dos Deputados. Foto: Paulo Albuquerque\/Ag\u00eancia [&hellip;]<\/p>\n","protected":false},"author":43,"featured_media":408279,"comment_status":"closed","ping_status":"closed","sticky":false,"template":"","format":"standard","meta":[],"categories":[62],"tags":[83329],"suno_strategy":[],"class_list":["post-417163","post","type-post","status-publish","format-standard","has-post-thumbnail","hentry","category-economia","tag-teto-de-gastos"],"yoast_head":"<!-- This site is optimized with the Yoast SEO plugin v24.4 - https:\/\/yoast.com\/wordpress\/plugins\/seo\/ -->\n<title>Arcabou\u00e7o: governo pediu aprova\u00e7\u00e3o o mais r\u00e1pido poss\u00edvel, diz Tebet<\/title>\n<meta name=\"description\" content=\"A ministra Simone Tebet disse que o governo pediu aos senadores que o Congresso aprove o novo arcabou\u00e7o fiscal o mais r\u00e1pido poss\u00edvel. Veja!\" \/>\n<meta name=\"robots\" content=\"index, follow, max-snippet:-1, max-image-preview:large, max-video-preview:-1\" \/>\n<link rel=\"canonical\" href=\"https:\/\/www.suno.com.br\/noticias\/arcabouco-governo-pede-aprovacao-senadores-rapido-possivel-tebet\/\" \/>\n<meta property=\"og:locale\" content=\"pt_BR\" \/>\n<meta property=\"og:type\" content=\"article\" \/>\n<meta property=\"og:title\" content=\"Arcabou\u00e7o: governo pediu aprova\u00e7\u00e3o o mais r\u00e1pido poss\u00edvel, diz Tebet\" \/>\n<meta property=\"og:description\" content=\"A ministra Simone Tebet disse que o governo pediu aos senadores que o Congresso aprove o novo arcabou\u00e7o fiscal o mais r\u00e1pido poss\u00edvel. Veja!\" \/>\n<meta property=\"og:url\" content=\"https:\/\/www.suno.com.br\/noticias\/arcabouco-governo-pede-aprovacao-senadores-rapido-possivel-tebet\/\" \/>\n<meta property=\"og:site_name\" content=\"Suno Not\u00edcias\" \/>\n<meta property=\"article:publisher\" content=\"https:\/\/facebook.com\/sunoresearch\" \/>\n<meta property=\"article:author\" content=\"https:\/\/www.facebook.com\/sunonoticias\/\" \/>\n<meta property=\"og:image\" content=\"https:\/\/files.sunoresearch.com.br\/n\/uploads\/2023\/05\/arcabouco-fiscal.jpg\" \/>\n\t<meta property=\"og:image:width\" content=\"1300\" \/>\n\t<meta property=\"og:image:height\" content=\"867\" \/>\n\t<meta property=\"og:image:type\" content=\"image\/jpeg\" \/>\n<meta name=\"author\" content=\"Reda\u00e7\u00e3o Suno Not\u00edcias\" \/>\n<meta name=\"twitter:card\" content=\"summary_large_image\" \/>\n<meta name=\"twitter:creator\" content=\"@https:\/\/twitter.com\/sunoresearch\" \/>\n<meta name=\"twitter:site\" content=\"@sunoresearch\" \/>\n<meta name=\"twitter:label1\" content=\"Escrito por\" \/>\n\t<meta name=\"twitter:data1\" content=\"Reda\u00e7\u00e3o Suno Not\u00edcias\" \/>\n\t<meta name=\"twitter:label2\" content=\"Est. tempo de leitura\" \/>\n\t<meta name=\"twitter:data2\" content=\"3 minutos\" \/>\n<script type=\"application\/ld+json\" class=\"yoast-schema-graph\">{\"@context\":\"https:\/\/schema.org\",\"@graph\":[{\"@type\":\"NewsArticle\",\"@id\":\"https:\/\/www.suno.com.br\/noticias\/arcabouco-governo-pede-aprovacao-senadores-rapido-possivel-tebet\/#article\",\"isPartOf\":{\"@id\":\"https:\/\/www.suno.com.br\/noticias\/arcabouco-governo-pede-aprovacao-senadores-rapido-possivel-tebet\/\"},\"author\":{\"name\":\"Reda\u00e7\u00e3o Suno Not\u00edcias\",\"@id\":\"https:\/\/www.suno.com.br\/noticias\/#\/schema\/person\/c1b1bd3727fa852bd045e9dbff3673ea\"},\"headline\":\"Arcabou\u00e7o: governo pediu aprova\u00e7\u00e3o aos senadores o mais r\u00e1pido poss\u00edvel, diz Tebet\",\"datePublished\":\"2023-06-16T01:32:47+00:00\",\"dateModified\":\"2023-06-16T01:32:53+00:00\",\"mainEntityOfPage\":{\"@id\":\"https:\/\/www.suno.com.br\/noticias\/arcabouco-governo-pede-aprovacao-senadores-rapido-possivel-tebet\/\"},\"wordCount\":544,\"publisher\":{\"@id\":\"https:\/\/www.suno.com.br\/noticias\/#organization\"},\"image\":{\"@id\":\"https:\/\/www.suno.com.br\/noticias\/arcabouco-governo-pede-aprovacao-senadores-rapido-possivel-tebet\/#primaryimage\"},\"thumbnailUrl\":\"https:\/\/files.sunoresearch.com.br\/n\/uploads\/2023\/05\/arcabouco-fiscal.jpg\",\"keywords\":[\"teto de gastos\"],\"articleSection\":[\"Economia\"],\"inLanguage\":\"pt-BR\"},{\"@type\":\"WebPage\",\"@id\":\"https:\/\/www.suno.com.br\/noticias\/arcabouco-governo-pede-aprovacao-senadores-rapido-possivel-tebet\/\",\"url\":\"https:\/\/www.suno.com.br\/noticias\/arcabouco-governo-pede-aprovacao-senadores-rapido-possivel-tebet\/\",\"name\":\"Arcabou\u00e7o: governo pediu aprova\u00e7\u00e3o o mais r\u00e1pido poss\u00edvel, diz Tebet\",\"isPartOf\":{\"@id\":\"https:\/\/www.suno.com.br\/noticias\/#website\"},\"primaryImageOfPage\":{\"@id\":\"https:\/\/www.suno.com.br\/noticias\/arcabouco-governo-pede-aprovacao-senadores-rapido-possivel-tebet\/#primaryimage\"},\"image\":{\"@id\":\"https:\/\/www.suno.com.br\/noticias\/arcabouco-governo-pede-aprovacao-senadores-rapido-possivel-tebet\/#primaryimage\"},\"thumbnailUrl\":\"https:\/\/files.sunoresearch.com.br\/n\/uploads\/2023\/05\/arcabouco-fiscal.jpg\",\"datePublished\":\"2023-06-16T01:32:47+00:00\",\"dateModified\":\"2023-06-16T01:32:53+00:00\",\"description\":\"A ministra Simone Tebet disse que o governo pediu aos senadores que o Congresso aprove o novo arcabou\u00e7o fiscal o mais r\u00e1pido poss\u00edvel. Veja!\",\"breadcrumb\":{\"@id\":\"https:\/\/www.suno.com.br\/noticias\/arcabouco-governo-pede-aprovacao-senadores-rapido-possivel-tebet\/#breadcrumb\"},\"inLanguage\":\"pt-BR\",\"potentialAction\":[{\"@type\":\"ReadAction\",\"target\":[\"https:\/\/www.suno.com.br\/noticias\/arcabouco-governo-pede-aprovacao-senadores-rapido-possivel-tebet\/\"]}]},{\"@type\":\"ImageObject\",\"inLanguage\":\"pt-BR\",\"@id\":\"https:\/\/www.suno.com.br\/noticias\/arcabouco-governo-pede-aprovacao-senadores-rapido-possivel-tebet\/#primaryimage\",\"url\":\"https:\/\/files.sunoresearch.com.br\/n\/uploads\/2023\/05\/arcabouco-fiscal.jpg\",\"contentUrl\":\"https:\/\/files.sunoresearch.com.br\/n\/uploads\/2023\/05\/arcabouco-fiscal.jpg\",\"width\":1300,\"height\":867,\"caption\":\"Arcabou\u00e7o fiscal: vota\u00e7\u00e3o na C\u00e2mara dos Deputados. Foto: Paulo Albuquerque\/Ag\u00eancia C\u00e2mara\"},{\"@type\":\"BreadcrumbList\",\"@id\":\"https:\/\/www.suno.com.br\/noticias\/arcabouco-governo-pede-aprovacao-senadores-rapido-possivel-tebet\/#breadcrumb\",\"itemListElement\":[{\"@type\":\"ListItem\",\"position\":1,\"name\":\"Not\u00edcias\",\"item\":\"https:\/\/www.suno.com.br\/noticias\/\"},{\"@type\":\"ListItem\",\"position\":2,\"name\":\"Economia\",\"item\":\"https:\/\/www.suno.com.br\/noticias\/economia\/\"},{\"@type\":\"ListItem\",\"position\":3,\"name\":\"Arcabou\u00e7o: governo pediu aprova\u00e7\u00e3o aos senadores o mais r\u00e1pido poss\u00edvel, diz Tebet\"}]},{\"@type\":\"WebSite\",\"@id\":\"https:\/\/www.suno.com.br\/noticias\/#website\",\"url\":\"https:\/\/www.suno.com.br\/noticias\/\",\"name\":\"Suno Not\u00edcias\",\"description\":\"Seu portal de informa\u00e7\u00e3o sobre o mundo dos investimentos\",\"publisher\":{\"@id\":\"https:\/\/www.suno.com.br\/noticias\/#organization\"},\"potentialAction\":[{\"@type\":\"SearchAction\",\"target\":{\"@type\":\"EntryPoint\",\"urlTemplate\":\"https:\/\/www.suno.com.br\/noticias\/?s={search_term_string}\"},\"query-input\":{\"@type\":\"PropertyValueSpecification\",\"valueRequired\":true,\"valueName\":\"search_term_string\"}}],\"inLanguage\":\"pt-BR\"},{\"@type\":\"Organization\",\"@id\":\"https:\/\/www.suno.com.br\/noticias\/#organization\",\"name\":\"Suno Not\u00edcias\",\"url\":\"https:\/\/www.suno.com.br\/noticias\/\",\"logo\":{\"@type\":\"ImageObject\",\"inLanguage\":\"pt-BR\",\"@id\":\"https:\/\/www.suno.com.br\/noticias\/#\/schema\/logo\/image\/\",\"url\":\"https:\/\/files.sunoresearch.com.br\/n\/uploads\/2021\/09\/suno-logo.png\",\"contentUrl\":\"https:\/\/files.sunoresearch.com.br\/n\/uploads\/2021\/09\/suno-logo.png\",\"width\":180,\"height\":180,\"caption\":\"Suno Not\u00edcias\"},\"image\":{\"@id\":\"https:\/\/www.suno.com.br\/noticias\/#\/schema\/logo\/image\/\"},\"sameAs\":[\"https:\/\/facebook.com\/sunoresearch\",\"https:\/\/x.com\/sunoresearch\",\"https:\/\/www.instagram.com\/suno\",\"https:\/\/www.linkedin.com\/company\/suno-research\/\",\"https:\/\/www.youtube.com\/c\/sunoresearch\"]},{\"@type\":\"Person\",\"@id\":\"https:\/\/www.suno.com.br\/noticias\/#\/schema\/person\/c1b1bd3727fa852bd045e9dbff3673ea\",\"name\":\"Reda\u00e7\u00e3o Suno Not\u00edcias\",\"image\":{\"@type\":\"ImageObject\",\"inLanguage\":\"pt-BR\",\"@id\":\"https:\/\/www.suno.com.br\/noticias\/#\/schema\/person\/image\/\",\"url\":\"https:\/\/secure.gravatar.com\/avatar\/b8104b9b5a71985d5238ee59fbe418af?s=96&r=g\",\"contentUrl\":\"https:\/\/secure.gravatar.com\/avatar\/b8104b9b5a71985d5238ee59fbe418af?s=96&r=g\",\"caption\":\"Reda\u00e7\u00e3o Suno Not\u00edcias\"},\"description\":\"O Suno Not\u00edcias \u00e9 um portal de informa\u00e7\u00f5es sobre Mercado Financeiro, Pol\u00edtica, Neg\u00f3cios, Economia e Finan\u00e7as Pessoais.\",\"sameAs\":[\"https:\/\/www.suno.com.br\/noticias\",\"https:\/\/www.facebook.com\/sunonoticias\/\",\"https:\/\/www.instagram.com\/sunonoticias\/\",\"https:\/\/x.com\/https:\/\/twitter.com\/sunoresearch\",\"https:\/\/www.youtube.com\/sunonoticias\"],\"url\":\"https:\/\/www.suno.com.br\/noticias\/author\/redacao-suno\/\"}]}<\/script>\n<!-- \/ Yoast SEO plugin. -->","yoast_head_json":{"title":"Arcabou\u00e7o: governo pediu aprova\u00e7\u00e3o o mais r\u00e1pido poss\u00edvel, diz Tebet","description":"A ministra Simone Tebet disse que o governo pediu aos senadores que o Congresso aprove o novo arcabou\u00e7o fiscal o mais r\u00e1pido poss\u00edvel. Veja!","robots":{"index":"index","follow":"follow","max-snippet":"max-snippet:-1","max-image-preview":"max-image-preview:large","max-video-preview":"max-video-preview:-1"},"canonical":"https:\/\/www.suno.com.br\/noticias\/arcabouco-governo-pede-aprovacao-senadores-rapido-possivel-tebet\/","og_locale":"pt_BR","og_type":"article","og_title":"Arcabou\u00e7o: governo pediu aprova\u00e7\u00e3o o mais r\u00e1pido poss\u00edvel, diz Tebet","og_description":"A ministra Simone Tebet disse que o governo pediu aos senadores que o Congresso aprove o novo arcabou\u00e7o fiscal o mais r\u00e1pido poss\u00edvel. Veja!","og_url":"https:\/\/www.suno.com.br\/noticias\/arcabouco-governo-pede-aprovacao-senadores-rapido-possivel-tebet\/","og_site_name":"Suno Not\u00edcias","article_publisher":"https:\/\/facebook.com\/sunoresearch","article_author":"https:\/\/www.facebook.com\/sunonoticias\/","og_image":[{"width":1300,"height":867,"url":"https:\/\/files.sunoresearch.com.br\/n\/uploads\/2023\/05\/arcabouco-fiscal.jpg","type":"image\/jpeg"}],"author":"Reda\u00e7\u00e3o Suno Not\u00edcias","twitter_card":"summary_large_image","twitter_creator":"@https:\/\/twitter.com\/sunoresearch","twitter_site":"@sunoresearch","twitter_misc":{"Escrito por":"Reda\u00e7\u00e3o Suno Not\u00edcias","Est. tempo de leitura":"3 minutos"},"schema":{"@context":"https:\/\/schema.org","@graph":[{"@type":"NewsArticle","@id":"https:\/\/www.suno.com.br\/noticias\/arcabouco-governo-pede-aprovacao-senadores-rapido-possivel-tebet\/#article","isPartOf":{"@id":"https:\/\/www.suno.com.br\/noticias\/arcabouco-governo-pede-aprovacao-senadores-rapido-possivel-tebet\/"},"author":{"name":"Reda\u00e7\u00e3o Suno Not\u00edcias","@id":"https:\/\/www.suno.com.br\/noticias\/#\/schema\/person\/c1b1bd3727fa852bd045e9dbff3673ea"},"headline":"Arcabou\u00e7o: governo pediu aprova\u00e7\u00e3o aos senadores o mais r\u00e1pido poss\u00edvel, diz Tebet","datePublished":"2023-06-16T01:32:47+00:00","dateModified":"2023-06-16T01:32:53+00:00","mainEntityOfPage":{"@id":"https:\/\/www.suno.com.br\/noticias\/arcabouco-governo-pede-aprovacao-senadores-rapido-possivel-tebet\/"},"wordCount":544,"publisher":{"@id":"https:\/\/www.suno.com.br\/noticias\/#organization"},"image":{"@id":"https:\/\/www.suno.com.br\/noticias\/arcabouco-governo-pede-aprovacao-senadores-rapido-possivel-tebet\/#primaryimage"},"thumbnailUrl":"https:\/\/files.sunoresearch.com.br\/n\/uploads\/2023\/05\/arcabouco-fiscal.jpg","keywords":["teto de gastos"],"articleSection":["Economia"],"inLanguage":"pt-BR"},{"@type":"WebPage","@id":"https:\/\/www.suno.com.br\/noticias\/arcabouco-governo-pede-aprovacao-senadores-rapido-possivel-tebet\/","url":"https:\/\/www.suno.com.br\/noticias\/arcabouco-governo-pede-aprovacao-senadores-rapido-possivel-tebet\/","name":"Arcabou\u00e7o: governo pediu aprova\u00e7\u00e3o o mais r\u00e1pido poss\u00edvel, diz Tebet","isPartOf":{"@id":"https:\/\/www.suno.com.br\/noticias\/#website"},"primaryImageOfPage":{"@id":"https:\/\/www.suno.com.br\/noticias\/arcabouco-governo-pede-aprovacao-senadores-rapido-possivel-tebet\/#primaryimage"},"image":{"@id":"https:\/\/www.suno.com.br\/noticias\/arcabouco-governo-pede-aprovacao-senadores-rapido-possivel-tebet\/#primaryimage"},"thumbnailUrl":"https:\/\/files.sunoresearch.com.br\/n\/uploads\/2023\/05\/arcabouco-fiscal.jpg","datePublished":"2023-06-16T01:32:47+00:00","dateModified":"2023-06-16T01:32:53+00:00","description":"A ministra Simone Tebet disse que o governo pediu aos senadores que o Congresso aprove o novo arcabou\u00e7o fiscal o mais r\u00e1pido poss\u00edvel. Veja!","breadcrumb":{"@id":"https:\/\/www.suno.com.br\/noticias\/arcabouco-governo-pede-aprovacao-senadores-rapido-possivel-tebet\/#breadcrumb"},"inLanguage":"pt-BR","potentialAction":[{"@type":"ReadAction","target":["https:\/\/www.suno.com.br\/noticias\/arcabouco-governo-pede-aprovacao-senadores-rapido-possivel-tebet\/"]}]},{"@type":"ImageObject","inLanguage":"pt-BR","@id":"https:\/\/www.suno.com.br\/noticias\/arcabouco-governo-pede-aprovacao-senadores-rapido-possivel-tebet\/#primaryimage","url":"https:\/\/files.sunoresearch.com.br\/n\/uploads\/2023\/05\/arcabouco-fiscal.jpg","contentUrl":"https:\/\/files.sunoresearch.com.br\/n\/uploads\/2023\/05\/arcabouco-fiscal.jpg","width":1300,"height":867,"caption":"Arcabou\u00e7o fiscal: vota\u00e7\u00e3o na C\u00e2mara dos Deputados. Foto: Paulo Albuquerque\/Ag\u00eancia C\u00e2mara"},{"@type":"BreadcrumbList","@id":"https:\/\/www.suno.com.br\/noticias\/arcabouco-governo-pede-aprovacao-senadores-rapido-possivel-tebet\/#breadcrumb","itemListElement":[{"@type":"ListItem","position":1,"name":"Not\u00edcias","item":"https:\/\/www.suno.com.br\/noticias\/"},{"@type":"ListItem","position":2,"name":"Economia","item":"https:\/\/www.suno.com.br\/noticias\/economia\/"},{"@type":"ListItem","position":3,"name":"Arcabou\u00e7o: governo pediu aprova\u00e7\u00e3o aos senadores o mais r\u00e1pido poss\u00edvel, diz Tebet"}]},{"@type":"WebSite","@id":"https:\/\/www.suno.com.br\/noticias\/#website","url":"https:\/\/www.suno.com.br\/noticias\/","name":"Suno Not\u00edcias","description":"Seu portal de informa\u00e7\u00e3o sobre o mundo dos investimentos","publisher":{"@id":"https:\/\/www.suno.com.br\/noticias\/#organization"},"potentialAction":[{"@type":"SearchAction","target":{"@type":"EntryPoint","urlTemplate":"https:\/\/www.suno.com.br\/noticias\/?s={search_term_string}"},"query-input":{"@type":"PropertyValueSpecification","valueRequired":true,"valueName":"search_term_string"}}],"inLanguage":"pt-BR"},{"@type":"Organization","@id":"https:\/\/www.suno.com.br\/noticias\/#organization","name":"Suno Not\u00edcias","url":"https:\/\/www.suno.com.br\/noticias\/","logo":{"@type":"ImageObject","inLanguage":"pt-BR","@id":"https:\/\/www.suno.com.br\/noticias\/#\/schema\/logo\/image\/","url":"https:\/\/files.sunoresearch.com.br\/n\/uploads\/2021\/09\/suno-logo.png","contentUrl":"https:\/\/files.sunoresearch.com.br\/n\/uploads\/2021\/09\/suno-logo.png","width":180,"height":180,"caption":"Suno Not\u00edcias"},"image":{"@id":"https:\/\/www.suno.com.br\/noticias\/#\/schema\/logo\/image\/"},"sameAs":["https:\/\/facebook.com\/sunoresearch","https:\/\/x.com\/sunoresearch","https:\/\/www.instagram.com\/suno","https:\/\/www.linkedin.com\/company\/suno-research\/","https:\/\/www.youtube.com\/c\/sunoresearch"]},{"@type":"Person","@id":"https:\/\/www.suno.com.br\/noticias\/#\/schema\/person\/c1b1bd3727fa852bd045e9dbff3673ea","name":"Reda\u00e7\u00e3o Suno Not\u00edcias","image":{"@type":"ImageObject","inLanguage":"pt-BR","@id":"https:\/\/www.suno.com.br\/noticias\/#\/schema\/person\/image\/","url":"https:\/\/secure.gravatar.com\/avatar\/b8104b9b5a71985d5238ee59fbe418af?s=96&r=g","contentUrl":"https:\/\/secure.gravatar.com\/avatar\/b8104b9b5a71985d5238ee59fbe418af?s=96&r=g","caption":"Reda\u00e7\u00e3o Suno Not\u00edcias"},"description":"O Suno Not\u00edcias \u00e9 um portal de informa\u00e7\u00f5es sobre Mercado Financeiro, Pol\u00edtica, Neg\u00f3cios, Economia e Finan\u00e7as Pessoais.","sameAs":["https:\/\/www.suno.com.br\/noticias","https:\/\/www.facebook.com\/sunonoticias\/","https:\/\/www.instagram.com\/sunonoticias\/","https:\/\/x.com\/https:\/\/twitter.com\/sunoresearch","https:\/\/www.youtube.com\/sunonoticias"],"url":"https:\/\/www.suno.com.br\/noticias\/author\/redacao-suno\/"}]}},"default_loop_html":"<div class=\"cardsPage__listCard__boxs\"><div class=\"cardsPage__listCard__boxs__img\"><a href=\"https:\/\/www.suno.com.br\/noticias\/arcabouco-governo-pede-aprovacao-senadores-rapido-possivel-tebet\/\"><img class=\"mask\" src=\"https:\/\/www.suno.com.br\/noticias\/wp-content\/themes\/suno\/resources\/images\/spotlight\/spotlight1img\/bg-mask.png\" alt=\"Image Mask\"\/><img src=\"https:\/\/files.sunoresearch.com.br\/n\/uploads\/2023\/05\/arcabouco-fiscal-400x200.jpg\" alt=\"Arcabou\u00e7o: governo pediu aprova\u00e7\u00e3o aos senadores o mais r\u00e1pido poss\u00edvel, diz Tebet\"\/><\/a><span class=\"spotlightCategory\"><a href=\"https:\/\/www.suno.com.br\/noticias\/economia\/\">Economia<\/a><\/span><\/div><div class=\"cardsPage__listCard__boxs__content\"><a href=\"https:\/\/www.suno.com.br\/noticias\/arcabouco-governo-pede-aprovacao-senadores-rapido-possivel-tebet\/\"><h2 class=\"content__title\">Arcabou\u00e7o: governo pediu aprova\u00e7\u00e3o aos senadores o mais r\u00e1pido poss\u00edvel, diz Tebet<\/h2><\/a><div class=\"newsContent__article__meta\"><div class=\"newsContent__article__meta__authorBox\"><a href=\"https:\/\/www.suno.com.br\/noticias\/author\/redacao-suno\/\" class=\"authorBox__avatar noMobi\"><img src=\"https:\/\/files.sunoresearch.com.br\/n\/uploads\/2020\/08\/0ace682d-redacao-1-150x150.webp\" alt=\"Reda\u00e7\u00e3o Suno Not\u00edcias\"><\/a><div class=\"authorBox__name\"><span>por\n\t\t\t<a href=\"https:\/\/www.suno.com.br\/noticias\/author\/redacao-suno\/\"><span itemprop=\"author\">Reda\u00e7\u00e3o Suno Not\u00edcias<\/span><\/a><\/span><time datetime=\"2023-06-15T22:32:47-03:00\" itemprop=\"datePublished\">15\/06\/2023 22:32<\/time><\/div><\/div><\/div><\/div><\/div>","single_layout":"posts","amp_enabled":true,"_links":{"self":[{"href":"https:\/\/www.suno.com.br\/noticias\/wp-json\/wp\/v2\/posts\/417163"}],"collection":[{"href":"https:\/\/www.suno.com.br\/noticias\/wp-json\/wp\/v2\/posts"}],"about":[{"href":"https:\/\/www.suno.com.br\/noticias\/wp-json\/wp\/v2\/types\/post"}],"author":[{"embeddable":true,"href":"https:\/\/www.suno.com.br\/noticias\/wp-json\/wp\/v2\/users\/43"}],"replies":[{"embeddable":true,"href":"https:\/\/www.suno.com.br\/noticias\/wp-json\/wp\/v2\/comments?post=417163"}],"version-history":[{"count":2,"href":"https:\/\/www.suno.com.br\/noticias\/wp-json\/wp\/v2\/posts\/417163\/revisions"}],"predecessor-version":[{"id":417500,"href":"https:\/\/www.suno.com.br\/noticias\/wp-json\/wp\/v2\/posts\/417163\/revisions\/417500"}],"wp:featuredmedia":[{"embeddable":true,"href":"https:\/\/www.suno.com.br\/noticias\/wp-json\/wp\/v2\/media\/408279"}],"wp:attachment":[{"href":"https:\/\/www.suno.com.br\/noticias\/wp-json\/wp\/v2\/media?parent=417163"}],"wp:term":[{"taxonomy":"category","embeddable":true,"href":"https:\/\/www.suno.com.br\/noticias\/wp-json\/wp\/v2\/categories?post=417163"},{"taxonomy":"post_tag","embeddable":true,"href":"https:\/\/www.suno.com.br\/noticias\/wp-json\/wp\/v2\/tags?post=417163"},{"taxonomy":"suno_strategy","embeddable":true,"href":"https:\/\/www.suno.com.br\/noticias\/wp-json\/wp\/v2\/suno_strategy?post=417163"}],"curies":[{"name":"wp","href":"https:\/\/api.w.org\/{rel}","templated":true}]}}