{"id":416854,"date":"2023-06-14T19:55:09","date_gmt":"2023-06-14T22:55:09","guid":{"rendered":"https:\/\/www.suno.com.br\/noticias\/?p=416854"},"modified":"2023-06-14T19:55:16","modified_gmt":"2023-06-14T22:55:16","slug":"embraer-embr3-eve-united-airlines-u1al34-evtol-nos-eua","status":"publish","type":"post","link":"https:\/\/www.suno.com.br\/noticias\/embraer-embr3-eve-united-airlines-u1al34-evtol-nos-eua\/","title":{"rendered":"Embraer (EMBR3): Eve e United Airlines (U1AL34) fazem acordo para oferecer trajetos com o carro voador nos EUA"},"content":{"rendered":"<p>A <a href=\"https:\/\/www.suno.com.br\/noticias\/eve-carro-voador-embraer-embr3-perdas\/\"><strong>Eve Air Mobility<\/strong><\/a>, subsidi\u00e1ria da <strong>Embraer (EMBR3)<\/strong>, e a United Airlines (U1AL34) anunciaram nesta quarta-feira (14) um acordo para levar a Mobilidade Urbana A\u00e9rea (UAM) para S\u00e3o Francisco, nos Estados Unidos. Ambas as empresas trabalhar\u00e3o com autoridades locais e estaduais, provedores de infraestrutura, energia e tecnologia para introduzir <a href=\"https:\/\/www.suno.com.br\/noticias\/embraer-embr3-memorando-cargueiros\/\">aeronaves<\/a> el\u00e9tricas de decolagem e pouso vertical (eVTOL).<\/p>\t<div class=\"wrapper-featured-image\">\n\t\t<figure class=\"spotlightImg\">\n\n\t\t\t<picture>\n\t\t\t\t<source media=\"(max-width: 768px)\" srcset=\"https:\/\/files.sunoresearch.com.br\/n\/uploads\/2022\/05\/EmbraerX-eVTOL-flying-graphic-2019-Brazil-400x200.jpg\">\n\t\t\t\t<img loading=\"lazy\" decoding=\"async\" class=\"newsContent__article__imgCapa lazyloadDisabled \" src=\"https:\/\/files.sunoresearch.com.br\/n\/uploads\/2022\/05\/EmbraerX-eVTOL-flying-graphic-2019-Brazil-800x450.jpg\" width=\"800\" height=\"450\" alt=\"Embraer (EMBR3): Eve e United Airlines (U1AL34) fazem acordo para oferecer trajetos com o carro voador nos EUA\" fetchpriority=high \/>\n\t\t\t<\/picture>\n\n\t\t\t<figcaption class=\"wp-caption-text wp-caption-text--show\">eVTOL da Eve, subsidi\u00e1ria da Embraer<\/figcaption>\n\t\t<\/figure>\n\t<\/div>\n\n\n\n\n\n\t<p>\n\t\t<a href=\"https:\/\/lp.suno.com.br\/planilha-da-vida-financeira\/\" target=\"_blank\" data-element=\"shortcode-suno-banner\" title=\"Banner SUNO, clique e saiba mais\">\n\t\t\t<picture>\n\t\t\t\t<source media=\"(max-width: 500px)\" srcset=\"https:\/\/files.sunoresearch.com.br\/n\/uploads\/2023\/04\/400x300-Planilha-vida-financeira-true.png\">\n\t\t\t\t<img class=\"newsContent__article__imgCapa newsContent__article__imgCapa--banner\"\n\t\t\t\t\tsrc=\"https:\/\/files.sunoresearch.com.br\/n\/uploads\/2023\/04\/1420x240-Planilha-vida-financeira-true.png\"\n\t\t\t\t\tdata-promo-id=\"106682\"\t\t\t\t\t\t\t\t\t\twidth='1420' height='240'\t\t\t\t\talt=\"https:\/\/files.sunoresearch.com.br\/n\/uploads\/2023\/04\/1420x240-Planilha-vida-financeira-true.png\"\n\t\t\t\t>\n\t\t\t<\/picture>\n\t\t<\/a>\n\t<\/p>\n\n\n\n\n\n\n\n<p>&#8220;Nosso objetivo \u00e9 oferecer aos residentes e visitantes da \u00e1rea da <strong>Ba\u00eda de S\u00e3o Francisco<\/strong> um transporte eficiente e competitivo em termos de custo em uma das \u00e1reas urbanas mais densamente povoadas dos EUA,&#8221; disse Andre Stein, co-CEO da Eve.<\/p>\n\n\n\n<p>As empresas tamb\u00e9m est\u00e3o trabalhando para identificar \u00e1reas de origem e destino, al\u00e9m da futura rede de rotas para a <strong>Mobilidade Urbana A\u00e9rea (UAM)<\/strong>. &#8220;A Mobilidade A\u00e9rea Urbana tem o potencial de revolucionar a forma como os clientes da United trabalham, vivem e viajam,&#8221; disse Michael Leskinen, presidente da United Airlines Ventures.<\/p>\n\n\n\n<p>\u201cA rota proposta pela Eve \u00e9 um primeiro passo fundamental para tornar essa jornada totalmente el\u00e9trica e silenciosa uma realidade para os moradores da \u00e1rea da Ba\u00eda\u201d, conclui o executivo.<\/p>\n\n\n\n<h2 class=\"wp-block-heading\">Em 2022, United anunciou um investimento de US$ 15 milh\u00f5es na Eve<\/h2>\n\n\n\n<p>No ano passado, United<strong> <\/strong>anunciou um investimento de US$ 15 milh\u00f5es na <strong>Eve<\/strong> e um acordo de compra condicional de at\u00e9 400 <strong>eVTOLs<\/strong>, como parte de sua estrat\u00e9gia de investir em tecnologias de ponta, enquanto se posiciona como l\u00edder no investimento em <a href=\"https:\/\/www.suno.com.br\/noticias\/esg-retorno-sustentabilidade-investimentos\/\">sustentabilidade<\/a> no setor da avia\u00e7\u00e3o e tecnologias inovadoras.<\/p>\n\n\n\n\t<div data-element=\"shortcode-read-more\" class=\"readToo\">\n\t\t\t\t<span class=\"readToo__title\">Leia mais<\/span>\n\t\t\t\t<ul class=\"readToo__list\">\n\t\t\t<li><a href=\"https:\/\/www.suno.com.br\/noticias\/embraer-acordo-jatos-comerciais-royal-jordanian\/\">Embraer (EMBR3) fecha acordo de jatos comerciais com Royal Jordanian<\/a><\/li><li><a href=\"https:\/\/www.suno.com.br\/noticias\/eve-embraer-embr3-recebe-investimento-united\/\">Eve, da Embraer (EMBR3), recebe investimento de US$ 15 milh\u00f5es da United Airlines (U1AL34)<\/a><\/li>\t\t<\/ul>\n\t<\/div>\n\n\n\n\n<p>Com isso, a United poder\u00e1 ter toda a sua <strong>frota de eVTOLs<\/strong> atendida pela rede de servi\u00e7os e suporte da Eve, englobando acesso aos centros de servi\u00e7os globais da <strong><a href=\"https:\/\/www.suno.com.br\/noticias\/embraer-embr3-acordo-netjets-xp-recomenda-compra\/\">Embraer<\/a><\/strong>, o que envolve dep\u00f3sitos de pe\u00e7as e t\u00e9cnicos de campo.<\/p>\n\n\n\n<h2 class=\"wp-block-heading\">O que \u00e9 o eVTOL da Eve? <\/h2>\n\n\n\n<p>O eVTOL da<strong> Eve<\/strong> \u00e9 um ve\u00edculo 100% el\u00e9trico, zero emiss\u00e3o de carbono, que possui um alcance de 60 milhas (100 quil\u00f4metros). A aeronave ser\u00e1 pilotada no lan\u00e7amento, mas projetada para opera\u00e7\u00f5es n\u00e3o tripuladas no futuro.<\/p>\n\n\n\n<p>A aeronave est\u00e1 planejada para entrar em servi\u00e7o em 2026.<\/p>\n\n\n\t<p>\n\t\t<a href=\"https:\/\/lp.suno.com.br\/ebook-como-analisar-uma-acao\/\" target=\"_blank\" data-element=\"shortcode-suno-banner\" title=\"Banner SUNO, clique e saiba mais\">\n\t\t\t<picture>\n\t\t\t\t<source media=\"(max-width: 500px)\" srcset=\"https:\/\/files.sunoresearch.com.br\/n\/uploads\/2023\/03\/Ebook-Acoes-Mobile.jpg\">\n\t\t\t\t<img class=\"newsContent__article__imgCapa newsContent__article__imgCapa--banner\"\n\t\t\t\t\tsrc=\"https:\/\/files.sunoresearch.com.br\/n\/uploads\/2023\/03\/Ebook-Acoes-Desktop.jpg\"\n\t\t\t\t\tdata-promo-id=\"378302\"\t\t\t\t\t\t\t\t\t\twidth='1420' height='286'\t\t\t\t\talt=\"https:\/\/files.sunoresearch.com.br\/n\/uploads\/2023\/03\/Ebook-Acoes-Desktop.jpg\"\n\t\t\t\t>\n\t\t\t<\/picture>\n\t\t<\/a>\n\t<\/p>\n\n\n\n\n\n<h2 class=\"wp-block-heading\">Embraer teve preju\u00edzo de R$ 467 milh\u00f5es no 1T23<\/h2>\n\n\n\n<p>Em meio a investimentos e parcerias da Eve com empresas dos EUA, a\u00a0<a href=\"https:\/\/www.suno.com.br\/acoes\/EMBR3\/\" target=\"_blank\" rel=\"noreferrer noopener\"><strong>Embraer\u00a0<\/strong>(EMBR3)<\/a>\u00a0tenta recuperar seus n\u00fameros operacionais. A empresa reportou preju\u00edzo l\u00edquido ajustado de R$ 466,9 milh\u00f5es no primeiro trimestre de 2023 (1T23), ante perdas de R$ 412,3 milh\u00f5es no mesmo per\u00edodo do ano passado.<\/p>\n\n\n\n<p>Assim, foi registrado um crescimento de 13,2% no\u00a0<strong>preju\u00edzo da Embraer\u00a0<\/strong>no comparativo anual.<\/p>\n\n\n\n<p>De janeiro a mar\u00e7o, o preju\u00edzo l\u00edquido atribu\u00eddo a acionistas da Embraer foi de R$ 368,3 milh\u00f5es, alta ante as perdas de R$ 170,7 milh\u00f5es do mesmo per\u00edodo de 2022.<\/p>\n\n\n\n<p>O preju\u00edzo, assim, expandiu 115%, informou a companhia no balan\u00e7o financeiro divulgado nesta quinta-feira.<\/p>\n\n\n\n<p>O consenso Bloomberg projetava R$ 121 milh\u00f5es de preju\u00edzo para a&nbsp;<strong><a href=\"https:\/\/statusinvest.com.br\/acoes\/embr3?__hstc=189907700.a6a3c0f889dbabbf12a3704bf30b0bd8.1669153633978.1686779620778.1686781435786.1040&amp;__hssc=189907700.1.1686781435786&amp;__hsfp=3074800436\" target=\"_blank\" rel=\"noreferrer noopener\">Embraer no 1T23<\/a><\/strong>.<\/p>\n\n\n\n<p>O Ebitda (lucro antes de juros, impostos,&nbsp;<a target=\"_blank\" href=\"https:\/\/www.suno.com.br\/artigos\/depreciacao-amortizacao\/\" rel=\"noreferrer noopener\">deprecia\u00e7\u00e3o e amortiza\u00e7\u00e3o<\/a>) da Embraer ficou negativo em R$ 52,9 milh\u00f5es no primeiro trimestre, representando alta ante a perda de R$ 1,1 milh\u00e3o de janeiro a mar\u00e7o do ano passado.<\/p>\n\n\n\n<p>Com isso, a&nbsp;<a target=\"_blank\" href=\"https:\/\/www.suno.com.br\/artigos\/margem-ebitda\/\" rel=\"noreferrer noopener\">margem Ebitda<\/a>&nbsp;ficou negativa em 1,4% no per\u00edodo, ante resultado est\u00e1vel (0,0%) um ano antes.<\/p>\n\n\n\n<p>J\u00e1 o&nbsp;<a target=\"_blank\" href=\"https:\/\/www.suno.com.br\/artigos\/ebitda-ajustado\/\" rel=\"noreferrer noopener\">Ebitda ajustado<\/a>&nbsp;da Embraer foi de R$ 53,9 milh\u00f5es no trimestre, crescendo em rela\u00e7\u00e3o aos R$ 45,4 milh\u00f5es no mesmo per\u00edodo de 2022, o que representou alta de 18,72%.<\/p>\n\n\n\n<p>A empresa teve&nbsp;<a target=\"_blank\" href=\"https:\/\/www.suno.com.br\/artigos\/o-que-receita-liquida\/\" rel=\"noreferrer noopener\">receita l\u00edquida<\/a>&nbsp;de R$ 3,726 bilh\u00f5es no per\u00edodo de janeiro a mar\u00e7o de 2023, expandindo ante os R$ 3,076 bilh\u00f5es do primeiro trimestre do ano passado. Esse crescimento, de 21%, veio em linha com o projetado pela companhia, de acordo com coment\u00e1rio divulgado no release de resultados.<\/p>\n\n\n\n<p>O resultado da Embraer foi decorrente do melhor mix de entregas na avia\u00e7\u00e3o comercial, forte crescimento na defesa e servi\u00e7os, afirma.<\/p>\n\n\n\t<p>\n\t\t<a href=\"https:\/\/lp.suno.com.br\/suno-one\/?utm_campaign=_SNC6964518A_\" target=\"_blank\" data-element=\"shortcode-suno-banner\" title=\"Banner SUNO, clique e saiba mais\">\n\t\t\t<picture>\n\t\t\t\t<source media=\"(max-width: 500px)\" srcset=\"https:\/\/files.sunoresearch.com.br\/n\/uploads\/2025\/09\/400x300-Suno-One-png.webp\">\n\t\t\t\t<img class=\"newsContent__article__imgCapa newsContent__article__imgCapa--banner\"\n\t\t\t\t\tsrc=\"https:\/\/files.sunoresearch.com.br\/n\/uploads\/2025\/09\/1420x240-Suno-One-png.webp\"\n\t\t\t\t\tdata-promo-id=\"383121\"\t\t\t\t\t\t\t\t\t\twidth='1420' height='240'\t\t\t\t\talt=\"https:\/\/files.sunoresearch.com.br\/n\/uploads\/2025\/09\/1420x240-Suno-One-png.webp\"\n\t\t\t\t>\n\t\t\t<\/picture>\n\t\t<\/a>\n\t<\/p>\n\n\n","protected":false},"excerpt":{"rendered":"<p>A Eve Air Mobility, subsidi\u00e1ria da Embraer (EMBR3), e a United Airlines (U1AL34) anunciaram nesta quarta-feira (14) um acordo para levar a Mobilidade Urbana A\u00e9rea (UAM) para S\u00e3o Francisco, nos Estados Unidos. Ambas as empresas trabalhar\u00e3o com autoridades locais e estaduais, provedores de infraestrutura, energia e tecnologia para introduzir aeronaves el\u00e9tricas de decolagem e pouso [&hellip;]<\/p>\n","protected":false},"author":301,"featured_media":257691,"comment_status":"closed","ping_status":"closed","sticky":false,"template":"","format":"standard","meta":[],"categories":[64],"tags":[460,2248],"suno_strategy":[],"class_list":["post-416854","post","type-post","status-publish","format-standard","has-post-thumbnail","hentry","category-negocios","tag-embraer-embr3","tag-united-airlines-u1al34"],"yoast_head":"<!-- This site is optimized with the Yoast SEO plugin v24.4 - https:\/\/yoast.com\/wordpress\/plugins\/seo\/ -->\n<title>Embraer (EMBR3): Eve e United Airlines (U1AL34) fecham acordo<\/title>\n<meta name=\"description\" content=\"A Eve, da Embraer, e a United Airlines anunciaram um acordo para oferecer trajetos com o carro voador nos EUA. Saiba mais\" \/>\n<meta name=\"robots\" content=\"index, follow, max-snippet:-1, max-image-preview:large, max-video-preview:-1\" \/>\n<link rel=\"canonical\" href=\"https:\/\/www.suno.com.br\/noticias\/embraer-embr3-eve-united-airlines-u1al34-evtol-nos-eua\/\" \/>\n<meta property=\"og:locale\" content=\"pt_BR\" \/>\n<meta property=\"og:type\" content=\"article\" \/>\n<meta property=\"og:title\" content=\"Embraer (EMBR3): Eve e United Airlines (U1AL34) fecham acordo\" \/>\n<meta property=\"og:description\" content=\"A Eve, da Embraer, e a United Airlines anunciaram um acordo para oferecer trajetos com o carro voador nos EUA. Saiba mais\" \/>\n<meta property=\"og:url\" content=\"https:\/\/www.suno.com.br\/noticias\/embraer-embr3-eve-united-airlines-u1al34-evtol-nos-eua\/\" \/>\n<meta property=\"og:site_name\" content=\"Suno Not\u00edcias\" \/>\n<meta property=\"article:publisher\" content=\"https:\/\/facebook.com\/sunoresearch\" \/>\n<meta property=\"og:image\" content=\"https:\/\/files.sunoresearch.com.br\/n\/uploads\/2022\/05\/EmbraerX-eVTOL-flying-graphic-2019-Brazil.jpg\" \/>\n\t<meta property=\"og:image:width\" content=\"1400\" \/>\n\t<meta property=\"og:image:height\" content=\"935\" \/>\n\t<meta property=\"og:image:type\" content=\"image\/jpeg\" \/>\n<meta name=\"author\" content=\"Vin\u00edcius Alves\" \/>\n<meta name=\"twitter:card\" content=\"summary_large_image\" \/>\n<meta name=\"twitter:creator\" content=\"@sunoresearch\" \/>\n<meta name=\"twitter:site\" content=\"@sunoresearch\" \/>\n<meta name=\"twitter:label1\" content=\"Escrito por\" \/>\n\t<meta name=\"twitter:data1\" content=\"Vin\u00edcius Alves\" \/>\n\t<meta name=\"twitter:label2\" content=\"Est. tempo de leitura\" \/>\n\t<meta name=\"twitter:data2\" content=\"4 minutos\" \/>\n<script type=\"application\/ld+json\" class=\"yoast-schema-graph\">{\"@context\":\"https:\/\/schema.org\",\"@graph\":[{\"@type\":\"NewsArticle\",\"@id\":\"https:\/\/www.suno.com.br\/noticias\/embraer-embr3-eve-united-airlines-u1al34-evtol-nos-eua\/#article\",\"isPartOf\":{\"@id\":\"https:\/\/www.suno.com.br\/noticias\/embraer-embr3-eve-united-airlines-u1al34-evtol-nos-eua\/\"},\"author\":{\"name\":\"Vin\u00edcius Alves\",\"@id\":\"https:\/\/www.suno.com.br\/noticias\/#\/schema\/person\/4a180549702d0e236b3e420862bcded3\"},\"headline\":\"Embraer (EMBR3): Eve e United Airlines (U1AL34) fazem acordo para oferecer trajetos com o carro voador nos EUA\",\"datePublished\":\"2023-06-14T22:55:09+00:00\",\"dateModified\":\"2023-06-14T22:55:16+00:00\",\"mainEntityOfPage\":{\"@id\":\"https:\/\/www.suno.com.br\/noticias\/embraer-embr3-eve-united-airlines-u1al34-evtol-nos-eua\/\"},\"wordCount\":693,\"publisher\":{\"@id\":\"https:\/\/www.suno.com.br\/noticias\/#organization\"},\"image\":{\"@id\":\"https:\/\/www.suno.com.br\/noticias\/embraer-embr3-eve-united-airlines-u1al34-evtol-nos-eua\/#primaryimage\"},\"thumbnailUrl\":\"https:\/\/files.sunoresearch.com.br\/n\/uploads\/2022\/05\/EmbraerX-eVTOL-flying-graphic-2019-Brazil.jpg\",\"keywords\":[\"Embraer (EMBR3)\",\"United Airlines (U1AL34)\"],\"articleSection\":[\"Neg\u00f3cios\"],\"inLanguage\":\"pt-BR\"},{\"@type\":\"WebPage\",\"@id\":\"https:\/\/www.suno.com.br\/noticias\/embraer-embr3-eve-united-airlines-u1al34-evtol-nos-eua\/\",\"url\":\"https:\/\/www.suno.com.br\/noticias\/embraer-embr3-eve-united-airlines-u1al34-evtol-nos-eua\/\",\"name\":\"Embraer (EMBR3): Eve e United Airlines (U1AL34) fecham acordo\",\"isPartOf\":{\"@id\":\"https:\/\/www.suno.com.br\/noticias\/#website\"},\"primaryImageOfPage\":{\"@id\":\"https:\/\/www.suno.com.br\/noticias\/embraer-embr3-eve-united-airlines-u1al34-evtol-nos-eua\/#primaryimage\"},\"image\":{\"@id\":\"https:\/\/www.suno.com.br\/noticias\/embraer-embr3-eve-united-airlines-u1al34-evtol-nos-eua\/#primaryimage\"},\"thumbnailUrl\":\"https:\/\/files.sunoresearch.com.br\/n\/uploads\/2022\/05\/EmbraerX-eVTOL-flying-graphic-2019-Brazil.jpg\",\"datePublished\":\"2023-06-14T22:55:09+00:00\",\"dateModified\":\"2023-06-14T22:55:16+00:00\",\"description\":\"A Eve, da Embraer, e a United Airlines anunciaram um acordo para oferecer trajetos com o carro voador nos EUA. Saiba mais\",\"breadcrumb\":{\"@id\":\"https:\/\/www.suno.com.br\/noticias\/embraer-embr3-eve-united-airlines-u1al34-evtol-nos-eua\/#breadcrumb\"},\"inLanguage\":\"pt-BR\",\"potentialAction\":[{\"@type\":\"ReadAction\",\"target\":[\"https:\/\/www.suno.com.br\/noticias\/embraer-embr3-eve-united-airlines-u1al34-evtol-nos-eua\/\"]}]},{\"@type\":\"ImageObject\",\"inLanguage\":\"pt-BR\",\"@id\":\"https:\/\/www.suno.com.br\/noticias\/embraer-embr3-eve-united-airlines-u1al34-evtol-nos-eua\/#primaryimage\",\"url\":\"https:\/\/files.sunoresearch.com.br\/n\/uploads\/2022\/05\/EmbraerX-eVTOL-flying-graphic-2019-Brazil.jpg\",\"contentUrl\":\"https:\/\/files.sunoresearch.com.br\/n\/uploads\/2022\/05\/EmbraerX-eVTOL-flying-graphic-2019-Brazil.jpg\",\"width\":1400,\"height\":935,\"caption\":\"eVTOL da Eve, subsidi\u00e1ria da Embraer\"},{\"@type\":\"BreadcrumbList\",\"@id\":\"https:\/\/www.suno.com.br\/noticias\/embraer-embr3-eve-united-airlines-u1al34-evtol-nos-eua\/#breadcrumb\",\"itemListElement\":[{\"@type\":\"ListItem\",\"position\":1,\"name\":\"Not\u00edcias\",\"item\":\"https:\/\/www.suno.com.br\/noticias\/\"},{\"@type\":\"ListItem\",\"position\":2,\"name\":\"Neg\u00f3cios\",\"item\":\"https:\/\/www.suno.com.br\/noticias\/negocios\/\"},{\"@type\":\"ListItem\",\"position\":3,\"name\":\"Embraer (EMBR3): Eve e United Airlines (U1AL34) fazem acordo para oferecer trajetos com o carro voador nos EUA\"}]},{\"@type\":\"WebSite\",\"@id\":\"https:\/\/www.suno.com.br\/noticias\/#website\",\"url\":\"https:\/\/www.suno.com.br\/noticias\/\",\"name\":\"Suno Not\u00edcias\",\"description\":\"Seu portal de informa\u00e7\u00e3o sobre o mundo dos investimentos\",\"publisher\":{\"@id\":\"https:\/\/www.suno.com.br\/noticias\/#organization\"},\"potentialAction\":[{\"@type\":\"SearchAction\",\"target\":{\"@type\":\"EntryPoint\",\"urlTemplate\":\"https:\/\/www.suno.com.br\/noticias\/?s={search_term_string}\"},\"query-input\":{\"@type\":\"PropertyValueSpecification\",\"valueRequired\":true,\"valueName\":\"search_term_string\"}}],\"inLanguage\":\"pt-BR\"},{\"@type\":\"Organization\",\"@id\":\"https:\/\/www.suno.com.br\/noticias\/#organization\",\"name\":\"Suno Not\u00edcias\",\"url\":\"https:\/\/www.suno.com.br\/noticias\/\",\"logo\":{\"@type\":\"ImageObject\",\"inLanguage\":\"pt-BR\",\"@id\":\"https:\/\/www.suno.com.br\/noticias\/#\/schema\/logo\/image\/\",\"url\":\"https:\/\/files.sunoresearch.com.br\/n\/uploads\/2021\/09\/suno-logo.png\",\"contentUrl\":\"https:\/\/files.sunoresearch.com.br\/n\/uploads\/2021\/09\/suno-logo.png\",\"width\":180,\"height\":180,\"caption\":\"Suno Not\u00edcias\"},\"image\":{\"@id\":\"https:\/\/www.suno.com.br\/noticias\/#\/schema\/logo\/image\/\"},\"sameAs\":[\"https:\/\/facebook.com\/sunoresearch\",\"https:\/\/x.com\/sunoresearch\",\"https:\/\/www.instagram.com\/suno\",\"https:\/\/www.linkedin.com\/company\/suno-research\/\",\"https:\/\/www.youtube.com\/c\/sunoresearch\"]},{\"@type\":\"Person\",\"@id\":\"https:\/\/www.suno.com.br\/noticias\/#\/schema\/person\/4a180549702d0e236b3e420862bcded3\",\"name\":\"Vin\u00edcius Alves\",\"image\":{\"@type\":\"ImageObject\",\"inLanguage\":\"pt-BR\",\"@id\":\"https:\/\/www.suno.com.br\/noticias\/#\/schema\/person\/image\/\",\"url\":\"https:\/\/secure.gravatar.com\/avatar\/a95b7fe6d1b813f7907d4f476d5a39e1?s=96&r=g\",\"contentUrl\":\"https:\/\/secure.gravatar.com\/avatar\/a95b7fe6d1b813f7907d4f476d5a39e1?s=96&r=g\",\"caption\":\"Vin\u00edcius Alves\"},\"description\":\"Jornalista formado na Faculdade C\u00e1sper L\u00edbero. Com passagens pela Ag\u00eancia Estado, InfoMoney e Editora Globo.\",\"url\":\"https:\/\/www.suno.com.br\/noticias\/author\/vini08correiagmail-com\/\"}]}<\/script>\n<!-- \/ Yoast SEO plugin. -->","yoast_head_json":{"title":"Embraer (EMBR3): Eve e United Airlines (U1AL34) fecham acordo","description":"A Eve, da Embraer, e a United Airlines anunciaram um acordo para oferecer trajetos com o carro voador nos EUA. Saiba mais","robots":{"index":"index","follow":"follow","max-snippet":"max-snippet:-1","max-image-preview":"max-image-preview:large","max-video-preview":"max-video-preview:-1"},"canonical":"https:\/\/www.suno.com.br\/noticias\/embraer-embr3-eve-united-airlines-u1al34-evtol-nos-eua\/","og_locale":"pt_BR","og_type":"article","og_title":"Embraer (EMBR3): Eve e United Airlines (U1AL34) fecham acordo","og_description":"A Eve, da Embraer, e a United Airlines anunciaram um acordo para oferecer trajetos com o carro voador nos EUA. Saiba mais","og_url":"https:\/\/www.suno.com.br\/noticias\/embraer-embr3-eve-united-airlines-u1al34-evtol-nos-eua\/","og_site_name":"Suno Not\u00edcias","article_publisher":"https:\/\/facebook.com\/sunoresearch","og_image":[{"width":1400,"height":935,"url":"https:\/\/files.sunoresearch.com.br\/n\/uploads\/2022\/05\/EmbraerX-eVTOL-flying-graphic-2019-Brazil.jpg","type":"image\/jpeg"}],"author":"Vin\u00edcius Alves","twitter_card":"summary_large_image","twitter_creator":"@sunoresearch","twitter_site":"@sunoresearch","twitter_misc":{"Escrito por":"Vin\u00edcius Alves","Est. tempo de leitura":"4 minutos"},"schema":{"@context":"https:\/\/schema.org","@graph":[{"@type":"NewsArticle","@id":"https:\/\/www.suno.com.br\/noticias\/embraer-embr3-eve-united-airlines-u1al34-evtol-nos-eua\/#article","isPartOf":{"@id":"https:\/\/www.suno.com.br\/noticias\/embraer-embr3-eve-united-airlines-u1al34-evtol-nos-eua\/"},"author":{"name":"Vin\u00edcius Alves","@id":"https:\/\/www.suno.com.br\/noticias\/#\/schema\/person\/4a180549702d0e236b3e420862bcded3"},"headline":"Embraer (EMBR3): Eve e United Airlines (U1AL34) fazem acordo para oferecer trajetos com o carro voador nos EUA","datePublished":"2023-06-14T22:55:09+00:00","dateModified":"2023-06-14T22:55:16+00:00","mainEntityOfPage":{"@id":"https:\/\/www.suno.com.br\/noticias\/embraer-embr3-eve-united-airlines-u1al34-evtol-nos-eua\/"},"wordCount":693,"publisher":{"@id":"https:\/\/www.suno.com.br\/noticias\/#organization"},"image":{"@id":"https:\/\/www.suno.com.br\/noticias\/embraer-embr3-eve-united-airlines-u1al34-evtol-nos-eua\/#primaryimage"},"thumbnailUrl":"https:\/\/files.sunoresearch.com.br\/n\/uploads\/2022\/05\/EmbraerX-eVTOL-flying-graphic-2019-Brazil.jpg","keywords":["Embraer (EMBR3)","United Airlines (U1AL34)"],"articleSection":["Neg\u00f3cios"],"inLanguage":"pt-BR"},{"@type":"WebPage","@id":"https:\/\/www.suno.com.br\/noticias\/embraer-embr3-eve-united-airlines-u1al34-evtol-nos-eua\/","url":"https:\/\/www.suno.com.br\/noticias\/embraer-embr3-eve-united-airlines-u1al34-evtol-nos-eua\/","name":"Embraer (EMBR3): Eve e United Airlines (U1AL34) fecham acordo","isPartOf":{"@id":"https:\/\/www.suno.com.br\/noticias\/#website"},"primaryImageOfPage":{"@id":"https:\/\/www.suno.com.br\/noticias\/embraer-embr3-eve-united-airlines-u1al34-evtol-nos-eua\/#primaryimage"},"image":{"@id":"https:\/\/www.suno.com.br\/noticias\/embraer-embr3-eve-united-airlines-u1al34-evtol-nos-eua\/#primaryimage"},"thumbnailUrl":"https:\/\/files.sunoresearch.com.br\/n\/uploads\/2022\/05\/EmbraerX-eVTOL-flying-graphic-2019-Brazil.jpg","datePublished":"2023-06-14T22:55:09+00:00","dateModified":"2023-06-14T22:55:16+00:00","description":"A Eve, da Embraer, e a United Airlines anunciaram um acordo para oferecer trajetos com o carro voador nos EUA. Saiba mais","breadcrumb":{"@id":"https:\/\/www.suno.com.br\/noticias\/embraer-embr3-eve-united-airlines-u1al34-evtol-nos-eua\/#breadcrumb"},"inLanguage":"pt-BR","potentialAction":[{"@type":"ReadAction","target":["https:\/\/www.suno.com.br\/noticias\/embraer-embr3-eve-united-airlines-u1al34-evtol-nos-eua\/"]}]},{"@type":"ImageObject","inLanguage":"pt-BR","@id":"https:\/\/www.suno.com.br\/noticias\/embraer-embr3-eve-united-airlines-u1al34-evtol-nos-eua\/#primaryimage","url":"https:\/\/files.sunoresearch.com.br\/n\/uploads\/2022\/05\/EmbraerX-eVTOL-flying-graphic-2019-Brazil.jpg","contentUrl":"https:\/\/files.sunoresearch.com.br\/n\/uploads\/2022\/05\/EmbraerX-eVTOL-flying-graphic-2019-Brazil.jpg","width":1400,"height":935,"caption":"eVTOL da Eve, subsidi\u00e1ria da Embraer"},{"@type":"BreadcrumbList","@id":"https:\/\/www.suno.com.br\/noticias\/embraer-embr3-eve-united-airlines-u1al34-evtol-nos-eua\/#breadcrumb","itemListElement":[{"@type":"ListItem","position":1,"name":"Not\u00edcias","item":"https:\/\/www.suno.com.br\/noticias\/"},{"@type":"ListItem","position":2,"name":"Neg\u00f3cios","item":"https:\/\/www.suno.com.br\/noticias\/negocios\/"},{"@type":"ListItem","position":3,"name":"Embraer (EMBR3): Eve e United Airlines (U1AL34) fazem acordo para oferecer trajetos com o carro voador nos EUA"}]},{"@type":"WebSite","@id":"https:\/\/www.suno.com.br\/noticias\/#website","url":"https:\/\/www.suno.com.br\/noticias\/","name":"Suno Not\u00edcias","description":"Seu portal de informa\u00e7\u00e3o sobre o mundo dos investimentos","publisher":{"@id":"https:\/\/www.suno.com.br\/noticias\/#organization"},"potentialAction":[{"@type":"SearchAction","target":{"@type":"EntryPoint","urlTemplate":"https:\/\/www.suno.com.br\/noticias\/?s={search_term_string}"},"query-input":{"@type":"PropertyValueSpecification","valueRequired":true,"valueName":"search_term_string"}}],"inLanguage":"pt-BR"},{"@type":"Organization","@id":"https:\/\/www.suno.com.br\/noticias\/#organization","name":"Suno Not\u00edcias","url":"https:\/\/www.suno.com.br\/noticias\/","logo":{"@type":"ImageObject","inLanguage":"pt-BR","@id":"https:\/\/www.suno.com.br\/noticias\/#\/schema\/logo\/image\/","url":"https:\/\/files.sunoresearch.com.br\/n\/uploads\/2021\/09\/suno-logo.png","contentUrl":"https:\/\/files.sunoresearch.com.br\/n\/uploads\/2021\/09\/suno-logo.png","width":180,"height":180,"caption":"Suno Not\u00edcias"},"image":{"@id":"https:\/\/www.suno.com.br\/noticias\/#\/schema\/logo\/image\/"},"sameAs":["https:\/\/facebook.com\/sunoresearch","https:\/\/x.com\/sunoresearch","https:\/\/www.instagram.com\/suno","https:\/\/www.linkedin.com\/company\/suno-research\/","https:\/\/www.youtube.com\/c\/sunoresearch"]},{"@type":"Person","@id":"https:\/\/www.suno.com.br\/noticias\/#\/schema\/person\/4a180549702d0e236b3e420862bcded3","name":"Vin\u00edcius Alves","image":{"@type":"ImageObject","inLanguage":"pt-BR","@id":"https:\/\/www.suno.com.br\/noticias\/#\/schema\/person\/image\/","url":"https:\/\/secure.gravatar.com\/avatar\/a95b7fe6d1b813f7907d4f476d5a39e1?s=96&r=g","contentUrl":"https:\/\/secure.gravatar.com\/avatar\/a95b7fe6d1b813f7907d4f476d5a39e1?s=96&r=g","caption":"Vin\u00edcius Alves"},"description":"Jornalista formado na Faculdade C\u00e1sper L\u00edbero. Com passagens pela Ag\u00eancia Estado, InfoMoney e Editora Globo.","url":"https:\/\/www.suno.com.br\/noticias\/author\/vini08correiagmail-com\/"}]}},"default_loop_html":"<div class=\"cardsPage__listCard__boxs\"><div class=\"cardsPage__listCard__boxs__img\"><a href=\"https:\/\/www.suno.com.br\/noticias\/embraer-embr3-eve-united-airlines-u1al34-evtol-nos-eua\/\"><img class=\"mask\" src=\"https:\/\/www.suno.com.br\/noticias\/wp-content\/themes\/suno\/resources\/images\/spotlight\/spotlight1img\/bg-mask.png\" alt=\"Image Mask\"\/><img src=\"https:\/\/files.sunoresearch.com.br\/n\/uploads\/2022\/05\/EmbraerX-eVTOL-flying-graphic-2019-Brazil-400x200.jpg\" alt=\"Embraer (EMBR3): Eve e United Airlines (U1AL34) fazem acordo para oferecer trajetos com o carro voador nos EUA\"\/><\/a><span class=\"spotlightCategory\"><a href=\"https:\/\/www.suno.com.br\/noticias\/negocios\/\">Neg\u00f3cios<\/a><\/span><\/div><div class=\"cardsPage__listCard__boxs__content\"><a href=\"https:\/\/www.suno.com.br\/noticias\/embraer-embr3-eve-united-airlines-u1al34-evtol-nos-eua\/\"><h2 class=\"content__title\">Embraer (EMBR3): Eve e United Airlines (U1AL34) fazem acordo para oferecer trajetos com o carro voador nos EUA<\/h2><\/a><div class=\"newsContent__article__meta\"><div class=\"newsContent__article__meta__authorBox\"><a href=\"https:\/\/www.suno.com.br\/noticias\/author\/victoria\/\" class=\"authorBox__avatar noMobi\"><img src=\"https:\/\/files.sunoresearch.com.br\/n\/uploads\/2021\/12\/20190129VickyPINEAPPLE01-1-150x150.jpg\" alt=\"Vict\u00f3ria Anhesini\"><\/a><div class=\"authorBox__name\"><span>por\n\t\t\t<a href=\"https:\/\/www.suno.com.br\/noticias\/author\/victoria\/\"><span itemprop=\"author\">Vict\u00f3ria Anhesini<\/span><\/a><\/span><time datetime=\"2023-06-14T19:55:09-03:00\" itemprop=\"datePublished\">14\/06\/2023 19:55<\/time><\/div><\/div><\/div><\/div><\/div>","single_layout":"posts","amp_enabled":true,"_links":{"self":[{"href":"https:\/\/www.suno.com.br\/noticias\/wp-json\/wp\/v2\/posts\/416854"}],"collection":[{"href":"https:\/\/www.suno.com.br\/noticias\/wp-json\/wp\/v2\/posts"}],"about":[{"href":"https:\/\/www.suno.com.br\/noticias\/wp-json\/wp\/v2\/types\/post"}],"author":[{"embeddable":true,"href":"https:\/\/www.suno.com.br\/noticias\/wp-json\/wp\/v2\/users\/301"}],"replies":[{"embeddable":true,"href":"https:\/\/www.suno.com.br\/noticias\/wp-json\/wp\/v2\/comments?post=416854"}],"version-history":[{"count":2,"href":"https:\/\/www.suno.com.br\/noticias\/wp-json\/wp\/v2\/posts\/416854\/revisions"}],"predecessor-version":[{"id":416917,"href":"https:\/\/www.suno.com.br\/noticias\/wp-json\/wp\/v2\/posts\/416854\/revisions\/416917"}],"wp:featuredmedia":[{"embeddable":true,"href":"https:\/\/www.suno.com.br\/noticias\/wp-json\/wp\/v2\/media\/257691"}],"wp:attachment":[{"href":"https:\/\/www.suno.com.br\/noticias\/wp-json\/wp\/v2\/media?parent=416854"}],"wp:term":[{"taxonomy":"category","embeddable":true,"href":"https:\/\/www.suno.com.br\/noticias\/wp-json\/wp\/v2\/categories?post=416854"},{"taxonomy":"post_tag","embeddable":true,"href":"https:\/\/www.suno.com.br\/noticias\/wp-json\/wp\/v2\/tags?post=416854"},{"taxonomy":"suno_strategy","embeddable":true,"href":"https:\/\/www.suno.com.br\/noticias\/wp-json\/wp\/v2\/suno_strategy?post=416854"}],"curies":[{"name":"wp","href":"https:\/\/api.w.org\/{rel}","templated":true}]}}