{"id":416563,"date":"2023-06-14T13:28:10","date_gmt":"2023-06-14T16:28:10","guid":{"rendered":"https:\/\/www.suno.com.br\/noticias\/?p=416563"},"modified":"2023-06-14T13:28:16","modified_gmt":"2023-06-14T16:28:16","slug":"saraiva-sled4-ceo-deixa-cargo-renuncia","status":"publish","type":"post","link":"https:\/\/www.suno.com.br\/noticias\/saraiva-sled4-ceo-deixa-cargo-renuncia\/","title":{"rendered":"Saraiva (SLED4): CEO n\u00e3o estatut\u00e1rio renuncia"},"content":{"rendered":"<p>O CEO n\u00e3o estatut\u00e1rio da <a class=\"suno-keyword\" data-force=\"yes\" data-priority=\"2\" href=\"https:\/\/www.suno.com.br\/acoes\/SLED4\/\" target=\"_blank\" rel=\"noopener\"><strong>Saraiva<\/strong> (SLED4)<\/a>, Marcos Guedes Pereira, deixou o cargo da companhia, conforme comunicado nesta quarta-feira (14).<\/p>\t<div class=\"wrapper-featured-image\">\n\t\t<figure class=\"spotlightImg\">\n\n\t\t\t<picture>\n\t\t\t\t<source media=\"(max-width: 768px)\" srcset=\"https:\/\/files.sunoresearch.com.br\/n\/uploads\/2018\/11\/2002f175-saraiva-e1695382903507-400x200.webp\">\n\t\t\t\t<img loading=\"lazy\" decoding=\"async\" class=\"newsContent__article__imgCapa lazyloadDisabled \" src=\"https:\/\/files.sunoresearch.com.br\/n\/uploads\/2018\/11\/2002f175-saraiva-e1695382903507-800x450.webp\" width=\"800\" height=\"450\" alt=\"Saraiva (SLED4): CEO n\u00e3o estatut\u00e1rio renuncia\" fetchpriority=high \/>\n\t\t\t<\/picture>\n\n\t\t\t<figcaption class=\"wp-caption-text wp-caption-text--show\">Saraiva (SLED4) - Foto: divulga\u00e7\u00e3o<\/figcaption>\n\t\t<\/figure>\n\t<\/div>\n\n\n\n\n\n\t<p>\n\t\t<a href=\"https:\/\/lp.suno.com.br\/planilha-da-vida-financeira\/\" target=\"_blank\" data-element=\"shortcode-suno-banner\" title=\"Banner SUNO, clique e saiba mais\">\n\t\t\t<picture>\n\t\t\t\t<source media=\"(max-width: 500px)\" srcset=\"https:\/\/files.sunoresearch.com.br\/n\/uploads\/2023\/04\/400x300-Planilha-vida-financeira-true.png\">\n\t\t\t\t<img class=\"newsContent__article__imgCapa newsContent__article__imgCapa--banner\"\n\t\t\t\t\tsrc=\"https:\/\/files.sunoresearch.com.br\/n\/uploads\/2023\/04\/1420x240-Planilha-vida-financeira-true.png\"\n\t\t\t\t\tdata-promo-id=\"106682\"\t\t\t\t\t\t\t\t\t\twidth='1420' height='240'\t\t\t\t\talt=\"https:\/\/files.sunoresearch.com.br\/n\/uploads\/2023\/04\/1420x240-Planilha-vida-financeira-true.png\"\n\t\t\t\t>\n\t\t\t<\/picture>\n\t\t<\/a>\n\t<\/p>\n\n\n\n\n\n\n\n<p>Com isso, o at\u00e9 ent\u00e3o <strong>CEO da Saraiva<\/strong> permanecer\u00e1 somente como membro do <a class=\"suno-keyword\" target=\"_blank\" data-force=\"no\" data-priority=\"1\" href=\"https:\/\/www.suno.com.br\/artigos\/conselho-administracao\/\" rel=\"noopener\">Conselho de Administra\u00e7\u00e3o<\/a>.<\/p>\n\n\n\n<p>A companhia, <a href=\"https:\/\/api.mziq.com\/mzfilemanager\/v2\/d\/7f8134ff-bafe-4c34-a3d9-93cab322e00c\/81b87521-9959-7b66-288b-85de22211549?origin=1\" target=\"_blank\" rel=\"noreferrer noopener\">em seu comunicado ao mercado<\/a>, agradeceu a contribui\u00e7\u00e3o do executivo, por\u00e9m n\u00e3o deu detalhes de sucess\u00e3o ou de ocupa\u00e7\u00e3o do cargo de forma interina.<\/p>\n\n\n\n<p>A <strong>Livraria Saraiva<\/strong> est\u00e1 em recupera\u00e7\u00e3o judicial desde meados de 2018 e teve seu plano de recupera\u00e7\u00e3o apresentado em mar\u00e7o do ano passado.<\/p>\n\n\n\n<p>Recentemente a companhia passou por posterga\u00e7\u00f5es de Assembleias Gerais Extraordin\u00e1rias (AGEs) por conta de decis\u00f5es da Comiss\u00e3o Valores Mobili\u00e1rios (CVM) ap\u00f3s pedidos internos.<\/p>\n\n\n\n<p>Isso, considerando discord\u00e2ncias acerca da governan\u00e7a da empresa.<\/p>\n\n\n\n<p>Em meados de janeiro, um imbr\u00f3glio se deu porqu\u00ea a fam\u00edlia Saraiva, que controla a empresa, negou pedidos dos conselhos de administra\u00e7\u00e3o e fiscal para uma auditoria nos contratos.<\/p>\n\n\n\n<p>Ainda no ano passado a empresa aprovou e realizou um <a href=\"https:\/\/www.suno.com.br\/artigos\/aumento-capital\/\" target=\"_blank\" rel=\"noreferrer noopener\">aumento de capital<\/a> no valor de cerca de R$ 35,44 milh\u00f5es, mediante emiss\u00e3o de 7.823.321 <a href=\"https:\/\/www.suno.com.br\/artigos\/acoes-preferenciais\/\" target=\"_blank\" rel=\"noreferrer noopener\">a\u00e7\u00f5es preferenciais<\/a> da mesma classe das j\u00e1 existentes.<\/p>\n\n\n\t<p>\n\t\t<a href=\"https:\/\/lp.suno.com.br\/ebook-como-analisar-uma-acao\/\" target=\"_blank\" data-element=\"shortcode-suno-banner\" title=\"Banner SUNO, clique e saiba mais\">\n\t\t\t<picture>\n\t\t\t\t<source media=\"(max-width: 500px)\" srcset=\"https:\/\/files.sunoresearch.com.br\/n\/uploads\/2023\/03\/Ebook-Acoes-Mobile.jpg\">\n\t\t\t\t<img class=\"newsContent__article__imgCapa newsContent__article__imgCapa--banner\"\n\t\t\t\t\tsrc=\"https:\/\/files.sunoresearch.com.br\/n\/uploads\/2023\/03\/Ebook-Acoes-Desktop.jpg\"\n\t\t\t\t\tdata-promo-id=\"378302\"\t\t\t\t\t\t\t\t\t\twidth='1420' height='286'\t\t\t\t\talt=\"https:\/\/files.sunoresearch.com.br\/n\/uploads\/2023\/03\/Ebook-Acoes-Desktop.jpg\"\n\t\t\t\t>\n\t\t\t<\/picture>\n\t\t<\/a>\n\t<\/p>\n\n\n\n\n\n<p>O <a href=\"https:\/\/www.suno.com.br\/artigos\/preco-unitario-pu\/\" target=\"_blank\" rel=\"noreferrer noopener\">pre\u00e7o unit\u00e1rio<\/a> de cada a\u00e7\u00e3o emitida da pela Saraiva foi de R$ 4,53 na opera\u00e7\u00e3o.<\/p>\n\n\n\n<p>Por conta disso, o <strong>capital social da Saraiva<\/strong> passou de aproximadamente R$ 301,97 milh\u00f5es, dividido em 1.811.719 a\u00e7\u00f5es, sem <a class=\"suno-keyword\" target=\"_blank\" data-force=\"no\" data-priority=\"1\" href=\"https:\/\/www.suno.com.br\/artigos\/valor-nominal\/\" rel=\"noopener\">valor nominal<\/a>, das quais 671.819 s\u00e3o ordin\u00e1rias e 1.139.900 s\u00e3o preferenciais, para cerca de R$ 337,41 milh\u00f5es, com 9.635.040 a\u00e7\u00f5es, sem valor nominal, das quais 671.819 s\u00e3o ordin\u00e1rias e 8.963.221 s\u00e3o preferenciais.<\/p>\n\n\n\n<h2 class=\"wp-block-heading\">Cota\u00e7\u00e3o das a\u00e7\u00f5es da Saraiva<\/h2>\n\n\n\n<div class=\"pluginQuotation\">\n  <p class=\"ticker\">\n    Cota\u00e7\u00e3o <span>SLED4<\/span>\n  <\/p>\n  <div class=\"info\">\n    <div class=\"leftSide\">\n      Gr\u00e1fico gerado em: 14\/06\/2023    <\/div>\n\t\t\t\t\t<div class=\"rightSide\">\n\t\t\t\t\t<span class=\"period\">\n\t\t\t\t\t\t1 Ano\t\t\t\t\t<\/span>\n\t\t\t<\/div>\n\t\t  <\/div>\n\n  <div id=\"chart-7307eb6c10d701abf67d2e7b6d88017c\" data-block-hash=\"7307eb6c10d701abf67d2e7b6d88017c\"  class=\"chart\" style=\"width:100%;height:400px;\"><\/div>\n\n  <div class=\"pluginQuotation__footer\">\n    <div class=\"dataChart\">\n\n      <div class=\"dataChart__div1 variation\">\n        <div class=\"value-negative\">\n          -69,25 (-2,50%)        <\/div>\n        <div class=\"text\">\n          Varia\u00e7\u00e3o do per\u00edodo\n        <\/div>\n      <\/div>\n\n      <div class=\"dataChart__div2 minMax\">\n        <div class=\"value\">\n          R$\u00a00,93        <\/div>\n        <div class=\"text\">\n          M\u00ednima\n        <\/div>\n      <\/div>\n\n      <div class=\"dataChart__div3 minMax\">\n        <div class=\"value\">\n          R$\u00a05,00        <\/div>\n        <div class=\"text\">\n          M\u00e1xima\n        <\/div>\n      <\/div>\n\n\t\t\t<div class=\"dataChart__div4 rightSide\">\n\t\t\t\t<div class=\"analiticaSource\">\n\t\t\t\t\t<span>\n\t\t\t\t\t\tFonte:\n\t\t\t\t\t<\/span>\n\t\t\t\t\t<img decoding=\"async\" class=\"analiticaLogo\" src=\"https:\/\/www.suno.com.br\/noticias\/wp-content\/plugins\/suno-block-ticker-quotation\/src\/suno-analitica-logo.png\" alt=\"Logo Suno Anal\u00edtica\" \/>\n\t\t\t\t<\/div>\n\n\t\t\t\t<a href=\"https:\/\/www.suno.com.br\/analitica\/acoes\/SLED4\" target=\"_blank\">\n\t\t\t\t\t<span>\n\t\t\t\t\t\tVer mais cota\u00e7\u00f5es\n\t\t\t\t\t<\/span>\n\t\t\t\t\t<svg xmlns=\"http:\/\/www.w3.org\/2000\/svg\" width=\"9\" height=\"8\" viewBox=\"0 0 9 8\" fill=\"none\">\n\t\t\t\t\t\t<path d=\"M4.20996 0L3.50496 0.705L6.29496 3.5H0.209961V4.5H6.29496L3.50496 7.295L4.20996 8L8.20996 4L4.20996 0Z\" fill=\"#D42126\" \/>\n\t\t\t\t\t<\/svg>\n\t\t\t\t<\/a>\n    <\/div>\n\n    <\/div>\n  <\/div>\n<\/div>\n\n\n<script type=\"text\/javascript\">\n  let chart_7307eb6c10d701abf67d2e7b6d88017c = document.getElementById('chart-7307eb6c10d701abf67d2e7b6d88017c');\n  let data_json_7307eb6c10d701abf67d2e7b6d88017c = \"[{\\\"date\\\":\\\"14\\\\\\\/06\\\\\\\/22 \\\",\\\"value\\\":3.61},{\\\"date\\\":\\\"15\\\\\\\/06\\\\\\\/22 \\\",\\\"value\\\":3.61},{\\\"date\\\":\\\"17\\\\\\\/06\\\\\\\/22 \\\",\\\"value\\\":3.54},{\\\"date\\\":\\\"20\\\\\\\/06\\\\\\\/22 \\\",\\\"value\\\":3.52},{\\\"date\\\":\\\"21\\\\\\\/06\\\\\\\/22 \\\",\\\"value\\\":3.6},{\\\"date\\\":\\\"22\\\\\\\/06\\\\\\\/22 \\\",\\\"value\\\":3.6},{\\\"date\\\":\\\"23\\\\\\\/06\\\\\\\/22 \\\",\\\"value\\\":3.53},{\\\"date\\\":\\\"24\\\\\\\/06\\\\\\\/22 \\\",\\\"value\\\":3.83},{\\\"date\\\":\\\"27\\\\\\\/06\\\\\\\/22 \\\",\\\"value\\\":3.75},{\\\"date\\\":\\\"28\\\\\\\/06\\\\\\\/22 \\\",\\\"value\\\":3.8},{\\\"date\\\":\\\"29\\\\\\\/06\\\\\\\/22 \\\",\\\"value\\\":3.61},{\\\"date\\\":\\\"30\\\\\\\/06\\\\\\\/22 \\\",\\\"value\\\":3.78},{\\\"date\\\":\\\"01\\\\\\\/07\\\\\\\/22 \\\",\\\"value\\\":3.78},{\\\"date\\\":\\\"04\\\\\\\/07\\\\\\\/22 \\\",\\\"value\\\":3.78},{\\\"date\\\":\\\"05\\\\\\\/07\\\\\\\/22 \\\",\\\"value\\\":3.67},{\\\"date\\\":\\\"06\\\\\\\/07\\\\\\\/22 \\\",\\\"value\\\":3.82},{\\\"date\\\":\\\"07\\\\\\\/07\\\\\\\/22 \\\",\\\"value\\\":3.8},{\\\"date\\\":\\\"08\\\\\\\/07\\\\\\\/22 \\\",\\\"value\\\":3.66},{\\\"date\\\":\\\"11\\\\\\\/07\\\\\\\/22 \\\",\\\"value\\\":3.75},{\\\"date\\\":\\\"12\\\\\\\/07\\\\\\\/22 \\\",\\\"value\\\":3.68},{\\\"date\\\":\\\"13\\\\\\\/07\\\\\\\/22 \\\",\\\"value\\\":3.47},{\\\"date\\\":\\\"14\\\\\\\/07\\\\\\\/22 \\\",\\\"value\\\":3.35},{\\\"date\\\":\\\"15\\\\\\\/07\\\\\\\/22 \\\",\\\"value\\\":3.4},{\\\"date\\\":\\\"18\\\\\\\/07\\\\\\\/22 \\\",\\\"value\\\":3.5},{\\\"date\\\":\\\"19\\\\\\\/07\\\\\\\/22 \\\",\\\"value\\\":3.37},{\\\"date\\\":\\\"20\\\\\\\/07\\\\\\\/22 \\\",\\\"value\\\":3.42},{\\\"date\\\":\\\"21\\\\\\\/07\\\\\\\/22 \\\",\\\"value\\\":3.55},{\\\"date\\\":\\\"22\\\\\\\/07\\\\\\\/22 \\\",\\\"value\\\":3.65},{\\\"date\\\":\\\"25\\\\\\\/07\\\\\\\/22 \\\",\\\"value\\\":3.75},{\\\"date\\\":\\\"26\\\\\\\/07\\\\\\\/22 \\\",\\\"value\\\":3.66},{\\\"date\\\":\\\"27\\\\\\\/07\\\\\\\/22 \\\",\\\"value\\\":3.7},{\\\"date\\\":\\\"28\\\\\\\/07\\\\\\\/22 \\\",\\\"value\\\":3.66},{\\\"date\\\":\\\"29\\\\\\\/07\\\\\\\/22 \\\",\\\"value\\\":3.71},{\\\"date\\\":\\\"01\\\\\\\/08\\\\\\\/22 \\\",\\\"value\\\":3.78},{\\\"date\\\":\\\"02\\\\\\\/08\\\\\\\/22 \\\",\\\"value\\\":3.78},{\\\"date\\\":\\\"03\\\\\\\/08\\\\\\\/22 \\\",\\\"value\\\":3.71},{\\\"date\\\":\\\"04\\\\\\\/08\\\\\\\/22 \\\",\\\"value\\\":3.83},{\\\"date\\\":\\\"05\\\\\\\/08\\\\\\\/22 \\\",\\\"value\\\":3.75},{\\\"date\\\":\\\"08\\\\\\\/08\\\\\\\/22 \\\",\\\"value\\\":4.38},{\\\"date\\\":\\\"09\\\\\\\/08\\\\\\\/22 \\\",\\\"value\\\":4.1},{\\\"date\\\":\\\"10\\\\\\\/08\\\\\\\/22 \\\",\\\"value\\\":4.19},{\\\"date\\\":\\\"11\\\\\\\/08\\\\\\\/22 \\\",\\\"value\\\":4.1},{\\\"date\\\":\\\"12\\\\\\\/08\\\\\\\/22 \\\",\\\"value\\\":4.26},{\\\"date\\\":\\\"15\\\\\\\/08\\\\\\\/22 \\\",\\\"value\\\":4.4},{\\\"date\\\":\\\"16\\\\\\\/08\\\\\\\/22 \\\",\\\"value\\\":4.58},{\\\"date\\\":\\\"17\\\\\\\/08\\\\\\\/22 \\\",\\\"value\\\":4.78},{\\\"date\\\":\\\"18\\\\\\\/08\\\\\\\/22 \\\",\\\"value\\\":4.73},{\\\"date\\\":\\\"19\\\\\\\/08\\\\\\\/22 \\\",\\\"value\\\":4.69},{\\\"date\\\":\\\"22\\\\\\\/08\\\\\\\/22 \\\",\\\"value\\\":4.77},{\\\"date\\\":\\\"23\\\\\\\/08\\\\\\\/22 \\\",\\\"value\\\":4.74},{\\\"date\\\":\\\"24\\\\\\\/08\\\\\\\/22 \\\",\\\"value\\\":4.51},{\\\"date\\\":\\\"25\\\\\\\/08\\\\\\\/22 \\\",\\\"value\\\":4.65},{\\\"date\\\":\\\"26\\\\\\\/08\\\\\\\/22 \\\",\\\"value\\\":4.56},{\\\"date\\\":\\\"29\\\\\\\/08\\\\\\\/22 \\\",\\\"value\\\":4.31},{\\\"date\\\":\\\"30\\\\\\\/08\\\\\\\/22 \\\",\\\"value\\\":4.37},{\\\"date\\\":\\\"31\\\\\\\/08\\\\\\\/22 \\\",\\\"value\\\":4.44},{\\\"date\\\":\\\"01\\\\\\\/09\\\\\\\/22 \\\",\\\"value\\\":4.5},{\\\"date\\\":\\\"02\\\\\\\/09\\\\\\\/22 \\\",\\\"value\\\":4.72},{\\\"date\\\":\\\"05\\\\\\\/09\\\\\\\/22 \\\",\\\"value\\\":4.69},{\\\"date\\\":\\\"06\\\\\\\/09\\\\\\\/22 \\\",\\\"value\\\":4.81},{\\\"date\\\":\\\"08\\\\\\\/09\\\\\\\/22 \\\",\\\"value\\\":4.77},{\\\"date\\\":\\\"09\\\\\\\/09\\\\\\\/22 \\\",\\\"value\\\":4.76},{\\\"date\\\":\\\"12\\\\\\\/09\\\\\\\/22 \\\",\\\"value\\\":4.59},{\\\"date\\\":\\\"13\\\\\\\/09\\\\\\\/22 \\\",\\\"value\\\":4.7},{\\\"date\\\":\\\"14\\\\\\\/09\\\\\\\/22 \\\",\\\"value\\\":4.44},{\\\"date\\\":\\\"15\\\\\\\/09\\\\\\\/22 \\\",\\\"value\\\":4.39},{\\\"date\\\":\\\"16\\\\\\\/09\\\\\\\/22 \\\",\\\"value\\\":4.28},{\\\"date\\\":\\\"19\\\\\\\/09\\\\\\\/22 \\\",\\\"value\\\":4.39},{\\\"date\\\":\\\"20\\\\\\\/09\\\\\\\/22 \\\",\\\"value\\\":4.55},{\\\"date\\\":\\\"21\\\\\\\/09\\\\\\\/22 \\\",\\\"value\\\":4.53},{\\\"date\\\":\\\"22\\\\\\\/09\\\\\\\/22 \\\",\\\"value\\\":4.44},{\\\"date\\\":\\\"23\\\\\\\/09\\\\\\\/22 \\\",\\\"value\\\":4.46},{\\\"date\\\":\\\"26\\\\\\\/09\\\\\\\/22 \\\",\\\"value\\\":4.52},{\\\"date\\\":\\\"27\\\\\\\/09\\\\\\\/22 \\\",\\\"value\\\":4.62},{\\\"date\\\":\\\"28\\\\\\\/09\\\\\\\/22 \\\",\\\"value\\\":5},{\\\"date\\\":\\\"29\\\\\\\/09\\\\\\\/22 \\\",\\\"value\\\":4.32},{\\\"date\\\":\\\"30\\\\\\\/09\\\\\\\/22 \\\",\\\"value\\\":4.19},{\\\"date\\\":\\\"03\\\\\\\/10\\\\\\\/22 \\\",\\\"value\\\":4.11},{\\\"date\\\":\\\"04\\\\\\\/10\\\\\\\/22 \\\",\\\"value\\\":4.1},{\\\"date\\\":\\\"05\\\\\\\/10\\\\\\\/22 \\\",\\\"value\\\":4.25},{\\\"date\\\":\\\"06\\\\\\\/10\\\\\\\/22 \\\",\\\"value\\\":4.11},{\\\"date\\\":\\\"07\\\\\\\/10\\\\\\\/22 \\\",\\\"value\\\":4.07},{\\\"date\\\":\\\"10\\\\\\\/10\\\\\\\/22 \\\",\\\"value\\\":4.18},{\\\"date\\\":\\\"11\\\\\\\/10\\\\\\\/22 \\\",\\\"value\\\":3.95},{\\\"date\\\":\\\"13\\\\\\\/10\\\\\\\/22 \\\",\\\"value\\\":3.95},{\\\"date\\\":\\\"14\\\\\\\/10\\\\\\\/22 \\\",\\\"value\\\":3.82},{\\\"date\\\":\\\"17\\\\\\\/10\\\\\\\/22 \\\",\\\"value\\\":3.65},{\\\"date\\\":\\\"18\\\\\\\/10\\\\\\\/22 \\\",\\\"value\\\":3.67},{\\\"date\\\":\\\"19\\\\\\\/10\\\\\\\/22 \\\",\\\"value\\\":3.53},{\\\"date\\\":\\\"20\\\\\\\/10\\\\\\\/22 \\\",\\\"value\\\":3.45},{\\\"date\\\":\\\"21\\\\\\\/10\\\\\\\/22 \\\",\\\"value\\\":3.55},{\\\"date\\\":\\\"24\\\\\\\/10\\\\\\\/22 \\\",\\\"value\\\":3.57},{\\\"date\\\":\\\"25\\\\\\\/10\\\\\\\/22 \\\",\\\"value\\\":3.5},{\\\"date\\\":\\\"26\\\\\\\/10\\\\\\\/22 \\\",\\\"value\\\":3.06},{\\\"date\\\":\\\"27\\\\\\\/10\\\\\\\/22 \\\",\\\"value\\\":3.06},{\\\"date\\\":\\\"28\\\\\\\/10\\\\\\\/22 \\\",\\\"value\\\":3.21},{\\\"date\\\":\\\"31\\\\\\\/10\\\\\\\/22 \\\",\\\"value\\\":3.4},{\\\"date\\\":\\\"01\\\\\\\/11\\\\\\\/22 \\\",\\\"value\\\":3.25},{\\\"date\\\":\\\"03\\\\\\\/11\\\\\\\/22 \\\",\\\"value\\\":3.44},{\\\"date\\\":\\\"04\\\\\\\/11\\\\\\\/22 \\\",\\\"value\\\":3.3},{\\\"date\\\":\\\"07\\\\\\\/11\\\\\\\/22 \\\",\\\"value\\\":3.26},{\\\"date\\\":\\\"08\\\\\\\/11\\\\\\\/22 \\\",\\\"value\\\":3.19},{\\\"date\\\":\\\"09\\\\\\\/11\\\\\\\/22 \\\",\\\"value\\\":3.23},{\\\"date\\\":\\\"10\\\\\\\/11\\\\\\\/22 \\\",\\\"value\\\":3.17},{\\\"date\\\":\\\"11\\\\\\\/11\\\\\\\/22 \\\",\\\"value\\\":3.17},{\\\"date\\\":\\\"14\\\\\\\/11\\\\\\\/22 \\\",\\\"value\\\":3.4},{\\\"date\\\":\\\"16\\\\\\\/11\\\\\\\/22 \\\",\\\"value\\\":3.39},{\\\"date\\\":\\\"17\\\\\\\/11\\\\\\\/22 \\\",\\\"value\\\":3.12},{\\\"date\\\":\\\"18\\\\\\\/11\\\\\\\/22 \\\",\\\"value\\\":2.94},{\\\"date\\\":\\\"21\\\\\\\/11\\\\\\\/22 \\\",\\\"value\\\":2.88},{\\\"date\\\":\\\"22\\\\\\\/11\\\\\\\/22 \\\",\\\"value\\\":3.18},{\\\"date\\\":\\\"23\\\\\\\/11\\\\\\\/22 \\\",\\\"value\\\":2.96},{\\\"date\\\":\\\"24\\\\\\\/11\\\\\\\/22 \\\",\\\"value\\\":2.92},{\\\"date\\\":\\\"25\\\\\\\/11\\\\\\\/22 \\\",\\\"value\\\":2.92},{\\\"date\\\":\\\"28\\\\\\\/11\\\\\\\/22 \\\",\\\"value\\\":2.92},{\\\"date\\\":\\\"29\\\\\\\/11\\\\\\\/22 \\\",\\\"value\\\":2.84},{\\\"date\\\":\\\"30\\\\\\\/11\\\\\\\/22 \\\",\\\"value\\\":2.99},{\\\"date\\\":\\\"01\\\\\\\/12\\\\\\\/22 \\\",\\\"value\\\":2.98},{\\\"date\\\":\\\"02\\\\\\\/12\\\\\\\/22 \\\",\\\"value\\\":2.99},{\\\"date\\\":\\\"05\\\\\\\/12\\\\\\\/22 \\\",\\\"value\\\":3},{\\\"date\\\":\\\"06\\\\\\\/12\\\\\\\/22 \\\",\\\"value\\\":3.1},{\\\"date\\\":\\\"07\\\\\\\/12\\\\\\\/22 \\\",\\\"value\\\":3.15},{\\\"date\\\":\\\"08\\\\\\\/12\\\\\\\/22 \\\",\\\"value\\\":3.09},{\\\"date\\\":\\\"12\\\\\\\/12\\\\\\\/22 \\\",\\\"value\\\":3},{\\\"date\\\":\\\"13\\\\\\\/12\\\\\\\/22 \\\",\\\"value\\\":2.87},{\\\"date\\\":\\\"14\\\\\\\/12\\\\\\\/22 \\\",\\\"value\\\":2.95},{\\\"date\\\":\\\"15\\\\\\\/12\\\\\\\/22 \\\",\\\"value\\\":3.15},{\\\"date\\\":\\\"16\\\\\\\/12\\\\\\\/22 \\\",\\\"value\\\":2.78},{\\\"date\\\":\\\"19\\\\\\\/12\\\\\\\/22 \\\",\\\"value\\\":2.77},{\\\"date\\\":\\\"20\\\\\\\/12\\\\\\\/22 \\\",\\\"value\\\":2.69},{\\\"date\\\":\\\"21\\\\\\\/12\\\\\\\/22 \\\",\\\"value\\\":2.76},{\\\"date\\\":\\\"22\\\\\\\/12\\\\\\\/22 \\\",\\\"value\\\":2.81},{\\\"date\\\":\\\"23\\\\\\\/12\\\\\\\/22 \\\",\\\"value\\\":2.7},{\\\"date\\\":\\\"26\\\\\\\/12\\\\\\\/22 \\\",\\\"value\\\":2.63},{\\\"date\\\":\\\"28\\\\\\\/12\\\\\\\/22 \\\",\\\"value\\\":2.4},{\\\"date\\\":\\\"29\\\\\\\/12\\\\\\\/22 \\\",\\\"value\\\":2.39},{\\\"date\\\":\\\"02\\\\\\\/01\\\\\\\/23 \\\",\\\"value\\\":2.27},{\\\"date\\\":\\\"03\\\\\\\/01\\\\\\\/23 \\\",\\\"value\\\":2.24},{\\\"date\\\":\\\"04\\\\\\\/01\\\\\\\/23 \\\",\\\"value\\\":2.18},{\\\"date\\\":\\\"05\\\\\\\/01\\\\\\\/23 \\\",\\\"value\\\":2.15},{\\\"date\\\":\\\"06\\\\\\\/01\\\\\\\/23 \\\",\\\"value\\\":2.16},{\\\"date\\\":\\\"09\\\\\\\/01\\\\\\\/23 \\\",\\\"value\\\":2.14},{\\\"date\\\":\\\"10\\\\\\\/01\\\\\\\/23 \\\",\\\"value\\\":2.13},{\\\"date\\\":\\\"11\\\\\\\/01\\\\\\\/23 \\\",\\\"value\\\":2.05},{\\\"date\\\":\\\"12\\\\\\\/01\\\\\\\/23 \\\",\\\"value\\\":1.92},{\\\"date\\\":\\\"13\\\\\\\/01\\\\\\\/23 \\\",\\\"value\\\":1.85},{\\\"date\\\":\\\"16\\\\\\\/01\\\\\\\/23 \\\",\\\"value\\\":1.9},{\\\"date\\\":\\\"17\\\\\\\/01\\\\\\\/23 \\\",\\\"value\\\":1.83},{\\\"date\\\":\\\"18\\\\\\\/01\\\\\\\/23 \\\",\\\"value\\\":1.83},{\\\"date\\\":\\\"19\\\\\\\/01\\\\\\\/23 \\\",\\\"value\\\":1.8},{\\\"date\\\":\\\"20\\\\\\\/01\\\\\\\/23 \\\",\\\"value\\\":1.7},{\\\"date\\\":\\\"23\\\\\\\/01\\\\\\\/23 \\\",\\\"value\\\":1.65},{\\\"date\\\":\\\"24\\\\\\\/01\\\\\\\/23 \\\",\\\"value\\\":1.65},{\\\"date\\\":\\\"25\\\\\\\/01\\\\\\\/23 \\\",\\\"value\\\":1.65},{\\\"date\\\":\\\"26\\\\\\\/01\\\\\\\/23 \\\",\\\"value\\\":1.69},{\\\"date\\\":\\\"27\\\\\\\/01\\\\\\\/23 \\\",\\\"value\\\":1.66},{\\\"date\\\":\\\"30\\\\\\\/01\\\\\\\/23 \\\",\\\"value\\\":1.69},{\\\"date\\\":\\\"31\\\\\\\/01\\\\\\\/23 \\\",\\\"value\\\":1.7},{\\\"date\\\":\\\"01\\\\\\\/02\\\\\\\/23 \\\",\\\"value\\\":1.64},{\\\"date\\\":\\\"02\\\\\\\/02\\\\\\\/23 \\\",\\\"value\\\":1.5},{\\\"date\\\":\\\"03\\\\\\\/02\\\\\\\/23 \\\",\\\"value\\\":1.48},{\\\"date\\\":\\\"06\\\\\\\/02\\\\\\\/23 \\\",\\\"value\\\":1.39},{\\\"date\\\":\\\"07\\\\\\\/02\\\\\\\/23 \\\",\\\"value\\\":1.38},{\\\"date\\\":\\\"08\\\\\\\/02\\\\\\\/23 \\\",\\\"value\\\":1.29},{\\\"date\\\":\\\"09\\\\\\\/02\\\\\\\/23 \\\",\\\"value\\\":1.33},{\\\"date\\\":\\\"10\\\\\\\/02\\\\\\\/23 \\\",\\\"value\\\":1.2},{\\\"date\\\":\\\"13\\\\\\\/02\\\\\\\/23 \\\",\\\"value\\\":1.2},{\\\"date\\\":\\\"14\\\\\\\/02\\\\\\\/23 \\\",\\\"value\\\":1.19},{\\\"date\\\":\\\"15\\\\\\\/02\\\\\\\/23 \\\",\\\"value\\\":1.16},{\\\"date\\\":\\\"16\\\\\\\/02\\\\\\\/23 \\\",\\\"value\\\":1.19},{\\\"date\\\":\\\"17\\\\\\\/02\\\\\\\/23 \\\",\\\"value\\\":1.23},{\\\"date\\\":\\\"22\\\\\\\/02\\\\\\\/23 \\\",\\\"value\\\":1.23},{\\\"date\\\":\\\"23\\\\\\\/02\\\\\\\/23 \\\",\\\"value\\\":1.19},{\\\"date\\\":\\\"24\\\\\\\/02\\\\\\\/23 \\\",\\\"value\\\":1.17},{\\\"date\\\":\\\"27\\\\\\\/02\\\\\\\/23 \\\",\\\"value\\\":1.2},{\\\"date\\\":\\\"28\\\\\\\/02\\\\\\\/23 \\\",\\\"value\\\":1.16},{\\\"date\\\":\\\"01\\\\\\\/03\\\\\\\/23 \\\",\\\"value\\\":1.12},{\\\"date\\\":\\\"02\\\\\\\/03\\\\\\\/23 \\\",\\\"value\\\":1.03},{\\\"date\\\":\\\"03\\\\\\\/03\\\\\\\/23 \\\",\\\"value\\\":1.1},{\\\"date\\\":\\\"06\\\\\\\/03\\\\\\\/23 \\\",\\\"value\\\":0.99},{\\\"date\\\":\\\"07\\\\\\\/03\\\\\\\/23 \\\",\\\"value\\\":1},{\\\"date\\\":\\\"08\\\\\\\/03\\\\\\\/23 \\\",\\\"value\\\":1.02},{\\\"date\\\":\\\"09\\\\\\\/03\\\\\\\/23 \\\",\\\"value\\\":1},{\\\"date\\\":\\\"10\\\\\\\/03\\\\\\\/23 \\\",\\\"value\\\":0.99},{\\\"date\\\":\\\"13\\\\\\\/03\\\\\\\/23 \\\",\\\"value\\\":1.01},{\\\"date\\\":\\\"14\\\\\\\/03\\\\\\\/23 \\\",\\\"value\\\":1.01},{\\\"date\\\":\\\"15\\\\\\\/03\\\\\\\/23 \\\",\\\"value\\\":0.97},{\\\"date\\\":\\\"16\\\\\\\/03\\\\\\\/23 \\\",\\\"value\\\":0.99},{\\\"date\\\":\\\"17\\\\\\\/03\\\\\\\/23 \\\",\\\"value\\\":1},{\\\"date\\\":\\\"20\\\\\\\/03\\\\\\\/23 \\\",\\\"value\\\":0.97},{\\\"date\\\":\\\"21\\\\\\\/03\\\\\\\/23 \\\",\\\"value\\\":1.01},{\\\"date\\\":\\\"22\\\\\\\/03\\\\\\\/23 \\\",\\\"value\\\":1},{\\\"date\\\":\\\"23\\\\\\\/03\\\\\\\/23 \\\",\\\"value\\\":0.95},{\\\"date\\\":\\\"24\\\\\\\/03\\\\\\\/23 \\\",\\\"value\\\":0.95},{\\\"date\\\":\\\"27\\\\\\\/03\\\\\\\/23 \\\",\\\"value\\\":0.97},{\\\"date\\\":\\\"28\\\\\\\/03\\\\\\\/23 \\\",\\\"value\\\":0.93},{\\\"date\\\":\\\"29\\\\\\\/03\\\\\\\/23 \\\",\\\"value\\\":0.93},{\\\"date\\\":\\\"30\\\\\\\/03\\\\\\\/23 \\\",\\\"value\\\":0.94},{\\\"date\\\":\\\"31\\\\\\\/03\\\\\\\/23 \\\",\\\"value\\\":0.96},{\\\"date\\\":\\\"03\\\\\\\/04\\\\\\\/23 \\\",\\\"value\\\":0.96},{\\\"date\\\":\\\"04\\\\\\\/04\\\\\\\/23 \\\",\\\"value\\\":0.94},{\\\"date\\\":\\\"05\\\\\\\/04\\\\\\\/23 \\\",\\\"value\\\":0.94},{\\\"date\\\":\\\"06\\\\\\\/04\\\\\\\/23 \\\",\\\"value\\\":0.94},{\\\"date\\\":\\\"10\\\\\\\/04\\\\\\\/23 \\\",\\\"value\\\":1.16},{\\\"date\\\":\\\"11\\\\\\\/04\\\\\\\/23 \\\",\\\"value\\\":1.18},{\\\"date\\\":\\\"12\\\\\\\/04\\\\\\\/23 \\\",\\\"value\\\":1.2},{\\\"date\\\":\\\"13\\\\\\\/04\\\\\\\/23 \\\",\\\"value\\\":1.16},{\\\"date\\\":\\\"14\\\\\\\/04\\\\\\\/23 \\\",\\\"value\\\":1.16},{\\\"date\\\":\\\"17\\\\\\\/04\\\\\\\/23 \\\",\\\"value\\\":1.12},{\\\"date\\\":\\\"18\\\\\\\/04\\\\\\\/23 \\\",\\\"value\\\":1.12},{\\\"date\\\":\\\"19\\\\\\\/04\\\\\\\/23 \\\",\\\"value\\\":1.01},{\\\"date\\\":\\\"20\\\\\\\/04\\\\\\\/23 \\\",\\\"value\\\":0.96},{\\\"date\\\":\\\"24\\\\\\\/04\\\\\\\/23 \\\",\\\"value\\\":1.02},{\\\"date\\\":\\\"25\\\\\\\/04\\\\\\\/23 \\\",\\\"value\\\":0.99},{\\\"date\\\":\\\"26\\\\\\\/04\\\\\\\/23 \\\",\\\"value\\\":0.98},{\\\"date\\\":\\\"27\\\\\\\/04\\\\\\\/23 \\\",\\\"value\\\":0.97},{\\\"date\\\":\\\"28\\\\\\\/04\\\\\\\/23 \\\",\\\"value\\\":0.98},{\\\"date\\\":\\\"02\\\\\\\/05\\\\\\\/23 \\\",\\\"value\\\":0.99},{\\\"date\\\":\\\"03\\\\\\\/05\\\\\\\/23 \\\",\\\"value\\\":0.97},{\\\"date\\\":\\\"04\\\\\\\/05\\\\\\\/23 \\\",\\\"value\\\":0.98},{\\\"date\\\":\\\"05\\\\\\\/05\\\\\\\/23 \\\",\\\"value\\\":1},{\\\"date\\\":\\\"08\\\\\\\/05\\\\\\\/23 \\\",\\\"value\\\":0.97},{\\\"date\\\":\\\"09\\\\\\\/05\\\\\\\/23 \\\",\\\"value\\\":1.02},{\\\"date\\\":\\\"10\\\\\\\/05\\\\\\\/23 \\\",\\\"value\\\":1},{\\\"date\\\":\\\"11\\\\\\\/05\\\\\\\/23 \\\",\\\"value\\\":0.99},{\\\"date\\\":\\\"12\\\\\\\/05\\\\\\\/23 \\\",\\\"value\\\":0.99},{\\\"date\\\":\\\"15\\\\\\\/05\\\\\\\/23 \\\",\\\"value\\\":0.98},{\\\"date\\\":\\\"16\\\\\\\/05\\\\\\\/23 \\\",\\\"value\\\":0.97},{\\\"date\\\":\\\"17\\\\\\\/05\\\\\\\/23 \\\",\\\"value\\\":0.97},{\\\"date\\\":\\\"18\\\\\\\/05\\\\\\\/23 \\\",\\\"value\\\":0.99},{\\\"date\\\":\\\"19\\\\\\\/05\\\\\\\/23 \\\",\\\"value\\\":0.99},{\\\"date\\\":\\\"22\\\\\\\/05\\\\\\\/23 \\\",\\\"value\\\":1.07},{\\\"date\\\":\\\"23\\\\\\\/05\\\\\\\/23 \\\",\\\"value\\\":1.05},{\\\"date\\\":\\\"24\\\\\\\/05\\\\\\\/23 \\\",\\\"value\\\":0.97},{\\\"date\\\":\\\"25\\\\\\\/05\\\\\\\/23 \\\",\\\"value\\\":1.01},{\\\"date\\\":\\\"26\\\\\\\/05\\\\\\\/23 \\\",\\\"value\\\":1.02},{\\\"date\\\":\\\"29\\\\\\\/05\\\\\\\/23 \\\",\\\"value\\\":1.01},{\\\"date\\\":\\\"30\\\\\\\/05\\\\\\\/23 \\\",\\\"value\\\":0.99},{\\\"date\\\":\\\"31\\\\\\\/05\\\\\\\/23 \\\",\\\"value\\\":0.99},{\\\"date\\\":\\\"01\\\\\\\/06\\\\\\\/23 \\\",\\\"value\\\":1.01},{\\\"date\\\":\\\"02\\\\\\\/06\\\\\\\/23 \\\",\\\"value\\\":1.05},{\\\"date\\\":\\\"05\\\\\\\/06\\\\\\\/23 \\\",\\\"value\\\":1.08},{\\\"date\\\":\\\"06\\\\\\\/06\\\\\\\/23 \\\",\\\"value\\\":1.1},{\\\"date\\\":\\\"07\\\\\\\/06\\\\\\\/23 \\\",\\\"value\\\":1.09},{\\\"date\\\":\\\"09\\\\\\\/06\\\\\\\/23 \\\",\\\"value\\\":1.1},{\\\"date\\\":\\\"12\\\\\\\/06\\\\\\\/23 \\\",\\\"value\\\":1.1},{\\\"date\\\":\\\"13\\\\\\\/06\\\\\\\/23 \\\",\\\"value\\\":1.09},{\\\"date\\\":\\\"14\\\\\\\/06\\\\\\\/23 \\\",\\\"value\\\":1.11}]\";\n  let isPositive_7307eb6c10d701abf67d2e7b6d88017c = \"\";\n\n  let color_7307eb6c10d701abf67d2e7b6d88017c = isPositive_7307eb6c10d701abf67d2e7b6d88017c ? '#3AB53A' : '#D92C2D';\n\n  let data_7307eb6c10d701abf67d2e7b6d88017c = JSON.parse(data_json_7307eb6c10d701abf67d2e7b6d88017c);\n\n  const result_7307eb6c10d701abf67d2e7b6d88017c = {\n    date: [],\n    value: [],\n  };\n\n  data_7307eb6c10d701abf67d2e7b6d88017c.forEach((item) => {\n    result_7307eb6c10d701abf67d2e7b6d88017c.date.push(item.date);\n    result_7307eb6c10d701abf67d2e7b6d88017c.value.push(Number(item.value));\n  });\n\n  let option_7307eb6c10d701abf67d2e7b6d88017c = {\n    \/\/ variavel de cor global\n    color: [color_7307eb6c10d701abf67d2e7b6d88017c],\n    title: {\n      text: '',\n    },\n    tooltip: {\n      trigger: 'axis',\n      axisPointer: {\n        type: 'cross',\n        label: {\n          \/\/ cor dos valores em X e Y\n          backgroundColor: color_7307eb6c10d701abf67d2e7b6d88017c,\n          formatter: (value) => {\n            if (typeof value.value === 'number') {\n              return Number(value.value).toLocaleString('pt-br', {\n                style: 'currency',\n                currency: 'BRL'\n              });\n            }\n            return value.value;\n          },\n        },\n      },\n      valueFormatter: (value) => Number(value).toLocaleString('pt-br', {\n        style: 'currency',\n        currency: 'BRL'\n      }),\n    },\n    legend: {\n      \/\/ data: ['Valor de Fechamento'],\n      show: false,\n    },\n    toolbox: {\n      feature: {\n        saveAsImage: {\n          show: false,\n        },\n      },\n    },\n    grid: {\n      left: '0px',\n      right: '0px',\n      bottom: '0px',\n      containLabel: true,\n    },\n    xAxis: [{\n      type: 'category',\n      data: result_7307eb6c10d701abf67d2e7b6d88017c.date,\n      boundaryGap: true,\n    }],\n    yAxis: [{\n      type: 'value',\n      min: Math.min(...result_7307eb6c10d701abf67d2e7b6d88017c.value),\n      max: Math.max(...result_7307eb6c10d701abf67d2e7b6d88017c.value),\n      axisLabel: {\n        formatter: (value) => value.toLocaleString('pt-br', {\n          style: 'currency',\n          currency: 'BRL'\n        }),\n      },\n    }],\n    series: [{\n      name: 'Valor de Fechamento',\n      type: 'line',\n      stack: 'Total',\n      \/\/ cor do grafico\n      areaStyle: {},\n      emphasis: {\n        focus: 'series',\n      },\n      data: result_7307eb6c10d701abf67d2e7b6d88017c.value,\n      \/\/ cor da linha\n      lineStyle: {\n        color: color_7307eb6c10d701abf67d2e7b6d88017c,\n      },\n    }, ],\n  };\n\n\twindow.chart_7307eb6c10d701abf67d2e7b6d88017c = {\n\t\tel: chart_7307eb6c10d701abf67d2e7b6d88017c,\n\t\toption: option_7307eb6c10d701abf67d2e7b6d88017c\t};\n\n\n<\/script>\n\n\n\t<p>\n\t\t<a href=\"https:\/\/lp.suno.com.br\/suno-one\/?utm_campaign=_SNC6964518A_\" target=\"_blank\" data-element=\"shortcode-suno-banner\" title=\"Banner SUNO, clique e saiba mais\">\n\t\t\t<picture>\n\t\t\t\t<source media=\"(max-width: 500px)\" srcset=\"https:\/\/files.sunoresearch.com.br\/n\/uploads\/2025\/09\/400x300-Suno-One-png.webp\">\n\t\t\t\t<img class=\"newsContent__article__imgCapa newsContent__article__imgCapa--banner\"\n\t\t\t\t\tsrc=\"https:\/\/files.sunoresearch.com.br\/n\/uploads\/2025\/09\/1420x240-Suno-One-png.webp\"\n\t\t\t\t\tdata-promo-id=\"383121\"\t\t\t\t\t\t\t\t\t\twidth='1420' height='240'\t\t\t\t\talt=\"https:\/\/files.sunoresearch.com.br\/n\/uploads\/2025\/09\/1420x240-Suno-One-png.webp\"\n\t\t\t\t>\n\t\t\t<\/picture>\n\t\t<\/a>\n\t<\/p>\n\n\n","protected":false},"excerpt":{"rendered":"<p>O CEO n\u00e3o estatut\u00e1rio da Saraiva (SLED4), Marcos Guedes Pereira, deixou o cargo da companhia, conforme comunicado nesta quarta-feira (14). Saraiva (SLED4) &#8211; Foto: divulga\u00e7\u00e3o Com isso, o at\u00e9 ent\u00e3o CEO da Saraiva permanecer\u00e1 somente como membro do Conselho de Administra\u00e7\u00e3o. A companhia, em seu comunicado ao mercado, agradeceu a contribui\u00e7\u00e3o do executivo, por\u00e9m n\u00e3o [&hellip;]<\/p>\n","protected":false},"author":73,"featured_media":6756,"comment_status":"closed","ping_status":"closed","sticky":false,"template":"","format":"standard","meta":[],"categories":[64],"tags":[629],"suno_strategy":[],"class_list":["post-416563","post","type-post","status-publish","format-standard","has-post-thumbnail","hentry","category-negocios","tag-saraiva-sled3-sled4"],"yoast_head":"<!-- This site is optimized with the Yoast SEO plugin v24.4 - https:\/\/yoast.com\/wordpress\/plugins\/seo\/ -->\n<title>Saraiva (SLED4): CEO n\u00e3o estatut\u00e1rio renuncia<\/title>\n<meta name=\"description\" content=\"Com isso, o at\u00e9 ent\u00e3o CEO da Saraiva permanecer\u00e1 somente como membro do Conselho de Administra\u00e7\u00e3o. Clique e saiba mais!\" \/>\n<meta name=\"robots\" content=\"index, follow, max-snippet:-1, max-image-preview:large, max-video-preview:-1\" \/>\n<link rel=\"canonical\" href=\"https:\/\/www.suno.com.br\/noticias\/saraiva-sled4-ceo-deixa-cargo-renuncia\/\" \/>\n<meta property=\"og:locale\" content=\"pt_BR\" \/>\n<meta property=\"og:type\" content=\"article\" \/>\n<meta property=\"og:title\" content=\"Saraiva (SLED4): CEO n\u00e3o estatut\u00e1rio renuncia\" \/>\n<meta property=\"og:description\" content=\"Com isso, o at\u00e9 ent\u00e3o CEO da Saraiva permanecer\u00e1 somente como membro do Conselho de Administra\u00e7\u00e3o. Clique e saiba mais!\" \/>\n<meta property=\"og:url\" content=\"https:\/\/www.suno.com.br\/noticias\/saraiva-sled4-ceo-deixa-cargo-renuncia\/\" \/>\n<meta property=\"og:site_name\" content=\"Suno Not\u00edcias\" \/>\n<meta property=\"article:publisher\" content=\"https:\/\/facebook.com\/sunoresearch\" \/>\n<meta property=\"og:image\" content=\"https:\/\/files.sunoresearch.com.br\/n\/uploads\/2018\/11\/2002f175-saraiva-e1695382903507-jpg.webp\" \/>\n\t<meta property=\"og:image:width\" content=\"1200\" \/>\n\t<meta property=\"og:image:height\" content=\"900\" \/>\n\t<meta property=\"og:image:type\" content=\"image\/jpeg\" \/>\n<meta name=\"author\" content=\"Eduardo Vargas\" \/>\n<meta name=\"twitter:card\" content=\"summary_large_image\" \/>\n<meta name=\"twitter:creator\" content=\"@sunoresearch\" \/>\n<meta name=\"twitter:site\" content=\"@sunoresearch\" \/>\n<meta name=\"twitter:label1\" content=\"Escrito por\" \/>\n\t<meta name=\"twitter:data1\" content=\"Eduardo Vargas\" \/>\n\t<meta name=\"twitter:label2\" content=\"Est. tempo de leitura\" \/>\n\t<meta name=\"twitter:data2\" content=\"2 minutos\" \/>\n<script type=\"application\/ld+json\" class=\"yoast-schema-graph\">{\"@context\":\"https:\/\/schema.org\",\"@graph\":[{\"@type\":\"NewsArticle\",\"@id\":\"https:\/\/www.suno.com.br\/noticias\/saraiva-sled4-ceo-deixa-cargo-renuncia\/#article\",\"isPartOf\":{\"@id\":\"https:\/\/www.suno.com.br\/noticias\/saraiva-sled4-ceo-deixa-cargo-renuncia\/\"},\"author\":{\"name\":\"Eduardo Vargas\",\"@id\":\"https:\/\/www.suno.com.br\/noticias\/#\/schema\/person\/7f4d362bf3518e76090143ae77bb49a5\"},\"headline\":\"Saraiva (SLED4): CEO n\u00e3o estatut\u00e1rio renuncia\",\"datePublished\":\"2023-06-14T16:28:10+00:00\",\"dateModified\":\"2023-06-14T16:28:16+00:00\",\"mainEntityOfPage\":{\"@id\":\"https:\/\/www.suno.com.br\/noticias\/saraiva-sled4-ceo-deixa-cargo-renuncia\/\"},\"wordCount\":296,\"publisher\":{\"@id\":\"https:\/\/www.suno.com.br\/noticias\/#organization\"},\"image\":{\"@id\":\"https:\/\/www.suno.com.br\/noticias\/saraiva-sled4-ceo-deixa-cargo-renuncia\/#primaryimage\"},\"thumbnailUrl\":\"https:\/\/files.sunoresearch.com.br\/n\/uploads\/2018\/11\/2002f175-saraiva-e1695382903507-jpg.webp\",\"keywords\":[\"Saraiva (SLED3\/SLED4)\"],\"articleSection\":[\"Neg\u00f3cios\"],\"inLanguage\":\"pt-BR\"},{\"@type\":\"WebPage\",\"@id\":\"https:\/\/www.suno.com.br\/noticias\/saraiva-sled4-ceo-deixa-cargo-renuncia\/\",\"url\":\"https:\/\/www.suno.com.br\/noticias\/saraiva-sled4-ceo-deixa-cargo-renuncia\/\",\"name\":\"Saraiva (SLED4): CEO n\u00e3o estatut\u00e1rio renuncia\",\"isPartOf\":{\"@id\":\"https:\/\/www.suno.com.br\/noticias\/#website\"},\"primaryImageOfPage\":{\"@id\":\"https:\/\/www.suno.com.br\/noticias\/saraiva-sled4-ceo-deixa-cargo-renuncia\/#primaryimage\"},\"image\":{\"@id\":\"https:\/\/www.suno.com.br\/noticias\/saraiva-sled4-ceo-deixa-cargo-renuncia\/#primaryimage\"},\"thumbnailUrl\":\"https:\/\/files.sunoresearch.com.br\/n\/uploads\/2018\/11\/2002f175-saraiva-e1695382903507-jpg.webp\",\"datePublished\":\"2023-06-14T16:28:10+00:00\",\"dateModified\":\"2023-06-14T16:28:16+00:00\",\"description\":\"Com isso, o at\u00e9 ent\u00e3o CEO da Saraiva permanecer\u00e1 somente como membro do Conselho de Administra\u00e7\u00e3o. Clique e saiba mais!\",\"breadcrumb\":{\"@id\":\"https:\/\/www.suno.com.br\/noticias\/saraiva-sled4-ceo-deixa-cargo-renuncia\/#breadcrumb\"},\"inLanguage\":\"pt-BR\",\"potentialAction\":[{\"@type\":\"ReadAction\",\"target\":[\"https:\/\/www.suno.com.br\/noticias\/saraiva-sled4-ceo-deixa-cargo-renuncia\/\"]}]},{\"@type\":\"ImageObject\",\"inLanguage\":\"pt-BR\",\"@id\":\"https:\/\/www.suno.com.br\/noticias\/saraiva-sled4-ceo-deixa-cargo-renuncia\/#primaryimage\",\"url\":\"https:\/\/files.sunoresearch.com.br\/n\/uploads\/2018\/11\/2002f175-saraiva-e1695382903507-jpg.webp\",\"contentUrl\":\"https:\/\/files.sunoresearch.com.br\/n\/uploads\/2018\/11\/2002f175-saraiva-e1695382903507-jpg.webp\",\"width\":1200,\"height\":900,\"caption\":\"Saraiva (SLED4) - Foto: divulga\u00e7\u00e3o\"},{\"@type\":\"BreadcrumbList\",\"@id\":\"https:\/\/www.suno.com.br\/noticias\/saraiva-sled4-ceo-deixa-cargo-renuncia\/#breadcrumb\",\"itemListElement\":[{\"@type\":\"ListItem\",\"position\":1,\"name\":\"Not\u00edcias\",\"item\":\"https:\/\/www.suno.com.br\/noticias\/\"},{\"@type\":\"ListItem\",\"position\":2,\"name\":\"Neg\u00f3cios\",\"item\":\"https:\/\/www.suno.com.br\/noticias\/negocios\/\"},{\"@type\":\"ListItem\",\"position\":3,\"name\":\"Saraiva (SLED4): CEO n\u00e3o estatut\u00e1rio renuncia\"}]},{\"@type\":\"WebSite\",\"@id\":\"https:\/\/www.suno.com.br\/noticias\/#website\",\"url\":\"https:\/\/www.suno.com.br\/noticias\/\",\"name\":\"Suno Not\u00edcias\",\"description\":\"Seu portal de informa\u00e7\u00e3o sobre o mundo dos investimentos\",\"publisher\":{\"@id\":\"https:\/\/www.suno.com.br\/noticias\/#organization\"},\"potentialAction\":[{\"@type\":\"SearchAction\",\"target\":{\"@type\":\"EntryPoint\",\"urlTemplate\":\"https:\/\/www.suno.com.br\/noticias\/?s={search_term_string}\"},\"query-input\":{\"@type\":\"PropertyValueSpecification\",\"valueRequired\":true,\"valueName\":\"search_term_string\"}}],\"inLanguage\":\"pt-BR\"},{\"@type\":\"Organization\",\"@id\":\"https:\/\/www.suno.com.br\/noticias\/#organization\",\"name\":\"Suno Not\u00edcias\",\"url\":\"https:\/\/www.suno.com.br\/noticias\/\",\"logo\":{\"@type\":\"ImageObject\",\"inLanguage\":\"pt-BR\",\"@id\":\"https:\/\/www.suno.com.br\/noticias\/#\/schema\/logo\/image\/\",\"url\":\"https:\/\/files.sunoresearch.com.br\/n\/uploads\/2021\/09\/suno-logo.png\",\"contentUrl\":\"https:\/\/files.sunoresearch.com.br\/n\/uploads\/2021\/09\/suno-logo.png\",\"width\":180,\"height\":180,\"caption\":\"Suno Not\u00edcias\"},\"image\":{\"@id\":\"https:\/\/www.suno.com.br\/noticias\/#\/schema\/logo\/image\/\"},\"sameAs\":[\"https:\/\/facebook.com\/sunoresearch\",\"https:\/\/x.com\/sunoresearch\",\"https:\/\/www.instagram.com\/suno\",\"https:\/\/www.linkedin.com\/company\/suno-research\/\",\"https:\/\/www.youtube.com\/c\/sunoresearch\"]},{\"@type\":\"Person\",\"@id\":\"https:\/\/www.suno.com.br\/noticias\/#\/schema\/person\/7f4d362bf3518e76090143ae77bb49a5\",\"name\":\"Eduardo Vargas\",\"image\":{\"@type\":\"ImageObject\",\"inLanguage\":\"pt-BR\",\"@id\":\"https:\/\/www.suno.com.br\/noticias\/#\/schema\/person\/image\/\",\"url\":\"https:\/\/secure.gravatar.com\/avatar\/dac340933427a22924c9f99d1eb2e3f2?s=96&r=g\",\"contentUrl\":\"https:\/\/secure.gravatar.com\/avatar\/dac340933427a22924c9f99d1eb2e3f2?s=96&r=g\",\"caption\":\"Eduardo Vargas\"},\"description\":\"Jornalista formado pela UFSC, cobre macroeconomia, neg\u00f3cios e startups para o Suno Not\u00edcias, escrevendo principalmente not\u00edcias sobre o mercado financeiro e a bolsa de valores. No YouTube e no Instagram, \u00e9 respons\u00e1vel pela produ\u00e7\u00e3o de Reels e Shorts do Suno Not\u00edcias. Anteriormente, trabalhou cobrindo economia e cotidiano no ND+ e para o ND, maior jornal impresso de Santa Catarina. Cursou um semestre letivo de Estudos de M\u00eddia na Universidad de Buenos Aires.\",\"url\":\"https:\/\/www.suno.com.br\/noticias\/author\/eduardo-vargas\/\"}]}<\/script>\n<!-- \/ Yoast SEO plugin. -->","yoast_head_json":{"title":"Saraiva (SLED4): CEO n\u00e3o estatut\u00e1rio renuncia","description":"Com isso, o at\u00e9 ent\u00e3o CEO da Saraiva permanecer\u00e1 somente como membro do Conselho de Administra\u00e7\u00e3o. Clique e saiba mais!","robots":{"index":"index","follow":"follow","max-snippet":"max-snippet:-1","max-image-preview":"max-image-preview:large","max-video-preview":"max-video-preview:-1"},"canonical":"https:\/\/www.suno.com.br\/noticias\/saraiva-sled4-ceo-deixa-cargo-renuncia\/","og_locale":"pt_BR","og_type":"article","og_title":"Saraiva (SLED4): CEO n\u00e3o estatut\u00e1rio renuncia","og_description":"Com isso, o at\u00e9 ent\u00e3o CEO da Saraiva permanecer\u00e1 somente como membro do Conselho de Administra\u00e7\u00e3o. Clique e saiba mais!","og_url":"https:\/\/www.suno.com.br\/noticias\/saraiva-sled4-ceo-deixa-cargo-renuncia\/","og_site_name":"Suno Not\u00edcias","article_publisher":"https:\/\/facebook.com\/sunoresearch","og_image":[{"width":1200,"height":900,"url":"https:\/\/files.sunoresearch.com.br\/n\/uploads\/2018\/11\/2002f175-saraiva-e1695382903507-jpg.webp","type":"image\/jpeg"}],"author":"Eduardo Vargas","twitter_card":"summary_large_image","twitter_creator":"@sunoresearch","twitter_site":"@sunoresearch","twitter_misc":{"Escrito por":"Eduardo Vargas","Est. tempo de leitura":"2 minutos"},"schema":{"@context":"https:\/\/schema.org","@graph":[{"@type":"NewsArticle","@id":"https:\/\/www.suno.com.br\/noticias\/saraiva-sled4-ceo-deixa-cargo-renuncia\/#article","isPartOf":{"@id":"https:\/\/www.suno.com.br\/noticias\/saraiva-sled4-ceo-deixa-cargo-renuncia\/"},"author":{"name":"Eduardo Vargas","@id":"https:\/\/www.suno.com.br\/noticias\/#\/schema\/person\/7f4d362bf3518e76090143ae77bb49a5"},"headline":"Saraiva (SLED4): CEO n\u00e3o estatut\u00e1rio renuncia","datePublished":"2023-06-14T16:28:10+00:00","dateModified":"2023-06-14T16:28:16+00:00","mainEntityOfPage":{"@id":"https:\/\/www.suno.com.br\/noticias\/saraiva-sled4-ceo-deixa-cargo-renuncia\/"},"wordCount":296,"publisher":{"@id":"https:\/\/www.suno.com.br\/noticias\/#organization"},"image":{"@id":"https:\/\/www.suno.com.br\/noticias\/saraiva-sled4-ceo-deixa-cargo-renuncia\/#primaryimage"},"thumbnailUrl":"https:\/\/files.sunoresearch.com.br\/n\/uploads\/2018\/11\/2002f175-saraiva-e1695382903507-jpg.webp","keywords":["Saraiva (SLED3\/SLED4)"],"articleSection":["Neg\u00f3cios"],"inLanguage":"pt-BR"},{"@type":"WebPage","@id":"https:\/\/www.suno.com.br\/noticias\/saraiva-sled4-ceo-deixa-cargo-renuncia\/","url":"https:\/\/www.suno.com.br\/noticias\/saraiva-sled4-ceo-deixa-cargo-renuncia\/","name":"Saraiva (SLED4): CEO n\u00e3o estatut\u00e1rio renuncia","isPartOf":{"@id":"https:\/\/www.suno.com.br\/noticias\/#website"},"primaryImageOfPage":{"@id":"https:\/\/www.suno.com.br\/noticias\/saraiva-sled4-ceo-deixa-cargo-renuncia\/#primaryimage"},"image":{"@id":"https:\/\/www.suno.com.br\/noticias\/saraiva-sled4-ceo-deixa-cargo-renuncia\/#primaryimage"},"thumbnailUrl":"https:\/\/files.sunoresearch.com.br\/n\/uploads\/2018\/11\/2002f175-saraiva-e1695382903507-jpg.webp","datePublished":"2023-06-14T16:28:10+00:00","dateModified":"2023-06-14T16:28:16+00:00","description":"Com isso, o at\u00e9 ent\u00e3o CEO da Saraiva permanecer\u00e1 somente como membro do Conselho de Administra\u00e7\u00e3o. Clique e saiba mais!","breadcrumb":{"@id":"https:\/\/www.suno.com.br\/noticias\/saraiva-sled4-ceo-deixa-cargo-renuncia\/#breadcrumb"},"inLanguage":"pt-BR","potentialAction":[{"@type":"ReadAction","target":["https:\/\/www.suno.com.br\/noticias\/saraiva-sled4-ceo-deixa-cargo-renuncia\/"]}]},{"@type":"ImageObject","inLanguage":"pt-BR","@id":"https:\/\/www.suno.com.br\/noticias\/saraiva-sled4-ceo-deixa-cargo-renuncia\/#primaryimage","url":"https:\/\/files.sunoresearch.com.br\/n\/uploads\/2018\/11\/2002f175-saraiva-e1695382903507-jpg.webp","contentUrl":"https:\/\/files.sunoresearch.com.br\/n\/uploads\/2018\/11\/2002f175-saraiva-e1695382903507-jpg.webp","width":1200,"height":900,"caption":"Saraiva (SLED4) - Foto: divulga\u00e7\u00e3o"},{"@type":"BreadcrumbList","@id":"https:\/\/www.suno.com.br\/noticias\/saraiva-sled4-ceo-deixa-cargo-renuncia\/#breadcrumb","itemListElement":[{"@type":"ListItem","position":1,"name":"Not\u00edcias","item":"https:\/\/www.suno.com.br\/noticias\/"},{"@type":"ListItem","position":2,"name":"Neg\u00f3cios","item":"https:\/\/www.suno.com.br\/noticias\/negocios\/"},{"@type":"ListItem","position":3,"name":"Saraiva (SLED4): CEO n\u00e3o estatut\u00e1rio renuncia"}]},{"@type":"WebSite","@id":"https:\/\/www.suno.com.br\/noticias\/#website","url":"https:\/\/www.suno.com.br\/noticias\/","name":"Suno Not\u00edcias","description":"Seu portal de informa\u00e7\u00e3o sobre o mundo dos investimentos","publisher":{"@id":"https:\/\/www.suno.com.br\/noticias\/#organization"},"potentialAction":[{"@type":"SearchAction","target":{"@type":"EntryPoint","urlTemplate":"https:\/\/www.suno.com.br\/noticias\/?s={search_term_string}"},"query-input":{"@type":"PropertyValueSpecification","valueRequired":true,"valueName":"search_term_string"}}],"inLanguage":"pt-BR"},{"@type":"Organization","@id":"https:\/\/www.suno.com.br\/noticias\/#organization","name":"Suno Not\u00edcias","url":"https:\/\/www.suno.com.br\/noticias\/","logo":{"@type":"ImageObject","inLanguage":"pt-BR","@id":"https:\/\/www.suno.com.br\/noticias\/#\/schema\/logo\/image\/","url":"https:\/\/files.sunoresearch.com.br\/n\/uploads\/2021\/09\/suno-logo.png","contentUrl":"https:\/\/files.sunoresearch.com.br\/n\/uploads\/2021\/09\/suno-logo.png","width":180,"height":180,"caption":"Suno Not\u00edcias"},"image":{"@id":"https:\/\/www.suno.com.br\/noticias\/#\/schema\/logo\/image\/"},"sameAs":["https:\/\/facebook.com\/sunoresearch","https:\/\/x.com\/sunoresearch","https:\/\/www.instagram.com\/suno","https:\/\/www.linkedin.com\/company\/suno-research\/","https:\/\/www.youtube.com\/c\/sunoresearch"]},{"@type":"Person","@id":"https:\/\/www.suno.com.br\/noticias\/#\/schema\/person\/7f4d362bf3518e76090143ae77bb49a5","name":"Eduardo Vargas","image":{"@type":"ImageObject","inLanguage":"pt-BR","@id":"https:\/\/www.suno.com.br\/noticias\/#\/schema\/person\/image\/","url":"https:\/\/secure.gravatar.com\/avatar\/dac340933427a22924c9f99d1eb2e3f2?s=96&r=g","contentUrl":"https:\/\/secure.gravatar.com\/avatar\/dac340933427a22924c9f99d1eb2e3f2?s=96&r=g","caption":"Eduardo Vargas"},"description":"Jornalista formado pela UFSC, cobre macroeconomia, neg\u00f3cios e startups para o Suno Not\u00edcias, escrevendo principalmente not\u00edcias sobre o mercado financeiro e a bolsa de valores. No YouTube e no Instagram, \u00e9 respons\u00e1vel pela produ\u00e7\u00e3o de Reels e Shorts do Suno Not\u00edcias. Anteriormente, trabalhou cobrindo economia e cotidiano no ND+ e para o ND, maior jornal impresso de Santa Catarina. Cursou um semestre letivo de Estudos de M\u00eddia na Universidad de Buenos Aires.","url":"https:\/\/www.suno.com.br\/noticias\/author\/eduardo-vargas\/"}]}},"default_loop_html":"<div class=\"cardsPage__listCard__boxs\"><div class=\"cardsPage__listCard__boxs__img\"><a href=\"https:\/\/www.suno.com.br\/noticias\/saraiva-sled4-ceo-deixa-cargo-renuncia\/\"><img class=\"mask\" src=\"https:\/\/www.suno.com.br\/noticias\/wp-content\/themes\/suno\/resources\/images\/spotlight\/spotlight1img\/bg-mask.png\" alt=\"Image Mask\"\/><img src=\"https:\/\/files.sunoresearch.com.br\/n\/uploads\/2018\/11\/2002f175-saraiva-e1695382903507-400x200.webp\" alt=\"Saraiva (SLED4): CEO n\u00e3o estatut\u00e1rio renuncia\"\/><\/a><span class=\"spotlightCategory\"><a href=\"https:\/\/www.suno.com.br\/noticias\/negocios\/\">Neg\u00f3cios<\/a><\/span><\/div><div class=\"cardsPage__listCard__boxs__content\"><a href=\"https:\/\/www.suno.com.br\/noticias\/saraiva-sled4-ceo-deixa-cargo-renuncia\/\"><h2 class=\"content__title\">Saraiva (SLED4): CEO n\u00e3o estatut\u00e1rio renuncia<\/h2><\/a><div class=\"newsContent__article__meta\"><div class=\"newsContent__article__meta__authorBox\"><a href=\"https:\/\/www.suno.com.br\/noticias\/author\/eduardo-vargas\/\" class=\"authorBox__avatar noMobi\"><img src=\"https:\/\/secure.gravatar.com\/avatar\/dac340933427a22924c9f99d1eb2e3f2?s=96&#038;r=g\" alt=\"Eduardo Vargas\"><\/a><div class=\"authorBox__name\"><span>por\n\t\t\t<a href=\"https:\/\/www.suno.com.br\/noticias\/author\/eduardo-vargas\/\"><span itemprop=\"author\">Eduardo Vargas<\/span><\/a><\/span><time datetime=\"2023-06-14T13:28:10-03:00\" itemprop=\"datePublished\">14\/06\/2023 13:28<\/time><\/div><\/div><\/div><\/div><\/div>","single_layout":"posts","amp_enabled":true,"_links":{"self":[{"href":"https:\/\/www.suno.com.br\/noticias\/wp-json\/wp\/v2\/posts\/416563"}],"collection":[{"href":"https:\/\/www.suno.com.br\/noticias\/wp-json\/wp\/v2\/posts"}],"about":[{"href":"https:\/\/www.suno.com.br\/noticias\/wp-json\/wp\/v2\/types\/post"}],"author":[{"embeddable":true,"href":"https:\/\/www.suno.com.br\/noticias\/wp-json\/wp\/v2\/users\/73"}],"replies":[{"embeddable":true,"href":"https:\/\/www.suno.com.br\/noticias\/wp-json\/wp\/v2\/comments?post=416563"}],"version-history":[{"count":3,"href":"https:\/\/www.suno.com.br\/noticias\/wp-json\/wp\/v2\/posts\/416563\/revisions"}],"predecessor-version":[{"id":416678,"href":"https:\/\/www.suno.com.br\/noticias\/wp-json\/wp\/v2\/posts\/416563\/revisions\/416678"}],"wp:featuredmedia":[{"embeddable":true,"href":"https:\/\/www.suno.com.br\/noticias\/wp-json\/wp\/v2\/media\/6756"}],"wp:attachment":[{"href":"https:\/\/www.suno.com.br\/noticias\/wp-json\/wp\/v2\/media?parent=416563"}],"wp:term":[{"taxonomy":"category","embeddable":true,"href":"https:\/\/www.suno.com.br\/noticias\/wp-json\/wp\/v2\/categories?post=416563"},{"taxonomy":"post_tag","embeddable":true,"href":"https:\/\/www.suno.com.br\/noticias\/wp-json\/wp\/v2\/tags?post=416563"},{"taxonomy":"suno_strategy","embeddable":true,"href":"https:\/\/www.suno.com.br\/noticias\/wp-json\/wp\/v2\/suno_strategy?post=416563"}],"curies":[{"name":"wp","href":"https:\/\/api.w.org\/{rel}","templated":true}]}}