{"id":416392,"date":"2023-06-14T08:03:09","date_gmt":"2023-06-14T11:03:09","guid":{"rendered":"https:\/\/www.suno.com.br\/noticias\/?p=416392"},"modified":"2023-06-14T08:09:04","modified_gmt":"2023-06-14T11:09:04","slug":"nubank-nubr33-executiva-ex-uber-colombia","status":"publish","type":"post","link":"https:\/\/www.suno.com.br\/noticias\/nubank-nubr33-executiva-ex-uber-colombia\/","title":{"rendered":"Nubank (NUBR33) anuncia executiva ex-Uber para comandar opera\u00e7\u00f5es na Col\u00f4mbia"},"content":{"rendered":"<p>Em novo passo na sua expans\u00e3o na Am\u00e9rica Latina, o <strong>Nubank<\/strong> (<a class=\"suno-keyword\" data-force=\"yes\" data-priority=\"2\" href=\"https:\/\/www.suno.com.br\/bdrs\/nubr33\/\" target=\"_blank\" rel=\"noopener\">NUBR33<\/a>) anunciou Marcela Torres como sua nova L\u00edder de Opera\u00e7\u00f5es do Nu Col\u00f4mbia, a sua subsidi\u00e1ria no pa\u00eds.<\/p>\t<div class=\"wrapper-featured-image\">\n\t\t<figure class=\"spotlightImg\">\n\n\t\t\t<picture>\n\t\t\t\t<source media=\"(max-width: 768px)\" srcset=\"https:\/\/files.sunoresearch.com.br\/n\/uploads\/2023\/06\/Marcela-Torres-Nubank-400x200.jpg\">\n\t\t\t\t<img loading=\"lazy\" decoding=\"async\" class=\"newsContent__article__imgCapa lazyloadDisabled \" src=\"https:\/\/files.sunoresearch.com.br\/n\/uploads\/2023\/06\/Marcela-Torres-Nubank-800x450.jpg\" width=\"800\" height=\"450\" alt=\"Nubank (NUBR33) anuncia executiva ex-Uber para comandar opera\u00e7\u00f5es na Col\u00f4mbia\" fetchpriority=high \/>\n\t\t\t<\/picture>\n\n\t\t\t<figcaption class=\"wp-caption-text wp-caption-text--show\">Marcela Torres, executiva que comandar\u00e1 o Nubank na Col\u00f4mbia - Foto: Divulga\u00e7\u00e3o<\/figcaption>\n\t\t<\/figure>\n\t<\/div>\n\n\n\n\n\n\t<p>\n\t\t<a href=\"\" target=\"_blank\" data-element=\"shortcode-suno-banner\" title=\"Banner SUNO, clique e saiba mais\">\n\t\t\t<picture>\n\t\t\t\t<source media=\"(max-width: 500px)\" srcset=\"\">\n\t\t\t\t<img class=\"newsContent__article__imgCapa newsContent__article__imgCapa--banner\"\n\t\t\t\t\tsrc=\"\"\n\t\t\t\t\tdata-promo-id=\"265278\"\t\t\t\t\t\t\t\t\t\t\t\t\t\t\talt=\"\"\n\t\t\t\t>\n\t\t\t<\/picture>\n\t\t<\/a>\n\t<\/p>\n\n\n\n\n\n\n\n<p>A executiva que assume o <strong><a href=\"https:\/\/statusinvest.com.br\/bdrs\/nubr33\" target=\"_blank\" rel=\"noreferrer noopener\">Nubank na Col\u00f4mbia<\/a><\/strong> trabalhou por quase cinco anos na Uber como L\u00edder de Opera\u00e7\u00f5es para a regi\u00e3o andina, atuando como L\u00edder de Opera\u00e7\u00f5es da Col\u00f4mbia e como Gerente Regional de Estrat\u00e9gia e Planejamento. <\/p>\n\n\n\n<p>Antes disso, passou oito anos na McKinsey &amp; Company, atendendo a clientes do setor financeiro em toda a regi\u00e3o, e ainda foi cofundadora de uma empresa de microcr\u00e9dito para dar acesso a servi\u00e7os financeiros a empres\u00e1rios n\u00e3o bancarizados.<\/p>\n\n\n\n<p>O an\u00fancio vem em meio a uma toada da fintech em aumentar sua participa\u00e7\u00e3o no mercado de outros pa\u00edses da Am\u00e9rica, apesar de manter o Brasil como &#8216;cerne&#8217; do neg\u00f3cio e o lugar de onde vem a maior parte do resultado operacional.<\/p>\n\n\n\n<p>Al\u00e9m disso, a executiva chega logo ap\u00f3s o Nubank completar dois anos no pa\u00eds e anunciar um plano de investir cerca de 2 bilh\u00f5es de pesos (US$ 450 milh\u00f5es) at\u00e9 2025, al\u00e9m de ter chegado \u00e0 marca de 635 mil clientes em mar\u00e7o de 2023. <\/p>\n\n\n\n<p>Simultaneamente, o banco se prepara para aumentar seu portf\u00f3lio de produtos na <strong>Col\u00f4mbia<\/strong>.<\/p>\n\n\n\n<p>&#8220;Marcela tem um hist\u00f3rico impressionante ajudando empresas globais a ganharem escala em toda a Am\u00e9rica Latina. Sua perspectiva \u00fanica sobre crescimento e inova\u00e7\u00e3o ser\u00e1, sem d\u00favida, fundamental para alcan\u00e7ar nossas ambiciosas metas no pa\u00eds durante os pr\u00f3ximos anos. Estamos apostando fortemente na Col\u00f4mbia construindo o futuro dos servi\u00e7os financeiros&#8221;, disse <a class=\"suno-keyword\" target=\"_blank\" data-force=\"no\" data-priority=\"2\" href=\"https:\/\/www.suno.com.br\/tudo-sobre\/cristina-junqueira\/\" rel=\"noopener\">Cristina Junqueira<\/a>, co-fundadora e Chief Growth Officer do Nubank.<\/p>\n\n\n\n<p>&#8220;Estou muito feliz em fazer parte desta empresa empolgante, que em apenas dois anos de atua\u00e7\u00e3o local se tornou refer\u00eancia em servi\u00e7os financeiros na Col\u00f4mbia. \u00c9 uma honra me juntar a esta equipe e tenho certeza que continuaremos crescendo com nosso cart\u00e3o de cr\u00e9dito e com novos produtos que poderemos oferecer ao tornar operacional nossa Financeira. Continuaremos fortalecendo a equipe local e nosso portf\u00f3lio para continuar transformando a vida dos colombianos&#8221;, disse Marcela.<\/p>\n\n\n\t<p>\n\t\t<a href=\"https:\/\/lp.suno.com.br\/ebook-gratuito-investindo-no-exterior\/\" target=\"_blank\" data-element=\"shortcode-suno-banner\" title=\"Banner SUNO, clique e saiba mais\">\n\t\t\t<picture>\n\t\t\t\t<source media=\"(max-width: 500px)\" srcset=\"https:\/\/files.sunoresearch.com.br\/n\/uploads\/2023\/03\/400x300-Investindo-no-exterior.png\">\n\t\t\t\t<img class=\"newsContent__article__imgCapa newsContent__article__imgCapa--banner\"\n\t\t\t\t\tsrc=\"https:\/\/files.sunoresearch.com.br\/n\/uploads\/2023\/03\/1420x240-Investindo-no-exterior.png\"\n\t\t\t\t\tdata-promo-id=\"383161\"\t\t\t\t\t\t\t\t\t\twidth='1420' height='240'\t\t\t\t\talt=\"https:\/\/files.sunoresearch.com.br\/n\/uploads\/2023\/03\/1420x240-Investindo-no-exterior.png\"\n\t\t\t\t>\n\t\t\t<\/picture>\n\t\t<\/a>\n\t<\/p>\n\n\n\n\n\n<h2 class=\"wp-block-heading\">Investimento do Nubank na Col\u00f4mbia<\/h2>\n\n\n\n<p>No dia em que completou dois anos, a subsidi\u00e1ria do Nubank na Col\u00f4mbia captou US$ 150 milh\u00f5es em uma capitaliza\u00e7\u00e3 de mercado.<\/p>\n\n\n\n<p>Juntamente com esse valor, a empresa tomou um empr\u00e9stimo de US$ 150 milh\u00f5es com a <a href=\"https:\/\/www.suno.com.br\/noticias\/sabesp-sbsp3-privatizacao-sabesp-6-meses-meirelles\/\" target=\"_blank\" rel=\"noreferrer noopener\">International Finance Corporation (IFC)<\/a>.<\/p>\n\n\n\n<p>Com isso, espera somar os US$ 450 milh\u00f5es de investimento na Col\u00f4mbia at\u00e9 o fim de 2025.<\/p>\n\n\n\n<p>\u201cAo longo desses dois primeiros anos de opera\u00e7\u00e3o, a equipe trabalhou incansavelmente para construir o futuro dos servi\u00e7os financeiros na Col\u00f4mbia. Embora ainda estejamos no in\u00edcio desta jornada, 635 mil pessoas em todos os departamentos do pa\u00eds j\u00e1 aderiram ao Nu como clientes\u201d, disse \u00e0 \u00e9poca o CEO e fundador do Nubank, <a href=\"https:\/\/www.suno.com.br\/noticias\/nubank-nubr33-rentavel-entrevista-velez\/\">David V\u00e9lez<\/a>, em nota.<\/p>\n\n\n\n<p>A estrat\u00e9gia \u00e9 aumentar a participa\u00e7\u00e3o de mercado do <strong>Nubank<\/strong> no pa\u00eds com o cart\u00e3o de cr\u00e9dito e outros produtos, ao passo que o banco ganha mais licen\u00e7as para atuar na Col\u00f4mbia.<\/p>\n\n\n\t<p>\n\t\t<a href=\"https:\/\/lp.suno.com.br\/suno-one\/?utm_campaign=_SNC6964518A_\" target=\"_blank\" data-element=\"shortcode-suno-banner\" title=\"Banner SUNO, clique e saiba mais\">\n\t\t\t<picture>\n\t\t\t\t<source media=\"(max-width: 500px)\" srcset=\"https:\/\/files.sunoresearch.com.br\/n\/uploads\/2025\/09\/400x300-Suno-One-png.webp\">\n\t\t\t\t<img class=\"newsContent__article__imgCapa newsContent__article__imgCapa--banner\"\n\t\t\t\t\tsrc=\"https:\/\/files.sunoresearch.com.br\/n\/uploads\/2025\/09\/1420x240-Suno-One-png.webp\"\n\t\t\t\t\tdata-promo-id=\"383121\"\t\t\t\t\t\t\t\t\t\twidth='1420' height='240'\t\t\t\t\talt=\"https:\/\/files.sunoresearch.com.br\/n\/uploads\/2025\/09\/1420x240-Suno-One-png.webp\"\n\t\t\t\t>\n\t\t\t<\/picture>\n\t\t<\/a>\n\t<\/p>\n\n\n","protected":false},"excerpt":{"rendered":"<p>Em novo passo na sua expans\u00e3o na Am\u00e9rica Latina, o Nubank (NUBR33) anunciou Marcela Torres como sua nova L\u00edder de Opera\u00e7\u00f5es do Nu Col\u00f4mbia, a sua subsidi\u00e1ria no pa\u00eds. Marcela Torres, executiva que comandar\u00e1 o Nubank na Col\u00f4mbia &#8211; Foto: Divulga\u00e7\u00e3o A executiva que assume o Nubank na Col\u00f4mbia trabalhou por quase cinco anos na [&hellip;]<\/p>\n","protected":false},"author":73,"featured_media":416406,"comment_status":"closed","ping_status":"closed","sticky":false,"template":"","format":"standard","meta":[],"categories":[64],"tags":[],"suno_strategy":[],"class_list":["post-416392","post","type-post","status-publish","format-standard","has-post-thumbnail","hentry","category-negocios"],"yoast_head":"<!-- This site is optimized with the Yoast SEO plugin v24.4 - https:\/\/yoast.com\/wordpress\/plugins\/seo\/ -->\n<title>Nubank (NUBR33) traz ex-Uber para comandar opera\u00e7\u00f5es na Col\u00f4mbia<\/title>\n<meta name=\"description\" content=\"A executiva que assume o Nubank na Col\u00f4mbia trabalhou por quase cinco anos na Uber como L\u00edder de Opera\u00e7\u00f5es para a regi\u00e3o andina.\" \/>\n<meta name=\"robots\" content=\"index, follow, max-snippet:-1, max-image-preview:large, max-video-preview:-1\" \/>\n<link rel=\"canonical\" href=\"https:\/\/www.suno.com.br\/noticias\/nubank-nubr33-executiva-ex-uber-colombia\/\" \/>\n<meta property=\"og:locale\" content=\"pt_BR\" \/>\n<meta property=\"og:type\" content=\"article\" \/>\n<meta property=\"og:title\" content=\"Nubank (NUBR33) traz ex-Uber para comandar opera\u00e7\u00f5es na Col\u00f4mbia\" \/>\n<meta property=\"og:description\" content=\"A executiva que assume o Nubank na Col\u00f4mbia trabalhou por quase cinco anos na Uber como L\u00edder de Opera\u00e7\u00f5es para a regi\u00e3o andina.\" \/>\n<meta property=\"og:url\" content=\"https:\/\/www.suno.com.br\/noticias\/nubank-nubr33-executiva-ex-uber-colombia\/\" \/>\n<meta property=\"og:site_name\" content=\"Suno Not\u00edcias\" \/>\n<meta property=\"article:publisher\" content=\"https:\/\/facebook.com\/sunoresearch\" \/>\n<meta property=\"og:image\" content=\"https:\/\/files.sunoresearch.com.br\/n\/uploads\/2023\/06\/Marcela-Torres-Nubank.jpg\" \/>\n\t<meta property=\"og:image:width\" content=\"2340\" \/>\n\t<meta property=\"og:image:height\" content=\"1370\" \/>\n\t<meta property=\"og:image:type\" content=\"image\/jpeg\" \/>\n<meta name=\"author\" content=\"Eduardo Vargas\" \/>\n<meta name=\"twitter:card\" content=\"summary_large_image\" \/>\n<meta name=\"twitter:creator\" content=\"@sunoresearch\" \/>\n<meta name=\"twitter:site\" content=\"@sunoresearch\" \/>\n<meta name=\"twitter:label1\" content=\"Escrito por\" \/>\n\t<meta name=\"twitter:data1\" content=\"Eduardo Vargas\" \/>\n\t<meta name=\"twitter:label2\" content=\"Est. tempo de leitura\" \/>\n\t<meta name=\"twitter:data2\" content=\"3 minutos\" \/>\n<script type=\"application\/ld+json\" class=\"yoast-schema-graph\">{\"@context\":\"https:\/\/schema.org\",\"@graph\":[{\"@type\":\"NewsArticle\",\"@id\":\"https:\/\/www.suno.com.br\/noticias\/nubank-nubr33-executiva-ex-uber-colombia\/#article\",\"isPartOf\":{\"@id\":\"https:\/\/www.suno.com.br\/noticias\/nubank-nubr33-executiva-ex-uber-colombia\/\"},\"author\":{\"name\":\"Eduardo Vargas\",\"@id\":\"https:\/\/www.suno.com.br\/noticias\/#\/schema\/person\/7f4d362bf3518e76090143ae77bb49a5\"},\"headline\":\"Nubank (NUBR33) anuncia executiva ex-Uber para comandar opera\u00e7\u00f5es na Col\u00f4mbia\",\"datePublished\":\"2023-06-14T11:03:09+00:00\",\"dateModified\":\"2023-06-14T11:09:04+00:00\",\"mainEntityOfPage\":{\"@id\":\"https:\/\/www.suno.com.br\/noticias\/nubank-nubr33-executiva-ex-uber-colombia\/\"},\"wordCount\":566,\"publisher\":{\"@id\":\"https:\/\/www.suno.com.br\/noticias\/#organization\"},\"image\":{\"@id\":\"https:\/\/www.suno.com.br\/noticias\/nubank-nubr33-executiva-ex-uber-colombia\/#primaryimage\"},\"thumbnailUrl\":\"https:\/\/files.sunoresearch.com.br\/n\/uploads\/2023\/06\/Marcela-Torres-Nubank.jpg\",\"articleSection\":[\"Neg\u00f3cios\"],\"inLanguage\":\"pt-BR\"},{\"@type\":\"WebPage\",\"@id\":\"https:\/\/www.suno.com.br\/noticias\/nubank-nubr33-executiva-ex-uber-colombia\/\",\"url\":\"https:\/\/www.suno.com.br\/noticias\/nubank-nubr33-executiva-ex-uber-colombia\/\",\"name\":\"Nubank (NUBR33) traz ex-Uber para comandar opera\u00e7\u00f5es na Col\u00f4mbia\",\"isPartOf\":{\"@id\":\"https:\/\/www.suno.com.br\/noticias\/#website\"},\"primaryImageOfPage\":{\"@id\":\"https:\/\/www.suno.com.br\/noticias\/nubank-nubr33-executiva-ex-uber-colombia\/#primaryimage\"},\"image\":{\"@id\":\"https:\/\/www.suno.com.br\/noticias\/nubank-nubr33-executiva-ex-uber-colombia\/#primaryimage\"},\"thumbnailUrl\":\"https:\/\/files.sunoresearch.com.br\/n\/uploads\/2023\/06\/Marcela-Torres-Nubank.jpg\",\"datePublished\":\"2023-06-14T11:03:09+00:00\",\"dateModified\":\"2023-06-14T11:09:04+00:00\",\"description\":\"A executiva que assume o Nubank na Col\u00f4mbia trabalhou por quase cinco anos na Uber como L\u00edder de Opera\u00e7\u00f5es para a regi\u00e3o andina.\",\"breadcrumb\":{\"@id\":\"https:\/\/www.suno.com.br\/noticias\/nubank-nubr33-executiva-ex-uber-colombia\/#breadcrumb\"},\"inLanguage\":\"pt-BR\",\"potentialAction\":[{\"@type\":\"ReadAction\",\"target\":[\"https:\/\/www.suno.com.br\/noticias\/nubank-nubr33-executiva-ex-uber-colombia\/\"]}]},{\"@type\":\"ImageObject\",\"inLanguage\":\"pt-BR\",\"@id\":\"https:\/\/www.suno.com.br\/noticias\/nubank-nubr33-executiva-ex-uber-colombia\/#primaryimage\",\"url\":\"https:\/\/files.sunoresearch.com.br\/n\/uploads\/2023\/06\/Marcela-Torres-Nubank.jpg\",\"contentUrl\":\"https:\/\/files.sunoresearch.com.br\/n\/uploads\/2023\/06\/Marcela-Torres-Nubank.jpg\",\"width\":2340,\"height\":1370,\"caption\":\"Marcela Torres, executiva que comandar\u00e1 o Nubank na Col\u00f4mbia - Foto: Divulga\u00e7\u00e3o\"},{\"@type\":\"BreadcrumbList\",\"@id\":\"https:\/\/www.suno.com.br\/noticias\/nubank-nubr33-executiva-ex-uber-colombia\/#breadcrumb\",\"itemListElement\":[{\"@type\":\"ListItem\",\"position\":1,\"name\":\"Not\u00edcias\",\"item\":\"https:\/\/www.suno.com.br\/noticias\/\"},{\"@type\":\"ListItem\",\"position\":2,\"name\":\"Neg\u00f3cios\",\"item\":\"https:\/\/www.suno.com.br\/noticias\/negocios\/\"},{\"@type\":\"ListItem\",\"position\":3,\"name\":\"Nubank (NUBR33) anuncia executiva ex-Uber para comandar opera\u00e7\u00f5es na Col\u00f4mbia\"}]},{\"@type\":\"WebSite\",\"@id\":\"https:\/\/www.suno.com.br\/noticias\/#website\",\"url\":\"https:\/\/www.suno.com.br\/noticias\/\",\"name\":\"Suno Not\u00edcias\",\"description\":\"Seu portal de informa\u00e7\u00e3o sobre o mundo dos investimentos\",\"publisher\":{\"@id\":\"https:\/\/www.suno.com.br\/noticias\/#organization\"},\"potentialAction\":[{\"@type\":\"SearchAction\",\"target\":{\"@type\":\"EntryPoint\",\"urlTemplate\":\"https:\/\/www.suno.com.br\/noticias\/?s={search_term_string}\"},\"query-input\":{\"@type\":\"PropertyValueSpecification\",\"valueRequired\":true,\"valueName\":\"search_term_string\"}}],\"inLanguage\":\"pt-BR\"},{\"@type\":\"Organization\",\"@id\":\"https:\/\/www.suno.com.br\/noticias\/#organization\",\"name\":\"Suno Not\u00edcias\",\"url\":\"https:\/\/www.suno.com.br\/noticias\/\",\"logo\":{\"@type\":\"ImageObject\",\"inLanguage\":\"pt-BR\",\"@id\":\"https:\/\/www.suno.com.br\/noticias\/#\/schema\/logo\/image\/\",\"url\":\"https:\/\/files.sunoresearch.com.br\/n\/uploads\/2021\/09\/suno-logo.png\",\"contentUrl\":\"https:\/\/files.sunoresearch.com.br\/n\/uploads\/2021\/09\/suno-logo.png\",\"width\":180,\"height\":180,\"caption\":\"Suno Not\u00edcias\"},\"image\":{\"@id\":\"https:\/\/www.suno.com.br\/noticias\/#\/schema\/logo\/image\/\"},\"sameAs\":[\"https:\/\/facebook.com\/sunoresearch\",\"https:\/\/x.com\/sunoresearch\",\"https:\/\/www.instagram.com\/suno\",\"https:\/\/www.linkedin.com\/company\/suno-research\/\",\"https:\/\/www.youtube.com\/c\/sunoresearch\"]},{\"@type\":\"Person\",\"@id\":\"https:\/\/www.suno.com.br\/noticias\/#\/schema\/person\/7f4d362bf3518e76090143ae77bb49a5\",\"name\":\"Eduardo Vargas\",\"image\":{\"@type\":\"ImageObject\",\"inLanguage\":\"pt-BR\",\"@id\":\"https:\/\/www.suno.com.br\/noticias\/#\/schema\/person\/image\/\",\"url\":\"https:\/\/secure.gravatar.com\/avatar\/dac340933427a22924c9f99d1eb2e3f2?s=96&r=g\",\"contentUrl\":\"https:\/\/secure.gravatar.com\/avatar\/dac340933427a22924c9f99d1eb2e3f2?s=96&r=g\",\"caption\":\"Eduardo Vargas\"},\"description\":\"Jornalista formado pela UFSC, cobre macroeconomia, neg\u00f3cios e startups para o Suno Not\u00edcias, escrevendo principalmente not\u00edcias sobre o mercado financeiro e a bolsa de valores. No YouTube e no Instagram, \u00e9 respons\u00e1vel pela produ\u00e7\u00e3o de Reels e Shorts do Suno Not\u00edcias. Anteriormente, trabalhou cobrindo economia e cotidiano no ND+ e para o ND, maior jornal impresso de Santa Catarina. Cursou um semestre letivo de Estudos de M\u00eddia na Universidad de Buenos Aires.\",\"url\":\"https:\/\/www.suno.com.br\/noticias\/author\/eduardo-vargas\/\"}]}<\/script>\n<!-- \/ Yoast SEO plugin. -->","yoast_head_json":{"title":"Nubank (NUBR33) traz ex-Uber para comandar opera\u00e7\u00f5es na Col\u00f4mbia","description":"A executiva que assume o Nubank na Col\u00f4mbia trabalhou por quase cinco anos na Uber como L\u00edder de Opera\u00e7\u00f5es para a regi\u00e3o andina.","robots":{"index":"index","follow":"follow","max-snippet":"max-snippet:-1","max-image-preview":"max-image-preview:large","max-video-preview":"max-video-preview:-1"},"canonical":"https:\/\/www.suno.com.br\/noticias\/nubank-nubr33-executiva-ex-uber-colombia\/","og_locale":"pt_BR","og_type":"article","og_title":"Nubank (NUBR33) traz ex-Uber para comandar opera\u00e7\u00f5es na Col\u00f4mbia","og_description":"A executiva que assume o Nubank na Col\u00f4mbia trabalhou por quase cinco anos na Uber como L\u00edder de Opera\u00e7\u00f5es para a regi\u00e3o andina.","og_url":"https:\/\/www.suno.com.br\/noticias\/nubank-nubr33-executiva-ex-uber-colombia\/","og_site_name":"Suno Not\u00edcias","article_publisher":"https:\/\/facebook.com\/sunoresearch","og_image":[{"width":2340,"height":1370,"url":"https:\/\/files.sunoresearch.com.br\/n\/uploads\/2023\/06\/Marcela-Torres-Nubank.jpg","type":"image\/jpeg"}],"author":"Eduardo Vargas","twitter_card":"summary_large_image","twitter_creator":"@sunoresearch","twitter_site":"@sunoresearch","twitter_misc":{"Escrito por":"Eduardo Vargas","Est. tempo de leitura":"3 minutos"},"schema":{"@context":"https:\/\/schema.org","@graph":[{"@type":"NewsArticle","@id":"https:\/\/www.suno.com.br\/noticias\/nubank-nubr33-executiva-ex-uber-colombia\/#article","isPartOf":{"@id":"https:\/\/www.suno.com.br\/noticias\/nubank-nubr33-executiva-ex-uber-colombia\/"},"author":{"name":"Eduardo Vargas","@id":"https:\/\/www.suno.com.br\/noticias\/#\/schema\/person\/7f4d362bf3518e76090143ae77bb49a5"},"headline":"Nubank (NUBR33) anuncia executiva ex-Uber para comandar opera\u00e7\u00f5es na Col\u00f4mbia","datePublished":"2023-06-14T11:03:09+00:00","dateModified":"2023-06-14T11:09:04+00:00","mainEntityOfPage":{"@id":"https:\/\/www.suno.com.br\/noticias\/nubank-nubr33-executiva-ex-uber-colombia\/"},"wordCount":566,"publisher":{"@id":"https:\/\/www.suno.com.br\/noticias\/#organization"},"image":{"@id":"https:\/\/www.suno.com.br\/noticias\/nubank-nubr33-executiva-ex-uber-colombia\/#primaryimage"},"thumbnailUrl":"https:\/\/files.sunoresearch.com.br\/n\/uploads\/2023\/06\/Marcela-Torres-Nubank.jpg","articleSection":["Neg\u00f3cios"],"inLanguage":"pt-BR"},{"@type":"WebPage","@id":"https:\/\/www.suno.com.br\/noticias\/nubank-nubr33-executiva-ex-uber-colombia\/","url":"https:\/\/www.suno.com.br\/noticias\/nubank-nubr33-executiva-ex-uber-colombia\/","name":"Nubank (NUBR33) traz ex-Uber para comandar opera\u00e7\u00f5es na Col\u00f4mbia","isPartOf":{"@id":"https:\/\/www.suno.com.br\/noticias\/#website"},"primaryImageOfPage":{"@id":"https:\/\/www.suno.com.br\/noticias\/nubank-nubr33-executiva-ex-uber-colombia\/#primaryimage"},"image":{"@id":"https:\/\/www.suno.com.br\/noticias\/nubank-nubr33-executiva-ex-uber-colombia\/#primaryimage"},"thumbnailUrl":"https:\/\/files.sunoresearch.com.br\/n\/uploads\/2023\/06\/Marcela-Torres-Nubank.jpg","datePublished":"2023-06-14T11:03:09+00:00","dateModified":"2023-06-14T11:09:04+00:00","description":"A executiva que assume o Nubank na Col\u00f4mbia trabalhou por quase cinco anos na Uber como L\u00edder de Opera\u00e7\u00f5es para a regi\u00e3o andina.","breadcrumb":{"@id":"https:\/\/www.suno.com.br\/noticias\/nubank-nubr33-executiva-ex-uber-colombia\/#breadcrumb"},"inLanguage":"pt-BR","potentialAction":[{"@type":"ReadAction","target":["https:\/\/www.suno.com.br\/noticias\/nubank-nubr33-executiva-ex-uber-colombia\/"]}]},{"@type":"ImageObject","inLanguage":"pt-BR","@id":"https:\/\/www.suno.com.br\/noticias\/nubank-nubr33-executiva-ex-uber-colombia\/#primaryimage","url":"https:\/\/files.sunoresearch.com.br\/n\/uploads\/2023\/06\/Marcela-Torres-Nubank.jpg","contentUrl":"https:\/\/files.sunoresearch.com.br\/n\/uploads\/2023\/06\/Marcela-Torres-Nubank.jpg","width":2340,"height":1370,"caption":"Marcela Torres, executiva que comandar\u00e1 o Nubank na Col\u00f4mbia - Foto: Divulga\u00e7\u00e3o"},{"@type":"BreadcrumbList","@id":"https:\/\/www.suno.com.br\/noticias\/nubank-nubr33-executiva-ex-uber-colombia\/#breadcrumb","itemListElement":[{"@type":"ListItem","position":1,"name":"Not\u00edcias","item":"https:\/\/www.suno.com.br\/noticias\/"},{"@type":"ListItem","position":2,"name":"Neg\u00f3cios","item":"https:\/\/www.suno.com.br\/noticias\/negocios\/"},{"@type":"ListItem","position":3,"name":"Nubank (NUBR33) anuncia executiva ex-Uber para comandar opera\u00e7\u00f5es na Col\u00f4mbia"}]},{"@type":"WebSite","@id":"https:\/\/www.suno.com.br\/noticias\/#website","url":"https:\/\/www.suno.com.br\/noticias\/","name":"Suno Not\u00edcias","description":"Seu portal de informa\u00e7\u00e3o sobre o mundo dos investimentos","publisher":{"@id":"https:\/\/www.suno.com.br\/noticias\/#organization"},"potentialAction":[{"@type":"SearchAction","target":{"@type":"EntryPoint","urlTemplate":"https:\/\/www.suno.com.br\/noticias\/?s={search_term_string}"},"query-input":{"@type":"PropertyValueSpecification","valueRequired":true,"valueName":"search_term_string"}}],"inLanguage":"pt-BR"},{"@type":"Organization","@id":"https:\/\/www.suno.com.br\/noticias\/#organization","name":"Suno Not\u00edcias","url":"https:\/\/www.suno.com.br\/noticias\/","logo":{"@type":"ImageObject","inLanguage":"pt-BR","@id":"https:\/\/www.suno.com.br\/noticias\/#\/schema\/logo\/image\/","url":"https:\/\/files.sunoresearch.com.br\/n\/uploads\/2021\/09\/suno-logo.png","contentUrl":"https:\/\/files.sunoresearch.com.br\/n\/uploads\/2021\/09\/suno-logo.png","width":180,"height":180,"caption":"Suno Not\u00edcias"},"image":{"@id":"https:\/\/www.suno.com.br\/noticias\/#\/schema\/logo\/image\/"},"sameAs":["https:\/\/facebook.com\/sunoresearch","https:\/\/x.com\/sunoresearch","https:\/\/www.instagram.com\/suno","https:\/\/www.linkedin.com\/company\/suno-research\/","https:\/\/www.youtube.com\/c\/sunoresearch"]},{"@type":"Person","@id":"https:\/\/www.suno.com.br\/noticias\/#\/schema\/person\/7f4d362bf3518e76090143ae77bb49a5","name":"Eduardo Vargas","image":{"@type":"ImageObject","inLanguage":"pt-BR","@id":"https:\/\/www.suno.com.br\/noticias\/#\/schema\/person\/image\/","url":"https:\/\/secure.gravatar.com\/avatar\/dac340933427a22924c9f99d1eb2e3f2?s=96&r=g","contentUrl":"https:\/\/secure.gravatar.com\/avatar\/dac340933427a22924c9f99d1eb2e3f2?s=96&r=g","caption":"Eduardo Vargas"},"description":"Jornalista formado pela UFSC, cobre macroeconomia, neg\u00f3cios e startups para o Suno Not\u00edcias, escrevendo principalmente not\u00edcias sobre o mercado financeiro e a bolsa de valores. No YouTube e no Instagram, \u00e9 respons\u00e1vel pela produ\u00e7\u00e3o de Reels e Shorts do Suno Not\u00edcias. Anteriormente, trabalhou cobrindo economia e cotidiano no ND+ e para o ND, maior jornal impresso de Santa Catarina. Cursou um semestre letivo de Estudos de M\u00eddia na Universidad de Buenos Aires.","url":"https:\/\/www.suno.com.br\/noticias\/author\/eduardo-vargas\/"}]}},"default_loop_html":"<div class=\"cardsPage__listCard__boxs\"><div class=\"cardsPage__listCard__boxs__img\"><a href=\"https:\/\/www.suno.com.br\/noticias\/nubank-nubr33-executiva-ex-uber-colombia\/\"><img class=\"mask\" src=\"https:\/\/www.suno.com.br\/noticias\/wp-content\/themes\/suno\/resources\/images\/spotlight\/spotlight1img\/bg-mask.png\" alt=\"Image Mask\"\/><img src=\"https:\/\/files.sunoresearch.com.br\/n\/uploads\/2023\/06\/Marcela-Torres-Nubank-400x200.jpg\" alt=\"Nubank (NUBR33) anuncia executiva ex-Uber para comandar opera\u00e7\u00f5es na Col\u00f4mbia\"\/><\/a><span class=\"spotlightCategory\"><a href=\"https:\/\/www.suno.com.br\/noticias\/negocios\/\">Neg\u00f3cios<\/a><\/span><\/div><div class=\"cardsPage__listCard__boxs__content\"><a href=\"https:\/\/www.suno.com.br\/noticias\/nubank-nubr33-executiva-ex-uber-colombia\/\"><h2 class=\"content__title\">Nubank (NUBR33) anuncia executiva ex-Uber para comandar opera\u00e7\u00f5es na Col\u00f4mbia<\/h2><\/a><div class=\"newsContent__article__meta\"><div class=\"newsContent__article__meta__authorBox\"><a href=\"https:\/\/www.suno.com.br\/noticias\/author\/eduardo-vargas\/\" class=\"authorBox__avatar noMobi\"><img src=\"https:\/\/secure.gravatar.com\/avatar\/dac340933427a22924c9f99d1eb2e3f2?s=96&#038;r=g\" alt=\"Eduardo Vargas\"><\/a><div class=\"authorBox__name\"><span>por\n\t\t\t<a href=\"https:\/\/www.suno.com.br\/noticias\/author\/eduardo-vargas\/\"><span itemprop=\"author\">Eduardo Vargas<\/span><\/a><\/span><time datetime=\"2023-06-14T08:03:09-03:00\" itemprop=\"datePublished\">14\/06\/2023 08:03<\/time><\/div><\/div><\/div><\/div><\/div>","single_layout":"posts","amp_enabled":true,"_links":{"self":[{"href":"https:\/\/www.suno.com.br\/noticias\/wp-json\/wp\/v2\/posts\/416392"}],"collection":[{"href":"https:\/\/www.suno.com.br\/noticias\/wp-json\/wp\/v2\/posts"}],"about":[{"href":"https:\/\/www.suno.com.br\/noticias\/wp-json\/wp\/v2\/types\/post"}],"author":[{"embeddable":true,"href":"https:\/\/www.suno.com.br\/noticias\/wp-json\/wp\/v2\/users\/73"}],"replies":[{"embeddable":true,"href":"https:\/\/www.suno.com.br\/noticias\/wp-json\/wp\/v2\/comments?post=416392"}],"version-history":[{"count":2,"href":"https:\/\/www.suno.com.br\/noticias\/wp-json\/wp\/v2\/posts\/416392\/revisions"}],"predecessor-version":[{"id":416413,"href":"https:\/\/www.suno.com.br\/noticias\/wp-json\/wp\/v2\/posts\/416392\/revisions\/416413"}],"wp:featuredmedia":[{"embeddable":true,"href":"https:\/\/www.suno.com.br\/noticias\/wp-json\/wp\/v2\/media\/416406"}],"wp:attachment":[{"href":"https:\/\/www.suno.com.br\/noticias\/wp-json\/wp\/v2\/media?parent=416392"}],"wp:term":[{"taxonomy":"category","embeddable":true,"href":"https:\/\/www.suno.com.br\/noticias\/wp-json\/wp\/v2\/categories?post=416392"},{"taxonomy":"post_tag","embeddable":true,"href":"https:\/\/www.suno.com.br\/noticias\/wp-json\/wp\/v2\/tags?post=416392"},{"taxonomy":"suno_strategy","embeddable":true,"href":"https:\/\/www.suno.com.br\/noticias\/wp-json\/wp\/v2\/suno_strategy?post=416392"}],"curies":[{"name":"wp","href":"https:\/\/api.w.org\/{rel}","templated":true}]}}