{"id":416084,"date":"2023-06-13T15:36:43","date_gmt":"2023-06-13T18:36:43","guid":{"rendered":"https:\/\/www.suno.com.br\/noticias\/?p=416084"},"modified":"2023-06-13T15:37:10","modified_gmt":"2023-06-13T18:37:10","slug":"fundo-verde-bolsa-ibovespa-otimismo-acoes","status":"publish","type":"post","link":"https:\/\/www.suno.com.br\/noticias\/fundo-verde-bolsa-ibovespa-otimismo-acoes\/","title":{"rendered":"Fundo Verde aumenta otimismo com bolsa brasileira e mant\u00e9m exposi\u00e7\u00e3o de 20%"},"content":{"rendered":"<p>Em nova carta, o <strong>Fundo Verde<\/strong> estimou que os ganhos da bolsa brasileira, que entrou em <a class=\"suno-keyword\" data-force=\"no\" data-priority=\"1\" href=\"https:\/\/www.suno.com.br\/artigos\/bull-market\/\" target=\"_blank\" rel=\"noopener\">bull market<\/a> recentemente, devem seguir pelos pr\u00f3ximos meses.<\/p><div class=\"videoFull \">\n\t\t\t<div class=\"videoWrapper yt-lazyload center\"\n\t\t\t\tdata-width=\"960\"\n\t\t\t\tdata-height=\"540\"\n\t\t\t\tdata-id=\"wLcN-3x8zYI\"\n\t\t\t\tdata-alt=\"V\u00eddeo do YouTube - clique para reproduzir\"\n\t\t\t\tdata-logo=\"3\"\n\t\t\t\tdata-imagequality=\"maxres\">\n\t\t\t<\/div>\n\t\t<\/div><script type=\"application\/ld+json\">{\"@context\":\"https:\/\/schema.org\",\"@type\":\"VideoObject\",\"name\":\"Braskem (BRKM5) dispara com oferta da Unipar (UNIP6) | Vale (VALE3) tomba 25% no ano | Ibov em alta\",\"description\":\"#braskem #brkm5 #unipar #unip6 #vale3 #china #mercadofinanceiro #investimentos #bolsadevalores #ibovespa #d\u00f3lar #livedas19h Apesar de mais um dia de queda dos pap\u00e9is da Vale (VALE3), o Ibovespa d\u00e1 continuidade ao seu rali de alta, com a 7\u00aa valoriza\u00e7\u00e3o consecutiva. Dessa vez, o \u00edndice inicia a semana com um avan\u00e7o de 0,27%, aos 117.336,34 pontos. O volume\u2026\",\"duration\":\"PT45M34S\",\"embedUrl\":\"https:\/\/www.youtube.com\/embed\/wLcN-3x8zYI\",\"regionsAllowed\":\"pt-BR\",\"interactionStatistic\":{\"@type\":\"InteractionCounter\",\"interactionType\":{\"@type\":\"WatchAction\"},\"userInteractionCount\":4215},\"thumbnailUrl\":\"https:\/\/i.ytimg.com\/vi\/wLcN-3x8zYI\/default.jpg\",\"uploadDate\":\"2023-06-12T22:57:06Z\"}<\/script>\n\n\n\n\n\n\n\t<p>\n\t\t<a href=\"https:\/\/lp.suno.com.br\/planilha-da-vida-financeira\/\" target=\"_blank\" data-element=\"shortcode-suno-banner\" title=\"Banner SUNO, clique e saiba mais\">\n\t\t\t<picture>\n\t\t\t\t<source media=\"(max-width: 500px)\" srcset=\"https:\/\/files.sunoresearch.com.br\/n\/uploads\/2023\/04\/400x300-Planilha-vida-financeira-true.png\">\n\t\t\t\t<img class=\"newsContent__article__imgCapa newsContent__article__imgCapa--banner\"\n\t\t\t\t\tsrc=\"https:\/\/files.sunoresearch.com.br\/n\/uploads\/2023\/04\/1420x240-Planilha-vida-financeira-true.png\"\n\t\t\t\t\tdata-promo-id=\"106682\"\t\t\t\t\t\t\t\t\t\twidth='1420' height='240'\t\t\t\t\talt=\"https:\/\/files.sunoresearch.com.br\/n\/uploads\/2023\/04\/1420x240-Planilha-vida-financeira-true.png\"\n\t\t\t\t>\n\t\t\t<\/picture>\n\t\t<\/a>\n\t<\/p>\n\n\n\n\n\n<p>Em carta aos cotistas, o Fundo Verde, gerido por <strong>Luis Stuhlberger<\/strong>, destacou que existem &#8220;contornos est\u00e3o bem estabelecidos&#8221; para o in\u00edcio da queda da Selic.<\/p>\n\n\n\n<p>No \u00faltimo m\u00eas, em maio, o fundo ficou atr\u00e1s do CDI &#8211; seu benchmark enquanto <a class=\"suno-keyword\" target=\"_blank\" data-force=\"no\" data-priority=\"1\" href=\"https:\/\/www.suno.com.br\/artigos\/fundos-multimercados\/\" rel=\"noopener\">fundo multimercado<\/a> &#8211; vindo de uma sucess\u00e3o de meses de maior receio com o cen\u00e1rio de equities no Brasil, citando at\u00e9 mesmo um credit crunch em uma das cartas.<\/p>\n\n\n\n<p>Agora, o fundo tem cerca de 20% de exposi\u00e7\u00e3o na bolsa local, sendo o principal driver de ganhos em maio.<\/p>\n\n\n\n<p>Segundo a gest\u00e3o, o fundo teve em maio ganhos nas posi\u00e7\u00f5es a\u00e7\u00f5es no Brasil e em opera\u00e7\u00f5es de juros nos EUA. As perdas vieram do hedge em infla\u00e7\u00e3o impl\u00edcita no Brasil, das posi\u00e7\u00f5es de commodities, juros na Europa e infla\u00e7\u00e3o americana<\/p>\n\n\n\n<p>&#8220;Em maio vimos o Ibovespa subir 3.74%, e continuar em junho, acumulando alta de 8.02% nos seis primeiros preg\u00f5es do m\u00eas. Acreditamos que as a\u00e7\u00f5es t\u00eam espa\u00e7o para continuar performando bem, e o fundo tem mantido em torno de 20% alocado ao mercado local&#8221;, <a href=\"https:\/\/www.verdeasset.com.br\/public\/files\/rel_gestao\/158094\/Verde-REL-2023_05.pdf\" target=\"_blank\" rel=\"noreferrer noopener\">diz o relat\u00f3rio de gest\u00e3o<\/a>.<\/p>\n\n\n\n<p>&#8220;O fundo mant\u00e9m pequena exposi\u00e7\u00e3o comprada em bolsa global, al\u00e9m da aloca\u00e7\u00e3o no mercado brasileiro. A posi\u00e7\u00e3o comprada em infla\u00e7\u00e3o impl\u00edcita no Brasil foi mantida. Estamos tomados em juros na parte curta da curva e comprados em infla\u00e7\u00e3o nos EUA, e tomados no Jap\u00e3o. A posi\u00e7\u00e3o em ouro foi mantida, e assim como a pequena aloca\u00e7\u00e3o em petr\u00f3leo. As posi\u00e7\u00f5es em cr\u00e9dito <a class=\"suno-keyword\" target=\"_blank\" data-force=\"no\" data-priority=\"1\" href=\"https:\/\/www.suno.com.br\/artigos\/high-yield\/\" rel=\"noopener\">high yield<\/a> global foram marginalmente aumentadas e aquelas em cr\u00e9dito local foram mantidas&#8221;, completa.<\/p>\n\n\n\t<p>\n\t\t<a href=\"https:\/\/lp.suno.com.br\/ebook-como-analisar-uma-acao\/\" target=\"_blank\" data-element=\"shortcode-suno-banner\" title=\"Banner SUNO, clique e saiba mais\">\n\t\t\t<picture>\n\t\t\t\t<source media=\"(max-width: 500px)\" srcset=\"https:\/\/files.sunoresearch.com.br\/n\/uploads\/2023\/03\/Ebook-Acoes-Mobile.jpg\">\n\t\t\t\t<img class=\"newsContent__article__imgCapa newsContent__article__imgCapa--banner\"\n\t\t\t\t\tsrc=\"https:\/\/files.sunoresearch.com.br\/n\/uploads\/2023\/03\/Ebook-Acoes-Desktop.jpg\"\n\t\t\t\t\tdata-promo-id=\"378302\"\t\t\t\t\t\t\t\t\t\twidth='1420' height='286'\t\t\t\t\talt=\"https:\/\/files.sunoresearch.com.br\/n\/uploads\/2023\/03\/Ebook-Acoes-Desktop.jpg\"\n\t\t\t\t>\n\t\t\t<\/picture>\n\t\t<\/a>\n\t<\/p>\n\n\n\n\n\n<h2 class=\"wp-block-heading\">Fundo Verde mostra &#8216;onda de otimismo&#8217;<\/h2>\n\n\n\n<p>Em eu evento para investidores, membros da Asset destacaram um otimismo nas perspectivas atuais. &#8220;N\u00e3o \u00e9 sempre que estou nesse estado de esp\u00edrito&#8221;, disse Daniel Leichsenring ao Brazil Journal recentemente.<\/p>\n\n\n\n<p>\u201cO arcabou\u00e7o n\u00e3o resolve o problema do endividamento, mas equaciona boa parte dele,\u201d disse. <\/p>\n\n\n\n<p>Segundo Leichsenring , do <strong>Fundo Verde<\/strong>, o  limite para crescimento do gasto p\u00fablico foi uma \u201csurpresa positiva, que tira um risco importante do radar. Isso permite que a economia sinta os efeitos positivos das reformas quando as condi\u00e7\u00f5es externas melhorarem&#8221;. <\/p>\n\n\n\t<p>\n\t\t<a href=\"https:\/\/lp.suno.com.br\/suno-one\/?utm_campaign=_SNC6964518A_\" target=\"_blank\" data-element=\"shortcode-suno-banner\" title=\"Banner SUNO, clique e saiba mais\">\n\t\t\t<picture>\n\t\t\t\t<source media=\"(max-width: 500px)\" srcset=\"https:\/\/files.sunoresearch.com.br\/n\/uploads\/2025\/09\/400x300-Suno-One-png.webp\">\n\t\t\t\t<img class=\"newsContent__article__imgCapa newsContent__article__imgCapa--banner\"\n\t\t\t\t\tsrc=\"https:\/\/files.sunoresearch.com.br\/n\/uploads\/2025\/09\/1420x240-Suno-One-png.webp\"\n\t\t\t\t\tdata-promo-id=\"383121\"\t\t\t\t\t\t\t\t\t\twidth='1420' height='240'\t\t\t\t\talt=\"https:\/\/files.sunoresearch.com.br\/n\/uploads\/2025\/09\/1420x240-Suno-One-png.webp\"\n\t\t\t\t>\n\t\t\t<\/picture>\n\t\t<\/a>\n\t<\/p>\n\n\n","protected":false},"excerpt":{"rendered":"<p>Em nova carta, o Fundo Verde estimou que os ganhos da bolsa brasileira, que entrou em bull market recentemente, devem seguir pelos pr\u00f3ximos meses. Em carta aos cotistas, o Fundo Verde, gerido por Luis Stuhlberger, destacou que existem &#8220;contornos est\u00e3o bem estabelecidos&#8221; para o in\u00edcio da queda da Selic. No \u00faltimo m\u00eas, em maio, o [&hellip;]<\/p>\n","protected":false},"author":73,"featured_media":221085,"comment_status":"closed","ping_status":"closed","sticky":false,"template":"","format":"standard","meta":[],"categories":[60],"tags":[105816,105757],"suno_strategy":[],"class_list":["post-416084","post","type-post","status-publish","format-standard","has-post-thumbnail","hentry","category-mercado","tag-especialistas","tag-fundo-verde"],"yoast_head":"<!-- This site is optimized with the Yoast SEO plugin v24.4 - https:\/\/yoast.com\/wordpress\/plugins\/seo\/ -->\n<title>Fundo Verde aumenta otimismo com bolsa brasileira e mant\u00e9m exposi\u00e7\u00e3o de 20%<\/title>\n<meta name=\"description\" content=\"Em relat\u00f3rios de gest\u00e3o e declara\u00e7\u00f5es recentes, gestores do Fundo Verde destacam otimismo com posi\u00e7\u00f5es da bolsa local, que entrou em rali.\" \/>\n<meta name=\"robots\" content=\"index, follow, max-snippet:-1, max-image-preview:large, max-video-preview:-1\" \/>\n<link rel=\"canonical\" href=\"https:\/\/www.suno.com.br\/noticias\/fundo-verde-bolsa-ibovespa-otimismo-acoes\/\" \/>\n<meta property=\"og:locale\" content=\"pt_BR\" \/>\n<meta property=\"og:type\" content=\"article\" \/>\n<meta property=\"og:title\" content=\"Fundo Verde aumenta otimismo com bolsa brasileira e mant\u00e9m exposi\u00e7\u00e3o de 20%\" \/>\n<meta property=\"og:description\" content=\"Em relat\u00f3rios de gest\u00e3o e declara\u00e7\u00f5es recentes, gestores do Fundo Verde destacam otimismo com posi\u00e7\u00f5es da bolsa local, que entrou em rali.\" \/>\n<meta property=\"og:url\" content=\"https:\/\/www.suno.com.br\/noticias\/fundo-verde-bolsa-ibovespa-otimismo-acoes\/\" \/>\n<meta property=\"og:site_name\" content=\"Suno Not\u00edcias\" \/>\n<meta property=\"article:publisher\" content=\"https:\/\/facebook.com\/sunoresearch\" \/>\n<meta property=\"og:image\" content=\"https:\/\/files.sunoresearch.com.br\/n\/uploads\/2022\/01\/11L0183.jpg\" \/>\n\t<meta property=\"og:image:width\" content=\"1280\" \/>\n\t<meta property=\"og:image:height\" content=\"853\" \/>\n\t<meta property=\"og:image:type\" content=\"image\/jpeg\" \/>\n<meta name=\"author\" content=\"Eduardo Vargas\" \/>\n<meta name=\"twitter:card\" content=\"summary_large_image\" \/>\n<meta name=\"twitter:creator\" content=\"@sunoresearch\" \/>\n<meta name=\"twitter:site\" content=\"@sunoresearch\" \/>\n<meta name=\"twitter:label1\" content=\"Escrito por\" \/>\n\t<meta name=\"twitter:data1\" content=\"Eduardo Vargas\" \/>\n\t<meta name=\"twitter:label2\" content=\"Est. tempo de leitura\" \/>\n\t<meta name=\"twitter:data2\" content=\"3 minutos\" \/>\n<script type=\"application\/ld+json\" class=\"yoast-schema-graph\">{\"@context\":\"https:\/\/schema.org\",\"@graph\":[{\"@type\":\"NewsArticle\",\"@id\":\"https:\/\/www.suno.com.br\/noticias\/fundo-verde-bolsa-ibovespa-otimismo-acoes\/#article\",\"isPartOf\":{\"@id\":\"https:\/\/www.suno.com.br\/noticias\/fundo-verde-bolsa-ibovespa-otimismo-acoes\/\"},\"author\":{\"name\":\"Eduardo Vargas\",\"@id\":\"https:\/\/www.suno.com.br\/noticias\/#\/schema\/person\/7f4d362bf3518e76090143ae77bb49a5\"},\"headline\":\"Fundo Verde aumenta otimismo com bolsa brasileira e mant\u00e9m exposi\u00e7\u00e3o de 20%\",\"datePublished\":\"2023-06-13T18:36:43+00:00\",\"dateModified\":\"2023-06-13T18:37:10+00:00\",\"mainEntityOfPage\":{\"@id\":\"https:\/\/www.suno.com.br\/noticias\/fundo-verde-bolsa-ibovespa-otimismo-acoes\/\"},\"wordCount\":429,\"publisher\":{\"@id\":\"https:\/\/www.suno.com.br\/noticias\/#organization\"},\"image\":{\"@id\":\"https:\/\/www.suno.com.br\/noticias\/fundo-verde-bolsa-ibovespa-otimismo-acoes\/#primaryimage\"},\"thumbnailUrl\":\"https:\/\/files.sunoresearch.com.br\/n\/uploads\/2022\/01\/11L0183.jpg\",\"keywords\":[\"Especialistas\",\"Fundo Verde\"],\"articleSection\":[\"Mercado\"],\"inLanguage\":\"pt-BR\"},{\"@type\":\"WebPage\",\"@id\":\"https:\/\/www.suno.com.br\/noticias\/fundo-verde-bolsa-ibovespa-otimismo-acoes\/\",\"url\":\"https:\/\/www.suno.com.br\/noticias\/fundo-verde-bolsa-ibovespa-otimismo-acoes\/\",\"name\":\"Fundo Verde aumenta otimismo com bolsa brasileira e mant\u00e9m exposi\u00e7\u00e3o de 20%\",\"isPartOf\":{\"@id\":\"https:\/\/www.suno.com.br\/noticias\/#website\"},\"primaryImageOfPage\":{\"@id\":\"https:\/\/www.suno.com.br\/noticias\/fundo-verde-bolsa-ibovespa-otimismo-acoes\/#primaryimage\"},\"image\":{\"@id\":\"https:\/\/www.suno.com.br\/noticias\/fundo-verde-bolsa-ibovespa-otimismo-acoes\/#primaryimage\"},\"thumbnailUrl\":\"https:\/\/files.sunoresearch.com.br\/n\/uploads\/2022\/01\/11L0183.jpg\",\"datePublished\":\"2023-06-13T18:36:43+00:00\",\"dateModified\":\"2023-06-13T18:37:10+00:00\",\"description\":\"Em relat\u00f3rios de gest\u00e3o e declara\u00e7\u00f5es recentes, gestores do Fundo Verde destacam otimismo com posi\u00e7\u00f5es da bolsa local, que entrou em rali.\",\"breadcrumb\":{\"@id\":\"https:\/\/www.suno.com.br\/noticias\/fundo-verde-bolsa-ibovespa-otimismo-acoes\/#breadcrumb\"},\"inLanguage\":\"pt-BR\",\"potentialAction\":[{\"@type\":\"ReadAction\",\"target\":[\"https:\/\/www.suno.com.br\/noticias\/fundo-verde-bolsa-ibovespa-otimismo-acoes\/\"]}]},{\"@type\":\"ImageObject\",\"inLanguage\":\"pt-BR\",\"@id\":\"https:\/\/www.suno.com.br\/noticias\/fundo-verde-bolsa-ibovespa-otimismo-acoes\/#primaryimage\",\"url\":\"https:\/\/files.sunoresearch.com.br\/n\/uploads\/2022\/01\/11L0183.jpg\",\"contentUrl\":\"https:\/\/files.sunoresearch.com.br\/n\/uploads\/2022\/01\/11L0183.jpg\",\"width\":1280,\"height\":853,\"caption\":\"Luis Stuhlberger, do Fundo Verde, acumula rentabilidade de mais de 20.000% mesclando aloca\u00e7\u00f5es em renda fixa, a\u00e7\u00f5es e c\u00e2mbio - Foto: Reprodu\u00e7\u00e3o\"},{\"@type\":\"BreadcrumbList\",\"@id\":\"https:\/\/www.suno.com.br\/noticias\/fundo-verde-bolsa-ibovespa-otimismo-acoes\/#breadcrumb\",\"itemListElement\":[{\"@type\":\"ListItem\",\"position\":1,\"name\":\"Not\u00edcias\",\"item\":\"https:\/\/www.suno.com.br\/noticias\/\"},{\"@type\":\"ListItem\",\"position\":2,\"name\":\"Mercado\",\"item\":\"https:\/\/www.suno.com.br\/noticias\/mercado\/\"},{\"@type\":\"ListItem\",\"position\":3,\"name\":\"Fundo Verde aumenta otimismo com bolsa brasileira e mant\u00e9m exposi\u00e7\u00e3o de 20%\"}]},{\"@type\":\"WebSite\",\"@id\":\"https:\/\/www.suno.com.br\/noticias\/#website\",\"url\":\"https:\/\/www.suno.com.br\/noticias\/\",\"name\":\"Suno Not\u00edcias\",\"description\":\"Seu portal de informa\u00e7\u00e3o sobre o mundo dos investimentos\",\"publisher\":{\"@id\":\"https:\/\/www.suno.com.br\/noticias\/#organization\"},\"potentialAction\":[{\"@type\":\"SearchAction\",\"target\":{\"@type\":\"EntryPoint\",\"urlTemplate\":\"https:\/\/www.suno.com.br\/noticias\/?s={search_term_string}\"},\"query-input\":{\"@type\":\"PropertyValueSpecification\",\"valueRequired\":true,\"valueName\":\"search_term_string\"}}],\"inLanguage\":\"pt-BR\"},{\"@type\":\"Organization\",\"@id\":\"https:\/\/www.suno.com.br\/noticias\/#organization\",\"name\":\"Suno Not\u00edcias\",\"url\":\"https:\/\/www.suno.com.br\/noticias\/\",\"logo\":{\"@type\":\"ImageObject\",\"inLanguage\":\"pt-BR\",\"@id\":\"https:\/\/www.suno.com.br\/noticias\/#\/schema\/logo\/image\/\",\"url\":\"https:\/\/files.sunoresearch.com.br\/n\/uploads\/2021\/09\/suno-logo.png\",\"contentUrl\":\"https:\/\/files.sunoresearch.com.br\/n\/uploads\/2021\/09\/suno-logo.png\",\"width\":180,\"height\":180,\"caption\":\"Suno Not\u00edcias\"},\"image\":{\"@id\":\"https:\/\/www.suno.com.br\/noticias\/#\/schema\/logo\/image\/\"},\"sameAs\":[\"https:\/\/facebook.com\/sunoresearch\",\"https:\/\/x.com\/sunoresearch\",\"https:\/\/www.instagram.com\/suno\",\"https:\/\/www.linkedin.com\/company\/suno-research\/\",\"https:\/\/www.youtube.com\/c\/sunoresearch\"]},{\"@type\":\"Person\",\"@id\":\"https:\/\/www.suno.com.br\/noticias\/#\/schema\/person\/7f4d362bf3518e76090143ae77bb49a5\",\"name\":\"Eduardo Vargas\",\"image\":{\"@type\":\"ImageObject\",\"inLanguage\":\"pt-BR\",\"@id\":\"https:\/\/www.suno.com.br\/noticias\/#\/schema\/person\/image\/\",\"url\":\"https:\/\/secure.gravatar.com\/avatar\/dac340933427a22924c9f99d1eb2e3f2?s=96&r=g\",\"contentUrl\":\"https:\/\/secure.gravatar.com\/avatar\/dac340933427a22924c9f99d1eb2e3f2?s=96&r=g\",\"caption\":\"Eduardo Vargas\"},\"description\":\"Jornalista formado pela UFSC, cobre macroeconomia, neg\u00f3cios e startups para o Suno Not\u00edcias, escrevendo principalmente not\u00edcias sobre o mercado financeiro e a bolsa de valores. No YouTube e no Instagram, \u00e9 respons\u00e1vel pela produ\u00e7\u00e3o de Reels e Shorts do Suno Not\u00edcias. Anteriormente, trabalhou cobrindo economia e cotidiano no ND+ e para o ND, maior jornal impresso de Santa Catarina. Cursou um semestre letivo de Estudos de M\u00eddia na Universidad de Buenos Aires.\",\"url\":\"https:\/\/www.suno.com.br\/noticias\/author\/eduardo-vargas\/\"}]}<\/script>\n<!-- \/ Yoast SEO plugin. -->","yoast_head_json":{"title":"Fundo Verde aumenta otimismo com bolsa brasileira e mant\u00e9m exposi\u00e7\u00e3o de 20%","description":"Em relat\u00f3rios de gest\u00e3o e declara\u00e7\u00f5es recentes, gestores do Fundo Verde destacam otimismo com posi\u00e7\u00f5es da bolsa local, que entrou em rali.","robots":{"index":"index","follow":"follow","max-snippet":"max-snippet:-1","max-image-preview":"max-image-preview:large","max-video-preview":"max-video-preview:-1"},"canonical":"https:\/\/www.suno.com.br\/noticias\/fundo-verde-bolsa-ibovespa-otimismo-acoes\/","og_locale":"pt_BR","og_type":"article","og_title":"Fundo Verde aumenta otimismo com bolsa brasileira e mant\u00e9m exposi\u00e7\u00e3o de 20%","og_description":"Em relat\u00f3rios de gest\u00e3o e declara\u00e7\u00f5es recentes, gestores do Fundo Verde destacam otimismo com posi\u00e7\u00f5es da bolsa local, que entrou em rali.","og_url":"https:\/\/www.suno.com.br\/noticias\/fundo-verde-bolsa-ibovespa-otimismo-acoes\/","og_site_name":"Suno Not\u00edcias","article_publisher":"https:\/\/facebook.com\/sunoresearch","og_image":[{"width":1280,"height":853,"url":"https:\/\/files.sunoresearch.com.br\/n\/uploads\/2022\/01\/11L0183.jpg","type":"image\/jpeg"}],"author":"Eduardo Vargas","twitter_card":"summary_large_image","twitter_creator":"@sunoresearch","twitter_site":"@sunoresearch","twitter_misc":{"Escrito por":"Eduardo Vargas","Est. tempo de leitura":"3 minutos"},"schema":{"@context":"https:\/\/schema.org","@graph":[{"@type":"NewsArticle","@id":"https:\/\/www.suno.com.br\/noticias\/fundo-verde-bolsa-ibovespa-otimismo-acoes\/#article","isPartOf":{"@id":"https:\/\/www.suno.com.br\/noticias\/fundo-verde-bolsa-ibovespa-otimismo-acoes\/"},"author":{"name":"Eduardo Vargas","@id":"https:\/\/www.suno.com.br\/noticias\/#\/schema\/person\/7f4d362bf3518e76090143ae77bb49a5"},"headline":"Fundo Verde aumenta otimismo com bolsa brasileira e mant\u00e9m exposi\u00e7\u00e3o de 20%","datePublished":"2023-06-13T18:36:43+00:00","dateModified":"2023-06-13T18:37:10+00:00","mainEntityOfPage":{"@id":"https:\/\/www.suno.com.br\/noticias\/fundo-verde-bolsa-ibovespa-otimismo-acoes\/"},"wordCount":429,"publisher":{"@id":"https:\/\/www.suno.com.br\/noticias\/#organization"},"image":{"@id":"https:\/\/www.suno.com.br\/noticias\/fundo-verde-bolsa-ibovespa-otimismo-acoes\/#primaryimage"},"thumbnailUrl":"https:\/\/files.sunoresearch.com.br\/n\/uploads\/2022\/01\/11L0183.jpg","keywords":["Especialistas","Fundo Verde"],"articleSection":["Mercado"],"inLanguage":"pt-BR"},{"@type":"WebPage","@id":"https:\/\/www.suno.com.br\/noticias\/fundo-verde-bolsa-ibovespa-otimismo-acoes\/","url":"https:\/\/www.suno.com.br\/noticias\/fundo-verde-bolsa-ibovespa-otimismo-acoes\/","name":"Fundo Verde aumenta otimismo com bolsa brasileira e mant\u00e9m exposi\u00e7\u00e3o de 20%","isPartOf":{"@id":"https:\/\/www.suno.com.br\/noticias\/#website"},"primaryImageOfPage":{"@id":"https:\/\/www.suno.com.br\/noticias\/fundo-verde-bolsa-ibovespa-otimismo-acoes\/#primaryimage"},"image":{"@id":"https:\/\/www.suno.com.br\/noticias\/fundo-verde-bolsa-ibovespa-otimismo-acoes\/#primaryimage"},"thumbnailUrl":"https:\/\/files.sunoresearch.com.br\/n\/uploads\/2022\/01\/11L0183.jpg","datePublished":"2023-06-13T18:36:43+00:00","dateModified":"2023-06-13T18:37:10+00:00","description":"Em relat\u00f3rios de gest\u00e3o e declara\u00e7\u00f5es recentes, gestores do Fundo Verde destacam otimismo com posi\u00e7\u00f5es da bolsa local, que entrou em rali.","breadcrumb":{"@id":"https:\/\/www.suno.com.br\/noticias\/fundo-verde-bolsa-ibovespa-otimismo-acoes\/#breadcrumb"},"inLanguage":"pt-BR","potentialAction":[{"@type":"ReadAction","target":["https:\/\/www.suno.com.br\/noticias\/fundo-verde-bolsa-ibovespa-otimismo-acoes\/"]}]},{"@type":"ImageObject","inLanguage":"pt-BR","@id":"https:\/\/www.suno.com.br\/noticias\/fundo-verde-bolsa-ibovespa-otimismo-acoes\/#primaryimage","url":"https:\/\/files.sunoresearch.com.br\/n\/uploads\/2022\/01\/11L0183.jpg","contentUrl":"https:\/\/files.sunoresearch.com.br\/n\/uploads\/2022\/01\/11L0183.jpg","width":1280,"height":853,"caption":"Luis Stuhlberger, do Fundo Verde, acumula rentabilidade de mais de 20.000% mesclando aloca\u00e7\u00f5es em renda fixa, a\u00e7\u00f5es e c\u00e2mbio - Foto: Reprodu\u00e7\u00e3o"},{"@type":"BreadcrumbList","@id":"https:\/\/www.suno.com.br\/noticias\/fundo-verde-bolsa-ibovespa-otimismo-acoes\/#breadcrumb","itemListElement":[{"@type":"ListItem","position":1,"name":"Not\u00edcias","item":"https:\/\/www.suno.com.br\/noticias\/"},{"@type":"ListItem","position":2,"name":"Mercado","item":"https:\/\/www.suno.com.br\/noticias\/mercado\/"},{"@type":"ListItem","position":3,"name":"Fundo Verde aumenta otimismo com bolsa brasileira e mant\u00e9m exposi\u00e7\u00e3o de 20%"}]},{"@type":"WebSite","@id":"https:\/\/www.suno.com.br\/noticias\/#website","url":"https:\/\/www.suno.com.br\/noticias\/","name":"Suno Not\u00edcias","description":"Seu portal de informa\u00e7\u00e3o sobre o mundo dos investimentos","publisher":{"@id":"https:\/\/www.suno.com.br\/noticias\/#organization"},"potentialAction":[{"@type":"SearchAction","target":{"@type":"EntryPoint","urlTemplate":"https:\/\/www.suno.com.br\/noticias\/?s={search_term_string}"},"query-input":{"@type":"PropertyValueSpecification","valueRequired":true,"valueName":"search_term_string"}}],"inLanguage":"pt-BR"},{"@type":"Organization","@id":"https:\/\/www.suno.com.br\/noticias\/#organization","name":"Suno Not\u00edcias","url":"https:\/\/www.suno.com.br\/noticias\/","logo":{"@type":"ImageObject","inLanguage":"pt-BR","@id":"https:\/\/www.suno.com.br\/noticias\/#\/schema\/logo\/image\/","url":"https:\/\/files.sunoresearch.com.br\/n\/uploads\/2021\/09\/suno-logo.png","contentUrl":"https:\/\/files.sunoresearch.com.br\/n\/uploads\/2021\/09\/suno-logo.png","width":180,"height":180,"caption":"Suno Not\u00edcias"},"image":{"@id":"https:\/\/www.suno.com.br\/noticias\/#\/schema\/logo\/image\/"},"sameAs":["https:\/\/facebook.com\/sunoresearch","https:\/\/x.com\/sunoresearch","https:\/\/www.instagram.com\/suno","https:\/\/www.linkedin.com\/company\/suno-research\/","https:\/\/www.youtube.com\/c\/sunoresearch"]},{"@type":"Person","@id":"https:\/\/www.suno.com.br\/noticias\/#\/schema\/person\/7f4d362bf3518e76090143ae77bb49a5","name":"Eduardo Vargas","image":{"@type":"ImageObject","inLanguage":"pt-BR","@id":"https:\/\/www.suno.com.br\/noticias\/#\/schema\/person\/image\/","url":"https:\/\/secure.gravatar.com\/avatar\/dac340933427a22924c9f99d1eb2e3f2?s=96&r=g","contentUrl":"https:\/\/secure.gravatar.com\/avatar\/dac340933427a22924c9f99d1eb2e3f2?s=96&r=g","caption":"Eduardo Vargas"},"description":"Jornalista formado pela UFSC, cobre macroeconomia, neg\u00f3cios e startups para o Suno Not\u00edcias, escrevendo principalmente not\u00edcias sobre o mercado financeiro e a bolsa de valores. No YouTube e no Instagram, \u00e9 respons\u00e1vel pela produ\u00e7\u00e3o de Reels e Shorts do Suno Not\u00edcias. Anteriormente, trabalhou cobrindo economia e cotidiano no ND+ e para o ND, maior jornal impresso de Santa Catarina. Cursou um semestre letivo de Estudos de M\u00eddia na Universidad de Buenos Aires.","url":"https:\/\/www.suno.com.br\/noticias\/author\/eduardo-vargas\/"}]}},"default_loop_html":"<div class=\"cardsPage__listCard__boxs\"><div class=\"cardsPage__listCard__boxs__img\"><a href=\"https:\/\/www.suno.com.br\/noticias\/fundo-verde-bolsa-ibovespa-otimismo-acoes\/\"><img class=\"mask\" src=\"https:\/\/www.suno.com.br\/noticias\/wp-content\/themes\/suno\/resources\/images\/spotlight\/spotlight1img\/bg-mask.png\" alt=\"Image Mask\"\/><img src=\"https:\/\/files.sunoresearch.com.br\/n\/uploads\/2022\/01\/11L0183-400x200.jpg\" alt=\"Fundo Verde aumenta otimismo com bolsa brasileira e mant\u00e9m exposi\u00e7\u00e3o de 20%\"\/><\/a><span class=\"spotlightCategory\"><a href=\"https:\/\/www.suno.com.br\/noticias\/mercado\/\">Mercado<\/a><\/span><\/div><div class=\"cardsPage__listCard__boxs__content\"><a href=\"https:\/\/www.suno.com.br\/noticias\/fundo-verde-bolsa-ibovespa-otimismo-acoes\/\"><h2 class=\"content__title\">Fundo Verde aumenta otimismo com bolsa brasileira e mant\u00e9m exposi\u00e7\u00e3o de 20%<\/h2><\/a><div class=\"newsContent__article__meta\"><div class=\"newsContent__article__meta__authorBox\"><a href=\"https:\/\/www.suno.com.br\/noticias\/author\/eduardo-vargas\/\" class=\"authorBox__avatar noMobi\"><img src=\"https:\/\/secure.gravatar.com\/avatar\/dac340933427a22924c9f99d1eb2e3f2?s=96&#038;r=g\" alt=\"Eduardo Vargas\"><\/a><div class=\"authorBox__name\"><span>por\n\t\t\t<a href=\"https:\/\/www.suno.com.br\/noticias\/author\/eduardo-vargas\/\"><span itemprop=\"author\">Eduardo Vargas<\/span><\/a><\/span><time datetime=\"2023-06-13T15:36:43-03:00\" itemprop=\"datePublished\">13\/06\/2023 15:36<\/time><\/div><\/div><\/div><\/div><\/div>","single_layout":"posts","amp_enabled":true,"_links":{"self":[{"href":"https:\/\/www.suno.com.br\/noticias\/wp-json\/wp\/v2\/posts\/416084"}],"collection":[{"href":"https:\/\/www.suno.com.br\/noticias\/wp-json\/wp\/v2\/posts"}],"about":[{"href":"https:\/\/www.suno.com.br\/noticias\/wp-json\/wp\/v2\/types\/post"}],"author":[{"embeddable":true,"href":"https:\/\/www.suno.com.br\/noticias\/wp-json\/wp\/v2\/users\/73"}],"replies":[{"embeddable":true,"href":"https:\/\/www.suno.com.br\/noticias\/wp-json\/wp\/v2\/comments?post=416084"}],"version-history":[{"count":3,"href":"https:\/\/www.suno.com.br\/noticias\/wp-json\/wp\/v2\/posts\/416084\/revisions"}],"predecessor-version":[{"id":416107,"href":"https:\/\/www.suno.com.br\/noticias\/wp-json\/wp\/v2\/posts\/416084\/revisions\/416107"}],"wp:featuredmedia":[{"embeddable":true,"href":"https:\/\/www.suno.com.br\/noticias\/wp-json\/wp\/v2\/media\/221085"}],"wp:attachment":[{"href":"https:\/\/www.suno.com.br\/noticias\/wp-json\/wp\/v2\/media?parent=416084"}],"wp:term":[{"taxonomy":"category","embeddable":true,"href":"https:\/\/www.suno.com.br\/noticias\/wp-json\/wp\/v2\/categories?post=416084"},{"taxonomy":"post_tag","embeddable":true,"href":"https:\/\/www.suno.com.br\/noticias\/wp-json\/wp\/v2\/tags?post=416084"},{"taxonomy":"suno_strategy","embeddable":true,"href":"https:\/\/www.suno.com.br\/noticias\/wp-json\/wp\/v2\/suno_strategy?post=416084"}],"curies":[{"name":"wp","href":"https:\/\/api.w.org\/{rel}","templated":true}]}}