{"id":41591,"date":"2019-10-20T19:30:38","date_gmt":"2019-10-20T21:30:38","guid":{"rendered":"https:\/\/www.suno.com.br\/noticias\/?p=41591"},"modified":"2019-10-18T20:58:27","modified_gmt":"2019-10-18T23:58:27","slug":"agenda-da-sema-follow-on-reforma-da-previdencia-18102019","status":"publish","type":"post","link":"https:\/\/www.suno.com.br\/noticias\/agenda-da-sema-follow-on-reforma-da-previdencia-18102019\/","title":{"rendered":"Agenda da Semana: follow-on do BB, reforma da Previd\u00eancia e balan\u00e7os"},"content":{"rendered":"<p>A quarta semana de outubro, que come\u00e7a na pr\u00f3xima segunda-feira (21), tem uma agenda marcada por assuntos importantes no cen\u00e1rio interno.<\/p>\t<div class=\"wrapper-featured-image\">\n\t\t<figure class=\"spotlightImg\">\n\n\t\t\t<picture>\n\t\t\t\t<source media=\"(max-width: 768px)\" srcset=\"https:\/\/files.sunoresearch.com.br\/n\/uploads\/2019\/10\/efe69272-calendar-3906791_960_720-400x200.webp\">\n\t\t\t\t<img loading=\"lazy\" decoding=\"async\" class=\"newsContent__article__imgCapa lazyloadDisabled newsContent__article__imgCapa--noCaption\" src=\"https:\/\/files.sunoresearch.com.br\/n\/uploads\/2019\/10\/efe69272-calendar-3906791_960_720-jpg.webp\" width=\"800\" height=\"450\" alt=\"Agenda da Semana: follow-on do BB, reforma da Previd\u00eancia e balan\u00e7os\" fetchpriority=high \/>\n\t\t\t<\/picture>\n\n\t\t\t<figcaption class=\"wp-caption-text wp-caption-text--hide\">Agenda da Semana: Partido de Bolsonaro e julgamentos do STF<\/figcaption>\n\t\t<\/figure>\n\t<\/div>\n\n\n\n<p>As negocia\u00e7\u00f5es das a\u00e7\u00f5es da oferta subsequente do <strong>Banco do Brasil (BBAS3)<\/strong> devem refletir no mercado acion\u00e1rio nacional. Al\u00e9m disso, a vota\u00e7\u00e3o do segundo turno da <strong>reforma da Previd\u00eancia<\/strong> movimentar\u00e1 a <strong>agenda da semana<\/strong>.<\/p>\n<p>Ademais, algumas empresas principais da Bolsa de Valores divulgar\u00e3o seus resultados do terceiro trimestre deste ano.<\/p>\n<p>Confira quais s\u00e3o os principais eventos de cada um dos dias:<\/p>\n<h2>Segunda-feira<\/h2>\n<p>Na pr\u00f3xima segunda-feira (21), as a\u00e7\u00f5es da oferta subsequente (<a href=\"https:\/\/www.suno.com.br\/artigos\/follow-on\/\">follow-on<\/a>) do <strong>Banco<\/strong>\u00a0<strong>do Brasil<\/strong> ser\u00e3o negociadas na<a href=\"https:\/\/www.suno.com.br\/artigos\/b3\/\"> Bolsa de Valores (B3<\/a>). As <a href=\"https:\/\/www.suno.com.br\/artigos\/tipos-de-acoes\/\">a\u00e7\u00f5es<\/a> foram precificadas em R$ 44,05. Na base desse pre\u00e7o o banco p\u00fablico poder\u00e1 levantar aproximadamente R$ 5,8 bilh\u00f5es em sua opera\u00e7\u00e3o.<\/p>\n\t<p>\n\t\t<a href=\"https:\/\/lp.suno.com.br\/asset\/fundos\/suno-fic-fia\/\" target=\"_blank\" data-element=\"shortcode-suno-banner\" title=\"Banner SUNO, clique e saiba mais\">\n\t\t\t<picture>\n\t\t\t\t<source media=\"(max-width: 500px)\" srcset=\"https:\/\/files.sunoresearch.com.br\/n\/uploads\/2023\/10\/SUNO-FIC-FIA-400x300-Mobile-Artigos-5-v3.png\">\n\t\t\t\t<img class=\"newsContent__article__imgCapa newsContent__article__imgCapa--banner\"\n\t\t\t\t\tsrc=\"https:\/\/files.sunoresearch.com.br\/n\/uploads\/2023\/10\/SUNO-FIC-FIA-1420x240-Banner-Artigos-1-_-Banner-Materias-4-v3-png.webp\"\n\t\t\t\t\tdata-promo-id=\"478744\"\t\t\t\t\t\t\t\t\t\twidth='2560' height='433'\t\t\t\t\talt=\"https:\/\/files.sunoresearch.com.br\/n\/uploads\/2023\/10\/SUNO-FIC-FIA-1420x240-Banner-Artigos-1-_-Banner-Materias-4-v3-png.webp\"\n\t\t\t\t>\n\t\t\t<\/picture>\n\t\t<\/a>\n\t<\/p>\n\n\n<p>Como todas as segundas, o Relat\u00f3rio de Mercado &#8211; Boletim Focus, \u00e9 divulgado \u00e0s 8h30 pelo Banco Central, com resumo das previs\u00f5es dos analistas das 100 maiores institui\u00e7\u00f5es financeiras do Brasil.<\/p>\n<p><a href=\"https:\/\/www.suno.com.br\/noticias\/banco-do-brasil-precificacao-do-follow-on\/\">Saiba mais: Banco do Brasil divulga precifica\u00e7\u00e3o das a\u00e7\u00f5es nesta quinta-feira<\/a><\/p>\n<p>Al\u00e9m disso, o presidente da Assembleia Legislativa do Rio Grande do Sul, o deputado Luis Augusto Lara, ser\u00e1 julgado pelo Tribunal Regional Eleitoral (TRE) por abuso de poder pol\u00edtico e econ\u00f4mico.<\/p>\n<h2>Ter\u00e7a-feira<\/h2>\n<p>Na ter\u00e7a-feira (22), est\u00e1 previsto a vota\u00e7\u00e3o em segundo turno sobre o texto da <strong>reforma da Previd\u00eancia.<\/strong> O <strong>Senado Federal<\/strong> aprovou a proposta em primeiro turno no dia 2 de outubro. O texto prev\u00ea uma economia de um pouco mais de R$ 800 bilh\u00f5es no per\u00edodo de dez anos.<\/p>\n<p>O Google, Facebook, Twitter e WhatsApp v\u00e3o aderir ao Programa de Enfrentamento \u00e0 Desinforma\u00e7\u00e3o com foco nas Elei\u00e7\u00f5es 2020 do <strong>Tribunal Superior Eleitoral (TSE)<\/strong>. &#8220;Com as novas ades\u00f5es, o programa passar\u00e1 a contar com 40 institui\u00e7\u00f5es no desenvolvimento de a\u00e7\u00f5es conjuntas capazes de reduzir os efeitos negativos da desinforma\u00e7\u00e3o&#8221;, informou o TSE em seu site.<\/p>\n<p>Al\u00e9m disso, algumas empresas divulgar\u00e3o seus balan\u00e7os na ter\u00e7a-feira:<\/p>\n<ul>\n<li>Localiza (RENT3)<\/li>\n<li>EDP Brasil (ENBR3)<\/li>\n<li>Weg (WEGE3).<\/li>\n<\/ul>\n<p>O <strong>Instituto Brasileiro de Geografia e Estat\u00edstica (IBGE)<\/strong> divulgar\u00e1 o <strong>\u00cdndice Nacional de Pre\u00e7os ao Consumidor Amplo 15 (IPCA-15)<\/strong>. Por sua vez, a <strong>Funda\u00e7\u00e3o Get\u00falio Vargas (FGV)<\/strong> publicar\u00e1 a Pr\u00e9via da Sondagem da Ind\u00fastria de Outubro.<\/p>\n<h2>Quarta-feira<\/h2>\n<p>O governo pretende apresentar na pr\u00f3xima quarta-feira (23), ap\u00f3s a vota\u00e7\u00e3o da Previd\u00eancia, uma agenda econ\u00f4mica que inclui temas como reforma administrativa, tribut\u00e1ria e a <a href=\"https:\/\/www.suno.com.br\/artigos\/regra-de-ouro\/\">Regra de Ouro<\/a>.<\/p>\n\t<p>\n\t\t<a href=\"https:\/\/lp.statusinvest.com.br\/cl\/carteira-automatizada\/\" target=\"_blank\" data-element=\"shortcode-suno-banner\" title=\"Banner SUNO, clique e saiba mais\">\n\t\t\t<picture>\n\t\t\t\t<source media=\"(max-width: 500px)\" srcset=\"https:\/\/files.sunoresearch.com.br\/n\/uploads\/2024\/02\/400x300-Mobile.png\">\n\t\t\t\t<img class=\"newsContent__article__imgCapa newsContent__article__imgCapa--banner\"\n\t\t\t\t\tsrc=\"https:\/\/files.sunoresearch.com.br\/n\/uploads\/2024\/02\/1420x240-Desktop.png\"\n\t\t\t\t\tdata-promo-id=\"518879\"\t\t\t\t\t\t\t\t\t\twidth='1420' height='240'\t\t\t\t\talt=\"https:\/\/files.sunoresearch.com.br\/n\/uploads\/2024\/02\/1420x240-Desktop.png\"\n\t\t\t\t>\n\t\t\t<\/picture>\n\t\t<\/a>\n\t<\/p>\n\n\n<p>O Supremo Tribunal Federal retornar\u00e1 na quarta a julgar a legalidade das pris\u00f5es ap\u00f3s a condena\u00e7\u00e3o em segunda inst\u00e2ncia, revendo o entendimento adotado em 2016. A decis\u00e3o, se caso o plen\u00e1rio permitir que os condenados fiquem em liberdade, beneficiar\u00e1 o ex-presidente Luiz In\u00e1cio Lula da Silva, e o ex-ministro Jos\u00e9 Dirceu presos na <strong>opera\u00e7\u00e3o Lava-Jato.<\/strong><\/p>\n<p>A comiss\u00e3o mista se reunir\u00e1 para analisar a transfer\u00eancia do <a href=\"https:\/\/www.suno.com.br\/artigos\/o-que-e-coaf\/\">Conselho de Controle de Atividade Financeiras (Coaf)<\/a> para o <a href=\"https:\/\/www.suno.com.br\/artigos\/bacen\/\">Banco Central<\/a>.<\/p>\n<p>A FGV divulgar\u00e1 o Indicador de Expectativa de Infla\u00e7\u00e3o dos Consumidores e o \u00cdndice de Pre\u00e7os ao Consumidor Semanal (IPC-S) de outubro.<\/p>\n<h2>Quinta-feira<\/h2>\n<p>Na pr\u00f3xima quinta-feira (24) cerca de seis empresas divulgar\u00e3o seus resultados do terceiro trimestre deste ano.<\/p>\n<p>Empresas que divulgar\u00e3o seus balan\u00e7o:<\/p>\n<ul>\n<li>A\u00e7o Altona (EALT\/EALT4)<\/li>\n<li>Fleury (FLRY3)<\/li>\n<li>Grendene (GRDN3)<\/li>\n<li>Lojas Renner (LREN3)<\/li>\n<li>Petrobras (PETR3\/PETR4)<\/li>\n<li>Vale (VALE3\/VALE5)<\/li>\n<\/ul>\n<p>Al\u00e9m disso, a FGV divulga a pesquisa Sondagem do Consumidor.<\/p>\n<p>No mesmo dia <a href=\"https:\/\/www.suno.com.br\/artigos\/cmn-conselho-monetario-nacional\/\">Conselho Monet\u00e1rio Nacional<\/a> se re\u00fane e o Banco Central divulga dados de estat\u00edsticas do setor externo.<\/p>\n<h2>Sexta-feira<\/h2>\n<p>A partir da sexta-feira (25), os trabalhadores que n\u00e3o possuem conta corrente na Caixa Econ\u00f4mica Federal poder\u00e3o sacar at\u00e9 R$ 500 por conta o <a href=\"https:\/\/www.suno.com.br\/artigos\/fgts\/\">Fundo de Garantia do Tempo de Servi\u00e7o (FGTS)<\/a>. O cronograma do saque \u00e9 para as pessoas que nasceram em fevereiro.<\/p>\n<p>A FGV divulga a Sondagem do Com\u00e9rcio. Por sua vez, o Banco Central divulga os dados das estat\u00edsticas monet\u00e1rias e de cr\u00e9dito.<\/p>\n<p>Al\u00e9m disso, as empresas que divulgar\u00e3o seus balan\u00e7os s\u00e3o:<\/p>\n<ul>\n<li>Ambev (ABEV3)<\/li>\n<li>Usiminas (USIM3\/USIM5\/USIM6)<\/li>\n<\/ul>\n<p>A <strong>agenda da semana<\/strong> mostra os principais acontecimentos que v\u00e3o movimentar o mercado durante a semana.<\/p>\n","protected":false},"excerpt":{"rendered":"<p>A quarta semana de outubro, que come\u00e7a na pr\u00f3xima segunda-feira (21), tem uma agenda marcada por assuntos importantes no cen\u00e1rio interno. Agenda da Semana: Partido de Bolsonaro e julgamentos do STF As negocia\u00e7\u00f5es das a\u00e7\u00f5es da oferta subsequente do Banco do Brasil (BBAS3) devem refletir no mercado acion\u00e1rio nacional. Al\u00e9m disso, a vota\u00e7\u00e3o do segundo [&hellip;]<\/p>\n","protected":false},"author":15,"featured_media":41624,"comment_status":"closed","ping_status":"closed","sticky":false,"template":"","format":"standard","meta":[],"categories":[64],"tags":[2108,732,940],"suno_strategy":[],"class_list":["post-41591","post","type-post","status-publish","format-standard","has-post-thumbnail","hentry","category-negocios","tag-agenda-da-semana","tag-banco-do-brasil-bbas3","tag-reforma-da-previdencia"],"yoast_head":"<!-- This site is optimized with the Yoast SEO plugin v24.4 - https:\/\/yoast.com\/wordpress\/plugins\/seo\/ -->\n<title>Agenda da Semana: follow-on do BB, reforma da Previd\u00eancia e balan\u00e7os<\/title>\n<meta name=\"description\" content=\"A quarta semana de outubro, que come\u00e7a na pr\u00f3xima segunda-feira, tem uma agenda marcada por resultados importantes. Clique para saber mais.\" \/>\n<meta name=\"robots\" content=\"index, follow, max-snippet:-1, max-image-preview:large, max-video-preview:-1\" \/>\n<link rel=\"canonical\" href=\"https:\/\/www.suno.com.br\/noticias\/agenda-da-sema-follow-on-reforma-da-previdencia-18102019\/\" \/>\n<meta property=\"og:locale\" content=\"pt_BR\" \/>\n<meta property=\"og:type\" content=\"article\" \/>\n<meta property=\"og:title\" content=\"Agenda da Semana: follow-on do BB, reforma da Previd\u00eancia e balan\u00e7os\" \/>\n<meta property=\"og:description\" content=\"A quarta semana de outubro, que come\u00e7a na pr\u00f3xima segunda-feira, tem uma agenda marcada por resultados importantes. Clique para saber mais.\" \/>\n<meta property=\"og:url\" content=\"https:\/\/www.suno.com.br\/noticias\/agenda-da-sema-follow-on-reforma-da-previdencia-18102019\/\" \/>\n<meta property=\"og:site_name\" content=\"Suno Not\u00edcias\" \/>\n<meta property=\"article:publisher\" content=\"https:\/\/facebook.com\/sunoresearch\" \/>\n<meta property=\"og:image\" content=\"https:\/\/files.sunoresearch.com.br\/n\/uploads\/2019\/10\/efe69272-calendar-3906791_960_720.jpg\" \/>\n\t<meta property=\"og:image:width\" content=\"720\" \/>\n\t<meta property=\"og:image:height\" content=\"720\" \/>\n\t<meta property=\"og:image:type\" content=\"image\/jpeg\" \/>\n<meta name=\"author\" content=\"Poliana Santos\" \/>\n<meta name=\"twitter:card\" content=\"summary_large_image\" \/>\n<meta name=\"twitter:creator\" content=\"@sunoresearch\" \/>\n<meta name=\"twitter:site\" content=\"@sunoresearch\" \/>\n<meta name=\"twitter:label1\" content=\"Escrito por\" \/>\n\t<meta name=\"twitter:data1\" content=\"Poliana Santos\" \/>\n\t<meta name=\"twitter:label2\" content=\"Est. tempo de leitura\" \/>\n\t<meta name=\"twitter:data2\" content=\"4 minutos\" \/>\n<script type=\"application\/ld+json\" class=\"yoast-schema-graph\">{\"@context\":\"https:\/\/schema.org\",\"@graph\":[{\"@type\":\"NewsArticle\",\"@id\":\"https:\/\/www.suno.com.br\/noticias\/agenda-da-sema-follow-on-reforma-da-previdencia-18102019\/#article\",\"isPartOf\":{\"@id\":\"https:\/\/www.suno.com.br\/noticias\/agenda-da-sema-follow-on-reforma-da-previdencia-18102019\/\"},\"author\":{\"name\":\"Poliana Santos\",\"@id\":\"https:\/\/www.suno.com.br\/noticias\/#\/schema\/person\/02ec1f752758247878a2bf4abee1aeda\"},\"headline\":\"Agenda da Semana: follow-on do BB, reforma da Previd\u00eancia e balan\u00e7os\",\"datePublished\":\"2019-10-20T21:30:38+00:00\",\"mainEntityOfPage\":{\"@id\":\"https:\/\/www.suno.com.br\/noticias\/agenda-da-sema-follow-on-reforma-da-previdencia-18102019\/\"},\"wordCount\":742,\"publisher\":{\"@id\":\"https:\/\/www.suno.com.br\/noticias\/#organization\"},\"image\":{\"@id\":\"https:\/\/www.suno.com.br\/noticias\/agenda-da-sema-follow-on-reforma-da-previdencia-18102019\/#primaryimage\"},\"thumbnailUrl\":\"https:\/\/files.sunoresearch.com.br\/n\/uploads\/2019\/10\/efe69272-calendar-3906791_960_720-jpg.webp\",\"keywords\":[\"agenda da semana\",\"Banco do Brasil (BBAS3)\",\"Reforma da Previd\u00eancia\"],\"articleSection\":[\"Neg\u00f3cios\"],\"inLanguage\":\"pt-BR\"},{\"@type\":\"WebPage\",\"@id\":\"https:\/\/www.suno.com.br\/noticias\/agenda-da-sema-follow-on-reforma-da-previdencia-18102019\/\",\"url\":\"https:\/\/www.suno.com.br\/noticias\/agenda-da-sema-follow-on-reforma-da-previdencia-18102019\/\",\"name\":\"Agenda da Semana: follow-on do BB, reforma da Previd\u00eancia e balan\u00e7os\",\"isPartOf\":{\"@id\":\"https:\/\/www.suno.com.br\/noticias\/#website\"},\"primaryImageOfPage\":{\"@id\":\"https:\/\/www.suno.com.br\/noticias\/agenda-da-sema-follow-on-reforma-da-previdencia-18102019\/#primaryimage\"},\"image\":{\"@id\":\"https:\/\/www.suno.com.br\/noticias\/agenda-da-sema-follow-on-reforma-da-previdencia-18102019\/#primaryimage\"},\"thumbnailUrl\":\"https:\/\/files.sunoresearch.com.br\/n\/uploads\/2019\/10\/efe69272-calendar-3906791_960_720-jpg.webp\",\"datePublished\":\"2019-10-20T21:30:38+00:00\",\"description\":\"A quarta semana de outubro, que come\u00e7a na pr\u00f3xima segunda-feira, tem uma agenda marcada por resultados importantes. Clique para saber mais.\",\"breadcrumb\":{\"@id\":\"https:\/\/www.suno.com.br\/noticias\/agenda-da-sema-follow-on-reforma-da-previdencia-18102019\/#breadcrumb\"},\"inLanguage\":\"pt-BR\",\"potentialAction\":[{\"@type\":\"ReadAction\",\"target\":[\"https:\/\/www.suno.com.br\/noticias\/agenda-da-sema-follow-on-reforma-da-previdencia-18102019\/\"]}]},{\"@type\":\"ImageObject\",\"inLanguage\":\"pt-BR\",\"@id\":\"https:\/\/www.suno.com.br\/noticias\/agenda-da-sema-follow-on-reforma-da-previdencia-18102019\/#primaryimage\",\"url\":\"https:\/\/files.sunoresearch.com.br\/n\/uploads\/2019\/10\/efe69272-calendar-3906791_960_720-jpg.webp\",\"contentUrl\":\"https:\/\/files.sunoresearch.com.br\/n\/uploads\/2019\/10\/efe69272-calendar-3906791_960_720-jpg.webp\",\"width\":720,\"height\":720,\"caption\":\"Agenda da Semana: Partido de Bolsonaro e julgamentos do STF\"},{\"@type\":\"BreadcrumbList\",\"@id\":\"https:\/\/www.suno.com.br\/noticias\/agenda-da-sema-follow-on-reforma-da-previdencia-18102019\/#breadcrumb\",\"itemListElement\":[{\"@type\":\"ListItem\",\"position\":1,\"name\":\"Not\u00edcias\",\"item\":\"https:\/\/www.suno.com.br\/noticias\/\"},{\"@type\":\"ListItem\",\"position\":2,\"name\":\"Neg\u00f3cios\",\"item\":\"https:\/\/www.suno.com.br\/noticias\/negocios\/\"},{\"@type\":\"ListItem\",\"position\":3,\"name\":\"Agenda da Semana: follow-on do BB, reforma da Previd\u00eancia e balan\u00e7os\"}]},{\"@type\":\"WebSite\",\"@id\":\"https:\/\/www.suno.com.br\/noticias\/#website\",\"url\":\"https:\/\/www.suno.com.br\/noticias\/\",\"name\":\"Suno Not\u00edcias\",\"description\":\"Seu portal de informa\u00e7\u00e3o sobre o mundo dos investimentos\",\"publisher\":{\"@id\":\"https:\/\/www.suno.com.br\/noticias\/#organization\"},\"potentialAction\":[{\"@type\":\"SearchAction\",\"target\":{\"@type\":\"EntryPoint\",\"urlTemplate\":\"https:\/\/www.suno.com.br\/noticias\/?s={search_term_string}\"},\"query-input\":{\"@type\":\"PropertyValueSpecification\",\"valueRequired\":true,\"valueName\":\"search_term_string\"}}],\"inLanguage\":\"pt-BR\"},{\"@type\":\"Organization\",\"@id\":\"https:\/\/www.suno.com.br\/noticias\/#organization\",\"name\":\"Suno Not\u00edcias\",\"url\":\"https:\/\/www.suno.com.br\/noticias\/\",\"logo\":{\"@type\":\"ImageObject\",\"inLanguage\":\"pt-BR\",\"@id\":\"https:\/\/www.suno.com.br\/noticias\/#\/schema\/logo\/image\/\",\"url\":\"https:\/\/files.sunoresearch.com.br\/n\/uploads\/2021\/09\/suno-logo.png\",\"contentUrl\":\"https:\/\/files.sunoresearch.com.br\/n\/uploads\/2021\/09\/suno-logo.png\",\"width\":180,\"height\":180,\"caption\":\"Suno Not\u00edcias\"},\"image\":{\"@id\":\"https:\/\/www.suno.com.br\/noticias\/#\/schema\/logo\/image\/\"},\"sameAs\":[\"https:\/\/facebook.com\/sunoresearch\",\"https:\/\/x.com\/sunoresearch\",\"https:\/\/www.instagram.com\/suno\",\"https:\/\/www.linkedin.com\/company\/suno-research\/\",\"https:\/\/www.youtube.com\/c\/sunoresearch\"]},{\"@type\":\"Person\",\"@id\":\"https:\/\/www.suno.com.br\/noticias\/#\/schema\/person\/02ec1f752758247878a2bf4abee1aeda\",\"name\":\"Poliana Santos\",\"image\":{\"@type\":\"ImageObject\",\"inLanguage\":\"pt-BR\",\"@id\":\"https:\/\/www.suno.com.br\/noticias\/#\/schema\/person\/image\/\",\"url\":\"https:\/\/secure.gravatar.com\/avatar\/0645bd32f23d87b2130f2b2dff1d3f8d?s=96&r=g\",\"contentUrl\":\"https:\/\/secure.gravatar.com\/avatar\/0645bd32f23d87b2130f2b2dff1d3f8d?s=96&r=g\",\"caption\":\"Poliana Santos\"},\"description\":\"Rep\u00f3rter no Suno Not\u00edcias, com cobertura em mercado financeiro, economia, finan\u00e7as pessoais, renda fixa e varejo. Jornalista formada pela Faculdade C\u00e1sper L\u00edbero e possui passagem na R\u00e1dio Gazeta AM com a produ\u00e7\u00e3o de conte\u00fado sobre economia, pol\u00edtica, sa\u00fade, moda e m\u00fasica. Possui certificado de conclus\u00e3o do curso de An\u00e1lise de Balan\u00e7os pela Funda\u00e7\u00e3o Bradesco, Agenda Brasil pela FAAP, Educa\u00e7\u00e3o Pol\u00edtica por Alexandre Garcia e do Tesouro Direto e Mercado de A\u00e7\u00f5es pela B3.\",\"url\":\"https:\/\/www.suno.com.br\/noticias\/author\/poliana-santos\/\"}]}<\/script>\n<!-- \/ Yoast SEO plugin. -->","yoast_head_json":{"title":"Agenda da Semana: follow-on do BB, reforma da Previd\u00eancia e balan\u00e7os","description":"A quarta semana de outubro, que come\u00e7a na pr\u00f3xima segunda-feira, tem uma agenda marcada por resultados importantes. Clique para saber mais.","robots":{"index":"index","follow":"follow","max-snippet":"max-snippet:-1","max-image-preview":"max-image-preview:large","max-video-preview":"max-video-preview:-1"},"canonical":"https:\/\/www.suno.com.br\/noticias\/agenda-da-sema-follow-on-reforma-da-previdencia-18102019\/","og_locale":"pt_BR","og_type":"article","og_title":"Agenda da Semana: follow-on do BB, reforma da Previd\u00eancia e balan\u00e7os","og_description":"A quarta semana de outubro, que come\u00e7a na pr\u00f3xima segunda-feira, tem uma agenda marcada por resultados importantes. Clique para saber mais.","og_url":"https:\/\/www.suno.com.br\/noticias\/agenda-da-sema-follow-on-reforma-da-previdencia-18102019\/","og_site_name":"Suno Not\u00edcias","article_publisher":"https:\/\/facebook.com\/sunoresearch","og_image":[{"width":720,"height":720,"url":"https:\/\/files.sunoresearch.com.br\/n\/uploads\/2019\/10\/efe69272-calendar-3906791_960_720.jpg","type":"image\/jpeg"}],"author":"Poliana Santos","twitter_card":"summary_large_image","twitter_creator":"@sunoresearch","twitter_site":"@sunoresearch","twitter_misc":{"Escrito por":"Poliana Santos","Est. tempo de leitura":"4 minutos"},"schema":{"@context":"https:\/\/schema.org","@graph":[{"@type":"NewsArticle","@id":"https:\/\/www.suno.com.br\/noticias\/agenda-da-sema-follow-on-reforma-da-previdencia-18102019\/#article","isPartOf":{"@id":"https:\/\/www.suno.com.br\/noticias\/agenda-da-sema-follow-on-reforma-da-previdencia-18102019\/"},"author":{"name":"Poliana Santos","@id":"https:\/\/www.suno.com.br\/noticias\/#\/schema\/person\/02ec1f752758247878a2bf4abee1aeda"},"headline":"Agenda da Semana: follow-on do BB, reforma da Previd\u00eancia e balan\u00e7os","datePublished":"2019-10-20T21:30:38+00:00","mainEntityOfPage":{"@id":"https:\/\/www.suno.com.br\/noticias\/agenda-da-sema-follow-on-reforma-da-previdencia-18102019\/"},"wordCount":742,"publisher":{"@id":"https:\/\/www.suno.com.br\/noticias\/#organization"},"image":{"@id":"https:\/\/www.suno.com.br\/noticias\/agenda-da-sema-follow-on-reforma-da-previdencia-18102019\/#primaryimage"},"thumbnailUrl":"https:\/\/files.sunoresearch.com.br\/n\/uploads\/2019\/10\/efe69272-calendar-3906791_960_720-jpg.webp","keywords":["agenda da semana","Banco do Brasil (BBAS3)","Reforma da Previd\u00eancia"],"articleSection":["Neg\u00f3cios"],"inLanguage":"pt-BR"},{"@type":"WebPage","@id":"https:\/\/www.suno.com.br\/noticias\/agenda-da-sema-follow-on-reforma-da-previdencia-18102019\/","url":"https:\/\/www.suno.com.br\/noticias\/agenda-da-sema-follow-on-reforma-da-previdencia-18102019\/","name":"Agenda da Semana: follow-on do BB, reforma da Previd\u00eancia e balan\u00e7os","isPartOf":{"@id":"https:\/\/www.suno.com.br\/noticias\/#website"},"primaryImageOfPage":{"@id":"https:\/\/www.suno.com.br\/noticias\/agenda-da-sema-follow-on-reforma-da-previdencia-18102019\/#primaryimage"},"image":{"@id":"https:\/\/www.suno.com.br\/noticias\/agenda-da-sema-follow-on-reforma-da-previdencia-18102019\/#primaryimage"},"thumbnailUrl":"https:\/\/files.sunoresearch.com.br\/n\/uploads\/2019\/10\/efe69272-calendar-3906791_960_720-jpg.webp","datePublished":"2019-10-20T21:30:38+00:00","description":"A quarta semana de outubro, que come\u00e7a na pr\u00f3xima segunda-feira, tem uma agenda marcada por resultados importantes. Clique para saber mais.","breadcrumb":{"@id":"https:\/\/www.suno.com.br\/noticias\/agenda-da-sema-follow-on-reforma-da-previdencia-18102019\/#breadcrumb"},"inLanguage":"pt-BR","potentialAction":[{"@type":"ReadAction","target":["https:\/\/www.suno.com.br\/noticias\/agenda-da-sema-follow-on-reforma-da-previdencia-18102019\/"]}]},{"@type":"ImageObject","inLanguage":"pt-BR","@id":"https:\/\/www.suno.com.br\/noticias\/agenda-da-sema-follow-on-reforma-da-previdencia-18102019\/#primaryimage","url":"https:\/\/files.sunoresearch.com.br\/n\/uploads\/2019\/10\/efe69272-calendar-3906791_960_720-jpg.webp","contentUrl":"https:\/\/files.sunoresearch.com.br\/n\/uploads\/2019\/10\/efe69272-calendar-3906791_960_720-jpg.webp","width":720,"height":720,"caption":"Agenda da Semana: Partido de Bolsonaro e julgamentos do STF"},{"@type":"BreadcrumbList","@id":"https:\/\/www.suno.com.br\/noticias\/agenda-da-sema-follow-on-reforma-da-previdencia-18102019\/#breadcrumb","itemListElement":[{"@type":"ListItem","position":1,"name":"Not\u00edcias","item":"https:\/\/www.suno.com.br\/noticias\/"},{"@type":"ListItem","position":2,"name":"Neg\u00f3cios","item":"https:\/\/www.suno.com.br\/noticias\/negocios\/"},{"@type":"ListItem","position":3,"name":"Agenda da Semana: follow-on do BB, reforma da Previd\u00eancia e balan\u00e7os"}]},{"@type":"WebSite","@id":"https:\/\/www.suno.com.br\/noticias\/#website","url":"https:\/\/www.suno.com.br\/noticias\/","name":"Suno Not\u00edcias","description":"Seu portal de informa\u00e7\u00e3o sobre o mundo dos investimentos","publisher":{"@id":"https:\/\/www.suno.com.br\/noticias\/#organization"},"potentialAction":[{"@type":"SearchAction","target":{"@type":"EntryPoint","urlTemplate":"https:\/\/www.suno.com.br\/noticias\/?s={search_term_string}"},"query-input":{"@type":"PropertyValueSpecification","valueRequired":true,"valueName":"search_term_string"}}],"inLanguage":"pt-BR"},{"@type":"Organization","@id":"https:\/\/www.suno.com.br\/noticias\/#organization","name":"Suno Not\u00edcias","url":"https:\/\/www.suno.com.br\/noticias\/","logo":{"@type":"ImageObject","inLanguage":"pt-BR","@id":"https:\/\/www.suno.com.br\/noticias\/#\/schema\/logo\/image\/","url":"https:\/\/files.sunoresearch.com.br\/n\/uploads\/2021\/09\/suno-logo.png","contentUrl":"https:\/\/files.sunoresearch.com.br\/n\/uploads\/2021\/09\/suno-logo.png","width":180,"height":180,"caption":"Suno Not\u00edcias"},"image":{"@id":"https:\/\/www.suno.com.br\/noticias\/#\/schema\/logo\/image\/"},"sameAs":["https:\/\/facebook.com\/sunoresearch","https:\/\/x.com\/sunoresearch","https:\/\/www.instagram.com\/suno","https:\/\/www.linkedin.com\/company\/suno-research\/","https:\/\/www.youtube.com\/c\/sunoresearch"]},{"@type":"Person","@id":"https:\/\/www.suno.com.br\/noticias\/#\/schema\/person\/02ec1f752758247878a2bf4abee1aeda","name":"Poliana Santos","image":{"@type":"ImageObject","inLanguage":"pt-BR","@id":"https:\/\/www.suno.com.br\/noticias\/#\/schema\/person\/image\/","url":"https:\/\/secure.gravatar.com\/avatar\/0645bd32f23d87b2130f2b2dff1d3f8d?s=96&r=g","contentUrl":"https:\/\/secure.gravatar.com\/avatar\/0645bd32f23d87b2130f2b2dff1d3f8d?s=96&r=g","caption":"Poliana Santos"},"description":"Rep\u00f3rter no Suno Not\u00edcias, com cobertura em mercado financeiro, economia, finan\u00e7as pessoais, renda fixa e varejo. Jornalista formada pela Faculdade C\u00e1sper L\u00edbero e possui passagem na R\u00e1dio Gazeta AM com a produ\u00e7\u00e3o de conte\u00fado sobre economia, pol\u00edtica, sa\u00fade, moda e m\u00fasica. Possui certificado de conclus\u00e3o do curso de An\u00e1lise de Balan\u00e7os pela Funda\u00e7\u00e3o Bradesco, Agenda Brasil pela FAAP, Educa\u00e7\u00e3o Pol\u00edtica por Alexandre Garcia e do Tesouro Direto e Mercado de A\u00e7\u00f5es pela B3.","url":"https:\/\/www.suno.com.br\/noticias\/author\/poliana-santos\/"}]}},"default_loop_html":"<div class=\"cardsPage__listCard__boxs\"><div class=\"cardsPage__listCard__boxs__img\"><a href=\"https:\/\/www.suno.com.br\/noticias\/agenda-da-sema-follow-on-reforma-da-previdencia-18102019\/\"><img class=\"mask\" src=\"https:\/\/www.suno.com.br\/noticias\/wp-content\/themes\/suno\/resources\/images\/spotlight\/spotlight1img\/bg-mask.png\" alt=\"Image Mask\"\/><img src=\"https:\/\/files.sunoresearch.com.br\/n\/uploads\/2019\/10\/efe69272-calendar-3906791_960_720-400x200.webp\" alt=\"Agenda da Semana: follow-on do BB, reforma da Previd\u00eancia e balan\u00e7os\"\/><\/a><span class=\"spotlightCategory\"><a href=\"https:\/\/www.suno.com.br\/noticias\/negocios\/\">Neg\u00f3cios<\/a><\/span><\/div><div class=\"cardsPage__listCard__boxs__content\"><a href=\"https:\/\/www.suno.com.br\/noticias\/agenda-da-sema-follow-on-reforma-da-previdencia-18102019\/\"><h2 class=\"content__title\">Agenda da Semana: follow-on do BB, reforma da Previd\u00eancia e balan\u00e7os<\/h2><\/a><div class=\"newsContent__article__meta\"><div class=\"newsContent__article__meta__authorBox\"><a href=\"https:\/\/www.suno.com.br\/noticias\/author\/poliana-santos\/\" class=\"authorBox__avatar noMobi\"><img src=\"https:\/\/files.sunoresearch.com.br\/n\/uploads\/2020\/08\/7ef34026-whatsapp-image-2020-08-03-at-12.37.57-150x150.webp\" alt=\"Poliana Santos\"><\/a><div class=\"authorBox__name\"><span>por\n\t\t\t<a href=\"https:\/\/www.suno.com.br\/noticias\/author\/poliana-santos\/\"><span itemprop=\"author\">Poliana Santos<\/span><\/a><\/span><time datetime=\"2019-10-20T19:30:38-03:00\" itemprop=\"datePublished\">20\/10\/2019 19:30<\/time><\/div><\/div><\/div><\/div><\/div>","single_layout":"posts","amp_enabled":true,"_links":{"self":[{"href":"https:\/\/www.suno.com.br\/noticias\/wp-json\/wp\/v2\/posts\/41591"}],"collection":[{"href":"https:\/\/www.suno.com.br\/noticias\/wp-json\/wp\/v2\/posts"}],"about":[{"href":"https:\/\/www.suno.com.br\/noticias\/wp-json\/wp\/v2\/types\/post"}],"author":[{"embeddable":true,"href":"https:\/\/www.suno.com.br\/noticias\/wp-json\/wp\/v2\/users\/15"}],"replies":[{"embeddable":true,"href":"https:\/\/www.suno.com.br\/noticias\/wp-json\/wp\/v2\/comments?post=41591"}],"version-history":[{"count":0,"href":"https:\/\/www.suno.com.br\/noticias\/wp-json\/wp\/v2\/posts\/41591\/revisions"}],"wp:featuredmedia":[{"embeddable":true,"href":"https:\/\/www.suno.com.br\/noticias\/wp-json\/wp\/v2\/media\/41624"}],"wp:attachment":[{"href":"https:\/\/www.suno.com.br\/noticias\/wp-json\/wp\/v2\/media?parent=41591"}],"wp:term":[{"taxonomy":"category","embeddable":true,"href":"https:\/\/www.suno.com.br\/noticias\/wp-json\/wp\/v2\/categories?post=41591"},{"taxonomy":"post_tag","embeddable":true,"href":"https:\/\/www.suno.com.br\/noticias\/wp-json\/wp\/v2\/tags?post=41591"},{"taxonomy":"suno_strategy","embeddable":true,"href":"https:\/\/www.suno.com.br\/noticias\/wp-json\/wp\/v2\/suno_strategy?post=41591"}],"curies":[{"name":"wp","href":"https:\/\/api.w.org\/{rel}","templated":true}]}}