{"id":4158,"date":"2018-09-19T17:52:01","date_gmt":"2018-09-19T20:52:01","guid":{"rendered":"https:\/\/www.suno.com.br\/noticias\/?p=4158"},"modified":"2021-05-30T16:39:45","modified_gmt":"2021-05-30T19:39:45","slug":"ibovespa-fecha-com-desvalorizacao-apos-dia-volatil","status":"publish","type":"post","link":"https:\/\/www.suno.com.br\/noticias\/ibovespa-fecha-com-desvalorizacao-apos-dia-volatil\/","title":{"rendered":"Ibovespa fecha com desvaloriza\u00e7\u00e3o ap\u00f3s dia vol\u00e1til"},"content":{"rendered":"<p>Ap\u00f3s tr\u00eas dias de valoriza\u00e7\u00e3o, o Ibovespa obteve um dia vol\u00e1til em meio a corrida eleitoral e o cen\u00e1rio otimista por parte dos investidores externos. O \u00edndice da B3 n\u00e3o digeriu bem a <a href=\"https:\/\/www.suno.com.br\/noticias\/ibope-bolsonaro-haddad-segundo\/\">\u00faltima pesquisa \u00e0 Presid\u00eancia do Ibope<\/a> que mostrou Jair Bolsonaro (PSL) progredindo e estabilizando-se na lideran\u00e7a, mas com Fernando Haddad (PT),\u00a0 mostrando for\u00e7a e se concretizando na segunda posi\u00e7\u00e3o.<\/p>\t<div class=\"wrapper-featured-image\">\n\t\t<figure class=\"spotlightImg\">\n\n\t\t\t<picture>\n\t\t\t\t<source media=\"(max-width: 768px)\" srcset=\"https:\/\/files.sunoresearch.com.br\/n\/uploads\/2018\/08\/6c528921-finance-1178504-400x200.webp\">\n\t\t\t\t<img loading=\"lazy\" decoding=\"async\" class=\"newsContent__article__imgCapa lazyloadDisabled newsContent__article__imgCapa--noCaption\" src=\"https:\/\/files.sunoresearch.com.br\/n\/uploads\/2018\/08\/6c528921-finance-1178504-800x450.webp\" width=\"800\" height=\"450\" alt=\"Ibovespa fecha com desvaloriza\u00e7\u00e3o ap\u00f3s dia vol\u00e1til\" fetchpriority=high \/>\n\t\t\t<\/picture>\n\n\t\t\t<figcaption class=\"wp-caption-text wp-caption-text--hide\">Tesouro Direto: t\u00edtulos operam pr\u00f3ximos da estabilidade nesta quarta<\/figcaption>\n\t\t<\/figure>\n\t<\/div>\n\n\n<p>O bom humor do mercado externo vem com os investidores enxergando que as tarifas norte-americanas sobre a China n\u00e3o foram t\u00e3o brandas quanto especuladas. Al\u00e9m disso, o mercado j\u00e1 tinha conseguido precificar as perdas nos preg\u00f5es anteriores. Deste modo, as bolsas da Europa e Estados Unidos fecharam em alta.<\/p>\n<p>O \u00edndice do Ibovespa fechou em queda de 0,19% com 78.168 pontos. O volume financeiro ficou na casa dos R$ 9,702 \u00a0bilh\u00f5es. O d\u00f3lar comercial recuou 0,44% cotado a 4,1242 na venda.<\/p>\n<p>A \u00faltima pesquisa eleitoral do Ibope, divulgada na noite de ontem no Jornal Nacional, mostra um cen\u00e1rio de segundo turno cada vez mais consolidado. Jair Bolsonaro (PSL), l\u00edder nas inten\u00e7\u00f5es de voto, cresceu de 26% para 28% desde o \u00faltimo levantamento, do dia 11. Fernando Haddad, que assumiu a candidatura do PT oficialmente no mesmo dia, saltou de 8% das inten\u00e7\u00f5es de voto naquela ocasi\u00e3o para 19%, tornando-se o mais prov\u00e1vel representante da esquerda na segunda etapa da elei\u00e7\u00e3o.<\/p>\n<p>Ciro Gomes (PDT), que aparecia em segundo lugar na pesquisa anterior, consegue manter-se com 11% das inten\u00e7\u00f5es de voto, enquanto os candidatos Geraldo Alckmin (PSDB) e Marina Silva (Rede) encolhem, passando de 9% para 7% e de 9% para 6%, respectivamente.<\/p>\n<p>Nas simula\u00e7\u00f5es de segundo turno, todas realizadas com o nome de Bolsonaro, o candidato do PSL s\u00f3 vence de Marina Silva, por 41% a 36%. Contra Ciro Gomes, Bolsonaro fica 1 ponto percentual atr\u00e1s, mas ainda em empate t\u00e9cnico, em 40% a 39%. Contra Haddad e Alckmin, o deputado fica estritamente empatado, com 40% a 40% no caso do petista e 38% a 38% contra o tucano.<\/p>\n<p><strong>Destaques da Bolsa<\/strong><\/p>\n<p>As a\u00e7\u00f5es que mais desvalorizaram no preg\u00e3o de hoje foram: Viavarejo UNT N2 (VVAR11), -7,18%, Eletrobras ON (ELET3) , -4,70, e Eletrobras PNB (ELET6), -4,53.<\/p>\n<p>Os papeis com mais valoriza\u00e7\u00f5es foram: Usiminas PNA (USIM5), +4,38, Kroton On (KROT3), +3,28 e B2W Digital On (BTOW3) com +2,23<\/p>\n<p>&nbsp;<\/p>\n","protected":false},"excerpt":{"rendered":"<p>Ap\u00f3s tr\u00eas dias de valoriza\u00e7\u00e3o, o Ibovespa obteve um dia vol\u00e1til em meio a corrida eleitoral e o cen\u00e1rio otimista por parte dos investidores externos. O \u00edndice da B3 n\u00e3o digeriu bem a \u00faltima pesquisa \u00e0 Presid\u00eancia do Ibope que mostrou Jair Bolsonaro (PSL) progredindo e estabilizando-se na lideran\u00e7a, mas com Fernando Haddad (PT),\u00a0 mostrando [&hellip;]<\/p>\n","protected":false},"author":6,"featured_media":3052,"comment_status":"closed","ping_status":"closed","sticky":false,"template":"","format":"standard","meta":[],"categories":[60],"tags":[1831,697,455,719,675,106935],"suno_strategy":[],"class_list":["post-4158","post","type-post","status-publish","format-standard","has-post-thumbnail","hentry","category-mercado","tag-b2w-digital-btow3","tag-eleicoes","tag-eletrobras-elet3-elet5-elet6","tag-jair-bolsonaro","tag-usiminas","tag-via-viia3"],"yoast_head":"<!-- This site is optimized with the Yoast SEO plugin v24.4 - https:\/\/yoast.com\/wordpress\/plugins\/seo\/ -->\n<title>Ibovespa fecha com desvaloriza\u00e7\u00e3o ap\u00f3s dia vol\u00e1til<\/title>\n<meta name=\"robots\" content=\"index, follow, max-snippet:-1, max-image-preview:large, max-video-preview:-1\" \/>\n<link rel=\"canonical\" href=\"https:\/\/www.suno.com.br\/noticias\/ibovespa-fecha-com-desvalorizacao-apos-dia-volatil\/\" \/>\n<meta property=\"og:locale\" content=\"pt_BR\" \/>\n<meta property=\"og:type\" content=\"article\" \/>\n<meta property=\"og:title\" content=\"Ibovespa fecha com desvaloriza\u00e7\u00e3o ap\u00f3s dia vol\u00e1til\" \/>\n<meta property=\"og:description\" content=\"Ap\u00f3s tr\u00eas dias de valoriza\u00e7\u00e3o, o Ibovespa obteve um dia vol\u00e1til em meio a corrida eleitoral e o cen\u00e1rio otimista por parte dos investidores externos. O \u00edndice da B3 n\u00e3o digeriu bem a \u00faltima pesquisa \u00e0 Presid\u00eancia do Ibope que mostrou Jair Bolsonaro (PSL) progredindo e estabilizando-se na lideran\u00e7a, mas com Fernando Haddad (PT),\u00a0 mostrando [&hellip;]\" \/>\n<meta property=\"og:url\" content=\"https:\/\/www.suno.com.br\/noticias\/ibovespa-fecha-com-desvalorizacao-apos-dia-volatil\/\" \/>\n<meta property=\"og:site_name\" content=\"Suno Not\u00edcias\" \/>\n<meta property=\"article:publisher\" content=\"https:\/\/facebook.com\/sunoresearch\" \/>\n<meta property=\"article:author\" content=\"https:\/\/www.linkedin.com\/in\/paulo-jaschke-328221168\/\" \/>\n<meta property=\"og:image\" content=\"https:\/\/files.sunoresearch.com.br\/n\/uploads\/2018\/08\/6c528921-finance-1178504.jpg\" \/>\n\t<meta property=\"og:image:width\" content=\"2560\" \/>\n\t<meta property=\"og:image:height\" content=\"1920\" \/>\n\t<meta property=\"og:image:type\" content=\"image\/jpeg\" \/>\n<meta name=\"author\" content=\"Paulo Jaschke\" \/>\n<meta name=\"twitter:card\" content=\"summary_large_image\" \/>\n<meta name=\"twitter:creator\" content=\"@sunoresearch\" \/>\n<meta name=\"twitter:site\" content=\"@sunoresearch\" \/>\n<meta name=\"twitter:label1\" content=\"Escrito por\" \/>\n\t<meta name=\"twitter:data1\" content=\"Paulo Jaschke\" \/>\n\t<meta name=\"twitter:label2\" content=\"Est. tempo de leitura\" \/>\n\t<meta name=\"twitter:data2\" content=\"2 minutos\" \/>\n<script type=\"application\/ld+json\" class=\"yoast-schema-graph\">{\"@context\":\"https:\/\/schema.org\",\"@graph\":[{\"@type\":\"NewsArticle\",\"@id\":\"https:\/\/www.suno.com.br\/noticias\/ibovespa-fecha-com-desvalorizacao-apos-dia-volatil\/#article\",\"isPartOf\":{\"@id\":\"https:\/\/www.suno.com.br\/noticias\/ibovespa-fecha-com-desvalorizacao-apos-dia-volatil\/\"},\"author\":{\"name\":\"Paulo Jaschke\",\"@id\":\"https:\/\/www.suno.com.br\/noticias\/#\/schema\/person\/edc78e26bff487bcad4a7d5e75ca2938\"},\"headline\":\"Ibovespa fecha com desvaloriza\u00e7\u00e3o ap\u00f3s dia vol\u00e1til\",\"datePublished\":\"2018-09-19T20:52:01+00:00\",\"dateModified\":\"2021-05-30T19:39:45+00:00\",\"mainEntityOfPage\":{\"@id\":\"https:\/\/www.suno.com.br\/noticias\/ibovespa-fecha-com-desvalorizacao-apos-dia-volatil\/\"},\"wordCount\":392,\"publisher\":{\"@id\":\"https:\/\/www.suno.com.br\/noticias\/#organization\"},\"image\":{\"@id\":\"https:\/\/www.suno.com.br\/noticias\/ibovespa-fecha-com-desvalorizacao-apos-dia-volatil\/#primaryimage\"},\"thumbnailUrl\":\"https:\/\/files.sunoresearch.com.br\/n\/uploads\/2018\/08\/6c528921-finance-1178504-jpg.webp\",\"keywords\":[\"B2W Digital (BTOW3)\",\"Elei\u00e7\u00f5es\",\"Eletrobras (ELET3\/ELET5\/ELET6)\",\"Jair Bolsonaro\",\"Usiminas\",\"Via (VIIA3)\"],\"articleSection\":[\"Mercado\"],\"inLanguage\":\"pt-BR\"},{\"@type\":\"WebPage\",\"@id\":\"https:\/\/www.suno.com.br\/noticias\/ibovespa-fecha-com-desvalorizacao-apos-dia-volatil\/\",\"url\":\"https:\/\/www.suno.com.br\/noticias\/ibovespa-fecha-com-desvalorizacao-apos-dia-volatil\/\",\"name\":\"Ibovespa fecha com desvaloriza\u00e7\u00e3o ap\u00f3s dia vol\u00e1til\",\"isPartOf\":{\"@id\":\"https:\/\/www.suno.com.br\/noticias\/#website\"},\"primaryImageOfPage\":{\"@id\":\"https:\/\/www.suno.com.br\/noticias\/ibovespa-fecha-com-desvalorizacao-apos-dia-volatil\/#primaryimage\"},\"image\":{\"@id\":\"https:\/\/www.suno.com.br\/noticias\/ibovespa-fecha-com-desvalorizacao-apos-dia-volatil\/#primaryimage\"},\"thumbnailUrl\":\"https:\/\/files.sunoresearch.com.br\/n\/uploads\/2018\/08\/6c528921-finance-1178504-jpg.webp\",\"datePublished\":\"2018-09-19T20:52:01+00:00\",\"dateModified\":\"2021-05-30T19:39:45+00:00\",\"breadcrumb\":{\"@id\":\"https:\/\/www.suno.com.br\/noticias\/ibovespa-fecha-com-desvalorizacao-apos-dia-volatil\/#breadcrumb\"},\"inLanguage\":\"pt-BR\",\"potentialAction\":[{\"@type\":\"ReadAction\",\"target\":[\"https:\/\/www.suno.com.br\/noticias\/ibovespa-fecha-com-desvalorizacao-apos-dia-volatil\/\"]}]},{\"@type\":\"ImageObject\",\"inLanguage\":\"pt-BR\",\"@id\":\"https:\/\/www.suno.com.br\/noticias\/ibovespa-fecha-com-desvalorizacao-apos-dia-volatil\/#primaryimage\",\"url\":\"https:\/\/files.sunoresearch.com.br\/n\/uploads\/2018\/08\/6c528921-finance-1178504-jpg.webp\",\"contentUrl\":\"https:\/\/files.sunoresearch.com.br\/n\/uploads\/2018\/08\/6c528921-finance-1178504-jpg.webp\",\"width\":2560,\"height\":1920,\"caption\":\"Tesouro Direto: t\u00edtulos operam pr\u00f3ximos da estabilidade nesta quarta\"},{\"@type\":\"BreadcrumbList\",\"@id\":\"https:\/\/www.suno.com.br\/noticias\/ibovespa-fecha-com-desvalorizacao-apos-dia-volatil\/#breadcrumb\",\"itemListElement\":[{\"@type\":\"ListItem\",\"position\":1,\"name\":\"Not\u00edcias\",\"item\":\"https:\/\/www.suno.com.br\/noticias\/\"},{\"@type\":\"ListItem\",\"position\":2,\"name\":\"Mercado\",\"item\":\"https:\/\/www.suno.com.br\/noticias\/mercado\/\"},{\"@type\":\"ListItem\",\"position\":3,\"name\":\"Ibovespa fecha com desvaloriza\u00e7\u00e3o ap\u00f3s dia vol\u00e1til\"}]},{\"@type\":\"WebSite\",\"@id\":\"https:\/\/www.suno.com.br\/noticias\/#website\",\"url\":\"https:\/\/www.suno.com.br\/noticias\/\",\"name\":\"Suno Not\u00edcias\",\"description\":\"Seu portal de informa\u00e7\u00e3o sobre o mundo dos investimentos\",\"publisher\":{\"@id\":\"https:\/\/www.suno.com.br\/noticias\/#organization\"},\"potentialAction\":[{\"@type\":\"SearchAction\",\"target\":{\"@type\":\"EntryPoint\",\"urlTemplate\":\"https:\/\/www.suno.com.br\/noticias\/?s={search_term_string}\"},\"query-input\":{\"@type\":\"PropertyValueSpecification\",\"valueRequired\":true,\"valueName\":\"search_term_string\"}}],\"inLanguage\":\"pt-BR\"},{\"@type\":\"Organization\",\"@id\":\"https:\/\/www.suno.com.br\/noticias\/#organization\",\"name\":\"Suno Not\u00edcias\",\"url\":\"https:\/\/www.suno.com.br\/noticias\/\",\"logo\":{\"@type\":\"ImageObject\",\"inLanguage\":\"pt-BR\",\"@id\":\"https:\/\/www.suno.com.br\/noticias\/#\/schema\/logo\/image\/\",\"url\":\"https:\/\/files.sunoresearch.com.br\/n\/uploads\/2021\/09\/suno-logo.png\",\"contentUrl\":\"https:\/\/files.sunoresearch.com.br\/n\/uploads\/2021\/09\/suno-logo.png\",\"width\":180,\"height\":180,\"caption\":\"Suno Not\u00edcias\"},\"image\":{\"@id\":\"https:\/\/www.suno.com.br\/noticias\/#\/schema\/logo\/image\/\"},\"sameAs\":[\"https:\/\/facebook.com\/sunoresearch\",\"https:\/\/x.com\/sunoresearch\",\"https:\/\/www.instagram.com\/suno\",\"https:\/\/www.linkedin.com\/company\/suno-research\/\",\"https:\/\/www.youtube.com\/c\/sunoresearch\"]},{\"@type\":\"Person\",\"@id\":\"https:\/\/www.suno.com.br\/noticias\/#\/schema\/person\/edc78e26bff487bcad4a7d5e75ca2938\",\"name\":\"Paulo Jaschke\",\"image\":{\"@type\":\"ImageObject\",\"inLanguage\":\"pt-BR\",\"@id\":\"https:\/\/www.suno.com.br\/noticias\/#\/schema\/person\/image\/\",\"url\":\"https:\/\/secure.gravatar.com\/avatar\/d866ede420b0a0e4741620ba27841b8f?s=96&r=g\",\"contentUrl\":\"https:\/\/secure.gravatar.com\/avatar\/d866ede420b0a0e4741620ba27841b8f?s=96&r=g\",\"caption\":\"Paulo Jaschke\"},\"description\":\"Paulo Jaschke \u00e9 estudante de jornalismo na ESPM-SP. Escreve sobre o mercado financeiro, economia e pol\u00edtica internacional para o portal da Suno Research. Tamb\u00e9m escreve sobre economia internacional na ag\u00eancia CMA e \u00e9 rep\u00f3rter esportivo pela Web r\u00e1dio EsportesNet. Em 2018, foi rep\u00f3rter esportivo pela R\u00e1dio ESPM na Copa do Mundo 2018 e escreveu para a Revista Plural ESPM.\",\"sameAs\":[\"https:\/\/www.suno.com.br\/\",\"https:\/\/www.linkedin.com\/in\/paulo-jaschke-328221168\/\"],\"url\":\"https:\/\/www.suno.com.br\/noticias\/author\/paulo-jaschke\/\"}]}<\/script>\n<!-- \/ Yoast SEO plugin. -->","yoast_head_json":{"title":"Ibovespa fecha com desvaloriza\u00e7\u00e3o ap\u00f3s dia vol\u00e1til","robots":{"index":"index","follow":"follow","max-snippet":"max-snippet:-1","max-image-preview":"max-image-preview:large","max-video-preview":"max-video-preview:-1"},"canonical":"https:\/\/www.suno.com.br\/noticias\/ibovespa-fecha-com-desvalorizacao-apos-dia-volatil\/","og_locale":"pt_BR","og_type":"article","og_title":"Ibovespa fecha com desvaloriza\u00e7\u00e3o ap\u00f3s dia vol\u00e1til","og_description":"Ap\u00f3s tr\u00eas dias de valoriza\u00e7\u00e3o, o Ibovespa obteve um dia vol\u00e1til em meio a corrida eleitoral e o cen\u00e1rio otimista por parte dos investidores externos. O \u00edndice da B3 n\u00e3o digeriu bem a \u00faltima pesquisa \u00e0 Presid\u00eancia do Ibope que mostrou Jair Bolsonaro (PSL) progredindo e estabilizando-se na lideran\u00e7a, mas com Fernando Haddad (PT),\u00a0 mostrando [&hellip;]","og_url":"https:\/\/www.suno.com.br\/noticias\/ibovespa-fecha-com-desvalorizacao-apos-dia-volatil\/","og_site_name":"Suno Not\u00edcias","article_publisher":"https:\/\/facebook.com\/sunoresearch","article_author":"https:\/\/www.linkedin.com\/in\/paulo-jaschke-328221168\/","og_image":[{"width":2560,"height":1920,"url":"https:\/\/files.sunoresearch.com.br\/n\/uploads\/2018\/08\/6c528921-finance-1178504.jpg","type":"image\/jpeg"}],"author":"Paulo Jaschke","twitter_card":"summary_large_image","twitter_creator":"@sunoresearch","twitter_site":"@sunoresearch","twitter_misc":{"Escrito por":"Paulo Jaschke","Est. tempo de leitura":"2 minutos"},"schema":{"@context":"https:\/\/schema.org","@graph":[{"@type":"NewsArticle","@id":"https:\/\/www.suno.com.br\/noticias\/ibovespa-fecha-com-desvalorizacao-apos-dia-volatil\/#article","isPartOf":{"@id":"https:\/\/www.suno.com.br\/noticias\/ibovespa-fecha-com-desvalorizacao-apos-dia-volatil\/"},"author":{"name":"Paulo Jaschke","@id":"https:\/\/www.suno.com.br\/noticias\/#\/schema\/person\/edc78e26bff487bcad4a7d5e75ca2938"},"headline":"Ibovespa fecha com desvaloriza\u00e7\u00e3o ap\u00f3s dia vol\u00e1til","datePublished":"2018-09-19T20:52:01+00:00","dateModified":"2021-05-30T19:39:45+00:00","mainEntityOfPage":{"@id":"https:\/\/www.suno.com.br\/noticias\/ibovespa-fecha-com-desvalorizacao-apos-dia-volatil\/"},"wordCount":392,"publisher":{"@id":"https:\/\/www.suno.com.br\/noticias\/#organization"},"image":{"@id":"https:\/\/www.suno.com.br\/noticias\/ibovespa-fecha-com-desvalorizacao-apos-dia-volatil\/#primaryimage"},"thumbnailUrl":"https:\/\/files.sunoresearch.com.br\/n\/uploads\/2018\/08\/6c528921-finance-1178504-jpg.webp","keywords":["B2W Digital (BTOW3)","Elei\u00e7\u00f5es","Eletrobras (ELET3\/ELET5\/ELET6)","Jair Bolsonaro","Usiminas","Via (VIIA3)"],"articleSection":["Mercado"],"inLanguage":"pt-BR"},{"@type":"WebPage","@id":"https:\/\/www.suno.com.br\/noticias\/ibovespa-fecha-com-desvalorizacao-apos-dia-volatil\/","url":"https:\/\/www.suno.com.br\/noticias\/ibovespa-fecha-com-desvalorizacao-apos-dia-volatil\/","name":"Ibovespa fecha com desvaloriza\u00e7\u00e3o ap\u00f3s dia vol\u00e1til","isPartOf":{"@id":"https:\/\/www.suno.com.br\/noticias\/#website"},"primaryImageOfPage":{"@id":"https:\/\/www.suno.com.br\/noticias\/ibovespa-fecha-com-desvalorizacao-apos-dia-volatil\/#primaryimage"},"image":{"@id":"https:\/\/www.suno.com.br\/noticias\/ibovespa-fecha-com-desvalorizacao-apos-dia-volatil\/#primaryimage"},"thumbnailUrl":"https:\/\/files.sunoresearch.com.br\/n\/uploads\/2018\/08\/6c528921-finance-1178504-jpg.webp","datePublished":"2018-09-19T20:52:01+00:00","dateModified":"2021-05-30T19:39:45+00:00","breadcrumb":{"@id":"https:\/\/www.suno.com.br\/noticias\/ibovespa-fecha-com-desvalorizacao-apos-dia-volatil\/#breadcrumb"},"inLanguage":"pt-BR","potentialAction":[{"@type":"ReadAction","target":["https:\/\/www.suno.com.br\/noticias\/ibovespa-fecha-com-desvalorizacao-apos-dia-volatil\/"]}]},{"@type":"ImageObject","inLanguage":"pt-BR","@id":"https:\/\/www.suno.com.br\/noticias\/ibovespa-fecha-com-desvalorizacao-apos-dia-volatil\/#primaryimage","url":"https:\/\/files.sunoresearch.com.br\/n\/uploads\/2018\/08\/6c528921-finance-1178504-jpg.webp","contentUrl":"https:\/\/files.sunoresearch.com.br\/n\/uploads\/2018\/08\/6c528921-finance-1178504-jpg.webp","width":2560,"height":1920,"caption":"Tesouro Direto: t\u00edtulos operam pr\u00f3ximos da estabilidade nesta quarta"},{"@type":"BreadcrumbList","@id":"https:\/\/www.suno.com.br\/noticias\/ibovespa-fecha-com-desvalorizacao-apos-dia-volatil\/#breadcrumb","itemListElement":[{"@type":"ListItem","position":1,"name":"Not\u00edcias","item":"https:\/\/www.suno.com.br\/noticias\/"},{"@type":"ListItem","position":2,"name":"Mercado","item":"https:\/\/www.suno.com.br\/noticias\/mercado\/"},{"@type":"ListItem","position":3,"name":"Ibovespa fecha com desvaloriza\u00e7\u00e3o ap\u00f3s dia vol\u00e1til"}]},{"@type":"WebSite","@id":"https:\/\/www.suno.com.br\/noticias\/#website","url":"https:\/\/www.suno.com.br\/noticias\/","name":"Suno Not\u00edcias","description":"Seu portal de informa\u00e7\u00e3o sobre o mundo dos investimentos","publisher":{"@id":"https:\/\/www.suno.com.br\/noticias\/#organization"},"potentialAction":[{"@type":"SearchAction","target":{"@type":"EntryPoint","urlTemplate":"https:\/\/www.suno.com.br\/noticias\/?s={search_term_string}"},"query-input":{"@type":"PropertyValueSpecification","valueRequired":true,"valueName":"search_term_string"}}],"inLanguage":"pt-BR"},{"@type":"Organization","@id":"https:\/\/www.suno.com.br\/noticias\/#organization","name":"Suno Not\u00edcias","url":"https:\/\/www.suno.com.br\/noticias\/","logo":{"@type":"ImageObject","inLanguage":"pt-BR","@id":"https:\/\/www.suno.com.br\/noticias\/#\/schema\/logo\/image\/","url":"https:\/\/files.sunoresearch.com.br\/n\/uploads\/2021\/09\/suno-logo.png","contentUrl":"https:\/\/files.sunoresearch.com.br\/n\/uploads\/2021\/09\/suno-logo.png","width":180,"height":180,"caption":"Suno Not\u00edcias"},"image":{"@id":"https:\/\/www.suno.com.br\/noticias\/#\/schema\/logo\/image\/"},"sameAs":["https:\/\/facebook.com\/sunoresearch","https:\/\/x.com\/sunoresearch","https:\/\/www.instagram.com\/suno","https:\/\/www.linkedin.com\/company\/suno-research\/","https:\/\/www.youtube.com\/c\/sunoresearch"]},{"@type":"Person","@id":"https:\/\/www.suno.com.br\/noticias\/#\/schema\/person\/edc78e26bff487bcad4a7d5e75ca2938","name":"Paulo Jaschke","image":{"@type":"ImageObject","inLanguage":"pt-BR","@id":"https:\/\/www.suno.com.br\/noticias\/#\/schema\/person\/image\/","url":"https:\/\/secure.gravatar.com\/avatar\/d866ede420b0a0e4741620ba27841b8f?s=96&r=g","contentUrl":"https:\/\/secure.gravatar.com\/avatar\/d866ede420b0a0e4741620ba27841b8f?s=96&r=g","caption":"Paulo Jaschke"},"description":"Paulo Jaschke \u00e9 estudante de jornalismo na ESPM-SP. Escreve sobre o mercado financeiro, economia e pol\u00edtica internacional para o portal da Suno Research. Tamb\u00e9m escreve sobre economia internacional na ag\u00eancia CMA e \u00e9 rep\u00f3rter esportivo pela Web r\u00e1dio EsportesNet. Em 2018, foi rep\u00f3rter esportivo pela R\u00e1dio ESPM na Copa do Mundo 2018 e escreveu para a Revista Plural ESPM.","sameAs":["https:\/\/www.suno.com.br\/","https:\/\/www.linkedin.com\/in\/paulo-jaschke-328221168\/"],"url":"https:\/\/www.suno.com.br\/noticias\/author\/paulo-jaschke\/"}]}},"default_loop_html":"<div class=\"cardsPage__listCard__boxs\"><div class=\"cardsPage__listCard__boxs__img\"><a href=\"https:\/\/www.suno.com.br\/noticias\/ibovespa-fecha-com-desvalorizacao-apos-dia-volatil\/\"><img class=\"mask\" src=\"https:\/\/www.suno.com.br\/noticias\/wp-content\/themes\/suno\/resources\/images\/spotlight\/spotlight1img\/bg-mask.png\" alt=\"Image Mask\"\/><img src=\"https:\/\/files.sunoresearch.com.br\/n\/uploads\/2018\/08\/6c528921-finance-1178504-400x200.webp\" alt=\"Ibovespa fecha com desvaloriza\u00e7\u00e3o ap\u00f3s dia vol\u00e1til\"\/><\/a><span class=\"spotlightCategory\"><a href=\"https:\/\/www.suno.com.br\/noticias\/mercado\/\">Mercado<\/a><\/span><\/div><div class=\"cardsPage__listCard__boxs__content\"><a href=\"https:\/\/www.suno.com.br\/noticias\/ibovespa-fecha-com-desvalorizacao-apos-dia-volatil\/\"><h2 class=\"content__title\">Ibovespa fecha com desvaloriza\u00e7\u00e3o ap\u00f3s dia vol\u00e1til<\/h2><\/a><div class=\"newsContent__article__meta\"><div class=\"newsContent__article__meta__authorBox\"><a href=\"https:\/\/www.suno.com.br\/noticias\/author\/paulo-jaschke\/\" class=\"authorBox__avatar noMobi\"><img src=\"https:\/\/secure.gravatar.com\/avatar\/d866ede420b0a0e4741620ba27841b8f?s=96&#038;r=g\" alt=\"Paulo Jaschke\"><\/a><div class=\"authorBox__name\"><span>por\n\t\t\t<a href=\"https:\/\/www.suno.com.br\/noticias\/author\/paulo-jaschke\/\"><span itemprop=\"author\">Paulo Jaschke<\/span><\/a><\/span><time datetime=\"2018-09-19T17:52:01-03:00\" itemprop=\"datePublished\">19\/09\/2018 17:52<\/time><\/div><\/div><\/div><\/div><\/div>","single_layout":"posts","amp_enabled":true,"_links":{"self":[{"href":"https:\/\/www.suno.com.br\/noticias\/wp-json\/wp\/v2\/posts\/4158"}],"collection":[{"href":"https:\/\/www.suno.com.br\/noticias\/wp-json\/wp\/v2\/posts"}],"about":[{"href":"https:\/\/www.suno.com.br\/noticias\/wp-json\/wp\/v2\/types\/post"}],"author":[{"embeddable":true,"href":"https:\/\/www.suno.com.br\/noticias\/wp-json\/wp\/v2\/users\/6"}],"replies":[{"embeddable":true,"href":"https:\/\/www.suno.com.br\/noticias\/wp-json\/wp\/v2\/comments?post=4158"}],"version-history":[{"count":1,"href":"https:\/\/www.suno.com.br\/noticias\/wp-json\/wp\/v2\/posts\/4158\/revisions"}],"predecessor-version":[{"id":152373,"href":"https:\/\/www.suno.com.br\/noticias\/wp-json\/wp\/v2\/posts\/4158\/revisions\/152373"}],"wp:featuredmedia":[{"embeddable":true,"href":"https:\/\/www.suno.com.br\/noticias\/wp-json\/wp\/v2\/media\/3052"}],"wp:attachment":[{"href":"https:\/\/www.suno.com.br\/noticias\/wp-json\/wp\/v2\/media?parent=4158"}],"wp:term":[{"taxonomy":"category","embeddable":true,"href":"https:\/\/www.suno.com.br\/noticias\/wp-json\/wp\/v2\/categories?post=4158"},{"taxonomy":"post_tag","embeddable":true,"href":"https:\/\/www.suno.com.br\/noticias\/wp-json\/wp\/v2\/tags?post=4158"},{"taxonomy":"suno_strategy","embeddable":true,"href":"https:\/\/www.suno.com.br\/noticias\/wp-json\/wp\/v2\/suno_strategy?post=4158"}],"curies":[{"name":"wp","href":"https:\/\/api.w.org\/{rel}","templated":true}]}}