{"id":415742,"date":"2023-06-12T23:01:45","date_gmt":"2023-06-13T02:01:45","guid":{"rendered":"https:\/\/www.suno.com.br\/noticias\/?p=415742"},"modified":"2023-06-12T23:11:33","modified_gmt":"2023-06-13T02:11:33","slug":"radar-carrefour-brasil-crfb3-braskem-brkm5-santander-sanb11","status":"publish","type":"post","link":"https:\/\/www.suno.com.br\/noticias\/radar-carrefour-brasil-crfb3-braskem-brkm5-santander-sanb11\/","title":{"rendered":"Radar: Carrefour Brasil (CRFB3) anuncia JCP milion\u00e1rio, analistas pedem cautela com a Braskem (BRKM5) e Santander (SANB11)\u00a0lidera quedas entre os bancos"},"content":{"rendered":"<p>O&nbsp;<a href=\"https:\/\/www.suno.com.br\/acoes\/CRFB3\/\"><strong>Carrefour<\/strong>&nbsp;Brasil (CRFB3)<\/a>&nbsp; vai pagar R$ 179 milh\u00f5es em&nbsp;<a href=\"https:\/\/www.suno.com.br\/artigos\/entenda-o-jcp\/\" target=\"_blank\" rel=\"noreferrer noopener\">Juros Sobre Capital Pr\u00f3prio<\/a>&nbsp;(JCP) aos seus acionistas, segundo<strong>&nbsp;<\/strong>fato relevante divulgado hoje (12).<\/p>\t<div class=\"wrapper-featured-image\">\n\t\t<figure class=\"spotlightImg\">\n\n\t\t\t<picture>\n\t\t\t\t<source media=\"(max-width: 768px)\" srcset=\"https:\/\/files.sunoresearch.com.br\/n\/uploads\/2022\/12\/carrefour-crfb3-400x200.jpeg\">\n\t\t\t\t<img loading=\"lazy\" decoding=\"async\" class=\"newsContent__article__imgCapa lazyloadDisabled \" src=\"https:\/\/files.sunoresearch.com.br\/n\/uploads\/2022\/12\/carrefour-crfb3-800x450.jpeg\" width=\"800\" height=\"450\" alt=\"Radar: Carrefour Brasil (CRFB3) anuncia JCP milion\u00e1rio, analistas pedem cautela com a Braskem (BRKM5) e Santander (SANB11)\u00a0lidera quedas entre os bancos\" fetchpriority=high \/>\n\t\t\t<\/picture>\n\n\t\t\t<figcaption class=\"wp-caption-text wp-caption-text--show\">Carrefour (CRFB3). Foto: Divulga\u00e7\u00e3o<\/figcaption>\n\t\t<\/figure>\n\t<\/div>\n\n\n\n\n\n\t<p>\n\t\t<a href=\"https:\/\/lp.suno.com.br\/planilha-da-vida-financeira\/\" target=\"_blank\" data-element=\"shortcode-suno-banner\" title=\"Banner SUNO, clique e saiba mais\">\n\t\t\t<picture>\n\t\t\t\t<source media=\"(max-width: 500px)\" srcset=\"https:\/\/files.sunoresearch.com.br\/n\/uploads\/2023\/04\/400x300-Planilha-vida-financeira-true.png\">\n\t\t\t\t<img class=\"newsContent__article__imgCapa newsContent__article__imgCapa--banner\"\n\t\t\t\t\tsrc=\"https:\/\/files.sunoresearch.com.br\/n\/uploads\/2023\/04\/1420x240-Planilha-vida-financeira-true.png\"\n\t\t\t\t\tdata-promo-id=\"106682\"\t\t\t\t\t\t\t\t\t\twidth='1420' height='240'\t\t\t\t\talt=\"https:\/\/files.sunoresearch.com.br\/n\/uploads\/2023\/04\/1420x240-Planilha-vida-financeira-true.png\"\n\t\t\t\t>\n\t\t\t<\/picture>\n\t\t<\/a>\n\t<\/p>\n\n\n\n\n\n\n\n<p>O&nbsp;<strong>valor dos proventos<\/strong>&nbsp;por<strong>&nbsp;a\u00e7\u00e3o do Carrefour<\/strong>&nbsp;ser\u00e1 de R$ 0,0849 por a\u00e7\u00e3o, que ser\u00e3o pagos em 31 de dezembro de 2023 pela companhia.<\/p>\n\n\n\n<p>Apenas os investidores com&nbsp;<strong>pap\u00e9is do Carrefour&nbsp;<\/strong>no dia 15 de junho ter\u00e3o direito de receber os rendimentos. A partir do dia 16 de junho, as a\u00e7\u00f5es ser\u00e3o negociadas sem direito aos&nbsp;<strong>JCP<\/strong>.<\/p>\n\n\n\n<p>Segundo documento arquivado na&nbsp;<strong>Comiss\u00e3o de Valores Mobili\u00e1rios (CVM)<\/strong>, esses&nbsp;<strong>proventos do Carrefour<\/strong>&nbsp;fazem parte dos&nbsp;<a target=\"_blank\" href=\"https:\/\/www.suno.com.br\/guias\/dividendos\/\" rel=\"noreferrer noopener\">dividendos<\/a>&nbsp;obrigat\u00f3rios do exerc\u00edcio de 2023.<\/p>\n\n\n\n<p>O&nbsp;<strong>valor dos JCP<\/strong>&nbsp;ter\u00e1 reten\u00e7\u00e3o do imposto de renda na fonte, com al\u00edquota de 15%, resultando em aproximadamente R$ 0,072 por a\u00e7\u00e3o.<\/p>\n\n\n\n<h2 class=\"wp-block-heading\">JCP do Carrefour<\/h2>\n\n\n\n<ul class=\"wp-block-list\">\n<li>Valor total: R$ 179.000.000,00<\/li>\n\n\n\n<li>Valor por a\u00e7\u00e3o: R$ 0,084924093<\/li>\n\n\n\n<li>Data de corte: 15 de junho de 2023<\/li>\n\n\n\n<li>Data do pagamento: 31 de dezembro de 2023<\/li>\n\n\n\n<li>Rendimento (dividend yield): 0%<\/li>\n<\/ul>\n\n\n\n<p>Al\u00e9m de Carrefour, confira outros destaques desta segunda-feira:<\/p>\n\n\n\n<h2 class=\"wp-block-heading\">Braskem (BRKM5) salta 6% no Ibovespa hoje, mas propostas de venda exigem cautela com as a\u00e7\u00f5es, diz BTG Pactual<\/h2>\n\n\n\n<ul class=\"wp-block-list\">\n<li>Em relat\u00f3rio divulgado nesta segunda-feira (12), analistas do&nbsp;<a href=\"https:\/\/www.suno.com.br\/acoes\/bpac11\/\">BTG Pactual (BPAC11)<\/a>&nbsp;avaliaram a proposta feita pela&nbsp;<a href=\"https:\/\/www.suno.com.br\/acoes\/UNIP6\/\" target=\"_blank\" rel=\"noreferrer noopener\">Unipar (UNIP6)<\/a>&nbsp;para compra do controle da&nbsp;<a href=\"https:\/\/www.suno.com.br\/acoes\/BRKM5\/\" target=\"_blank\" rel=\"noreferrer noopener\"><strong>Braskem<\/strong>&nbsp;(BRKM5)<\/a>, aconselhando cautela para quem deseja capturar vantagens da venda da petroqu\u00edmica. Apesar disso, os pap\u00e9is da petroqu\u00edmica valorizaram 6%, cotados a R$ 27,15 \u2013 chegando a disparar mais de 13% nas primeiras horas do preg\u00e3o de hoje no Ibovespa.<\/li>\n<\/ul>\n\n\n\n<ul class=\"wp-block-list\">\n<li>A&nbsp;<a href=\"https:\/\/www.suno.com.br\/acoes\/BRKM5\/\" target=\"_blank\" rel=\"noreferrer noopener\"><strong>Braskem<\/strong>&nbsp;(BRKM5)<\/a>&nbsp;comunicou que recebeu formalmente a proposta da&nbsp;<a href=\"https:\/\/www.suno.com.br\/acoes\/UNIP6\/\" target=\"_blank\" rel=\"noreferrer noopener\">Unipar (UNIP6)<\/a>&nbsp;de compra do controle e uma fatia de 34,3% por um pre\u00e7o de R$ 36,50 por a\u00e7\u00e3o. Com a concretiza\u00e7\u00e3o, a Novonor, controladora da Braskem e ex-Odebrecht, permaneceria com uma participa\u00e7\u00e3o minorit\u00e1ria, com cerca de 4% de a\u00e7\u00f5es da petroqu\u00edmica.<\/li>\n<\/ul>\n\n\n\n<ul class=\"wp-block-list\">\n<li>No relat\u00f3rio, os analistas Pedro Soares e Thiago Duarte destacaram que apesar da proposta feita pela Unipar parecer menor do que a da&nbsp;<strong>Apollo<\/strong>&nbsp;e&nbsp;<strong>Adnoc<\/strong>&nbsp;\u2013 feita h\u00e1 pouco mais de um m\u00eas, de R$ 47 por a\u00e7\u00e3o \u2013, a opera\u00e7\u00e3o envolver\u00e1 dinheiro, com valor presente l\u00edquido abaixo dos R$ 30 por a\u00e7\u00e3o. A proposta anterior seria feita via troca de a\u00e7\u00f5es.<\/li>\n<\/ul>\n\n\n\n<ul class=\"wp-block-list\">\n<li>A&nbsp;<strong>oferta da Unipar&nbsp;<\/strong>seria, portanto, 22% superior \u00e0 da Apollo e Adnoc e oferece 43% de valoriza\u00e7\u00e3o em rela\u00e7\u00e3o ao pre\u00e7o de fechamento da Braskem na \u00faltima sexta-feira (9).<\/li>\n<\/ul>\n\n\n\n<ul class=\"wp-block-list\">\n<li>Soares e Duarte tamb\u00e9m aconselharam cautela por algum tempo para quem deseja capturar vantagens da&nbsp;<strong>venda da Braskem<\/strong>, \u201cpois as propostas anteriores falharam em alinhar os interesses de todas as partes, mas principalmente daquelas dos credores da Novonor, que ainda precisam receber R$ 14-15 bilh\u00f5es\u201d, disseram.<\/li>\n<\/ul>\n\n\n\n<ul class=\"wp-block-list\">\n<li>Embora a suposta oferta de R$ 10 bilh\u00f5es da Unipar pare\u00e7a mais favor\u00e1vel aos credores, ela ainda implica um grande corte de d\u00edvida, disseram os analistas. Segundo o texto, a companhia tamb\u00e9m relatou que sua oferta depende de uma liquida\u00e7\u00e3o total de um passivo geol\u00f3gico em Alagoas.<\/li>\n<\/ul>\n\n\n\n<ul class=\"wp-block-list\">\n<li>Eles ponderaram, ainda, que a aquisi\u00e7\u00e3o da Braskem \u00e9 uma boa estrat\u00e9gia para a&nbsp;<a href=\"https:\/\/www.suno.com.br\/acoes\/PETR4\/\">Petrobras (PETR4)<\/a>, que sinalizou recentemente sua inten\u00e7\u00e3o de realizar mais investimentos no setor petroqu\u00edmico.<\/li>\n<\/ul>\n\n\n\n<ul class=\"wp-block-list\">\n<li>\u201cSe a Petrobras decidir comprar a participa\u00e7\u00e3o da Novonor, acreditamos que os acionistas minorit\u00e1rios n\u00e3o obter\u00e3o vantagens dos direitos de \u2018tag along\u2019, uma vez que n\u00e3o envolve uma mudan\u00e7a de controle da Braskem\u201d.<\/li>\n<\/ul>\n\n\n\n<ul class=\"wp-block-list\">\n<li>O BTG Pactual tem recomenda\u00e7\u00e3o de compra para as&nbsp;<strong>a\u00e7\u00f5es da Braskem<\/strong>, com pre\u00e7o-alvo em R$ 36.<\/li>\n<\/ul>\n\n\n\n<h2 class=\"wp-block-heading\">Banco do Brasil (BBAS3) sobe na expectativa de julgamento no STF; Santander (SANB11) tem maior queda entre os banc\u00f5es. Entenda<\/h2>\n\n\n\n<ul class=\"wp-block-list\">\n<li>As a\u00e7\u00f5es do&nbsp;<a href=\"https:\/\/www.suno.com.br\/acoes\/bbas3\/\"><strong>Banco do Brasil<\/strong>&nbsp;(BBAS3)<\/a>&nbsp;fecharam em alta nesta segunda-feira (12), na expectativa do julgamento do Supremo Tribunal Federal (STF) que discute a incid\u00eancia de PIS e Cofins sobre receitas financeiras. Em dire\u00e7\u00e3o oposta, os pap\u00e9is de banc\u00f5es como Santander (SANB11), Ita\u00fa (ITUB4) e Bradesco (BBDC4) recuaram.<\/li>\n<\/ul>\n\n\n\n<ul class=\"wp-block-list\">\n<li>O Santander registrou a maior baixa: 3,24%. Analistas explicam o motivo: \u201cHoje temos Banco do Brasil subindo bem, com investidores monitorando o julgamento do Supremo Tribunal Federal (STF) em rela\u00e7\u00e3o \u00e0 incid\u00eancia de PIS\/COFINS sobre receitas. Por outro lado, a Febraban indicou que o Santander pode ser o banco mais impactado e por isso a a\u00e7\u00e3o da institui\u00e7\u00e3o caiu com for\u00e7a no Ibovespa hoje\u201d, disse Leandro Petrokas, mestre em Finan\u00e7as, diretor de Research e s\u00f3cio da Quantzed.<\/li>\n<\/ul>\n\n\n\t<p>\n\t\t<a href=\"https:\/\/lp.suno.com.br\/ebook-como-analisar-uma-acao\/\" target=\"_blank\" data-element=\"shortcode-suno-banner\" title=\"Banner SUNO, clique e saiba mais\">\n\t\t\t<picture>\n\t\t\t\t<source media=\"(max-width: 500px)\" srcset=\"https:\/\/files.sunoresearch.com.br\/n\/uploads\/2023\/03\/Ebook-Acoes-Mobile.jpg\">\n\t\t\t\t<img class=\"newsContent__article__imgCapa newsContent__article__imgCapa--banner\"\n\t\t\t\t\tsrc=\"https:\/\/files.sunoresearch.com.br\/n\/uploads\/2023\/03\/Ebook-Acoes-Desktop.jpg\"\n\t\t\t\t\tdata-promo-id=\"378302\"\t\t\t\t\t\t\t\t\t\twidth='1420' height='286'\t\t\t\t\talt=\"https:\/\/files.sunoresearch.com.br\/n\/uploads\/2023\/03\/Ebook-Acoes-Desktop.jpg\"\n\t\t\t\t>\n\t\t\t<\/picture>\n\t\t<\/a>\n\t<\/p>\n\n\n\n\n\n<h2 class=\"wp-block-heading\">Cielo (CIEL3): banco recomenda compra de a\u00e7\u00f5es e v\u00ea valoriza\u00e7\u00e3o de 63%; veja o motivo<\/h2>\n\n\n\n<ul class=\"wp-block-list\">\n<li>A decis\u00e3o do Supremo Tribunal Federal (STF), por maioria dos votos, de que as empresas devem pagar o&nbsp;<a href=\"https:\/\/www.suno.com.br\/artigos\/iss\/\" target=\"_blank\" rel=\"noreferrer noopener\">Imposto Sobre Servi\u00e7os (ISS)<\/a>&nbsp;nas cidades onde est\u00e3o localizadas proporcionar\u00e1 \u00e0&nbsp;<a href=\"https:\/\/www.suno.com.br\/acoes\/ciel3\/\"><strong>Cielo<\/strong>&nbsp;(CIEL3)<\/a>&nbsp;uma revers\u00e3o de R$ 405 milh\u00f5es provisionados em seu balan\u00e7o, de acordo com BTG Pactual, que recomenda a compra das a\u00e7\u00f5es.<\/li>\n<\/ul>\n\n\n\n<ul class=\"wp-block-list\">\n<li>\u201c\u00c9 uma boa not\u00edcia [<strong>decis\u00e3o sobre o ISS<\/strong>] e pode ajudar a a\u00e7\u00e3o a se recuperar um pouco ap\u00f3s uma recente liquida\u00e7\u00e3o provocada por preocupa\u00e7\u00f5es com o fraco TPV [volume de pagamentos processados] e uma potencial piora do cen\u00e1rio competitivo\u201d, afirmam os analistas do banco sobre os<strong>&nbsp;pap\u00e9is da Cielo<\/strong>.<\/li>\n<\/ul>\n\n\n\n<ul class=\"wp-block-list\">\n<li>Em relat\u00f3rio divulgado na \u00faltima sexta-feira (9), o&nbsp;<strong>BTG&nbsp;<\/strong>avalia que a decis\u00e3o do Supremo deve melhorar o potencial dos pap\u00e9is. \u201cCom revers\u00e3o de provis\u00e3o acima de R$ 400 milh\u00f5es, a Cielo registrar\u00e1 ganho equivalente a 3% do&nbsp;<a href=\"https:\/\/www.suno.com.br\/artigos\/valor-de-mercado\/\" target=\"_blank\" rel=\"noreferrer noopener\">valor de mercado<\/a>&nbsp;e 2% do patrim\u00f4nio l\u00edquido, e n\u00e3o precisar\u00e1 mais provisionar com&nbsp;<strong>ISS<\/strong>&nbsp;mais alto nos pr\u00f3ximos trimestres. Seu patrim\u00f4nio tamb\u00e9m aumentar\u00e1, aumentando tamb\u00e9m o potencial de pagamentos de&nbsp;<a href=\"https:\/\/www.suno.com.br\/guias\/dividendos\/\" target=\"_blank\" rel=\"noreferrer noopener\">dividendos<\/a>&nbsp;no futuro, o que pode ser um importante gatilho para as&nbsp;<strong>a\u00e7\u00f5es da Cielo<\/strong>.\u201d<\/li>\n<\/ul>\n\n\n\n<h2 class=\"wp-block-heading\">Vale (VALE3) e CSN (CSNA3) caem no Ibovespa hoje; veja por qu\u00ea<\/h2>\n\n\n\n<ul class=\"wp-block-list\">\n<li>As a\u00e7\u00f5es da&nbsp;<a href=\"https:\/\/www.suno.com.br\/acoes\/VALE3\/\" target=\"_blank\" rel=\"noreferrer noopener\"><strong>Vale<\/strong>&nbsp;(VALE3)<\/a>&nbsp;fecharam em queda na tarde desta segunda-feira (12), assim como as demais mineradoras e sider\u00fargicas, antes de uma s\u00e9rie de divulga\u00e7\u00f5es de dados de maio na China, incluindo a taxa de juros. A semana tamb\u00e9m conta com as decis\u00f5es de pol\u00edtica monet\u00e1ria do Federal Reserve (EUA) na quarta-feira e tamb\u00e9m do Banco Central Europeu (BCE), na quinta-feira. O cen\u00e1rio piorou com a baixa do min\u00e9rio nesta segunda.<\/li>\n<\/ul>\n\n\n\n<ul class=\"wp-block-list\">\n<li>Os contratos futuros do&nbsp;<strong>min\u00e9rio de ferro<\/strong>&nbsp;ca\u00edram em meio \u00e0 realiza\u00e7\u00e3o de lucros, com o \u00edndice de refer\u00eancia de&nbsp;<strong>Cingapura<\/strong>&nbsp;recuando ap\u00f3s oito sess\u00f5es consecutivas de ganhos, e os pre\u00e7os em&nbsp;<strong>Dalian<\/strong>&nbsp;cedendo a uma m\u00e1xima de 10 semanas, impactando tamb\u00e9m as&nbsp;<strong>a\u00e7\u00f5es da Vale<\/strong>&nbsp;e das mineradoras.<\/li>\n<\/ul>\n\n\n\n<h2 class=\"wp-block-heading\">Lemann, Telles e Sicupira aceitam ficar 3 anos sem vender a\u00e7\u00f5es da Americanas (AMER3)<\/h2>\n\n\n\n<ul class=\"wp-block-list\">\n<li>O \u2018trio\u2019 de bilion\u00e1rios da&nbsp;<a href=\"https:\/\/www.suno.com.br\/artigos\/3g-capital\/\" target=\"_blank\" rel=\"noreferrer noopener\">3G Capital<\/a>&nbsp;\u2013&nbsp;<a href=\"https:\/\/www.suno.com.br\/noticias\/americanas-amer3-acionistas-revoltados-lemann-atitude-as-pressas\/\" target=\"_blank\" rel=\"noreferrer noopener\">Jorge Paulo&nbsp;<strong>Lemann<\/strong><\/a>, Carlos Alberto Sicupira e Marcel Telles \u2013 aceitou ficar um per\u00edodo de cerca de tr\u00eas anos com restri\u00e7\u00e3o na venda de a\u00e7\u00f5es da&nbsp;<a href=\"https:\/\/www.suno.com.br\/acoes\/amer3\" target=\"_blank\" rel=\"noreferrer noopener\">Americanas (AMER3)<\/a>. As informa\u00e7\u00f5es s\u00e3o da Bloomberg.<\/li>\n<\/ul>\n\n\n\n<ul class=\"wp-block-list\">\n<li>O acordo que envolve Lemann e os demais&nbsp;<strong>acionistas da Americanas<\/strong>&nbsp;faz parte de um plano de reestrutura\u00e7\u00e3o da varejista.<\/li>\n<\/ul>\n\n\n\n<ul class=\"wp-block-list\">\n<li>Bancos e credores ainda n\u00e3o firmaram o&nbsp;<a href=\"https:\/\/www.suno.com.br\/artigos\/lock-up\/\" target=\"_blank\" rel=\"noreferrer noopener\">per\u00edodo de lock-up<\/a>, mas a exig\u00eancia \u00e9 de que ele seja de ao menos at\u00e9 2027, segundo fontes a par do assunto.<\/li>\n<\/ul>\n\n\n\n<ul class=\"wp-block-list\">\n<li>O plano de reestrutura\u00e7\u00e3o integra a estrat\u00e9gia de reerguer a&nbsp;<strong>Americanas<\/strong>&nbsp;ap\u00f3s a companhia revelar um rombo cont\u00e1bil bilion\u00e1rio no in\u00edcio do ano, entrar em recupera\u00e7\u00e3o judicial e travar uma briga acirrada com bancos credores na Justi\u00e7a.<\/li>\n<\/ul>\n\n\n\n<ul class=\"wp-block-list\">\n<li>O plano deve conter uma inje\u00e7\u00e3o de R$ 10 bilh\u00f5es de imediato por parte do&nbsp;<strong>trio da 3G Capital<\/strong>, com mais R$ 4 bilh\u00f5es adicionais divididos em duas parcelas, em 2026 e 2027, que ficaram condicionados aos patamares de alavancagem e liquidez da empresa.<\/li>\n<\/ul>\n\n\n\n<ul class=\"wp-block-list\">\n<li>Atualmente o trio soma uma participa\u00e7\u00e3o societ\u00e1ria de cerca de 30% no&nbsp;<a href=\"https:\/\/www.suno.com.br\/artigos\/capital-social\/\" target=\"_blank\" rel=\"noreferrer noopener\">capital social<\/a>&nbsp;da Americanas. Com a inje\u00e7\u00e3o de capital via&nbsp;<a href=\"https:\/\/www.suno.com.br\/artigos\/oferta-de-acoes\/\" target=\"_blank\" rel=\"noreferrer noopener\">oferta de a\u00e7\u00f5es<\/a>, os empres\u00e1rios teriam uma fatia ainda maior da varejista, a depender da demanda pelos pap\u00e9is.<\/li>\n<\/ul>\n\n\n\n<ul class=\"wp-block-list\">\n<li>Os bancos credores devem entrar na jogada, com a convers\u00e3o de d\u00edvida em a\u00e7\u00f5es, aderindo ao pacote de R$ 10 bilh\u00f5es, segundo as informa\u00e7\u00f5es da Bloomberg.<\/li>\n<\/ul>\n\n\n\n<h2 class=\"wp-block-heading\">UBS (UBSG34) conclui compra do antigo rival Credit Suisse<\/h2>\n\n\n\n<ul class=\"wp-block-list\">\n<li>O&nbsp;<a href=\"https:\/\/www.suno.com.br\/bdrs\/ubsg34\/\"><strong>UBS Group (UBSG34)<\/strong><\/a>&nbsp;concluiu nesta segunda-feira (12) a aquisi\u00e7\u00e3o do antigo rival,&nbsp;<a href=\"https:\/\/www.suno.com.br\/bdrs\/c1su34\/\"><strong>Credit Suisse Group AG<\/strong>&nbsp;<strong>(C1SU34)<\/strong><\/a>, considerada a maior fus\u00e3o no setor banc\u00e1rio desde a crise financeira de 2008.<\/li>\n<\/ul>\n\n\n\n<ul class=\"wp-block-list\">\n<li>A negocia\u00e7\u00e3o, feita de forma emergencial ap\u00f3s o banco afirmar que enfrentava uma forte crise financeira, foi fechada ap\u00f3s o UBS finalizar as negocia\u00e7\u00f5es com o governo su\u00ed\u00e7o sobre uma garantia de 9 bilh\u00f5es de francos su\u00ed\u00e7os \u2013 cerca de US$ 10 bilh\u00f5es \u2013 contra poss\u00edveis perdas com ativos do Credit Suisse.<\/li>\n<\/ul>\n\n\n\n<ul class=\"wp-block-list\">\n<li>Com a conclus\u00e3o da aquisi\u00e7\u00e3o, os dois bancos criam um gigante global, com um balan\u00e7o patrimonial estimado em US$ 1,6 trilh\u00e3o, informou a Reuters. Ainda de acordo com a ag\u00eancia de not\u00edcias, ao todo, o UBS administrar\u00e1 US$ 5 trilh\u00f5es em ativos, dando \u00e0 institui\u00e7\u00e3o uma posi\u00e7\u00e3o de lideran\u00e7a em mercados-chave.<\/li>\n<\/ul>\n\n\n\n<ul class=\"wp-block-list\">\n<li>A fus\u00e3o tamb\u00e9m encerra a hist\u00f3ria de 167 anos do Credit Suisse, marcada por esc\u00e2ndalos e preju\u00edzos.<\/li>\n<\/ul>\n\n\n\n<ul class=\"wp-block-list\">\n<li>Em comunicado \u00e0 imprensa, Colm Kelleher, presidente do UBS Group AG, falou sobre o impacto de reunir, pela primeira vez, dois bancos globais sistematicamente importantes. \u201c\u00c0 medida em que come\u00e7amos a operar o grupo banc\u00e1rio consolidado, continuaremos a ser guiados pelos melhores interesses de todas as partes interessadas, incluindo investidores\u201d.<\/li>\n<\/ul>\n\n\n\n<ul class=\"wp-block-list\">\n<li>Na nota, o UBS afirmou esperar que seu \u00edndice CET1, uma medida importante da for\u00e7a do capital, fique em torno de 14% no segundo trimestre de 2023 e permane\u00e7a nesse n\u00edvel ao longo do ano. \u201cAs perdas operacionais do Credit Suisse e os encargos de reestrutura\u00e7\u00e3o ser\u00e3o compensados por redu\u00e7\u00f5es nos ativos ponderados pelo risco\u201d, acrescentou.<\/li>\n<\/ul>\n\n\n\n<p>Do Carrefour \u00e0 UBS, essas foram as empresas que se destacaram hoje. Para ler todas as mat\u00e9rias\u00a0<strong><a href=\"https:\/\/www.suno.com.br\/noticias\/todos\/?utm_content=XYOE2ItQuUY.20201113&amp;utm_campaign=Track%2B&amp;utm_medium=video&amp;utm_source=youtube.noticias\" target=\"_blank\" rel=\"noreferrer noopener\">clique aqui<\/a><\/strong>.<a href=\"https:\/\/lp.suno.com.br\/minicurso-investindo-fiis\/?utm_content=XYOE2ItQuUY.20201113&amp;utm_campaign=Track%2B&amp;utm_medium=video&amp;utm_source=youtube.noticias\" target=\"_blank\" rel=\"noreferrer noopener\"><\/a><a href=\"https:\/\/lp.suno.com.br\/ebook-investindo-em-dividendos\/?utm_content=XYOE2ItQuUY.20201113&amp;utm_campaign=Track%2B&amp;utm_medium=video&amp;utm_source=youtube.noticias\" target=\"_blank\" rel=\"noreferrer noopener\"><\/a><a href=\"https:\/\/lp.suno.com.br\/ebook-como-analisar-uma-acao\/?utm_content=XYOE2ItQuUY.20201113&amp;utm_campaign=Track%2B&amp;utm_medium=video&amp;utm_source=youtube.noticias\" target=\"_blank\" rel=\"noreferrer noopener\"><\/a><a href=\"https:\/\/lp.suno.com.br\/planilha-da-vida-financeira\/?utm_content=XYOE2ItQuUY.20201113&amp;utm_campaign=Track%2B&amp;utm_medium=video&amp;utm_source=youtube.noticias\" target=\"_blank\" rel=\"noreferrer noopener\"><\/a><a href=\"https:\/\/lp.suno.com.br\/plataforma-de-controle-de-investimentos\/?utm_content=XYOE2ItQuUY.20201113&amp;utm_campaign=Track%2B&amp;utm_medium=video&amp;utm_source=youtube.noticias\" target=\"_blank\" rel=\"noreferrer noopener\"><\/a><a href=\"https:\/\/lp.suno.com.br\/ebook-como-analisar-uma-acao\/?utm_content=XYOE2ItQuUY.20201113&amp;utm_campaign=Track%2B&amp;utm_medium=video&amp;utm_source=youtube.noticias\" target=\"_blank\" rel=\"noreferrer noopener\"><\/a><a href=\"https:\/\/lp.suno.com.br\/suno-one\/?utm_content=XYOE2ItQuUY.20201113&amp;utm_campaign=Track%2B&amp;utm_medium=video&amp;utm_source=youtube.noticias\" target=\"_blank\" rel=\"noreferrer noopener\"><\/a><a href=\"https:\/\/lp.suno.com.br\/suno-one\/?utm_content=XYOE2ItQuUY.20201113&amp;utm_campaign=Track%2B&amp;utm_medium=video&amp;utm_source=youtube.noticias\" target=\"_blank\" rel=\"noreferrer noopener\"><\/a><a href=\"https:\/\/lp.suno.com.br\/suno-one\/?utm_content=XYOE2ItQuUY.20201113&amp;utm_campaign=Track%2B&amp;utm_medium=video&amp;utm_source=youtube.noticias\" target=\"_blank\" rel=\"noreferrer noopener\"><\/a><a href=\"https:\/\/lp.suno.com.br\/ebook-como-analisar-uma-acao\/\" target=\"_blank\" rel=\"noreferrer noopener\"><\/a><a href=\"https:\/\/lp.suno.com.br\/suno-one\/\" target=\"_blank\" rel=\"noreferrer noopener\"><\/a><a href=\"https:\/\/lp.suno.com.br\/suno-one\/\" target=\"_blank\" rel=\"noreferrer noopener\"><\/a><a href=\"https:\/\/lp.suno.com.br\/suno-one\/\" target=\"_blank\" rel=\"noreferrer noopener\"><\/a><a href=\"https:\/\/lp.suno.com.br\/suno-one\/\" target=\"_blank\" rel=\"noreferrer noopener\"><\/a><a href=\"https:\/\/lp.suno.com.br\/suno-one\/\" target=\"_blank\" rel=\"noreferrer noopener\"><\/a><a href=\"https:\/\/lp.suno.com.br\/suno-one\/\" target=\"_blank\" rel=\"noreferrer noopener\"><\/a><\/p>\n\n\n\t<p>\n\t\t<a href=\"https:\/\/lp.suno.com.br\/suno-one\/?utm_campaign=_SNC6964518A_\" target=\"_blank\" data-element=\"shortcode-suno-banner\" title=\"Banner SUNO, clique e saiba mais\">\n\t\t\t<picture>\n\t\t\t\t<source media=\"(max-width: 500px)\" srcset=\"https:\/\/files.sunoresearch.com.br\/n\/uploads\/2025\/09\/400x300-Suno-One-png.webp\">\n\t\t\t\t<img class=\"newsContent__article__imgCapa newsContent__article__imgCapa--banner\"\n\t\t\t\t\tsrc=\"https:\/\/files.sunoresearch.com.br\/n\/uploads\/2025\/09\/1420x240-Suno-One-png.webp\"\n\t\t\t\t\tdata-promo-id=\"383121\"\t\t\t\t\t\t\t\t\t\twidth='1420' height='240'\t\t\t\t\talt=\"https:\/\/files.sunoresearch.com.br\/n\/uploads\/2025\/09\/1420x240-Suno-One-png.webp\"\n\t\t\t\t>\n\t\t\t<\/picture>\n\t\t<\/a>\n\t<\/p>\n\n\n","protected":false},"excerpt":{"rendered":"<p>O&nbsp;Carrefour&nbsp;Brasil (CRFB3)&nbsp; vai pagar R$ 179 milh\u00f5es em&nbsp;Juros Sobre Capital Pr\u00f3prio&nbsp;(JCP) aos seus acionistas, segundo&nbsp;fato relevante divulgado hoje (12). Carrefour (CRFB3). Foto: Divulga\u00e7\u00e3o O&nbsp;valor dos proventos&nbsp;por&nbsp;a\u00e7\u00e3o do Carrefour&nbsp;ser\u00e1 de R$ 0,0849 por a\u00e7\u00e3o, que ser\u00e3o pagos em 31 de dezembro de 2023 pela companhia. Apenas os investidores com&nbsp;pap\u00e9is do Carrefour&nbsp;no dia 15 de junho ter\u00e3o [&hellip;]<\/p>\n","protected":false},"author":227,"featured_media":333329,"comment_status":"closed","ping_status":"closed","sticky":false,"template":"","format":"standard","meta":[],"categories":[64],"tags":[106605,732,395,405,423,1388,624,747,676],"suno_strategy":[],"class_list":["post-415742","post","type-post","status-publish","format-standard","has-post-thumbnail","hentry","category-negocios","tag-americanas-s-a-amer3","tag-banco-do-brasil-bbas3","tag-braskem-brkm3-brkm5-brkm6","tag-carrefour-crfb3","tag-cielo-ciel3","tag-csn-csna3","tag-santander-sanb11-sanb3-sanb4","tag-ubs-ubsg34","tag-vale-vale3"],"yoast_head":"<!-- This site is optimized with the Yoast SEO plugin v24.4 - https:\/\/yoast.com\/wordpress\/plugins\/seo\/ -->\n<title>Radar: Carrefour Brasil (CRFB3) anuncia JCP milion\u00e1rio, analistas pedem cautela com a Braskem (BRKM5) e Santander (SANB11)\u00a0lidera quedas entre os bancos<\/title>\n<meta name=\"description\" content=\"Carrefour Brasil pagar\u00e1 JCP milion\u00e1rio, Braskem (BRKM5) sobe, mas analistas pedem cautela, e Santander (SANB11)\u00a0lidera quedas entre os bancos\" \/>\n<meta name=\"robots\" content=\"index, follow, max-snippet:-1, max-image-preview:large, max-video-preview:-1\" \/>\n<link rel=\"canonical\" href=\"https:\/\/www.suno.com.br\/noticias\/radar-carrefour-brasil-crfb3-braskem-brkm5-santander-sanb11\/\" \/>\n<meta property=\"og:locale\" content=\"pt_BR\" \/>\n<meta property=\"og:type\" content=\"article\" \/>\n<meta property=\"og:title\" content=\"Radar: Carrefour Brasil (CRFB3) anuncia JCP milion\u00e1rio, analistas pedem cautela com a Braskem (BRKM5) e Santander (SANB11)\u00a0lidera quedas entre os bancos\" \/>\n<meta property=\"og:description\" content=\"Carrefour Brasil pagar\u00e1 JCP milion\u00e1rio, Braskem (BRKM5) sobe, mas analistas pedem cautela, e Santander (SANB11)\u00a0lidera quedas entre os bancos\" \/>\n<meta property=\"og:url\" content=\"https:\/\/www.suno.com.br\/noticias\/radar-carrefour-brasil-crfb3-braskem-brkm5-santander-sanb11\/\" \/>\n<meta property=\"og:site_name\" content=\"Suno Not\u00edcias\" \/>\n<meta property=\"article:publisher\" content=\"https:\/\/facebook.com\/sunoresearch\" \/>\n<meta property=\"og:image\" content=\"https:\/\/files.sunoresearch.com.br\/n\/uploads\/2022\/12\/carrefour-crfb3.jpeg\" \/>\n\t<meta property=\"og:image:width\" content=\"1200\" \/>\n\t<meta property=\"og:image:height\" content=\"800\" \/>\n\t<meta property=\"og:image:type\" content=\"image\/jpeg\" \/>\n<meta name=\"author\" content=\"Vanessa Loiola\" \/>\n<meta name=\"twitter:card\" content=\"summary_large_image\" \/>\n<meta name=\"twitter:creator\" content=\"@sunoresearch\" \/>\n<meta name=\"twitter:site\" content=\"@sunoresearch\" \/>\n<meta name=\"twitter:label1\" content=\"Escrito por\" \/>\n\t<meta name=\"twitter:data1\" content=\"Vanessa Loiola\" \/>\n\t<meta name=\"twitter:label2\" content=\"Est. tempo de leitura\" \/>\n\t<meta name=\"twitter:data2\" content=\"9 minutos\" \/>\n<script type=\"application\/ld+json\" class=\"yoast-schema-graph\">{\"@context\":\"https:\/\/schema.org\",\"@graph\":[{\"@type\":\"NewsArticle\",\"@id\":\"https:\/\/www.suno.com.br\/noticias\/radar-carrefour-brasil-crfb3-braskem-brkm5-santander-sanb11\/#article\",\"isPartOf\":{\"@id\":\"https:\/\/www.suno.com.br\/noticias\/radar-carrefour-brasil-crfb3-braskem-brkm5-santander-sanb11\/\"},\"author\":{\"name\":\"Vanessa Loiola\",\"@id\":\"https:\/\/www.suno.com.br\/noticias\/#\/schema\/person\/450c455ecff319bab1f1a0e643451479\"},\"headline\":\"Radar: Carrefour Brasil (CRFB3) anuncia JCP milion\u00e1rio, analistas pedem cautela com a Braskem (BRKM5) e Santander (SANB11)\u00a0lidera quedas entre os bancos\",\"datePublished\":\"2023-06-13T02:01:45+00:00\",\"dateModified\":\"2023-06-13T02:11:33+00:00\",\"mainEntityOfPage\":{\"@id\":\"https:\/\/www.suno.com.br\/noticias\/radar-carrefour-brasil-crfb3-braskem-brkm5-santander-sanb11\/\"},\"wordCount\":1824,\"publisher\":{\"@id\":\"https:\/\/www.suno.com.br\/noticias\/#organization\"},\"image\":{\"@id\":\"https:\/\/www.suno.com.br\/noticias\/radar-carrefour-brasil-crfb3-braskem-brkm5-santander-sanb11\/#primaryimage\"},\"thumbnailUrl\":\"https:\/\/files.sunoresearch.com.br\/n\/uploads\/2022\/12\/carrefour-crfb3.jpeg\",\"keywords\":[\"Americanas (AMER3)\",\"Banco do Brasil (BBAS3)\",\"Braskem (BRKM3\/BRKM5\/BRKM6)\",\"Carrefour (CRFB3)\",\"Cielo (CIEL3)\",\"CSN (CSNA3)\",\"Santander (SANB11\/SANB3\/SANB4)\",\"UBS (UBSG34)\",\"Vale (VALE3)\"],\"articleSection\":[\"Neg\u00f3cios\"],\"inLanguage\":\"pt-BR\"},{\"@type\":\"WebPage\",\"@id\":\"https:\/\/www.suno.com.br\/noticias\/radar-carrefour-brasil-crfb3-braskem-brkm5-santander-sanb11\/\",\"url\":\"https:\/\/www.suno.com.br\/noticias\/radar-carrefour-brasil-crfb3-braskem-brkm5-santander-sanb11\/\",\"name\":\"Radar: Carrefour Brasil (CRFB3) anuncia JCP milion\u00e1rio, analistas pedem cautela com a Braskem (BRKM5) e Santander (SANB11)\u00a0lidera quedas entre os bancos\",\"isPartOf\":{\"@id\":\"https:\/\/www.suno.com.br\/noticias\/#website\"},\"primaryImageOfPage\":{\"@id\":\"https:\/\/www.suno.com.br\/noticias\/radar-carrefour-brasil-crfb3-braskem-brkm5-santander-sanb11\/#primaryimage\"},\"image\":{\"@id\":\"https:\/\/www.suno.com.br\/noticias\/radar-carrefour-brasil-crfb3-braskem-brkm5-santander-sanb11\/#primaryimage\"},\"thumbnailUrl\":\"https:\/\/files.sunoresearch.com.br\/n\/uploads\/2022\/12\/carrefour-crfb3.jpeg\",\"datePublished\":\"2023-06-13T02:01:45+00:00\",\"dateModified\":\"2023-06-13T02:11:33+00:00\",\"description\":\"Carrefour Brasil pagar\u00e1 JCP milion\u00e1rio, Braskem (BRKM5) sobe, mas analistas pedem cautela, e Santander (SANB11)\u00a0lidera quedas entre os bancos\",\"breadcrumb\":{\"@id\":\"https:\/\/www.suno.com.br\/noticias\/radar-carrefour-brasil-crfb3-braskem-brkm5-santander-sanb11\/#breadcrumb\"},\"inLanguage\":\"pt-BR\",\"potentialAction\":[{\"@type\":\"ReadAction\",\"target\":[\"https:\/\/www.suno.com.br\/noticias\/radar-carrefour-brasil-crfb3-braskem-brkm5-santander-sanb11\/\"]}]},{\"@type\":\"ImageObject\",\"inLanguage\":\"pt-BR\",\"@id\":\"https:\/\/www.suno.com.br\/noticias\/radar-carrefour-brasil-crfb3-braskem-brkm5-santander-sanb11\/#primaryimage\",\"url\":\"https:\/\/files.sunoresearch.com.br\/n\/uploads\/2022\/12\/carrefour-crfb3.jpeg\",\"contentUrl\":\"https:\/\/files.sunoresearch.com.br\/n\/uploads\/2022\/12\/carrefour-crfb3.jpeg\",\"width\":1200,\"height\":800,\"caption\":\"Carrefour (CRFB3). Foto: Divulga\u00e7\u00e3o\"},{\"@type\":\"BreadcrumbList\",\"@id\":\"https:\/\/www.suno.com.br\/noticias\/radar-carrefour-brasil-crfb3-braskem-brkm5-santander-sanb11\/#breadcrumb\",\"itemListElement\":[{\"@type\":\"ListItem\",\"position\":1,\"name\":\"Not\u00edcias\",\"item\":\"https:\/\/www.suno.com.br\/noticias\/\"},{\"@type\":\"ListItem\",\"position\":2,\"name\":\"Neg\u00f3cios\",\"item\":\"https:\/\/www.suno.com.br\/noticias\/negocios\/\"},{\"@type\":\"ListItem\",\"position\":3,\"name\":\"Radar: Carrefour Brasil (CRFB3) anuncia JCP milion\u00e1rio, analistas pedem cautela com a Braskem (BRKM5) e Santander (SANB11)\u00a0lidera quedas entre os bancos\"}]},{\"@type\":\"WebSite\",\"@id\":\"https:\/\/www.suno.com.br\/noticias\/#website\",\"url\":\"https:\/\/www.suno.com.br\/noticias\/\",\"name\":\"Suno Not\u00edcias\",\"description\":\"Seu portal de informa\u00e7\u00e3o sobre o mundo dos investimentos\",\"publisher\":{\"@id\":\"https:\/\/www.suno.com.br\/noticias\/#organization\"},\"potentialAction\":[{\"@type\":\"SearchAction\",\"target\":{\"@type\":\"EntryPoint\",\"urlTemplate\":\"https:\/\/www.suno.com.br\/noticias\/?s={search_term_string}\"},\"query-input\":{\"@type\":\"PropertyValueSpecification\",\"valueRequired\":true,\"valueName\":\"search_term_string\"}}],\"inLanguage\":\"pt-BR\"},{\"@type\":\"Organization\",\"@id\":\"https:\/\/www.suno.com.br\/noticias\/#organization\",\"name\":\"Suno Not\u00edcias\",\"url\":\"https:\/\/www.suno.com.br\/noticias\/\",\"logo\":{\"@type\":\"ImageObject\",\"inLanguage\":\"pt-BR\",\"@id\":\"https:\/\/www.suno.com.br\/noticias\/#\/schema\/logo\/image\/\",\"url\":\"https:\/\/files.sunoresearch.com.br\/n\/uploads\/2021\/09\/suno-logo.png\",\"contentUrl\":\"https:\/\/files.sunoresearch.com.br\/n\/uploads\/2021\/09\/suno-logo.png\",\"width\":180,\"height\":180,\"caption\":\"Suno Not\u00edcias\"},\"image\":{\"@id\":\"https:\/\/www.suno.com.br\/noticias\/#\/schema\/logo\/image\/\"},\"sameAs\":[\"https:\/\/facebook.com\/sunoresearch\",\"https:\/\/x.com\/sunoresearch\",\"https:\/\/www.instagram.com\/suno\",\"https:\/\/www.linkedin.com\/company\/suno-research\/\",\"https:\/\/www.youtube.com\/c\/sunoresearch\"]},{\"@type\":\"Person\",\"@id\":\"https:\/\/www.suno.com.br\/noticias\/#\/schema\/person\/450c455ecff319bab1f1a0e643451479\",\"name\":\"Vanessa Loiola\",\"image\":{\"@type\":\"ImageObject\",\"inLanguage\":\"pt-BR\",\"@id\":\"https:\/\/www.suno.com.br\/noticias\/#\/schema\/person\/image\/\",\"url\":\"https:\/\/secure.gravatar.com\/avatar\/8b41117f9780831919eb38da349c3f20?s=96&r=g\",\"contentUrl\":\"https:\/\/secure.gravatar.com\/avatar\/8b41117f9780831919eb38da349c3f20?s=96&r=g\",\"caption\":\"Vanessa Loiola\"},\"description\":\"Jornalista formada pela PUC-SP, com experi\u00eancia na cobertura das editorias de economia, finan\u00e7as, bolsa de valores, pol\u00edtica, energia solar e entretenimento. Com passagem pela BM&amp;C News e RedeTV!\",\"url\":\"https:\/\/www.suno.com.br\/noticias\/author\/vanessal-loiolagmail-com\/\"}]}<\/script>\n<!-- \/ Yoast SEO plugin. -->","yoast_head_json":{"title":"Radar: Carrefour Brasil (CRFB3) anuncia JCP milion\u00e1rio, analistas pedem cautela com a Braskem (BRKM5) e Santander (SANB11)\u00a0lidera quedas entre os bancos","description":"Carrefour Brasil pagar\u00e1 JCP milion\u00e1rio, Braskem (BRKM5) sobe, mas analistas pedem cautela, e Santander (SANB11)\u00a0lidera quedas entre os bancos","robots":{"index":"index","follow":"follow","max-snippet":"max-snippet:-1","max-image-preview":"max-image-preview:large","max-video-preview":"max-video-preview:-1"},"canonical":"https:\/\/www.suno.com.br\/noticias\/radar-carrefour-brasil-crfb3-braskem-brkm5-santander-sanb11\/","og_locale":"pt_BR","og_type":"article","og_title":"Radar: Carrefour Brasil (CRFB3) anuncia JCP milion\u00e1rio, analistas pedem cautela com a Braskem (BRKM5) e Santander (SANB11)\u00a0lidera quedas entre os bancos","og_description":"Carrefour Brasil pagar\u00e1 JCP milion\u00e1rio, Braskem (BRKM5) sobe, mas analistas pedem cautela, e Santander (SANB11)\u00a0lidera quedas entre os bancos","og_url":"https:\/\/www.suno.com.br\/noticias\/radar-carrefour-brasil-crfb3-braskem-brkm5-santander-sanb11\/","og_site_name":"Suno Not\u00edcias","article_publisher":"https:\/\/facebook.com\/sunoresearch","og_image":[{"width":1200,"height":800,"url":"https:\/\/files.sunoresearch.com.br\/n\/uploads\/2022\/12\/carrefour-crfb3.jpeg","type":"image\/jpeg"}],"author":"Vanessa Loiola","twitter_card":"summary_large_image","twitter_creator":"@sunoresearch","twitter_site":"@sunoresearch","twitter_misc":{"Escrito por":"Vanessa Loiola","Est. tempo de leitura":"9 minutos"},"schema":{"@context":"https:\/\/schema.org","@graph":[{"@type":"NewsArticle","@id":"https:\/\/www.suno.com.br\/noticias\/radar-carrefour-brasil-crfb3-braskem-brkm5-santander-sanb11\/#article","isPartOf":{"@id":"https:\/\/www.suno.com.br\/noticias\/radar-carrefour-brasil-crfb3-braskem-brkm5-santander-sanb11\/"},"author":{"name":"Vanessa Loiola","@id":"https:\/\/www.suno.com.br\/noticias\/#\/schema\/person\/450c455ecff319bab1f1a0e643451479"},"headline":"Radar: Carrefour Brasil (CRFB3) anuncia JCP milion\u00e1rio, analistas pedem cautela com a Braskem (BRKM5) e Santander (SANB11)\u00a0lidera quedas entre os bancos","datePublished":"2023-06-13T02:01:45+00:00","dateModified":"2023-06-13T02:11:33+00:00","mainEntityOfPage":{"@id":"https:\/\/www.suno.com.br\/noticias\/radar-carrefour-brasil-crfb3-braskem-brkm5-santander-sanb11\/"},"wordCount":1824,"publisher":{"@id":"https:\/\/www.suno.com.br\/noticias\/#organization"},"image":{"@id":"https:\/\/www.suno.com.br\/noticias\/radar-carrefour-brasil-crfb3-braskem-brkm5-santander-sanb11\/#primaryimage"},"thumbnailUrl":"https:\/\/files.sunoresearch.com.br\/n\/uploads\/2022\/12\/carrefour-crfb3.jpeg","keywords":["Americanas (AMER3)","Banco do Brasil (BBAS3)","Braskem (BRKM3\/BRKM5\/BRKM6)","Carrefour (CRFB3)","Cielo (CIEL3)","CSN (CSNA3)","Santander (SANB11\/SANB3\/SANB4)","UBS (UBSG34)","Vale (VALE3)"],"articleSection":["Neg\u00f3cios"],"inLanguage":"pt-BR"},{"@type":"WebPage","@id":"https:\/\/www.suno.com.br\/noticias\/radar-carrefour-brasil-crfb3-braskem-brkm5-santander-sanb11\/","url":"https:\/\/www.suno.com.br\/noticias\/radar-carrefour-brasil-crfb3-braskem-brkm5-santander-sanb11\/","name":"Radar: Carrefour Brasil (CRFB3) anuncia JCP milion\u00e1rio, analistas pedem cautela com a Braskem (BRKM5) e Santander (SANB11)\u00a0lidera quedas entre os bancos","isPartOf":{"@id":"https:\/\/www.suno.com.br\/noticias\/#website"},"primaryImageOfPage":{"@id":"https:\/\/www.suno.com.br\/noticias\/radar-carrefour-brasil-crfb3-braskem-brkm5-santander-sanb11\/#primaryimage"},"image":{"@id":"https:\/\/www.suno.com.br\/noticias\/radar-carrefour-brasil-crfb3-braskem-brkm5-santander-sanb11\/#primaryimage"},"thumbnailUrl":"https:\/\/files.sunoresearch.com.br\/n\/uploads\/2022\/12\/carrefour-crfb3.jpeg","datePublished":"2023-06-13T02:01:45+00:00","dateModified":"2023-06-13T02:11:33+00:00","description":"Carrefour Brasil pagar\u00e1 JCP milion\u00e1rio, Braskem (BRKM5) sobe, mas analistas pedem cautela, e Santander (SANB11)\u00a0lidera quedas entre os bancos","breadcrumb":{"@id":"https:\/\/www.suno.com.br\/noticias\/radar-carrefour-brasil-crfb3-braskem-brkm5-santander-sanb11\/#breadcrumb"},"inLanguage":"pt-BR","potentialAction":[{"@type":"ReadAction","target":["https:\/\/www.suno.com.br\/noticias\/radar-carrefour-brasil-crfb3-braskem-brkm5-santander-sanb11\/"]}]},{"@type":"ImageObject","inLanguage":"pt-BR","@id":"https:\/\/www.suno.com.br\/noticias\/radar-carrefour-brasil-crfb3-braskem-brkm5-santander-sanb11\/#primaryimage","url":"https:\/\/files.sunoresearch.com.br\/n\/uploads\/2022\/12\/carrefour-crfb3.jpeg","contentUrl":"https:\/\/files.sunoresearch.com.br\/n\/uploads\/2022\/12\/carrefour-crfb3.jpeg","width":1200,"height":800,"caption":"Carrefour (CRFB3). Foto: Divulga\u00e7\u00e3o"},{"@type":"BreadcrumbList","@id":"https:\/\/www.suno.com.br\/noticias\/radar-carrefour-brasil-crfb3-braskem-brkm5-santander-sanb11\/#breadcrumb","itemListElement":[{"@type":"ListItem","position":1,"name":"Not\u00edcias","item":"https:\/\/www.suno.com.br\/noticias\/"},{"@type":"ListItem","position":2,"name":"Neg\u00f3cios","item":"https:\/\/www.suno.com.br\/noticias\/negocios\/"},{"@type":"ListItem","position":3,"name":"Radar: Carrefour Brasil (CRFB3) anuncia JCP milion\u00e1rio, analistas pedem cautela com a Braskem (BRKM5) e Santander (SANB11)\u00a0lidera quedas entre os bancos"}]},{"@type":"WebSite","@id":"https:\/\/www.suno.com.br\/noticias\/#website","url":"https:\/\/www.suno.com.br\/noticias\/","name":"Suno Not\u00edcias","description":"Seu portal de informa\u00e7\u00e3o sobre o mundo dos investimentos","publisher":{"@id":"https:\/\/www.suno.com.br\/noticias\/#organization"},"potentialAction":[{"@type":"SearchAction","target":{"@type":"EntryPoint","urlTemplate":"https:\/\/www.suno.com.br\/noticias\/?s={search_term_string}"},"query-input":{"@type":"PropertyValueSpecification","valueRequired":true,"valueName":"search_term_string"}}],"inLanguage":"pt-BR"},{"@type":"Organization","@id":"https:\/\/www.suno.com.br\/noticias\/#organization","name":"Suno Not\u00edcias","url":"https:\/\/www.suno.com.br\/noticias\/","logo":{"@type":"ImageObject","inLanguage":"pt-BR","@id":"https:\/\/www.suno.com.br\/noticias\/#\/schema\/logo\/image\/","url":"https:\/\/files.sunoresearch.com.br\/n\/uploads\/2021\/09\/suno-logo.png","contentUrl":"https:\/\/files.sunoresearch.com.br\/n\/uploads\/2021\/09\/suno-logo.png","width":180,"height":180,"caption":"Suno Not\u00edcias"},"image":{"@id":"https:\/\/www.suno.com.br\/noticias\/#\/schema\/logo\/image\/"},"sameAs":["https:\/\/facebook.com\/sunoresearch","https:\/\/x.com\/sunoresearch","https:\/\/www.instagram.com\/suno","https:\/\/www.linkedin.com\/company\/suno-research\/","https:\/\/www.youtube.com\/c\/sunoresearch"]},{"@type":"Person","@id":"https:\/\/www.suno.com.br\/noticias\/#\/schema\/person\/450c455ecff319bab1f1a0e643451479","name":"Vanessa Loiola","image":{"@type":"ImageObject","inLanguage":"pt-BR","@id":"https:\/\/www.suno.com.br\/noticias\/#\/schema\/person\/image\/","url":"https:\/\/secure.gravatar.com\/avatar\/8b41117f9780831919eb38da349c3f20?s=96&r=g","contentUrl":"https:\/\/secure.gravatar.com\/avatar\/8b41117f9780831919eb38da349c3f20?s=96&r=g","caption":"Vanessa Loiola"},"description":"Jornalista formada pela PUC-SP, com experi\u00eancia na cobertura das editorias de economia, finan\u00e7as, bolsa de valores, pol\u00edtica, energia solar e entretenimento. Com passagem pela BM&amp;C News e RedeTV!","url":"https:\/\/www.suno.com.br\/noticias\/author\/vanessal-loiolagmail-com\/"}]}},"default_loop_html":"<div class=\"cardsPage__listCard__boxs\"><div class=\"cardsPage__listCard__boxs__img\"><a href=\"https:\/\/www.suno.com.br\/noticias\/radar-carrefour-brasil-crfb3-braskem-brkm5-santander-sanb11\/\"><img class=\"mask\" src=\"https:\/\/www.suno.com.br\/noticias\/wp-content\/themes\/suno\/resources\/images\/spotlight\/spotlight1img\/bg-mask.png\" alt=\"Image Mask\"\/><img src=\"https:\/\/files.sunoresearch.com.br\/n\/uploads\/2022\/12\/carrefour-crfb3-400x200.jpeg\" alt=\"Radar: Carrefour Brasil (CRFB3) anuncia JCP milion\u00e1rio, analistas pedem cautela com a Braskem (BRKM5) e Santander (SANB11)\u00a0lidera quedas entre os bancos\"\/><\/a><span class=\"spotlightCategory\"><a href=\"https:\/\/www.suno.com.br\/noticias\/negocios\/\">Neg\u00f3cios<\/a><\/span><\/div><div class=\"cardsPage__listCard__boxs__content\"><a href=\"https:\/\/www.suno.com.br\/noticias\/radar-carrefour-brasil-crfb3-braskem-brkm5-santander-sanb11\/\"><h2 class=\"content__title\">Radar: Carrefour Brasil (CRFB3) anuncia JCP milion\u00e1rio, analistas pedem cautela com a Braskem (BRKM5) e Santander (SANB11)\u00a0lidera quedas entre os bancos<\/h2><\/a><div class=\"newsContent__article__meta\"><div class=\"newsContent__article__meta__authorBox\"><a href=\"https:\/\/www.suno.com.br\/noticias\/author\/vanessal-loiolagmail-com\/\" class=\"authorBox__avatar noMobi\"><img src=\"https:\/\/secure.gravatar.com\/avatar\/8b41117f9780831919eb38da349c3f20?s=96&#038;r=g\" alt=\"Vanessa Loiola\"><\/a><div class=\"authorBox__name\"><span>por\n\t\t\t<a href=\"https:\/\/www.suno.com.br\/noticias\/author\/vanessal-loiolagmail-com\/\"><span itemprop=\"author\">Vanessa Loiola<\/span><\/a><\/span><time datetime=\"2023-06-12T23:01:45-03:00\" itemprop=\"datePublished\">12\/06\/2023 23:01<\/time><\/div><\/div><\/div><\/div><\/div>","single_layout":"posts","amp_enabled":true,"_links":{"self":[{"href":"https:\/\/www.suno.com.br\/noticias\/wp-json\/wp\/v2\/posts\/415742"}],"collection":[{"href":"https:\/\/www.suno.com.br\/noticias\/wp-json\/wp\/v2\/posts"}],"about":[{"href":"https:\/\/www.suno.com.br\/noticias\/wp-json\/wp\/v2\/types\/post"}],"author":[{"embeddable":true,"href":"https:\/\/www.suno.com.br\/noticias\/wp-json\/wp\/v2\/users\/227"}],"replies":[{"embeddable":true,"href":"https:\/\/www.suno.com.br\/noticias\/wp-json\/wp\/v2\/comments?post=415742"}],"version-history":[{"count":3,"href":"https:\/\/www.suno.com.br\/noticias\/wp-json\/wp\/v2\/posts\/415742\/revisions"}],"predecessor-version":[{"id":415819,"href":"https:\/\/www.suno.com.br\/noticias\/wp-json\/wp\/v2\/posts\/415742\/revisions\/415819"}],"wp:featuredmedia":[{"embeddable":true,"href":"https:\/\/www.suno.com.br\/noticias\/wp-json\/wp\/v2\/media\/333329"}],"wp:attachment":[{"href":"https:\/\/www.suno.com.br\/noticias\/wp-json\/wp\/v2\/media?parent=415742"}],"wp:term":[{"taxonomy":"category","embeddable":true,"href":"https:\/\/www.suno.com.br\/noticias\/wp-json\/wp\/v2\/categories?post=415742"},{"taxonomy":"post_tag","embeddable":true,"href":"https:\/\/www.suno.com.br\/noticias\/wp-json\/wp\/v2\/tags?post=415742"},{"taxonomy":"suno_strategy","embeddable":true,"href":"https:\/\/www.suno.com.br\/noticias\/wp-json\/wp\/v2\/suno_strategy?post=415742"}],"curies":[{"name":"wp","href":"https:\/\/api.w.org\/{rel}","templated":true}]}}