{"id":415706,"date":"2023-06-12T20:12:11","date_gmt":"2023-06-12T23:12:11","guid":{"rendered":"https:\/\/www.suno.com.br\/noticias\/?p=415706"},"modified":"2023-06-12T20:27:14","modified_gmt":"2023-06-12T23:27:14","slug":"luiza-trajano-magazine-luiza-mglu3-cobra-campos-neto-selic","status":"publish","type":"post","link":"https:\/\/www.suno.com.br\/noticias\/luiza-trajano-magazine-luiza-mglu3-cobra-campos-neto-selic\/","title":{"rendered":"Luiza Trajano, do Magazine Luiza (MGLU3), volta a cobrar Campos Neto sobre corte de juros: &#8220;Ligo mais 20 ou 30 vezes se for necess\u00e1rio&#8221;"},"content":{"rendered":"<p><strong>Luiza Trajano<\/strong>, presidente do <a class=\"suno-keyword\" data-force=\"no\" data-priority=\"1\" href=\"https:\/\/www.suno.com.br\/artigos\/conselho-administracao\/\" target=\"_blank\" rel=\"noopener\">conselho de administra\u00e7\u00e3o<\/a> do <strong>Magazine Luiza (<a href=\"https:\/\/www.suno.com.br\/acoes\/mglu3\/\" target=\"_blank\" rel=\"noreferrer noopener\">MGLU3<\/a>)<\/strong>, voltou a cobrar o presidente do Banco Central, Roberto Campos Neto, sobre uma sinaliza\u00e7\u00e3o de corte na Selic, atualmente em 13,75% ao ano. Mas dessa vez a cobran\u00e7a foi feita pessoalmente durante um evento.<\/p>\t<div class=\"wrapper-featured-image\">\n\t\t<figure class=\"spotlightImg\">\n\n\t\t\t<picture>\n\t\t\t\t<source media=\"(max-width: 768px)\" srcset=\"https:\/\/files.sunoresearch.com.br\/n\/uploads\/2022\/07\/luiza_trajano-21375425-400x200.jpg\">\n\t\t\t\t<img loading=\"lazy\" decoding=\"async\" class=\"newsContent__article__imgCapa lazyloadDisabled \" src=\"https:\/\/files.sunoresearch.com.br\/n\/uploads\/2022\/07\/luiza_trajano-21375425-800x450.jpg\" width=\"800\" height=\"450\" alt=\"Luiza Trajano, do Magazine Luiza (MGLU3), volta a cobrar Campos Neto sobre corte de juros: &#8220;Ligo mais 20 ou 30 vezes se for necess\u00e1rio&#8221;\" fetchpriority=high \/>\n\t\t\t<\/picture>\n\n\t\t\t<figcaption class=\"wp-caption-text wp-caption-text--show\">Dona do Magazine Luiza citou &#039;cr\u00e9dito pr\u00e9-aprovado&#039; para quem j\u00e1 \u00e9 cliente da varejista - Foto: Reprodu\u00e7\u00e3o<\/figcaption>\n\t\t<\/figure>\n\t<\/div>\n\n\n\n\n\n\t<p>\n\t\t<a href=\"https:\/\/lp2.suno.com.br\/cl\/black-friday-2025\/?utm_campaign=_SNCDF0E4858_\" target=\"_blank\" data-element=\"shortcode-suno-banner\" title=\"Banner SUNO, clique e saiba mais\">\n\t\t\t<picture>\n\t\t\t\t<source media=\"(max-width: 500px)\" srcset=\"https:\/\/files.sunoresearch.com.br\/n\/uploads\/2025\/10\/Artigos-e-Noticias-Banner-Home-artigos-01-Mobile_-400x300-1-png.webp\">\n\t\t\t\t<img class=\"newsContent__article__imgCapa newsContent__article__imgCapa--banner\"\n\t\t\t\t\tsrc=\"https:\/\/files.sunoresearch.com.br\/n\/uploads\/2025\/10\/Artigos-e-Noticias-Banner-Home-artigos-01-Desktop_-1420x240-1-png.webp\"\n\t\t\t\t\tdata-promo-id=\"311259\"\t\t\t\t\t\t\t\t\t\twidth='1420' height='240'\t\t\t\t\talt=\"https:\/\/files.sunoresearch.com.br\/n\/uploads\/2025\/10\/Artigos-e-Noticias-Banner-Home-artigos-01-Desktop_-1420x240-1-png.webp\"\n\t\t\t\t>\n\t\t\t<\/picture>\n\t\t<\/a>\n\t<\/p>\n\n\n\n\n\n<p>A fala de Luiza Trajano ocorreu durante encontro com L\u00edderes do Varejo do Instituto para Desenvolvimento do Varejo (IDV). Ela revelou que j\u00e1 fez mais de 20 liga\u00e7\u00f5es a <strong>Campos Neto<\/strong>, al\u00e9m de j\u00e1 ter repassado diversos recados demonstrando seu desejo de que haja uma redu\u00e7\u00e3o na <a class=\"suno-keyword\" data-force=\"no\" data-priority=\"1\" href=\"https:\/\/www.suno.com.br\/artigos\/taxa-de-juros\/\" target=\"_blank\" rel=\"noopener\">taxa b\u00e1sica de juros<\/a>.<\/p>\n\n\n\n<p>Em resposta, o <strong>presidente do Banco Central<\/strong> destacou que ele \u00e9 apenas um dos nove votos sobre as decis\u00f5es tomadas pelo Comit\u00ea de <a class=\"suno-keyword\" target=\"_blank\" data-force=\"no\" data-priority=\"1\" href=\"https:\/\/www.suno.com.br\/artigos\/politica-monetaria\/\" rel=\"noopener\">Pol\u00edtica Monet\u00e1ria<\/a> (Copom) e que, por essa raz\u00e3o, n\u00e3o poderia confirmar um corte na Selic efetivamente.<\/p>\n\n\n\t<div data-element=\"shortcode-read-more\" class=\"knowMore\">\n\t\t\t\t<span class=\"knowMore__title\">Leia mais<\/span>\n\t\t\t\t<a class=\"knowMore__link\" href=\"https:\/\/www.suno.com.br\/noticias\/mxrf11-queda-junho-vghf11-irdm11-caem-ifix\/\">\n\t\t\tMXRF11 tem 1\u00aa queda em 8 sess\u00f5es, enquanto VGHF11 e IRDM11 recuam; IFIX supera os 3.047 pontos\t\t<\/a>\n\t<\/div>\n\n\n\n\n<p>\u201cBaixa os juros, mas n\u00e3o 0,25 ponto porcentual, n\u00e3o, que \u00e9 muito pouco\u201d, disse Luiza Trajano. A assessoria do presidente do BC sinalizou que o evento seria encerrado.<\/p>\n\n\n\n<p>\u201cNa hora que aperta, a assessoria manda recado\u201d, retrucou a empres\u00e1ria. Luiza Trajano ainda disse que se fosse preciso ligaria mais 20 ou 30 vezes. Apesar da cobran\u00e7a a Campos Neto para que sinalize um corte nos juros, ele n\u00e3o garantiu que isso seria feito na pr\u00f3xima reuni\u00e3o do <strong>comit\u00ea do BC<\/strong>.<\/p>\n\n\n\n<p>Ap\u00f3s a assessoria sinalizar que o evento seria encerrado, Trajano ainda insistiu: \u201cN\u00e3o faz isso n\u00e3o, deixa ele dar o sinal\u201d. Campos Neto disse que voltaria ao evento no pr\u00f3ximo ano e a executiva do Magazine Luiza disparou: \u201cVai ter muita gente quebrada at\u00e9 l\u00e1\u201d.<\/p>\n\n\n\n<p>Diversos executivos do setor de varejo reclamaram do atual patamar da <strong>Selic<\/strong> durante o evento. Apesar de reconhecer que a <a class=\"suno-keyword\" target=\"_blank\" data-force=\"no\" data-priority=\"2\" href=\"https:\/\/www.suno.com.br\/artigos\/juros\/\" rel=\"noopener\">taxa de juros<\/a> est\u00e1 alta, Campos Neto pondera que ela \u00e9 inferior \u00e0 sua m\u00e9dia hist\u00f3rica.<\/p>\n\n\n\n<p>O <strong>presidente do BC<\/strong> ainda acrescentou que a redu\u00e7\u00e3o da taxa de juros futura, assim como as perspectivas atuais do mercado que est\u00e3o em andamento, fazem parte de algumas das condi\u00e7\u00f5es essenciais para que haja uma \u201csuaviza\u00e7\u00e3o\u201d na pol\u00edtica monet\u00e1ria.<\/p>\n\n\n\n<h2 class=\"wp-block-heading\">Luiza Trajano, do Magazine Luiza (MGLU3), desabafou em maio sobre os juros no Brasil<\/h2>\n\n\n\n<p>No dia 23 de maio de 2023, <a href=\"https:\/\/www.suno.com.br\/tudo-sobre\/luiza-helena-trajano\/\" target=\"_blank\" rel=\"noreferrer noopener\">Luiza Trajano<\/a> j\u00e1 havia desabafado em rela\u00e7\u00e3o ao atual patamar da Selic no Brasil.<\/p>\n\n\n\n<p>Segundo o jornal Valor Econ\u00f4mico, a executiva do Magazine Luiza afirmou que estava \u201clutando\u201d para que o Copom do Banco Central (BC) iniciasse um <strong>corte na Selic<\/strong>.<\/p>\n\n\n\n<p>Nesse sentido, a empres\u00e1ria afirmou que \u201cespera pelo menos um sinal\u201d para o corte de juros na pr\u00f3xima reuni\u00e3o do Copom, que est\u00e1 marcada para os dias 20 e 21 de junho deste ano.<\/p>\n\n\n\n<p>\u201cEu estou lutando para abaixar os juros. Espero [que venha na pr\u00f3xima reuni\u00e3o] pelo menos um sinal. Se n\u00e3o vier, vai ser muito triste. O pequeno e o m\u00e9dio est\u00e3o sofrendo muito\u201d, disse <strong>Luiza Trajano<\/strong> em conversa com jornalistas depois de um semin\u00e1rio do <a class=\"suno-keyword\" target=\"_blank\" data-force=\"no\" data-priority=\"2\" href=\"https:\/\/www.suno.com.br\/artigos\/bndes\/\" rel=\"noopener\">Banco Nacional de Desenvolvimento Econ\u00f4mico e Social (BNDES)<\/a>.<\/p>\n\n\n\t<p>\n\t\t<a href=\"https:\/\/lp.suno.com.br\/ebook-como-analisar-uma-acao\/\" target=\"_blank\" data-element=\"shortcode-suno-banner\" title=\"Banner SUNO, clique e saiba mais\">\n\t\t\t<picture>\n\t\t\t\t<source media=\"(max-width: 500px)\" srcset=\"https:\/\/files.sunoresearch.com.br\/n\/uploads\/2023\/12\/Ebook-Acoes-Mobile.jpg\">\n\t\t\t\t<img class=\"newsContent__article__imgCapa newsContent__article__imgCapa--banner\"\n\t\t\t\t\tsrc=\"https:\/\/files.sunoresearch.com.br\/n\/uploads\/2023\/12\/Ebook-Acoes-Desktop.webp\"\n\t\t\t\t\tdata-promo-id=\"311260\"\t\t\t\t\t\t\t\t\t\twidth='1420' height='286'\t\t\t\t\talt=\"https:\/\/files.sunoresearch.com.br\/n\/uploads\/2023\/12\/Ebook-Acoes-Desktop.webp\"\n\t\t\t\t>\n\t\t\t<\/picture>\n\t\t<\/a>\n\t<\/p>\n\n\n","protected":false},"excerpt":{"rendered":"<p>Luiza Trajano, presidente do conselho de administra\u00e7\u00e3o do Magazine Luiza (MGLU3), voltou a cobrar o presidente do Banco Central, Roberto Campos Neto, sobre uma sinaliza\u00e7\u00e3o de corte na Selic, atualmente em 13,75% ao ano. Mas dessa vez a cobran\u00e7a foi feita pessoalmente durante um evento. Dona do Magazine Luiza citou &#039;cr\u00e9dito pr\u00e9-aprovado&#039; para quem j\u00e1 [&hellip;]<\/p>\n","protected":false},"author":173,"featured_media":276703,"comment_status":"closed","ping_status":"closed","sticky":false,"template":"","format":"standard","meta":[],"categories":[64],"tags":[1842,105455,548,1113,290],"suno_strategy":[],"class_list":["post-415706","post","type-post","status-publish","format-standard","has-post-thumbnail","hentry","category-negocios","tag-banco-central-bc","tag-luiza-trajano","tag-magazine-luiza-mglu3","tag-roberto-campos-neto","tag-taxa-selic"],"yoast_head":"<!-- This site is optimized with the Yoast SEO plugin v24.4 - https:\/\/yoast.com\/wordpress\/plugins\/seo\/ -->\n<title>Juros: Luiza Trajano, do Magazine Luiza (MGLU3), cobra Campos Neto<\/title>\n<meta name=\"description\" content=\"Luiza Trajano, do Magazine Luiza (MGLU3), voltou a cobrar Campos Neto sobre juros. Veja o que desabafou Luiza Trajano durante evento.\" \/>\n<meta name=\"robots\" content=\"index, follow, max-snippet:-1, max-image-preview:large, max-video-preview:-1\" \/>\n<link rel=\"canonical\" href=\"https:\/\/www.suno.com.br\/noticias\/luiza-trajano-magazine-luiza-mglu3-cobra-campos-neto-selic\/\" \/>\n<meta property=\"og:locale\" content=\"pt_BR\" \/>\n<meta property=\"og:type\" content=\"article\" \/>\n<meta property=\"og:title\" content=\"Juros: Luiza Trajano, do Magazine Luiza (MGLU3), cobra Campos Neto\" \/>\n<meta property=\"og:description\" content=\"Luiza Trajano, do Magazine Luiza (MGLU3), voltou a cobrar Campos Neto sobre juros. Veja o que desabafou Luiza Trajano durante evento.\" \/>\n<meta property=\"og:url\" content=\"https:\/\/www.suno.com.br\/noticias\/luiza-trajano-magazine-luiza-mglu3-cobra-campos-neto-selic\/\" \/>\n<meta property=\"og:site_name\" content=\"Suno Not\u00edcias\" \/>\n<meta property=\"article:publisher\" content=\"https:\/\/facebook.com\/sunoresearch\" \/>\n<meta property=\"og:image\" content=\"https:\/\/files.sunoresearch.com.br\/n\/uploads\/2022\/07\/luiza_trajano-21375425.jpg\" \/>\n\t<meta property=\"og:image:width\" content=\"1224\" \/>\n\t<meta property=\"og:image:height\" content=\"686\" \/>\n\t<meta property=\"og:image:type\" content=\"image\/jpeg\" \/>\n<meta name=\"author\" content=\"Jo\u00e3o Vitor\" \/>\n<meta name=\"twitter:card\" content=\"summary_large_image\" \/>\n<meta name=\"twitter:creator\" content=\"@sunoresearch\" \/>\n<meta name=\"twitter:site\" content=\"@sunoresearch\" \/>\n<meta name=\"twitter:label1\" content=\"Escrito por\" \/>\n\t<meta name=\"twitter:data1\" content=\"Jo\u00e3o Vitor\" \/>\n\t<meta name=\"twitter:label2\" content=\"Est. tempo de leitura\" \/>\n\t<meta name=\"twitter:data2\" content=\"3 minutos\" \/>\n<script type=\"application\/ld+json\" class=\"yoast-schema-graph\">{\"@context\":\"https:\/\/schema.org\",\"@graph\":[{\"@type\":\"NewsArticle\",\"@id\":\"https:\/\/www.suno.com.br\/noticias\/luiza-trajano-magazine-luiza-mglu3-cobra-campos-neto-selic\/#article\",\"isPartOf\":{\"@id\":\"https:\/\/www.suno.com.br\/noticias\/luiza-trajano-magazine-luiza-mglu3-cobra-campos-neto-selic\/\"},\"author\":{\"name\":\"Jo\u00e3o Vitor\",\"@id\":\"https:\/\/www.suno.com.br\/noticias\/#\/schema\/person\/87fc6973867c52dd884811905c43afba\"},\"headline\":\"Luiza Trajano, do Magazine Luiza (MGLU3), volta a cobrar Campos Neto sobre corte de juros: &#8220;Ligo mais 20 ou 30 vezes se for necess\u00e1rio&#8221;\",\"datePublished\":\"2023-06-12T23:12:11+00:00\",\"dateModified\":\"2023-06-12T23:27:14+00:00\",\"mainEntityOfPage\":{\"@id\":\"https:\/\/www.suno.com.br\/noticias\/luiza-trajano-magazine-luiza-mglu3-cobra-campos-neto-selic\/\"},\"wordCount\":544,\"publisher\":{\"@id\":\"https:\/\/www.suno.com.br\/noticias\/#organization\"},\"image\":{\"@id\":\"https:\/\/www.suno.com.br\/noticias\/luiza-trajano-magazine-luiza-mglu3-cobra-campos-neto-selic\/#primaryimage\"},\"thumbnailUrl\":\"https:\/\/files.sunoresearch.com.br\/n\/uploads\/2022\/07\/luiza_trajano-21375425.jpg\",\"keywords\":[\"Banco Central (BC)\",\"Luiza Trajano\",\"Magazine Luiza (MGLU3)\",\"Roberto Campos Neto\",\"Taxa Selic\"],\"articleSection\":[\"Neg\u00f3cios\"],\"inLanguage\":\"pt-BR\"},{\"@type\":\"WebPage\",\"@id\":\"https:\/\/www.suno.com.br\/noticias\/luiza-trajano-magazine-luiza-mglu3-cobra-campos-neto-selic\/\",\"url\":\"https:\/\/www.suno.com.br\/noticias\/luiza-trajano-magazine-luiza-mglu3-cobra-campos-neto-selic\/\",\"name\":\"Juros: Luiza Trajano, do Magazine Luiza (MGLU3), cobra Campos Neto\",\"isPartOf\":{\"@id\":\"https:\/\/www.suno.com.br\/noticias\/#website\"},\"primaryImageOfPage\":{\"@id\":\"https:\/\/www.suno.com.br\/noticias\/luiza-trajano-magazine-luiza-mglu3-cobra-campos-neto-selic\/#primaryimage\"},\"image\":{\"@id\":\"https:\/\/www.suno.com.br\/noticias\/luiza-trajano-magazine-luiza-mglu3-cobra-campos-neto-selic\/#primaryimage\"},\"thumbnailUrl\":\"https:\/\/files.sunoresearch.com.br\/n\/uploads\/2022\/07\/luiza_trajano-21375425.jpg\",\"datePublished\":\"2023-06-12T23:12:11+00:00\",\"dateModified\":\"2023-06-12T23:27:14+00:00\",\"description\":\"Luiza Trajano, do Magazine Luiza (MGLU3), voltou a cobrar Campos Neto sobre juros. Veja o que desabafou Luiza Trajano durante evento.\",\"breadcrumb\":{\"@id\":\"https:\/\/www.suno.com.br\/noticias\/luiza-trajano-magazine-luiza-mglu3-cobra-campos-neto-selic\/#breadcrumb\"},\"inLanguage\":\"pt-BR\",\"potentialAction\":[{\"@type\":\"ReadAction\",\"target\":[\"https:\/\/www.suno.com.br\/noticias\/luiza-trajano-magazine-luiza-mglu3-cobra-campos-neto-selic\/\"]}]},{\"@type\":\"ImageObject\",\"inLanguage\":\"pt-BR\",\"@id\":\"https:\/\/www.suno.com.br\/noticias\/luiza-trajano-magazine-luiza-mglu3-cobra-campos-neto-selic\/#primaryimage\",\"url\":\"https:\/\/files.sunoresearch.com.br\/n\/uploads\/2022\/07\/luiza_trajano-21375425.jpg\",\"contentUrl\":\"https:\/\/files.sunoresearch.com.br\/n\/uploads\/2022\/07\/luiza_trajano-21375425.jpg\",\"width\":1224,\"height\":686,\"caption\":\"Dona do Magazine Luiza citou 'cr\u00e9dito pr\u00e9-aprovado' para quem j\u00e1 \u00e9 cliente da varejista - Foto: Reprodu\u00e7\u00e3o\"},{\"@type\":\"BreadcrumbList\",\"@id\":\"https:\/\/www.suno.com.br\/noticias\/luiza-trajano-magazine-luiza-mglu3-cobra-campos-neto-selic\/#breadcrumb\",\"itemListElement\":[{\"@type\":\"ListItem\",\"position\":1,\"name\":\"Not\u00edcias\",\"item\":\"https:\/\/www.suno.com.br\/noticias\/\"},{\"@type\":\"ListItem\",\"position\":2,\"name\":\"Neg\u00f3cios\",\"item\":\"https:\/\/www.suno.com.br\/noticias\/negocios\/\"},{\"@type\":\"ListItem\",\"position\":3,\"name\":\"Luiza Trajano, do Magazine Luiza (MGLU3), volta a cobrar Campos Neto sobre corte de juros: &#8220;Ligo mais 20 ou 30 vezes se for necess\u00e1rio&#8221;\"}]},{\"@type\":\"WebSite\",\"@id\":\"https:\/\/www.suno.com.br\/noticias\/#website\",\"url\":\"https:\/\/www.suno.com.br\/noticias\/\",\"name\":\"Suno Not\u00edcias\",\"description\":\"Seu portal de informa\u00e7\u00e3o sobre o mundo dos investimentos\",\"publisher\":{\"@id\":\"https:\/\/www.suno.com.br\/noticias\/#organization\"},\"potentialAction\":[{\"@type\":\"SearchAction\",\"target\":{\"@type\":\"EntryPoint\",\"urlTemplate\":\"https:\/\/www.suno.com.br\/noticias\/?s={search_term_string}\"},\"query-input\":{\"@type\":\"PropertyValueSpecification\",\"valueRequired\":true,\"valueName\":\"search_term_string\"}}],\"inLanguage\":\"pt-BR\"},{\"@type\":\"Organization\",\"@id\":\"https:\/\/www.suno.com.br\/noticias\/#organization\",\"name\":\"Suno Not\u00edcias\",\"url\":\"https:\/\/www.suno.com.br\/noticias\/\",\"logo\":{\"@type\":\"ImageObject\",\"inLanguage\":\"pt-BR\",\"@id\":\"https:\/\/www.suno.com.br\/noticias\/#\/schema\/logo\/image\/\",\"url\":\"https:\/\/files.sunoresearch.com.br\/n\/uploads\/2021\/09\/suno-logo.png\",\"contentUrl\":\"https:\/\/files.sunoresearch.com.br\/n\/uploads\/2021\/09\/suno-logo.png\",\"width\":180,\"height\":180,\"caption\":\"Suno Not\u00edcias\"},\"image\":{\"@id\":\"https:\/\/www.suno.com.br\/noticias\/#\/schema\/logo\/image\/\"},\"sameAs\":[\"https:\/\/facebook.com\/sunoresearch\",\"https:\/\/x.com\/sunoresearch\",\"https:\/\/www.instagram.com\/suno\",\"https:\/\/www.linkedin.com\/company\/suno-research\/\",\"https:\/\/www.youtube.com\/c\/sunoresearch\"]},{\"@type\":\"Person\",\"@id\":\"https:\/\/www.suno.com.br\/noticias\/#\/schema\/person\/87fc6973867c52dd884811905c43afba\",\"name\":\"Jo\u00e3o Vitor\",\"image\":{\"@type\":\"ImageObject\",\"inLanguage\":\"pt-BR\",\"@id\":\"https:\/\/www.suno.com.br\/noticias\/#\/schema\/person\/image\/\",\"url\":\"https:\/\/secure.gravatar.com\/avatar\/2843227ca03ccf8cc7ccca45204c127e?s=96&r=g\",\"contentUrl\":\"https:\/\/secure.gravatar.com\/avatar\/2843227ca03ccf8cc7ccca45204c127e?s=96&r=g\",\"caption\":\"Jo\u00e3o Vitor\"},\"description\":\"Redator profissional, com atua\u00e7\u00e3o no mercado editorial na produ\u00e7\u00e3o de not\u00edcias e conte\u00fados sobre o mercado de a\u00e7\u00f5es, fundos imobili\u00e1rios e economia popular. Graduando em Engenharia Qu\u00edmica pela Unesp, tamb\u00e9m j\u00e1 atuou como consultor financeiro.\",\"url\":\"https:\/\/www.suno.com.br\/noticias\/author\/joao-vitor-jacintho\/\"}]}<\/script>\n<!-- \/ Yoast SEO plugin. -->","yoast_head_json":{"title":"Juros: Luiza Trajano, do Magazine Luiza (MGLU3), cobra Campos Neto","description":"Luiza Trajano, do Magazine Luiza (MGLU3), voltou a cobrar Campos Neto sobre juros. Veja o que desabafou Luiza Trajano durante evento.","robots":{"index":"index","follow":"follow","max-snippet":"max-snippet:-1","max-image-preview":"max-image-preview:large","max-video-preview":"max-video-preview:-1"},"canonical":"https:\/\/www.suno.com.br\/noticias\/luiza-trajano-magazine-luiza-mglu3-cobra-campos-neto-selic\/","og_locale":"pt_BR","og_type":"article","og_title":"Juros: Luiza Trajano, do Magazine Luiza (MGLU3), cobra Campos Neto","og_description":"Luiza Trajano, do Magazine Luiza (MGLU3), voltou a cobrar Campos Neto sobre juros. Veja o que desabafou Luiza Trajano durante evento.","og_url":"https:\/\/www.suno.com.br\/noticias\/luiza-trajano-magazine-luiza-mglu3-cobra-campos-neto-selic\/","og_site_name":"Suno Not\u00edcias","article_publisher":"https:\/\/facebook.com\/sunoresearch","og_image":[{"width":1224,"height":686,"url":"https:\/\/files.sunoresearch.com.br\/n\/uploads\/2022\/07\/luiza_trajano-21375425.jpg","type":"image\/jpeg"}],"author":"Jo\u00e3o Vitor","twitter_card":"summary_large_image","twitter_creator":"@sunoresearch","twitter_site":"@sunoresearch","twitter_misc":{"Escrito por":"Jo\u00e3o Vitor","Est. tempo de leitura":"3 minutos"},"schema":{"@context":"https:\/\/schema.org","@graph":[{"@type":"NewsArticle","@id":"https:\/\/www.suno.com.br\/noticias\/luiza-trajano-magazine-luiza-mglu3-cobra-campos-neto-selic\/#article","isPartOf":{"@id":"https:\/\/www.suno.com.br\/noticias\/luiza-trajano-magazine-luiza-mglu3-cobra-campos-neto-selic\/"},"author":{"name":"Jo\u00e3o Vitor","@id":"https:\/\/www.suno.com.br\/noticias\/#\/schema\/person\/87fc6973867c52dd884811905c43afba"},"headline":"Luiza Trajano, do Magazine Luiza (MGLU3), volta a cobrar Campos Neto sobre corte de juros: &#8220;Ligo mais 20 ou 30 vezes se for necess\u00e1rio&#8221;","datePublished":"2023-06-12T23:12:11+00:00","dateModified":"2023-06-12T23:27:14+00:00","mainEntityOfPage":{"@id":"https:\/\/www.suno.com.br\/noticias\/luiza-trajano-magazine-luiza-mglu3-cobra-campos-neto-selic\/"},"wordCount":544,"publisher":{"@id":"https:\/\/www.suno.com.br\/noticias\/#organization"},"image":{"@id":"https:\/\/www.suno.com.br\/noticias\/luiza-trajano-magazine-luiza-mglu3-cobra-campos-neto-selic\/#primaryimage"},"thumbnailUrl":"https:\/\/files.sunoresearch.com.br\/n\/uploads\/2022\/07\/luiza_trajano-21375425.jpg","keywords":["Banco Central (BC)","Luiza Trajano","Magazine Luiza (MGLU3)","Roberto Campos Neto","Taxa Selic"],"articleSection":["Neg\u00f3cios"],"inLanguage":"pt-BR"},{"@type":"WebPage","@id":"https:\/\/www.suno.com.br\/noticias\/luiza-trajano-magazine-luiza-mglu3-cobra-campos-neto-selic\/","url":"https:\/\/www.suno.com.br\/noticias\/luiza-trajano-magazine-luiza-mglu3-cobra-campos-neto-selic\/","name":"Juros: Luiza Trajano, do Magazine Luiza (MGLU3), cobra Campos Neto","isPartOf":{"@id":"https:\/\/www.suno.com.br\/noticias\/#website"},"primaryImageOfPage":{"@id":"https:\/\/www.suno.com.br\/noticias\/luiza-trajano-magazine-luiza-mglu3-cobra-campos-neto-selic\/#primaryimage"},"image":{"@id":"https:\/\/www.suno.com.br\/noticias\/luiza-trajano-magazine-luiza-mglu3-cobra-campos-neto-selic\/#primaryimage"},"thumbnailUrl":"https:\/\/files.sunoresearch.com.br\/n\/uploads\/2022\/07\/luiza_trajano-21375425.jpg","datePublished":"2023-06-12T23:12:11+00:00","dateModified":"2023-06-12T23:27:14+00:00","description":"Luiza Trajano, do Magazine Luiza (MGLU3), voltou a cobrar Campos Neto sobre juros. Veja o que desabafou Luiza Trajano durante evento.","breadcrumb":{"@id":"https:\/\/www.suno.com.br\/noticias\/luiza-trajano-magazine-luiza-mglu3-cobra-campos-neto-selic\/#breadcrumb"},"inLanguage":"pt-BR","potentialAction":[{"@type":"ReadAction","target":["https:\/\/www.suno.com.br\/noticias\/luiza-trajano-magazine-luiza-mglu3-cobra-campos-neto-selic\/"]}]},{"@type":"ImageObject","inLanguage":"pt-BR","@id":"https:\/\/www.suno.com.br\/noticias\/luiza-trajano-magazine-luiza-mglu3-cobra-campos-neto-selic\/#primaryimage","url":"https:\/\/files.sunoresearch.com.br\/n\/uploads\/2022\/07\/luiza_trajano-21375425.jpg","contentUrl":"https:\/\/files.sunoresearch.com.br\/n\/uploads\/2022\/07\/luiza_trajano-21375425.jpg","width":1224,"height":686,"caption":"Dona do Magazine Luiza citou 'cr\u00e9dito pr\u00e9-aprovado' para quem j\u00e1 \u00e9 cliente da varejista - Foto: Reprodu\u00e7\u00e3o"},{"@type":"BreadcrumbList","@id":"https:\/\/www.suno.com.br\/noticias\/luiza-trajano-magazine-luiza-mglu3-cobra-campos-neto-selic\/#breadcrumb","itemListElement":[{"@type":"ListItem","position":1,"name":"Not\u00edcias","item":"https:\/\/www.suno.com.br\/noticias\/"},{"@type":"ListItem","position":2,"name":"Neg\u00f3cios","item":"https:\/\/www.suno.com.br\/noticias\/negocios\/"},{"@type":"ListItem","position":3,"name":"Luiza Trajano, do Magazine Luiza (MGLU3), volta a cobrar Campos Neto sobre corte de juros: &#8220;Ligo mais 20 ou 30 vezes se for necess\u00e1rio&#8221;"}]},{"@type":"WebSite","@id":"https:\/\/www.suno.com.br\/noticias\/#website","url":"https:\/\/www.suno.com.br\/noticias\/","name":"Suno Not\u00edcias","description":"Seu portal de informa\u00e7\u00e3o sobre o mundo dos investimentos","publisher":{"@id":"https:\/\/www.suno.com.br\/noticias\/#organization"},"potentialAction":[{"@type":"SearchAction","target":{"@type":"EntryPoint","urlTemplate":"https:\/\/www.suno.com.br\/noticias\/?s={search_term_string}"},"query-input":{"@type":"PropertyValueSpecification","valueRequired":true,"valueName":"search_term_string"}}],"inLanguage":"pt-BR"},{"@type":"Organization","@id":"https:\/\/www.suno.com.br\/noticias\/#organization","name":"Suno Not\u00edcias","url":"https:\/\/www.suno.com.br\/noticias\/","logo":{"@type":"ImageObject","inLanguage":"pt-BR","@id":"https:\/\/www.suno.com.br\/noticias\/#\/schema\/logo\/image\/","url":"https:\/\/files.sunoresearch.com.br\/n\/uploads\/2021\/09\/suno-logo.png","contentUrl":"https:\/\/files.sunoresearch.com.br\/n\/uploads\/2021\/09\/suno-logo.png","width":180,"height":180,"caption":"Suno Not\u00edcias"},"image":{"@id":"https:\/\/www.suno.com.br\/noticias\/#\/schema\/logo\/image\/"},"sameAs":["https:\/\/facebook.com\/sunoresearch","https:\/\/x.com\/sunoresearch","https:\/\/www.instagram.com\/suno","https:\/\/www.linkedin.com\/company\/suno-research\/","https:\/\/www.youtube.com\/c\/sunoresearch"]},{"@type":"Person","@id":"https:\/\/www.suno.com.br\/noticias\/#\/schema\/person\/87fc6973867c52dd884811905c43afba","name":"Jo\u00e3o Vitor","image":{"@type":"ImageObject","inLanguage":"pt-BR","@id":"https:\/\/www.suno.com.br\/noticias\/#\/schema\/person\/image\/","url":"https:\/\/secure.gravatar.com\/avatar\/2843227ca03ccf8cc7ccca45204c127e?s=96&r=g","contentUrl":"https:\/\/secure.gravatar.com\/avatar\/2843227ca03ccf8cc7ccca45204c127e?s=96&r=g","caption":"Jo\u00e3o Vitor"},"description":"Redator profissional, com atua\u00e7\u00e3o no mercado editorial na produ\u00e7\u00e3o de not\u00edcias e conte\u00fados sobre o mercado de a\u00e7\u00f5es, fundos imobili\u00e1rios e economia popular. Graduando em Engenharia Qu\u00edmica pela Unesp, tamb\u00e9m j\u00e1 atuou como consultor financeiro.","url":"https:\/\/www.suno.com.br\/noticias\/author\/joao-vitor-jacintho\/"}]}},"default_loop_html":"<div class=\"cardsPage__listCard__boxs\"><div class=\"cardsPage__listCard__boxs__img\"><a href=\"https:\/\/www.suno.com.br\/noticias\/luiza-trajano-magazine-luiza-mglu3-cobra-campos-neto-selic\/\"><img class=\"mask\" src=\"https:\/\/www.suno.com.br\/noticias\/wp-content\/themes\/suno\/resources\/images\/spotlight\/spotlight1img\/bg-mask.png\" alt=\"Image Mask\"\/><img src=\"https:\/\/files.sunoresearch.com.br\/n\/uploads\/2022\/07\/luiza_trajano-21375425-400x200.jpg\" alt=\"Luiza Trajano, do Magazine Luiza (MGLU3), volta a cobrar Campos Neto sobre corte de juros: &#8220;Ligo mais 20 ou 30 vezes se for necess\u00e1rio&#8221;\"\/><\/a><span class=\"spotlightCategory\"><a href=\"https:\/\/www.suno.com.br\/noticias\/negocios\/\">Neg\u00f3cios<\/a><\/span><\/div><div class=\"cardsPage__listCard__boxs__content\"><a href=\"https:\/\/www.suno.com.br\/noticias\/luiza-trajano-magazine-luiza-mglu3-cobra-campos-neto-selic\/\"><h2 class=\"content__title\">Luiza Trajano, do Magazine Luiza (MGLU3), volta a cobrar Campos Neto sobre corte de juros: &#8220;Ligo mais 20 ou 30 vezes se for necess\u00e1rio&#8221;<\/h2><\/a><div class=\"newsContent__article__meta\"><div class=\"newsContent__article__meta__authorBox\"><a href=\"https:\/\/www.suno.com.br\/noticias\/author\/joao-vitor-jacintho\/\" class=\"authorBox__avatar noMobi\"><img src=\"https:\/\/secure.gravatar.com\/avatar\/2843227ca03ccf8cc7ccca45204c127e?s=96&#038;r=g\" alt=\"Jo\u00e3o Vitor Jacintho\"><\/a><div class=\"authorBox__name\"><span>por\n\t\t\t<a href=\"https:\/\/www.suno.com.br\/noticias\/author\/joao-vitor-jacintho\/\"><span itemprop=\"author\">Jo\u00e3o Vitor Jacintho<\/span><\/a><\/span><time datetime=\"2023-06-12T20:12:11-03:00\" itemprop=\"datePublished\">12\/06\/2023 20:12<\/time><\/div><\/div><\/div><\/div><\/div>","single_layout":"posts","amp_enabled":true,"_links":{"self":[{"href":"https:\/\/www.suno.com.br\/noticias\/wp-json\/wp\/v2\/posts\/415706"}],"collection":[{"href":"https:\/\/www.suno.com.br\/noticias\/wp-json\/wp\/v2\/posts"}],"about":[{"href":"https:\/\/www.suno.com.br\/noticias\/wp-json\/wp\/v2\/types\/post"}],"author":[{"embeddable":true,"href":"https:\/\/www.suno.com.br\/noticias\/wp-json\/wp\/v2\/users\/173"}],"replies":[{"embeddable":true,"href":"https:\/\/www.suno.com.br\/noticias\/wp-json\/wp\/v2\/comments?post=415706"}],"version-history":[{"count":3,"href":"https:\/\/www.suno.com.br\/noticias\/wp-json\/wp\/v2\/posts\/415706\/revisions"}],"predecessor-version":[{"id":415721,"href":"https:\/\/www.suno.com.br\/noticias\/wp-json\/wp\/v2\/posts\/415706\/revisions\/415721"}],"wp:featuredmedia":[{"embeddable":true,"href":"https:\/\/www.suno.com.br\/noticias\/wp-json\/wp\/v2\/media\/276703"}],"wp:attachment":[{"href":"https:\/\/www.suno.com.br\/noticias\/wp-json\/wp\/v2\/media?parent=415706"}],"wp:term":[{"taxonomy":"category","embeddable":true,"href":"https:\/\/www.suno.com.br\/noticias\/wp-json\/wp\/v2\/categories?post=415706"},{"taxonomy":"post_tag","embeddable":true,"href":"https:\/\/www.suno.com.br\/noticias\/wp-json\/wp\/v2\/tags?post=415706"},{"taxonomy":"suno_strategy","embeddable":true,"href":"https:\/\/www.suno.com.br\/noticias\/wp-json\/wp\/v2\/suno_strategy?post=415706"}],"curies":[{"name":"wp","href":"https:\/\/api.w.org\/{rel}","templated":true}]}}