{"id":41524,"date":"2019-10-17T17:41:40","date_gmt":"2019-10-17T20:41:40","guid":{"rendered":"https:\/\/www.suno.com.br\/noticias\/?p=41524"},"modified":"2019-10-17T17:41:40","modified_gmt":"2019-10-17T20:41:40","slug":"dolar-encerra-alta-acordo-brexit-17102019","status":"publish","type":"post","link":"https:\/\/www.suno.com.br\/noticias\/dolar-encerra-alta-acordo-brexit-17102019\/","title":{"rendered":"D\u00f3lar encerra em alta de 0,385% ap\u00f3s acordo do Brexit"},"content":{"rendered":"<p>O <a href=\"https:\/\/www.suno.com.br\/artigos\/investir-em-dolar\/\">d\u00f3lar<\/a> encerrou, nesta quinta-feira (17), em alta de +0,385% sendo vendido a R$ 4,1702.<\/p>\t<div class=\"wrapper-featured-image\">\n\t\t<figure class=\"spotlightImg\">\n\n\t\t\t<picture>\n\t\t\t\t<source media=\"(max-width: 768px)\" srcset=\"https:\/\/files.sunoresearch.com.br\/n\/uploads\/2019\/04\/47a80cc4-d\u00f3lar-400x200.webp\">\n\t\t\t\t<img loading=\"lazy\" decoding=\"async\" class=\"newsContent__article__imgCapa lazyloadDisabled newsContent__article__imgCapa--noCaption\" src=\"https:\/\/files.sunoresearch.com.br\/n\/uploads\/2019\/04\/47a80cc4-d\u00f3lar-800x450.webp\" width=\"800\" height=\"450\" alt=\"D\u00f3lar encerra em alta de 0,385% ap\u00f3s acordo do Brexit\" fetchpriority=high \/>\n\t\t\t<\/picture>\n\n\t\t\t<figcaption class=\"wp-caption-text wp-caption-text--hide\">Na sess\u00e3o da \u00faltima segunda-feira, o d\u00f3lar encerrou o preg\u00e3o em queda de 0,225%, negociado a R$ 5,5942 na venda.<\/figcaption>\n\t\t<\/figure>\n\t<\/div>\n\n\n\n<p>O <strong>d\u00f3lar<\/strong> subiu devido a v\u00e1rios fatores. O principal deles,\u00a0a declara\u00e7\u00e3o do primeiro-ministro brit\u00e2nico, <strong>Boris Johnson,<\/strong> de que o <strong>Reino Unido<\/strong> e a <strong>Uni\u00e3o Europeia<\/strong> alcan\u00e7aram um acordo sobre o <strong>Brexit.<\/strong><\/p>\n<p>Al\u00e9m disso, contribu\u00edram para o resultado desta <strong>quinta<\/strong> do <strong>d\u00f3lar:<\/strong><\/p>\n<ul>\n<li><strong>UOL<\/strong> levanta US$ 653 milh\u00f5es com <strong>follow-on<\/strong> da <strong>PagSeguro<\/strong> em <strong>NY;<\/strong><\/li>\n<li><strong>Alemanha<\/strong> reduz proje\u00e7\u00e3o de crescimento do <strong>PIB<\/strong> em <strong>2020;<\/strong><\/li>\n<\/ul>\n<h2>Brexit<\/h2>\n<p>Os representantes do <strong>Reino Unido<\/strong> e a <a href=\"https:\/\/www.suno.com.br\/artigos\/uniao-europeia\/\"><strong>Uni\u00e3o Europeia<\/strong><\/a> alcan\u00e7aram um acordo sobre o Brexit nesta quinta. O acordo vem \u00e0 tona antes da reuni\u00e3o dos parlamentares europeus entre esta quinta e a pr\u00f3xima sexta-feira (18), em Bruxelas, quando os termos devem ser ratificados.<\/p>\n<p><a href=\"https:\/\/www.suno.com.br\/noticias\/reino-unido-e-ue-entram-em-acordo-brexit-boris-johnson\/\">Saiba mais: Reino Unido e UE entram em acordo sobre o Brexit, diz Boris Johnson<\/a><\/p>\n<p>Em sua conta pessoal no Twitter, o presidente da <strong>Comiss\u00e3o Europeia,<\/strong> Jean-Claude Juncker, escrever que o <strong>Brexit<\/strong> ser\u00e1 &#8220;justo e equilibrado&#8221; e que &#8220;onde existe vontade, existe um acordo&#8221;.<\/p>\n<p class=\"twitter-tweet\">\n<p dir=\"ltr\" lang=\"en\">????? Where there is a will, there is a <a href=\"https:\/\/twitter.com\/hashtag\/deal?src=hash&amp;ref_src=twsrc%5Etfw\">#deal<\/a> &#8211; we have one! It\u2019s a fair and balanced agreement for the EU and the UK and it is testament to our commitment to find solutions. I recommend that <a href=\"https:\/\/twitter.com\/hashtag\/EUCO?src=hash&amp;ref_src=twsrc%5Etfw\">#EUCO<\/a> endorses this deal. <a href=\"https:\/\/t.co\/7AfKyCZ6k9\">pic.twitter.com\/7AfKyCZ6k9<\/a><\/p>\n<p>\u2014 Jean-Claude Juncker (@JunckerEU) <a href=\"https:\/\/twitter.com\/JunckerEU\/status\/1184764705384124416?ref_src=twsrc%5Etfw\">October 17, 2019<\/a><\/p>\n<p><script async=\"\" src=\"https:\/\/platform.twitter.com\/widgets.js\" charset=\"utf-8\"><\/script><\/p>\n<p>J\u00e1 o primeiro-ministro brit\u00e2nico, <strong>Boris Johnson<\/strong>, afirmou que o &#8220;acordo traz de volta o controle&#8221; e que, ap\u00f3s conclu\u00eddo o processo de sa\u00edda da bloco europeu, o Reino Unido poder\u00e1 focar nas demais \u00e1reas de preocupa\u00e7\u00e3o nacional.<\/p>\n<h2>UOL<\/h2>\n<p>A <a href=\"https:\/\/www.suno.com.br\/artigos\/follow-on\/\">oferta subsequente de a\u00e7\u00f5es (follow-on)<\/a> da PagSeguro na <a href=\"https:\/\/www.suno.com.br\/artigos\/nyse\/\">Bolsa de Valores de Nova York (NYSE)<\/a> movimentou US$ 653 milh\u00f5es, aproximadamente R$ 2,701 bilh\u00f5es na cota\u00e7\u00e3o atual.<\/p>\n<p><a href=\"https:\/\/www.suno.com.br\/noticias\/uol-levanta-653-milhoes-follow-on-pagseguro\/\">Saiba mais: UOL levanta US$ 653 milh\u00f5es com follow-on da PagSeguro em NY<\/a><\/p>\n<p>A <strong>PagSeguro<\/strong>, empresa de maquininhas de cart\u00e3o e meios de pagamento, \u00e9 controlada pelo grupo <strong>UOL<\/strong>. A companhia, que vendeu 16.750.000 de suas a\u00e7\u00f5es classe A, vai embolsar o montante.<\/p>\n<p>O pre\u00e7o por a\u00e7\u00e3o foi fixado em US$ 39. Na \u00e9poca, tratava-se de um valor 16% abaixo da cota\u00e7\u00e3o dos pap\u00e9is. Entretanto, ap\u00f3s o an\u00fancio, a empresa chegou a cair 17%. Por volta das 12h10 desta quinta, as a\u00e7\u00f5es da <strong>Pagseguro<\/strong> eram cotadas a US$ 40,03, com uma alta de 1,33%.<\/p>\n<h2>Alemanha<\/h2>\n<p>O Minist\u00e9rio da Economia da Alemanha informou, nesta quinta, sua nova proje\u00e7\u00e3o de crescimento para o <a href=\"https:\/\/www.suno.com.br\/artigos\/o-produto-interno-bruto-pib\/\">Produto Interno Bruto (<strong>PIB<\/strong>)<\/a> de 2019 e 2020.<\/p>\n<p>O governo alem\u00e3o reduziu as expectativas de crescimento do <strong>PIB<\/strong> em 2020 de 1,5% para 1%. A estimativa de avan\u00e7o da economia da <strong>Alemanha<\/strong> para este ano \u00e9 de 0,5%. <span style=\"font-size: 1.21429rem;\">Em 2018, a economia do pa\u00eds cresceu 1,5%. A alta foi a menor em cinco anos.<\/span><\/p>\n<p><a href=\"https:\/\/www.suno.com.br\/noticias\/alemanha-reduz-crescimento-pib-2020\/\">Saiba mais: Alemanha reduz proje\u00e7\u00e3o de crescimento do PIB em 2020<\/a><\/p>\n<p>\u201cO cen\u00e1rio atual pode estar pior, mas n\u00e3o h\u00e1 amea\u00e7a de uma crise econ\u00f4mica\u201d, afirmou o <strong>ministro<\/strong> <strong>da<\/strong>\u00a0<strong>Economia<\/strong> do pa\u00eds, Peter Altmaier.<\/p>\n<p>Entre as causas para a redu\u00e7\u00e3o do crescimento, o governo apontou a desacelera\u00e7\u00e3o da economia global e os efeitos da <a href=\"https:\/\/www.suno.com.br\/artigos\/a-guerra-comercial\/\"><strong>guerra comercial<\/strong><\/a> entre os Estados Unidos e a China.<\/p>\n<h2>\u00daltima cota\u00e7\u00e3o do d\u00f3lar<\/h2>\n<p>Na \u00faltima sess\u00e3o, quarta-feira (16), o <a href=\"https:\/\/www.youtube.com\/watch?v=WT3eY8HTz-4&amp;t=11s\"><strong>d\u00f3lar<\/strong><\/a> encerrou em baixa de 0,266% sendo negociado a R$ 4,1542 na venda.<\/p>\n","protected":false},"excerpt":{"rendered":"<p>O d\u00f3lar encerrou, nesta quinta-feira (17), em alta de +0,385% sendo vendido a R$ 4,1702. Na sess\u00e3o da \u00faltima segunda-feira, o d\u00f3lar encerrou o preg\u00e3o em queda de 0,225%, negociado a R$ 5,5942 na venda. O d\u00f3lar subiu devido a v\u00e1rios fatores. O principal deles,\u00a0a declara\u00e7\u00e3o do primeiro-ministro brit\u00e2nico, Boris Johnson, de que o Reino [&hellip;]<\/p>\n","protected":false},"author":23,"featured_media":20372,"comment_status":"closed","ping_status":"closed","sticky":false,"template":"","format":"standard","meta":[],"categories":[60],"tags":[856,753,326,1009],"suno_strategy":[],"class_list":["post-41524","post","type-post","status-publish","format-standard","has-post-thumbnail","hentry","category-mercado","tag-alemanha","tag-brexit","tag-dolar","tag-uol"],"yoast_head":"<!-- This site is optimized with the Yoast SEO plugin v24.4 - https:\/\/yoast.com\/wordpress\/plugins\/seo\/ -->\n<title>D\u00f3lar encerra em alta de 0,385% ap\u00f3s acordo do Brexit<\/title>\n<meta name=\"description\" content=\"O d\u00f3lar encerrou em alta de +0,385% sendo vendido a R$ 4,1702 ap\u00f3s o acordo entre UE e Inglaterra sobre o Brexit. Clique aqui para mais.\" \/>\n<meta name=\"robots\" content=\"index, follow, max-snippet:-1, max-image-preview:large, max-video-preview:-1\" \/>\n<link rel=\"canonical\" href=\"https:\/\/www.suno.com.br\/noticias\/dolar-encerra-alta-acordo-brexit-17102019\/\" \/>\n<meta property=\"og:locale\" content=\"pt_BR\" \/>\n<meta property=\"og:type\" content=\"article\" \/>\n<meta property=\"og:title\" content=\"D\u00f3lar encerra em alta de 0,385% ap\u00f3s acordo do Brexit\" \/>\n<meta property=\"og:description\" content=\"O d\u00f3lar encerrou em alta de +0,385% sendo vendido a R$ 4,1702 ap\u00f3s o acordo entre UE e Inglaterra sobre o Brexit. Clique aqui para mais.\" \/>\n<meta property=\"og:url\" content=\"https:\/\/www.suno.com.br\/noticias\/dolar-encerra-alta-acordo-brexit-17102019\/\" \/>\n<meta property=\"og:site_name\" content=\"Suno Not\u00edcias\" \/>\n<meta property=\"article:publisher\" content=\"https:\/\/facebook.com\/sunoresearch\" \/>\n<meta property=\"og:image\" content=\"https:\/\/files.sunoresearch.com.br\/n\/uploads\/2019\/04\/47a80cc4-d\u00f3lar.jpg\" \/>\n\t<meta property=\"og:image:width\" content=\"3000\" \/>\n\t<meta property=\"og:image:height\" content=\"2000\" \/>\n\t<meta property=\"og:image:type\" content=\"image\/jpeg\" \/>\n<meta name=\"author\" content=\"Rafael Lara\" \/>\n<meta name=\"twitter:card\" content=\"summary_large_image\" \/>\n<meta name=\"twitter:creator\" content=\"@sunoresearch\" \/>\n<meta name=\"twitter:site\" content=\"@sunoresearch\" \/>\n<meta name=\"twitter:label1\" content=\"Escrito por\" \/>\n\t<meta name=\"twitter:data1\" content=\"Rafael Lara\" \/>\n\t<meta name=\"twitter:label2\" content=\"Est. tempo de leitura\" \/>\n\t<meta name=\"twitter:data2\" content=\"3 minutos\" \/>\n<script type=\"application\/ld+json\" class=\"yoast-schema-graph\">{\"@context\":\"https:\/\/schema.org\",\"@graph\":[{\"@type\":\"NewsArticle\",\"@id\":\"https:\/\/www.suno.com.br\/noticias\/dolar-encerra-alta-acordo-brexit-17102019\/#article\",\"isPartOf\":{\"@id\":\"https:\/\/www.suno.com.br\/noticias\/dolar-encerra-alta-acordo-brexit-17102019\/\"},\"author\":{\"name\":\"Rafael Lara\",\"@id\":\"https:\/\/www.suno.com.br\/noticias\/#\/schema\/person\/098743caeed97b37f51315c9576c4078\"},\"headline\":\"D\u00f3lar encerra em alta de 0,385% ap\u00f3s acordo do Brexit\",\"datePublished\":\"2019-10-17T20:41:40+00:00\",\"mainEntityOfPage\":{\"@id\":\"https:\/\/www.suno.com.br\/noticias\/dolar-encerra-alta-acordo-brexit-17102019\/\"},\"wordCount\":570,\"publisher\":{\"@id\":\"https:\/\/www.suno.com.br\/noticias\/#organization\"},\"image\":{\"@id\":\"https:\/\/www.suno.com.br\/noticias\/dolar-encerra-alta-acordo-brexit-17102019\/#primaryimage\"},\"thumbnailUrl\":\"https:\/\/files.sunoresearch.com.br\/n\/uploads\/2019\/04\/47a80cc4-d\u00f3lar-scaled.webp\",\"keywords\":[\"Alemanha\",\"Brexit\",\"d\u00f3lar\",\"UOL\"],\"articleSection\":[\"Mercado\"],\"inLanguage\":\"pt-BR\"},{\"@type\":\"WebPage\",\"@id\":\"https:\/\/www.suno.com.br\/noticias\/dolar-encerra-alta-acordo-brexit-17102019\/\",\"url\":\"https:\/\/www.suno.com.br\/noticias\/dolar-encerra-alta-acordo-brexit-17102019\/\",\"name\":\"D\u00f3lar encerra em alta de 0,385% ap\u00f3s acordo do Brexit\",\"isPartOf\":{\"@id\":\"https:\/\/www.suno.com.br\/noticias\/#website\"},\"primaryImageOfPage\":{\"@id\":\"https:\/\/www.suno.com.br\/noticias\/dolar-encerra-alta-acordo-brexit-17102019\/#primaryimage\"},\"image\":{\"@id\":\"https:\/\/www.suno.com.br\/noticias\/dolar-encerra-alta-acordo-brexit-17102019\/#primaryimage\"},\"thumbnailUrl\":\"https:\/\/files.sunoresearch.com.br\/n\/uploads\/2019\/04\/47a80cc4-d\u00f3lar-scaled.webp\",\"datePublished\":\"2019-10-17T20:41:40+00:00\",\"description\":\"O d\u00f3lar encerrou em alta de +0,385% sendo vendido a R$ 4,1702 ap\u00f3s o acordo entre UE e Inglaterra sobre o Brexit. Clique aqui para mais.\",\"breadcrumb\":{\"@id\":\"https:\/\/www.suno.com.br\/noticias\/dolar-encerra-alta-acordo-brexit-17102019\/#breadcrumb\"},\"inLanguage\":\"pt-BR\",\"potentialAction\":[{\"@type\":\"ReadAction\",\"target\":[\"https:\/\/www.suno.com.br\/noticias\/dolar-encerra-alta-acordo-brexit-17102019\/\"]}]},{\"@type\":\"ImageObject\",\"inLanguage\":\"pt-BR\",\"@id\":\"https:\/\/www.suno.com.br\/noticias\/dolar-encerra-alta-acordo-brexit-17102019\/#primaryimage\",\"url\":\"https:\/\/files.sunoresearch.com.br\/n\/uploads\/2019\/04\/47a80cc4-d\u00f3lar-scaled.webp\",\"contentUrl\":\"https:\/\/files.sunoresearch.com.br\/n\/uploads\/2019\/04\/47a80cc4-d\u00f3lar-scaled.webp\",\"width\":2560,\"height\":1707,\"caption\":\"Na sess\u00e3o da \u00faltima segunda-feira, o d\u00f3lar encerrou o preg\u00e3o em queda de 0,225%, negociado a R$ 5,5942 na venda.\"},{\"@type\":\"BreadcrumbList\",\"@id\":\"https:\/\/www.suno.com.br\/noticias\/dolar-encerra-alta-acordo-brexit-17102019\/#breadcrumb\",\"itemListElement\":[{\"@type\":\"ListItem\",\"position\":1,\"name\":\"Not\u00edcias\",\"item\":\"https:\/\/www.suno.com.br\/noticias\/\"},{\"@type\":\"ListItem\",\"position\":2,\"name\":\"Mercado\",\"item\":\"https:\/\/www.suno.com.br\/noticias\/mercado\/\"},{\"@type\":\"ListItem\",\"position\":3,\"name\":\"D\u00f3lar encerra em alta de 0,385% ap\u00f3s acordo do Brexit\"}]},{\"@type\":\"WebSite\",\"@id\":\"https:\/\/www.suno.com.br\/noticias\/#website\",\"url\":\"https:\/\/www.suno.com.br\/noticias\/\",\"name\":\"Suno Not\u00edcias\",\"description\":\"Seu portal de informa\u00e7\u00e3o sobre o mundo dos investimentos\",\"publisher\":{\"@id\":\"https:\/\/www.suno.com.br\/noticias\/#organization\"},\"potentialAction\":[{\"@type\":\"SearchAction\",\"target\":{\"@type\":\"EntryPoint\",\"urlTemplate\":\"https:\/\/www.suno.com.br\/noticias\/?s={search_term_string}\"},\"query-input\":{\"@type\":\"PropertyValueSpecification\",\"valueRequired\":true,\"valueName\":\"search_term_string\"}}],\"inLanguage\":\"pt-BR\"},{\"@type\":\"Organization\",\"@id\":\"https:\/\/www.suno.com.br\/noticias\/#organization\",\"name\":\"Suno Not\u00edcias\",\"url\":\"https:\/\/www.suno.com.br\/noticias\/\",\"logo\":{\"@type\":\"ImageObject\",\"inLanguage\":\"pt-BR\",\"@id\":\"https:\/\/www.suno.com.br\/noticias\/#\/schema\/logo\/image\/\",\"url\":\"https:\/\/files.sunoresearch.com.br\/n\/uploads\/2021\/09\/suno-logo.png\",\"contentUrl\":\"https:\/\/files.sunoresearch.com.br\/n\/uploads\/2021\/09\/suno-logo.png\",\"width\":180,\"height\":180,\"caption\":\"Suno Not\u00edcias\"},\"image\":{\"@id\":\"https:\/\/www.suno.com.br\/noticias\/#\/schema\/logo\/image\/\"},\"sameAs\":[\"https:\/\/facebook.com\/sunoresearch\",\"https:\/\/x.com\/sunoresearch\",\"https:\/\/www.instagram.com\/suno\",\"https:\/\/www.linkedin.com\/company\/suno-research\/\",\"https:\/\/www.youtube.com\/c\/sunoresearch\"]},{\"@type\":\"Person\",\"@id\":\"https:\/\/www.suno.com.br\/noticias\/#\/schema\/person\/098743caeed97b37f51315c9576c4078\",\"name\":\"Rafael Lara\",\"image\":{\"@type\":\"ImageObject\",\"inLanguage\":\"pt-BR\",\"@id\":\"https:\/\/www.suno.com.br\/noticias\/#\/schema\/person\/image\/\",\"url\":\"https:\/\/secure.gravatar.com\/avatar\/dfc254ab9bb2ea1895d98b9e9dae4bdd?s=96&r=g\",\"contentUrl\":\"https:\/\/secure.gravatar.com\/avatar\/dfc254ab9bb2ea1895d98b9e9dae4bdd?s=96&r=g\",\"caption\":\"Rafael Lara\"},\"description\":\"Rafael Lara cursa jornalismo na Faculdade C\u00e1sper L\u00edbero. Escreve sobre pol\u00edtica, economia e neg\u00f3cios para o portal Suno Not\u00edcias. Antes, colaborou na TV Gazeta na produ\u00e7\u00e3o do programa Edi\u00e7\u00e3o Extra.\",\"url\":\"https:\/\/www.suno.com.br\/noticias\/author\/rafael\/\"}]}<\/script>\n<!-- \/ Yoast SEO plugin. -->","yoast_head_json":{"title":"D\u00f3lar encerra em alta de 0,385% ap\u00f3s acordo do Brexit","description":"O d\u00f3lar encerrou em alta de +0,385% sendo vendido a R$ 4,1702 ap\u00f3s o acordo entre UE e Inglaterra sobre o Brexit. Clique aqui para mais.","robots":{"index":"index","follow":"follow","max-snippet":"max-snippet:-1","max-image-preview":"max-image-preview:large","max-video-preview":"max-video-preview:-1"},"canonical":"https:\/\/www.suno.com.br\/noticias\/dolar-encerra-alta-acordo-brexit-17102019\/","og_locale":"pt_BR","og_type":"article","og_title":"D\u00f3lar encerra em alta de 0,385% ap\u00f3s acordo do Brexit","og_description":"O d\u00f3lar encerrou em alta de +0,385% sendo vendido a R$ 4,1702 ap\u00f3s o acordo entre UE e Inglaterra sobre o Brexit. Clique aqui para mais.","og_url":"https:\/\/www.suno.com.br\/noticias\/dolar-encerra-alta-acordo-brexit-17102019\/","og_site_name":"Suno Not\u00edcias","article_publisher":"https:\/\/facebook.com\/sunoresearch","og_image":[{"width":3000,"height":2000,"url":"https:\/\/files.sunoresearch.com.br\/n\/uploads\/2019\/04\/47a80cc4-d\u00f3lar.jpg","type":"image\/jpeg"}],"author":"Rafael Lara","twitter_card":"summary_large_image","twitter_creator":"@sunoresearch","twitter_site":"@sunoresearch","twitter_misc":{"Escrito por":"Rafael Lara","Est. tempo de leitura":"3 minutos"},"schema":{"@context":"https:\/\/schema.org","@graph":[{"@type":"NewsArticle","@id":"https:\/\/www.suno.com.br\/noticias\/dolar-encerra-alta-acordo-brexit-17102019\/#article","isPartOf":{"@id":"https:\/\/www.suno.com.br\/noticias\/dolar-encerra-alta-acordo-brexit-17102019\/"},"author":{"name":"Rafael Lara","@id":"https:\/\/www.suno.com.br\/noticias\/#\/schema\/person\/098743caeed97b37f51315c9576c4078"},"headline":"D\u00f3lar encerra em alta de 0,385% ap\u00f3s acordo do Brexit","datePublished":"2019-10-17T20:41:40+00:00","mainEntityOfPage":{"@id":"https:\/\/www.suno.com.br\/noticias\/dolar-encerra-alta-acordo-brexit-17102019\/"},"wordCount":570,"publisher":{"@id":"https:\/\/www.suno.com.br\/noticias\/#organization"},"image":{"@id":"https:\/\/www.suno.com.br\/noticias\/dolar-encerra-alta-acordo-brexit-17102019\/#primaryimage"},"thumbnailUrl":"https:\/\/files.sunoresearch.com.br\/n\/uploads\/2019\/04\/47a80cc4-d\u00f3lar-scaled.webp","keywords":["Alemanha","Brexit","d\u00f3lar","UOL"],"articleSection":["Mercado"],"inLanguage":"pt-BR"},{"@type":"WebPage","@id":"https:\/\/www.suno.com.br\/noticias\/dolar-encerra-alta-acordo-brexit-17102019\/","url":"https:\/\/www.suno.com.br\/noticias\/dolar-encerra-alta-acordo-brexit-17102019\/","name":"D\u00f3lar encerra em alta de 0,385% ap\u00f3s acordo do Brexit","isPartOf":{"@id":"https:\/\/www.suno.com.br\/noticias\/#website"},"primaryImageOfPage":{"@id":"https:\/\/www.suno.com.br\/noticias\/dolar-encerra-alta-acordo-brexit-17102019\/#primaryimage"},"image":{"@id":"https:\/\/www.suno.com.br\/noticias\/dolar-encerra-alta-acordo-brexit-17102019\/#primaryimage"},"thumbnailUrl":"https:\/\/files.sunoresearch.com.br\/n\/uploads\/2019\/04\/47a80cc4-d\u00f3lar-scaled.webp","datePublished":"2019-10-17T20:41:40+00:00","description":"O d\u00f3lar encerrou em alta de +0,385% sendo vendido a R$ 4,1702 ap\u00f3s o acordo entre UE e Inglaterra sobre o Brexit. Clique aqui para mais.","breadcrumb":{"@id":"https:\/\/www.suno.com.br\/noticias\/dolar-encerra-alta-acordo-brexit-17102019\/#breadcrumb"},"inLanguage":"pt-BR","potentialAction":[{"@type":"ReadAction","target":["https:\/\/www.suno.com.br\/noticias\/dolar-encerra-alta-acordo-brexit-17102019\/"]}]},{"@type":"ImageObject","inLanguage":"pt-BR","@id":"https:\/\/www.suno.com.br\/noticias\/dolar-encerra-alta-acordo-brexit-17102019\/#primaryimage","url":"https:\/\/files.sunoresearch.com.br\/n\/uploads\/2019\/04\/47a80cc4-d\u00f3lar-scaled.webp","contentUrl":"https:\/\/files.sunoresearch.com.br\/n\/uploads\/2019\/04\/47a80cc4-d\u00f3lar-scaled.webp","width":2560,"height":1707,"caption":"Na sess\u00e3o da \u00faltima segunda-feira, o d\u00f3lar encerrou o preg\u00e3o em queda de 0,225%, negociado a R$ 5,5942 na venda."},{"@type":"BreadcrumbList","@id":"https:\/\/www.suno.com.br\/noticias\/dolar-encerra-alta-acordo-brexit-17102019\/#breadcrumb","itemListElement":[{"@type":"ListItem","position":1,"name":"Not\u00edcias","item":"https:\/\/www.suno.com.br\/noticias\/"},{"@type":"ListItem","position":2,"name":"Mercado","item":"https:\/\/www.suno.com.br\/noticias\/mercado\/"},{"@type":"ListItem","position":3,"name":"D\u00f3lar encerra em alta de 0,385% ap\u00f3s acordo do Brexit"}]},{"@type":"WebSite","@id":"https:\/\/www.suno.com.br\/noticias\/#website","url":"https:\/\/www.suno.com.br\/noticias\/","name":"Suno Not\u00edcias","description":"Seu portal de informa\u00e7\u00e3o sobre o mundo dos investimentos","publisher":{"@id":"https:\/\/www.suno.com.br\/noticias\/#organization"},"potentialAction":[{"@type":"SearchAction","target":{"@type":"EntryPoint","urlTemplate":"https:\/\/www.suno.com.br\/noticias\/?s={search_term_string}"},"query-input":{"@type":"PropertyValueSpecification","valueRequired":true,"valueName":"search_term_string"}}],"inLanguage":"pt-BR"},{"@type":"Organization","@id":"https:\/\/www.suno.com.br\/noticias\/#organization","name":"Suno Not\u00edcias","url":"https:\/\/www.suno.com.br\/noticias\/","logo":{"@type":"ImageObject","inLanguage":"pt-BR","@id":"https:\/\/www.suno.com.br\/noticias\/#\/schema\/logo\/image\/","url":"https:\/\/files.sunoresearch.com.br\/n\/uploads\/2021\/09\/suno-logo.png","contentUrl":"https:\/\/files.sunoresearch.com.br\/n\/uploads\/2021\/09\/suno-logo.png","width":180,"height":180,"caption":"Suno Not\u00edcias"},"image":{"@id":"https:\/\/www.suno.com.br\/noticias\/#\/schema\/logo\/image\/"},"sameAs":["https:\/\/facebook.com\/sunoresearch","https:\/\/x.com\/sunoresearch","https:\/\/www.instagram.com\/suno","https:\/\/www.linkedin.com\/company\/suno-research\/","https:\/\/www.youtube.com\/c\/sunoresearch"]},{"@type":"Person","@id":"https:\/\/www.suno.com.br\/noticias\/#\/schema\/person\/098743caeed97b37f51315c9576c4078","name":"Rafael Lara","image":{"@type":"ImageObject","inLanguage":"pt-BR","@id":"https:\/\/www.suno.com.br\/noticias\/#\/schema\/person\/image\/","url":"https:\/\/secure.gravatar.com\/avatar\/dfc254ab9bb2ea1895d98b9e9dae4bdd?s=96&r=g","contentUrl":"https:\/\/secure.gravatar.com\/avatar\/dfc254ab9bb2ea1895d98b9e9dae4bdd?s=96&r=g","caption":"Rafael Lara"},"description":"Rafael Lara cursa jornalismo na Faculdade C\u00e1sper L\u00edbero. Escreve sobre pol\u00edtica, economia e neg\u00f3cios para o portal Suno Not\u00edcias. Antes, colaborou na TV Gazeta na produ\u00e7\u00e3o do programa Edi\u00e7\u00e3o Extra.","url":"https:\/\/www.suno.com.br\/noticias\/author\/rafael\/"}]}},"default_loop_html":"<div class=\"cardsPage__listCard__boxs\"><div class=\"cardsPage__listCard__boxs__img\"><a href=\"https:\/\/www.suno.com.br\/noticias\/dolar-encerra-alta-acordo-brexit-17102019\/\"><img class=\"mask\" src=\"https:\/\/www.suno.com.br\/noticias\/wp-content\/themes\/suno\/resources\/images\/spotlight\/spotlight1img\/bg-mask.png\" alt=\"Image Mask\"\/><img src=\"https:\/\/files.sunoresearch.com.br\/n\/uploads\/2019\/04\/47a80cc4-d\u00f3lar-400x200.webp\" alt=\"D\u00f3lar encerra em alta de 0,385% ap\u00f3s acordo do Brexit\"\/><\/a><span class=\"spotlightCategory\"><a href=\"https:\/\/www.suno.com.br\/noticias\/mercado\/\">Mercado<\/a><\/span><\/div><div class=\"cardsPage__listCard__boxs__content\"><a href=\"https:\/\/www.suno.com.br\/noticias\/dolar-encerra-alta-acordo-brexit-17102019\/\"><h2 class=\"content__title\">D\u00f3lar encerra em alta de 0,385% ap\u00f3s acordo do Brexit<\/h2><\/a><div class=\"newsContent__article__meta\"><div class=\"newsContent__article__meta__authorBox\"><a href=\"https:\/\/www.suno.com.br\/noticias\/author\/rafael\/\" class=\"authorBox__avatar noMobi\"><img src=\"https:\/\/secure.gravatar.com\/avatar\/dfc254ab9bb2ea1895d98b9e9dae4bdd?s=96&#038;r=g\" alt=\"Rafael Lara\"><\/a><div class=\"authorBox__name\"><span>por\n\t\t\t<a href=\"https:\/\/www.suno.com.br\/noticias\/author\/rafael\/\"><span itemprop=\"author\">Rafael Lara<\/span><\/a><\/span><time datetime=\"2019-10-17T17:41:40-03:00\" itemprop=\"datePublished\">17\/10\/2019 17:41<\/time><\/div><\/div><\/div><\/div><\/div>","single_layout":"posts","amp_enabled":true,"_links":{"self":[{"href":"https:\/\/www.suno.com.br\/noticias\/wp-json\/wp\/v2\/posts\/41524"}],"collection":[{"href":"https:\/\/www.suno.com.br\/noticias\/wp-json\/wp\/v2\/posts"}],"about":[{"href":"https:\/\/www.suno.com.br\/noticias\/wp-json\/wp\/v2\/types\/post"}],"author":[{"embeddable":true,"href":"https:\/\/www.suno.com.br\/noticias\/wp-json\/wp\/v2\/users\/23"}],"replies":[{"embeddable":true,"href":"https:\/\/www.suno.com.br\/noticias\/wp-json\/wp\/v2\/comments?post=41524"}],"version-history":[{"count":0,"href":"https:\/\/www.suno.com.br\/noticias\/wp-json\/wp\/v2\/posts\/41524\/revisions"}],"wp:featuredmedia":[{"embeddable":true,"href":"https:\/\/www.suno.com.br\/noticias\/wp-json\/wp\/v2\/media\/20372"}],"wp:attachment":[{"href":"https:\/\/www.suno.com.br\/noticias\/wp-json\/wp\/v2\/media?parent=41524"}],"wp:term":[{"taxonomy":"category","embeddable":true,"href":"https:\/\/www.suno.com.br\/noticias\/wp-json\/wp\/v2\/categories?post=41524"},{"taxonomy":"post_tag","embeddable":true,"href":"https:\/\/www.suno.com.br\/noticias\/wp-json\/wp\/v2\/tags?post=41524"},{"taxonomy":"suno_strategy","embeddable":true,"href":"https:\/\/www.suno.com.br\/noticias\/wp-json\/wp\/v2\/suno_strategy?post=41524"}],"curies":[{"name":"wp","href":"https:\/\/api.w.org\/{rel}","templated":true}]}}