{"id":415180,"date":"2023-06-11T10:41:24","date_gmt":"2023-06-11T13:41:24","guid":{"rendered":"https:\/\/www.suno.com.br\/noticias\/?p=415180"},"modified":"2023-06-11T10:41:26","modified_gmt":"2023-06-11T13:41:26","slug":"subsidios-carros-locadoras-perspectivas","status":"publish","type":"post","link":"https:\/\/www.suno.com.br\/noticias\/subsidios-carros-locadoras-perspectivas\/","title":{"rendered":"Subs\u00eddios para carros v\u00e3o beneficiar todo o setor? Para locadoras, impacto pode ser limitado"},"content":{"rendered":"<p>As locadoras de <strong>carros <\/strong>podem estar entre as poss\u00edveis beneficiadas da medida provis\u00f3ria anunciada pelo governo Lula que estabelece descontos de R$ 2 mil a R$ 8 mil nos pre\u00e7os dos ve\u00edculos. Analistas citam como poss\u00edveis vantagens uma menor necessidade de investimento e uma melhora nas margens das empresas.<\/p>\t<div class=\"wrapper-featured-image\">\n\t\t<figure class=\"spotlightImg\">\n\n\t\t\t<picture>\n\t\t\t\t<source media=\"(max-width: 768px)\" srcset=\"https:\/\/files.sunoresearch.com.br\/n\/uploads\/2023\/01\/evgeny-tchebotarev-aiwuLjLPFnU-unsplash-400x200.jpg\">\n\t\t\t\t<img loading=\"lazy\" decoding=\"async\" class=\"newsContent__article__imgCapa lazyloadDisabled \" src=\"https:\/\/files.sunoresearch.com.br\/n\/uploads\/2023\/01\/evgeny-tchebotarev-aiwuLjLPFnU-unsplash-800x450.jpg\" width=\"800\" height=\"450\" alt=\"Subs\u00eddios para carros v\u00e3o beneficiar todo o setor? Para locadoras, impacto pode ser limitado\" fetchpriority=high \/>\n\t\t\t<\/picture>\n\n\t\t\t<figcaption class=\"wp-caption-text wp-caption-text--show\">Subs\u00eddios para carros v\u00e3o beneficiar todo o setor? Para locadoras, impacto pode ser limitado. Foto: Evgeny Tchebotarev\/Unsplash<\/figcaption>\n\t\t<\/figure>\n\t<\/div>\n\n\n\n\n\n\t<p>\n\t\t<a href=\"\" target=\"_blank\" data-element=\"shortcode-suno-banner\" title=\"Banner SUNO, clique e saiba mais\">\n\t\t\t<picture>\n\t\t\t\t<source media=\"(max-width: 500px)\" srcset=\"\">\n\t\t\t\t<img class=\"newsContent__article__imgCapa newsContent__article__imgCapa--banner\"\n\t\t\t\t\tsrc=\"\"\n\t\t\t\t\tdata-promo-id=\"240038\"\t\t\t\t\t\t\t\t\t\t\t\t\t\t\talt=\"\"\n\t\t\t\t>\n\t\t\t<\/picture>\n\t\t<\/a>\n\t<\/p>\n\n\n\n\n\n<p>A dura\u00e7\u00e3o de quatro meses para o subs\u00eddio para carros, por\u00e9m, e a exclusividade inicial de compra para <a class=\"suno-keyword\" target=\"_blank\" data-force=\"no\" data-priority=\"2\" href=\"https:\/\/www.suno.com.br\/artigos\/pessoa-fisica\/\" rel=\"noopener\">pessoas f\u00edsicas<\/a> limitam os impactos positivos, segundo analistas do mercado e representantes do segmento.<\/p>\n\n\n\n<p>Para as locadoras de carros, a iniciativa deve trazer ventos contr\u00e1rios no primeiro momento, mas favor\u00e1veis no <a class=\"suno-keyword\" target=\"_blank\" data-force=\"no\" data-priority=\"1\" href=\"https:\/\/www.suno.com.br\/artigos\/longo-prazo\/\" rel=\"noopener\">longo prazo<\/a>, segundo o Credit Suisse, que n\u00e3o espera impactos relevantes para a <a class=\"suno-keyword\" target=\"_blank\" data-force=\"yes\" data-priority=\"2\" href=\"https:\/\/www.suno.com.br\/acoes\/RENT3\/\" rel=\"noopener\">Localiza (RENT3)<\/a> e a <a class=\"suno-keyword\" target=\"_blank\" data-force=\"yes\" data-priority=\"2\" href=\"https:\/\/www.suno.com.br\/acoes\/MOVI3\/\" rel=\"noopener\">Movida (MOVI3)<\/a>.<\/p>\n\n\n\n<p>Os analistas destacam a maior deprecia\u00e7\u00e3o no in\u00edcio, com a desvaloriza\u00e7\u00e3o das frotas atuais. Por outro lado, a deprecia\u00e7\u00e3o de longo prazo diminuiria, pois as empresas comprariam carros mais baratos, que ent\u00e3o se valorizariam quando os subs\u00eddios acabassem.<\/p>\n\n\n\n<p>Em relat\u00f3rio sobre poss\u00edveis impactos da MP para a Localiza, o Ita\u00fa BBA estima um impacto negativo no <a class=\"suno-keyword\" target=\"_blank\" data-force=\"no\" data-priority=\"1\" href=\"https:\/\/www.suno.com.br\/artigos\/lucro-liquido\/\" rel=\"noopener\">lucro l\u00edquido<\/a> da companhia de R$ 900 milh\u00f5es a R$ 1,5 bilh\u00e3o em 2023 ante a previs\u00e3o atual de R$ 2,5 bilh\u00f5es do banco, considerando uma baixa de 3% a 5% no valor cont\u00e1bil dos carros.<\/p>\n\n\n\n<p>&#8220;Por outro lado, o mercado parece estar mais focado em 2024 do que em 2023. Este efeito negativo dever\u00e1 ser ofuscado por potenciais impactos positivos a <a class=\"suno-keyword\" target=\"_blank\" data-force=\"no\" data-priority=\"1\" href=\"https:\/\/www.suno.com.br\/artigos\/curto-prazo\/\" rel=\"noopener\">curto prazo<\/a>&#8220;, escrevem Daniel Gasparete, Gabriel Rezende e Luiz Capistrano.<\/p>\n\n\n\n<p>O Ita\u00fa BBA estima que, com a normaliza\u00e7\u00e3o dos pre\u00e7os dos carros ap\u00f3s o fim da desonera\u00e7\u00e3o tribut\u00e1ria, os ve\u00edculos comprados com pre\u00e7os mais baixos (ou remarcados, mas n\u00e3o colocados \u00e0 venda) devem ser vendidos com margens acima da m\u00e9dia na divis\u00e3o de seminovos.<\/p>\n\n\n\n<p>&#8220;O volume adicional de carros aceleraria o rejuvenescimento da frota e potencialmente beneficiaria os custos de manuten\u00e7\u00e3o. A soma de todos esses efeitos positivos pode se traduzir em um upside de cerca de 10% para nossos n\u00fameros de Localiza&#8221;.<\/p>\n\n\n\t<p>\n\t\t<a href=\"https:\/\/lp.suno.com.br\/ebook-gratuito-investindo-no-exterior\/\" target=\"_blank\" data-element=\"shortcode-suno-banner\" title=\"Banner SUNO, clique e saiba mais\">\n\t\t\t<picture>\n\t\t\t\t<source media=\"(max-width: 500px)\" srcset=\"https:\/\/files.sunoresearch.com.br\/n\/uploads\/2023\/03\/400x300-Investindo-no-exterior.png\">\n\t\t\t\t<img class=\"newsContent__article__imgCapa newsContent__article__imgCapa--banner\"\n\t\t\t\t\tsrc=\"https:\/\/files.sunoresearch.com.br\/n\/uploads\/2023\/03\/1420x240-Investindo-no-exterior.png\"\n\t\t\t\t\tdata-promo-id=\"383161\"\t\t\t\t\t\t\t\t\t\twidth='1420' height='240'\t\t\t\t\talt=\"https:\/\/files.sunoresearch.com.br\/n\/uploads\/2023\/03\/1420x240-Investindo-no-exterior.png\"\n\t\t\t\t>\n\t\t\t<\/picture>\n\t\t<\/a>\n\t<\/p>\n\n\n\n\n\n<h2 class=\"wp-block-heading\">Prazo e exclusividade<\/h2>\n\n\n\n<p>Apesar de contribuir para a redu\u00e7\u00e3o de pre\u00e7os, a iniciativa \u00e9 um &#8220;cobertor curto&#8221;, avalia o presidente do Conselho Nacional da Associa\u00e7\u00e3o Brasileira das Locadoras de Autom\u00f3veis (Abla), Marco Aur\u00e9lio Nazar\u00e9.<\/p>\n\n\n\n<p>&#8220;Vai haver uma redu\u00e7\u00e3o de capex (investimentos), mas tamb\u00e9m reduz o valor dos ativos das empresas do setor&#8221;, diz. O porta-voz estima que para trazer benef\u00edcios mais concretos, o programa teria que ter uma extens\u00e3o de 12 a 18 meses, prazo que considera adequado para renova\u00e7\u00e3o de frota e reequil\u00edbrio.<\/p>\n\n\n\n<p>A equipe do Credit calcula que a iniciativa pode ter uma vida ainda mais curta do que previsto inicialmente, considerando que os R$ 500 milh\u00f5es implicam subs\u00eddios para 62 mil a 250 mil carros, em compara\u00e7\u00e3o com cerca de 6 mil ve\u00edculos leves produzidos por dia em 2022.<\/p>\n\n\n\n<p>&#8220;\u00c9 improv\u00e1vel que o programa dure muito mais do que um trimestre, possivelmente atingindo o limite em menos de dois meses&#8221;, projetam R\u00e9gis Cardoso e Henrique Sim\u00f5es.<\/p>\n\n\n\n<p>O Santander, por sua vez, classifica a iniciativa como um ponto ligeiramente negativo para as empresas do setor, uma vez que os descontos de carros novos devem causar impacto sobre as vendas de carros usados das locadoras enquanto durar o programa. No primeiro trimestre de 2023, o segmento de seminovos pesou nos balan\u00e7os da Movida e Localiza.<\/p>\n\n\n\n<p>As locadoras poderiam compensar parcialmente esse efeito com a compra de carros novos mais baratos, complementam os analistas do Santander, Lucas Barbosa, Lucas Esteves e Gabriel Tinem. &#8220;Mas isso se o governo estender os benef\u00edcios aos compradores corporativos (o que, pelo menos nos primeiros 15 dias, n\u00e3o ser\u00e1 permitido).&#8221;<\/p>\n\n\n\n<p>A exclusividade inicial de compra para as pessoas f\u00edsicas surpreendeu negativamente a Abla, segundo Nazar\u00e9. &#8220;Entendemos a necessidade de movimentos para redu\u00e7\u00e3o de pre\u00e7o, mas isso tem que ser feito com equidade, porque n\u00e3o \u00e9 o cliente <a class=\"suno-keyword\" data-force=\"no\" data-priority=\"1\" href=\"https:\/\/www.suno.com.br\/artigos\/pessoa-fisica\/\" target=\"_blank\" rel=\"noopener\">pessoa f\u00edsica<\/a> que vai resolver o problema&#8221;, afirma, destacando que as locadoras projetam comprar cerca de 600 mil carros em 2023.<\/p>\n\n\n\n<h2 class=\"wp-block-heading\">Outros pontos de aten\u00e7\u00e3o para locadoras de carros<\/h2>\n\n\n\n<p>O analista do setor na Levante Investimentos, Fl\u00e1vio Conde, v\u00ea um potencial positivo para as locadoras na MP. No entanto, cita a extens\u00e3o limitada e o cen\u00e1rio macroecon\u00f4mico como pontos sens\u00edveis. &#8220;O principal incentivo s\u00f3 vai vir quando os juros baixarem para menos de 10%, o que n\u00e3o esperamos que aconte\u00e7a antes de 2025?, afirma.<\/p>\n\n\n\n<p>Na mesma linha, o representante da Abla avalia que a iniciativa do governo relativa aos <strong>carros <\/strong>n\u00e3o \u00e9 suficiente para resolver o problema. &#8220;N\u00e3o adianta s\u00f3 diminuir o pre\u00e7o. \u00c9 necess\u00e1rio aumentar o <a class=\"suno-keyword\" data-force=\"no\" data-priority=\"1\" href=\"https:\/\/www.suno.com.br\/artigos\/poder-aquisitivo\/\" target=\"_blank\" rel=\"noopener\">poder aquisitivo<\/a> e reduzir o endividamento e a taxa de juros para melhorar o acesso ao cr\u00e9dito e a inadimpl\u00eancia cair&#8221;, diz Marco Aur\u00e9lio Nazar\u00e9.<\/p>\n\n\n\n<p>Com Estad\u00e3o Conte\u00fado<\/p>\n\n\n\t<p>\n\t\t<a href=\"https:\/\/lp.suno.com.br\/suno-one\/?utm_campaign=_SNC6964518A_\" target=\"_blank\" data-element=\"shortcode-suno-banner\" title=\"Banner SUNO, clique e saiba mais\">\n\t\t\t<picture>\n\t\t\t\t<source media=\"(max-width: 500px)\" srcset=\"https:\/\/files.sunoresearch.com.br\/n\/uploads\/2025\/09\/400x300-Suno-One-png.webp\">\n\t\t\t\t<img class=\"newsContent__article__imgCapa newsContent__article__imgCapa--banner\"\n\t\t\t\t\tsrc=\"https:\/\/files.sunoresearch.com.br\/n\/uploads\/2025\/09\/1420x240-Suno-One-png.webp\"\n\t\t\t\t\tdata-promo-id=\"383121\"\t\t\t\t\t\t\t\t\t\twidth='1420' height='240'\t\t\t\t\talt=\"https:\/\/files.sunoresearch.com.br\/n\/uploads\/2025\/09\/1420x240-Suno-One-png.webp\"\n\t\t\t\t>\n\t\t\t<\/picture>\n\t\t<\/a>\n\t<\/p>\n\n\n","protected":false},"excerpt":{"rendered":"<p>As locadoras de carros podem estar entre as poss\u00edveis beneficiadas da medida provis\u00f3ria anunciada pelo governo Lula que estabelece descontos de R$ 2 mil a R$ 8 mil nos pre\u00e7os dos ve\u00edculos. Analistas citam como poss\u00edveis vantagens uma menor necessidade de investimento e uma melhora nas margens das empresas. Subs\u00eddios para carros v\u00e3o beneficiar todo [&hellip;]<\/p>\n","protected":false},"author":43,"featured_media":356045,"comment_status":"closed","ping_status":"closed","sticky":false,"template":"","format":"standard","meta":[],"categories":[64],"tags":[4065,567,765],"suno_strategy":[],"class_list":["post-415180","post","type-post","status-publish","format-standard","has-post-thumbnail","hentry","category-negocios","tag-localiza-rent3","tag-movida-movi3","tag-subsidios"],"yoast_head":"<!-- This site is optimized with the Yoast SEO plugin v24.4 - https:\/\/yoast.com\/wordpress\/plugins\/seo\/ -->\n<title>Subs\u00eddios para carros v\u00e3o beneficiar as locadoras? Veja perspectivas<\/title>\n<meta name=\"description\" content=\"Subs\u00eddios para carros v\u00e3o beneficiar todo o setor? Para locadoras, impacto pode ser limitado. Veja perspectivas.\" \/>\n<meta name=\"robots\" content=\"index, follow, max-snippet:-1, max-image-preview:large, max-video-preview:-1\" \/>\n<link rel=\"canonical\" href=\"https:\/\/www.suno.com.br\/noticias\/subsidios-carros-locadoras-perspectivas\/\" \/>\n<meta property=\"og:locale\" content=\"pt_BR\" \/>\n<meta property=\"og:type\" content=\"article\" \/>\n<meta property=\"og:title\" content=\"Subs\u00eddios para carros v\u00e3o beneficiar as locadoras? Veja perspectivas\" \/>\n<meta property=\"og:description\" content=\"Subs\u00eddios para carros v\u00e3o beneficiar todo o setor? Para locadoras, impacto pode ser limitado. Veja perspectivas.\" \/>\n<meta property=\"og:url\" content=\"https:\/\/www.suno.com.br\/noticias\/subsidios-carros-locadoras-perspectivas\/\" \/>\n<meta property=\"og:site_name\" content=\"Suno Not\u00edcias\" \/>\n<meta property=\"article:publisher\" content=\"https:\/\/facebook.com\/sunoresearch\" \/>\n<meta property=\"article:author\" content=\"https:\/\/www.facebook.com\/sunonoticias\/\" \/>\n<meta property=\"og:image\" content=\"https:\/\/files.sunoresearch.com.br\/n\/uploads\/2023\/01\/evgeny-tchebotarev-aiwuLjLPFnU-unsplash.jpg\" \/>\n\t<meta property=\"og:image:width\" content=\"1920\" \/>\n\t<meta property=\"og:image:height\" content=\"1281\" \/>\n\t<meta property=\"og:image:type\" content=\"image\/jpeg\" \/>\n<meta name=\"author\" content=\"Reda\u00e7\u00e3o Suno Not\u00edcias\" \/>\n<meta name=\"twitter:card\" content=\"summary_large_image\" \/>\n<meta name=\"twitter:creator\" content=\"@https:\/\/twitter.com\/sunoresearch\" \/>\n<meta name=\"twitter:site\" content=\"@sunoresearch\" \/>\n<meta name=\"twitter:label1\" content=\"Escrito por\" \/>\n\t<meta name=\"twitter:data1\" content=\"Reda\u00e7\u00e3o Suno Not\u00edcias\" \/>\n\t<meta name=\"twitter:label2\" content=\"Est. tempo de leitura\" \/>\n\t<meta name=\"twitter:data2\" content=\"5 minutos\" \/>\n<script type=\"application\/ld+json\" class=\"yoast-schema-graph\">{\"@context\":\"https:\/\/schema.org\",\"@graph\":[{\"@type\":\"NewsArticle\",\"@id\":\"https:\/\/www.suno.com.br\/noticias\/subsidios-carros-locadoras-perspectivas\/#article\",\"isPartOf\":{\"@id\":\"https:\/\/www.suno.com.br\/noticias\/subsidios-carros-locadoras-perspectivas\/\"},\"author\":{\"name\":\"Reda\u00e7\u00e3o Suno Not\u00edcias\",\"@id\":\"https:\/\/www.suno.com.br\/noticias\/#\/schema\/person\/c1b1bd3727fa852bd045e9dbff3673ea\"},\"headline\":\"Subs\u00eddios para carros v\u00e3o beneficiar todo o setor? Para locadoras, impacto pode ser limitado\",\"datePublished\":\"2023-06-11T13:41:24+00:00\",\"dateModified\":\"2023-06-11T13:41:26+00:00\",\"mainEntityOfPage\":{\"@id\":\"https:\/\/www.suno.com.br\/noticias\/subsidios-carros-locadoras-perspectivas\/\"},\"wordCount\":851,\"publisher\":{\"@id\":\"https:\/\/www.suno.com.br\/noticias\/#organization\"},\"image\":{\"@id\":\"https:\/\/www.suno.com.br\/noticias\/subsidios-carros-locadoras-perspectivas\/#primaryimage\"},\"thumbnailUrl\":\"https:\/\/files.sunoresearch.com.br\/n\/uploads\/2023\/01\/evgeny-tchebotarev-aiwuLjLPFnU-unsplash.jpg\",\"keywords\":[\"Localiza (RENT3)\",\"Movida (MOVI3)\",\"Subs\u00eddios\"],\"articleSection\":[\"Neg\u00f3cios\"],\"inLanguage\":\"pt-BR\"},{\"@type\":\"WebPage\",\"@id\":\"https:\/\/www.suno.com.br\/noticias\/subsidios-carros-locadoras-perspectivas\/\",\"url\":\"https:\/\/www.suno.com.br\/noticias\/subsidios-carros-locadoras-perspectivas\/\",\"name\":\"Subs\u00eddios para carros v\u00e3o beneficiar as locadoras? Veja perspectivas\",\"isPartOf\":{\"@id\":\"https:\/\/www.suno.com.br\/noticias\/#website\"},\"primaryImageOfPage\":{\"@id\":\"https:\/\/www.suno.com.br\/noticias\/subsidios-carros-locadoras-perspectivas\/#primaryimage\"},\"image\":{\"@id\":\"https:\/\/www.suno.com.br\/noticias\/subsidios-carros-locadoras-perspectivas\/#primaryimage\"},\"thumbnailUrl\":\"https:\/\/files.sunoresearch.com.br\/n\/uploads\/2023\/01\/evgeny-tchebotarev-aiwuLjLPFnU-unsplash.jpg\",\"datePublished\":\"2023-06-11T13:41:24+00:00\",\"dateModified\":\"2023-06-11T13:41:26+00:00\",\"description\":\"Subs\u00eddios para carros v\u00e3o beneficiar todo o setor? Para locadoras, impacto pode ser limitado. Veja perspectivas.\",\"breadcrumb\":{\"@id\":\"https:\/\/www.suno.com.br\/noticias\/subsidios-carros-locadoras-perspectivas\/#breadcrumb\"},\"inLanguage\":\"pt-BR\",\"potentialAction\":[{\"@type\":\"ReadAction\",\"target\":[\"https:\/\/www.suno.com.br\/noticias\/subsidios-carros-locadoras-perspectivas\/\"]}]},{\"@type\":\"ImageObject\",\"inLanguage\":\"pt-BR\",\"@id\":\"https:\/\/www.suno.com.br\/noticias\/subsidios-carros-locadoras-perspectivas\/#primaryimage\",\"url\":\"https:\/\/files.sunoresearch.com.br\/n\/uploads\/2023\/01\/evgeny-tchebotarev-aiwuLjLPFnU-unsplash.jpg\",\"contentUrl\":\"https:\/\/files.sunoresearch.com.br\/n\/uploads\/2023\/01\/evgeny-tchebotarev-aiwuLjLPFnU-unsplash.jpg\",\"width\":1920,\"height\":1281,\"caption\":\"Subs\u00eddios para carros v\u00e3o beneficiar todo o setor? Para locadoras, impacto pode ser limitado. Foto: Evgeny Tchebotarev\/Unsplash\"},{\"@type\":\"BreadcrumbList\",\"@id\":\"https:\/\/www.suno.com.br\/noticias\/subsidios-carros-locadoras-perspectivas\/#breadcrumb\",\"itemListElement\":[{\"@type\":\"ListItem\",\"position\":1,\"name\":\"Not\u00edcias\",\"item\":\"https:\/\/www.suno.com.br\/noticias\/\"},{\"@type\":\"ListItem\",\"position\":2,\"name\":\"Neg\u00f3cios\",\"item\":\"https:\/\/www.suno.com.br\/noticias\/negocios\/\"},{\"@type\":\"ListItem\",\"position\":3,\"name\":\"Subs\u00eddios para carros v\u00e3o beneficiar todo o setor? Para locadoras, impacto pode ser limitado\"}]},{\"@type\":\"WebSite\",\"@id\":\"https:\/\/www.suno.com.br\/noticias\/#website\",\"url\":\"https:\/\/www.suno.com.br\/noticias\/\",\"name\":\"Suno Not\u00edcias\",\"description\":\"Seu portal de informa\u00e7\u00e3o sobre o mundo dos investimentos\",\"publisher\":{\"@id\":\"https:\/\/www.suno.com.br\/noticias\/#organization\"},\"potentialAction\":[{\"@type\":\"SearchAction\",\"target\":{\"@type\":\"EntryPoint\",\"urlTemplate\":\"https:\/\/www.suno.com.br\/noticias\/?s={search_term_string}\"},\"query-input\":{\"@type\":\"PropertyValueSpecification\",\"valueRequired\":true,\"valueName\":\"search_term_string\"}}],\"inLanguage\":\"pt-BR\"},{\"@type\":\"Organization\",\"@id\":\"https:\/\/www.suno.com.br\/noticias\/#organization\",\"name\":\"Suno Not\u00edcias\",\"url\":\"https:\/\/www.suno.com.br\/noticias\/\",\"logo\":{\"@type\":\"ImageObject\",\"inLanguage\":\"pt-BR\",\"@id\":\"https:\/\/www.suno.com.br\/noticias\/#\/schema\/logo\/image\/\",\"url\":\"https:\/\/files.sunoresearch.com.br\/n\/uploads\/2021\/09\/suno-logo.png\",\"contentUrl\":\"https:\/\/files.sunoresearch.com.br\/n\/uploads\/2021\/09\/suno-logo.png\",\"width\":180,\"height\":180,\"caption\":\"Suno Not\u00edcias\"},\"image\":{\"@id\":\"https:\/\/www.suno.com.br\/noticias\/#\/schema\/logo\/image\/\"},\"sameAs\":[\"https:\/\/facebook.com\/sunoresearch\",\"https:\/\/x.com\/sunoresearch\",\"https:\/\/www.instagram.com\/suno\",\"https:\/\/www.linkedin.com\/company\/suno-research\/\",\"https:\/\/www.youtube.com\/c\/sunoresearch\"]},{\"@type\":\"Person\",\"@id\":\"https:\/\/www.suno.com.br\/noticias\/#\/schema\/person\/c1b1bd3727fa852bd045e9dbff3673ea\",\"name\":\"Reda\u00e7\u00e3o Suno Not\u00edcias\",\"image\":{\"@type\":\"ImageObject\",\"inLanguage\":\"pt-BR\",\"@id\":\"https:\/\/www.suno.com.br\/noticias\/#\/schema\/person\/image\/\",\"url\":\"https:\/\/secure.gravatar.com\/avatar\/b8104b9b5a71985d5238ee59fbe418af?s=96&r=g\",\"contentUrl\":\"https:\/\/secure.gravatar.com\/avatar\/b8104b9b5a71985d5238ee59fbe418af?s=96&r=g\",\"caption\":\"Reda\u00e7\u00e3o Suno Not\u00edcias\"},\"description\":\"O Suno Not\u00edcias \u00e9 um portal de informa\u00e7\u00f5es sobre Mercado Financeiro, Pol\u00edtica, Neg\u00f3cios, Economia e Finan\u00e7as Pessoais.\",\"sameAs\":[\"https:\/\/www.suno.com.br\/noticias\",\"https:\/\/www.facebook.com\/sunonoticias\/\",\"https:\/\/www.instagram.com\/sunonoticias\/\",\"https:\/\/x.com\/https:\/\/twitter.com\/sunoresearch\",\"https:\/\/www.youtube.com\/sunonoticias\"],\"url\":\"https:\/\/www.suno.com.br\/noticias\/author\/redacao-suno\/\"}]}<\/script>\n<!-- \/ Yoast SEO plugin. -->","yoast_head_json":{"title":"Subs\u00eddios para carros v\u00e3o beneficiar as locadoras? Veja perspectivas","description":"Subs\u00eddios para carros v\u00e3o beneficiar todo o setor? Para locadoras, impacto pode ser limitado. Veja perspectivas.","robots":{"index":"index","follow":"follow","max-snippet":"max-snippet:-1","max-image-preview":"max-image-preview:large","max-video-preview":"max-video-preview:-1"},"canonical":"https:\/\/www.suno.com.br\/noticias\/subsidios-carros-locadoras-perspectivas\/","og_locale":"pt_BR","og_type":"article","og_title":"Subs\u00eddios para carros v\u00e3o beneficiar as locadoras? Veja perspectivas","og_description":"Subs\u00eddios para carros v\u00e3o beneficiar todo o setor? Para locadoras, impacto pode ser limitado. Veja perspectivas.","og_url":"https:\/\/www.suno.com.br\/noticias\/subsidios-carros-locadoras-perspectivas\/","og_site_name":"Suno Not\u00edcias","article_publisher":"https:\/\/facebook.com\/sunoresearch","article_author":"https:\/\/www.facebook.com\/sunonoticias\/","og_image":[{"width":1920,"height":1281,"url":"https:\/\/files.sunoresearch.com.br\/n\/uploads\/2023\/01\/evgeny-tchebotarev-aiwuLjLPFnU-unsplash.jpg","type":"image\/jpeg"}],"author":"Reda\u00e7\u00e3o Suno Not\u00edcias","twitter_card":"summary_large_image","twitter_creator":"@https:\/\/twitter.com\/sunoresearch","twitter_site":"@sunoresearch","twitter_misc":{"Escrito por":"Reda\u00e7\u00e3o Suno Not\u00edcias","Est. tempo de leitura":"5 minutos"},"schema":{"@context":"https:\/\/schema.org","@graph":[{"@type":"NewsArticle","@id":"https:\/\/www.suno.com.br\/noticias\/subsidios-carros-locadoras-perspectivas\/#article","isPartOf":{"@id":"https:\/\/www.suno.com.br\/noticias\/subsidios-carros-locadoras-perspectivas\/"},"author":{"name":"Reda\u00e7\u00e3o Suno Not\u00edcias","@id":"https:\/\/www.suno.com.br\/noticias\/#\/schema\/person\/c1b1bd3727fa852bd045e9dbff3673ea"},"headline":"Subs\u00eddios para carros v\u00e3o beneficiar todo o setor? Para locadoras, impacto pode ser limitado","datePublished":"2023-06-11T13:41:24+00:00","dateModified":"2023-06-11T13:41:26+00:00","mainEntityOfPage":{"@id":"https:\/\/www.suno.com.br\/noticias\/subsidios-carros-locadoras-perspectivas\/"},"wordCount":851,"publisher":{"@id":"https:\/\/www.suno.com.br\/noticias\/#organization"},"image":{"@id":"https:\/\/www.suno.com.br\/noticias\/subsidios-carros-locadoras-perspectivas\/#primaryimage"},"thumbnailUrl":"https:\/\/files.sunoresearch.com.br\/n\/uploads\/2023\/01\/evgeny-tchebotarev-aiwuLjLPFnU-unsplash.jpg","keywords":["Localiza (RENT3)","Movida (MOVI3)","Subs\u00eddios"],"articleSection":["Neg\u00f3cios"],"inLanguage":"pt-BR"},{"@type":"WebPage","@id":"https:\/\/www.suno.com.br\/noticias\/subsidios-carros-locadoras-perspectivas\/","url":"https:\/\/www.suno.com.br\/noticias\/subsidios-carros-locadoras-perspectivas\/","name":"Subs\u00eddios para carros v\u00e3o beneficiar as locadoras? Veja perspectivas","isPartOf":{"@id":"https:\/\/www.suno.com.br\/noticias\/#website"},"primaryImageOfPage":{"@id":"https:\/\/www.suno.com.br\/noticias\/subsidios-carros-locadoras-perspectivas\/#primaryimage"},"image":{"@id":"https:\/\/www.suno.com.br\/noticias\/subsidios-carros-locadoras-perspectivas\/#primaryimage"},"thumbnailUrl":"https:\/\/files.sunoresearch.com.br\/n\/uploads\/2023\/01\/evgeny-tchebotarev-aiwuLjLPFnU-unsplash.jpg","datePublished":"2023-06-11T13:41:24+00:00","dateModified":"2023-06-11T13:41:26+00:00","description":"Subs\u00eddios para carros v\u00e3o beneficiar todo o setor? Para locadoras, impacto pode ser limitado. Veja perspectivas.","breadcrumb":{"@id":"https:\/\/www.suno.com.br\/noticias\/subsidios-carros-locadoras-perspectivas\/#breadcrumb"},"inLanguage":"pt-BR","potentialAction":[{"@type":"ReadAction","target":["https:\/\/www.suno.com.br\/noticias\/subsidios-carros-locadoras-perspectivas\/"]}]},{"@type":"ImageObject","inLanguage":"pt-BR","@id":"https:\/\/www.suno.com.br\/noticias\/subsidios-carros-locadoras-perspectivas\/#primaryimage","url":"https:\/\/files.sunoresearch.com.br\/n\/uploads\/2023\/01\/evgeny-tchebotarev-aiwuLjLPFnU-unsplash.jpg","contentUrl":"https:\/\/files.sunoresearch.com.br\/n\/uploads\/2023\/01\/evgeny-tchebotarev-aiwuLjLPFnU-unsplash.jpg","width":1920,"height":1281,"caption":"Subs\u00eddios para carros v\u00e3o beneficiar todo o setor? Para locadoras, impacto pode ser limitado. Foto: Evgeny Tchebotarev\/Unsplash"},{"@type":"BreadcrumbList","@id":"https:\/\/www.suno.com.br\/noticias\/subsidios-carros-locadoras-perspectivas\/#breadcrumb","itemListElement":[{"@type":"ListItem","position":1,"name":"Not\u00edcias","item":"https:\/\/www.suno.com.br\/noticias\/"},{"@type":"ListItem","position":2,"name":"Neg\u00f3cios","item":"https:\/\/www.suno.com.br\/noticias\/negocios\/"},{"@type":"ListItem","position":3,"name":"Subs\u00eddios para carros v\u00e3o beneficiar todo o setor? Para locadoras, impacto pode ser limitado"}]},{"@type":"WebSite","@id":"https:\/\/www.suno.com.br\/noticias\/#website","url":"https:\/\/www.suno.com.br\/noticias\/","name":"Suno Not\u00edcias","description":"Seu portal de informa\u00e7\u00e3o sobre o mundo dos investimentos","publisher":{"@id":"https:\/\/www.suno.com.br\/noticias\/#organization"},"potentialAction":[{"@type":"SearchAction","target":{"@type":"EntryPoint","urlTemplate":"https:\/\/www.suno.com.br\/noticias\/?s={search_term_string}"},"query-input":{"@type":"PropertyValueSpecification","valueRequired":true,"valueName":"search_term_string"}}],"inLanguage":"pt-BR"},{"@type":"Organization","@id":"https:\/\/www.suno.com.br\/noticias\/#organization","name":"Suno Not\u00edcias","url":"https:\/\/www.suno.com.br\/noticias\/","logo":{"@type":"ImageObject","inLanguage":"pt-BR","@id":"https:\/\/www.suno.com.br\/noticias\/#\/schema\/logo\/image\/","url":"https:\/\/files.sunoresearch.com.br\/n\/uploads\/2021\/09\/suno-logo.png","contentUrl":"https:\/\/files.sunoresearch.com.br\/n\/uploads\/2021\/09\/suno-logo.png","width":180,"height":180,"caption":"Suno Not\u00edcias"},"image":{"@id":"https:\/\/www.suno.com.br\/noticias\/#\/schema\/logo\/image\/"},"sameAs":["https:\/\/facebook.com\/sunoresearch","https:\/\/x.com\/sunoresearch","https:\/\/www.instagram.com\/suno","https:\/\/www.linkedin.com\/company\/suno-research\/","https:\/\/www.youtube.com\/c\/sunoresearch"]},{"@type":"Person","@id":"https:\/\/www.suno.com.br\/noticias\/#\/schema\/person\/c1b1bd3727fa852bd045e9dbff3673ea","name":"Reda\u00e7\u00e3o Suno Not\u00edcias","image":{"@type":"ImageObject","inLanguage":"pt-BR","@id":"https:\/\/www.suno.com.br\/noticias\/#\/schema\/person\/image\/","url":"https:\/\/secure.gravatar.com\/avatar\/b8104b9b5a71985d5238ee59fbe418af?s=96&r=g","contentUrl":"https:\/\/secure.gravatar.com\/avatar\/b8104b9b5a71985d5238ee59fbe418af?s=96&r=g","caption":"Reda\u00e7\u00e3o Suno Not\u00edcias"},"description":"O Suno Not\u00edcias \u00e9 um portal de informa\u00e7\u00f5es sobre Mercado Financeiro, Pol\u00edtica, Neg\u00f3cios, Economia e Finan\u00e7as Pessoais.","sameAs":["https:\/\/www.suno.com.br\/noticias","https:\/\/www.facebook.com\/sunonoticias\/","https:\/\/www.instagram.com\/sunonoticias\/","https:\/\/x.com\/https:\/\/twitter.com\/sunoresearch","https:\/\/www.youtube.com\/sunonoticias"],"url":"https:\/\/www.suno.com.br\/noticias\/author\/redacao-suno\/"}]}},"default_loop_html":"<div class=\"cardsPage__listCard__boxs\"><div class=\"cardsPage__listCard__boxs__img\"><a href=\"https:\/\/www.suno.com.br\/noticias\/subsidios-carros-locadoras-perspectivas\/\"><img class=\"mask\" src=\"https:\/\/www.suno.com.br\/noticias\/wp-content\/themes\/suno\/resources\/images\/spotlight\/spotlight1img\/bg-mask.png\" alt=\"Image Mask\"\/><img src=\"https:\/\/files.sunoresearch.com.br\/n\/uploads\/2023\/01\/evgeny-tchebotarev-aiwuLjLPFnU-unsplash-400x200.jpg\" alt=\"Subs\u00eddios para carros v\u00e3o beneficiar todo o setor? Para locadoras, impacto pode ser limitado\"\/><\/a><span class=\"spotlightCategory\"><a href=\"https:\/\/www.suno.com.br\/noticias\/negocios\/\">Neg\u00f3cios<\/a><\/span><\/div><div class=\"cardsPage__listCard__boxs__content\"><a href=\"https:\/\/www.suno.com.br\/noticias\/subsidios-carros-locadoras-perspectivas\/\"><h2 class=\"content__title\">Subs\u00eddios para carros v\u00e3o beneficiar todo o setor? Para locadoras, impacto pode ser limitado<\/h2><\/a><div class=\"newsContent__article__meta\"><div class=\"newsContent__article__meta__authorBox\"><a href=\"https:\/\/www.suno.com.br\/noticias\/author\/redacao-suno\/\" class=\"authorBox__avatar noMobi\"><img src=\"https:\/\/files.sunoresearch.com.br\/n\/uploads\/2020\/08\/0ace682d-redacao-1-150x150.webp\" alt=\"Reda\u00e7\u00e3o Suno Not\u00edcias\"><\/a><div class=\"authorBox__name\"><span>por\n\t\t\t<a href=\"https:\/\/www.suno.com.br\/noticias\/author\/redacao-suno\/\"><span itemprop=\"author\">Reda\u00e7\u00e3o Suno Not\u00edcias<\/span><\/a><\/span><time datetime=\"2023-06-11T10:41:24-03:00\" itemprop=\"datePublished\">11\/06\/2023 10:41<\/time><\/div><\/div><\/div><\/div><\/div>","single_layout":"posts","amp_enabled":true,"_links":{"self":[{"href":"https:\/\/www.suno.com.br\/noticias\/wp-json\/wp\/v2\/posts\/415180"}],"collection":[{"href":"https:\/\/www.suno.com.br\/noticias\/wp-json\/wp\/v2\/posts"}],"about":[{"href":"https:\/\/www.suno.com.br\/noticias\/wp-json\/wp\/v2\/types\/post"}],"author":[{"embeddable":true,"href":"https:\/\/www.suno.com.br\/noticias\/wp-json\/wp\/v2\/users\/43"}],"replies":[{"embeddable":true,"href":"https:\/\/www.suno.com.br\/noticias\/wp-json\/wp\/v2\/comments?post=415180"}],"version-history":[{"count":2,"href":"https:\/\/www.suno.com.br\/noticias\/wp-json\/wp\/v2\/posts\/415180\/revisions"}],"predecessor-version":[{"id":415184,"href":"https:\/\/www.suno.com.br\/noticias\/wp-json\/wp\/v2\/posts\/415180\/revisions\/415184"}],"wp:featuredmedia":[{"embeddable":true,"href":"https:\/\/www.suno.com.br\/noticias\/wp-json\/wp\/v2\/media\/356045"}],"wp:attachment":[{"href":"https:\/\/www.suno.com.br\/noticias\/wp-json\/wp\/v2\/media?parent=415180"}],"wp:term":[{"taxonomy":"category","embeddable":true,"href":"https:\/\/www.suno.com.br\/noticias\/wp-json\/wp\/v2\/categories?post=415180"},{"taxonomy":"post_tag","embeddable":true,"href":"https:\/\/www.suno.com.br\/noticias\/wp-json\/wp\/v2\/tags?post=415180"},{"taxonomy":"suno_strategy","embeddable":true,"href":"https:\/\/www.suno.com.br\/noticias\/wp-json\/wp\/v2\/suno_strategy?post=415180"}],"curies":[{"name":"wp","href":"https:\/\/api.w.org\/{rel}","templated":true}]}}