{"id":415086,"date":"2023-06-10T10:45:29","date_gmt":"2023-06-10T13:45:29","guid":{"rendered":"https:\/\/www.suno.com.br\/noticias\/?p=415086"},"modified":"2023-06-10T10:45:37","modified_gmt":"2023-06-10T13:45:37","slug":"carro-popular-localiza-preve-impacto-de-ate-650-milhoes","status":"publish","type":"post","link":"https:\/\/www.suno.com.br\/noticias\/carro-popular-localiza-preve-impacto-de-ate-650-milhoes\/","title":{"rendered":"Carro popular: Localiza (RENT3) prev\u00ea impacto de at\u00e9 R$ 650 milh\u00f5es"},"content":{"rendered":"<p>A <a href=\"https:\/\/www.suno.com.br\/acoes\/rent3\/\"><strong>Localiza (RENT3)<\/strong><\/a> informou os potenciais impactos da medida de incentivo \u00e0 ind\u00fastria automotiva pelo governo, que envolve descontos para carros com pre\u00e7o at\u00e9 R$ 120 mil, financiados por cr\u00e9ditos fiscais concedidos \u00e0s montadoras. Entre eles, est\u00e1 o ajuste ao valor esperado de venda de parte da frota, informou a companhia em fato relevante.<\/p>\t<div class=\"wrapper-featured-image\">\n\t\t<figure class=\"spotlightImg\">\n\n\t\t\t<picture>\n\t\t\t\t<source media=\"(max-width: 768px)\" srcset=\"https:\/\/files.sunoresearch.com.br\/n\/uploads\/2021\/03\/cd7050e1-localiza-400x200.webp\">\n\t\t\t\t<img loading=\"lazy\" decoding=\"async\" class=\"newsContent__article__imgCapa lazyloadDisabled \" src=\"https:\/\/files.sunoresearch.com.br\/n\/uploads\/2021\/03\/cd7050e1-localiza-800x450.webp\" width=\"800\" height=\"450\" alt=\"Carro popular: Localiza (RENT3) prev\u00ea impacto de at\u00e9 R$ 650 milh\u00f5es\" fetchpriority=high \/>\n\t\t\t<\/picture>\n\n\t\t\t<figcaption class=\"wp-caption-text wp-caption-text--show\">Localiza (RENT3). Foto: Divulga\u00e7\u00e3o<\/figcaption>\n\t\t<\/figure>\n\t<\/div>\n\n\n\n\n\n\t<p>\n\t\t<a href=\"https:\/\/lp2.suno.com.br\/cl\/black-friday-2025\/?utm_campaign=_SNCDF0E4858_\" target=\"_blank\" data-element=\"shortcode-suno-banner\" title=\"Banner SUNO, clique e saiba mais\">\n\t\t\t<picture>\n\t\t\t\t<source media=\"(max-width: 500px)\" srcset=\"https:\/\/files.sunoresearch.com.br\/n\/uploads\/2025\/10\/Artigos-e-Noticias-Banner-Home-artigos-01-Mobile_-400x300-1-png.webp\">\n\t\t\t\t<img class=\"newsContent__article__imgCapa newsContent__article__imgCapa--banner\"\n\t\t\t\t\tsrc=\"https:\/\/files.sunoresearch.com.br\/n\/uploads\/2025\/10\/Artigos-e-Noticias-Banner-Home-artigos-01-Desktop_-1420x240-1-png.webp\"\n\t\t\t\t\tdata-promo-id=\"311259\"\t\t\t\t\t\t\t\t\t\twidth='1420' height='240'\t\t\t\t\talt=\"https:\/\/files.sunoresearch.com.br\/n\/uploads\/2025\/10\/Artigos-e-Noticias-Banner-Home-artigos-01-Desktop_-1420x240-1-png.webp\"\n\t\t\t\t>\n\t\t\t<\/picture>\n\t\t<\/a>\n\t<\/p>\n\n\n\n\n\n<p>Segundo estimativas preliminares, a Localiza prev\u00ea um impacto entre R$ 575 milh\u00f5es e R$ 650 milh\u00f5es antes de impostos, j\u00e1 nos resultados do segundo trimestre. O efeito representa cerca de 1,3% a 1,5% do valor da frota ao final do primeiro trimestre.<\/p>\n\n\n\n<p>\u201cA redu\u00e7\u00e3o s\u00fabita nos pre\u00e7os dos carros novos reverbera tamb\u00e9m nos carros seminovos. Deste modo, j\u00e1 observamos em nossas opera\u00e7\u00f5es, a necessidade de redu\u00e7\u00e3o dos pre\u00e7os praticados para venda dos carros desativados, ap\u00f3s o uso no aluguel\u201d, destacou a Localiza na nota.<\/p>\n\n\n\n<p>Um outro efeito citado pela companhia \u00e9 a compra de carros novos com pre\u00e7o reduzido. A medida, iniciada no \u00faltimo dia 6 de junho, prev\u00ea 15 dias de exclusividade para pessoas f\u00edsicas, havendo a possibilidade de estender este prazo por igual per\u00edodo.<\/p>\n\n\n\n<p>\u201cA partir da\u00ed, a medida poder\u00e1 ser expandida para pessoas jur\u00eddicas, podendo gerar para a companhia, oportunidade de adquirir carros com pre\u00e7os menores, sendo que a dura\u00e7\u00e3o da medida \u00e9 limitada a 120 dias ou at\u00e9 os descontos concedidos somarem R$ 500 milh\u00f5es\u201d, disse.<\/p>\n\n\n\n<p>De acordo com a Localiza, a eventual compra de carros com pre\u00e7os mais baixos poder\u00e1 reduzir o volume do investimento para crescimento, com efeitos na base de capital e deprecia\u00e7\u00e3o esperada.<\/p>\n\n\n\n<p>Al\u00e9m disso, a empresa citou que o caixa pode ser impactado por menor investimento de renova\u00e7\u00e3o em crescimento. Assim, em uma eventual compra de carros com pre\u00e7o reduzido, a Localiza poder\u00e1 conseguir renovar seus carros com menor investimento l\u00edquido e, observado o contexto de crescimento da companhia, o investimento de expans\u00e3o tamb\u00e9m poder\u00e1 ser reduzido.<\/p>\n\n\n\n<p>Por fim, a companhia afirmou que n\u00e3o espera, no momento, \u201cvaria\u00e7\u00f5es relevantes nos pre\u00e7os do aluguel em fun\u00e7\u00e3o da medida, considerando que o prazo dela \u00e9 razoavelmente inferior ao ciclo do aluguel, de modo que n\u00e3o deve ser suficiente para impactar a vis\u00e3o do mercado com rela\u00e7\u00e3o \u00e0 precifica\u00e7\u00e3o\u201d.<\/p>\n\n\n\t<p>\n\t\t<a href=\"https:\/\/lp.suno.com.br\/ebook-como-analisar-uma-acao\/\" target=\"_blank\" data-element=\"shortcode-suno-banner\" title=\"Banner SUNO, clique e saiba mais\">\n\t\t\t<picture>\n\t\t\t\t<source media=\"(max-width: 500px)\" srcset=\"https:\/\/files.sunoresearch.com.br\/n\/uploads\/2023\/03\/Ebook-Acoes-Mobile.jpg\">\n\t\t\t\t<img class=\"newsContent__article__imgCapa newsContent__article__imgCapa--banner\"\n\t\t\t\t\tsrc=\"https:\/\/files.sunoresearch.com.br\/n\/uploads\/2023\/03\/Ebook-Acoes-Desktop.jpg\"\n\t\t\t\t\tdata-promo-id=\"378302\"\t\t\t\t\t\t\t\t\t\twidth='1420' height='286'\t\t\t\t\talt=\"https:\/\/files.sunoresearch.com.br\/n\/uploads\/2023\/03\/Ebook-Acoes-Desktop.jpg\"\n\t\t\t\t>\n\t\t\t<\/picture>\n\t\t<\/a>\n\t<\/p>\n\n\n\n\n\n<h2 class=\"wp-block-heading\">Programa para carros populares ter\u00e1 b\u00f4nus de R$ 2 mil a R$ 8 mil; governo anuncia desconto para caminh\u00f5es e \u00f4nibus<\/h2>\n\n\n\n<p>No in\u00edcio da semana, o ministro da Fazenda, Fernando Haddad, e o ministro do Desenvolvimento, Ind\u00fastria, Com\u00e9rcio e Servi\u00e7os, Geraldo Alckmin, confirmaram o programa que ir\u00e1 resultar num b\u00f4nus de R$ 2 mil a R$ 8 mil no <strong>pre\u00e7o de carros<\/strong> de at\u00e9 R$ 120 mil &#8211; desconto m\u00ednimo de 1,6% e m\u00e1ximo de 11,6% no valor. <\/p>\n\n\n\n<p>O desconto ser\u00e1 aplicado com base nos crit\u00e9rios j\u00e1 divulgados: ve\u00edculos mais baratos, menos poluentes e considerando a densidade industrial. O pacote tamb\u00e9m vai beneficiar a compra de novos caminh\u00f5es, \u00f4nibus e vans, com cr\u00e9ditos que v\u00e3o de R$ 33,6 mil a R$ 99,4 mil.<\/p>\n\n\n\n<p>As empresas que concederem o<strong> desconto aos carros<\/strong> contar\u00e3o com cr\u00e9dito tribut\u00e1rio junto \u00e0 Uni\u00e3o. O custo total para o governo \u00e9 de R$ 1,5 bilh\u00e3o. <\/p>\n\n\n\n<p>Desse total, R$ 500 milh\u00f5es servir\u00e3o para a parcela voltada aos carros, R$ 700 milh\u00f5es para caminh\u00f5es e R$ 300 milh\u00f5es para \u00f4nibus e vans. De acordo com Haddad, o programa se encerra quando for alcan\u00e7ado o cr\u00e9dito de R$ 1,5 bilh\u00e3o, que ser\u00e1 pago pelo governo a partir da <strong>reonera\u00e7\u00e3o do diesel<\/strong>.<\/p>\n\n\n\n<p>De acordo com Alckmin, para conseguir o desconto, donos de caminh\u00f5es, vans e \u00f4nibus ter\u00e3o de comprovar que est\u00e3o tirando de circula\u00e7\u00e3o ve\u00edculos com mais de 20 anos de uso. &#8220;Esperamos que daqui a poucos meses os juros caiam e o cr\u00e9dito fique mais acess\u00edvel&#8221;, disse o vice-presidente.<\/p>\n\n\n\n<h2 class=\"wp-block-heading\">Localiza: lucro \u00e9 de R$ 604,6 mi no 1T23, recuo de 19%<\/h2>\n\n\n\n<p>A <a class=\"suno-keyword\" data-force=\"yes\" data-priority=\"2\" href=\"https:\/\/www.suno.com.br\/acoes\/RENT3\/\" target=\"_blank\" rel=\"noopener\">Localiza (RENT3)<\/a> registrou <a class=\"suno-keyword\" data-force=\"no\" data-priority=\"1\" href=\"https:\/\/www.suno.com.br\/artigos\/lucro-liquido\/\" target=\"_blank\" rel=\"noopener\">lucro l\u00edquido<\/a> consolidado ajustado de R$ 604,6 milh\u00f5es no primeiro trimestre de 2023. O resultado representa queda de 19% quando comparado a igual intervalo do ano passado.<\/p>\n\n\n\n<p>O <strong>Ebitda consolidado da Localiza<\/strong> (Lucros antes de juros, impostos, <a class=\"suno-keyword\" data-force=\"no\" data-priority=\"1\" href=\"https:\/\/www.suno.com.br\/artigos\/depreciacao-amortizacao\/\" target=\"_blank\" rel=\"noopener\">deprecia\u00e7\u00e3o e amortiza\u00e7\u00e3o<\/a>), por sua vez, subiu 39,9% na mesma base comparativa, para R$ 2,623 bilh\u00f5es. Entre janeiro e mar\u00e7o, a <a class=\"suno-keyword\" data-force=\"no\" data-priority=\"1\" href=\"https:\/\/www.suno.com.br\/artigos\/margem-ebitda\/\" target=\"_blank\" rel=\"noopener\">margem Ebitda<\/a> da divis\u00e3o de &#8216;Aluguel de Carros&#8217; foi de 66,1%, avan\u00e7o de 5,1 p.p. em rela\u00e7\u00e3o ao trimestre anterior. <\/p>\n\n\n\n<p>J\u00e1 a divis\u00e3o de &#8216;Gest\u00e3o de Frotas&#8217; apresentou margem de 76,2%, positivamente impactada pelo efeito da acelera\u00e7\u00e3o da deprecia\u00e7\u00e3o para efeitos fiscais, aumentando a tomada de cr\u00e9dito de PIS\/Cofins.<\/p>\n\n\n\n<p>No release que acompanha os resultados, a companhia complementa que o avan\u00e7o das margens do &#8216;Aluguel de Carros&#8217; e &#8216;Gest\u00e3o de Frotas&#8217; vem compensando a continuidade do ciclo de normaliza\u00e7\u00e3o da margem de Seminovos, que alcan\u00e7ou 6,4% no <strong>1T23 da Localiza<\/strong>. Em Seminovos, gastos com novas iniciativas impactaram a margem negativamente em 0,3 ponto porcentual.<\/p>\n\n\n\n<p>O Ebitda totalizou R$ 1,639,6 bilh\u00e3o crescimento de 12,9% em rela\u00e7\u00e3o ao primeiro trimestre de 2022 proforma. O Ebit ajustado totalizou R$ 1,765,3 bilh\u00e3o, representando um aumento de 15,7% na mesma base comparativa.<\/p>\n\n\n\n<p>A <strong>receita l\u00edquida da Localiza<\/strong> somou R$ 6,825 bilh\u00f5es nos tr\u00eas primeiros meses do ano, 52,2% acima do valor registrado um ano antes. Na compara\u00e7\u00e3o trimestral, a alta foi de 16%.<\/p>\n\n\n\n<p>Em 31 de mar\u00e7o de 2023, a <strong>d\u00edvida l\u00edquida da Localiza<\/strong> somava R$ 28.334,0 milh\u00f5es. O crescimento de 8,5% ao longo do per\u00edodo \u00e9 explicado, principalmente, pelo capex de renova\u00e7\u00e3o da frota, redu\u00e7\u00e3o na conta de montadoras e aumento das <a class=\"suno-keyword\" target=\"_blank\" data-force=\"no\" data-priority=\"1\" href=\"https:\/\/www.suno.com.br\/artigos\/despesas-financeiras\/\" rel=\"noopener\">despesas financeiras<\/a>, ainda de acordo com empresa.<\/p>\n\n\n\n<p>A <strong>Localiza<\/strong> esclarece que apresentou os <a class=\"suno-keyword\" data-force=\"no\" data-priority=\"1\" href=\"https:\/\/www.suno.com.br\/artigos\/resultados-trimestrais\/\" target=\"_blank\" rel=\"noopener\">resultados trimestrais<\/a> proforma, somando os valores das duas companhias, desde o primeiro trimestre de 2021 at\u00e9 a combina\u00e7\u00e3o de neg\u00f3cios com a Unidas em 1\u00ba de julho de 2022. Com isso, as compara\u00e7\u00f5es anuais foram feitas com base nos n\u00fameros hist\u00f3ricos proforma de ambas.<\/p>\n\n\n\n<p><em>Com informa\u00e7\u00f5es de Estad\u00e3o Conte\u00fado<\/em><\/p>\n\n\n\t<p>\n\t\t<a href=\"https:\/\/lp.suno.com.br\/ebook-como-analisar-uma-acao\/\" target=\"_blank\" data-element=\"shortcode-suno-banner\" title=\"Banner SUNO, clique e saiba mais\">\n\t\t\t<picture>\n\t\t\t\t<source media=\"(max-width: 500px)\" srcset=\"https:\/\/files.sunoresearch.com.br\/n\/uploads\/2023\/12\/Ebook-Acoes-Mobile.jpg\">\n\t\t\t\t<img class=\"newsContent__article__imgCapa newsContent__article__imgCapa--banner\"\n\t\t\t\t\tsrc=\"https:\/\/files.sunoresearch.com.br\/n\/uploads\/2023\/12\/Ebook-Acoes-Desktop.webp\"\n\t\t\t\t\tdata-promo-id=\"311260\"\t\t\t\t\t\t\t\t\t\twidth='1420' height='286'\t\t\t\t\talt=\"https:\/\/files.sunoresearch.com.br\/n\/uploads\/2023\/12\/Ebook-Acoes-Desktop.webp\"\n\t\t\t\t>\n\t\t\t<\/picture>\n\t\t<\/a>\n\t<\/p>\n\n\n","protected":false},"excerpt":{"rendered":"<p>A Localiza (RENT3) informou os potenciais impactos da medida de incentivo \u00e0 ind\u00fastria automotiva pelo governo, que envolve descontos para carros com pre\u00e7o at\u00e9 R$ 120 mil, financiados por cr\u00e9ditos fiscais concedidos \u00e0s montadoras. Entre eles, est\u00e1 o ajuste ao valor esperado de venda de parte da frota, informou a companhia em fato relevante. Localiza [&hellip;]<\/p>\n","protected":false},"author":295,"featured_media":130378,"comment_status":"closed","ping_status":"closed","sticky":false,"template":"","format":"standard","meta":[],"categories":[64],"tags":[4065],"suno_strategy":[],"class_list":["post-415086","post","type-post","status-publish","format-standard","has-post-thumbnail","hentry","category-negocios","tag-localiza-rent3"],"yoast_head":"<!-- This site is optimized with the Yoast SEO plugin v24.4 - https:\/\/yoast.com\/wordpress\/plugins\/seo\/ -->\n<title>Carro popular: Localiza (RENT3) prev\u00ea impacto de at\u00e9 R$ 650 milh\u00f5es<\/title>\n<meta name=\"description\" content=\"A Localiza informou os potenciais impactos da medida de incentivo \u00e0 ind\u00fastria automotiva pelo governo. Saiba mais!\" \/>\n<meta name=\"robots\" content=\"index, follow, max-snippet:-1, max-image-preview:large, max-video-preview:-1\" \/>\n<link rel=\"canonical\" href=\"https:\/\/www.suno.com.br\/noticias\/carro-popular-localiza-preve-impacto-de-ate-650-milhoes\/\" \/>\n<meta property=\"og:locale\" content=\"pt_BR\" \/>\n<meta property=\"og:type\" content=\"article\" \/>\n<meta property=\"og:title\" content=\"Carro popular: Localiza (RENT3) prev\u00ea impacto de at\u00e9 R$ 650 milh\u00f5es\" \/>\n<meta property=\"og:description\" content=\"A Localiza informou os potenciais impactos da medida de incentivo \u00e0 ind\u00fastria automotiva pelo governo. Saiba mais!\" \/>\n<meta property=\"og:url\" content=\"https:\/\/www.suno.com.br\/noticias\/carro-popular-localiza-preve-impacto-de-ate-650-milhoes\/\" \/>\n<meta property=\"og:site_name\" content=\"Suno Not\u00edcias\" \/>\n<meta property=\"article:publisher\" content=\"https:\/\/facebook.com\/sunoresearch\" \/>\n<meta property=\"og:image\" content=\"https:\/\/files.sunoresearch.com.br\/n\/uploads\/2021\/03\/cd7050e1-localiza.jpg\" \/>\n\t<meta property=\"og:image:width\" content=\"1200\" \/>\n\t<meta property=\"og:image:height\" content=\"799\" \/>\n\t<meta property=\"og:image:type\" content=\"image\/jpeg\" \/>\n<meta name=\"author\" content=\"Giovanni Porf\u00edrio Jacomino\" \/>\n<meta name=\"twitter:card\" content=\"summary_large_image\" \/>\n<meta name=\"twitter:creator\" content=\"@sunoresearch\" \/>\n<meta name=\"twitter:site\" content=\"@sunoresearch\" \/>\n<meta name=\"twitter:label1\" content=\"Escrito por\" \/>\n\t<meta name=\"twitter:data1\" content=\"Giovanni Porf\u00edrio Jacomino\" \/>\n\t<meta name=\"twitter:label2\" content=\"Est. tempo de leitura\" \/>\n\t<meta name=\"twitter:data2\" content=\"6 minutos\" \/>\n<script type=\"application\/ld+json\" class=\"yoast-schema-graph\">{\"@context\":\"https:\/\/schema.org\",\"@graph\":[{\"@type\":\"NewsArticle\",\"@id\":\"https:\/\/www.suno.com.br\/noticias\/carro-popular-localiza-preve-impacto-de-ate-650-milhoes\/#article\",\"isPartOf\":{\"@id\":\"https:\/\/www.suno.com.br\/noticias\/carro-popular-localiza-preve-impacto-de-ate-650-milhoes\/\"},\"author\":{\"name\":\"Giovanni Porf\u00edrio Jacomino\",\"@id\":\"https:\/\/www.suno.com.br\/noticias\/#\/schema\/person\/217058341e4dbe1f68f3b898b09ca015\"},\"headline\":\"Carro popular: Localiza (RENT3) prev\u00ea impacto de at\u00e9 R$ 650 milh\u00f5es\",\"datePublished\":\"2023-06-10T13:45:29+00:00\",\"dateModified\":\"2023-06-10T13:45:37+00:00\",\"mainEntityOfPage\":{\"@id\":\"https:\/\/www.suno.com.br\/noticias\/carro-popular-localiza-preve-impacto-de-ate-650-milhoes\/\"},\"wordCount\":1028,\"publisher\":{\"@id\":\"https:\/\/www.suno.com.br\/noticias\/#organization\"},\"image\":{\"@id\":\"https:\/\/www.suno.com.br\/noticias\/carro-popular-localiza-preve-impacto-de-ate-650-milhoes\/#primaryimage\"},\"thumbnailUrl\":\"https:\/\/files.sunoresearch.com.br\/n\/uploads\/2021\/03\/cd7050e1-localiza-jpg.webp\",\"keywords\":[\"Localiza (RENT3)\"],\"articleSection\":[\"Neg\u00f3cios\"],\"inLanguage\":\"pt-BR\"},{\"@type\":\"WebPage\",\"@id\":\"https:\/\/www.suno.com.br\/noticias\/carro-popular-localiza-preve-impacto-de-ate-650-milhoes\/\",\"url\":\"https:\/\/www.suno.com.br\/noticias\/carro-popular-localiza-preve-impacto-de-ate-650-milhoes\/\",\"name\":\"Carro popular: Localiza (RENT3) prev\u00ea impacto de at\u00e9 R$ 650 milh\u00f5es\",\"isPartOf\":{\"@id\":\"https:\/\/www.suno.com.br\/noticias\/#website\"},\"primaryImageOfPage\":{\"@id\":\"https:\/\/www.suno.com.br\/noticias\/carro-popular-localiza-preve-impacto-de-ate-650-milhoes\/#primaryimage\"},\"image\":{\"@id\":\"https:\/\/www.suno.com.br\/noticias\/carro-popular-localiza-preve-impacto-de-ate-650-milhoes\/#primaryimage\"},\"thumbnailUrl\":\"https:\/\/files.sunoresearch.com.br\/n\/uploads\/2021\/03\/cd7050e1-localiza-jpg.webp\",\"datePublished\":\"2023-06-10T13:45:29+00:00\",\"dateModified\":\"2023-06-10T13:45:37+00:00\",\"description\":\"A Localiza informou os potenciais impactos da medida de incentivo \u00e0 ind\u00fastria automotiva pelo governo. Saiba mais!\",\"breadcrumb\":{\"@id\":\"https:\/\/www.suno.com.br\/noticias\/carro-popular-localiza-preve-impacto-de-ate-650-milhoes\/#breadcrumb\"},\"inLanguage\":\"pt-BR\",\"potentialAction\":[{\"@type\":\"ReadAction\",\"target\":[\"https:\/\/www.suno.com.br\/noticias\/carro-popular-localiza-preve-impacto-de-ate-650-milhoes\/\"]}]},{\"@type\":\"ImageObject\",\"inLanguage\":\"pt-BR\",\"@id\":\"https:\/\/www.suno.com.br\/noticias\/carro-popular-localiza-preve-impacto-de-ate-650-milhoes\/#primaryimage\",\"url\":\"https:\/\/files.sunoresearch.com.br\/n\/uploads\/2021\/03\/cd7050e1-localiza-jpg.webp\",\"contentUrl\":\"https:\/\/files.sunoresearch.com.br\/n\/uploads\/2021\/03\/cd7050e1-localiza-jpg.webp\",\"width\":1200,\"height\":799,\"caption\":\"Localiza (RENT3). Foto: Divulga\u00e7\u00e3o\"},{\"@type\":\"BreadcrumbList\",\"@id\":\"https:\/\/www.suno.com.br\/noticias\/carro-popular-localiza-preve-impacto-de-ate-650-milhoes\/#breadcrumb\",\"itemListElement\":[{\"@type\":\"ListItem\",\"position\":1,\"name\":\"Not\u00edcias\",\"item\":\"https:\/\/www.suno.com.br\/noticias\/\"},{\"@type\":\"ListItem\",\"position\":2,\"name\":\"Neg\u00f3cios\",\"item\":\"https:\/\/www.suno.com.br\/noticias\/negocios\/\"},{\"@type\":\"ListItem\",\"position\":3,\"name\":\"Carro popular: Localiza (RENT3) prev\u00ea impacto de at\u00e9 R$ 650 milh\u00f5es\"}]},{\"@type\":\"WebSite\",\"@id\":\"https:\/\/www.suno.com.br\/noticias\/#website\",\"url\":\"https:\/\/www.suno.com.br\/noticias\/\",\"name\":\"Suno Not\u00edcias\",\"description\":\"Seu portal de informa\u00e7\u00e3o sobre o mundo dos investimentos\",\"publisher\":{\"@id\":\"https:\/\/www.suno.com.br\/noticias\/#organization\"},\"potentialAction\":[{\"@type\":\"SearchAction\",\"target\":{\"@type\":\"EntryPoint\",\"urlTemplate\":\"https:\/\/www.suno.com.br\/noticias\/?s={search_term_string}\"},\"query-input\":{\"@type\":\"PropertyValueSpecification\",\"valueRequired\":true,\"valueName\":\"search_term_string\"}}],\"inLanguage\":\"pt-BR\"},{\"@type\":\"Organization\",\"@id\":\"https:\/\/www.suno.com.br\/noticias\/#organization\",\"name\":\"Suno Not\u00edcias\",\"url\":\"https:\/\/www.suno.com.br\/noticias\/\",\"logo\":{\"@type\":\"ImageObject\",\"inLanguage\":\"pt-BR\",\"@id\":\"https:\/\/www.suno.com.br\/noticias\/#\/schema\/logo\/image\/\",\"url\":\"https:\/\/files.sunoresearch.com.br\/n\/uploads\/2021\/09\/suno-logo.png\",\"contentUrl\":\"https:\/\/files.sunoresearch.com.br\/n\/uploads\/2021\/09\/suno-logo.png\",\"width\":180,\"height\":180,\"caption\":\"Suno Not\u00edcias\"},\"image\":{\"@id\":\"https:\/\/www.suno.com.br\/noticias\/#\/schema\/logo\/image\/\"},\"sameAs\":[\"https:\/\/facebook.com\/sunoresearch\",\"https:\/\/x.com\/sunoresearch\",\"https:\/\/www.instagram.com\/suno\",\"https:\/\/www.linkedin.com\/company\/suno-research\/\",\"https:\/\/www.youtube.com\/c\/sunoresearch\"]},{\"@type\":\"Person\",\"@id\":\"https:\/\/www.suno.com.br\/noticias\/#\/schema\/person\/217058341e4dbe1f68f3b898b09ca015\",\"name\":\"Giovanni Porf\u00edrio Jacomino\",\"image\":{\"@type\":\"ImageObject\",\"inLanguage\":\"pt-BR\",\"@id\":\"https:\/\/www.suno.com.br\/noticias\/#\/schema\/person\/image\/\",\"url\":\"https:\/\/secure.gravatar.com\/avatar\/bc678fc5559a55f79ada398443281309?s=96&r=g\",\"contentUrl\":\"https:\/\/secure.gravatar.com\/avatar\/bc678fc5559a55f79ada398443281309?s=96&r=g\",\"caption\":\"Giovanni Porf\u00edrio Jacomino\"},\"description\":\"Giovanni Porf\u00edrio Jacomino \u00e9 jornalista formado pela Universidade Estadual de Londrina (UEL) e p\u00f3s-graduado em Produ\u00e7\u00e3o e Pr\u00e1ticas Jornal\u00edsticas na Contemporaneidade na Faculdade C\u00e1sper L\u00edbero (FCL). Foi editor web no Startupi e no Finsiders, atuando ainda como editor no TC Mover, portal de not\u00edcias da TradersClub, fazendo a cobertura de assuntos relacionados ao mercado financeiro interno e externo. Atualmente, \u00e9 Rep\u00f3rter do Suno Not\u00edcias.\",\"url\":\"https:\/\/www.suno.com.br\/noticias\/author\/giovanniporfirio01gmail-com\/\"}]}<\/script>\n<!-- \/ Yoast SEO plugin. -->","yoast_head_json":{"title":"Carro popular: Localiza (RENT3) prev\u00ea impacto de at\u00e9 R$ 650 milh\u00f5es","description":"A Localiza informou os potenciais impactos da medida de incentivo \u00e0 ind\u00fastria automotiva pelo governo. Saiba mais!","robots":{"index":"index","follow":"follow","max-snippet":"max-snippet:-1","max-image-preview":"max-image-preview:large","max-video-preview":"max-video-preview:-1"},"canonical":"https:\/\/www.suno.com.br\/noticias\/carro-popular-localiza-preve-impacto-de-ate-650-milhoes\/","og_locale":"pt_BR","og_type":"article","og_title":"Carro popular: Localiza (RENT3) prev\u00ea impacto de at\u00e9 R$ 650 milh\u00f5es","og_description":"A Localiza informou os potenciais impactos da medida de incentivo \u00e0 ind\u00fastria automotiva pelo governo. Saiba mais!","og_url":"https:\/\/www.suno.com.br\/noticias\/carro-popular-localiza-preve-impacto-de-ate-650-milhoes\/","og_site_name":"Suno Not\u00edcias","article_publisher":"https:\/\/facebook.com\/sunoresearch","og_image":[{"width":1200,"height":799,"url":"https:\/\/files.sunoresearch.com.br\/n\/uploads\/2021\/03\/cd7050e1-localiza.jpg","type":"image\/jpeg"}],"author":"Giovanni Porf\u00edrio Jacomino","twitter_card":"summary_large_image","twitter_creator":"@sunoresearch","twitter_site":"@sunoresearch","twitter_misc":{"Escrito por":"Giovanni Porf\u00edrio Jacomino","Est. tempo de leitura":"6 minutos"},"schema":{"@context":"https:\/\/schema.org","@graph":[{"@type":"NewsArticle","@id":"https:\/\/www.suno.com.br\/noticias\/carro-popular-localiza-preve-impacto-de-ate-650-milhoes\/#article","isPartOf":{"@id":"https:\/\/www.suno.com.br\/noticias\/carro-popular-localiza-preve-impacto-de-ate-650-milhoes\/"},"author":{"name":"Giovanni Porf\u00edrio Jacomino","@id":"https:\/\/www.suno.com.br\/noticias\/#\/schema\/person\/217058341e4dbe1f68f3b898b09ca015"},"headline":"Carro popular: Localiza (RENT3) prev\u00ea impacto de at\u00e9 R$ 650 milh\u00f5es","datePublished":"2023-06-10T13:45:29+00:00","dateModified":"2023-06-10T13:45:37+00:00","mainEntityOfPage":{"@id":"https:\/\/www.suno.com.br\/noticias\/carro-popular-localiza-preve-impacto-de-ate-650-milhoes\/"},"wordCount":1028,"publisher":{"@id":"https:\/\/www.suno.com.br\/noticias\/#organization"},"image":{"@id":"https:\/\/www.suno.com.br\/noticias\/carro-popular-localiza-preve-impacto-de-ate-650-milhoes\/#primaryimage"},"thumbnailUrl":"https:\/\/files.sunoresearch.com.br\/n\/uploads\/2021\/03\/cd7050e1-localiza-jpg.webp","keywords":["Localiza (RENT3)"],"articleSection":["Neg\u00f3cios"],"inLanguage":"pt-BR"},{"@type":"WebPage","@id":"https:\/\/www.suno.com.br\/noticias\/carro-popular-localiza-preve-impacto-de-ate-650-milhoes\/","url":"https:\/\/www.suno.com.br\/noticias\/carro-popular-localiza-preve-impacto-de-ate-650-milhoes\/","name":"Carro popular: Localiza (RENT3) prev\u00ea impacto de at\u00e9 R$ 650 milh\u00f5es","isPartOf":{"@id":"https:\/\/www.suno.com.br\/noticias\/#website"},"primaryImageOfPage":{"@id":"https:\/\/www.suno.com.br\/noticias\/carro-popular-localiza-preve-impacto-de-ate-650-milhoes\/#primaryimage"},"image":{"@id":"https:\/\/www.suno.com.br\/noticias\/carro-popular-localiza-preve-impacto-de-ate-650-milhoes\/#primaryimage"},"thumbnailUrl":"https:\/\/files.sunoresearch.com.br\/n\/uploads\/2021\/03\/cd7050e1-localiza-jpg.webp","datePublished":"2023-06-10T13:45:29+00:00","dateModified":"2023-06-10T13:45:37+00:00","description":"A Localiza informou os potenciais impactos da medida de incentivo \u00e0 ind\u00fastria automotiva pelo governo. Saiba mais!","breadcrumb":{"@id":"https:\/\/www.suno.com.br\/noticias\/carro-popular-localiza-preve-impacto-de-ate-650-milhoes\/#breadcrumb"},"inLanguage":"pt-BR","potentialAction":[{"@type":"ReadAction","target":["https:\/\/www.suno.com.br\/noticias\/carro-popular-localiza-preve-impacto-de-ate-650-milhoes\/"]}]},{"@type":"ImageObject","inLanguage":"pt-BR","@id":"https:\/\/www.suno.com.br\/noticias\/carro-popular-localiza-preve-impacto-de-ate-650-milhoes\/#primaryimage","url":"https:\/\/files.sunoresearch.com.br\/n\/uploads\/2021\/03\/cd7050e1-localiza-jpg.webp","contentUrl":"https:\/\/files.sunoresearch.com.br\/n\/uploads\/2021\/03\/cd7050e1-localiza-jpg.webp","width":1200,"height":799,"caption":"Localiza (RENT3). Foto: Divulga\u00e7\u00e3o"},{"@type":"BreadcrumbList","@id":"https:\/\/www.suno.com.br\/noticias\/carro-popular-localiza-preve-impacto-de-ate-650-milhoes\/#breadcrumb","itemListElement":[{"@type":"ListItem","position":1,"name":"Not\u00edcias","item":"https:\/\/www.suno.com.br\/noticias\/"},{"@type":"ListItem","position":2,"name":"Neg\u00f3cios","item":"https:\/\/www.suno.com.br\/noticias\/negocios\/"},{"@type":"ListItem","position":3,"name":"Carro popular: Localiza (RENT3) prev\u00ea impacto de at\u00e9 R$ 650 milh\u00f5es"}]},{"@type":"WebSite","@id":"https:\/\/www.suno.com.br\/noticias\/#website","url":"https:\/\/www.suno.com.br\/noticias\/","name":"Suno Not\u00edcias","description":"Seu portal de informa\u00e7\u00e3o sobre o mundo dos investimentos","publisher":{"@id":"https:\/\/www.suno.com.br\/noticias\/#organization"},"potentialAction":[{"@type":"SearchAction","target":{"@type":"EntryPoint","urlTemplate":"https:\/\/www.suno.com.br\/noticias\/?s={search_term_string}"},"query-input":{"@type":"PropertyValueSpecification","valueRequired":true,"valueName":"search_term_string"}}],"inLanguage":"pt-BR"},{"@type":"Organization","@id":"https:\/\/www.suno.com.br\/noticias\/#organization","name":"Suno Not\u00edcias","url":"https:\/\/www.suno.com.br\/noticias\/","logo":{"@type":"ImageObject","inLanguage":"pt-BR","@id":"https:\/\/www.suno.com.br\/noticias\/#\/schema\/logo\/image\/","url":"https:\/\/files.sunoresearch.com.br\/n\/uploads\/2021\/09\/suno-logo.png","contentUrl":"https:\/\/files.sunoresearch.com.br\/n\/uploads\/2021\/09\/suno-logo.png","width":180,"height":180,"caption":"Suno Not\u00edcias"},"image":{"@id":"https:\/\/www.suno.com.br\/noticias\/#\/schema\/logo\/image\/"},"sameAs":["https:\/\/facebook.com\/sunoresearch","https:\/\/x.com\/sunoresearch","https:\/\/www.instagram.com\/suno","https:\/\/www.linkedin.com\/company\/suno-research\/","https:\/\/www.youtube.com\/c\/sunoresearch"]},{"@type":"Person","@id":"https:\/\/www.suno.com.br\/noticias\/#\/schema\/person\/217058341e4dbe1f68f3b898b09ca015","name":"Giovanni Porf\u00edrio Jacomino","image":{"@type":"ImageObject","inLanguage":"pt-BR","@id":"https:\/\/www.suno.com.br\/noticias\/#\/schema\/person\/image\/","url":"https:\/\/secure.gravatar.com\/avatar\/bc678fc5559a55f79ada398443281309?s=96&r=g","contentUrl":"https:\/\/secure.gravatar.com\/avatar\/bc678fc5559a55f79ada398443281309?s=96&r=g","caption":"Giovanni Porf\u00edrio Jacomino"},"description":"Giovanni Porf\u00edrio Jacomino \u00e9 jornalista formado pela Universidade Estadual de Londrina (UEL) e p\u00f3s-graduado em Produ\u00e7\u00e3o e Pr\u00e1ticas Jornal\u00edsticas na Contemporaneidade na Faculdade C\u00e1sper L\u00edbero (FCL). Foi editor web no Startupi e no Finsiders, atuando ainda como editor no TC Mover, portal de not\u00edcias da TradersClub, fazendo a cobertura de assuntos relacionados ao mercado financeiro interno e externo. Atualmente, \u00e9 Rep\u00f3rter do Suno Not\u00edcias.","url":"https:\/\/www.suno.com.br\/noticias\/author\/giovanniporfirio01gmail-com\/"}]}},"default_loop_html":"<div class=\"cardsPage__listCard__boxs\"><div class=\"cardsPage__listCard__boxs__img\"><a href=\"https:\/\/www.suno.com.br\/noticias\/carro-popular-localiza-preve-impacto-de-ate-650-milhoes\/\"><img class=\"mask\" src=\"https:\/\/www.suno.com.br\/noticias\/wp-content\/themes\/suno\/resources\/images\/spotlight\/spotlight1img\/bg-mask.png\" alt=\"Image Mask\"\/><img src=\"https:\/\/files.sunoresearch.com.br\/n\/uploads\/2021\/03\/cd7050e1-localiza-400x200.webp\" alt=\"Carro popular: Localiza (RENT3) prev\u00ea impacto de at\u00e9 R$ 650 milh\u00f5es\"\/><\/a><span class=\"spotlightCategory\"><a href=\"https:\/\/www.suno.com.br\/noticias\/negocios\/\">Neg\u00f3cios<\/a><\/span><\/div><div class=\"cardsPage__listCard__boxs__content\"><a href=\"https:\/\/www.suno.com.br\/noticias\/carro-popular-localiza-preve-impacto-de-ate-650-milhoes\/\"><h2 class=\"content__title\">Carro popular: Localiza (RENT3) prev\u00ea impacto de at\u00e9 R$ 650 milh\u00f5es<\/h2><\/a><div class=\"newsContent__article__meta\"><div class=\"newsContent__article__meta__authorBox\"><a href=\"https:\/\/www.suno.com.br\/noticias\/author\/giovanniporfirio01gmail-com\/\" class=\"authorBox__avatar noMobi\"><img src=\"https:\/\/files.sunoresearch.com.br\/n\/uploads\/2023\/07\/WhatsApp-Image-2023-07-10-at-14.08.39-150x150.jpeg\" alt=\"Giovanni Porf\u00edrio Jacomino\"><\/a><div class=\"authorBox__name\"><span>por\n\t\t\t<a href=\"https:\/\/www.suno.com.br\/noticias\/author\/giovanniporfirio01gmail-com\/\"><span itemprop=\"author\">Giovanni Porf\u00edrio Jacomino<\/span><\/a><\/span><time datetime=\"2023-06-10T10:45:29-03:00\" itemprop=\"datePublished\">10\/06\/2023 10:45<\/time><\/div><\/div><\/div><\/div><\/div>","single_layout":"posts","amp_enabled":true,"_links":{"self":[{"href":"https:\/\/www.suno.com.br\/noticias\/wp-json\/wp\/v2\/posts\/415086"}],"collection":[{"href":"https:\/\/www.suno.com.br\/noticias\/wp-json\/wp\/v2\/posts"}],"about":[{"href":"https:\/\/www.suno.com.br\/noticias\/wp-json\/wp\/v2\/types\/post"}],"author":[{"embeddable":true,"href":"https:\/\/www.suno.com.br\/noticias\/wp-json\/wp\/v2\/users\/295"}],"replies":[{"embeddable":true,"href":"https:\/\/www.suno.com.br\/noticias\/wp-json\/wp\/v2\/comments?post=415086"}],"version-history":[{"count":3,"href":"https:\/\/www.suno.com.br\/noticias\/wp-json\/wp\/v2\/posts\/415086\/revisions"}],"predecessor-version":[{"id":415093,"href":"https:\/\/www.suno.com.br\/noticias\/wp-json\/wp\/v2\/posts\/415086\/revisions\/415093"}],"wp:featuredmedia":[{"embeddable":true,"href":"https:\/\/www.suno.com.br\/noticias\/wp-json\/wp\/v2\/media\/130378"}],"wp:attachment":[{"href":"https:\/\/www.suno.com.br\/noticias\/wp-json\/wp\/v2\/media?parent=415086"}],"wp:term":[{"taxonomy":"category","embeddable":true,"href":"https:\/\/www.suno.com.br\/noticias\/wp-json\/wp\/v2\/categories?post=415086"},{"taxonomy":"post_tag","embeddable":true,"href":"https:\/\/www.suno.com.br\/noticias\/wp-json\/wp\/v2\/tags?post=415086"},{"taxonomy":"suno_strategy","embeddable":true,"href":"https:\/\/www.suno.com.br\/noticias\/wp-json\/wp\/v2\/suno_strategy?post=415086"}],"curies":[{"name":"wp","href":"https:\/\/api.w.org\/{rel}","templated":true}]}}