{"id":41505,"date":"2019-10-17T16:07:52","date_gmt":"2019-10-17T19:07:52","guid":{"rendered":"https:\/\/www.suno.com.br\/noticias\/?p=41505"},"modified":"2019-10-18T20:12:43","modified_gmt":"2019-10-18T23:12:43","slug":"saudi-aramco-adia-planejamento-lancamento-ipo","status":"publish","type":"post","link":"https:\/\/www.suno.com.br\/noticias\/saudi-aramco-adia-planejamento-lancamento-ipo\/","title":{"rendered":"Saudi Aramco adia planejamento de lan\u00e7amento de IPO, afirma jornal"},"content":{"rendered":"<p>A <a href=\"https:\/\/www.suno.com.br\/noticias\/saudi-aramco-contrata-9-bancos-maior-oferta-inicial-acoes-historia\/\">Saudi Aramco<\/a> adiou, nesta quinta-feira (17), o planejamento de in\u00edcio de sua <a href=\"https:\/\/www.suno.com.br\/artigos\/ipo\/\"><strong>oferta p\u00fablica inicial (IPO)<\/strong><\/a>. O jornal Financial Times foi quem noticiou a informa\u00e7\u00e3o, inclusive, citando tr\u00eas fontes pr\u00f3ximas ao assunto.<\/p>\t<div class=\"wrapper-featured-image\">\n\t\t<figure class=\"spotlightImg\">\n\n\t\t\t<picture>\n\t\t\t\t<source media=\"(max-width: 768px)\" srcset=\"https:\/\/files.sunoresearch.com.br\/n\/uploads\/2019\/09\/4a93562d-rts11s6y-400x200.webp\">\n\t\t\t\t<img loading=\"lazy\" decoding=\"async\" class=\"newsContent__article__imgCapa lazyloadDisabled newsContent__article__imgCapa--noCaption\" src=\"https:\/\/files.sunoresearch.com.br\/n\/uploads\/2019\/09\/4a93562d-rts11s6y-800x450.webp\" width=\"800\" height=\"450\" alt=\"Saudi Aramco adia planejamento de lan\u00e7amento de IPO, afirma jornal\" fetchpriority=high \/>\n\t\t\t<\/picture>\n\n\t\t\t<figcaption class=\"wp-caption-text wp-caption-text--hide\">Saudi Aramco (Foto: divulga\u00e7\u00e3o)<\/figcaption>\n\t\t<\/figure>\n\t<\/div>\n\n\n\n<p>Ainda segundo a reportagem, a <strong>Saudi Aramco<\/strong> pretende aguardar para que possa divulgar seus recentes lucros trimestrais, por conta da desconfian\u00e7a gerada ap\u00f3s os ataques ocorridos em sua infraestrutura no m\u00eas passado, que acabaram interrompendo a produ\u00e7\u00e3o durante certo tempo.<\/p>\n<h2>IPO da Saudi Aramco<\/h2>\n<p>A Ar\u00e1bia Saudita est\u00e1 concluindo os \u00faltimos detalhes para a listagem da petroleira pertencente ao estado, <strong>Saudi Arabian Oil Co,<\/strong> conhecida mundialmente como <strong>Saudi Aramco.<\/strong> A petroleira \u00e9 a maior do mundo e o pa\u00eds sede da estatal busca avaliar a empresa em US$ 2 trilh\u00f5es.<\/p>\n<p><a href=\"https:\/\/www.suno.com.br\/noticias\/saudi-aramco-avaliada-arabia-saudita-us-2-trilhoes-ipo\/\">Saiba mais: Saudi Aramco pode ser avaliada pela Ar\u00e1bia Saudita em US$ 2 trilh\u00f5es em IPO<\/a><\/p>\n<p>Para chegar a atingir o valor que o pa\u00eds do <strong>Oriente M\u00e9dio<\/strong> quer, a <strong>Saudi<\/strong> <strong>Aramco<\/strong> est\u00e1 sendo &#8216;ofertada&#8217; pelos sauditas aos investidores de varejo e aos magnatas locais.<\/p>\n<p>Dois banqueiros, que vivem no pa\u00eds da maior estatal petroleira, afirmaram que o comit\u00ea do governo local se encontrou com dezenas de sauditas ricos para confirmar acordo de pr\u00e9-venda.<\/p>\n<p>A <strong>Ar\u00e1bia Saudita<\/strong> pode anunciar na pr\u00f3xima semana o seu plano de inserir no mercado uma parte entre 1% e 2% da companhia no mercado local (Tadawul) antes da planejada listagem internacional.<\/p>\n\t<p>\n\t\t<a href=\"https:\/\/lp.suno.com.br\/planilha-de-controle-de-investimentos\/\" target=\"_blank\" data-element=\"shortcode-suno-banner\" title=\"Banner SUNO, clique e saiba mais\">\n\t\t\t<picture>\n\t\t\t\t<source media=\"(max-width: 500px)\" srcset=\"https:\/\/files.sunoresearch.com.br\/n\/uploads\/2023\/03\/400x300-Controle-de-Investimentos.png\">\n\t\t\t\t<img class=\"newsContent__article__imgCapa newsContent__article__imgCapa--banner\"\n\t\t\t\t\tsrc=\"https:\/\/files.sunoresearch.com.br\/n\/uploads\/2023\/03\/1420x240-Controle-de-Investimentos.png\"\n\t\t\t\t\tdata-promo-id=\"75934\"\t\t\t\t\t\t\t\t\t\twidth='1420' height='240'\t\t\t\t\talt=\"https:\/\/files.sunoresearch.com.br\/n\/uploads\/2023\/03\/1420x240-Controle-de-Investimentos.png\"\n\t\t\t\t>\n\t\t\t<\/picture>\n\t\t<\/a>\n\t<\/p>\n\n\n<p>Caso o IPO da\u00a0petroleira levante mais de US$ 25 bilh\u00f5es de d\u00f3lares, ele ultrapassar\u00e1 o da <strong>Alibaba,<\/strong> realizado em 2014, e se tornar\u00e1 o maior do mundo.<\/p>\n<p>\u201cEntre o entusiasmo nacional dos sauditas pela empresa e o incentivo do governo para investimento na <strong>Aramco, Tadawul<\/strong> deve dar \u00e0 Aramco a melhor oportunidade para avaliar a companhia a valores mais elevados.\u201d, disse a presidente da <strong>Transversal Consulting,<\/strong> Ellen R. Wald, que escreveu o livro \u201cSaudi Inc.\u201d.<\/p>\n<p><a href=\"https:\/\/www.suno.com.br\/noticias\/brexit-reino-unido-saida-uniao-europeia\/\">Veja tamb\u00e9m: N\u00e3o h\u00e1 necessidade de prorroga\u00e7\u00e3o do Brexit, diz presidente da CE<\/a><\/p>\n<p>No dia 25 de outubro, a <strong>Saudi Aramco<\/strong> deve publicar um relat\u00f3rio sobre sua abertura de capital. Al\u00e9m disso, a petroleira tamb\u00e9m realizar\u00e1 um <strong>roadshow<\/strong> para investidores antes de novembro. As informa\u00e7\u00f5es s\u00e3o do &#8220;The Wall Street Journal&#8221;.<\/p>\n","protected":false},"excerpt":{"rendered":"<p>A Saudi Aramco adiou, nesta quinta-feira (17), o planejamento de in\u00edcio de sua oferta p\u00fablica inicial (IPO). O jornal Financial Times foi quem noticiou a informa\u00e7\u00e3o, inclusive, citando tr\u00eas fontes pr\u00f3ximas ao assunto. Saudi Aramco (Foto: divulga\u00e7\u00e3o) Ainda segundo a reportagem, a Saudi Aramco pretende aguardar para que possa divulgar seus recentes lucros trimestrais, por [&hellip;]<\/p>\n","protected":false},"author":23,"featured_media":37193,"comment_status":"closed","ping_status":"closed","sticky":false,"template":"","format":"standard","meta":[],"categories":[64],"tags":[960,319,766,1981],"suno_strategy":[],"class_list":["post-41505","post","type-post","status-publish","format-standard","has-post-thumbnail","hentry","category-negocios","tag-arabia-saudita","tag-ipo-oferta-inicial-de-acoes","tag-petroleo","tag-saudi-aramco"],"yoast_head":"<!-- This site is optimized with the Yoast SEO plugin v24.4 - https:\/\/yoast.com\/wordpress\/plugins\/seo\/ -->\n<title>Saudi Aramco adia planejamento de lan\u00e7amento de IPO, afirma jornal<\/title>\n<meta name=\"description\" content=\"A Saudi Aramco adiou o planejamento de in\u00edcio de sua oferta p\u00fablica inicial (IPO). Clique aqui para saber mais.\" \/>\n<meta name=\"robots\" content=\"index, follow, max-snippet:-1, max-image-preview:large, max-video-preview:-1\" \/>\n<link rel=\"canonical\" href=\"https:\/\/www.suno.com.br\/noticias\/saudi-aramco-adia-planejamento-lancamento-ipo\/\" \/>\n<meta property=\"og:locale\" content=\"pt_BR\" \/>\n<meta property=\"og:type\" content=\"article\" \/>\n<meta property=\"og:title\" content=\"Saudi Aramco adia planejamento de lan\u00e7amento de IPO, afirma jornal\" \/>\n<meta property=\"og:description\" content=\"A Saudi Aramco adiou o planejamento de in\u00edcio de sua oferta p\u00fablica inicial (IPO). Clique aqui para saber mais.\" \/>\n<meta property=\"og:url\" content=\"https:\/\/www.suno.com.br\/noticias\/saudi-aramco-adia-planejamento-lancamento-ipo\/\" \/>\n<meta property=\"og:site_name\" content=\"Suno Not\u00edcias\" \/>\n<meta property=\"article:publisher\" content=\"https:\/\/facebook.com\/sunoresearch\" \/>\n<meta property=\"og:image\" content=\"https:\/\/files.sunoresearch.com.br\/n\/uploads\/2019\/09\/4a93562d-rts11s6y.jpg\" \/>\n\t<meta property=\"og:image:width\" content=\"2500\" \/>\n\t<meta property=\"og:image:height\" content=\"1305\" \/>\n\t<meta property=\"og:image:type\" content=\"image\/jpeg\" \/>\n<meta name=\"author\" content=\"Rafael Lara\" \/>\n<meta name=\"twitter:card\" content=\"summary_large_image\" \/>\n<meta name=\"twitter:creator\" content=\"@sunoresearch\" \/>\n<meta name=\"twitter:site\" content=\"@sunoresearch\" \/>\n<meta name=\"twitter:label1\" content=\"Escrito por\" \/>\n\t<meta name=\"twitter:data1\" content=\"Rafael Lara\" \/>\n\t<meta name=\"twitter:label2\" content=\"Est. tempo de leitura\" \/>\n\t<meta name=\"twitter:data2\" content=\"2 minutos\" \/>\n<script type=\"application\/ld+json\" class=\"yoast-schema-graph\">{\"@context\":\"https:\/\/schema.org\",\"@graph\":[{\"@type\":\"NewsArticle\",\"@id\":\"https:\/\/www.suno.com.br\/noticias\/saudi-aramco-adia-planejamento-lancamento-ipo\/#article\",\"isPartOf\":{\"@id\":\"https:\/\/www.suno.com.br\/noticias\/saudi-aramco-adia-planejamento-lancamento-ipo\/\"},\"author\":{\"name\":\"Rafael Lara\",\"@id\":\"https:\/\/www.suno.com.br\/noticias\/#\/schema\/person\/098743caeed97b37f51315c9576c4078\"},\"headline\":\"Saudi Aramco adia planejamento de lan\u00e7amento de IPO, afirma jornal\",\"datePublished\":\"2019-10-17T19:07:52+00:00\",\"dateModified\":\"2019-10-18T23:12:43+00:00\",\"mainEntityOfPage\":{\"@id\":\"https:\/\/www.suno.com.br\/noticias\/saudi-aramco-adia-planejamento-lancamento-ipo\/\"},\"wordCount\":392,\"publisher\":{\"@id\":\"https:\/\/www.suno.com.br\/noticias\/#organization\"},\"image\":{\"@id\":\"https:\/\/www.suno.com.br\/noticias\/saudi-aramco-adia-planejamento-lancamento-ipo\/#primaryimage\"},\"thumbnailUrl\":\"https:\/\/files.sunoresearch.com.br\/n\/uploads\/2019\/09\/4a93562d-rts11s6y-jpg.webp\",\"keywords\":[\"Ar\u00e1bia Saudita\",\"IPO (Oferta Inicial de A\u00e7\u00f5es)\",\"Petr\u00f3leo\",\"Saudi Aramco\"],\"articleSection\":[\"Neg\u00f3cios\"],\"inLanguage\":\"pt-BR\"},{\"@type\":\"WebPage\",\"@id\":\"https:\/\/www.suno.com.br\/noticias\/saudi-aramco-adia-planejamento-lancamento-ipo\/\",\"url\":\"https:\/\/www.suno.com.br\/noticias\/saudi-aramco-adia-planejamento-lancamento-ipo\/\",\"name\":\"Saudi Aramco adia planejamento de lan\u00e7amento de IPO, afirma jornal\",\"isPartOf\":{\"@id\":\"https:\/\/www.suno.com.br\/noticias\/#website\"},\"primaryImageOfPage\":{\"@id\":\"https:\/\/www.suno.com.br\/noticias\/saudi-aramco-adia-planejamento-lancamento-ipo\/#primaryimage\"},\"image\":{\"@id\":\"https:\/\/www.suno.com.br\/noticias\/saudi-aramco-adia-planejamento-lancamento-ipo\/#primaryimage\"},\"thumbnailUrl\":\"https:\/\/files.sunoresearch.com.br\/n\/uploads\/2019\/09\/4a93562d-rts11s6y-jpg.webp\",\"datePublished\":\"2019-10-17T19:07:52+00:00\",\"dateModified\":\"2019-10-18T23:12:43+00:00\",\"description\":\"A Saudi Aramco adiou o planejamento de in\u00edcio de sua oferta p\u00fablica inicial (IPO). Clique aqui para saber mais.\",\"breadcrumb\":{\"@id\":\"https:\/\/www.suno.com.br\/noticias\/saudi-aramco-adia-planejamento-lancamento-ipo\/#breadcrumb\"},\"inLanguage\":\"pt-BR\",\"potentialAction\":[{\"@type\":\"ReadAction\",\"target\":[\"https:\/\/www.suno.com.br\/noticias\/saudi-aramco-adia-planejamento-lancamento-ipo\/\"]}]},{\"@type\":\"ImageObject\",\"inLanguage\":\"pt-BR\",\"@id\":\"https:\/\/www.suno.com.br\/noticias\/saudi-aramco-adia-planejamento-lancamento-ipo\/#primaryimage\",\"url\":\"https:\/\/files.sunoresearch.com.br\/n\/uploads\/2019\/09\/4a93562d-rts11s6y-jpg.webp\",\"contentUrl\":\"https:\/\/files.sunoresearch.com.br\/n\/uploads\/2019\/09\/4a93562d-rts11s6y-jpg.webp\",\"width\":2500,\"height\":1305,\"caption\":\"Saudi Aramco (Foto: divulga\u00e7\u00e3o)\"},{\"@type\":\"BreadcrumbList\",\"@id\":\"https:\/\/www.suno.com.br\/noticias\/saudi-aramco-adia-planejamento-lancamento-ipo\/#breadcrumb\",\"itemListElement\":[{\"@type\":\"ListItem\",\"position\":1,\"name\":\"Not\u00edcias\",\"item\":\"https:\/\/www.suno.com.br\/noticias\/\"},{\"@type\":\"ListItem\",\"position\":2,\"name\":\"Neg\u00f3cios\",\"item\":\"https:\/\/www.suno.com.br\/noticias\/negocios\/\"},{\"@type\":\"ListItem\",\"position\":3,\"name\":\"Saudi Aramco adia planejamento de lan\u00e7amento de IPO, afirma jornal\"}]},{\"@type\":\"WebSite\",\"@id\":\"https:\/\/www.suno.com.br\/noticias\/#website\",\"url\":\"https:\/\/www.suno.com.br\/noticias\/\",\"name\":\"Suno Not\u00edcias\",\"description\":\"Seu portal de informa\u00e7\u00e3o sobre o mundo dos investimentos\",\"publisher\":{\"@id\":\"https:\/\/www.suno.com.br\/noticias\/#organization\"},\"potentialAction\":[{\"@type\":\"SearchAction\",\"target\":{\"@type\":\"EntryPoint\",\"urlTemplate\":\"https:\/\/www.suno.com.br\/noticias\/?s={search_term_string}\"},\"query-input\":{\"@type\":\"PropertyValueSpecification\",\"valueRequired\":true,\"valueName\":\"search_term_string\"}}],\"inLanguage\":\"pt-BR\"},{\"@type\":\"Organization\",\"@id\":\"https:\/\/www.suno.com.br\/noticias\/#organization\",\"name\":\"Suno Not\u00edcias\",\"url\":\"https:\/\/www.suno.com.br\/noticias\/\",\"logo\":{\"@type\":\"ImageObject\",\"inLanguage\":\"pt-BR\",\"@id\":\"https:\/\/www.suno.com.br\/noticias\/#\/schema\/logo\/image\/\",\"url\":\"https:\/\/files.sunoresearch.com.br\/n\/uploads\/2021\/09\/suno-logo.png\",\"contentUrl\":\"https:\/\/files.sunoresearch.com.br\/n\/uploads\/2021\/09\/suno-logo.png\",\"width\":180,\"height\":180,\"caption\":\"Suno Not\u00edcias\"},\"image\":{\"@id\":\"https:\/\/www.suno.com.br\/noticias\/#\/schema\/logo\/image\/\"},\"sameAs\":[\"https:\/\/facebook.com\/sunoresearch\",\"https:\/\/x.com\/sunoresearch\",\"https:\/\/www.instagram.com\/suno\",\"https:\/\/www.linkedin.com\/company\/suno-research\/\",\"https:\/\/www.youtube.com\/c\/sunoresearch\"]},{\"@type\":\"Person\",\"@id\":\"https:\/\/www.suno.com.br\/noticias\/#\/schema\/person\/098743caeed97b37f51315c9576c4078\",\"name\":\"Rafael Lara\",\"image\":{\"@type\":\"ImageObject\",\"inLanguage\":\"pt-BR\",\"@id\":\"https:\/\/www.suno.com.br\/noticias\/#\/schema\/person\/image\/\",\"url\":\"https:\/\/secure.gravatar.com\/avatar\/dfc254ab9bb2ea1895d98b9e9dae4bdd?s=96&r=g\",\"contentUrl\":\"https:\/\/secure.gravatar.com\/avatar\/dfc254ab9bb2ea1895d98b9e9dae4bdd?s=96&r=g\",\"caption\":\"Rafael Lara\"},\"description\":\"Rafael Lara cursa jornalismo na Faculdade C\u00e1sper L\u00edbero. Escreve sobre pol\u00edtica, economia e neg\u00f3cios para o portal Suno Not\u00edcias. Antes, colaborou na TV Gazeta na produ\u00e7\u00e3o do programa Edi\u00e7\u00e3o Extra.\",\"url\":\"https:\/\/www.suno.com.br\/noticias\/author\/rafael\/\"}]}<\/script>\n<!-- \/ Yoast SEO plugin. -->","yoast_head_json":{"title":"Saudi Aramco adia planejamento de lan\u00e7amento de IPO, afirma jornal","description":"A Saudi Aramco adiou o planejamento de in\u00edcio de sua oferta p\u00fablica inicial (IPO). Clique aqui para saber mais.","robots":{"index":"index","follow":"follow","max-snippet":"max-snippet:-1","max-image-preview":"max-image-preview:large","max-video-preview":"max-video-preview:-1"},"canonical":"https:\/\/www.suno.com.br\/noticias\/saudi-aramco-adia-planejamento-lancamento-ipo\/","og_locale":"pt_BR","og_type":"article","og_title":"Saudi Aramco adia planejamento de lan\u00e7amento de IPO, afirma jornal","og_description":"A Saudi Aramco adiou o planejamento de in\u00edcio de sua oferta p\u00fablica inicial (IPO). Clique aqui para saber mais.","og_url":"https:\/\/www.suno.com.br\/noticias\/saudi-aramco-adia-planejamento-lancamento-ipo\/","og_site_name":"Suno Not\u00edcias","article_publisher":"https:\/\/facebook.com\/sunoresearch","og_image":[{"width":2500,"height":1305,"url":"https:\/\/files.sunoresearch.com.br\/n\/uploads\/2019\/09\/4a93562d-rts11s6y.jpg","type":"image\/jpeg"}],"author":"Rafael Lara","twitter_card":"summary_large_image","twitter_creator":"@sunoresearch","twitter_site":"@sunoresearch","twitter_misc":{"Escrito por":"Rafael Lara","Est. tempo de leitura":"2 minutos"},"schema":{"@context":"https:\/\/schema.org","@graph":[{"@type":"NewsArticle","@id":"https:\/\/www.suno.com.br\/noticias\/saudi-aramco-adia-planejamento-lancamento-ipo\/#article","isPartOf":{"@id":"https:\/\/www.suno.com.br\/noticias\/saudi-aramco-adia-planejamento-lancamento-ipo\/"},"author":{"name":"Rafael Lara","@id":"https:\/\/www.suno.com.br\/noticias\/#\/schema\/person\/098743caeed97b37f51315c9576c4078"},"headline":"Saudi Aramco adia planejamento de lan\u00e7amento de IPO, afirma jornal","datePublished":"2019-10-17T19:07:52+00:00","dateModified":"2019-10-18T23:12:43+00:00","mainEntityOfPage":{"@id":"https:\/\/www.suno.com.br\/noticias\/saudi-aramco-adia-planejamento-lancamento-ipo\/"},"wordCount":392,"publisher":{"@id":"https:\/\/www.suno.com.br\/noticias\/#organization"},"image":{"@id":"https:\/\/www.suno.com.br\/noticias\/saudi-aramco-adia-planejamento-lancamento-ipo\/#primaryimage"},"thumbnailUrl":"https:\/\/files.sunoresearch.com.br\/n\/uploads\/2019\/09\/4a93562d-rts11s6y-jpg.webp","keywords":["Ar\u00e1bia Saudita","IPO (Oferta Inicial de A\u00e7\u00f5es)","Petr\u00f3leo","Saudi Aramco"],"articleSection":["Neg\u00f3cios"],"inLanguage":"pt-BR"},{"@type":"WebPage","@id":"https:\/\/www.suno.com.br\/noticias\/saudi-aramco-adia-planejamento-lancamento-ipo\/","url":"https:\/\/www.suno.com.br\/noticias\/saudi-aramco-adia-planejamento-lancamento-ipo\/","name":"Saudi Aramco adia planejamento de lan\u00e7amento de IPO, afirma jornal","isPartOf":{"@id":"https:\/\/www.suno.com.br\/noticias\/#website"},"primaryImageOfPage":{"@id":"https:\/\/www.suno.com.br\/noticias\/saudi-aramco-adia-planejamento-lancamento-ipo\/#primaryimage"},"image":{"@id":"https:\/\/www.suno.com.br\/noticias\/saudi-aramco-adia-planejamento-lancamento-ipo\/#primaryimage"},"thumbnailUrl":"https:\/\/files.sunoresearch.com.br\/n\/uploads\/2019\/09\/4a93562d-rts11s6y-jpg.webp","datePublished":"2019-10-17T19:07:52+00:00","dateModified":"2019-10-18T23:12:43+00:00","description":"A Saudi Aramco adiou o planejamento de in\u00edcio de sua oferta p\u00fablica inicial (IPO). Clique aqui para saber mais.","breadcrumb":{"@id":"https:\/\/www.suno.com.br\/noticias\/saudi-aramco-adia-planejamento-lancamento-ipo\/#breadcrumb"},"inLanguage":"pt-BR","potentialAction":[{"@type":"ReadAction","target":["https:\/\/www.suno.com.br\/noticias\/saudi-aramco-adia-planejamento-lancamento-ipo\/"]}]},{"@type":"ImageObject","inLanguage":"pt-BR","@id":"https:\/\/www.suno.com.br\/noticias\/saudi-aramco-adia-planejamento-lancamento-ipo\/#primaryimage","url":"https:\/\/files.sunoresearch.com.br\/n\/uploads\/2019\/09\/4a93562d-rts11s6y-jpg.webp","contentUrl":"https:\/\/files.sunoresearch.com.br\/n\/uploads\/2019\/09\/4a93562d-rts11s6y-jpg.webp","width":2500,"height":1305,"caption":"Saudi Aramco (Foto: divulga\u00e7\u00e3o)"},{"@type":"BreadcrumbList","@id":"https:\/\/www.suno.com.br\/noticias\/saudi-aramco-adia-planejamento-lancamento-ipo\/#breadcrumb","itemListElement":[{"@type":"ListItem","position":1,"name":"Not\u00edcias","item":"https:\/\/www.suno.com.br\/noticias\/"},{"@type":"ListItem","position":2,"name":"Neg\u00f3cios","item":"https:\/\/www.suno.com.br\/noticias\/negocios\/"},{"@type":"ListItem","position":3,"name":"Saudi Aramco adia planejamento de lan\u00e7amento de IPO, afirma jornal"}]},{"@type":"WebSite","@id":"https:\/\/www.suno.com.br\/noticias\/#website","url":"https:\/\/www.suno.com.br\/noticias\/","name":"Suno Not\u00edcias","description":"Seu portal de informa\u00e7\u00e3o sobre o mundo dos investimentos","publisher":{"@id":"https:\/\/www.suno.com.br\/noticias\/#organization"},"potentialAction":[{"@type":"SearchAction","target":{"@type":"EntryPoint","urlTemplate":"https:\/\/www.suno.com.br\/noticias\/?s={search_term_string}"},"query-input":{"@type":"PropertyValueSpecification","valueRequired":true,"valueName":"search_term_string"}}],"inLanguage":"pt-BR"},{"@type":"Organization","@id":"https:\/\/www.suno.com.br\/noticias\/#organization","name":"Suno Not\u00edcias","url":"https:\/\/www.suno.com.br\/noticias\/","logo":{"@type":"ImageObject","inLanguage":"pt-BR","@id":"https:\/\/www.suno.com.br\/noticias\/#\/schema\/logo\/image\/","url":"https:\/\/files.sunoresearch.com.br\/n\/uploads\/2021\/09\/suno-logo.png","contentUrl":"https:\/\/files.sunoresearch.com.br\/n\/uploads\/2021\/09\/suno-logo.png","width":180,"height":180,"caption":"Suno Not\u00edcias"},"image":{"@id":"https:\/\/www.suno.com.br\/noticias\/#\/schema\/logo\/image\/"},"sameAs":["https:\/\/facebook.com\/sunoresearch","https:\/\/x.com\/sunoresearch","https:\/\/www.instagram.com\/suno","https:\/\/www.linkedin.com\/company\/suno-research\/","https:\/\/www.youtube.com\/c\/sunoresearch"]},{"@type":"Person","@id":"https:\/\/www.suno.com.br\/noticias\/#\/schema\/person\/098743caeed97b37f51315c9576c4078","name":"Rafael Lara","image":{"@type":"ImageObject","inLanguage":"pt-BR","@id":"https:\/\/www.suno.com.br\/noticias\/#\/schema\/person\/image\/","url":"https:\/\/secure.gravatar.com\/avatar\/dfc254ab9bb2ea1895d98b9e9dae4bdd?s=96&r=g","contentUrl":"https:\/\/secure.gravatar.com\/avatar\/dfc254ab9bb2ea1895d98b9e9dae4bdd?s=96&r=g","caption":"Rafael Lara"},"description":"Rafael Lara cursa jornalismo na Faculdade C\u00e1sper L\u00edbero. Escreve sobre pol\u00edtica, economia e neg\u00f3cios para o portal Suno Not\u00edcias. Antes, colaborou na TV Gazeta na produ\u00e7\u00e3o do programa Edi\u00e7\u00e3o Extra.","url":"https:\/\/www.suno.com.br\/noticias\/author\/rafael\/"}]}},"default_loop_html":"<div class=\"cardsPage__listCard__boxs\"><div class=\"cardsPage__listCard__boxs__img\"><a href=\"https:\/\/www.suno.com.br\/noticias\/saudi-aramco-adia-planejamento-lancamento-ipo\/\"><img class=\"mask\" src=\"https:\/\/www.suno.com.br\/noticias\/wp-content\/themes\/suno\/resources\/images\/spotlight\/spotlight1img\/bg-mask.png\" alt=\"Image Mask\"\/><img src=\"https:\/\/files.sunoresearch.com.br\/n\/uploads\/2019\/09\/4a93562d-rts11s6y-400x200.webp\" alt=\"Saudi Aramco adia planejamento de lan\u00e7amento de IPO, afirma jornal\"\/><\/a><span class=\"spotlightCategory\"><a href=\"https:\/\/www.suno.com.br\/noticias\/negocios\/\">Neg\u00f3cios<\/a><\/span><\/div><div class=\"cardsPage__listCard__boxs__content\"><a href=\"https:\/\/www.suno.com.br\/noticias\/saudi-aramco-adia-planejamento-lancamento-ipo\/\"><h2 class=\"content__title\">Saudi Aramco adia planejamento de lan\u00e7amento de IPO, afirma jornal<\/h2><\/a><div class=\"newsContent__article__meta\"><div class=\"newsContent__article__meta__authorBox\"><a href=\"https:\/\/www.suno.com.br\/noticias\/author\/rafael\/\" class=\"authorBox__avatar noMobi\"><img src=\"https:\/\/secure.gravatar.com\/avatar\/dfc254ab9bb2ea1895d98b9e9dae4bdd?s=96&#038;r=g\" alt=\"Rafael Lara\"><\/a><div class=\"authorBox__name\"><span>por\n\t\t\t<a href=\"https:\/\/www.suno.com.br\/noticias\/author\/rafael\/\"><span itemprop=\"author\">Rafael Lara<\/span><\/a><\/span><time datetime=\"2019-10-17T16:07:52-03:00\" itemprop=\"datePublished\">17\/10\/2019 16:07<\/time><\/div><\/div><\/div><\/div><\/div>","single_layout":"posts","amp_enabled":true,"_links":{"self":[{"href":"https:\/\/www.suno.com.br\/noticias\/wp-json\/wp\/v2\/posts\/41505"}],"collection":[{"href":"https:\/\/www.suno.com.br\/noticias\/wp-json\/wp\/v2\/posts"}],"about":[{"href":"https:\/\/www.suno.com.br\/noticias\/wp-json\/wp\/v2\/types\/post"}],"author":[{"embeddable":true,"href":"https:\/\/www.suno.com.br\/noticias\/wp-json\/wp\/v2\/users\/23"}],"replies":[{"embeddable":true,"href":"https:\/\/www.suno.com.br\/noticias\/wp-json\/wp\/v2\/comments?post=41505"}],"version-history":[{"count":0,"href":"https:\/\/www.suno.com.br\/noticias\/wp-json\/wp\/v2\/posts\/41505\/revisions"}],"wp:featuredmedia":[{"embeddable":true,"href":"https:\/\/www.suno.com.br\/noticias\/wp-json\/wp\/v2\/media\/37193"}],"wp:attachment":[{"href":"https:\/\/www.suno.com.br\/noticias\/wp-json\/wp\/v2\/media?parent=41505"}],"wp:term":[{"taxonomy":"category","embeddable":true,"href":"https:\/\/www.suno.com.br\/noticias\/wp-json\/wp\/v2\/categories?post=41505"},{"taxonomy":"post_tag","embeddable":true,"href":"https:\/\/www.suno.com.br\/noticias\/wp-json\/wp\/v2\/tags?post=41505"},{"taxonomy":"suno_strategy","embeddable":true,"href":"https:\/\/www.suno.com.br\/noticias\/wp-json\/wp\/v2\/suno_strategy?post=41505"}],"curies":[{"name":"wp","href":"https:\/\/api.w.org\/{rel}","templated":true}]}}