{"id":414679,"date":"2023-06-09T09:35:09","date_gmt":"2023-06-09T12:35:09","guid":{"rendered":"https:\/\/www.suno.com.br\/noticias\/?p=414679"},"modified":"2023-06-09T09:59:44","modified_gmt":"2023-06-09T12:59:44","slug":"cvc-cvcb3-oferta-de-acoes-contrata-bancos","status":"publish","type":"post","link":"https:\/\/www.suno.com.br\/noticias\/cvc-cvcb3-oferta-de-acoes-contrata-bancos\/","title":{"rendered":"CVC (CVCB3) contrata bancos para oferta de a\u00e7\u00f5es de R$ 200 milh\u00f5es"},"content":{"rendered":"<p>A <strong>CVC<\/strong> (<a href=\"https:\/\/www.suno.com.br\/acoes\/cvcb3\" target=\"_blank\" rel=\"noreferrer noopener\">CVCB3<\/a>) se pronunciou sua potencial oferta de a\u00e7\u00f5es, <a href=\"https:\/\/api.mziq.com\/mzfilemanager\/v2\/d\/3170bc85-4692-44d1-a2bd-c1d17ab99839\/984f0159-de73-da98-2746-01bcbe992ff9?origin=1\" target=\"_blank\" rel=\"noreferrer noopener\">comunicando que contratou o Citigroup e Ita\u00fa BBA para coordena\u00e7\u00e3o do follow-on<\/a>.<\/p><div class=\"videoFull \">\n\t\t\t<div class=\"videoWrapper yt-lazyload center\"\n\t\t\t\tdata-width=\"960\"\n\t\t\t\tdata-height=\"540\"\n\t\t\t\tdata-id=\"tMyyzkJtKio\"\n\t\t\t\tdata-alt=\"V\u00eddeo do YouTube - clique para reproduzir\"\n\t\t\t\tdata-logo=\"3\"\n\t\t\t\tdata-imagequality=\"maxres\">\n\t\t\t<\/div>\n\t\t<\/div><script type=\"application\/ld+json\">{\"@context\":\"https:\/\/schema.org\",\"@type\":\"VideoObject\",\"name\":\"Ibovespa disparando: estamos em bull market? | Petrobras (PETR4) sobe 3% | Ita\u00fasa vende a\u00e7\u00f5es da XP\",\"description\":\"#bullmarket #petrobras #mercadofinanceiro #petr4 #petr3 #ita\u00fasa #itsa4 #xp #xpbr31 #investimentos #bolsadevalores #ibovespa #d\u00f3lar #livedas19h O Ibovespa encerrou a sess\u00e3o de hoje (7) com uma nova alta, a 5\u00aa seguida. Dessa vez, o \u00edndice de a\u00e7\u00f5es brasileiras subiu 0,77%, aos 115.488 pontos. A m\u00e1xima do dia foi de 115.978,12 pontos, enquanto a m\u00ednima alcan\u00e7ada foi de\u2026\",\"duration\":\"PT47M49S\",\"embedUrl\":\"https:\/\/www.youtube.com\/embed\/tMyyzkJtKio\",\"regionsAllowed\":\"pt-BR\",\"interactionStatistic\":{\"@type\":\"InteractionCounter\",\"interactionType\":{\"@type\":\"WatchAction\"},\"userInteractionCount\":3370},\"thumbnailUrl\":\"https:\/\/i.ytimg.com\/vi\/tMyyzkJtKio\/default.jpg\",\"uploadDate\":\"2023-06-07T22:54:00Z\"}<\/script>\n\n\n\n\n\n\n\t<p>\n\t\t<a href=\"\" target=\"_blank\" data-element=\"shortcode-suno-banner\" title=\"Banner SUNO, clique e saiba mais\">\n\t\t\t<picture>\n\t\t\t\t<source media=\"(max-width: 500px)\" srcset=\"\">\n\t\t\t\t<img class=\"newsContent__article__imgCapa newsContent__article__imgCapa--banner\"\n\t\t\t\t\tsrc=\"\"\n\t\t\t\t\tdata-promo-id=\"265408\"\t\t\t\t\t\t\t\t\t\t\t\t\t\t\talt=\"\"\n\t\t\t\t>\n\t\t\t<\/picture>\n\t\t<\/a>\n\t<\/p>\n\n\n\n\n\n<p>A CVC quer captar pelo menos R$ 200 milh\u00f5es em uma oferta que deve permitir a entrega de \u201cb\u00f4nus de subscri\u00e7\u00e3o\u201d.<\/p>\n\n\n\n<p>Vale lembrar que a empresa poder\u00e1 adicionar lotes de a\u00e7\u00f5es de forma suplementar no \u00e2mbito da <strong>oferta de a\u00e7\u00f5es<\/strong>.<\/p>\n\n\n\n<p>A potencial oferta conduzida pela empresa \u00e9 uma contrapartida a recente inje\u00e7\u00e3o de capital pelo antigo controlador da empresa e fundador da mesma, Guilherme Paulus.<\/p>\n\n\n\n<p>O investidor, por meio do seu fundo, o GJP Investimentos, fez um aporte de R$ 75 milh\u00f5es.<\/p>\n\n\n\n<p>&#8220;No \u00e2mbito da Potencial Oferta, a Companhia pretende emitir b\u00f4nus de subscri\u00e7\u00e3o como vantagem adicional, sendo que cada b\u00f4nus de subscri\u00e7\u00e3o dar\u00e1 o direito ao investidor de subscrever uma nova a\u00e7\u00e3o no prazo e pelo pre\u00e7o a serem determinados pela CVC&#8221;, diz a companhia sobre a sua oferta.<\/p>\n\n\n\t<p>\n\t\t<a href=\"https:\/\/lp.suno.com.br\/suno-one\/?utm_campaign=_SNC6964518A_\" target=\"_blank\" data-element=\"shortcode-suno-banner\" title=\"Banner SUNO, clique e saiba mais\">\n\t\t\t<picture>\n\t\t\t\t<source media=\"(max-width: 500px)\" srcset=\"https:\/\/files.sunoresearch.com.br\/n\/uploads\/2025\/09\/400x300-Suno-One-png.webp\">\n\t\t\t\t<img class=\"newsContent__article__imgCapa newsContent__article__imgCapa--banner\"\n\t\t\t\t\tsrc=\"https:\/\/files.sunoresearch.com.br\/n\/uploads\/2025\/09\/1420x240-Suno-One-png.webp\"\n\t\t\t\t\tdata-promo-id=\"383121\"\t\t\t\t\t\t\t\t\t\twidth='1420' height='240'\t\t\t\t\talt=\"https:\/\/files.sunoresearch.com.br\/n\/uploads\/2025\/09\/1420x240-Suno-One-png.webp\"\n\t\t\t\t>\n\t\t\t<\/picture>\n\t\t<\/a>\n\t<\/p>\n\n\n\n\n\n<h2 class=\"wp-block-heading\">CVC elege Fabio Godinho como novo CEO<\/h2>\n\n\n\n<p>Nove dias ap\u00f3s anunciar a sa\u00edda de Leonel Andrade no comando da empresa, a CVC elegeu um novo CEO.<\/p>\n\n\n\n<p>O Conselho de Administra\u00e7\u00e3o escolheu o executivo Fabio Martinelli Godinho para ocupar o principal cargo da companhia, segundo informou via <a class=\"suno-keyword\" data-force=\"no\" data-priority=\"1\" href=\"https:\/\/www.suno.com.br\/artigos\/fato-relevante\/\" target=\"_blank\" rel=\"noopener\">Fato Relevante<\/a> ainda no in\u00edcio de junho.<\/p>\n\n\n\n<p>&#8220;Godinho atuou na CVC Viagens como diretor de Novos Neg\u00f3cios em 2008, participando ativamente do deal com o Carlyle Group e mais tarde como vice-presidente de produtos e marketing da operadora, com participa\u00e7\u00e3o ativa na prepara\u00e7\u00e3o para o IPO da empresa em dezembro de 2013&#8221;, conta o Fato Relevante.<\/p>\n\n\n\n<p>\u00c0 \u00e9poca a operadora confirmou tamb\u00e9m o aporte de R$ 75 milh\u00f5es do fundador da CVC.<\/p>\n\n\n\n<p>Nesta sexta, em comunicado ao mercado antes da abertura do preg\u00e3o, a CVC j\u00e1 havia se manifestado a respeito da oferta, ap\u00f3s mat\u00e9ria publicada pelo Brazil Journal no dia 1\u00ba. <\/p>\n\n\n\n<p>A reportagem dizia que a empresa estaria negociando com Paulus um <a class=\"suno-keyword\" data-force=\"no\" data-priority=\"1\" href=\"https:\/\/www.suno.com.br\/artigos\/aumento-capital\/\" target=\"_blank\" rel=\"noopener\">aumento de capital<\/a> de cerca de R$ 300 milh\u00f5es.&nbsp;As a\u00e7\u00f5es da <strong>CVC <\/strong>reagiram \u00e0 not\u00edcia em forte alta, mas acabaram fechando em queda de 0,82%.<\/p>\n\n\n\t<p>\n\t\t<a href=\"https:\/\/lp.suno.com.br\/plataforma-de-controle-de-investimentos\/\" target=\"_blank\" data-element=\"shortcode-suno-banner\" title=\"Banner SUNO, clique e saiba mais\">\n\t\t\t<picture>\n\t\t\t\t<source media=\"(max-width: 500px)\" srcset=\"https:\/\/files.sunoresearch.com.br\/n\/uploads\/2023\/03\/400x300-Controle-de-Investimentos.png\">\n\t\t\t\t<img class=\"newsContent__article__imgCapa newsContent__article__imgCapa--banner\"\n\t\t\t\t\tsrc=\"https:\/\/files.sunoresearch.com.br\/n\/uploads\/2023\/03\/1420x240-Controle-de-Investimentos.png\"\n\t\t\t\t\tdata-promo-id=\"383162\"\t\t\t\t\t\t\t\t\t\twidth='1420' height='240'\t\t\t\t\talt=\"https:\/\/files.sunoresearch.com.br\/n\/uploads\/2023\/03\/1420x240-Controle-de-Investimentos.png\"\n\t\t\t\t>\n\t\t\t<\/picture>\n\t\t<\/a>\n\t<\/p>\n\n\n","protected":false},"excerpt":{"rendered":"<p>A CVC (CVCB3) se pronunciou sua potencial oferta de a\u00e7\u00f5es, comunicando que contratou o Citigroup e Ita\u00fa BBA para coordena\u00e7\u00e3o do follow-on. A CVC quer captar pelo menos R$ 200 milh\u00f5es em uma oferta que deve permitir a entrega de \u201cb\u00f4nus de subscri\u00e7\u00e3o\u201d. Vale lembrar que a empresa poder\u00e1 adicionar lotes de a\u00e7\u00f5es de forma [&hellip;]<\/p>\n","protected":false},"author":73,"featured_media":149563,"comment_status":"closed","ping_status":"closed","sticky":false,"template":"","format":"standard","meta":[],"categories":[64],"tags":[442],"suno_strategy":[],"class_list":["post-414679","post","type-post","status-publish","format-standard","has-post-thumbnail","hentry","category-negocios","tag-cvc-cvcb3"],"yoast_head":"<!-- This site is optimized with the Yoast SEO plugin v24.4 - https:\/\/yoast.com\/wordpress\/plugins\/seo\/ -->\n<title>CVC (CVCB3) contrata bancos para oferta de a\u00e7\u00f5es de R$ 200 milh\u00f5es<\/title>\n<meta name=\"description\" content=\"A CVC quer captar pelo menos R$ 200 milh\u00f5es, em uma oferta que deve permitir a entrega de \u201cb\u00f4nus de subscri\u00e7\u00e3o\u201d.\" \/>\n<meta name=\"robots\" content=\"index, follow, max-snippet:-1, max-image-preview:large, max-video-preview:-1\" \/>\n<link rel=\"canonical\" href=\"https:\/\/www.suno.com.br\/noticias\/cvc-cvcb3-oferta-de-acoes-contrata-bancos\/\" \/>\n<meta property=\"og:locale\" content=\"pt_BR\" \/>\n<meta property=\"og:type\" content=\"article\" \/>\n<meta property=\"og:title\" content=\"CVC (CVCB3) contrata bancos para oferta de a\u00e7\u00f5es de R$ 200 milh\u00f5es\" \/>\n<meta property=\"og:description\" content=\"A CVC quer captar pelo menos R$ 200 milh\u00f5es, em uma oferta que deve permitir a entrega de \u201cb\u00f4nus de subscri\u00e7\u00e3o\u201d.\" \/>\n<meta property=\"og:url\" content=\"https:\/\/www.suno.com.br\/noticias\/cvc-cvcb3-oferta-de-acoes-contrata-bancos\/\" \/>\n<meta property=\"og:site_name\" content=\"Suno Not\u00edcias\" \/>\n<meta property=\"article:publisher\" content=\"https:\/\/facebook.com\/sunoresearch\" \/>\n<meta property=\"og:image\" content=\"https:\/\/files.sunoresearch.com.br\/n\/uploads\/2021\/05\/d895e084-7251.jpg\" \/>\n\t<meta property=\"og:image:width\" content=\"1280\" \/>\n\t<meta property=\"og:image:height\" content=\"960\" \/>\n\t<meta property=\"og:image:type\" content=\"image\/jpeg\" \/>\n<meta name=\"author\" content=\"Eduardo Vargas\" \/>\n<meta name=\"twitter:card\" content=\"summary_large_image\" \/>\n<meta name=\"twitter:creator\" content=\"@sunoresearch\" \/>\n<meta name=\"twitter:site\" content=\"@sunoresearch\" \/>\n<meta name=\"twitter:label1\" content=\"Escrito por\" \/>\n\t<meta name=\"twitter:data1\" content=\"Eduardo Vargas\" \/>\n\t<meta name=\"twitter:label2\" content=\"Est. tempo de leitura\" \/>\n\t<meta name=\"twitter:data2\" content=\"2 minutos\" \/>\n<script type=\"application\/ld+json\" class=\"yoast-schema-graph\">{\"@context\":\"https:\/\/schema.org\",\"@graph\":[{\"@type\":\"NewsArticle\",\"@id\":\"https:\/\/www.suno.com.br\/noticias\/cvc-cvcb3-oferta-de-acoes-contrata-bancos\/#article\",\"isPartOf\":{\"@id\":\"https:\/\/www.suno.com.br\/noticias\/cvc-cvcb3-oferta-de-acoes-contrata-bancos\/\"},\"author\":{\"name\":\"Eduardo Vargas\",\"@id\":\"https:\/\/www.suno.com.br\/noticias\/#\/schema\/person\/7f4d362bf3518e76090143ae77bb49a5\"},\"headline\":\"CVC (CVCB3) contrata bancos para oferta de a\u00e7\u00f5es de R$ 200 milh\u00f5es\",\"datePublished\":\"2023-06-09T12:35:09+00:00\",\"dateModified\":\"2023-06-09T12:59:44+00:00\",\"mainEntityOfPage\":{\"@id\":\"https:\/\/www.suno.com.br\/noticias\/cvc-cvcb3-oferta-de-acoes-contrata-bancos\/\"},\"wordCount\":379,\"publisher\":{\"@id\":\"https:\/\/www.suno.com.br\/noticias\/#organization\"},\"image\":{\"@id\":\"https:\/\/www.suno.com.br\/noticias\/cvc-cvcb3-oferta-de-acoes-contrata-bancos\/#primaryimage\"},\"thumbnailUrl\":\"https:\/\/files.sunoresearch.com.br\/n\/uploads\/2021\/05\/d895e084-7251.jpg\",\"keywords\":[\"CVC (CVCB3)\"],\"articleSection\":[\"Neg\u00f3cios\"],\"inLanguage\":\"pt-BR\"},{\"@type\":\"WebPage\",\"@id\":\"https:\/\/www.suno.com.br\/noticias\/cvc-cvcb3-oferta-de-acoes-contrata-bancos\/\",\"url\":\"https:\/\/www.suno.com.br\/noticias\/cvc-cvcb3-oferta-de-acoes-contrata-bancos\/\",\"name\":\"CVC (CVCB3) contrata bancos para oferta de a\u00e7\u00f5es de R$ 200 milh\u00f5es\",\"isPartOf\":{\"@id\":\"https:\/\/www.suno.com.br\/noticias\/#website\"},\"primaryImageOfPage\":{\"@id\":\"https:\/\/www.suno.com.br\/noticias\/cvc-cvcb3-oferta-de-acoes-contrata-bancos\/#primaryimage\"},\"image\":{\"@id\":\"https:\/\/www.suno.com.br\/noticias\/cvc-cvcb3-oferta-de-acoes-contrata-bancos\/#primaryimage\"},\"thumbnailUrl\":\"https:\/\/files.sunoresearch.com.br\/n\/uploads\/2021\/05\/d895e084-7251.jpg\",\"datePublished\":\"2023-06-09T12:35:09+00:00\",\"dateModified\":\"2023-06-09T12:59:44+00:00\",\"description\":\"A CVC quer captar pelo menos R$ 200 milh\u00f5es, em uma oferta que deve permitir a entrega de \u201cb\u00f4nus de subscri\u00e7\u00e3o\u201d.\",\"breadcrumb\":{\"@id\":\"https:\/\/www.suno.com.br\/noticias\/cvc-cvcb3-oferta-de-acoes-contrata-bancos\/#breadcrumb\"},\"inLanguage\":\"pt-BR\",\"potentialAction\":[{\"@type\":\"ReadAction\",\"target\":[\"https:\/\/www.suno.com.br\/noticias\/cvc-cvcb3-oferta-de-acoes-contrata-bancos\/\"]}]},{\"@type\":\"ImageObject\",\"inLanguage\":\"pt-BR\",\"@id\":\"https:\/\/www.suno.com.br\/noticias\/cvc-cvcb3-oferta-de-acoes-contrata-bancos\/#primaryimage\",\"url\":\"https:\/\/files.sunoresearch.com.br\/n\/uploads\/2021\/05\/d895e084-7251.jpg\",\"contentUrl\":\"https:\/\/files.sunoresearch.com.br\/n\/uploads\/2021\/05\/d895e084-7251.jpg\",\"width\":1280,\"height\":960,\"caption\":\"CVC. Foto: Reprodu\u00e7\u00e3o\/Site CVC Corp\"},{\"@type\":\"BreadcrumbList\",\"@id\":\"https:\/\/www.suno.com.br\/noticias\/cvc-cvcb3-oferta-de-acoes-contrata-bancos\/#breadcrumb\",\"itemListElement\":[{\"@type\":\"ListItem\",\"position\":1,\"name\":\"Not\u00edcias\",\"item\":\"https:\/\/www.suno.com.br\/noticias\/\"},{\"@type\":\"ListItem\",\"position\":2,\"name\":\"Neg\u00f3cios\",\"item\":\"https:\/\/www.suno.com.br\/noticias\/negocios\/\"},{\"@type\":\"ListItem\",\"position\":3,\"name\":\"CVC (CVCB3) contrata bancos para oferta de a\u00e7\u00f5es de R$ 200 milh\u00f5es\"}]},{\"@type\":\"WebSite\",\"@id\":\"https:\/\/www.suno.com.br\/noticias\/#website\",\"url\":\"https:\/\/www.suno.com.br\/noticias\/\",\"name\":\"Suno Not\u00edcias\",\"description\":\"Seu portal de informa\u00e7\u00e3o sobre o mundo dos investimentos\",\"publisher\":{\"@id\":\"https:\/\/www.suno.com.br\/noticias\/#organization\"},\"potentialAction\":[{\"@type\":\"SearchAction\",\"target\":{\"@type\":\"EntryPoint\",\"urlTemplate\":\"https:\/\/www.suno.com.br\/noticias\/?s={search_term_string}\"},\"query-input\":{\"@type\":\"PropertyValueSpecification\",\"valueRequired\":true,\"valueName\":\"search_term_string\"}}],\"inLanguage\":\"pt-BR\"},{\"@type\":\"Organization\",\"@id\":\"https:\/\/www.suno.com.br\/noticias\/#organization\",\"name\":\"Suno Not\u00edcias\",\"url\":\"https:\/\/www.suno.com.br\/noticias\/\",\"logo\":{\"@type\":\"ImageObject\",\"inLanguage\":\"pt-BR\",\"@id\":\"https:\/\/www.suno.com.br\/noticias\/#\/schema\/logo\/image\/\",\"url\":\"https:\/\/files.sunoresearch.com.br\/n\/uploads\/2021\/09\/suno-logo.png\",\"contentUrl\":\"https:\/\/files.sunoresearch.com.br\/n\/uploads\/2021\/09\/suno-logo.png\",\"width\":180,\"height\":180,\"caption\":\"Suno Not\u00edcias\"},\"image\":{\"@id\":\"https:\/\/www.suno.com.br\/noticias\/#\/schema\/logo\/image\/\"},\"sameAs\":[\"https:\/\/facebook.com\/sunoresearch\",\"https:\/\/x.com\/sunoresearch\",\"https:\/\/www.instagram.com\/suno\",\"https:\/\/www.linkedin.com\/company\/suno-research\/\",\"https:\/\/www.youtube.com\/c\/sunoresearch\"]},{\"@type\":\"Person\",\"@id\":\"https:\/\/www.suno.com.br\/noticias\/#\/schema\/person\/7f4d362bf3518e76090143ae77bb49a5\",\"name\":\"Eduardo Vargas\",\"image\":{\"@type\":\"ImageObject\",\"inLanguage\":\"pt-BR\",\"@id\":\"https:\/\/www.suno.com.br\/noticias\/#\/schema\/person\/image\/\",\"url\":\"https:\/\/secure.gravatar.com\/avatar\/dac340933427a22924c9f99d1eb2e3f2?s=96&r=g\",\"contentUrl\":\"https:\/\/secure.gravatar.com\/avatar\/dac340933427a22924c9f99d1eb2e3f2?s=96&r=g\",\"caption\":\"Eduardo Vargas\"},\"description\":\"Jornalista formado pela UFSC, cobre macroeconomia, neg\u00f3cios e startups para o Suno Not\u00edcias, escrevendo principalmente not\u00edcias sobre o mercado financeiro e a bolsa de valores. No YouTube e no Instagram, \u00e9 respons\u00e1vel pela produ\u00e7\u00e3o de Reels e Shorts do Suno Not\u00edcias. Anteriormente, trabalhou cobrindo economia e cotidiano no ND+ e para o ND, maior jornal impresso de Santa Catarina. Cursou um semestre letivo de Estudos de M\u00eddia na Universidad de Buenos Aires.\",\"url\":\"https:\/\/www.suno.com.br\/noticias\/author\/eduardo-vargas\/\"}]}<\/script>\n<!-- \/ Yoast SEO plugin. -->","yoast_head_json":{"title":"CVC (CVCB3) contrata bancos para oferta de a\u00e7\u00f5es de R$ 200 milh\u00f5es","description":"A CVC quer captar pelo menos R$ 200 milh\u00f5es, em uma oferta que deve permitir a entrega de \u201cb\u00f4nus de subscri\u00e7\u00e3o\u201d.","robots":{"index":"index","follow":"follow","max-snippet":"max-snippet:-1","max-image-preview":"max-image-preview:large","max-video-preview":"max-video-preview:-1"},"canonical":"https:\/\/www.suno.com.br\/noticias\/cvc-cvcb3-oferta-de-acoes-contrata-bancos\/","og_locale":"pt_BR","og_type":"article","og_title":"CVC (CVCB3) contrata bancos para oferta de a\u00e7\u00f5es de R$ 200 milh\u00f5es","og_description":"A CVC quer captar pelo menos R$ 200 milh\u00f5es, em uma oferta que deve permitir a entrega de \u201cb\u00f4nus de subscri\u00e7\u00e3o\u201d.","og_url":"https:\/\/www.suno.com.br\/noticias\/cvc-cvcb3-oferta-de-acoes-contrata-bancos\/","og_site_name":"Suno Not\u00edcias","article_publisher":"https:\/\/facebook.com\/sunoresearch","og_image":[{"width":1280,"height":960,"url":"https:\/\/files.sunoresearch.com.br\/n\/uploads\/2021\/05\/d895e084-7251.jpg","type":"image\/jpeg"}],"author":"Eduardo Vargas","twitter_card":"summary_large_image","twitter_creator":"@sunoresearch","twitter_site":"@sunoresearch","twitter_misc":{"Escrito por":"Eduardo Vargas","Est. tempo de leitura":"2 minutos"},"schema":{"@context":"https:\/\/schema.org","@graph":[{"@type":"NewsArticle","@id":"https:\/\/www.suno.com.br\/noticias\/cvc-cvcb3-oferta-de-acoes-contrata-bancos\/#article","isPartOf":{"@id":"https:\/\/www.suno.com.br\/noticias\/cvc-cvcb3-oferta-de-acoes-contrata-bancos\/"},"author":{"name":"Eduardo Vargas","@id":"https:\/\/www.suno.com.br\/noticias\/#\/schema\/person\/7f4d362bf3518e76090143ae77bb49a5"},"headline":"CVC (CVCB3) contrata bancos para oferta de a\u00e7\u00f5es de R$ 200 milh\u00f5es","datePublished":"2023-06-09T12:35:09+00:00","dateModified":"2023-06-09T12:59:44+00:00","mainEntityOfPage":{"@id":"https:\/\/www.suno.com.br\/noticias\/cvc-cvcb3-oferta-de-acoes-contrata-bancos\/"},"wordCount":379,"publisher":{"@id":"https:\/\/www.suno.com.br\/noticias\/#organization"},"image":{"@id":"https:\/\/www.suno.com.br\/noticias\/cvc-cvcb3-oferta-de-acoes-contrata-bancos\/#primaryimage"},"thumbnailUrl":"https:\/\/files.sunoresearch.com.br\/n\/uploads\/2021\/05\/d895e084-7251.jpg","keywords":["CVC (CVCB3)"],"articleSection":["Neg\u00f3cios"],"inLanguage":"pt-BR"},{"@type":"WebPage","@id":"https:\/\/www.suno.com.br\/noticias\/cvc-cvcb3-oferta-de-acoes-contrata-bancos\/","url":"https:\/\/www.suno.com.br\/noticias\/cvc-cvcb3-oferta-de-acoes-contrata-bancos\/","name":"CVC (CVCB3) contrata bancos para oferta de a\u00e7\u00f5es de R$ 200 milh\u00f5es","isPartOf":{"@id":"https:\/\/www.suno.com.br\/noticias\/#website"},"primaryImageOfPage":{"@id":"https:\/\/www.suno.com.br\/noticias\/cvc-cvcb3-oferta-de-acoes-contrata-bancos\/#primaryimage"},"image":{"@id":"https:\/\/www.suno.com.br\/noticias\/cvc-cvcb3-oferta-de-acoes-contrata-bancos\/#primaryimage"},"thumbnailUrl":"https:\/\/files.sunoresearch.com.br\/n\/uploads\/2021\/05\/d895e084-7251.jpg","datePublished":"2023-06-09T12:35:09+00:00","dateModified":"2023-06-09T12:59:44+00:00","description":"A CVC quer captar pelo menos R$ 200 milh\u00f5es, em uma oferta que deve permitir a entrega de \u201cb\u00f4nus de subscri\u00e7\u00e3o\u201d.","breadcrumb":{"@id":"https:\/\/www.suno.com.br\/noticias\/cvc-cvcb3-oferta-de-acoes-contrata-bancos\/#breadcrumb"},"inLanguage":"pt-BR","potentialAction":[{"@type":"ReadAction","target":["https:\/\/www.suno.com.br\/noticias\/cvc-cvcb3-oferta-de-acoes-contrata-bancos\/"]}]},{"@type":"ImageObject","inLanguage":"pt-BR","@id":"https:\/\/www.suno.com.br\/noticias\/cvc-cvcb3-oferta-de-acoes-contrata-bancos\/#primaryimage","url":"https:\/\/files.sunoresearch.com.br\/n\/uploads\/2021\/05\/d895e084-7251.jpg","contentUrl":"https:\/\/files.sunoresearch.com.br\/n\/uploads\/2021\/05\/d895e084-7251.jpg","width":1280,"height":960,"caption":"CVC. Foto: Reprodu\u00e7\u00e3o\/Site CVC Corp"},{"@type":"BreadcrumbList","@id":"https:\/\/www.suno.com.br\/noticias\/cvc-cvcb3-oferta-de-acoes-contrata-bancos\/#breadcrumb","itemListElement":[{"@type":"ListItem","position":1,"name":"Not\u00edcias","item":"https:\/\/www.suno.com.br\/noticias\/"},{"@type":"ListItem","position":2,"name":"Neg\u00f3cios","item":"https:\/\/www.suno.com.br\/noticias\/negocios\/"},{"@type":"ListItem","position":3,"name":"CVC (CVCB3) contrata bancos para oferta de a\u00e7\u00f5es de R$ 200 milh\u00f5es"}]},{"@type":"WebSite","@id":"https:\/\/www.suno.com.br\/noticias\/#website","url":"https:\/\/www.suno.com.br\/noticias\/","name":"Suno Not\u00edcias","description":"Seu portal de informa\u00e7\u00e3o sobre o mundo dos investimentos","publisher":{"@id":"https:\/\/www.suno.com.br\/noticias\/#organization"},"potentialAction":[{"@type":"SearchAction","target":{"@type":"EntryPoint","urlTemplate":"https:\/\/www.suno.com.br\/noticias\/?s={search_term_string}"},"query-input":{"@type":"PropertyValueSpecification","valueRequired":true,"valueName":"search_term_string"}}],"inLanguage":"pt-BR"},{"@type":"Organization","@id":"https:\/\/www.suno.com.br\/noticias\/#organization","name":"Suno Not\u00edcias","url":"https:\/\/www.suno.com.br\/noticias\/","logo":{"@type":"ImageObject","inLanguage":"pt-BR","@id":"https:\/\/www.suno.com.br\/noticias\/#\/schema\/logo\/image\/","url":"https:\/\/files.sunoresearch.com.br\/n\/uploads\/2021\/09\/suno-logo.png","contentUrl":"https:\/\/files.sunoresearch.com.br\/n\/uploads\/2021\/09\/suno-logo.png","width":180,"height":180,"caption":"Suno Not\u00edcias"},"image":{"@id":"https:\/\/www.suno.com.br\/noticias\/#\/schema\/logo\/image\/"},"sameAs":["https:\/\/facebook.com\/sunoresearch","https:\/\/x.com\/sunoresearch","https:\/\/www.instagram.com\/suno","https:\/\/www.linkedin.com\/company\/suno-research\/","https:\/\/www.youtube.com\/c\/sunoresearch"]},{"@type":"Person","@id":"https:\/\/www.suno.com.br\/noticias\/#\/schema\/person\/7f4d362bf3518e76090143ae77bb49a5","name":"Eduardo Vargas","image":{"@type":"ImageObject","inLanguage":"pt-BR","@id":"https:\/\/www.suno.com.br\/noticias\/#\/schema\/person\/image\/","url":"https:\/\/secure.gravatar.com\/avatar\/dac340933427a22924c9f99d1eb2e3f2?s=96&r=g","contentUrl":"https:\/\/secure.gravatar.com\/avatar\/dac340933427a22924c9f99d1eb2e3f2?s=96&r=g","caption":"Eduardo Vargas"},"description":"Jornalista formado pela UFSC, cobre macroeconomia, neg\u00f3cios e startups para o Suno Not\u00edcias, escrevendo principalmente not\u00edcias sobre o mercado financeiro e a bolsa de valores. No YouTube e no Instagram, \u00e9 respons\u00e1vel pela produ\u00e7\u00e3o de Reels e Shorts do Suno Not\u00edcias. Anteriormente, trabalhou cobrindo economia e cotidiano no ND+ e para o ND, maior jornal impresso de Santa Catarina. Cursou um semestre letivo de Estudos de M\u00eddia na Universidad de Buenos Aires.","url":"https:\/\/www.suno.com.br\/noticias\/author\/eduardo-vargas\/"}]}},"default_loop_html":"<div class=\"cardsPage__listCard__boxs\"><div class=\"cardsPage__listCard__boxs__img\"><a href=\"https:\/\/www.suno.com.br\/noticias\/cvc-cvcb3-oferta-de-acoes-contrata-bancos\/\"><img class=\"mask\" src=\"https:\/\/www.suno.com.br\/noticias\/wp-content\/themes\/suno\/resources\/images\/spotlight\/spotlight1img\/bg-mask.png\" alt=\"Image Mask\"\/><img src=\"https:\/\/files.sunoresearch.com.br\/n\/uploads\/2021\/05\/d895e084-7251-400x200.webp\" alt=\"CVC (CVCB3) contrata bancos para oferta de a\u00e7\u00f5es de R$ 200 milh\u00f5es\"\/><\/a><span class=\"spotlightCategory\"><a href=\"https:\/\/www.suno.com.br\/noticias\/negocios\/\">Neg\u00f3cios<\/a><\/span><\/div><div class=\"cardsPage__listCard__boxs__content\"><a href=\"https:\/\/www.suno.com.br\/noticias\/cvc-cvcb3-oferta-de-acoes-contrata-bancos\/\"><h2 class=\"content__title\">CVC (CVCB3) contrata bancos para oferta de a\u00e7\u00f5es de R$ 200 milh\u00f5es<\/h2><\/a><div class=\"newsContent__article__meta\"><div class=\"newsContent__article__meta__authorBox\"><a href=\"https:\/\/www.suno.com.br\/noticias\/author\/eduardo-vargas\/\" class=\"authorBox__avatar noMobi\"><img src=\"https:\/\/secure.gravatar.com\/avatar\/dac340933427a22924c9f99d1eb2e3f2?s=96&#038;r=g\" alt=\"Eduardo Vargas\"><\/a><div class=\"authorBox__name\"><span>por\n\t\t\t<a href=\"https:\/\/www.suno.com.br\/noticias\/author\/eduardo-vargas\/\"><span itemprop=\"author\">Eduardo Vargas<\/span><\/a><\/span><time datetime=\"2023-06-09T09:35:09-03:00\" itemprop=\"datePublished\">09\/06\/2023 09:35<\/time><\/div><\/div><\/div><\/div><\/div>","single_layout":"posts","amp_enabled":true,"_links":{"self":[{"href":"https:\/\/www.suno.com.br\/noticias\/wp-json\/wp\/v2\/posts\/414679"}],"collection":[{"href":"https:\/\/www.suno.com.br\/noticias\/wp-json\/wp\/v2\/posts"}],"about":[{"href":"https:\/\/www.suno.com.br\/noticias\/wp-json\/wp\/v2\/types\/post"}],"author":[{"embeddable":true,"href":"https:\/\/www.suno.com.br\/noticias\/wp-json\/wp\/v2\/users\/73"}],"replies":[{"embeddable":true,"href":"https:\/\/www.suno.com.br\/noticias\/wp-json\/wp\/v2\/comments?post=414679"}],"version-history":[{"count":3,"href":"https:\/\/www.suno.com.br\/noticias\/wp-json\/wp\/v2\/posts\/414679\/revisions"}],"predecessor-version":[{"id":414734,"href":"https:\/\/www.suno.com.br\/noticias\/wp-json\/wp\/v2\/posts\/414679\/revisions\/414734"}],"wp:featuredmedia":[{"embeddable":true,"href":"https:\/\/www.suno.com.br\/noticias\/wp-json\/wp\/v2\/media\/149563"}],"wp:attachment":[{"href":"https:\/\/www.suno.com.br\/noticias\/wp-json\/wp\/v2\/media?parent=414679"}],"wp:term":[{"taxonomy":"category","embeddable":true,"href":"https:\/\/www.suno.com.br\/noticias\/wp-json\/wp\/v2\/categories?post=414679"},{"taxonomy":"post_tag","embeddable":true,"href":"https:\/\/www.suno.com.br\/noticias\/wp-json\/wp\/v2\/tags?post=414679"},{"taxonomy":"suno_strategy","embeddable":true,"href":"https:\/\/www.suno.com.br\/noticias\/wp-json\/wp\/v2\/suno_strategy?post=414679"}],"curies":[{"name":"wp","href":"https:\/\/api.w.org\/{rel}","templated":true}]}}