{"id":414606,"date":"2023-06-09T07:23:31","date_gmt":"2023-06-09T10:23:31","guid":{"rendered":"https:\/\/www.suno.com.br\/noticias\/?p=414606"},"modified":"2023-06-09T07:23:35","modified_gmt":"2023-06-09T10:23:35","slug":"copel-cple6-convocacao-estatuto-privatizacao","status":"publish","type":"post","link":"https:\/\/www.suno.com.br\/noticias\/copel-cple6-convocacao-estatuto-privatizacao\/","title":{"rendered":"Copel (CPLE6) faz nova convoca\u00e7\u00e3o para aprovar mudan\u00e7a no estatuto e privatiza\u00e7\u00e3o avan\u00e7a"},"content":{"rendered":"<p>A <a class=\"suno-keyword\" data-force=\"yes\" data-priority=\"2\" href=\"https:\/\/www.suno.com.br\/acoes\/CPLE6\/\" target=\"_blank\" rel=\"noopener\"><strong>Copel<\/strong> (CPLE6)<\/a> deu mais um passo em dire\u00e7\u00e3o \u00e0 sua &#8211; j\u00e1 anunciada &#8211; privatiza\u00e7\u00e3o.<\/p><div class=\"videoFull \">\n\t\t\t<div class=\"videoWrapper yt-lazyload center\"\n\t\t\t\tdata-width=\"960\"\n\t\t\t\tdata-height=\"540\"\n\t\t\t\tdata-id=\"tMyyzkJtKio\"\n\t\t\t\tdata-alt=\"V\u00eddeo do YouTube - clique para reproduzir\"\n\t\t\t\tdata-logo=\"3\"\n\t\t\t\tdata-imagequality=\"maxres\">\n\t\t\t<\/div>\n\t\t<\/div><script type=\"application\/ld+json\">{\"@context\":\"https:\/\/schema.org\",\"@type\":\"VideoObject\",\"name\":\"Ibovespa disparando: estamos em bull market? | Petrobras (PETR4) sobe 3% | Ita\u00fasa vende a\u00e7\u00f5es da XP\",\"description\":\"#bullmarket #petrobras #mercadofinanceiro #petr4 #petr3 #ita\u00fasa #itsa4 #xp #xpbr31 #investimentos #bolsadevalores #ibovespa #d\u00f3lar #livedas19h O Ibovespa encerrou a sess\u00e3o de hoje (7) com uma nova alta, a 5\u00aa seguida. Dessa vez, o \u00edndice de a\u00e7\u00f5es brasileiras subiu 0,77%, aos 115.488 pontos. A m\u00e1xima do dia foi de 115.978,12 pontos, enquanto a m\u00ednima alcan\u00e7ada foi de\u2026\",\"duration\":\"PT47M49S\",\"embedUrl\":\"https:\/\/www.youtube.com\/embed\/tMyyzkJtKio\",\"regionsAllowed\":\"pt-BR\",\"interactionStatistic\":{\"@type\":\"InteractionCounter\",\"interactionType\":{\"@type\":\"WatchAction\"},\"userInteractionCount\":3370},\"thumbnailUrl\":\"https:\/\/i.ytimg.com\/vi\/tMyyzkJtKio\/default.jpg\",\"uploadDate\":\"2023-06-07T22:54:00Z\"}<\/script>\n\n\n\n\n\n\n\t<p>\n\t\t<a href=\"\" target=\"_blank\" data-element=\"shortcode-suno-banner\" title=\"Banner SUNO, clique e saiba mais\">\n\t\t\t<picture>\n\t\t\t\t<source media=\"(max-width: 500px)\" srcset=\"\">\n\t\t\t\t<img class=\"newsContent__article__imgCapa newsContent__article__imgCapa--banner\"\n\t\t\t\t\tsrc=\"\"\n\t\t\t\t\tdata-promo-id=\"288005\"\t\t\t\t\t\t\t\t\t\t\t\t\t\t\talt=\"\"\n\t\t\t\t>\n\t\t\t<\/picture>\n\t\t<\/a>\n\t<\/p>\n\n\n\n\n\n<p>A companhia conta agora com a aprova\u00e7\u00e3o do <a class=\"suno-keyword\" target=\"_blank\" data-force=\"no\" data-priority=\"1\" href=\"https:\/\/www.suno.com.br\/artigos\/conselho-administracao\/\" rel=\"noopener\">conselho de administra\u00e7\u00e3o<\/a>, em reuni\u00e3o realizada nesta quarta (7), de convoca\u00e7\u00e3o de assembleia geral extraordin\u00e1ria (AGE) para deliberar sobre a reforma do <strong>estatuto da Copel<\/strong>, a ser realizada no pr\u00f3ximo dia 10 de julho. <\/p>\n\n\n\n<p>As altera\u00e7\u00f5es propostas dever\u00e3o permitir a transforma\u00e7\u00e3o da companhia em sociedade com capital disperso e sem <a class=\"suno-keyword\" data-force=\"no\" data-priority=\"1\" href=\"https:\/\/www.suno.com.br\/artigos\/acionista-controlador\/\" target=\"_blank\" rel=\"noopener\"><strong>acionista controlador<\/strong><\/a>, no modelo de corpora\u00e7\u00e3o.<\/p>\n\n\n\n<p>Conforme a proposta, nenhum acionista poder\u00e1 exercer direitos correspondentes a mais de 10% do total de votos em cada delibera\u00e7\u00e3o. O modelo \u00e9 semelhante ao adotado no processo de <strong>privatiza\u00e7\u00e3o <\/strong>da Eletrobras. <\/p>\n\n\n\n<p>J\u00e1 o governo, principal acionista, dever\u00e1 ter direito a uma a\u00e7\u00e3o de classe especial <i>Golden Share<\/i>, condicionada \u00e0 liquida\u00e7\u00e3o da potencial <a class=\"suno-keyword\" data-force=\"no\" data-priority=\"1\" href=\"https:\/\/www.suno.com.br\/artigos\/oferta-de-acoes\/\" target=\"_blank\" rel=\"noopener\">oferta de <\/a><strong><a class=\"suno-keyword\" data-force=\"no\" data-priority=\"1\" href=\"https:\/\/www.suno.com.br\/artigos\/oferta-de-acoes\/\" target=\"_blank\" rel=\"noopener\">a\u00e7\u00f5es<\/a> <\/strong>da companhia numa opera\u00e7\u00e3o no <a class=\"suno-keyword\" data-force=\"no\" data-priority=\"1\" href=\"https:\/\/www.suno.com.br\/artigos\/mercado-de-capitais-conceito\/\" target=\"_blank\" rel=\"noopener\">mercado de capitais<\/a>.<\/p>\n\n\n\n<p>Tamb\u00e9m foi proposta a permiss\u00e3o para que o conselho de administra\u00e7\u00e3o aprove um <a class=\"suno-keyword\" target=\"_blank\" data-force=\"no\" data-priority=\"1\" href=\"https:\/\/www.suno.com.br\/artigos\/aumento-capital\/\" rel=\"noopener\">aumento de capital<\/a> social ou outras medidas, com a finalidade de colocar mediante a venda de bolsa de valores ou subscri\u00e7\u00e3o p\u00fablica de novas <a class=\"suno-keyword\" target=\"_blank\" data-force=\"no\" data-priority=\"1\" href=\"https:\/\/www.suno.com.br\/artigos\/o-que-sao-acoes-ordinarias-preferenciais-e-units\/\" rel=\"noopener\">a\u00e7\u00f5es ordin\u00e1rias<\/a>.<\/p>\n\n\n\n<p>Na mesma AGE, ser\u00e1 apreciada a proposta de listagem da empresa no <a class=\"suno-keyword\" target=\"_blank\" data-force=\"no\" data-priority=\"1\" href=\"https:\/\/www.suno.com.br\/artigos\/novo-mercado\/\" rel=\"noopener\">Novo Mercado<\/a> da B3, segmento destinado a empresas que adotem elevadas pr\u00e1ticas de governan\u00e7a corporativa.<\/p>\n\n\n\n<p>Se for aprovada, a empresa dever\u00e1 converter todas as a\u00e7\u00f5es de classe A e B em ordin\u00e1rias, na propor\u00e7\u00e3o de uma para uma. <\/p>\n\n\n\t<p>\n\t\t<a href=\"https:\/\/lp.suno.com.br\/suno-one\/?utm_campaign=_SNC6964518A_\" target=\"_blank\" data-element=\"shortcode-suno-banner\" title=\"Banner SUNO, clique e saiba mais\">\n\t\t\t<picture>\n\t\t\t\t<source media=\"(max-width: 500px)\" srcset=\"https:\/\/files.sunoresearch.com.br\/n\/uploads\/2025\/09\/400x300-Suno-One-png.webp\">\n\t\t\t\t<img class=\"newsContent__article__imgCapa newsContent__article__imgCapa--banner\"\n\t\t\t\t\tsrc=\"https:\/\/files.sunoresearch.com.br\/n\/uploads\/2025\/09\/1420x240-Suno-One-png.webp\"\n\t\t\t\t\tdata-promo-id=\"383121\"\t\t\t\t\t\t\t\t\t\twidth='1420' height='240'\t\t\t\t\talt=\"https:\/\/files.sunoresearch.com.br\/n\/uploads\/2025\/09\/1420x240-Suno-One-png.webp\"\n\t\t\t\t>\n\t\t\t<\/picture>\n\t\t<\/a>\n\t<\/p>\n\n\n\n\n\n<h2 class=\"wp-block-heading\">Novos dispositivos no estatuto da Copel<\/h2>\n\n\n\n<p>A medida est\u00e1 atrelada \u00e0 conclus\u00e3o do processo de <strong>transforma\u00e7\u00e3o da companhia em corpora\u00e7\u00e3o<\/strong>. O acionista que n\u00e3o aprovar a convers\u00e3o em assembleia especial dever\u00e1 ter o direito de retirar-se da companhia mediante o reembolso das a\u00e7\u00f5es.<\/p>\n\n\n\n<p>Os acionistas dever\u00e3o apreciar, ainda, a inclus\u00e3o de um dispositivo de prote\u00e7\u00e3o contra a dispers\u00e3o acion\u00e1ria, de forma que o acionista ou grupo de acionistas que, direta ou indiretamente, vier a se tornar titular de a\u00e7\u00f5es ordin\u00e1rias em montante superior a 25% do capital votante da Copel dever\u00e1 realizar uma oferta p\u00fablica para a aquisi\u00e7\u00e3o da totalidade das demais a\u00e7\u00f5es por valor, no m\u00ednimo, 100% superior \u00e0 maior cota\u00e7\u00e3o das a\u00e7\u00f5es ordin\u00e1rias nos \u00faltimos 504 preg\u00f5es anteriores \u00e0 aquisi\u00e7\u00e3o, atualizada pela Selic. J\u00e1 quem ultrapassar 50% dever\u00e1 ofertar por valor, no m\u00ednimo, 200% superior sob os mesmos crit\u00e9rios.<\/p>\n\n\n\n<p>Em comunicado enviado \u00e0 <a class=\"suno-keyword\" target=\"_blank\" data-force=\"no\" data-priority=\"2\" href=\"https:\/\/www.suno.com.br\/artigos\/cvm\/\" rel=\"noopener\">Comiss\u00e3o de Valores Mobili\u00e1rios (CVM)<\/a>, a <strong>Copel<\/strong> informou que a delibera\u00e7\u00e3o da AGE que aprovar o novo Estatuto estar\u00e1 sob condi\u00e7\u00e3o suspensiva at\u00e9 a data de liquida\u00e7\u00e3o da potencial oferta p\u00fablica que transformar\u00e1 a Copel em Corpora\u00e7\u00e3o.<\/p>\n\n\n\n<p>Com Estad\u00e3o Conte\u00fado<\/p>\n\n\n\t<p>\n\t\t<a href=\"https:\/\/lp.suno.com.br\/plataforma-de-controle-de-investimentos\/\" target=\"_blank\" data-element=\"shortcode-suno-banner\" title=\"Banner SUNO, clique e saiba mais\">\n\t\t\t<picture>\n\t\t\t\t<source media=\"(max-width: 500px)\" srcset=\"https:\/\/files.sunoresearch.com.br\/n\/uploads\/2023\/03\/400x300-Controle-de-Investimentos.png\">\n\t\t\t\t<img class=\"newsContent__article__imgCapa newsContent__article__imgCapa--banner\"\n\t\t\t\t\tsrc=\"https:\/\/files.sunoresearch.com.br\/n\/uploads\/2023\/03\/1420x240-Controle-de-Investimentos.png\"\n\t\t\t\t\tdata-promo-id=\"383162\"\t\t\t\t\t\t\t\t\t\twidth='1420' height='240'\t\t\t\t\talt=\"https:\/\/files.sunoresearch.com.br\/n\/uploads\/2023\/03\/1420x240-Controle-de-Investimentos.png\"\n\t\t\t\t>\n\t\t\t<\/picture>\n\t\t<\/a>\n\t<\/p>\n\n\n","protected":false},"excerpt":{"rendered":"<p>A Copel (CPLE6) deu mais um passo em dire\u00e7\u00e3o \u00e0 sua &#8211; j\u00e1 anunciada &#8211; privatiza\u00e7\u00e3o. A companhia conta agora com a aprova\u00e7\u00e3o do conselho de administra\u00e7\u00e3o, em reuni\u00e3o realizada nesta quarta (7), de convoca\u00e7\u00e3o de assembleia geral extraordin\u00e1ria (AGE) para deliberar sobre a reforma do estatuto da Copel, a ser realizada no pr\u00f3ximo dia [&hellip;]<\/p>\n","protected":false},"author":73,"featured_media":402509,"comment_status":"closed","ping_status":"closed","sticky":false,"template":"","format":"standard","meta":[],"categories":[64],"tags":[106444,431],"suno_strategy":[],"class_list":["post-414606","post","type-post","status-publish","format-standard","has-post-thumbnail","hentry","category-negocios","tag-agencias","tag-copel-cple3-cple5-cple6"],"yoast_head":"<!-- This site is optimized with the Yoast SEO plugin v24.4 - https:\/\/yoast.com\/wordpress\/plugins\/seo\/ -->\n<title>Copel (CPLE6) faz nova convoca\u00e7\u00e3o para balizar privatiza\u00e7\u00e3o; veja<\/title>\n<meta name=\"description\" content=\"Haver\u00e1 assembleia geral extraordin\u00e1ria (AGE) para deliberar sobre a reforma do estatuto da Copel, a ser realizada no pr\u00f3ximo dia 10 de julho\" \/>\n<meta name=\"robots\" content=\"index, follow, max-snippet:-1, max-image-preview:large, max-video-preview:-1\" \/>\n<link rel=\"canonical\" href=\"https:\/\/www.suno.com.br\/noticias\/copel-cple6-convocacao-estatuto-privatizacao\/\" \/>\n<meta property=\"og:locale\" content=\"pt_BR\" \/>\n<meta property=\"og:type\" content=\"article\" \/>\n<meta property=\"og:title\" content=\"Copel (CPLE6) faz nova convoca\u00e7\u00e3o para balizar privatiza\u00e7\u00e3o; veja\" \/>\n<meta property=\"og:description\" content=\"Haver\u00e1 assembleia geral extraordin\u00e1ria (AGE) para deliberar sobre a reforma do estatuto da Copel, a ser realizada no pr\u00f3ximo dia 10 de julho\" \/>\n<meta property=\"og:url\" content=\"https:\/\/www.suno.com.br\/noticias\/copel-cple6-convocacao-estatuto-privatizacao\/\" \/>\n<meta property=\"og:site_name\" content=\"Suno Not\u00edcias\" \/>\n<meta property=\"article:publisher\" content=\"https:\/\/facebook.com\/sunoresearch\" \/>\n<meta property=\"og:image\" content=\"https:\/\/files.sunoresearch.com.br\/n\/uploads\/2023\/05\/copel-agenda-eua-cpi-haddad-japao-g7.jpg\" \/>\n\t<meta property=\"og:image:width\" content=\"1200\" \/>\n\t<meta property=\"og:image:height\" content=\"800\" \/>\n\t<meta property=\"og:image:type\" content=\"image\/jpeg\" \/>\n<meta name=\"author\" content=\"Eduardo Vargas\" \/>\n<meta name=\"twitter:card\" content=\"summary_large_image\" \/>\n<meta name=\"twitter:creator\" content=\"@sunoresearch\" \/>\n<meta name=\"twitter:site\" content=\"@sunoresearch\" \/>\n<meta name=\"twitter:label1\" content=\"Escrito por\" \/>\n\t<meta name=\"twitter:data1\" content=\"Eduardo Vargas\" \/>\n\t<meta name=\"twitter:label2\" content=\"Est. tempo de leitura\" \/>\n\t<meta name=\"twitter:data2\" content=\"3 minutos\" \/>\n<script type=\"application\/ld+json\" class=\"yoast-schema-graph\">{\"@context\":\"https:\/\/schema.org\",\"@graph\":[{\"@type\":\"NewsArticle\",\"@id\":\"https:\/\/www.suno.com.br\/noticias\/copel-cple6-convocacao-estatuto-privatizacao\/#article\",\"isPartOf\":{\"@id\":\"https:\/\/www.suno.com.br\/noticias\/copel-cple6-convocacao-estatuto-privatizacao\/\"},\"author\":{\"name\":\"Eduardo Vargas\",\"@id\":\"https:\/\/www.suno.com.br\/noticias\/#\/schema\/person\/7f4d362bf3518e76090143ae77bb49a5\"},\"headline\":\"Copel (CPLE6) faz nova convoca\u00e7\u00e3o para aprovar mudan\u00e7a no estatuto e privatiza\u00e7\u00e3o avan\u00e7a\",\"datePublished\":\"2023-06-09T10:23:31+00:00\",\"dateModified\":\"2023-06-09T10:23:35+00:00\",\"mainEntityOfPage\":{\"@id\":\"https:\/\/www.suno.com.br\/noticias\/copel-cple6-convocacao-estatuto-privatizacao\/\"},\"wordCount\":492,\"publisher\":{\"@id\":\"https:\/\/www.suno.com.br\/noticias\/#organization\"},\"image\":{\"@id\":\"https:\/\/www.suno.com.br\/noticias\/copel-cple6-convocacao-estatuto-privatizacao\/#primaryimage\"},\"thumbnailUrl\":\"https:\/\/files.sunoresearch.com.br\/n\/uploads\/2023\/05\/copel-agenda-eua-cpi-haddad-japao-g7.jpg\",\"keywords\":[\"Ag\u00eancias\",\"Copel (CPLE3\/CPLE5\/CPLE6)\"],\"articleSection\":[\"Neg\u00f3cios\"],\"inLanguage\":\"pt-BR\"},{\"@type\":\"WebPage\",\"@id\":\"https:\/\/www.suno.com.br\/noticias\/copel-cple6-convocacao-estatuto-privatizacao\/\",\"url\":\"https:\/\/www.suno.com.br\/noticias\/copel-cple6-convocacao-estatuto-privatizacao\/\",\"name\":\"Copel (CPLE6) faz nova convoca\u00e7\u00e3o para balizar privatiza\u00e7\u00e3o; veja\",\"isPartOf\":{\"@id\":\"https:\/\/www.suno.com.br\/noticias\/#website\"},\"primaryImageOfPage\":{\"@id\":\"https:\/\/www.suno.com.br\/noticias\/copel-cple6-convocacao-estatuto-privatizacao\/#primaryimage\"},\"image\":{\"@id\":\"https:\/\/www.suno.com.br\/noticias\/copel-cple6-convocacao-estatuto-privatizacao\/#primaryimage\"},\"thumbnailUrl\":\"https:\/\/files.sunoresearch.com.br\/n\/uploads\/2023\/05\/copel-agenda-eua-cpi-haddad-japao-g7.jpg\",\"datePublished\":\"2023-06-09T10:23:31+00:00\",\"dateModified\":\"2023-06-09T10:23:35+00:00\",\"description\":\"Haver\u00e1 assembleia geral extraordin\u00e1ria (AGE) para deliberar sobre a reforma do estatuto da Copel, a ser realizada no pr\u00f3ximo dia 10 de julho\",\"breadcrumb\":{\"@id\":\"https:\/\/www.suno.com.br\/noticias\/copel-cple6-convocacao-estatuto-privatizacao\/#breadcrumb\"},\"inLanguage\":\"pt-BR\",\"potentialAction\":[{\"@type\":\"ReadAction\",\"target\":[\"https:\/\/www.suno.com.br\/noticias\/copel-cple6-convocacao-estatuto-privatizacao\/\"]}]},{\"@type\":\"ImageObject\",\"inLanguage\":\"pt-BR\",\"@id\":\"https:\/\/www.suno.com.br\/noticias\/copel-cple6-convocacao-estatuto-privatizacao\/#primaryimage\",\"url\":\"https:\/\/files.sunoresearch.com.br\/n\/uploads\/2023\/05\/copel-agenda-eua-cpi-haddad-japao-g7.jpg\",\"contentUrl\":\"https:\/\/files.sunoresearch.com.br\/n\/uploads\/2023\/05\/copel-agenda-eua-cpi-haddad-japao-g7.jpg\",\"width\":1200,\"height\":800,\"caption\":\"Copel (CPLE6). Foto: Reprodu\u00e7\u00e3o\/Facebook\"},{\"@type\":\"BreadcrumbList\",\"@id\":\"https:\/\/www.suno.com.br\/noticias\/copel-cple6-convocacao-estatuto-privatizacao\/#breadcrumb\",\"itemListElement\":[{\"@type\":\"ListItem\",\"position\":1,\"name\":\"Not\u00edcias\",\"item\":\"https:\/\/www.suno.com.br\/noticias\/\"},{\"@type\":\"ListItem\",\"position\":2,\"name\":\"Neg\u00f3cios\",\"item\":\"https:\/\/www.suno.com.br\/noticias\/negocios\/\"},{\"@type\":\"ListItem\",\"position\":3,\"name\":\"Copel (CPLE6) faz nova convoca\u00e7\u00e3o para aprovar mudan\u00e7a no estatuto e privatiza\u00e7\u00e3o avan\u00e7a\"}]},{\"@type\":\"WebSite\",\"@id\":\"https:\/\/www.suno.com.br\/noticias\/#website\",\"url\":\"https:\/\/www.suno.com.br\/noticias\/\",\"name\":\"Suno Not\u00edcias\",\"description\":\"Seu portal de informa\u00e7\u00e3o sobre o mundo dos investimentos\",\"publisher\":{\"@id\":\"https:\/\/www.suno.com.br\/noticias\/#organization\"},\"potentialAction\":[{\"@type\":\"SearchAction\",\"target\":{\"@type\":\"EntryPoint\",\"urlTemplate\":\"https:\/\/www.suno.com.br\/noticias\/?s={search_term_string}\"},\"query-input\":{\"@type\":\"PropertyValueSpecification\",\"valueRequired\":true,\"valueName\":\"search_term_string\"}}],\"inLanguage\":\"pt-BR\"},{\"@type\":\"Organization\",\"@id\":\"https:\/\/www.suno.com.br\/noticias\/#organization\",\"name\":\"Suno Not\u00edcias\",\"url\":\"https:\/\/www.suno.com.br\/noticias\/\",\"logo\":{\"@type\":\"ImageObject\",\"inLanguage\":\"pt-BR\",\"@id\":\"https:\/\/www.suno.com.br\/noticias\/#\/schema\/logo\/image\/\",\"url\":\"https:\/\/files.sunoresearch.com.br\/n\/uploads\/2021\/09\/suno-logo.png\",\"contentUrl\":\"https:\/\/files.sunoresearch.com.br\/n\/uploads\/2021\/09\/suno-logo.png\",\"width\":180,\"height\":180,\"caption\":\"Suno Not\u00edcias\"},\"image\":{\"@id\":\"https:\/\/www.suno.com.br\/noticias\/#\/schema\/logo\/image\/\"},\"sameAs\":[\"https:\/\/facebook.com\/sunoresearch\",\"https:\/\/x.com\/sunoresearch\",\"https:\/\/www.instagram.com\/suno\",\"https:\/\/www.linkedin.com\/company\/suno-research\/\",\"https:\/\/www.youtube.com\/c\/sunoresearch\"]},{\"@type\":\"Person\",\"@id\":\"https:\/\/www.suno.com.br\/noticias\/#\/schema\/person\/7f4d362bf3518e76090143ae77bb49a5\",\"name\":\"Eduardo Vargas\",\"image\":{\"@type\":\"ImageObject\",\"inLanguage\":\"pt-BR\",\"@id\":\"https:\/\/www.suno.com.br\/noticias\/#\/schema\/person\/image\/\",\"url\":\"https:\/\/secure.gravatar.com\/avatar\/dac340933427a22924c9f99d1eb2e3f2?s=96&r=g\",\"contentUrl\":\"https:\/\/secure.gravatar.com\/avatar\/dac340933427a22924c9f99d1eb2e3f2?s=96&r=g\",\"caption\":\"Eduardo Vargas\"},\"description\":\"Jornalista formado pela UFSC, cobre macroeconomia, neg\u00f3cios e startups para o Suno Not\u00edcias, escrevendo principalmente not\u00edcias sobre o mercado financeiro e a bolsa de valores. No YouTube e no Instagram, \u00e9 respons\u00e1vel pela produ\u00e7\u00e3o de Reels e Shorts do Suno Not\u00edcias. Anteriormente, trabalhou cobrindo economia e cotidiano no ND+ e para o ND, maior jornal impresso de Santa Catarina. Cursou um semestre letivo de Estudos de M\u00eddia na Universidad de Buenos Aires.\",\"url\":\"https:\/\/www.suno.com.br\/noticias\/author\/eduardo-vargas\/\"}]}<\/script>\n<!-- \/ Yoast SEO plugin. -->","yoast_head_json":{"title":"Copel (CPLE6) faz nova convoca\u00e7\u00e3o para balizar privatiza\u00e7\u00e3o; veja","description":"Haver\u00e1 assembleia geral extraordin\u00e1ria (AGE) para deliberar sobre a reforma do estatuto da Copel, a ser realizada no pr\u00f3ximo dia 10 de julho","robots":{"index":"index","follow":"follow","max-snippet":"max-snippet:-1","max-image-preview":"max-image-preview:large","max-video-preview":"max-video-preview:-1"},"canonical":"https:\/\/www.suno.com.br\/noticias\/copel-cple6-convocacao-estatuto-privatizacao\/","og_locale":"pt_BR","og_type":"article","og_title":"Copel (CPLE6) faz nova convoca\u00e7\u00e3o para balizar privatiza\u00e7\u00e3o; veja","og_description":"Haver\u00e1 assembleia geral extraordin\u00e1ria (AGE) para deliberar sobre a reforma do estatuto da Copel, a ser realizada no pr\u00f3ximo dia 10 de julho","og_url":"https:\/\/www.suno.com.br\/noticias\/copel-cple6-convocacao-estatuto-privatizacao\/","og_site_name":"Suno Not\u00edcias","article_publisher":"https:\/\/facebook.com\/sunoresearch","og_image":[{"width":1200,"height":800,"url":"https:\/\/files.sunoresearch.com.br\/n\/uploads\/2023\/05\/copel-agenda-eua-cpi-haddad-japao-g7.jpg","type":"image\/jpeg"}],"author":"Eduardo Vargas","twitter_card":"summary_large_image","twitter_creator":"@sunoresearch","twitter_site":"@sunoresearch","twitter_misc":{"Escrito por":"Eduardo Vargas","Est. tempo de leitura":"3 minutos"},"schema":{"@context":"https:\/\/schema.org","@graph":[{"@type":"NewsArticle","@id":"https:\/\/www.suno.com.br\/noticias\/copel-cple6-convocacao-estatuto-privatizacao\/#article","isPartOf":{"@id":"https:\/\/www.suno.com.br\/noticias\/copel-cple6-convocacao-estatuto-privatizacao\/"},"author":{"name":"Eduardo Vargas","@id":"https:\/\/www.suno.com.br\/noticias\/#\/schema\/person\/7f4d362bf3518e76090143ae77bb49a5"},"headline":"Copel (CPLE6) faz nova convoca\u00e7\u00e3o para aprovar mudan\u00e7a no estatuto e privatiza\u00e7\u00e3o avan\u00e7a","datePublished":"2023-06-09T10:23:31+00:00","dateModified":"2023-06-09T10:23:35+00:00","mainEntityOfPage":{"@id":"https:\/\/www.suno.com.br\/noticias\/copel-cple6-convocacao-estatuto-privatizacao\/"},"wordCount":492,"publisher":{"@id":"https:\/\/www.suno.com.br\/noticias\/#organization"},"image":{"@id":"https:\/\/www.suno.com.br\/noticias\/copel-cple6-convocacao-estatuto-privatizacao\/#primaryimage"},"thumbnailUrl":"https:\/\/files.sunoresearch.com.br\/n\/uploads\/2023\/05\/copel-agenda-eua-cpi-haddad-japao-g7.jpg","keywords":["Ag\u00eancias","Copel (CPLE3\/CPLE5\/CPLE6)"],"articleSection":["Neg\u00f3cios"],"inLanguage":"pt-BR"},{"@type":"WebPage","@id":"https:\/\/www.suno.com.br\/noticias\/copel-cple6-convocacao-estatuto-privatizacao\/","url":"https:\/\/www.suno.com.br\/noticias\/copel-cple6-convocacao-estatuto-privatizacao\/","name":"Copel (CPLE6) faz nova convoca\u00e7\u00e3o para balizar privatiza\u00e7\u00e3o; veja","isPartOf":{"@id":"https:\/\/www.suno.com.br\/noticias\/#website"},"primaryImageOfPage":{"@id":"https:\/\/www.suno.com.br\/noticias\/copel-cple6-convocacao-estatuto-privatizacao\/#primaryimage"},"image":{"@id":"https:\/\/www.suno.com.br\/noticias\/copel-cple6-convocacao-estatuto-privatizacao\/#primaryimage"},"thumbnailUrl":"https:\/\/files.sunoresearch.com.br\/n\/uploads\/2023\/05\/copel-agenda-eua-cpi-haddad-japao-g7.jpg","datePublished":"2023-06-09T10:23:31+00:00","dateModified":"2023-06-09T10:23:35+00:00","description":"Haver\u00e1 assembleia geral extraordin\u00e1ria (AGE) para deliberar sobre a reforma do estatuto da Copel, a ser realizada no pr\u00f3ximo dia 10 de julho","breadcrumb":{"@id":"https:\/\/www.suno.com.br\/noticias\/copel-cple6-convocacao-estatuto-privatizacao\/#breadcrumb"},"inLanguage":"pt-BR","potentialAction":[{"@type":"ReadAction","target":["https:\/\/www.suno.com.br\/noticias\/copel-cple6-convocacao-estatuto-privatizacao\/"]}]},{"@type":"ImageObject","inLanguage":"pt-BR","@id":"https:\/\/www.suno.com.br\/noticias\/copel-cple6-convocacao-estatuto-privatizacao\/#primaryimage","url":"https:\/\/files.sunoresearch.com.br\/n\/uploads\/2023\/05\/copel-agenda-eua-cpi-haddad-japao-g7.jpg","contentUrl":"https:\/\/files.sunoresearch.com.br\/n\/uploads\/2023\/05\/copel-agenda-eua-cpi-haddad-japao-g7.jpg","width":1200,"height":800,"caption":"Copel (CPLE6). Foto: Reprodu\u00e7\u00e3o\/Facebook"},{"@type":"BreadcrumbList","@id":"https:\/\/www.suno.com.br\/noticias\/copel-cple6-convocacao-estatuto-privatizacao\/#breadcrumb","itemListElement":[{"@type":"ListItem","position":1,"name":"Not\u00edcias","item":"https:\/\/www.suno.com.br\/noticias\/"},{"@type":"ListItem","position":2,"name":"Neg\u00f3cios","item":"https:\/\/www.suno.com.br\/noticias\/negocios\/"},{"@type":"ListItem","position":3,"name":"Copel (CPLE6) faz nova convoca\u00e7\u00e3o para aprovar mudan\u00e7a no estatuto e privatiza\u00e7\u00e3o avan\u00e7a"}]},{"@type":"WebSite","@id":"https:\/\/www.suno.com.br\/noticias\/#website","url":"https:\/\/www.suno.com.br\/noticias\/","name":"Suno Not\u00edcias","description":"Seu portal de informa\u00e7\u00e3o sobre o mundo dos investimentos","publisher":{"@id":"https:\/\/www.suno.com.br\/noticias\/#organization"},"potentialAction":[{"@type":"SearchAction","target":{"@type":"EntryPoint","urlTemplate":"https:\/\/www.suno.com.br\/noticias\/?s={search_term_string}"},"query-input":{"@type":"PropertyValueSpecification","valueRequired":true,"valueName":"search_term_string"}}],"inLanguage":"pt-BR"},{"@type":"Organization","@id":"https:\/\/www.suno.com.br\/noticias\/#organization","name":"Suno Not\u00edcias","url":"https:\/\/www.suno.com.br\/noticias\/","logo":{"@type":"ImageObject","inLanguage":"pt-BR","@id":"https:\/\/www.suno.com.br\/noticias\/#\/schema\/logo\/image\/","url":"https:\/\/files.sunoresearch.com.br\/n\/uploads\/2021\/09\/suno-logo.png","contentUrl":"https:\/\/files.sunoresearch.com.br\/n\/uploads\/2021\/09\/suno-logo.png","width":180,"height":180,"caption":"Suno Not\u00edcias"},"image":{"@id":"https:\/\/www.suno.com.br\/noticias\/#\/schema\/logo\/image\/"},"sameAs":["https:\/\/facebook.com\/sunoresearch","https:\/\/x.com\/sunoresearch","https:\/\/www.instagram.com\/suno","https:\/\/www.linkedin.com\/company\/suno-research\/","https:\/\/www.youtube.com\/c\/sunoresearch"]},{"@type":"Person","@id":"https:\/\/www.suno.com.br\/noticias\/#\/schema\/person\/7f4d362bf3518e76090143ae77bb49a5","name":"Eduardo Vargas","image":{"@type":"ImageObject","inLanguage":"pt-BR","@id":"https:\/\/www.suno.com.br\/noticias\/#\/schema\/person\/image\/","url":"https:\/\/secure.gravatar.com\/avatar\/dac340933427a22924c9f99d1eb2e3f2?s=96&r=g","contentUrl":"https:\/\/secure.gravatar.com\/avatar\/dac340933427a22924c9f99d1eb2e3f2?s=96&r=g","caption":"Eduardo Vargas"},"description":"Jornalista formado pela UFSC, cobre macroeconomia, neg\u00f3cios e startups para o Suno Not\u00edcias, escrevendo principalmente not\u00edcias sobre o mercado financeiro e a bolsa de valores. No YouTube e no Instagram, \u00e9 respons\u00e1vel pela produ\u00e7\u00e3o de Reels e Shorts do Suno Not\u00edcias. Anteriormente, trabalhou cobrindo economia e cotidiano no ND+ e para o ND, maior jornal impresso de Santa Catarina. Cursou um semestre letivo de Estudos de M\u00eddia na Universidad de Buenos Aires.","url":"https:\/\/www.suno.com.br\/noticias\/author\/eduardo-vargas\/"}]}},"default_loop_html":"<div class=\"cardsPage__listCard__boxs\"><div class=\"cardsPage__listCard__boxs__img\"><a href=\"https:\/\/www.suno.com.br\/noticias\/copel-cple6-convocacao-estatuto-privatizacao\/\"><img class=\"mask\" src=\"https:\/\/www.suno.com.br\/noticias\/wp-content\/themes\/suno\/resources\/images\/spotlight\/spotlight1img\/bg-mask.png\" alt=\"Image Mask\"\/><img src=\"https:\/\/files.sunoresearch.com.br\/n\/uploads\/2023\/05\/copel-agenda-eua-cpi-haddad-japao-g7-400x200.jpg\" alt=\"Copel (CPLE6) faz nova convoca\u00e7\u00e3o para aprovar mudan\u00e7a no estatuto e privatiza\u00e7\u00e3o avan\u00e7a\"\/><\/a><span class=\"spotlightCategory\"><a href=\"https:\/\/www.suno.com.br\/noticias\/negocios\/\">Neg\u00f3cios<\/a><\/span><\/div><div class=\"cardsPage__listCard__boxs__content\"><a href=\"https:\/\/www.suno.com.br\/noticias\/copel-cple6-convocacao-estatuto-privatizacao\/\"><h2 class=\"content__title\">Copel (CPLE6) faz nova convoca\u00e7\u00e3o para aprovar mudan\u00e7a no estatuto e privatiza\u00e7\u00e3o avan\u00e7a<\/h2><\/a><div class=\"newsContent__article__meta\"><div class=\"newsContent__article__meta__authorBox\"><a href=\"https:\/\/www.suno.com.br\/noticias\/author\/eduardo-vargas\/\" class=\"authorBox__avatar noMobi\"><img src=\"https:\/\/secure.gravatar.com\/avatar\/dac340933427a22924c9f99d1eb2e3f2?s=96&#038;r=g\" alt=\"Eduardo Vargas\"><\/a><div class=\"authorBox__name\"><span>por\n\t\t\t<a href=\"https:\/\/www.suno.com.br\/noticias\/author\/eduardo-vargas\/\"><span itemprop=\"author\">Eduardo Vargas<\/span><\/a><\/span><time datetime=\"2023-06-09T07:23:31-03:00\" itemprop=\"datePublished\">09\/06\/2023 07:23<\/time><\/div><\/div><\/div><\/div><\/div>","single_layout":"posts","amp_enabled":true,"_links":{"self":[{"href":"https:\/\/www.suno.com.br\/noticias\/wp-json\/wp\/v2\/posts\/414606"}],"collection":[{"href":"https:\/\/www.suno.com.br\/noticias\/wp-json\/wp\/v2\/posts"}],"about":[{"href":"https:\/\/www.suno.com.br\/noticias\/wp-json\/wp\/v2\/types\/post"}],"author":[{"embeddable":true,"href":"https:\/\/www.suno.com.br\/noticias\/wp-json\/wp\/v2\/users\/73"}],"replies":[{"embeddable":true,"href":"https:\/\/www.suno.com.br\/noticias\/wp-json\/wp\/v2\/comments?post=414606"}],"version-history":[{"count":3,"href":"https:\/\/www.suno.com.br\/noticias\/wp-json\/wp\/v2\/posts\/414606\/revisions"}],"predecessor-version":[{"id":414658,"href":"https:\/\/www.suno.com.br\/noticias\/wp-json\/wp\/v2\/posts\/414606\/revisions\/414658"}],"wp:featuredmedia":[{"embeddable":true,"href":"https:\/\/www.suno.com.br\/noticias\/wp-json\/wp\/v2\/media\/402509"}],"wp:attachment":[{"href":"https:\/\/www.suno.com.br\/noticias\/wp-json\/wp\/v2\/media?parent=414606"}],"wp:term":[{"taxonomy":"category","embeddable":true,"href":"https:\/\/www.suno.com.br\/noticias\/wp-json\/wp\/v2\/categories?post=414606"},{"taxonomy":"post_tag","embeddable":true,"href":"https:\/\/www.suno.com.br\/noticias\/wp-json\/wp\/v2\/tags?post=414606"},{"taxonomy":"suno_strategy","embeddable":true,"href":"https:\/\/www.suno.com.br\/noticias\/wp-json\/wp\/v2\/suno_strategy?post=414606"}],"curies":[{"name":"wp","href":"https:\/\/api.w.org\/{rel}","templated":true}]}}