{"id":414600,"date":"2023-06-08T16:34:31","date_gmt":"2023-06-08T19:34:31","guid":{"rendered":"https:\/\/www.suno.com.br\/noticias\/?p=414600"},"modified":"2023-06-08T16:34:34","modified_gmt":"2023-06-08T19:34:34","slug":"shein-shopee-aliexpress-compras-brasileiros-caem-taxacao","status":"publish","type":"post","link":"https:\/\/www.suno.com.br\/noticias\/shein-shopee-aliexpress-compras-brasileiros-caem-taxacao\/","title":{"rendered":"Shein, Shopee e AliExpress: compras de brasileiros caem US$ 237 milh\u00f5es ap\u00f3s taxa\u00e7\u00e3o; Entenda"},"content":{"rendered":"<p>As repercuss\u00f5es em torno da taxa\u00e7\u00e3o de compras no exterior, que envolve empresas como <a href=\"https:\/\/www.suno.com.br\/noticias\/shein-shopee-estados-icms-17-compras\/\" target=\"_blank\" rel=\"noreferrer noopener\"><strong>Shein<\/strong>, Shoppe e AliExpress<\/a>, j\u00e1 est\u00e1 impactando as vendas do setor, conforme apontam dados anunciados pela fintech voltada ao com\u00e9rcio exterior, Vixtra.<\/p>\t<div class=\"wrapper-featured-image\">\n\t\t<figure class=\"spotlightImg\">\n\n\t\t\t<picture>\n\t\t\t\t<source media=\"(max-width: 768px)\" srcset=\"https:\/\/files.sunoresearch.com.br\/n\/uploads\/2023\/05\/shein-400x200.jpg\">\n\t\t\t\t<img loading=\"lazy\" decoding=\"async\" class=\"newsContent__article__imgCapa lazyloadDisabled \" src=\"https:\/\/files.sunoresearch.com.br\/n\/uploads\/2023\/05\/shein-800x450.jpg\" width=\"800\" height=\"450\" alt=\"Shein, Shopee e AliExpress: compras de brasileiros caem US$ 237 milh\u00f5es ap\u00f3s taxa\u00e7\u00e3o; Entenda\" fetchpriority=high \/>\n\t\t\t<\/picture>\n\n\t\t\t<figcaption class=\"wp-caption-text wp-caption-text--show\">Shein. Foto: iStock<\/figcaption>\n\t\t<\/figure>\n\t<\/div>\n\n\n\n\n\n\t<p>\n\t\t<a href=\"https:\/\/lp2.suno.com.br\/cl\/black-friday-2025\/?utm_campaign=_SNCDF0E4858_\" target=\"_blank\" data-element=\"shortcode-suno-banner\" title=\"Banner SUNO, clique e saiba mais\">\n\t\t\t<picture>\n\t\t\t\t<source media=\"(max-width: 500px)\" srcset=\"https:\/\/files.sunoresearch.com.br\/n\/uploads\/2025\/10\/Artigos-e-Noticias-Banner-Home-artigos-01-Mobile_-400x300-1-png.webp\">\n\t\t\t\t<img class=\"newsContent__article__imgCapa newsContent__article__imgCapa--banner\"\n\t\t\t\t\tsrc=\"https:\/\/files.sunoresearch.com.br\/n\/uploads\/2025\/10\/Artigos-e-Noticias-Banner-Home-artigos-01-Desktop_-1420x240-1-png.webp\"\n\t\t\t\t\tdata-promo-id=\"311259\"\t\t\t\t\t\t\t\t\t\twidth='1420' height='240'\t\t\t\t\talt=\"https:\/\/files.sunoresearch.com.br\/n\/uploads\/2025\/10\/Artigos-e-Noticias-Banner-Home-artigos-01-Desktop_-1420x240-1-png.webp\"\n\t\t\t\t>\n\t\t\t<\/picture>\n\t\t<\/a>\n\t<\/p>\n\n\n\n\n\n<p>Segundo a fintech, que usou como base os dados do <a href=\"https:\/\/www.suno.com.br\/artigos\/bacen\/\" target=\"_blank\" rel=\"noreferrer noopener\">Banco Central do Brasil<\/a>, o consumo em plataformas do setor, como da Shein, Shoppe e <strong>AliExpress<\/strong>, teve uma queda de 25% em abril entre os brasileiros, quando se compara com os n\u00fameros registrados em mar\u00e7o.<\/p>\n\n\n\n<p>O volume financeiro transacionado em mar\u00e7o era de US$ 938 milh\u00f5es, enquanto os dados atualizados em abril apontam um montante de US$ 701 milh\u00f5es, com uma redu\u00e7\u00e3o de US$ 237 milh\u00f5es.<\/p>\n\n\n\t<div data-element=\"shortcode-read-more\" class=\"knowMore\">\n\t\t\t\t<span class=\"knowMore__title\">Leia mais<\/span>\n\t\t\t\t<a class=\"knowMore__link\" href=\"https:\/\/www.suno.com.br\/noticias\/dividendos-jbs-jbss3-podem-cair-preco-alvo-btg\/\">\n\t\t\tDividendos da JBS (JBSS3) podem cair? BTG corta pre\u00e7o-alvo das a\u00e7\u00f5es em 12,5%\t\t<\/a>\n\t<\/div>\n\n\n\n\n<p>Mas essa baixa no consumo n\u00e3o foi observada apenas na compara\u00e7\u00e3o mensal. Em rela\u00e7\u00e3o a abril de 2022, ou seja, ao mesmo per\u00edodo do ano passado, o volume de compras nessas plataformas caiu US$ 177 milh\u00f5es, o que representa uma varia\u00e7\u00e3o de -20% de um ano para o outro.<\/p>\n\n\n\n<p>Essa queda teria sido motivada principalmente pelo receio dos consumidores em ter uma cobran\u00e7a \u201cextra\u201d ap\u00f3s a compra dos produtos. Assim, a taxa\u00e7\u00e3o teria afetado a atratividade no pre\u00e7o dos <strong>produtos importados<\/strong>.<\/p>\n\n\n\n<p>A eleva\u00e7\u00e3o de impostos no com\u00e9rcio exterior, em que se incluem as plataformas <a href=\"https:\/\/www.suno.com.br\/noticias\/shein-importacoes-pequeno-valor-queda-abr23\/\" target=\"_blank\" rel=\"noreferrer noopener\">Shein<\/a>, <strong>Shoppe <\/strong>e Aliexpress, afeta de forma direta o pre\u00e7o dos itens adquiridos.<\/p>\n\n\n\n<p>Segundo o co-<a href=\"https:\/\/www.suno.com.br\/artigos\/ceo\/\" target=\"_blank\" rel=\"noreferrer noopener\">CEO<\/a> da Vixtra, Leonardo Baltieri, essa queda no volume financeiro das vendas \u00e9 prejudicial tanto \u00e0s empresas brasileiras quanto ao consumidor desse tipo de produto.<\/p>\n\n\n\n<p>\u201cEmbora um dos maiores prejudicados seja o p\u00fablico e as plataformas, h\u00e1 outros agentes que tamb\u00e9m podem ser impactados, ainda que em menor propor\u00e7\u00e3o. \u00c9 o caso do setor de log\u00edstica e transportes, uma vez que a demanda por entregas desses produtos diminui\u201d, explica.<\/p>\n\n\n\n<h2 class=\"wp-block-heading\"><a><\/a>Shein, Shopee e AliExpress: governo pode rever al\u00edquota do imposto de importa\u00e7\u00e3o?<\/h2>\n\n\n\n<p>Durante entrevista \u00e0 GloboNews no final de maio, o ministro da Fazenda, Fernando Haddad, apontou que as repercuss\u00f5es em torno da <strong>taxa\u00e7\u00e3o das compras internacionais<\/strong> fizeram com que as empresas do exterior aderissem ao plano de conformidade da <a href=\"https:\/\/www.suno.com.br\/artigos\/receita-federal\/\" target=\"_blank\" rel=\"noreferrer noopener\">Receita Federal<\/a>, seguindo conforme as leis vigentes do Brasil.<\/p>\n\n\n\n<p>Por outro lado, o ministro do governo Lula tamb\u00e9m ponderou que pode ser poss\u00edvel uma reavalia\u00e7\u00e3o da al\u00edquota do <strong>imposto de importa\u00e7\u00e3o<\/strong>, que atualmente est\u00e1 em 60% sobre o valor aduaneiro, ou seja, o montante que considera pre\u00e7o do produto, frete e seguro.<\/p>\n\n\n\n<p>\u201cN\u00e3o d\u00e1 mais para cobrar uma al\u00edquota de 60% (de <a href=\"https:\/\/www.suno.com.br\/artigos\/imposto-sobre-importacao\/\" target=\"_blank\" rel=\"noreferrer noopener\">imposto de importa\u00e7\u00e3o<\/a>)? Talvez n\u00e3o d\u00ea mais, tem de repactuar\u201d, afirmou Haddad.<\/p>\n\n\n\n<p>\u201cN\u00e3o podemos colocar o varejo brasileiro em risco por pr\u00e1ticas desleais das empresas estrangeiras\u201d, ponderou o ministro ap\u00f3s as repercuss\u00f5es sobre a taxa\u00e7\u00e3o de impostos de importa\u00e7\u00e3o, que envolvem empresas como <strong>Shein<\/strong>, Shoppe e Aliexpress.<\/p>\n\n\n\t<p>\n\t\t<a href=\"https:\/\/lp.suno.com.br\/ebook-como-analisar-uma-acao\/\" target=\"_blank\" data-element=\"shortcode-suno-banner\" title=\"Banner SUNO, clique e saiba mais\">\n\t\t\t<picture>\n\t\t\t\t<source media=\"(max-width: 500px)\" srcset=\"https:\/\/files.sunoresearch.com.br\/n\/uploads\/2023\/12\/Ebook-Acoes-Mobile.jpg\">\n\t\t\t\t<img class=\"newsContent__article__imgCapa newsContent__article__imgCapa--banner\"\n\t\t\t\t\tsrc=\"https:\/\/files.sunoresearch.com.br\/n\/uploads\/2023\/12\/Ebook-Acoes-Desktop.webp\"\n\t\t\t\t\tdata-promo-id=\"311260\"\t\t\t\t\t\t\t\t\t\twidth='1420' height='286'\t\t\t\t\talt=\"https:\/\/files.sunoresearch.com.br\/n\/uploads\/2023\/12\/Ebook-Acoes-Desktop.webp\"\n\t\t\t\t>\n\t\t\t<\/picture>\n\t\t<\/a>\n\t<\/p>\n\n\n","protected":false},"excerpt":{"rendered":"<p>As repercuss\u00f5es em torno da taxa\u00e7\u00e3o de compras no exterior, que envolve empresas como Shein, Shoppe e AliExpress, j\u00e1 est\u00e1 impactando as vendas do setor, conforme apontam dados anunciados pela fintech voltada ao com\u00e9rcio exterior, Vixtra. Shein. Foto: iStock Segundo a fintech, que usou como base os dados do Banco Central do Brasil, o consumo [&hellip;]<\/p>\n","protected":false},"author":173,"featured_media":406964,"comment_status":"closed","ping_status":"closed","sticky":false,"template":"","format":"standard","meta":[],"categories":[64],"tags":[105990,706,704],"suno_strategy":[],"class_list":["post-414600","post","type-post","status-publish","format-standard","has-post-thumbnail","hentry","category-negocios","tag-comercio","tag-importacoes","tag-impostos"],"yoast_head":"<!-- This site is optimized with the Yoast SEO plugin v24.4 - https:\/\/yoast.com\/wordpress\/plugins\/seo\/ -->\n<title>Shein, Shopee: compras de brasileiros caem US$ 237 milh\u00f5es ap\u00f3s taxa\u00e7\u00e3o<\/title>\n<meta name=\"description\" content=\"As compras de brasileiros em plataformas como as da Shein, Shopee e AliExpress ca\u00edram US$ 237 milh\u00f5es ap\u00f3s taxa\u00e7\u00e3o. Entenda os motivos.\" \/>\n<meta name=\"robots\" content=\"index, follow, max-snippet:-1, max-image-preview:large, max-video-preview:-1\" \/>\n<link rel=\"canonical\" href=\"https:\/\/www.suno.com.br\/noticias\/shein-shopee-aliexpress-compras-brasileiros-caem-taxacao\/\" \/>\n<meta property=\"og:locale\" content=\"pt_BR\" \/>\n<meta property=\"og:type\" content=\"article\" \/>\n<meta property=\"og:title\" content=\"Shein, Shopee: compras de brasileiros caem US$ 237 milh\u00f5es ap\u00f3s taxa\u00e7\u00e3o\" \/>\n<meta property=\"og:description\" content=\"As compras de brasileiros em plataformas como as da Shein, Shopee e AliExpress ca\u00edram US$ 237 milh\u00f5es ap\u00f3s taxa\u00e7\u00e3o. Entenda os motivos.\" \/>\n<meta property=\"og:url\" content=\"https:\/\/www.suno.com.br\/noticias\/shein-shopee-aliexpress-compras-brasileiros-caem-taxacao\/\" \/>\n<meta property=\"og:site_name\" content=\"Suno Not\u00edcias\" \/>\n<meta property=\"article:publisher\" content=\"https:\/\/facebook.com\/sunoresearch\" \/>\n<meta property=\"og:image\" content=\"https:\/\/files.sunoresearch.com.br\/n\/uploads\/2023\/05\/shein.jpg\" \/>\n\t<meta property=\"og:image:width\" content=\"1200\" \/>\n\t<meta property=\"og:image:height\" content=\"800\" \/>\n\t<meta property=\"og:image:type\" content=\"image\/jpeg\" \/>\n<meta name=\"author\" content=\"Jo\u00e3o Vitor\" \/>\n<meta name=\"twitter:card\" content=\"summary_large_image\" \/>\n<meta name=\"twitter:creator\" content=\"@sunoresearch\" \/>\n<meta name=\"twitter:site\" content=\"@sunoresearch\" \/>\n<meta name=\"twitter:label1\" content=\"Escrito por\" \/>\n\t<meta name=\"twitter:data1\" content=\"Jo\u00e3o Vitor\" \/>\n\t<meta name=\"twitter:label2\" content=\"Est. tempo de leitura\" \/>\n\t<meta name=\"twitter:data2\" content=\"3 minutos\" \/>\n<script type=\"application\/ld+json\" class=\"yoast-schema-graph\">{\"@context\":\"https:\/\/schema.org\",\"@graph\":[{\"@type\":\"NewsArticle\",\"@id\":\"https:\/\/www.suno.com.br\/noticias\/shein-shopee-aliexpress-compras-brasileiros-caem-taxacao\/#article\",\"isPartOf\":{\"@id\":\"https:\/\/www.suno.com.br\/noticias\/shein-shopee-aliexpress-compras-brasileiros-caem-taxacao\/\"},\"author\":{\"name\":\"Jo\u00e3o Vitor\",\"@id\":\"https:\/\/www.suno.com.br\/noticias\/#\/schema\/person\/87fc6973867c52dd884811905c43afba\"},\"headline\":\"Shein, Shopee e AliExpress: compras de brasileiros caem US$ 237 milh\u00f5es ap\u00f3s taxa\u00e7\u00e3o; Entenda\",\"datePublished\":\"2023-06-08T19:34:31+00:00\",\"dateModified\":\"2023-06-08T19:34:34+00:00\",\"mainEntityOfPage\":{\"@id\":\"https:\/\/www.suno.com.br\/noticias\/shein-shopee-aliexpress-compras-brasileiros-caem-taxacao\/\"},\"wordCount\":507,\"publisher\":{\"@id\":\"https:\/\/www.suno.com.br\/noticias\/#organization\"},\"image\":{\"@id\":\"https:\/\/www.suno.com.br\/noticias\/shein-shopee-aliexpress-compras-brasileiros-caem-taxacao\/#primaryimage\"},\"thumbnailUrl\":\"https:\/\/files.sunoresearch.com.br\/n\/uploads\/2023\/05\/shein.jpg\",\"keywords\":[\"com\u00e9rcio\",\"importa\u00e7\u00f5es\",\"impostos\"],\"articleSection\":[\"Neg\u00f3cios\"],\"inLanguage\":\"pt-BR\"},{\"@type\":\"WebPage\",\"@id\":\"https:\/\/www.suno.com.br\/noticias\/shein-shopee-aliexpress-compras-brasileiros-caem-taxacao\/\",\"url\":\"https:\/\/www.suno.com.br\/noticias\/shein-shopee-aliexpress-compras-brasileiros-caem-taxacao\/\",\"name\":\"Shein, Shopee: compras de brasileiros caem US$ 237 milh\u00f5es ap\u00f3s taxa\u00e7\u00e3o\",\"isPartOf\":{\"@id\":\"https:\/\/www.suno.com.br\/noticias\/#website\"},\"primaryImageOfPage\":{\"@id\":\"https:\/\/www.suno.com.br\/noticias\/shein-shopee-aliexpress-compras-brasileiros-caem-taxacao\/#primaryimage\"},\"image\":{\"@id\":\"https:\/\/www.suno.com.br\/noticias\/shein-shopee-aliexpress-compras-brasileiros-caem-taxacao\/#primaryimage\"},\"thumbnailUrl\":\"https:\/\/files.sunoresearch.com.br\/n\/uploads\/2023\/05\/shein.jpg\",\"datePublished\":\"2023-06-08T19:34:31+00:00\",\"dateModified\":\"2023-06-08T19:34:34+00:00\",\"description\":\"As compras de brasileiros em plataformas como as da Shein, Shopee e AliExpress ca\u00edram US$ 237 milh\u00f5es ap\u00f3s taxa\u00e7\u00e3o. Entenda os motivos.\",\"breadcrumb\":{\"@id\":\"https:\/\/www.suno.com.br\/noticias\/shein-shopee-aliexpress-compras-brasileiros-caem-taxacao\/#breadcrumb\"},\"inLanguage\":\"pt-BR\",\"potentialAction\":[{\"@type\":\"ReadAction\",\"target\":[\"https:\/\/www.suno.com.br\/noticias\/shein-shopee-aliexpress-compras-brasileiros-caem-taxacao\/\"]}]},{\"@type\":\"ImageObject\",\"inLanguage\":\"pt-BR\",\"@id\":\"https:\/\/www.suno.com.br\/noticias\/shein-shopee-aliexpress-compras-brasileiros-caem-taxacao\/#primaryimage\",\"url\":\"https:\/\/files.sunoresearch.com.br\/n\/uploads\/2023\/05\/shein.jpg\",\"contentUrl\":\"https:\/\/files.sunoresearch.com.br\/n\/uploads\/2023\/05\/shein.jpg\",\"width\":1200,\"height\":800,\"caption\":\"Shein. Foto: iStock\"},{\"@type\":\"BreadcrumbList\",\"@id\":\"https:\/\/www.suno.com.br\/noticias\/shein-shopee-aliexpress-compras-brasileiros-caem-taxacao\/#breadcrumb\",\"itemListElement\":[{\"@type\":\"ListItem\",\"position\":1,\"name\":\"Not\u00edcias\",\"item\":\"https:\/\/www.suno.com.br\/noticias\/\"},{\"@type\":\"ListItem\",\"position\":2,\"name\":\"Neg\u00f3cios\",\"item\":\"https:\/\/www.suno.com.br\/noticias\/negocios\/\"},{\"@type\":\"ListItem\",\"position\":3,\"name\":\"Shein, Shopee e AliExpress: compras de brasileiros caem US$ 237 milh\u00f5es ap\u00f3s taxa\u00e7\u00e3o; Entenda\"}]},{\"@type\":\"WebSite\",\"@id\":\"https:\/\/www.suno.com.br\/noticias\/#website\",\"url\":\"https:\/\/www.suno.com.br\/noticias\/\",\"name\":\"Suno Not\u00edcias\",\"description\":\"Seu portal de informa\u00e7\u00e3o sobre o mundo dos investimentos\",\"publisher\":{\"@id\":\"https:\/\/www.suno.com.br\/noticias\/#organization\"},\"potentialAction\":[{\"@type\":\"SearchAction\",\"target\":{\"@type\":\"EntryPoint\",\"urlTemplate\":\"https:\/\/www.suno.com.br\/noticias\/?s={search_term_string}\"},\"query-input\":{\"@type\":\"PropertyValueSpecification\",\"valueRequired\":true,\"valueName\":\"search_term_string\"}}],\"inLanguage\":\"pt-BR\"},{\"@type\":\"Organization\",\"@id\":\"https:\/\/www.suno.com.br\/noticias\/#organization\",\"name\":\"Suno Not\u00edcias\",\"url\":\"https:\/\/www.suno.com.br\/noticias\/\",\"logo\":{\"@type\":\"ImageObject\",\"inLanguage\":\"pt-BR\",\"@id\":\"https:\/\/www.suno.com.br\/noticias\/#\/schema\/logo\/image\/\",\"url\":\"https:\/\/files.sunoresearch.com.br\/n\/uploads\/2021\/09\/suno-logo.png\",\"contentUrl\":\"https:\/\/files.sunoresearch.com.br\/n\/uploads\/2021\/09\/suno-logo.png\",\"width\":180,\"height\":180,\"caption\":\"Suno Not\u00edcias\"},\"image\":{\"@id\":\"https:\/\/www.suno.com.br\/noticias\/#\/schema\/logo\/image\/\"},\"sameAs\":[\"https:\/\/facebook.com\/sunoresearch\",\"https:\/\/x.com\/sunoresearch\",\"https:\/\/www.instagram.com\/suno\",\"https:\/\/www.linkedin.com\/company\/suno-research\/\",\"https:\/\/www.youtube.com\/c\/sunoresearch\"]},{\"@type\":\"Person\",\"@id\":\"https:\/\/www.suno.com.br\/noticias\/#\/schema\/person\/87fc6973867c52dd884811905c43afba\",\"name\":\"Jo\u00e3o Vitor\",\"image\":{\"@type\":\"ImageObject\",\"inLanguage\":\"pt-BR\",\"@id\":\"https:\/\/www.suno.com.br\/noticias\/#\/schema\/person\/image\/\",\"url\":\"https:\/\/secure.gravatar.com\/avatar\/2843227ca03ccf8cc7ccca45204c127e?s=96&r=g\",\"contentUrl\":\"https:\/\/secure.gravatar.com\/avatar\/2843227ca03ccf8cc7ccca45204c127e?s=96&r=g\",\"caption\":\"Jo\u00e3o Vitor\"},\"description\":\"Redator profissional, com atua\u00e7\u00e3o no mercado editorial na produ\u00e7\u00e3o de not\u00edcias e conte\u00fados sobre o mercado de a\u00e7\u00f5es, fundos imobili\u00e1rios e economia popular. Graduando em Engenharia Qu\u00edmica pela Unesp, tamb\u00e9m j\u00e1 atuou como consultor financeiro.\",\"url\":\"https:\/\/www.suno.com.br\/noticias\/author\/joao-vitor-jacintho\/\"}]}<\/script>\n<!-- \/ Yoast SEO plugin. -->","yoast_head_json":{"title":"Shein, Shopee: compras de brasileiros caem US$ 237 milh\u00f5es ap\u00f3s taxa\u00e7\u00e3o","description":"As compras de brasileiros em plataformas como as da Shein, Shopee e AliExpress ca\u00edram US$ 237 milh\u00f5es ap\u00f3s taxa\u00e7\u00e3o. Entenda os motivos.","robots":{"index":"index","follow":"follow","max-snippet":"max-snippet:-1","max-image-preview":"max-image-preview:large","max-video-preview":"max-video-preview:-1"},"canonical":"https:\/\/www.suno.com.br\/noticias\/shein-shopee-aliexpress-compras-brasileiros-caem-taxacao\/","og_locale":"pt_BR","og_type":"article","og_title":"Shein, Shopee: compras de brasileiros caem US$ 237 milh\u00f5es ap\u00f3s taxa\u00e7\u00e3o","og_description":"As compras de brasileiros em plataformas como as da Shein, Shopee e AliExpress ca\u00edram US$ 237 milh\u00f5es ap\u00f3s taxa\u00e7\u00e3o. Entenda os motivos.","og_url":"https:\/\/www.suno.com.br\/noticias\/shein-shopee-aliexpress-compras-brasileiros-caem-taxacao\/","og_site_name":"Suno Not\u00edcias","article_publisher":"https:\/\/facebook.com\/sunoresearch","og_image":[{"width":1200,"height":800,"url":"https:\/\/files.sunoresearch.com.br\/n\/uploads\/2023\/05\/shein.jpg","type":"image\/jpeg"}],"author":"Jo\u00e3o Vitor","twitter_card":"summary_large_image","twitter_creator":"@sunoresearch","twitter_site":"@sunoresearch","twitter_misc":{"Escrito por":"Jo\u00e3o Vitor","Est. tempo de leitura":"3 minutos"},"schema":{"@context":"https:\/\/schema.org","@graph":[{"@type":"NewsArticle","@id":"https:\/\/www.suno.com.br\/noticias\/shein-shopee-aliexpress-compras-brasileiros-caem-taxacao\/#article","isPartOf":{"@id":"https:\/\/www.suno.com.br\/noticias\/shein-shopee-aliexpress-compras-brasileiros-caem-taxacao\/"},"author":{"name":"Jo\u00e3o Vitor","@id":"https:\/\/www.suno.com.br\/noticias\/#\/schema\/person\/87fc6973867c52dd884811905c43afba"},"headline":"Shein, Shopee e AliExpress: compras de brasileiros caem US$ 237 milh\u00f5es ap\u00f3s taxa\u00e7\u00e3o; Entenda","datePublished":"2023-06-08T19:34:31+00:00","dateModified":"2023-06-08T19:34:34+00:00","mainEntityOfPage":{"@id":"https:\/\/www.suno.com.br\/noticias\/shein-shopee-aliexpress-compras-brasileiros-caem-taxacao\/"},"wordCount":507,"publisher":{"@id":"https:\/\/www.suno.com.br\/noticias\/#organization"},"image":{"@id":"https:\/\/www.suno.com.br\/noticias\/shein-shopee-aliexpress-compras-brasileiros-caem-taxacao\/#primaryimage"},"thumbnailUrl":"https:\/\/files.sunoresearch.com.br\/n\/uploads\/2023\/05\/shein.jpg","keywords":["com\u00e9rcio","importa\u00e7\u00f5es","impostos"],"articleSection":["Neg\u00f3cios"],"inLanguage":"pt-BR"},{"@type":"WebPage","@id":"https:\/\/www.suno.com.br\/noticias\/shein-shopee-aliexpress-compras-brasileiros-caem-taxacao\/","url":"https:\/\/www.suno.com.br\/noticias\/shein-shopee-aliexpress-compras-brasileiros-caem-taxacao\/","name":"Shein, Shopee: compras de brasileiros caem US$ 237 milh\u00f5es ap\u00f3s taxa\u00e7\u00e3o","isPartOf":{"@id":"https:\/\/www.suno.com.br\/noticias\/#website"},"primaryImageOfPage":{"@id":"https:\/\/www.suno.com.br\/noticias\/shein-shopee-aliexpress-compras-brasileiros-caem-taxacao\/#primaryimage"},"image":{"@id":"https:\/\/www.suno.com.br\/noticias\/shein-shopee-aliexpress-compras-brasileiros-caem-taxacao\/#primaryimage"},"thumbnailUrl":"https:\/\/files.sunoresearch.com.br\/n\/uploads\/2023\/05\/shein.jpg","datePublished":"2023-06-08T19:34:31+00:00","dateModified":"2023-06-08T19:34:34+00:00","description":"As compras de brasileiros em plataformas como as da Shein, Shopee e AliExpress ca\u00edram US$ 237 milh\u00f5es ap\u00f3s taxa\u00e7\u00e3o. Entenda os motivos.","breadcrumb":{"@id":"https:\/\/www.suno.com.br\/noticias\/shein-shopee-aliexpress-compras-brasileiros-caem-taxacao\/#breadcrumb"},"inLanguage":"pt-BR","potentialAction":[{"@type":"ReadAction","target":["https:\/\/www.suno.com.br\/noticias\/shein-shopee-aliexpress-compras-brasileiros-caem-taxacao\/"]}]},{"@type":"ImageObject","inLanguage":"pt-BR","@id":"https:\/\/www.suno.com.br\/noticias\/shein-shopee-aliexpress-compras-brasileiros-caem-taxacao\/#primaryimage","url":"https:\/\/files.sunoresearch.com.br\/n\/uploads\/2023\/05\/shein.jpg","contentUrl":"https:\/\/files.sunoresearch.com.br\/n\/uploads\/2023\/05\/shein.jpg","width":1200,"height":800,"caption":"Shein. Foto: iStock"},{"@type":"BreadcrumbList","@id":"https:\/\/www.suno.com.br\/noticias\/shein-shopee-aliexpress-compras-brasileiros-caem-taxacao\/#breadcrumb","itemListElement":[{"@type":"ListItem","position":1,"name":"Not\u00edcias","item":"https:\/\/www.suno.com.br\/noticias\/"},{"@type":"ListItem","position":2,"name":"Neg\u00f3cios","item":"https:\/\/www.suno.com.br\/noticias\/negocios\/"},{"@type":"ListItem","position":3,"name":"Shein, Shopee e AliExpress: compras de brasileiros caem US$ 237 milh\u00f5es ap\u00f3s taxa\u00e7\u00e3o; Entenda"}]},{"@type":"WebSite","@id":"https:\/\/www.suno.com.br\/noticias\/#website","url":"https:\/\/www.suno.com.br\/noticias\/","name":"Suno Not\u00edcias","description":"Seu portal de informa\u00e7\u00e3o sobre o mundo dos investimentos","publisher":{"@id":"https:\/\/www.suno.com.br\/noticias\/#organization"},"potentialAction":[{"@type":"SearchAction","target":{"@type":"EntryPoint","urlTemplate":"https:\/\/www.suno.com.br\/noticias\/?s={search_term_string}"},"query-input":{"@type":"PropertyValueSpecification","valueRequired":true,"valueName":"search_term_string"}}],"inLanguage":"pt-BR"},{"@type":"Organization","@id":"https:\/\/www.suno.com.br\/noticias\/#organization","name":"Suno Not\u00edcias","url":"https:\/\/www.suno.com.br\/noticias\/","logo":{"@type":"ImageObject","inLanguage":"pt-BR","@id":"https:\/\/www.suno.com.br\/noticias\/#\/schema\/logo\/image\/","url":"https:\/\/files.sunoresearch.com.br\/n\/uploads\/2021\/09\/suno-logo.png","contentUrl":"https:\/\/files.sunoresearch.com.br\/n\/uploads\/2021\/09\/suno-logo.png","width":180,"height":180,"caption":"Suno Not\u00edcias"},"image":{"@id":"https:\/\/www.suno.com.br\/noticias\/#\/schema\/logo\/image\/"},"sameAs":["https:\/\/facebook.com\/sunoresearch","https:\/\/x.com\/sunoresearch","https:\/\/www.instagram.com\/suno","https:\/\/www.linkedin.com\/company\/suno-research\/","https:\/\/www.youtube.com\/c\/sunoresearch"]},{"@type":"Person","@id":"https:\/\/www.suno.com.br\/noticias\/#\/schema\/person\/87fc6973867c52dd884811905c43afba","name":"Jo\u00e3o Vitor","image":{"@type":"ImageObject","inLanguage":"pt-BR","@id":"https:\/\/www.suno.com.br\/noticias\/#\/schema\/person\/image\/","url":"https:\/\/secure.gravatar.com\/avatar\/2843227ca03ccf8cc7ccca45204c127e?s=96&r=g","contentUrl":"https:\/\/secure.gravatar.com\/avatar\/2843227ca03ccf8cc7ccca45204c127e?s=96&r=g","caption":"Jo\u00e3o Vitor"},"description":"Redator profissional, com atua\u00e7\u00e3o no mercado editorial na produ\u00e7\u00e3o de not\u00edcias e conte\u00fados sobre o mercado de a\u00e7\u00f5es, fundos imobili\u00e1rios e economia popular. Graduando em Engenharia Qu\u00edmica pela Unesp, tamb\u00e9m j\u00e1 atuou como consultor financeiro.","url":"https:\/\/www.suno.com.br\/noticias\/author\/joao-vitor-jacintho\/"}]}},"default_loop_html":"<div class=\"cardsPage__listCard__boxs\"><div class=\"cardsPage__listCard__boxs__img\"><a href=\"https:\/\/www.suno.com.br\/noticias\/shein-shopee-aliexpress-compras-brasileiros-caem-taxacao\/\"><img class=\"mask\" src=\"https:\/\/www.suno.com.br\/noticias\/wp-content\/themes\/suno\/resources\/images\/spotlight\/spotlight1img\/bg-mask.png\" alt=\"Image Mask\"\/><img src=\"https:\/\/files.sunoresearch.com.br\/n\/uploads\/2023\/05\/shein-400x200.jpg\" alt=\"Shein, Shopee e AliExpress: compras de brasileiros caem US$ 237 milh\u00f5es ap\u00f3s taxa\u00e7\u00e3o; Entenda\"\/><\/a><span class=\"spotlightCategory\"><a href=\"https:\/\/www.suno.com.br\/noticias\/negocios\/\">Neg\u00f3cios<\/a><\/span><\/div><div class=\"cardsPage__listCard__boxs__content\"><a href=\"https:\/\/www.suno.com.br\/noticias\/shein-shopee-aliexpress-compras-brasileiros-caem-taxacao\/\"><h2 class=\"content__title\">Shein, Shopee e AliExpress: compras de brasileiros caem US$ 237 milh\u00f5es ap\u00f3s taxa\u00e7\u00e3o; Entenda<\/h2><\/a><div class=\"newsContent__article__meta\"><div class=\"newsContent__article__meta__authorBox\"><a href=\"https:\/\/www.suno.com.br\/noticias\/author\/joao-vitor-jacintho\/\" class=\"authorBox__avatar noMobi\"><img src=\"https:\/\/secure.gravatar.com\/avatar\/2843227ca03ccf8cc7ccca45204c127e?s=96&#038;r=g\" alt=\"Jo\u00e3o Vitor Jacintho\"><\/a><div class=\"authorBox__name\"><span>por\n\t\t\t<a href=\"https:\/\/www.suno.com.br\/noticias\/author\/joao-vitor-jacintho\/\"><span itemprop=\"author\">Jo\u00e3o Vitor Jacintho<\/span><\/a><\/span><time datetime=\"2023-06-08T16:34:31-03:00\" itemprop=\"datePublished\">08\/06\/2023 16:34<\/time><\/div><\/div><\/div><\/div><\/div>","single_layout":"posts","amp_enabled":true,"_links":{"self":[{"href":"https:\/\/www.suno.com.br\/noticias\/wp-json\/wp\/v2\/posts\/414600"}],"collection":[{"href":"https:\/\/www.suno.com.br\/noticias\/wp-json\/wp\/v2\/posts"}],"about":[{"href":"https:\/\/www.suno.com.br\/noticias\/wp-json\/wp\/v2\/types\/post"}],"author":[{"embeddable":true,"href":"https:\/\/www.suno.com.br\/noticias\/wp-json\/wp\/v2\/users\/173"}],"replies":[{"embeddable":true,"href":"https:\/\/www.suno.com.br\/noticias\/wp-json\/wp\/v2\/comments?post=414600"}],"version-history":[{"count":2,"href":"https:\/\/www.suno.com.br\/noticias\/wp-json\/wp\/v2\/posts\/414600\/revisions"}],"predecessor-version":[{"id":414603,"href":"https:\/\/www.suno.com.br\/noticias\/wp-json\/wp\/v2\/posts\/414600\/revisions\/414603"}],"wp:featuredmedia":[{"embeddable":true,"href":"https:\/\/www.suno.com.br\/noticias\/wp-json\/wp\/v2\/media\/406964"}],"wp:attachment":[{"href":"https:\/\/www.suno.com.br\/noticias\/wp-json\/wp\/v2\/media?parent=414600"}],"wp:term":[{"taxonomy":"category","embeddable":true,"href":"https:\/\/www.suno.com.br\/noticias\/wp-json\/wp\/v2\/categories?post=414600"},{"taxonomy":"post_tag","embeddable":true,"href":"https:\/\/www.suno.com.br\/noticias\/wp-json\/wp\/v2\/tags?post=414600"},{"taxonomy":"suno_strategy","embeddable":true,"href":"https:\/\/www.suno.com.br\/noticias\/wp-json\/wp\/v2\/suno_strategy?post=414600"}],"curies":[{"name":"wp","href":"https:\/\/api.w.org\/{rel}","templated":true}]}}