{"id":414489,"date":"2023-06-08T13:01:46","date_gmt":"2023-06-08T16:01:46","guid":{"rendered":"https:\/\/www.suno.com.br\/noticias\/?p=414489"},"modified":"2023-06-08T13:02:10","modified_gmt":"2023-06-08T16:02:10","slug":"copel-cple6-privatizacao-mudanca-estatuto","status":"publish","type":"post","link":"https:\/\/www.suno.com.br\/noticias\/copel-cple6-privatizacao-mudanca-estatuto\/","title":{"rendered":"Copel (CPLE6) d\u00e1 novo passo para privatiza\u00e7\u00e3o; Acionistas aprovam mudan\u00e7a no estatuto"},"content":{"rendered":"<p>A <strong>Copel<\/strong> (<a href=\"https:\/\/www.suno.com.br\/acoes\/cple6\/\" target=\"_blank\" rel=\"noreferrer noopener\">CPLE6<\/a>) deu um novo passo em dire\u00e7\u00e3o \u00e0 privatiza\u00e7\u00e3o com a aprova\u00e7\u00e3o da reforma do estatuto da companhia pelos acionistas em <a href=\"https:\/\/www.suno.com.br\/artigos\/assembleia-geral-extraordinaria\/\" target=\"_blank\" rel=\"noreferrer noopener\">assembleia geral extraordin\u00e1ria (AGE)<\/a> realizada nesta quarta-feira (7).<\/p>\t<div class=\"wrapper-featured-image\">\n\t\t<figure class=\"spotlightImg\">\n\n\t\t\t<picture>\n\t\t\t\t<source media=\"(max-width: 768px)\" srcset=\"https:\/\/files.sunoresearch.com.br\/n\/uploads\/2023\/05\/copel-agenda-eua-cpi-haddad-japao-g7-400x200.jpg\">\n\t\t\t\t<img loading=\"lazy\" decoding=\"async\" class=\"newsContent__article__imgCapa lazyloadDisabled \" src=\"https:\/\/files.sunoresearch.com.br\/n\/uploads\/2023\/05\/copel-agenda-eua-cpi-haddad-japao-g7-800x450.jpg\" width=\"800\" height=\"450\" alt=\"Copel (CPLE6) d\u00e1 novo passo para privatiza\u00e7\u00e3o; Acionistas aprovam mudan\u00e7a no estatuto\" fetchpriority=high \/>\n\t\t\t<\/picture>\n\n\t\t\t<figcaption class=\"wp-caption-text wp-caption-text--show\">Copel (CPLE6). Foto: Reprodu\u00e7\u00e3o\/Facebook\n<\/figcaption>\n\t\t<\/figure>\n\t<\/div>\n\n\n\n\n\n\t<p>\n\t\t<a href=\"https:\/\/lp2.suno.com.br\/cl\/black-friday-2025\/?utm_campaign=_SNCDF0E4858_\" target=\"_blank\" data-element=\"shortcode-suno-banner\" title=\"Banner SUNO, clique e saiba mais\">\n\t\t\t<picture>\n\t\t\t\t<source media=\"(max-width: 500px)\" srcset=\"https:\/\/files.sunoresearch.com.br\/n\/uploads\/2025\/10\/Artigos-e-Noticias-Banner-Home-artigos-01-Mobile_-400x300-1-png.webp\">\n\t\t\t\t<img class=\"newsContent__article__imgCapa newsContent__article__imgCapa--banner\"\n\t\t\t\t\tsrc=\"https:\/\/files.sunoresearch.com.br\/n\/uploads\/2025\/10\/Artigos-e-Noticias-Banner-Home-artigos-01-Desktop_-1420x240-1-png.webp\"\n\t\t\t\t\tdata-promo-id=\"311259\"\t\t\t\t\t\t\t\t\t\twidth='1420' height='240'\t\t\t\t\talt=\"https:\/\/files.sunoresearch.com.br\/n\/uploads\/2025\/10\/Artigos-e-Noticias-Banner-Home-artigos-01-Desktop_-1420x240-1-png.webp\"\n\t\t\t\t>\n\t\t\t<\/picture>\n\t\t<\/a>\n\t<\/p>\n\n\n\n\n\n<p>As altera\u00e7\u00f5es permitem a transforma\u00e7\u00e3o da companhia em sociedade com capital disperso e sem acionista controlador, no modelo de corpora\u00e7\u00e3o. Assim, as mudan\u00e7as no estatuto representam mais um passo para uma poss\u00edvel <strong>privatiza\u00e7\u00e3o da Copel<\/strong>.<\/p>\n\n\n\n<p>Com isso, nenhum <strong>acionista da Copel <\/strong>poder\u00e1 exercer direitos correspondentes a mais de 10% do total de votos em cada delibera\u00e7\u00e3o. O modelo \u00e9 semelhante ao adotado no processo de privatiza\u00e7\u00e3o da Eletrobras. J\u00e1 o governo, principal acionista, ter\u00e1 direito a uma a\u00e7\u00e3o de classe especial &#8220;Golden Share&#8221;, condicionada \u00e0 liquida\u00e7\u00e3o da potencial <a href=\"https:\/\/www.suno.com.br\/artigos\/oferta-de-acoes\/\" target=\"_blank\" rel=\"noreferrer noopener\">oferta de a\u00e7\u00f5es<\/a> da companhia numa opera\u00e7\u00e3o no mercado de capitais.<\/p>\n\n\n\t<div data-element=\"shortcode-read-more\" class=\"knowMore\">\n\t\t\t\t<span class=\"knowMore__title\">Leia mais<\/span>\n\t\t\t\t<a class=\"knowMore__link\" href=\"https:\/\/www.suno.com.br\/noticias\/dividendos-jbs-jbss3-podem-cair-preco-alvo-btg\/\">\n\t\t\tDividendos da JBS (JBSS3) podem cair? BTG corta pre\u00e7o-alvo das a\u00e7\u00f5es em 12,5%\t\t<\/a>\n\t<\/div>\n\n\n\n\n<p>Tamb\u00e9m foi aprovada a permiss\u00e3o para que o <a href=\"https:\/\/www.suno.com.br\/artigos\/conselho-administracao\/\" target=\"_blank\" rel=\"noreferrer noopener\">conselho de administra\u00e7\u00e3o<\/a> aprove um aumento de capital social ou outras medidas, com a finalidade de colocar mediante a venda de bolsa de valores ou subscri\u00e7\u00e3o p\u00fablica de novas a\u00e7\u00f5es ordin\u00e1rias.<\/p>\n\n\n\n<p>Na mesma AGE foi aprovada a listagem da empresa no Novo Mercado da B3, segmento destinado a empresas que adotem elevadas pr\u00e1ticas de governan\u00e7a corporativa.<\/p>\n\n\n\n<p>Por causa disso, a empresa deve converter todas as <strong>a\u00e7\u00f5es da Copel<\/strong> de classe A e B em ordin\u00e1rias, na propor\u00e7\u00e3o de uma para uma. A medida est\u00e1 atrelada \u00e0 conclus\u00e3o do processo de transforma\u00e7\u00e3o da companhia em corpora\u00e7\u00e3o. O acionista que n\u00e3o aprovar a convers\u00e3o em assembleia especial ter\u00e1 o direito de retirar-se da companhia mediante o reembolso das a\u00e7\u00f5es.<\/p>\n\n\n\n<p>Os acionistas tamb\u00e9m aprovaram a inclus\u00e3o de um dispositivo de prote\u00e7\u00e3o contra a dispers\u00e3o acion\u00e1ria, de forma que o acionista ou grupo de acionistas que, direta ou indiretamente, vier a se tornar titular de <a href=\"https:\/\/www.suno.com.br\/artigos\/o-que-sao-acoes-ordinarias-preferenciais-e-units\/\" target=\"_blank\" rel=\"noreferrer noopener\">a\u00e7\u00f5es ordin\u00e1rias<\/a> em montante superior a 25% do capital votante da Copel dever\u00e1 realizar uma oferta p\u00fablica para a aquisi\u00e7\u00e3o da totalidade das demais a\u00e7\u00f5es por valor, no m\u00ednimo, 100% superior \u00e0 maior cota\u00e7\u00e3o das a\u00e7\u00f5es ordin\u00e1rias nos \u00faltimos 504 preg\u00f5es anteriores \u00e0 aquisi\u00e7\u00e3o, atualizada pela Selic. J\u00e1 quem ultrapassar 50% dever\u00e1 ofertar por valor, no m\u00ednimo, 200% superior sob os mesmos crit\u00e9rios.<\/p>\n\n\n\n<p>Em comunicado enviado \u00e0 <a href=\"https:\/\/www.suno.com.br\/artigos\/cvm\/\" target=\"_blank\" rel=\"noreferrer noopener\">Comiss\u00e3o de Valores Mobili\u00e1rios (CVM)<\/a>, a <strong>Copel<\/strong> informou que a delibera\u00e7\u00e3o da AGE est\u00e1 sob condi\u00e7\u00e3o suspensiva at\u00e9 a data de liquida\u00e7\u00e3o da potencial oferta p\u00fablica que transformar\u00e1 a Copel em corpora\u00e7\u00e3o.<\/p>\n\n\n\n<p>(Com informa\u00e7\u00f5es de Estad\u00e3o Conte\u00fado)<\/p>\n\n\n\t<p>\n\t\t<a href=\"https:\/\/lp.suno.com.br\/ebook-como-analisar-uma-acao\/\" target=\"_blank\" data-element=\"shortcode-suno-banner\" title=\"Banner SUNO, clique e saiba mais\">\n\t\t\t<picture>\n\t\t\t\t<source media=\"(max-width: 500px)\" srcset=\"https:\/\/files.sunoresearch.com.br\/n\/uploads\/2023\/12\/Ebook-Acoes-Mobile.jpg\">\n\t\t\t\t<img class=\"newsContent__article__imgCapa newsContent__article__imgCapa--banner\"\n\t\t\t\t\tsrc=\"https:\/\/files.sunoresearch.com.br\/n\/uploads\/2023\/12\/Ebook-Acoes-Desktop.webp\"\n\t\t\t\t\tdata-promo-id=\"311260\"\t\t\t\t\t\t\t\t\t\twidth='1420' height='286'\t\t\t\t\talt=\"https:\/\/files.sunoresearch.com.br\/n\/uploads\/2023\/12\/Ebook-Acoes-Desktop.webp\"\n\t\t\t\t>\n\t\t\t<\/picture>\n\t\t<\/a>\n\t<\/p>\n\n\n","protected":false},"excerpt":{"rendered":"<p>A Copel (CPLE6) deu um novo passo em dire\u00e7\u00e3o \u00e0 privatiza\u00e7\u00e3o com a aprova\u00e7\u00e3o da reforma do estatuto da companhia pelos acionistas em assembleia geral extraordin\u00e1ria (AGE) realizada nesta quarta-feira (7). Copel (CPLE6). Foto: Reprodu\u00e7\u00e3o\/Facebook As altera\u00e7\u00f5es permitem a transforma\u00e7\u00e3o da companhia em sociedade com capital disperso e sem acionista controlador, no modelo de corpora\u00e7\u00e3o. [&hellip;]<\/p>\n","protected":false},"author":173,"featured_media":402509,"comment_status":"closed","ping_status":"closed","sticky":false,"template":"","format":"standard","meta":[],"categories":[64],"tags":[431,945],"suno_strategy":[],"class_list":["post-414489","post","type-post","status-publish","format-standard","has-post-thumbnail","hentry","category-negocios","tag-copel-cple3-cple5-cple6","tag-privatizacoes"],"yoast_head":"<!-- This site is optimized with the Yoast SEO plugin v24.4 - https:\/\/yoast.com\/wordpress\/plugins\/seo\/ -->\n<title>Copel (CPLE6) d\u00e1 novo passo para privatiza\u00e7\u00e3o; Confira qual<\/title>\n<meta name=\"description\" content=\"A Copel (CPLE6) deu um novo passo em dire\u00e7\u00e3o \u00e0 sua privatiza\u00e7\u00e3o, com a aprova\u00e7\u00e3o de mudan\u00e7as no estatuto pelos acionistas. Veja detalhes.\" \/>\n<meta name=\"robots\" content=\"index, follow, max-snippet:-1, max-image-preview:large, max-video-preview:-1\" \/>\n<link rel=\"canonical\" href=\"https:\/\/www.suno.com.br\/noticias\/copel-cple6-privatizacao-mudanca-estatuto\/\" \/>\n<meta property=\"og:locale\" content=\"pt_BR\" \/>\n<meta property=\"og:type\" content=\"article\" \/>\n<meta property=\"og:title\" content=\"Copel (CPLE6) d\u00e1 novo passo para privatiza\u00e7\u00e3o; Confira qual\" \/>\n<meta property=\"og:description\" content=\"A Copel (CPLE6) deu um novo passo em dire\u00e7\u00e3o \u00e0 sua privatiza\u00e7\u00e3o, com a aprova\u00e7\u00e3o de mudan\u00e7as no estatuto pelos acionistas. Veja detalhes.\" \/>\n<meta property=\"og:url\" content=\"https:\/\/www.suno.com.br\/noticias\/copel-cple6-privatizacao-mudanca-estatuto\/\" \/>\n<meta property=\"og:site_name\" content=\"Suno Not\u00edcias\" \/>\n<meta property=\"article:publisher\" content=\"https:\/\/facebook.com\/sunoresearch\" \/>\n<meta property=\"og:image\" content=\"https:\/\/files.sunoresearch.com.br\/n\/uploads\/2023\/05\/copel-agenda-eua-cpi-haddad-japao-g7.jpg\" \/>\n\t<meta property=\"og:image:width\" content=\"1200\" \/>\n\t<meta property=\"og:image:height\" content=\"800\" \/>\n\t<meta property=\"og:image:type\" content=\"image\/jpeg\" \/>\n<meta name=\"author\" content=\"Jo\u00e3o Vitor\" \/>\n<meta name=\"twitter:card\" content=\"summary_large_image\" \/>\n<meta name=\"twitter:creator\" content=\"@sunoresearch\" \/>\n<meta name=\"twitter:site\" content=\"@sunoresearch\" \/>\n<meta name=\"twitter:label1\" content=\"Escrito por\" \/>\n\t<meta name=\"twitter:data1\" content=\"Jo\u00e3o Vitor\" \/>\n\t<meta name=\"twitter:label2\" content=\"Est. tempo de leitura\" \/>\n\t<meta name=\"twitter:data2\" content=\"3 minutos\" \/>\n<script type=\"application\/ld+json\" class=\"yoast-schema-graph\">{\"@context\":\"https:\/\/schema.org\",\"@graph\":[{\"@type\":\"NewsArticle\",\"@id\":\"https:\/\/www.suno.com.br\/noticias\/copel-cple6-privatizacao-mudanca-estatuto\/#article\",\"isPartOf\":{\"@id\":\"https:\/\/www.suno.com.br\/noticias\/copel-cple6-privatizacao-mudanca-estatuto\/\"},\"author\":{\"name\":\"Jo\u00e3o Vitor\",\"@id\":\"https:\/\/www.suno.com.br\/noticias\/#\/schema\/person\/87fc6973867c52dd884811905c43afba\"},\"headline\":\"Copel (CPLE6) d\u00e1 novo passo para privatiza\u00e7\u00e3o; Acionistas aprovam mudan\u00e7a no estatuto\",\"datePublished\":\"2023-06-08T16:01:46+00:00\",\"dateModified\":\"2023-06-08T16:02:10+00:00\",\"mainEntityOfPage\":{\"@id\":\"https:\/\/www.suno.com.br\/noticias\/copel-cple6-privatizacao-mudanca-estatuto\/\"},\"wordCount\":461,\"publisher\":{\"@id\":\"https:\/\/www.suno.com.br\/noticias\/#organization\"},\"image\":{\"@id\":\"https:\/\/www.suno.com.br\/noticias\/copel-cple6-privatizacao-mudanca-estatuto\/#primaryimage\"},\"thumbnailUrl\":\"https:\/\/files.sunoresearch.com.br\/n\/uploads\/2023\/05\/copel-agenda-eua-cpi-haddad-japao-g7.jpg\",\"keywords\":[\"Copel (CPLE3\/CPLE5\/CPLE6)\",\"privatiza\u00e7\u00f5es\"],\"articleSection\":[\"Neg\u00f3cios\"],\"inLanguage\":\"pt-BR\"},{\"@type\":\"WebPage\",\"@id\":\"https:\/\/www.suno.com.br\/noticias\/copel-cple6-privatizacao-mudanca-estatuto\/\",\"url\":\"https:\/\/www.suno.com.br\/noticias\/copel-cple6-privatizacao-mudanca-estatuto\/\",\"name\":\"Copel (CPLE6) d\u00e1 novo passo para privatiza\u00e7\u00e3o; Confira qual\",\"isPartOf\":{\"@id\":\"https:\/\/www.suno.com.br\/noticias\/#website\"},\"primaryImageOfPage\":{\"@id\":\"https:\/\/www.suno.com.br\/noticias\/copel-cple6-privatizacao-mudanca-estatuto\/#primaryimage\"},\"image\":{\"@id\":\"https:\/\/www.suno.com.br\/noticias\/copel-cple6-privatizacao-mudanca-estatuto\/#primaryimage\"},\"thumbnailUrl\":\"https:\/\/files.sunoresearch.com.br\/n\/uploads\/2023\/05\/copel-agenda-eua-cpi-haddad-japao-g7.jpg\",\"datePublished\":\"2023-06-08T16:01:46+00:00\",\"dateModified\":\"2023-06-08T16:02:10+00:00\",\"description\":\"A Copel (CPLE6) deu um novo passo em dire\u00e7\u00e3o \u00e0 sua privatiza\u00e7\u00e3o, com a aprova\u00e7\u00e3o de mudan\u00e7as no estatuto pelos acionistas. Veja detalhes.\",\"breadcrumb\":{\"@id\":\"https:\/\/www.suno.com.br\/noticias\/copel-cple6-privatizacao-mudanca-estatuto\/#breadcrumb\"},\"inLanguage\":\"pt-BR\",\"potentialAction\":[{\"@type\":\"ReadAction\",\"target\":[\"https:\/\/www.suno.com.br\/noticias\/copel-cple6-privatizacao-mudanca-estatuto\/\"]}]},{\"@type\":\"ImageObject\",\"inLanguage\":\"pt-BR\",\"@id\":\"https:\/\/www.suno.com.br\/noticias\/copel-cple6-privatizacao-mudanca-estatuto\/#primaryimage\",\"url\":\"https:\/\/files.sunoresearch.com.br\/n\/uploads\/2023\/05\/copel-agenda-eua-cpi-haddad-japao-g7.jpg\",\"contentUrl\":\"https:\/\/files.sunoresearch.com.br\/n\/uploads\/2023\/05\/copel-agenda-eua-cpi-haddad-japao-g7.jpg\",\"width\":1200,\"height\":800,\"caption\":\"Copel (CPLE6). Foto: Reprodu\u00e7\u00e3o\/Facebook\"},{\"@type\":\"BreadcrumbList\",\"@id\":\"https:\/\/www.suno.com.br\/noticias\/copel-cple6-privatizacao-mudanca-estatuto\/#breadcrumb\",\"itemListElement\":[{\"@type\":\"ListItem\",\"position\":1,\"name\":\"Not\u00edcias\",\"item\":\"https:\/\/www.suno.com.br\/noticias\/\"},{\"@type\":\"ListItem\",\"position\":2,\"name\":\"Neg\u00f3cios\",\"item\":\"https:\/\/www.suno.com.br\/noticias\/negocios\/\"},{\"@type\":\"ListItem\",\"position\":3,\"name\":\"Copel (CPLE6) d\u00e1 novo passo para privatiza\u00e7\u00e3o; Acionistas aprovam mudan\u00e7a no estatuto\"}]},{\"@type\":\"WebSite\",\"@id\":\"https:\/\/www.suno.com.br\/noticias\/#website\",\"url\":\"https:\/\/www.suno.com.br\/noticias\/\",\"name\":\"Suno Not\u00edcias\",\"description\":\"Seu portal de informa\u00e7\u00e3o sobre o mundo dos investimentos\",\"publisher\":{\"@id\":\"https:\/\/www.suno.com.br\/noticias\/#organization\"},\"potentialAction\":[{\"@type\":\"SearchAction\",\"target\":{\"@type\":\"EntryPoint\",\"urlTemplate\":\"https:\/\/www.suno.com.br\/noticias\/?s={search_term_string}\"},\"query-input\":{\"@type\":\"PropertyValueSpecification\",\"valueRequired\":true,\"valueName\":\"search_term_string\"}}],\"inLanguage\":\"pt-BR\"},{\"@type\":\"Organization\",\"@id\":\"https:\/\/www.suno.com.br\/noticias\/#organization\",\"name\":\"Suno Not\u00edcias\",\"url\":\"https:\/\/www.suno.com.br\/noticias\/\",\"logo\":{\"@type\":\"ImageObject\",\"inLanguage\":\"pt-BR\",\"@id\":\"https:\/\/www.suno.com.br\/noticias\/#\/schema\/logo\/image\/\",\"url\":\"https:\/\/files.sunoresearch.com.br\/n\/uploads\/2021\/09\/suno-logo.png\",\"contentUrl\":\"https:\/\/files.sunoresearch.com.br\/n\/uploads\/2021\/09\/suno-logo.png\",\"width\":180,\"height\":180,\"caption\":\"Suno Not\u00edcias\"},\"image\":{\"@id\":\"https:\/\/www.suno.com.br\/noticias\/#\/schema\/logo\/image\/\"},\"sameAs\":[\"https:\/\/facebook.com\/sunoresearch\",\"https:\/\/x.com\/sunoresearch\",\"https:\/\/www.instagram.com\/suno\",\"https:\/\/www.linkedin.com\/company\/suno-research\/\",\"https:\/\/www.youtube.com\/c\/sunoresearch\"]},{\"@type\":\"Person\",\"@id\":\"https:\/\/www.suno.com.br\/noticias\/#\/schema\/person\/87fc6973867c52dd884811905c43afba\",\"name\":\"Jo\u00e3o Vitor\",\"image\":{\"@type\":\"ImageObject\",\"inLanguage\":\"pt-BR\",\"@id\":\"https:\/\/www.suno.com.br\/noticias\/#\/schema\/person\/image\/\",\"url\":\"https:\/\/secure.gravatar.com\/avatar\/2843227ca03ccf8cc7ccca45204c127e?s=96&r=g\",\"contentUrl\":\"https:\/\/secure.gravatar.com\/avatar\/2843227ca03ccf8cc7ccca45204c127e?s=96&r=g\",\"caption\":\"Jo\u00e3o Vitor\"},\"description\":\"Redator profissional, com atua\u00e7\u00e3o no mercado editorial na produ\u00e7\u00e3o de not\u00edcias e conte\u00fados sobre o mercado de a\u00e7\u00f5es, fundos imobili\u00e1rios e economia popular. Graduando em Engenharia Qu\u00edmica pela Unesp, tamb\u00e9m j\u00e1 atuou como consultor financeiro.\",\"url\":\"https:\/\/www.suno.com.br\/noticias\/author\/joao-vitor-jacintho\/\"}]}<\/script>\n<!-- \/ Yoast SEO plugin. -->","yoast_head_json":{"title":"Copel (CPLE6) d\u00e1 novo passo para privatiza\u00e7\u00e3o; Confira qual","description":"A Copel (CPLE6) deu um novo passo em dire\u00e7\u00e3o \u00e0 sua privatiza\u00e7\u00e3o, com a aprova\u00e7\u00e3o de mudan\u00e7as no estatuto pelos acionistas. Veja detalhes.","robots":{"index":"index","follow":"follow","max-snippet":"max-snippet:-1","max-image-preview":"max-image-preview:large","max-video-preview":"max-video-preview:-1"},"canonical":"https:\/\/www.suno.com.br\/noticias\/copel-cple6-privatizacao-mudanca-estatuto\/","og_locale":"pt_BR","og_type":"article","og_title":"Copel (CPLE6) d\u00e1 novo passo para privatiza\u00e7\u00e3o; Confira qual","og_description":"A Copel (CPLE6) deu um novo passo em dire\u00e7\u00e3o \u00e0 sua privatiza\u00e7\u00e3o, com a aprova\u00e7\u00e3o de mudan\u00e7as no estatuto pelos acionistas. Veja detalhes.","og_url":"https:\/\/www.suno.com.br\/noticias\/copel-cple6-privatizacao-mudanca-estatuto\/","og_site_name":"Suno Not\u00edcias","article_publisher":"https:\/\/facebook.com\/sunoresearch","og_image":[{"width":1200,"height":800,"url":"https:\/\/files.sunoresearch.com.br\/n\/uploads\/2023\/05\/copel-agenda-eua-cpi-haddad-japao-g7.jpg","type":"image\/jpeg"}],"author":"Jo\u00e3o Vitor","twitter_card":"summary_large_image","twitter_creator":"@sunoresearch","twitter_site":"@sunoresearch","twitter_misc":{"Escrito por":"Jo\u00e3o Vitor","Est. tempo de leitura":"3 minutos"},"schema":{"@context":"https:\/\/schema.org","@graph":[{"@type":"NewsArticle","@id":"https:\/\/www.suno.com.br\/noticias\/copel-cple6-privatizacao-mudanca-estatuto\/#article","isPartOf":{"@id":"https:\/\/www.suno.com.br\/noticias\/copel-cple6-privatizacao-mudanca-estatuto\/"},"author":{"name":"Jo\u00e3o Vitor","@id":"https:\/\/www.suno.com.br\/noticias\/#\/schema\/person\/87fc6973867c52dd884811905c43afba"},"headline":"Copel (CPLE6) d\u00e1 novo passo para privatiza\u00e7\u00e3o; Acionistas aprovam mudan\u00e7a no estatuto","datePublished":"2023-06-08T16:01:46+00:00","dateModified":"2023-06-08T16:02:10+00:00","mainEntityOfPage":{"@id":"https:\/\/www.suno.com.br\/noticias\/copel-cple6-privatizacao-mudanca-estatuto\/"},"wordCount":461,"publisher":{"@id":"https:\/\/www.suno.com.br\/noticias\/#organization"},"image":{"@id":"https:\/\/www.suno.com.br\/noticias\/copel-cple6-privatizacao-mudanca-estatuto\/#primaryimage"},"thumbnailUrl":"https:\/\/files.sunoresearch.com.br\/n\/uploads\/2023\/05\/copel-agenda-eua-cpi-haddad-japao-g7.jpg","keywords":["Copel (CPLE3\/CPLE5\/CPLE6)","privatiza\u00e7\u00f5es"],"articleSection":["Neg\u00f3cios"],"inLanguage":"pt-BR"},{"@type":"WebPage","@id":"https:\/\/www.suno.com.br\/noticias\/copel-cple6-privatizacao-mudanca-estatuto\/","url":"https:\/\/www.suno.com.br\/noticias\/copel-cple6-privatizacao-mudanca-estatuto\/","name":"Copel (CPLE6) d\u00e1 novo passo para privatiza\u00e7\u00e3o; Confira qual","isPartOf":{"@id":"https:\/\/www.suno.com.br\/noticias\/#website"},"primaryImageOfPage":{"@id":"https:\/\/www.suno.com.br\/noticias\/copel-cple6-privatizacao-mudanca-estatuto\/#primaryimage"},"image":{"@id":"https:\/\/www.suno.com.br\/noticias\/copel-cple6-privatizacao-mudanca-estatuto\/#primaryimage"},"thumbnailUrl":"https:\/\/files.sunoresearch.com.br\/n\/uploads\/2023\/05\/copel-agenda-eua-cpi-haddad-japao-g7.jpg","datePublished":"2023-06-08T16:01:46+00:00","dateModified":"2023-06-08T16:02:10+00:00","description":"A Copel (CPLE6) deu um novo passo em dire\u00e7\u00e3o \u00e0 sua privatiza\u00e7\u00e3o, com a aprova\u00e7\u00e3o de mudan\u00e7as no estatuto pelos acionistas. Veja detalhes.","breadcrumb":{"@id":"https:\/\/www.suno.com.br\/noticias\/copel-cple6-privatizacao-mudanca-estatuto\/#breadcrumb"},"inLanguage":"pt-BR","potentialAction":[{"@type":"ReadAction","target":["https:\/\/www.suno.com.br\/noticias\/copel-cple6-privatizacao-mudanca-estatuto\/"]}]},{"@type":"ImageObject","inLanguage":"pt-BR","@id":"https:\/\/www.suno.com.br\/noticias\/copel-cple6-privatizacao-mudanca-estatuto\/#primaryimage","url":"https:\/\/files.sunoresearch.com.br\/n\/uploads\/2023\/05\/copel-agenda-eua-cpi-haddad-japao-g7.jpg","contentUrl":"https:\/\/files.sunoresearch.com.br\/n\/uploads\/2023\/05\/copel-agenda-eua-cpi-haddad-japao-g7.jpg","width":1200,"height":800,"caption":"Copel (CPLE6). Foto: Reprodu\u00e7\u00e3o\/Facebook"},{"@type":"BreadcrumbList","@id":"https:\/\/www.suno.com.br\/noticias\/copel-cple6-privatizacao-mudanca-estatuto\/#breadcrumb","itemListElement":[{"@type":"ListItem","position":1,"name":"Not\u00edcias","item":"https:\/\/www.suno.com.br\/noticias\/"},{"@type":"ListItem","position":2,"name":"Neg\u00f3cios","item":"https:\/\/www.suno.com.br\/noticias\/negocios\/"},{"@type":"ListItem","position":3,"name":"Copel (CPLE6) d\u00e1 novo passo para privatiza\u00e7\u00e3o; Acionistas aprovam mudan\u00e7a no estatuto"}]},{"@type":"WebSite","@id":"https:\/\/www.suno.com.br\/noticias\/#website","url":"https:\/\/www.suno.com.br\/noticias\/","name":"Suno Not\u00edcias","description":"Seu portal de informa\u00e7\u00e3o sobre o mundo dos investimentos","publisher":{"@id":"https:\/\/www.suno.com.br\/noticias\/#organization"},"potentialAction":[{"@type":"SearchAction","target":{"@type":"EntryPoint","urlTemplate":"https:\/\/www.suno.com.br\/noticias\/?s={search_term_string}"},"query-input":{"@type":"PropertyValueSpecification","valueRequired":true,"valueName":"search_term_string"}}],"inLanguage":"pt-BR"},{"@type":"Organization","@id":"https:\/\/www.suno.com.br\/noticias\/#organization","name":"Suno Not\u00edcias","url":"https:\/\/www.suno.com.br\/noticias\/","logo":{"@type":"ImageObject","inLanguage":"pt-BR","@id":"https:\/\/www.suno.com.br\/noticias\/#\/schema\/logo\/image\/","url":"https:\/\/files.sunoresearch.com.br\/n\/uploads\/2021\/09\/suno-logo.png","contentUrl":"https:\/\/files.sunoresearch.com.br\/n\/uploads\/2021\/09\/suno-logo.png","width":180,"height":180,"caption":"Suno Not\u00edcias"},"image":{"@id":"https:\/\/www.suno.com.br\/noticias\/#\/schema\/logo\/image\/"},"sameAs":["https:\/\/facebook.com\/sunoresearch","https:\/\/x.com\/sunoresearch","https:\/\/www.instagram.com\/suno","https:\/\/www.linkedin.com\/company\/suno-research\/","https:\/\/www.youtube.com\/c\/sunoresearch"]},{"@type":"Person","@id":"https:\/\/www.suno.com.br\/noticias\/#\/schema\/person\/87fc6973867c52dd884811905c43afba","name":"Jo\u00e3o Vitor","image":{"@type":"ImageObject","inLanguage":"pt-BR","@id":"https:\/\/www.suno.com.br\/noticias\/#\/schema\/person\/image\/","url":"https:\/\/secure.gravatar.com\/avatar\/2843227ca03ccf8cc7ccca45204c127e?s=96&r=g","contentUrl":"https:\/\/secure.gravatar.com\/avatar\/2843227ca03ccf8cc7ccca45204c127e?s=96&r=g","caption":"Jo\u00e3o Vitor"},"description":"Redator profissional, com atua\u00e7\u00e3o no mercado editorial na produ\u00e7\u00e3o de not\u00edcias e conte\u00fados sobre o mercado de a\u00e7\u00f5es, fundos imobili\u00e1rios e economia popular. Graduando em Engenharia Qu\u00edmica pela Unesp, tamb\u00e9m j\u00e1 atuou como consultor financeiro.","url":"https:\/\/www.suno.com.br\/noticias\/author\/joao-vitor-jacintho\/"}]}},"default_loop_html":"<div class=\"cardsPage__listCard__boxs\"><div class=\"cardsPage__listCard__boxs__img\"><a href=\"https:\/\/www.suno.com.br\/noticias\/copel-cple6-privatizacao-mudanca-estatuto\/\"><img class=\"mask\" src=\"https:\/\/www.suno.com.br\/noticias\/wp-content\/themes\/suno\/resources\/images\/spotlight\/spotlight1img\/bg-mask.png\" alt=\"Image Mask\"\/><img src=\"https:\/\/files.sunoresearch.com.br\/n\/uploads\/2023\/05\/copel-agenda-eua-cpi-haddad-japao-g7-400x200.jpg\" alt=\"Copel (CPLE6) d\u00e1 novo passo para privatiza\u00e7\u00e3o; Acionistas aprovam mudan\u00e7a no estatuto\"\/><\/a><span class=\"spotlightCategory\"><a href=\"https:\/\/www.suno.com.br\/noticias\/negocios\/\">Neg\u00f3cios<\/a><\/span><\/div><div class=\"cardsPage__listCard__boxs__content\"><a href=\"https:\/\/www.suno.com.br\/noticias\/copel-cple6-privatizacao-mudanca-estatuto\/\"><h2 class=\"content__title\">Copel (CPLE6) d\u00e1 novo passo para privatiza\u00e7\u00e3o; Acionistas aprovam mudan\u00e7a no estatuto<\/h2><\/a><div class=\"newsContent__article__meta\"><div class=\"newsContent__article__meta__authorBox\"><a href=\"https:\/\/www.suno.com.br\/noticias\/author\/joao-vitor-jacintho\/\" class=\"authorBox__avatar noMobi\"><img src=\"https:\/\/secure.gravatar.com\/avatar\/2843227ca03ccf8cc7ccca45204c127e?s=96&#038;r=g\" alt=\"Jo\u00e3o Vitor Jacintho\"><\/a><div class=\"authorBox__name\"><span>por\n\t\t\t<a href=\"https:\/\/www.suno.com.br\/noticias\/author\/joao-vitor-jacintho\/\"><span itemprop=\"author\">Jo\u00e3o Vitor Jacintho<\/span><\/a><\/span><time datetime=\"2023-06-08T13:01:46-03:00\" itemprop=\"datePublished\">08\/06\/2023 13:01<\/time><\/div><\/div><\/div><\/div><\/div>","single_layout":"posts","amp_enabled":true,"_links":{"self":[{"href":"https:\/\/www.suno.com.br\/noticias\/wp-json\/wp\/v2\/posts\/414489"}],"collection":[{"href":"https:\/\/www.suno.com.br\/noticias\/wp-json\/wp\/v2\/posts"}],"about":[{"href":"https:\/\/www.suno.com.br\/noticias\/wp-json\/wp\/v2\/types\/post"}],"author":[{"embeddable":true,"href":"https:\/\/www.suno.com.br\/noticias\/wp-json\/wp\/v2\/users\/173"}],"replies":[{"embeddable":true,"href":"https:\/\/www.suno.com.br\/noticias\/wp-json\/wp\/v2\/comments?post=414489"}],"version-history":[{"count":2,"href":"https:\/\/www.suno.com.br\/noticias\/wp-json\/wp\/v2\/posts\/414489\/revisions"}],"predecessor-version":[{"id":414569,"href":"https:\/\/www.suno.com.br\/noticias\/wp-json\/wp\/v2\/posts\/414489\/revisions\/414569"}],"wp:featuredmedia":[{"embeddable":true,"href":"https:\/\/www.suno.com.br\/noticias\/wp-json\/wp\/v2\/media\/402509"}],"wp:attachment":[{"href":"https:\/\/www.suno.com.br\/noticias\/wp-json\/wp\/v2\/media?parent=414489"}],"wp:term":[{"taxonomy":"category","embeddable":true,"href":"https:\/\/www.suno.com.br\/noticias\/wp-json\/wp\/v2\/categories?post=414489"},{"taxonomy":"post_tag","embeddable":true,"href":"https:\/\/www.suno.com.br\/noticias\/wp-json\/wp\/v2\/tags?post=414489"},{"taxonomy":"suno_strategy","embeddable":true,"href":"https:\/\/www.suno.com.br\/noticias\/wp-json\/wp\/v2\/suno_strategy?post=414489"}],"curies":[{"name":"wp","href":"https:\/\/api.w.org\/{rel}","templated":true}]}}