{"id":414484,"date":"2023-06-07T22:20:22","date_gmt":"2023-06-08T01:20:22","guid":{"rendered":"https:\/\/www.suno.com.br\/noticias\/?p=414484"},"modified":"2023-06-07T22:20:38","modified_gmt":"2023-06-08T01:20:38","slug":"radar-itau-itub4-nubank-nubr33-irb-irbr3","status":"publish","type":"post","link":"https:\/\/www.suno.com.br\/noticias\/radar-itau-itub4-nubank-nubr33-irb-irbr3\/","title":{"rendered":"Radar: Ita\u00fa (ITUB4) anuncia pagamento de JCP, Nubank (NUBR33) demite funcion\u00e1rios e IRB (IRBR3) emitir\u00e1 deb\u00eantures milion\u00e1rias"},"content":{"rendered":"<p>O conselho de administra\u00e7\u00e3o do<strong>&nbsp;<a href=\"https:\/\/www.suno.com.br\/acoes\/ITUB4\/?utm_source=telegram.sunoresearch\" target=\"_blank\" rel=\"noreferrer noopener\">Ita\u00fa<\/a><\/strong><a href=\"https:\/\/www.suno.com.br\/acoes\/ITUB4\/?utm_source=telegram.sunoresearch\" target=\"_blank\" rel=\"noreferrer noopener\">&nbsp;(ITUB4)<\/a>&nbsp;aprovou hoje (7) o pagamento de juros sobre capital pr\u00f3prio (JCP), no valor de R$ 0,2663 por a\u00e7\u00e3o.<\/p>\t<div class=\"wrapper-featured-image\">\n\t\t<figure class=\"spotlightImg\">\n\n\t\t\t<picture>\n\t\t\t\t<source media=\"(max-width: 768px)\" srcset=\"https:\/\/files.sunoresearch.com.br\/n\/uploads\/2022\/06\/IMAGEM_NOTICIA_0-400x200.jpg\">\n\t\t\t\t<img loading=\"lazy\" decoding=\"async\" class=\"newsContent__article__imgCapa lazyloadDisabled \" src=\"https:\/\/files.sunoresearch.com.br\/n\/uploads\/2022\/06\/IMAGEM_NOTICIA_0-800x450.jpg\" width=\"800\" height=\"450\" alt=\"Radar: Ita\u00fa (ITUB4) anuncia pagamento de JCP, Nubank (NUBR33) demite funcion\u00e1rios e IRB (IRBR3) emitir\u00e1 deb\u00eantures milion\u00e1rias\" fetchpriority=high \/>\n\t\t\t<\/picture>\n\n\t\t\t<figcaption class=\"wp-caption-text wp-caption-text--show\">Temporada de balan\u00e7os. Foto: Ag\u00eancia Brasil.<\/figcaption>\n\t\t<\/figure>\n\t<\/div>\n\n\n\n\n\n\t<p>\n\t\t<a href=\"https:\/\/lp.suno.com.br\/planilha-da-vida-financeira\/\" target=\"_blank\" data-element=\"shortcode-suno-banner\" title=\"Banner SUNO, clique e saiba mais\">\n\t\t\t<picture>\n\t\t\t\t<source media=\"(max-width: 500px)\" srcset=\"https:\/\/files.sunoresearch.com.br\/n\/uploads\/2023\/04\/400x300-Planilha-vida-financeira-true.png\">\n\t\t\t\t<img class=\"newsContent__article__imgCapa newsContent__article__imgCapa--banner\"\n\t\t\t\t\tsrc=\"https:\/\/files.sunoresearch.com.br\/n\/uploads\/2023\/04\/1420x240-Planilha-vida-financeira-true.png\"\n\t\t\t\t\tdata-promo-id=\"106682\"\t\t\t\t\t\t\t\t\t\twidth='1420' height='240'\t\t\t\t\talt=\"https:\/\/files.sunoresearch.com.br\/n\/uploads\/2023\/04\/1420x240-Planilha-vida-financeira-true.png\"\n\t\t\t\t>\n\t\t\t<\/picture>\n\t\t<\/a>\n\t<\/p>\n\n\n\n\n\n\n\n<p>Os&nbsp;<strong>JCP do Ita\u00fa<\/strong>&nbsp;contam com a reten\u00e7\u00e3o de 15% de imposto de renda na fonte, o que resulta em um valor l\u00edquido ao investidor de R$ 0,226355 por a\u00e7\u00e3o. A exce\u00e7\u00e3o dessa reten\u00e7\u00e3o vai para os acionistas pessoas jur\u00eddicas que comprovarem ser imunes ou isentos.<\/p>\n\n\n\n<p>Os&nbsp;<strong><a href=\"https:\/\/www.suno.com.br\/artigos\/entenda-o-jcp\/?utm_source=telegram.sunoresearch\" target=\"_blank\" rel=\"noreferrer noopener\">juros sobre capital pr\u00f3prio<\/a>&nbsp;do Ita\u00fa<\/strong>&nbsp;v\u00e3o ser pagos em 25 de agosto de 2023, tendo como base de c\u00e1lculo a posi\u00e7\u00e3o acion\u00e1ria registrada no dia 19 de junho de deste ano.<\/p>\n\n\n\n<p>Sendo assim, a partir do dia 20 de junho, as&nbsp;<strong>a\u00e7\u00f5es do Ita\u00fa&nbsp;<\/strong>passaram a ser negociadas na Bolsa de Valores brasileira (B3) sem direito aos proventos.<\/p>\n\n\n\n<p>Al\u00e9m disso, o&nbsp;<a target=\"_blank\" href=\"https:\/\/www.suno.com.br\/artigos\/conselho-administracao\/?utm_source=telegram.sunoresearch\" rel=\"noreferrer noopener\">conselho de administra\u00e7\u00e3o<\/a>&nbsp;do Ita\u00fa tamb\u00e9m aprovou que os JCP j\u00e1 declarados em 13 de mar\u00e7o de 2023, no valor l\u00edquido de R$ 0,2227 por a\u00e7\u00e3o, ser\u00e3o pagos em 25 de agosto de 2023.<\/p>\n\n\n\n<p>Por essa raz\u00e3o, os JCPs declarados em mar\u00e7o deste ano somados aos aprovados hoje (7) totalizam um valor l\u00edquido de R$ 0,449055 por a\u00e7\u00e3o, cujo pagamento ocorre em uma mesma data, ou seja, 25 de agosto.<\/p>\n\n\n\n<h2 class=\"wp-block-heading\"><a><\/a>JCP do Ita\u00fa<\/h2>\n\n\n\n<ul class=\"wp-block-list\">\n<li>Valor por a\u00e7\u00e3o: R$ 0,449055<\/li>\n\n\n\n<li>Data de corte: 23 de mar\u00e7o e 19 de junho de 2023<\/li>\n\n\n\n<li>Data do pagamento: 25 de agosto de 2023<\/li>\n<\/ul>\n\n\n\n<p>Al\u00e9m de Ita\u00fa, confira outros destaques desta quarta-feira:<\/p>\n\n\n\n<h2 class=\"wp-block-heading\">Nubank (NUBR33) anuncia reestrutura\u00e7\u00e3o na \u00e1rea de opera\u00e7\u00f5es no Brasil e demite 296 funcion\u00e1rios<\/h2>\n\n\n\n<ul class=\"wp-block-list\">\n<li>Em comunicado \u00e0 imprensa publicado nesta quarta-feira (7), o&nbsp;<strong><a href=\"https:\/\/www.suno.com.br\/bdrs\/nubr33\/?utm_source=telegram.sunoresearch\">Nubank (NUBR33)<\/a><\/strong>&nbsp;anunciou uma reestrutura\u00e7\u00e3o da \u00e1rea de opera\u00e7\u00f5es no Brasil, o que acarretou no fechamento de 296 vagas no setor.<\/li>\n<\/ul>\n\n\n\n<ul class=\"wp-block-list\">\n<li>Segundo a empresa, a \u00e1rea de&nbsp;<strong>opera\u00e7\u00f5es do Nubank<\/strong>&nbsp;era dividida em unidades independentes focadas em cada produto, o que atende o per\u00edodo passado de expans\u00e3o de um produto para uma plataforma multi-produtos.<\/li>\n<\/ul>\n\n\n\n<ul class=\"wp-block-list\">\n<li>\u201cAgora, com um portf\u00f3lio robusto, e ap\u00f3s uma profunda an\u00e1lise de modelos e processos, foi identificada a necessidade de consolidar as equipes de produto em uma organiza\u00e7\u00e3o centralizada\u201d, disse o Nubank, acrescentando que, com o novo modelo, algumas fun\u00e7\u00f5es e posi\u00e7\u00e3o se tornaram redundantes.<\/li>\n<\/ul>\n\n\n\n<ul class=\"wp-block-list\">\n<li>Ainda de acordo com a nota, o Nubank afirma que diversos grupos de&nbsp;<strong>funcion\u00e1rios do Nubank<\/strong>&nbsp;j\u00e1 foram ou ser\u00e3o reposicionados internamento em outras fun\u00e7\u00f5es e equipes, e que ofereceu um pacote de benef\u00edcios aos funcion\u00e1rios desligados.<\/li>\n<\/ul>\n\n\n\n<ul class=\"wp-block-list\">\n<li>\u201cAs movimenta\u00e7\u00f5es ocorrem em fun\u00e7\u00f5es administrativas, e n\u00e3o ter\u00e3o impacto no atendimento final ao cliente\u201d, destacou o banco, que neste momento, n\u00e3o prev\u00ea outras&nbsp;<strong>reestrutura\u00e7\u00f5es no Nubank<\/strong>.<\/li>\n<\/ul>\n\n\n\n<ul class=\"wp-block-list\">\n<li>O banco digital afirmou que unificou as equipes da \u00e1rea de Opera\u00e7\u00f5es, que antes eram separadas por produto, organiza\u00e7\u00e3o que era necess\u00e1ria para expandir a prateleira nos primeiros anos de opera\u00e7\u00e3o.<\/li>\n<\/ul>\n\n\n\n<ul class=\"wp-block-list\">\n<li>Segundo o Nubank, haver\u00e1 ganhos de escala com a gest\u00e3o integrada dos produtos e servi\u00e7os. As fun\u00e7\u00f5es eliminadas vieram da detec\u00e7\u00e3o de redund\u00e2ncias na unifica\u00e7\u00e3o das equipes, e parte dos funcion\u00e1rios se realocou no neobanco.<\/li>\n<\/ul>\n\n\n\n<h2 class=\"wp-block-heading\">IRB (IRBR3) pagar\u00e1 R$ 250 milh\u00f5es em deb\u00eantures e a\u00e7\u00f5es t\u00eam maior queda do Ibovespa hoje. Veja motivos<\/h2>\n\n\n\n<ul class=\"wp-block-list\">\n<li>O&nbsp;<a href=\"https:\/\/www.suno.com.br\/artigos\/conselho-administracao\/?utm_source=telegram.sunoresearch\">conselho de administra\u00e7\u00e3o<\/a>&nbsp;do&nbsp;<a href=\"https:\/\/www.suno.com.br\/acoes\/irbr3\/?utm_source=telegram.sunoresearch\"><strong>IRB<\/strong>&nbsp;Brasil (IRBR3)<\/a>&nbsp;aprovou a terceira emiss\u00e3o de deb\u00eantures simples, n\u00e3o convers\u00edveis em a\u00e7\u00f5es, no valor total de emiss\u00e3o de R$ 250 milh\u00f5es, conforme divulgado ao mercado nesta quarta-feira (7). Mas o an\u00fancio n\u00e3o animou investidores, ainda desconfiados do processo de restrutura\u00e7\u00e3o da empresa. As a\u00e7\u00f5es fecharam em queda de 6,24%, cotadas a R$ 38,29.<\/li>\n<\/ul>\n\n\n\n<ul class=\"wp-block-list\">\n<li>A emiss\u00e3o de&nbsp;<strong>deb\u00eantures do IRB Brasil<\/strong>&nbsp;ser\u00e1 realizada em at\u00e9 duas s\u00e9ries, e tem o objetivo de \u201cauxiliar na manuten\u00e7\u00e3o dos \u00edndices regulat\u00f3rios da companhia, em especial de cobertura de suas provis\u00f5es t\u00e9cnicas\u201d, disse a companhia.<\/li>\n<\/ul>\n\n\n\n<ul class=\"wp-block-list\">\n<li>Segundo Andr\u00e9 Fernandes, head de renda vari\u00e1vel e s\u00f3cio da A7 Capital, o montante que a companhia captar\u00e1 com a emiss\u00e3o de deb\u00eantures n\u00e3o deve ser destinado a novos investimentos, mas, sim, para refor\u00e7o de caixa da companhia. Por isso, o mercado reagiu mal \u00e0 not\u00edcia.<\/li>\n<\/ul>\n\n\n\n<ul class=\"wp-block-list\">\n<li>\u201cAl\u00e9m disso, o cen\u00e1rio de juros mais baixos \u00e9 ruim para seguradoras, pois o financeiro que fica no float (montante recebido pelos pr\u00eamios pagos pelos segurados) rende menos, j\u00e1 que esse montante geralmente fica aplicado em ativos livres de risco indexados a taxa de juros atual\u201d, acrescentou.<\/li>\n<\/ul>\n\n\n\n<ul class=\"wp-block-list\">\n<li>Ao todo, 250 mil deb\u00eantures ser\u00e3o emitidas, com&nbsp;<a href=\"https:\/\/www.suno.com.br\/artigos\/valor-nominal\/?utm_source=telegram.sunoresearch\" target=\"_blank\" rel=\"noreferrer noopener\">valor nominal<\/a>&nbsp;unit\u00e1rio de R$ 1000,00. A primeira&nbsp;<strong>emiss\u00e3o do IRB<\/strong>&nbsp;ser\u00e1 de 100 mil deb\u00eantures e a segunda, 150 mil. As duas ocorrer\u00e3o no dia 9 de junho de 2023.<\/li>\n<\/ul>\n\n\n\n<ul class=\"wp-block-list\">\n<li>As deb\u00eantures da primeira s\u00e9rie ter\u00e3o prazo de vencimento de quatro anos, vincendas em 9 de junho de 2027. J\u00e1 as deb\u00eantures da segunda s\u00e9rie ter\u00e3o prazo de vencimento de quatro anos e meio, vencendo em 9 de dezembro de 2027.<\/li>\n<\/ul>\n\n\n\n<ul class=\"wp-block-list\">\n<li>O IRB Brasil destacou ainda que sobre o valor nominal unit\u00e1rio das deb\u00eantures, incidir\u00e3o juros remunerat\u00f3rios correspondentes a 100% da varia\u00e7\u00e3o acumulada das taxas m\u00e9dias di\u00e1rias do DI.<\/li>\n<\/ul>\n\n\n\n<h2 class=\"wp-block-heading\">A\u00e7\u00f5es da B3 (B3SA3) t\u00eam potencial de alta de at\u00e9 18%, avalia banco. Analistas explicam por qu\u00ea<\/h2>\n\n\n\n<ul class=\"wp-block-list\">\n<li>O Ita\u00fa BBA manteve sua recomenda\u00e7\u00e3o \u2018outperform\u2019, equivalente a compra, para as a\u00e7\u00f5es da&nbsp;<strong>B3 (B3SA3)<\/strong>. O banco avalia que a queda da taxa de juros deve gerar uma din\u00e2mica melhor para os fundos locais e, consequentemente, volumes mais robustos para a B3.<\/li>\n<\/ul>\n\n\n\n<ul class=\"wp-block-list\">\n<li>\u201cA melhor not\u00edcia \u00e9 que os ativos sob gest\u00e3o na ind\u00fastria de fundos do Brasil aumentaram 24% em rela\u00e7\u00e3o a 2020, antes do aumento da taxa Selic, enquanto em a\u00e7\u00f5es [o volume de ativos sob gest\u00e3o] caiu 23%. Com base em dados hist\u00f3ricos, taxas de juros mais baixas s\u00e3o um bom press\u00e1gio para o setor, com melhores fluxos para fundos de a\u00e7\u00f5es e hedge\u201d, afirma o banco em relat\u00f3rio sobre as&nbsp;<strong>a\u00e7\u00f5es da B3<\/strong>.<\/li>\n<\/ul>\n\n\n\n<ul class=\"wp-block-list\">\n<li>Segundo analistas do&nbsp;<strong>Ita\u00fa BBA<\/strong>, o crescimento do&nbsp;<strong>lucro recorrente da B3<\/strong>&nbsp;deve acelerar em 4% neste ano e 15% em 2024 \u2013 a melhor din\u00e2mica de receitas colaboram para o aumento. \u201cEstamos elevando nossas estimativas de ADTV [Volume m\u00e9dio di\u00e1rio negociado] em 7% para 2023 e 21% para 2024. Um melhor volume e mix tamb\u00e9m devem ajudar as margens e o crescimento da&nbsp;<strong>receita da B3<\/strong>. A empresa enfatizou que o controle de despesas \u00e9 a principal prioridade \u00e0 frente.\u201d<\/li>\n<\/ul>\n\n\n\t<p>\n\t\t<a href=\"https:\/\/lp.suno.com.br\/ebook-como-analisar-uma-acao\/\" target=\"_blank\" data-element=\"shortcode-suno-banner\" title=\"Banner SUNO, clique e saiba mais\">\n\t\t\t<picture>\n\t\t\t\t<source media=\"(max-width: 500px)\" srcset=\"https:\/\/files.sunoresearch.com.br\/n\/uploads\/2023\/03\/Ebook-Acoes-Mobile.jpg\">\n\t\t\t\t<img class=\"newsContent__article__imgCapa newsContent__article__imgCapa--banner\"\n\t\t\t\t\tsrc=\"https:\/\/files.sunoresearch.com.br\/n\/uploads\/2023\/03\/Ebook-Acoes-Desktop.jpg\"\n\t\t\t\t\tdata-promo-id=\"378302\"\t\t\t\t\t\t\t\t\t\twidth='1420' height='286'\t\t\t\t\talt=\"https:\/\/files.sunoresearch.com.br\/n\/uploads\/2023\/03\/Ebook-Acoes-Desktop.jpg\"\n\t\t\t\t>\n\t\t\t<\/picture>\n\t\t<\/a>\n\t<\/p>\n\n\n\n\n\n<h2 class=\"wp-block-heading\">Analistas cortam pre\u00e7o-alvo da Vale (VALE3); CSN (CSNA3) e CSN Minera\u00e7\u00e3o (CMIN3) s\u00e3o rebaixadas. Quais as raz\u00f5es?<\/h2>\n\n\n\n<ul class=\"wp-block-list\">\n<li>Em relat\u00f3rio divulgado ao mercado nesta quarta-feira (7), o Santander rebaixou as recomenda\u00e7\u00f5es de a\u00e7\u00f5es da&nbsp;<a href=\"https:\/\/www.suno.com.br\/acoes\/CSNA3\/?utm_source=telegram.sunoresearch\" target=\"_blank\" rel=\"noreferrer noopener\">CSN (CSNA3)<\/a>&nbsp;e&nbsp;<a href=\"https:\/\/www.suno.com.br\/acoes\/cmin3\/?utm_source=telegram.sunoresearch\" target=\"_blank\" rel=\"noreferrer noopener\">CSN Minera\u00e7\u00e3o (CMIN3)<\/a>, cortando o pre\u00e7o-alvo de R$ 20 para 14,50 e R$ 5,50 para R$ 5,00, respectivamente. O banco tamb\u00e9m cortou o pre\u00e7o-alvo das a\u00e7\u00f5es da&nbsp;<strong><a href=\"https:\/\/www.suno.com.br\/acoes\/vale3\/?utm_source=telegram.sunoresearch\">Vale (VALE3)<\/a><\/strong>, mas manteve recomenda\u00e7\u00e3o de compra.<\/li>\n<\/ul>\n\n\n\n<ul class=\"wp-block-list\">\n<li>A an\u00e1lise dos estrategistas do Santander incluiu, al\u00e9m da Vale, CSN e CSN Minera\u00e7\u00e3o, a&nbsp;<a href=\"https:\/\/www.suno.com.br\/acoes\/GGBR4\/?utm_source=telegram.sunoresearch\" target=\"_blank\" rel=\"noreferrer noopener\">Gerdau (GGBR4)<\/a>&nbsp;e a&nbsp;<a href=\"https:\/\/www.suno.com.br\/acoes\/USIM5\/?utm_source=telegram.sunoresearch\" target=\"_blank\" rel=\"noreferrer noopener\">Usiminas (USIM5)<\/a>. O banco atualizou suas recomenda\u00e7\u00f5es para as&nbsp;<strong>gigantes da minera\u00e7\u00e3o e siderurgia<\/strong>&nbsp;da Bolsa.<\/li>\n<\/ul>\n\n\n\n<ul class=\"wp-block-list\">\n<li>Segundo o banco, no caso da CSN, o ajuste dos analistas sobre a&nbsp;<strong>a\u00e7\u00e3o da sider\u00fargica<\/strong>&nbsp;reflete uma vis\u00e3o mais conservadora sobre a demanda e pre\u00e7os de a\u00e7os planos no Brasil. \u201cAl\u00e9m disso, esperamos que os pre\u00e7os do min\u00e9rio de ferro continuem pressionados no&nbsp;<a href=\"https:\/\/www.suno.com.br\/artigos\/curto-prazo\/?utm_source=telegram.sunoresearch\" target=\"_blank\" rel=\"noreferrer noopener\">curto prazo<\/a>, o que pode pesar no bom momento de&nbsp;<strong>lucro da CSN<\/strong>\u201d, afirmam os analistas do banco em nota.<\/li>\n<\/ul>\n\n\n\n<ul class=\"wp-block-list\">\n<li>Outro ponto destacado pelos&nbsp;<strong>especialistas do Santander<\/strong>&nbsp;foi a&nbsp;<strong>alavancagem da CSN<\/strong>, que pode aumentar nos pr\u00f3ximos trimestres, atingindo tr\u00eas vezes a&nbsp;<a href=\"https:\/\/www.suno.com.br\/artigos\/divida-liquida\/?utm_source=telegram.sunoresearch\" target=\"_blank\" rel=\"noreferrer noopener\">d\u00edvida l\u00edquida<\/a>\/Ebitda. \u201cEsperamos que o Ebitda da CSN caia no segundo trimestre, impulsionado principalmente pelos pre\u00e7os mais fracos do&nbsp;<strong>min\u00e9rio de ferro<\/strong>, o que poderia mais do que compensar os volumes de vendas sazonalmente mais fortes em sua Divis\u00e3o de Minera\u00e7\u00e3o. A Divis\u00e3o Sider\u00fargica da CSN deve apresentar resultados est\u00e1veis no trimestre.\u201d<\/li>\n<\/ul>\n\n\n\n<ul class=\"wp-block-list\">\n<li>Em rela\u00e7\u00e3o aos&nbsp;<strong>pap\u00e9is da CSN Minera\u00e7\u00e3o<\/strong>, as posi\u00e7\u00f5es foram revistas tamb\u00e9m a partir de uma vis\u00e3o mais cautelosa sobre os pre\u00e7os do min\u00e9rio de ferro a curto prazo. \u201cEsperamos um Ebitda trimestral mais fraco, j\u00e1 que os pre\u00e7os mais fracos do min\u00e9rio de ferro devem mais do que compensar os volumes sazonalmente mais fortes\u201d, afirma a casa.<\/li>\n<\/ul>\n\n\n\n<h2 class=\"wp-block-heading\">MXRF11 tem 4\u00aa alta seguida e IFIX alcan\u00e7a maior patamar desde fevereiro de 2020<\/h2>\n\n\n\n<ul class=\"wp-block-list\">\n<li>O \u00cdndice de Fundos de Investimentos Imobili\u00e1rios (<strong><a href=\"https:\/\/www.suno.com.br\/artigos\/ifix\/?utm_source=telegram.sunoresearch\" target=\"_blank\" rel=\"noreferrer noopener\">IFIX<\/a><\/strong>) encerrou o preg\u00e3o de hoje (7) com uma alta de 0,16%, alcan\u00e7ando a marca de 3.039 pontos. Esse resultado representa um leve avan\u00e7o em rela\u00e7\u00e3o ao dia anterior, indicando um desempenho positivo no mercado de&nbsp;<a href=\"https:\/\/www.suno.com.br\/fundos-imobiliarios\/?utm_source=telegram.sunoresearch\" target=\"_blank\" rel=\"noreferrer noopener\">fundos imobili\u00e1rios<\/a>.<\/li>\n<\/ul>\n\n\n\n<ul class=\"wp-block-list\">\n<li>Na sess\u00e3o, o&nbsp;<strong>IFIX hoje<\/strong>&nbsp;atingiu uma cota\u00e7\u00e3o m\u00ednima de 3.034 pontos e uma m\u00e1xima de 3.043 pontos. O \u00edndice teve sua maior cota\u00e7\u00e3o de fechamento desde 17 de fevereiro de 2020, antes da queda registrada nos mercados pela pandemia.<\/li>\n<\/ul>\n\n\n\n<ul class=\"wp-block-list\">\n<li>O fundo imobili\u00e1rio<strong>&nbsp;<a href=\"https:\/\/www.suno.com.br\/fundos-imobiliarios\/mxrf11\/?utm_source=telegram.sunoresearch\" target=\"_blank\" rel=\"noreferrer noopener\">MXRF11<\/a><\/strong>, por sua vez, o maior da bolsa brasileira em n\u00famero de cotistas, fechou o dia em alta de 0,19%, a R$ 10,71, registrando a 4\u00aa alta seguida.<\/li>\n<\/ul>\n\n\n\n<ul class=\"wp-block-list\">\n<li>Entre os destaques de alta do dia, o fundo&nbsp;<a href=\"https:\/\/www.suno.com.br\/fundos-imobiliarios\/patl11\/?utm_source=telegram.sunoresearch\" target=\"_blank\" rel=\"noreferrer noopener\"><strong>PATL11<\/strong><\/a>&nbsp;obteve a maior valoriza\u00e7\u00e3o, com um aumento de 4,08%. Em seguida, o&nbsp;<a href=\"https:\/\/www.suno.com.br\/fundos-imobiliarios\/rbrp11\/?utm_source=telegram.sunoresearch\" target=\"_blank\" rel=\"noreferrer noopener\"><strong>RBRP11<\/strong><\/a>&nbsp;apresentou uma alta de 3,67%, seguido por&nbsp;<a href=\"https:\/\/www.suno.com.br\/fundos-imobiliarios\/vslh11\/?utm_source=telegram.sunoresearch\" target=\"_blank\" rel=\"noreferrer noopener\">VSLH11<\/a>, com 3,10% de valoriza\u00e7\u00e3o. Outros fundos imobili\u00e1rios que se destacaram foram&nbsp;<a href=\"https:\/\/www.suno.com.br\/fundos-imobiliarios\/kfof11\/?utm_source=telegram.sunoresearch\" target=\"_blank\" rel=\"noreferrer noopener\">KFOF11<\/a>, com 2,78% de alta, e&nbsp;<a href=\"https:\/\/www.suno.com.br\/fundos-imobiliarios\/care11\/?utm_source=telegram.sunoresearch\" target=\"_blank\" rel=\"noreferrer noopener\">CARE11<\/a>, que registrou um aumento de 2,62%.<\/li>\n<\/ul>\n\n\n\n<ul class=\"wp-block-list\">\n<li>No entanto, alguns fundos imobili\u00e1rios n\u00e3o tiveram um desempenho t\u00e3o favor\u00e1vel. O&nbsp;<a href=\"https:\/\/www.suno.com.br\/fundos-imobiliarios\/hfof11\/?utm_source=telegram.sunoresearch\" target=\"_blank\" rel=\"noreferrer noopener\">HFOF11<\/a>&nbsp;foi o destaque negativo do dia, com uma queda de 1,67%. Em seguida, o&nbsp;<a href=\"https:\/\/www.suno.com.br\/fundos-imobiliarios\/tord11\/?utm_source=telegram.sunoresearch\" target=\"_blank\" rel=\"noreferrer noopener\">TORD11<\/a>&nbsp;registrou uma baixa de 1,23%, enquanto o&nbsp;<a href=\"https:\/\/www.suno.com.br\/fundos-imobiliarios\/cpts11\/?utm_source=telegram.sunoresearch\" target=\"_blank\" rel=\"noreferrer noopener\"><strong>CPTS11<\/strong><\/a>&nbsp;teve uma redu\u00e7\u00e3o de 1,16%. Al\u00e9m disso, o&nbsp;<a href=\"https:\/\/www.suno.com.br\/fundos-imobiliarios\/vrta11\/?utm_source=telegram.sunoresearch\" target=\"_blank\" rel=\"noreferrer noopener\"><strong>VRTA11<\/strong><\/a>&nbsp;e o&nbsp;<strong><a href=\"https:\/\/www.suno.com.br\/fundos-imobiliarios\/visc11\/?utm_source=telegram.sunoresearch\" target=\"_blank\" rel=\"noreferrer noopener\">VISC11<\/a>&nbsp;<\/strong>tamb\u00e9m apresentaram queda, com varia\u00e7\u00f5es de -0,99% e -0,93%, respectivamente.<\/li>\n<\/ul>\n\n\n\n<ul class=\"wp-block-list\">\n<li>Apesar das oscila\u00e7\u00f5es, \u00e9 importante ressaltar que o IFIX se mant\u00e9m em um patamar elevado, refletindo a atratividade dos fundos imobili\u00e1rios para os investidores. Esses ve\u00edculos de investimento t\u00eam se mostrado uma op\u00e7\u00e3o interessante para diversifica\u00e7\u00e3o de carteiras e gera\u00e7\u00e3o de&nbsp;<a href=\"https:\/\/www.suno.com.br\/artigos\/renda-passiva\/?utm_source=telegram.sunoresearch\" target=\"_blank\" rel=\"noreferrer noopener\">renda passiva<\/a>.<\/li>\n<\/ul>\n\n\n\n<ul class=\"wp-block-list\">\n<li>Com a divulga\u00e7\u00e3o di\u00e1ria do IFIX, os investidores t\u00eam a oportunidade de acompanhar a evolu\u00e7\u00e3o dos fundos imobili\u00e1rios ao longo do tempo. Isso possibilita uma an\u00e1lise comparativa em rela\u00e7\u00e3o a outros ativos, como as a\u00e7\u00f5es da bolsa, representadas pelo \u00edndice Bovespa (<strong>Ibovespa<\/strong>).<\/li>\n<\/ul>\n\n\n\n<ul class=\"wp-block-list\">\n<li>At\u00e9 agora, o<strong>&nbsp;IFIX<\/strong>&nbsp;avan\u00e7ou 0,84% em junho. Assim, o \u00edndice d\u00e1 continuidade ao movimento de alta observado nos dois \u00faltimos meses.<\/li>\n<\/ul>\n\n\n\n<h2 class=\"wp-block-heading\">Azul (AZUL4) e Gol (GOLL4): a\u00e7\u00f5es desabam no Ibovespa hoje. Entenda por qu\u00ea<\/h2>\n\n\n\n<ul class=\"wp-block-list\">\n<li>Ap\u00f3s fecharem em forte alta na v\u00e9spera, as a\u00e7\u00f5es preferenciais da&nbsp;<a href=\"https:\/\/www.suno.com.br\/acoes\/azul4\/?utm_source=telegram.sunoresearch\"><strong>Azul<\/strong>&nbsp;(AZUL4)<\/a>&nbsp;e&nbsp;<a href=\"https:\/\/www.suno.com.br\/acoes\/GOLL4\/?utm_source=telegram.sunoresearch\">Gol (GOLL4)<\/a>&nbsp;fecharam em queda nesta quarta-feira (7), em um dia em que analistas de mercado definem como de realiza\u00e7\u00e3o de lucros.<\/li>\n<\/ul>\n\n\n\n<ul class=\"wp-block-list\">\n<li>No fechamento, os&nbsp;<strong>pap\u00e9is da Azul&nbsp;<\/strong>recuaram 3,51%, a R$ 19,49. Na semana, as a\u00e7\u00f5es sobem mais de 15%.<\/li>\n<\/ul>\n\n\n\n<ul class=\"wp-block-list\">\n<li>No mesmo hor\u00e1rio, as&nbsp;<strong>a\u00e7\u00f5es da Gol&nbsp;<\/strong>ca\u00edram 1,54%, a R$ 9,61. No fechamento de ter\u00e7a-feira (6), os pap\u00e9is da companhia avan\u00e7aram 8,69%, a R$ 9,78.<\/li>\n<\/ul>\n\n\n\n<ul class=\"wp-block-list\">\n<li>\u201cSe pegarmos nas \u00faltimas semanas, essas empresas quase dobraram o&nbsp;<strong>valor das a\u00e7\u00f5es<\/strong>. A Azul dobrou de valor. Esse movimento \u00e9 um pouco de realiza\u00e7\u00e3o, como tamb\u00e9m \u00e9 puxado pelo petr\u00f3leo, que ontem subiu bem, e hoje tamb\u00e9m tem alta. Ent\u00e3o o mercado est\u00e1 ajustando \u201c, disse Vitor Miziara, s\u00f3cio da Criteria Investimentos.<\/li>\n<\/ul>\n\n\n\n<ul class=\"wp-block-list\">\n<li>Na ter\u00e7a-feira (6), os analistas do Citi elevaram o&nbsp;<strong>pre\u00e7o-alvo para as a\u00e7\u00f5es da&nbsp;<a href=\"https:\/\/www.suno.com.br\/acoes\/azul4\/?utm_source=telegram.sunoresearch\">Azul<\/a><\/strong><a href=\"https:\/\/www.suno.com.br\/acoes\/azul4\/?utm_source=telegram.sunoresearch\"><strong>&nbsp;<\/strong><\/a>e&nbsp;<a href=\"https:\/\/www.suno.com.br\/acoes\/GOLL4\/?utm_source=telegram.sunoresearch\"><strong>Gol&nbsp;<\/strong><\/a>negociadas na Bolsa de Nova York (Nyse), o que fez com que os pap\u00e9is das duas empresas disparassem.<\/li>\n<\/ul>\n\n\n\n<ul class=\"wp-block-list\">\n<li>Os analistas Stephen Trent, Filipe Nielsen e Jay Singh elevaram o pre\u00e7o-alvo para os&nbsp;<strong>ADRs da Azul&nbsp;<\/strong>de US$ 17,00 para US$ 20,50 e os da Gol de US$ 6,75 para US$ 7,75. Em ambos os casos, eles reiteraram a recomenda\u00e7\u00e3o de compra.<\/li>\n<\/ul>\n\n\n\n<ul class=\"wp-block-list\">\n<li>No relat\u00f3rio, a&nbsp;<strong>equipe do Citi<\/strong>&nbsp;ressaltou que a demanda por passagens das companhias a\u00e9reas brasileiras continua em crescimento, al\u00e9m da receita por assento, que permanece pr\u00f3xima a n\u00edveis recorde. Os analistas enxergam, ainda, que as press\u00f5es cambiais e os custos com combust\u00edveis parecem estar diminuindo.<\/li>\n<\/ul>\n\n\n\n<ul class=\"wp-block-list\">\n<li>Ainda no relat\u00f3rio, o banco alertou para a alavancagem financeira das companhias, o que pode ser um gatilho importante para as a\u00e7\u00f5es, caso as empresas n\u00e3o consigam avan\u00e7ar nos planos de redu\u00e7\u00e3o de d\u00edvida.<\/li>\n<\/ul>\n\n\n\n<h2 class=\"wp-block-heading\">Santander (SANB11) anuncia compra de 100% da Toro Participa\u00e7\u00f5es<\/h2>\n\n\n\n<ul class=\"wp-block-list\">\n<li>O&nbsp;<a href=\"https:\/\/www.suno.com.br\/acoes\/SANB11\/?utm_source=telegram.sunoresearch\"><strong>Santander<\/strong>&nbsp;Brasil (SANB11)<\/a>&nbsp;celebrou um contrato para aquisi\u00e7\u00e3o da totalidade das a\u00e7\u00f5es da Toro Participa\u00e7\u00f5es. Uma vez efetivada a opera\u00e7\u00e3o, o banco passar\u00e1 a deter indiretamente a titularidade de 100% do capital social da Toro Corretora<strong>&nbsp;<\/strong>e da Toro Investimentos.<\/li>\n<\/ul>\n\n\n\n<ul class=\"wp-block-list\">\n<li>Segundo o Santander, a conclus\u00e3o da opera\u00e7\u00e3o de&nbsp;<strong>compra da Toro<\/strong>&nbsp;estar\u00e1 sujeita ao cumprimento de determinadas condi\u00e7\u00f5es suspensivas usuais em transa\u00e7\u00f5es similares, incluindo a obten\u00e7\u00e3o das autoriza\u00e7\u00f5es regulat\u00f3rias pertinentes.<\/li>\n<\/ul>\n\n\n\n<ul class=\"wp-block-list\">\n<li>Criada em 2010 como uma&nbsp;<strong><a href=\"https:\/\/www.suno.com.br\/artigos\/fintechs\/?utm_source=telegram.sunoresearch\">fintech<\/a>&nbsp;de investimentos&nbsp;<\/strong>e educa\u00e7\u00e3o financeira, com sede em Belo Horizonte, a Toro recebeu em 2018 as autoriza\u00e7\u00f5es para atuar como corretora. Al\u00e9m de ser a primeira plataforma brasileira a montar uma estrutura aut\u00f4noma para transacionar t\u00edtulos e&nbsp;<strong>valores mobili\u00e1rios,<\/strong>&nbsp;a Toro foi uma das pioneiras na oferta de taxa de corretagem zero aos clientes.<\/li>\n<\/ul>\n\n\n\n<ul class=\"wp-block-list\">\n<li>No fim de setembro de 2020, o Santander anunciou a aquisi\u00e7\u00e3o de 60% de participa\u00e7\u00e3o no capital social da&nbsp;<strong>Toro Controle<\/strong>&nbsp;por meio de sua corretora Pi. A Toro Controle \u00e9 uma&nbsp;<em>holding&nbsp;<\/em>que administra a Toro Corretora<strong>&nbsp;<\/strong>e a Toro Investimentos. A Pi, por sua vez, foi lan\u00e7ada pelo banco em mar\u00e7o de 2019 como uma plataforma aberta de investimentos 100% digital.<\/li>\n<\/ul>\n\n\n\n<ul class=\"wp-block-list\">\n<li>No fim de abril de 2021, o banco recebeu a autoriza\u00e7\u00e3o do&nbsp;<a href=\"https:\/\/www.suno.com.br\/artigos\/bacen\/?utm_source=telegram.sunoresearch\">Banco Central<\/a>&nbsp;para o in\u00edcio das opera\u00e7\u00f5es de sua nova plataforma digital de investimentos e educa\u00e7\u00e3o financeira. Com essa autoriza\u00e7\u00e3o, o Santander anunciou ent\u00e3o a cria\u00e7\u00e3o de sua nova&nbsp;<strong>plataforma de investimentos<\/strong>&nbsp;com a fus\u00e3o de sua marca pr\u00f3pria, a<strong>&nbsp;PI Investimentos,<\/strong>&nbsp;e a&nbsp;Toro.<\/li>\n<\/ul>\n\n\n\n<ul class=\"wp-block-list\">\n<li>Ainda em 2021, em junho, a&nbsp;<strong>Toro<\/strong>&nbsp;anunciou a compra das fintechs&nbsp;<strong>Mobills<\/strong>&nbsp;e da&nbsp;<strong>Monetus.<\/strong><\/li>\n<\/ul>\n\n\n\n<h2 class=\"wp-block-heading\">EcoRodovias (ECOR3) emitir\u00e1 R$ 650 milh\u00f5es em deb\u00eantures<\/h2>\n\n\n\n<ul class=\"wp-block-list\">\n<li>O&nbsp;<a href=\"https:\/\/www.suno.com.br\/artigos\/conselho-administracao\/?utm_source=telegram.sunoresearch\" target=\"_blank\" rel=\"noreferrer noopener\">conselho de administra\u00e7\u00e3o<\/a>&nbsp;da&nbsp;<a href=\"https:\/\/www.suno.com.br\/acoes\/ECOR3\/?utm_source=telegram.sunoresearch\" target=\"_blank\" rel=\"noreferrer noopener\"><strong>EcoRodovias<\/strong>&nbsp;(ECOR3)<\/a>&nbsp;aprovou uma emiss\u00e3o de deb\u00eantures no valor de R$ 650 milh\u00f5es. Ser\u00e3o deb\u00eantures com vencimentos de tr\u00eas anos, a partir da emiss\u00e3o.<\/li>\n<\/ul>\n\n\n\n<ul class=\"wp-block-list\">\n<li>Trata-se da 12\u00aa emiss\u00e3o de deb\u00eantures da EcoRodovias. Elas s\u00e3o do tipo simples, n\u00e3o convers\u00edveis em a\u00e7\u00f5es, da esp\u00e9cie quirograf\u00e1ria, em s\u00e9rie \u00fanica, para distribui\u00e7\u00e3o p\u00fablica, sob rito de registro autom\u00e1tico.<\/li>\n<\/ul>\n\n\n\n<ul class=\"wp-block-list\">\n<li>A emiss\u00e3o ser\u00e1 composta por 650 mil deb\u00eantures, com&nbsp;<a href=\"https:\/\/www.suno.com.br\/artigos\/valor-nominal\/?utm_source=telegram.sunoresearch\" target=\"_blank\" rel=\"noreferrer noopener\">valor nominal<\/a>&nbsp;de R$ 1 mil cada.<\/li>\n<\/ul>\n\n\n\n<ul class=\"wp-block-list\">\n<li>A remunera\u00e7\u00e3o incidir\u00e1&nbsp;<a href=\"https:\/\/www.suno.com.br\/artigos\/juros-remuneratorios\/?utm_source=telegram.sunoresearch\" target=\"_blank\" rel=\"noreferrer noopener\">juros remunerat\u00f3rios<\/a>&nbsp;correspondentes \u00e0 varia\u00e7\u00e3o acumulada de 100% das taxas m\u00e9dias di\u00e1rias do DI (Dep\u00f3sito Interfinanceiro).<\/li>\n<\/ul>\n\n\n\n<ul class=\"wp-block-list\">\n<li>Ser\u00e3o deb\u00eantures sem garantias, e o capital levantado ser\u00e1 utilizado para pagar as obriga\u00e7\u00f5es relacionadas \u00e0 10\u00aa emiss\u00e3o de deb\u00eantures da EcoRodovias.<\/li>\n<\/ul>\n\n\n\n<p>Do Ita\u00fa ao IRB, essas foram as empresas que se destacaram hoje. Para ler todas as mat\u00e9rias&nbsp;<strong><a href=\"https:\/\/www.suno.com.br\/noticias\/todos\/?utm_content=XYOE2ItQuUY.20201113&amp;utm_campaign=Track%2B&amp;utm_medium=video&amp;utm_source=youtube.noticias\" target=\"_blank\" rel=\"noreferrer noopener\">clique aqui<\/a><\/strong>.<a href=\"https:\/\/lp.suno.com.br\/minicurso-investindo-fiis\/?utm_content=XYOE2ItQuUY.20201113&amp;utm_campaign=Track%2B&amp;utm_medium=video&amp;utm_source=youtube.noticias\" target=\"_blank\" rel=\"noreferrer noopener\"><\/a><a href=\"https:\/\/lp.suno.com.br\/ebook-investindo-em-dividendos\/?utm_content=XYOE2ItQuUY.20201113&amp;utm_campaign=Track%2B&amp;utm_medium=video&amp;utm_source=youtube.noticias\" target=\"_blank\" rel=\"noreferrer noopener\"><\/a><a href=\"https:\/\/lp.suno.com.br\/ebook-como-analisar-uma-acao\/?utm_content=XYOE2ItQuUY.20201113&amp;utm_campaign=Track%2B&amp;utm_medium=video&amp;utm_source=youtube.noticias\" target=\"_blank\" rel=\"noreferrer noopener\"><\/a><a href=\"https:\/\/lp.suno.com.br\/planilha-da-vida-financeira\/?utm_content=XYOE2ItQuUY.20201113&amp;utm_campaign=Track%2B&amp;utm_medium=video&amp;utm_source=youtube.noticias\" target=\"_blank\" rel=\"noreferrer noopener\"><\/a><a href=\"https:\/\/lp.suno.com.br\/plataforma-de-controle-de-investimentos\/?utm_content=XYOE2ItQuUY.20201113&amp;utm_campaign=Track%2B&amp;utm_medium=video&amp;utm_source=youtube.noticias\" target=\"_blank\" rel=\"noreferrer noopener\"><\/a><a href=\"https:\/\/lp.suno.com.br\/ebook-como-analisar-uma-acao\/?utm_content=XYOE2ItQuUY.20201113&amp;utm_campaign=Track%2B&amp;utm_medium=video&amp;utm_source=youtube.noticias\" target=\"_blank\" rel=\"noreferrer noopener\"><\/a><a href=\"https:\/\/lp.suno.com.br\/suno-one\/?utm_content=XYOE2ItQuUY.20201113&amp;utm_campaign=Track%2B&amp;utm_medium=video&amp;utm_source=youtube.noticias\" target=\"_blank\" rel=\"noreferrer noopener\"><\/a><a href=\"https:\/\/lp.suno.com.br\/suno-one\/?utm_content=XYOE2ItQuUY.20201113&amp;utm_campaign=Track%2B&amp;utm_medium=video&amp;utm_source=youtube.noticias\" target=\"_blank\" rel=\"noreferrer noopener\"><\/a><a href=\"https:\/\/lp.suno.com.br\/suno-one\/?utm_content=XYOE2ItQuUY.20201113&amp;utm_campaign=Track%2B&amp;utm_medium=video&amp;utm_source=youtube.noticias\" target=\"_blank\" rel=\"noreferrer noopener\"><\/a><a href=\"https:\/\/lp.suno.com.br\/ebook-como-analisar-uma-acao\/\" target=\"_blank\" rel=\"noreferrer noopener\"><\/a><a href=\"https:\/\/lp.suno.com.br\/suno-one\/\" target=\"_blank\" rel=\"noreferrer noopener\"><\/a><a href=\"https:\/\/lp.suno.com.br\/suno-one\/\" target=\"_blank\" rel=\"noreferrer noopener\"><\/a><a href=\"https:\/\/lp.suno.com.br\/suno-one\/\" target=\"_blank\" rel=\"noreferrer noopener\"><\/a><a href=\"https:\/\/lp.suno.com.br\/suno-one\/\" target=\"_blank\" rel=\"noreferrer noopener\"><\/a><a href=\"https:\/\/lp.suno.com.br\/suno-one\/\" target=\"_blank\" rel=\"noreferrer noopener\"><\/a><\/p>\n\n\n\t<p>\n\t\t<a href=\"https:\/\/lp.suno.com.br\/suno-one\/?utm_campaign=_SNC6964518A_\" target=\"_blank\" data-element=\"shortcode-suno-banner\" title=\"Banner SUNO, clique e saiba mais\">\n\t\t\t<picture>\n\t\t\t\t<source media=\"(max-width: 500px)\" srcset=\"https:\/\/files.sunoresearch.com.br\/n\/uploads\/2025\/09\/400x300-Suno-One-png.webp\">\n\t\t\t\t<img class=\"newsContent__article__imgCapa newsContent__article__imgCapa--banner\"\n\t\t\t\t\tsrc=\"https:\/\/files.sunoresearch.com.br\/n\/uploads\/2025\/09\/1420x240-Suno-One-png.webp\"\n\t\t\t\t\tdata-promo-id=\"383121\"\t\t\t\t\t\t\t\t\t\twidth='1420' height='240'\t\t\t\t\talt=\"https:\/\/files.sunoresearch.com.br\/n\/uploads\/2025\/09\/1420x240-Suno-One-png.webp\"\n\t\t\t\t>\n\t\t\t<\/picture>\n\t\t<\/a>\n\t<\/p>\n\n\n","protected":false},"excerpt":{"rendered":"<p>O conselho de administra\u00e7\u00e3o do&nbsp;Ita\u00fa&nbsp;(ITUB4)&nbsp;aprovou hoje (7) o pagamento de juros sobre capital pr\u00f3prio (JCP), no valor de R$ 0,2663 por a\u00e7\u00e3o. Temporada de balan\u00e7os. Foto: Ag\u00eancia Brasil. Os&nbsp;JCP do Ita\u00fa&nbsp;contam com a reten\u00e7\u00e3o de 15% de imposto de renda na fonte, o que resulta em um valor l\u00edquido ao investidor de R$ 0,226355 por [&hellip;]<\/p>\n","protected":false},"author":227,"featured_media":266005,"comment_status":"closed","ping_status":"closed","sticky":false,"template":"","format":"standard","meta":[],"categories":[64],"tags":[106932,367,1388,104899,452,489,1813,519,848,624,676],"suno_strategy":[],"class_list":["post-414484","post","type-post","status-publish","format-standard","has-post-thumbnail","hentry","category-negocios","tag-azul-azul4","tag-b3-b3sa3","tag-csn-csna3","tag-csn-mineracao-cmin3","tag-ecorodovias-ecor3","tag-gol-linhas-aereas-goll11-goll4","tag-irb-brasil-irbr3","tag-itau-unibanco-itub3-itub4","tag-nubank","tag-santander-sanb11-sanb3-sanb4","tag-vale-vale3"],"yoast_head":"<!-- This site is optimized with the Yoast SEO plugin v24.4 - https:\/\/yoast.com\/wordpress\/plugins\/seo\/ -->\n<title>Radar: Ita\u00fa (ITUB4) anuncia pagamento de JCP, Nubank (NUBR33) demite funcion\u00e1rios e IRB (IRBR3) emitir\u00e1 deb\u00eantures milion\u00e1rias<\/title>\n<meta name=\"description\" content=\"Ita\u00fa (ITUB4) anuncia pagamento de dividendos, Nubank (NUBR33) demite funcion\u00e1rios e IRB (IRBR3) emitir\u00e1 deb\u00eantures milion\u00e1rias\" \/>\n<meta name=\"robots\" content=\"index, follow, max-snippet:-1, max-image-preview:large, max-video-preview:-1\" \/>\n<link rel=\"canonical\" href=\"https:\/\/www.suno.com.br\/noticias\/radar-itau-itub4-nubank-nubr33-irb-irbr3\/\" \/>\n<meta property=\"og:locale\" content=\"pt_BR\" \/>\n<meta property=\"og:type\" content=\"article\" \/>\n<meta property=\"og:title\" content=\"Radar: Ita\u00fa (ITUB4) anuncia pagamento de JCP, Nubank (NUBR33) demite funcion\u00e1rios e IRB (IRBR3) emitir\u00e1 deb\u00eantures milion\u00e1rias\" \/>\n<meta property=\"og:description\" content=\"Ita\u00fa (ITUB4) anuncia pagamento de dividendos, Nubank (NUBR33) demite funcion\u00e1rios e IRB (IRBR3) emitir\u00e1 deb\u00eantures milion\u00e1rias\" \/>\n<meta property=\"og:url\" content=\"https:\/\/www.suno.com.br\/noticias\/radar-itau-itub4-nubank-nubr33-irb-irbr3\/\" \/>\n<meta property=\"og:site_name\" content=\"Suno Not\u00edcias\" \/>\n<meta property=\"article:publisher\" content=\"https:\/\/facebook.com\/sunoresearch\" \/>\n<meta property=\"og:image\" content=\"https:\/\/files.sunoresearch.com.br\/n\/uploads\/2022\/06\/IMAGEM_NOTICIA_0.jpg\" \/>\n\t<meta property=\"og:image:width\" content=\"1200\" \/>\n\t<meta property=\"og:image:height\" content=\"800\" \/>\n\t<meta property=\"og:image:type\" content=\"image\/jpeg\" \/>\n<meta name=\"author\" content=\"Vanessa Loiola\" \/>\n<meta name=\"twitter:card\" content=\"summary_large_image\" \/>\n<meta name=\"twitter:creator\" content=\"@sunoresearch\" \/>\n<meta name=\"twitter:site\" content=\"@sunoresearch\" \/>\n<meta name=\"twitter:label1\" content=\"Escrito por\" \/>\n\t<meta name=\"twitter:data1\" content=\"Vanessa Loiola\" \/>\n\t<meta name=\"twitter:label2\" content=\"Est. tempo de leitura\" \/>\n\t<meta name=\"twitter:data2\" content=\"14 minutos\" \/>\n<script type=\"application\/ld+json\" class=\"yoast-schema-graph\">{\"@context\":\"https:\/\/schema.org\",\"@graph\":[{\"@type\":\"NewsArticle\",\"@id\":\"https:\/\/www.suno.com.br\/noticias\/radar-itau-itub4-nubank-nubr33-irb-irbr3\/#article\",\"isPartOf\":{\"@id\":\"https:\/\/www.suno.com.br\/noticias\/radar-itau-itub4-nubank-nubr33-irb-irbr3\/\"},\"author\":{\"name\":\"Vanessa Loiola\",\"@id\":\"https:\/\/www.suno.com.br\/noticias\/#\/schema\/person\/450c455ecff319bab1f1a0e643451479\"},\"headline\":\"Radar: Ita\u00fa (ITUB4) anuncia pagamento de JCP, Nubank (NUBR33) demite funcion\u00e1rios e IRB (IRBR3) emitir\u00e1 deb\u00eantures milion\u00e1rias\",\"datePublished\":\"2023-06-08T01:20:22+00:00\",\"dateModified\":\"2023-06-08T01:20:38+00:00\",\"mainEntityOfPage\":{\"@id\":\"https:\/\/www.suno.com.br\/noticias\/radar-itau-itub4-nubank-nubr33-irb-irbr3\/\"},\"wordCount\":2776,\"publisher\":{\"@id\":\"https:\/\/www.suno.com.br\/noticias\/#organization\"},\"image\":{\"@id\":\"https:\/\/www.suno.com.br\/noticias\/radar-itau-itub4-nubank-nubr33-irb-irbr3\/#primaryimage\"},\"thumbnailUrl\":\"https:\/\/files.sunoresearch.com.br\/n\/uploads\/2022\/06\/IMAGEM_NOTICIA_0.jpg\",\"keywords\":[\"Azul (AZUL4)\",\"B3 (B3SA3)\",\"CSN (CSNA3)\",\"CSN Minera\u00e7\u00e3o (CMIN3)\",\"Ecorodovias (ECOR3)\",\"Gol Linhas A\u00e9reas (GOLL11\/GOLL4)\",\"IRB Brasil (IRBR3)\",\"Ita\u00fa Unibanco (ITUB3\/ITUB4)\",\"Nubank (NUBR33)\",\"Santander (SANB11\/SANB3\/SANB4)\",\"Vale (VALE3)\"],\"articleSection\":[\"Neg\u00f3cios\"],\"inLanguage\":\"pt-BR\"},{\"@type\":\"WebPage\",\"@id\":\"https:\/\/www.suno.com.br\/noticias\/radar-itau-itub4-nubank-nubr33-irb-irbr3\/\",\"url\":\"https:\/\/www.suno.com.br\/noticias\/radar-itau-itub4-nubank-nubr33-irb-irbr3\/\",\"name\":\"Radar: Ita\u00fa (ITUB4) anuncia pagamento de JCP, Nubank (NUBR33) demite funcion\u00e1rios e IRB (IRBR3) emitir\u00e1 deb\u00eantures milion\u00e1rias\",\"isPartOf\":{\"@id\":\"https:\/\/www.suno.com.br\/noticias\/#website\"},\"primaryImageOfPage\":{\"@id\":\"https:\/\/www.suno.com.br\/noticias\/radar-itau-itub4-nubank-nubr33-irb-irbr3\/#primaryimage\"},\"image\":{\"@id\":\"https:\/\/www.suno.com.br\/noticias\/radar-itau-itub4-nubank-nubr33-irb-irbr3\/#primaryimage\"},\"thumbnailUrl\":\"https:\/\/files.sunoresearch.com.br\/n\/uploads\/2022\/06\/IMAGEM_NOTICIA_0.jpg\",\"datePublished\":\"2023-06-08T01:20:22+00:00\",\"dateModified\":\"2023-06-08T01:20:38+00:00\",\"description\":\"Ita\u00fa (ITUB4) anuncia pagamento de dividendos, Nubank (NUBR33) demite funcion\u00e1rios e IRB (IRBR3) emitir\u00e1 deb\u00eantures milion\u00e1rias\",\"breadcrumb\":{\"@id\":\"https:\/\/www.suno.com.br\/noticias\/radar-itau-itub4-nubank-nubr33-irb-irbr3\/#breadcrumb\"},\"inLanguage\":\"pt-BR\",\"potentialAction\":[{\"@type\":\"ReadAction\",\"target\":[\"https:\/\/www.suno.com.br\/noticias\/radar-itau-itub4-nubank-nubr33-irb-irbr3\/\"]}]},{\"@type\":\"ImageObject\",\"inLanguage\":\"pt-BR\",\"@id\":\"https:\/\/www.suno.com.br\/noticias\/radar-itau-itub4-nubank-nubr33-irb-irbr3\/#primaryimage\",\"url\":\"https:\/\/files.sunoresearch.com.br\/n\/uploads\/2022\/06\/IMAGEM_NOTICIA_0.jpg\",\"contentUrl\":\"https:\/\/files.sunoresearch.com.br\/n\/uploads\/2022\/06\/IMAGEM_NOTICIA_0.jpg\",\"width\":1200,\"height\":800,\"caption\":\"Temporada de balan\u00e7os. Foto: Ag\u00eancia Brasil.\"},{\"@type\":\"BreadcrumbList\",\"@id\":\"https:\/\/www.suno.com.br\/noticias\/radar-itau-itub4-nubank-nubr33-irb-irbr3\/#breadcrumb\",\"itemListElement\":[{\"@type\":\"ListItem\",\"position\":1,\"name\":\"Not\u00edcias\",\"item\":\"https:\/\/www.suno.com.br\/noticias\/\"},{\"@type\":\"ListItem\",\"position\":2,\"name\":\"Neg\u00f3cios\",\"item\":\"https:\/\/www.suno.com.br\/noticias\/negocios\/\"},{\"@type\":\"ListItem\",\"position\":3,\"name\":\"Radar: Ita\u00fa (ITUB4) anuncia pagamento de JCP, Nubank (NUBR33) demite funcion\u00e1rios e IRB (IRBR3) emitir\u00e1 deb\u00eantures milion\u00e1rias\"}]},{\"@type\":\"WebSite\",\"@id\":\"https:\/\/www.suno.com.br\/noticias\/#website\",\"url\":\"https:\/\/www.suno.com.br\/noticias\/\",\"name\":\"Suno Not\u00edcias\",\"description\":\"Seu portal de informa\u00e7\u00e3o sobre o mundo dos investimentos\",\"publisher\":{\"@id\":\"https:\/\/www.suno.com.br\/noticias\/#organization\"},\"potentialAction\":[{\"@type\":\"SearchAction\",\"target\":{\"@type\":\"EntryPoint\",\"urlTemplate\":\"https:\/\/www.suno.com.br\/noticias\/?s={search_term_string}\"},\"query-input\":{\"@type\":\"PropertyValueSpecification\",\"valueRequired\":true,\"valueName\":\"search_term_string\"}}],\"inLanguage\":\"pt-BR\"},{\"@type\":\"Organization\",\"@id\":\"https:\/\/www.suno.com.br\/noticias\/#organization\",\"name\":\"Suno Not\u00edcias\",\"url\":\"https:\/\/www.suno.com.br\/noticias\/\",\"logo\":{\"@type\":\"ImageObject\",\"inLanguage\":\"pt-BR\",\"@id\":\"https:\/\/www.suno.com.br\/noticias\/#\/schema\/logo\/image\/\",\"url\":\"https:\/\/files.sunoresearch.com.br\/n\/uploads\/2021\/09\/suno-logo.png\",\"contentUrl\":\"https:\/\/files.sunoresearch.com.br\/n\/uploads\/2021\/09\/suno-logo.png\",\"width\":180,\"height\":180,\"caption\":\"Suno Not\u00edcias\"},\"image\":{\"@id\":\"https:\/\/www.suno.com.br\/noticias\/#\/schema\/logo\/image\/\"},\"sameAs\":[\"https:\/\/facebook.com\/sunoresearch\",\"https:\/\/x.com\/sunoresearch\",\"https:\/\/www.instagram.com\/suno\",\"https:\/\/www.linkedin.com\/company\/suno-research\/\",\"https:\/\/www.youtube.com\/c\/sunoresearch\"]},{\"@type\":\"Person\",\"@id\":\"https:\/\/www.suno.com.br\/noticias\/#\/schema\/person\/450c455ecff319bab1f1a0e643451479\",\"name\":\"Vanessa Loiola\",\"image\":{\"@type\":\"ImageObject\",\"inLanguage\":\"pt-BR\",\"@id\":\"https:\/\/www.suno.com.br\/noticias\/#\/schema\/person\/image\/\",\"url\":\"https:\/\/secure.gravatar.com\/avatar\/8b41117f9780831919eb38da349c3f20?s=96&r=g\",\"contentUrl\":\"https:\/\/secure.gravatar.com\/avatar\/8b41117f9780831919eb38da349c3f20?s=96&r=g\",\"caption\":\"Vanessa Loiola\"},\"description\":\"Jornalista formada pela PUC-SP, com experi\u00eancia na cobertura das editorias de economia, finan\u00e7as, bolsa de valores, pol\u00edtica, energia solar e entretenimento. Com passagem pela BM&amp;C News e RedeTV!\",\"url\":\"https:\/\/www.suno.com.br\/noticias\/author\/vanessal-loiolagmail-com\/\"}]}<\/script>\n<!-- \/ Yoast SEO plugin. -->","yoast_head_json":{"title":"Radar: Ita\u00fa (ITUB4) anuncia pagamento de JCP, Nubank (NUBR33) demite funcion\u00e1rios e IRB (IRBR3) emitir\u00e1 deb\u00eantures milion\u00e1rias","description":"Ita\u00fa (ITUB4) anuncia pagamento de dividendos, Nubank (NUBR33) demite funcion\u00e1rios e IRB (IRBR3) emitir\u00e1 deb\u00eantures milion\u00e1rias","robots":{"index":"index","follow":"follow","max-snippet":"max-snippet:-1","max-image-preview":"max-image-preview:large","max-video-preview":"max-video-preview:-1"},"canonical":"https:\/\/www.suno.com.br\/noticias\/radar-itau-itub4-nubank-nubr33-irb-irbr3\/","og_locale":"pt_BR","og_type":"article","og_title":"Radar: Ita\u00fa (ITUB4) anuncia pagamento de JCP, Nubank (NUBR33) demite funcion\u00e1rios e IRB (IRBR3) emitir\u00e1 deb\u00eantures milion\u00e1rias","og_description":"Ita\u00fa (ITUB4) anuncia pagamento de dividendos, Nubank (NUBR33) demite funcion\u00e1rios e IRB (IRBR3) emitir\u00e1 deb\u00eantures milion\u00e1rias","og_url":"https:\/\/www.suno.com.br\/noticias\/radar-itau-itub4-nubank-nubr33-irb-irbr3\/","og_site_name":"Suno Not\u00edcias","article_publisher":"https:\/\/facebook.com\/sunoresearch","og_image":[{"width":1200,"height":800,"url":"https:\/\/files.sunoresearch.com.br\/n\/uploads\/2022\/06\/IMAGEM_NOTICIA_0.jpg","type":"image\/jpeg"}],"author":"Vanessa Loiola","twitter_card":"summary_large_image","twitter_creator":"@sunoresearch","twitter_site":"@sunoresearch","twitter_misc":{"Escrito por":"Vanessa Loiola","Est. tempo de leitura":"14 minutos"},"schema":{"@context":"https:\/\/schema.org","@graph":[{"@type":"NewsArticle","@id":"https:\/\/www.suno.com.br\/noticias\/radar-itau-itub4-nubank-nubr33-irb-irbr3\/#article","isPartOf":{"@id":"https:\/\/www.suno.com.br\/noticias\/radar-itau-itub4-nubank-nubr33-irb-irbr3\/"},"author":{"name":"Vanessa Loiola","@id":"https:\/\/www.suno.com.br\/noticias\/#\/schema\/person\/450c455ecff319bab1f1a0e643451479"},"headline":"Radar: Ita\u00fa (ITUB4) anuncia pagamento de JCP, Nubank (NUBR33) demite funcion\u00e1rios e IRB (IRBR3) emitir\u00e1 deb\u00eantures milion\u00e1rias","datePublished":"2023-06-08T01:20:22+00:00","dateModified":"2023-06-08T01:20:38+00:00","mainEntityOfPage":{"@id":"https:\/\/www.suno.com.br\/noticias\/radar-itau-itub4-nubank-nubr33-irb-irbr3\/"},"wordCount":2776,"publisher":{"@id":"https:\/\/www.suno.com.br\/noticias\/#organization"},"image":{"@id":"https:\/\/www.suno.com.br\/noticias\/radar-itau-itub4-nubank-nubr33-irb-irbr3\/#primaryimage"},"thumbnailUrl":"https:\/\/files.sunoresearch.com.br\/n\/uploads\/2022\/06\/IMAGEM_NOTICIA_0.jpg","keywords":["Azul (AZUL4)","B3 (B3SA3)","CSN (CSNA3)","CSN Minera\u00e7\u00e3o (CMIN3)","Ecorodovias (ECOR3)","Gol Linhas A\u00e9reas (GOLL11\/GOLL4)","IRB Brasil (IRBR3)","Ita\u00fa Unibanco (ITUB3\/ITUB4)","Nubank (NUBR33)","Santander (SANB11\/SANB3\/SANB4)","Vale (VALE3)"],"articleSection":["Neg\u00f3cios"],"inLanguage":"pt-BR"},{"@type":"WebPage","@id":"https:\/\/www.suno.com.br\/noticias\/radar-itau-itub4-nubank-nubr33-irb-irbr3\/","url":"https:\/\/www.suno.com.br\/noticias\/radar-itau-itub4-nubank-nubr33-irb-irbr3\/","name":"Radar: Ita\u00fa (ITUB4) anuncia pagamento de JCP, Nubank (NUBR33) demite funcion\u00e1rios e IRB (IRBR3) emitir\u00e1 deb\u00eantures milion\u00e1rias","isPartOf":{"@id":"https:\/\/www.suno.com.br\/noticias\/#website"},"primaryImageOfPage":{"@id":"https:\/\/www.suno.com.br\/noticias\/radar-itau-itub4-nubank-nubr33-irb-irbr3\/#primaryimage"},"image":{"@id":"https:\/\/www.suno.com.br\/noticias\/radar-itau-itub4-nubank-nubr33-irb-irbr3\/#primaryimage"},"thumbnailUrl":"https:\/\/files.sunoresearch.com.br\/n\/uploads\/2022\/06\/IMAGEM_NOTICIA_0.jpg","datePublished":"2023-06-08T01:20:22+00:00","dateModified":"2023-06-08T01:20:38+00:00","description":"Ita\u00fa (ITUB4) anuncia pagamento de dividendos, Nubank (NUBR33) demite funcion\u00e1rios e IRB (IRBR3) emitir\u00e1 deb\u00eantures milion\u00e1rias","breadcrumb":{"@id":"https:\/\/www.suno.com.br\/noticias\/radar-itau-itub4-nubank-nubr33-irb-irbr3\/#breadcrumb"},"inLanguage":"pt-BR","potentialAction":[{"@type":"ReadAction","target":["https:\/\/www.suno.com.br\/noticias\/radar-itau-itub4-nubank-nubr33-irb-irbr3\/"]}]},{"@type":"ImageObject","inLanguage":"pt-BR","@id":"https:\/\/www.suno.com.br\/noticias\/radar-itau-itub4-nubank-nubr33-irb-irbr3\/#primaryimage","url":"https:\/\/files.sunoresearch.com.br\/n\/uploads\/2022\/06\/IMAGEM_NOTICIA_0.jpg","contentUrl":"https:\/\/files.sunoresearch.com.br\/n\/uploads\/2022\/06\/IMAGEM_NOTICIA_0.jpg","width":1200,"height":800,"caption":"Temporada de balan\u00e7os. Foto: Ag\u00eancia Brasil."},{"@type":"BreadcrumbList","@id":"https:\/\/www.suno.com.br\/noticias\/radar-itau-itub4-nubank-nubr33-irb-irbr3\/#breadcrumb","itemListElement":[{"@type":"ListItem","position":1,"name":"Not\u00edcias","item":"https:\/\/www.suno.com.br\/noticias\/"},{"@type":"ListItem","position":2,"name":"Neg\u00f3cios","item":"https:\/\/www.suno.com.br\/noticias\/negocios\/"},{"@type":"ListItem","position":3,"name":"Radar: Ita\u00fa (ITUB4) anuncia pagamento de JCP, Nubank (NUBR33) demite funcion\u00e1rios e IRB (IRBR3) emitir\u00e1 deb\u00eantures milion\u00e1rias"}]},{"@type":"WebSite","@id":"https:\/\/www.suno.com.br\/noticias\/#website","url":"https:\/\/www.suno.com.br\/noticias\/","name":"Suno Not\u00edcias","description":"Seu portal de informa\u00e7\u00e3o sobre o mundo dos investimentos","publisher":{"@id":"https:\/\/www.suno.com.br\/noticias\/#organization"},"potentialAction":[{"@type":"SearchAction","target":{"@type":"EntryPoint","urlTemplate":"https:\/\/www.suno.com.br\/noticias\/?s={search_term_string}"},"query-input":{"@type":"PropertyValueSpecification","valueRequired":true,"valueName":"search_term_string"}}],"inLanguage":"pt-BR"},{"@type":"Organization","@id":"https:\/\/www.suno.com.br\/noticias\/#organization","name":"Suno Not\u00edcias","url":"https:\/\/www.suno.com.br\/noticias\/","logo":{"@type":"ImageObject","inLanguage":"pt-BR","@id":"https:\/\/www.suno.com.br\/noticias\/#\/schema\/logo\/image\/","url":"https:\/\/files.sunoresearch.com.br\/n\/uploads\/2021\/09\/suno-logo.png","contentUrl":"https:\/\/files.sunoresearch.com.br\/n\/uploads\/2021\/09\/suno-logo.png","width":180,"height":180,"caption":"Suno Not\u00edcias"},"image":{"@id":"https:\/\/www.suno.com.br\/noticias\/#\/schema\/logo\/image\/"},"sameAs":["https:\/\/facebook.com\/sunoresearch","https:\/\/x.com\/sunoresearch","https:\/\/www.instagram.com\/suno","https:\/\/www.linkedin.com\/company\/suno-research\/","https:\/\/www.youtube.com\/c\/sunoresearch"]},{"@type":"Person","@id":"https:\/\/www.suno.com.br\/noticias\/#\/schema\/person\/450c455ecff319bab1f1a0e643451479","name":"Vanessa Loiola","image":{"@type":"ImageObject","inLanguage":"pt-BR","@id":"https:\/\/www.suno.com.br\/noticias\/#\/schema\/person\/image\/","url":"https:\/\/secure.gravatar.com\/avatar\/8b41117f9780831919eb38da349c3f20?s=96&r=g","contentUrl":"https:\/\/secure.gravatar.com\/avatar\/8b41117f9780831919eb38da349c3f20?s=96&r=g","caption":"Vanessa Loiola"},"description":"Jornalista formada pela PUC-SP, com experi\u00eancia na cobertura das editorias de economia, finan\u00e7as, bolsa de valores, pol\u00edtica, energia solar e entretenimento. Com passagem pela BM&amp;C News e RedeTV!","url":"https:\/\/www.suno.com.br\/noticias\/author\/vanessal-loiolagmail-com\/"}]}},"default_loop_html":"<div class=\"cardsPage__listCard__boxs\"><div class=\"cardsPage__listCard__boxs__img\"><a href=\"https:\/\/www.suno.com.br\/noticias\/radar-itau-itub4-nubank-nubr33-irb-irbr3\/\"><img class=\"mask\" src=\"https:\/\/www.suno.com.br\/noticias\/wp-content\/themes\/suno\/resources\/images\/spotlight\/spotlight1img\/bg-mask.png\" alt=\"Image Mask\"\/><img src=\"https:\/\/files.sunoresearch.com.br\/n\/uploads\/2022\/06\/IMAGEM_NOTICIA_0-400x200.jpg\" alt=\"Radar: Ita\u00fa (ITUB4) anuncia pagamento de JCP, Nubank (NUBR33) demite funcion\u00e1rios e IRB (IRBR3) emitir\u00e1 deb\u00eantures milion\u00e1rias\"\/><\/a><span class=\"spotlightCategory\"><a href=\"https:\/\/www.suno.com.br\/noticias\/negocios\/\">Neg\u00f3cios<\/a><\/span><\/div><div class=\"cardsPage__listCard__boxs__content\"><a href=\"https:\/\/www.suno.com.br\/noticias\/radar-itau-itub4-nubank-nubr33-irb-irbr3\/\"><h2 class=\"content__title\">Radar: Ita\u00fa (ITUB4) anuncia pagamento de JCP, Nubank (NUBR33) demite funcion\u00e1rios e IRB (IRBR3) emitir\u00e1 deb\u00eantures milion\u00e1rias<\/h2><\/a><div class=\"newsContent__article__meta\"><div class=\"newsContent__article__meta__authorBox\"><a href=\"https:\/\/www.suno.com.br\/noticias\/author\/vanessal-loiolagmail-com\/\" class=\"authorBox__avatar noMobi\"><img src=\"https:\/\/secure.gravatar.com\/avatar\/8b41117f9780831919eb38da349c3f20?s=96&#038;r=g\" alt=\"Vanessa Loiola\"><\/a><div class=\"authorBox__name\"><span>por\n\t\t\t<a href=\"https:\/\/www.suno.com.br\/noticias\/author\/vanessal-loiolagmail-com\/\"><span itemprop=\"author\">Vanessa Loiola<\/span><\/a><\/span><time datetime=\"2023-06-07T22:20:22-03:00\" itemprop=\"datePublished\">07\/06\/2023 22:20<\/time><\/div><\/div><\/div><\/div><\/div>","single_layout":"posts","amp_enabled":true,"_links":{"self":[{"href":"https:\/\/www.suno.com.br\/noticias\/wp-json\/wp\/v2\/posts\/414484"}],"collection":[{"href":"https:\/\/www.suno.com.br\/noticias\/wp-json\/wp\/v2\/posts"}],"about":[{"href":"https:\/\/www.suno.com.br\/noticias\/wp-json\/wp\/v2\/types\/post"}],"author":[{"embeddable":true,"href":"https:\/\/www.suno.com.br\/noticias\/wp-json\/wp\/v2\/users\/227"}],"replies":[{"embeddable":true,"href":"https:\/\/www.suno.com.br\/noticias\/wp-json\/wp\/v2\/comments?post=414484"}],"version-history":[{"count":2,"href":"https:\/\/www.suno.com.br\/noticias\/wp-json\/wp\/v2\/posts\/414484\/revisions"}],"predecessor-version":[{"id":414522,"href":"https:\/\/www.suno.com.br\/noticias\/wp-json\/wp\/v2\/posts\/414484\/revisions\/414522"}],"wp:featuredmedia":[{"embeddable":true,"href":"https:\/\/www.suno.com.br\/noticias\/wp-json\/wp\/v2\/media\/266005"}],"wp:attachment":[{"href":"https:\/\/www.suno.com.br\/noticias\/wp-json\/wp\/v2\/media?parent=414484"}],"wp:term":[{"taxonomy":"category","embeddable":true,"href":"https:\/\/www.suno.com.br\/noticias\/wp-json\/wp\/v2\/categories?post=414484"},{"taxonomy":"post_tag","embeddable":true,"href":"https:\/\/www.suno.com.br\/noticias\/wp-json\/wp\/v2\/tags?post=414484"},{"taxonomy":"suno_strategy","embeddable":true,"href":"https:\/\/www.suno.com.br\/noticias\/wp-json\/wp\/v2\/suno_strategy?post=414484"}],"curies":[{"name":"wp","href":"https:\/\/api.w.org\/{rel}","templated":true}]}}