{"id":413974,"date":"2023-06-07T09:03:08","date_gmt":"2023-06-07T12:03:08","guid":{"rendered":"https:\/\/www.suno.com.br\/noticias\/?p=413974"},"modified":"2023-06-07T12:31:53","modified_gmt":"2023-06-07T15:31:53","slug":"ipca-inflacao-brasil-maio-ibge-dados","status":"publish","type":"post","link":"https:\/\/www.suno.com.br\/noticias\/ipca-inflacao-brasil-maio-ibge-dados\/","title":{"rendered":"IPCA sobe 0,23% em maio, abaixo do esperado pelo mercado"},"content":{"rendered":"<p>O <a href=\"https:\/\/www.suno.com.br\/guias\/ipca\/\" target=\"_blank\" rel=\"noreferrer noopener\">\u00cdndice de Pre\u00e7os ao Consumidor Amplo (<strong>IPCA<\/strong>)<\/a> apresentou uma alta de 0,23% em maio, conforme dados divulgados pelo IBGE na manh\u00e3 desta quarta-feira (7).<\/p><div class=\"videoFull videoFull--noRadius\">\n\t\t\t<div class=\"videoWrapper yt-lazyload center\"\n\t\t\t\tdata-width=\"960\"\n\t\t\t\tdata-height=\"540\"\n\t\t\t\tdata-id=\"5Z-uP5_bNoU\"\n\t\t\t\tdata-alt=\"IPCA surpreende e Ibovespa vai aos 115 mil pontos | Breaking News\"\n\t\t\t\tdata-logo=\"3\"\n\t\t\t\tdata-imagequality=\"maxres\">\n\t\t\t<\/div>\n\t\t<\/div><span class=\"videoFull__caption videoFull__caption--show\">IPCA surpreende e Ibovespa vai aos 115 mil pontos | Breaking News<p><\/p><\/span><script type=\"application\/ld+json\">{\"@context\":\"https:\/\/schema.org\",\"@type\":\"VideoObject\",\"name\":\"IPCA surpreende e Ibovespa vai aos 115 mil pontos | Breaking News\",\"description\":\"#mercadofinanceiro #investimentos #bolsadevalores #ibovespa #d\u00f3lar #breakingnews O \u00cdndice de Pre\u00e7os ao Consumidor Amplo (IPCA) apresentou uma alta de 0,23% em maio, conforme dados divulgados pelo IBGE na manh\u00e3 desta quarta-feira (7). Com isso, o IPCA anualizado ficou em 3,94%. Os dados oficiais da infla\u00e7\u00e3o, assim, mostraram um cen\u00e1rio com varia\u00e7\u00e3o menor do que o esperado.\u2026\",\"duration\":\"PT13M22S\",\"embedUrl\":\"https:\/\/www.youtube.com\/embed\/5Z-uP5_bNoU\",\"regionsAllowed\":\"pt-BR\",\"interactionStatistic\":{\"@type\":\"InteractionCounter\",\"interactionType\":{\"@type\":\"WatchAction\"},\"userInteractionCount\":1387},\"thumbnailUrl\":\"https:\/\/i.ytimg.com\/vi\/5Z-uP5_bNoU\/default.jpg\",\"uploadDate\":\"2023-06-07T15:34:23Z\"}<\/script>\n\n\n\n\n\t<p>\n\t\t<a href=\"\" target=\"_blank\" data-element=\"shortcode-suno-banner\" title=\"Banner SUNO, clique e saiba mais\">\n\t\t\t<picture>\n\t\t\t\t<source media=\"(max-width: 500px)\" srcset=\"\">\n\t\t\t\t<img class=\"newsContent__article__imgCapa newsContent__article__imgCapa--banner\"\n\t\t\t\t\tsrc=\"\"\n\t\t\t\t\tdata-promo-id=\"240038\"\t\t\t\t\t\t\t\t\t\t\t\t\t\t\talt=\"\"\n\t\t\t\t>\n\t\t\t<\/picture>\n\t\t<\/a>\n\t<\/p>\n\n\n\n\n\n<p>Com isso, o IPCA anualizado ficou em 3,94%. Os dados oficiais da <strong><a href=\"https:\/\/www.suno.com.br\/artigos\/inflacao\/\" target=\"_blank\" rel=\"noreferrer noopener\">infla\u00e7\u00e3o<\/a><\/strong>, assim, mostraram um cen\u00e1rio com varia\u00e7\u00e3o menor do que o esperado.<\/p>\n\n\n\n<p>As proje\u00e7\u00f5es do consenso de mercado eram de uma varia\u00e7\u00e3o de 0,33% do <strong>IPCA em maio<\/strong>, deixando o anualizado em 4,04%. <\/p>\n\n\n\n<p>Se confirmada, a proje\u00e7\u00e3o j\u00e1 representaria o IPCA mais baixo desde meados de 2020 &#8211; o que ocorreu com mais &#8216;folga&#8217;, dada a varia\u00e7\u00e3o de 0,23%.<\/p>\n\n\n\n<p>Em 2023, a alta acumulada do IPCA \u00e9 de 2,95%.<\/p>\n\n\n<div class=\"wp-block-image\">\n<figure class=\"aligncenter size-large\"><img loading=\"lazy\" decoding=\"async\" width=\"1024\" height=\"601\" src=\"https:\/\/files.sunoresearch.com.br\/n\/uploads\/2023\/06\/variacao-mensal-por-grupos-maio-2023-IPCA-1024x601.png\" alt=\"Varia\u00e7\u00e3o por grupo no IPCA de maio - Foto: IBGE\" class=\"wp-image-413993\" srcset=\"https:\/\/files.sunoresearch.com.br\/n\/uploads\/2023\/06\/variacao-mensal-por-grupos-maio-2023-IPCA-1024x601.png 1024w, https:\/\/files.sunoresearch.com.br\/n\/uploads\/2023\/06\/variacao-mensal-por-grupos-maio-2023-IPCA-300x176.png 300w, https:\/\/files.sunoresearch.com.br\/n\/uploads\/2023\/06\/variacao-mensal-por-grupos-maio-2023-IPCA-768x451.png 768w, https:\/\/files.sunoresearch.com.br\/n\/uploads\/2023\/06\/variacao-mensal-por-grupos-maio-2023-IPCA-1536x902.png 1536w, https:\/\/files.sunoresearch.com.br\/n\/uploads\/2023\/06\/variacao-mensal-por-grupos-maio-2023-IPCA-150x88.png 150w, https:\/\/files.sunoresearch.com.br\/n\/uploads\/2023\/06\/variacao-mensal-por-grupos-maio-2023-IPCA.png 1800w\" sizes=\"(max-width: 1024px) 100vw, 1024px\" \/><figcaption class=\"wp-element-caption\">Varia\u00e7\u00e3o por grupo no IPCA de maio &#8211; Foto: IBGE<\/figcaption><\/figure><\/div>\n\n\n<p>O que puxou o \u00edndice para baixo no m\u00eas foi o grupo de transportes, que apresentou uma defla\u00e7\u00e3o de 0,57%.<\/p>\n\n\n\n<p>Al\u00e9m disso, outro grupo que registrou queda em maio foi o de artigos e resid\u00eancia, que caiu 0,23%.<\/p>\n\n\n\n<p>Segundo os dados do IBGE, no caso dos transportes destaca-se os recuos nos pre\u00e7os das passagens a\u00e9reas (-17,73%), al\u00e9m do resultado de combust\u00edveis (-1,82%), por conta das quedas do \u00f3leo diesel (-5,96%), da gasolina (-1,93%) e do g\u00e1s veicular (-1,01%).<\/p>\n\n\n\n<p>Al\u00e9m disso, foi registrada uma desacelera\u00e7\u00e3o no grupo de alimentos e bebidas, que saiu de 0,71% em abril para 0,16% em maio.<\/p>\n\n\n\n<p>\u201cTrata-se do grupo com maior peso no \u00edndice, o que acaba influenciando bastante no resultado geral\u201d, aponta o analista da pesquisa, Andr\u00e9 Almeida.<\/p>\n\n\n\n<p>&#8220;O que mais descolou para cima das nossas proje\u00e7\u00f5es foi a varia\u00e7\u00e3o dos combust\u00edveis dom\u00e9sticos, ve\u00edculos pr\u00f3prios e gasolina, enquanto os desvios para baixo das nossas proje\u00e7\u00f5es foram medicamentos, etanol e frutas&#8221;, diz o time da XP Macro Strategy.<\/p>\n\n\n\n<p>&#8220;De acordo com nosso ajuste sazonal, o n\u00facleo da infla\u00e7\u00e3o anualizada de 3 meses desacelerou para 5,07% na base mensal, de um patamar anterior de 6,09%&#8221;, completa.<\/p>\n\n\n\n<p>Para o head de renda vari\u00e1vel e s\u00f3cio da A7 Capital, Andr\u00e9 Fernandes, o dado de infla\u00e7\u00e3o abaixo do esperado sinaliza uma folga maior para um corte de juros.<\/p>\n\n\n\n<p>&#8220;Na minha leitura, o IPCA de Maio refor\u00e7a que o Banco Central come\u00e7a a ter cada vez mais espa\u00e7o para iniciar o corte da Selic, algo que j\u00e1 vem sendo precificado na curva de juros. O meio da curva hoje ap\u00f3s a divulga\u00e7\u00e3o do IPCA cai em m\u00e9dia -0,38%, j\u00e1 indicando uma taxa de juros abaixo de 11% em junho de 2025. Acredito que o corte de juros por parte do Banco Central se dar\u00e1 entre Agosto e Setembro, desde que o FED (banco central americano) pare de subir os juros nessa reuni\u00e3o de Junho (as apostas do mercado est\u00e3o em 77% para uma pausa na alta de juros por l\u00e1 nessa reuni\u00e3o)&#8221;, comenta.<\/p>\n\n\n\t<p>\n\t\t<a href=\"https:\/\/lp.suno.com.br\/ebook-gratuito-investindo-no-exterior\/\" target=\"_blank\" data-element=\"shortcode-suno-banner\" title=\"Banner SUNO, clique e saiba mais\">\n\t\t\t<picture>\n\t\t\t\t<source media=\"(max-width: 500px)\" srcset=\"https:\/\/files.sunoresearch.com.br\/n\/uploads\/2023\/03\/400x300-Investindo-no-exterior.png\">\n\t\t\t\t<img class=\"newsContent__article__imgCapa newsContent__article__imgCapa--banner\"\n\t\t\t\t\tsrc=\"https:\/\/files.sunoresearch.com.br\/n\/uploads\/2023\/03\/1420x240-Investindo-no-exterior.png\"\n\t\t\t\t\tdata-promo-id=\"383161\"\t\t\t\t\t\t\t\t\t\twidth='1420' height='240'\t\t\t\t\talt=\"https:\/\/files.sunoresearch.com.br\/n\/uploads\/2023\/03\/1420x240-Investindo-no-exterior.png\"\n\t\t\t\t>\n\t\t\t<\/picture>\n\t\t<\/a>\n\t<\/p>\n\n\n\n\n\n<h2 class=\"wp-block-heading\">Proje\u00e7\u00f5es para o IPCA em 2023<\/h2>\n\n\n\n<p>Nesta semana, pela terceira vez consecutiva, as proje\u00e7\u00f5es do IPCA foram cortadas pelos economistas do <a class=\"suno-keyword\" target=\"_blank\" data-force=\"no\" data-priority=\"2\" href=\"https:\/\/www.suno.com.br\/guias\/mercado-financeiro\/\" rel=\"noopener\">mercado financeiro<\/a>.<\/p>\n\n\n\n<p><a href=\"https:\/\/www.bcb.gov.br\/content\/focus\/focus\/R20230602.pdf\" target=\"_blank\" rel=\"noreferrer noopener\">Segundo o Boletim Focus divulgado nesta segunda (5)<\/a>, a proje\u00e7\u00e3o atual \u00e9 de 5,69% de infla\u00e7\u00e3o.<\/p>\n\n\n\n<ul class=\"wp-block-list\">\n<li>IPCA: a proje\u00e7\u00e3o caiu para 5,69%<\/li>\n\n\n\n<li>PIB: a proje\u00e7\u00e3o aumentou para 1,68%<\/li>\n\n\n\n<li>D\u00f3lar: a previs\u00e3o do c\u00e2mbio caiu para R$ 5,10<\/li>\n\n\n\n<li>Taxa Selic: a previs\u00e3o segue em 12,50%<\/li>\n\n\n\n<li>Balan\u00e7a Comercial: a expectativa para o super\u00e1vit caiu para US$ 59,75 bilh\u00f5es<\/li>\n\n\n\n<li>Investimento Estrangeiro Direto: a previs\u00e3o segue em US$ 80 bilh\u00f5es<\/li>\n\n\n\n<li><a href=\"https:\/\/www.suno.com.br\/artigos\/deficit-primario\/\">D\u00edvida do Setor P\u00fablico<\/a>: a previs\u00e3o caiu para 60,70% PIB<\/li>\n<\/ul>\n\n\n\n<p>A queda das proje\u00e7\u00f5es tem sido paulatina desde que o mercado financeiro fez um corte substancial nas proje\u00e7\u00f5es do <strong>IPCA<\/strong>, de 6% para 5,8%, na semana em que foram alterados os pre\u00e7os da gasolina.<\/p>\n\n\n\t<p>\n\t\t<a href=\"https:\/\/lp.suno.com.br\/suno-one\/?utm_campaign=_SNC6964518A_\" target=\"_blank\" data-element=\"shortcode-suno-banner\" title=\"Banner SUNO, clique e saiba mais\">\n\t\t\t<picture>\n\t\t\t\t<source media=\"(max-width: 500px)\" srcset=\"https:\/\/files.sunoresearch.com.br\/n\/uploads\/2025\/09\/400x300-Suno-One-png.webp\">\n\t\t\t\t<img class=\"newsContent__article__imgCapa newsContent__article__imgCapa--banner\"\n\t\t\t\t\tsrc=\"https:\/\/files.sunoresearch.com.br\/n\/uploads\/2025\/09\/1420x240-Suno-One-png.webp\"\n\t\t\t\t\tdata-promo-id=\"383121\"\t\t\t\t\t\t\t\t\t\twidth='1420' height='240'\t\t\t\t\talt=\"https:\/\/files.sunoresearch.com.br\/n\/uploads\/2025\/09\/1420x240-Suno-One-png.webp\"\n\t\t\t\t>\n\t\t\t<\/picture>\n\t\t<\/a>\n\t<\/p>\n\n\n","protected":false},"excerpt":{"rendered":"<p>O \u00cdndice de Pre\u00e7os ao Consumidor Amplo (IPCA) apresentou uma alta de 0,23% em maio, conforme dados divulgados pelo IBGE na manh\u00e3 desta quarta-feira (7). IPCA surpreende e Ibovespa vai aos 115 mil pontos | Breaking News Com isso, o IPCA anualizado ficou em 3,94%. Os dados oficiais da infla\u00e7\u00e3o, assim, mostraram um cen\u00e1rio com [&hellip;]<\/p>\n","protected":false},"author":73,"featured_media":374799,"comment_status":"closed","ping_status":"closed","sticky":false,"template":"","format":"standard","meta":[],"categories":[62],"tags":[105816,850,966],"suno_strategy":[],"class_list":["post-413974","post","type-post","status-publish","format-standard","has-post-thumbnail","hentry","category-economia","tag-especialistas","tag-inflacao","tag-ipca"],"yoast_head":"<!-- This site is optimized with the Yoast SEO plugin v24.4 - https:\/\/yoast.com\/wordpress\/plugins\/seo\/ -->\n<title>IPCA sobe 0,23% em maio, abaixo do esperado pelo mercado<\/title>\n<meta name=\"description\" content=\"As proje\u00e7\u00f5es do consenso de mercado eram de uma varia\u00e7\u00e3o de 0,33% do IPCA em maio, deixando o anualizado em 4,04%.\" \/>\n<meta name=\"robots\" content=\"index, follow, max-snippet:-1, max-image-preview:large, max-video-preview:-1\" \/>\n<link rel=\"canonical\" href=\"https:\/\/www.suno.com.br\/noticias\/ipca-inflacao-brasil-maio-ibge-dados\/\" \/>\n<meta property=\"og:locale\" content=\"pt_BR\" \/>\n<meta property=\"og:type\" content=\"article\" \/>\n<meta property=\"og:title\" content=\"IPCA sobe 0,23% em maio, abaixo do esperado pelo mercado\" \/>\n<meta property=\"og:description\" content=\"As proje\u00e7\u00f5es do consenso de mercado eram de uma varia\u00e7\u00e3o de 0,33% do IPCA em maio, deixando o anualizado em 4,04%.\" \/>\n<meta property=\"og:url\" content=\"https:\/\/www.suno.com.br\/noticias\/ipca-inflacao-brasil-maio-ibge-dados\/\" \/>\n<meta property=\"og:site_name\" content=\"Suno Not\u00edcias\" \/>\n<meta property=\"article:publisher\" content=\"https:\/\/facebook.com\/sunoresearch\" \/>\n<meta property=\"og:image\" content=\"https:\/\/files.sunoresearch.com.br\/n\/uploads\/2023\/03\/ipca.jpg\" \/>\n\t<meta property=\"og:image:width\" content=\"1920\" \/>\n\t<meta property=\"og:image:height\" content=\"1280\" \/>\n\t<meta property=\"og:image:type\" content=\"image\/jpeg\" \/>\n<meta name=\"author\" content=\"Eduardo Vargas\" \/>\n<meta name=\"twitter:card\" content=\"summary_large_image\" \/>\n<meta name=\"twitter:creator\" content=\"@sunoresearch\" \/>\n<meta name=\"twitter:site\" content=\"@sunoresearch\" \/>\n<meta name=\"twitter:label1\" content=\"Escrito por\" \/>\n\t<meta name=\"twitter:data1\" content=\"Eduardo Vargas\" \/>\n\t<meta name=\"twitter:label2\" content=\"Est. tempo de leitura\" \/>\n\t<meta name=\"twitter:data2\" content=\"4 minutos\" \/>\n<script type=\"application\/ld+json\" class=\"yoast-schema-graph\">{\"@context\":\"https:\/\/schema.org\",\"@graph\":[{\"@type\":\"NewsArticle\",\"@id\":\"https:\/\/www.suno.com.br\/noticias\/ipca-inflacao-brasil-maio-ibge-dados\/#article\",\"isPartOf\":{\"@id\":\"https:\/\/www.suno.com.br\/noticias\/ipca-inflacao-brasil-maio-ibge-dados\/\"},\"author\":{\"name\":\"Eduardo Vargas\",\"@id\":\"https:\/\/www.suno.com.br\/noticias\/#\/schema\/person\/7f4d362bf3518e76090143ae77bb49a5\"},\"headline\":\"IPCA sobe 0,23% em maio, abaixo do esperado pelo mercado\",\"datePublished\":\"2023-06-07T12:03:08+00:00\",\"dateModified\":\"2023-06-07T15:31:53+00:00\",\"mainEntityOfPage\":{\"@id\":\"https:\/\/www.suno.com.br\/noticias\/ipca-inflacao-brasil-maio-ibge-dados\/\"},\"wordCount\":628,\"publisher\":{\"@id\":\"https:\/\/www.suno.com.br\/noticias\/#organization\"},\"image\":{\"@id\":\"https:\/\/www.suno.com.br\/noticias\/ipca-inflacao-brasil-maio-ibge-dados\/#primaryimage\"},\"thumbnailUrl\":\"https:\/\/files.sunoresearch.com.br\/n\/uploads\/2023\/03\/ipca.jpg\",\"keywords\":[\"Especialistas\",\"infla\u00e7\u00e3o\",\"IPCA\"],\"articleSection\":[\"Economia\"],\"inLanguage\":\"pt-BR\"},{\"@type\":\"WebPage\",\"@id\":\"https:\/\/www.suno.com.br\/noticias\/ipca-inflacao-brasil-maio-ibge-dados\/\",\"url\":\"https:\/\/www.suno.com.br\/noticias\/ipca-inflacao-brasil-maio-ibge-dados\/\",\"name\":\"IPCA sobe 0,23% em maio, abaixo do esperado pelo mercado\",\"isPartOf\":{\"@id\":\"https:\/\/www.suno.com.br\/noticias\/#website\"},\"primaryImageOfPage\":{\"@id\":\"https:\/\/www.suno.com.br\/noticias\/ipca-inflacao-brasil-maio-ibge-dados\/#primaryimage\"},\"image\":{\"@id\":\"https:\/\/www.suno.com.br\/noticias\/ipca-inflacao-brasil-maio-ibge-dados\/#primaryimage\"},\"thumbnailUrl\":\"https:\/\/files.sunoresearch.com.br\/n\/uploads\/2023\/03\/ipca.jpg\",\"datePublished\":\"2023-06-07T12:03:08+00:00\",\"dateModified\":\"2023-06-07T15:31:53+00:00\",\"description\":\"As proje\u00e7\u00f5es do consenso de mercado eram de uma varia\u00e7\u00e3o de 0,33% do IPCA em maio, deixando o anualizado em 4,04%.\",\"breadcrumb\":{\"@id\":\"https:\/\/www.suno.com.br\/noticias\/ipca-inflacao-brasil-maio-ibge-dados\/#breadcrumb\"},\"inLanguage\":\"pt-BR\",\"potentialAction\":[{\"@type\":\"ReadAction\",\"target\":[\"https:\/\/www.suno.com.br\/noticias\/ipca-inflacao-brasil-maio-ibge-dados\/\"]}]},{\"@type\":\"ImageObject\",\"inLanguage\":\"pt-BR\",\"@id\":\"https:\/\/www.suno.com.br\/noticias\/ipca-inflacao-brasil-maio-ibge-dados\/#primaryimage\",\"url\":\"https:\/\/files.sunoresearch.com.br\/n\/uploads\/2023\/03\/ipca.jpg\",\"contentUrl\":\"https:\/\/files.sunoresearch.com.br\/n\/uploads\/2023\/03\/ipca.jpg\",\"width\":1920,\"height\":1280,\"caption\":\"IPCA\"},{\"@type\":\"BreadcrumbList\",\"@id\":\"https:\/\/www.suno.com.br\/noticias\/ipca-inflacao-brasil-maio-ibge-dados\/#breadcrumb\",\"itemListElement\":[{\"@type\":\"ListItem\",\"position\":1,\"name\":\"Not\u00edcias\",\"item\":\"https:\/\/www.suno.com.br\/noticias\/\"},{\"@type\":\"ListItem\",\"position\":2,\"name\":\"Economia\",\"item\":\"https:\/\/www.suno.com.br\/noticias\/economia\/\"},{\"@type\":\"ListItem\",\"position\":3,\"name\":\"IPCA sobe 0,23% em maio, abaixo do esperado pelo mercado\"}]},{\"@type\":\"WebSite\",\"@id\":\"https:\/\/www.suno.com.br\/noticias\/#website\",\"url\":\"https:\/\/www.suno.com.br\/noticias\/\",\"name\":\"Suno Not\u00edcias\",\"description\":\"Seu portal de informa\u00e7\u00e3o sobre o mundo dos investimentos\",\"publisher\":{\"@id\":\"https:\/\/www.suno.com.br\/noticias\/#organization\"},\"potentialAction\":[{\"@type\":\"SearchAction\",\"target\":{\"@type\":\"EntryPoint\",\"urlTemplate\":\"https:\/\/www.suno.com.br\/noticias\/?s={search_term_string}\"},\"query-input\":{\"@type\":\"PropertyValueSpecification\",\"valueRequired\":true,\"valueName\":\"search_term_string\"}}],\"inLanguage\":\"pt-BR\"},{\"@type\":\"Organization\",\"@id\":\"https:\/\/www.suno.com.br\/noticias\/#organization\",\"name\":\"Suno Not\u00edcias\",\"url\":\"https:\/\/www.suno.com.br\/noticias\/\",\"logo\":{\"@type\":\"ImageObject\",\"inLanguage\":\"pt-BR\",\"@id\":\"https:\/\/www.suno.com.br\/noticias\/#\/schema\/logo\/image\/\",\"url\":\"https:\/\/files.sunoresearch.com.br\/n\/uploads\/2021\/09\/suno-logo.png\",\"contentUrl\":\"https:\/\/files.sunoresearch.com.br\/n\/uploads\/2021\/09\/suno-logo.png\",\"width\":180,\"height\":180,\"caption\":\"Suno Not\u00edcias\"},\"image\":{\"@id\":\"https:\/\/www.suno.com.br\/noticias\/#\/schema\/logo\/image\/\"},\"sameAs\":[\"https:\/\/facebook.com\/sunoresearch\",\"https:\/\/x.com\/sunoresearch\",\"https:\/\/www.instagram.com\/suno\",\"https:\/\/www.linkedin.com\/company\/suno-research\/\",\"https:\/\/www.youtube.com\/c\/sunoresearch\"]},{\"@type\":\"Person\",\"@id\":\"https:\/\/www.suno.com.br\/noticias\/#\/schema\/person\/7f4d362bf3518e76090143ae77bb49a5\",\"name\":\"Eduardo Vargas\",\"image\":{\"@type\":\"ImageObject\",\"inLanguage\":\"pt-BR\",\"@id\":\"https:\/\/www.suno.com.br\/noticias\/#\/schema\/person\/image\/\",\"url\":\"https:\/\/secure.gravatar.com\/avatar\/dac340933427a22924c9f99d1eb2e3f2?s=96&r=g\",\"contentUrl\":\"https:\/\/secure.gravatar.com\/avatar\/dac340933427a22924c9f99d1eb2e3f2?s=96&r=g\",\"caption\":\"Eduardo Vargas\"},\"description\":\"Jornalista formado pela UFSC, cobre macroeconomia, neg\u00f3cios e startups para o Suno Not\u00edcias, escrevendo principalmente not\u00edcias sobre o mercado financeiro e a bolsa de valores. No YouTube e no Instagram, \u00e9 respons\u00e1vel pela produ\u00e7\u00e3o de Reels e Shorts do Suno Not\u00edcias. Anteriormente, trabalhou cobrindo economia e cotidiano no ND+ e para o ND, maior jornal impresso de Santa Catarina. Cursou um semestre letivo de Estudos de M\u00eddia na Universidad de Buenos Aires.\",\"url\":\"https:\/\/www.suno.com.br\/noticias\/author\/eduardo-vargas\/\"}]}<\/script>\n<!-- \/ Yoast SEO plugin. -->","yoast_head_json":{"title":"IPCA sobe 0,23% em maio, abaixo do esperado pelo mercado","description":"As proje\u00e7\u00f5es do consenso de mercado eram de uma varia\u00e7\u00e3o de 0,33% do IPCA em maio, deixando o anualizado em 4,04%.","robots":{"index":"index","follow":"follow","max-snippet":"max-snippet:-1","max-image-preview":"max-image-preview:large","max-video-preview":"max-video-preview:-1"},"canonical":"https:\/\/www.suno.com.br\/noticias\/ipca-inflacao-brasil-maio-ibge-dados\/","og_locale":"pt_BR","og_type":"article","og_title":"IPCA sobe 0,23% em maio, abaixo do esperado pelo mercado","og_description":"As proje\u00e7\u00f5es do consenso de mercado eram de uma varia\u00e7\u00e3o de 0,33% do IPCA em maio, deixando o anualizado em 4,04%.","og_url":"https:\/\/www.suno.com.br\/noticias\/ipca-inflacao-brasil-maio-ibge-dados\/","og_site_name":"Suno Not\u00edcias","article_publisher":"https:\/\/facebook.com\/sunoresearch","og_image":[{"width":1920,"height":1280,"url":"https:\/\/files.sunoresearch.com.br\/n\/uploads\/2023\/03\/ipca.jpg","type":"image\/jpeg"}],"author":"Eduardo Vargas","twitter_card":"summary_large_image","twitter_creator":"@sunoresearch","twitter_site":"@sunoresearch","twitter_misc":{"Escrito por":"Eduardo Vargas","Est. tempo de leitura":"4 minutos"},"schema":{"@context":"https:\/\/schema.org","@graph":[{"@type":"NewsArticle","@id":"https:\/\/www.suno.com.br\/noticias\/ipca-inflacao-brasil-maio-ibge-dados\/#article","isPartOf":{"@id":"https:\/\/www.suno.com.br\/noticias\/ipca-inflacao-brasil-maio-ibge-dados\/"},"author":{"name":"Eduardo Vargas","@id":"https:\/\/www.suno.com.br\/noticias\/#\/schema\/person\/7f4d362bf3518e76090143ae77bb49a5"},"headline":"IPCA sobe 0,23% em maio, abaixo do esperado pelo mercado","datePublished":"2023-06-07T12:03:08+00:00","dateModified":"2023-06-07T15:31:53+00:00","mainEntityOfPage":{"@id":"https:\/\/www.suno.com.br\/noticias\/ipca-inflacao-brasil-maio-ibge-dados\/"},"wordCount":628,"publisher":{"@id":"https:\/\/www.suno.com.br\/noticias\/#organization"},"image":{"@id":"https:\/\/www.suno.com.br\/noticias\/ipca-inflacao-brasil-maio-ibge-dados\/#primaryimage"},"thumbnailUrl":"https:\/\/files.sunoresearch.com.br\/n\/uploads\/2023\/03\/ipca.jpg","keywords":["Especialistas","infla\u00e7\u00e3o","IPCA"],"articleSection":["Economia"],"inLanguage":"pt-BR"},{"@type":"WebPage","@id":"https:\/\/www.suno.com.br\/noticias\/ipca-inflacao-brasil-maio-ibge-dados\/","url":"https:\/\/www.suno.com.br\/noticias\/ipca-inflacao-brasil-maio-ibge-dados\/","name":"IPCA sobe 0,23% em maio, abaixo do esperado pelo mercado","isPartOf":{"@id":"https:\/\/www.suno.com.br\/noticias\/#website"},"primaryImageOfPage":{"@id":"https:\/\/www.suno.com.br\/noticias\/ipca-inflacao-brasil-maio-ibge-dados\/#primaryimage"},"image":{"@id":"https:\/\/www.suno.com.br\/noticias\/ipca-inflacao-brasil-maio-ibge-dados\/#primaryimage"},"thumbnailUrl":"https:\/\/files.sunoresearch.com.br\/n\/uploads\/2023\/03\/ipca.jpg","datePublished":"2023-06-07T12:03:08+00:00","dateModified":"2023-06-07T15:31:53+00:00","description":"As proje\u00e7\u00f5es do consenso de mercado eram de uma varia\u00e7\u00e3o de 0,33% do IPCA em maio, deixando o anualizado em 4,04%.","breadcrumb":{"@id":"https:\/\/www.suno.com.br\/noticias\/ipca-inflacao-brasil-maio-ibge-dados\/#breadcrumb"},"inLanguage":"pt-BR","potentialAction":[{"@type":"ReadAction","target":["https:\/\/www.suno.com.br\/noticias\/ipca-inflacao-brasil-maio-ibge-dados\/"]}]},{"@type":"ImageObject","inLanguage":"pt-BR","@id":"https:\/\/www.suno.com.br\/noticias\/ipca-inflacao-brasil-maio-ibge-dados\/#primaryimage","url":"https:\/\/files.sunoresearch.com.br\/n\/uploads\/2023\/03\/ipca.jpg","contentUrl":"https:\/\/files.sunoresearch.com.br\/n\/uploads\/2023\/03\/ipca.jpg","width":1920,"height":1280,"caption":"IPCA"},{"@type":"BreadcrumbList","@id":"https:\/\/www.suno.com.br\/noticias\/ipca-inflacao-brasil-maio-ibge-dados\/#breadcrumb","itemListElement":[{"@type":"ListItem","position":1,"name":"Not\u00edcias","item":"https:\/\/www.suno.com.br\/noticias\/"},{"@type":"ListItem","position":2,"name":"Economia","item":"https:\/\/www.suno.com.br\/noticias\/economia\/"},{"@type":"ListItem","position":3,"name":"IPCA sobe 0,23% em maio, abaixo do esperado pelo mercado"}]},{"@type":"WebSite","@id":"https:\/\/www.suno.com.br\/noticias\/#website","url":"https:\/\/www.suno.com.br\/noticias\/","name":"Suno Not\u00edcias","description":"Seu portal de informa\u00e7\u00e3o sobre o mundo dos investimentos","publisher":{"@id":"https:\/\/www.suno.com.br\/noticias\/#organization"},"potentialAction":[{"@type":"SearchAction","target":{"@type":"EntryPoint","urlTemplate":"https:\/\/www.suno.com.br\/noticias\/?s={search_term_string}"},"query-input":{"@type":"PropertyValueSpecification","valueRequired":true,"valueName":"search_term_string"}}],"inLanguage":"pt-BR"},{"@type":"Organization","@id":"https:\/\/www.suno.com.br\/noticias\/#organization","name":"Suno Not\u00edcias","url":"https:\/\/www.suno.com.br\/noticias\/","logo":{"@type":"ImageObject","inLanguage":"pt-BR","@id":"https:\/\/www.suno.com.br\/noticias\/#\/schema\/logo\/image\/","url":"https:\/\/files.sunoresearch.com.br\/n\/uploads\/2021\/09\/suno-logo.png","contentUrl":"https:\/\/files.sunoresearch.com.br\/n\/uploads\/2021\/09\/suno-logo.png","width":180,"height":180,"caption":"Suno Not\u00edcias"},"image":{"@id":"https:\/\/www.suno.com.br\/noticias\/#\/schema\/logo\/image\/"},"sameAs":["https:\/\/facebook.com\/sunoresearch","https:\/\/x.com\/sunoresearch","https:\/\/www.instagram.com\/suno","https:\/\/www.linkedin.com\/company\/suno-research\/","https:\/\/www.youtube.com\/c\/sunoresearch"]},{"@type":"Person","@id":"https:\/\/www.suno.com.br\/noticias\/#\/schema\/person\/7f4d362bf3518e76090143ae77bb49a5","name":"Eduardo Vargas","image":{"@type":"ImageObject","inLanguage":"pt-BR","@id":"https:\/\/www.suno.com.br\/noticias\/#\/schema\/person\/image\/","url":"https:\/\/secure.gravatar.com\/avatar\/dac340933427a22924c9f99d1eb2e3f2?s=96&r=g","contentUrl":"https:\/\/secure.gravatar.com\/avatar\/dac340933427a22924c9f99d1eb2e3f2?s=96&r=g","caption":"Eduardo Vargas"},"description":"Jornalista formado pela UFSC, cobre macroeconomia, neg\u00f3cios e startups para o Suno Not\u00edcias, escrevendo principalmente not\u00edcias sobre o mercado financeiro e a bolsa de valores. No YouTube e no Instagram, \u00e9 respons\u00e1vel pela produ\u00e7\u00e3o de Reels e Shorts do Suno Not\u00edcias. Anteriormente, trabalhou cobrindo economia e cotidiano no ND+ e para o ND, maior jornal impresso de Santa Catarina. Cursou um semestre letivo de Estudos de M\u00eddia na Universidad de Buenos Aires.","url":"https:\/\/www.suno.com.br\/noticias\/author\/eduardo-vargas\/"}]}},"default_loop_html":"<div class=\"cardsPage__listCard__boxs\"><div class=\"cardsPage__listCard__boxs__img\"><a href=\"https:\/\/www.suno.com.br\/noticias\/ipca-inflacao-brasil-maio-ibge-dados\/\"><img class=\"mask\" src=\"https:\/\/www.suno.com.br\/noticias\/wp-content\/themes\/suno\/resources\/images\/spotlight\/spotlight1img\/bg-mask.png\" alt=\"Image Mask\"\/><img src=\"https:\/\/files.sunoresearch.com.br\/n\/uploads\/2023\/03\/ipca-400x200.jpg\" alt=\"IPCA sobe 0,23% em maio, abaixo do esperado pelo mercado\"\/><\/a><span class=\"spotlightCategory\"><a href=\"https:\/\/www.suno.com.br\/noticias\/economia\/\">Economia<\/a><\/span><\/div><div class=\"cardsPage__listCard__boxs__content\"><a href=\"https:\/\/www.suno.com.br\/noticias\/ipca-inflacao-brasil-maio-ibge-dados\/\"><h2 class=\"content__title\">IPCA sobe 0,23% em maio, abaixo do esperado pelo mercado<\/h2><\/a><div class=\"newsContent__article__meta\"><div class=\"newsContent__article__meta__authorBox\"><a href=\"https:\/\/www.suno.com.br\/noticias\/author\/eduardo-vargas\/\" class=\"authorBox__avatar noMobi\"><img src=\"https:\/\/secure.gravatar.com\/avatar\/dac340933427a22924c9f99d1eb2e3f2?s=96&#038;r=g\" alt=\"Eduardo Vargas\"><\/a><div class=\"authorBox__name\"><span>por\n\t\t\t<a href=\"https:\/\/www.suno.com.br\/noticias\/author\/eduardo-vargas\/\"><span itemprop=\"author\">Eduardo Vargas<\/span><\/a><\/span><time datetime=\"2023-06-07T09:03:08-03:00\" itemprop=\"datePublished\">07\/06\/2023 09:03<\/time><\/div><\/div><\/div><\/div><\/div>","single_layout":"posts","amp_enabled":true,"_links":{"self":[{"href":"https:\/\/www.suno.com.br\/noticias\/wp-json\/wp\/v2\/posts\/413974"}],"collection":[{"href":"https:\/\/www.suno.com.br\/noticias\/wp-json\/wp\/v2\/posts"}],"about":[{"href":"https:\/\/www.suno.com.br\/noticias\/wp-json\/wp\/v2\/types\/post"}],"author":[{"embeddable":true,"href":"https:\/\/www.suno.com.br\/noticias\/wp-json\/wp\/v2\/users\/73"}],"replies":[{"embeddable":true,"href":"https:\/\/www.suno.com.br\/noticias\/wp-json\/wp\/v2\/comments?post=413974"}],"version-history":[{"count":4,"href":"https:\/\/www.suno.com.br\/noticias\/wp-json\/wp\/v2\/posts\/413974\/revisions"}],"predecessor-version":[{"id":414129,"href":"https:\/\/www.suno.com.br\/noticias\/wp-json\/wp\/v2\/posts\/413974\/revisions\/414129"}],"wp:featuredmedia":[{"embeddable":true,"href":"https:\/\/www.suno.com.br\/noticias\/wp-json\/wp\/v2\/media\/374799"}],"wp:attachment":[{"href":"https:\/\/www.suno.com.br\/noticias\/wp-json\/wp\/v2\/media?parent=413974"}],"wp:term":[{"taxonomy":"category","embeddable":true,"href":"https:\/\/www.suno.com.br\/noticias\/wp-json\/wp\/v2\/categories?post=413974"},{"taxonomy":"post_tag","embeddable":true,"href":"https:\/\/www.suno.com.br\/noticias\/wp-json\/wp\/v2\/tags?post=413974"},{"taxonomy":"suno_strategy","embeddable":true,"href":"https:\/\/www.suno.com.br\/noticias\/wp-json\/wp\/v2\/suno_strategy?post=413974"}],"curies":[{"name":"wp","href":"https:\/\/api.w.org\/{rel}","templated":true}]}}