{"id":41374,"date":"2019-10-17T08:21:30","date_gmt":"2019-10-17T11:21:30","guid":{"rendered":"https:\/\/www.suno.com.br\/noticias\/?p=41374"},"modified":"2019-10-18T12:31:26","modified_gmt":"2019-10-18T15:31:26","slug":"reino-unido-e-ue-entram-em-acordo-brexit-boris-johnson","status":"publish","type":"post","link":"https:\/\/www.suno.com.br\/noticias\/reino-unido-e-ue-entram-em-acordo-brexit-boris-johnson\/","title":{"rendered":"Reino Unido e UE entram em acordo sobre o Brexit, diz Boris Johnson"},"content":{"rendered":"<p>Os representantes do <strong>Reino Unido<\/strong> e a <a href=\"https:\/\/www.suno.com.br\/artigos\/uniao-europeia\/\"><strong>Uni\u00e3o Europeia (UE)<\/strong><\/a> alcan\u00e7aram um acordo sobre o Brexit nesta quinta-feira (17). O acordo vem \u00e0 tona antes da reuni\u00e3o dos parlamentares europeus entre esta quinta e a pr\u00f3xima sexta-feira (18), em Bruxelas, quando os termos devem ser ratificados.<\/p>\t<div class=\"wrapper-featured-image\">\n\t\t<figure class=\"spotlightImg\">\n\n\t\t\t<picture>\n\t\t\t\t<source media=\"(max-width: 768px)\" srcset=\"https:\/\/files.sunoresearch.com.br\/n\/uploads\/2019\/08\/aa9b1f98-brexit-400x200.webp\">\n\t\t\t\t<img loading=\"lazy\" decoding=\"async\" class=\"newsContent__article__imgCapa lazyloadDisabled newsContent__article__imgCapa--noCaption\" src=\"https:\/\/files.sunoresearch.com.br\/n\/uploads\/2019\/08\/aa9b1f98-brexit-800x450.webp\" width=\"800\" height=\"450\" alt=\"Reino Unido e UE entram em acordo sobre o Brexit, diz Boris Johnson\" fetchpriority=high \/>\n\t\t\t<\/picture>\n\n\t\t\t<figcaption class=\"wp-caption-text wp-caption-text--hide\">O negociador do Reino Unido para o\u00a0Brexit declarou que as diverg\u00eancias com a UE sobre um acordo comercial continuam.  <\/figcaption>\n\t\t<\/figure>\n\t<\/div>\n\n\n\n<p>Em sua conta pessoal no Twitter, o presidente da Comiss\u00e3o Europeia, Jean-Claude Juncker, escrever que o <strong>Brexit<\/strong> ser\u00e1 &#8220;justo e equilibrado&#8221; e que &#8220;onde existe vontade, existe um acordo&#8221;.<\/p>\n<p class=\"twitter-tweet\">\n<p dir=\"ltr\" lang=\"en\">????? Where there is a will, there is a <a href=\"https:\/\/twitter.com\/hashtag\/deal?src=hash&amp;ref_src=twsrc%5Etfw\">#deal<\/a> &#8211; we have one! It\u2019s a fair and balanced agreement for the EU and the UK and it is testament to our commitment to find solutions. I recommend that <a href=\"https:\/\/twitter.com\/hashtag\/EUCO?src=hash&amp;ref_src=twsrc%5Etfw\">#EUCO<\/a> endorses this deal. <a href=\"https:\/\/t.co\/7AfKyCZ6k9\">pic.twitter.com\/7AfKyCZ6k9<\/a><\/p>\n<p>\u2014 Jean-Claude Juncker (@JunckerEU) <a href=\"https:\/\/twitter.com\/JunckerEU\/status\/1184764705384124416?ref_src=twsrc%5Etfw\">October 17, 2019<\/a><\/p>\n<p><script async src=\"https:\/\/platform.twitter.com\/widgets.js\" charset=\"utf-8\"><\/script><\/p>\n<p>J\u00e1 o primeiro-ministro brit\u00e2nico, <strong>Boris Johnson<\/strong>, afirmou que o &#8220;acordo traz de volta o controle&#8221; e que, ap\u00f3s conclu\u00eddo o processo de sa\u00edda da bloco europeu, o Reino Unido poder\u00e1 focar nas demais \u00e1reas de preocupa\u00e7\u00e3o nacional.<\/p>\n<p class=\"twitter-tweet\">\n<p dir=\"ltr\" lang=\"en\">We\u2019ve got a great new deal that takes back control \u2014 now Parliament should get Brexit done on Saturday so we can move on to other priorities like the cost of living, the NHS, violent crime and our environment <a href=\"https:\/\/twitter.com\/hashtag\/GetBrexitDone?src=hash&amp;ref_src=twsrc%5Etfw\">#GetBrexitDone<\/a> <a href=\"https:\/\/twitter.com\/hashtag\/TakeBackControl?src=hash&amp;ref_src=twsrc%5Etfw\">#TakeBackControl<\/a><\/p>\n<p>\u2014 Boris Johnson (@BorisJohnson) <a href=\"https:\/\/twitter.com\/BorisJohnson\/status\/1184764798107602944?ref_src=twsrc%5Etfw\">October 17, 2019<\/a><\/p>\n<p><script async src=\"https:\/\/platform.twitter.com\/widgets.js\" charset=\"utf-8\"><\/script><\/p>\n<p>Ap\u00f3s a aprova\u00e7\u00e3o pela c\u00fapula europeia, o acordo dever\u00e1 ser ratificado pelo Parlamento brit\u00e2nico. Foi nesse ponto em que a antiga premi\u00ea do Reino Unido, <strong>Theresa May<\/strong>, teve seus esfor\u00e7os negados por tr\u00eas vezes.<\/p>\n<h2>Irlandeses contra esse acordo do Brexit<\/h2>\n<p>O grande entrave nas negocia\u00e7\u00f5es eram acerca das condi\u00e7\u00f5es da fronteira da Irlanda do Norte ap\u00f3s a sa\u00edda do Reino Unido da Uni\u00e3o Europeia. O Partido Unionista da Irlanda do Norte (DUP), aliado \u00e0 lideran\u00e7a brit\u00e2nica, declarou que se op\u00f5e ao acordo da forma com que foi estabelecido.<\/p>\n\t<p>\n\t\t<a href=\"https:\/\/www.suno.com.br\/wealth\/\" target=\"_blank\" data-element=\"shortcode-suno-banner\" title=\"Banner SUNO, clique e saiba mais\">\n\t\t\t<picture>\n\t\t\t\t<source media=\"(max-width: 500px)\" srcset=\"https:\/\/files.sunoresearch.com.br\/n\/uploads\/2024\/01\/400x300-Mobile-WEALTH.png\">\n\t\t\t\t<img class=\"newsContent__article__imgCapa newsContent__article__imgCapa--banner\"\n\t\t\t\t\tsrc=\"https:\/\/files.sunoresearch.com.br\/n\/uploads\/2024\/01\/1420x240-Banner-Artigos-1-_-Banner-Materias-1-6.png\"\n\t\t\t\t\tdata-promo-id=\"512147\"\t\t\t\t\t\t\t\t\t\twidth='1420' height='240'\t\t\t\t\talt=\"https:\/\/files.sunoresearch.com.br\/n\/uploads\/2024\/01\/1420x240-Banner-Artigos-1-_-Banner-Materias-1-6.png\"\n\t\t\t\t>\n\t\t\t<\/picture>\n\t\t<\/a>\n\t<\/p>\n\n\n<p>\u201cComo as coisas est\u00e3o, n\u00e3o podemos apoiar o que est\u00e1 sendo sugerido para a quest\u00e3o da alf\u00e2ndega, e h\u00e1 falta de clareza sobre o Imposto sobre Valor Agregado (IVA)\u201d, disse o partido, sobre o <strong>Brexit<\/strong>, por meio de uma nota publicada no Twitter.<\/p>\n","protected":false},"excerpt":{"rendered":"<p>Os representantes do Reino Unido e a Uni\u00e3o Europeia (UE) alcan\u00e7aram um acordo sobre o Brexit nesta quinta-feira (17). O acordo vem \u00e0 tona antes da reuni\u00e3o dos parlamentares europeus entre esta quinta e a pr\u00f3xima sexta-feira (18), em Bruxelas, quando os termos devem ser ratificados. O negociador do Reino Unido para o\u00a0Brexit declarou que [&hellip;]<\/p>\n","protected":false},"author":24,"featured_media":35543,"comment_status":"closed","ping_status":"closed","sticky":false,"template":"","format":"standard","meta":[],"categories":[63],"tags":[1648,753,730,731],"suno_strategy":[],"class_list":["post-41374","post","type-post","status-publish","format-standard","has-post-thumbnail","hentry","category-internacional","tag-boris-johnson","tag-brexit","tag-reino-unido","tag-uniao-europeia"],"yoast_head":"<!-- This site is optimized with the Yoast SEO plugin v24.4 - https:\/\/yoast.com\/wordpress\/plugins\/seo\/ -->\n<title>Reino Unido e UE entram em acordo sobre o Brexit, diz Boris Johnson<\/title>\n<meta name=\"description\" content=\"Os representantes do Reino Unido e a Uni\u00e3o Europeia alcan\u00e7aram um acordo sobre o Brexit nesta quinta-feira (17). Clique aqui e saiba mais.\" \/>\n<meta name=\"robots\" content=\"index, follow, max-snippet:-1, max-image-preview:large, max-video-preview:-1\" \/>\n<link rel=\"canonical\" href=\"https:\/\/www.suno.com.br\/noticias\/reino-unido-e-ue-entram-em-acordo-brexit-boris-johnson\/\" \/>\n<meta property=\"og:locale\" content=\"pt_BR\" \/>\n<meta property=\"og:type\" content=\"article\" \/>\n<meta property=\"og:title\" content=\"Reino Unido e UE entram em acordo sobre o Brexit, diz Boris Johnson\" \/>\n<meta property=\"og:description\" content=\"Os representantes do Reino Unido e a Uni\u00e3o Europeia alcan\u00e7aram um acordo sobre o Brexit nesta quinta-feira (17). Clique aqui e saiba mais.\" \/>\n<meta property=\"og:url\" content=\"https:\/\/www.suno.com.br\/noticias\/reino-unido-e-ue-entram-em-acordo-brexit-boris-johnson\/\" \/>\n<meta property=\"og:site_name\" content=\"Suno Not\u00edcias\" \/>\n<meta property=\"article:publisher\" content=\"https:\/\/facebook.com\/sunoresearch\" \/>\n<meta property=\"og:image\" content=\"https:\/\/files.sunoresearch.com.br\/n\/uploads\/2019\/08\/aa9b1f98-brexit.jpg\" \/>\n\t<meta property=\"og:image:width\" content=\"1160\" \/>\n\t<meta property=\"og:image:height\" content=\"773\" \/>\n\t<meta property=\"og:image:type\" content=\"image\/jpeg\" \/>\n<meta name=\"author\" content=\"Jader Lazarini\" \/>\n<meta name=\"twitter:card\" content=\"summary_large_image\" \/>\n<meta name=\"twitter:creator\" content=\"@sunoresearch\" \/>\n<meta name=\"twitter:site\" content=\"@sunoresearch\" \/>\n<meta name=\"twitter:label1\" content=\"Escrito por\" \/>\n\t<meta name=\"twitter:data1\" content=\"Jader Lazarini\" \/>\n\t<meta name=\"twitter:label2\" content=\"Est. tempo de leitura\" \/>\n\t<meta name=\"twitter:data2\" content=\"2 minutos\" \/>\n<script type=\"application\/ld+json\" class=\"yoast-schema-graph\">{\"@context\":\"https:\/\/schema.org\",\"@graph\":[{\"@type\":\"NewsArticle\",\"@id\":\"https:\/\/www.suno.com.br\/noticias\/reino-unido-e-ue-entram-em-acordo-brexit-boris-johnson\/#article\",\"isPartOf\":{\"@id\":\"https:\/\/www.suno.com.br\/noticias\/reino-unido-e-ue-entram-em-acordo-brexit-boris-johnson\/\"},\"author\":{\"name\":\"Jader Lazarini\",\"@id\":\"https:\/\/www.suno.com.br\/noticias\/#\/schema\/person\/918d79de1f0281f01599b93f9ea6e23f\"},\"headline\":\"Reino Unido e UE entram em acordo sobre o Brexit, diz Boris Johnson\",\"datePublished\":\"2019-10-17T11:21:30+00:00\",\"dateModified\":\"2019-10-18T15:31:26+00:00\",\"mainEntityOfPage\":{\"@id\":\"https:\/\/www.suno.com.br\/noticias\/reino-unido-e-ue-entram-em-acordo-brexit-boris-johnson\/\"},\"wordCount\":382,\"publisher\":{\"@id\":\"https:\/\/www.suno.com.br\/noticias\/#organization\"},\"image\":{\"@id\":\"https:\/\/www.suno.com.br\/noticias\/reino-unido-e-ue-entram-em-acordo-brexit-boris-johnson\/#primaryimage\"},\"thumbnailUrl\":\"https:\/\/files.sunoresearch.com.br\/n\/uploads\/2019\/08\/aa9b1f98-brexit-jpg.webp\",\"keywords\":[\"Boris Johnson\",\"Brexit\",\"Reino Unido\",\"Uni\u00e3o Europeia\"],\"articleSection\":[\"Internacional\"],\"inLanguage\":\"pt-BR\"},{\"@type\":\"WebPage\",\"@id\":\"https:\/\/www.suno.com.br\/noticias\/reino-unido-e-ue-entram-em-acordo-brexit-boris-johnson\/\",\"url\":\"https:\/\/www.suno.com.br\/noticias\/reino-unido-e-ue-entram-em-acordo-brexit-boris-johnson\/\",\"name\":\"Reino Unido e UE entram em acordo sobre o Brexit, diz Boris Johnson\",\"isPartOf\":{\"@id\":\"https:\/\/www.suno.com.br\/noticias\/#website\"},\"primaryImageOfPage\":{\"@id\":\"https:\/\/www.suno.com.br\/noticias\/reino-unido-e-ue-entram-em-acordo-brexit-boris-johnson\/#primaryimage\"},\"image\":{\"@id\":\"https:\/\/www.suno.com.br\/noticias\/reino-unido-e-ue-entram-em-acordo-brexit-boris-johnson\/#primaryimage\"},\"thumbnailUrl\":\"https:\/\/files.sunoresearch.com.br\/n\/uploads\/2019\/08\/aa9b1f98-brexit-jpg.webp\",\"datePublished\":\"2019-10-17T11:21:30+00:00\",\"dateModified\":\"2019-10-18T15:31:26+00:00\",\"description\":\"Os representantes do Reino Unido e a Uni\u00e3o Europeia alcan\u00e7aram um acordo sobre o Brexit nesta quinta-feira (17). Clique aqui e saiba mais.\",\"breadcrumb\":{\"@id\":\"https:\/\/www.suno.com.br\/noticias\/reino-unido-e-ue-entram-em-acordo-brexit-boris-johnson\/#breadcrumb\"},\"inLanguage\":\"pt-BR\",\"potentialAction\":[{\"@type\":\"ReadAction\",\"target\":[\"https:\/\/www.suno.com.br\/noticias\/reino-unido-e-ue-entram-em-acordo-brexit-boris-johnson\/\"]}]},{\"@type\":\"ImageObject\",\"inLanguage\":\"pt-BR\",\"@id\":\"https:\/\/www.suno.com.br\/noticias\/reino-unido-e-ue-entram-em-acordo-brexit-boris-johnson\/#primaryimage\",\"url\":\"https:\/\/files.sunoresearch.com.br\/n\/uploads\/2019\/08\/aa9b1f98-brexit-jpg.webp\",\"contentUrl\":\"https:\/\/files.sunoresearch.com.br\/n\/uploads\/2019\/08\/aa9b1f98-brexit-jpg.webp\",\"width\":1160,\"height\":773,\"caption\":\"O negociador do Reino Unido para o\u00a0Brexit declarou que as diverg\u00eancias com a UE sobre um acordo comercial continuam.\"},{\"@type\":\"BreadcrumbList\",\"@id\":\"https:\/\/www.suno.com.br\/noticias\/reino-unido-e-ue-entram-em-acordo-brexit-boris-johnson\/#breadcrumb\",\"itemListElement\":[{\"@type\":\"ListItem\",\"position\":1,\"name\":\"Not\u00edcias\",\"item\":\"https:\/\/www.suno.com.br\/noticias\/\"},{\"@type\":\"ListItem\",\"position\":2,\"name\":\"Internacional\",\"item\":\"https:\/\/www.suno.com.br\/noticias\/internacional\/\"},{\"@type\":\"ListItem\",\"position\":3,\"name\":\"Reino Unido e UE entram em acordo sobre o Brexit, diz Boris Johnson\"}]},{\"@type\":\"WebSite\",\"@id\":\"https:\/\/www.suno.com.br\/noticias\/#website\",\"url\":\"https:\/\/www.suno.com.br\/noticias\/\",\"name\":\"Suno Not\u00edcias\",\"description\":\"Seu portal de informa\u00e7\u00e3o sobre o mundo dos investimentos\",\"publisher\":{\"@id\":\"https:\/\/www.suno.com.br\/noticias\/#organization\"},\"potentialAction\":[{\"@type\":\"SearchAction\",\"target\":{\"@type\":\"EntryPoint\",\"urlTemplate\":\"https:\/\/www.suno.com.br\/noticias\/?s={search_term_string}\"},\"query-input\":{\"@type\":\"PropertyValueSpecification\",\"valueRequired\":true,\"valueName\":\"search_term_string\"}}],\"inLanguage\":\"pt-BR\"},{\"@type\":\"Organization\",\"@id\":\"https:\/\/www.suno.com.br\/noticias\/#organization\",\"name\":\"Suno Not\u00edcias\",\"url\":\"https:\/\/www.suno.com.br\/noticias\/\",\"logo\":{\"@type\":\"ImageObject\",\"inLanguage\":\"pt-BR\",\"@id\":\"https:\/\/www.suno.com.br\/noticias\/#\/schema\/logo\/image\/\",\"url\":\"https:\/\/files.sunoresearch.com.br\/n\/uploads\/2021\/09\/suno-logo.png\",\"contentUrl\":\"https:\/\/files.sunoresearch.com.br\/n\/uploads\/2021\/09\/suno-logo.png\",\"width\":180,\"height\":180,\"caption\":\"Suno Not\u00edcias\"},\"image\":{\"@id\":\"https:\/\/www.suno.com.br\/noticias\/#\/schema\/logo\/image\/\"},\"sameAs\":[\"https:\/\/facebook.com\/sunoresearch\",\"https:\/\/x.com\/sunoresearch\",\"https:\/\/www.instagram.com\/suno\",\"https:\/\/www.linkedin.com\/company\/suno-research\/\",\"https:\/\/www.youtube.com\/c\/sunoresearch\"]},{\"@type\":\"Person\",\"@id\":\"https:\/\/www.suno.com.br\/noticias\/#\/schema\/person\/918d79de1f0281f01599b93f9ea6e23f\",\"name\":\"Jader Lazarini\",\"image\":{\"@type\":\"ImageObject\",\"inLanguage\":\"pt-BR\",\"@id\":\"https:\/\/www.suno.com.br\/noticias\/#\/schema\/person\/image\/\",\"url\":\"https:\/\/secure.gravatar.com\/avatar\/3c1ad8caa51589841baeb923fcddea97?s=96&r=g\",\"contentUrl\":\"https:\/\/secure.gravatar.com\/avatar\/3c1ad8caa51589841baeb923fcddea97?s=96&r=g\",\"caption\":\"Jader Lazarini\"},\"description\":\"Jader Lazarini escreve sobre investimentos, finan\u00e7as, economia e neg\u00f3cios. \u00c9 bacharel em Rela\u00e7\u00f5es Internacionais e analista CNPI (2619).\",\"url\":\"https:\/\/www.suno.com.br\/noticias\/author\/jader-lazarini\/\"}]}<\/script>\n<!-- \/ Yoast SEO plugin. -->","yoast_head_json":{"title":"Reino Unido e UE entram em acordo sobre o Brexit, diz Boris Johnson","description":"Os representantes do Reino Unido e a Uni\u00e3o Europeia alcan\u00e7aram um acordo sobre o Brexit nesta quinta-feira (17). Clique aqui e saiba mais.","robots":{"index":"index","follow":"follow","max-snippet":"max-snippet:-1","max-image-preview":"max-image-preview:large","max-video-preview":"max-video-preview:-1"},"canonical":"https:\/\/www.suno.com.br\/noticias\/reino-unido-e-ue-entram-em-acordo-brexit-boris-johnson\/","og_locale":"pt_BR","og_type":"article","og_title":"Reino Unido e UE entram em acordo sobre o Brexit, diz Boris Johnson","og_description":"Os representantes do Reino Unido e a Uni\u00e3o Europeia alcan\u00e7aram um acordo sobre o Brexit nesta quinta-feira (17). Clique aqui e saiba mais.","og_url":"https:\/\/www.suno.com.br\/noticias\/reino-unido-e-ue-entram-em-acordo-brexit-boris-johnson\/","og_site_name":"Suno Not\u00edcias","article_publisher":"https:\/\/facebook.com\/sunoresearch","og_image":[{"width":1160,"height":773,"url":"https:\/\/files.sunoresearch.com.br\/n\/uploads\/2019\/08\/aa9b1f98-brexit.jpg","type":"image\/jpeg"}],"author":"Jader Lazarini","twitter_card":"summary_large_image","twitter_creator":"@sunoresearch","twitter_site":"@sunoresearch","twitter_misc":{"Escrito por":"Jader Lazarini","Est. tempo de leitura":"2 minutos"},"schema":{"@context":"https:\/\/schema.org","@graph":[{"@type":"NewsArticle","@id":"https:\/\/www.suno.com.br\/noticias\/reino-unido-e-ue-entram-em-acordo-brexit-boris-johnson\/#article","isPartOf":{"@id":"https:\/\/www.suno.com.br\/noticias\/reino-unido-e-ue-entram-em-acordo-brexit-boris-johnson\/"},"author":{"name":"Jader Lazarini","@id":"https:\/\/www.suno.com.br\/noticias\/#\/schema\/person\/918d79de1f0281f01599b93f9ea6e23f"},"headline":"Reino Unido e UE entram em acordo sobre o Brexit, diz Boris Johnson","datePublished":"2019-10-17T11:21:30+00:00","dateModified":"2019-10-18T15:31:26+00:00","mainEntityOfPage":{"@id":"https:\/\/www.suno.com.br\/noticias\/reino-unido-e-ue-entram-em-acordo-brexit-boris-johnson\/"},"wordCount":382,"publisher":{"@id":"https:\/\/www.suno.com.br\/noticias\/#organization"},"image":{"@id":"https:\/\/www.suno.com.br\/noticias\/reino-unido-e-ue-entram-em-acordo-brexit-boris-johnson\/#primaryimage"},"thumbnailUrl":"https:\/\/files.sunoresearch.com.br\/n\/uploads\/2019\/08\/aa9b1f98-brexit-jpg.webp","keywords":["Boris Johnson","Brexit","Reino Unido","Uni\u00e3o Europeia"],"articleSection":["Internacional"],"inLanguage":"pt-BR"},{"@type":"WebPage","@id":"https:\/\/www.suno.com.br\/noticias\/reino-unido-e-ue-entram-em-acordo-brexit-boris-johnson\/","url":"https:\/\/www.suno.com.br\/noticias\/reino-unido-e-ue-entram-em-acordo-brexit-boris-johnson\/","name":"Reino Unido e UE entram em acordo sobre o Brexit, diz Boris Johnson","isPartOf":{"@id":"https:\/\/www.suno.com.br\/noticias\/#website"},"primaryImageOfPage":{"@id":"https:\/\/www.suno.com.br\/noticias\/reino-unido-e-ue-entram-em-acordo-brexit-boris-johnson\/#primaryimage"},"image":{"@id":"https:\/\/www.suno.com.br\/noticias\/reino-unido-e-ue-entram-em-acordo-brexit-boris-johnson\/#primaryimage"},"thumbnailUrl":"https:\/\/files.sunoresearch.com.br\/n\/uploads\/2019\/08\/aa9b1f98-brexit-jpg.webp","datePublished":"2019-10-17T11:21:30+00:00","dateModified":"2019-10-18T15:31:26+00:00","description":"Os representantes do Reino Unido e a Uni\u00e3o Europeia alcan\u00e7aram um acordo sobre o Brexit nesta quinta-feira (17). Clique aqui e saiba mais.","breadcrumb":{"@id":"https:\/\/www.suno.com.br\/noticias\/reino-unido-e-ue-entram-em-acordo-brexit-boris-johnson\/#breadcrumb"},"inLanguage":"pt-BR","potentialAction":[{"@type":"ReadAction","target":["https:\/\/www.suno.com.br\/noticias\/reino-unido-e-ue-entram-em-acordo-brexit-boris-johnson\/"]}]},{"@type":"ImageObject","inLanguage":"pt-BR","@id":"https:\/\/www.suno.com.br\/noticias\/reino-unido-e-ue-entram-em-acordo-brexit-boris-johnson\/#primaryimage","url":"https:\/\/files.sunoresearch.com.br\/n\/uploads\/2019\/08\/aa9b1f98-brexit-jpg.webp","contentUrl":"https:\/\/files.sunoresearch.com.br\/n\/uploads\/2019\/08\/aa9b1f98-brexit-jpg.webp","width":1160,"height":773,"caption":"O negociador do Reino Unido para o\u00a0Brexit declarou que as diverg\u00eancias com a UE sobre um acordo comercial continuam."},{"@type":"BreadcrumbList","@id":"https:\/\/www.suno.com.br\/noticias\/reino-unido-e-ue-entram-em-acordo-brexit-boris-johnson\/#breadcrumb","itemListElement":[{"@type":"ListItem","position":1,"name":"Not\u00edcias","item":"https:\/\/www.suno.com.br\/noticias\/"},{"@type":"ListItem","position":2,"name":"Internacional","item":"https:\/\/www.suno.com.br\/noticias\/internacional\/"},{"@type":"ListItem","position":3,"name":"Reino Unido e UE entram em acordo sobre o Brexit, diz Boris Johnson"}]},{"@type":"WebSite","@id":"https:\/\/www.suno.com.br\/noticias\/#website","url":"https:\/\/www.suno.com.br\/noticias\/","name":"Suno Not\u00edcias","description":"Seu portal de informa\u00e7\u00e3o sobre o mundo dos investimentos","publisher":{"@id":"https:\/\/www.suno.com.br\/noticias\/#organization"},"potentialAction":[{"@type":"SearchAction","target":{"@type":"EntryPoint","urlTemplate":"https:\/\/www.suno.com.br\/noticias\/?s={search_term_string}"},"query-input":{"@type":"PropertyValueSpecification","valueRequired":true,"valueName":"search_term_string"}}],"inLanguage":"pt-BR"},{"@type":"Organization","@id":"https:\/\/www.suno.com.br\/noticias\/#organization","name":"Suno Not\u00edcias","url":"https:\/\/www.suno.com.br\/noticias\/","logo":{"@type":"ImageObject","inLanguage":"pt-BR","@id":"https:\/\/www.suno.com.br\/noticias\/#\/schema\/logo\/image\/","url":"https:\/\/files.sunoresearch.com.br\/n\/uploads\/2021\/09\/suno-logo.png","contentUrl":"https:\/\/files.sunoresearch.com.br\/n\/uploads\/2021\/09\/suno-logo.png","width":180,"height":180,"caption":"Suno Not\u00edcias"},"image":{"@id":"https:\/\/www.suno.com.br\/noticias\/#\/schema\/logo\/image\/"},"sameAs":["https:\/\/facebook.com\/sunoresearch","https:\/\/x.com\/sunoresearch","https:\/\/www.instagram.com\/suno","https:\/\/www.linkedin.com\/company\/suno-research\/","https:\/\/www.youtube.com\/c\/sunoresearch"]},{"@type":"Person","@id":"https:\/\/www.suno.com.br\/noticias\/#\/schema\/person\/918d79de1f0281f01599b93f9ea6e23f","name":"Jader Lazarini","image":{"@type":"ImageObject","inLanguage":"pt-BR","@id":"https:\/\/www.suno.com.br\/noticias\/#\/schema\/person\/image\/","url":"https:\/\/secure.gravatar.com\/avatar\/3c1ad8caa51589841baeb923fcddea97?s=96&r=g","contentUrl":"https:\/\/secure.gravatar.com\/avatar\/3c1ad8caa51589841baeb923fcddea97?s=96&r=g","caption":"Jader Lazarini"},"description":"Jader Lazarini escreve sobre investimentos, finan\u00e7as, economia e neg\u00f3cios. \u00c9 bacharel em Rela\u00e7\u00f5es Internacionais e analista CNPI (2619).","url":"https:\/\/www.suno.com.br\/noticias\/author\/jader-lazarini\/"}]}},"default_loop_html":"<div class=\"cardsPage__listCard__boxs\"><div class=\"cardsPage__listCard__boxs__img\"><a href=\"https:\/\/www.suno.com.br\/noticias\/reino-unido-e-ue-entram-em-acordo-brexit-boris-johnson\/\"><img class=\"mask\" src=\"https:\/\/www.suno.com.br\/noticias\/wp-content\/themes\/suno\/resources\/images\/spotlight\/spotlight1img\/bg-mask.png\" alt=\"Image Mask\"\/><img src=\"https:\/\/files.sunoresearch.com.br\/n\/uploads\/2019\/08\/aa9b1f98-brexit-400x200.webp\" alt=\"Reino Unido e UE entram em acordo sobre o Brexit, diz Boris Johnson\"\/><\/a><span class=\"spotlightCategory\"><a href=\"https:\/\/www.suno.com.br\/noticias\/internacional\/\">Internacional<\/a><\/span><\/div><div class=\"cardsPage__listCard__boxs__content\"><a href=\"https:\/\/www.suno.com.br\/noticias\/reino-unido-e-ue-entram-em-acordo-brexit-boris-johnson\/\"><h2 class=\"content__title\">Reino Unido e UE entram em acordo sobre o Brexit, diz Boris Johnson<\/h2><\/a><div class=\"newsContent__article__meta\"><div class=\"newsContent__article__meta__authorBox\"><a href=\"https:\/\/www.suno.com.br\/noticias\/author\/jader-lazarini\/\" class=\"authorBox__avatar noMobi\"><img src=\"https:\/\/files.sunoresearch.com.br\/n\/uploads\/2021\/01\/178e6598-foto-perfil-2-150x150.jpg\" alt=\"Jader Lazarini\"><\/a><div class=\"authorBox__name\"><span>por\n\t\t\t<a href=\"https:\/\/www.suno.com.br\/noticias\/author\/jader-lazarini\/\"><span itemprop=\"author\">Jader Lazarini<\/span><\/a><\/span><time datetime=\"2019-10-17T08:21:30-03:00\" itemprop=\"datePublished\">17\/10\/2019 08:21<\/time><\/div><\/div><\/div><\/div><\/div>","single_layout":"posts","amp_enabled":true,"_links":{"self":[{"href":"https:\/\/www.suno.com.br\/noticias\/wp-json\/wp\/v2\/posts\/41374"}],"collection":[{"href":"https:\/\/www.suno.com.br\/noticias\/wp-json\/wp\/v2\/posts"}],"about":[{"href":"https:\/\/www.suno.com.br\/noticias\/wp-json\/wp\/v2\/types\/post"}],"author":[{"embeddable":true,"href":"https:\/\/www.suno.com.br\/noticias\/wp-json\/wp\/v2\/users\/24"}],"replies":[{"embeddable":true,"href":"https:\/\/www.suno.com.br\/noticias\/wp-json\/wp\/v2\/comments?post=41374"}],"version-history":[{"count":0,"href":"https:\/\/www.suno.com.br\/noticias\/wp-json\/wp\/v2\/posts\/41374\/revisions"}],"wp:featuredmedia":[{"embeddable":true,"href":"https:\/\/www.suno.com.br\/noticias\/wp-json\/wp\/v2\/media\/35543"}],"wp:attachment":[{"href":"https:\/\/www.suno.com.br\/noticias\/wp-json\/wp\/v2\/media?parent=41374"}],"wp:term":[{"taxonomy":"category","embeddable":true,"href":"https:\/\/www.suno.com.br\/noticias\/wp-json\/wp\/v2\/categories?post=41374"},{"taxonomy":"post_tag","embeddable":true,"href":"https:\/\/www.suno.com.br\/noticias\/wp-json\/wp\/v2\/tags?post=41374"},{"taxonomy":"suno_strategy","embeddable":true,"href":"https:\/\/www.suno.com.br\/noticias\/wp-json\/wp\/v2\/suno_strategy?post=41374"}],"curies":[{"name":"wp","href":"https:\/\/api.w.org\/{rel}","templated":true}]}}