{"id":41373,"date":"2019-10-17T08:27:52","date_gmt":"2019-10-17T11:27:52","guid":{"rendered":"https:\/\/www.suno.com.br\/noticias\/?p=41373"},"modified":"2019-10-18T13:17:08","modified_gmt":"2019-10-18T16:17:08","slug":"banco-do-brasil-precificacao-do-follow-on","status":"publish","type":"post","link":"https:\/\/www.suno.com.br\/noticias\/banco-do-brasil-precificacao-do-follow-on\/","title":{"rendered":"Banco do Brasil divulga precifica\u00e7\u00e3o das a\u00e7\u00f5es nesta quinta-feira"},"content":{"rendered":"<p>A <strong>precifica\u00e7\u00e3o<\/strong> das a\u00e7\u00f5es da oferta subsequente de (<strong><a href=\"https:\/\/www.suno.com.br\/artigos\/follow-on\/\">follow on<\/a><\/strong>) do Banco do Brasil (BBAS3) est\u00e1 marcada para esta quinta-feira (17).<\/p>\t<div class=\"wrapper-featured-image\">\n\t\t<figure class=\"spotlightImg\">\n\n\t\t\t<picture>\n\t\t\t\t<source media=\"(max-width: 768px)\" srcset=\"https:\/\/files.sunoresearch.com.br\/n\/uploads\/2019\/08\/ff5cee45-banco-do-brasil-400x200.webp\">\n\t\t\t\t<img loading=\"lazy\" decoding=\"async\" class=\"newsContent__article__imgCapa lazyloadDisabled newsContent__article__imgCapa--noCaption\" src=\"https:\/\/files.sunoresearch.com.br\/n\/uploads\/2019\/08\/ff5cee45-banco-do-brasil-800x450.webp\" width=\"800\" height=\"450\" alt=\"Banco do Brasil divulga precifica\u00e7\u00e3o das a\u00e7\u00f5es nesta quinta-feira\" fetchpriority=high \/>\n\t\t\t<\/picture>\n\n\t\t\t<figcaption class=\"wp-caption-text wp-caption-text--hide\">Os destaques de empresas do Suno Not\u00edcias mostram os principais acontecimentos que prometem movimentar o mercado durante o dia.<\/figcaption>\n\t\t<\/figure>\n\t<\/div>\n\n\n\n<p>O <strong>Banco do Brasil<\/strong> ofertar\u00e1 132.506.737 <a href=\"https:\/\/www.suno.com.br\/artigos\/tipos-de-acoes\/\">a\u00e7\u00f5es<\/a> e ser\u00e3o negociadas a partir da pr\u00f3xima segunda-feira (21) na <strong><a href=\"https:\/\/www.suno.com.br\/artigos\/b3\/\">Bolsa de Valores de S\u00e3o Paulo (B3)<\/a><\/strong>. De acordo com a \u00faltima cota\u00e7\u00e3o, da quarta-feira (16), R$ 45, a opera\u00e7\u00e3o pode levantar at\u00e9 R$ 5,9 bilh\u00f5es.<\/p>\n<p>Conforme o prospecto preliminar divulgado pela institui\u00e7\u00e3o, os investidores ter\u00e3o prefer\u00eancia na aloca\u00e7\u00e3o das reservas.<\/p>\n<p>Ademais, o follow-on do BB ter\u00e1 uma restri\u00e7\u00e3o de venda (lock-up) de 45 dias para investidores de varejos. Segundo o banco, caso haja excesso de demanda entre os interessados em aderirem ao lock-up, n\u00e3o haver\u00e1 aloca\u00e7\u00e3o para os investidores de varejo sem aloca\u00e7\u00e3o priorit\u00e1ria.<\/p>\n<h2>Banco do Brasil arquiteta nova oferta<\/h2>\n<p>Os investidores de varejo poder\u00e3o utilizar fundos espec\u00edficos para a aquisi\u00e7\u00e3o desses pap\u00e9is que est\u00e3o sendo ofertados pelo BB. Um dos fundos \u00e9 do pr\u00f3prio banco estatal, o outro foi criado pela Caixa Econ\u00f4mica Federal.<\/p>\n<p>O valor m\u00ednimo para a ades\u00e3o \u00e0 oferta do varejo \u00e9 de R$ 100 para o investidores FIA-BB e do FIA-Caixa. No entanto, para o investidor de varejo, que aderir ao lock-up, mas quiser entrar direto na oferta subsequente, o valor m\u00ednimo \u00e9 de R$ 3 mil. A opera\u00e7\u00e3o \u00e9 similar ao do follow-on da Petrobras (PETR3; PETR4) neste ano. A Caixa tamb\u00e9m era uma das mediadoras.<\/p>\n\t<p>\n\t\t<a href=\"https:\/\/lp.suno.com.br\/asset\/fundos\/suno-fic-fia\/\" target=\"_blank\" data-element=\"shortcode-suno-banner\" title=\"Banner SUNO, clique e saiba mais\">\n\t\t\t<picture>\n\t\t\t\t<source media=\"(max-width: 500px)\" srcset=\"https:\/\/files.sunoresearch.com.br\/n\/uploads\/2023\/10\/SUNO-FIC-FIA-400x300-Mobile-Artigos-5-v2.png\">\n\t\t\t\t<img class=\"newsContent__article__imgCapa newsContent__article__imgCapa--banner\"\n\t\t\t\t\tsrc=\"https:\/\/files.sunoresearch.com.br\/n\/uploads\/2023\/10\/SUNO-FIC-FIA-1420x240-Banner-Artigos-1-_-Banner-Materias-4-v2-png.webp\"\n\t\t\t\t\tdata-promo-id=\"478743\"\t\t\t\t\t\t\t\t\t\twidth='2560' height='433'\t\t\t\t\talt=\"https:\/\/files.sunoresearch.com.br\/n\/uploads\/2023\/10\/SUNO-FIC-FIA-1420x240-Banner-Artigos-1-_-Banner-Materias-4-v2-png.webp\"\n\t\t\t\t>\n\t\t\t<\/picture>\n\t\t<\/a>\n\t<\/p>\n\n\n<p>Os bancos coordenadores da oferta, al\u00e9m do pr\u00f3prio Banco do Brasil, s\u00e3o:<\/p>\n<ul>\n<li>Caixa Econ\u00f4mica Federal<\/li>\n<li>Credit Suisse<\/li>\n<li>Ita\u00fa BBA<\/li>\n<li>J.P. Morgan<\/li>\n<li>XP Investimentos<\/li>\n<\/ul>\n<p>At\u00e9 22% das a\u00e7\u00f5es poder\u00e3o ser vendidas para os investidores do varejo. Outros 8% ser\u00e3o direcionados para o segmento private (varejo de alta renda).<\/p>\n<h2>Uni\u00e3o n\u00e3o deve participar do follow-on<\/h2>\n<p>A oferta subsequente de a\u00e7\u00f5es do BBr\u00a0n\u00e3o deve ter a participa\u00e7\u00e3o da Uni\u00e3o. Por conta do curto prazo e tamb\u00e9m por processos burocr\u00e1ticos do <a href=\"https:\/\/www.suno.com.br\/artigos\/bancos-de-desenvolvimento\/\">Banco Nacional de Desenvolvimento (BNDES).<\/a> O follow-on da institui\u00e7\u00e3o banc\u00e1ria tem menos a\u00e7\u00f5es a serem disponibilizadas.<\/p>\n<p><a href=\"\/\/www.suno.com.br\/noticias\/uniao-nao-deve-participar-de-follow-on-do-banco-do-brasil\/\">Saiba Mais: Uni\u00e3o n\u00e3o deve participar de follow-on do Banco do Brasil<\/a><\/p>\n<p>Segundo jornal &#8220;O Estado de S.Paulo&#8221;\u00a0 a quest\u00e3o que pesou contra a participa\u00e7\u00e3o do governo federal na oferta do banco\u00a0foi a maneira em que o processo tramitou dentro do BB.<\/p>\n<p>De acordo com a publica\u00e7\u00e3o, existia uma pressa para a conclus\u00e3o do follow-on devido a proximidade da divulga\u00e7\u00e3o do balan\u00e7o de resultados do <strong>Banco<\/strong> <strong>do<\/strong> <strong>Brasil<\/strong> no terceiro trimestre.\u00a0Dessa forma, a nova oferta de a\u00e7\u00f5es ser\u00e1 menor do que o esperado.<\/p>\n","protected":false},"excerpt":{"rendered":"<p>A precifica\u00e7\u00e3o das a\u00e7\u00f5es da oferta subsequente de (follow on) do Banco do Brasil (BBAS3) est\u00e1 marcada para esta quinta-feira (17). Os destaques de empresas do Suno Not\u00edcias mostram os principais acontecimentos que prometem movimentar o mercado durante o dia. O Banco do Brasil ofertar\u00e1 132.506.737 a\u00e7\u00f5es e ser\u00e3o negociadas a partir da pr\u00f3xima segunda-feira [&hellip;]<\/p>\n","protected":false},"author":15,"featured_media":34251,"comment_status":"closed","ping_status":"closed","sticky":false,"template":"","format":"standard","meta":[],"categories":[64],"tags":[732,1436],"suno_strategy":[],"class_list":["post-41373","post","type-post","status-publish","format-standard","has-post-thumbnail","hentry","category-negocios","tag-banco-do-brasil-bbas3","tag-follow-on-oferta-subsequente-de-acoes"],"yoast_head":"<!-- This site is optimized with the Yoast SEO plugin v24.4 - https:\/\/yoast.com\/wordpress\/plugins\/seo\/ -->\n<title>Banco do Brasil divulga precifica\u00e7\u00e3o das a\u00e7\u00f5es nesta quinta-feira<\/title>\n<meta name=\"description\" content=\"A precifica\u00e7\u00e3o das a\u00e7\u00f5es do follow-on do Banco do Brasil est\u00e1 marcada para esta quinta-feira (17).\u00a0 Clique aqui e saiba mais\" \/>\n<meta name=\"robots\" content=\"index, follow, max-snippet:-1, max-image-preview:large, max-video-preview:-1\" \/>\n<link rel=\"canonical\" href=\"https:\/\/www.suno.com.br\/noticias\/banco-do-brasil-precificacao-do-follow-on\/\" \/>\n<meta property=\"og:locale\" content=\"pt_BR\" \/>\n<meta property=\"og:type\" content=\"article\" \/>\n<meta property=\"og:title\" content=\"Banco do Brasil divulga precifica\u00e7\u00e3o das a\u00e7\u00f5es nesta quinta-feira\" \/>\n<meta property=\"og:description\" content=\"A precifica\u00e7\u00e3o das a\u00e7\u00f5es do follow-on do Banco do Brasil est\u00e1 marcada para esta quinta-feira (17).\u00a0 Clique aqui e saiba mais\" \/>\n<meta property=\"og:url\" content=\"https:\/\/www.suno.com.br\/noticias\/banco-do-brasil-precificacao-do-follow-on\/\" \/>\n<meta property=\"og:site_name\" content=\"Suno Not\u00edcias\" \/>\n<meta property=\"article:publisher\" content=\"https:\/\/facebook.com\/sunoresearch\" \/>\n<meta property=\"og:image\" content=\"https:\/\/files.sunoresearch.com.br\/n\/uploads\/2019\/08\/ff5cee45-banco-do-brasil.jpeg\" \/>\n\t<meta property=\"og:image:width\" content=\"1086\" \/>\n\t<meta property=\"og:image:height\" content=\"652\" \/>\n\t<meta property=\"og:image:type\" content=\"image\/jpeg\" \/>\n<meta name=\"author\" content=\"Poliana Santos\" \/>\n<meta name=\"twitter:card\" content=\"summary_large_image\" \/>\n<meta name=\"twitter:creator\" content=\"@sunoresearch\" \/>\n<meta name=\"twitter:site\" content=\"@sunoresearch\" \/>\n<meta name=\"twitter:label1\" content=\"Escrito por\" \/>\n\t<meta name=\"twitter:data1\" content=\"Poliana Santos\" \/>\n\t<meta name=\"twitter:label2\" content=\"Est. tempo de leitura\" \/>\n\t<meta name=\"twitter:data2\" content=\"2 minutos\" \/>\n<script type=\"application\/ld+json\" class=\"yoast-schema-graph\">{\"@context\":\"https:\/\/schema.org\",\"@graph\":[{\"@type\":\"NewsArticle\",\"@id\":\"https:\/\/www.suno.com.br\/noticias\/banco-do-brasil-precificacao-do-follow-on\/#article\",\"isPartOf\":{\"@id\":\"https:\/\/www.suno.com.br\/noticias\/banco-do-brasil-precificacao-do-follow-on\/\"},\"author\":{\"name\":\"Poliana Santos\",\"@id\":\"https:\/\/www.suno.com.br\/noticias\/#\/schema\/person\/02ec1f752758247878a2bf4abee1aeda\"},\"headline\":\"Banco do Brasil divulga precifica\u00e7\u00e3o das a\u00e7\u00f5es nesta quinta-feira\",\"datePublished\":\"2019-10-17T11:27:52+00:00\",\"dateModified\":\"2019-10-18T16:17:08+00:00\",\"mainEntityOfPage\":{\"@id\":\"https:\/\/www.suno.com.br\/noticias\/banco-do-brasil-precificacao-do-follow-on\/\"},\"wordCount\":469,\"publisher\":{\"@id\":\"https:\/\/www.suno.com.br\/noticias\/#organization\"},\"image\":{\"@id\":\"https:\/\/www.suno.com.br\/noticias\/banco-do-brasil-precificacao-do-follow-on\/#primaryimage\"},\"thumbnailUrl\":\"https:\/\/files.sunoresearch.com.br\/n\/uploads\/2019\/08\/ff5cee45-banco-do-brasil-jpeg.webp\",\"keywords\":[\"Banco do Brasil (BBAS3)\",\"Follow-on (Oferta Subsequente de A\u00e7\u00f5es)\"],\"articleSection\":[\"Neg\u00f3cios\"],\"inLanguage\":\"pt-BR\"},{\"@type\":\"WebPage\",\"@id\":\"https:\/\/www.suno.com.br\/noticias\/banco-do-brasil-precificacao-do-follow-on\/\",\"url\":\"https:\/\/www.suno.com.br\/noticias\/banco-do-brasil-precificacao-do-follow-on\/\",\"name\":\"Banco do Brasil divulga precifica\u00e7\u00e3o das a\u00e7\u00f5es nesta quinta-feira\",\"isPartOf\":{\"@id\":\"https:\/\/www.suno.com.br\/noticias\/#website\"},\"primaryImageOfPage\":{\"@id\":\"https:\/\/www.suno.com.br\/noticias\/banco-do-brasil-precificacao-do-follow-on\/#primaryimage\"},\"image\":{\"@id\":\"https:\/\/www.suno.com.br\/noticias\/banco-do-brasil-precificacao-do-follow-on\/#primaryimage\"},\"thumbnailUrl\":\"https:\/\/files.sunoresearch.com.br\/n\/uploads\/2019\/08\/ff5cee45-banco-do-brasil-jpeg.webp\",\"datePublished\":\"2019-10-17T11:27:52+00:00\",\"dateModified\":\"2019-10-18T16:17:08+00:00\",\"description\":\"A precifica\u00e7\u00e3o das a\u00e7\u00f5es do follow-on do Banco do Brasil est\u00e1 marcada para esta quinta-feira (17).\u00a0 Clique aqui e saiba mais\",\"breadcrumb\":{\"@id\":\"https:\/\/www.suno.com.br\/noticias\/banco-do-brasil-precificacao-do-follow-on\/#breadcrumb\"},\"inLanguage\":\"pt-BR\",\"potentialAction\":[{\"@type\":\"ReadAction\",\"target\":[\"https:\/\/www.suno.com.br\/noticias\/banco-do-brasil-precificacao-do-follow-on\/\"]}]},{\"@type\":\"ImageObject\",\"inLanguage\":\"pt-BR\",\"@id\":\"https:\/\/www.suno.com.br\/noticias\/banco-do-brasil-precificacao-do-follow-on\/#primaryimage\",\"url\":\"https:\/\/files.sunoresearch.com.br\/n\/uploads\/2019\/08\/ff5cee45-banco-do-brasil-jpeg.webp\",\"contentUrl\":\"https:\/\/files.sunoresearch.com.br\/n\/uploads\/2019\/08\/ff5cee45-banco-do-brasil-jpeg.webp\",\"width\":1086,\"height\":652,\"caption\":\"Os destaques de empresas do Suno Not\u00edcias mostram os principais acontecimentos que prometem movimentar o mercado durante o dia.\"},{\"@type\":\"BreadcrumbList\",\"@id\":\"https:\/\/www.suno.com.br\/noticias\/banco-do-brasil-precificacao-do-follow-on\/#breadcrumb\",\"itemListElement\":[{\"@type\":\"ListItem\",\"position\":1,\"name\":\"Not\u00edcias\",\"item\":\"https:\/\/www.suno.com.br\/noticias\/\"},{\"@type\":\"ListItem\",\"position\":2,\"name\":\"Neg\u00f3cios\",\"item\":\"https:\/\/www.suno.com.br\/noticias\/negocios\/\"},{\"@type\":\"ListItem\",\"position\":3,\"name\":\"Banco do Brasil divulga precifica\u00e7\u00e3o das a\u00e7\u00f5es nesta quinta-feira\"}]},{\"@type\":\"WebSite\",\"@id\":\"https:\/\/www.suno.com.br\/noticias\/#website\",\"url\":\"https:\/\/www.suno.com.br\/noticias\/\",\"name\":\"Suno Not\u00edcias\",\"description\":\"Seu portal de informa\u00e7\u00e3o sobre o mundo dos investimentos\",\"publisher\":{\"@id\":\"https:\/\/www.suno.com.br\/noticias\/#organization\"},\"potentialAction\":[{\"@type\":\"SearchAction\",\"target\":{\"@type\":\"EntryPoint\",\"urlTemplate\":\"https:\/\/www.suno.com.br\/noticias\/?s={search_term_string}\"},\"query-input\":{\"@type\":\"PropertyValueSpecification\",\"valueRequired\":true,\"valueName\":\"search_term_string\"}}],\"inLanguage\":\"pt-BR\"},{\"@type\":\"Organization\",\"@id\":\"https:\/\/www.suno.com.br\/noticias\/#organization\",\"name\":\"Suno Not\u00edcias\",\"url\":\"https:\/\/www.suno.com.br\/noticias\/\",\"logo\":{\"@type\":\"ImageObject\",\"inLanguage\":\"pt-BR\",\"@id\":\"https:\/\/www.suno.com.br\/noticias\/#\/schema\/logo\/image\/\",\"url\":\"https:\/\/files.sunoresearch.com.br\/n\/uploads\/2021\/09\/suno-logo.png\",\"contentUrl\":\"https:\/\/files.sunoresearch.com.br\/n\/uploads\/2021\/09\/suno-logo.png\",\"width\":180,\"height\":180,\"caption\":\"Suno Not\u00edcias\"},\"image\":{\"@id\":\"https:\/\/www.suno.com.br\/noticias\/#\/schema\/logo\/image\/\"},\"sameAs\":[\"https:\/\/facebook.com\/sunoresearch\",\"https:\/\/x.com\/sunoresearch\",\"https:\/\/www.instagram.com\/suno\",\"https:\/\/www.linkedin.com\/company\/suno-research\/\",\"https:\/\/www.youtube.com\/c\/sunoresearch\"]},{\"@type\":\"Person\",\"@id\":\"https:\/\/www.suno.com.br\/noticias\/#\/schema\/person\/02ec1f752758247878a2bf4abee1aeda\",\"name\":\"Poliana Santos\",\"image\":{\"@type\":\"ImageObject\",\"inLanguage\":\"pt-BR\",\"@id\":\"https:\/\/www.suno.com.br\/noticias\/#\/schema\/person\/image\/\",\"url\":\"https:\/\/secure.gravatar.com\/avatar\/0645bd32f23d87b2130f2b2dff1d3f8d?s=96&r=g\",\"contentUrl\":\"https:\/\/secure.gravatar.com\/avatar\/0645bd32f23d87b2130f2b2dff1d3f8d?s=96&r=g\",\"caption\":\"Poliana Santos\"},\"description\":\"Rep\u00f3rter no Suno Not\u00edcias, com cobertura em mercado financeiro, economia, finan\u00e7as pessoais, renda fixa e varejo. Jornalista formada pela Faculdade C\u00e1sper L\u00edbero e possui passagem na R\u00e1dio Gazeta AM com a produ\u00e7\u00e3o de conte\u00fado sobre economia, pol\u00edtica, sa\u00fade, moda e m\u00fasica. Possui certificado de conclus\u00e3o do curso de An\u00e1lise de Balan\u00e7os pela Funda\u00e7\u00e3o Bradesco, Agenda Brasil pela FAAP, Educa\u00e7\u00e3o Pol\u00edtica por Alexandre Garcia e do Tesouro Direto e Mercado de A\u00e7\u00f5es pela B3.\",\"url\":\"https:\/\/www.suno.com.br\/noticias\/author\/poliana-santos\/\"}]}<\/script>\n<!-- \/ Yoast SEO plugin. -->","yoast_head_json":{"title":"Banco do Brasil divulga precifica\u00e7\u00e3o das a\u00e7\u00f5es nesta quinta-feira","description":"A precifica\u00e7\u00e3o das a\u00e7\u00f5es do follow-on do Banco do Brasil est\u00e1 marcada para esta quinta-feira (17).\u00a0 Clique aqui e saiba mais","robots":{"index":"index","follow":"follow","max-snippet":"max-snippet:-1","max-image-preview":"max-image-preview:large","max-video-preview":"max-video-preview:-1"},"canonical":"https:\/\/www.suno.com.br\/noticias\/banco-do-brasil-precificacao-do-follow-on\/","og_locale":"pt_BR","og_type":"article","og_title":"Banco do Brasil divulga precifica\u00e7\u00e3o das a\u00e7\u00f5es nesta quinta-feira","og_description":"A precifica\u00e7\u00e3o das a\u00e7\u00f5es do follow-on do Banco do Brasil est\u00e1 marcada para esta quinta-feira (17).\u00a0 Clique aqui e saiba mais","og_url":"https:\/\/www.suno.com.br\/noticias\/banco-do-brasil-precificacao-do-follow-on\/","og_site_name":"Suno Not\u00edcias","article_publisher":"https:\/\/facebook.com\/sunoresearch","og_image":[{"width":1086,"height":652,"url":"https:\/\/files.sunoresearch.com.br\/n\/uploads\/2019\/08\/ff5cee45-banco-do-brasil.jpeg","type":"image\/jpeg"}],"author":"Poliana Santos","twitter_card":"summary_large_image","twitter_creator":"@sunoresearch","twitter_site":"@sunoresearch","twitter_misc":{"Escrito por":"Poliana Santos","Est. tempo de leitura":"2 minutos"},"schema":{"@context":"https:\/\/schema.org","@graph":[{"@type":"NewsArticle","@id":"https:\/\/www.suno.com.br\/noticias\/banco-do-brasil-precificacao-do-follow-on\/#article","isPartOf":{"@id":"https:\/\/www.suno.com.br\/noticias\/banco-do-brasil-precificacao-do-follow-on\/"},"author":{"name":"Poliana Santos","@id":"https:\/\/www.suno.com.br\/noticias\/#\/schema\/person\/02ec1f752758247878a2bf4abee1aeda"},"headline":"Banco do Brasil divulga precifica\u00e7\u00e3o das a\u00e7\u00f5es nesta quinta-feira","datePublished":"2019-10-17T11:27:52+00:00","dateModified":"2019-10-18T16:17:08+00:00","mainEntityOfPage":{"@id":"https:\/\/www.suno.com.br\/noticias\/banco-do-brasil-precificacao-do-follow-on\/"},"wordCount":469,"publisher":{"@id":"https:\/\/www.suno.com.br\/noticias\/#organization"},"image":{"@id":"https:\/\/www.suno.com.br\/noticias\/banco-do-brasil-precificacao-do-follow-on\/#primaryimage"},"thumbnailUrl":"https:\/\/files.sunoresearch.com.br\/n\/uploads\/2019\/08\/ff5cee45-banco-do-brasil-jpeg.webp","keywords":["Banco do Brasil (BBAS3)","Follow-on (Oferta Subsequente de A\u00e7\u00f5es)"],"articleSection":["Neg\u00f3cios"],"inLanguage":"pt-BR"},{"@type":"WebPage","@id":"https:\/\/www.suno.com.br\/noticias\/banco-do-brasil-precificacao-do-follow-on\/","url":"https:\/\/www.suno.com.br\/noticias\/banco-do-brasil-precificacao-do-follow-on\/","name":"Banco do Brasil divulga precifica\u00e7\u00e3o das a\u00e7\u00f5es nesta quinta-feira","isPartOf":{"@id":"https:\/\/www.suno.com.br\/noticias\/#website"},"primaryImageOfPage":{"@id":"https:\/\/www.suno.com.br\/noticias\/banco-do-brasil-precificacao-do-follow-on\/#primaryimage"},"image":{"@id":"https:\/\/www.suno.com.br\/noticias\/banco-do-brasil-precificacao-do-follow-on\/#primaryimage"},"thumbnailUrl":"https:\/\/files.sunoresearch.com.br\/n\/uploads\/2019\/08\/ff5cee45-banco-do-brasil-jpeg.webp","datePublished":"2019-10-17T11:27:52+00:00","dateModified":"2019-10-18T16:17:08+00:00","description":"A precifica\u00e7\u00e3o das a\u00e7\u00f5es do follow-on do Banco do Brasil est\u00e1 marcada para esta quinta-feira (17).\u00a0 Clique aqui e saiba mais","breadcrumb":{"@id":"https:\/\/www.suno.com.br\/noticias\/banco-do-brasil-precificacao-do-follow-on\/#breadcrumb"},"inLanguage":"pt-BR","potentialAction":[{"@type":"ReadAction","target":["https:\/\/www.suno.com.br\/noticias\/banco-do-brasil-precificacao-do-follow-on\/"]}]},{"@type":"ImageObject","inLanguage":"pt-BR","@id":"https:\/\/www.suno.com.br\/noticias\/banco-do-brasil-precificacao-do-follow-on\/#primaryimage","url":"https:\/\/files.sunoresearch.com.br\/n\/uploads\/2019\/08\/ff5cee45-banco-do-brasil-jpeg.webp","contentUrl":"https:\/\/files.sunoresearch.com.br\/n\/uploads\/2019\/08\/ff5cee45-banco-do-brasil-jpeg.webp","width":1086,"height":652,"caption":"Os destaques de empresas do Suno Not\u00edcias mostram os principais acontecimentos que prometem movimentar o mercado durante o dia."},{"@type":"BreadcrumbList","@id":"https:\/\/www.suno.com.br\/noticias\/banco-do-brasil-precificacao-do-follow-on\/#breadcrumb","itemListElement":[{"@type":"ListItem","position":1,"name":"Not\u00edcias","item":"https:\/\/www.suno.com.br\/noticias\/"},{"@type":"ListItem","position":2,"name":"Neg\u00f3cios","item":"https:\/\/www.suno.com.br\/noticias\/negocios\/"},{"@type":"ListItem","position":3,"name":"Banco do Brasil divulga precifica\u00e7\u00e3o das a\u00e7\u00f5es nesta quinta-feira"}]},{"@type":"WebSite","@id":"https:\/\/www.suno.com.br\/noticias\/#website","url":"https:\/\/www.suno.com.br\/noticias\/","name":"Suno Not\u00edcias","description":"Seu portal de informa\u00e7\u00e3o sobre o mundo dos investimentos","publisher":{"@id":"https:\/\/www.suno.com.br\/noticias\/#organization"},"potentialAction":[{"@type":"SearchAction","target":{"@type":"EntryPoint","urlTemplate":"https:\/\/www.suno.com.br\/noticias\/?s={search_term_string}"},"query-input":{"@type":"PropertyValueSpecification","valueRequired":true,"valueName":"search_term_string"}}],"inLanguage":"pt-BR"},{"@type":"Organization","@id":"https:\/\/www.suno.com.br\/noticias\/#organization","name":"Suno Not\u00edcias","url":"https:\/\/www.suno.com.br\/noticias\/","logo":{"@type":"ImageObject","inLanguage":"pt-BR","@id":"https:\/\/www.suno.com.br\/noticias\/#\/schema\/logo\/image\/","url":"https:\/\/files.sunoresearch.com.br\/n\/uploads\/2021\/09\/suno-logo.png","contentUrl":"https:\/\/files.sunoresearch.com.br\/n\/uploads\/2021\/09\/suno-logo.png","width":180,"height":180,"caption":"Suno Not\u00edcias"},"image":{"@id":"https:\/\/www.suno.com.br\/noticias\/#\/schema\/logo\/image\/"},"sameAs":["https:\/\/facebook.com\/sunoresearch","https:\/\/x.com\/sunoresearch","https:\/\/www.instagram.com\/suno","https:\/\/www.linkedin.com\/company\/suno-research\/","https:\/\/www.youtube.com\/c\/sunoresearch"]},{"@type":"Person","@id":"https:\/\/www.suno.com.br\/noticias\/#\/schema\/person\/02ec1f752758247878a2bf4abee1aeda","name":"Poliana Santos","image":{"@type":"ImageObject","inLanguage":"pt-BR","@id":"https:\/\/www.suno.com.br\/noticias\/#\/schema\/person\/image\/","url":"https:\/\/secure.gravatar.com\/avatar\/0645bd32f23d87b2130f2b2dff1d3f8d?s=96&r=g","contentUrl":"https:\/\/secure.gravatar.com\/avatar\/0645bd32f23d87b2130f2b2dff1d3f8d?s=96&r=g","caption":"Poliana Santos"},"description":"Rep\u00f3rter no Suno Not\u00edcias, com cobertura em mercado financeiro, economia, finan\u00e7as pessoais, renda fixa e varejo. Jornalista formada pela Faculdade C\u00e1sper L\u00edbero e possui passagem na R\u00e1dio Gazeta AM com a produ\u00e7\u00e3o de conte\u00fado sobre economia, pol\u00edtica, sa\u00fade, moda e m\u00fasica. Possui certificado de conclus\u00e3o do curso de An\u00e1lise de Balan\u00e7os pela Funda\u00e7\u00e3o Bradesco, Agenda Brasil pela FAAP, Educa\u00e7\u00e3o Pol\u00edtica por Alexandre Garcia e do Tesouro Direto e Mercado de A\u00e7\u00f5es pela B3.","url":"https:\/\/www.suno.com.br\/noticias\/author\/poliana-santos\/"}]}},"default_loop_html":"<div class=\"cardsPage__listCard__boxs\"><div class=\"cardsPage__listCard__boxs__img\"><a href=\"https:\/\/www.suno.com.br\/noticias\/banco-do-brasil-precificacao-do-follow-on\/\"><img class=\"mask\" src=\"https:\/\/www.suno.com.br\/noticias\/wp-content\/themes\/suno\/resources\/images\/spotlight\/spotlight1img\/bg-mask.png\" alt=\"Image Mask\"\/><img src=\"https:\/\/files.sunoresearch.com.br\/n\/uploads\/2019\/08\/ff5cee45-banco-do-brasil-400x200.webp\" alt=\"Banco do Brasil divulga precifica\u00e7\u00e3o das a\u00e7\u00f5es nesta quinta-feira\"\/><\/a><span class=\"spotlightCategory\"><a href=\"https:\/\/www.suno.com.br\/noticias\/negocios\/\">Neg\u00f3cios<\/a><\/span><\/div><div class=\"cardsPage__listCard__boxs__content\"><a href=\"https:\/\/www.suno.com.br\/noticias\/banco-do-brasil-precificacao-do-follow-on\/\"><h2 class=\"content__title\">Banco do Brasil divulga precifica\u00e7\u00e3o das a\u00e7\u00f5es nesta quinta-feira<\/h2><\/a><div class=\"newsContent__article__meta\"><div class=\"newsContent__article__meta__authorBox\"><a href=\"https:\/\/www.suno.com.br\/noticias\/author\/poliana-santos\/\" class=\"authorBox__avatar noMobi\"><img src=\"https:\/\/files.sunoresearch.com.br\/n\/uploads\/2020\/08\/7ef34026-whatsapp-image-2020-08-03-at-12.37.57-150x150.webp\" alt=\"Poliana Santos\"><\/a><div class=\"authorBox__name\"><span>por\n\t\t\t<a href=\"https:\/\/www.suno.com.br\/noticias\/author\/poliana-santos\/\"><span itemprop=\"author\">Poliana Santos<\/span><\/a><\/span><time datetime=\"2019-10-17T08:27:52-03:00\" itemprop=\"datePublished\">17\/10\/2019 08:27<\/time><\/div><\/div><\/div><\/div><\/div>","single_layout":"posts","amp_enabled":true,"_links":{"self":[{"href":"https:\/\/www.suno.com.br\/noticias\/wp-json\/wp\/v2\/posts\/41373"}],"collection":[{"href":"https:\/\/www.suno.com.br\/noticias\/wp-json\/wp\/v2\/posts"}],"about":[{"href":"https:\/\/www.suno.com.br\/noticias\/wp-json\/wp\/v2\/types\/post"}],"author":[{"embeddable":true,"href":"https:\/\/www.suno.com.br\/noticias\/wp-json\/wp\/v2\/users\/15"}],"replies":[{"embeddable":true,"href":"https:\/\/www.suno.com.br\/noticias\/wp-json\/wp\/v2\/comments?post=41373"}],"version-history":[{"count":0,"href":"https:\/\/www.suno.com.br\/noticias\/wp-json\/wp\/v2\/posts\/41373\/revisions"}],"wp:featuredmedia":[{"embeddable":true,"href":"https:\/\/www.suno.com.br\/noticias\/wp-json\/wp\/v2\/media\/34251"}],"wp:attachment":[{"href":"https:\/\/www.suno.com.br\/noticias\/wp-json\/wp\/v2\/media?parent=41373"}],"wp:term":[{"taxonomy":"category","embeddable":true,"href":"https:\/\/www.suno.com.br\/noticias\/wp-json\/wp\/v2\/categories?post=41373"},{"taxonomy":"post_tag","embeddable":true,"href":"https:\/\/www.suno.com.br\/noticias\/wp-json\/wp\/v2\/tags?post=41373"},{"taxonomy":"suno_strategy","embeddable":true,"href":"https:\/\/www.suno.com.br\/noticias\/wp-json\/wp\/v2\/suno_strategy?post=41373"}],"curies":[{"name":"wp","href":"https:\/\/api.w.org\/{rel}","templated":true}]}}