{"id":41357,"date":"2019-10-16T20:38:20","date_gmt":"2019-10-16T23:38:20","guid":{"rendered":"https:\/\/www.suno.com.br\/noticias\/?p=41357"},"modified":"2019-10-16T20:43:54","modified_gmt":"2019-10-16T23:43:54","slug":"b3-obtem-vitoria-carf-bilhoes","status":"publish","type":"post","link":"https:\/\/www.suno.com.br\/noticias\/b3-obtem-vitoria-carf-bilhoes\/","title":{"rendered":"B3 obt\u00e9m vit\u00f3ria no Carf em caso de R$ 3,3 bilh\u00f5es"},"content":{"rendered":"<p>A B3 (B3SA3) informou nesta quarta-feira (16) que o <strong>Conselho Administrativo de Recursos Fiscais (Carf)<\/strong> concedeu uma decis\u00e3o favor\u00e1vel em um processo avaliado em cerca de R$ 3,3 bilh\u00f5es.<\/p>\t<div class=\"wrapper-featured-image\">\n\t\t<figure class=\"spotlightImg\">\n\n\t\t\t<picture>\n\t\t\t\t<source media=\"(max-width: 768px)\" srcset=\"https:\/\/files.sunoresearch.com.br\/n\/uploads\/2019\/03\/de3bd6ac-b3-400x200.webp\">\n\t\t\t\t<img loading=\"lazy\" decoding=\"async\" class=\"newsContent__article__imgCapa lazyloadDisabled newsContent__article__imgCapa--noCaption\" src=\"https:\/\/files.sunoresearch.com.br\/n\/uploads\/2019\/03\/de3bd6ac-b3-jpg.webp\" width=\"800\" height=\"450\" alt=\"B3 obt\u00e9m vit\u00f3ria no Carf em caso de R$ 3,3 bilh\u00f5es\" fetchpriority=high \/>\n\t\t\t<\/picture>\n\n\t\t\t<figcaption class=\"wp-caption-text wp-caption-text--hide\">A B3 (B3SA3) informou que seu Conselho de Administra\u00e7\u00e3o aprovou o aumento de capital da empresa em R$ 9 bilh\u00f5es. <\/figcaption>\n\t\t<\/figure>\n\t<\/div>\n\n\n\n<p>Em nota a <strong>B3<\/strong> informou que o caso refere-se a autos de infra\u00e7\u00e3o sobre amortiza\u00e7\u00e3o fiscal do \u00e1gio nos exerc\u00edcios 2012 e 2013. Os julgadores da 1\u00aa Turma da 2\u00aa C\u00e2mara da 1\u00aa Se\u00e7\u00e3o derrubaram uma cobran\u00e7a de R$ 3,2 bilh\u00f5es de Imposto de Renda (IRPJ) e <a href=\"https:\/\/www.suno.com.br\/artigos\/csll\/\"><strong>Contribui\u00e7\u00e3o Social sobre o Lucro L\u00edquido (CSLL)<\/strong><\/a>.<\/p>\n<p>A amortiza\u00e7\u00e3o teria sido gerada em 2008 pela incorpora\u00e7\u00e3o da <strong>Bovespa<\/strong> pela BM&amp;F. Uma opera\u00e7\u00e3o que deu origem \u00e0 nova operadora da <strong><a href=\"https:\/\/www.suno.com.br\/artigos\/b3\/\">Bolsa de Valores de S\u00e3o Paulo (B3)<\/a><\/strong>.<\/p>\n<p>Os laudos t\u00e9cnicos realizados na \u00e9poca tinham indicado que a opera\u00e7\u00e3o apresentava um valor entre R$ 20,7 bilh\u00f5es e R$ 22,3 bilh\u00f5es. Entretanto, a compra foi realizada com um valor de R$ 17,9 bilh\u00f5es. Uma avalia\u00e7\u00e3o baseada no valor de mercado dos ativos, mas que levou a contesta\u00e7\u00e3o na Justi\u00e7a.<\/p>\n<p>Segundo a pr\u00f3pria Bolsa de Valores,\u00a0a Procuradoria Geral da Fazenda Nacional pode apresentar recurso da decis\u00e3o desta quarta.<\/p>\n<h2>B3 acusada de manipula\u00e7\u00e3o de incentivos<\/h2>\n<p>O caso iniciou ap\u00f3s uma investiga\u00e7\u00e3o da <strong>Receita Federal,<\/strong> onde a <strong>B3<\/strong> foi acusada de ter manipulado um incentivo criado durante o governo do ex-presidente Fernando Henrique Cardoso para estimular as privatiza\u00e7\u00f5es.<\/p>\n\t<p>\n\t\t<a href=\"https:\/\/lp.statusinvest.com.br\/ao\/assessoria-status-invest\/\" target=\"_blank\" data-element=\"shortcode-suno-banner\" title=\"Banner SUNO, clique e saiba mais\">\n\t\t\t<picture>\n\t\t\t\t<source media=\"(max-width: 500px)\" srcset=\"https:\/\/files.sunoresearch.com.br\/n\/uploads\/2024\/03\/400x300-Mobile-1.png\">\n\t\t\t\t<img class=\"newsContent__article__imgCapa newsContent__article__imgCapa--banner\"\n\t\t\t\t\tsrc=\"https:\/\/files.sunoresearch.com.br\/n\/uploads\/2024\/03\/1420-x-240-Desktop.png\"\n\t\t\t\t\tdata-promo-id=\"537299\"\t\t\t\t\t\t\t\t\t\twidth='1420' height='250'\t\t\t\t\talt=\"https:\/\/files.sunoresearch.com.br\/n\/uploads\/2024\/03\/1420-x-240-Desktop.png\"\n\t\t\t\t>\n\t\t\t<\/picture>\n\t\t<\/a>\n\t<\/p>\n\n\n<p>Com essa opera\u00e7\u00e3o, considerada como fraudulenta pelos promotores fiscais, a Bolsa de Valores teria obtido um \u00e1gio criado nas opera\u00e7\u00f5es de fus\u00f5es, nas quais as empresas pagam um adicional pelo valor de mercado da empresa adquirida.<\/p>\n<p><a href=\"https:\/\/www.suno.com.br\/noticias\/b3-aposenta-telao-das-acoes\/\">Saiba mais: Exclusivo: B3 ir\u00e1 substituir tradicional tel\u00e3o das a\u00e7\u00f5es<\/a><\/p>\n<p>Ap\u00f3s um recurso, em setembro de 2019 o <strong>Carf<\/strong> tinha confirmado a multa para a <strong>B3<\/strong> que alcan\u00e7ou R$ 2,6 bilh\u00f5es.<\/p>\n","protected":false},"excerpt":{"rendered":"<p>A B3 (B3SA3) informou nesta quarta-feira (16) que o Conselho Administrativo de Recursos Fiscais (Carf) concedeu uma decis\u00e3o favor\u00e1vel em um processo avaliado em cerca de R$ 3,3 bilh\u00f5es. A B3 (B3SA3) informou que seu Conselho de Administra\u00e7\u00e3o aprovou o aumento de capital da empresa em R$ 9 bilh\u00f5es. Em nota a B3 informou que [&hellip;]<\/p>\n","protected":false},"author":9,"featured_media":17983,"comment_status":"closed","ping_status":"closed","sticky":false,"template":"","format":"standard","meta":[],"categories":[64],"tags":[1937,1233],"suno_strategy":[],"class_list":["post-41357","post","type-post","status-publish","format-standard","has-post-thumbnail","hentry","category-negocios","tag-bolsa-de-valores-de-sao-paulo-b3","tag-carf"],"yoast_head":"<!-- This site is optimized with the Yoast SEO plugin v24.4 - https:\/\/yoast.com\/wordpress\/plugins\/seo\/ -->\n<title>B3 obt\u00e9m vit\u00f3ria no Carf em caso de R$ 3,3 bilh\u00f5es<\/title>\n<meta name=\"description\" content=\"A B3 informou que o Carf concedeu uma decis\u00e3o favor\u00e1vel em um processo avaliado em cerca de R$ 3,3 bilh\u00f5es. Clique aqui para saber mais.\" \/>\n<meta name=\"robots\" content=\"index, follow, max-snippet:-1, max-image-preview:large, max-video-preview:-1\" \/>\n<link rel=\"canonical\" href=\"https:\/\/www.suno.com.br\/noticias\/b3-obtem-vitoria-carf-bilhoes\/\" \/>\n<meta property=\"og:locale\" content=\"pt_BR\" \/>\n<meta property=\"og:type\" content=\"article\" \/>\n<meta property=\"og:title\" content=\"B3 obt\u00e9m vit\u00f3ria no Carf em caso de R$ 3,3 bilh\u00f5es\" \/>\n<meta property=\"og:description\" content=\"A B3 informou que o Carf concedeu uma decis\u00e3o favor\u00e1vel em um processo avaliado em cerca de R$ 3,3 bilh\u00f5es. Clique aqui para saber mais.\" \/>\n<meta property=\"og:url\" content=\"https:\/\/www.suno.com.br\/noticias\/b3-obtem-vitoria-carf-bilhoes\/\" \/>\n<meta property=\"og:site_name\" content=\"Suno Not\u00edcias\" \/>\n<meta property=\"article:publisher\" content=\"https:\/\/facebook.com\/sunoresearch\" \/>\n<meta property=\"og:image\" content=\"https:\/\/files.sunoresearch.com.br\/n\/uploads\/2019\/03\/de3bd6ac-b3.jpg\" \/>\n\t<meta property=\"og:image:width\" content=\"770\" \/>\n\t<meta property=\"og:image:height\" content=\"400\" \/>\n\t<meta property=\"og:image:type\" content=\"image\/jpeg\" \/>\n<meta name=\"author\" content=\"Carlo Cauti\" \/>\n<meta name=\"twitter:card\" content=\"summary_large_image\" \/>\n<meta name=\"twitter:creator\" content=\"@sunoresearch\" \/>\n<meta name=\"twitter:site\" content=\"@sunoresearch\" \/>\n<meta name=\"twitter:label1\" content=\"Escrito por\" \/>\n\t<meta name=\"twitter:data1\" content=\"Carlo Cauti\" \/>\n\t<meta name=\"twitter:label2\" content=\"Est. tempo de leitura\" \/>\n\t<meta name=\"twitter:data2\" content=\"2 minutos\" \/>\n<script type=\"application\/ld+json\" class=\"yoast-schema-graph\">{\"@context\":\"https:\/\/schema.org\",\"@graph\":[{\"@type\":\"NewsArticle\",\"@id\":\"https:\/\/www.suno.com.br\/noticias\/b3-obtem-vitoria-carf-bilhoes\/#article\",\"isPartOf\":{\"@id\":\"https:\/\/www.suno.com.br\/noticias\/b3-obtem-vitoria-carf-bilhoes\/\"},\"author\":{\"name\":\"Carlo Cauti\",\"@id\":\"https:\/\/www.suno.com.br\/noticias\/#\/schema\/person\/e6e0f723cc177805027f4566c1d5e0c8\"},\"headline\":\"B3 obt\u00e9m vit\u00f3ria no Carf em caso de R$ 3,3 bilh\u00f5es\",\"datePublished\":\"2019-10-16T23:38:20+00:00\",\"dateModified\":\"2019-10-16T23:43:54+00:00\",\"mainEntityOfPage\":{\"@id\":\"https:\/\/www.suno.com.br\/noticias\/b3-obtem-vitoria-carf-bilhoes\/\"},\"wordCount\":330,\"publisher\":{\"@id\":\"https:\/\/www.suno.com.br\/noticias\/#organization\"},\"image\":{\"@id\":\"https:\/\/www.suno.com.br\/noticias\/b3-obtem-vitoria-carf-bilhoes\/#primaryimage\"},\"thumbnailUrl\":\"https:\/\/files.sunoresearch.com.br\/n\/uploads\/2019\/03\/de3bd6ac-b3-jpg.webp\",\"keywords\":[\"Bolsa de Valores de S\u00e3o Paulo (B3)\",\"Carf\"],\"articleSection\":[\"Neg\u00f3cios\"],\"inLanguage\":\"pt-BR\"},{\"@type\":\"WebPage\",\"@id\":\"https:\/\/www.suno.com.br\/noticias\/b3-obtem-vitoria-carf-bilhoes\/\",\"url\":\"https:\/\/www.suno.com.br\/noticias\/b3-obtem-vitoria-carf-bilhoes\/\",\"name\":\"B3 obt\u00e9m vit\u00f3ria no Carf em caso de R$ 3,3 bilh\u00f5es\",\"isPartOf\":{\"@id\":\"https:\/\/www.suno.com.br\/noticias\/#website\"},\"primaryImageOfPage\":{\"@id\":\"https:\/\/www.suno.com.br\/noticias\/b3-obtem-vitoria-carf-bilhoes\/#primaryimage\"},\"image\":{\"@id\":\"https:\/\/www.suno.com.br\/noticias\/b3-obtem-vitoria-carf-bilhoes\/#primaryimage\"},\"thumbnailUrl\":\"https:\/\/files.sunoresearch.com.br\/n\/uploads\/2019\/03\/de3bd6ac-b3-jpg.webp\",\"datePublished\":\"2019-10-16T23:38:20+00:00\",\"dateModified\":\"2019-10-16T23:43:54+00:00\",\"description\":\"A B3 informou que o Carf concedeu uma decis\u00e3o favor\u00e1vel em um processo avaliado em cerca de R$ 3,3 bilh\u00f5es. Clique aqui para saber mais.\",\"breadcrumb\":{\"@id\":\"https:\/\/www.suno.com.br\/noticias\/b3-obtem-vitoria-carf-bilhoes\/#breadcrumb\"},\"inLanguage\":\"pt-BR\",\"potentialAction\":[{\"@type\":\"ReadAction\",\"target\":[\"https:\/\/www.suno.com.br\/noticias\/b3-obtem-vitoria-carf-bilhoes\/\"]}]},{\"@type\":\"ImageObject\",\"inLanguage\":\"pt-BR\",\"@id\":\"https:\/\/www.suno.com.br\/noticias\/b3-obtem-vitoria-carf-bilhoes\/#primaryimage\",\"url\":\"https:\/\/files.sunoresearch.com.br\/n\/uploads\/2019\/03\/de3bd6ac-b3-jpg.webp\",\"contentUrl\":\"https:\/\/files.sunoresearch.com.br\/n\/uploads\/2019\/03\/de3bd6ac-b3-jpg.webp\",\"width\":770,\"height\":400,\"caption\":\"A B3 (B3SA3) informou que seu Conselho de Administra\u00e7\u00e3o aprovou o aumento de capital da empresa em R$ 9 bilh\u00f5es.\"},{\"@type\":\"BreadcrumbList\",\"@id\":\"https:\/\/www.suno.com.br\/noticias\/b3-obtem-vitoria-carf-bilhoes\/#breadcrumb\",\"itemListElement\":[{\"@type\":\"ListItem\",\"position\":1,\"name\":\"Not\u00edcias\",\"item\":\"https:\/\/www.suno.com.br\/noticias\/\"},{\"@type\":\"ListItem\",\"position\":2,\"name\":\"Neg\u00f3cios\",\"item\":\"https:\/\/www.suno.com.br\/noticias\/negocios\/\"},{\"@type\":\"ListItem\",\"position\":3,\"name\":\"B3 obt\u00e9m vit\u00f3ria no Carf em caso de R$ 3,3 bilh\u00f5es\"}]},{\"@type\":\"WebSite\",\"@id\":\"https:\/\/www.suno.com.br\/noticias\/#website\",\"url\":\"https:\/\/www.suno.com.br\/noticias\/\",\"name\":\"Suno Not\u00edcias\",\"description\":\"Seu portal de informa\u00e7\u00e3o sobre o mundo dos investimentos\",\"publisher\":{\"@id\":\"https:\/\/www.suno.com.br\/noticias\/#organization\"},\"potentialAction\":[{\"@type\":\"SearchAction\",\"target\":{\"@type\":\"EntryPoint\",\"urlTemplate\":\"https:\/\/www.suno.com.br\/noticias\/?s={search_term_string}\"},\"query-input\":{\"@type\":\"PropertyValueSpecification\",\"valueRequired\":true,\"valueName\":\"search_term_string\"}}],\"inLanguage\":\"pt-BR\"},{\"@type\":\"Organization\",\"@id\":\"https:\/\/www.suno.com.br\/noticias\/#organization\",\"name\":\"Suno Not\u00edcias\",\"url\":\"https:\/\/www.suno.com.br\/noticias\/\",\"logo\":{\"@type\":\"ImageObject\",\"inLanguage\":\"pt-BR\",\"@id\":\"https:\/\/www.suno.com.br\/noticias\/#\/schema\/logo\/image\/\",\"url\":\"https:\/\/files.sunoresearch.com.br\/n\/uploads\/2021\/09\/suno-logo.png\",\"contentUrl\":\"https:\/\/files.sunoresearch.com.br\/n\/uploads\/2021\/09\/suno-logo.png\",\"width\":180,\"height\":180,\"caption\":\"Suno Not\u00edcias\"},\"image\":{\"@id\":\"https:\/\/www.suno.com.br\/noticias\/#\/schema\/logo\/image\/\"},\"sameAs\":[\"https:\/\/facebook.com\/sunoresearch\",\"https:\/\/x.com\/sunoresearch\",\"https:\/\/www.instagram.com\/suno\",\"https:\/\/www.linkedin.com\/company\/suno-research\/\",\"https:\/\/www.youtube.com\/c\/sunoresearch\"]},{\"@type\":\"Person\",\"@id\":\"https:\/\/www.suno.com.br\/noticias\/#\/schema\/person\/e6e0f723cc177805027f4566c1d5e0c8\",\"name\":\"Carlo Cauti\",\"image\":{\"@type\":\"ImageObject\",\"inLanguage\":\"pt-BR\",\"@id\":\"https:\/\/www.suno.com.br\/noticias\/#\/schema\/person\/image\/\",\"url\":\"https:\/\/secure.gravatar.com\/avatar\/3ada9e0bd164c23abd4792a9606d583c?s=96&r=g\",\"contentUrl\":\"https:\/\/secure.gravatar.com\/avatar\/3ada9e0bd164c23abd4792a9606d583c?s=96&r=g\",\"caption\":\"Carlo Cauti\"},\"description\":\"Editor multim\u00eddia do SUNO Not\u00edcias. Italiano, formado em Ci\u00eancias Pol\u00edticas pela universidade LUISS G. Carli de Roma e mestre cum laude em Rela\u00e7\u00f5es Internacionais, Jornalismo Internacional e de Guerra e em Economia Internacional. Concluiu tamb\u00e9m um MBA em Finan\u00e7as na B3. No Brasil, teve passagem por ve\u00edculos como Estad\u00e3o, Globo, Veja e EXAME. e nas ag\u00eancias de not\u00edcias italianas ANSA e NOVA.\",\"url\":\"https:\/\/www.suno.com.br\/noticias\/author\/carlo-cauti\/\"}]}<\/script>\n<!-- \/ Yoast SEO plugin. -->","yoast_head_json":{"title":"B3 obt\u00e9m vit\u00f3ria no Carf em caso de R$ 3,3 bilh\u00f5es","description":"A B3 informou que o Carf concedeu uma decis\u00e3o favor\u00e1vel em um processo avaliado em cerca de R$ 3,3 bilh\u00f5es. Clique aqui para saber mais.","robots":{"index":"index","follow":"follow","max-snippet":"max-snippet:-1","max-image-preview":"max-image-preview:large","max-video-preview":"max-video-preview:-1"},"canonical":"https:\/\/www.suno.com.br\/noticias\/b3-obtem-vitoria-carf-bilhoes\/","og_locale":"pt_BR","og_type":"article","og_title":"B3 obt\u00e9m vit\u00f3ria no Carf em caso de R$ 3,3 bilh\u00f5es","og_description":"A B3 informou que o Carf concedeu uma decis\u00e3o favor\u00e1vel em um processo avaliado em cerca de R$ 3,3 bilh\u00f5es. Clique aqui para saber mais.","og_url":"https:\/\/www.suno.com.br\/noticias\/b3-obtem-vitoria-carf-bilhoes\/","og_site_name":"Suno Not\u00edcias","article_publisher":"https:\/\/facebook.com\/sunoresearch","og_image":[{"width":770,"height":400,"url":"https:\/\/files.sunoresearch.com.br\/n\/uploads\/2019\/03\/de3bd6ac-b3.jpg","type":"image\/jpeg"}],"author":"Carlo Cauti","twitter_card":"summary_large_image","twitter_creator":"@sunoresearch","twitter_site":"@sunoresearch","twitter_misc":{"Escrito por":"Carlo Cauti","Est. tempo de leitura":"2 minutos"},"schema":{"@context":"https:\/\/schema.org","@graph":[{"@type":"NewsArticle","@id":"https:\/\/www.suno.com.br\/noticias\/b3-obtem-vitoria-carf-bilhoes\/#article","isPartOf":{"@id":"https:\/\/www.suno.com.br\/noticias\/b3-obtem-vitoria-carf-bilhoes\/"},"author":{"name":"Carlo Cauti","@id":"https:\/\/www.suno.com.br\/noticias\/#\/schema\/person\/e6e0f723cc177805027f4566c1d5e0c8"},"headline":"B3 obt\u00e9m vit\u00f3ria no Carf em caso de R$ 3,3 bilh\u00f5es","datePublished":"2019-10-16T23:38:20+00:00","dateModified":"2019-10-16T23:43:54+00:00","mainEntityOfPage":{"@id":"https:\/\/www.suno.com.br\/noticias\/b3-obtem-vitoria-carf-bilhoes\/"},"wordCount":330,"publisher":{"@id":"https:\/\/www.suno.com.br\/noticias\/#organization"},"image":{"@id":"https:\/\/www.suno.com.br\/noticias\/b3-obtem-vitoria-carf-bilhoes\/#primaryimage"},"thumbnailUrl":"https:\/\/files.sunoresearch.com.br\/n\/uploads\/2019\/03\/de3bd6ac-b3-jpg.webp","keywords":["Bolsa de Valores de S\u00e3o Paulo (B3)","Carf"],"articleSection":["Neg\u00f3cios"],"inLanguage":"pt-BR"},{"@type":"WebPage","@id":"https:\/\/www.suno.com.br\/noticias\/b3-obtem-vitoria-carf-bilhoes\/","url":"https:\/\/www.suno.com.br\/noticias\/b3-obtem-vitoria-carf-bilhoes\/","name":"B3 obt\u00e9m vit\u00f3ria no Carf em caso de R$ 3,3 bilh\u00f5es","isPartOf":{"@id":"https:\/\/www.suno.com.br\/noticias\/#website"},"primaryImageOfPage":{"@id":"https:\/\/www.suno.com.br\/noticias\/b3-obtem-vitoria-carf-bilhoes\/#primaryimage"},"image":{"@id":"https:\/\/www.suno.com.br\/noticias\/b3-obtem-vitoria-carf-bilhoes\/#primaryimage"},"thumbnailUrl":"https:\/\/files.sunoresearch.com.br\/n\/uploads\/2019\/03\/de3bd6ac-b3-jpg.webp","datePublished":"2019-10-16T23:38:20+00:00","dateModified":"2019-10-16T23:43:54+00:00","description":"A B3 informou que o Carf concedeu uma decis\u00e3o favor\u00e1vel em um processo avaliado em cerca de R$ 3,3 bilh\u00f5es. Clique aqui para saber mais.","breadcrumb":{"@id":"https:\/\/www.suno.com.br\/noticias\/b3-obtem-vitoria-carf-bilhoes\/#breadcrumb"},"inLanguage":"pt-BR","potentialAction":[{"@type":"ReadAction","target":["https:\/\/www.suno.com.br\/noticias\/b3-obtem-vitoria-carf-bilhoes\/"]}]},{"@type":"ImageObject","inLanguage":"pt-BR","@id":"https:\/\/www.suno.com.br\/noticias\/b3-obtem-vitoria-carf-bilhoes\/#primaryimage","url":"https:\/\/files.sunoresearch.com.br\/n\/uploads\/2019\/03\/de3bd6ac-b3-jpg.webp","contentUrl":"https:\/\/files.sunoresearch.com.br\/n\/uploads\/2019\/03\/de3bd6ac-b3-jpg.webp","width":770,"height":400,"caption":"A B3 (B3SA3) informou que seu Conselho de Administra\u00e7\u00e3o aprovou o aumento de capital da empresa em R$ 9 bilh\u00f5es."},{"@type":"BreadcrumbList","@id":"https:\/\/www.suno.com.br\/noticias\/b3-obtem-vitoria-carf-bilhoes\/#breadcrumb","itemListElement":[{"@type":"ListItem","position":1,"name":"Not\u00edcias","item":"https:\/\/www.suno.com.br\/noticias\/"},{"@type":"ListItem","position":2,"name":"Neg\u00f3cios","item":"https:\/\/www.suno.com.br\/noticias\/negocios\/"},{"@type":"ListItem","position":3,"name":"B3 obt\u00e9m vit\u00f3ria no Carf em caso de R$ 3,3 bilh\u00f5es"}]},{"@type":"WebSite","@id":"https:\/\/www.suno.com.br\/noticias\/#website","url":"https:\/\/www.suno.com.br\/noticias\/","name":"Suno Not\u00edcias","description":"Seu portal de informa\u00e7\u00e3o sobre o mundo dos investimentos","publisher":{"@id":"https:\/\/www.suno.com.br\/noticias\/#organization"},"potentialAction":[{"@type":"SearchAction","target":{"@type":"EntryPoint","urlTemplate":"https:\/\/www.suno.com.br\/noticias\/?s={search_term_string}"},"query-input":{"@type":"PropertyValueSpecification","valueRequired":true,"valueName":"search_term_string"}}],"inLanguage":"pt-BR"},{"@type":"Organization","@id":"https:\/\/www.suno.com.br\/noticias\/#organization","name":"Suno Not\u00edcias","url":"https:\/\/www.suno.com.br\/noticias\/","logo":{"@type":"ImageObject","inLanguage":"pt-BR","@id":"https:\/\/www.suno.com.br\/noticias\/#\/schema\/logo\/image\/","url":"https:\/\/files.sunoresearch.com.br\/n\/uploads\/2021\/09\/suno-logo.png","contentUrl":"https:\/\/files.sunoresearch.com.br\/n\/uploads\/2021\/09\/suno-logo.png","width":180,"height":180,"caption":"Suno Not\u00edcias"},"image":{"@id":"https:\/\/www.suno.com.br\/noticias\/#\/schema\/logo\/image\/"},"sameAs":["https:\/\/facebook.com\/sunoresearch","https:\/\/x.com\/sunoresearch","https:\/\/www.instagram.com\/suno","https:\/\/www.linkedin.com\/company\/suno-research\/","https:\/\/www.youtube.com\/c\/sunoresearch"]},{"@type":"Person","@id":"https:\/\/www.suno.com.br\/noticias\/#\/schema\/person\/e6e0f723cc177805027f4566c1d5e0c8","name":"Carlo Cauti","image":{"@type":"ImageObject","inLanguage":"pt-BR","@id":"https:\/\/www.suno.com.br\/noticias\/#\/schema\/person\/image\/","url":"https:\/\/secure.gravatar.com\/avatar\/3ada9e0bd164c23abd4792a9606d583c?s=96&r=g","contentUrl":"https:\/\/secure.gravatar.com\/avatar\/3ada9e0bd164c23abd4792a9606d583c?s=96&r=g","caption":"Carlo Cauti"},"description":"Editor multim\u00eddia do SUNO Not\u00edcias. Italiano, formado em Ci\u00eancias Pol\u00edticas pela universidade LUISS G. Carli de Roma e mestre cum laude em Rela\u00e7\u00f5es Internacionais, Jornalismo Internacional e de Guerra e em Economia Internacional. Concluiu tamb\u00e9m um MBA em Finan\u00e7as na B3. No Brasil, teve passagem por ve\u00edculos como Estad\u00e3o, Globo, Veja e EXAME. e nas ag\u00eancias de not\u00edcias italianas ANSA e NOVA.","url":"https:\/\/www.suno.com.br\/noticias\/author\/carlo-cauti\/"}]}},"default_loop_html":"<div class=\"cardsPage__listCard__boxs\"><div class=\"cardsPage__listCard__boxs__img\"><a href=\"https:\/\/www.suno.com.br\/noticias\/b3-obtem-vitoria-carf-bilhoes\/\"><img class=\"mask\" src=\"https:\/\/www.suno.com.br\/noticias\/wp-content\/themes\/suno\/resources\/images\/spotlight\/spotlight1img\/bg-mask.png\" alt=\"Image Mask\"\/><img src=\"https:\/\/files.sunoresearch.com.br\/n\/uploads\/2019\/03\/de3bd6ac-b3-400x200.webp\" alt=\"B3 obt\u00e9m vit\u00f3ria no Carf em caso de R$ 3,3 bilh\u00f5es\"\/><\/a><span class=\"spotlightCategory\"><a href=\"https:\/\/www.suno.com.br\/noticias\/negocios\/\">Neg\u00f3cios<\/a><\/span><\/div><div class=\"cardsPage__listCard__boxs__content\"><a href=\"https:\/\/www.suno.com.br\/noticias\/b3-obtem-vitoria-carf-bilhoes\/\"><h2 class=\"content__title\">B3 obt\u00e9m vit\u00f3ria no Carf em caso de R$ 3,3 bilh\u00f5es<\/h2><\/a><div class=\"newsContent__article__meta\"><div class=\"newsContent__article__meta__authorBox\"><a href=\"https:\/\/www.suno.com.br\/noticias\/author\/carlo-cauti\/\" class=\"authorBox__avatar noMobi\"><img src=\"https:\/\/files.sunoresearch.com.br\/n\/uploads\/2020\/08\/e3745f9a-perfil-carlo-cauti-150x150.webp\" alt=\"Carlo Cauti\"><\/a><div class=\"authorBox__name\"><span>por\n\t\t\t<a href=\"https:\/\/www.suno.com.br\/noticias\/author\/carlo-cauti\/\"><span itemprop=\"author\">Carlo Cauti<\/span><\/a><\/span><time datetime=\"2019-10-16T20:38:20-03:00\" itemprop=\"datePublished\">16\/10\/2019 20:38<\/time><\/div><\/div><\/div><\/div><\/div>","single_layout":"posts","amp_enabled":true,"_links":{"self":[{"href":"https:\/\/www.suno.com.br\/noticias\/wp-json\/wp\/v2\/posts\/41357"}],"collection":[{"href":"https:\/\/www.suno.com.br\/noticias\/wp-json\/wp\/v2\/posts"}],"about":[{"href":"https:\/\/www.suno.com.br\/noticias\/wp-json\/wp\/v2\/types\/post"}],"author":[{"embeddable":true,"href":"https:\/\/www.suno.com.br\/noticias\/wp-json\/wp\/v2\/users\/9"}],"replies":[{"embeddable":true,"href":"https:\/\/www.suno.com.br\/noticias\/wp-json\/wp\/v2\/comments?post=41357"}],"version-history":[{"count":0,"href":"https:\/\/www.suno.com.br\/noticias\/wp-json\/wp\/v2\/posts\/41357\/revisions"}],"wp:featuredmedia":[{"embeddable":true,"href":"https:\/\/www.suno.com.br\/noticias\/wp-json\/wp\/v2\/media\/17983"}],"wp:attachment":[{"href":"https:\/\/www.suno.com.br\/noticias\/wp-json\/wp\/v2\/media?parent=41357"}],"wp:term":[{"taxonomy":"category","embeddable":true,"href":"https:\/\/www.suno.com.br\/noticias\/wp-json\/wp\/v2\/categories?post=41357"},{"taxonomy":"post_tag","embeddable":true,"href":"https:\/\/www.suno.com.br\/noticias\/wp-json\/wp\/v2\/tags?post=41357"},{"taxonomy":"suno_strategy","embeddable":true,"href":"https:\/\/www.suno.com.br\/noticias\/wp-json\/wp\/v2\/suno_strategy?post=41357"}],"curies":[{"name":"wp","href":"https:\/\/api.w.org\/{rel}","templated":true}]}}