{"id":413431,"date":"2023-06-06T07:29:41","date_gmt":"2023-06-06T10:29:41","guid":{"rendered":"https:\/\/www.suno.com.br\/noticias\/?p=413431"},"modified":"2023-06-06T07:29:46","modified_gmt":"2023-06-06T10:29:46","slug":"luiz-barsi-compra-acoes-aes-brasil-aesb3","status":"publish","type":"post","link":"https:\/\/www.suno.com.br\/noticias\/luiz-barsi-compra-acoes-aes-brasil-aesb3\/","title":{"rendered":"Luiz Barsi vai \u00e0s compras e ultrapassa 5% na AES Brasil (AESB3); veja"},"content":{"rendered":"<p>O megainvestidor <a href=\"https:\/\/www.suno.com.br\/noticias\/web-stories\/luiz-barsi-1-milhao-dia-carteira-dividendos\/\" target=\"_blank\" rel=\"noreferrer noopener\">Luiz <strong>Barsi<\/strong><\/a><strong> <\/strong>aumentou sua participa\u00e7\u00e3o societ\u00e1ria na <a class=\"suno-keyword\" data-force=\"yes\" data-priority=\"1\" href=\"https:\/\/www.suno.com.br\/acoes\/aesb3\/\" target=\"_blank\" rel=\"noopener\">AES Brasil (AESB3)<\/a>, passando a deter 5% do total de a\u00e7\u00f5es emitidas pela companhia.<\/p><div class=\"videoFull \">\n\t\t\t<div class=\"videoWrapper yt-lazyload center\"\n\t\t\t\tdata-width=\"960\"\n\t\t\t\tdata-height=\"540\"\n\t\t\t\tdata-id=\"daqibulfv1I\"\n\t\t\t\tdata-alt=\"V\u00eddeo do YouTube - clique para reproduzir\"\n\t\t\t\tdata-logo=\"3\"\n\t\t\t\tdata-imagequality=\"maxres\">\n\t\t\t<\/div>\n\t\t<\/div><script type=\"application\/ld+json\">{\"@context\":\"https:\/\/schema.org\",\"@type\":\"VideoObject\",\"name\":\"CVC (CVCB3) dispara 11% com novo CEO | Apple (AAPL34) apresenta Vision Pro| Selic vai cair em junho?\",\"description\":\"#cvc #cvcb3 #apple #visionpro #aapl34 #mercadofinanceiro #investimentos #bolsadevalores #ibovespa #d\u00f3lar #livedas19h O Ibovespa encerrou a sess\u00e3o de hoje (5) em alta de 0,12%, aos 112.696 pontos. Na m\u00e1xima do dia, o \u00edndice ultrapassou os 113.000 mil pontos, enquanto a m\u00ednima foi de cerca de 110.568 mil pontos. O volume financeiro foi de R$ 18,7 bilh\u00f5es.\u2026\",\"duration\":\"PT38M50S\",\"embedUrl\":\"https:\/\/www.youtube.com\/embed\/daqibulfv1I\",\"regionsAllowed\":\"pt-BR\",\"interactionStatistic\":{\"@type\":\"InteractionCounter\",\"interactionType\":{\"@type\":\"WatchAction\"},\"userInteractionCount\":2606},\"thumbnailUrl\":\"https:\/\/i.ytimg.com\/vi\/daqibulfv1I\/default.jpg\",\"uploadDate\":\"2023-06-05T22:50:47Z\"}<\/script>\n\n\n\n\n\t<p>\n\t\t<a href=\"https:\/\/lp.suno.com.br\/planilha-da-vida-financeira\/\" target=\"_blank\" data-element=\"shortcode-suno-banner\" title=\"Banner SUNO, clique e saiba mais\">\n\t\t\t<picture>\n\t\t\t\t<source media=\"(max-width: 500px)\" srcset=\"https:\/\/files.sunoresearch.com.br\/n\/uploads\/2023\/04\/400x300-Planilha-vida-financeira-true.png\">\n\t\t\t\t<img class=\"newsContent__article__imgCapa newsContent__article__imgCapa--banner\"\n\t\t\t\t\tsrc=\"https:\/\/files.sunoresearch.com.br\/n\/uploads\/2023\/04\/1420x240-Planilha-vida-financeira-true.png\"\n\t\t\t\t\tdata-promo-id=\"106682\"\t\t\t\t\t\t\t\t\t\twidth='1420' height='240'\t\t\t\t\talt=\"https:\/\/files.sunoresearch.com.br\/n\/uploads\/2023\/04\/1420x240-Planilha-vida-financeira-true.png\"\n\t\t\t\t>\n\t\t\t<\/picture>\n\t\t<\/a>\n\t<\/p>\n\n\n\n\n\n\n\n<p>A informa\u00e7\u00e3o da <strong>compra de a\u00e7\u00f5es por parte de Luiz Barsi<\/strong> foi <a href=\"https:\/\/www.rad.cvm.gov.br\/ENET\/frmExibirArquivoIPEExterno.aspx?NumeroProtocoloEntrega=1109881\" target=\"_blank\" rel=\"noreferrer noopener\">confirmada em comunicado ao mercado divulgado pela AES no fim desta segunda-feira (6)<\/a>.<\/p>\n\n\n\n<p>O volume total de a\u00e7\u00f5es detidas \u00e9 de 30,1 milh\u00f5es de <strong><a href=\"https:\/\/statusinvest.com.br\/acoes\/aesb3\" target=\"_blank\" rel=\"noreferrer noopener\">a\u00e7\u00f5es ordin\u00e1rias AESB3<\/a><\/strong>.<\/p>\n\n\n\n<p>&#8220;O Sr. Luiz Barsi Filho informou ainda que a opera\u00e7\u00e3o visa exclusivamente o investimento de m\u00e9dio e <a class=\"suno-keyword\" target=\"_blank\" data-force=\"no\" data-priority=\"1\" href=\"https:\/\/www.suno.com.br\/artigos\/longo-prazo\/\" rel=\"noopener\">longo prazo<\/a> na Companhia&#8221;, consta no comunicado.<\/p>\n\n\n\n<p>O aumento da posi\u00e7\u00e3o acion\u00e1ria ocorre em meio ao aumento da volatilidade na empresa. De abril at\u00e9 metade de maio os pap\u00e9is tiveram um rali, saindo do patamar de R$ 10 para mais de R$ 12, subindo cerca de 25%.<\/p>\n\n\n\n<p>Do &#8216;pico&#8217; da cota\u00e7\u00e3o para c\u00e1, em cerca de 20 dias, foram 5% de retra\u00e7\u00e3o &#8211; momento em que Barsi fez a aquisi\u00e7\u00e3o dos pap\u00e9is.<\/p>\n\n\n\n<p>\u00c0 \u00e9poca, o rali ocasionado em maio veio em meio aos rumores de que a companhia buscava um s\u00f3cio estrat\u00e9gico e que haveria uma crescente demanda por energia de fontes renov\u00e1veis, somado ao grande potencial do Brasil para projetos e\u00f3licos e solares.<\/p>\n\n\n\n<p>Mais recentemente, a companhia tamb\u00e9m passou por mudan\u00e7as na sua gest\u00e3o, o que n\u00e3o teve grande impacto imediato na cota\u00e7\u00e3o das a\u00e7\u00f5es.<\/p>\n\n\n\t<p>\n\t\t<a href=\"https:\/\/lp.suno.com.br\/ebook-como-analisar-uma-acao\/\" target=\"_blank\" data-element=\"shortcode-suno-banner\" title=\"Banner SUNO, clique e saiba mais\">\n\t\t\t<picture>\n\t\t\t\t<source media=\"(max-width: 500px)\" srcset=\"https:\/\/files.sunoresearch.com.br\/n\/uploads\/2023\/03\/Ebook-Acoes-Mobile.jpg\">\n\t\t\t\t<img class=\"newsContent__article__imgCapa newsContent__article__imgCapa--banner\"\n\t\t\t\t\tsrc=\"https:\/\/files.sunoresearch.com.br\/n\/uploads\/2023\/03\/Ebook-Acoes-Desktop.jpg\"\n\t\t\t\t\tdata-promo-id=\"378302\"\t\t\t\t\t\t\t\t\t\twidth='1420' height='286'\t\t\t\t\talt=\"https:\/\/files.sunoresearch.com.br\/n\/uploads\/2023\/03\/Ebook-Acoes-Desktop.jpg\"\n\t\t\t\t>\n\t\t\t<\/picture>\n\t\t<\/a>\n\t<\/p>\n\n\n\n\n\n<h2 class=\"wp-block-heading\">Presidente da AES renunciou ao cargo<\/h2>\n\n\n\n<p>O <a class=\"suno-keyword\" data-force=\"no\" data-priority=\"1\" href=\"https:\/\/www.suno.com.br\/artigos\/conselho-administracao\/\" target=\"_blank\" rel=\"noopener\">conselho de administra\u00e7\u00e3o<\/a> da companhia comunicou no dia 30 de maio que recebeu a carta de ren\u00fancia da diretora-presidente da companhia, Clarissa Della Nina Sadock Accorsi, por motivos pessoais, com efeito a partir do dia 30 de junho.<\/p>\n\n\n\n<p>Durante esse per\u00edodo, Rog\u00e9rio Pereira Jorge, atual vice-presidente comercial, acumular\u00e1 suas fun\u00e7\u00f5es com as de diretor-presidente., no lugar da CEO Clarissa Della Nina Sadock <\/p>\n\n\n\n<p>A <a class=\"suno-keyword\" data-force=\"yes\" data-priority=\"2\" href=\"https:\/\/www.suno.com.br\/acoes\/vbbr3\/\" target=\"_blank\" rel=\"noopener\">Vibra (VBBR3)<\/a> anunciou tamb\u00e9m no dia 30 de maio que promoveu uma reestrutura\u00e7\u00e3o organizacional, criando duas novas vice-presid\u00eancias e nomeando Augusto Ribeiro como vice-presidente executivo de Finan\u00e7as, Compras e RI, com prazo de gest\u00e3o de dois anos, a partir de 3 de julho de 2023.<\/p>\n\n\n\n<p>Para a nova vice-presid\u00eancia de Energia Renov\u00e1vel e ESG, foi escolhida Clarissa Sadock. J\u00e1 para nova vice-presid\u00eancia de Gente e Tecnologia, foi nomeado Aspen Andersen.<\/p>\n\n\n\t<p>\n\t\t<a href=\"https:\/\/lp.suno.com.br\/suno-one\/?utm_campaign=_SNC6964518A_\" target=\"_blank\" data-element=\"shortcode-suno-banner\" title=\"Banner SUNO, clique e saiba mais\">\n\t\t\t<picture>\n\t\t\t\t<source media=\"(max-width: 500px)\" srcset=\"https:\/\/files.sunoresearch.com.br\/n\/uploads\/2025\/09\/400x300-Suno-One-png.webp\">\n\t\t\t\t<img class=\"newsContent__article__imgCapa newsContent__article__imgCapa--banner\"\n\t\t\t\t\tsrc=\"https:\/\/files.sunoresearch.com.br\/n\/uploads\/2025\/09\/1420x240-Suno-One-png.webp\"\n\t\t\t\t\tdata-promo-id=\"383121\"\t\t\t\t\t\t\t\t\t\twidth='1420' height='240'\t\t\t\t\talt=\"https:\/\/files.sunoresearch.com.br\/n\/uploads\/2025\/09\/1420x240-Suno-One-png.webp\"\n\t\t\t\t>\n\t\t\t<\/picture>\n\t\t<\/a>\n\t<\/p>\n\n\n","protected":false},"excerpt":{"rendered":"<p>O megainvestidor Luiz Barsi aumentou sua participa\u00e7\u00e3o societ\u00e1ria na AES Brasil (AESB3), passando a deter 5% do total de a\u00e7\u00f5es emitidas pela companhia. A informa\u00e7\u00e3o da compra de a\u00e7\u00f5es por parte de Luiz Barsi foi confirmada em comunicado ao mercado divulgado pela AES no fim desta segunda-feira (6). O volume total de a\u00e7\u00f5es detidas \u00e9 [&hellip;]<\/p>\n","protected":false},"author":73,"featured_media":275569,"comment_status":"closed","ping_status":"closed","sticky":false,"template":"","format":"standard","meta":[],"categories":[64],"tags":[106075],"suno_strategy":[],"class_list":["post-413431","post","type-post","status-publish","format-standard","has-post-thumbnail","hentry","category-negocios","tag-aes-brasil-aesb3"],"yoast_head":"<!-- This site is optimized with the Yoast SEO plugin v24.4 - https:\/\/yoast.com\/wordpress\/plugins\/seo\/ -->\n<title>Luiz Barsi vai \u00e0s compras e ultrapassa 5% na AES Brasil (AESB3); veja<\/title>\n<meta name=\"description\" content=\"Agora, com a nova aquisi\u00e7\u00e3o de Luiz Barsi, o volume total de a\u00e7\u00f5es detidas \u00e9 de 30,1 milh\u00f5es de a\u00e7\u00f5es ordin\u00e1rias AESB3.\" \/>\n<meta name=\"robots\" content=\"index, follow, max-snippet:-1, max-image-preview:large, max-video-preview:-1\" \/>\n<link rel=\"canonical\" href=\"https:\/\/www.suno.com.br\/noticias\/luiz-barsi-compra-acoes-aes-brasil-aesb3\/\" \/>\n<meta property=\"og:locale\" content=\"pt_BR\" \/>\n<meta property=\"og:type\" content=\"article\" \/>\n<meta property=\"og:title\" content=\"Luiz Barsi vai \u00e0s compras e ultrapassa 5% na AES Brasil (AESB3); veja\" \/>\n<meta property=\"og:description\" content=\"Agora, com a nova aquisi\u00e7\u00e3o de Luiz Barsi, o volume total de a\u00e7\u00f5es detidas \u00e9 de 30,1 milh\u00f5es de a\u00e7\u00f5es ordin\u00e1rias AESB3.\" \/>\n<meta property=\"og:url\" content=\"https:\/\/www.suno.com.br\/noticias\/luiz-barsi-compra-acoes-aes-brasil-aesb3\/\" \/>\n<meta property=\"og:site_name\" content=\"Suno Not\u00edcias\" \/>\n<meta property=\"article:publisher\" content=\"https:\/\/facebook.com\/sunoresearch\" \/>\n<meta property=\"og:image\" content=\"https:\/\/files.sunoresearch.com.br\/n\/uploads\/2022\/07\/barsi.jpg\" \/>\n\t<meta property=\"og:image:width\" content=\"1824\" \/>\n\t<meta property=\"og:image:height\" content=\"1076\" \/>\n\t<meta property=\"og:image:type\" content=\"image\/jpeg\" \/>\n<meta name=\"author\" content=\"Eduardo Vargas\" \/>\n<meta name=\"twitter:card\" content=\"summary_large_image\" \/>\n<meta name=\"twitter:creator\" content=\"@sunoresearch\" \/>\n<meta name=\"twitter:site\" content=\"@sunoresearch\" \/>\n<meta name=\"twitter:label1\" content=\"Escrito por\" \/>\n\t<meta name=\"twitter:data1\" content=\"Eduardo Vargas\" \/>\n\t<meta name=\"twitter:label2\" content=\"Est. tempo de leitura\" \/>\n\t<meta name=\"twitter:data2\" content=\"2 minutos\" \/>\n<script type=\"application\/ld+json\" class=\"yoast-schema-graph\">{\"@context\":\"https:\/\/schema.org\",\"@graph\":[{\"@type\":\"NewsArticle\",\"@id\":\"https:\/\/www.suno.com.br\/noticias\/luiz-barsi-compra-acoes-aes-brasil-aesb3\/#article\",\"isPartOf\":{\"@id\":\"https:\/\/www.suno.com.br\/noticias\/luiz-barsi-compra-acoes-aes-brasil-aesb3\/\"},\"author\":{\"name\":\"Eduardo Vargas\",\"@id\":\"https:\/\/www.suno.com.br\/noticias\/#\/schema\/person\/7f4d362bf3518e76090143ae77bb49a5\"},\"headline\":\"Luiz Barsi vai \u00e0s compras e ultrapassa 5% na AES Brasil (AESB3); veja\",\"datePublished\":\"2023-06-06T10:29:41+00:00\",\"dateModified\":\"2023-06-06T10:29:46+00:00\",\"mainEntityOfPage\":{\"@id\":\"https:\/\/www.suno.com.br\/noticias\/luiz-barsi-compra-acoes-aes-brasil-aesb3\/\"},\"wordCount\":402,\"publisher\":{\"@id\":\"https:\/\/www.suno.com.br\/noticias\/#organization\"},\"image\":{\"@id\":\"https:\/\/www.suno.com.br\/noticias\/luiz-barsi-compra-acoes-aes-brasil-aesb3\/#primaryimage\"},\"thumbnailUrl\":\"https:\/\/files.sunoresearch.com.br\/n\/uploads\/2022\/07\/barsi.jpg\",\"keywords\":[\"AES Brasil (AESB3)\"],\"articleSection\":[\"Neg\u00f3cios\"],\"inLanguage\":\"pt-BR\"},{\"@type\":\"WebPage\",\"@id\":\"https:\/\/www.suno.com.br\/noticias\/luiz-barsi-compra-acoes-aes-brasil-aesb3\/\",\"url\":\"https:\/\/www.suno.com.br\/noticias\/luiz-barsi-compra-acoes-aes-brasil-aesb3\/\",\"name\":\"Luiz Barsi vai \u00e0s compras e ultrapassa 5% na AES Brasil (AESB3); veja\",\"isPartOf\":{\"@id\":\"https:\/\/www.suno.com.br\/noticias\/#website\"},\"primaryImageOfPage\":{\"@id\":\"https:\/\/www.suno.com.br\/noticias\/luiz-barsi-compra-acoes-aes-brasil-aesb3\/#primaryimage\"},\"image\":{\"@id\":\"https:\/\/www.suno.com.br\/noticias\/luiz-barsi-compra-acoes-aes-brasil-aesb3\/#primaryimage\"},\"thumbnailUrl\":\"https:\/\/files.sunoresearch.com.br\/n\/uploads\/2022\/07\/barsi.jpg\",\"datePublished\":\"2023-06-06T10:29:41+00:00\",\"dateModified\":\"2023-06-06T10:29:46+00:00\",\"description\":\"Agora, com a nova aquisi\u00e7\u00e3o de Luiz Barsi, o volume total de a\u00e7\u00f5es detidas \u00e9 de 30,1 milh\u00f5es de a\u00e7\u00f5es ordin\u00e1rias AESB3.\",\"breadcrumb\":{\"@id\":\"https:\/\/www.suno.com.br\/noticias\/luiz-barsi-compra-acoes-aes-brasil-aesb3\/#breadcrumb\"},\"inLanguage\":\"pt-BR\",\"potentialAction\":[{\"@type\":\"ReadAction\",\"target\":[\"https:\/\/www.suno.com.br\/noticias\/luiz-barsi-compra-acoes-aes-brasil-aesb3\/\"]}]},{\"@type\":\"ImageObject\",\"inLanguage\":\"pt-BR\",\"@id\":\"https:\/\/www.suno.com.br\/noticias\/luiz-barsi-compra-acoes-aes-brasil-aesb3\/#primaryimage\",\"url\":\"https:\/\/files.sunoresearch.com.br\/n\/uploads\/2022\/07\/barsi.jpg\",\"contentUrl\":\"https:\/\/files.sunoresearch.com.br\/n\/uploads\/2022\/07\/barsi.jpg\",\"width\":1824,\"height\":1076,\"caption\":\"Luiz Barsi, maior investidor pessoa f\u00edsica da bolsa brasileira. Foto: Reprodu\u00e7\u00e3o\/YouTube\/Suno\"},{\"@type\":\"BreadcrumbList\",\"@id\":\"https:\/\/www.suno.com.br\/noticias\/luiz-barsi-compra-acoes-aes-brasil-aesb3\/#breadcrumb\",\"itemListElement\":[{\"@type\":\"ListItem\",\"position\":1,\"name\":\"Not\u00edcias\",\"item\":\"https:\/\/www.suno.com.br\/noticias\/\"},{\"@type\":\"ListItem\",\"position\":2,\"name\":\"Neg\u00f3cios\",\"item\":\"https:\/\/www.suno.com.br\/noticias\/negocios\/\"},{\"@type\":\"ListItem\",\"position\":3,\"name\":\"Luiz Barsi vai \u00e0s compras e ultrapassa 5% na AES Brasil (AESB3); veja\"}]},{\"@type\":\"WebSite\",\"@id\":\"https:\/\/www.suno.com.br\/noticias\/#website\",\"url\":\"https:\/\/www.suno.com.br\/noticias\/\",\"name\":\"Suno Not\u00edcias\",\"description\":\"Seu portal de informa\u00e7\u00e3o sobre o mundo dos investimentos\",\"publisher\":{\"@id\":\"https:\/\/www.suno.com.br\/noticias\/#organization\"},\"potentialAction\":[{\"@type\":\"SearchAction\",\"target\":{\"@type\":\"EntryPoint\",\"urlTemplate\":\"https:\/\/www.suno.com.br\/noticias\/?s={search_term_string}\"},\"query-input\":{\"@type\":\"PropertyValueSpecification\",\"valueRequired\":true,\"valueName\":\"search_term_string\"}}],\"inLanguage\":\"pt-BR\"},{\"@type\":\"Organization\",\"@id\":\"https:\/\/www.suno.com.br\/noticias\/#organization\",\"name\":\"Suno Not\u00edcias\",\"url\":\"https:\/\/www.suno.com.br\/noticias\/\",\"logo\":{\"@type\":\"ImageObject\",\"inLanguage\":\"pt-BR\",\"@id\":\"https:\/\/www.suno.com.br\/noticias\/#\/schema\/logo\/image\/\",\"url\":\"https:\/\/files.sunoresearch.com.br\/n\/uploads\/2021\/09\/suno-logo.png\",\"contentUrl\":\"https:\/\/files.sunoresearch.com.br\/n\/uploads\/2021\/09\/suno-logo.png\",\"width\":180,\"height\":180,\"caption\":\"Suno Not\u00edcias\"},\"image\":{\"@id\":\"https:\/\/www.suno.com.br\/noticias\/#\/schema\/logo\/image\/\"},\"sameAs\":[\"https:\/\/facebook.com\/sunoresearch\",\"https:\/\/x.com\/sunoresearch\",\"https:\/\/www.instagram.com\/suno\",\"https:\/\/www.linkedin.com\/company\/suno-research\/\",\"https:\/\/www.youtube.com\/c\/sunoresearch\"]},{\"@type\":\"Person\",\"@id\":\"https:\/\/www.suno.com.br\/noticias\/#\/schema\/person\/7f4d362bf3518e76090143ae77bb49a5\",\"name\":\"Eduardo Vargas\",\"image\":{\"@type\":\"ImageObject\",\"inLanguage\":\"pt-BR\",\"@id\":\"https:\/\/www.suno.com.br\/noticias\/#\/schema\/person\/image\/\",\"url\":\"https:\/\/secure.gravatar.com\/avatar\/dac340933427a22924c9f99d1eb2e3f2?s=96&r=g\",\"contentUrl\":\"https:\/\/secure.gravatar.com\/avatar\/dac340933427a22924c9f99d1eb2e3f2?s=96&r=g\",\"caption\":\"Eduardo Vargas\"},\"description\":\"Jornalista formado pela UFSC, cobre macroeconomia, neg\u00f3cios e startups para o Suno Not\u00edcias, escrevendo principalmente not\u00edcias sobre o mercado financeiro e a bolsa de valores. No YouTube e no Instagram, \u00e9 respons\u00e1vel pela produ\u00e7\u00e3o de Reels e Shorts do Suno Not\u00edcias. Anteriormente, trabalhou cobrindo economia e cotidiano no ND+ e para o ND, maior jornal impresso de Santa Catarina. Cursou um semestre letivo de Estudos de M\u00eddia na Universidad de Buenos Aires.\",\"url\":\"https:\/\/www.suno.com.br\/noticias\/author\/eduardo-vargas\/\"}]}<\/script>\n<!-- \/ Yoast SEO plugin. -->","yoast_head_json":{"title":"Luiz Barsi vai \u00e0s compras e ultrapassa 5% na AES Brasil (AESB3); veja","description":"Agora, com a nova aquisi\u00e7\u00e3o de Luiz Barsi, o volume total de a\u00e7\u00f5es detidas \u00e9 de 30,1 milh\u00f5es de a\u00e7\u00f5es ordin\u00e1rias AESB3.","robots":{"index":"index","follow":"follow","max-snippet":"max-snippet:-1","max-image-preview":"max-image-preview:large","max-video-preview":"max-video-preview:-1"},"canonical":"https:\/\/www.suno.com.br\/noticias\/luiz-barsi-compra-acoes-aes-brasil-aesb3\/","og_locale":"pt_BR","og_type":"article","og_title":"Luiz Barsi vai \u00e0s compras e ultrapassa 5% na AES Brasil (AESB3); veja","og_description":"Agora, com a nova aquisi\u00e7\u00e3o de Luiz Barsi, o volume total de a\u00e7\u00f5es detidas \u00e9 de 30,1 milh\u00f5es de a\u00e7\u00f5es ordin\u00e1rias AESB3.","og_url":"https:\/\/www.suno.com.br\/noticias\/luiz-barsi-compra-acoes-aes-brasil-aesb3\/","og_site_name":"Suno Not\u00edcias","article_publisher":"https:\/\/facebook.com\/sunoresearch","og_image":[{"width":1824,"height":1076,"url":"https:\/\/files.sunoresearch.com.br\/n\/uploads\/2022\/07\/barsi.jpg","type":"image\/jpeg"}],"author":"Eduardo Vargas","twitter_card":"summary_large_image","twitter_creator":"@sunoresearch","twitter_site":"@sunoresearch","twitter_misc":{"Escrito por":"Eduardo Vargas","Est. tempo de leitura":"2 minutos"},"schema":{"@context":"https:\/\/schema.org","@graph":[{"@type":"NewsArticle","@id":"https:\/\/www.suno.com.br\/noticias\/luiz-barsi-compra-acoes-aes-brasil-aesb3\/#article","isPartOf":{"@id":"https:\/\/www.suno.com.br\/noticias\/luiz-barsi-compra-acoes-aes-brasil-aesb3\/"},"author":{"name":"Eduardo Vargas","@id":"https:\/\/www.suno.com.br\/noticias\/#\/schema\/person\/7f4d362bf3518e76090143ae77bb49a5"},"headline":"Luiz Barsi vai \u00e0s compras e ultrapassa 5% na AES Brasil (AESB3); veja","datePublished":"2023-06-06T10:29:41+00:00","dateModified":"2023-06-06T10:29:46+00:00","mainEntityOfPage":{"@id":"https:\/\/www.suno.com.br\/noticias\/luiz-barsi-compra-acoes-aes-brasil-aesb3\/"},"wordCount":402,"publisher":{"@id":"https:\/\/www.suno.com.br\/noticias\/#organization"},"image":{"@id":"https:\/\/www.suno.com.br\/noticias\/luiz-barsi-compra-acoes-aes-brasil-aesb3\/#primaryimage"},"thumbnailUrl":"https:\/\/files.sunoresearch.com.br\/n\/uploads\/2022\/07\/barsi.jpg","keywords":["AES Brasil (AESB3)"],"articleSection":["Neg\u00f3cios"],"inLanguage":"pt-BR"},{"@type":"WebPage","@id":"https:\/\/www.suno.com.br\/noticias\/luiz-barsi-compra-acoes-aes-brasil-aesb3\/","url":"https:\/\/www.suno.com.br\/noticias\/luiz-barsi-compra-acoes-aes-brasil-aesb3\/","name":"Luiz Barsi vai \u00e0s compras e ultrapassa 5% na AES Brasil (AESB3); veja","isPartOf":{"@id":"https:\/\/www.suno.com.br\/noticias\/#website"},"primaryImageOfPage":{"@id":"https:\/\/www.suno.com.br\/noticias\/luiz-barsi-compra-acoes-aes-brasil-aesb3\/#primaryimage"},"image":{"@id":"https:\/\/www.suno.com.br\/noticias\/luiz-barsi-compra-acoes-aes-brasil-aesb3\/#primaryimage"},"thumbnailUrl":"https:\/\/files.sunoresearch.com.br\/n\/uploads\/2022\/07\/barsi.jpg","datePublished":"2023-06-06T10:29:41+00:00","dateModified":"2023-06-06T10:29:46+00:00","description":"Agora, com a nova aquisi\u00e7\u00e3o de Luiz Barsi, o volume total de a\u00e7\u00f5es detidas \u00e9 de 30,1 milh\u00f5es de a\u00e7\u00f5es ordin\u00e1rias AESB3.","breadcrumb":{"@id":"https:\/\/www.suno.com.br\/noticias\/luiz-barsi-compra-acoes-aes-brasil-aesb3\/#breadcrumb"},"inLanguage":"pt-BR","potentialAction":[{"@type":"ReadAction","target":["https:\/\/www.suno.com.br\/noticias\/luiz-barsi-compra-acoes-aes-brasil-aesb3\/"]}]},{"@type":"ImageObject","inLanguage":"pt-BR","@id":"https:\/\/www.suno.com.br\/noticias\/luiz-barsi-compra-acoes-aes-brasil-aesb3\/#primaryimage","url":"https:\/\/files.sunoresearch.com.br\/n\/uploads\/2022\/07\/barsi.jpg","contentUrl":"https:\/\/files.sunoresearch.com.br\/n\/uploads\/2022\/07\/barsi.jpg","width":1824,"height":1076,"caption":"Luiz Barsi, maior investidor pessoa f\u00edsica da bolsa brasileira. Foto: Reprodu\u00e7\u00e3o\/YouTube\/Suno"},{"@type":"BreadcrumbList","@id":"https:\/\/www.suno.com.br\/noticias\/luiz-barsi-compra-acoes-aes-brasil-aesb3\/#breadcrumb","itemListElement":[{"@type":"ListItem","position":1,"name":"Not\u00edcias","item":"https:\/\/www.suno.com.br\/noticias\/"},{"@type":"ListItem","position":2,"name":"Neg\u00f3cios","item":"https:\/\/www.suno.com.br\/noticias\/negocios\/"},{"@type":"ListItem","position":3,"name":"Luiz Barsi vai \u00e0s compras e ultrapassa 5% na AES Brasil (AESB3); veja"}]},{"@type":"WebSite","@id":"https:\/\/www.suno.com.br\/noticias\/#website","url":"https:\/\/www.suno.com.br\/noticias\/","name":"Suno Not\u00edcias","description":"Seu portal de informa\u00e7\u00e3o sobre o mundo dos investimentos","publisher":{"@id":"https:\/\/www.suno.com.br\/noticias\/#organization"},"potentialAction":[{"@type":"SearchAction","target":{"@type":"EntryPoint","urlTemplate":"https:\/\/www.suno.com.br\/noticias\/?s={search_term_string}"},"query-input":{"@type":"PropertyValueSpecification","valueRequired":true,"valueName":"search_term_string"}}],"inLanguage":"pt-BR"},{"@type":"Organization","@id":"https:\/\/www.suno.com.br\/noticias\/#organization","name":"Suno Not\u00edcias","url":"https:\/\/www.suno.com.br\/noticias\/","logo":{"@type":"ImageObject","inLanguage":"pt-BR","@id":"https:\/\/www.suno.com.br\/noticias\/#\/schema\/logo\/image\/","url":"https:\/\/files.sunoresearch.com.br\/n\/uploads\/2021\/09\/suno-logo.png","contentUrl":"https:\/\/files.sunoresearch.com.br\/n\/uploads\/2021\/09\/suno-logo.png","width":180,"height":180,"caption":"Suno Not\u00edcias"},"image":{"@id":"https:\/\/www.suno.com.br\/noticias\/#\/schema\/logo\/image\/"},"sameAs":["https:\/\/facebook.com\/sunoresearch","https:\/\/x.com\/sunoresearch","https:\/\/www.instagram.com\/suno","https:\/\/www.linkedin.com\/company\/suno-research\/","https:\/\/www.youtube.com\/c\/sunoresearch"]},{"@type":"Person","@id":"https:\/\/www.suno.com.br\/noticias\/#\/schema\/person\/7f4d362bf3518e76090143ae77bb49a5","name":"Eduardo Vargas","image":{"@type":"ImageObject","inLanguage":"pt-BR","@id":"https:\/\/www.suno.com.br\/noticias\/#\/schema\/person\/image\/","url":"https:\/\/secure.gravatar.com\/avatar\/dac340933427a22924c9f99d1eb2e3f2?s=96&r=g","contentUrl":"https:\/\/secure.gravatar.com\/avatar\/dac340933427a22924c9f99d1eb2e3f2?s=96&r=g","caption":"Eduardo Vargas"},"description":"Jornalista formado pela UFSC, cobre macroeconomia, neg\u00f3cios e startups para o Suno Not\u00edcias, escrevendo principalmente not\u00edcias sobre o mercado financeiro e a bolsa de valores. No YouTube e no Instagram, \u00e9 respons\u00e1vel pela produ\u00e7\u00e3o de Reels e Shorts do Suno Not\u00edcias. Anteriormente, trabalhou cobrindo economia e cotidiano no ND+ e para o ND, maior jornal impresso de Santa Catarina. Cursou um semestre letivo de Estudos de M\u00eddia na Universidad de Buenos Aires.","url":"https:\/\/www.suno.com.br\/noticias\/author\/eduardo-vargas\/"}]}},"default_loop_html":"<div class=\"cardsPage__listCard__boxs\"><div class=\"cardsPage__listCard__boxs__img\"><a href=\"https:\/\/www.suno.com.br\/noticias\/luiz-barsi-compra-acoes-aes-brasil-aesb3\/\"><img class=\"mask\" src=\"https:\/\/www.suno.com.br\/noticias\/wp-content\/themes\/suno\/resources\/images\/spotlight\/spotlight1img\/bg-mask.png\" alt=\"Image Mask\"\/><img src=\"https:\/\/files.sunoresearch.com.br\/n\/uploads\/2022\/07\/barsi-400x200.jpg\" alt=\"Luiz Barsi vai \u00e0s compras e ultrapassa 5% na AES Brasil (AESB3); veja\"\/><\/a><span class=\"spotlightCategory\"><a href=\"https:\/\/www.suno.com.br\/noticias\/negocios\/\">Neg\u00f3cios<\/a><\/span><\/div><div class=\"cardsPage__listCard__boxs__content\"><a href=\"https:\/\/www.suno.com.br\/noticias\/luiz-barsi-compra-acoes-aes-brasil-aesb3\/\"><h2 class=\"content__title\">Luiz Barsi vai \u00e0s compras e ultrapassa 5% na AES Brasil (AESB3); veja<\/h2><\/a><div class=\"newsContent__article__meta\"><div class=\"newsContent__article__meta__authorBox\"><a href=\"https:\/\/www.suno.com.br\/noticias\/author\/eduardo-vargas\/\" class=\"authorBox__avatar noMobi\"><img src=\"https:\/\/secure.gravatar.com\/avatar\/dac340933427a22924c9f99d1eb2e3f2?s=96&#038;r=g\" alt=\"Eduardo Vargas\"><\/a><div class=\"authorBox__name\"><span>por\n\t\t\t<a href=\"https:\/\/www.suno.com.br\/noticias\/author\/eduardo-vargas\/\"><span itemprop=\"author\">Eduardo Vargas<\/span><\/a><\/span><time datetime=\"2023-06-06T07:29:41-03:00\" itemprop=\"datePublished\">06\/06\/2023 07:29<\/time><\/div><\/div><\/div><\/div><\/div>","single_layout":"posts","amp_enabled":true,"_links":{"self":[{"href":"https:\/\/www.suno.com.br\/noticias\/wp-json\/wp\/v2\/posts\/413431"}],"collection":[{"href":"https:\/\/www.suno.com.br\/noticias\/wp-json\/wp\/v2\/posts"}],"about":[{"href":"https:\/\/www.suno.com.br\/noticias\/wp-json\/wp\/v2\/types\/post"}],"author":[{"embeddable":true,"href":"https:\/\/www.suno.com.br\/noticias\/wp-json\/wp\/v2\/users\/73"}],"replies":[{"embeddable":true,"href":"https:\/\/www.suno.com.br\/noticias\/wp-json\/wp\/v2\/comments?post=413431"}],"version-history":[{"count":3,"href":"https:\/\/www.suno.com.br\/noticias\/wp-json\/wp\/v2\/posts\/413431\/revisions"}],"predecessor-version":[{"id":413438,"href":"https:\/\/www.suno.com.br\/noticias\/wp-json\/wp\/v2\/posts\/413431\/revisions\/413438"}],"wp:featuredmedia":[{"embeddable":true,"href":"https:\/\/www.suno.com.br\/noticias\/wp-json\/wp\/v2\/media\/275569"}],"wp:attachment":[{"href":"https:\/\/www.suno.com.br\/noticias\/wp-json\/wp\/v2\/media?parent=413431"}],"wp:term":[{"taxonomy":"category","embeddable":true,"href":"https:\/\/www.suno.com.br\/noticias\/wp-json\/wp\/v2\/categories?post=413431"},{"taxonomy":"post_tag","embeddable":true,"href":"https:\/\/www.suno.com.br\/noticias\/wp-json\/wp\/v2\/tags?post=413431"},{"taxonomy":"suno_strategy","embeddable":true,"href":"https:\/\/www.suno.com.br\/noticias\/wp-json\/wp\/v2\/suno_strategy?post=413431"}],"curies":[{"name":"wp","href":"https:\/\/api.w.org\/{rel}","templated":true}]}}