{"id":41325,"date":"2019-10-16T17:00:02","date_gmt":"2019-10-16T20:00:02","guid":{"rendered":"https:\/\/www.suno.com.br\/noticias\/?p=41325"},"modified":"2019-10-16T20:41:02","modified_gmt":"2019-10-16T23:41:02","slug":"fmi-divida-bruta-brasil-pib-2019","status":"publish","type":"post","link":"https:\/\/www.suno.com.br\/noticias\/fmi-divida-bruta-brasil-pib-2019\/","title":{"rendered":"FMI projeta d\u00edvida bruta do Brasil a 91,6% do PIB em 2019"},"content":{"rendered":"<p>O <strong>Monitor<\/strong>\u00a0<strong>Fiscal<\/strong> do\u00a0<a href=\"https:\/\/www.suno.com.br\/artigos\/fmi\/\">Fundo Monet\u00e1rio Internacional (FMI)<\/a> divulgou, nesta quarta-feira (16), que a <strong><a href=\"https:\/\/www.suno.com.br\/artigos\/divida-publica\/\">d\u00edvida bruta<\/a>,<\/strong> em 2019, alcan\u00e7ar\u00e1 91,6% do <strong><a href=\"https:\/\/www.suno.com.br\/artigos\/o-produto-interno-bruto-pib\/\">Produto Interno Bruto (PIB)<\/a><\/strong>, 1,2% acima dos 90,4% divulgados na previs\u00e3o de abril deste ano.<\/p>\t<div class=\"wrapper-featured-image\">\n\t\t<figure class=\"spotlightImg\">\n\n\t\t\t<picture>\n\t\t\t\t<source media=\"(max-width: 768px)\" srcset=\"https:\/\/files.sunoresearch.com.br\/n\/uploads\/2019\/10\/b98fa605-fmi-400x200.webp\">\n\t\t\t\t<img loading=\"lazy\" decoding=\"async\" class=\"newsContent__article__imgCapa lazyloadDisabled newsContent__article__imgCapa--noCaption\" src=\"https:\/\/files.sunoresearch.com.br\/n\/uploads\/2019\/10\/b98fa605-fmi-800x450.webp\" width=\"800\" height=\"450\" alt=\"FMI projeta d\u00edvida bruta do Brasil a 91,6% do PIB em 2019\" fetchpriority=high \/>\n\t\t\t<\/picture>\n\n\t\t\t<figcaption class=\"wp-caption-text wp-caption-text--hide\">FMI revisou para cima proje\u00e7\u00e3o do PIB brasileiro -  Foto: reprodu\u00e7\u00e3o<\/figcaption>\n\t\t<\/figure>\n\t<\/div>\n\n\n<p>A trajet\u00f3ria prevista pelo\u00a0<strong>FMI<\/strong>\u00a0para a\u00a0<strong>d\u00edvida<\/strong>\u00a0<strong>bruta<\/strong>\u00a0do Brasil melhorar\u00e1 ligeiramente em 2022. Contudo, mesmo com a boa not\u00edcia, as estimativas sobem anualmente at\u00e9 2024, quando a d\u00edvida estar\u00e1, com folga, acima dos 90%.<\/p>\n\n<p>Segundo o <strong>FMI, <\/strong>as previs\u00f5es s\u00e3o as seguintes:<\/p>\n<ul>\n<li>em <strong>2020,<\/strong> a <strong>d\u00edvida<\/strong> <strong>bruta<\/strong> atingir\u00e1 93,9% do <strong>PIB<\/strong> (a previs\u00e3o anterior era de 92,4%);<\/li>\n<li>em <strong>2021,<\/strong> ser\u00e1 de 94,1% (0,4% abaixo do projetado em abril);<\/li>\n<li>em <strong>2022,<\/strong> a proje\u00e7\u00e3o cair\u00e1 de 95,6% para 95,3%;<\/li>\n<li>em <strong>2023,<\/strong> cai de 96% para 95%;<\/li>\n<li>J\u00e1 em <strong>2024,<\/strong> h\u00e1 uma forte queda, de 97,6% para 94,9%.<\/li>\n<\/ul>\n<p>Ainda de acordo com os cen\u00e1rios planejados pelo <strong>FMI,<\/strong> o <strong>Brasil<\/strong> seguir\u00e1 com a maior <strong>d\u00edvida bruta<\/strong> em propor\u00e7\u00e3o ao <strong>PIB<\/strong> entre os pa\u00edses emergentes. A m\u00e9dia das proje\u00e7\u00f5es para o grupo de pa\u00edses \u00e9 de 53,8% do PIB para este ano e 63,9% para 2024. Na <strong>Am\u00e9rica Latina,<\/strong> a d\u00edvida bruta \u00e9 prevista a 71,7% do PIB em 2019, 71,3% em 2020, chegando a 2024 com 69,1%. O Brasil \u00e9 o pior pa\u00eds em m\u00e9dia na Am\u00e9rica Latina em rela\u00e7\u00e3o \u00e0 d\u00edvida bruta esperada.<\/p>\n<h2>Guerra comercial e FMI<\/h2>\n<p>A economista-chefe do <strong>FMI<\/strong>, <strong>Gita Gopinath,<\/strong> afirmou. na \u00faltima ter\u00e7a-feira, que a <strong>guerra comercial<\/strong> diminuir\u00e1 o Produto Interno Bruto (<strong>PIB<\/strong>) global at\u00e9 2020.<\/p>\n\t<p>\n\t\t<a href=\"https:\/\/lp.suno.com.br\/suno-one\/?utm_campaign=_SNC6964518A_\" target=\"_blank\" data-element=\"shortcode-suno-banner\" title=\"Banner SUNO, clique e saiba mais\">\n\t\t\t<picture>\n\t\t\t\t<source media=\"(max-width: 500px)\" srcset=\"https:\/\/files.sunoresearch.com.br\/n\/uploads\/2025\/09\/400x300-Suno-One-png.webp\">\n\t\t\t\t<img class=\"newsContent__article__imgCapa newsContent__article__imgCapa--banner\"\n\t\t\t\t\tsrc=\"https:\/\/files.sunoresearch.com.br\/n\/uploads\/2025\/09\/1420x240-Suno-One-png.webp\"\n\t\t\t\t\tdata-promo-id=\"383121\"\t\t\t\t\t\t\t\t\t\twidth='1420' height='240'\t\t\t\t\talt=\"https:\/\/files.sunoresearch.com.br\/n\/uploads\/2025\/09\/1420x240-Suno-One-png.webp\"\n\t\t\t\t>\n\t\t\t<\/picture>\n\t\t<\/a>\n\t<\/p>\n\n\n<p>De acordo com a economista do <strong>FMI<\/strong>, at\u00e9 o ano que vem, o conflito comercial entre os <strong>Estados Unidos<\/strong> e a <strong>China<\/strong> pode reduzir aproximadamente 0,8 ponto percentual do PIB mundial.<\/p>\n<p>Por conta disso da desacelera\u00e7\u00e3o econ\u00f4mica global, <strong>Gopinath<\/strong> ressaltou que n\u00e3o h\u00e1 espa\u00e7o para &#8216;pol\u00edticas erradas&#8217;.<\/p>\n<p><a href=\"https:\/\/www.suno.com.br\/noticias\/guerra-comercial-reduzir-pib-mundial-diz-fmi\/\">Saiba mais: Guerra comercial reduzir\u00e1 PIB mundial, diz economista-chefe do FMI<\/a><\/p>\n<p>\u201cOs pa\u00edses precisam trabalhar juntos, porque o multilateralismo continua sendo a \u00fanica solu\u00e7\u00e3o para combater as principais quest\u00f5es, como os riscos das mudan\u00e7as clim\u00e1ticas, riscos de seguran\u00e7a cibern\u00e9tica, taxas de evas\u00e3o e as oportunidades e desafios das tecnologias financeiras emergentes\u201d, afirmou a economista-chefe do <strong>FMI.<\/strong><\/p>\n","protected":false},"excerpt":{"rendered":"<p>O Monitor\u00a0Fiscal do\u00a0Fundo Monet\u00e1rio Internacional (FMI) divulgou, nesta quarta-feira (16), que a d\u00edvida bruta, em 2019, alcan\u00e7ar\u00e1 91,6% do Produto Interno Bruto (PIB), 1,2% acima dos 90,4% divulgados na previs\u00e3o de abril deste ano. FMI revisou para cima proje\u00e7\u00e3o do PIB brasileiro &#8211; Foto: reprodu\u00e7\u00e3o A trajet\u00f3ria prevista pelo\u00a0FMI\u00a0para a\u00a0d\u00edvida\u00a0bruta\u00a0do Brasil melhorar\u00e1 ligeiramente em 2022. [&hellip;]<\/p>\n","protected":false},"author":23,"featured_media":41128,"comment_status":"closed","ping_status":"closed","sticky":false,"template":"","format":"standard","meta":[],"categories":[62],"tags":[806,980],"suno_strategy":[],"class_list":["post-41325","post","type-post","status-publish","format-standard","has-post-thumbnail","hentry","category-economia","tag-fundo-monetario-internacional-fmi","tag-guerra-comercial"],"yoast_head":"<!-- This site is optimized with the Yoast SEO plugin v24.4 - https:\/\/yoast.com\/wordpress\/plugins\/seo\/ -->\n<title>FMI projeta d\u00edvida bruta do Brasil a 91,6% do PIB em 2019<\/title>\n<meta name=\"description\" content=\"O FMI divulgou que a previs\u00e3o para a d\u00edvida bruta do Brasil melhorar\u00e1 ligeiramente em 2022, mas chegar\u00e1 a 91,6% em 2019. Clique para mais.\" \/>\n<meta name=\"robots\" content=\"index, follow, max-snippet:-1, max-image-preview:large, max-video-preview:-1\" \/>\n<link rel=\"canonical\" href=\"https:\/\/www.suno.com.br\/noticias\/fmi-divida-bruta-brasil-pib-2019\/\" \/>\n<meta property=\"og:locale\" content=\"pt_BR\" \/>\n<meta property=\"og:type\" content=\"article\" \/>\n<meta property=\"og:title\" content=\"FMI projeta d\u00edvida bruta do Brasil a 91,6% do PIB em 2019\" \/>\n<meta property=\"og:description\" content=\"O FMI divulgou que a previs\u00e3o para a d\u00edvida bruta do Brasil melhorar\u00e1 ligeiramente em 2022, mas chegar\u00e1 a 91,6% em 2019. Clique para mais.\" \/>\n<meta property=\"og:url\" content=\"https:\/\/www.suno.com.br\/noticias\/fmi-divida-bruta-brasil-pib-2019\/\" \/>\n<meta property=\"og:site_name\" content=\"Suno Not\u00edcias\" \/>\n<meta property=\"article:publisher\" content=\"https:\/\/facebook.com\/sunoresearch\" \/>\n<meta property=\"og:image\" content=\"https:\/\/files.sunoresearch.com.br\/n\/uploads\/2019\/10\/b98fa605-fmi.jpg\" \/>\n\t<meta property=\"og:image:width\" content=\"1520\" \/>\n\t<meta property=\"og:image:height\" content=\"855\" \/>\n\t<meta property=\"og:image:type\" content=\"image\/jpeg\" \/>\n<meta name=\"author\" content=\"Rafael Lara\" \/>\n<meta name=\"twitter:card\" content=\"summary_large_image\" \/>\n<meta name=\"twitter:creator\" content=\"@sunoresearch\" \/>\n<meta name=\"twitter:site\" content=\"@sunoresearch\" \/>\n<meta name=\"twitter:label1\" content=\"Escrito por\" \/>\n\t<meta name=\"twitter:data1\" content=\"Rafael Lara\" \/>\n\t<meta name=\"twitter:label2\" content=\"Est. tempo de leitura\" \/>\n\t<meta name=\"twitter:data2\" content=\"2 minutos\" \/>\n<script type=\"application\/ld+json\" class=\"yoast-schema-graph\">{\"@context\":\"https:\/\/schema.org\",\"@graph\":[{\"@type\":\"NewsArticle\",\"@id\":\"https:\/\/www.suno.com.br\/noticias\/fmi-divida-bruta-brasil-pib-2019\/#article\",\"isPartOf\":{\"@id\":\"https:\/\/www.suno.com.br\/noticias\/fmi-divida-bruta-brasil-pib-2019\/\"},\"author\":{\"name\":\"Rafael Lara\",\"@id\":\"https:\/\/www.suno.com.br\/noticias\/#\/schema\/person\/098743caeed97b37f51315c9576c4078\"},\"headline\":\"FMI projeta d\u00edvida bruta do Brasil a 91,6% do PIB em 2019\",\"datePublished\":\"2019-10-16T20:00:02+00:00\",\"dateModified\":\"2019-10-16T23:41:02+00:00\",\"mainEntityOfPage\":{\"@id\":\"https:\/\/www.suno.com.br\/noticias\/fmi-divida-bruta-brasil-pib-2019\/\"},\"wordCount\":367,\"publisher\":{\"@id\":\"https:\/\/www.suno.com.br\/noticias\/#organization\"},\"image\":{\"@id\":\"https:\/\/www.suno.com.br\/noticias\/fmi-divida-bruta-brasil-pib-2019\/#primaryimage\"},\"thumbnailUrl\":\"https:\/\/files.sunoresearch.com.br\/n\/uploads\/2019\/10\/b98fa605-fmi-jpg.webp\",\"keywords\":[\"Fundo Monet\u00e1rio Internacional (FMI)\",\"guerra comercial\"],\"articleSection\":[\"Economia\"],\"inLanguage\":\"pt-BR\"},{\"@type\":\"WebPage\",\"@id\":\"https:\/\/www.suno.com.br\/noticias\/fmi-divida-bruta-brasil-pib-2019\/\",\"url\":\"https:\/\/www.suno.com.br\/noticias\/fmi-divida-bruta-brasil-pib-2019\/\",\"name\":\"FMI projeta d\u00edvida bruta do Brasil a 91,6% do PIB em 2019\",\"isPartOf\":{\"@id\":\"https:\/\/www.suno.com.br\/noticias\/#website\"},\"primaryImageOfPage\":{\"@id\":\"https:\/\/www.suno.com.br\/noticias\/fmi-divida-bruta-brasil-pib-2019\/#primaryimage\"},\"image\":{\"@id\":\"https:\/\/www.suno.com.br\/noticias\/fmi-divida-bruta-brasil-pib-2019\/#primaryimage\"},\"thumbnailUrl\":\"https:\/\/files.sunoresearch.com.br\/n\/uploads\/2019\/10\/b98fa605-fmi-jpg.webp\",\"datePublished\":\"2019-10-16T20:00:02+00:00\",\"dateModified\":\"2019-10-16T23:41:02+00:00\",\"description\":\"O FMI divulgou que a previs\u00e3o para a d\u00edvida bruta do Brasil melhorar\u00e1 ligeiramente em 2022, mas chegar\u00e1 a 91,6% em 2019. Clique para mais.\",\"breadcrumb\":{\"@id\":\"https:\/\/www.suno.com.br\/noticias\/fmi-divida-bruta-brasil-pib-2019\/#breadcrumb\"},\"inLanguage\":\"pt-BR\",\"potentialAction\":[{\"@type\":\"ReadAction\",\"target\":[\"https:\/\/www.suno.com.br\/noticias\/fmi-divida-bruta-brasil-pib-2019\/\"]}]},{\"@type\":\"ImageObject\",\"inLanguage\":\"pt-BR\",\"@id\":\"https:\/\/www.suno.com.br\/noticias\/fmi-divida-bruta-brasil-pib-2019\/#primaryimage\",\"url\":\"https:\/\/files.sunoresearch.com.br\/n\/uploads\/2019\/10\/b98fa605-fmi-jpg.webp\",\"contentUrl\":\"https:\/\/files.sunoresearch.com.br\/n\/uploads\/2019\/10\/b98fa605-fmi-jpg.webp\",\"width\":1520,\"height\":855,\"caption\":\"FMI revisou para cima proje\u00e7\u00e3o do PIB brasileiro - Foto: reprodu\u00e7\u00e3o\"},{\"@type\":\"BreadcrumbList\",\"@id\":\"https:\/\/www.suno.com.br\/noticias\/fmi-divida-bruta-brasil-pib-2019\/#breadcrumb\",\"itemListElement\":[{\"@type\":\"ListItem\",\"position\":1,\"name\":\"Not\u00edcias\",\"item\":\"https:\/\/www.suno.com.br\/noticias\/\"},{\"@type\":\"ListItem\",\"position\":2,\"name\":\"Economia\",\"item\":\"https:\/\/www.suno.com.br\/noticias\/economia\/\"},{\"@type\":\"ListItem\",\"position\":3,\"name\":\"FMI projeta d\u00edvida bruta do Brasil a 91,6% do PIB em 2019\"}]},{\"@type\":\"WebSite\",\"@id\":\"https:\/\/www.suno.com.br\/noticias\/#website\",\"url\":\"https:\/\/www.suno.com.br\/noticias\/\",\"name\":\"Suno Not\u00edcias\",\"description\":\"Seu portal de informa\u00e7\u00e3o sobre o mundo dos investimentos\",\"publisher\":{\"@id\":\"https:\/\/www.suno.com.br\/noticias\/#organization\"},\"potentialAction\":[{\"@type\":\"SearchAction\",\"target\":{\"@type\":\"EntryPoint\",\"urlTemplate\":\"https:\/\/www.suno.com.br\/noticias\/?s={search_term_string}\"},\"query-input\":{\"@type\":\"PropertyValueSpecification\",\"valueRequired\":true,\"valueName\":\"search_term_string\"}}],\"inLanguage\":\"pt-BR\"},{\"@type\":\"Organization\",\"@id\":\"https:\/\/www.suno.com.br\/noticias\/#organization\",\"name\":\"Suno Not\u00edcias\",\"url\":\"https:\/\/www.suno.com.br\/noticias\/\",\"logo\":{\"@type\":\"ImageObject\",\"inLanguage\":\"pt-BR\",\"@id\":\"https:\/\/www.suno.com.br\/noticias\/#\/schema\/logo\/image\/\",\"url\":\"https:\/\/files.sunoresearch.com.br\/n\/uploads\/2021\/09\/suno-logo.png\",\"contentUrl\":\"https:\/\/files.sunoresearch.com.br\/n\/uploads\/2021\/09\/suno-logo.png\",\"width\":180,\"height\":180,\"caption\":\"Suno Not\u00edcias\"},\"image\":{\"@id\":\"https:\/\/www.suno.com.br\/noticias\/#\/schema\/logo\/image\/\"},\"sameAs\":[\"https:\/\/facebook.com\/sunoresearch\",\"https:\/\/x.com\/sunoresearch\",\"https:\/\/www.instagram.com\/suno\",\"https:\/\/www.linkedin.com\/company\/suno-research\/\",\"https:\/\/www.youtube.com\/c\/sunoresearch\"]},{\"@type\":\"Person\",\"@id\":\"https:\/\/www.suno.com.br\/noticias\/#\/schema\/person\/098743caeed97b37f51315c9576c4078\",\"name\":\"Rafael Lara\",\"image\":{\"@type\":\"ImageObject\",\"inLanguage\":\"pt-BR\",\"@id\":\"https:\/\/www.suno.com.br\/noticias\/#\/schema\/person\/image\/\",\"url\":\"https:\/\/secure.gravatar.com\/avatar\/dfc254ab9bb2ea1895d98b9e9dae4bdd?s=96&r=g\",\"contentUrl\":\"https:\/\/secure.gravatar.com\/avatar\/dfc254ab9bb2ea1895d98b9e9dae4bdd?s=96&r=g\",\"caption\":\"Rafael Lara\"},\"description\":\"Rafael Lara cursa jornalismo na Faculdade C\u00e1sper L\u00edbero. Escreve sobre pol\u00edtica, economia e neg\u00f3cios para o portal Suno Not\u00edcias. Antes, colaborou na TV Gazeta na produ\u00e7\u00e3o do programa Edi\u00e7\u00e3o Extra.\",\"url\":\"https:\/\/www.suno.com.br\/noticias\/author\/rafael\/\"}]}<\/script>\n<!-- \/ Yoast SEO plugin. -->","yoast_head_json":{"title":"FMI projeta d\u00edvida bruta do Brasil a 91,6% do PIB em 2019","description":"O FMI divulgou que a previs\u00e3o para a d\u00edvida bruta do Brasil melhorar\u00e1 ligeiramente em 2022, mas chegar\u00e1 a 91,6% em 2019. Clique para mais.","robots":{"index":"index","follow":"follow","max-snippet":"max-snippet:-1","max-image-preview":"max-image-preview:large","max-video-preview":"max-video-preview:-1"},"canonical":"https:\/\/www.suno.com.br\/noticias\/fmi-divida-bruta-brasil-pib-2019\/","og_locale":"pt_BR","og_type":"article","og_title":"FMI projeta d\u00edvida bruta do Brasil a 91,6% do PIB em 2019","og_description":"O FMI divulgou que a previs\u00e3o para a d\u00edvida bruta do Brasil melhorar\u00e1 ligeiramente em 2022, mas chegar\u00e1 a 91,6% em 2019. Clique para mais.","og_url":"https:\/\/www.suno.com.br\/noticias\/fmi-divida-bruta-brasil-pib-2019\/","og_site_name":"Suno Not\u00edcias","article_publisher":"https:\/\/facebook.com\/sunoresearch","og_image":[{"width":1520,"height":855,"url":"https:\/\/files.sunoresearch.com.br\/n\/uploads\/2019\/10\/b98fa605-fmi.jpg","type":"image\/jpeg"}],"author":"Rafael Lara","twitter_card":"summary_large_image","twitter_creator":"@sunoresearch","twitter_site":"@sunoresearch","twitter_misc":{"Escrito por":"Rafael Lara","Est. tempo de leitura":"2 minutos"},"schema":{"@context":"https:\/\/schema.org","@graph":[{"@type":"NewsArticle","@id":"https:\/\/www.suno.com.br\/noticias\/fmi-divida-bruta-brasil-pib-2019\/#article","isPartOf":{"@id":"https:\/\/www.suno.com.br\/noticias\/fmi-divida-bruta-brasil-pib-2019\/"},"author":{"name":"Rafael Lara","@id":"https:\/\/www.suno.com.br\/noticias\/#\/schema\/person\/098743caeed97b37f51315c9576c4078"},"headline":"FMI projeta d\u00edvida bruta do Brasil a 91,6% do PIB em 2019","datePublished":"2019-10-16T20:00:02+00:00","dateModified":"2019-10-16T23:41:02+00:00","mainEntityOfPage":{"@id":"https:\/\/www.suno.com.br\/noticias\/fmi-divida-bruta-brasil-pib-2019\/"},"wordCount":367,"publisher":{"@id":"https:\/\/www.suno.com.br\/noticias\/#organization"},"image":{"@id":"https:\/\/www.suno.com.br\/noticias\/fmi-divida-bruta-brasil-pib-2019\/#primaryimage"},"thumbnailUrl":"https:\/\/files.sunoresearch.com.br\/n\/uploads\/2019\/10\/b98fa605-fmi-jpg.webp","keywords":["Fundo Monet\u00e1rio Internacional (FMI)","guerra comercial"],"articleSection":["Economia"],"inLanguage":"pt-BR"},{"@type":"WebPage","@id":"https:\/\/www.suno.com.br\/noticias\/fmi-divida-bruta-brasil-pib-2019\/","url":"https:\/\/www.suno.com.br\/noticias\/fmi-divida-bruta-brasil-pib-2019\/","name":"FMI projeta d\u00edvida bruta do Brasil a 91,6% do PIB em 2019","isPartOf":{"@id":"https:\/\/www.suno.com.br\/noticias\/#website"},"primaryImageOfPage":{"@id":"https:\/\/www.suno.com.br\/noticias\/fmi-divida-bruta-brasil-pib-2019\/#primaryimage"},"image":{"@id":"https:\/\/www.suno.com.br\/noticias\/fmi-divida-bruta-brasil-pib-2019\/#primaryimage"},"thumbnailUrl":"https:\/\/files.sunoresearch.com.br\/n\/uploads\/2019\/10\/b98fa605-fmi-jpg.webp","datePublished":"2019-10-16T20:00:02+00:00","dateModified":"2019-10-16T23:41:02+00:00","description":"O FMI divulgou que a previs\u00e3o para a d\u00edvida bruta do Brasil melhorar\u00e1 ligeiramente em 2022, mas chegar\u00e1 a 91,6% em 2019. Clique para mais.","breadcrumb":{"@id":"https:\/\/www.suno.com.br\/noticias\/fmi-divida-bruta-brasil-pib-2019\/#breadcrumb"},"inLanguage":"pt-BR","potentialAction":[{"@type":"ReadAction","target":["https:\/\/www.suno.com.br\/noticias\/fmi-divida-bruta-brasil-pib-2019\/"]}]},{"@type":"ImageObject","inLanguage":"pt-BR","@id":"https:\/\/www.suno.com.br\/noticias\/fmi-divida-bruta-brasil-pib-2019\/#primaryimage","url":"https:\/\/files.sunoresearch.com.br\/n\/uploads\/2019\/10\/b98fa605-fmi-jpg.webp","contentUrl":"https:\/\/files.sunoresearch.com.br\/n\/uploads\/2019\/10\/b98fa605-fmi-jpg.webp","width":1520,"height":855,"caption":"FMI revisou para cima proje\u00e7\u00e3o do PIB brasileiro - Foto: reprodu\u00e7\u00e3o"},{"@type":"BreadcrumbList","@id":"https:\/\/www.suno.com.br\/noticias\/fmi-divida-bruta-brasil-pib-2019\/#breadcrumb","itemListElement":[{"@type":"ListItem","position":1,"name":"Not\u00edcias","item":"https:\/\/www.suno.com.br\/noticias\/"},{"@type":"ListItem","position":2,"name":"Economia","item":"https:\/\/www.suno.com.br\/noticias\/economia\/"},{"@type":"ListItem","position":3,"name":"FMI projeta d\u00edvida bruta do Brasil a 91,6% do PIB em 2019"}]},{"@type":"WebSite","@id":"https:\/\/www.suno.com.br\/noticias\/#website","url":"https:\/\/www.suno.com.br\/noticias\/","name":"Suno Not\u00edcias","description":"Seu portal de informa\u00e7\u00e3o sobre o mundo dos investimentos","publisher":{"@id":"https:\/\/www.suno.com.br\/noticias\/#organization"},"potentialAction":[{"@type":"SearchAction","target":{"@type":"EntryPoint","urlTemplate":"https:\/\/www.suno.com.br\/noticias\/?s={search_term_string}"},"query-input":{"@type":"PropertyValueSpecification","valueRequired":true,"valueName":"search_term_string"}}],"inLanguage":"pt-BR"},{"@type":"Organization","@id":"https:\/\/www.suno.com.br\/noticias\/#organization","name":"Suno Not\u00edcias","url":"https:\/\/www.suno.com.br\/noticias\/","logo":{"@type":"ImageObject","inLanguage":"pt-BR","@id":"https:\/\/www.suno.com.br\/noticias\/#\/schema\/logo\/image\/","url":"https:\/\/files.sunoresearch.com.br\/n\/uploads\/2021\/09\/suno-logo.png","contentUrl":"https:\/\/files.sunoresearch.com.br\/n\/uploads\/2021\/09\/suno-logo.png","width":180,"height":180,"caption":"Suno Not\u00edcias"},"image":{"@id":"https:\/\/www.suno.com.br\/noticias\/#\/schema\/logo\/image\/"},"sameAs":["https:\/\/facebook.com\/sunoresearch","https:\/\/x.com\/sunoresearch","https:\/\/www.instagram.com\/suno","https:\/\/www.linkedin.com\/company\/suno-research\/","https:\/\/www.youtube.com\/c\/sunoresearch"]},{"@type":"Person","@id":"https:\/\/www.suno.com.br\/noticias\/#\/schema\/person\/098743caeed97b37f51315c9576c4078","name":"Rafael Lara","image":{"@type":"ImageObject","inLanguage":"pt-BR","@id":"https:\/\/www.suno.com.br\/noticias\/#\/schema\/person\/image\/","url":"https:\/\/secure.gravatar.com\/avatar\/dfc254ab9bb2ea1895d98b9e9dae4bdd?s=96&r=g","contentUrl":"https:\/\/secure.gravatar.com\/avatar\/dfc254ab9bb2ea1895d98b9e9dae4bdd?s=96&r=g","caption":"Rafael Lara"},"description":"Rafael Lara cursa jornalismo na Faculdade C\u00e1sper L\u00edbero. Escreve sobre pol\u00edtica, economia e neg\u00f3cios para o portal Suno Not\u00edcias. Antes, colaborou na TV Gazeta na produ\u00e7\u00e3o do programa Edi\u00e7\u00e3o Extra.","url":"https:\/\/www.suno.com.br\/noticias\/author\/rafael\/"}]}},"default_loop_html":"<div class=\"cardsPage__listCard__boxs\"><div class=\"cardsPage__listCard__boxs__img\"><a href=\"https:\/\/www.suno.com.br\/noticias\/fmi-divida-bruta-brasil-pib-2019\/\"><img class=\"mask\" src=\"https:\/\/www.suno.com.br\/noticias\/wp-content\/themes\/suno\/resources\/images\/spotlight\/spotlight1img\/bg-mask.png\" alt=\"Image Mask\"\/><img src=\"https:\/\/files.sunoresearch.com.br\/n\/uploads\/2019\/10\/b98fa605-fmi-400x200.webp\" alt=\"FMI projeta d\u00edvida bruta do Brasil a 91,6% do PIB em 2019\"\/><\/a><span class=\"spotlightCategory\"><a href=\"https:\/\/www.suno.com.br\/noticias\/economia\/\">Economia<\/a><\/span><\/div><div class=\"cardsPage__listCard__boxs__content\"><a href=\"https:\/\/www.suno.com.br\/noticias\/fmi-divida-bruta-brasil-pib-2019\/\"><h2 class=\"content__title\">FMI projeta d\u00edvida bruta do Brasil a 91,6% do PIB em 2019<\/h2><\/a><div class=\"newsContent__article__meta\"><div class=\"newsContent__article__meta__authorBox\"><a href=\"https:\/\/www.suno.com.br\/noticias\/author\/rafael\/\" class=\"authorBox__avatar noMobi\"><img src=\"https:\/\/secure.gravatar.com\/avatar\/dfc254ab9bb2ea1895d98b9e9dae4bdd?s=96&#038;r=g\" alt=\"Rafael Lara\"><\/a><div class=\"authorBox__name\"><span>por\n\t\t\t<a href=\"https:\/\/www.suno.com.br\/noticias\/author\/rafael\/\"><span itemprop=\"author\">Rafael Lara<\/span><\/a><\/span><time datetime=\"2019-10-16T17:00:02-03:00\" itemprop=\"datePublished\">16\/10\/2019 17:00<\/time><\/div><\/div><\/div><\/div><\/div>","single_layout":"posts","amp_enabled":true,"_links":{"self":[{"href":"https:\/\/www.suno.com.br\/noticias\/wp-json\/wp\/v2\/posts\/41325"}],"collection":[{"href":"https:\/\/www.suno.com.br\/noticias\/wp-json\/wp\/v2\/posts"}],"about":[{"href":"https:\/\/www.suno.com.br\/noticias\/wp-json\/wp\/v2\/types\/post"}],"author":[{"embeddable":true,"href":"https:\/\/www.suno.com.br\/noticias\/wp-json\/wp\/v2\/users\/23"}],"replies":[{"embeddable":true,"href":"https:\/\/www.suno.com.br\/noticias\/wp-json\/wp\/v2\/comments?post=41325"}],"version-history":[{"count":0,"href":"https:\/\/www.suno.com.br\/noticias\/wp-json\/wp\/v2\/posts\/41325\/revisions"}],"wp:featuredmedia":[{"embeddable":true,"href":"https:\/\/www.suno.com.br\/noticias\/wp-json\/wp\/v2\/media\/41128"}],"wp:attachment":[{"href":"https:\/\/www.suno.com.br\/noticias\/wp-json\/wp\/v2\/media?parent=41325"}],"wp:term":[{"taxonomy":"category","embeddable":true,"href":"https:\/\/www.suno.com.br\/noticias\/wp-json\/wp\/v2\/categories?post=41325"},{"taxonomy":"post_tag","embeddable":true,"href":"https:\/\/www.suno.com.br\/noticias\/wp-json\/wp\/v2\/tags?post=41325"},{"taxonomy":"suno_strategy","embeddable":true,"href":"https:\/\/www.suno.com.br\/noticias\/wp-json\/wp\/v2\/suno_strategy?post=41325"}],"curies":[{"name":"wp","href":"https:\/\/api.w.org\/{rel}","templated":true}]}}