{"id":412921,"date":"2023-06-05T07:50:05","date_gmt":"2023-06-05T10:50:05","guid":{"rendered":"https:\/\/www.suno.com.br\/noticias\/?p=412921"},"modified":"2023-06-05T08:03:20","modified_gmt":"2023-06-05T11:03:20","slug":"senado-zanin-indicacao-stf","status":"publish","type":"post","link":"https:\/\/www.suno.com.br\/noticias\/senado-zanin-indicacao-stf\/","title":{"rendered":"Reforma tribut\u00e1ria e discuss\u00e3o sobre indica\u00e7\u00e3o de Zanin no STF dominam agenda desta semana"},"content":{"rendered":"<p class=\"has-text-align-left\">Numa semana mais curta por causa do feriado de Corpus Christi, na pr\u00f3xima quinta-feira (8),&nbsp;dois assuntos dominar\u00e3o o Congresso. Na C\u00e2mara dos Deputados, o grupo de trabalho que discutiu a <a class=\"suno-keyword\" data-force=\"no\" data-priority=\"2\" href=\"https:\/\/www.suno.com.br\/artigos\/reforma-tributaria\/\" target=\"_blank\" rel=\"noopener\">reforma tribut\u00e1ria<\/a> apresentar\u00e1 o relat\u00f3rio das atividades. No Senado, a Comiss\u00e3o de Constitui\u00e7\u00e3o e Justi\u00e7a (CCJ) come\u00e7ar\u00e1 a discutir a indica\u00e7\u00e3o do advogado <strong><a href=\"https:\/\/www.suno.com.br\/noticias\/pacheco-confirma-lula-cristiano-zanin-stf-ministro\/\" target=\"_blank\" rel=\"noreferrer noopener\">Cristiano Zanin<\/a><\/strong> para a vaga de ministro do <a href=\"https:\/\/portal.stf.jus.br\/\" target=\"_blank\" rel=\"noreferrer noopener\">Supremo Tribunal Federal (STF)<\/a>.<img decoding=\"async\" style=\"width: 1px; height: 1px;\" src=\"https:\/\/agenciabrasil.ebc.com.br\/ebc.png?id=1536826&amp;o=rss\"><img decoding=\"async\" style=\"width: 1px; height: 1px;\" src=\"https:\/\/agenciabrasil.ebc.com.br\/ebc.gif?id=1536826&amp;o=rss\"><\/p><div class=\"videoFull \">\n\t\t\t<div class=\"videoWrapper yt-lazyload center\"\n\t\t\t\tdata-width=\"960\"\n\t\t\t\tdata-height=\"540\"\n\t\t\t\tdata-id=\"SWVF-MQa-tc\"\n\t\t\t\tdata-alt=\"V\u00eddeo do YouTube - clique para reproduzir\"\n\t\t\t\tdata-logo=\"3\"\n\t\t\t\tdata-imagequality=\"maxres\">\n\t\t\t<\/div>\n\t\t<\/div><script type=\"application\/ld+json\">{\"@context\":\"https:\/\/schema.org\",\"@type\":\"VideoObject\",\"name\":\"Vale (VALE3) dispara 4% | Ibovespa vai aos 112 mil pontos e tem 6\u00aa semana de alta | D\u00f3lar a R$ 4,95\",\"description\":\"#vale3 #vale #china #mercadofinanceiro #investimentos #bolsadevalores #ibovespa #d\u00f3lar #livedas19h O Ibovespa fechou o preg\u00e3o de hoje (2) com uma alta de 1,80%, alcan\u00e7ando os 112.588 pontos. A m\u00e1xima do dia ultrapassou os 113 mil pontos, enquanto a m\u00ednima foi de 110.567 pontos. Na semana, o \u00edndice avan\u00e7ou 1,52% e registrou o 6\u00ba ganho semanal seguido.\u2026\",\"duration\":\"PT25M25S\",\"embedUrl\":\"https:\/\/www.youtube.com\/embed\/SWVF-MQa-tc\",\"regionsAllowed\":\"pt-BR\",\"interactionStatistic\":{\"@type\":\"InteractionCounter\",\"interactionType\":{\"@type\":\"WatchAction\"},\"userInteractionCount\":3870},\"thumbnailUrl\":\"https:\/\/i.ytimg.com\/vi\/SWVF-MQa-tc\/default.jpg\",\"uploadDate\":\"2023-06-02T22:42:14Z\"}<\/script>\n\n<p class=\"has-text-align-left\">Numa semana mais curta por causa do feriado de Corpus Christi, na pr\u00f3xima quinta-feira (8),&nbsp;dois assuntos dominar\u00e3o o Congresso. Na C\u00e2mara dos Deputados, o grupo de trabalho que discutiu a <a class=\"suno-keyword\" data-force=\"no\" data-priority=\"2\" href=\"https:\/\/www.suno.com.br\/artigos\/reforma-tributaria\/\" target=\"_blank\" rel=\"noopener\">reforma tribut\u00e1ria<\/a> apresentar\u00e1 o relat\u00f3rio das atividades. No Senado, a Comiss\u00e3o de Constitui\u00e7\u00e3o e Justi\u00e7a (CCJ) come\u00e7ar\u00e1 a discutir a indica\u00e7\u00e3o do advogado <strong><a href=\"https:\/\/www.suno.com.br\/noticias\/pacheco-confirma-lula-cristiano-zanin-stf-ministro\/\" target=\"_blank\" rel=\"noreferrer noopener\">Cristiano Zanin<\/a><\/strong> para a vaga de ministro do <a href=\"https:\/\/portal.stf.jus.br\/\" target=\"_blank\" rel=\"noreferrer noopener\">Supremo Tribunal Federal (STF)<\/a>.<img decoding=\"async\" style=\"width: 1px; height: 1px;\" src=\"https:\/\/agenciabrasil.ebc.com.br\/ebc.png?id=1536826&amp;o=rss\"><img decoding=\"async\" style=\"width: 1px; height: 1px;\" src=\"https:\/\/agenciabrasil.ebc.com.br\/ebc.gif?id=1536826&amp;o=rss\"><\/p>\n\n\n\t<p>\n\t\t<a href=\"\" target=\"_blank\" data-element=\"shortcode-suno-banner\" title=\"Banner SUNO, clique e saiba mais\">\n\t\t\t<picture>\n\t\t\t\t<source media=\"(max-width: 500px)\" srcset=\"\">\n\t\t\t\t<img class=\"newsContent__article__imgCapa newsContent__article__imgCapa--banner\"\n\t\t\t\t\tsrc=\"\"\n\t\t\t\t\tdata-promo-id=\"240038\"\t\t\t\t\t\t\t\t\t\t\t\t\t\t\talt=\"\"\n\t\t\t\t>\n\t\t\t<\/picture>\n\t\t<\/a>\n\t<\/p>\n\n\n\n\n\n\n\n\n\n\n\n<p>Aprovada pela C\u00e2mara dos Deputados no \u00faltimo dia 24, a proposta tramita na Comiss\u00e3o de Assuntos Econ\u00f4micos (CAE) do Senado, sob a relatoria do senador Omar Aziz (PSD-AM).<\/p>\n\n\n\n<p>Na ter\u00e7a-feira (6), o relator da reforma tribut\u00e1ria, deputado Aguinaldo Ribeiro (PP-PB), divulgar\u00e1 o relat\u00f3rio do grupo de trabalho que discutiu o tema. Nos \u00faltimos tr\u00eas meses, foram ouvidos ministros, especialistas e o secret\u00e1rio extraordin\u00e1rio da Reforma Tribut\u00e1ria do <a class=\"suno-keyword\" target=\"_blank\" data-force=\"no\" data-priority=\"2\" href=\"https:\/\/www.suno.com.br\/artigos\/ministerio-da-fazenda\/\" rel=\"noopener\">Minist\u00e9rio da Fazenda<\/a>, Bernard Appy.<\/p>\n\n\n\n<p>O relat\u00f3rio, esclareceu Ribeiro na \u00faltima semana, ainda n\u00e3o ser\u00e1 o substitutivo das duas propostas de emenda \u00e0 Constitui\u00e7\u00e3o (PEC) sobre a <a class=\"suno-keyword\" target=\"_blank\" data-force=\"no\" data-priority=\"2\" href=\"https:\/\/www.suno.com.br\/artigos\/reforma-tributaria\/\" rel=\"noopener\">reforma tribut\u00e1ria<\/a> paradas no Congresso. Apenas conter\u00e1 um resumo do que foi discutido no grupo de trabalho, os pontos consensuais e uma hist\u00f3ria de 40 anos de discuss\u00e3o de reforma tribut\u00e1ria.<\/p>\n\n\n\n<p>Segundo a assessoria do parlamentar, o substitutivo s\u00f3 ser\u00e1 apresentado quando for definida uma data para a discuss\u00e3o no plen\u00e1rio da C\u00e2mara. <\/p>\n\n\n\n<p>O principal ponto de consenso consiste na cria\u00e7\u00e3o do Imposto sobre Bens e Servi\u00e7os (IBS). De acordo com Ribeiro, o IBS dever\u00e1 ter duas al\u00edquotas, uma para a Uni\u00e3o e outra para os estados e munic\u00edpios.<\/p>\n\n\n\n<p>Esse imposto unificar\u00e1 tr\u00eas <a class=\"suno-keyword\" target=\"_blank\" data-force=\"no\" data-priority=\"1\" href=\"https:\/\/www.suno.com.br\/artigos\/tributos-federais\/\" rel=\"noopener\">tributos federais<\/a> (Imposto sobre Produtos Industrializados, Programa de Integra\u00e7\u00e3o Social e Contribui\u00e7\u00e3o Social sobre o Financiamento da Seguridade Social), al\u00e9m do Imposto sobre a Circula\u00e7\u00e3o de Mercadorias e Servi\u00e7os (ICMS), arrecadado pelos estados, e do Imposto sobre Servi\u00e7os (ISS), de responsabilidade dos munic\u00edpios. De acordo com o coordenador do grupo de trabalho, deputado Reginaldo Lopes (PT-MG), a ideia \u00e9 votar a <a class=\"suno-keyword\" target=\"_blank\" data-force=\"no\" data-priority=\"2\" href=\"https:\/\/www.suno.com.br\/artigos\/reforma-tributaria\/\" rel=\"noopener\">reforma tribut\u00e1ria<\/a> na C\u00e2mara ainda este m\u00eas.<\/p>\n\n\n\t<p>\n\t\t<a href=\"https:\/\/lp.suno.com.br\/ebook-gratuito-investindo-no-exterior\/\" target=\"_blank\" data-element=\"shortcode-suno-banner\" title=\"Banner SUNO, clique e saiba mais\">\n\t\t\t<picture>\n\t\t\t\t<source media=\"(max-width: 500px)\" srcset=\"https:\/\/files.sunoresearch.com.br\/n\/uploads\/2023\/03\/400x300-Investindo-no-exterior.png\">\n\t\t\t\t<img class=\"newsContent__article__imgCapa newsContent__article__imgCapa--banner\"\n\t\t\t\t\tsrc=\"https:\/\/files.sunoresearch.com.br\/n\/uploads\/2023\/03\/1420x240-Investindo-no-exterior.png\"\n\t\t\t\t\tdata-promo-id=\"383161\"\t\t\t\t\t\t\t\t\t\twidth='1420' height='240'\t\t\t\t\talt=\"https:\/\/files.sunoresearch.com.br\/n\/uploads\/2023\/03\/1420x240-Investindo-no-exterior.png\"\n\t\t\t\t>\n\t\t\t<\/picture>\n\t\t<\/a>\n\t<\/p>\n\n\n\n\n\n<h2 class=\"wp-block-heading\">Zanin e a vaga para o STF<\/h2>\n\n\n\n<p>No Senado, o principal destaque ser\u00e1 o in\u00edcio da tramita\u00e7\u00e3o da indica\u00e7\u00e3o do advogado Cristiano Zanin para o Supremo Tribunal Federal (STF). Indicado na \u00faltima quinta-feira (1\u00ba) pelo <strong>presidente Luiz In\u00e1cio Lula da Silva<\/strong>, Zanin ocupar\u00e1 a vaga aberta pela aposentadoria do ministro Ricardo Lewandowski, caso tenha o nome aprovado.<\/p>\n\n\n\n<p>Na semana passada, o presidente do Senado, Rodrigo Pacheco &nbsp;(PSD-MG), disse que existe a possibilidade de a <strong>CCJ sabatinar Zanin ainda esta semana<\/strong>.<\/p>\n\n\n\n<p>A indica\u00e7\u00e3o precisa ser aprovada pela comiss\u00e3o para ir ao plen\u00e1rio do Senado, mas Pacheco disse que a tramita\u00e7\u00e3o s\u00f3 deve prosseguir depois do feriado de Corpus Christi.<\/p>\n\n\n\n<p>Em rela\u00e7\u00e3o ao novo arcabou\u00e7o fiscal, Pacheco informou que o in\u00edcio dos trabalhos na CAE dever\u00e1 ficar para depois do feriado. No entanto, comprometeu-se a concluir a vota\u00e7\u00e3o da proposta ainda este m\u00eas.<\/p>\n\n\n\n<p>\u201c\u00c9 muito importante entregar [o projeto] no decorrer de junho. Semana que vem tem feriado, \u00e9 dif\u00edcil ter a aprecia\u00e7\u00e3o do arcabou\u00e7o. Mas j\u00e1 na semana do dia 12 \u00e9 muito importante que se iniciem os trabalhos na CAE. Votando na CAE, a gente leva imediatamente ao plen\u00e1rio\u201d, declarou Pacheco na \u00faltima quinta-feira.<\/p>\n\n\n\n<p><em>Com Ag\u00eancia Brasil, Ag\u00eancia C\u00e2mara e Ag\u00eancia Senado<\/em><\/p>\n\n\n\t<p>\n\t\t<a href=\"https:\/\/lp.suno.com.br\/suno-one\/?utm_campaign=_SNC6964518A_\" target=\"_blank\" data-element=\"shortcode-suno-banner\" title=\"Banner SUNO, clique e saiba mais\">\n\t\t\t<picture>\n\t\t\t\t<source media=\"(max-width: 500px)\" srcset=\"https:\/\/files.sunoresearch.com.br\/n\/uploads\/2025\/09\/400x300-Suno-One-png.webp\">\n\t\t\t\t<img class=\"newsContent__article__imgCapa newsContent__article__imgCapa--banner\"\n\t\t\t\t\tsrc=\"https:\/\/files.sunoresearch.com.br\/n\/uploads\/2025\/09\/1420x240-Suno-One-png.webp\"\n\t\t\t\t\tdata-promo-id=\"383121\"\t\t\t\t\t\t\t\t\t\twidth='1420' height='240'\t\t\t\t\talt=\"https:\/\/files.sunoresearch.com.br\/n\/uploads\/2025\/09\/1420x240-Suno-One-png.webp\"\n\t\t\t\t>\n\t\t\t<\/picture>\n\t\t<\/a>\n\t<\/p>\n\n\n","protected":false},"excerpt":{"rendered":"<p>Numa semana mais curta por causa do feriado de Corpus Christi, na pr\u00f3xima quinta-feira (8),&nbsp;dois assuntos dominar\u00e3o o Congresso. Na C\u00e2mara dos Deputados, o grupo de trabalho que discutiu a reforma tribut\u00e1ria apresentar\u00e1 o relat\u00f3rio das atividades. No Senado, a Comiss\u00e3o de Constitui\u00e7\u00e3o e Justi\u00e7a (CCJ) come\u00e7ar\u00e1 a discutir a indica\u00e7\u00e3o do advogado Cristiano Zanin [&hellip;]<\/p>\n","protected":false},"author":73,"featured_media":355763,"comment_status":"closed","ping_status":"closed","sticky":false,"template":"","format":"standard","meta":[],"categories":[61],"tags":[106444,901,785],"suno_strategy":[],"class_list":["post-412921","post","type-post","status-publish","format-standard","has-post-thumbnail","hentry","category-politica","tag-agencias","tag-congresso-nacional","tag-supremo-tribunal-federal-stf"],"yoast_head":"<!-- This site is optimized with the Yoast SEO plugin v24.4 - https:\/\/yoast.com\/wordpress\/plugins\/seo\/ -->\n<title>Senado discutir\u00e1 indica\u00e7\u00e3o de Zanin ao STF nesta semana; veja<\/title>\n<meta name=\"description\" content=\"Presidente do Senado, Rodrigo Pacheco \u00a0(PSD-MG), disse que existe a possibilidade de a CCJ sabatinar Zanin ainda esta semana.\" \/>\n<meta name=\"robots\" content=\"index, follow, max-snippet:-1, max-image-preview:large, max-video-preview:-1\" \/>\n<link rel=\"canonical\" href=\"https:\/\/www.suno.com.br\/noticias\/senado-zanin-indicacao-stf\/\" \/>\n<meta property=\"og:locale\" content=\"pt_BR\" \/>\n<meta property=\"og:type\" content=\"article\" \/>\n<meta property=\"og:title\" content=\"Senado discutir\u00e1 indica\u00e7\u00e3o de Zanin ao STF nesta semana; veja\" \/>\n<meta property=\"og:description\" content=\"Presidente do Senado, Rodrigo Pacheco \u00a0(PSD-MG), disse que existe a possibilidade de a CCJ sabatinar Zanin ainda esta semana.\" \/>\n<meta property=\"og:url\" content=\"https:\/\/www.suno.com.br\/noticias\/senado-zanin-indicacao-stf\/\" \/>\n<meta property=\"og:site_name\" content=\"Suno Not\u00edcias\" \/>\n<meta property=\"article:publisher\" content=\"https:\/\/facebook.com\/sunoresearch\" \/>\n<meta property=\"og:image\" content=\"https:\/\/files.sunoresearch.com.br\/n\/uploads\/2023\/01\/americanas-amer3-cristiano-zanin-advogado-reproducao-youtube.jpg\" \/>\n\t<meta property=\"og:image:width\" content=\"1200\" \/>\n\t<meta property=\"og:image:height\" content=\"675\" \/>\n\t<meta property=\"og:image:type\" content=\"image\/jpeg\" \/>\n<meta name=\"author\" content=\"Eduardo Vargas\" \/>\n<meta name=\"twitter:card\" content=\"summary_large_image\" \/>\n<meta name=\"twitter:creator\" content=\"@sunoresearch\" \/>\n<meta name=\"twitter:site\" content=\"@sunoresearch\" \/>\n<meta name=\"twitter:label1\" content=\"Escrito por\" \/>\n\t<meta name=\"twitter:data1\" content=\"Eduardo Vargas\" \/>\n\t<meta name=\"twitter:label2\" content=\"Est. tempo de leitura\" \/>\n\t<meta name=\"twitter:data2\" content=\"4 minutos\" \/>\n<script type=\"application\/ld+json\" class=\"yoast-schema-graph\">{\"@context\":\"https:\/\/schema.org\",\"@graph\":[{\"@type\":\"NewsArticle\",\"@id\":\"https:\/\/www.suno.com.br\/noticias\/senado-zanin-indicacao-stf\/#article\",\"isPartOf\":{\"@id\":\"https:\/\/www.suno.com.br\/noticias\/senado-zanin-indicacao-stf\/\"},\"author\":{\"name\":\"Eduardo Vargas\",\"@id\":\"https:\/\/www.suno.com.br\/noticias\/#\/schema\/person\/7f4d362bf3518e76090143ae77bb49a5\"},\"headline\":\"Reforma tribut\u00e1ria e discuss\u00e3o sobre indica\u00e7\u00e3o de Zanin no STF dominam agenda desta semana\",\"datePublished\":\"2023-06-05T10:50:05+00:00\",\"dateModified\":\"2023-06-05T11:03:20+00:00\",\"mainEntityOfPage\":{\"@id\":\"https:\/\/www.suno.com.br\/noticias\/senado-zanin-indicacao-stf\/\"},\"wordCount\":631,\"publisher\":{\"@id\":\"https:\/\/www.suno.com.br\/noticias\/#organization\"},\"image\":{\"@id\":\"https:\/\/www.suno.com.br\/noticias\/senado-zanin-indicacao-stf\/#primaryimage\"},\"thumbnailUrl\":\"https:\/\/files.sunoresearch.com.br\/n\/uploads\/2023\/01\/americanas-amer3-cristiano-zanin-advogado-reproducao-youtube.jpg\",\"keywords\":[\"Ag\u00eancias\",\"Congresso Nacional\",\"Supremo Tribunal Federal (STF)\"],\"articleSection\":[\"Pol\u00edtica\"],\"inLanguage\":\"pt-BR\"},{\"@type\":\"WebPage\",\"@id\":\"https:\/\/www.suno.com.br\/noticias\/senado-zanin-indicacao-stf\/\",\"url\":\"https:\/\/www.suno.com.br\/noticias\/senado-zanin-indicacao-stf\/\",\"name\":\"Senado discutir\u00e1 indica\u00e7\u00e3o de Zanin ao STF nesta semana; veja\",\"isPartOf\":{\"@id\":\"https:\/\/www.suno.com.br\/noticias\/#website\"},\"primaryImageOfPage\":{\"@id\":\"https:\/\/www.suno.com.br\/noticias\/senado-zanin-indicacao-stf\/#primaryimage\"},\"image\":{\"@id\":\"https:\/\/www.suno.com.br\/noticias\/senado-zanin-indicacao-stf\/#primaryimage\"},\"thumbnailUrl\":\"https:\/\/files.sunoresearch.com.br\/n\/uploads\/2023\/01\/americanas-amer3-cristiano-zanin-advogado-reproducao-youtube.jpg\",\"datePublished\":\"2023-06-05T10:50:05+00:00\",\"dateModified\":\"2023-06-05T11:03:20+00:00\",\"description\":\"Presidente do Senado, Rodrigo Pacheco \u00a0(PSD-MG), disse que existe a possibilidade de a CCJ sabatinar Zanin ainda esta semana.\",\"breadcrumb\":{\"@id\":\"https:\/\/www.suno.com.br\/noticias\/senado-zanin-indicacao-stf\/#breadcrumb\"},\"inLanguage\":\"pt-BR\",\"potentialAction\":[{\"@type\":\"ReadAction\",\"target\":[\"https:\/\/www.suno.com.br\/noticias\/senado-zanin-indicacao-stf\/\"]}]},{\"@type\":\"ImageObject\",\"inLanguage\":\"pt-BR\",\"@id\":\"https:\/\/www.suno.com.br\/noticias\/senado-zanin-indicacao-stf\/#primaryimage\",\"url\":\"https:\/\/files.sunoresearch.com.br\/n\/uploads\/2023\/01\/americanas-amer3-cristiano-zanin-advogado-reproducao-youtube.jpg\",\"contentUrl\":\"https:\/\/files.sunoresearch.com.br\/n\/uploads\/2023\/01\/americanas-amer3-cristiano-zanin-advogado-reproducao-youtube.jpg\",\"width\":1200,\"height\":675,\"caption\":\"Cristiano Zanin, advogado da Americanas (AMER3). Foto: YouTube\"},{\"@type\":\"BreadcrumbList\",\"@id\":\"https:\/\/www.suno.com.br\/noticias\/senado-zanin-indicacao-stf\/#breadcrumb\",\"itemListElement\":[{\"@type\":\"ListItem\",\"position\":1,\"name\":\"Not\u00edcias\",\"item\":\"https:\/\/www.suno.com.br\/noticias\/\"},{\"@type\":\"ListItem\",\"position\":2,\"name\":\"Pol\u00edtica\",\"item\":\"https:\/\/www.suno.com.br\/noticias\/politica\/\"},{\"@type\":\"ListItem\",\"position\":3,\"name\":\"Reforma tribut\u00e1ria e discuss\u00e3o sobre indica\u00e7\u00e3o de Zanin no STF dominam agenda desta semana\"}]},{\"@type\":\"WebSite\",\"@id\":\"https:\/\/www.suno.com.br\/noticias\/#website\",\"url\":\"https:\/\/www.suno.com.br\/noticias\/\",\"name\":\"Suno Not\u00edcias\",\"description\":\"Seu portal de informa\u00e7\u00e3o sobre o mundo dos investimentos\",\"publisher\":{\"@id\":\"https:\/\/www.suno.com.br\/noticias\/#organization\"},\"potentialAction\":[{\"@type\":\"SearchAction\",\"target\":{\"@type\":\"EntryPoint\",\"urlTemplate\":\"https:\/\/www.suno.com.br\/noticias\/?s={search_term_string}\"},\"query-input\":{\"@type\":\"PropertyValueSpecification\",\"valueRequired\":true,\"valueName\":\"search_term_string\"}}],\"inLanguage\":\"pt-BR\"},{\"@type\":\"Organization\",\"@id\":\"https:\/\/www.suno.com.br\/noticias\/#organization\",\"name\":\"Suno Not\u00edcias\",\"url\":\"https:\/\/www.suno.com.br\/noticias\/\",\"logo\":{\"@type\":\"ImageObject\",\"inLanguage\":\"pt-BR\",\"@id\":\"https:\/\/www.suno.com.br\/noticias\/#\/schema\/logo\/image\/\",\"url\":\"https:\/\/files.sunoresearch.com.br\/n\/uploads\/2021\/09\/suno-logo.png\",\"contentUrl\":\"https:\/\/files.sunoresearch.com.br\/n\/uploads\/2021\/09\/suno-logo.png\",\"width\":180,\"height\":180,\"caption\":\"Suno Not\u00edcias\"},\"image\":{\"@id\":\"https:\/\/www.suno.com.br\/noticias\/#\/schema\/logo\/image\/\"},\"sameAs\":[\"https:\/\/facebook.com\/sunoresearch\",\"https:\/\/x.com\/sunoresearch\",\"https:\/\/www.instagram.com\/suno\",\"https:\/\/www.linkedin.com\/company\/suno-research\/\",\"https:\/\/www.youtube.com\/c\/sunoresearch\"]},{\"@type\":\"Person\",\"@id\":\"https:\/\/www.suno.com.br\/noticias\/#\/schema\/person\/7f4d362bf3518e76090143ae77bb49a5\",\"name\":\"Eduardo Vargas\",\"image\":{\"@type\":\"ImageObject\",\"inLanguage\":\"pt-BR\",\"@id\":\"https:\/\/www.suno.com.br\/noticias\/#\/schema\/person\/image\/\",\"url\":\"https:\/\/secure.gravatar.com\/avatar\/dac340933427a22924c9f99d1eb2e3f2?s=96&r=g\",\"contentUrl\":\"https:\/\/secure.gravatar.com\/avatar\/dac340933427a22924c9f99d1eb2e3f2?s=96&r=g\",\"caption\":\"Eduardo Vargas\"},\"description\":\"Jornalista formado pela UFSC, cobre macroeconomia, neg\u00f3cios e startups para o Suno Not\u00edcias, escrevendo principalmente not\u00edcias sobre o mercado financeiro e a bolsa de valores. No YouTube e no Instagram, \u00e9 respons\u00e1vel pela produ\u00e7\u00e3o de Reels e Shorts do Suno Not\u00edcias. Anteriormente, trabalhou cobrindo economia e cotidiano no ND+ e para o ND, maior jornal impresso de Santa Catarina. Cursou um semestre letivo de Estudos de M\u00eddia na Universidad de Buenos Aires.\",\"url\":\"https:\/\/www.suno.com.br\/noticias\/author\/eduardo-vargas\/\"}]}<\/script>\n<!-- \/ Yoast SEO plugin. -->","yoast_head_json":{"title":"Senado discutir\u00e1 indica\u00e7\u00e3o de Zanin ao STF nesta semana; veja","description":"Presidente do Senado, Rodrigo Pacheco \u00a0(PSD-MG), disse que existe a possibilidade de a CCJ sabatinar Zanin ainda esta semana.","robots":{"index":"index","follow":"follow","max-snippet":"max-snippet:-1","max-image-preview":"max-image-preview:large","max-video-preview":"max-video-preview:-1"},"canonical":"https:\/\/www.suno.com.br\/noticias\/senado-zanin-indicacao-stf\/","og_locale":"pt_BR","og_type":"article","og_title":"Senado discutir\u00e1 indica\u00e7\u00e3o de Zanin ao STF nesta semana; veja","og_description":"Presidente do Senado, Rodrigo Pacheco \u00a0(PSD-MG), disse que existe a possibilidade de a CCJ sabatinar Zanin ainda esta semana.","og_url":"https:\/\/www.suno.com.br\/noticias\/senado-zanin-indicacao-stf\/","og_site_name":"Suno Not\u00edcias","article_publisher":"https:\/\/facebook.com\/sunoresearch","og_image":[{"width":1200,"height":675,"url":"https:\/\/files.sunoresearch.com.br\/n\/uploads\/2023\/01\/americanas-amer3-cristiano-zanin-advogado-reproducao-youtube.jpg","type":"image\/jpeg"}],"author":"Eduardo Vargas","twitter_card":"summary_large_image","twitter_creator":"@sunoresearch","twitter_site":"@sunoresearch","twitter_misc":{"Escrito por":"Eduardo Vargas","Est. tempo de leitura":"4 minutos"},"schema":{"@context":"https:\/\/schema.org","@graph":[{"@type":"NewsArticle","@id":"https:\/\/www.suno.com.br\/noticias\/senado-zanin-indicacao-stf\/#article","isPartOf":{"@id":"https:\/\/www.suno.com.br\/noticias\/senado-zanin-indicacao-stf\/"},"author":{"name":"Eduardo Vargas","@id":"https:\/\/www.suno.com.br\/noticias\/#\/schema\/person\/7f4d362bf3518e76090143ae77bb49a5"},"headline":"Reforma tribut\u00e1ria e discuss\u00e3o sobre indica\u00e7\u00e3o de Zanin no STF dominam agenda desta semana","datePublished":"2023-06-05T10:50:05+00:00","dateModified":"2023-06-05T11:03:20+00:00","mainEntityOfPage":{"@id":"https:\/\/www.suno.com.br\/noticias\/senado-zanin-indicacao-stf\/"},"wordCount":631,"publisher":{"@id":"https:\/\/www.suno.com.br\/noticias\/#organization"},"image":{"@id":"https:\/\/www.suno.com.br\/noticias\/senado-zanin-indicacao-stf\/#primaryimage"},"thumbnailUrl":"https:\/\/files.sunoresearch.com.br\/n\/uploads\/2023\/01\/americanas-amer3-cristiano-zanin-advogado-reproducao-youtube.jpg","keywords":["Ag\u00eancias","Congresso Nacional","Supremo Tribunal Federal (STF)"],"articleSection":["Pol\u00edtica"],"inLanguage":"pt-BR"},{"@type":"WebPage","@id":"https:\/\/www.suno.com.br\/noticias\/senado-zanin-indicacao-stf\/","url":"https:\/\/www.suno.com.br\/noticias\/senado-zanin-indicacao-stf\/","name":"Senado discutir\u00e1 indica\u00e7\u00e3o de Zanin ao STF nesta semana; veja","isPartOf":{"@id":"https:\/\/www.suno.com.br\/noticias\/#website"},"primaryImageOfPage":{"@id":"https:\/\/www.suno.com.br\/noticias\/senado-zanin-indicacao-stf\/#primaryimage"},"image":{"@id":"https:\/\/www.suno.com.br\/noticias\/senado-zanin-indicacao-stf\/#primaryimage"},"thumbnailUrl":"https:\/\/files.sunoresearch.com.br\/n\/uploads\/2023\/01\/americanas-amer3-cristiano-zanin-advogado-reproducao-youtube.jpg","datePublished":"2023-06-05T10:50:05+00:00","dateModified":"2023-06-05T11:03:20+00:00","description":"Presidente do Senado, Rodrigo Pacheco \u00a0(PSD-MG), disse que existe a possibilidade de a CCJ sabatinar Zanin ainda esta semana.","breadcrumb":{"@id":"https:\/\/www.suno.com.br\/noticias\/senado-zanin-indicacao-stf\/#breadcrumb"},"inLanguage":"pt-BR","potentialAction":[{"@type":"ReadAction","target":["https:\/\/www.suno.com.br\/noticias\/senado-zanin-indicacao-stf\/"]}]},{"@type":"ImageObject","inLanguage":"pt-BR","@id":"https:\/\/www.suno.com.br\/noticias\/senado-zanin-indicacao-stf\/#primaryimage","url":"https:\/\/files.sunoresearch.com.br\/n\/uploads\/2023\/01\/americanas-amer3-cristiano-zanin-advogado-reproducao-youtube.jpg","contentUrl":"https:\/\/files.sunoresearch.com.br\/n\/uploads\/2023\/01\/americanas-amer3-cristiano-zanin-advogado-reproducao-youtube.jpg","width":1200,"height":675,"caption":"Cristiano Zanin, advogado da Americanas (AMER3). Foto: YouTube"},{"@type":"BreadcrumbList","@id":"https:\/\/www.suno.com.br\/noticias\/senado-zanin-indicacao-stf\/#breadcrumb","itemListElement":[{"@type":"ListItem","position":1,"name":"Not\u00edcias","item":"https:\/\/www.suno.com.br\/noticias\/"},{"@type":"ListItem","position":2,"name":"Pol\u00edtica","item":"https:\/\/www.suno.com.br\/noticias\/politica\/"},{"@type":"ListItem","position":3,"name":"Reforma tribut\u00e1ria e discuss\u00e3o sobre indica\u00e7\u00e3o de Zanin no STF dominam agenda desta semana"}]},{"@type":"WebSite","@id":"https:\/\/www.suno.com.br\/noticias\/#website","url":"https:\/\/www.suno.com.br\/noticias\/","name":"Suno Not\u00edcias","description":"Seu portal de informa\u00e7\u00e3o sobre o mundo dos investimentos","publisher":{"@id":"https:\/\/www.suno.com.br\/noticias\/#organization"},"potentialAction":[{"@type":"SearchAction","target":{"@type":"EntryPoint","urlTemplate":"https:\/\/www.suno.com.br\/noticias\/?s={search_term_string}"},"query-input":{"@type":"PropertyValueSpecification","valueRequired":true,"valueName":"search_term_string"}}],"inLanguage":"pt-BR"},{"@type":"Organization","@id":"https:\/\/www.suno.com.br\/noticias\/#organization","name":"Suno Not\u00edcias","url":"https:\/\/www.suno.com.br\/noticias\/","logo":{"@type":"ImageObject","inLanguage":"pt-BR","@id":"https:\/\/www.suno.com.br\/noticias\/#\/schema\/logo\/image\/","url":"https:\/\/files.sunoresearch.com.br\/n\/uploads\/2021\/09\/suno-logo.png","contentUrl":"https:\/\/files.sunoresearch.com.br\/n\/uploads\/2021\/09\/suno-logo.png","width":180,"height":180,"caption":"Suno Not\u00edcias"},"image":{"@id":"https:\/\/www.suno.com.br\/noticias\/#\/schema\/logo\/image\/"},"sameAs":["https:\/\/facebook.com\/sunoresearch","https:\/\/x.com\/sunoresearch","https:\/\/www.instagram.com\/suno","https:\/\/www.linkedin.com\/company\/suno-research\/","https:\/\/www.youtube.com\/c\/sunoresearch"]},{"@type":"Person","@id":"https:\/\/www.suno.com.br\/noticias\/#\/schema\/person\/7f4d362bf3518e76090143ae77bb49a5","name":"Eduardo Vargas","image":{"@type":"ImageObject","inLanguage":"pt-BR","@id":"https:\/\/www.suno.com.br\/noticias\/#\/schema\/person\/image\/","url":"https:\/\/secure.gravatar.com\/avatar\/dac340933427a22924c9f99d1eb2e3f2?s=96&r=g","contentUrl":"https:\/\/secure.gravatar.com\/avatar\/dac340933427a22924c9f99d1eb2e3f2?s=96&r=g","caption":"Eduardo Vargas"},"description":"Jornalista formado pela UFSC, cobre macroeconomia, neg\u00f3cios e startups para o Suno Not\u00edcias, escrevendo principalmente not\u00edcias sobre o mercado financeiro e a bolsa de valores. No YouTube e no Instagram, \u00e9 respons\u00e1vel pela produ\u00e7\u00e3o de Reels e Shorts do Suno Not\u00edcias. Anteriormente, trabalhou cobrindo economia e cotidiano no ND+ e para o ND, maior jornal impresso de Santa Catarina. Cursou um semestre letivo de Estudos de M\u00eddia na Universidad de Buenos Aires.","url":"https:\/\/www.suno.com.br\/noticias\/author\/eduardo-vargas\/"}]}},"default_loop_html":"<div class=\"cardsPage__listCard__boxs\"><div class=\"cardsPage__listCard__boxs__img\"><a href=\"https:\/\/www.suno.com.br\/noticias\/senado-zanin-indicacao-stf\/\"><img class=\"mask\" src=\"https:\/\/www.suno.com.br\/noticias\/wp-content\/themes\/suno\/resources\/images\/spotlight\/spotlight1img\/bg-mask.png\" alt=\"Image Mask\"\/><img src=\"https:\/\/files.sunoresearch.com.br\/n\/uploads\/2023\/01\/americanas-amer3-cristiano-zanin-advogado-reproducao-youtube-400x200.jpg\" alt=\"Reforma tribut\u00e1ria e discuss\u00e3o sobre indica\u00e7\u00e3o de Zanin no STF dominam agenda desta semana\"\/><\/a><span class=\"spotlightCategory\"><a href=\"https:\/\/www.suno.com.br\/noticias\/politica\/\">Pol\u00edtica<\/a><\/span><\/div><div class=\"cardsPage__listCard__boxs__content\"><a href=\"https:\/\/www.suno.com.br\/noticias\/senado-zanin-indicacao-stf\/\"><h2 class=\"content__title\">Reforma tribut\u00e1ria e discuss\u00e3o sobre indica\u00e7\u00e3o de Zanin no STF dominam agenda desta semana<\/h2><\/a><div class=\"newsContent__article__meta\"><div class=\"newsContent__article__meta__authorBox\"><a href=\"https:\/\/www.suno.com.br\/noticias\/author\/eduardo-vargas\/\" class=\"authorBox__avatar noMobi\"><img src=\"https:\/\/secure.gravatar.com\/avatar\/dac340933427a22924c9f99d1eb2e3f2?s=96&#038;r=g\" alt=\"Eduardo Vargas\"><\/a><div class=\"authorBox__name\"><span>por\n\t\t\t<a href=\"https:\/\/www.suno.com.br\/noticias\/author\/eduardo-vargas\/\"><span itemprop=\"author\">Eduardo Vargas<\/span><\/a><\/span><time datetime=\"2023-06-05T07:50:05-03:00\" itemprop=\"datePublished\">05\/06\/2023 07:50<\/time><\/div><\/div><\/div><\/div><\/div>","single_layout":"posts","amp_enabled":true,"_links":{"self":[{"href":"https:\/\/www.suno.com.br\/noticias\/wp-json\/wp\/v2\/posts\/412921"}],"collection":[{"href":"https:\/\/www.suno.com.br\/noticias\/wp-json\/wp\/v2\/posts"}],"about":[{"href":"https:\/\/www.suno.com.br\/noticias\/wp-json\/wp\/v2\/types\/post"}],"author":[{"embeddable":true,"href":"https:\/\/www.suno.com.br\/noticias\/wp-json\/wp\/v2\/users\/73"}],"replies":[{"embeddable":true,"href":"https:\/\/www.suno.com.br\/noticias\/wp-json\/wp\/v2\/comments?post=412921"}],"version-history":[{"count":2,"href":"https:\/\/www.suno.com.br\/noticias\/wp-json\/wp\/v2\/posts\/412921\/revisions"}],"predecessor-version":[{"id":412955,"href":"https:\/\/www.suno.com.br\/noticias\/wp-json\/wp\/v2\/posts\/412921\/revisions\/412955"}],"wp:featuredmedia":[{"embeddable":true,"href":"https:\/\/www.suno.com.br\/noticias\/wp-json\/wp\/v2\/media\/355763"}],"wp:attachment":[{"href":"https:\/\/www.suno.com.br\/noticias\/wp-json\/wp\/v2\/media?parent=412921"}],"wp:term":[{"taxonomy":"category","embeddable":true,"href":"https:\/\/www.suno.com.br\/noticias\/wp-json\/wp\/v2\/categories?post=412921"},{"taxonomy":"post_tag","embeddable":true,"href":"https:\/\/www.suno.com.br\/noticias\/wp-json\/wp\/v2\/tags?post=412921"},{"taxonomy":"suno_strategy","embeddable":true,"href":"https:\/\/www.suno.com.br\/noticias\/wp-json\/wp\/v2\/suno_strategy?post=412921"}],"curies":[{"name":"wp","href":"https:\/\/api.w.org\/{rel}","templated":true}]}}