{"id":412603,"date":"2023-06-02T22:20:08","date_gmt":"2023-06-03T01:20:08","guid":{"rendered":"https:\/\/www.suno.com.br\/noticias\/?p=412603"},"modified":"2023-06-02T22:20:14","modified_gmt":"2023-06-03T01:20:14","slug":"equatorial-eqtl3-confirma-que-tem-avaliado-ativos-do-grupo-light","status":"publish","type":"post","link":"https:\/\/www.suno.com.br\/noticias\/equatorial-eqtl3-confirma-que-tem-avaliado-ativos-do-grupo-light\/","title":{"rendered":"Equatorial (EQTL3) confirma que avalia ativos do grupo Light"},"content":{"rendered":"<p>A <a class=\"suno-keyword\" data-force=\"yes\" data-priority=\"2\" href=\"https:\/\/www.suno.com.br\/acoes\/EQTL3\/\" target=\"_blank\" rel=\"noopener\"><strong>Equatorial <\/strong>(EQTL3)<\/a> se manifestou a respeito de uma mat\u00e9ria publicada no Estad\u00e3o Broadcast+, divulgada na \u00faltima quarta-feira (31). A reportagem dizia que a empresa teria contratado a Rothschild \u2013 empresa que presta servi\u00e7os financeiros a empresas \u2013 para estudar ativos da <a href=\"https:\/\/www.suno.com.br\/acoes\/ligt3\/\">Light (LIGT3)<\/a>, que est\u00e1 em recupera\u00e7\u00e3o judicial.<\/p>\t<div class=\"wrapper-featured-image\">\n\t\t<figure class=\"spotlightImg\">\n\n\t\t\t<picture>\n\t\t\t\t<source media=\"(max-width: 768px)\" srcset=\"https:\/\/files.sunoresearch.com.br\/n\/uploads\/2022\/09\/Equatorial-400x200.jpg\">\n\t\t\t\t<img loading=\"lazy\" decoding=\"async\" class=\"newsContent__article__imgCapa lazyloadDisabled \" src=\"https:\/\/files.sunoresearch.com.br\/n\/uploads\/2022\/09\/Equatorial-800x450.jpg\" width=\"800\" height=\"450\" alt=\"Equatorial (EQTL3) confirma que avalia ativos do grupo Light\" fetchpriority=high \/>\n\t\t\t<\/picture>\n\n\t\t\t<figcaption class=\"wp-caption-text wp-caption-text--show\">Equatorial (EQTL3) Foto: Divulga\u00e7\u00e3o<\/figcaption>\n\t\t<\/figure>\n\t<\/div>\n\n\n\n\n\n\t<p>\n\t\t<a href=\"https:\/\/lp.suno.com.br\/planilha-da-vida-financeira\/\" target=\"_blank\" data-element=\"shortcode-suno-banner\" title=\"Banner SUNO, clique e saiba mais\">\n\t\t\t<picture>\n\t\t\t\t<source media=\"(max-width: 500px)\" srcset=\"https:\/\/files.sunoresearch.com.br\/n\/uploads\/2023\/04\/400x300-Planilha-vida-financeira-true.png\">\n\t\t\t\t<img class=\"newsContent__article__imgCapa newsContent__article__imgCapa--banner\"\n\t\t\t\t\tsrc=\"https:\/\/files.sunoresearch.com.br\/n\/uploads\/2023\/04\/1420x240-Planilha-vida-financeira-true.png\"\n\t\t\t\t\tdata-promo-id=\"106682\"\t\t\t\t\t\t\t\t\t\twidth='1420' height='240'\t\t\t\t\talt=\"https:\/\/files.sunoresearch.com.br\/n\/uploads\/2023\/04\/1420x240-Planilha-vida-financeira-true.png\"\n\t\t\t\t>\n\t\t\t<\/picture>\n\t\t<\/a>\n\t<\/p>\n\n\n\n\n\n<p>Em resposta \u00e0 not\u00edcia, a Equatorial confirmou em comunicado ao mercado na noite de quinta-feira (1\u00ba) que tem avaliado os <strong>ativos do grupo Light<\/strong> dentro do processo natural de oportunidades conduzido pela companhia. \u201cComo n\u00e3o houve e n\u00e3o h\u00e1 nenhuma negocia\u00e7\u00e3o em curso, entendemos que n\u00e3o se faz necess\u00e1ria qualquer divulga\u00e7\u00e3o de informa\u00e7\u00f5es ao mercado\u201d, apontou.<\/p>\n\n\n\n<p>A companhia considerou pertinente esclarecer, ainda, que o seu modelo de neg\u00f3cios \u00e9 pautado na busca de novas oportunidades. &#8220;\u00c9 algo natural, no dia a dia da companhia, analisar ativos em seus diversos segmentos de atua\u00e7\u00e3o. Nesse sentido, cabe destacar que muitos dos ativos avaliados n\u00e3o resultam em neg\u00f3cios fechados&#8221;, acrescentou.<\/p>\n\n\n\n<h2 class=\"wp-block-heading\">Equatorial define quando pagar\u00e1 R$ 385 milh\u00f5es em dividendos<\/h2>\n\n\n\n<p>De acordo com as informa\u00e7\u00f5es divulgadas na semana passada, a Equatorial pagar\u00e1 R$ 385 milh\u00f5es em dividendos no dia 9 de junho.<\/p>\n\n\n\n<p>&#8220;Conforme informado na ata, t\u00eam direito ao recebimento dos referidos <strong>dividendos<\/strong> os acionistas<br>detentores de a\u00e7\u00f5es de emiss\u00e3o da companhia em 28 de abril de 2023&#8243;, refor\u00e7aram os gestores da Equatorial Energia no comunicado disponibilizado na Comiss\u00e3o de Valores Mobili\u00e1rios (CVM).<\/p>\n\n\n\n<p>Atualmente, a <strong>empresa do setor el\u00e9trico<\/strong> realiza um <a class=\"suno-keyword\" target=\"_blank\" data-force=\"no\" data-priority=\"1\" href=\"https:\/\/www.suno.com.br\/artigos\/aumento-capital\/\" rel=\"noopener\">aumento de capital<\/a> privado e essa opera\u00e7\u00e3o pode ser impactada pelos dividendos, da seguinte forma:<\/p>\n\n\n\n<p>&#8220;No \u00e2mbito da opera\u00e7\u00e3o de <a class=\"suno-keyword\" data-force=\"no\" data-priority=\"1\" href=\"https:\/\/www.suno.com.br\/artigos\/aumento-capital\/\" target=\"_blank\" rel=\"noopener\">aumento de capital<\/a> privado em andamento, os acionistas detentores do <a class=\"suno-keyword\" data-force=\"no\" data-priority=\"1\" href=\"https:\/\/www.suno.com.br\/artigos\/direito-de-subscricao\/\" target=\"_blank\" rel=\"noopener\">direito de subscri\u00e7\u00e3o<\/a>, cujo per\u00edodo de prefer\u00eancia se encerra no dia 01 de junho de 2023, e que eram detentores de a\u00e7\u00f5es de emiss\u00e3o da companhia na data de corte, 28 de abril de 2023, poder\u00e3o capitalizar os <a class=\"suno-keyword\" data-force=\"no\" data-priority=\"1\" href=\"https:\/\/www.suno.com.br\/guias\/dividendos\/\" target=\"_blank\" rel=\"noopener\">dividendos<\/a> a serem pagos pela Companhia para integraliza\u00e7\u00e3o das novas a\u00e7\u00f5es subscritas&#8221;, detalhou a empresa.<\/p>\n\n\n\n<h2 class=\"wp-block-heading\">Dividendos da Equatorial<\/h2>\n\n\n\n<ul class=\"wp-block-list\">\n<li>Valor total: R$ 385.155.874,25;<\/li>\n\n\n\n<li>Valor por a\u00e7\u00e3o: R$ 0,35<\/li>\n\n\n\n<li>Data de corte: 28\/04\/2023<\/li>\n\n\n\n<li>Data do pagamento: 09\/06\/2023<\/li>\n<\/ul>\n\n\n\t<p>\n\t\t<a href=\"https:\/\/lp.suno.com.br\/suno-one\/?utm_campaign=_SNC6964518A_\" target=\"_blank\" data-element=\"shortcode-suno-banner\" title=\"Banner SUNO, clique e saiba mais\">\n\t\t\t<picture>\n\t\t\t\t<source media=\"(max-width: 500px)\" srcset=\"https:\/\/files.sunoresearch.com.br\/n\/uploads\/2025\/09\/400x300-Suno-One-png.webp\">\n\t\t\t\t<img class=\"newsContent__article__imgCapa newsContent__article__imgCapa--banner\"\n\t\t\t\t\tsrc=\"https:\/\/files.sunoresearch.com.br\/n\/uploads\/2025\/09\/1420x240-Suno-One-png.webp\"\n\t\t\t\t\tdata-promo-id=\"383121\"\t\t\t\t\t\t\t\t\t\twidth='1420' height='240'\t\t\t\t\talt=\"https:\/\/files.sunoresearch.com.br\/n\/uploads\/2025\/09\/1420x240-Suno-One-png.webp\"\n\t\t\t\t>\n\t\t\t<\/picture>\n\t\t<\/a>\n\t<\/p>\n\n\n\n\n\n<h2 class=\"wp-block-heading\">Equatorial no 1T23<\/h2>\n\n\n\n<p>A <a class=\"suno-keyword\" data-force=\"yes\" data-priority=\"2\" href=\"https:\/\/www.suno.com.br\/acoes\/EQTL3\/\" target=\"_blank\" rel=\"noopener\"><strong>Equatorial<\/strong> (EQTL3)<\/a> anotou <a class=\"suno-keyword\" data-force=\"no\" data-priority=\"1\" href=\"https:\/\/www.suno.com.br\/artigos\/lucro-liquido\/\" target=\"_blank\" rel=\"noopener\">lucro l\u00edquido<\/a> de R$ 288 milh\u00f5es no primeiro trimestre de 2023 (1T23). Com isso, a companhia encolheu em 57,6% o seu lucro registrado em igual etapa do ano anterior. O <strong>resultado da Equatorial<\/strong> tamb\u00e9m ficou abaixo das proje\u00e7\u00f5es do consenso Bloomberg, que mirava R$ 447 milh\u00f5es na \u00faltima linha do balan\u00e7o.<\/p>\n\n\n\n<p>J\u00e1 o <a class=\"suno-keyword\" data-force=\"no\" data-priority=\"1\" href=\"https:\/\/www.suno.com.br\/artigos\/lucro-liquido\/\" target=\"_blank\" rel=\"noopener\">lucro l\u00edquido<\/a> ajustado por fatores n\u00e3o recorrentes fechou o per\u00edodo de janeiro a mar\u00e7o em R$ 409 milh\u00f5es, representando baixa de 31% na base anual.<\/p>\n\n\n\n<p>O <a class=\"suno-keyword\" data-force=\"no\" data-priority=\"1\" href=\"https:\/\/www.suno.com.br\/artigos\/ebitda-ajustado\/\" target=\"_blank\" rel=\"noopener\">Ebitda ajustado<\/a>, por sua vez, foi de R$ 33 milh\u00f5es negativos, representando uma melhora de 80% ante o Ebitda negativo de R$ 163 milh\u00f5es. A <a class=\"suno-keyword\" data-force=\"no\" data-priority=\"1\" href=\"https:\/\/www.suno.com.br\/artigos\/receita-liquida-operacional\/\" target=\"_blank\" rel=\"noopener\">receita operacional l\u00edquida<\/a> da <strong>Equatorial<\/strong> foi de R$ 10,1 bilh\u00f5es, representando alta de 74%.<\/p>\n\n\n\n<h2 class=\"wp-block-heading\">Cota\u00e7\u00e3o da Equatorial<\/h2>\n\n\n\n<p>Nesta sexta-feira (2), as a\u00e7\u00f5es ordin\u00e1rias da Equatorial fecharam em alta de 0,75%, a R$ 28,16. Em um ano, os pap\u00e9is da empresa sobem mais de 18%.<\/p>\n\n\n\n<div class=\"pluginQuotation\">\n  <p class=\"ticker\">\n    Cota\u00e7\u00e3o <span>EQTL3<\/span>\n  <\/p>\n  <div class=\"info\">\n    <div class=\"leftSide\">\n      Gr\u00e1fico gerado em: 02\/06\/2023    <\/div>\n\t\t\t\t\t<div class=\"rightSide\">\n\t\t\t\t\t<span class=\"period\">\n\t\t\t\t\t\t1 Ano\t\t\t\t\t<\/span>\n\t\t\t<\/div>\n\t\t  <\/div>\n\n  <div id=\"chart-68764986bd4d3e5100b07ed99089da1b\" data-block-hash=\"68764986bd4d3e5100b07ed99089da1b\"  class=\"chart\" style=\"width:100%;height:400px;\"><\/div>\n\n  <div class=\"pluginQuotation__footer\">\n    <div class=\"dataChart\">\n\n      <div class=\"dataChart__div1 variation\">\n        <div class=\"value-positive\">\n          18,25 (+4,32%)        <\/div>\n        <div class=\"text\">\n          Varia\u00e7\u00e3o do per\u00edodo\n        <\/div>\n      <\/div>\n\n      <div class=\"dataChart__div2 minMax\">\n        <div class=\"value\">\n          R$\u00a022,05        <\/div>\n        <div class=\"text\">\n          M\u00ednima\n        <\/div>\n      <\/div>\n\n      <div class=\"dataChart__div3 minMax\">\n        <div class=\"value\">\n          R$\u00a029,64        <\/div>\n        <div class=\"text\">\n          M\u00e1xima\n        <\/div>\n      <\/div>\n\n\t\t\t<div class=\"dataChart__div4 rightSide\">\n\t\t\t\t<div class=\"analiticaSource\">\n\t\t\t\t\t<span>\n\t\t\t\t\t\tFonte:\n\t\t\t\t\t<\/span>\n\t\t\t\t\t<img decoding=\"async\" class=\"analiticaLogo\" src=\"https:\/\/www.suno.com.br\/noticias\/wp-content\/plugins\/suno-block-ticker-quotation\/src\/suno-analitica-logo.png\" alt=\"Logo Suno Anal\u00edtica\" \/>\n\t\t\t\t<\/div>\n\n\t\t\t\t<a href=\"https:\/\/www.suno.com.br\/analitica\/acoes\/EQTL3\" target=\"_blank\">\n\t\t\t\t\t<span>\n\t\t\t\t\t\tVer mais cota\u00e7\u00f5es\n\t\t\t\t\t<\/span>\n\t\t\t\t\t<svg xmlns=\"http:\/\/www.w3.org\/2000\/svg\" width=\"9\" height=\"8\" viewBox=\"0 0 9 8\" fill=\"none\">\n\t\t\t\t\t\t<path d=\"M4.20996 0L3.50496 0.705L6.29496 3.5H0.209961V4.5H6.29496L3.50496 7.295L4.20996 8L8.20996 4L4.20996 0Z\" fill=\"#D42126\" \/>\n\t\t\t\t\t<\/svg>\n\t\t\t\t<\/a>\n    <\/div>\n\n    <\/div>\n  <\/div>\n<\/div>\n\n\n<script type=\"text\/javascript\">\n  let chart_68764986bd4d3e5100b07ed99089da1b = document.getElementById('chart-68764986bd4d3e5100b07ed99089da1b');\n  let data_json_68764986bd4d3e5100b07ed99089da1b = \"[{\\\"date\\\":\\\"02\\\\\\\/06\\\\\\\/22 \\\",\\\"value\\\":23.67},{\\\"date\\\":\\\"03\\\\\\\/06\\\\\\\/22 \\\",\\\"value\\\":23.84},{\\\"date\\\":\\\"06\\\\\\\/06\\\\\\\/22 \\\",\\\"value\\\":23.87},{\\\"date\\\":\\\"07\\\\\\\/06\\\\\\\/22 \\\",\\\"value\\\":24.13},{\\\"date\\\":\\\"08\\\\\\\/06\\\\\\\/22 \\\",\\\"value\\\":24.1},{\\\"date\\\":\\\"09\\\\\\\/06\\\\\\\/22 \\\",\\\"value\\\":23.87},{\\\"date\\\":\\\"10\\\\\\\/06\\\\\\\/22 \\\",\\\"value\\\":23.82},{\\\"date\\\":\\\"13\\\\\\\/06\\\\\\\/22 \\\",\\\"value\\\":23.19},{\\\"date\\\":\\\"14\\\\\\\/06\\\\\\\/22 \\\",\\\"value\\\":23.08},{\\\"date\\\":\\\"15\\\\\\\/06\\\\\\\/22 \\\",\\\"value\\\":23.97},{\\\"date\\\":\\\"17\\\\\\\/06\\\\\\\/22 \\\",\\\"value\\\":23.82},{\\\"date\\\":\\\"20\\\\\\\/06\\\\\\\/22 \\\",\\\"value\\\":23.77},{\\\"date\\\":\\\"21\\\\\\\/06\\\\\\\/22 \\\",\\\"value\\\":23.46},{\\\"date\\\":\\\"22\\\\\\\/06\\\\\\\/22 \\\",\\\"value\\\":23.18},{\\\"date\\\":\\\"23\\\\\\\/06\\\\\\\/22 \\\",\\\"value\\\":22.72},{\\\"date\\\":\\\"24\\\\\\\/06\\\\\\\/22 \\\",\\\"value\\\":22.55},{\\\"date\\\":\\\"27\\\\\\\/06\\\\\\\/22 \\\",\\\"value\\\":22.51},{\\\"date\\\":\\\"28\\\\\\\/06\\\\\\\/22 \\\",\\\"value\\\":22.27},{\\\"date\\\":\\\"29\\\\\\\/06\\\\\\\/22 \\\",\\\"value\\\":22.14},{\\\"date\\\":\\\"30\\\\\\\/06\\\\\\\/22 \\\",\\\"value\\\":22.52},{\\\"date\\\":\\\"01\\\\\\\/07\\\\\\\/22 \\\",\\\"value\\\":22.78},{\\\"date\\\":\\\"04\\\\\\\/07\\\\\\\/22 \\\",\\\"value\\\":22.31},{\\\"date\\\":\\\"05\\\\\\\/07\\\\\\\/22 \\\",\\\"value\\\":22.09},{\\\"date\\\":\\\"06\\\\\\\/07\\\\\\\/22 \\\",\\\"value\\\":22.11},{\\\"date\\\":\\\"07\\\\\\\/07\\\\\\\/22 \\\",\\\"value\\\":22.89},{\\\"date\\\":\\\"08\\\\\\\/07\\\\\\\/22 \\\",\\\"value\\\":22.62},{\\\"date\\\":\\\"11\\\\\\\/07\\\\\\\/22 \\\",\\\"value\\\":22.23},{\\\"date\\\":\\\"12\\\\\\\/07\\\\\\\/22 \\\",\\\"value\\\":22.32},{\\\"date\\\":\\\"13\\\\\\\/07\\\\\\\/22 \\\",\\\"value\\\":22.05},{\\\"date\\\":\\\"14\\\\\\\/07\\\\\\\/22 \\\",\\\"value\\\":22.15},{\\\"date\\\":\\\"15\\\\\\\/07\\\\\\\/22 \\\",\\\"value\\\":22.14},{\\\"date\\\":\\\"18\\\\\\\/07\\\\\\\/22 \\\",\\\"value\\\":22.18},{\\\"date\\\":\\\"19\\\\\\\/07\\\\\\\/22 \\\",\\\"value\\\":22.35},{\\\"date\\\":\\\"20\\\\\\\/07\\\\\\\/22 \\\",\\\"value\\\":22.85},{\\\"date\\\":\\\"21\\\\\\\/07\\\\\\\/22 \\\",\\\"value\\\":23.02},{\\\"date\\\":\\\"22\\\\\\\/07\\\\\\\/22 \\\",\\\"value\\\":22.73},{\\\"date\\\":\\\"25\\\\\\\/07\\\\\\\/22 \\\",\\\"value\\\":22.97},{\\\"date\\\":\\\"26\\\\\\\/07\\\\\\\/22 \\\",\\\"value\\\":23.15},{\\\"date\\\":\\\"27\\\\\\\/07\\\\\\\/22 \\\",\\\"value\\\":23.78},{\\\"date\\\":\\\"28\\\\\\\/07\\\\\\\/22 \\\",\\\"value\\\":24.15},{\\\"date\\\":\\\"29\\\\\\\/07\\\\\\\/22 \\\",\\\"value\\\":24.47},{\\\"date\\\":\\\"01\\\\\\\/08\\\\\\\/22 \\\",\\\"value\\\":24.43},{\\\"date\\\":\\\"02\\\\\\\/08\\\\\\\/22 \\\",\\\"value\\\":24.58},{\\\"date\\\":\\\"03\\\\\\\/08\\\\\\\/22 \\\",\\\"value\\\":24.65},{\\\"date\\\":\\\"04\\\\\\\/08\\\\\\\/22 \\\",\\\"value\\\":25.3},{\\\"date\\\":\\\"05\\\\\\\/08\\\\\\\/22 \\\",\\\"value\\\":25.13},{\\\"date\\\":\\\"08\\\\\\\/08\\\\\\\/22 \\\",\\\"value\\\":25.1},{\\\"date\\\":\\\"09\\\\\\\/08\\\\\\\/22 \\\",\\\"value\\\":25.2},{\\\"date\\\":\\\"10\\\\\\\/08\\\\\\\/22 \\\",\\\"value\\\":25.12},{\\\"date\\\":\\\"11\\\\\\\/08\\\\\\\/22 \\\",\\\"value\\\":23.85},{\\\"date\\\":\\\"12\\\\\\\/08\\\\\\\/22 \\\",\\\"value\\\":24.13},{\\\"date\\\":\\\"15\\\\\\\/08\\\\\\\/22 \\\",\\\"value\\\":24.69},{\\\"date\\\":\\\"16\\\\\\\/08\\\\\\\/22 \\\",\\\"value\\\":24.62},{\\\"date\\\":\\\"17\\\\\\\/08\\\\\\\/22 \\\",\\\"value\\\":24.97},{\\\"date\\\":\\\"18\\\\\\\/08\\\\\\\/22 \\\",\\\"value\\\":24.84},{\\\"date\\\":\\\"19\\\\\\\/08\\\\\\\/22 \\\",\\\"value\\\":24.61},{\\\"date\\\":\\\"22\\\\\\\/08\\\\\\\/22 \\\",\\\"value\\\":24.35},{\\\"date\\\":\\\"23\\\\\\\/08\\\\\\\/22 \\\",\\\"value\\\":24.4},{\\\"date\\\":\\\"24\\\\\\\/08\\\\\\\/22 \\\",\\\"value\\\":24.29},{\\\"date\\\":\\\"25\\\\\\\/08\\\\\\\/22 \\\",\\\"value\\\":24.11},{\\\"date\\\":\\\"26\\\\\\\/08\\\\\\\/22 \\\",\\\"value\\\":23.66},{\\\"date\\\":\\\"29\\\\\\\/08\\\\\\\/22 \\\",\\\"value\\\":23.7},{\\\"date\\\":\\\"30\\\\\\\/08\\\\\\\/22 \\\",\\\"value\\\":23.69},{\\\"date\\\":\\\"31\\\\\\\/08\\\\\\\/22 \\\",\\\"value\\\":23.84},{\\\"date\\\":\\\"01\\\\\\\/09\\\\\\\/22 \\\",\\\"value\\\":24.11},{\\\"date\\\":\\\"02\\\\\\\/09\\\\\\\/22 \\\",\\\"value\\\":24.05},{\\\"date\\\":\\\"05\\\\\\\/09\\\\\\\/22 \\\",\\\"value\\\":24.88},{\\\"date\\\":\\\"06\\\\\\\/09\\\\\\\/22 \\\",\\\"value\\\":24.57},{\\\"date\\\":\\\"08\\\\\\\/09\\\\\\\/22 \\\",\\\"value\\\":24.28},{\\\"date\\\":\\\"09\\\\\\\/09\\\\\\\/22 \\\",\\\"value\\\":24.16},{\\\"date\\\":\\\"12\\\\\\\/09\\\\\\\/22 \\\",\\\"value\\\":24.29},{\\\"date\\\":\\\"13\\\\\\\/09\\\\\\\/22 \\\",\\\"value\\\":24.17},{\\\"date\\\":\\\"14\\\\\\\/09\\\\\\\/22 \\\",\\\"value\\\":24.4},{\\\"date\\\":\\\"15\\\\\\\/09\\\\\\\/22 \\\",\\\"value\\\":24.14},{\\\"date\\\":\\\"16\\\\\\\/09\\\\\\\/22 \\\",\\\"value\\\":23.88},{\\\"date\\\":\\\"19\\\\\\\/09\\\\\\\/22 \\\",\\\"value\\\":24.35},{\\\"date\\\":\\\"20\\\\\\\/09\\\\\\\/22 \\\",\\\"value\\\":24.26},{\\\"date\\\":\\\"21\\\\\\\/09\\\\\\\/22 \\\",\\\"value\\\":24.38},{\\\"date\\\":\\\"22\\\\\\\/09\\\\\\\/22 \\\",\\\"value\\\":24.68},{\\\"date\\\":\\\"23\\\\\\\/09\\\\\\\/22 \\\",\\\"value\\\":26.6},{\\\"date\\\":\\\"26\\\\\\\/09\\\\\\\/22 \\\",\\\"value\\\":26.34},{\\\"date\\\":\\\"27\\\\\\\/09\\\\\\\/22 \\\",\\\"value\\\":25.79},{\\\"date\\\":\\\"28\\\\\\\/09\\\\\\\/22 \\\",\\\"value\\\":25.74},{\\\"date\\\":\\\"29\\\\\\\/09\\\\\\\/22 \\\",\\\"value\\\":25.65},{\\\"date\\\":\\\"30\\\\\\\/09\\\\\\\/22 \\\",\\\"value\\\":26.53},{\\\"date\\\":\\\"03\\\\\\\/10\\\\\\\/22 \\\",\\\"value\\\":28.2},{\\\"date\\\":\\\"04\\\\\\\/10\\\\\\\/22 \\\",\\\"value\\\":27.91},{\\\"date\\\":\\\"05\\\\\\\/10\\\\\\\/22 \\\",\\\"value\\\":28.28},{\\\"date\\\":\\\"06\\\\\\\/10\\\\\\\/22 \\\",\\\"value\\\":27.77},{\\\"date\\\":\\\"07\\\\\\\/10\\\\\\\/22 \\\",\\\"value\\\":27.61},{\\\"date\\\":\\\"10\\\\\\\/10\\\\\\\/22 \\\",\\\"value\\\":27.97},{\\\"date\\\":\\\"11\\\\\\\/10\\\\\\\/22 \\\",\\\"value\\\":28.25},{\\\"date\\\":\\\"13\\\\\\\/10\\\\\\\/22 \\\",\\\"value\\\":27.24},{\\\"date\\\":\\\"14\\\\\\\/10\\\\\\\/22 \\\",\\\"value\\\":26.9},{\\\"date\\\":\\\"17\\\\\\\/10\\\\\\\/22 \\\",\\\"value\\\":27.19},{\\\"date\\\":\\\"18\\\\\\\/10\\\\\\\/22 \\\",\\\"value\\\":27.63},{\\\"date\\\":\\\"19\\\\\\\/10\\\\\\\/22 \\\",\\\"value\\\":27.84},{\\\"date\\\":\\\"20\\\\\\\/10\\\\\\\/22 \\\",\\\"value\\\":27.84},{\\\"date\\\":\\\"21\\\\\\\/10\\\\\\\/22 \\\",\\\"value\\\":28.16},{\\\"date\\\":\\\"24\\\\\\\/10\\\\\\\/22 \\\",\\\"value\\\":27.76},{\\\"date\\\":\\\"25\\\\\\\/10\\\\\\\/22 \\\",\\\"value\\\":27.63},{\\\"date\\\":\\\"26\\\\\\\/10\\\\\\\/22 \\\",\\\"value\\\":27.06},{\\\"date\\\":\\\"27\\\\\\\/10\\\\\\\/22 \\\",\\\"value\\\":28.16},{\\\"date\\\":\\\"28\\\\\\\/10\\\\\\\/22 \\\",\\\"value\\\":28.18},{\\\"date\\\":\\\"31\\\\\\\/10\\\\\\\/22 \\\",\\\"value\\\":29.61},{\\\"date\\\":\\\"01\\\\\\\/11\\\\\\\/22 \\\",\\\"value\\\":29.58},{\\\"date\\\":\\\"03\\\\\\\/11\\\\\\\/22 \\\",\\\"value\\\":29.32},{\\\"date\\\":\\\"04\\\\\\\/11\\\\\\\/22 \\\",\\\"value\\\":29.64},{\\\"date\\\":\\\"07\\\\\\\/11\\\\\\\/22 \\\",\\\"value\\\":28.54},{\\\"date\\\":\\\"08\\\\\\\/11\\\\\\\/22 \\\",\\\"value\\\":28.95},{\\\"date\\\":\\\"09\\\\\\\/11\\\\\\\/22 \\\",\\\"value\\\":28.94},{\\\"date\\\":\\\"10\\\\\\\/11\\\\\\\/22 \\\",\\\"value\\\":28.12},{\\\"date\\\":\\\"11\\\\\\\/11\\\\\\\/22 \\\",\\\"value\\\":28.15},{\\\"date\\\":\\\"14\\\\\\\/11\\\\\\\/22 \\\",\\\"value\\\":28.22},{\\\"date\\\":\\\"16\\\\\\\/11\\\\\\\/22 \\\",\\\"value\\\":26.98},{\\\"date\\\":\\\"17\\\\\\\/11\\\\\\\/22 \\\",\\\"value\\\":27.05},{\\\"date\\\":\\\"18\\\\\\\/11\\\\\\\/22 \\\",\\\"value\\\":27.13},{\\\"date\\\":\\\"21\\\\\\\/11\\\\\\\/22 \\\",\\\"value\\\":27.34},{\\\"date\\\":\\\"22\\\\\\\/11\\\\\\\/22 \\\",\\\"value\\\":27.29},{\\\"date\\\":\\\"23\\\\\\\/11\\\\\\\/22 \\\",\\\"value\\\":27.53},{\\\"date\\\":\\\"24\\\\\\\/11\\\\\\\/22 \\\",\\\"value\\\":28.24},{\\\"date\\\":\\\"25\\\\\\\/11\\\\\\\/22 \\\",\\\"value\\\":27.12},{\\\"date\\\":\\\"28\\\\\\\/11\\\\\\\/22 \\\",\\\"value\\\":26.82},{\\\"date\\\":\\\"29\\\\\\\/11\\\\\\\/22 \\\",\\\"value\\\":27.05},{\\\"date\\\":\\\"30\\\\\\\/11\\\\\\\/22 \\\",\\\"value\\\":27.17},{\\\"date\\\":\\\"01\\\\\\\/12\\\\\\\/22 \\\",\\\"value\\\":26.99},{\\\"date\\\":\\\"02\\\\\\\/12\\\\\\\/22 \\\",\\\"value\\\":26.83},{\\\"date\\\":\\\"05\\\\\\\/12\\\\\\\/22 \\\",\\\"value\\\":26.1},{\\\"date\\\":\\\"06\\\\\\\/12\\\\\\\/22 \\\",\\\"value\\\":26.12},{\\\"date\\\":\\\"07\\\\\\\/12\\\\\\\/22 \\\",\\\"value\\\":26.24},{\\\"date\\\":\\\"08\\\\\\\/12\\\\\\\/22 \\\",\\\"value\\\":26.01},{\\\"date\\\":\\\"09\\\\\\\/12\\\\\\\/22 \\\",\\\"value\\\":26.01},{\\\"date\\\":\\\"12\\\\\\\/12\\\\\\\/22 \\\",\\\"value\\\":26.06},{\\\"date\\\":\\\"13\\\\\\\/12\\\\\\\/22 \\\",\\\"value\\\":25.73},{\\\"date\\\":\\\"14\\\\\\\/12\\\\\\\/22 \\\",\\\"value\\\":25.84},{\\\"date\\\":\\\"15\\\\\\\/12\\\\\\\/22 \\\",\\\"value\\\":25.62},{\\\"date\\\":\\\"16\\\\\\\/12\\\\\\\/22 \\\",\\\"value\\\":25.87},{\\\"date\\\":\\\"19\\\\\\\/12\\\\\\\/22 \\\",\\\"value\\\":26.18},{\\\"date\\\":\\\"20\\\\\\\/12\\\\\\\/22 \\\",\\\"value\\\":26.39},{\\\"date\\\":\\\"21\\\\\\\/12\\\\\\\/22 \\\",\\\"value\\\":26.4},{\\\"date\\\":\\\"22\\\\\\\/12\\\\\\\/22 \\\",\\\"value\\\":26.52},{\\\"date\\\":\\\"23\\\\\\\/12\\\\\\\/22 \\\",\\\"value\\\":26.6},{\\\"date\\\":\\\"26\\\\\\\/12\\\\\\\/22 \\\",\\\"value\\\":25.94},{\\\"date\\\":\\\"27\\\\\\\/12\\\\\\\/22 \\\",\\\"value\\\":26},{\\\"date\\\":\\\"28\\\\\\\/12\\\\\\\/22 \\\",\\\"value\\\":26.9},{\\\"date\\\":\\\"29\\\\\\\/12\\\\\\\/22 \\\",\\\"value\\\":26.64},{\\\"date\\\":\\\"02\\\\\\\/01\\\\\\\/23 \\\",\\\"value\\\":25.83},{\\\"date\\\":\\\"03\\\\\\\/01\\\\\\\/23 \\\",\\\"value\\\":25.19},{\\\"date\\\":\\\"04\\\\\\\/01\\\\\\\/23 \\\",\\\"value\\\":25.24},{\\\"date\\\":\\\"05\\\\\\\/01\\\\\\\/23 \\\",\\\"value\\\":25.32},{\\\"date\\\":\\\"06\\\\\\\/01\\\\\\\/23 \\\",\\\"value\\\":25.24},{\\\"date\\\":\\\"09\\\\\\\/01\\\\\\\/23 \\\",\\\"value\\\":25.59},{\\\"date\\\":\\\"10\\\\\\\/01\\\\\\\/23 \\\",\\\"value\\\":25.82},{\\\"date\\\":\\\"11\\\\\\\/01\\\\\\\/23 \\\",\\\"value\\\":26.98},{\\\"date\\\":\\\"12\\\\\\\/01\\\\\\\/23 \\\",\\\"value\\\":27.17},{\\\"date\\\":\\\"13\\\\\\\/01\\\\\\\/23 \\\",\\\"value\\\":26.7},{\\\"date\\\":\\\"16\\\\\\\/01\\\\\\\/23 \\\",\\\"value\\\":26.46},{\\\"date\\\":\\\"17\\\\\\\/01\\\\\\\/23 \\\",\\\"value\\\":26.45},{\\\"date\\\":\\\"18\\\\\\\/01\\\\\\\/23 \\\",\\\"value\\\":27.04},{\\\"date\\\":\\\"19\\\\\\\/01\\\\\\\/23 \\\",\\\"value\\\":27.01},{\\\"date\\\":\\\"20\\\\\\\/01\\\\\\\/23 \\\",\\\"value\\\":26.57},{\\\"date\\\":\\\"23\\\\\\\/01\\\\\\\/23 \\\",\\\"value\\\":26.61},{\\\"date\\\":\\\"24\\\\\\\/01\\\\\\\/23 \\\",\\\"value\\\":26.85},{\\\"date\\\":\\\"25\\\\\\\/01\\\\\\\/23 \\\",\\\"value\\\":27.48},{\\\"date\\\":\\\"26\\\\\\\/01\\\\\\\/23 \\\",\\\"value\\\":27.59},{\\\"date\\\":\\\"27\\\\\\\/01\\\\\\\/23 \\\",\\\"value\\\":27.4},{\\\"date\\\":\\\"30\\\\\\\/01\\\\\\\/23 \\\",\\\"value\\\":27.12},{\\\"date\\\":\\\"31\\\\\\\/01\\\\\\\/23 \\\",\\\"value\\\":27.63},{\\\"date\\\":\\\"01\\\\\\\/02\\\\\\\/23 \\\",\\\"value\\\":27.61},{\\\"date\\\":\\\"02\\\\\\\/02\\\\\\\/23 \\\",\\\"value\\\":27.67},{\\\"date\\\":\\\"03\\\\\\\/02\\\\\\\/23 \\\",\\\"value\\\":26.81},{\\\"date\\\":\\\"06\\\\\\\/02\\\\\\\/23 \\\",\\\"value\\\":26.56},{\\\"date\\\":\\\"07\\\\\\\/02\\\\\\\/23 \\\",\\\"value\\\":26.08},{\\\"date\\\":\\\"08\\\\\\\/02\\\\\\\/23 \\\",\\\"value\\\":26.59},{\\\"date\\\":\\\"09\\\\\\\/02\\\\\\\/23 \\\",\\\"value\\\":25.86},{\\\"date\\\":\\\"10\\\\\\\/02\\\\\\\/23 \\\",\\\"value\\\":26.38},{\\\"date\\\":\\\"13\\\\\\\/02\\\\\\\/23 \\\",\\\"value\\\":26.24},{\\\"date\\\":\\\"14\\\\\\\/02\\\\\\\/23 \\\",\\\"value\\\":25.98},{\\\"date\\\":\\\"15\\\\\\\/02\\\\\\\/23 \\\",\\\"value\\\":26.23},{\\\"date\\\":\\\"16\\\\\\\/02\\\\\\\/23 \\\",\\\"value\\\":26.11},{\\\"date\\\":\\\"17\\\\\\\/02\\\\\\\/23 \\\",\\\"value\\\":25.83},{\\\"date\\\":\\\"22\\\\\\\/02\\\\\\\/23 \\\",\\\"value\\\":25.5},{\\\"date\\\":\\\"23\\\\\\\/02\\\\\\\/23 \\\",\\\"value\\\":25.69},{\\\"date\\\":\\\"24\\\\\\\/02\\\\\\\/23 \\\",\\\"value\\\":25.34},{\\\"date\\\":\\\"27\\\\\\\/02\\\\\\\/23 \\\",\\\"value\\\":25.16},{\\\"date\\\":\\\"28\\\\\\\/02\\\\\\\/23 \\\",\\\"value\\\":25.08},{\\\"date\\\":\\\"01\\\\\\\/03\\\\\\\/23 \\\",\\\"value\\\":24.54},{\\\"date\\\":\\\"02\\\\\\\/03\\\\\\\/23 \\\",\\\"value\\\":24.59},{\\\"date\\\":\\\"03\\\\\\\/03\\\\\\\/23 \\\",\\\"value\\\":24.78},{\\\"date\\\":\\\"06\\\\\\\/03\\\\\\\/23 \\\",\\\"value\\\":25.14},{\\\"date\\\":\\\"07\\\\\\\/03\\\\\\\/23 \\\",\\\"value\\\":25.15},{\\\"date\\\":\\\"08\\\\\\\/03\\\\\\\/23 \\\",\\\"value\\\":25.69},{\\\"date\\\":\\\"09\\\\\\\/03\\\\\\\/23 \\\",\\\"value\\\":25.76},{\\\"date\\\":\\\"10\\\\\\\/03\\\\\\\/23 \\\",\\\"value\\\":25.8},{\\\"date\\\":\\\"13\\\\\\\/03\\\\\\\/23 \\\",\\\"value\\\":25.9},{\\\"date\\\":\\\"14\\\\\\\/03\\\\\\\/23 \\\",\\\"value\\\":25.72},{\\\"date\\\":\\\"15\\\\\\\/03\\\\\\\/23 \\\",\\\"value\\\":26.66},{\\\"date\\\":\\\"16\\\\\\\/03\\\\\\\/23 \\\",\\\"value\\\":26.39},{\\\"date\\\":\\\"17\\\\\\\/03\\\\\\\/23 \\\",\\\"value\\\":25.07},{\\\"date\\\":\\\"20\\\\\\\/03\\\\\\\/23 \\\",\\\"value\\\":24.84},{\\\"date\\\":\\\"21\\\\\\\/03\\\\\\\/23 \\\",\\\"value\\\":24.72},{\\\"date\\\":\\\"22\\\\\\\/03\\\\\\\/23 \\\",\\\"value\\\":24.81},{\\\"date\\\":\\\"23\\\\\\\/03\\\\\\\/23 \\\",\\\"value\\\":24.19},{\\\"date\\\":\\\"24\\\\\\\/03\\\\\\\/23 \\\",\\\"value\\\":25.02},{\\\"date\\\":\\\"27\\\\\\\/03\\\\\\\/23 \\\",\\\"value\\\":25.63},{\\\"date\\\":\\\"28\\\\\\\/03\\\\\\\/23 \\\",\\\"value\\\":26.31},{\\\"date\\\":\\\"29\\\\\\\/03\\\\\\\/23 \\\",\\\"value\\\":26.21},{\\\"date\\\":\\\"30\\\\\\\/03\\\\\\\/23 \\\",\\\"value\\\":26.69},{\\\"date\\\":\\\"31\\\\\\\/03\\\\\\\/23 \\\",\\\"value\\\":26.59},{\\\"date\\\":\\\"03\\\\\\\/04\\\\\\\/23 \\\",\\\"value\\\":26.51},{\\\"date\\\":\\\"04\\\\\\\/04\\\\\\\/23 \\\",\\\"value\\\":27.22},{\\\"date\\\":\\\"05\\\\\\\/04\\\\\\\/23 \\\",\\\"value\\\":26.89},{\\\"date\\\":\\\"06\\\\\\\/04\\\\\\\/23 \\\",\\\"value\\\":27.3},{\\\"date\\\":\\\"10\\\\\\\/04\\\\\\\/23 \\\",\\\"value\\\":27.39},{\\\"date\\\":\\\"11\\\\\\\/04\\\\\\\/23 \\\",\\\"value\\\":27.67},{\\\"date\\\":\\\"12\\\\\\\/04\\\\\\\/23 \\\",\\\"value\\\":28.13},{\\\"date\\\":\\\"13\\\\\\\/04\\\\\\\/23 \\\",\\\"value\\\":28.36},{\\\"date\\\":\\\"14\\\\\\\/04\\\\\\\/23 \\\",\\\"value\\\":28.37},{\\\"date\\\":\\\"17\\\\\\\/04\\\\\\\/23 \\\",\\\"value\\\":28.04},{\\\"date\\\":\\\"18\\\\\\\/04\\\\\\\/23 \\\",\\\"value\\\":27.65},{\\\"date\\\":\\\"19\\\\\\\/04\\\\\\\/23 \\\",\\\"value\\\":27},{\\\"date\\\":\\\"20\\\\\\\/04\\\\\\\/23 \\\",\\\"value\\\":27.7},{\\\"date\\\":\\\"24\\\\\\\/04\\\\\\\/23 \\\",\\\"value\\\":27.37},{\\\"date\\\":\\\"25\\\\\\\/04\\\\\\\/23 \\\",\\\"value\\\":27.23},{\\\"date\\\":\\\"26\\\\\\\/04\\\\\\\/23 \\\",\\\"value\\\":26.95},{\\\"date\\\":\\\"27\\\\\\\/04\\\\\\\/23 \\\",\\\"value\\\":26.82},{\\\"date\\\":\\\"28\\\\\\\/04\\\\\\\/23 \\\",\\\"value\\\":26.96},{\\\"date\\\":\\\"02\\\\\\\/05\\\\\\\/23 \\\",\\\"value\\\":26.7},{\\\"date\\\":\\\"03\\\\\\\/05\\\\\\\/23 \\\",\\\"value\\\":26.4},{\\\"date\\\":\\\"04\\\\\\\/05\\\\\\\/23 \\\",\\\"value\\\":27.1},{\\\"date\\\":\\\"05\\\\\\\/05\\\\\\\/23 \\\",\\\"value\\\":27.43},{\\\"date\\\":\\\"08\\\\\\\/05\\\\\\\/23 \\\",\\\"value\\\":27.47},{\\\"date\\\":\\\"09\\\\\\\/05\\\\\\\/23 \\\",\\\"value\\\":27.8},{\\\"date\\\":\\\"10\\\\\\\/05\\\\\\\/23 \\\",\\\"value\\\":28.04},{\\\"date\\\":\\\"11\\\\\\\/05\\\\\\\/23 \\\",\\\"value\\\":28.41},{\\\"date\\\":\\\"12\\\\\\\/05\\\\\\\/23 \\\",\\\"value\\\":28.79},{\\\"date\\\":\\\"15\\\\\\\/05\\\\\\\/23 \\\",\\\"value\\\":28.96},{\\\"date\\\":\\\"16\\\\\\\/05\\\\\\\/23 \\\",\\\"value\\\":28.72},{\\\"date\\\":\\\"17\\\\\\\/05\\\\\\\/23 \\\",\\\"value\\\":28.62},{\\\"date\\\":\\\"18\\\\\\\/05\\\\\\\/23 \\\",\\\"value\\\":28.84},{\\\"date\\\":\\\"19\\\\\\\/05\\\\\\\/23 \\\",\\\"value\\\":29.31},{\\\"date\\\":\\\"22\\\\\\\/05\\\\\\\/23 \\\",\\\"value\\\":29.24},{\\\"date\\\":\\\"23\\\\\\\/05\\\\\\\/23 \\\",\\\"value\\\":29.15},{\\\"date\\\":\\\"24\\\\\\\/05\\\\\\\/23 \\\",\\\"value\\\":28.72},{\\\"date\\\":\\\"25\\\\\\\/05\\\\\\\/23 \\\",\\\"value\\\":28.97},{\\\"date\\\":\\\"26\\\\\\\/05\\\\\\\/23 \\\",\\\"value\\\":28.9},{\\\"date\\\":\\\"29\\\\\\\/05\\\\\\\/23 \\\",\\\"value\\\":28.24},{\\\"date\\\":\\\"30\\\\\\\/05\\\\\\\/23 \\\",\\\"value\\\":28.1},{\\\"date\\\":\\\"31\\\\\\\/05\\\\\\\/23 \\\",\\\"value\\\":28.15},{\\\"date\\\":\\\"01\\\\\\\/06\\\\\\\/23 \\\",\\\"value\\\":27.95},{\\\"date\\\":\\\"02\\\\\\\/06\\\\\\\/23 \\\",\\\"value\\\":27.99}]\";\n  let isPositive_68764986bd4d3e5100b07ed99089da1b = true;\n\n  let color_68764986bd4d3e5100b07ed99089da1b = isPositive_68764986bd4d3e5100b07ed99089da1b ? '#3AB53A' : '#D92C2D';\n\n  let data_68764986bd4d3e5100b07ed99089da1b = JSON.parse(data_json_68764986bd4d3e5100b07ed99089da1b);\n\n  const result_68764986bd4d3e5100b07ed99089da1b = {\n    date: [],\n    value: [],\n  };\n\n  data_68764986bd4d3e5100b07ed99089da1b.forEach((item) => {\n    result_68764986bd4d3e5100b07ed99089da1b.date.push(item.date);\n    result_68764986bd4d3e5100b07ed99089da1b.value.push(Number(item.value));\n  });\n\n  let option_68764986bd4d3e5100b07ed99089da1b = {\n    \/\/ variavel de cor global\n    color: [color_68764986bd4d3e5100b07ed99089da1b],\n    title: {\n      text: '',\n    },\n    tooltip: {\n      trigger: 'axis',\n      axisPointer: {\n        type: 'cross',\n        label: {\n          \/\/ cor dos valores em X e Y\n          backgroundColor: color_68764986bd4d3e5100b07ed99089da1b,\n          formatter: (value) => {\n            if (typeof value.value === 'number') {\n              return Number(value.value).toLocaleString('pt-br', {\n                style: 'currency',\n                currency: 'BRL'\n              });\n            }\n            return value.value;\n          },\n        },\n      },\n      valueFormatter: (value) => Number(value).toLocaleString('pt-br', {\n        style: 'currency',\n        currency: 'BRL'\n      }),\n    },\n    legend: {\n      \/\/ data: ['Valor de Fechamento'],\n      show: false,\n    },\n    toolbox: {\n      feature: {\n        saveAsImage: {\n          show: false,\n        },\n      },\n    },\n    grid: {\n      left: '0px',\n      right: '0px',\n      bottom: '0px',\n      containLabel: true,\n    },\n    xAxis: [{\n      type: 'category',\n      data: result_68764986bd4d3e5100b07ed99089da1b.date,\n      boundaryGap: true,\n    }],\n    yAxis: [{\n      type: 'value',\n      min: Math.min(...result_68764986bd4d3e5100b07ed99089da1b.value),\n      max: Math.max(...result_68764986bd4d3e5100b07ed99089da1b.value),\n      axisLabel: {\n        formatter: (value) => value.toLocaleString('pt-br', {\n          style: 'currency',\n          currency: 'BRL'\n        }),\n      },\n    }],\n    series: [{\n      name: 'Valor de Fechamento',\n      type: 'line',\n      stack: 'Total',\n      \/\/ cor do grafico\n      areaStyle: {},\n      emphasis: {\n        focus: 'series',\n      },\n      data: result_68764986bd4d3e5100b07ed99089da1b.value,\n      \/\/ cor da linha\n      lineStyle: {\n        color: color_68764986bd4d3e5100b07ed99089da1b,\n      },\n    }, ],\n  };\n\n\twindow.chart_68764986bd4d3e5100b07ed99089da1b = {\n\t\tel: chart_68764986bd4d3e5100b07ed99089da1b,\n\t\toption: option_68764986bd4d3e5100b07ed99089da1b\t};\n\n\n<\/script>\n\n\n\t<p>\n\t\t<a href=\"https:\/\/lp.suno.com.br\/suno-one\/?utm_campaign=_SNC6964518A_\" target=\"_blank\" data-element=\"shortcode-suno-banner\" title=\"Banner SUNO, clique e saiba mais\">\n\t\t\t<picture>\n\t\t\t\t<source media=\"(max-width: 500px)\" srcset=\"https:\/\/files.sunoresearch.com.br\/n\/uploads\/2025\/09\/400x300-Suno-One-png.webp\">\n\t\t\t\t<img class=\"newsContent__article__imgCapa newsContent__article__imgCapa--banner\"\n\t\t\t\t\tsrc=\"https:\/\/files.sunoresearch.com.br\/n\/uploads\/2025\/09\/1420x240-Suno-One-png.webp\"\n\t\t\t\t\tdata-promo-id=\"383121\"\t\t\t\t\t\t\t\t\t\twidth='1420' height='240'\t\t\t\t\talt=\"https:\/\/files.sunoresearch.com.br\/n\/uploads\/2025\/09\/1420x240-Suno-One-png.webp\"\n\t\t\t\t>\n\t\t\t<\/picture>\n\t\t<\/a>\n\t<\/p>\n\n\n","protected":false},"excerpt":{"rendered":"<p>A Equatorial (EQTL3) se manifestou a respeito de uma mat\u00e9ria publicada no Estad\u00e3o Broadcast+, divulgada na \u00faltima quarta-feira (31). A reportagem dizia que a empresa teria contratado a Rothschild \u2013 empresa que presta servi\u00e7os financeiros a empresas \u2013 para estudar ativos da Light (LIGT3), que est\u00e1 em recupera\u00e7\u00e3o judicial. Equatorial (EQTL3) Foto: Divulga\u00e7\u00e3o Em resposta [&hellip;]<\/p>\n","protected":false},"author":295,"featured_media":301956,"comment_status":"closed","ping_status":"closed","sticky":false,"template":"","format":"standard","meta":[],"categories":[64],"tags":[286,105039,41531],"suno_strategy":[],"class_list":["post-412603","post","type-post","status-publish","format-standard","has-post-thumbnail","hentry","category-negocios","tag-acoes","tag-equatorial-eqtl3","tag-light-ligt3"],"yoast_head":"<!-- This site is optimized with the Yoast SEO plugin v24.4 - https:\/\/yoast.com\/wordpress\/plugins\/seo\/ -->\n<title>Equatorial (EQTL3) confirma que tem avaliado ativos do grupo Light<\/title>\n<meta name=\"description\" content=\"A Equatorial confirmou que tem avaliado os ativos do grupo Light dentro do processo natural de oportunidades conduzido pela companhia. Veja!\" \/>\n<meta name=\"robots\" content=\"index, follow, max-snippet:-1, max-image-preview:large, max-video-preview:-1\" \/>\n<link rel=\"canonical\" href=\"https:\/\/www.suno.com.br\/noticias\/equatorial-eqtl3-confirma-que-tem-avaliado-ativos-do-grupo-light\/\" \/>\n<meta property=\"og:locale\" content=\"pt_BR\" \/>\n<meta property=\"og:type\" content=\"article\" \/>\n<meta property=\"og:title\" content=\"Equatorial (EQTL3) confirma que tem avaliado ativos do grupo Light\" \/>\n<meta property=\"og:description\" content=\"A Equatorial confirmou que tem avaliado os ativos do grupo Light dentro do processo natural de oportunidades conduzido pela companhia. Veja!\" \/>\n<meta property=\"og:url\" content=\"https:\/\/www.suno.com.br\/noticias\/equatorial-eqtl3-confirma-que-tem-avaliado-ativos-do-grupo-light\/\" \/>\n<meta property=\"og:site_name\" content=\"Suno Not\u00edcias\" \/>\n<meta property=\"article:publisher\" content=\"https:\/\/facebook.com\/sunoresearch\" \/>\n<meta property=\"og:image\" content=\"https:\/\/files.sunoresearch.com.br\/n\/uploads\/2022\/09\/Equatorial.jpg\" \/>\n\t<meta property=\"og:image:width\" content=\"1400\" \/>\n\t<meta property=\"og:image:height\" content=\"801\" \/>\n\t<meta property=\"og:image:type\" content=\"image\/jpeg\" \/>\n<meta name=\"author\" content=\"Giovanni Porf\u00edrio Jacomino\" \/>\n<meta name=\"twitter:card\" content=\"summary_large_image\" \/>\n<meta name=\"twitter:creator\" content=\"@sunoresearch\" \/>\n<meta name=\"twitter:site\" content=\"@sunoresearch\" \/>\n<meta name=\"twitter:label1\" content=\"Escrito por\" \/>\n\t<meta name=\"twitter:data1\" content=\"Giovanni Porf\u00edrio Jacomino\" \/>\n\t<meta name=\"twitter:label2\" content=\"Est. tempo de leitura\" \/>\n\t<meta name=\"twitter:data2\" content=\"3 minutos\" \/>\n<script type=\"application\/ld+json\" class=\"yoast-schema-graph\">{\"@context\":\"https:\/\/schema.org\",\"@graph\":[{\"@type\":\"NewsArticle\",\"@id\":\"https:\/\/www.suno.com.br\/noticias\/equatorial-eqtl3-confirma-que-tem-avaliado-ativos-do-grupo-light\/#article\",\"isPartOf\":{\"@id\":\"https:\/\/www.suno.com.br\/noticias\/equatorial-eqtl3-confirma-que-tem-avaliado-ativos-do-grupo-light\/\"},\"author\":{\"name\":\"Giovanni Porf\u00edrio Jacomino\",\"@id\":\"https:\/\/www.suno.com.br\/noticias\/#\/schema\/person\/217058341e4dbe1f68f3b898b09ca015\"},\"headline\":\"Equatorial (EQTL3) confirma que avalia ativos do grupo Light\",\"datePublished\":\"2023-06-03T01:20:08+00:00\",\"dateModified\":\"2023-06-03T01:20:14+00:00\",\"mainEntityOfPage\":{\"@id\":\"https:\/\/www.suno.com.br\/noticias\/equatorial-eqtl3-confirma-que-tem-avaliado-ativos-do-grupo-light\/\"},\"wordCount\":532,\"publisher\":{\"@id\":\"https:\/\/www.suno.com.br\/noticias\/#organization\"},\"image\":{\"@id\":\"https:\/\/www.suno.com.br\/noticias\/equatorial-eqtl3-confirma-que-tem-avaliado-ativos-do-grupo-light\/#primaryimage\"},\"thumbnailUrl\":\"https:\/\/files.sunoresearch.com.br\/n\/uploads\/2022\/09\/Equatorial.jpg\",\"keywords\":[\"A\u00e7\u00f5es\",\"Equatorial (EQTL3)\",\"Light (LIGT3)\"],\"articleSection\":[\"Neg\u00f3cios\"],\"inLanguage\":\"pt-BR\"},{\"@type\":\"WebPage\",\"@id\":\"https:\/\/www.suno.com.br\/noticias\/equatorial-eqtl3-confirma-que-tem-avaliado-ativos-do-grupo-light\/\",\"url\":\"https:\/\/www.suno.com.br\/noticias\/equatorial-eqtl3-confirma-que-tem-avaliado-ativos-do-grupo-light\/\",\"name\":\"Equatorial (EQTL3) confirma que tem avaliado ativos do grupo Light\",\"isPartOf\":{\"@id\":\"https:\/\/www.suno.com.br\/noticias\/#website\"},\"primaryImageOfPage\":{\"@id\":\"https:\/\/www.suno.com.br\/noticias\/equatorial-eqtl3-confirma-que-tem-avaliado-ativos-do-grupo-light\/#primaryimage\"},\"image\":{\"@id\":\"https:\/\/www.suno.com.br\/noticias\/equatorial-eqtl3-confirma-que-tem-avaliado-ativos-do-grupo-light\/#primaryimage\"},\"thumbnailUrl\":\"https:\/\/files.sunoresearch.com.br\/n\/uploads\/2022\/09\/Equatorial.jpg\",\"datePublished\":\"2023-06-03T01:20:08+00:00\",\"dateModified\":\"2023-06-03T01:20:14+00:00\",\"description\":\"A Equatorial confirmou que tem avaliado os ativos do grupo Light dentro do processo natural de oportunidades conduzido pela companhia. Veja!\",\"breadcrumb\":{\"@id\":\"https:\/\/www.suno.com.br\/noticias\/equatorial-eqtl3-confirma-que-tem-avaliado-ativos-do-grupo-light\/#breadcrumb\"},\"inLanguage\":\"pt-BR\",\"potentialAction\":[{\"@type\":\"ReadAction\",\"target\":[\"https:\/\/www.suno.com.br\/noticias\/equatorial-eqtl3-confirma-que-tem-avaliado-ativos-do-grupo-light\/\"]}]},{\"@type\":\"ImageObject\",\"inLanguage\":\"pt-BR\",\"@id\":\"https:\/\/www.suno.com.br\/noticias\/equatorial-eqtl3-confirma-que-tem-avaliado-ativos-do-grupo-light\/#primaryimage\",\"url\":\"https:\/\/files.sunoresearch.com.br\/n\/uploads\/2022\/09\/Equatorial.jpg\",\"contentUrl\":\"https:\/\/files.sunoresearch.com.br\/n\/uploads\/2022\/09\/Equatorial.jpg\",\"width\":1400,\"height\":801,\"caption\":\"Equatorial (EQTL3) Foto: Divulga\u00e7\u00e3o\"},{\"@type\":\"BreadcrumbList\",\"@id\":\"https:\/\/www.suno.com.br\/noticias\/equatorial-eqtl3-confirma-que-tem-avaliado-ativos-do-grupo-light\/#breadcrumb\",\"itemListElement\":[{\"@type\":\"ListItem\",\"position\":1,\"name\":\"Not\u00edcias\",\"item\":\"https:\/\/www.suno.com.br\/noticias\/\"},{\"@type\":\"ListItem\",\"position\":2,\"name\":\"Neg\u00f3cios\",\"item\":\"https:\/\/www.suno.com.br\/noticias\/negocios\/\"},{\"@type\":\"ListItem\",\"position\":3,\"name\":\"Equatorial (EQTL3) confirma que avalia ativos do grupo Light\"}]},{\"@type\":\"WebSite\",\"@id\":\"https:\/\/www.suno.com.br\/noticias\/#website\",\"url\":\"https:\/\/www.suno.com.br\/noticias\/\",\"name\":\"Suno Not\u00edcias\",\"description\":\"Seu portal de informa\u00e7\u00e3o sobre o mundo dos investimentos\",\"publisher\":{\"@id\":\"https:\/\/www.suno.com.br\/noticias\/#organization\"},\"potentialAction\":[{\"@type\":\"SearchAction\",\"target\":{\"@type\":\"EntryPoint\",\"urlTemplate\":\"https:\/\/www.suno.com.br\/noticias\/?s={search_term_string}\"},\"query-input\":{\"@type\":\"PropertyValueSpecification\",\"valueRequired\":true,\"valueName\":\"search_term_string\"}}],\"inLanguage\":\"pt-BR\"},{\"@type\":\"Organization\",\"@id\":\"https:\/\/www.suno.com.br\/noticias\/#organization\",\"name\":\"Suno Not\u00edcias\",\"url\":\"https:\/\/www.suno.com.br\/noticias\/\",\"logo\":{\"@type\":\"ImageObject\",\"inLanguage\":\"pt-BR\",\"@id\":\"https:\/\/www.suno.com.br\/noticias\/#\/schema\/logo\/image\/\",\"url\":\"https:\/\/files.sunoresearch.com.br\/n\/uploads\/2021\/09\/suno-logo.png\",\"contentUrl\":\"https:\/\/files.sunoresearch.com.br\/n\/uploads\/2021\/09\/suno-logo.png\",\"width\":180,\"height\":180,\"caption\":\"Suno Not\u00edcias\"},\"image\":{\"@id\":\"https:\/\/www.suno.com.br\/noticias\/#\/schema\/logo\/image\/\"},\"sameAs\":[\"https:\/\/facebook.com\/sunoresearch\",\"https:\/\/x.com\/sunoresearch\",\"https:\/\/www.instagram.com\/suno\",\"https:\/\/www.linkedin.com\/company\/suno-research\/\",\"https:\/\/www.youtube.com\/c\/sunoresearch\"]},{\"@type\":\"Person\",\"@id\":\"https:\/\/www.suno.com.br\/noticias\/#\/schema\/person\/217058341e4dbe1f68f3b898b09ca015\",\"name\":\"Giovanni Porf\u00edrio Jacomino\",\"image\":{\"@type\":\"ImageObject\",\"inLanguage\":\"pt-BR\",\"@id\":\"https:\/\/www.suno.com.br\/noticias\/#\/schema\/person\/image\/\",\"url\":\"https:\/\/secure.gravatar.com\/avatar\/bc678fc5559a55f79ada398443281309?s=96&r=g\",\"contentUrl\":\"https:\/\/secure.gravatar.com\/avatar\/bc678fc5559a55f79ada398443281309?s=96&r=g\",\"caption\":\"Giovanni Porf\u00edrio Jacomino\"},\"description\":\"Giovanni Porf\u00edrio Jacomino \u00e9 jornalista formado pela Universidade Estadual de Londrina (UEL) e p\u00f3s-graduado em Produ\u00e7\u00e3o e Pr\u00e1ticas Jornal\u00edsticas na Contemporaneidade na Faculdade C\u00e1sper L\u00edbero (FCL). Foi editor web no Startupi e no Finsiders, atuando ainda como editor no TC Mover, portal de not\u00edcias da TradersClub, fazendo a cobertura de assuntos relacionados ao mercado financeiro interno e externo. Atualmente, \u00e9 Rep\u00f3rter do Suno Not\u00edcias.\",\"url\":\"https:\/\/www.suno.com.br\/noticias\/author\/giovanniporfirio01gmail-com\/\"}]}<\/script>\n<!-- \/ Yoast SEO plugin. -->","yoast_head_json":{"title":"Equatorial (EQTL3) confirma que tem avaliado ativos do grupo Light","description":"A Equatorial confirmou que tem avaliado os ativos do grupo Light dentro do processo natural de oportunidades conduzido pela companhia. Veja!","robots":{"index":"index","follow":"follow","max-snippet":"max-snippet:-1","max-image-preview":"max-image-preview:large","max-video-preview":"max-video-preview:-1"},"canonical":"https:\/\/www.suno.com.br\/noticias\/equatorial-eqtl3-confirma-que-tem-avaliado-ativos-do-grupo-light\/","og_locale":"pt_BR","og_type":"article","og_title":"Equatorial (EQTL3) confirma que tem avaliado ativos do grupo Light","og_description":"A Equatorial confirmou que tem avaliado os ativos do grupo Light dentro do processo natural de oportunidades conduzido pela companhia. Veja!","og_url":"https:\/\/www.suno.com.br\/noticias\/equatorial-eqtl3-confirma-que-tem-avaliado-ativos-do-grupo-light\/","og_site_name":"Suno Not\u00edcias","article_publisher":"https:\/\/facebook.com\/sunoresearch","og_image":[{"width":1400,"height":801,"url":"https:\/\/files.sunoresearch.com.br\/n\/uploads\/2022\/09\/Equatorial.jpg","type":"image\/jpeg"}],"author":"Giovanni Porf\u00edrio Jacomino","twitter_card":"summary_large_image","twitter_creator":"@sunoresearch","twitter_site":"@sunoresearch","twitter_misc":{"Escrito por":"Giovanni Porf\u00edrio Jacomino","Est. tempo de leitura":"3 minutos"},"schema":{"@context":"https:\/\/schema.org","@graph":[{"@type":"NewsArticle","@id":"https:\/\/www.suno.com.br\/noticias\/equatorial-eqtl3-confirma-que-tem-avaliado-ativos-do-grupo-light\/#article","isPartOf":{"@id":"https:\/\/www.suno.com.br\/noticias\/equatorial-eqtl3-confirma-que-tem-avaliado-ativos-do-grupo-light\/"},"author":{"name":"Giovanni Porf\u00edrio Jacomino","@id":"https:\/\/www.suno.com.br\/noticias\/#\/schema\/person\/217058341e4dbe1f68f3b898b09ca015"},"headline":"Equatorial (EQTL3) confirma que avalia ativos do grupo Light","datePublished":"2023-06-03T01:20:08+00:00","dateModified":"2023-06-03T01:20:14+00:00","mainEntityOfPage":{"@id":"https:\/\/www.suno.com.br\/noticias\/equatorial-eqtl3-confirma-que-tem-avaliado-ativos-do-grupo-light\/"},"wordCount":532,"publisher":{"@id":"https:\/\/www.suno.com.br\/noticias\/#organization"},"image":{"@id":"https:\/\/www.suno.com.br\/noticias\/equatorial-eqtl3-confirma-que-tem-avaliado-ativos-do-grupo-light\/#primaryimage"},"thumbnailUrl":"https:\/\/files.sunoresearch.com.br\/n\/uploads\/2022\/09\/Equatorial.jpg","keywords":["A\u00e7\u00f5es","Equatorial (EQTL3)","Light (LIGT3)"],"articleSection":["Neg\u00f3cios"],"inLanguage":"pt-BR"},{"@type":"WebPage","@id":"https:\/\/www.suno.com.br\/noticias\/equatorial-eqtl3-confirma-que-tem-avaliado-ativos-do-grupo-light\/","url":"https:\/\/www.suno.com.br\/noticias\/equatorial-eqtl3-confirma-que-tem-avaliado-ativos-do-grupo-light\/","name":"Equatorial (EQTL3) confirma que tem avaliado ativos do grupo Light","isPartOf":{"@id":"https:\/\/www.suno.com.br\/noticias\/#website"},"primaryImageOfPage":{"@id":"https:\/\/www.suno.com.br\/noticias\/equatorial-eqtl3-confirma-que-tem-avaliado-ativos-do-grupo-light\/#primaryimage"},"image":{"@id":"https:\/\/www.suno.com.br\/noticias\/equatorial-eqtl3-confirma-que-tem-avaliado-ativos-do-grupo-light\/#primaryimage"},"thumbnailUrl":"https:\/\/files.sunoresearch.com.br\/n\/uploads\/2022\/09\/Equatorial.jpg","datePublished":"2023-06-03T01:20:08+00:00","dateModified":"2023-06-03T01:20:14+00:00","description":"A Equatorial confirmou que tem avaliado os ativos do grupo Light dentro do processo natural de oportunidades conduzido pela companhia. Veja!","breadcrumb":{"@id":"https:\/\/www.suno.com.br\/noticias\/equatorial-eqtl3-confirma-que-tem-avaliado-ativos-do-grupo-light\/#breadcrumb"},"inLanguage":"pt-BR","potentialAction":[{"@type":"ReadAction","target":["https:\/\/www.suno.com.br\/noticias\/equatorial-eqtl3-confirma-que-tem-avaliado-ativos-do-grupo-light\/"]}]},{"@type":"ImageObject","inLanguage":"pt-BR","@id":"https:\/\/www.suno.com.br\/noticias\/equatorial-eqtl3-confirma-que-tem-avaliado-ativos-do-grupo-light\/#primaryimage","url":"https:\/\/files.sunoresearch.com.br\/n\/uploads\/2022\/09\/Equatorial.jpg","contentUrl":"https:\/\/files.sunoresearch.com.br\/n\/uploads\/2022\/09\/Equatorial.jpg","width":1400,"height":801,"caption":"Equatorial (EQTL3) Foto: Divulga\u00e7\u00e3o"},{"@type":"BreadcrumbList","@id":"https:\/\/www.suno.com.br\/noticias\/equatorial-eqtl3-confirma-que-tem-avaliado-ativos-do-grupo-light\/#breadcrumb","itemListElement":[{"@type":"ListItem","position":1,"name":"Not\u00edcias","item":"https:\/\/www.suno.com.br\/noticias\/"},{"@type":"ListItem","position":2,"name":"Neg\u00f3cios","item":"https:\/\/www.suno.com.br\/noticias\/negocios\/"},{"@type":"ListItem","position":3,"name":"Equatorial (EQTL3) confirma que avalia ativos do grupo Light"}]},{"@type":"WebSite","@id":"https:\/\/www.suno.com.br\/noticias\/#website","url":"https:\/\/www.suno.com.br\/noticias\/","name":"Suno Not\u00edcias","description":"Seu portal de informa\u00e7\u00e3o sobre o mundo dos investimentos","publisher":{"@id":"https:\/\/www.suno.com.br\/noticias\/#organization"},"potentialAction":[{"@type":"SearchAction","target":{"@type":"EntryPoint","urlTemplate":"https:\/\/www.suno.com.br\/noticias\/?s={search_term_string}"},"query-input":{"@type":"PropertyValueSpecification","valueRequired":true,"valueName":"search_term_string"}}],"inLanguage":"pt-BR"},{"@type":"Organization","@id":"https:\/\/www.suno.com.br\/noticias\/#organization","name":"Suno Not\u00edcias","url":"https:\/\/www.suno.com.br\/noticias\/","logo":{"@type":"ImageObject","inLanguage":"pt-BR","@id":"https:\/\/www.suno.com.br\/noticias\/#\/schema\/logo\/image\/","url":"https:\/\/files.sunoresearch.com.br\/n\/uploads\/2021\/09\/suno-logo.png","contentUrl":"https:\/\/files.sunoresearch.com.br\/n\/uploads\/2021\/09\/suno-logo.png","width":180,"height":180,"caption":"Suno Not\u00edcias"},"image":{"@id":"https:\/\/www.suno.com.br\/noticias\/#\/schema\/logo\/image\/"},"sameAs":["https:\/\/facebook.com\/sunoresearch","https:\/\/x.com\/sunoresearch","https:\/\/www.instagram.com\/suno","https:\/\/www.linkedin.com\/company\/suno-research\/","https:\/\/www.youtube.com\/c\/sunoresearch"]},{"@type":"Person","@id":"https:\/\/www.suno.com.br\/noticias\/#\/schema\/person\/217058341e4dbe1f68f3b898b09ca015","name":"Giovanni Porf\u00edrio Jacomino","image":{"@type":"ImageObject","inLanguage":"pt-BR","@id":"https:\/\/www.suno.com.br\/noticias\/#\/schema\/person\/image\/","url":"https:\/\/secure.gravatar.com\/avatar\/bc678fc5559a55f79ada398443281309?s=96&r=g","contentUrl":"https:\/\/secure.gravatar.com\/avatar\/bc678fc5559a55f79ada398443281309?s=96&r=g","caption":"Giovanni Porf\u00edrio Jacomino"},"description":"Giovanni Porf\u00edrio Jacomino \u00e9 jornalista formado pela Universidade Estadual de Londrina (UEL) e p\u00f3s-graduado em Produ\u00e7\u00e3o e Pr\u00e1ticas Jornal\u00edsticas na Contemporaneidade na Faculdade C\u00e1sper L\u00edbero (FCL). Foi editor web no Startupi e no Finsiders, atuando ainda como editor no TC Mover, portal de not\u00edcias da TradersClub, fazendo a cobertura de assuntos relacionados ao mercado financeiro interno e externo. Atualmente, \u00e9 Rep\u00f3rter do Suno Not\u00edcias.","url":"https:\/\/www.suno.com.br\/noticias\/author\/giovanniporfirio01gmail-com\/"}]}},"default_loop_html":"<div class=\"cardsPage__listCard__boxs\"><div class=\"cardsPage__listCard__boxs__img\"><a href=\"https:\/\/www.suno.com.br\/noticias\/equatorial-eqtl3-confirma-que-tem-avaliado-ativos-do-grupo-light\/\"><img class=\"mask\" src=\"https:\/\/www.suno.com.br\/noticias\/wp-content\/themes\/suno\/resources\/images\/spotlight\/spotlight1img\/bg-mask.png\" alt=\"Image Mask\"\/><img src=\"https:\/\/files.sunoresearch.com.br\/n\/uploads\/2022\/09\/Equatorial-400x200.jpg\" alt=\"Equatorial (EQTL3) confirma que avalia ativos do grupo Light\"\/><\/a><span class=\"spotlightCategory\"><a href=\"https:\/\/www.suno.com.br\/noticias\/negocios\/\">Neg\u00f3cios<\/a><\/span><\/div><div class=\"cardsPage__listCard__boxs__content\"><a href=\"https:\/\/www.suno.com.br\/noticias\/equatorial-eqtl3-confirma-que-tem-avaliado-ativos-do-grupo-light\/\"><h2 class=\"content__title\">Equatorial (EQTL3) confirma que avalia ativos do grupo Light<\/h2><\/a><div class=\"newsContent__article__meta\"><div class=\"newsContent__article__meta__authorBox\"><a href=\"https:\/\/www.suno.com.br\/noticias\/author\/giovanniporfirio01gmail-com\/\" class=\"authorBox__avatar noMobi\"><img src=\"https:\/\/files.sunoresearch.com.br\/n\/uploads\/2023\/07\/WhatsApp-Image-2023-07-10-at-14.08.39-150x150.jpeg\" alt=\"Giovanni Porf\u00edrio Jacomino\"><\/a><div class=\"authorBox__name\"><span>por\n\t\t\t<a href=\"https:\/\/www.suno.com.br\/noticias\/author\/giovanniporfirio01gmail-com\/\"><span itemprop=\"author\">Giovanni Porf\u00edrio Jacomino<\/span><\/a><\/span><time datetime=\"2023-06-02T22:20:08-03:00\" itemprop=\"datePublished\">02\/06\/2023 22:20<\/time><\/div><\/div><\/div><\/div><\/div>","single_layout":"posts","amp_enabled":true,"_links":{"self":[{"href":"https:\/\/www.suno.com.br\/noticias\/wp-json\/wp\/v2\/posts\/412603"}],"collection":[{"href":"https:\/\/www.suno.com.br\/noticias\/wp-json\/wp\/v2\/posts"}],"about":[{"href":"https:\/\/www.suno.com.br\/noticias\/wp-json\/wp\/v2\/types\/post"}],"author":[{"embeddable":true,"href":"https:\/\/www.suno.com.br\/noticias\/wp-json\/wp\/v2\/users\/295"}],"replies":[{"embeddable":true,"href":"https:\/\/www.suno.com.br\/noticias\/wp-json\/wp\/v2\/comments?post=412603"}],"version-history":[{"count":2,"href":"https:\/\/www.suno.com.br\/noticias\/wp-json\/wp\/v2\/posts\/412603\/revisions"}],"predecessor-version":[{"id":412755,"href":"https:\/\/www.suno.com.br\/noticias\/wp-json\/wp\/v2\/posts\/412603\/revisions\/412755"}],"wp:featuredmedia":[{"embeddable":true,"href":"https:\/\/www.suno.com.br\/noticias\/wp-json\/wp\/v2\/media\/301956"}],"wp:attachment":[{"href":"https:\/\/www.suno.com.br\/noticias\/wp-json\/wp\/v2\/media?parent=412603"}],"wp:term":[{"taxonomy":"category","embeddable":true,"href":"https:\/\/www.suno.com.br\/noticias\/wp-json\/wp\/v2\/categories?post=412603"},{"taxonomy":"post_tag","embeddable":true,"href":"https:\/\/www.suno.com.br\/noticias\/wp-json\/wp\/v2\/tags?post=412603"},{"taxonomy":"suno_strategy","embeddable":true,"href":"https:\/\/www.suno.com.br\/noticias\/wp-json\/wp\/v2\/suno_strategy?post=412603"}],"curies":[{"name":"wp","href":"https:\/\/api.w.org\/{rel}","templated":true}]}}