{"id":412512,"date":"2023-06-02T22:37:27","date_gmt":"2023-06-03T01:37:27","guid":{"rendered":"https:\/\/www.suno.com.br\/noticias\/?p=412512"},"modified":"2023-06-02T22:37:32","modified_gmt":"2023-06-03T01:37:32","slug":"governo-projeta-criacao-vagas-emprego-2023","status":"publish","type":"post","link":"https:\/\/www.suno.com.br\/noticias\/governo-projeta-criacao-vagas-emprego-2023\/","title":{"rendered":"Governo projeta cria\u00e7\u00e3o de at\u00e9 2,5 milh\u00f5es de vagas de emprego em 2023"},"content":{"rendered":"<p>O ministro do Trabalho, Luiz Marinho, projetou nesta sexta-feira (2) a cria\u00e7\u00e3o de at\u00e9 2,5 milh\u00f5es de <strong>vagas de emprego<\/strong> formal &#8211; ou seja, com carteira assinada &#8211; ao participar da inaugura\u00e7\u00e3o de uma nova linha da montadora de \u00f4nibus el\u00e9tricos Eletra em S\u00e3o Bernardo do Campo, no ABC paulista.<\/p>\t<div class=\"wrapper-featured-image\">\n\t\t<figure class=\"spotlightImg\">\n\n\t\t\t<picture>\n\t\t\t\t<source media=\"(max-width: 768px)\" srcset=\"https:\/\/files.sunoresearch.com.br\/n\/uploads\/2021\/11\/Taxa-de-desemprego-fica-em-14-3-no-trimestre-ate-outubro-diz-IBGE-400x200.jpg\">\n\t\t\t\t<img loading=\"lazy\" decoding=\"async\" class=\"newsContent__article__imgCapa lazyloadDisabled \" src=\"https:\/\/files.sunoresearch.com.br\/n\/uploads\/2021\/11\/Taxa-de-desemprego-fica-em-14-3-no-trimestre-ate-outubro-diz-IBGE-800x450.jpg\" width=\"800\" height=\"450\" alt=\"Governo projeta cria\u00e7\u00e3o de at\u00e9 2,5 milh\u00f5es de vagas de emprego em 2023\" fetchpriority=high \/>\n\t\t\t<\/picture>\n\n\t\t\t<figcaption class=\"wp-caption-text wp-caption-text--show\">Vagas de emprego. Foto: Ag\u00eancia Brasil<\/figcaption>\n\t\t<\/figure>\n\t<\/div>\n\n\n\n\n\n\t<p>\n\t\t<a href=\"https:\/\/lp.suno.com.br\/planilha-da-vida-financeira\/\" target=\"_blank\" data-element=\"shortcode-suno-banner\" title=\"Banner SUNO, clique e saiba mais\">\n\t\t\t<picture>\n\t\t\t\t<source media=\"(max-width: 500px)\" srcset=\"https:\/\/files.sunoresearch.com.br\/n\/uploads\/2023\/04\/400x300-Planilha-vida-financeira-true.png\">\n\t\t\t\t<img class=\"newsContent__article__imgCapa newsContent__article__imgCapa--banner\"\n\t\t\t\t\tsrc=\"https:\/\/files.sunoresearch.com.br\/n\/uploads\/2023\/04\/1420x240-Planilha-vida-financeira-true.png\"\n\t\t\t\t\tdata-promo-id=\"106682\"\t\t\t\t\t\t\t\t\t\twidth='1420' height='240'\t\t\t\t\talt=\"https:\/\/files.sunoresearch.com.br\/n\/uploads\/2023\/04\/1420x240-Planilha-vida-financeira-true.png\"\n\t\t\t\t>\n\t\t\t<\/picture>\n\t\t<\/a>\n\t<\/p>\n\n\n\n\n\n<p>Ap\u00f3s lembrar que o Pa\u00eds gerou mais de 750 mil postos desde janeiro, o ministro disse que o <strong>mercado de trabalho<\/strong> pode terminar 2023 com algo entre 2,2 milh\u00f5es e 2,5 milh\u00f5es de empregos formais.<\/p>\n\n\n\n<p>&#8220;Tenho certeza de que podemos projetar para este ano mais de 2 milh\u00f5es de empregos formais, chegando a 2,2 milh\u00f5es ou 2,5 milh\u00f5es de novos postos&#8221;, declarou Marinho, acrescentando que os investimentos do setor privado refor\u00e7am essa aposta.<\/p>\n\n\n\t<p>\n\t\t<a href=\"https:\/\/lp.suno.com.br\/ebook-como-analisar-uma-acao\/\" target=\"_blank\" data-element=\"shortcode-suno-banner\" title=\"Banner SUNO, clique e saiba mais\">\n\t\t\t<picture>\n\t\t\t\t<source media=\"(max-width: 500px)\" srcset=\"https:\/\/files.sunoresearch.com.br\/n\/uploads\/2023\/03\/Ebook-Acoes-Mobile.jpg\">\n\t\t\t\t<img class=\"newsContent__article__imgCapa newsContent__article__imgCapa--banner\"\n\t\t\t\t\tsrc=\"https:\/\/files.sunoresearch.com.br\/n\/uploads\/2023\/03\/Ebook-Acoes-Desktop.jpg\"\n\t\t\t\t\tdata-promo-id=\"378302\"\t\t\t\t\t\t\t\t\t\twidth='1420' height='286'\t\t\t\t\talt=\"https:\/\/files.sunoresearch.com.br\/n\/uploads\/2023\/03\/Ebook-Acoes-Desktop.jpg\"\n\t\t\t\t>\n\t\t\t<\/picture>\n\t\t<\/a>\n\t<\/p>\n\n\n\n\n\n<h2 class=\"wp-block-heading\">Campos Neto destaca surpresa positiva do PIB e emprego resiliente<\/h2>\n\n\n\n<p>O presidente do Banco Central, Roberto Campos Neto, destacou a surpresa positiva do Produto Interno Bruto (PIB) do primeiro trimestre em reuni\u00e3o fechada com conselheiros do Instituto de Estudos para o Desenvolvimento Industrial (Iedi), em S\u00e3o Paulo. <\/p>\n\n\n\n<p>&#8220;Atividade tem surpreendido positivamente: PIB cresceu 1,9% no primeiro trimestre. Mercado de trabalho mostra resili\u00eancia&#8221;, diz o documento da apresenta\u00e7\u00e3o divulgado pelo BC.<\/p>\n\n\n\n<p>Com forte contribui\u00e7\u00e3o da Agropecu\u00e1ria, o PIB de janeiro a mar\u00e7o superou a expectativa mediana do mercado financeiro, de alta de 1,2%, conforme pesquisa do Proje\u00e7\u00f5es Broadcast.<\/p>\n\n\n\t<div data-element=\"shortcode-read-more\" class=\"knowMore\">\n\t\t\t\t<span class=\"knowMore__title\">Leia mais<\/span>\n\t\t\t\t<a class=\"knowMore__link\" href=\"https:\/\/www.suno.com.br\/noticias\/pib-2023-trimestre-crescimento-agronegocio\/\">\n\t\t\tPIB do 1T23 foi puxado pelos n\u00fameros do agro; especialistas explicam a alta do setor\t\t<\/a>\n\t<\/div>\n\n\n\n\n<p>A surpresa gerou uma onda de revis\u00f5es positivas para o resultado do ano, com a mediana subindo de 1,4% para 2,3%, segundo levantamento do servi\u00e7o especializado do Broadcast (sistema de not\u00edcias em tempo real do Grupo Estado) ap\u00f3s a divulga\u00e7\u00e3o do PIB na quinta-feira (1).<\/p>\n\n\n\n<p>Atualmente, a proje\u00e7\u00e3o oficial do BC para o crescimento econ\u00f4mico este ano \u00e9 de 1,2%, que poder\u00e1 ser atualizada no Relat\u00f3rio Trimestral de Infla\u00e7\u00e3o no fim deste m\u00eas.<\/p>\n\n\n\n<p>Recentemente, Campos Neto j\u00e1 tinha reconhecido o desempenho melhor do que o esperado da atividade, indicando que as expectativas deveriam continuar a subir.<\/p>\n\n\n\n<p>Sobre a infla\u00e7\u00e3o, o presidente do BC repetiu na apresenta\u00e7\u00e3o que vem desacelerando, mas ainda em patamar elevado.<\/p>\n\n\n\n<p><em>Com informa\u00e7\u00f5es de Estad\u00e3o Conte\u00fado<\/em><\/p>\n\n\n\t<p>\n\t\t<a href=\"https:\/\/lp.suno.com.br\/ebook-como-analisar-uma-acao\/\" target=\"_blank\" data-element=\"shortcode-suno-banner\" title=\"Banner SUNO, clique e saiba mais\">\n\t\t\t<picture>\n\t\t\t\t<source media=\"(max-width: 500px)\" srcset=\"https:\/\/files.sunoresearch.com.br\/n\/uploads\/2023\/03\/Ebook-Acoes-Mobile.jpg\">\n\t\t\t\t<img class=\"newsContent__article__imgCapa newsContent__article__imgCapa--banner\"\n\t\t\t\t\tsrc=\"https:\/\/files.sunoresearch.com.br\/n\/uploads\/2023\/03\/Ebook-Acoes-Desktop.jpg\"\n\t\t\t\t\tdata-promo-id=\"378302\"\t\t\t\t\t\t\t\t\t\twidth='1420' height='286'\t\t\t\t\talt=\"https:\/\/files.sunoresearch.com.br\/n\/uploads\/2023\/03\/Ebook-Acoes-Desktop.jpg\"\n\t\t\t\t>\n\t\t\t<\/picture>\n\t\t<\/a>\n\t<\/p>\n\n\n","protected":false},"excerpt":{"rendered":"<p>O ministro do Trabalho, Luiz Marinho, projetou nesta sexta-feira (2) a cria\u00e7\u00e3o de at\u00e9 2,5 milh\u00f5es de vagas de emprego formal &#8211; ou seja, com carteira assinada &#8211; ao participar da inaugura\u00e7\u00e3o de uma nova linha da montadora de \u00f4nibus el\u00e9tricos Eletra em S\u00e3o Bernardo do Campo, no ABC paulista. Vagas de emprego. Foto: Ag\u00eancia [&hellip;]<\/p>\n","protected":false},"author":43,"featured_media":210277,"comment_status":"closed","ping_status":"closed","sticky":false,"template":"","format":"standard","meta":[],"categories":[64],"tags":[1796],"suno_strategy":[],"class_list":["post-412512","post","type-post","status-publish","format-standard","has-post-thumbnail","hentry","category-negocios","tag-emprego"],"yoast_head":"<!-- This site is optimized with the Yoast SEO plugin v24.4 - https:\/\/yoast.com\/wordpress\/plugins\/seo\/ -->\n<title>Governo projeta cria\u00e7\u00e3o de at\u00e9 2,5 milh\u00f5es de vagas de emprego em 2023<\/title>\n<meta name=\"description\" content=\"O ministro do Trabalho, Luiz Marinho, projetou nesta sexta-feira (2) a cria\u00e7\u00e3o de at\u00e9 2,5 milh\u00f5es de vagas de emprego formal em 2023. Confira!\" \/>\n<meta name=\"robots\" content=\"index, follow, max-snippet:-1, max-image-preview:large, max-video-preview:-1\" \/>\n<link rel=\"canonical\" href=\"https:\/\/www.suno.com.br\/noticias\/governo-projeta-criacao-vagas-emprego-2023\/\" \/>\n<meta property=\"og:locale\" content=\"pt_BR\" \/>\n<meta property=\"og:type\" content=\"article\" \/>\n<meta property=\"og:title\" content=\"Governo projeta cria\u00e7\u00e3o de at\u00e9 2,5 milh\u00f5es de vagas de emprego em 2023\" \/>\n<meta property=\"og:description\" content=\"O ministro do Trabalho, Luiz Marinho, projetou nesta sexta-feira (2) a cria\u00e7\u00e3o de at\u00e9 2,5 milh\u00f5es de vagas de emprego formal em 2023. Confira!\" \/>\n<meta property=\"og:url\" content=\"https:\/\/www.suno.com.br\/noticias\/governo-projeta-criacao-vagas-emprego-2023\/\" \/>\n<meta property=\"og:site_name\" content=\"Suno Not\u00edcias\" \/>\n<meta property=\"article:publisher\" content=\"https:\/\/facebook.com\/sunoresearch\" \/>\n<meta property=\"article:author\" content=\"https:\/\/www.facebook.com\/sunonoticias\/\" \/>\n<meta property=\"og:image\" content=\"https:\/\/files.sunoresearch.com.br\/n\/uploads\/2021\/11\/Taxa-de-desemprego-fica-em-14-3-no-trimestre-ate-outubro-diz-IBGE.jpg\" \/>\n\t<meta property=\"og:image:width\" content=\"1280\" \/>\n\t<meta property=\"og:image:height\" content=\"720\" \/>\n\t<meta property=\"og:image:type\" content=\"image\/jpeg\" \/>\n<meta name=\"author\" content=\"Reda\u00e7\u00e3o Suno Not\u00edcias\" \/>\n<meta name=\"twitter:card\" content=\"summary_large_image\" \/>\n<meta name=\"twitter:creator\" content=\"@https:\/\/twitter.com\/sunoresearch\" \/>\n<meta name=\"twitter:site\" content=\"@sunoresearch\" \/>\n<meta name=\"twitter:label1\" content=\"Escrito por\" \/>\n\t<meta name=\"twitter:data1\" content=\"Reda\u00e7\u00e3o Suno Not\u00edcias\" \/>\n\t<meta name=\"twitter:label2\" content=\"Est. tempo de leitura\" \/>\n\t<meta name=\"twitter:data2\" content=\"2 minutos\" \/>\n<script type=\"application\/ld+json\" class=\"yoast-schema-graph\">{\"@context\":\"https:\/\/schema.org\",\"@graph\":[{\"@type\":\"NewsArticle\",\"@id\":\"https:\/\/www.suno.com.br\/noticias\/governo-projeta-criacao-vagas-emprego-2023\/#article\",\"isPartOf\":{\"@id\":\"https:\/\/www.suno.com.br\/noticias\/governo-projeta-criacao-vagas-emprego-2023\/\"},\"author\":{\"name\":\"Reda\u00e7\u00e3o Suno Not\u00edcias\",\"@id\":\"https:\/\/www.suno.com.br\/noticias\/#\/schema\/person\/c1b1bd3727fa852bd045e9dbff3673ea\"},\"headline\":\"Governo projeta cria\u00e7\u00e3o de at\u00e9 2,5 milh\u00f5es de vagas de emprego em 2023\",\"datePublished\":\"2023-06-03T01:37:27+00:00\",\"dateModified\":\"2023-06-03T01:37:32+00:00\",\"mainEntityOfPage\":{\"@id\":\"https:\/\/www.suno.com.br\/noticias\/governo-projeta-criacao-vagas-emprego-2023\/\"},\"wordCount\":381,\"publisher\":{\"@id\":\"https:\/\/www.suno.com.br\/noticias\/#organization\"},\"image\":{\"@id\":\"https:\/\/www.suno.com.br\/noticias\/governo-projeta-criacao-vagas-emprego-2023\/#primaryimage\"},\"thumbnailUrl\":\"https:\/\/files.sunoresearch.com.br\/n\/uploads\/2021\/11\/Taxa-de-desemprego-fica-em-14-3-no-trimestre-ate-outubro-diz-IBGE.jpg\",\"keywords\":[\"Emprego\"],\"articleSection\":[\"Neg\u00f3cios\"],\"inLanguage\":\"pt-BR\"},{\"@type\":\"WebPage\",\"@id\":\"https:\/\/www.suno.com.br\/noticias\/governo-projeta-criacao-vagas-emprego-2023\/\",\"url\":\"https:\/\/www.suno.com.br\/noticias\/governo-projeta-criacao-vagas-emprego-2023\/\",\"name\":\"Governo projeta cria\u00e7\u00e3o de at\u00e9 2,5 milh\u00f5es de vagas de emprego em 2023\",\"isPartOf\":{\"@id\":\"https:\/\/www.suno.com.br\/noticias\/#website\"},\"primaryImageOfPage\":{\"@id\":\"https:\/\/www.suno.com.br\/noticias\/governo-projeta-criacao-vagas-emprego-2023\/#primaryimage\"},\"image\":{\"@id\":\"https:\/\/www.suno.com.br\/noticias\/governo-projeta-criacao-vagas-emprego-2023\/#primaryimage\"},\"thumbnailUrl\":\"https:\/\/files.sunoresearch.com.br\/n\/uploads\/2021\/11\/Taxa-de-desemprego-fica-em-14-3-no-trimestre-ate-outubro-diz-IBGE.jpg\",\"datePublished\":\"2023-06-03T01:37:27+00:00\",\"dateModified\":\"2023-06-03T01:37:32+00:00\",\"description\":\"O ministro do Trabalho, Luiz Marinho, projetou nesta sexta-feira (2) a cria\u00e7\u00e3o de at\u00e9 2,5 milh\u00f5es de vagas de emprego formal em 2023. Confira!\",\"breadcrumb\":{\"@id\":\"https:\/\/www.suno.com.br\/noticias\/governo-projeta-criacao-vagas-emprego-2023\/#breadcrumb\"},\"inLanguage\":\"pt-BR\",\"potentialAction\":[{\"@type\":\"ReadAction\",\"target\":[\"https:\/\/www.suno.com.br\/noticias\/governo-projeta-criacao-vagas-emprego-2023\/\"]}]},{\"@type\":\"ImageObject\",\"inLanguage\":\"pt-BR\",\"@id\":\"https:\/\/www.suno.com.br\/noticias\/governo-projeta-criacao-vagas-emprego-2023\/#primaryimage\",\"url\":\"https:\/\/files.sunoresearch.com.br\/n\/uploads\/2021\/11\/Taxa-de-desemprego-fica-em-14-3-no-trimestre-ate-outubro-diz-IBGE.jpg\",\"contentUrl\":\"https:\/\/files.sunoresearch.com.br\/n\/uploads\/2021\/11\/Taxa-de-desemprego-fica-em-14-3-no-trimestre-ate-outubro-diz-IBGE.jpg\",\"width\":1280,\"height\":720,\"caption\":\"Vagas de emprego. Foto: Ag\u00eancia Brasil\"},{\"@type\":\"BreadcrumbList\",\"@id\":\"https:\/\/www.suno.com.br\/noticias\/governo-projeta-criacao-vagas-emprego-2023\/#breadcrumb\",\"itemListElement\":[{\"@type\":\"ListItem\",\"position\":1,\"name\":\"Not\u00edcias\",\"item\":\"https:\/\/www.suno.com.br\/noticias\/\"},{\"@type\":\"ListItem\",\"position\":2,\"name\":\"Neg\u00f3cios\",\"item\":\"https:\/\/www.suno.com.br\/noticias\/negocios\/\"},{\"@type\":\"ListItem\",\"position\":3,\"name\":\"Governo projeta cria\u00e7\u00e3o de at\u00e9 2,5 milh\u00f5es de vagas de emprego em 2023\"}]},{\"@type\":\"WebSite\",\"@id\":\"https:\/\/www.suno.com.br\/noticias\/#website\",\"url\":\"https:\/\/www.suno.com.br\/noticias\/\",\"name\":\"Suno Not\u00edcias\",\"description\":\"Seu portal de informa\u00e7\u00e3o sobre o mundo dos investimentos\",\"publisher\":{\"@id\":\"https:\/\/www.suno.com.br\/noticias\/#organization\"},\"potentialAction\":[{\"@type\":\"SearchAction\",\"target\":{\"@type\":\"EntryPoint\",\"urlTemplate\":\"https:\/\/www.suno.com.br\/noticias\/?s={search_term_string}\"},\"query-input\":{\"@type\":\"PropertyValueSpecification\",\"valueRequired\":true,\"valueName\":\"search_term_string\"}}],\"inLanguage\":\"pt-BR\"},{\"@type\":\"Organization\",\"@id\":\"https:\/\/www.suno.com.br\/noticias\/#organization\",\"name\":\"Suno Not\u00edcias\",\"url\":\"https:\/\/www.suno.com.br\/noticias\/\",\"logo\":{\"@type\":\"ImageObject\",\"inLanguage\":\"pt-BR\",\"@id\":\"https:\/\/www.suno.com.br\/noticias\/#\/schema\/logo\/image\/\",\"url\":\"https:\/\/files.sunoresearch.com.br\/n\/uploads\/2021\/09\/suno-logo.png\",\"contentUrl\":\"https:\/\/files.sunoresearch.com.br\/n\/uploads\/2021\/09\/suno-logo.png\",\"width\":180,\"height\":180,\"caption\":\"Suno Not\u00edcias\"},\"image\":{\"@id\":\"https:\/\/www.suno.com.br\/noticias\/#\/schema\/logo\/image\/\"},\"sameAs\":[\"https:\/\/facebook.com\/sunoresearch\",\"https:\/\/x.com\/sunoresearch\",\"https:\/\/www.instagram.com\/suno\",\"https:\/\/www.linkedin.com\/company\/suno-research\/\",\"https:\/\/www.youtube.com\/c\/sunoresearch\"]},{\"@type\":\"Person\",\"@id\":\"https:\/\/www.suno.com.br\/noticias\/#\/schema\/person\/c1b1bd3727fa852bd045e9dbff3673ea\",\"name\":\"Reda\u00e7\u00e3o Suno Not\u00edcias\",\"image\":{\"@type\":\"ImageObject\",\"inLanguage\":\"pt-BR\",\"@id\":\"https:\/\/www.suno.com.br\/noticias\/#\/schema\/person\/image\/\",\"url\":\"https:\/\/secure.gravatar.com\/avatar\/b8104b9b5a71985d5238ee59fbe418af?s=96&r=g\",\"contentUrl\":\"https:\/\/secure.gravatar.com\/avatar\/b8104b9b5a71985d5238ee59fbe418af?s=96&r=g\",\"caption\":\"Reda\u00e7\u00e3o Suno Not\u00edcias\"},\"description\":\"O Suno Not\u00edcias \u00e9 um portal de informa\u00e7\u00f5es sobre Mercado Financeiro, Pol\u00edtica, Neg\u00f3cios, Economia e Finan\u00e7as Pessoais.\",\"sameAs\":[\"https:\/\/www.suno.com.br\/noticias\",\"https:\/\/www.facebook.com\/sunonoticias\/\",\"https:\/\/www.instagram.com\/sunonoticias\/\",\"https:\/\/x.com\/https:\/\/twitter.com\/sunoresearch\",\"https:\/\/www.youtube.com\/sunonoticias\"],\"url\":\"https:\/\/www.suno.com.br\/noticias\/author\/redacao-suno\/\"}]}<\/script>\n<!-- \/ Yoast SEO plugin. -->","yoast_head_json":{"title":"Governo projeta cria\u00e7\u00e3o de at\u00e9 2,5 milh\u00f5es de vagas de emprego em 2023","description":"O ministro do Trabalho, Luiz Marinho, projetou nesta sexta-feira (2) a cria\u00e7\u00e3o de at\u00e9 2,5 milh\u00f5es de vagas de emprego formal em 2023. Confira!","robots":{"index":"index","follow":"follow","max-snippet":"max-snippet:-1","max-image-preview":"max-image-preview:large","max-video-preview":"max-video-preview:-1"},"canonical":"https:\/\/www.suno.com.br\/noticias\/governo-projeta-criacao-vagas-emprego-2023\/","og_locale":"pt_BR","og_type":"article","og_title":"Governo projeta cria\u00e7\u00e3o de at\u00e9 2,5 milh\u00f5es de vagas de emprego em 2023","og_description":"O ministro do Trabalho, Luiz Marinho, projetou nesta sexta-feira (2) a cria\u00e7\u00e3o de at\u00e9 2,5 milh\u00f5es de vagas de emprego formal em 2023. Confira!","og_url":"https:\/\/www.suno.com.br\/noticias\/governo-projeta-criacao-vagas-emprego-2023\/","og_site_name":"Suno Not\u00edcias","article_publisher":"https:\/\/facebook.com\/sunoresearch","article_author":"https:\/\/www.facebook.com\/sunonoticias\/","og_image":[{"width":1280,"height":720,"url":"https:\/\/files.sunoresearch.com.br\/n\/uploads\/2021\/11\/Taxa-de-desemprego-fica-em-14-3-no-trimestre-ate-outubro-diz-IBGE.jpg","type":"image\/jpeg"}],"author":"Reda\u00e7\u00e3o Suno Not\u00edcias","twitter_card":"summary_large_image","twitter_creator":"@https:\/\/twitter.com\/sunoresearch","twitter_site":"@sunoresearch","twitter_misc":{"Escrito por":"Reda\u00e7\u00e3o Suno Not\u00edcias","Est. tempo de leitura":"2 minutos"},"schema":{"@context":"https:\/\/schema.org","@graph":[{"@type":"NewsArticle","@id":"https:\/\/www.suno.com.br\/noticias\/governo-projeta-criacao-vagas-emprego-2023\/#article","isPartOf":{"@id":"https:\/\/www.suno.com.br\/noticias\/governo-projeta-criacao-vagas-emprego-2023\/"},"author":{"name":"Reda\u00e7\u00e3o Suno Not\u00edcias","@id":"https:\/\/www.suno.com.br\/noticias\/#\/schema\/person\/c1b1bd3727fa852bd045e9dbff3673ea"},"headline":"Governo projeta cria\u00e7\u00e3o de at\u00e9 2,5 milh\u00f5es de vagas de emprego em 2023","datePublished":"2023-06-03T01:37:27+00:00","dateModified":"2023-06-03T01:37:32+00:00","mainEntityOfPage":{"@id":"https:\/\/www.suno.com.br\/noticias\/governo-projeta-criacao-vagas-emprego-2023\/"},"wordCount":381,"publisher":{"@id":"https:\/\/www.suno.com.br\/noticias\/#organization"},"image":{"@id":"https:\/\/www.suno.com.br\/noticias\/governo-projeta-criacao-vagas-emprego-2023\/#primaryimage"},"thumbnailUrl":"https:\/\/files.sunoresearch.com.br\/n\/uploads\/2021\/11\/Taxa-de-desemprego-fica-em-14-3-no-trimestre-ate-outubro-diz-IBGE.jpg","keywords":["Emprego"],"articleSection":["Neg\u00f3cios"],"inLanguage":"pt-BR"},{"@type":"WebPage","@id":"https:\/\/www.suno.com.br\/noticias\/governo-projeta-criacao-vagas-emprego-2023\/","url":"https:\/\/www.suno.com.br\/noticias\/governo-projeta-criacao-vagas-emprego-2023\/","name":"Governo projeta cria\u00e7\u00e3o de at\u00e9 2,5 milh\u00f5es de vagas de emprego em 2023","isPartOf":{"@id":"https:\/\/www.suno.com.br\/noticias\/#website"},"primaryImageOfPage":{"@id":"https:\/\/www.suno.com.br\/noticias\/governo-projeta-criacao-vagas-emprego-2023\/#primaryimage"},"image":{"@id":"https:\/\/www.suno.com.br\/noticias\/governo-projeta-criacao-vagas-emprego-2023\/#primaryimage"},"thumbnailUrl":"https:\/\/files.sunoresearch.com.br\/n\/uploads\/2021\/11\/Taxa-de-desemprego-fica-em-14-3-no-trimestre-ate-outubro-diz-IBGE.jpg","datePublished":"2023-06-03T01:37:27+00:00","dateModified":"2023-06-03T01:37:32+00:00","description":"O ministro do Trabalho, Luiz Marinho, projetou nesta sexta-feira (2) a cria\u00e7\u00e3o de at\u00e9 2,5 milh\u00f5es de vagas de emprego formal em 2023. Confira!","breadcrumb":{"@id":"https:\/\/www.suno.com.br\/noticias\/governo-projeta-criacao-vagas-emprego-2023\/#breadcrumb"},"inLanguage":"pt-BR","potentialAction":[{"@type":"ReadAction","target":["https:\/\/www.suno.com.br\/noticias\/governo-projeta-criacao-vagas-emprego-2023\/"]}]},{"@type":"ImageObject","inLanguage":"pt-BR","@id":"https:\/\/www.suno.com.br\/noticias\/governo-projeta-criacao-vagas-emprego-2023\/#primaryimage","url":"https:\/\/files.sunoresearch.com.br\/n\/uploads\/2021\/11\/Taxa-de-desemprego-fica-em-14-3-no-trimestre-ate-outubro-diz-IBGE.jpg","contentUrl":"https:\/\/files.sunoresearch.com.br\/n\/uploads\/2021\/11\/Taxa-de-desemprego-fica-em-14-3-no-trimestre-ate-outubro-diz-IBGE.jpg","width":1280,"height":720,"caption":"Vagas de emprego. Foto: Ag\u00eancia Brasil"},{"@type":"BreadcrumbList","@id":"https:\/\/www.suno.com.br\/noticias\/governo-projeta-criacao-vagas-emprego-2023\/#breadcrumb","itemListElement":[{"@type":"ListItem","position":1,"name":"Not\u00edcias","item":"https:\/\/www.suno.com.br\/noticias\/"},{"@type":"ListItem","position":2,"name":"Neg\u00f3cios","item":"https:\/\/www.suno.com.br\/noticias\/negocios\/"},{"@type":"ListItem","position":3,"name":"Governo projeta cria\u00e7\u00e3o de at\u00e9 2,5 milh\u00f5es de vagas de emprego em 2023"}]},{"@type":"WebSite","@id":"https:\/\/www.suno.com.br\/noticias\/#website","url":"https:\/\/www.suno.com.br\/noticias\/","name":"Suno Not\u00edcias","description":"Seu portal de informa\u00e7\u00e3o sobre o mundo dos investimentos","publisher":{"@id":"https:\/\/www.suno.com.br\/noticias\/#organization"},"potentialAction":[{"@type":"SearchAction","target":{"@type":"EntryPoint","urlTemplate":"https:\/\/www.suno.com.br\/noticias\/?s={search_term_string}"},"query-input":{"@type":"PropertyValueSpecification","valueRequired":true,"valueName":"search_term_string"}}],"inLanguage":"pt-BR"},{"@type":"Organization","@id":"https:\/\/www.suno.com.br\/noticias\/#organization","name":"Suno Not\u00edcias","url":"https:\/\/www.suno.com.br\/noticias\/","logo":{"@type":"ImageObject","inLanguage":"pt-BR","@id":"https:\/\/www.suno.com.br\/noticias\/#\/schema\/logo\/image\/","url":"https:\/\/files.sunoresearch.com.br\/n\/uploads\/2021\/09\/suno-logo.png","contentUrl":"https:\/\/files.sunoresearch.com.br\/n\/uploads\/2021\/09\/suno-logo.png","width":180,"height":180,"caption":"Suno Not\u00edcias"},"image":{"@id":"https:\/\/www.suno.com.br\/noticias\/#\/schema\/logo\/image\/"},"sameAs":["https:\/\/facebook.com\/sunoresearch","https:\/\/x.com\/sunoresearch","https:\/\/www.instagram.com\/suno","https:\/\/www.linkedin.com\/company\/suno-research\/","https:\/\/www.youtube.com\/c\/sunoresearch"]},{"@type":"Person","@id":"https:\/\/www.suno.com.br\/noticias\/#\/schema\/person\/c1b1bd3727fa852bd045e9dbff3673ea","name":"Reda\u00e7\u00e3o Suno Not\u00edcias","image":{"@type":"ImageObject","inLanguage":"pt-BR","@id":"https:\/\/www.suno.com.br\/noticias\/#\/schema\/person\/image\/","url":"https:\/\/secure.gravatar.com\/avatar\/b8104b9b5a71985d5238ee59fbe418af?s=96&r=g","contentUrl":"https:\/\/secure.gravatar.com\/avatar\/b8104b9b5a71985d5238ee59fbe418af?s=96&r=g","caption":"Reda\u00e7\u00e3o Suno Not\u00edcias"},"description":"O Suno Not\u00edcias \u00e9 um portal de informa\u00e7\u00f5es sobre Mercado Financeiro, Pol\u00edtica, Neg\u00f3cios, Economia e Finan\u00e7as Pessoais.","sameAs":["https:\/\/www.suno.com.br\/noticias","https:\/\/www.facebook.com\/sunonoticias\/","https:\/\/www.instagram.com\/sunonoticias\/","https:\/\/x.com\/https:\/\/twitter.com\/sunoresearch","https:\/\/www.youtube.com\/sunonoticias"],"url":"https:\/\/www.suno.com.br\/noticias\/author\/redacao-suno\/"}]}},"default_loop_html":"<div class=\"cardsPage__listCard__boxs\"><div class=\"cardsPage__listCard__boxs__img\"><a href=\"https:\/\/www.suno.com.br\/noticias\/governo-projeta-criacao-vagas-emprego-2023\/\"><img class=\"mask\" src=\"https:\/\/www.suno.com.br\/noticias\/wp-content\/themes\/suno\/resources\/images\/spotlight\/spotlight1img\/bg-mask.png\" alt=\"Image Mask\"\/><img src=\"https:\/\/files.sunoresearch.com.br\/n\/uploads\/2021\/11\/Taxa-de-desemprego-fica-em-14-3-no-trimestre-ate-outubro-diz-IBGE-400x200.jpg\" alt=\"Governo projeta cria\u00e7\u00e3o de at\u00e9 2,5 milh\u00f5es de vagas de emprego em 2023\"\/><\/a><span class=\"spotlightCategory\"><a href=\"https:\/\/www.suno.com.br\/noticias\/negocios\/\">Neg\u00f3cios<\/a><\/span><\/div><div class=\"cardsPage__listCard__boxs__content\"><a href=\"https:\/\/www.suno.com.br\/noticias\/governo-projeta-criacao-vagas-emprego-2023\/\"><h2 class=\"content__title\">Governo projeta cria\u00e7\u00e3o de at\u00e9 2,5 milh\u00f5es de vagas de emprego em 2023<\/h2><\/a><div class=\"newsContent__article__meta\"><div class=\"newsContent__article__meta__authorBox\"><a href=\"https:\/\/www.suno.com.br\/noticias\/author\/redacao-suno\/\" class=\"authorBox__avatar noMobi\"><img src=\"https:\/\/files.sunoresearch.com.br\/n\/uploads\/2020\/08\/0ace682d-redacao-1-150x150.webp\" alt=\"Reda\u00e7\u00e3o Suno Not\u00edcias\"><\/a><div class=\"authorBox__name\"><span>por\n\t\t\t<a href=\"https:\/\/www.suno.com.br\/noticias\/author\/redacao-suno\/\"><span itemprop=\"author\">Reda\u00e7\u00e3o Suno Not\u00edcias<\/span><\/a><\/span><time datetime=\"2023-06-02T22:37:27-03:00\" itemprop=\"datePublished\">02\/06\/2023 22:37<\/time><\/div><\/div><\/div><\/div><\/div>","single_layout":"posts","amp_enabled":true,"_links":{"self":[{"href":"https:\/\/www.suno.com.br\/noticias\/wp-json\/wp\/v2\/posts\/412512"}],"collection":[{"href":"https:\/\/www.suno.com.br\/noticias\/wp-json\/wp\/v2\/posts"}],"about":[{"href":"https:\/\/www.suno.com.br\/noticias\/wp-json\/wp\/v2\/types\/post"}],"author":[{"embeddable":true,"href":"https:\/\/www.suno.com.br\/noticias\/wp-json\/wp\/v2\/users\/43"}],"replies":[{"embeddable":true,"href":"https:\/\/www.suno.com.br\/noticias\/wp-json\/wp\/v2\/comments?post=412512"}],"version-history":[{"count":2,"href":"https:\/\/www.suno.com.br\/noticias\/wp-json\/wp\/v2\/posts\/412512\/revisions"}],"predecessor-version":[{"id":412762,"href":"https:\/\/www.suno.com.br\/noticias\/wp-json\/wp\/v2\/posts\/412512\/revisions\/412762"}],"wp:featuredmedia":[{"embeddable":true,"href":"https:\/\/www.suno.com.br\/noticias\/wp-json\/wp\/v2\/media\/210277"}],"wp:attachment":[{"href":"https:\/\/www.suno.com.br\/noticias\/wp-json\/wp\/v2\/media?parent=412512"}],"wp:term":[{"taxonomy":"category","embeddable":true,"href":"https:\/\/www.suno.com.br\/noticias\/wp-json\/wp\/v2\/categories?post=412512"},{"taxonomy":"post_tag","embeddable":true,"href":"https:\/\/www.suno.com.br\/noticias\/wp-json\/wp\/v2\/tags?post=412512"},{"taxonomy":"suno_strategy","embeddable":true,"href":"https:\/\/www.suno.com.br\/noticias\/wp-json\/wp\/v2\/suno_strategy?post=412512"}],"curies":[{"name":"wp","href":"https:\/\/api.w.org\/{rel}","templated":true}]}}