{"id":41226,"date":"2019-10-16T08:27:41","date_gmt":"2019-10-16T11:27:41","guid":{"rendered":"https:\/\/www.suno.com.br\/noticias\/?p=41226"},"modified":"2019-10-16T08:27:41","modified_gmt":"2019-10-16T11:27:41","slug":"claro-receita-liquida-oi","status":"publish","type":"post","link":"https:\/\/www.suno.com.br\/noticias\/claro-receita-liquida-oi\/","title":{"rendered":"Claro registra crescimento de 1,7% em sua receita l\u00edquida no 3T19"},"content":{"rendered":"<p>A Claro Telecom Participa\u00e7\u00f5es divulgou seus resultados do terceiro trimestre deste ano. A operadora do grupo mexicano America Movil informou que sua <strong><a href=\"https:\/\/www.suno.com.br\/artigos\/o-que-receita-liquida\/\">receita l\u00edquida<\/a> <\/strong>cresceu 1,7% em compara\u00e7\u00e3o com o mesmo per\u00edodo no ano passado. Esse valor representa R$ 9,15 bilh\u00f5es.<\/p>\n\n<p>&#8220;Encerramos o trimestre com um total de 56,5 milh\u00f5es de clientes m\u00f3veis, mantendo a lideran\u00e7a na portabilidade com uma grande margem, com um recorde no volume de portabilidade num\u00e9rica. A <strong>Claro<\/strong> adicionou 7 mil novos acessos banda larga no terceiro trimestre de 2019, e mant\u00e9m sua posi\u00e7\u00e3o de l\u00edder de mercado&#8221;, informou a operadora atrav\u00e9s do<strong><a href=\"https:\/\/www.suno.com.br\/artigos\/fato-relevante\/\"> fato relevante<\/a><\/strong>.<\/p>\n<p>O aumento da receita foi impulsionado pelo crescimento de 17,8% na base p\u00f3s-pago.<\/p>\n<p>O <strong><a href=\"https:\/\/www.suno.com.br\/artigos\/ebitda\/\">Ebtida<\/a> <\/strong>(lucro antes de impostos, juros, deprecia\u00e7\u00e3o e amortiza\u00e7\u00e3o) teve alta de 1,4% ao ano, para R$ 3,5 bilh\u00f5es de reais. A margem Ebtida encolheu 0,1 ponto percentual, 38,3%.<\/p>\n<p><a href=\"\/\/www.suno.com.br\/noticias\/claro-brasil-influencia-melhora-resultados-america-movil\/\">Confira Tamb\u00e9m: Claro Brasil tem grande influ\u00eancia em melhora de resultados da Am\u00e9rica M\u00f3vil<\/a><\/p>\n<p>Na receita fixa a banda larga residencial cresceu 11,8% em rela\u00e7\u00e3o ao mesmo per\u00edodo de 2018.\u00a0 A receita de servi\u00e7os m\u00f3veis cresceu 13,0%, destaque para a receita de servi\u00e7os p\u00f3s-pago, impulsionada por planos com voz ilimitada, internet de alta qualidade e servi\u00e7os digitais.<\/p>\n<p>Al\u00e9m disso, no FTTH (fibra \u00f3pticas para casas) a Claro alcan\u00e7ou 5,6 milh\u00f5es de acessos, &#8220;mantendo nossa s\u00f3lida lideran\u00e7a com 49% de participa\u00e7\u00e3o de mercado neste segmento, tendo capturado 44% do crescimento nos \u00faltimos 12 milh\u00f5es&#8221;. Esse valor \u00e9 correspondente a mais de 2,1 milh\u00f5es de clientes.<\/p>\n<h2>Telef\u00f4nica negocia com Tim e Claro compra de ativos da Oi, diz jornal<\/h2>\n<p>A Telef\u00f4nica, empresa espanhola que controla a Vivo (VIVT4), estaria negociando com a Claro e com a Telecom It\u00e1lia, detentora da TIM (TIMP3) a compra em conjunto dos ativos ativos de telefonia m\u00f3vel da Oi (OIBR3; OIBR4) em conjunto.<\/p>\n\t<p>\n\t\t<a href=\"https:\/\/lp.suno.com.br\/ebook-como-analisar-uma-acao\/\" target=\"_blank\" data-element=\"shortcode-suno-banner\" title=\"Banner SUNO, clique e saiba mais\">\n\t\t\t<picture>\n\t\t\t\t<source media=\"(max-width: 500px)\" srcset=\"https:\/\/files.sunoresearch.com.br\/n\/uploads\/2023\/12\/Ebook-Acoes-Mobile.jpg\">\n\t\t\t\t<img class=\"newsContent__article__imgCapa newsContent__article__imgCapa--banner\"\n\t\t\t\t\tsrc=\"https:\/\/files.sunoresearch.com.br\/n\/uploads\/2023\/12\/Ebook-Acoes-Mobile.jpg\"\n\t\t\t\t\tdata-promo-id=\"101750\"\t\t\t\t\t\t\t\t\t\twidth='400' height='300'\t\t\t\t\talt=\"https:\/\/files.sunoresearch.com.br\/n\/uploads\/2023\/12\/Ebook-Acoes-Mobile.jpg\"\n\t\t\t\t>\n\t\t\t<\/picture>\n\t\t<\/a>\n\t<\/p>\n\n\n<p>As informa\u00e7\u00f5es foram divulgadas, em meados de setembro, pelo jornal espanhol &#8220;Expansi\u00f3n&#8221; que se baseia em fontes pr\u00f3ximas a operadora ib\u00e9rica. De acordo com o ve\u00edculo, o principal objetivo \u00e9 a compra dos ativos em conjunto e depois dividir partes entre as operadoras.<\/p>\n<p>A <strong>Oi<\/strong> havia se manifestando antes, e informou que n\u00e3o fatiaria suas opera\u00e7\u00f5es entre <strong>TIM<\/strong>, <strong>Vivo<\/strong> e <strong>Claro<\/strong>.<\/p>\n","protected":false},"excerpt":{"rendered":"<p>A Claro Telecom Participa\u00e7\u00f5es divulgou seus resultados do terceiro trimestre deste ano. A operadora do grupo mexicano America Movil informou que sua receita l\u00edquida cresceu 1,7% em compara\u00e7\u00e3o com o mesmo per\u00edodo no ano passado. Esse valor representa R$ 9,15 bilh\u00f5es. &#8220;Encerramos o trimestre com um total de 56,5 milh\u00f5es de clientes m\u00f3veis, mantendo a [&hellip;]<\/p>\n","protected":false},"author":15,"featured_media":0,"comment_status":"closed","ping_status":"closed","sticky":false,"template":"","format":"standard","meta":[],"categories":[64],"tags":[1140],"suno_strategy":[],"class_list":["post-41226","post","type-post","status-publish","format-standard","hentry","category-negocios","tag-claro"],"yoast_head":"<!-- This site is optimized with the Yoast SEO plugin v24.4 - https:\/\/yoast.com\/wordpress\/plugins\/seo\/ -->\n<title>Claro registra crescimento de 1,7% em sua receita l\u00edquida no 3T19<\/title>\n<meta name=\"description\" content=\"A Claro informou que sua receita l\u00edquida cresceu R$ 9,15 bilh\u00f5es em compara\u00e7\u00e3o com o mesmo per\u00edodo no ano passado. Clique aqui e saiba mais\" \/>\n<meta name=\"robots\" content=\"index, follow, max-snippet:-1, max-image-preview:large, max-video-preview:-1\" \/>\n<link rel=\"canonical\" href=\"https:\/\/www.suno.com.br\/noticias\/claro-receita-liquida-oi\/\" \/>\n<meta property=\"og:locale\" content=\"pt_BR\" \/>\n<meta property=\"og:type\" content=\"article\" \/>\n<meta property=\"og:title\" content=\"Claro registra crescimento de 1,7% em sua receita l\u00edquida no 3T19\" \/>\n<meta property=\"og:description\" content=\"A Claro informou que sua receita l\u00edquida cresceu R$ 9,15 bilh\u00f5es em compara\u00e7\u00e3o com o mesmo per\u00edodo no ano passado. Clique aqui e saiba mais\" \/>\n<meta property=\"og:url\" content=\"https:\/\/www.suno.com.br\/noticias\/claro-receita-liquida-oi\/\" \/>\n<meta property=\"og:site_name\" content=\"Suno Not\u00edcias\" \/>\n<meta property=\"article:publisher\" content=\"https:\/\/facebook.com\/sunoresearch\" \/>\n<meta property=\"og:image\" content=\"https:\/\/files.sunoresearch.com.br\/n\/uploads\/2022\/06\/Modelo2.jpg\" \/>\n\t<meta property=\"og:image:width\" content=\"1200\" \/>\n\t<meta property=\"og:image:height\" content=\"627\" \/>\n\t<meta property=\"og:image:type\" content=\"image\/jpeg\" \/>\n<meta name=\"author\" content=\"Poliana Santos\" \/>\n<meta name=\"twitter:card\" content=\"summary_large_image\" \/>\n<meta name=\"twitter:creator\" content=\"@sunoresearch\" \/>\n<meta name=\"twitter:site\" content=\"@sunoresearch\" \/>\n<meta name=\"twitter:label1\" content=\"Escrito por\" \/>\n\t<meta name=\"twitter:data1\" content=\"Poliana Santos\" \/>\n\t<meta name=\"twitter:label2\" content=\"Est. tempo de leitura\" \/>\n\t<meta name=\"twitter:data2\" content=\"2 minutos\" \/>\n<script type=\"application\/ld+json\" class=\"yoast-schema-graph\">{\"@context\":\"https:\/\/schema.org\",\"@graph\":[{\"@type\":\"NewsArticle\",\"@id\":\"https:\/\/www.suno.com.br\/noticias\/claro-receita-liquida-oi\/#article\",\"isPartOf\":{\"@id\":\"https:\/\/www.suno.com.br\/noticias\/claro-receita-liquida-oi\/\"},\"author\":{\"name\":\"Poliana Santos\",\"@id\":\"https:\/\/www.suno.com.br\/noticias\/#\/schema\/person\/02ec1f752758247878a2bf4abee1aeda\"},\"headline\":\"Claro registra crescimento de 1,7% em sua receita l\u00edquida no 3T19\",\"datePublished\":\"2019-10-16T11:27:41+00:00\",\"mainEntityOfPage\":{\"@id\":\"https:\/\/www.suno.com.br\/noticias\/claro-receita-liquida-oi\/\"},\"wordCount\":402,\"publisher\":{\"@id\":\"https:\/\/www.suno.com.br\/noticias\/#organization\"},\"keywords\":[\"Claro\"],\"articleSection\":[\"Neg\u00f3cios\"],\"inLanguage\":\"pt-BR\"},{\"@type\":\"WebPage\",\"@id\":\"https:\/\/www.suno.com.br\/noticias\/claro-receita-liquida-oi\/\",\"url\":\"https:\/\/www.suno.com.br\/noticias\/claro-receita-liquida-oi\/\",\"name\":\"Claro registra crescimento de 1,7% em sua receita l\u00edquida no 3T19\",\"isPartOf\":{\"@id\":\"https:\/\/www.suno.com.br\/noticias\/#website\"},\"datePublished\":\"2019-10-16T11:27:41+00:00\",\"description\":\"A Claro informou que sua receita l\u00edquida cresceu R$ 9,15 bilh\u00f5es em compara\u00e7\u00e3o com o mesmo per\u00edodo no ano passado. Clique aqui e saiba mais\",\"breadcrumb\":{\"@id\":\"https:\/\/www.suno.com.br\/noticias\/claro-receita-liquida-oi\/#breadcrumb\"},\"inLanguage\":\"pt-BR\",\"potentialAction\":[{\"@type\":\"ReadAction\",\"target\":[\"https:\/\/www.suno.com.br\/noticias\/claro-receita-liquida-oi\/\"]}]},{\"@type\":\"BreadcrumbList\",\"@id\":\"https:\/\/www.suno.com.br\/noticias\/claro-receita-liquida-oi\/#breadcrumb\",\"itemListElement\":[{\"@type\":\"ListItem\",\"position\":1,\"name\":\"Not\u00edcias\",\"item\":\"https:\/\/www.suno.com.br\/noticias\/\"},{\"@type\":\"ListItem\",\"position\":2,\"name\":\"Neg\u00f3cios\",\"item\":\"https:\/\/www.suno.com.br\/noticias\/negocios\/\"},{\"@type\":\"ListItem\",\"position\":3,\"name\":\"Claro registra crescimento de 1,7% em sua receita l\u00edquida no 3T19\"}]},{\"@type\":\"WebSite\",\"@id\":\"https:\/\/www.suno.com.br\/noticias\/#website\",\"url\":\"https:\/\/www.suno.com.br\/noticias\/\",\"name\":\"Suno Not\u00edcias\",\"description\":\"Seu portal de informa\u00e7\u00e3o sobre o mundo dos investimentos\",\"publisher\":{\"@id\":\"https:\/\/www.suno.com.br\/noticias\/#organization\"},\"potentialAction\":[{\"@type\":\"SearchAction\",\"target\":{\"@type\":\"EntryPoint\",\"urlTemplate\":\"https:\/\/www.suno.com.br\/noticias\/?s={search_term_string}\"},\"query-input\":{\"@type\":\"PropertyValueSpecification\",\"valueRequired\":true,\"valueName\":\"search_term_string\"}}],\"inLanguage\":\"pt-BR\"},{\"@type\":\"Organization\",\"@id\":\"https:\/\/www.suno.com.br\/noticias\/#organization\",\"name\":\"Suno Not\u00edcias\",\"url\":\"https:\/\/www.suno.com.br\/noticias\/\",\"logo\":{\"@type\":\"ImageObject\",\"inLanguage\":\"pt-BR\",\"@id\":\"https:\/\/www.suno.com.br\/noticias\/#\/schema\/logo\/image\/\",\"url\":\"https:\/\/files.sunoresearch.com.br\/n\/uploads\/2021\/09\/suno-logo.png\",\"contentUrl\":\"https:\/\/files.sunoresearch.com.br\/n\/uploads\/2021\/09\/suno-logo.png\",\"width\":180,\"height\":180,\"caption\":\"Suno Not\u00edcias\"},\"image\":{\"@id\":\"https:\/\/www.suno.com.br\/noticias\/#\/schema\/logo\/image\/\"},\"sameAs\":[\"https:\/\/facebook.com\/sunoresearch\",\"https:\/\/x.com\/sunoresearch\",\"https:\/\/www.instagram.com\/suno\",\"https:\/\/www.linkedin.com\/company\/suno-research\/\",\"https:\/\/www.youtube.com\/c\/sunoresearch\"]},{\"@type\":\"Person\",\"@id\":\"https:\/\/www.suno.com.br\/noticias\/#\/schema\/person\/02ec1f752758247878a2bf4abee1aeda\",\"name\":\"Poliana Santos\",\"image\":{\"@type\":\"ImageObject\",\"inLanguage\":\"pt-BR\",\"@id\":\"https:\/\/www.suno.com.br\/noticias\/#\/schema\/person\/image\/\",\"url\":\"https:\/\/secure.gravatar.com\/avatar\/0645bd32f23d87b2130f2b2dff1d3f8d?s=96&r=g\",\"contentUrl\":\"https:\/\/secure.gravatar.com\/avatar\/0645bd32f23d87b2130f2b2dff1d3f8d?s=96&r=g\",\"caption\":\"Poliana Santos\"},\"description\":\"Rep\u00f3rter no Suno Not\u00edcias, com cobertura em mercado financeiro, economia, finan\u00e7as pessoais, renda fixa e varejo. Jornalista formada pela Faculdade C\u00e1sper L\u00edbero e possui passagem na R\u00e1dio Gazeta AM com a produ\u00e7\u00e3o de conte\u00fado sobre economia, pol\u00edtica, sa\u00fade, moda e m\u00fasica. Possui certificado de conclus\u00e3o do curso de An\u00e1lise de Balan\u00e7os pela Funda\u00e7\u00e3o Bradesco, Agenda Brasil pela FAAP, Educa\u00e7\u00e3o Pol\u00edtica por Alexandre Garcia e do Tesouro Direto e Mercado de A\u00e7\u00f5es pela B3.\",\"url\":\"https:\/\/www.suno.com.br\/noticias\/author\/poliana-santos\/\"}]}<\/script>\n<!-- \/ Yoast SEO plugin. -->","yoast_head_json":{"title":"Claro registra crescimento de 1,7% em sua receita l\u00edquida no 3T19","description":"A Claro informou que sua receita l\u00edquida cresceu R$ 9,15 bilh\u00f5es em compara\u00e7\u00e3o com o mesmo per\u00edodo no ano passado. Clique aqui e saiba mais","robots":{"index":"index","follow":"follow","max-snippet":"max-snippet:-1","max-image-preview":"max-image-preview:large","max-video-preview":"max-video-preview:-1"},"canonical":"https:\/\/www.suno.com.br\/noticias\/claro-receita-liquida-oi\/","og_locale":"pt_BR","og_type":"article","og_title":"Claro registra crescimento de 1,7% em sua receita l\u00edquida no 3T19","og_description":"A Claro informou que sua receita l\u00edquida cresceu R$ 9,15 bilh\u00f5es em compara\u00e7\u00e3o com o mesmo per\u00edodo no ano passado. Clique aqui e saiba mais","og_url":"https:\/\/www.suno.com.br\/noticias\/claro-receita-liquida-oi\/","og_site_name":"Suno Not\u00edcias","article_publisher":"https:\/\/facebook.com\/sunoresearch","og_image":[{"width":1200,"height":627,"url":"https:\/\/files.sunoresearch.com.br\/n\/uploads\/2022\/06\/Modelo2.jpg","type":"image\/jpeg"}],"author":"Poliana Santos","twitter_card":"summary_large_image","twitter_creator":"@sunoresearch","twitter_site":"@sunoresearch","twitter_misc":{"Escrito por":"Poliana Santos","Est. tempo de leitura":"2 minutos"},"schema":{"@context":"https:\/\/schema.org","@graph":[{"@type":"NewsArticle","@id":"https:\/\/www.suno.com.br\/noticias\/claro-receita-liquida-oi\/#article","isPartOf":{"@id":"https:\/\/www.suno.com.br\/noticias\/claro-receita-liquida-oi\/"},"author":{"name":"Poliana Santos","@id":"https:\/\/www.suno.com.br\/noticias\/#\/schema\/person\/02ec1f752758247878a2bf4abee1aeda"},"headline":"Claro registra crescimento de 1,7% em sua receita l\u00edquida no 3T19","datePublished":"2019-10-16T11:27:41+00:00","mainEntityOfPage":{"@id":"https:\/\/www.suno.com.br\/noticias\/claro-receita-liquida-oi\/"},"wordCount":402,"publisher":{"@id":"https:\/\/www.suno.com.br\/noticias\/#organization"},"keywords":["Claro"],"articleSection":["Neg\u00f3cios"],"inLanguage":"pt-BR"},{"@type":"WebPage","@id":"https:\/\/www.suno.com.br\/noticias\/claro-receita-liquida-oi\/","url":"https:\/\/www.suno.com.br\/noticias\/claro-receita-liquida-oi\/","name":"Claro registra crescimento de 1,7% em sua receita l\u00edquida no 3T19","isPartOf":{"@id":"https:\/\/www.suno.com.br\/noticias\/#website"},"datePublished":"2019-10-16T11:27:41+00:00","description":"A Claro informou que sua receita l\u00edquida cresceu R$ 9,15 bilh\u00f5es em compara\u00e7\u00e3o com o mesmo per\u00edodo no ano passado. Clique aqui e saiba mais","breadcrumb":{"@id":"https:\/\/www.suno.com.br\/noticias\/claro-receita-liquida-oi\/#breadcrumb"},"inLanguage":"pt-BR","potentialAction":[{"@type":"ReadAction","target":["https:\/\/www.suno.com.br\/noticias\/claro-receita-liquida-oi\/"]}]},{"@type":"BreadcrumbList","@id":"https:\/\/www.suno.com.br\/noticias\/claro-receita-liquida-oi\/#breadcrumb","itemListElement":[{"@type":"ListItem","position":1,"name":"Not\u00edcias","item":"https:\/\/www.suno.com.br\/noticias\/"},{"@type":"ListItem","position":2,"name":"Neg\u00f3cios","item":"https:\/\/www.suno.com.br\/noticias\/negocios\/"},{"@type":"ListItem","position":3,"name":"Claro registra crescimento de 1,7% em sua receita l\u00edquida no 3T19"}]},{"@type":"WebSite","@id":"https:\/\/www.suno.com.br\/noticias\/#website","url":"https:\/\/www.suno.com.br\/noticias\/","name":"Suno Not\u00edcias","description":"Seu portal de informa\u00e7\u00e3o sobre o mundo dos investimentos","publisher":{"@id":"https:\/\/www.suno.com.br\/noticias\/#organization"},"potentialAction":[{"@type":"SearchAction","target":{"@type":"EntryPoint","urlTemplate":"https:\/\/www.suno.com.br\/noticias\/?s={search_term_string}"},"query-input":{"@type":"PropertyValueSpecification","valueRequired":true,"valueName":"search_term_string"}}],"inLanguage":"pt-BR"},{"@type":"Organization","@id":"https:\/\/www.suno.com.br\/noticias\/#organization","name":"Suno Not\u00edcias","url":"https:\/\/www.suno.com.br\/noticias\/","logo":{"@type":"ImageObject","inLanguage":"pt-BR","@id":"https:\/\/www.suno.com.br\/noticias\/#\/schema\/logo\/image\/","url":"https:\/\/files.sunoresearch.com.br\/n\/uploads\/2021\/09\/suno-logo.png","contentUrl":"https:\/\/files.sunoresearch.com.br\/n\/uploads\/2021\/09\/suno-logo.png","width":180,"height":180,"caption":"Suno Not\u00edcias"},"image":{"@id":"https:\/\/www.suno.com.br\/noticias\/#\/schema\/logo\/image\/"},"sameAs":["https:\/\/facebook.com\/sunoresearch","https:\/\/x.com\/sunoresearch","https:\/\/www.instagram.com\/suno","https:\/\/www.linkedin.com\/company\/suno-research\/","https:\/\/www.youtube.com\/c\/sunoresearch"]},{"@type":"Person","@id":"https:\/\/www.suno.com.br\/noticias\/#\/schema\/person\/02ec1f752758247878a2bf4abee1aeda","name":"Poliana Santos","image":{"@type":"ImageObject","inLanguage":"pt-BR","@id":"https:\/\/www.suno.com.br\/noticias\/#\/schema\/person\/image\/","url":"https:\/\/secure.gravatar.com\/avatar\/0645bd32f23d87b2130f2b2dff1d3f8d?s=96&r=g","contentUrl":"https:\/\/secure.gravatar.com\/avatar\/0645bd32f23d87b2130f2b2dff1d3f8d?s=96&r=g","caption":"Poliana Santos"},"description":"Rep\u00f3rter no Suno Not\u00edcias, com cobertura em mercado financeiro, economia, finan\u00e7as pessoais, renda fixa e varejo. Jornalista formada pela Faculdade C\u00e1sper L\u00edbero e possui passagem na R\u00e1dio Gazeta AM com a produ\u00e7\u00e3o de conte\u00fado sobre economia, pol\u00edtica, sa\u00fade, moda e m\u00fasica. Possui certificado de conclus\u00e3o do curso de An\u00e1lise de Balan\u00e7os pela Funda\u00e7\u00e3o Bradesco, Agenda Brasil pela FAAP, Educa\u00e7\u00e3o Pol\u00edtica por Alexandre Garcia e do Tesouro Direto e Mercado de A\u00e7\u00f5es pela B3.","url":"https:\/\/www.suno.com.br\/noticias\/author\/poliana-santos\/"}]}},"default_loop_html":"<div class=\"cardsPage__listCard__boxs\"><div class=\"cardsPage__listCard__boxs__img\"><a href=\"https:\/\/www.suno.com.br\/noticias\/claro-receita-liquida-oi\/\"><img class=\"mask\" src=\"https:\/\/www.suno.com.br\/noticias\/wp-content\/themes\/suno\/resources\/images\/spotlight\/spotlight1img\/bg-mask.png\" alt=\"Image Mask\"\/><img src=\"\" alt=\"Claro registra crescimento de 1,7% em sua receita l\u00edquida no 3T19\"\/><\/a><span class=\"spotlightCategory\"><a href=\"https:\/\/www.suno.com.br\/noticias\/negocios\/\">Neg\u00f3cios<\/a><\/span><\/div><div class=\"cardsPage__listCard__boxs__content\"><a href=\"https:\/\/www.suno.com.br\/noticias\/claro-receita-liquida-oi\/\"><h2 class=\"content__title\">Claro registra crescimento de 1,7% em sua receita l\u00edquida no 3T19<\/h2><\/a><div class=\"newsContent__article__meta\"><div class=\"newsContent__article__meta__authorBox\"><a href=\"https:\/\/www.suno.com.br\/noticias\/author\/poliana-santos\/\" class=\"authorBox__avatar noMobi\"><img src=\"https:\/\/files.sunoresearch.com.br\/n\/uploads\/2020\/08\/7ef34026-whatsapp-image-2020-08-03-at-12.37.57-150x150.webp\" alt=\"Poliana Santos\"><\/a><div class=\"authorBox__name\"><span>por\n\t\t\t<a href=\"https:\/\/www.suno.com.br\/noticias\/author\/poliana-santos\/\"><span itemprop=\"author\">Poliana Santos<\/span><\/a><\/span><time datetime=\"2019-10-16T08:27:41-03:00\" itemprop=\"datePublished\">16\/10\/2019 08:27<\/time><\/div><\/div><\/div><\/div><\/div>","single_layout":"posts","amp_enabled":true,"_links":{"self":[{"href":"https:\/\/www.suno.com.br\/noticias\/wp-json\/wp\/v2\/posts\/41226"}],"collection":[{"href":"https:\/\/www.suno.com.br\/noticias\/wp-json\/wp\/v2\/posts"}],"about":[{"href":"https:\/\/www.suno.com.br\/noticias\/wp-json\/wp\/v2\/types\/post"}],"author":[{"embeddable":true,"href":"https:\/\/www.suno.com.br\/noticias\/wp-json\/wp\/v2\/users\/15"}],"replies":[{"embeddable":true,"href":"https:\/\/www.suno.com.br\/noticias\/wp-json\/wp\/v2\/comments?post=41226"}],"version-history":[{"count":0,"href":"https:\/\/www.suno.com.br\/noticias\/wp-json\/wp\/v2\/posts\/41226\/revisions"}],"wp:attachment":[{"href":"https:\/\/www.suno.com.br\/noticias\/wp-json\/wp\/v2\/media?parent=41226"}],"wp:term":[{"taxonomy":"category","embeddable":true,"href":"https:\/\/www.suno.com.br\/noticias\/wp-json\/wp\/v2\/categories?post=41226"},{"taxonomy":"post_tag","embeddable":true,"href":"https:\/\/www.suno.com.br\/noticias\/wp-json\/wp\/v2\/tags?post=41226"},{"taxonomy":"suno_strategy","embeddable":true,"href":"https:\/\/www.suno.com.br\/noticias\/wp-json\/wp\/v2\/suno_strategy?post=41226"}],"curies":[{"name":"wp","href":"https:\/\/api.w.org\/{rel}","templated":true}]}}