{"id":41224,"date":"2019-10-16T08:26:51","date_gmt":"2019-10-16T11:26:51","guid":{"rendered":"https:\/\/www.suno.com.br\/noticias\/?p=41224"},"modified":"2021-02-17T22:41:53","modified_gmt":"2021-02-18T01:41:53","slug":"senado-aprova-distribuicao-megaleilao-sancao-presidencial","status":"publish","type":"post","link":"https:\/\/www.suno.com.br\/noticias\/senado-aprova-distribuicao-megaleilao-sancao-presidencial\/","title":{"rendered":"Senado aprova distribui\u00e7\u00e3o dos recursos e megaleil\u00e3o segue para san\u00e7\u00e3o presidencial"},"content":{"rendered":"<p>O projeto que divide os recursos do megaleil\u00e3o de petr\u00f3leo com estados e munic\u00edpios foi aprovado pelo <strong>Senado<\/strong> na \u00faltima ter\u00e7a-feira (15). O texto base foi aprovado com 68 votos favor\u00e1veis e nenhum contr\u00e1rio.<\/p>\t<div class=\"wrapper-featured-image\">\n\t\t<figure class=\"spotlightImg\">\n\n\t\t\t<picture>\n\t\t\t\t<source media=\"(max-width: 768px)\" srcset=\"https:\/\/files.sunoresearch.com.br\/n\/uploads\/2019\/02\/73b292b1-petr\u00f3leo-400x200.webp\">\n\t\t\t\t<img loading=\"lazy\" decoding=\"async\" class=\"newsContent__article__imgCapa lazyloadDisabled newsContent__article__imgCapa--noCaption\" src=\"https:\/\/files.sunoresearch.com.br\/n\/uploads\/2019\/02\/73b292b1-petr\u00f3leo-800x450.webp\" width=\"800\" height=\"450\" alt=\"Senado aprova distribui\u00e7\u00e3o dos recursos e megaleil\u00e3o segue para san\u00e7\u00e3o presidencial\" fetchpriority=high \/>\n\t\t\t<\/picture>\n\n\t\t\t<figcaption class=\"wp-caption-text wp-caption-text--hide\">Pre\u00e7os do petr\u00f3leo<\/figcaption>\n\t\t<\/figure>\n\t<\/div>\n\n\n\n<p>O texto do <strong>megaleil\u00e3o<\/strong> segue para a san\u00e7\u00e3o do Presidente da Rep\u00fablica. A conclus\u00e3o desse projeto deve destravar a <strong>reforma de Previd\u00eancia<\/strong>, prevista para para o dia 22 na Casa.<\/p>\n<p>O leil\u00e3o, equivalente \u00e0 chamada cess\u00e3o onerosa, ser\u00e1 realizado no dia 6 de novembro. Trata-se do petr\u00f3leo excedente em uma regi\u00e3o em que a <strong>Petrobras<\/strong> (PETR3; PETR4) atuava. O contrato da Uni\u00e3o com a petroleira nacional, firmado em 2010, estimava a retirada de um menor volume de barris do que o local tem capacidade.<\/p>\n<h2>Megaleil\u00e3o vai refor\u00e7ar o caixa de estados e munic\u00edpios<\/h2>\n<p>O governo pretende captar R$ 106,5 bilh\u00f5es com o excedente da <a href=\"https:\/\/www.suno.com.br\/artigos\/o-que-commodities\/\">commodity<\/a> na regi\u00e3o. Em um contexto de escassez, o leil\u00e3o pode fazer com que diversas petroleiras ao redor do mundo se interessem pela oferta brasileira.<\/p>\n<p>Ap\u00f3s a vota\u00e7\u00e3o, a estimativa \u00e9 de que prefeitos e governadores recebam o montante de R$ 21,9 bilh\u00f5es no caixa at\u00e9 o final de 2019.<\/p>\n\t<p>\n\t\t<a href=\"https:\/\/lp.suno.com.br\/ao\/cadastro-whatsapp\/\" target=\"_blank\" data-element=\"shortcode-suno-banner\" title=\"Banner SUNO, clique e saiba mais\">\n\t\t\t<picture>\n\t\t\t\t<source media=\"(max-width: 500px)\" srcset=\"https:\/\/files.sunoresearch.com.br\/n\/uploads\/2024\/03\/400x300-whatsapp-Suno.png\">\n\t\t\t\t<img class=\"newsContent__article__imgCapa newsContent__article__imgCapa--banner\"\n\t\t\t\t\tsrc=\"https:\/\/files.sunoresearch.com.br\/n\/uploads\/2024\/03\/1420x240-whatsapp-Suno.png\"\n\t\t\t\t\tdata-promo-id=\"101743\"\t\t\t\t\t\t\t\t\t\twidth='1420' height='240'\t\t\t\t\talt=\"https:\/\/files.sunoresearch.com.br\/n\/uploads\/2024\/03\/1420x240-whatsapp-Suno.png\"\n\t\t\t\t>\n\t\t\t<\/picture>\n\t\t<\/a>\n\t<\/p>\n\n\n<p>A divis\u00e3o dos recursos arrecadados faz parte do pacto federativo, um agrupamento de projetos que visam elevar os recursos dos Estados e munic\u00edpios. Segundos os senadores, esse conjunto foi elaborado como forma de &#8220;compensar&#8221; a aprova\u00e7\u00e3o da reforma da Previd\u00eancia.<\/p>\n<p>Durante o dia da vota\u00e7\u00e3o, houve o temor de que o projeto retornasse \u00e0 C\u00e2mara dos Deputados e comprometesse a distribui\u00e7\u00e3o dos valores. O presidente da Casa, <strong>Davi Alcolumbre<\/strong> (DEM-AP), colaborou para que o texto definido junto \u00e0 C\u00e2mara fosse mantido sem altera\u00e7\u00f5es, como a tentativa de maior repasse financeiro \u00e0s regi\u00f5es Norte e Nordeste, proposto pelos representantes dessas regi\u00f5es.<\/p>\n<p><a href=\"https:\/\/www.suno.com.br\/noticias\/ccr-anuncia-pagara-dividendos\/\">Confira: CCR anuncia que pagar\u00e1 R$ 940 milh\u00f5es em dividendos<\/a><\/p>\n<p>O projeto aprovado na \u00faltima ter\u00e7a estabelece que 15% (R$ 10,95 bilh\u00f5es) dos recursos que ser\u00e3o repartidos sejam destinados para estados, respeitando um c\u00e1lculo misto: dois ter\u00e7os segundo os crit\u00e9rios do Fundo de Participa\u00e7\u00e3o dos Estados &#8211; que beneficiam mais Norte e Nordeste &#8211; e um ter\u00e7o de acordo com as regras do Fundo de Aux\u00edlio \u00e0s Exporta\u00e7\u00f5es (FEX) e da Lei Kandir &#8211; beneficiando estados exportadores.<\/p>\n<p>Em rela\u00e7\u00e3o aos munic\u00edpios, a proposta destina outros 15% (R$ 10,95 bilh\u00f5es), segundo os crit\u00e9rios do Fundo de Participa\u00e7\u00e3o dos Munic\u00edpios (FMP), beneficiando ps munic\u00edpios mais pobres. A <strong>Uni\u00e3o<\/strong> permaneceria com R$ 49 bilh\u00f5es, a Petrobr\u00e1s com R$ 33,6 bilh\u00f5es. Al\u00e9m disso, o Rio de Janeiro tamb\u00e9m ficaria com R$ 2,4 bilh\u00f5es.<\/p>\n<p>A proposta anterior criada pelo Senado, e engavetada pela C\u00e2mara, n\u00e3o englobava as regras da Lei Kandir na divis\u00e3o com Estados. Os senadores rejeitaram a emenda do senador Rog\u00e9rio Carvalho (PT-SE) que propunha aumentar a quantia destinada aos Estados do Norte e do Nordeste e ao Distrito Federal. De acordo com a proposta, esses governos estaduais receberiam mais R$ 2,1 bilh\u00f5es da parte da Uni\u00e3o, al\u00e9m dos repasses j\u00e1 estabelecidos.<\/p>\n<p><a href=\"https:\/\/www.suno.com.br\/noticias\/balanca-comercial-superavit-semana-outubro\/\">Saiba mais: Balan\u00e7a comercial tem super\u00e1vit de US$ 444 mi na 2\u00aa semana de outubro<\/a><\/p>\n<p>O relator do projeto, Omar Aziz (PSD-AM), rejeitou realizar mudan\u00e7as que fizessem o texto retornar \u00e0 C\u00e2mara. &#8220;N\u00e3o tem perda (para governadores), eles n\u00e3o tinham nada, n\u00f3s \u00e9 que estamos dando isso para eles. Se eu fosse o presidente, eu ia pensar muito em ter que dar a dinheiro a torto e a direito. O Bolsonaro est\u00e1 sendo bonzinho&#8221;, disse Aziz.<\/p>\n<p>Ele ressaltou que os recursos do <strong>megaleil\u00e3o<\/strong> n\u00e3o estavam previstos no caixa dos estados e munic\u00edpios e que n\u00e3o se pode falar em &#8220;perdas&#8221; para governos locais.<\/p>\n","protected":false},"excerpt":{"rendered":"<p>O projeto que divide os recursos do megaleil\u00e3o de petr\u00f3leo com estados e munic\u00edpios foi aprovado pelo Senado na \u00faltima ter\u00e7a-feira (15). O texto base foi aprovado com 68 votos favor\u00e1veis e nenhum contr\u00e1rio. Pre\u00e7os do petr\u00f3leo O texto do megaleil\u00e3o segue para a san\u00e7\u00e3o do Presidente da Rep\u00fablica. A conclus\u00e3o desse projeto deve destravar [&hellip;]<\/p>\n","protected":false},"author":24,"featured_media":15030,"comment_status":"closed","ping_status":"closed","sticky":false,"template":"","format":"standard","meta":[],"categories":[61],"tags":[595,766,1068],"suno_strategy":[],"class_list":["post-41224","post","type-post","status-publish","format-standard","has-post-thumbnail","hentry","category-politica","tag-petrobras-petr4","tag-petroleo","tag-senado-federal"],"yoast_head":"<!-- This site is optimized with the Yoast SEO plugin v24.4 - https:\/\/yoast.com\/wordpress\/plugins\/seo\/ -->\n<title>Senado aprova distribui\u00e7\u00e3o dos recursos do megaleil\u00e3o<\/title>\n<meta name=\"description\" content=\"O projeto que divide os recursos do megaleil\u00e3o de petr\u00f3leo foi aprovado pelo Senado na \u00faltima ter\u00e7a (15). Clique aqui e saiba mais.\" \/>\n<meta name=\"robots\" content=\"index, follow, max-snippet:-1, max-image-preview:large, max-video-preview:-1\" \/>\n<link rel=\"canonical\" href=\"https:\/\/www.suno.com.br\/noticias\/senado-aprova-distribuicao-megaleilao-sancao-presidencial\/\" \/>\n<meta property=\"og:locale\" content=\"pt_BR\" \/>\n<meta property=\"og:type\" content=\"article\" \/>\n<meta property=\"og:title\" content=\"Senado aprova distribui\u00e7\u00e3o dos recursos do megaleil\u00e3o\" \/>\n<meta property=\"og:description\" content=\"O projeto que divide os recursos do megaleil\u00e3o de petr\u00f3leo foi aprovado pelo Senado na \u00faltima ter\u00e7a (15). Clique aqui e saiba mais.\" \/>\n<meta property=\"og:url\" content=\"https:\/\/www.suno.com.br\/noticias\/senado-aprova-distribuicao-megaleilao-sancao-presidencial\/\" \/>\n<meta property=\"og:site_name\" content=\"Suno Not\u00edcias\" \/>\n<meta property=\"article:publisher\" content=\"https:\/\/facebook.com\/sunoresearch\" \/>\n<meta property=\"og:image\" content=\"https:\/\/files.sunoresearch.com.br\/n\/uploads\/2019\/02\/73b292b1-petr\u00f3leo.jpg\" \/>\n\t<meta property=\"og:image:width\" content=\"3506\" \/>\n\t<meta property=\"og:image:height\" content=\"2337\" \/>\n\t<meta property=\"og:image:type\" content=\"image\/jpeg\" \/>\n<meta name=\"author\" content=\"Jader Lazarini\" \/>\n<meta name=\"twitter:card\" content=\"summary_large_image\" \/>\n<meta name=\"twitter:creator\" content=\"@sunoresearch\" \/>\n<meta name=\"twitter:site\" content=\"@sunoresearch\" \/>\n<meta name=\"twitter:label1\" content=\"Escrito por\" \/>\n\t<meta name=\"twitter:data1\" content=\"Jader Lazarini\" \/>\n\t<meta name=\"twitter:label2\" content=\"Est. tempo de leitura\" \/>\n\t<meta name=\"twitter:data2\" content=\"3 minutos\" \/>\n<script type=\"application\/ld+json\" class=\"yoast-schema-graph\">{\"@context\":\"https:\/\/schema.org\",\"@graph\":[{\"@type\":\"NewsArticle\",\"@id\":\"https:\/\/www.suno.com.br\/noticias\/senado-aprova-distribuicao-megaleilao-sancao-presidencial\/#article\",\"isPartOf\":{\"@id\":\"https:\/\/www.suno.com.br\/noticias\/senado-aprova-distribuicao-megaleilao-sancao-presidencial\/\"},\"author\":{\"name\":\"Jader Lazarini\",\"@id\":\"https:\/\/www.suno.com.br\/noticias\/#\/schema\/person\/918d79de1f0281f01599b93f9ea6e23f\"},\"headline\":\"Senado aprova distribui\u00e7\u00e3o dos recursos e megaleil\u00e3o segue para san\u00e7\u00e3o presidencial\",\"datePublished\":\"2019-10-16T11:26:51+00:00\",\"dateModified\":\"2021-02-18T01:41:53+00:00\",\"mainEntityOfPage\":{\"@id\":\"https:\/\/www.suno.com.br\/noticias\/senado-aprova-distribuicao-megaleilao-sancao-presidencial\/\"},\"wordCount\":663,\"publisher\":{\"@id\":\"https:\/\/www.suno.com.br\/noticias\/#organization\"},\"image\":{\"@id\":\"https:\/\/www.suno.com.br\/noticias\/senado-aprova-distribuicao-megaleilao-sancao-presidencial\/#primaryimage\"},\"thumbnailUrl\":\"https:\/\/files.sunoresearch.com.br\/n\/uploads\/2019\/02\/73b292b1-petr\u00f3leo-scaled.webp\",\"keywords\":[\"Petrobras (PETR4)\",\"Petr\u00f3leo\",\"Senado Federal\"],\"articleSection\":[\"Pol\u00edtica\"],\"inLanguage\":\"pt-BR\"},{\"@type\":\"WebPage\",\"@id\":\"https:\/\/www.suno.com.br\/noticias\/senado-aprova-distribuicao-megaleilao-sancao-presidencial\/\",\"url\":\"https:\/\/www.suno.com.br\/noticias\/senado-aprova-distribuicao-megaleilao-sancao-presidencial\/\",\"name\":\"Senado aprova distribui\u00e7\u00e3o dos recursos do megaleil\u00e3o\",\"isPartOf\":{\"@id\":\"https:\/\/www.suno.com.br\/noticias\/#website\"},\"primaryImageOfPage\":{\"@id\":\"https:\/\/www.suno.com.br\/noticias\/senado-aprova-distribuicao-megaleilao-sancao-presidencial\/#primaryimage\"},\"image\":{\"@id\":\"https:\/\/www.suno.com.br\/noticias\/senado-aprova-distribuicao-megaleilao-sancao-presidencial\/#primaryimage\"},\"thumbnailUrl\":\"https:\/\/files.sunoresearch.com.br\/n\/uploads\/2019\/02\/73b292b1-petr\u00f3leo-scaled.webp\",\"datePublished\":\"2019-10-16T11:26:51+00:00\",\"dateModified\":\"2021-02-18T01:41:53+00:00\",\"description\":\"O projeto que divide os recursos do megaleil\u00e3o de petr\u00f3leo foi aprovado pelo Senado na \u00faltima ter\u00e7a (15). Clique aqui e saiba mais.\",\"breadcrumb\":{\"@id\":\"https:\/\/www.suno.com.br\/noticias\/senado-aprova-distribuicao-megaleilao-sancao-presidencial\/#breadcrumb\"},\"inLanguage\":\"pt-BR\",\"potentialAction\":[{\"@type\":\"ReadAction\",\"target\":[\"https:\/\/www.suno.com.br\/noticias\/senado-aprova-distribuicao-megaleilao-sancao-presidencial\/\"]}]},{\"@type\":\"ImageObject\",\"inLanguage\":\"pt-BR\",\"@id\":\"https:\/\/www.suno.com.br\/noticias\/senado-aprova-distribuicao-megaleilao-sancao-presidencial\/#primaryimage\",\"url\":\"https:\/\/files.sunoresearch.com.br\/n\/uploads\/2019\/02\/73b292b1-petr\u00f3leo-scaled.webp\",\"contentUrl\":\"https:\/\/files.sunoresearch.com.br\/n\/uploads\/2019\/02\/73b292b1-petr\u00f3leo-scaled.webp\",\"width\":2560,\"height\":1706,\"caption\":\"Pre\u00e7os do petr\u00f3leo\"},{\"@type\":\"BreadcrumbList\",\"@id\":\"https:\/\/www.suno.com.br\/noticias\/senado-aprova-distribuicao-megaleilao-sancao-presidencial\/#breadcrumb\",\"itemListElement\":[{\"@type\":\"ListItem\",\"position\":1,\"name\":\"Not\u00edcias\",\"item\":\"https:\/\/www.suno.com.br\/noticias\/\"},{\"@type\":\"ListItem\",\"position\":2,\"name\":\"Pol\u00edtica\",\"item\":\"https:\/\/www.suno.com.br\/noticias\/politica\/\"},{\"@type\":\"ListItem\",\"position\":3,\"name\":\"Senado aprova distribui\u00e7\u00e3o dos recursos e megaleil\u00e3o segue para san\u00e7\u00e3o presidencial\"}]},{\"@type\":\"WebSite\",\"@id\":\"https:\/\/www.suno.com.br\/noticias\/#website\",\"url\":\"https:\/\/www.suno.com.br\/noticias\/\",\"name\":\"Suno Not\u00edcias\",\"description\":\"Seu portal de informa\u00e7\u00e3o sobre o mundo dos investimentos\",\"publisher\":{\"@id\":\"https:\/\/www.suno.com.br\/noticias\/#organization\"},\"potentialAction\":[{\"@type\":\"SearchAction\",\"target\":{\"@type\":\"EntryPoint\",\"urlTemplate\":\"https:\/\/www.suno.com.br\/noticias\/?s={search_term_string}\"},\"query-input\":{\"@type\":\"PropertyValueSpecification\",\"valueRequired\":true,\"valueName\":\"search_term_string\"}}],\"inLanguage\":\"pt-BR\"},{\"@type\":\"Organization\",\"@id\":\"https:\/\/www.suno.com.br\/noticias\/#organization\",\"name\":\"Suno Not\u00edcias\",\"url\":\"https:\/\/www.suno.com.br\/noticias\/\",\"logo\":{\"@type\":\"ImageObject\",\"inLanguage\":\"pt-BR\",\"@id\":\"https:\/\/www.suno.com.br\/noticias\/#\/schema\/logo\/image\/\",\"url\":\"https:\/\/files.sunoresearch.com.br\/n\/uploads\/2021\/09\/suno-logo.png\",\"contentUrl\":\"https:\/\/files.sunoresearch.com.br\/n\/uploads\/2021\/09\/suno-logo.png\",\"width\":180,\"height\":180,\"caption\":\"Suno Not\u00edcias\"},\"image\":{\"@id\":\"https:\/\/www.suno.com.br\/noticias\/#\/schema\/logo\/image\/\"},\"sameAs\":[\"https:\/\/facebook.com\/sunoresearch\",\"https:\/\/x.com\/sunoresearch\",\"https:\/\/www.instagram.com\/suno\",\"https:\/\/www.linkedin.com\/company\/suno-research\/\",\"https:\/\/www.youtube.com\/c\/sunoresearch\"]},{\"@type\":\"Person\",\"@id\":\"https:\/\/www.suno.com.br\/noticias\/#\/schema\/person\/918d79de1f0281f01599b93f9ea6e23f\",\"name\":\"Jader Lazarini\",\"image\":{\"@type\":\"ImageObject\",\"inLanguage\":\"pt-BR\",\"@id\":\"https:\/\/www.suno.com.br\/noticias\/#\/schema\/person\/image\/\",\"url\":\"https:\/\/secure.gravatar.com\/avatar\/3c1ad8caa51589841baeb923fcddea97?s=96&r=g\",\"contentUrl\":\"https:\/\/secure.gravatar.com\/avatar\/3c1ad8caa51589841baeb923fcddea97?s=96&r=g\",\"caption\":\"Jader Lazarini\"},\"description\":\"Jader Lazarini escreve sobre investimentos, finan\u00e7as, economia e neg\u00f3cios. \u00c9 bacharel em Rela\u00e7\u00f5es Internacionais e analista CNPI (2619).\",\"url\":\"https:\/\/www.suno.com.br\/noticias\/author\/jader-lazarini\/\"}]}<\/script>\n<!-- \/ Yoast SEO plugin. -->","yoast_head_json":{"title":"Senado aprova distribui\u00e7\u00e3o dos recursos do megaleil\u00e3o","description":"O projeto que divide os recursos do megaleil\u00e3o de petr\u00f3leo foi aprovado pelo Senado na \u00faltima ter\u00e7a (15). Clique aqui e saiba mais.","robots":{"index":"index","follow":"follow","max-snippet":"max-snippet:-1","max-image-preview":"max-image-preview:large","max-video-preview":"max-video-preview:-1"},"canonical":"https:\/\/www.suno.com.br\/noticias\/senado-aprova-distribuicao-megaleilao-sancao-presidencial\/","og_locale":"pt_BR","og_type":"article","og_title":"Senado aprova distribui\u00e7\u00e3o dos recursos do megaleil\u00e3o","og_description":"O projeto que divide os recursos do megaleil\u00e3o de petr\u00f3leo foi aprovado pelo Senado na \u00faltima ter\u00e7a (15). Clique aqui e saiba mais.","og_url":"https:\/\/www.suno.com.br\/noticias\/senado-aprova-distribuicao-megaleilao-sancao-presidencial\/","og_site_name":"Suno Not\u00edcias","article_publisher":"https:\/\/facebook.com\/sunoresearch","og_image":[{"width":3506,"height":2337,"url":"https:\/\/files.sunoresearch.com.br\/n\/uploads\/2019\/02\/73b292b1-petr\u00f3leo.jpg","type":"image\/jpeg"}],"author":"Jader Lazarini","twitter_card":"summary_large_image","twitter_creator":"@sunoresearch","twitter_site":"@sunoresearch","twitter_misc":{"Escrito por":"Jader Lazarini","Est. tempo de leitura":"3 minutos"},"schema":{"@context":"https:\/\/schema.org","@graph":[{"@type":"NewsArticle","@id":"https:\/\/www.suno.com.br\/noticias\/senado-aprova-distribuicao-megaleilao-sancao-presidencial\/#article","isPartOf":{"@id":"https:\/\/www.suno.com.br\/noticias\/senado-aprova-distribuicao-megaleilao-sancao-presidencial\/"},"author":{"name":"Jader Lazarini","@id":"https:\/\/www.suno.com.br\/noticias\/#\/schema\/person\/918d79de1f0281f01599b93f9ea6e23f"},"headline":"Senado aprova distribui\u00e7\u00e3o dos recursos e megaleil\u00e3o segue para san\u00e7\u00e3o presidencial","datePublished":"2019-10-16T11:26:51+00:00","dateModified":"2021-02-18T01:41:53+00:00","mainEntityOfPage":{"@id":"https:\/\/www.suno.com.br\/noticias\/senado-aprova-distribuicao-megaleilao-sancao-presidencial\/"},"wordCount":663,"publisher":{"@id":"https:\/\/www.suno.com.br\/noticias\/#organization"},"image":{"@id":"https:\/\/www.suno.com.br\/noticias\/senado-aprova-distribuicao-megaleilao-sancao-presidencial\/#primaryimage"},"thumbnailUrl":"https:\/\/files.sunoresearch.com.br\/n\/uploads\/2019\/02\/73b292b1-petr\u00f3leo-scaled.webp","keywords":["Petrobras (PETR4)","Petr\u00f3leo","Senado Federal"],"articleSection":["Pol\u00edtica"],"inLanguage":"pt-BR"},{"@type":"WebPage","@id":"https:\/\/www.suno.com.br\/noticias\/senado-aprova-distribuicao-megaleilao-sancao-presidencial\/","url":"https:\/\/www.suno.com.br\/noticias\/senado-aprova-distribuicao-megaleilao-sancao-presidencial\/","name":"Senado aprova distribui\u00e7\u00e3o dos recursos do megaleil\u00e3o","isPartOf":{"@id":"https:\/\/www.suno.com.br\/noticias\/#website"},"primaryImageOfPage":{"@id":"https:\/\/www.suno.com.br\/noticias\/senado-aprova-distribuicao-megaleilao-sancao-presidencial\/#primaryimage"},"image":{"@id":"https:\/\/www.suno.com.br\/noticias\/senado-aprova-distribuicao-megaleilao-sancao-presidencial\/#primaryimage"},"thumbnailUrl":"https:\/\/files.sunoresearch.com.br\/n\/uploads\/2019\/02\/73b292b1-petr\u00f3leo-scaled.webp","datePublished":"2019-10-16T11:26:51+00:00","dateModified":"2021-02-18T01:41:53+00:00","description":"O projeto que divide os recursos do megaleil\u00e3o de petr\u00f3leo foi aprovado pelo Senado na \u00faltima ter\u00e7a (15). Clique aqui e saiba mais.","breadcrumb":{"@id":"https:\/\/www.suno.com.br\/noticias\/senado-aprova-distribuicao-megaleilao-sancao-presidencial\/#breadcrumb"},"inLanguage":"pt-BR","potentialAction":[{"@type":"ReadAction","target":["https:\/\/www.suno.com.br\/noticias\/senado-aprova-distribuicao-megaleilao-sancao-presidencial\/"]}]},{"@type":"ImageObject","inLanguage":"pt-BR","@id":"https:\/\/www.suno.com.br\/noticias\/senado-aprova-distribuicao-megaleilao-sancao-presidencial\/#primaryimage","url":"https:\/\/files.sunoresearch.com.br\/n\/uploads\/2019\/02\/73b292b1-petr\u00f3leo-scaled.webp","contentUrl":"https:\/\/files.sunoresearch.com.br\/n\/uploads\/2019\/02\/73b292b1-petr\u00f3leo-scaled.webp","width":2560,"height":1706,"caption":"Pre\u00e7os do petr\u00f3leo"},{"@type":"BreadcrumbList","@id":"https:\/\/www.suno.com.br\/noticias\/senado-aprova-distribuicao-megaleilao-sancao-presidencial\/#breadcrumb","itemListElement":[{"@type":"ListItem","position":1,"name":"Not\u00edcias","item":"https:\/\/www.suno.com.br\/noticias\/"},{"@type":"ListItem","position":2,"name":"Pol\u00edtica","item":"https:\/\/www.suno.com.br\/noticias\/politica\/"},{"@type":"ListItem","position":3,"name":"Senado aprova distribui\u00e7\u00e3o dos recursos e megaleil\u00e3o segue para san\u00e7\u00e3o presidencial"}]},{"@type":"WebSite","@id":"https:\/\/www.suno.com.br\/noticias\/#website","url":"https:\/\/www.suno.com.br\/noticias\/","name":"Suno Not\u00edcias","description":"Seu portal de informa\u00e7\u00e3o sobre o mundo dos investimentos","publisher":{"@id":"https:\/\/www.suno.com.br\/noticias\/#organization"},"potentialAction":[{"@type":"SearchAction","target":{"@type":"EntryPoint","urlTemplate":"https:\/\/www.suno.com.br\/noticias\/?s={search_term_string}"},"query-input":{"@type":"PropertyValueSpecification","valueRequired":true,"valueName":"search_term_string"}}],"inLanguage":"pt-BR"},{"@type":"Organization","@id":"https:\/\/www.suno.com.br\/noticias\/#organization","name":"Suno Not\u00edcias","url":"https:\/\/www.suno.com.br\/noticias\/","logo":{"@type":"ImageObject","inLanguage":"pt-BR","@id":"https:\/\/www.suno.com.br\/noticias\/#\/schema\/logo\/image\/","url":"https:\/\/files.sunoresearch.com.br\/n\/uploads\/2021\/09\/suno-logo.png","contentUrl":"https:\/\/files.sunoresearch.com.br\/n\/uploads\/2021\/09\/suno-logo.png","width":180,"height":180,"caption":"Suno Not\u00edcias"},"image":{"@id":"https:\/\/www.suno.com.br\/noticias\/#\/schema\/logo\/image\/"},"sameAs":["https:\/\/facebook.com\/sunoresearch","https:\/\/x.com\/sunoresearch","https:\/\/www.instagram.com\/suno","https:\/\/www.linkedin.com\/company\/suno-research\/","https:\/\/www.youtube.com\/c\/sunoresearch"]},{"@type":"Person","@id":"https:\/\/www.suno.com.br\/noticias\/#\/schema\/person\/918d79de1f0281f01599b93f9ea6e23f","name":"Jader Lazarini","image":{"@type":"ImageObject","inLanguage":"pt-BR","@id":"https:\/\/www.suno.com.br\/noticias\/#\/schema\/person\/image\/","url":"https:\/\/secure.gravatar.com\/avatar\/3c1ad8caa51589841baeb923fcddea97?s=96&r=g","contentUrl":"https:\/\/secure.gravatar.com\/avatar\/3c1ad8caa51589841baeb923fcddea97?s=96&r=g","caption":"Jader Lazarini"},"description":"Jader Lazarini escreve sobre investimentos, finan\u00e7as, economia e neg\u00f3cios. \u00c9 bacharel em Rela\u00e7\u00f5es Internacionais e analista CNPI (2619).","url":"https:\/\/www.suno.com.br\/noticias\/author\/jader-lazarini\/"}]}},"default_loop_html":"<div class=\"cardsPage__listCard__boxs\"><div class=\"cardsPage__listCard__boxs__img\"><a href=\"https:\/\/www.suno.com.br\/noticias\/senado-aprova-distribuicao-megaleilao-sancao-presidencial\/\"><img class=\"mask\" src=\"https:\/\/www.suno.com.br\/noticias\/wp-content\/themes\/suno\/resources\/images\/spotlight\/spotlight1img\/bg-mask.png\" alt=\"Image Mask\"\/><img src=\"https:\/\/files.sunoresearch.com.br\/n\/uploads\/2019\/02\/73b292b1-petr\u00f3leo-400x200.webp\" alt=\"Senado aprova distribui\u00e7\u00e3o dos recursos e megaleil\u00e3o segue para san\u00e7\u00e3o presidencial\"\/><\/a><span class=\"spotlightCategory\"><a href=\"https:\/\/www.suno.com.br\/noticias\/politica\/\">Pol\u00edtica<\/a><\/span><\/div><div class=\"cardsPage__listCard__boxs__content\"><a href=\"https:\/\/www.suno.com.br\/noticias\/senado-aprova-distribuicao-megaleilao-sancao-presidencial\/\"><h2 class=\"content__title\">Senado aprova distribui\u00e7\u00e3o dos recursos e megaleil\u00e3o segue para san\u00e7\u00e3o presidencial<\/h2><\/a><div class=\"newsContent__article__meta\"><div class=\"newsContent__article__meta__authorBox\"><a href=\"https:\/\/www.suno.com.br\/noticias\/author\/jader-lazarini\/\" class=\"authorBox__avatar noMobi\"><img src=\"https:\/\/files.sunoresearch.com.br\/n\/uploads\/2021\/01\/178e6598-foto-perfil-2-150x150.jpg\" alt=\"Jader Lazarini\"><\/a><div class=\"authorBox__name\"><span>por\n\t\t\t<a href=\"https:\/\/www.suno.com.br\/noticias\/author\/jader-lazarini\/\"><span itemprop=\"author\">Jader Lazarini<\/span><\/a><\/span><time datetime=\"2019-10-16T08:26:51-03:00\" itemprop=\"datePublished\">16\/10\/2019 08:26<\/time><\/div><\/div><\/div><\/div><\/div>","single_layout":"posts","amp_enabled":true,"_links":{"self":[{"href":"https:\/\/www.suno.com.br\/noticias\/wp-json\/wp\/v2\/posts\/41224"}],"collection":[{"href":"https:\/\/www.suno.com.br\/noticias\/wp-json\/wp\/v2\/posts"}],"about":[{"href":"https:\/\/www.suno.com.br\/noticias\/wp-json\/wp\/v2\/types\/post"}],"author":[{"embeddable":true,"href":"https:\/\/www.suno.com.br\/noticias\/wp-json\/wp\/v2\/users\/24"}],"replies":[{"embeddable":true,"href":"https:\/\/www.suno.com.br\/noticias\/wp-json\/wp\/v2\/comments?post=41224"}],"version-history":[{"count":0,"href":"https:\/\/www.suno.com.br\/noticias\/wp-json\/wp\/v2\/posts\/41224\/revisions"}],"wp:featuredmedia":[{"embeddable":true,"href":"https:\/\/www.suno.com.br\/noticias\/wp-json\/wp\/v2\/media\/15030"}],"wp:attachment":[{"href":"https:\/\/www.suno.com.br\/noticias\/wp-json\/wp\/v2\/media?parent=41224"}],"wp:term":[{"taxonomy":"category","embeddable":true,"href":"https:\/\/www.suno.com.br\/noticias\/wp-json\/wp\/v2\/categories?post=41224"},{"taxonomy":"post_tag","embeddable":true,"href":"https:\/\/www.suno.com.br\/noticias\/wp-json\/wp\/v2\/tags?post=41224"},{"taxonomy":"suno_strategy","embeddable":true,"href":"https:\/\/www.suno.com.br\/noticias\/wp-json\/wp\/v2\/suno_strategy?post=41224"}],"curies":[{"name":"wp","href":"https:\/\/api.w.org\/{rel}","templated":true}]}}