{"id":412206,"date":"2023-06-01T22:42:50","date_gmt":"2023-06-02T01:42:50","guid":{"rendered":"https:\/\/www.suno.com.br\/noticias\/?p=412206"},"modified":"2023-06-01T22:43:01","modified_gmt":"2023-06-02T01:43:01","slug":"radar-meliuz-cash3-petrobras-petr4-vibra-vbbr3","status":"publish","type":"post","link":"https:\/\/www.suno.com.br\/noticias\/radar-meliuz-cash3-petrobras-petr4-vibra-vbbr3\/","title":{"rendered":"Radar: Petrobras (PETR4) decola, M\u00e9liuz (CASH3) sobe com grupamento e desdobramento de a\u00e7\u00f5es e entidades pedem sa\u00edda de conselheiro da Vibra (VBBR3)"},"content":{"rendered":"<p>As a\u00e7\u00f5es da&nbsp;<a href=\"https:\/\/www.suno.com.br\/acoes\/cash3\/\">M\u00e9liuz (CASH3)<\/a>&nbsp;fecharam em alta de 1,12% nesta quinta-feira (1), a R$ 9, na primeira sess\u00e3o em que os pap\u00e9is da empresa especializada em&nbsp;<strong>cashback<\/strong>&nbsp;passaram a ser negociadas ex-grupamento e ex-desdobramento.<\/p>\t<div class=\"wrapper-featured-image\">\n\t\t<figure class=\"spotlightImg\">\n\n\t\t\t<picture>\n\t\t\t\t<source media=\"(max-width: 768px)\" srcset=\"https:\/\/files.sunoresearch.com.br\/n\/uploads\/2023\/05\/petrobras-posto-400x200.jpg\">\n\t\t\t\t<img loading=\"lazy\" decoding=\"async\" class=\"newsContent__article__imgCapa lazyloadDisabled \" src=\"https:\/\/files.sunoresearch.com.br\/n\/uploads\/2023\/05\/petrobras-posto-800x450.jpg\" width=\"800\" height=\"450\" alt=\"Radar: Petrobras (PETR4) decola, M\u00e9liuz (CASH3) sobe com grupamento e desdobramento de a\u00e7\u00f5es e entidades pedem sa\u00edda de conselheiro da Vibra (VBBR3)\" fetchpriority=high \/>\n\t\t\t<\/picture>\n\n\t\t\t<figcaption class=\"wp-caption-text wp-caption-text--show\">Petrobras (PETR4). Foto: iStock<\/figcaption>\n\t\t<\/figure>\n\t<\/div>\n\n\n\n\n\n\t<p>\n\t\t<a href=\"https:\/\/lp.suno.com.br\/planilha-da-vida-financeira\/\" target=\"_blank\" data-element=\"shortcode-suno-banner\" title=\"Banner SUNO, clique e saiba mais\">\n\t\t\t<picture>\n\t\t\t\t<source media=\"(max-width: 500px)\" srcset=\"https:\/\/files.sunoresearch.com.br\/n\/uploads\/2023\/04\/400x300-Planilha-vida-financeira-true.png\">\n\t\t\t\t<img class=\"newsContent__article__imgCapa newsContent__article__imgCapa--banner\"\n\t\t\t\t\tsrc=\"https:\/\/files.sunoresearch.com.br\/n\/uploads\/2023\/04\/1420x240-Planilha-vida-financeira-true.png\"\n\t\t\t\t\tdata-promo-id=\"106682\"\t\t\t\t\t\t\t\t\t\twidth='1420' height='240'\t\t\t\t\talt=\"https:\/\/files.sunoresearch.com.br\/n\/uploads\/2023\/04\/1420x240-Planilha-vida-financeira-true.png\"\n\t\t\t\t>\n\t\t\t<\/picture>\n\t\t<\/a>\n\t<\/p>\n\n\n\n\n\n\n\n<p>Na pr\u00e1tica, a partir de hoje, as&nbsp;<strong>posi\u00e7\u00f5es acion\u00e1rias da M\u00e9liuz<\/strong>&nbsp;passam a ser simultaneamente grupadas e desdobradas, na qual cada grupo de 100 a\u00e7\u00f5es foi agrupado em 1 a\u00e7\u00e3o e, ato cont\u00ednuo, cada&nbsp;<strong>a\u00e7\u00e3o foi desdobrada&nbsp;<\/strong>em 10 a\u00e7\u00f5es.<\/p>\n\n\n\n<p>\u201cOs acionistas que detenham&nbsp;<strong>a\u00e7\u00f5es da M\u00e9liuz<\/strong>&nbsp;em n\u00fameros n\u00e3o m\u00faltiplos de 100 ter\u00e3o suas posi\u00e7\u00f5es grupadas, sendo as fra\u00e7\u00f5es separadas e aglutinadas para posterior leil\u00e3o, de modo que a posi\u00e7\u00e3o ap\u00f3s a opera\u00e7\u00e3o ser\u00e1 representada pelo m\u00faltiplo de 100 imediatamente anterior \u00e0 posi\u00e7\u00e3o previamente detida\u201d, informou a empresa em comunicado ao mercado.<\/p>\n\n\n\n<p>O&nbsp;<strong>M\u00e9liuz&nbsp;<\/strong>destacou, ainda, que eventuais fra\u00e7\u00f5es de a\u00e7\u00f5es remanescentes da opera\u00e7\u00e3o ser\u00e3o separadas e aglutinadas em n\u00fameros inteiros e vendidas em leil\u00e3o, em data a ser divulgada oportunamente.<\/p>\n\n\n\n<p>Al\u00e9m de M\u00e9liuz, confira outros destaques desta quinta-feira:<\/p>\n\n\n\n<h2 class=\"wp-block-heading\">Petrobras (PETR4) salta na Bolsa de Valores hoje (1\u00ba); o que aconteceu?<\/h2>\n\n\n\n<ul class=\"wp-block-list\">\n<li>As a\u00e7\u00f5es da&nbsp;<strong>Petrobras&nbsp;<\/strong>(<a href=\"https:\/\/www.suno.com.br\/acoes\/petr4\/\" target=\"_blank\" rel=\"noreferrer noopener\">PETR4<\/a>) subiram forte nesta quinta-feira (1\u00ba), ap\u00f3s comunicado emitido pela empresa confirmando sua reuni\u00e3o com executivos do fundo Apollo e da Adnoc, e em meio aos esclarecimentos da companhia a respeito da Braskem. O papel da estatal teve ainda o est\u00edmulo do pre\u00e7o da cota\u00e7\u00e3o do petr\u00f3leo.<\/li>\n<\/ul>\n\n\n\n<ul class=\"wp-block-list\">\n<li>Teve mais: \u201cA divulga\u00e7\u00e3o do PIB fortaleceu os mercados, que junto com a \u00faltima divulga\u00e7\u00e3o do IPCA-15 vindo melhor que o esperado, cria o cen\u00e1rio perfeito para os mercados se animarem e os juros ca\u00edrem. Al\u00e9m disso, tivemos tamb\u00e9m os leil\u00f5es de t\u00edtulos prefixados do governo no dia de hoje, que foram negociados na m\u00ednimas do ano, o que corrobora para o fechamento na curva de juros\u201d, diz Lucas de Caumont, estrategista de investimentos da Matriz Capital.<\/li>\n<\/ul>\n\n\n\n<ul class=\"wp-block-list\">\n<li>As&nbsp;<strong>a\u00e7\u00f5es da Petrobras<\/strong>&nbsp;do tipo preferencial, negociadas sob o ticker<strong>&nbsp;PETR4<\/strong>, fecharam em alta de 3,2% no preg\u00e3o de hoje (1\u00ba), operando em linha com o Ibovespa, que encerrou com alta de 2,06%, aos 110.564,66 pontos.<\/li>\n<\/ul>\n\n\n\n<ul class=\"wp-block-list\">\n<li>J\u00e1 as&nbsp;<a href=\"https:\/\/www.suno.com.br\/artigos\/o-que-sao-acoes-ordinarias-preferenciais-e-units\/\" target=\"_blank\" rel=\"noreferrer noopener\">a\u00e7\u00f5es ordin\u00e1rias<\/a>&nbsp;da Petrobras, com o ticker<strong>&nbsp;PETR3<\/strong>, tiveram ganho di\u00e1rio de 2,91%, a R$ 30,06, abrindo o m\u00eas de maio com um desempenho positivo na Bolsa de Valores Brasileira (B3).<\/li>\n<\/ul>\n\n\n\n<h2 class=\"wp-block-heading\">Vibra (VBBR3): entidades pedem destitui\u00e7\u00e3o de Fabio Schvartsman, ex-Vale (VALE3), de cargo no Conselho<\/h2>\n\n\n\n<ul class=\"wp-block-list\">\n<li>O Instituto Empresa e a Associa\u00e7\u00e3o das V\u00edtimas de Brumadinho enviaram carta aberta \u00e0<strong>&nbsp;<a href=\"https:\/\/www.suno.com.br\/acoes\/vbbr3\/\">Vibra<\/a><\/strong><a href=\"https:\/\/www.suno.com.br\/acoes\/vbbr3\/\">&nbsp;Energia (VBBR3)<\/a>&nbsp;pedindo que Fabio Schvartsman, presidente da&nbsp;<a href=\"https:\/\/www.suno.com.br\/acoes\/vale3\/\">Vale (VALE3)<\/a>&nbsp;na \u00e9poca do desastre de Brumadinho, em 2019, seja retirado do posto de conselheiro da companhia. Para isso, solicitam que seja convocada Assembleia Geral para destituir o executivo do cargo.<\/li>\n<\/ul>\n\n\n\n<ul class=\"wp-block-list\">\n<li>O&nbsp;<strong>Instituto Empresa<\/strong>&nbsp;\u00e9 uma associa\u00e7\u00e3o de investidores, com sede em Porto Alegre. A Associa\u00e7\u00e3o das V\u00edtimas de Brumadinho \u00e9 uma entidade privada sem fins lucrativos, constitu\u00edda na forma de associa\u00e7\u00e3o.<\/li>\n<\/ul>\n\n\n\n<ul class=\"wp-block-list\">\n<li>As entidades dizem que \u00e9 insustent\u00e1vel, em termos de governan\u00e7a, que uma importante companhia de capital aberto, integrante do segmento da elite da bolsa brasileira \u2013 o&nbsp;<strong>Novo Mercado<\/strong>&nbsp;\u2013 \u201ctenha entre seus administradores um r\u00e9u por homic\u00eddio de 272 pessoas e da promo\u00e7\u00e3o de um desastre ambiental sem precedentes, com grande impacto social.\u201d<\/li>\n<\/ul>\n\n\n\n<ul class=\"wp-block-list\">\n<li>Diz a&nbsp;<strong>carta das entidades \u00e0 Vibra<\/strong>: \u201cSeu discurso de alinhamento com as melhores pr\u00e1ticas de Governan\u00e7a, bem como sua manuten\u00e7\u00e3o em \u00edndices como o ISEB e FTSE, imp\u00f5e atitude coerente. O Instituto Empresa e a Associa\u00e7\u00e3o das V\u00edtimas de Brumadinho re\u00fanem-se para pleitear junto aos principais Acionistas da Vibra Energia \u2013 Fundo Dynamo, Verde Asset e Bogari \u2013 que, de imediato, convoquem Assembleia Geral da Companhia para destituir do Conselho o Ex-Presidente da Vale e r\u00e9u no caso Brumadinho&nbsp;<strong>Fabio Schvartsman<\/strong>\u201c.<\/li>\n<\/ul>\n\n\n\n<ul class=\"wp-block-list\">\n<li>As entidades argumentam que embora reconhe\u00e7a a preval\u00eancia do princ\u00edpio da presun\u00e7\u00e3o da inoc\u00eancia, entende igualmente que a companhia, seus acionistas e a sociedade precisam sinalizar seus valores, suas pr\u00e1ticas e suas escolhas. E complementa: \u201cDesconhecer os cad\u00e1veres, demonstrar pouca empatia com as fam\u00edlias envolvidas, minimizar o impacto social e a destrui\u00e7\u00e3o ambiental n\u00e3o podem ser compat\u00edveis com a Vibra Energia\u201d.<\/li>\n<\/ul>\n\n\n\n<h2 class=\"wp-block-heading\">CEO da Casino \u00e9 detido em apura\u00e7\u00e3o sobre manipula\u00e7\u00e3o de mercado<\/h2>\n\n\n\n<ul class=\"wp-block-list\">\n<li>O executivo-chefe e controlador do grupo franc\u00eas&nbsp;<strong>Casino<\/strong>, controlador do&nbsp;<a href=\"https:\/\/www.suno.com.br\/acoes\/asai3\/\">Assa\u00ed (ASAI3)<\/a>, Jean-Charles Naouri, foi detido para prestar depoimento por autoridades da Fran\u00e7a, como parte de uma investiga\u00e7\u00e3o de suposta manipula\u00e7\u00e3o de mercado, informou o escrit\u00f3rio da promotoria financeira local.<\/li>\n<\/ul>\n\n\n\n<ul class=\"wp-block-list\">\n<li>Naouri, que j\u00e1 teve cargos pol\u00edticos, foi questionado por autoridades em uma investiga\u00e7\u00e3o preliminar de manipula\u00e7\u00e3o de pre\u00e7os de a\u00e7\u00f5es e insider trading que teria ocorrido em 2018 e 2019, informou a promotoria.<\/li>\n<\/ul>\n\n\n\n<ul class=\"wp-block-list\">\n<li>A ag\u00eancia&nbsp;<em>France-Presse<\/em>&nbsp;havia reportado anteriormente sobre a deten\u00e7\u00e3o de Naouri.<\/li>\n<\/ul>\n\n\n\n<ul class=\"wp-block-list\">\n<li>Um porta-voz da empresa n\u00e3o quis comentar. A a\u00e7\u00e3o da empresa recuava cerca de 7%, perto do&nbsp;<a href=\"https:\/\/www.suno.com.br\/artigos\/fechamento-do-mercado\/\">fechamento<\/a>&nbsp;em Paris.<\/li>\n<\/ul>\n\n\n\n<ul class=\"wp-block-list\">\n<li>O endividado grupo, que opera as cadeias Franprix, Monoprix e Geant, atualmente negocia com credores sobre uma inje\u00e7\u00e3o de capital proposta pelo investidor Daniel Kretinsky.<\/li>\n<\/ul>\n\n\n\n<ul class=\"wp-block-list\">\n<li>O acordo representaria uma grande dilui\u00e7\u00e3o das a\u00e7\u00f5es existentes, advertiu a Casino.<\/li>\n<\/ul>\n\n\n\n<ul class=\"wp-block-list\">\n<li>Analistas dizem que ele tamb\u00e9m significaria a sa\u00edda de Naouri do comando do grupo, no qual ele mant\u00e9m uma fatia majorit\u00e1ria h\u00e1 cerca de 25 anos.<\/li>\n<\/ul>\n\n\n\t<p>\n\t\t<a href=\"https:\/\/lp.suno.com.br\/ebook-como-analisar-uma-acao\/\" target=\"_blank\" data-element=\"shortcode-suno-banner\" title=\"Banner SUNO, clique e saiba mais\">\n\t\t\t<picture>\n\t\t\t\t<source media=\"(max-width: 500px)\" srcset=\"https:\/\/files.sunoresearch.com.br\/n\/uploads\/2023\/03\/Ebook-Acoes-Mobile.jpg\">\n\t\t\t\t<img class=\"newsContent__article__imgCapa newsContent__article__imgCapa--banner\"\n\t\t\t\t\tsrc=\"https:\/\/files.sunoresearch.com.br\/n\/uploads\/2023\/03\/Ebook-Acoes-Desktop.jpg\"\n\t\t\t\t\tdata-promo-id=\"378302\"\t\t\t\t\t\t\t\t\t\twidth='1420' height='286'\t\t\t\t\talt=\"https:\/\/files.sunoresearch.com.br\/n\/uploads\/2023\/03\/Ebook-Acoes-Desktop.jpg\"\n\t\t\t\t>\n\t\t\t<\/picture>\n\t\t<\/a>\n\t<\/p>\n\n\n\n\n\n<h2 class=\"wp-block-heading\">Magazine Luiza (MGLU3) sobe quase 7% e Via (VIIA3) ganha 5,5%, em dia positivo para varejistas no Ibovespa; veja os motivos<\/h2>\n\n\n\n<ul class=\"wp-block-list\">\n<li>As a\u00e7\u00f5es do&nbsp;<a href=\"https:\/\/www.suno.com.br\/acoes\/mglu3\/\">Magazine Luiza (MGLU3)<\/a>&nbsp;fecharam em alta de 6,84% no Ibovespa, a R$ 4,06, nesta quinta-feira (1\u00ba), em linha com o mercado externo e o PIB Brasil acima do esperado pelo mercado. Neste contexto, os pap\u00e9is de&nbsp;<a href=\"https:\/\/www.suno.com.br\/acoes\/viia3\/\">Via (VIIA3)<\/a>&nbsp;tamb\u00e9m avan\u00e7aram 5,46%, a R$ 2,51.<\/li>\n<\/ul>\n\n\n\n<ul class=\"wp-block-list\">\n<li>Segundo Lucas de Caumont, estrategista de investimentos da Matriz Capital, o setor de varejo se beneficia da euforia dos mercados movida pela flexibiliza\u00e7\u00e3o no teto da d\u00edvida dos EUA e do otimismo do mercado com os n\u00fameros do PIB Brasil acima do esperado, fazendo com que as taxas de juros trabalhassem em queda para praticamente todos os vencimentos.<\/li>\n<\/ul>\n\n\n\n<ul class=\"wp-block-list\">\n<li>\u201cComo o setor de varejo se beneficia muito da queda na taxa de juros, por conseguir aumentar o volume de vendas pelo aumento do consumo geral na economia e tamb\u00e9m por se beneficiar de uma menor corros\u00e3o no fluxo de caixa, al\u00e9m de manter a alavancagem via d\u00edvida numa taxa mais barata, n\u00e3o poder\u00edamos esperar menos que um dia de forte alta para o setor\u201d, destacou.<\/li>\n<\/ul>\n\n\n\n<h2 class=\"wp-block-heading\">Americanas (AMER3): opera\u00e7\u00e3o foi estabilizada em abril, diz relat\u00f3rio<\/h2>\n\n\n\n<ul class=\"wp-block-list\">\n<li>Os administradores judiciais da&nbsp;<a href=\"https:\/\/www.suno.com.br\/acoes\/amer3\/\"><strong>Americanas<\/strong>&nbsp;(AMER3)<\/a>&nbsp;divulgaram nesta quinta-feira (1\u00ba) um relat\u00f3rio de atividades mensais<strong>&nbsp;<\/strong>da varejista referente ao m\u00eas de abril, per\u00edodo no qual a empresa afirma ter estabilizado a opera\u00e7\u00e3o e retomado o fornecimento.<\/li>\n<\/ul>\n\n\n\n<ul class=\"wp-block-list\">\n<li>No documento, os escrit\u00f3rios&nbsp;<strong>Zveiter<\/strong>&nbsp;e&nbsp;<strong>Preserva A\u00e7\u00e3o<\/strong>&nbsp;fazem uma s\u00e9rie de questionamentos sobre o neg\u00f3cio, rela\u00e7\u00f5es com credores e fornecedores.<\/li>\n<\/ul>\n\n\n\n<ul class=\"wp-block-list\">\n<li>Segundo o texto, a&nbsp;<strong>varejista<\/strong>&nbsp;destacou que estabilizou sua opera\u00e7\u00e3o no per\u00edodo e retomou o fornecimento \u201ccom praticamente todos os&nbsp;<strong>fornecedores da Americanas<\/strong>\u201c.<\/li>\n<\/ul>\n\n\n\n<ul class=\"wp-block-list\">\n<li>A Americanas informou ainda que n\u00e3o distribuiu lucros,&nbsp;<a href=\"https:\/\/www.suno.com.br\/guias\/dividendos\/\">dividendos<\/a>,&nbsp;<a href=\"https:\/\/www.suno.com.br\/artigos\/entenda-o-jcp\/\">juros sobre capital pr\u00f3prio<\/a>&nbsp;ou bonifica\u00e7\u00e3o de pap\u00e9is aos&nbsp;<strong>acionistas da varejista<\/strong>&nbsp;no m\u00eas em quest\u00e3o, mas assegurou que segue honrando suas obriga\u00e7\u00f5es correntes.<\/li>\n<\/ul>\n\n\n\n<ul class=\"wp-block-list\">\n<li>Os escrit\u00f3rios lembraram a mais recente evolu\u00e7\u00e3o das negocia\u00e7\u00f5es realizada pela Americanas, que envolve um compromisso dos acionistas de refer\u00eancia da companhia de capitaliz\u00e1-la. O acordo inclui um aumento de capital de curto prazo, no valor de R$ 10 bilh\u00f5es<strong>.<\/strong><\/li>\n<\/ul>\n\n\n\n<ul class=\"wp-block-list\">\n<li>A Americanas ressaltou tamb\u00e9m n\u00e3o ter havido uma altera\u00e7\u00e3o estrutural que ocasionasse incremento de receita no m\u00eas em quest\u00e3o. \u201cOcorreram altera\u00e7\u00f5es apenas inerentes \u00e0 opera\u00e7\u00e3o de varejo\u201d, disse, acrescentando que trabalha constantemente tanto na melhoria de receitas quanto em efici\u00eancias em despesas.<\/li>\n<\/ul>\n\n\n\n<h2 class=\"wp-block-heading\">Vale (VALE3) chega a acordo com credores sobre d\u00edvida da Samarco<\/h2>\n\n\n\n<ul class=\"wp-block-list\">\n<li>Em comunicado ao mercado nesta quarta-feira (31), a&nbsp;<a href=\"https:\/\/www.suno.com.br\/acoes\/vale3\/\"><strong>Vale<\/strong>&nbsp;(VALE3)<\/a>&nbsp;informou que chegou a um acordo vinculante junto a credores sobre a reestrutura\u00e7\u00e3o da d\u00edvida da Samarco, em recupera\u00e7\u00e3o judicial desde 2021.<\/li>\n<\/ul>\n\n\n\n<ul class=\"wp-block-list\">\n<li>A decis\u00e3o sobre a&nbsp;<strong>d\u00edvida da Samarco<\/strong>&nbsp;foi realizada em conjunto com a BHP Billiton Brasil, a Samarco e determinados credores que det\u00eam mais de 50% dos t\u00edtulos de d\u00edvida e d\u00edvidas banc\u00e1rias sem cobertura da mineradora, que esteve no centro da trag\u00e9dia de Mariana (MG) em 2015.<\/li>\n<\/ul>\n\n\n\n<ul class=\"wp-block-list\">\n<li>O&nbsp;<strong>acordo da Samarco&nbsp;<\/strong>ser\u00e1 implementado por meio de um plano de reestrutura\u00e7\u00e3o consensual, sujeito \u00e0 aprova\u00e7\u00e3o da maioria dos credores e \u00e0 homologa\u00e7\u00e3o do Ju\u00edzo da&nbsp;<a href=\"https:\/\/www.suno.com.br\/artigos\/recuperacao-judicial\/\">Recupera\u00e7\u00e3o Judicial<\/a>&nbsp;(RJ).<\/li>\n<\/ul>\n\n\n\n<ul class=\"wp-block-list\">\n<li>Segundo a Vale, a Samarco dever\u00e1 concluir a RJ com uma estrutura de capital \u2018enxuta\u2019, e os pagamentos aos credores financeiros ser\u00e3o feitos ao longo do tempo, de acordo com o ramp-up operacional e gera\u00e7\u00e3o de fluxo de caixa da Samarco.<\/li>\n<\/ul>\n\n\n\n<ul class=\"wp-block-list\">\n<li>\u201cO desembolso da Samarco para financiar a repara\u00e7\u00e3o ser\u00e1 limitado a US$ 1 bilh\u00e3o entre 2024 e 2030, com contribui\u00e7\u00f5es adicionais dependendo do excesso de fluxo de caixa gerado pela companhia\u201d, acrescentou, refor\u00e7ando que o saldo remanescente da repara\u00e7\u00e3o dever\u00e1 ser dividido igualmente entre a Vale e a BHP.<\/li>\n<\/ul>\n\n\n\n<h2 class=\"wp-block-heading\">Petrobras (PETR4) informa queda no pre\u00e7o do querosene de avia\u00e7\u00e3o<\/h2>\n\n\n\n<ul class=\"wp-block-list\">\n<li>A&nbsp;<a href=\"https:\/\/www.suno.com.br\/acoes\/PETR4\/\"><strong>Petrobras&nbsp;<\/strong>(PETR4)<\/a>&nbsp;informou nesta quinta-feira (1\u00ba) \u00e0s distribuidoras uma redu\u00e7\u00e3o m\u00e9dia de 12,6% no pre\u00e7o do querosene de avia\u00e7\u00e3o (QAV). Os novos pre\u00e7os valem a partir de hoje.<\/li>\n<\/ul>\n\n\n\n<ul class=\"wp-block-list\">\n<li>A estatal informou tratar-se do quarto m\u00eas consecutivo de queda no pre\u00e7o do insumo.<\/li>\n<\/ul>\n\n\n\n<ul class=\"wp-block-list\">\n<li>A redu\u00e7\u00e3o acumulada no&nbsp;<strong>pre\u00e7o do QAV<\/strong>&nbsp;comercializado pela Petrobras em 2023 \u00e9 de 35%.<\/li>\n<\/ul>\n\n\n\n<ul class=\"wp-block-list\">\n<li>Com isso, o&nbsp;<strong>valor do metro c\u00fabico do combust\u00edvel<\/strong>, sem impostos, para venda nas refinarias, passa a variar de R$ 3.201,30 em Ipojuca (PE) a R$ 3.424,50 em Canoas (RS). O pre\u00e7o do QAV tem reajustes todo primeiro dia do m\u00eas.<\/li>\n<\/ul>\n\n\n\n<ul class=\"wp-block-list\">\n<li>O an\u00fancio n\u00e3o faz parte da nova estrat\u00e9gia comercial para definir&nbsp;<strong>pre\u00e7os dos combust\u00edveis da Petrobras<\/strong>. A nova pol\u00edtica, em substitui\u00e7\u00e3o \u00e0 atual chamada de PPI ou pol\u00edtica de paridade de importa\u00e7\u00e3o, define pre\u00e7os em rela\u00e7\u00e3o ao diesel e \u00e0 gasolina.<\/li>\n<\/ul>\n\n\n\t<p>\n\t\t<a href=\"https:\/\/lp.suno.com.br\/suno-one\/?utm_campaign=_SNC6964518A_\" target=\"_blank\" data-element=\"shortcode-suno-banner\" title=\"Banner SUNO, clique e saiba mais\">\n\t\t\t<picture>\n\t\t\t\t<source media=\"(max-width: 500px)\" srcset=\"https:\/\/files.sunoresearch.com.br\/n\/uploads\/2025\/09\/400x300-Suno-One-png.webp\">\n\t\t\t\t<img class=\"newsContent__article__imgCapa newsContent__article__imgCapa--banner\"\n\t\t\t\t\tsrc=\"https:\/\/files.sunoresearch.com.br\/n\/uploads\/2025\/09\/1420x240-Suno-One-png.webp\"\n\t\t\t\t\tdata-promo-id=\"383121\"\t\t\t\t\t\t\t\t\t\twidth='1420' height='240'\t\t\t\t\talt=\"https:\/\/files.sunoresearch.com.br\/n\/uploads\/2025\/09\/1420x240-Suno-One-png.webp\"\n\t\t\t\t>\n\t\t\t<\/picture>\n\t\t<\/a>\n\t<\/p>\n\n\n","protected":false},"excerpt":{"rendered":"<p>As a\u00e7\u00f5es da&nbsp;M\u00e9liuz (CASH3)&nbsp;fecharam em alta de 1,12% nesta quinta-feira (1), a R$ 9, na primeira sess\u00e3o em que os pap\u00e9is da empresa especializada em&nbsp;cashback&nbsp;passaram a ser negociadas ex-grupamento e ex-desdobramento. Petrobras (PETR4). Foto: iStock Na pr\u00e1tica, a partir de hoje, as&nbsp;posi\u00e7\u00f5es acion\u00e1rias da M\u00e9liuz&nbsp;passam a ser simultaneamente grupadas e desdobradas, na qual cada grupo [&hellip;]<\/p>\n","protected":false},"author":227,"featured_media":405228,"comment_status":"closed","ping_status":"closed","sticky":false,"template":"","format":"standard","meta":[],"categories":[64],"tags":[106605,1187,548,104467,595,676,106935,596],"suno_strategy":[],"class_list":["post-412206","post","type-post","status-publish","format-standard","has-post-thumbnail","hentry","category-negocios","tag-americanas-s-a-amer3","tag-assai-asai3","tag-magazine-luiza-mglu3","tag-meliuz-cash3","tag-petrobras-petr4","tag-vale-vale3","tag-via-viia3","tag-vibra-energia-vbbr3"],"yoast_head":"<!-- This site is optimized with the Yoast SEO plugin v24.4 - https:\/\/yoast.com\/wordpress\/plugins\/seo\/ -->\n<title>Radar: Petrobras (PETR4) decola, M\u00e9liuz (CASH3) sobe com grupamento e desdobramento de a\u00e7\u00f5es e entidades pedem sa\u00edda de conselheiro da Vibra (VBBR3)<\/title>\n<meta name=\"description\" content=\"A\u00e7\u00f5es de M\u00e9liuz (CASH3) e Petrobras (PETR3) sobem no Ibovespa e entidades pedem \u00e0 Vibra (VBBR3) destitui\u00e7\u00e3o de ex-Vale (VALE3)\" \/>\n<meta name=\"robots\" content=\"index, follow, max-snippet:-1, max-image-preview:large, max-video-preview:-1\" \/>\n<link rel=\"canonical\" href=\"https:\/\/www.suno.com.br\/noticias\/radar-meliuz-cash3-petrobras-petr4-vibra-vbbr3\/\" \/>\n<meta property=\"og:locale\" content=\"pt_BR\" \/>\n<meta property=\"og:type\" content=\"article\" \/>\n<meta property=\"og:title\" content=\"Radar: Petrobras (PETR4) decola, M\u00e9liuz (CASH3) sobe com grupamento e desdobramento de a\u00e7\u00f5es e entidades pedem sa\u00edda de conselheiro da Vibra (VBBR3)\" \/>\n<meta property=\"og:description\" content=\"A\u00e7\u00f5es de M\u00e9liuz (CASH3) e Petrobras (PETR3) sobem no Ibovespa e entidades pedem \u00e0 Vibra (VBBR3) destitui\u00e7\u00e3o de ex-Vale (VALE3)\" \/>\n<meta property=\"og:url\" content=\"https:\/\/www.suno.com.br\/noticias\/radar-meliuz-cash3-petrobras-petr4-vibra-vbbr3\/\" \/>\n<meta property=\"og:site_name\" content=\"Suno Not\u00edcias\" \/>\n<meta property=\"article:publisher\" content=\"https:\/\/facebook.com\/sunoresearch\" \/>\n<meta property=\"og:image\" content=\"https:\/\/files.sunoresearch.com.br\/n\/uploads\/2023\/05\/petrobras-posto.jpg\" \/>\n\t<meta property=\"og:image:width\" content=\"1254\" \/>\n\t<meta property=\"og:image:height\" content=\"836\" \/>\n\t<meta property=\"og:image:type\" content=\"image\/jpeg\" \/>\n<meta name=\"author\" content=\"Vanessa Loiola\" \/>\n<meta name=\"twitter:card\" content=\"summary_large_image\" \/>\n<meta name=\"twitter:creator\" content=\"@sunoresearch\" \/>\n<meta name=\"twitter:site\" content=\"@sunoresearch\" \/>\n<meta name=\"twitter:label1\" content=\"Escrito por\" \/>\n\t<meta name=\"twitter:data1\" content=\"Vanessa Loiola\" \/>\n\t<meta name=\"twitter:label2\" content=\"Est. tempo de leitura\" \/>\n\t<meta name=\"twitter:data2\" content=\"9 minutos\" \/>\n<script type=\"application\/ld+json\" class=\"yoast-schema-graph\">{\"@context\":\"https:\/\/schema.org\",\"@graph\":[{\"@type\":\"NewsArticle\",\"@id\":\"https:\/\/www.suno.com.br\/noticias\/radar-meliuz-cash3-petrobras-petr4-vibra-vbbr3\/#article\",\"isPartOf\":{\"@id\":\"https:\/\/www.suno.com.br\/noticias\/radar-meliuz-cash3-petrobras-petr4-vibra-vbbr3\/\"},\"author\":{\"name\":\"Vanessa Loiola\",\"@id\":\"https:\/\/www.suno.com.br\/noticias\/#\/schema\/person\/450c455ecff319bab1f1a0e643451479\"},\"headline\":\"Radar: Petrobras (PETR4) decola, M\u00e9liuz (CASH3) sobe com grupamento e desdobramento de a\u00e7\u00f5es e entidades pedem sa\u00edda de conselheiro da Vibra (VBBR3)\",\"datePublished\":\"2023-06-02T01:42:50+00:00\",\"dateModified\":\"2023-06-02T01:43:01+00:00\",\"mainEntityOfPage\":{\"@id\":\"https:\/\/www.suno.com.br\/noticias\/radar-meliuz-cash3-petrobras-petr4-vibra-vbbr3\/\"},\"wordCount\":1863,\"publisher\":{\"@id\":\"https:\/\/www.suno.com.br\/noticias\/#organization\"},\"image\":{\"@id\":\"https:\/\/www.suno.com.br\/noticias\/radar-meliuz-cash3-petrobras-petr4-vibra-vbbr3\/#primaryimage\"},\"thumbnailUrl\":\"https:\/\/files.sunoresearch.com.br\/n\/uploads\/2023\/05\/petrobras-posto.jpg\",\"keywords\":[\"Americanas (AMER3)\",\"Assa\u00ed (ASAI3)\",\"Magazine Luiza (MGLU3)\",\"M\u00e9liuz (CASH3)\",\"Petrobras (PETR4)\",\"Vale (VALE3)\",\"Via (VIIA3)\",\"Vibra Energia (VBBR3)\"],\"articleSection\":[\"Neg\u00f3cios\"],\"inLanguage\":\"pt-BR\"},{\"@type\":\"WebPage\",\"@id\":\"https:\/\/www.suno.com.br\/noticias\/radar-meliuz-cash3-petrobras-petr4-vibra-vbbr3\/\",\"url\":\"https:\/\/www.suno.com.br\/noticias\/radar-meliuz-cash3-petrobras-petr4-vibra-vbbr3\/\",\"name\":\"Radar: Petrobras (PETR4) decola, M\u00e9liuz (CASH3) sobe com grupamento e desdobramento de a\u00e7\u00f5es e entidades pedem sa\u00edda de conselheiro da Vibra (VBBR3)\",\"isPartOf\":{\"@id\":\"https:\/\/www.suno.com.br\/noticias\/#website\"},\"primaryImageOfPage\":{\"@id\":\"https:\/\/www.suno.com.br\/noticias\/radar-meliuz-cash3-petrobras-petr4-vibra-vbbr3\/#primaryimage\"},\"image\":{\"@id\":\"https:\/\/www.suno.com.br\/noticias\/radar-meliuz-cash3-petrobras-petr4-vibra-vbbr3\/#primaryimage\"},\"thumbnailUrl\":\"https:\/\/files.sunoresearch.com.br\/n\/uploads\/2023\/05\/petrobras-posto.jpg\",\"datePublished\":\"2023-06-02T01:42:50+00:00\",\"dateModified\":\"2023-06-02T01:43:01+00:00\",\"description\":\"A\u00e7\u00f5es de M\u00e9liuz (CASH3) e Petrobras (PETR3) sobem no Ibovespa e entidades pedem \u00e0 Vibra (VBBR3) destitui\u00e7\u00e3o de ex-Vale (VALE3)\",\"breadcrumb\":{\"@id\":\"https:\/\/www.suno.com.br\/noticias\/radar-meliuz-cash3-petrobras-petr4-vibra-vbbr3\/#breadcrumb\"},\"inLanguage\":\"pt-BR\",\"potentialAction\":[{\"@type\":\"ReadAction\",\"target\":[\"https:\/\/www.suno.com.br\/noticias\/radar-meliuz-cash3-petrobras-petr4-vibra-vbbr3\/\"]}]},{\"@type\":\"ImageObject\",\"inLanguage\":\"pt-BR\",\"@id\":\"https:\/\/www.suno.com.br\/noticias\/radar-meliuz-cash3-petrobras-petr4-vibra-vbbr3\/#primaryimage\",\"url\":\"https:\/\/files.sunoresearch.com.br\/n\/uploads\/2023\/05\/petrobras-posto.jpg\",\"contentUrl\":\"https:\/\/files.sunoresearch.com.br\/n\/uploads\/2023\/05\/petrobras-posto.jpg\",\"width\":1254,\"height\":836,\"caption\":\"Petrobras (PETR4). Foto: iStock\"},{\"@type\":\"BreadcrumbList\",\"@id\":\"https:\/\/www.suno.com.br\/noticias\/radar-meliuz-cash3-petrobras-petr4-vibra-vbbr3\/#breadcrumb\",\"itemListElement\":[{\"@type\":\"ListItem\",\"position\":1,\"name\":\"Not\u00edcias\",\"item\":\"https:\/\/www.suno.com.br\/noticias\/\"},{\"@type\":\"ListItem\",\"position\":2,\"name\":\"Neg\u00f3cios\",\"item\":\"https:\/\/www.suno.com.br\/noticias\/negocios\/\"},{\"@type\":\"ListItem\",\"position\":3,\"name\":\"Radar: Petrobras (PETR4) decola, M\u00e9liuz (CASH3) sobe com grupamento e desdobramento de a\u00e7\u00f5es e entidades pedem sa\u00edda de conselheiro da Vibra (VBBR3)\"}]},{\"@type\":\"WebSite\",\"@id\":\"https:\/\/www.suno.com.br\/noticias\/#website\",\"url\":\"https:\/\/www.suno.com.br\/noticias\/\",\"name\":\"Suno Not\u00edcias\",\"description\":\"Seu portal de informa\u00e7\u00e3o sobre o mundo dos investimentos\",\"publisher\":{\"@id\":\"https:\/\/www.suno.com.br\/noticias\/#organization\"},\"potentialAction\":[{\"@type\":\"SearchAction\",\"target\":{\"@type\":\"EntryPoint\",\"urlTemplate\":\"https:\/\/www.suno.com.br\/noticias\/?s={search_term_string}\"},\"query-input\":{\"@type\":\"PropertyValueSpecification\",\"valueRequired\":true,\"valueName\":\"search_term_string\"}}],\"inLanguage\":\"pt-BR\"},{\"@type\":\"Organization\",\"@id\":\"https:\/\/www.suno.com.br\/noticias\/#organization\",\"name\":\"Suno Not\u00edcias\",\"url\":\"https:\/\/www.suno.com.br\/noticias\/\",\"logo\":{\"@type\":\"ImageObject\",\"inLanguage\":\"pt-BR\",\"@id\":\"https:\/\/www.suno.com.br\/noticias\/#\/schema\/logo\/image\/\",\"url\":\"https:\/\/files.sunoresearch.com.br\/n\/uploads\/2021\/09\/suno-logo.png\",\"contentUrl\":\"https:\/\/files.sunoresearch.com.br\/n\/uploads\/2021\/09\/suno-logo.png\",\"width\":180,\"height\":180,\"caption\":\"Suno Not\u00edcias\"},\"image\":{\"@id\":\"https:\/\/www.suno.com.br\/noticias\/#\/schema\/logo\/image\/\"},\"sameAs\":[\"https:\/\/facebook.com\/sunoresearch\",\"https:\/\/x.com\/sunoresearch\",\"https:\/\/www.instagram.com\/suno\",\"https:\/\/www.linkedin.com\/company\/suno-research\/\",\"https:\/\/www.youtube.com\/c\/sunoresearch\"]},{\"@type\":\"Person\",\"@id\":\"https:\/\/www.suno.com.br\/noticias\/#\/schema\/person\/450c455ecff319bab1f1a0e643451479\",\"name\":\"Vanessa Loiola\",\"image\":{\"@type\":\"ImageObject\",\"inLanguage\":\"pt-BR\",\"@id\":\"https:\/\/www.suno.com.br\/noticias\/#\/schema\/person\/image\/\",\"url\":\"https:\/\/secure.gravatar.com\/avatar\/8b41117f9780831919eb38da349c3f20?s=96&r=g\",\"contentUrl\":\"https:\/\/secure.gravatar.com\/avatar\/8b41117f9780831919eb38da349c3f20?s=96&r=g\",\"caption\":\"Vanessa Loiola\"},\"description\":\"Jornalista formada pela PUC-SP, com experi\u00eancia na cobertura das editorias de economia, finan\u00e7as, bolsa de valores, pol\u00edtica, energia solar e entretenimento. Com passagem pela BM&amp;C News e RedeTV!\",\"url\":\"https:\/\/www.suno.com.br\/noticias\/author\/vanessal-loiolagmail-com\/\"}]}<\/script>\n<!-- \/ Yoast SEO plugin. -->","yoast_head_json":{"title":"Radar: Petrobras (PETR4) decola, M\u00e9liuz (CASH3) sobe com grupamento e desdobramento de a\u00e7\u00f5es e entidades pedem sa\u00edda de conselheiro da Vibra (VBBR3)","description":"A\u00e7\u00f5es de M\u00e9liuz (CASH3) e Petrobras (PETR3) sobem no Ibovespa e entidades pedem \u00e0 Vibra (VBBR3) destitui\u00e7\u00e3o de ex-Vale (VALE3)","robots":{"index":"index","follow":"follow","max-snippet":"max-snippet:-1","max-image-preview":"max-image-preview:large","max-video-preview":"max-video-preview:-1"},"canonical":"https:\/\/www.suno.com.br\/noticias\/radar-meliuz-cash3-petrobras-petr4-vibra-vbbr3\/","og_locale":"pt_BR","og_type":"article","og_title":"Radar: Petrobras (PETR4) decola, M\u00e9liuz (CASH3) sobe com grupamento e desdobramento de a\u00e7\u00f5es e entidades pedem sa\u00edda de conselheiro da Vibra (VBBR3)","og_description":"A\u00e7\u00f5es de M\u00e9liuz (CASH3) e Petrobras (PETR3) sobem no Ibovespa e entidades pedem \u00e0 Vibra (VBBR3) destitui\u00e7\u00e3o de ex-Vale (VALE3)","og_url":"https:\/\/www.suno.com.br\/noticias\/radar-meliuz-cash3-petrobras-petr4-vibra-vbbr3\/","og_site_name":"Suno Not\u00edcias","article_publisher":"https:\/\/facebook.com\/sunoresearch","og_image":[{"width":1254,"height":836,"url":"https:\/\/files.sunoresearch.com.br\/n\/uploads\/2023\/05\/petrobras-posto.jpg","type":"image\/jpeg"}],"author":"Vanessa Loiola","twitter_card":"summary_large_image","twitter_creator":"@sunoresearch","twitter_site":"@sunoresearch","twitter_misc":{"Escrito por":"Vanessa Loiola","Est. tempo de leitura":"9 minutos"},"schema":{"@context":"https:\/\/schema.org","@graph":[{"@type":"NewsArticle","@id":"https:\/\/www.suno.com.br\/noticias\/radar-meliuz-cash3-petrobras-petr4-vibra-vbbr3\/#article","isPartOf":{"@id":"https:\/\/www.suno.com.br\/noticias\/radar-meliuz-cash3-petrobras-petr4-vibra-vbbr3\/"},"author":{"name":"Vanessa Loiola","@id":"https:\/\/www.suno.com.br\/noticias\/#\/schema\/person\/450c455ecff319bab1f1a0e643451479"},"headline":"Radar: Petrobras (PETR4) decola, M\u00e9liuz (CASH3) sobe com grupamento e desdobramento de a\u00e7\u00f5es e entidades pedem sa\u00edda de conselheiro da Vibra (VBBR3)","datePublished":"2023-06-02T01:42:50+00:00","dateModified":"2023-06-02T01:43:01+00:00","mainEntityOfPage":{"@id":"https:\/\/www.suno.com.br\/noticias\/radar-meliuz-cash3-petrobras-petr4-vibra-vbbr3\/"},"wordCount":1863,"publisher":{"@id":"https:\/\/www.suno.com.br\/noticias\/#organization"},"image":{"@id":"https:\/\/www.suno.com.br\/noticias\/radar-meliuz-cash3-petrobras-petr4-vibra-vbbr3\/#primaryimage"},"thumbnailUrl":"https:\/\/files.sunoresearch.com.br\/n\/uploads\/2023\/05\/petrobras-posto.jpg","keywords":["Americanas (AMER3)","Assa\u00ed (ASAI3)","Magazine Luiza (MGLU3)","M\u00e9liuz (CASH3)","Petrobras (PETR4)","Vale (VALE3)","Via (VIIA3)","Vibra Energia (VBBR3)"],"articleSection":["Neg\u00f3cios"],"inLanguage":"pt-BR"},{"@type":"WebPage","@id":"https:\/\/www.suno.com.br\/noticias\/radar-meliuz-cash3-petrobras-petr4-vibra-vbbr3\/","url":"https:\/\/www.suno.com.br\/noticias\/radar-meliuz-cash3-petrobras-petr4-vibra-vbbr3\/","name":"Radar: Petrobras (PETR4) decola, M\u00e9liuz (CASH3) sobe com grupamento e desdobramento de a\u00e7\u00f5es e entidades pedem sa\u00edda de conselheiro da Vibra (VBBR3)","isPartOf":{"@id":"https:\/\/www.suno.com.br\/noticias\/#website"},"primaryImageOfPage":{"@id":"https:\/\/www.suno.com.br\/noticias\/radar-meliuz-cash3-petrobras-petr4-vibra-vbbr3\/#primaryimage"},"image":{"@id":"https:\/\/www.suno.com.br\/noticias\/radar-meliuz-cash3-petrobras-petr4-vibra-vbbr3\/#primaryimage"},"thumbnailUrl":"https:\/\/files.sunoresearch.com.br\/n\/uploads\/2023\/05\/petrobras-posto.jpg","datePublished":"2023-06-02T01:42:50+00:00","dateModified":"2023-06-02T01:43:01+00:00","description":"A\u00e7\u00f5es de M\u00e9liuz (CASH3) e Petrobras (PETR3) sobem no Ibovespa e entidades pedem \u00e0 Vibra (VBBR3) destitui\u00e7\u00e3o de ex-Vale (VALE3)","breadcrumb":{"@id":"https:\/\/www.suno.com.br\/noticias\/radar-meliuz-cash3-petrobras-petr4-vibra-vbbr3\/#breadcrumb"},"inLanguage":"pt-BR","potentialAction":[{"@type":"ReadAction","target":["https:\/\/www.suno.com.br\/noticias\/radar-meliuz-cash3-petrobras-petr4-vibra-vbbr3\/"]}]},{"@type":"ImageObject","inLanguage":"pt-BR","@id":"https:\/\/www.suno.com.br\/noticias\/radar-meliuz-cash3-petrobras-petr4-vibra-vbbr3\/#primaryimage","url":"https:\/\/files.sunoresearch.com.br\/n\/uploads\/2023\/05\/petrobras-posto.jpg","contentUrl":"https:\/\/files.sunoresearch.com.br\/n\/uploads\/2023\/05\/petrobras-posto.jpg","width":1254,"height":836,"caption":"Petrobras (PETR4). Foto: iStock"},{"@type":"BreadcrumbList","@id":"https:\/\/www.suno.com.br\/noticias\/radar-meliuz-cash3-petrobras-petr4-vibra-vbbr3\/#breadcrumb","itemListElement":[{"@type":"ListItem","position":1,"name":"Not\u00edcias","item":"https:\/\/www.suno.com.br\/noticias\/"},{"@type":"ListItem","position":2,"name":"Neg\u00f3cios","item":"https:\/\/www.suno.com.br\/noticias\/negocios\/"},{"@type":"ListItem","position":3,"name":"Radar: Petrobras (PETR4) decola, M\u00e9liuz (CASH3) sobe com grupamento e desdobramento de a\u00e7\u00f5es e entidades pedem sa\u00edda de conselheiro da Vibra (VBBR3)"}]},{"@type":"WebSite","@id":"https:\/\/www.suno.com.br\/noticias\/#website","url":"https:\/\/www.suno.com.br\/noticias\/","name":"Suno Not\u00edcias","description":"Seu portal de informa\u00e7\u00e3o sobre o mundo dos investimentos","publisher":{"@id":"https:\/\/www.suno.com.br\/noticias\/#organization"},"potentialAction":[{"@type":"SearchAction","target":{"@type":"EntryPoint","urlTemplate":"https:\/\/www.suno.com.br\/noticias\/?s={search_term_string}"},"query-input":{"@type":"PropertyValueSpecification","valueRequired":true,"valueName":"search_term_string"}}],"inLanguage":"pt-BR"},{"@type":"Organization","@id":"https:\/\/www.suno.com.br\/noticias\/#organization","name":"Suno Not\u00edcias","url":"https:\/\/www.suno.com.br\/noticias\/","logo":{"@type":"ImageObject","inLanguage":"pt-BR","@id":"https:\/\/www.suno.com.br\/noticias\/#\/schema\/logo\/image\/","url":"https:\/\/files.sunoresearch.com.br\/n\/uploads\/2021\/09\/suno-logo.png","contentUrl":"https:\/\/files.sunoresearch.com.br\/n\/uploads\/2021\/09\/suno-logo.png","width":180,"height":180,"caption":"Suno Not\u00edcias"},"image":{"@id":"https:\/\/www.suno.com.br\/noticias\/#\/schema\/logo\/image\/"},"sameAs":["https:\/\/facebook.com\/sunoresearch","https:\/\/x.com\/sunoresearch","https:\/\/www.instagram.com\/suno","https:\/\/www.linkedin.com\/company\/suno-research\/","https:\/\/www.youtube.com\/c\/sunoresearch"]},{"@type":"Person","@id":"https:\/\/www.suno.com.br\/noticias\/#\/schema\/person\/450c455ecff319bab1f1a0e643451479","name":"Vanessa Loiola","image":{"@type":"ImageObject","inLanguage":"pt-BR","@id":"https:\/\/www.suno.com.br\/noticias\/#\/schema\/person\/image\/","url":"https:\/\/secure.gravatar.com\/avatar\/8b41117f9780831919eb38da349c3f20?s=96&r=g","contentUrl":"https:\/\/secure.gravatar.com\/avatar\/8b41117f9780831919eb38da349c3f20?s=96&r=g","caption":"Vanessa Loiola"},"description":"Jornalista formada pela PUC-SP, com experi\u00eancia na cobertura das editorias de economia, finan\u00e7as, bolsa de valores, pol\u00edtica, energia solar e entretenimento. Com passagem pela BM&amp;C News e RedeTV!","url":"https:\/\/www.suno.com.br\/noticias\/author\/vanessal-loiolagmail-com\/"}]}},"default_loop_html":"<div class=\"cardsPage__listCard__boxs\"><div class=\"cardsPage__listCard__boxs__img\"><a href=\"https:\/\/www.suno.com.br\/noticias\/radar-meliuz-cash3-petrobras-petr4-vibra-vbbr3\/\"><img class=\"mask\" src=\"https:\/\/www.suno.com.br\/noticias\/wp-content\/themes\/suno\/resources\/images\/spotlight\/spotlight1img\/bg-mask.png\" alt=\"Image Mask\"\/><img src=\"https:\/\/files.sunoresearch.com.br\/n\/uploads\/2023\/05\/petrobras-posto-400x200.jpg\" alt=\"Radar: Petrobras (PETR4) decola, M\u00e9liuz (CASH3) sobe com grupamento e desdobramento de a\u00e7\u00f5es e entidades pedem sa\u00edda de conselheiro da Vibra (VBBR3)\"\/><\/a><span class=\"spotlightCategory\"><a href=\"https:\/\/www.suno.com.br\/noticias\/negocios\/\">Neg\u00f3cios<\/a><\/span><\/div><div class=\"cardsPage__listCard__boxs__content\"><a href=\"https:\/\/www.suno.com.br\/noticias\/radar-meliuz-cash3-petrobras-petr4-vibra-vbbr3\/\"><h2 class=\"content__title\">Radar: Petrobras (PETR4) decola, M\u00e9liuz (CASH3) sobe com grupamento e desdobramento de a\u00e7\u00f5es e entidades pedem sa\u00edda de conselheiro da Vibra (VBBR3)<\/h2><\/a><div class=\"newsContent__article__meta\"><div class=\"newsContent__article__meta__authorBox\"><a href=\"https:\/\/www.suno.com.br\/noticias\/author\/vanessal-loiolagmail-com\/\" class=\"authorBox__avatar noMobi\"><img src=\"https:\/\/secure.gravatar.com\/avatar\/8b41117f9780831919eb38da349c3f20?s=96&#038;r=g\" alt=\"Vanessa Loiola\"><\/a><div class=\"authorBox__name\"><span>por\n\t\t\t<a href=\"https:\/\/www.suno.com.br\/noticias\/author\/vanessal-loiolagmail-com\/\"><span itemprop=\"author\">Vanessa Loiola<\/span><\/a><\/span><time datetime=\"2023-06-01T22:42:50-03:00\" itemprop=\"datePublished\">01\/06\/2023 22:42<\/time><\/div><\/div><\/div><\/div><\/div>","single_layout":"posts","amp_enabled":true,"_links":{"self":[{"href":"https:\/\/www.suno.com.br\/noticias\/wp-json\/wp\/v2\/posts\/412206"}],"collection":[{"href":"https:\/\/www.suno.com.br\/noticias\/wp-json\/wp\/v2\/posts"}],"about":[{"href":"https:\/\/www.suno.com.br\/noticias\/wp-json\/wp\/v2\/types\/post"}],"author":[{"embeddable":true,"href":"https:\/\/www.suno.com.br\/noticias\/wp-json\/wp\/v2\/users\/227"}],"replies":[{"embeddable":true,"href":"https:\/\/www.suno.com.br\/noticias\/wp-json\/wp\/v2\/comments?post=412206"}],"version-history":[{"count":2,"href":"https:\/\/www.suno.com.br\/noticias\/wp-json\/wp\/v2\/posts\/412206\/revisions"}],"predecessor-version":[{"id":412273,"href":"https:\/\/www.suno.com.br\/noticias\/wp-json\/wp\/v2\/posts\/412206\/revisions\/412273"}],"wp:featuredmedia":[{"embeddable":true,"href":"https:\/\/www.suno.com.br\/noticias\/wp-json\/wp\/v2\/media\/405228"}],"wp:attachment":[{"href":"https:\/\/www.suno.com.br\/noticias\/wp-json\/wp\/v2\/media?parent=412206"}],"wp:term":[{"taxonomy":"category","embeddable":true,"href":"https:\/\/www.suno.com.br\/noticias\/wp-json\/wp\/v2\/categories?post=412206"},{"taxonomy":"post_tag","embeddable":true,"href":"https:\/\/www.suno.com.br\/noticias\/wp-json\/wp\/v2\/tags?post=412206"},{"taxonomy":"suno_strategy","embeddable":true,"href":"https:\/\/www.suno.com.br\/noticias\/wp-json\/wp\/v2\/suno_strategy?post=412206"}],"curies":[{"name":"wp","href":"https:\/\/api.w.org\/{rel}","templated":true}]}}