{"id":4121,"date":"2018-09-19T11:13:44","date_gmt":"2018-09-19T14:13:44","guid":{"rendered":"https:\/\/www.suno.com.br\/noticias\/?p=4121"},"modified":"2018-09-19T11:15:00","modified_gmt":"2018-09-19T14:15:00","slug":"amoedo-nega-alianca-bolsonaro","status":"publish","type":"post","link":"https:\/\/www.suno.com.br\/noticias\/amoedo-nega-alianca-bolsonaro\/","title":{"rendered":"Amo\u00eado nega poss\u00edvel alian\u00e7a com Bolsonaro: &#8220;fica claro que eles t\u00eam uma grande inseguran\u00e7a&#8221;"},"content":{"rendered":"<p>Jo\u00e3o Amo\u00eado (Novo) publicou um v\u00eddeo em sua p\u00e1gina oficial do Facebook negando enfaticamente rumores de que ele poderia firmar um acordo para apoiar Jair Bolsonaro (PSL) no segundo turno em troca de uma posi\u00e7\u00e3o no governo do candidato.<\/p>\t<div class=\"wrapper-featured-image\">\n\t\t<figure class=\"spotlightImg\">\n\n\t\t\t<picture>\n\t\t\t\t<source media=\"(max-width: 768px)\" srcset=\"https:\/\/files.sunoresearch.com.br\/n\/uploads\/2018\/09\/d8fef71f-amoedo-400x200.webp\">\n\t\t\t\t<img loading=\"lazy\" decoding=\"async\" class=\"newsContent__article__imgCapa lazyloadDisabled newsContent__article__imgCapa--noCaption\" src=\"https:\/\/files.sunoresearch.com.br\/n\/uploads\/2018\/09\/d8fef71f-amoedo-800x450.webp\" width=\"800\" height=\"450\" alt=\"Amo\u00eado nega poss\u00edvel alian\u00e7a com Bolsonaro: &#8220;fica claro que eles t\u00eam uma grande inseguran\u00e7a&#8221;\" fetchpriority=high \/>\n\t\t\t<\/picture>\n\n\t\t\t<figcaption class=\"wp-caption-text wp-caption-text--hide\"><\/figcaption>\n\t\t<\/figure>\n\t<\/div>\n\n\n<p>A resposta veio ap\u00f3s uma mat\u00e9ria do colunista Vicente Nunes, do Correio Braziliense, na noite de ontem. Segundo o texto, o PSL vem trabalhando uma estrat\u00e9gia de consolidar uma base de centro-direito dentro do partido, e os filhos do candidato, que assumiram a campanha enquanto ele est\u00e1 internado no hospital Albert Einstein, estariam sondando uma poss\u00edvel alian\u00e7a com o Partido Novo.<\/p>\n<p>Ainda segundo o colunista, os aliados de Bolsonaro estariam dispostos a oferecer um Minist\u00e9rio ao candidato em um eventual governo do PSL, como Planejamento ou Transpar\u00eancia, alinhando-se ao discurso do Novo contra a corrup\u00e7\u00e3o e privil\u00e9gios de funcion\u00e1rios p\u00fablicos. Em contrapartida, a imagem de Bolsonaro se tornaria mais palat\u00e1vel aos mercados e aos eleitores liberais que veem em Amo\u00eado seu candidato.<\/p>\n<p>No v\u00eddeo que publicou hoje, Amo\u00eado respondeu aos rumores e os negou enfaticamente: &#8220;n\u00e3o tem nenhum fundo de verdade&#8221;. O candidato afirmou que quando v\u00ea &#8220;a quantidade de fake news produzida pela turma do Bolsonaro e pelas pessoas que o acompanham contra a nossa candidatura, fica claro que eles t\u00eam uma grande inseguran\u00e7a com o que acontece daquele lado&#8221;. Amo\u00eado acrescentou ainda que, caso seja eleito, jamais oferecer\u00e1 uma posi\u00e7\u00e3o em seu governo ao candidato do PSL.<\/p>\n","protected":false},"excerpt":{"rendered":"<p>Jo\u00e3o Amo\u00eado (Novo) publicou um v\u00eddeo em sua p\u00e1gina oficial do Facebook negando enfaticamente rumores de que ele poderia firmar um acordo para apoiar Jair Bolsonaro (PSL) no segundo turno em troca de uma posi\u00e7\u00e3o no governo do candidato. A resposta veio ap\u00f3s uma mat\u00e9ria do colunista Vicente Nunes, do Correio Braziliense, na noite de [&hellip;]<\/p>\n","protected":false},"author":5,"featured_media":4123,"comment_status":"closed","ping_status":"closed","sticky":false,"template":"","format":"standard","meta":[],"categories":[61],"tags":[697,719,715],"suno_strategy":[],"class_list":["post-4121","post","type-post","status-publish","format-standard","has-post-thumbnail","hentry","category-politica","tag-eleicoes","tag-jair-bolsonaro","tag-joao-amoedo"],"yoast_head":"<!-- This site is optimized with the Yoast SEO plugin v24.4 - https:\/\/yoast.com\/wordpress\/plugins\/seo\/ -->\n<title>Amo\u00eado nega poss\u00edvel alian\u00e7a com Bolsonaro: &quot;fica claro que eles t\u00eam uma grande inseguran\u00e7a&quot;<\/title>\n<meta name=\"description\" content=\"Resposta vem depois de mat\u00e9ria do Correio Braziliense indicando que o PSL de Bolsonaro ofereceria minist\u00e9rio ao candidato. Clique para saber mais.\" \/>\n<meta name=\"robots\" content=\"index, follow, max-snippet:-1, max-image-preview:large, max-video-preview:-1\" \/>\n<link rel=\"canonical\" href=\"https:\/\/www.suno.com.br\/noticias\/amoedo-nega-alianca-bolsonaro\/\" \/>\n<meta property=\"og:locale\" content=\"pt_BR\" \/>\n<meta property=\"og:type\" content=\"article\" \/>\n<meta property=\"og:title\" content=\"Amo\u00eado nega poss\u00edvel alian\u00e7a com Bolsonaro: &quot;fica claro que eles t\u00eam uma grande inseguran\u00e7a&quot;\" \/>\n<meta property=\"og:description\" content=\"Resposta vem depois de mat\u00e9ria do Correio Braziliense indicando que o PSL de Bolsonaro ofereceria minist\u00e9rio ao candidato. Clique para saber mais.\" \/>\n<meta property=\"og:url\" content=\"https:\/\/www.suno.com.br\/noticias\/amoedo-nega-alianca-bolsonaro\/\" \/>\n<meta property=\"og:site_name\" content=\"Suno Not\u00edcias\" \/>\n<meta property=\"article:publisher\" content=\"https:\/\/facebook.com\/sunoresearch\" \/>\n<meta property=\"article:author\" content=\"https:\/\/www.linkedin.com\/in\/daniel-quandt-a49985110\/\" \/>\n<meta property=\"og:image\" content=\"https:\/\/files.sunoresearch.com.br\/n\/uploads\/2018\/09\/d8fef71f-amoedo.jpg\" \/>\n\t<meta property=\"og:image:width\" content=\"1334\" \/>\n\t<meta property=\"og:image:height\" content=\"764\" \/>\n\t<meta property=\"og:image:type\" content=\"image\/jpeg\" \/>\n<meta name=\"author\" content=\"Daniel Quandt\" \/>\n<meta name=\"twitter:card\" content=\"summary_large_image\" \/>\n<meta name=\"twitter:creator\" content=\"@sunoresearch\" \/>\n<meta name=\"twitter:site\" content=\"@sunoresearch\" \/>\n<meta name=\"twitter:label1\" content=\"Escrito por\" \/>\n\t<meta name=\"twitter:data1\" content=\"Daniel Quandt\" \/>\n\t<meta name=\"twitter:label2\" content=\"Est. tempo de leitura\" \/>\n\t<meta name=\"twitter:data2\" content=\"1 minuto\" \/>\n<script type=\"application\/ld+json\" class=\"yoast-schema-graph\">{\"@context\":\"https:\/\/schema.org\",\"@graph\":[{\"@type\":\"NewsArticle\",\"@id\":\"https:\/\/www.suno.com.br\/noticias\/amoedo-nega-alianca-bolsonaro\/#article\",\"isPartOf\":{\"@id\":\"https:\/\/www.suno.com.br\/noticias\/amoedo-nega-alianca-bolsonaro\/\"},\"author\":{\"name\":\"Daniel Quandt\",\"@id\":\"https:\/\/www.suno.com.br\/noticias\/#\/schema\/person\/eca2bab82984722db00d1e6facd8bb26\"},\"headline\":\"Amo\u00eado nega poss\u00edvel alian\u00e7a com Bolsonaro: &#8220;fica claro que eles t\u00eam uma grande inseguran\u00e7a&#8221;\",\"datePublished\":\"2018-09-19T14:13:44+00:00\",\"dateModified\":\"2018-09-19T14:15:00+00:00\",\"mainEntityOfPage\":{\"@id\":\"https:\/\/www.suno.com.br\/noticias\/amoedo-nega-alianca-bolsonaro\/\"},\"wordCount\":282,\"publisher\":{\"@id\":\"https:\/\/www.suno.com.br\/noticias\/#organization\"},\"image\":{\"@id\":\"https:\/\/www.suno.com.br\/noticias\/amoedo-nega-alianca-bolsonaro\/#primaryimage\"},\"thumbnailUrl\":\"https:\/\/files.sunoresearch.com.br\/n\/uploads\/2018\/09\/d8fef71f-amoedo-jpg.webp\",\"keywords\":[\"Elei\u00e7\u00f5es\",\"Jair Bolsonaro\",\"Jo\u00e3o Amoedo\"],\"articleSection\":[\"Pol\u00edtica\"],\"inLanguage\":\"pt-BR\"},{\"@type\":\"WebPage\",\"@id\":\"https:\/\/www.suno.com.br\/noticias\/amoedo-nega-alianca-bolsonaro\/\",\"url\":\"https:\/\/www.suno.com.br\/noticias\/amoedo-nega-alianca-bolsonaro\/\",\"name\":\"Amo\u00eado nega poss\u00edvel alian\u00e7a com Bolsonaro: \\\"fica claro que eles t\u00eam uma grande inseguran\u00e7a\\\"\",\"isPartOf\":{\"@id\":\"https:\/\/www.suno.com.br\/noticias\/#website\"},\"primaryImageOfPage\":{\"@id\":\"https:\/\/www.suno.com.br\/noticias\/amoedo-nega-alianca-bolsonaro\/#primaryimage\"},\"image\":{\"@id\":\"https:\/\/www.suno.com.br\/noticias\/amoedo-nega-alianca-bolsonaro\/#primaryimage\"},\"thumbnailUrl\":\"https:\/\/files.sunoresearch.com.br\/n\/uploads\/2018\/09\/d8fef71f-amoedo-jpg.webp\",\"datePublished\":\"2018-09-19T14:13:44+00:00\",\"dateModified\":\"2018-09-19T14:15:00+00:00\",\"description\":\"Resposta vem depois de mat\u00e9ria do Correio Braziliense indicando que o PSL de Bolsonaro ofereceria minist\u00e9rio ao candidato. Clique para saber mais.\",\"breadcrumb\":{\"@id\":\"https:\/\/www.suno.com.br\/noticias\/amoedo-nega-alianca-bolsonaro\/#breadcrumb\"},\"inLanguage\":\"pt-BR\",\"potentialAction\":[{\"@type\":\"ReadAction\",\"target\":[\"https:\/\/www.suno.com.br\/noticias\/amoedo-nega-alianca-bolsonaro\/\"]}]},{\"@type\":\"ImageObject\",\"inLanguage\":\"pt-BR\",\"@id\":\"https:\/\/www.suno.com.br\/noticias\/amoedo-nega-alianca-bolsonaro\/#primaryimage\",\"url\":\"https:\/\/files.sunoresearch.com.br\/n\/uploads\/2018\/09\/d8fef71f-amoedo-jpg.webp\",\"contentUrl\":\"https:\/\/files.sunoresearch.com.br\/n\/uploads\/2018\/09\/d8fef71f-amoedo-jpg.webp\",\"width\":1334,\"height\":764},{\"@type\":\"BreadcrumbList\",\"@id\":\"https:\/\/www.suno.com.br\/noticias\/amoedo-nega-alianca-bolsonaro\/#breadcrumb\",\"itemListElement\":[{\"@type\":\"ListItem\",\"position\":1,\"name\":\"Not\u00edcias\",\"item\":\"https:\/\/www.suno.com.br\/noticias\/\"},{\"@type\":\"ListItem\",\"position\":2,\"name\":\"Pol\u00edtica\",\"item\":\"https:\/\/www.suno.com.br\/noticias\/politica\/\"},{\"@type\":\"ListItem\",\"position\":3,\"name\":\"Amo\u00eado nega poss\u00edvel alian\u00e7a com Bolsonaro: &#8220;fica claro que eles t\u00eam uma grande inseguran\u00e7a&#8221;\"}]},{\"@type\":\"WebSite\",\"@id\":\"https:\/\/www.suno.com.br\/noticias\/#website\",\"url\":\"https:\/\/www.suno.com.br\/noticias\/\",\"name\":\"Suno Not\u00edcias\",\"description\":\"Seu portal de informa\u00e7\u00e3o sobre o mundo dos investimentos\",\"publisher\":{\"@id\":\"https:\/\/www.suno.com.br\/noticias\/#organization\"},\"potentialAction\":[{\"@type\":\"SearchAction\",\"target\":{\"@type\":\"EntryPoint\",\"urlTemplate\":\"https:\/\/www.suno.com.br\/noticias\/?s={search_term_string}\"},\"query-input\":{\"@type\":\"PropertyValueSpecification\",\"valueRequired\":true,\"valueName\":\"search_term_string\"}}],\"inLanguage\":\"pt-BR\"},{\"@type\":\"Organization\",\"@id\":\"https:\/\/www.suno.com.br\/noticias\/#organization\",\"name\":\"Suno Not\u00edcias\",\"url\":\"https:\/\/www.suno.com.br\/noticias\/\",\"logo\":{\"@type\":\"ImageObject\",\"inLanguage\":\"pt-BR\",\"@id\":\"https:\/\/www.suno.com.br\/noticias\/#\/schema\/logo\/image\/\",\"url\":\"https:\/\/files.sunoresearch.com.br\/n\/uploads\/2021\/09\/suno-logo.png\",\"contentUrl\":\"https:\/\/files.sunoresearch.com.br\/n\/uploads\/2021\/09\/suno-logo.png\",\"width\":180,\"height\":180,\"caption\":\"Suno Not\u00edcias\"},\"image\":{\"@id\":\"https:\/\/www.suno.com.br\/noticias\/#\/schema\/logo\/image\/\"},\"sameAs\":[\"https:\/\/facebook.com\/sunoresearch\",\"https:\/\/x.com\/sunoresearch\",\"https:\/\/www.instagram.com\/suno\",\"https:\/\/www.linkedin.com\/company\/suno-research\/\",\"https:\/\/www.youtube.com\/c\/sunoresearch\"]},{\"@type\":\"Person\",\"@id\":\"https:\/\/www.suno.com.br\/noticias\/#\/schema\/person\/eca2bab82984722db00d1e6facd8bb26\",\"name\":\"Daniel Quandt\",\"image\":{\"@type\":\"ImageObject\",\"inLanguage\":\"pt-BR\",\"@id\":\"https:\/\/www.suno.com.br\/noticias\/#\/schema\/person\/image\/\",\"url\":\"https:\/\/secure.gravatar.com\/avatar\/5faf4378f9fbf4557a5836a88d66f99a?s=96&r=g\",\"contentUrl\":\"https:\/\/secure.gravatar.com\/avatar\/5faf4378f9fbf4557a5836a88d66f99a?s=96&r=g\",\"caption\":\"Daniel Quandt\"},\"description\":\"Aluno da Universidade de S\u00e3o Paulo, Daniel Quandt escreve sobre economia, mercado financeiro e pol\u00edtica no portal da Suno Research. J\u00e1 passou pela Ag\u00eancia USP de Inova\u00e7\u00e3o e pela startup de v\u00eddeo em blockchain Paratii, desenvolvendo seu conhecimento da aplica\u00e7\u00e3o de tecnologia de ponta ao mercado.\",\"sameAs\":[\"https:\/\/www.suno.com.br\/\",\"https:\/\/www.linkedin.com\/in\/daniel-quandt-a49985110\/\"],\"url\":\"https:\/\/www.suno.com.br\/noticias\/author\/daniel-quandt\/\"}]}<\/script>\n<!-- \/ Yoast SEO plugin. -->","yoast_head_json":{"title":"Amo\u00eado nega poss\u00edvel alian\u00e7a com Bolsonaro: \"fica claro que eles t\u00eam uma grande inseguran\u00e7a\"","description":"Resposta vem depois de mat\u00e9ria do Correio Braziliense indicando que o PSL de Bolsonaro ofereceria minist\u00e9rio ao candidato. Clique para saber mais.","robots":{"index":"index","follow":"follow","max-snippet":"max-snippet:-1","max-image-preview":"max-image-preview:large","max-video-preview":"max-video-preview:-1"},"canonical":"https:\/\/www.suno.com.br\/noticias\/amoedo-nega-alianca-bolsonaro\/","og_locale":"pt_BR","og_type":"article","og_title":"Amo\u00eado nega poss\u00edvel alian\u00e7a com Bolsonaro: \"fica claro que eles t\u00eam uma grande inseguran\u00e7a\"","og_description":"Resposta vem depois de mat\u00e9ria do Correio Braziliense indicando que o PSL de Bolsonaro ofereceria minist\u00e9rio ao candidato. Clique para saber mais.","og_url":"https:\/\/www.suno.com.br\/noticias\/amoedo-nega-alianca-bolsonaro\/","og_site_name":"Suno Not\u00edcias","article_publisher":"https:\/\/facebook.com\/sunoresearch","article_author":"https:\/\/www.linkedin.com\/in\/daniel-quandt-a49985110\/","og_image":[{"width":1334,"height":764,"url":"https:\/\/files.sunoresearch.com.br\/n\/uploads\/2018\/09\/d8fef71f-amoedo.jpg","type":"image\/jpeg"}],"author":"Daniel Quandt","twitter_card":"summary_large_image","twitter_creator":"@sunoresearch","twitter_site":"@sunoresearch","twitter_misc":{"Escrito por":"Daniel Quandt","Est. tempo de leitura":"1 minuto"},"schema":{"@context":"https:\/\/schema.org","@graph":[{"@type":"NewsArticle","@id":"https:\/\/www.suno.com.br\/noticias\/amoedo-nega-alianca-bolsonaro\/#article","isPartOf":{"@id":"https:\/\/www.suno.com.br\/noticias\/amoedo-nega-alianca-bolsonaro\/"},"author":{"name":"Daniel Quandt","@id":"https:\/\/www.suno.com.br\/noticias\/#\/schema\/person\/eca2bab82984722db00d1e6facd8bb26"},"headline":"Amo\u00eado nega poss\u00edvel alian\u00e7a com Bolsonaro: &#8220;fica claro que eles t\u00eam uma grande inseguran\u00e7a&#8221;","datePublished":"2018-09-19T14:13:44+00:00","dateModified":"2018-09-19T14:15:00+00:00","mainEntityOfPage":{"@id":"https:\/\/www.suno.com.br\/noticias\/amoedo-nega-alianca-bolsonaro\/"},"wordCount":282,"publisher":{"@id":"https:\/\/www.suno.com.br\/noticias\/#organization"},"image":{"@id":"https:\/\/www.suno.com.br\/noticias\/amoedo-nega-alianca-bolsonaro\/#primaryimage"},"thumbnailUrl":"https:\/\/files.sunoresearch.com.br\/n\/uploads\/2018\/09\/d8fef71f-amoedo-jpg.webp","keywords":["Elei\u00e7\u00f5es","Jair Bolsonaro","Jo\u00e3o Amoedo"],"articleSection":["Pol\u00edtica"],"inLanguage":"pt-BR"},{"@type":"WebPage","@id":"https:\/\/www.suno.com.br\/noticias\/amoedo-nega-alianca-bolsonaro\/","url":"https:\/\/www.suno.com.br\/noticias\/amoedo-nega-alianca-bolsonaro\/","name":"Amo\u00eado nega poss\u00edvel alian\u00e7a com Bolsonaro: \"fica claro que eles t\u00eam uma grande inseguran\u00e7a\"","isPartOf":{"@id":"https:\/\/www.suno.com.br\/noticias\/#website"},"primaryImageOfPage":{"@id":"https:\/\/www.suno.com.br\/noticias\/amoedo-nega-alianca-bolsonaro\/#primaryimage"},"image":{"@id":"https:\/\/www.suno.com.br\/noticias\/amoedo-nega-alianca-bolsonaro\/#primaryimage"},"thumbnailUrl":"https:\/\/files.sunoresearch.com.br\/n\/uploads\/2018\/09\/d8fef71f-amoedo-jpg.webp","datePublished":"2018-09-19T14:13:44+00:00","dateModified":"2018-09-19T14:15:00+00:00","description":"Resposta vem depois de mat\u00e9ria do Correio Braziliense indicando que o PSL de Bolsonaro ofereceria minist\u00e9rio ao candidato. Clique para saber mais.","breadcrumb":{"@id":"https:\/\/www.suno.com.br\/noticias\/amoedo-nega-alianca-bolsonaro\/#breadcrumb"},"inLanguage":"pt-BR","potentialAction":[{"@type":"ReadAction","target":["https:\/\/www.suno.com.br\/noticias\/amoedo-nega-alianca-bolsonaro\/"]}]},{"@type":"ImageObject","inLanguage":"pt-BR","@id":"https:\/\/www.suno.com.br\/noticias\/amoedo-nega-alianca-bolsonaro\/#primaryimage","url":"https:\/\/files.sunoresearch.com.br\/n\/uploads\/2018\/09\/d8fef71f-amoedo-jpg.webp","contentUrl":"https:\/\/files.sunoresearch.com.br\/n\/uploads\/2018\/09\/d8fef71f-amoedo-jpg.webp","width":1334,"height":764},{"@type":"BreadcrumbList","@id":"https:\/\/www.suno.com.br\/noticias\/amoedo-nega-alianca-bolsonaro\/#breadcrumb","itemListElement":[{"@type":"ListItem","position":1,"name":"Not\u00edcias","item":"https:\/\/www.suno.com.br\/noticias\/"},{"@type":"ListItem","position":2,"name":"Pol\u00edtica","item":"https:\/\/www.suno.com.br\/noticias\/politica\/"},{"@type":"ListItem","position":3,"name":"Amo\u00eado nega poss\u00edvel alian\u00e7a com Bolsonaro: &#8220;fica claro que eles t\u00eam uma grande inseguran\u00e7a&#8221;"}]},{"@type":"WebSite","@id":"https:\/\/www.suno.com.br\/noticias\/#website","url":"https:\/\/www.suno.com.br\/noticias\/","name":"Suno Not\u00edcias","description":"Seu portal de informa\u00e7\u00e3o sobre o mundo dos investimentos","publisher":{"@id":"https:\/\/www.suno.com.br\/noticias\/#organization"},"potentialAction":[{"@type":"SearchAction","target":{"@type":"EntryPoint","urlTemplate":"https:\/\/www.suno.com.br\/noticias\/?s={search_term_string}"},"query-input":{"@type":"PropertyValueSpecification","valueRequired":true,"valueName":"search_term_string"}}],"inLanguage":"pt-BR"},{"@type":"Organization","@id":"https:\/\/www.suno.com.br\/noticias\/#organization","name":"Suno Not\u00edcias","url":"https:\/\/www.suno.com.br\/noticias\/","logo":{"@type":"ImageObject","inLanguage":"pt-BR","@id":"https:\/\/www.suno.com.br\/noticias\/#\/schema\/logo\/image\/","url":"https:\/\/files.sunoresearch.com.br\/n\/uploads\/2021\/09\/suno-logo.png","contentUrl":"https:\/\/files.sunoresearch.com.br\/n\/uploads\/2021\/09\/suno-logo.png","width":180,"height":180,"caption":"Suno Not\u00edcias"},"image":{"@id":"https:\/\/www.suno.com.br\/noticias\/#\/schema\/logo\/image\/"},"sameAs":["https:\/\/facebook.com\/sunoresearch","https:\/\/x.com\/sunoresearch","https:\/\/www.instagram.com\/suno","https:\/\/www.linkedin.com\/company\/suno-research\/","https:\/\/www.youtube.com\/c\/sunoresearch"]},{"@type":"Person","@id":"https:\/\/www.suno.com.br\/noticias\/#\/schema\/person\/eca2bab82984722db00d1e6facd8bb26","name":"Daniel Quandt","image":{"@type":"ImageObject","inLanguage":"pt-BR","@id":"https:\/\/www.suno.com.br\/noticias\/#\/schema\/person\/image\/","url":"https:\/\/secure.gravatar.com\/avatar\/5faf4378f9fbf4557a5836a88d66f99a?s=96&r=g","contentUrl":"https:\/\/secure.gravatar.com\/avatar\/5faf4378f9fbf4557a5836a88d66f99a?s=96&r=g","caption":"Daniel Quandt"},"description":"Aluno da Universidade de S\u00e3o Paulo, Daniel Quandt escreve sobre economia, mercado financeiro e pol\u00edtica no portal da Suno Research. J\u00e1 passou pela Ag\u00eancia USP de Inova\u00e7\u00e3o e pela startup de v\u00eddeo em blockchain Paratii, desenvolvendo seu conhecimento da aplica\u00e7\u00e3o de tecnologia de ponta ao mercado.","sameAs":["https:\/\/www.suno.com.br\/","https:\/\/www.linkedin.com\/in\/daniel-quandt-a49985110\/"],"url":"https:\/\/www.suno.com.br\/noticias\/author\/daniel-quandt\/"}]}},"default_loop_html":"<div class=\"cardsPage__listCard__boxs\"><div class=\"cardsPage__listCard__boxs__img\"><a href=\"https:\/\/www.suno.com.br\/noticias\/amoedo-nega-alianca-bolsonaro\/\"><img class=\"mask\" src=\"https:\/\/www.suno.com.br\/noticias\/wp-content\/themes\/suno\/resources\/images\/spotlight\/spotlight1img\/bg-mask.png\" alt=\"Image Mask\"\/><img src=\"https:\/\/files.sunoresearch.com.br\/n\/uploads\/2018\/09\/d8fef71f-amoedo-400x200.webp\" alt=\"Amo\u00eado nega poss\u00edvel alian\u00e7a com Bolsonaro: &#8220;fica claro que eles t\u00eam uma grande inseguran\u00e7a&#8221;\"\/><\/a><span class=\"spotlightCategory\"><a href=\"https:\/\/www.suno.com.br\/noticias\/politica\/\">Pol\u00edtica<\/a><\/span><\/div><div class=\"cardsPage__listCard__boxs__content\"><a href=\"https:\/\/www.suno.com.br\/noticias\/amoedo-nega-alianca-bolsonaro\/\"><h2 class=\"content__title\">Amo\u00eado nega poss\u00edvel alian\u00e7a com Bolsonaro: &#8220;fica claro que eles t\u00eam uma grande inseguran\u00e7a&#8221;<\/h2><\/a><div class=\"newsContent__article__meta\"><div class=\"newsContent__article__meta__authorBox\"><a href=\"https:\/\/www.suno.com.br\/noticias\/author\/daniel-quandt\/\" class=\"authorBox__avatar noMobi\"><img src=\"https:\/\/secure.gravatar.com\/avatar\/5faf4378f9fbf4557a5836a88d66f99a?s=96&#038;r=g\" alt=\"Daniel Quandt\"><\/a><div class=\"authorBox__name\"><span>por\n\t\t\t<a href=\"https:\/\/www.suno.com.br\/noticias\/author\/daniel-quandt\/\"><span itemprop=\"author\">Daniel Quandt<\/span><\/a><\/span><time datetime=\"2018-09-19T11:13:44-03:00\" itemprop=\"datePublished\">19\/09\/2018 11:13<\/time><\/div><\/div><\/div><\/div><\/div>","single_layout":"posts","amp_enabled":true,"_links":{"self":[{"href":"https:\/\/www.suno.com.br\/noticias\/wp-json\/wp\/v2\/posts\/4121"}],"collection":[{"href":"https:\/\/www.suno.com.br\/noticias\/wp-json\/wp\/v2\/posts"}],"about":[{"href":"https:\/\/www.suno.com.br\/noticias\/wp-json\/wp\/v2\/types\/post"}],"author":[{"embeddable":true,"href":"https:\/\/www.suno.com.br\/noticias\/wp-json\/wp\/v2\/users\/5"}],"replies":[{"embeddable":true,"href":"https:\/\/www.suno.com.br\/noticias\/wp-json\/wp\/v2\/comments?post=4121"}],"version-history":[{"count":0,"href":"https:\/\/www.suno.com.br\/noticias\/wp-json\/wp\/v2\/posts\/4121\/revisions"}],"wp:featuredmedia":[{"embeddable":true,"href":"https:\/\/www.suno.com.br\/noticias\/wp-json\/wp\/v2\/media\/4123"}],"wp:attachment":[{"href":"https:\/\/www.suno.com.br\/noticias\/wp-json\/wp\/v2\/media?parent=4121"}],"wp:term":[{"taxonomy":"category","embeddable":true,"href":"https:\/\/www.suno.com.br\/noticias\/wp-json\/wp\/v2\/categories?post=4121"},{"taxonomy":"post_tag","embeddable":true,"href":"https:\/\/www.suno.com.br\/noticias\/wp-json\/wp\/v2\/tags?post=4121"},{"taxonomy":"suno_strategy","embeddable":true,"href":"https:\/\/www.suno.com.br\/noticias\/wp-json\/wp\/v2\/suno_strategy?post=4121"}],"curies":[{"name":"wp","href":"https:\/\/api.w.org\/{rel}","templated":true}]}}